{"id":27721,"date":"2023-11-16T17:00:02","date_gmt":"2023-11-16T17:00:02","guid":{"rendered":"https:\/\/www.vegaintro-projekti.com\/pilar-stari\/?p=27721"},"modified":"2023-11-16T19:41:44","modified_gmt":"2023-11-16T19:41:44","slug":"predstavljanje-zbornika-radova-vukovar-91-uzdarje-slobodi-povijest-sjecanja-identiteti-integracije-vukovar-15-11-2023","status":"publish","type":"post","link":"https:\/\/www.vegaintro-projekti.com\/pilar-stari\/2023\/11\/predstavljanje-zbornika-radova-vukovar-91-uzdarje-slobodi-povijest-sjecanja-identiteti-integracije-vukovar-15-11-2023\/","title":{"rendered":"Predstavljanje Zbornika radova Vukovar \u201891. Uzdarje slobodi \u2013 povijest, sje\u0107anja, identiteti, integracije; Vukovar, 15. 11. 2023."},"content":{"rendered":"<p><strong>U povodu obilje\u017eavanja Dana sje\u0107anja na \u017ertvu Vukovara 1991. godine, u organizaciji Podru\u010dnoga centra Instituta Pilar u Vukovaru i Dr\u017eavnoga arhiva u Vukovaru, u velikoj konferencijskoj dvorani Arhiva, odr\u017eano je predstavljanje zbornika radova &#8220;Vukovar 91. Uzdarje slobodi &#8211; povijest, sje\u0107anje, identiteti, integracije&#8221;<\/strong><\/p>\n<div class=\"wp-block-image\">\n<p><a href=\"https:\/\/www.vegaintro-projekti.com\/pilar-stari\/wp-content\/uploads\/2023\/11\/IMG_1-3.jpg\"><img decoding=\"async\" loading=\"lazy\" class=\"alignnone wp-image-27763 size-full\" src=\"https:\/\/www.vegaintro-projekti.com\/pilar-stari\/wp-content\/uploads\/2023\/11\/IMG_1s-2.jpg\" alt=\"i1\" width=\"620\" height=\"311\" srcset=\"https:\/\/www.vegaintro-projekti.com\/pilar-stari\/wp-content\/uploads\/2023\/11\/IMG_1s-2.jpg 620w, https:\/\/www.vegaintro-projekti.com\/pilar-stari\/wp-content\/uploads\/2023\/11\/IMG_1s-2-300x150.jpg 300w\" sizes=\"(max-width: 620px) 100vw, 620px\" \/><\/a><a href=\"https:\/\/www.vegaintro-projekti.com\/pilar-stari\/wp-content\/uploads\/2023\/11\/IMG_2-3.jpg\"><img decoding=\"async\" loading=\"lazy\" class=\"alignnone wp-image-27765 size-full\" src=\"https:\/\/www.vegaintro-projekti.com\/pilar-stari\/wp-content\/uploads\/2023\/11\/IMG_2s-3.jpg\" alt=\"i2\" width=\"620\" height=\"302\" srcset=\"https:\/\/www.vegaintro-projekti.com\/pilar-stari\/wp-content\/uploads\/2023\/11\/IMG_2s-3.jpg 620w, https:\/\/www.vegaintro-projekti.com\/pilar-stari\/wp-content\/uploads\/2023\/11\/IMG_2s-3-300x146.jpg 300w\" sizes=\"(max-width: 620px) 100vw, 620px\" \/><\/a><a href=\"https:\/\/www.vegaintro-projekti.com\/pilar-stari\/wp-content\/uploads\/2023\/11\/IMG_3-2.jpg\"><img decoding=\"async\" loading=\"lazy\" class=\"alignnone wp-image-27767 size-full\" src=\"https:\/\/www.vegaintro-projekti.com\/pilar-stari\/wp-content\/uploads\/2023\/11\/IMG_3s-2.jpg\" alt=\"i3\" width=\"620\" height=\"298\" srcset=\"https:\/\/www.vegaintro-projekti.com\/pilar-stari\/wp-content\/uploads\/2023\/11\/IMG_3s-2.jpg 620w, https:\/\/www.vegaintro-projekti.com\/pilar-stari\/wp-content\/uploads\/2023\/11\/IMG_3s-2-300x144.jpg 300w\" sizes=\"(max-width: 620px) 100vw, 620px\" \/><\/a><a href=\"https:\/\/www.vegaintro-projekti.com\/pilar-stari\/wp-content\/uploads\/2023\/11\/IMG_4-1.jpg\"><img decoding=\"async\" loading=\"lazy\" class=\"alignnone wp-image-27769 size-full\" src=\"https:\/\/www.vegaintro-projekti.com\/pilar-stari\/wp-content\/uploads\/2023\/11\/IMG_4s-1.jpg\" alt=\"i4\" width=\"620\" height=\"307\" srcset=\"https:\/\/www.vegaintro-projekti.com\/pilar-stari\/wp-content\/uploads\/2023\/11\/IMG_4s-1.jpg 620w, https:\/\/www.vegaintro-projekti.com\/pilar-stari\/wp-content\/uploads\/2023\/11\/IMG_4s-1-300x149.jpg 300w\" sizes=\"(max-width: 620px) 100vw, 620px\" \/><\/a><a href=\"https:\/\/www.vegaintro-projekti.com\/pilar-stari\/wp-content\/uploads\/2023\/11\/IMG_5.jpg\"><img decoding=\"async\" loading=\"lazy\" class=\"alignnone wp-image-27771 size-full\" src=\"https:\/\/www.vegaintro-projekti.com\/pilar-stari\/wp-content\/uploads\/2023\/11\/IMG_5s.jpg\" alt=\"i5\" width=\"620\" height=\"327\" srcset=\"https:\/\/www.vegaintro-projekti.com\/pilar-stari\/wp-content\/uploads\/2023\/11\/IMG_5s.jpg 620w, https:\/\/www.vegaintro-projekti.com\/pilar-stari\/wp-content\/uploads\/2023\/11\/IMG_5s-300x158.jpg 300w, https:\/\/www.vegaintro-projekti.com\/pilar-stari\/wp-content\/uploads\/2023\/11\/IMG_5s-310x165.jpg 310w\" sizes=\"(max-width: 620px) 100vw, 620px\" \/><\/a><\/p>\n<\/div>\n<div><strong style=\"font-size: 8pt;\">Foto: DAVU i Institut Pilar<\/strong><\/div>\n<div>&nbsp;<\/div>\n<div>Rije\u010d je o publikaciji koja donosi ve\u0107i dio priop\u0107enja prezentiranih na 24. znanstveno-stru\u010dnom skupu &#8220;Vukovar 91.&#8221; odr\u017eanom u Vukovaru u studenom 2021. godine. Pozdravnu rije\u010d nazo\u010dnima, me\u0111u kojima su bili i g. Stipo Rimac, izaslanik potpredsjednika hrvatske vlade i ministra hrvatskih branitelja Tome Medveda i g. Filip Su\u0161ac, zamjenik gradona\u010delnika Grada Vukovara Ivana Penave, uputili su ravnatelj DAVU g. Petar Elez i ravnatelj Instituta Pilar prof. dr. sc. \u017deljko Holjevac. O knjizi su govorili g. Petar Elez, izv. prof. dr. sc. Anita Dremel, recenzentica i dr. sc. Sandra Cviki\u0107 suurednica Zbornika. Rije\u010d zahvale uputio je pomo\u0107nik ravnatelja Instituta Pilar i suurednik Zbornika dr. sc. Dra\u017een \u017divi\u0107. U glazbenom dijelu programa nastupili su u\u010denici Glazbenih odjela O\u0160 Dragutina Tadijanovi\u0107a iz Vukovara. Cijeli doga\u0111aj koji je tradicionalno i ove godine bio dijelom slu\u017ebenog programa obilje\u017eavanja Dana sje\u0107anja na \u017ertvu Vukovara 1991. godine moderirala je dr. sc. Ivana Bendra, voditeljica Podru\u010dnoga centra Instituta Pilar u Vukovaru. Prije predstavljanja Zbornika izaslanstva Instituta Pilar i Dr\u017eavnoga arhiva u Vukovaru polo\u017eila su vijence i zapalila svije\u0107e kod sredi\u0161njeg spomen obilje\u017eja na Memorijalnom groblju \u017ertava iz Domovinskog rata te kod spomen obilje\u017eja masovne grobnice &#8220;Ov\u010dara&#8221;.<\/div>\n<div>&nbsp;<\/div>\n<div>&#8211; <a href=\"https:\/\/www.vegaintro-projekti.com\/pilar-stari\/wp-content\/uploads\/2023\/11\/pozivnica.pdf\">Pozivnica za predstavljanje Zbornika radova Vukovar \u201891. Uzdarje slobodi \u2013 povijest, sje\u0107anja, identiteti, integracije; Vukovar, 15. 11. 2023.<\/a><\/div>\n<div>&nbsp;<\/div>\n<p><a href=\"https:\/\/www.pristupacno.vegaintro-projekti.com\/pilar-stari\/wp-content\/uploads\/2023\/11\/pozivnica.pdf\"><img decoding=\"async\" loading=\"lazy\" class=\"alignnone wp-image-21915 size-full\" src=\"https:\/\/www.pristupacno.vegaintro-projekti.com\/pilar-stari\/wp-content\/uploads\/2023\/11\/IMG-1.jpg\" alt=\"\" width=\"620\" height=\"348\"><\/a><\/p>\n<blockquote><p><a href=\"https:\/\/www.vegaintro-projekti.com\/pilar-stari\/2023\/10\/objavljen-zbornik-vukovar-91-uzdarje-slobodi-povijest-sjecanja-identiteti-integracije\/\">O zborniku Vukovar &#8217;91. Uzdarje slobodi<\/a><\/p>\n<p><a href=\"https:\/\/www.vegaintro-projekti.com\/pilar-stari\/2018\/04\/podruni-centar-vukovar-2\/\">Podru\u010dni centar Vukovar<\/a><\/p><\/blockquote>\n","protected":false},"excerpt":{"rendered":"<p>U povodu obilje\u017eavanja Dana sje\u0107anja na \u017ertvu Vukovara 1991. godine, u organizaciji Podru\u010dnoga centra Instituta Pilar u Vukovaru i Dr\u017eavnoga arhiva u Vukovaru, u velikoj konferencijskoj dvorani Arhiva, odr\u017eano je predstavljanje zbornika radova &#8220;Vukovar 91. Uzdarje slobodi &#8211; povijest, sje\u0107anje, identiteti, integracije&#8221; Foto: DAVU i Institut Pilar &nbsp; Rije\u010d je o publikaciji koja donosi ve\u0107i&hellip; <a class=\"continue\" href=\"https:\/\/www.vegaintro-projekti.com\/pilar-stari\/2023\/11\/predstavljanje-zbornika-radova-vukovar-91-uzdarje-slobodi-povijest-sjecanja-identiteti-integracije-vukovar-15-11-2023\/\">Pro\u010ditaj vi\u0161e o<span> Predstavljanje Zbornika radova Vukovar \u201891. Uzdarje slobodi \u2013 povijest, sje\u0107anja, identiteti, integracije; Vukovar, 15. 11. 2023.<\/span><\/a><\/p>\n","protected":false},"author":7,"featured_media":27772,"comment_status":"closed","ping_status":"closed","sticky":false,"template":"","format":"standard","meta":{"inline_featured_image":false,"ngg_post_thumbnail":0,"footnotes":""},"categories":[48,11],"tags":[],"yoast_head":"<!-- This site is optimized with the Yoast SEO plugin v21.2 - https:\/\/yoast.com\/wordpress\/plugins\/seo\/ -->\n<title>Predstavljanje Zbornika radova Vukovar \u201891. Uzdarje slobodi \u2013 povijest, sje\u0107anja, identiteti, integracije; Vukovar, 15. 11. 2023. - Institut dru&scaron;tvenih znanosti Ivo Pilar<\/title>\n<meta name=\"robots\" content=\"noindex, follow, max-snippet:-1, max-image-preview:large, max-video-preview:-1\" \/>\n<meta property=\"og:locale\" content=\"hr_HR\" \/>\n<meta property=\"og:type\" content=\"article\" \/>\n<meta property=\"og:title\" content=\"Predstavljanje Zbornika radova Vukovar \u201891. Uzdarje slobodi \u2013 povijest, sje\u0107anja, identiteti, integracije; Vukovar, 15. 11. 2023. - Institut dru&scaron;tvenih znanosti Ivo Pilar\" \/>\n<meta property=\"og:description\" content=\"U povodu obilje\u017eavanja Dana sje\u0107anja na \u017ertvu Vukovara 1991. godine, u organizaciji Podru\u010dnoga centra Instituta Pilar u Vukovaru i Dr\u017eavnoga arhiva u Vukovaru, u velikoj konferencijskoj dvorani Arhiva, odr\u017eano je predstavljanje zbornika radova &#8220;Vukovar 91. Uzdarje slobodi &#8211; povijest, sje\u0107anje, identiteti, integracije&#8221; Foto: DAVU i Institut Pilar &nbsp; Rije\u010d je o publikaciji koja donosi ve\u0107i&hellip; Pro\u010ditaj vi\u0161e o Predstavljanje Zbornika radova Vukovar \u201891. Uzdarje slobodi \u2013 povijest, sje\u0107anja, identiteti, integracije; Vukovar, 15. 11. 2023.\" \/>\n<meta property=\"og:url\" content=\"https:\/\/www.vegaintro-projekti.com\/pilar-stari\/2023\/11\/predstavljanje-zbornika-radova-vukovar-91-uzdarje-slobodi-povijest-sjecanja-identiteti-integracije-vukovar-15-11-2023\/\" \/>\n<meta property=\"og:site_name\" content=\"Institut dru&scaron;tvenih znanosti Ivo Pilar\" \/>\n<meta property=\"article:published_time\" content=\"2023-11-16T17:00:02+00:00\" \/>\n<meta property=\"article:modified_time\" content=\"2023-11-16T19:41:44+00:00\" \/>\n<meta property=\"og:image\" content=\"https:\/\/www.vegaintro-projekti.com\/pilar-stari\/wp-content\/uploads\/2023\/11\/IMG_fi-1.jpg\" \/>\n\t<meta property=\"og:image:width\" content=\"500\" \/>\n\t<meta property=\"og:image:height\" content=\"221\" \/>\n\t<meta property=\"og:image:type\" content=\"image\/jpeg\" \/>\n<meta name=\"author\" content=\"Boris\" \/>\n<meta name=\"twitter:card\" content=\"summary_large_image\" \/>\n<meta name=\"twitter:label1\" content=\"Napisao\/la\" \/>\n\t<meta name=\"twitter:data1\" content=\"Boris\" \/>\n\t<meta name=\"twitter:label2\" content=\"Procijenjeno vrijeme \u010ditanja\" \/>\n\t<meta name=\"twitter:data2\" content=\"3 minute\" \/>\n<script type=\"application\/ld+json\" class=\"yoast-schema-graph\">{\"@context\":\"https:\/\/schema.org\",\"@graph\":[{\"@type\":\"WebPage\",\"@id\":\"https:\/\/www.vegaintro-projekti.com\/pilar-stari\/2023\/11\/predstavljanje-zbornika-radova-vukovar-91-uzdarje-slobodi-povijest-sjecanja-identiteti-integracije-vukovar-15-11-2023\/\",\"url\":\"https:\/\/www.vegaintro-projekti.com\/pilar-stari\/2023\/11\/predstavljanje-zbornika-radova-vukovar-91-uzdarje-slobodi-povijest-sjecanja-identiteti-integracije-vukovar-15-11-2023\/\",\"name\":\"Predstavljanje Zbornika radova Vukovar \u201891. Uzdarje slobodi \u2013 povijest, sje\u0107anja, identiteti, integracije; Vukovar, 15. 11. 2023. - Institut dru&scaron;tvenih znanosti Ivo Pilar\",\"isPartOf\":{\"@id\":\"https:\/\/www.vegaintro-projekti.com\/pilar-stari\/#website\"},\"datePublished\":\"2023-11-16T17:00:02+00:00\",\"dateModified\":\"2023-11-16T19:41:44+00:00\",\"author\":{\"@id\":\"https:\/\/www.vegaintro-projekti.com\/pilar-stari\/#\/schema\/person\/ddd404c9f1e15e4ffef5986ac6a5d28b\"},\"breadcrumb\":{\"@id\":\"https:\/\/www.vegaintro-projekti.com\/pilar-stari\/2023\/11\/predstavljanje-zbornika-radova-vukovar-91-uzdarje-slobodi-povijest-sjecanja-identiteti-integracije-vukovar-15-11-2023\/#breadcrumb\"},\"inLanguage\":\"hr\",\"potentialAction\":[{\"@type\":\"ReadAction\",\"target\":[\"https:\/\/www.vegaintro-projekti.com\/pilar-stari\/2023\/11\/predstavljanje-zbornika-radova-vukovar-91-uzdarje-slobodi-povijest-sjecanja-identiteti-integracije-vukovar-15-11-2023\/\"]}]},{\"@type\":\"BreadcrumbList\",\"@id\":\"https:\/\/www.vegaintro-projekti.com\/pilar-stari\/2023\/11\/predstavljanje-zbornika-radova-vukovar-91-uzdarje-slobodi-povijest-sjecanja-identiteti-integracije-vukovar-15-11-2023\/#breadcrumb\",\"itemListElement\":[{\"@type\":\"ListItem\",\"position\":1,\"name\":\"Home\",\"item\":\"https:\/\/www.vegaintro-projekti.com\/pilar-stari\/\"},{\"@type\":\"ListItem\",\"position\":2,\"name\":\"Predstavljanje Zbornika radova Vukovar \u201891. Uzdarje slobodi \u2013 povijest, sje\u0107anja, identiteti, integracije; Vukovar, 15. 11. 2023.\"}]},{\"@type\":\"WebSite\",\"@id\":\"https:\/\/www.vegaintro-projekti.com\/pilar-stari\/#website\",\"url\":\"https:\/\/www.vegaintro-projekti.com\/pilar-stari\/\",\"name\":\"Institut dru&scaron;tvenih znanosti Ivo Pilar\",\"description\":\"Pilar\",\"potentialAction\":[{\"@type\":\"SearchAction\",\"target\":{\"@type\":\"EntryPoint\",\"urlTemplate\":\"https:\/\/www.vegaintro-projekti.com\/pilar-stari\/?s={search_term_string}\"},\"query-input\":\"required name=search_term_string\"}],\"inLanguage\":\"hr\"},{\"@type\":\"Person\",\"@id\":\"https:\/\/www.vegaintro-projekti.com\/pilar-stari\/#\/schema\/person\/ddd404c9f1e15e4ffef5986ac6a5d28b\",\"name\":\"Boris\",\"image\":{\"@type\":\"ImageObject\",\"inLanguage\":\"hr\",\"@id\":\"https:\/\/www.vegaintro-projekti.com\/pilar-stari\/#\/schema\/person\/image\/\",\"url\":\"https:\/\/secure.gravatar.com\/avatar\/29557b161a6ce6ab86ac1503164f1e90?s=96&d=mm&r=g\",\"contentUrl\":\"https:\/\/secure.gravatar.com\/avatar\/29557b161a6ce6ab86ac1503164f1e90?s=96&d=mm&r=g\",\"caption\":\"Boris\"},\"url\":\"https:\/\/www.vegaintro-projekti.com\/pilar-stari\/author\/boris\/\"}]}<\/script>\n<!-- \/ Yoast SEO plugin. -->","yoast_head_json":{"title":"Predstavljanje Zbornika radova Vukovar \u201891. Uzdarje slobodi \u2013 povijest, sje\u0107anja, identiteti, integracije; Vukovar, 15. 11. 2023. - Institut dru&scaron;tvenih znanosti Ivo Pilar","robots":{"index":"noindex","follow":"follow","max-snippet":"max-snippet:-1","max-image-preview":"max-image-preview:large","max-video-preview":"max-video-preview:-1"},"og_locale":"hr_HR","og_type":"article","og_title":"Predstavljanje Zbornika radova Vukovar \u201891. Uzdarje slobodi \u2013 povijest, sje\u0107anja, identiteti, integracije; Vukovar, 15. 11. 2023. - Institut dru&scaron;tvenih znanosti Ivo Pilar","og_description":"U povodu obilje\u017eavanja Dana sje\u0107anja na \u017ertvu Vukovara 1991. godine, u organizaciji Podru\u010dnoga centra Instituta Pilar u Vukovaru i Dr\u017eavnoga arhiva u Vukovaru, u velikoj konferencijskoj dvorani Arhiva, odr\u017eano je predstavljanje zbornika radova &#8220;Vukovar 91. Uzdarje slobodi &#8211; povijest, sje\u0107anje, identiteti, integracije&#8221; Foto: DAVU i Institut Pilar &nbsp; Rije\u010d je o publikaciji koja donosi ve\u0107i&hellip; Pro\u010ditaj vi\u0161e o Predstavljanje Zbornika radova Vukovar \u201891. Uzdarje slobodi \u2013 povijest, sje\u0107anja, identiteti, integracije; Vukovar, 15. 11. 2023.","og_url":"https:\/\/www.vegaintro-projekti.com\/pilar-stari\/2023\/11\/predstavljanje-zbornika-radova-vukovar-91-uzdarje-slobodi-povijest-sjecanja-identiteti-integracije-vukovar-15-11-2023\/","og_site_name":"Institut dru&scaron;tvenih znanosti Ivo Pilar","article_published_time":"2023-11-16T17:00:02+00:00","article_modified_time":"2023-11-16T19:41:44+00:00","og_image":[{"width":500,"height":221,"url":"https:\/\/www.vegaintro-projekti.com\/pilar-stari\/wp-content\/uploads\/2023\/11\/IMG_fi-1.jpg","type":"image\/jpeg"}],"author":"Boris","twitter_card":"summary_large_image","twitter_misc":{"Napisao\/la":"Boris","Procijenjeno vrijeme \u010ditanja":"3 minute"},"schema":{"@context":"https:\/\/schema.org","@graph":[{"@type":"WebPage","@id":"https:\/\/www.vegaintro-projekti.com\/pilar-stari\/2023\/11\/predstavljanje-zbornika-radova-vukovar-91-uzdarje-slobodi-povijest-sjecanja-identiteti-integracije-vukovar-15-11-2023\/","url":"https:\/\/www.vegaintro-projekti.com\/pilar-stari\/2023\/11\/predstavljanje-zbornika-radova-vukovar-91-uzdarje-slobodi-povijest-sjecanja-identiteti-integracije-vukovar-15-11-2023\/","name":"Predstavljanje Zbornika radova Vukovar \u201891. Uzdarje slobodi \u2013 povijest, sje\u0107anja, identiteti, integracije; Vukovar, 15. 11. 2023. - Institut dru&scaron;tvenih znanosti Ivo Pilar","isPartOf":{"@id":"https:\/\/www.vegaintro-projekti.com\/pilar-stari\/#website"},"datePublished":"2023-11-16T17:00:02+00:00","dateModified":"2023-11-16T19:41:44+00:00","author":{"@id":"https:\/\/www.vegaintro-projekti.com\/pilar-stari\/#\/schema\/person\/ddd404c9f1e15e4ffef5986ac6a5d28b"},"breadcrumb":{"@id":"https:\/\/www.vegaintro-projekti.com\/pilar-stari\/2023\/11\/predstavljanje-zbornika-radova-vukovar-91-uzdarje-slobodi-povijest-sjecanja-identiteti-integracije-vukovar-15-11-2023\/#breadcrumb"},"inLanguage":"hr","potentialAction":[{"@type":"ReadAction","target":["https:\/\/www.vegaintro-projekti.com\/pilar-stari\/2023\/11\/predstavljanje-zbornika-radova-vukovar-91-uzdarje-slobodi-povijest-sjecanja-identiteti-integracije-vukovar-15-11-2023\/"]}]},{"@type":"BreadcrumbList","@id":"https:\/\/www.vegaintro-projekti.com\/pilar-stari\/2023\/11\/predstavljanje-zbornika-radova-vukovar-91-uzdarje-slobodi-povijest-sjecanja-identiteti-integracije-vukovar-15-11-2023\/#breadcrumb","itemListElement":[{"@type":"ListItem","position":1,"name":"Home","item":"https:\/\/www.vegaintro-projekti.com\/pilar-stari\/"},{"@type":"ListItem","position":2,"name":"Predstavljanje Zbornika radova Vukovar \u201891. Uzdarje slobodi \u2013 povijest, sje\u0107anja, identiteti, integracije; Vukovar, 15. 11. 2023."}]},{"@type":"WebSite","@id":"https:\/\/www.vegaintro-projekti.com\/pilar-stari\/#website","url":"https:\/\/www.vegaintro-projekti.com\/pilar-stari\/","name":"Institut dru&scaron;tvenih znanosti Ivo Pilar","description":"Pilar","potentialAction":[{"@type":"SearchAction","target":{"@type":"EntryPoint","urlTemplate":"https:\/\/www.vegaintro-projekti.com\/pilar-stari\/?s={search_term_string}"},"query-input":"required name=search_term_string"}],"inLanguage":"hr"},{"@type":"Person","@id":"https:\/\/www.vegaintro-projekti.com\/pilar-stari\/#\/schema\/person\/ddd404c9f1e15e4ffef5986ac6a5d28b","name":"Boris","image":{"@type":"ImageObject","inLanguage":"hr","@id":"https:\/\/www.vegaintro-projekti.com\/pilar-stari\/#\/schema\/person\/image\/","url":"https:\/\/secure.gravatar.com\/avatar\/29557b161a6ce6ab86ac1503164f1e90?s=96&d=mm&r=g","contentUrl":"https:\/\/secure.gravatar.com\/avatar\/29557b161a6ce6ab86ac1503164f1e90?s=96&d=mm&r=g","caption":"Boris"},"url":"https:\/\/www.vegaintro-projekti.com\/pilar-stari\/author\/boris\/"}]}},"_links":{"self":[{"href":"https:\/\/www.vegaintro-projekti.com\/pilar-stari\/wp-json\/wp\/v2\/posts\/27721"}],"collection":[{"href":"https:\/\/www.vegaintro-projekti.com\/pilar-stari\/wp-json\/wp\/v2\/posts"}],"about":[{"href":"https:\/\/www.vegaintro-projekti.com\/pilar-stari\/wp-json\/wp\/v2\/types\/post"}],"author":[{"embeddable":true,"href":"https:\/\/www.vegaintro-projekti.com\/pilar-stari\/wp-json\/wp\/v2\/users\/7"}],"replies":[{"embeddable":true,"href":"https:\/\/www.vegaintro-projekti.com\/pilar-stari\/wp-json\/wp\/v2\/comments?post=27721"}],"version-history":[{"count":8,"href":"https:\/\/www.vegaintro-projekti.com\/pilar-stari\/wp-json\/wp\/v2\/posts\/27721\/revisions"}],"predecessor-version":[{"id":27776,"href":"https:\/\/www.vegaintro-projekti.com\/pilar-stari\/wp-json\/wp\/v2\/posts\/27721\/revisions\/27776"}],"wp:featuredmedia":[{"embeddable":true,"href":"https:\/\/www.vegaintro-projekti.com\/pilar-stari\/wp-json\/wp\/v2\/media\/27772"}],"wp:attachment":[{"href":"https:\/\/www.vegaintro-projekti.com\/pilar-stari\/wp-json\/wp\/v2\/media?parent=27721"}],"wp:term":[{"taxonomy":"category","embeddable":true,"href":"https:\/\/www.vegaintro-projekti.com\/pilar-stari\/wp-json\/wp\/v2\/categories?post=27721"},{"taxonomy":"post_tag","embeddable":true,"href":"https:\/\/www.vegaintro-projekti.com\/pilar-stari\/wp-json\/wp\/v2\/tags?post=27721"}],"curies":[{"name":"wp","href":"https:\/\/api.w.org\/{rel}","templated":true}]}}