{"id":28059,"date":"2023-12-06T19:13:52","date_gmt":"2023-12-06T19:13:52","guid":{"rendered":"https:\/\/www.vegaintro-projekti.com\/pilar-stari\/?p=28059"},"modified":"2023-12-06T20:38:07","modified_gmt":"2023-12-06T20:38:07","slug":"dr-sc-danijel-vojak-na-plenarnom-zasjedanju-medunarodnog-saveza-za-sjecanje-na-holokaust-ihra-zagreb-27-30-11-2023","status":"publish","type":"post","link":"https:\/\/www.vegaintro-projekti.com\/pilar-stari\/2023\/12\/dr-sc-danijel-vojak-na-plenarnom-zasjedanju-medunarodnog-saveza-za-sjecanje-na-holokaust-ihra-zagreb-27-30-11-2023\/","title":{"rendered":"Dr. sc. Danijel Vojak na plenarnom zasjedanju Me\u0111unarodnog saveza za sje\u0107anje na Holokaust (IHRA); Zagreb, 27.-30. 11. 2023."},"content":{"rendered":"<p><strong>Dr. sc. Danijel Vojak sudjelovao je kao \u010dlan delegacije Republike Hrvatske pri Me\u0111unarodnom savezu za sje\u0107anje na Holokaust (IHRA) od 27. do 30. studenoga 2023. na plenarnom zasjedanju u prostorima Nacionalne i sveu\u010dili\u0161ne knji\u017enice u Zagrebu i Hrvatskom dr\u017eavnom arhivu<\/strong><\/p>\n<div class=\"wp-block-image\">\n<p><a href=\"https:\/\/www.vegaintro-projekti.com\/pilar-stari\/wp-content\/uploads\/2023\/12\/DL_00016-scaled.jpg\"><img decoding=\"async\" loading=\"lazy\" class=\"alignnone wp-image-28055 size-full\" src=\"https:\/\/www.vegaintro-projekti.com\/pilar-stari\/wp-content\/uploads\/2023\/12\/DL_00016s.jpg\" alt=\"i1\" width=\"620\" height=\"321\" srcset=\"https:\/\/www.vegaintro-projekti.com\/pilar-stari\/wp-content\/uploads\/2023\/12\/DL_00016s.jpg 620w, https:\/\/www.vegaintro-projekti.com\/pilar-stari\/wp-content\/uploads\/2023\/12\/DL_00016s-300x155.jpg 300w\" sizes=\"(max-width: 620px) 100vw, 620px\" \/><\/a><a href=\"https:\/\/www.vegaintro-projekti.com\/pilar-stari\/wp-content\/uploads\/2023\/12\/DL_00233-scaled.jpg\"><img decoding=\"async\" loading=\"lazy\" class=\"alignnone wp-image-28057 size-full\" src=\"https:\/\/www.vegaintro-projekti.com\/pilar-stari\/wp-content\/uploads\/2023\/12\/DL_00233s.jpg\" alt=\"i2\" width=\"620\" height=\"413\" srcset=\"https:\/\/www.vegaintro-projekti.com\/pilar-stari\/wp-content\/uploads\/2023\/12\/DL_00233s.jpg 620w, https:\/\/www.vegaintro-projekti.com\/pilar-stari\/wp-content\/uploads\/2023\/12\/DL_00233s-300x200.jpg 300w\" sizes=\"(max-width: 620px) 100vw, 620px\" \/><\/a><\/p>\n<\/div>\n<p><span style=\"font-size: 8pt;\"><strong>Foto: DarPro<\/strong><\/span><\/p>\n<p>Dr. sc. Vojak sudjelovao je u radu Akademske radne skupine, Odbora za genocid nad Romima i projektne skupine koja se bavi dono\u0161enjem Preporuke za nastavne smjernice o progonu i genocidu Roma i Sinta tijekom nacisti\u010dke ere. U sklopu rada u Odboru za genocid o Romima izlagao je o odr\u017eavanju me\u0111unarodne znanstvene konferencije \u201eThe Second International Conference on the Genocide of the Roma: Countering Holocaust Distortion and Anti-Roma Discrimination through Research and Education\u201c, odr\u017eane u organizaciji IHRA-e rujna 2023. te o razvoju kulture sje\u0107anja na romske \u017ertve genocida u Republici Hrvatskoj (\u201eCulture of remembrance of Roma victims of genocide in the Republic of Croatia, 1991 \u2013 2023).<\/p>\n<blockquote><p><a href=\"https:\/\/www.vegaintro-projekti.com\/pilar-stari\/biografije\/user-bio\/?my_user_id=63\">Dr. sc. Danijel Vojak<\/a><\/p><\/blockquote>\n","protected":false},"excerpt":{"rendered":"<p>Dr. sc. Danijel Vojak sudjelovao je kao \u010dlan delegacije Republike Hrvatske pri Me\u0111unarodnom savezu za sje\u0107anje na Holokaust (IHRA) od 27. do 30. studenoga 2023. na plenarnom zasjedanju u prostorima Nacionalne i sveu\u010dili\u0161ne knji\u017enice u Zagrebu i Hrvatskom dr\u017eavnom arhivu Foto: DarPro Dr. sc. Vojak sudjelovao je u radu Akademske radne skupine, Odbora za genocid&hellip; <a class=\"continue\" href=\"https:\/\/www.vegaintro-projekti.com\/pilar-stari\/2023\/12\/dr-sc-danijel-vojak-na-plenarnom-zasjedanju-medunarodnog-saveza-za-sjecanje-na-holokaust-ihra-zagreb-27-30-11-2023\/\">Pro\u010ditaj vi\u0161e o<span> Dr. sc. Danijel Vojak na plenarnom zasjedanju Me\u0111unarodnog saveza za sje\u0107anje na Holokaust (IHRA); Zagreb, 27.-30. 11. 2023.<\/span><\/a><\/p>\n","protected":false},"author":7,"featured_media":28058,"comment_status":"closed","ping_status":"closed","sticky":false,"template":"","format":"standard","meta":{"inline_featured_image":false,"ngg_post_thumbnail":0,"footnotes":""},"categories":[48,11],"tags":[],"yoast_head":"<!-- This site is optimized with the Yoast SEO plugin v21.2 - https:\/\/yoast.com\/wordpress\/plugins\/seo\/ -->\n<title>Dr. sc. Danijel Vojak na plenarnom zasjedanju Me\u0111unarodnog saveza za sje\u0107anje na Holokaust (IHRA); Zagreb, 27.-30. 11. 2023. - Institut dru&scaron;tvenih znanosti Ivo Pilar<\/title>\n<meta name=\"robots\" content=\"noindex, follow, max-snippet:-1, max-image-preview:large, max-video-preview:-1\" \/>\n<meta property=\"og:locale\" content=\"hr_HR\" \/>\n<meta property=\"og:type\" content=\"article\" \/>\n<meta property=\"og:title\" content=\"Dr. sc. Danijel Vojak na plenarnom zasjedanju Me\u0111unarodnog saveza za sje\u0107anje na Holokaust (IHRA); Zagreb, 27.-30. 11. 2023. - Institut dru&scaron;tvenih znanosti Ivo Pilar\" \/>\n<meta property=\"og:description\" content=\"Dr. sc. Danijel Vojak sudjelovao je kao \u010dlan delegacije Republike Hrvatske pri Me\u0111unarodnom savezu za sje\u0107anje na Holokaust (IHRA) od 27. do 30. studenoga 2023. na plenarnom zasjedanju u prostorima Nacionalne i sveu\u010dili\u0161ne knji\u017enice u Zagrebu i Hrvatskom dr\u017eavnom arhivu Foto: DarPro Dr. sc. Vojak sudjelovao je u radu Akademske radne skupine, Odbora za genocid&hellip; Pro\u010ditaj vi\u0161e o Dr. sc. Danijel Vojak na plenarnom zasjedanju Me\u0111unarodnog saveza za sje\u0107anje na Holokaust (IHRA); Zagreb, 27.-30. 11. 2023.\" \/>\n<meta property=\"og:url\" content=\"https:\/\/www.vegaintro-projekti.com\/pilar-stari\/2023\/12\/dr-sc-danijel-vojak-na-plenarnom-zasjedanju-medunarodnog-saveza-za-sjecanje-na-holokaust-ihra-zagreb-27-30-11-2023\/\" \/>\n<meta property=\"og:site_name\" content=\"Institut dru&scaron;tvenih znanosti Ivo Pilar\" \/>\n<meta property=\"article:published_time\" content=\"2023-12-06T19:13:52+00:00\" \/>\n<meta property=\"article:modified_time\" content=\"2023-12-06T20:38:07+00:00\" \/>\n<meta property=\"og:image\" content=\"https:\/\/www.vegaintro-projekti.com\/pilar-stari\/wp-content\/uploads\/2023\/12\/DL_fi.jpg\" \/>\n\t<meta property=\"og:image:width\" content=\"499\" \/>\n\t<meta property=\"og:image:height\" content=\"218\" \/>\n\t<meta property=\"og:image:type\" content=\"image\/jpeg\" \/>\n<meta name=\"author\" content=\"Boris\" \/>\n<meta name=\"twitter:card\" content=\"summary_large_image\" \/>\n<meta name=\"twitter:label1\" content=\"Napisao\/la\" \/>\n\t<meta name=\"twitter:data1\" content=\"Boris\" \/>\n\t<meta name=\"twitter:label2\" content=\"Procijenjeno vrijeme \u010ditanja\" \/>\n\t<meta name=\"twitter:data2\" content=\"2 minute\" \/>\n<script type=\"application\/ld+json\" class=\"yoast-schema-graph\">{\"@context\":\"https:\/\/schema.org\",\"@graph\":[{\"@type\":\"WebPage\",\"@id\":\"https:\/\/www.vegaintro-projekti.com\/pilar-stari\/2023\/12\/dr-sc-danijel-vojak-na-plenarnom-zasjedanju-medunarodnog-saveza-za-sjecanje-na-holokaust-ihra-zagreb-27-30-11-2023\/\",\"url\":\"https:\/\/www.vegaintro-projekti.com\/pilar-stari\/2023\/12\/dr-sc-danijel-vojak-na-plenarnom-zasjedanju-medunarodnog-saveza-za-sjecanje-na-holokaust-ihra-zagreb-27-30-11-2023\/\",\"name\":\"Dr. sc. Danijel Vojak na plenarnom zasjedanju Me\u0111unarodnog saveza za sje\u0107anje na Holokaust (IHRA); Zagreb, 27.-30. 11. 2023. - Institut dru&scaron;tvenih znanosti Ivo Pilar\",\"isPartOf\":{\"@id\":\"https:\/\/www.vegaintro-projekti.com\/pilar-stari\/#website\"},\"datePublished\":\"2023-12-06T19:13:52+00:00\",\"dateModified\":\"2023-12-06T20:38:07+00:00\",\"author\":{\"@id\":\"https:\/\/www.vegaintro-projekti.com\/pilar-stari\/#\/schema\/person\/ddd404c9f1e15e4ffef5986ac6a5d28b\"},\"breadcrumb\":{\"@id\":\"https:\/\/www.vegaintro-projekti.com\/pilar-stari\/2023\/12\/dr-sc-danijel-vojak-na-plenarnom-zasjedanju-medunarodnog-saveza-za-sjecanje-na-holokaust-ihra-zagreb-27-30-11-2023\/#breadcrumb\"},\"inLanguage\":\"hr\",\"potentialAction\":[{\"@type\":\"ReadAction\",\"target\":[\"https:\/\/www.vegaintro-projekti.com\/pilar-stari\/2023\/12\/dr-sc-danijel-vojak-na-plenarnom-zasjedanju-medunarodnog-saveza-za-sjecanje-na-holokaust-ihra-zagreb-27-30-11-2023\/\"]}]},{\"@type\":\"BreadcrumbList\",\"@id\":\"https:\/\/www.vegaintro-projekti.com\/pilar-stari\/2023\/12\/dr-sc-danijel-vojak-na-plenarnom-zasjedanju-medunarodnog-saveza-za-sjecanje-na-holokaust-ihra-zagreb-27-30-11-2023\/#breadcrumb\",\"itemListElement\":[{\"@type\":\"ListItem\",\"position\":1,\"name\":\"Home\",\"item\":\"https:\/\/www.vegaintro-projekti.com\/pilar-stari\/\"},{\"@type\":\"ListItem\",\"position\":2,\"name\":\"Dr. sc. Danijel Vojak na plenarnom zasjedanju Me\u0111unarodnog saveza za sje\u0107anje na Holokaust (IHRA); Zagreb, 27.-30. 11. 2023.\"}]},{\"@type\":\"WebSite\",\"@id\":\"https:\/\/www.vegaintro-projekti.com\/pilar-stari\/#website\",\"url\":\"https:\/\/www.vegaintro-projekti.com\/pilar-stari\/\",\"name\":\"Institut dru&scaron;tvenih znanosti Ivo Pilar\",\"description\":\"Pilar\",\"potentialAction\":[{\"@type\":\"SearchAction\",\"target\":{\"@type\":\"EntryPoint\",\"urlTemplate\":\"https:\/\/www.vegaintro-projekti.com\/pilar-stari\/?s={search_term_string}\"},\"query-input\":\"required name=search_term_string\"}],\"inLanguage\":\"hr\"},{\"@type\":\"Person\",\"@id\":\"https:\/\/www.vegaintro-projekti.com\/pilar-stari\/#\/schema\/person\/ddd404c9f1e15e4ffef5986ac6a5d28b\",\"name\":\"Boris\",\"image\":{\"@type\":\"ImageObject\",\"inLanguage\":\"hr\",\"@id\":\"https:\/\/www.vegaintro-projekti.com\/pilar-stari\/#\/schema\/person\/image\/\",\"url\":\"https:\/\/secure.gravatar.com\/avatar\/29557b161a6ce6ab86ac1503164f1e90?s=96&d=mm&r=g\",\"contentUrl\":\"https:\/\/secure.gravatar.com\/avatar\/29557b161a6ce6ab86ac1503164f1e90?s=96&d=mm&r=g\",\"caption\":\"Boris\"},\"url\":\"https:\/\/www.vegaintro-projekti.com\/pilar-stari\/author\/boris\/\"}]}<\/script>\n<!-- \/ Yoast SEO plugin. -->","yoast_head_json":{"title":"Dr. sc. Danijel Vojak na plenarnom zasjedanju Me\u0111unarodnog saveza za sje\u0107anje na Holokaust (IHRA); Zagreb, 27.-30. 11. 2023. - Institut dru&scaron;tvenih znanosti Ivo Pilar","robots":{"index":"noindex","follow":"follow","max-snippet":"max-snippet:-1","max-image-preview":"max-image-preview:large","max-video-preview":"max-video-preview:-1"},"og_locale":"hr_HR","og_type":"article","og_title":"Dr. sc. Danijel Vojak na plenarnom zasjedanju Me\u0111unarodnog saveza za sje\u0107anje na Holokaust (IHRA); Zagreb, 27.-30. 11. 2023. - Institut dru&scaron;tvenih znanosti Ivo Pilar","og_description":"Dr. sc. Danijel Vojak sudjelovao je kao \u010dlan delegacije Republike Hrvatske pri Me\u0111unarodnom savezu za sje\u0107anje na Holokaust (IHRA) od 27. do 30. studenoga 2023. na plenarnom zasjedanju u prostorima Nacionalne i sveu\u010dili\u0161ne knji\u017enice u Zagrebu i Hrvatskom dr\u017eavnom arhivu Foto: DarPro Dr. sc. Vojak sudjelovao je u radu Akademske radne skupine, Odbora za genocid&hellip; Pro\u010ditaj vi\u0161e o Dr. sc. Danijel Vojak na plenarnom zasjedanju Me\u0111unarodnog saveza za sje\u0107anje na Holokaust (IHRA); Zagreb, 27.-30. 11. 2023.","og_url":"https:\/\/www.vegaintro-projekti.com\/pilar-stari\/2023\/12\/dr-sc-danijel-vojak-na-plenarnom-zasjedanju-medunarodnog-saveza-za-sjecanje-na-holokaust-ihra-zagreb-27-30-11-2023\/","og_site_name":"Institut dru&scaron;tvenih znanosti Ivo Pilar","article_published_time":"2023-12-06T19:13:52+00:00","article_modified_time":"2023-12-06T20:38:07+00:00","og_image":[{"width":499,"height":218,"url":"https:\/\/www.vegaintro-projekti.com\/pilar-stari\/wp-content\/uploads\/2023\/12\/DL_fi.jpg","type":"image\/jpeg"}],"author":"Boris","twitter_card":"summary_large_image","twitter_misc":{"Napisao\/la":"Boris","Procijenjeno vrijeme \u010ditanja":"2 minute"},"schema":{"@context":"https:\/\/schema.org","@graph":[{"@type":"WebPage","@id":"https:\/\/www.vegaintro-projekti.com\/pilar-stari\/2023\/12\/dr-sc-danijel-vojak-na-plenarnom-zasjedanju-medunarodnog-saveza-za-sjecanje-na-holokaust-ihra-zagreb-27-30-11-2023\/","url":"https:\/\/www.vegaintro-projekti.com\/pilar-stari\/2023\/12\/dr-sc-danijel-vojak-na-plenarnom-zasjedanju-medunarodnog-saveza-za-sjecanje-na-holokaust-ihra-zagreb-27-30-11-2023\/","name":"Dr. sc. Danijel Vojak na plenarnom zasjedanju Me\u0111unarodnog saveza za sje\u0107anje na Holokaust (IHRA); Zagreb, 27.-30. 11. 2023. - Institut dru&scaron;tvenih znanosti Ivo Pilar","isPartOf":{"@id":"https:\/\/www.vegaintro-projekti.com\/pilar-stari\/#website"},"datePublished":"2023-12-06T19:13:52+00:00","dateModified":"2023-12-06T20:38:07+00:00","author":{"@id":"https:\/\/www.vegaintro-projekti.com\/pilar-stari\/#\/schema\/person\/ddd404c9f1e15e4ffef5986ac6a5d28b"},"breadcrumb":{"@id":"https:\/\/www.vegaintro-projekti.com\/pilar-stari\/2023\/12\/dr-sc-danijel-vojak-na-plenarnom-zasjedanju-medunarodnog-saveza-za-sjecanje-na-holokaust-ihra-zagreb-27-30-11-2023\/#breadcrumb"},"inLanguage":"hr","potentialAction":[{"@type":"ReadAction","target":["https:\/\/www.vegaintro-projekti.com\/pilar-stari\/2023\/12\/dr-sc-danijel-vojak-na-plenarnom-zasjedanju-medunarodnog-saveza-za-sjecanje-na-holokaust-ihra-zagreb-27-30-11-2023\/"]}]},{"@type":"BreadcrumbList","@id":"https:\/\/www.vegaintro-projekti.com\/pilar-stari\/2023\/12\/dr-sc-danijel-vojak-na-plenarnom-zasjedanju-medunarodnog-saveza-za-sjecanje-na-holokaust-ihra-zagreb-27-30-11-2023\/#breadcrumb","itemListElement":[{"@type":"ListItem","position":1,"name":"Home","item":"https:\/\/www.vegaintro-projekti.com\/pilar-stari\/"},{"@type":"ListItem","position":2,"name":"Dr. sc. Danijel Vojak na plenarnom zasjedanju Me\u0111unarodnog saveza za sje\u0107anje na Holokaust (IHRA); Zagreb, 27.-30. 11. 2023."}]},{"@type":"WebSite","@id":"https:\/\/www.vegaintro-projekti.com\/pilar-stari\/#website","url":"https:\/\/www.vegaintro-projekti.com\/pilar-stari\/","name":"Institut dru&scaron;tvenih znanosti Ivo Pilar","description":"Pilar","potentialAction":[{"@type":"SearchAction","target":{"@type":"EntryPoint","urlTemplate":"https:\/\/www.vegaintro-projekti.com\/pilar-stari\/?s={search_term_string}"},"query-input":"required name=search_term_string"}],"inLanguage":"hr"},{"@type":"Person","@id":"https:\/\/www.vegaintro-projekti.com\/pilar-stari\/#\/schema\/person\/ddd404c9f1e15e4ffef5986ac6a5d28b","name":"Boris","image":{"@type":"ImageObject","inLanguage":"hr","@id":"https:\/\/www.vegaintro-projekti.com\/pilar-stari\/#\/schema\/person\/image\/","url":"https:\/\/secure.gravatar.com\/avatar\/29557b161a6ce6ab86ac1503164f1e90?s=96&d=mm&r=g","contentUrl":"https:\/\/secure.gravatar.com\/avatar\/29557b161a6ce6ab86ac1503164f1e90?s=96&d=mm&r=g","caption":"Boris"},"url":"https:\/\/www.vegaintro-projekti.com\/pilar-stari\/author\/boris\/"}]}},"_links":{"self":[{"href":"https:\/\/www.vegaintro-projekti.com\/pilar-stari\/wp-json\/wp\/v2\/posts\/28059"}],"collection":[{"href":"https:\/\/www.vegaintro-projekti.com\/pilar-stari\/wp-json\/wp\/v2\/posts"}],"about":[{"href":"https:\/\/www.vegaintro-projekti.com\/pilar-stari\/wp-json\/wp\/v2\/types\/post"}],"author":[{"embeddable":true,"href":"https:\/\/www.vegaintro-projekti.com\/pilar-stari\/wp-json\/wp\/v2\/users\/7"}],"replies":[{"embeddable":true,"href":"https:\/\/www.vegaintro-projekti.com\/pilar-stari\/wp-json\/wp\/v2\/comments?post=28059"}],"version-history":[{"count":4,"href":"https:\/\/www.vegaintro-projekti.com\/pilar-stari\/wp-json\/wp\/v2\/posts\/28059\/revisions"}],"predecessor-version":[{"id":28063,"href":"https:\/\/www.vegaintro-projekti.com\/pilar-stari\/wp-json\/wp\/v2\/posts\/28059\/revisions\/28063"}],"wp:featuredmedia":[{"embeddable":true,"href":"https:\/\/www.vegaintro-projekti.com\/pilar-stari\/wp-json\/wp\/v2\/media\/28058"}],"wp:attachment":[{"href":"https:\/\/www.vegaintro-projekti.com\/pilar-stari\/wp-json\/wp\/v2\/media?parent=28059"}],"wp:term":[{"taxonomy":"category","embeddable":true,"href":"https:\/\/www.vegaintro-projekti.com\/pilar-stari\/wp-json\/wp\/v2\/categories?post=28059"},{"taxonomy":"post_tag","embeddable":true,"href":"https:\/\/www.vegaintro-projekti.com\/pilar-stari\/wp-json\/wp\/v2\/tags?post=28059"}],"curies":[{"name":"wp","href":"https:\/\/api.w.org\/{rel}","templated":true}]}}