{"id":28120,"date":"2023-12-13T17:24:01","date_gmt":"2023-12-13T17:24:01","guid":{"rendered":"https:\/\/www.vegaintro-projekti.com\/pilar-stari\/?p=28120"},"modified":"2023-12-14T22:01:17","modified_gmt":"2023-12-14T22:01:17","slug":"dr-sc-caroline-hornstein-tomic-na-nece-festivalu-o-gradanskom-obrazovanju-u-europi-madrid-30-11-2-12-2023","status":"publish","type":"post","link":"https:\/\/www.vegaintro-projekti.com\/pilar-stari\/2023\/12\/dr-sc-caroline-hornstein-tomic-na-nece-festivalu-o-gradanskom-obrazovanju-u-europi-madrid-30-11-2-12-2023\/","title":{"rendered":"Dr. sc. Caroline Hornstein Tomi\u0107 na NECE Festivalu o gra\u0111anskom obrazovanju u Europi; Madrid, 30. 11. &#8211; 2. 12. 2023."},"content":{"rendered":"<p><strong>Dr. sc. Caroline Hornstein Tomi\u0107 suorganizirala je i moderirala dva panela NECE Festivala o gra\u0111anskom obrazovanju u Europi, koji je odr\u017ean od 30. studenog do 2. prosinca 2023. godine u Madridu. Ovogodi\u0161nja tema festivala &#8220;BUDU\u0106NOSTI&#8221; stavila je fokus na budu\u0107e izazove s kojima \u0107e se gra\u0111anski edukatori\/ce u Europi suo\u010davati i identificirala na\u010dine za njihovo rje\u0161avanje<\/strong><\/p>\n<div class=\"wp-block-image\"><a href=\"https:\/\/www.vegaintro-projekti.com\/pilar-stari\/wp-content\/uploads\/2023\/12\/IMG.jpg\"><img decoding=\"async\" loading=\"lazy\" class=\"alignnone wp-image-28119 size-full\" src=\"https:\/\/www.vegaintro-projekti.com\/pilar-stari\/wp-content\/uploads\/2023\/12\/IMGs-1.jpg\" alt=\"i1\" width=\"620\" height=\"414\" srcset=\"https:\/\/www.vegaintro-projekti.com\/pilar-stari\/wp-content\/uploads\/2023\/12\/IMGs-1.jpg 620w, https:\/\/www.vegaintro-projekti.com\/pilar-stari\/wp-content\/uploads\/2023\/12\/IMGs-1-300x200.jpg 300w\" sizes=\"(max-width: 620px) 100vw, 620px\" \/><\/a><\/div>\n<p>&nbsp;<\/p>\n<p>Caroline Hornstein Tomi\u0107 je sumoderirala dva panela; tema prvog bila je budu\u0107nost gra\u0111anskog obrazovanja, a tema drugog bila je detaljnije istra\u017eiti zna\u010daj migracija unutar i van Europe.<\/p>\n<p>NECE Festival je godi\u0161nje europsko okupljanje dionika iz civilnog dru\u0161tva, politike, akademske zajednice, medija i kulture u svrhu interaktivne i interdisciplinarne razmjene ideja i djelovanja. THE CIVICS Innovation Hub je organizirao NECE Festival.<\/p>\n<p><strong><em>Dr. Caroline Hornstein Tomi\u0107, Senior Researcher at the Institute of Social Sciences Ivo Pilar, co-organized and moderated two panels at the annual NECE Festival of Civic Education in Europe, which was held from 30 November to 2 December 2023 in Madrid. This years\u00b4 festival topic \u201cFUTURES\u201d highlighted the future challenges civic educators in Europe are facing, and identified ways to overcome them<\/em><\/strong><\/p>\n<p><em>Caroline Hornstein Tomic co-hosted and co-moderated the panel \u201cForesight &amp; civic education: Building bridges into the FUTURE\u201d and the panel \u201cShifting landscapes: Exploring migration in Europe and beyond\u201d.<\/em><\/p>\n<p><em>The annual NECE Festival brings together stakeholders from civil society, politics, academia, media, and culture for an interactive and interdisciplinary exchange of ideas and actions on civic education. The NECE Festival is organized by THE CIVICS Innovation Hub.<\/em><\/p>\n<blockquote><p><a href=\"https:\/\/www.vegaintro-projekti.com\/pilar-stari\/biografije\/user-bio\/?my_user_id=336\">Dr. sc. Caroline Hornstein Tomi\u0107<\/a><\/p><\/blockquote>\n","protected":false},"excerpt":{"rendered":"<p>Dr. sc. Caroline Hornstein Tomi\u0107 suorganizirala je i moderirala dva panela NECE Festivala o gra\u0111anskom obrazovanju u Europi, koji je odr\u017ean od 30. studenog do 2. prosinca 2023. godine u Madridu. Ovogodi\u0161nja tema festivala &#8220;BUDU\u0106NOSTI&#8221; stavila je fokus na budu\u0107e izazove s kojima \u0107e se gra\u0111anski edukatori\/ce u Europi suo\u010davati i identificirala na\u010dine za njihovo&hellip; <a class=\"continue\" href=\"https:\/\/www.vegaintro-projekti.com\/pilar-stari\/2023\/12\/dr-sc-caroline-hornstein-tomic-na-nece-festivalu-o-gradanskom-obrazovanju-u-europi-madrid-30-11-2-12-2023\/\">Pro\u010ditaj vi\u0161e o<span> Dr. sc. Caroline Hornstein Tomi\u0107 na NECE Festivalu o gra\u0111anskom obrazovanju u Europi; Madrid, 30. 11. &#8211; 2. 12. 2023.<\/span><\/a><\/p>\n","protected":false},"author":7,"featured_media":28117,"comment_status":"closed","ping_status":"closed","sticky":false,"template":"","format":"standard","meta":{"inline_featured_image":false,"ngg_post_thumbnail":0,"footnotes":""},"categories":[48,11],"tags":[],"yoast_head":"<!-- This site is optimized with the Yoast SEO plugin v21.2 - https:\/\/yoast.com\/wordpress\/plugins\/seo\/ -->\n<title>Dr. sc. Caroline Hornstein Tomi\u0107 na NECE Festivalu o gra\u0111anskom obrazovanju u Europi; Madrid, 30. 11. - 2. 12. 2023. - Institut dru&scaron;tvenih znanosti Ivo Pilar<\/title>\n<meta name=\"robots\" content=\"noindex, follow, max-snippet:-1, max-image-preview:large, max-video-preview:-1\" \/>\n<meta property=\"og:locale\" content=\"hr_HR\" \/>\n<meta property=\"og:type\" content=\"article\" \/>\n<meta property=\"og:title\" content=\"Dr. sc. Caroline Hornstein Tomi\u0107 na NECE Festivalu o gra\u0111anskom obrazovanju u Europi; Madrid, 30. 11. - 2. 12. 2023. - Institut dru&scaron;tvenih znanosti Ivo Pilar\" \/>\n<meta property=\"og:description\" content=\"Dr. sc. Caroline Hornstein Tomi\u0107 suorganizirala je i moderirala dva panela NECE Festivala o gra\u0111anskom obrazovanju u Europi, koji je odr\u017ean od 30. studenog do 2. prosinca 2023. godine u Madridu. Ovogodi\u0161nja tema festivala &#8220;BUDU\u0106NOSTI&#8221; stavila je fokus na budu\u0107e izazove s kojima \u0107e se gra\u0111anski edukatori\/ce u Europi suo\u010davati i identificirala na\u010dine za njihovo&hellip; Pro\u010ditaj vi\u0161e o Dr. sc. Caroline Hornstein Tomi\u0107 na NECE Festivalu o gra\u0111anskom obrazovanju u Europi; Madrid, 30. 11. &#8211; 2. 12. 2023.\" \/>\n<meta property=\"og:url\" content=\"https:\/\/www.vegaintro-projekti.com\/pilar-stari\/2023\/12\/dr-sc-caroline-hornstein-tomic-na-nece-festivalu-o-gradanskom-obrazovanju-u-europi-madrid-30-11-2-12-2023\/\" \/>\n<meta property=\"og:site_name\" content=\"Institut dru&scaron;tvenih znanosti Ivo Pilar\" \/>\n<meta property=\"article:published_time\" content=\"2023-12-13T17:24:01+00:00\" \/>\n<meta property=\"article:modified_time\" content=\"2023-12-14T22:01:17+00:00\" \/>\n<meta property=\"og:image\" content=\"https:\/\/www.vegaintro-projekti.com\/pilar-stari\/wp-content\/uploads\/2023\/12\/IMGfi-1.jpg\" \/>\n\t<meta property=\"og:image:width\" content=\"498\" \/>\n\t<meta property=\"og:image:height\" content=\"223\" \/>\n\t<meta property=\"og:image:type\" content=\"image\/jpeg\" \/>\n<meta name=\"author\" content=\"Boris\" \/>\n<meta name=\"twitter:card\" content=\"summary_large_image\" \/>\n<meta name=\"twitter:label1\" content=\"Napisao\/la\" \/>\n\t<meta name=\"twitter:data1\" content=\"Boris\" \/>\n\t<meta name=\"twitter:label2\" content=\"Procijenjeno vrijeme \u010ditanja\" \/>\n\t<meta name=\"twitter:data2\" content=\"2 minute\" \/>\n<script type=\"application\/ld+json\" class=\"yoast-schema-graph\">{\"@context\":\"https:\/\/schema.org\",\"@graph\":[{\"@type\":\"WebPage\",\"@id\":\"https:\/\/www.vegaintro-projekti.com\/pilar-stari\/2023\/12\/dr-sc-caroline-hornstein-tomic-na-nece-festivalu-o-gradanskom-obrazovanju-u-europi-madrid-30-11-2-12-2023\/\",\"url\":\"https:\/\/www.vegaintro-projekti.com\/pilar-stari\/2023\/12\/dr-sc-caroline-hornstein-tomic-na-nece-festivalu-o-gradanskom-obrazovanju-u-europi-madrid-30-11-2-12-2023\/\",\"name\":\"Dr. sc. Caroline Hornstein Tomi\u0107 na NECE Festivalu o gra\u0111anskom obrazovanju u Europi; Madrid, 30. 11. - 2. 12. 2023. - Institut dru&scaron;tvenih znanosti Ivo Pilar\",\"isPartOf\":{\"@id\":\"https:\/\/www.vegaintro-projekti.com\/pilar-stari\/#website\"},\"datePublished\":\"2023-12-13T17:24:01+00:00\",\"dateModified\":\"2023-12-14T22:01:17+00:00\",\"author\":{\"@id\":\"https:\/\/www.vegaintro-projekti.com\/pilar-stari\/#\/schema\/person\/ddd404c9f1e15e4ffef5986ac6a5d28b\"},\"breadcrumb\":{\"@id\":\"https:\/\/www.vegaintro-projekti.com\/pilar-stari\/2023\/12\/dr-sc-caroline-hornstein-tomic-na-nece-festivalu-o-gradanskom-obrazovanju-u-europi-madrid-30-11-2-12-2023\/#breadcrumb\"},\"inLanguage\":\"hr\",\"potentialAction\":[{\"@type\":\"ReadAction\",\"target\":[\"https:\/\/www.vegaintro-projekti.com\/pilar-stari\/2023\/12\/dr-sc-caroline-hornstein-tomic-na-nece-festivalu-o-gradanskom-obrazovanju-u-europi-madrid-30-11-2-12-2023\/\"]}]},{\"@type\":\"BreadcrumbList\",\"@id\":\"https:\/\/www.vegaintro-projekti.com\/pilar-stari\/2023\/12\/dr-sc-caroline-hornstein-tomic-na-nece-festivalu-o-gradanskom-obrazovanju-u-europi-madrid-30-11-2-12-2023\/#breadcrumb\",\"itemListElement\":[{\"@type\":\"ListItem\",\"position\":1,\"name\":\"Home\",\"item\":\"https:\/\/www.vegaintro-projekti.com\/pilar-stari\/\"},{\"@type\":\"ListItem\",\"position\":2,\"name\":\"Dr. sc. Caroline Hornstein Tomi\u0107 na NECE Festivalu o gra\u0111anskom obrazovanju u Europi; Madrid, 30. 11. &#8211; 2. 12. 2023.\"}]},{\"@type\":\"WebSite\",\"@id\":\"https:\/\/www.vegaintro-projekti.com\/pilar-stari\/#website\",\"url\":\"https:\/\/www.vegaintro-projekti.com\/pilar-stari\/\",\"name\":\"Institut dru&scaron;tvenih znanosti Ivo Pilar\",\"description\":\"Pilar\",\"potentialAction\":[{\"@type\":\"SearchAction\",\"target\":{\"@type\":\"EntryPoint\",\"urlTemplate\":\"https:\/\/www.vegaintro-projekti.com\/pilar-stari\/?s={search_term_string}\"},\"query-input\":\"required name=search_term_string\"}],\"inLanguage\":\"hr\"},{\"@type\":\"Person\",\"@id\":\"https:\/\/www.vegaintro-projekti.com\/pilar-stari\/#\/schema\/person\/ddd404c9f1e15e4ffef5986ac6a5d28b\",\"name\":\"Boris\",\"image\":{\"@type\":\"ImageObject\",\"inLanguage\":\"hr\",\"@id\":\"https:\/\/www.vegaintro-projekti.com\/pilar-stari\/#\/schema\/person\/image\/\",\"url\":\"https:\/\/secure.gravatar.com\/avatar\/29557b161a6ce6ab86ac1503164f1e90?s=96&d=mm&r=g\",\"contentUrl\":\"https:\/\/secure.gravatar.com\/avatar\/29557b161a6ce6ab86ac1503164f1e90?s=96&d=mm&r=g\",\"caption\":\"Boris\"},\"url\":\"https:\/\/www.vegaintro-projekti.com\/pilar-stari\/author\/boris\/\"}]}<\/script>\n<!-- \/ Yoast SEO plugin. -->","yoast_head_json":{"title":"Dr. sc. Caroline Hornstein Tomi\u0107 na NECE Festivalu o gra\u0111anskom obrazovanju u Europi; Madrid, 30. 11. - 2. 12. 2023. - Institut dru&scaron;tvenih znanosti Ivo Pilar","robots":{"index":"noindex","follow":"follow","max-snippet":"max-snippet:-1","max-image-preview":"max-image-preview:large","max-video-preview":"max-video-preview:-1"},"og_locale":"hr_HR","og_type":"article","og_title":"Dr. sc. Caroline Hornstein Tomi\u0107 na NECE Festivalu o gra\u0111anskom obrazovanju u Europi; Madrid, 30. 11. - 2. 12. 2023. - Institut dru&scaron;tvenih znanosti Ivo Pilar","og_description":"Dr. sc. Caroline Hornstein Tomi\u0107 suorganizirala je i moderirala dva panela NECE Festivala o gra\u0111anskom obrazovanju u Europi, koji je odr\u017ean od 30. studenog do 2. prosinca 2023. godine u Madridu. Ovogodi\u0161nja tema festivala &#8220;BUDU\u0106NOSTI&#8221; stavila je fokus na budu\u0107e izazove s kojima \u0107e se gra\u0111anski edukatori\/ce u Europi suo\u010davati i identificirala na\u010dine za njihovo&hellip; Pro\u010ditaj vi\u0161e o Dr. sc. Caroline Hornstein Tomi\u0107 na NECE Festivalu o gra\u0111anskom obrazovanju u Europi; Madrid, 30. 11. &#8211; 2. 12. 2023.","og_url":"https:\/\/www.vegaintro-projekti.com\/pilar-stari\/2023\/12\/dr-sc-caroline-hornstein-tomic-na-nece-festivalu-o-gradanskom-obrazovanju-u-europi-madrid-30-11-2-12-2023\/","og_site_name":"Institut dru&scaron;tvenih znanosti Ivo Pilar","article_published_time":"2023-12-13T17:24:01+00:00","article_modified_time":"2023-12-14T22:01:17+00:00","og_image":[{"width":498,"height":223,"url":"https:\/\/www.vegaintro-projekti.com\/pilar-stari\/wp-content\/uploads\/2023\/12\/IMGfi-1.jpg","type":"image\/jpeg"}],"author":"Boris","twitter_card":"summary_large_image","twitter_misc":{"Napisao\/la":"Boris","Procijenjeno vrijeme \u010ditanja":"2 minute"},"schema":{"@context":"https:\/\/schema.org","@graph":[{"@type":"WebPage","@id":"https:\/\/www.vegaintro-projekti.com\/pilar-stari\/2023\/12\/dr-sc-caroline-hornstein-tomic-na-nece-festivalu-o-gradanskom-obrazovanju-u-europi-madrid-30-11-2-12-2023\/","url":"https:\/\/www.vegaintro-projekti.com\/pilar-stari\/2023\/12\/dr-sc-caroline-hornstein-tomic-na-nece-festivalu-o-gradanskom-obrazovanju-u-europi-madrid-30-11-2-12-2023\/","name":"Dr. sc. Caroline Hornstein Tomi\u0107 na NECE Festivalu o gra\u0111anskom obrazovanju u Europi; Madrid, 30. 11. - 2. 12. 2023. - Institut dru&scaron;tvenih znanosti Ivo Pilar","isPartOf":{"@id":"https:\/\/www.vegaintro-projekti.com\/pilar-stari\/#website"},"datePublished":"2023-12-13T17:24:01+00:00","dateModified":"2023-12-14T22:01:17+00:00","author":{"@id":"https:\/\/www.vegaintro-projekti.com\/pilar-stari\/#\/schema\/person\/ddd404c9f1e15e4ffef5986ac6a5d28b"},"breadcrumb":{"@id":"https:\/\/www.vegaintro-projekti.com\/pilar-stari\/2023\/12\/dr-sc-caroline-hornstein-tomic-na-nece-festivalu-o-gradanskom-obrazovanju-u-europi-madrid-30-11-2-12-2023\/#breadcrumb"},"inLanguage":"hr","potentialAction":[{"@type":"ReadAction","target":["https:\/\/www.vegaintro-projekti.com\/pilar-stari\/2023\/12\/dr-sc-caroline-hornstein-tomic-na-nece-festivalu-o-gradanskom-obrazovanju-u-europi-madrid-30-11-2-12-2023\/"]}]},{"@type":"BreadcrumbList","@id":"https:\/\/www.vegaintro-projekti.com\/pilar-stari\/2023\/12\/dr-sc-caroline-hornstein-tomic-na-nece-festivalu-o-gradanskom-obrazovanju-u-europi-madrid-30-11-2-12-2023\/#breadcrumb","itemListElement":[{"@type":"ListItem","position":1,"name":"Home","item":"https:\/\/www.vegaintro-projekti.com\/pilar-stari\/"},{"@type":"ListItem","position":2,"name":"Dr. sc. Caroline Hornstein Tomi\u0107 na NECE Festivalu o gra\u0111anskom obrazovanju u Europi; Madrid, 30. 11. &#8211; 2. 12. 2023."}]},{"@type":"WebSite","@id":"https:\/\/www.vegaintro-projekti.com\/pilar-stari\/#website","url":"https:\/\/www.vegaintro-projekti.com\/pilar-stari\/","name":"Institut dru&scaron;tvenih znanosti Ivo Pilar","description":"Pilar","potentialAction":[{"@type":"SearchAction","target":{"@type":"EntryPoint","urlTemplate":"https:\/\/www.vegaintro-projekti.com\/pilar-stari\/?s={search_term_string}"},"query-input":"required name=search_term_string"}],"inLanguage":"hr"},{"@type":"Person","@id":"https:\/\/www.vegaintro-projekti.com\/pilar-stari\/#\/schema\/person\/ddd404c9f1e15e4ffef5986ac6a5d28b","name":"Boris","image":{"@type":"ImageObject","inLanguage":"hr","@id":"https:\/\/www.vegaintro-projekti.com\/pilar-stari\/#\/schema\/person\/image\/","url":"https:\/\/secure.gravatar.com\/avatar\/29557b161a6ce6ab86ac1503164f1e90?s=96&d=mm&r=g","contentUrl":"https:\/\/secure.gravatar.com\/avatar\/29557b161a6ce6ab86ac1503164f1e90?s=96&d=mm&r=g","caption":"Boris"},"url":"https:\/\/www.vegaintro-projekti.com\/pilar-stari\/author\/boris\/"}]}},"_links":{"self":[{"href":"https:\/\/www.vegaintro-projekti.com\/pilar-stari\/wp-json\/wp\/v2\/posts\/28120"}],"collection":[{"href":"https:\/\/www.vegaintro-projekti.com\/pilar-stari\/wp-json\/wp\/v2\/posts"}],"about":[{"href":"https:\/\/www.vegaintro-projekti.com\/pilar-stari\/wp-json\/wp\/v2\/types\/post"}],"author":[{"embeddable":true,"href":"https:\/\/www.vegaintro-projekti.com\/pilar-stari\/wp-json\/wp\/v2\/users\/7"}],"replies":[{"embeddable":true,"href":"https:\/\/www.vegaintro-projekti.com\/pilar-stari\/wp-json\/wp\/v2\/comments?post=28120"}],"version-history":[{"count":4,"href":"https:\/\/www.vegaintro-projekti.com\/pilar-stari\/wp-json\/wp\/v2\/posts\/28120\/revisions"}],"predecessor-version":[{"id":28156,"href":"https:\/\/www.vegaintro-projekti.com\/pilar-stari\/wp-json\/wp\/v2\/posts\/28120\/revisions\/28156"}],"wp:featuredmedia":[{"embeddable":true,"href":"https:\/\/www.vegaintro-projekti.com\/pilar-stari\/wp-json\/wp\/v2\/media\/28117"}],"wp:attachment":[{"href":"https:\/\/www.vegaintro-projekti.com\/pilar-stari\/wp-json\/wp\/v2\/media?parent=28120"}],"wp:term":[{"taxonomy":"category","embeddable":true,"href":"https:\/\/www.vegaintro-projekti.com\/pilar-stari\/wp-json\/wp\/v2\/categories?post=28120"},{"taxonomy":"post_tag","embeddable":true,"href":"https:\/\/www.vegaintro-projekti.com\/pilar-stari\/wp-json\/wp\/v2\/tags?post=28120"}],"curies":[{"name":"wp","href":"https:\/\/api.w.org\/{rel}","templated":true}]}}