{"id":28223,"date":"2023-12-19T17:35:43","date_gmt":"2023-12-19T17:35:43","guid":{"rendered":"https:\/\/www.vegaintro-projekti.com\/pilar-stari\/?p=28223"},"modified":"2023-12-19T17:36:52","modified_gmt":"2023-12-19T17:36:52","slug":"10-znanstvena-konferencija-identiteti-kulture-jezici-mostar-3-6-2924-poziv-na-sudjelovanje","status":"publish","type":"post","link":"https:\/\/www.vegaintro-projekti.com\/pilar-stari\/2023\/12\/10-znanstvena-konferencija-identiteti-kulture-jezici-mostar-3-6-2924-poziv-na-sudjelovanje\/","title":{"rendered":"10. znanstvena konferencija Identiteti \u2013 kulture \u2013 jezici, Mostar, 3. 6. 2024. \u2013 Poziv na sudjelovanje"},"content":{"rendered":"<p><strong>Institut Pilar jedan je od suorganizatora 10. znanstvene konferencije Identiteti \u2013 kulture \u2013 jezici, koja \u0107e se pod nazivom Umjetnost \u2013 umjetna inteligencija \u2013 umjetna stvarnost odr\u017eati na Filozofskom fakultetu Sveu\u010dili\u0161ta u Mostaru 3. lipnja 2024.<\/strong><\/p>\n<div class=\"wp-block-image\"><a href=\"https:\/\/ff.sum.ba\/hr\/node\/27396\"><img decoding=\"async\" loading=\"lazy\" class=\"alignnone wp-image-28220 size-full\" src=\"https:\/\/www.vegaintro-projekti.com\/pilar-stari\/wp-content\/uploads\/2023\/12\/IMG-4.jpg\" alt=\"i1\" width=\"620\" height=\"369\" srcset=\"https:\/\/www.vegaintro-projekti.com\/pilar-stari\/wp-content\/uploads\/2023\/12\/IMG-4.jpg 620w, https:\/\/www.vegaintro-projekti.com\/pilar-stari\/wp-content\/uploads\/2023\/12\/IMG-4-300x179.jpg 300w\" sizes=\"(max-width: 620px) 100vw, 620px\" \/><\/a><\/div>\n<p>&nbsp;<\/p>\n<p><strong>&#8211; Pozivno pismo i prijava za sudjelovanje:<\/strong> <a href=\"https:\/\/ff.sum.ba\/hr\/node\/27396\">https:\/\/ff.sum.ba\/hr\/node\/27396<\/a><\/p>\n<blockquote><p><a href=\"https:\/\/www.vegaintro-projekti.com\/pilar-stari\/2010\/07\/podruni-centar-osijek-2\/\">Podru\u010dni centar Osijek<\/a><\/p><\/blockquote>\n","protected":false},"excerpt":{"rendered":"<p>Institut Pilar jedan je od suorganizatora 10. znanstvene konferencije Identiteti \u2013 kulture \u2013 jezici, koja \u0107e se pod nazivom Umjetnost \u2013 umjetna inteligencija \u2013 umjetna stvarnost odr\u017eati na Filozofskom fakultetu Sveu\u010dili\u0161ta u Mostaru 3. lipnja 2024. &nbsp; &#8211; Pozivno pismo i prijava za sudjelovanje: https:\/\/ff.sum.ba\/hr\/node\/27396 Podru\u010dni centar Osijek<\/p>\n","protected":false},"author":7,"featured_media":28221,"comment_status":"closed","ping_status":"closed","sticky":false,"template":"","format":"standard","meta":{"inline_featured_image":false,"ngg_post_thumbnail":0,"footnotes":""},"categories":[48,11],"tags":[],"yoast_head":"<!-- This site is optimized with the Yoast SEO plugin v21.2 - https:\/\/yoast.com\/wordpress\/plugins\/seo\/ -->\n<title>10. znanstvena konferencija Identiteti \u2013 kulture \u2013 jezici, Mostar, 3. 6. 2024. \u2013 Poziv na sudjelovanje - Institut dru&scaron;tvenih znanosti Ivo Pilar<\/title>\n<meta name=\"robots\" content=\"noindex, follow, max-snippet:-1, max-image-preview:large, max-video-preview:-1\" \/>\n<meta property=\"og:locale\" content=\"hr_HR\" \/>\n<meta property=\"og:type\" content=\"article\" \/>\n<meta property=\"og:title\" content=\"10. znanstvena konferencija Identiteti \u2013 kulture \u2013 jezici, Mostar, 3. 6. 2024. \u2013 Poziv na sudjelovanje - Institut dru&scaron;tvenih znanosti Ivo Pilar\" \/>\n<meta property=\"og:description\" content=\"Institut Pilar jedan je od suorganizatora 10. znanstvene konferencije Identiteti \u2013 kulture \u2013 jezici, koja \u0107e se pod nazivom Umjetnost \u2013 umjetna inteligencija \u2013 umjetna stvarnost odr\u017eati na Filozofskom fakultetu Sveu\u010dili\u0161ta u Mostaru 3. lipnja 2024. &nbsp; &#8211; Pozivno pismo i prijava za sudjelovanje: https:\/\/ff.sum.ba\/hr\/node\/27396 Podru\u010dni centar Osijek\" \/>\n<meta property=\"og:url\" content=\"https:\/\/www.vegaintro-projekti.com\/pilar-stari\/2023\/12\/10-znanstvena-konferencija-identiteti-kulture-jezici-mostar-3-6-2924-poziv-na-sudjelovanje\/\" \/>\n<meta property=\"og:site_name\" content=\"Institut dru&scaron;tvenih znanosti Ivo Pilar\" \/>\n<meta property=\"article:published_time\" content=\"2023-12-19T17:35:43+00:00\" \/>\n<meta property=\"article:modified_time\" content=\"2023-12-19T17:36:52+00:00\" \/>\n<meta property=\"og:image\" content=\"https:\/\/www.vegaintro-projekti.com\/pilar-stari\/wp-content\/uploads\/2023\/12\/IMGfi-3.jpg\" \/>\n\t<meta property=\"og:image:width\" content=\"500\" \/>\n\t<meta property=\"og:image:height\" content=\"220\" \/>\n\t<meta property=\"og:image:type\" content=\"image\/jpeg\" \/>\n<meta name=\"author\" content=\"Boris\" \/>\n<meta name=\"twitter:card\" content=\"summary_large_image\" \/>\n<meta name=\"twitter:label1\" content=\"Napisao\/la\" \/>\n\t<meta name=\"twitter:data1\" content=\"Boris\" \/>\n\t<meta name=\"twitter:label2\" content=\"Procijenjeno vrijeme \u010ditanja\" \/>\n\t<meta name=\"twitter:data2\" content=\"1 minuta\" \/>\n<script type=\"application\/ld+json\" class=\"yoast-schema-graph\">{\"@context\":\"https:\/\/schema.org\",\"@graph\":[{\"@type\":\"WebPage\",\"@id\":\"https:\/\/www.vegaintro-projekti.com\/pilar-stari\/2023\/12\/10-znanstvena-konferencija-identiteti-kulture-jezici-mostar-3-6-2924-poziv-na-sudjelovanje\/\",\"url\":\"https:\/\/www.vegaintro-projekti.com\/pilar-stari\/2023\/12\/10-znanstvena-konferencija-identiteti-kulture-jezici-mostar-3-6-2924-poziv-na-sudjelovanje\/\",\"name\":\"10. znanstvena konferencija Identiteti \u2013 kulture \u2013 jezici, Mostar, 3. 6. 2024. \u2013 Poziv na sudjelovanje - Institut dru&scaron;tvenih znanosti Ivo Pilar\",\"isPartOf\":{\"@id\":\"https:\/\/www.vegaintro-projekti.com\/pilar-stari\/#website\"},\"datePublished\":\"2023-12-19T17:35:43+00:00\",\"dateModified\":\"2023-12-19T17:36:52+00:00\",\"author\":{\"@id\":\"https:\/\/www.vegaintro-projekti.com\/pilar-stari\/#\/schema\/person\/ddd404c9f1e15e4ffef5986ac6a5d28b\"},\"breadcrumb\":{\"@id\":\"https:\/\/www.vegaintro-projekti.com\/pilar-stari\/2023\/12\/10-znanstvena-konferencija-identiteti-kulture-jezici-mostar-3-6-2924-poziv-na-sudjelovanje\/#breadcrumb\"},\"inLanguage\":\"hr\",\"potentialAction\":[{\"@type\":\"ReadAction\",\"target\":[\"https:\/\/www.vegaintro-projekti.com\/pilar-stari\/2023\/12\/10-znanstvena-konferencija-identiteti-kulture-jezici-mostar-3-6-2924-poziv-na-sudjelovanje\/\"]}]},{\"@type\":\"BreadcrumbList\",\"@id\":\"https:\/\/www.vegaintro-projekti.com\/pilar-stari\/2023\/12\/10-znanstvena-konferencija-identiteti-kulture-jezici-mostar-3-6-2924-poziv-na-sudjelovanje\/#breadcrumb\",\"itemListElement\":[{\"@type\":\"ListItem\",\"position\":1,\"name\":\"Home\",\"item\":\"https:\/\/www.vegaintro-projekti.com\/pilar-stari\/\"},{\"@type\":\"ListItem\",\"position\":2,\"name\":\"10. znanstvena konferencija Identiteti \u2013 kulture \u2013 jezici, Mostar, 3. 6. 2024. \u2013 Poziv na sudjelovanje\"}]},{\"@type\":\"WebSite\",\"@id\":\"https:\/\/www.vegaintro-projekti.com\/pilar-stari\/#website\",\"url\":\"https:\/\/www.vegaintro-projekti.com\/pilar-stari\/\",\"name\":\"Institut dru&scaron;tvenih znanosti Ivo Pilar\",\"description\":\"Pilar\",\"potentialAction\":[{\"@type\":\"SearchAction\",\"target\":{\"@type\":\"EntryPoint\",\"urlTemplate\":\"https:\/\/www.vegaintro-projekti.com\/pilar-stari\/?s={search_term_string}\"},\"query-input\":\"required name=search_term_string\"}],\"inLanguage\":\"hr\"},{\"@type\":\"Person\",\"@id\":\"https:\/\/www.vegaintro-projekti.com\/pilar-stari\/#\/schema\/person\/ddd404c9f1e15e4ffef5986ac6a5d28b\",\"name\":\"Boris\",\"image\":{\"@type\":\"ImageObject\",\"inLanguage\":\"hr\",\"@id\":\"https:\/\/www.vegaintro-projekti.com\/pilar-stari\/#\/schema\/person\/image\/\",\"url\":\"https:\/\/secure.gravatar.com\/avatar\/29557b161a6ce6ab86ac1503164f1e90?s=96&d=mm&r=g\",\"contentUrl\":\"https:\/\/secure.gravatar.com\/avatar\/29557b161a6ce6ab86ac1503164f1e90?s=96&d=mm&r=g\",\"caption\":\"Boris\"},\"url\":\"https:\/\/www.vegaintro-projekti.com\/pilar-stari\/author\/boris\/\"}]}<\/script>\n<!-- \/ Yoast SEO plugin. -->","yoast_head_json":{"title":"10. znanstvena konferencija Identiteti \u2013 kulture \u2013 jezici, Mostar, 3. 6. 2024. \u2013 Poziv na sudjelovanje - Institut dru&scaron;tvenih znanosti Ivo Pilar","robots":{"index":"noindex","follow":"follow","max-snippet":"max-snippet:-1","max-image-preview":"max-image-preview:large","max-video-preview":"max-video-preview:-1"},"og_locale":"hr_HR","og_type":"article","og_title":"10. znanstvena konferencija Identiteti \u2013 kulture \u2013 jezici, Mostar, 3. 6. 2024. \u2013 Poziv na sudjelovanje - Institut dru&scaron;tvenih znanosti Ivo Pilar","og_description":"Institut Pilar jedan je od suorganizatora 10. znanstvene konferencije Identiteti \u2013 kulture \u2013 jezici, koja \u0107e se pod nazivom Umjetnost \u2013 umjetna inteligencija \u2013 umjetna stvarnost odr\u017eati na Filozofskom fakultetu Sveu\u010dili\u0161ta u Mostaru 3. lipnja 2024. &nbsp; &#8211; Pozivno pismo i prijava za sudjelovanje: https:\/\/ff.sum.ba\/hr\/node\/27396 Podru\u010dni centar Osijek","og_url":"https:\/\/www.vegaintro-projekti.com\/pilar-stari\/2023\/12\/10-znanstvena-konferencija-identiteti-kulture-jezici-mostar-3-6-2924-poziv-na-sudjelovanje\/","og_site_name":"Institut dru&scaron;tvenih znanosti Ivo Pilar","article_published_time":"2023-12-19T17:35:43+00:00","article_modified_time":"2023-12-19T17:36:52+00:00","og_image":[{"width":500,"height":220,"url":"https:\/\/www.vegaintro-projekti.com\/pilar-stari\/wp-content\/uploads\/2023\/12\/IMGfi-3.jpg","type":"image\/jpeg"}],"author":"Boris","twitter_card":"summary_large_image","twitter_misc":{"Napisao\/la":"Boris","Procijenjeno vrijeme \u010ditanja":"1 minuta"},"schema":{"@context":"https:\/\/schema.org","@graph":[{"@type":"WebPage","@id":"https:\/\/www.vegaintro-projekti.com\/pilar-stari\/2023\/12\/10-znanstvena-konferencija-identiteti-kulture-jezici-mostar-3-6-2924-poziv-na-sudjelovanje\/","url":"https:\/\/www.vegaintro-projekti.com\/pilar-stari\/2023\/12\/10-znanstvena-konferencija-identiteti-kulture-jezici-mostar-3-6-2924-poziv-na-sudjelovanje\/","name":"10. znanstvena konferencija Identiteti \u2013 kulture \u2013 jezici, Mostar, 3. 6. 2024. \u2013 Poziv na sudjelovanje - Institut dru&scaron;tvenih znanosti Ivo Pilar","isPartOf":{"@id":"https:\/\/www.vegaintro-projekti.com\/pilar-stari\/#website"},"datePublished":"2023-12-19T17:35:43+00:00","dateModified":"2023-12-19T17:36:52+00:00","author":{"@id":"https:\/\/www.vegaintro-projekti.com\/pilar-stari\/#\/schema\/person\/ddd404c9f1e15e4ffef5986ac6a5d28b"},"breadcrumb":{"@id":"https:\/\/www.vegaintro-projekti.com\/pilar-stari\/2023\/12\/10-znanstvena-konferencija-identiteti-kulture-jezici-mostar-3-6-2924-poziv-na-sudjelovanje\/#breadcrumb"},"inLanguage":"hr","potentialAction":[{"@type":"ReadAction","target":["https:\/\/www.vegaintro-projekti.com\/pilar-stari\/2023\/12\/10-znanstvena-konferencija-identiteti-kulture-jezici-mostar-3-6-2924-poziv-na-sudjelovanje\/"]}]},{"@type":"BreadcrumbList","@id":"https:\/\/www.vegaintro-projekti.com\/pilar-stari\/2023\/12\/10-znanstvena-konferencija-identiteti-kulture-jezici-mostar-3-6-2924-poziv-na-sudjelovanje\/#breadcrumb","itemListElement":[{"@type":"ListItem","position":1,"name":"Home","item":"https:\/\/www.vegaintro-projekti.com\/pilar-stari\/"},{"@type":"ListItem","position":2,"name":"10. znanstvena konferencija Identiteti \u2013 kulture \u2013 jezici, Mostar, 3. 6. 2024. \u2013 Poziv na sudjelovanje"}]},{"@type":"WebSite","@id":"https:\/\/www.vegaintro-projekti.com\/pilar-stari\/#website","url":"https:\/\/www.vegaintro-projekti.com\/pilar-stari\/","name":"Institut dru&scaron;tvenih znanosti Ivo Pilar","description":"Pilar","potentialAction":[{"@type":"SearchAction","target":{"@type":"EntryPoint","urlTemplate":"https:\/\/www.vegaintro-projekti.com\/pilar-stari\/?s={search_term_string}"},"query-input":"required name=search_term_string"}],"inLanguage":"hr"},{"@type":"Person","@id":"https:\/\/www.vegaintro-projekti.com\/pilar-stari\/#\/schema\/person\/ddd404c9f1e15e4ffef5986ac6a5d28b","name":"Boris","image":{"@type":"ImageObject","inLanguage":"hr","@id":"https:\/\/www.vegaintro-projekti.com\/pilar-stari\/#\/schema\/person\/image\/","url":"https:\/\/secure.gravatar.com\/avatar\/29557b161a6ce6ab86ac1503164f1e90?s=96&d=mm&r=g","contentUrl":"https:\/\/secure.gravatar.com\/avatar\/29557b161a6ce6ab86ac1503164f1e90?s=96&d=mm&r=g","caption":"Boris"},"url":"https:\/\/www.vegaintro-projekti.com\/pilar-stari\/author\/boris\/"}]}},"_links":{"self":[{"href":"https:\/\/www.vegaintro-projekti.com\/pilar-stari\/wp-json\/wp\/v2\/posts\/28223"}],"collection":[{"href":"https:\/\/www.vegaintro-projekti.com\/pilar-stari\/wp-json\/wp\/v2\/posts"}],"about":[{"href":"https:\/\/www.vegaintro-projekti.com\/pilar-stari\/wp-json\/wp\/v2\/types\/post"}],"author":[{"embeddable":true,"href":"https:\/\/www.vegaintro-projekti.com\/pilar-stari\/wp-json\/wp\/v2\/users\/7"}],"replies":[{"embeddable":true,"href":"https:\/\/www.vegaintro-projekti.com\/pilar-stari\/wp-json\/wp\/v2\/comments?post=28223"}],"version-history":[{"count":2,"href":"https:\/\/www.vegaintro-projekti.com\/pilar-stari\/wp-json\/wp\/v2\/posts\/28223\/revisions"}],"predecessor-version":[{"id":28225,"href":"https:\/\/www.vegaintro-projekti.com\/pilar-stari\/wp-json\/wp\/v2\/posts\/28223\/revisions\/28225"}],"wp:featuredmedia":[{"embeddable":true,"href":"https:\/\/www.vegaintro-projekti.com\/pilar-stari\/wp-json\/wp\/v2\/media\/28221"}],"wp:attachment":[{"href":"https:\/\/www.vegaintro-projekti.com\/pilar-stari\/wp-json\/wp\/v2\/media?parent=28223"}],"wp:term":[{"taxonomy":"category","embeddable":true,"href":"https:\/\/www.vegaintro-projekti.com\/pilar-stari\/wp-json\/wp\/v2\/categories?post=28223"},{"taxonomy":"post_tag","embeddable":true,"href":"https:\/\/www.vegaintro-projekti.com\/pilar-stari\/wp-json\/wp\/v2\/tags?post=28223"}],"curies":[{"name":"wp","href":"https:\/\/api.w.org\/{rel}","templated":true}]}}