{"id":28467,"date":"2024-01-15T20:20:25","date_gmt":"2024-01-15T20:20:25","guid":{"rendered":"https:\/\/www.vegaintro-projekti.com\/pilar-stari\/?p=28467"},"modified":"2024-01-15T22:06:31","modified_gmt":"2024-01-15T22:06:31","slug":"dr-sc-ivo-turk-hrvatska-bastinik-lose-demografske-politike-9-1-2024","status":"publish","type":"post","link":"https:\/\/www.vegaintro-projekti.com\/pilar-stari\/2024\/01\/dr-sc-ivo-turk-hrvatska-bastinik-lose-demografske-politike-9-1-2024\/","title":{"rendered":"Dr. sc. Ivo Turk: Hrvatska ba\u0161tinik lo\u0161e demografske politike, 9. 1. 2024."},"content":{"rendered":"<p><strong>Dr. sc. Ivo Turk gostovao je 9. sije\u010dnja 2024. u emisiji Hrvatske televizije &#8220;Studio 4&#8221; u kojoj je kazao &#8220;kako su demografski procesi dugotrajni te da se ne mo\u017ee sve svesti na jednu vlast jer kod nas ovakvi procesi traju od 60-ih godina pro\u0161log stolje\u0107a&#8221;<\/strong><\/p>\n<div class=\"wp-block-image\"><a href=\"https:\/\/vijesti.hrt.hr\/hrvatska\/turk-hrvatska-bastinik-lose-demografske-politike-ima-nas-sve-manje-11273809\"><img decoding=\"async\" loading=\"lazy\" class=\"alignnone wp-image-28466 size-full\" src=\"https:\/\/www.vegaintro-projekti.com\/pilar-stari\/wp-content\/uploads\/2024\/01\/IMG_s-1.jpg\" alt=\"i1\" width=\"620\" height=\"312\" srcset=\"https:\/\/www.vegaintro-projekti.com\/pilar-stari\/wp-content\/uploads\/2024\/01\/IMG_s-1.jpg 620w, https:\/\/www.vegaintro-projekti.com\/pilar-stari\/wp-content\/uploads\/2024\/01\/IMG_s-1-300x151.jpg 300w\" sizes=\"(max-width: 620px) 100vw, 620px\" \/><\/a><\/div>\n<p>&nbsp;<\/p>\n<p><strong>&#8211; Portal HRT:<\/strong> <a href=\"https:\/\/vijesti.hrt.hr\/hrvatska\/turk-hrvatska-bastinik-lose-demografske-politike-ima-nas-sve-manje-11273809\">Turk: Hrvatska ba\u0161tinik lo\u0161e demografske politike, 9. 1. 2024.<\/a><\/p>\n<p><em>Stopa fertiliteta u Hrvatskoj je posljednji put bila vi\u0161a od 2 djeteta po \u017eeni prije 56 godina, odnosno 1967. godine i od tada se kontinuirano smanjuje. Danas je ona pala na 1,45, dok je prosjek u Europi 1,48, a u Europskoj uniji 1,53.<\/em><\/p>\n<p>&#8211; Demografi u Hrvatskoj ve\u0107 70-ih godina po\u010deli su pisati da \u0107e nam se ovakva situacija dogoditi, ali malo tko ih je slu\u0161ao. Mi smo ba\u0161tinici lo\u0161e demografske politike dugi niz godina, istaknuo je.<\/p>\n<p>Na pitanje \u0161to bi se trebalo u\u010diniti da se zaustavi negativni trend, Turk smatra kako bi primarno bilo dobro vratiti iseljenike u Hrvatsku. No, kako ka\u017ee, to je iluzorno jer svi koji odu &#8211; rijetko se vra\u0107aju.<\/p>\n<p>&#8211; U Hrvatskoj treba prije svega pobolj\u0161ati ekonomsku i dru\u0161tvenu situaciju koje su trenutno nestimulativne za mlade te upravo zato odlaze, naglasio je.<\/p>\n<p>Dodaje kako je Europa \u201enajstariji\u201d kontinent i ima stopu fertiliteta ispod 2,1, a to je stopa koja omogu\u0107ava obnovu stanovni\u0161tva.<\/p>\n<p>&#8211; Zapadna Europa ima bolje demografske pokazatelje od isto\u010dne Europe, rekao je Turk.<\/p>\n<p>Smatra da \u0107e za 5-10 godina natalitet u Hrvatskoj i dalje biti nizak, a staro stanovni\u0161tvo \u0107e po\u010deti odumirati.<\/p>\n<p>&#8211; Mi smo u prirodnoj depopulaciji od 1991. godine. \u0160to zna\u010di da od tada do danas Hrvatska bilje\u017ei vi\u0161e umrlih nego ro\u0111enih, \u0161to \u0107e se nastaviti. Vjerojatno \u0107e se po\u010deti useljavati stranci, a Hrvati i dalje iseljavati. Supstitucija stanovni\u0161tva se polako doga\u0111a, nagla\u0161ava.<\/p>\n<p>Dodaje kako je na\u0161a tragedija \u0161to gubimo obrazovano stanovni\u0161tvo. Kako ka\u017ee, Hrvatska puno ula\u017ee u obrazovanje gra\u0111ana, a oni odlaze iz zemlje.<\/p>\n<p><strong>\u0160to starije dru\u0161tvo, to vi\u0161e problema<\/strong><\/p>\n<p>Turk isti\u010de kako je Hrvatska jedno od \u201enajstarijih\u201d dru\u0161tava u Europi i to sa sobom nosi niz problema.<\/p>\n<p>&#8211; Staro stanovni\u0161tvo treba pove\u0107anu medicinsku skrb jer vi\u0161e obolijeva, veliki izdaci su za mirovine \u0161to se izdvaja iz dr\u017eavnog prora\u010duna te se postavlja pitanje kako ga puniti. Mi imamo indeks starenja 156,2, \u0161to zna\u010di da na 100 mladih stanovnika, u dobi od 0-19 godina, ide 156 onih koji su stariji od 60 godina, govori.<\/p>\n<p>Nagla\u0161ava kako se u takvim zemljama ne mo\u017ee o\u010dekivati ekonomski razvitak.<\/p>\n<p>&#8211; Stra\u0161no je kada vidimo zadnji popis stanovni\u0161tva koji govori kako nas ima, nikada manje, ispod 4 milijuna.<\/p>\n<p>&#8211; Demografska problematika je strate\u0161ka problematika Hrvatske i to bi trebalo biti iznad politike i glede tog pitanja trebao bi postojati konsenzus svih stranaka, istaknuo je.<\/p>\n<p>Turk smatra kako gradovi na\u010delno imaju bolje demografske podatke od ruralnih prostora. Smatra da je hrvatski ruralni prostor demografski uni\u0161ten, a to se ponajvi\u0161e odnosi na isto\u010dnu Hrvatsku, gorsku Hrvatsku.<\/p>\n<p><strong>Cijelo gostovanje mo\u017ee se pogledati na poveznici:<\/strong><\/p>\n<p>&#8211; <a href=\"https:\/\/vijesti.hrt.hr\/hrvatska\/turk-hrvatska-bastinik-lose-demografske-politike-ima-nas-sve-manje-11273809\">https:\/\/vijesti.hrt.hr\/hrvatska\/turk-hrvatska-bastinik-lose-demografske-politike-ima-nas-sve-manje-11273809<\/a><\/p>\n<blockquote><p><a href=\"https:\/\/www.vegaintro-projekti.com\/pilar-stari\/biografije\/user-bio\/?my_user_id=60\">Dr. sc. Ivo Turk<\/a><\/p><\/blockquote>\n","protected":false},"excerpt":{"rendered":"<p>Dr. sc. Ivo Turk gostovao je 9. sije\u010dnja 2024. u emisiji Hrvatske televizije &#8220;Studio 4&#8221; u kojoj je kazao &#8220;kako su demografski procesi dugotrajni te da se ne mo\u017ee sve svesti na jednu vlast jer kod nas ovakvi procesi traju od 60-ih godina pro\u0161log stolje\u0107a&#8221; &nbsp; &#8211; Portal HRT: Turk: Hrvatska ba\u0161tinik lo\u0161e demografske politike,&hellip; <a class=\"continue\" href=\"https:\/\/www.vegaintro-projekti.com\/pilar-stari\/2024\/01\/dr-sc-ivo-turk-hrvatska-bastinik-lose-demografske-politike-9-1-2024\/\">Pro\u010ditaj vi\u0161e o<span> Dr. sc. Ivo Turk: Hrvatska ba\u0161tinik lo\u0161e demografske politike, 9. 1. 2024.<\/span><\/a><\/p>\n","protected":false},"author":7,"featured_media":28464,"comment_status":"closed","ping_status":"closed","sticky":false,"template":"","format":"standard","meta":{"inline_featured_image":false,"ngg_post_thumbnail":0,"footnotes":""},"categories":[48,12],"tags":[],"yoast_head":"<!-- This site is optimized with the Yoast SEO plugin v21.2 - https:\/\/yoast.com\/wordpress\/plugins\/seo\/ -->\n<title>Dr. sc. Ivo Turk: Hrvatska ba\u0161tinik lo\u0161e demografske politike, 9. 1. 2024. - Institut dru&scaron;tvenih znanosti Ivo Pilar<\/title>\n<meta name=\"robots\" content=\"noindex, follow, max-snippet:-1, max-image-preview:large, max-video-preview:-1\" \/>\n<meta property=\"og:locale\" content=\"hr_HR\" \/>\n<meta property=\"og:type\" content=\"article\" \/>\n<meta property=\"og:title\" content=\"Dr. sc. Ivo Turk: Hrvatska ba\u0161tinik lo\u0161e demografske politike, 9. 1. 2024. - Institut dru&scaron;tvenih znanosti Ivo Pilar\" \/>\n<meta property=\"og:description\" content=\"Dr. sc. Ivo Turk gostovao je 9. sije\u010dnja 2024. u emisiji Hrvatske televizije &#8220;Studio 4&#8221; u kojoj je kazao &#8220;kako su demografski procesi dugotrajni te da se ne mo\u017ee sve svesti na jednu vlast jer kod nas ovakvi procesi traju od 60-ih godina pro\u0161log stolje\u0107a&#8221; &nbsp; &#8211; Portal HRT: Turk: Hrvatska ba\u0161tinik lo\u0161e demografske politike,&hellip; Pro\u010ditaj vi\u0161e o Dr. sc. Ivo Turk: Hrvatska ba\u0161tinik lo\u0161e demografske politike, 9. 1. 2024.\" \/>\n<meta property=\"og:url\" content=\"https:\/\/www.vegaintro-projekti.com\/pilar-stari\/2024\/01\/dr-sc-ivo-turk-hrvatska-bastinik-lose-demografske-politike-9-1-2024\/\" \/>\n<meta property=\"og:site_name\" content=\"Institut dru&scaron;tvenih znanosti Ivo Pilar\" \/>\n<meta property=\"article:published_time\" content=\"2024-01-15T20:20:25+00:00\" \/>\n<meta property=\"article:modified_time\" content=\"2024-01-15T22:06:31+00:00\" \/>\n<meta property=\"og:image\" content=\"https:\/\/www.vegaintro-projekti.com\/pilar-stari\/wp-content\/uploads\/2024\/01\/IMG_fi-3.jpg\" \/>\n\t<meta property=\"og:image:width\" content=\"499\" \/>\n\t<meta property=\"og:image:height\" content=\"221\" \/>\n\t<meta property=\"og:image:type\" content=\"image\/jpeg\" \/>\n<meta name=\"author\" content=\"Boris\" \/>\n<meta name=\"twitter:card\" content=\"summary_large_image\" \/>\n<meta name=\"twitter:label1\" content=\"Napisao\/la\" \/>\n\t<meta name=\"twitter:data1\" content=\"Boris\" \/>\n\t<meta name=\"twitter:label2\" content=\"Procijenjeno vrijeme \u010ditanja\" \/>\n\t<meta name=\"twitter:data2\" content=\"3 minute\" \/>\n<script type=\"application\/ld+json\" class=\"yoast-schema-graph\">{\"@context\":\"https:\/\/schema.org\",\"@graph\":[{\"@type\":\"WebPage\",\"@id\":\"https:\/\/www.vegaintro-projekti.com\/pilar-stari\/2024\/01\/dr-sc-ivo-turk-hrvatska-bastinik-lose-demografske-politike-9-1-2024\/\",\"url\":\"https:\/\/www.vegaintro-projekti.com\/pilar-stari\/2024\/01\/dr-sc-ivo-turk-hrvatska-bastinik-lose-demografske-politike-9-1-2024\/\",\"name\":\"Dr. sc. Ivo Turk: Hrvatska ba\u0161tinik lo\u0161e demografske politike, 9. 1. 2024. - Institut dru&scaron;tvenih znanosti Ivo Pilar\",\"isPartOf\":{\"@id\":\"https:\/\/www.vegaintro-projekti.com\/pilar-stari\/#website\"},\"datePublished\":\"2024-01-15T20:20:25+00:00\",\"dateModified\":\"2024-01-15T22:06:31+00:00\",\"author\":{\"@id\":\"https:\/\/www.vegaintro-projekti.com\/pilar-stari\/#\/schema\/person\/ddd404c9f1e15e4ffef5986ac6a5d28b\"},\"breadcrumb\":{\"@id\":\"https:\/\/www.vegaintro-projekti.com\/pilar-stari\/2024\/01\/dr-sc-ivo-turk-hrvatska-bastinik-lose-demografske-politike-9-1-2024\/#breadcrumb\"},\"inLanguage\":\"hr\",\"potentialAction\":[{\"@type\":\"ReadAction\",\"target\":[\"https:\/\/www.vegaintro-projekti.com\/pilar-stari\/2024\/01\/dr-sc-ivo-turk-hrvatska-bastinik-lose-demografske-politike-9-1-2024\/\"]}]},{\"@type\":\"BreadcrumbList\",\"@id\":\"https:\/\/www.vegaintro-projekti.com\/pilar-stari\/2024\/01\/dr-sc-ivo-turk-hrvatska-bastinik-lose-demografske-politike-9-1-2024\/#breadcrumb\",\"itemListElement\":[{\"@type\":\"ListItem\",\"position\":1,\"name\":\"Home\",\"item\":\"https:\/\/www.vegaintro-projekti.com\/pilar-stari\/\"},{\"@type\":\"ListItem\",\"position\":2,\"name\":\"Dr. sc. Ivo Turk: Hrvatska ba\u0161tinik lo\u0161e demografske politike, 9. 1. 2024.\"}]},{\"@type\":\"WebSite\",\"@id\":\"https:\/\/www.vegaintro-projekti.com\/pilar-stari\/#website\",\"url\":\"https:\/\/www.vegaintro-projekti.com\/pilar-stari\/\",\"name\":\"Institut dru&scaron;tvenih znanosti Ivo Pilar\",\"description\":\"Pilar\",\"potentialAction\":[{\"@type\":\"SearchAction\",\"target\":{\"@type\":\"EntryPoint\",\"urlTemplate\":\"https:\/\/www.vegaintro-projekti.com\/pilar-stari\/?s={search_term_string}\"},\"query-input\":\"required name=search_term_string\"}],\"inLanguage\":\"hr\"},{\"@type\":\"Person\",\"@id\":\"https:\/\/www.vegaintro-projekti.com\/pilar-stari\/#\/schema\/person\/ddd404c9f1e15e4ffef5986ac6a5d28b\",\"name\":\"Boris\",\"image\":{\"@type\":\"ImageObject\",\"inLanguage\":\"hr\",\"@id\":\"https:\/\/www.vegaintro-projekti.com\/pilar-stari\/#\/schema\/person\/image\/\",\"url\":\"https:\/\/secure.gravatar.com\/avatar\/29557b161a6ce6ab86ac1503164f1e90?s=96&d=mm&r=g\",\"contentUrl\":\"https:\/\/secure.gravatar.com\/avatar\/29557b161a6ce6ab86ac1503164f1e90?s=96&d=mm&r=g\",\"caption\":\"Boris\"},\"url\":\"https:\/\/www.vegaintro-projekti.com\/pilar-stari\/author\/boris\/\"}]}<\/script>\n<!-- \/ Yoast SEO plugin. -->","yoast_head_json":{"title":"Dr. sc. Ivo Turk: Hrvatska ba\u0161tinik lo\u0161e demografske politike, 9. 1. 2024. - Institut dru&scaron;tvenih znanosti Ivo Pilar","robots":{"index":"noindex","follow":"follow","max-snippet":"max-snippet:-1","max-image-preview":"max-image-preview:large","max-video-preview":"max-video-preview:-1"},"og_locale":"hr_HR","og_type":"article","og_title":"Dr. sc. Ivo Turk: Hrvatska ba\u0161tinik lo\u0161e demografske politike, 9. 1. 2024. - Institut dru&scaron;tvenih znanosti Ivo Pilar","og_description":"Dr. sc. Ivo Turk gostovao je 9. sije\u010dnja 2024. u emisiji Hrvatske televizije &#8220;Studio 4&#8221; u kojoj je kazao &#8220;kako su demografski procesi dugotrajni te da se ne mo\u017ee sve svesti na jednu vlast jer kod nas ovakvi procesi traju od 60-ih godina pro\u0161log stolje\u0107a&#8221; &nbsp; &#8211; Portal HRT: Turk: Hrvatska ba\u0161tinik lo\u0161e demografske politike,&hellip; Pro\u010ditaj vi\u0161e o Dr. sc. Ivo Turk: Hrvatska ba\u0161tinik lo\u0161e demografske politike, 9. 1. 2024.","og_url":"https:\/\/www.vegaintro-projekti.com\/pilar-stari\/2024\/01\/dr-sc-ivo-turk-hrvatska-bastinik-lose-demografske-politike-9-1-2024\/","og_site_name":"Institut dru&scaron;tvenih znanosti Ivo Pilar","article_published_time":"2024-01-15T20:20:25+00:00","article_modified_time":"2024-01-15T22:06:31+00:00","og_image":[{"width":499,"height":221,"url":"https:\/\/www.vegaintro-projekti.com\/pilar-stari\/wp-content\/uploads\/2024\/01\/IMG_fi-3.jpg","type":"image\/jpeg"}],"author":"Boris","twitter_card":"summary_large_image","twitter_misc":{"Napisao\/la":"Boris","Procijenjeno vrijeme \u010ditanja":"3 minute"},"schema":{"@context":"https:\/\/schema.org","@graph":[{"@type":"WebPage","@id":"https:\/\/www.vegaintro-projekti.com\/pilar-stari\/2024\/01\/dr-sc-ivo-turk-hrvatska-bastinik-lose-demografske-politike-9-1-2024\/","url":"https:\/\/www.vegaintro-projekti.com\/pilar-stari\/2024\/01\/dr-sc-ivo-turk-hrvatska-bastinik-lose-demografske-politike-9-1-2024\/","name":"Dr. sc. Ivo Turk: Hrvatska ba\u0161tinik lo\u0161e demografske politike, 9. 1. 2024. - Institut dru&scaron;tvenih znanosti Ivo Pilar","isPartOf":{"@id":"https:\/\/www.vegaintro-projekti.com\/pilar-stari\/#website"},"datePublished":"2024-01-15T20:20:25+00:00","dateModified":"2024-01-15T22:06:31+00:00","author":{"@id":"https:\/\/www.vegaintro-projekti.com\/pilar-stari\/#\/schema\/person\/ddd404c9f1e15e4ffef5986ac6a5d28b"},"breadcrumb":{"@id":"https:\/\/www.vegaintro-projekti.com\/pilar-stari\/2024\/01\/dr-sc-ivo-turk-hrvatska-bastinik-lose-demografske-politike-9-1-2024\/#breadcrumb"},"inLanguage":"hr","potentialAction":[{"@type":"ReadAction","target":["https:\/\/www.vegaintro-projekti.com\/pilar-stari\/2024\/01\/dr-sc-ivo-turk-hrvatska-bastinik-lose-demografske-politike-9-1-2024\/"]}]},{"@type":"BreadcrumbList","@id":"https:\/\/www.vegaintro-projekti.com\/pilar-stari\/2024\/01\/dr-sc-ivo-turk-hrvatska-bastinik-lose-demografske-politike-9-1-2024\/#breadcrumb","itemListElement":[{"@type":"ListItem","position":1,"name":"Home","item":"https:\/\/www.vegaintro-projekti.com\/pilar-stari\/"},{"@type":"ListItem","position":2,"name":"Dr. sc. Ivo Turk: Hrvatska ba\u0161tinik lo\u0161e demografske politike, 9. 1. 2024."}]},{"@type":"WebSite","@id":"https:\/\/www.vegaintro-projekti.com\/pilar-stari\/#website","url":"https:\/\/www.vegaintro-projekti.com\/pilar-stari\/","name":"Institut dru&scaron;tvenih znanosti Ivo Pilar","description":"Pilar","potentialAction":[{"@type":"SearchAction","target":{"@type":"EntryPoint","urlTemplate":"https:\/\/www.vegaintro-projekti.com\/pilar-stari\/?s={search_term_string}"},"query-input":"required name=search_term_string"}],"inLanguage":"hr"},{"@type":"Person","@id":"https:\/\/www.vegaintro-projekti.com\/pilar-stari\/#\/schema\/person\/ddd404c9f1e15e4ffef5986ac6a5d28b","name":"Boris","image":{"@type":"ImageObject","inLanguage":"hr","@id":"https:\/\/www.vegaintro-projekti.com\/pilar-stari\/#\/schema\/person\/image\/","url":"https:\/\/secure.gravatar.com\/avatar\/29557b161a6ce6ab86ac1503164f1e90?s=96&d=mm&r=g","contentUrl":"https:\/\/secure.gravatar.com\/avatar\/29557b161a6ce6ab86ac1503164f1e90?s=96&d=mm&r=g","caption":"Boris"},"url":"https:\/\/www.vegaintro-projekti.com\/pilar-stari\/author\/boris\/"}]}},"_links":{"self":[{"href":"https:\/\/www.vegaintro-projekti.com\/pilar-stari\/wp-json\/wp\/v2\/posts\/28467"}],"collection":[{"href":"https:\/\/www.vegaintro-projekti.com\/pilar-stari\/wp-json\/wp\/v2\/posts"}],"about":[{"href":"https:\/\/www.vegaintro-projekti.com\/pilar-stari\/wp-json\/wp\/v2\/types\/post"}],"author":[{"embeddable":true,"href":"https:\/\/www.vegaintro-projekti.com\/pilar-stari\/wp-json\/wp\/v2\/users\/7"}],"replies":[{"embeddable":true,"href":"https:\/\/www.vegaintro-projekti.com\/pilar-stari\/wp-json\/wp\/v2\/comments?post=28467"}],"version-history":[{"count":7,"href":"https:\/\/www.vegaintro-projekti.com\/pilar-stari\/wp-json\/wp\/v2\/posts\/28467\/revisions"}],"predecessor-version":[{"id":28474,"href":"https:\/\/www.vegaintro-projekti.com\/pilar-stari\/wp-json\/wp\/v2\/posts\/28467\/revisions\/28474"}],"wp:featuredmedia":[{"embeddable":true,"href":"https:\/\/www.vegaintro-projekti.com\/pilar-stari\/wp-json\/wp\/v2\/media\/28464"}],"wp:attachment":[{"href":"https:\/\/www.vegaintro-projekti.com\/pilar-stari\/wp-json\/wp\/v2\/media?parent=28467"}],"wp:term":[{"taxonomy":"category","embeddable":true,"href":"https:\/\/www.vegaintro-projekti.com\/pilar-stari\/wp-json\/wp\/v2\/categories?post=28467"},{"taxonomy":"post_tag","embeddable":true,"href":"https:\/\/www.vegaintro-projekti.com\/pilar-stari\/wp-json\/wp\/v2\/tags?post=28467"}],"curies":[{"name":"wp","href":"https:\/\/api.w.org\/{rel}","templated":true}]}}