{"id":28729,"date":"2024-02-08T14:56:52","date_gmt":"2024-02-08T14:56:52","guid":{"rendered":"https:\/\/www.vegaintro-projekti.com\/pilar-stari\/?p=28729"},"modified":"2024-02-11T18:03:26","modified_gmt":"2024-02-11T18:03:26","slug":"dr-sc-ljiljana-dobrovsak-u-obiljezavanju-medunarodnog-dana-sjecanja-na-zrtve-holokausta-24-i-26-1-2024","status":"publish","type":"post","link":"https:\/\/www.vegaintro-projekti.com\/pilar-stari\/2024\/02\/dr-sc-ljiljana-dobrovsak-u-obiljezavanju-medunarodnog-dana-sjecanja-na-zrtve-holokausta-24-i-26-1-2024\/","title":{"rendered":"Dr. sc. Ljiljana Dobrov\u0161ak u obilje\u017eavanju Me\u0111unarodnog dana sje\u0107anja na \u017ertve Holokausta, 24. i 26. 1. 2024."},"content":{"rendered":"<p><strong>U sklopu obilje\u017eavanja Me\u0111unarodnog dana sje\u0107anja na \u017ertve Holokausta 27. sije\u010dnja 2024. dr. sc. Ljiljana Dobrov\u0161ak sudjelovala je 24. sije\u010dnja u predstavljanju knjige \u201e\u017didovska bogo\u0161tovna op\u0107ina Zagreb i njezino djelovanje u Nezavisnoj Dr\u017eavi Hrvatskoj\u201c te odr\u017eala 26. sije\u010dnja 2024. predavanje na temu povijesti \u017didova u gradu Zagrebu<\/strong><\/p>\n<div class=\"wp-block-image\">\n<p><a href=\"https:\/\/www.vegaintro-projekti.com\/pilar-stari\/wp-content\/uploads\/2024\/02\/IMG_5.jpg\"><img decoding=\"async\" loading=\"lazy\" class=\"alignnone wp-image-28724 size-full\" src=\"https:\/\/www.vegaintro-projekti.com\/pilar-stari\/wp-content\/uploads\/2024\/02\/IMG_5s.jpg\" alt=\"i1\" width=\"620\" height=\"258\" srcset=\"https:\/\/www.vegaintro-projekti.com\/pilar-stari\/wp-content\/uploads\/2024\/02\/IMG_5s.jpg 620w, https:\/\/www.vegaintro-projekti.com\/pilar-stari\/wp-content\/uploads\/2024\/02\/IMG_5s-300x125.jpg 300w\" sizes=\"(max-width: 620px) 100vw, 620px\" \/><\/a><a href=\"https:\/\/www.vegaintro-projekti.com\/pilar-stari\/wp-content\/uploads\/2024\/02\/IMG_4.jpg\"><img decoding=\"async\" loading=\"lazy\" class=\"alignnone wp-image-28722 size-full\" src=\"https:\/\/www.vegaintro-projekti.com\/pilar-stari\/wp-content\/uploads\/2024\/02\/IMG_4s.jpg\" alt=\"i2\" width=\"620\" height=\"465\" srcset=\"https:\/\/www.vegaintro-projekti.com\/pilar-stari\/wp-content\/uploads\/2024\/02\/IMG_4s.jpg 620w, https:\/\/www.vegaintro-projekti.com\/pilar-stari\/wp-content\/uploads\/2024\/02\/IMG_4s-300x225.jpg 300w\" sizes=\"(max-width: 620px) 100vw, 620px\" \/><\/a><\/p>\n<\/div>\n<p><span style=\"font-size: 14pt;\">Predstavljanje knjige<\/span><\/p>\n<p>Dana 24 sije\u010dnja 2024. u \u017didovskoj vjerskoj zajednici Bet Israel odr\u017eano je predstavljanje knjige izraelske znanstvenice Ruth Lipe \u201e\u017didovska bogo\u0161tovna op\u0107ina Zagreb i njezino djelovanje u Nezavisnoj Dr\u017eavi Hrvatskoj\u201c. U predstavljanju knjige uz povjesni\u010dara prof. dr. sc. Nevena Budaka, prevoditeljice Sonje Makek, urednice knjige Jasminke Doma\u0161 sudjelovala je i znanstvenica Instituta dr. sc. Ljiljana Dobrov\u0161ak.<br \/>\n&#8211; <a href=\"https:\/\/www.vegaintro-projekti.com\/pilar-stari\/wp-content\/uploads\/2024\/02\/Pozivnica-1.pdf\">Pozivnica<\/a><\/p>\n<p><strong>Iz medija<\/strong><\/p>\n<p>&#8211; <a href=\"https:\/\/historiografija.hr\/?p=39298\">https:\/\/historiografija.hr\/?p=39298<\/a><br \/>\n&#8211; <a href=\"https:\/\/www.index.hr\/vijesti\/clanak\/profesor-s-filozofskog-zidovska-opcina-u-zagrebu-je-radila-cijelo-vrijeme-u-ndh\/2532391.aspx\">https:\/\/www.index.hr\/vijesti\/clanak\/profesor-s-filozofskog-zidovska-opcina-u-zagrebu-je-radila-cijelo-vrijeme-u-ndh\/2532391.aspx<\/a><br \/>\n&#8211; <a href=\"https:\/\/www.nacional.hr\/u-zagrebu-je-u-ndh-djelovala-zidovska-bogostovna-opcina\/\">https:\/\/www.nacional.hr\/u-zagrebu-je-u-ndh-djelovala-zidovska-bogostovna-opcina\/<\/a><br \/>\n&#8211; <a href=\"https:\/\/www.culturenet.hr\/hr\/predstavljanje-knjige-izraelske-znanstvenice-ruth-lipe\/203470\">https:\/\/www.culturenet.hr\/hr\/predstavljanje-knjige-izraelske-znanstvenice-ruth-lipe\/203470<\/a><br \/>\n&#8211; <a href=\"https:\/\/infokiosk.net\/profesor-budak-zidovska-opcina-u-zagrebu-je-radila-cijelo-vrijeme-u-ndh\/\">https:\/\/infokiosk.net\/profesor-budak-zidovska-opcina-u-zagrebu-je-radila-cijelo-vrijeme-u-ndh\/<\/a><\/p>\n<div class=\"wp-block-image\">\n<p><a href=\"https:\/\/www.vegaintro-projekti.com\/pilar-stari\/wp-content\/uploads\/2024\/02\/IMG_1-6.jpg\"><img decoding=\"async\" loading=\"lazy\" class=\"alignnone wp-image-28718 size-full\" src=\"https:\/\/www.vegaintro-projekti.com\/pilar-stari\/wp-content\/uploads\/2024\/02\/IMG_1s-5.jpg\" alt=\"i3\" width=\"620\" height=\"325\" srcset=\"https:\/\/www.vegaintro-projekti.com\/pilar-stari\/wp-content\/uploads\/2024\/02\/IMG_1s-5.jpg 620w, https:\/\/www.vegaintro-projekti.com\/pilar-stari\/wp-content\/uploads\/2024\/02\/IMG_1s-5-300x157.jpg 300w\" sizes=\"(max-width: 620px) 100vw, 620px\" \/><\/a><a href=\"https:\/\/www.vegaintro-projekti.com\/pilar-stari\/wp-content\/uploads\/2024\/02\/IMG_2-5.jpg\"><img decoding=\"async\" loading=\"lazy\" class=\"alignnone wp-image-28720 size-full\" src=\"https:\/\/www.vegaintro-projekti.com\/pilar-stari\/wp-content\/uploads\/2024\/02\/IMG_2s-5.jpg\" alt=\"i4\" width=\"620\" height=\"335\" srcset=\"https:\/\/www.vegaintro-projekti.com\/pilar-stari\/wp-content\/uploads\/2024\/02\/IMG_2s-5.jpg 620w, https:\/\/www.vegaintro-projekti.com\/pilar-stari\/wp-content\/uploads\/2024\/02\/IMG_2s-5-300x162.jpg 300w\" sizes=\"(max-width: 620px) 100vw, 620px\" \/><\/a><\/p>\n<\/div>\n<p><span style=\"font-size: 14pt;\">Predavanje<\/span><\/p>\n<p>Dana 26. sije\u010dnja 2024. dr. sc. Ljiljana Dobrov\u0161ak je u sklopu obilje\u017eavanja 27. sije\u010dnja Me\u0111unarodnog dana sje\u0107anja na \u017ertve Holokausta odr\u017eala predavanje u Gimnaziji Sesvete u\u010denicima \u010detvrtih razreda na temu povijesti \u017didova u gradu Zagrebu od njihovog prvog spomena pa sve do dana\u0161njih dana.<\/p>\n<blockquote><p><a href=\"https:\/\/www.vegaintro-projekti.com\/pilar-stari\/biografije\/user-bio\/?my_user_id=19\">Dr. sc. Ljiljana Dobrov\u0161ak<\/a><\/p><\/blockquote>\n","protected":false},"excerpt":{"rendered":"<p>U sklopu obilje\u017eavanja Me\u0111unarodnog dana sje\u0107anja na \u017ertve Holokausta 27. sije\u010dnja 2024. dr. sc. Ljiljana Dobrov\u0161ak sudjelovala je 24. sije\u010dnja u predstavljanju knjige \u201e\u017didovska bogo\u0161tovna op\u0107ina Zagreb i njezino djelovanje u Nezavisnoj Dr\u017eavi Hrvatskoj\u201c te odr\u017eala 26. sije\u010dnja 2024. predavanje na temu povijesti \u017didova u gradu Zagrebu Predstavljanje knjige Dana 24 sije\u010dnja 2024. u \u017didovskoj&hellip; <a class=\"continue\" href=\"https:\/\/www.vegaintro-projekti.com\/pilar-stari\/2024\/02\/dr-sc-ljiljana-dobrovsak-u-obiljezavanju-medunarodnog-dana-sjecanja-na-zrtve-holokausta-24-i-26-1-2024\/\">Pro\u010ditaj vi\u0161e o<span> Dr. sc. Ljiljana Dobrov\u0161ak u obilje\u017eavanju Me\u0111unarodnog dana sje\u0107anja na \u017ertve Holokausta, 24. i 26. 1. 2024.<\/span><\/a><\/p>\n","protected":false},"author":7,"featured_media":28726,"comment_status":"closed","ping_status":"closed","sticky":false,"template":"","format":"standard","meta":{"inline_featured_image":false,"ngg_post_thumbnail":0,"footnotes":""},"categories":[11],"tags":[],"yoast_head":"<!-- This site is optimized with the Yoast SEO plugin v21.2 - https:\/\/yoast.com\/wordpress\/plugins\/seo\/ -->\n<title>Dr. sc. Ljiljana Dobrov\u0161ak u obilje\u017eavanju Me\u0111unarodnog dana sje\u0107anja na \u017ertve Holokausta, 24. i 26. 1. 2024. - Institut dru&scaron;tvenih znanosti Ivo Pilar<\/title>\n<meta name=\"robots\" content=\"noindex, follow, max-snippet:-1, max-image-preview:large, max-video-preview:-1\" \/>\n<meta property=\"og:locale\" content=\"hr_HR\" \/>\n<meta property=\"og:type\" content=\"article\" \/>\n<meta property=\"og:title\" content=\"Dr. sc. Ljiljana Dobrov\u0161ak u obilje\u017eavanju Me\u0111unarodnog dana sje\u0107anja na \u017ertve Holokausta, 24. i 26. 1. 2024. - Institut dru&scaron;tvenih znanosti Ivo Pilar\" \/>\n<meta property=\"og:description\" content=\"U sklopu obilje\u017eavanja Me\u0111unarodnog dana sje\u0107anja na \u017ertve Holokausta 27. sije\u010dnja 2024. dr. sc. Ljiljana Dobrov\u0161ak sudjelovala je 24. sije\u010dnja u predstavljanju knjige \u201e\u017didovska bogo\u0161tovna op\u0107ina Zagreb i njezino djelovanje u Nezavisnoj Dr\u017eavi Hrvatskoj\u201c te odr\u017eala 26. sije\u010dnja 2024. predavanje na temu povijesti \u017didova u gradu Zagrebu Predstavljanje knjige Dana 24 sije\u010dnja 2024. u \u017didovskoj&hellip; Pro\u010ditaj vi\u0161e o Dr. sc. Ljiljana Dobrov\u0161ak u obilje\u017eavanju Me\u0111unarodnog dana sje\u0107anja na \u017ertve Holokausta, 24. i 26. 1. 2024.\" \/>\n<meta property=\"og:url\" content=\"https:\/\/www.vegaintro-projekti.com\/pilar-stari\/2024\/02\/dr-sc-ljiljana-dobrovsak-u-obiljezavanju-medunarodnog-dana-sjecanja-na-zrtve-holokausta-24-i-26-1-2024\/\" \/>\n<meta property=\"og:site_name\" content=\"Institut dru&scaron;tvenih znanosti Ivo Pilar\" \/>\n<meta property=\"article:published_time\" content=\"2024-02-08T14:56:52+00:00\" \/>\n<meta property=\"article:modified_time\" content=\"2024-02-11T18:03:26+00:00\" \/>\n<meta property=\"og:image\" content=\"https:\/\/www.vegaintro-projekti.com\/pilar-stari\/wp-content\/uploads\/2024\/02\/IMG_6fi.jpg\" \/>\n\t<meta property=\"og:image:width\" content=\"330\" \/>\n\t<meta property=\"og:image:height\" content=\"227\" \/>\n\t<meta property=\"og:image:type\" content=\"image\/jpeg\" \/>\n<meta name=\"author\" content=\"Boris\" \/>\n<meta name=\"twitter:card\" content=\"summary_large_image\" \/>\n<meta name=\"twitter:label1\" content=\"Napisao\/la\" \/>\n\t<meta name=\"twitter:data1\" content=\"Boris\" \/>\n\t<meta name=\"twitter:label2\" content=\"Procijenjeno vrijeme \u010ditanja\" \/>\n\t<meta name=\"twitter:data2\" content=\"2 minute\" \/>\n<script type=\"application\/ld+json\" class=\"yoast-schema-graph\">{\"@context\":\"https:\/\/schema.org\",\"@graph\":[{\"@type\":\"WebPage\",\"@id\":\"https:\/\/www.vegaintro-projekti.com\/pilar-stari\/2024\/02\/dr-sc-ljiljana-dobrovsak-u-obiljezavanju-medunarodnog-dana-sjecanja-na-zrtve-holokausta-24-i-26-1-2024\/\",\"url\":\"https:\/\/www.vegaintro-projekti.com\/pilar-stari\/2024\/02\/dr-sc-ljiljana-dobrovsak-u-obiljezavanju-medunarodnog-dana-sjecanja-na-zrtve-holokausta-24-i-26-1-2024\/\",\"name\":\"Dr. sc. Ljiljana Dobrov\u0161ak u obilje\u017eavanju Me\u0111unarodnog dana sje\u0107anja na \u017ertve Holokausta, 24. i 26. 1. 2024. - Institut dru&scaron;tvenih znanosti Ivo Pilar\",\"isPartOf\":{\"@id\":\"https:\/\/www.vegaintro-projekti.com\/pilar-stari\/#website\"},\"datePublished\":\"2024-02-08T14:56:52+00:00\",\"dateModified\":\"2024-02-11T18:03:26+00:00\",\"author\":{\"@id\":\"https:\/\/www.vegaintro-projekti.com\/pilar-stari\/#\/schema\/person\/ddd404c9f1e15e4ffef5986ac6a5d28b\"},\"breadcrumb\":{\"@id\":\"https:\/\/www.vegaintro-projekti.com\/pilar-stari\/2024\/02\/dr-sc-ljiljana-dobrovsak-u-obiljezavanju-medunarodnog-dana-sjecanja-na-zrtve-holokausta-24-i-26-1-2024\/#breadcrumb\"},\"inLanguage\":\"hr\",\"potentialAction\":[{\"@type\":\"ReadAction\",\"target\":[\"https:\/\/www.vegaintro-projekti.com\/pilar-stari\/2024\/02\/dr-sc-ljiljana-dobrovsak-u-obiljezavanju-medunarodnog-dana-sjecanja-na-zrtve-holokausta-24-i-26-1-2024\/\"]}]},{\"@type\":\"BreadcrumbList\",\"@id\":\"https:\/\/www.vegaintro-projekti.com\/pilar-stari\/2024\/02\/dr-sc-ljiljana-dobrovsak-u-obiljezavanju-medunarodnog-dana-sjecanja-na-zrtve-holokausta-24-i-26-1-2024\/#breadcrumb\",\"itemListElement\":[{\"@type\":\"ListItem\",\"position\":1,\"name\":\"Home\",\"item\":\"https:\/\/www.vegaintro-projekti.com\/pilar-stari\/\"},{\"@type\":\"ListItem\",\"position\":2,\"name\":\"Dr. sc. Ljiljana Dobrov\u0161ak u obilje\u017eavanju Me\u0111unarodnog dana sje\u0107anja na \u017ertve Holokausta, 24. i 26. 1. 2024.\"}]},{\"@type\":\"WebSite\",\"@id\":\"https:\/\/www.vegaintro-projekti.com\/pilar-stari\/#website\",\"url\":\"https:\/\/www.vegaintro-projekti.com\/pilar-stari\/\",\"name\":\"Institut dru&scaron;tvenih znanosti Ivo Pilar\",\"description\":\"Pilar\",\"potentialAction\":[{\"@type\":\"SearchAction\",\"target\":{\"@type\":\"EntryPoint\",\"urlTemplate\":\"https:\/\/www.vegaintro-projekti.com\/pilar-stari\/?s={search_term_string}\"},\"query-input\":\"required name=search_term_string\"}],\"inLanguage\":\"hr\"},{\"@type\":\"Person\",\"@id\":\"https:\/\/www.vegaintro-projekti.com\/pilar-stari\/#\/schema\/person\/ddd404c9f1e15e4ffef5986ac6a5d28b\",\"name\":\"Boris\",\"image\":{\"@type\":\"ImageObject\",\"inLanguage\":\"hr\",\"@id\":\"https:\/\/www.vegaintro-projekti.com\/pilar-stari\/#\/schema\/person\/image\/\",\"url\":\"https:\/\/secure.gravatar.com\/avatar\/29557b161a6ce6ab86ac1503164f1e90?s=96&d=mm&r=g\",\"contentUrl\":\"https:\/\/secure.gravatar.com\/avatar\/29557b161a6ce6ab86ac1503164f1e90?s=96&d=mm&r=g\",\"caption\":\"Boris\"},\"url\":\"https:\/\/www.vegaintro-projekti.com\/pilar-stari\/author\/boris\/\"}]}<\/script>\n<!-- \/ Yoast SEO plugin. -->","yoast_head_json":{"title":"Dr. sc. Ljiljana Dobrov\u0161ak u obilje\u017eavanju Me\u0111unarodnog dana sje\u0107anja na \u017ertve Holokausta, 24. i 26. 1. 2024. - Institut dru&scaron;tvenih znanosti Ivo Pilar","robots":{"index":"noindex","follow":"follow","max-snippet":"max-snippet:-1","max-image-preview":"max-image-preview:large","max-video-preview":"max-video-preview:-1"},"og_locale":"hr_HR","og_type":"article","og_title":"Dr. sc. Ljiljana Dobrov\u0161ak u obilje\u017eavanju Me\u0111unarodnog dana sje\u0107anja na \u017ertve Holokausta, 24. i 26. 1. 2024. - Institut dru&scaron;tvenih znanosti Ivo Pilar","og_description":"U sklopu obilje\u017eavanja Me\u0111unarodnog dana sje\u0107anja na \u017ertve Holokausta 27. sije\u010dnja 2024. dr. sc. Ljiljana Dobrov\u0161ak sudjelovala je 24. sije\u010dnja u predstavljanju knjige \u201e\u017didovska bogo\u0161tovna op\u0107ina Zagreb i njezino djelovanje u Nezavisnoj Dr\u017eavi Hrvatskoj\u201c te odr\u017eala 26. sije\u010dnja 2024. predavanje na temu povijesti \u017didova u gradu Zagrebu Predstavljanje knjige Dana 24 sije\u010dnja 2024. u \u017didovskoj&hellip; Pro\u010ditaj vi\u0161e o Dr. sc. Ljiljana Dobrov\u0161ak u obilje\u017eavanju Me\u0111unarodnog dana sje\u0107anja na \u017ertve Holokausta, 24. i 26. 1. 2024.","og_url":"https:\/\/www.vegaintro-projekti.com\/pilar-stari\/2024\/02\/dr-sc-ljiljana-dobrovsak-u-obiljezavanju-medunarodnog-dana-sjecanja-na-zrtve-holokausta-24-i-26-1-2024\/","og_site_name":"Institut dru&scaron;tvenih znanosti Ivo Pilar","article_published_time":"2024-02-08T14:56:52+00:00","article_modified_time":"2024-02-11T18:03:26+00:00","og_image":[{"width":330,"height":227,"url":"https:\/\/www.vegaintro-projekti.com\/pilar-stari\/wp-content\/uploads\/2024\/02\/IMG_6fi.jpg","type":"image\/jpeg"}],"author":"Boris","twitter_card":"summary_large_image","twitter_misc":{"Napisao\/la":"Boris","Procijenjeno vrijeme \u010ditanja":"2 minute"},"schema":{"@context":"https:\/\/schema.org","@graph":[{"@type":"WebPage","@id":"https:\/\/www.vegaintro-projekti.com\/pilar-stari\/2024\/02\/dr-sc-ljiljana-dobrovsak-u-obiljezavanju-medunarodnog-dana-sjecanja-na-zrtve-holokausta-24-i-26-1-2024\/","url":"https:\/\/www.vegaintro-projekti.com\/pilar-stari\/2024\/02\/dr-sc-ljiljana-dobrovsak-u-obiljezavanju-medunarodnog-dana-sjecanja-na-zrtve-holokausta-24-i-26-1-2024\/","name":"Dr. sc. Ljiljana Dobrov\u0161ak u obilje\u017eavanju Me\u0111unarodnog dana sje\u0107anja na \u017ertve Holokausta, 24. i 26. 1. 2024. - Institut dru&scaron;tvenih znanosti Ivo Pilar","isPartOf":{"@id":"https:\/\/www.vegaintro-projekti.com\/pilar-stari\/#website"},"datePublished":"2024-02-08T14:56:52+00:00","dateModified":"2024-02-11T18:03:26+00:00","author":{"@id":"https:\/\/www.vegaintro-projekti.com\/pilar-stari\/#\/schema\/person\/ddd404c9f1e15e4ffef5986ac6a5d28b"},"breadcrumb":{"@id":"https:\/\/www.vegaintro-projekti.com\/pilar-stari\/2024\/02\/dr-sc-ljiljana-dobrovsak-u-obiljezavanju-medunarodnog-dana-sjecanja-na-zrtve-holokausta-24-i-26-1-2024\/#breadcrumb"},"inLanguage":"hr","potentialAction":[{"@type":"ReadAction","target":["https:\/\/www.vegaintro-projekti.com\/pilar-stari\/2024\/02\/dr-sc-ljiljana-dobrovsak-u-obiljezavanju-medunarodnog-dana-sjecanja-na-zrtve-holokausta-24-i-26-1-2024\/"]}]},{"@type":"BreadcrumbList","@id":"https:\/\/www.vegaintro-projekti.com\/pilar-stari\/2024\/02\/dr-sc-ljiljana-dobrovsak-u-obiljezavanju-medunarodnog-dana-sjecanja-na-zrtve-holokausta-24-i-26-1-2024\/#breadcrumb","itemListElement":[{"@type":"ListItem","position":1,"name":"Home","item":"https:\/\/www.vegaintro-projekti.com\/pilar-stari\/"},{"@type":"ListItem","position":2,"name":"Dr. sc. Ljiljana Dobrov\u0161ak u obilje\u017eavanju Me\u0111unarodnog dana sje\u0107anja na \u017ertve Holokausta, 24. i 26. 1. 2024."}]},{"@type":"WebSite","@id":"https:\/\/www.vegaintro-projekti.com\/pilar-stari\/#website","url":"https:\/\/www.vegaintro-projekti.com\/pilar-stari\/","name":"Institut dru&scaron;tvenih znanosti Ivo Pilar","description":"Pilar","potentialAction":[{"@type":"SearchAction","target":{"@type":"EntryPoint","urlTemplate":"https:\/\/www.vegaintro-projekti.com\/pilar-stari\/?s={search_term_string}"},"query-input":"required name=search_term_string"}],"inLanguage":"hr"},{"@type":"Person","@id":"https:\/\/www.vegaintro-projekti.com\/pilar-stari\/#\/schema\/person\/ddd404c9f1e15e4ffef5986ac6a5d28b","name":"Boris","image":{"@type":"ImageObject","inLanguage":"hr","@id":"https:\/\/www.vegaintro-projekti.com\/pilar-stari\/#\/schema\/person\/image\/","url":"https:\/\/secure.gravatar.com\/avatar\/29557b161a6ce6ab86ac1503164f1e90?s=96&d=mm&r=g","contentUrl":"https:\/\/secure.gravatar.com\/avatar\/29557b161a6ce6ab86ac1503164f1e90?s=96&d=mm&r=g","caption":"Boris"},"url":"https:\/\/www.vegaintro-projekti.com\/pilar-stari\/author\/boris\/"}]}},"_links":{"self":[{"href":"https:\/\/www.vegaintro-projekti.com\/pilar-stari\/wp-json\/wp\/v2\/posts\/28729"}],"collection":[{"href":"https:\/\/www.vegaintro-projekti.com\/pilar-stari\/wp-json\/wp\/v2\/posts"}],"about":[{"href":"https:\/\/www.vegaintro-projekti.com\/pilar-stari\/wp-json\/wp\/v2\/types\/post"}],"author":[{"embeddable":true,"href":"https:\/\/www.vegaintro-projekti.com\/pilar-stari\/wp-json\/wp\/v2\/users\/7"}],"replies":[{"embeddable":true,"href":"https:\/\/www.vegaintro-projekti.com\/pilar-stari\/wp-json\/wp\/v2\/comments?post=28729"}],"version-history":[{"count":7,"href":"https:\/\/www.vegaintro-projekti.com\/pilar-stari\/wp-json\/wp\/v2\/posts\/28729\/revisions"}],"predecessor-version":[{"id":28736,"href":"https:\/\/www.vegaintro-projekti.com\/pilar-stari\/wp-json\/wp\/v2\/posts\/28729\/revisions\/28736"}],"wp:featuredmedia":[{"embeddable":true,"href":"https:\/\/www.vegaintro-projekti.com\/pilar-stari\/wp-json\/wp\/v2\/media\/28726"}],"wp:attachment":[{"href":"https:\/\/www.vegaintro-projekti.com\/pilar-stari\/wp-json\/wp\/v2\/media?parent=28729"}],"wp:term":[{"taxonomy":"category","embeddable":true,"href":"https:\/\/www.vegaintro-projekti.com\/pilar-stari\/wp-json\/wp\/v2\/categories?post=28729"},{"taxonomy":"post_tag","embeddable":true,"href":"https:\/\/www.vegaintro-projekti.com\/pilar-stari\/wp-json\/wp\/v2\/tags?post=28729"}],"curies":[{"name":"wp","href":"https:\/\/api.w.org\/{rel}","templated":true}]}}