{"id":28979,"date":"2024-03-04T18:21:49","date_gmt":"2024-03-04T18:21:49","guid":{"rendered":"https:\/\/www.vegaintro-projekti.com\/pilar-stari\/?p=28979"},"modified":"2024-04-15T05:00:48","modified_gmt":"2024-04-15T05:00:48","slug":"izlaganje-ive-zunic-mag-soc-mag-psych-o-skalama-muskosti-i-zenskosti-8-2-2024","status":"publish","type":"post","link":"https:\/\/www.vegaintro-projekti.com\/pilar-stari\/2024\/03\/izlaganje-ive-zunic-mag-soc-mag-psych-o-skalama-muskosti-i-zenskosti-8-2-2024\/","title":{"rendered":"Izlaganje Ive \u017duni\u0107, mag. soc., mag. psych., o skalama mu\u0161kosti i \u017eenskosti, 8. 2. 2024."},"content":{"rendered":"<p><strong>U okviru ciklusa \u201eMetodolo\u0161ke teme\u201c splitske podru\u017enice Hrvatskog sociolo\u0161kog dru\u0161tva , asistentica na Institutu Pilar i suradnica projekta NextGenderHR Iva \u017duni\u0107, mag. soc., mag. psych., odr\u017eala je 8. velja\u010de 2024. videokonferencijsko izlaganje s naslovom \u201eAnaliza mjernih instrumenata mu\u0161kosti i \u017eenskosti\u201c<\/strong><\/p>\n<div class=\"wp-block-image\"><a href=\"https:\/\/www.vegaintro-projekti.com\/pilar-stari\/2024\/01\/odrzan-radni-sastanak-projekta-nextgenderhr-split-18-i-19-1-2024\/\"><img decoding=\"async\" loading=\"lazy\" class=\"alignnone wp-image-28974 size-full\" src=\"https:\/\/www.vegaintro-projekti.com\/pilar-stari\/wp-content\/uploads\/2024\/03\/IMG_0.jpg\" alt=\"i1\" width=\"620\" height=\"137\" srcset=\"https:\/\/www.vegaintro-projekti.com\/pilar-stari\/wp-content\/uploads\/2024\/03\/IMG_0.jpg 620w, https:\/\/www.vegaintro-projekti.com\/pilar-stari\/wp-content\/uploads\/2024\/03\/IMG_0-300x66.jpg 300w\" sizes=\"(max-width: 620px) 100vw, 620px\" \/><\/a><\/div>\n<div>\n<div class=\"wp-block-image\">\n<p><a href=\"https:\/\/www.vegaintro-projekti.com\/pilar-stari\/wp-content\/uploads\/2024\/03\/IMG_1-1.jpg\"><img decoding=\"async\" loading=\"lazy\" class=\"alignnone wp-image-28975 size-full\" src=\"https:\/\/www.vegaintro-projekti.com\/pilar-stari\/wp-content\/uploads\/2024\/03\/IMG_1-1.jpg\" alt=\"i2\" width=\"620\" height=\"382\" srcset=\"https:\/\/www.vegaintro-projekti.com\/pilar-stari\/wp-content\/uploads\/2024\/03\/IMG_1-1.jpg 620w, https:\/\/www.vegaintro-projekti.com\/pilar-stari\/wp-content\/uploads\/2024\/03\/IMG_1-1-300x185.jpg 300w\" sizes=\"(max-width: 620px) 100vw, 620px\" \/><\/a><a href=\"https:\/\/www.vegaintro-projekti.com\/pilar-stari\/wp-content\/uploads\/2024\/03\/IMG_2-1.jpg\"><img decoding=\"async\" loading=\"lazy\" class=\"alignnone wp-image-28976 size-full\" src=\"https:\/\/www.vegaintro-projekti.com\/pilar-stari\/wp-content\/uploads\/2024\/03\/IMG_2-1.jpg\" alt=\"i3\" width=\"620\" height=\"384\" srcset=\"https:\/\/www.vegaintro-projekti.com\/pilar-stari\/wp-content\/uploads\/2024\/03\/IMG_2-1.jpg 620w, https:\/\/www.vegaintro-projekti.com\/pilar-stari\/wp-content\/uploads\/2024\/03\/IMG_2-1-300x186.jpg 300w\" sizes=\"(max-width: 620px) 100vw, 620px\" \/><\/a><\/p>\n<\/div>\n<\/div>\n<p><strong>Izlaga\u010dica je iznijela kriti\u010dki pregled<\/strong> odabranih postoje\u0107ih skala mu\u0161kosti i \u017eenskosti kori\u0161tenih u razli\u010ditim istra\u017eivanjima s rodnom tematikom, a u raspravi koja je uslijedila tematizirani su na\u010dini na koje bi se one mogle osuvremeniti odnosno prilagoditi aktualnim prilikama.<\/p>\n<p>Aktivnost se odvijala u okviru projekta \u201ePromjene rodnih odnosa u Hrvatskoj\u201c (NextGenderHR), koji se provodi na Institutu dru\u0161tvenih znanosti Ivo Pilar i financira sredstvima Europske unije iz programa NextGenerationEU. Izlaganje i rasprava koja je uslijedila pridonijeli su ostvarivanju projektnih aktivnosti koje se ti\u010du izrade skale nove mu\u0161kosti i nove \u017eenskosti. Nova skala primijenit \u0107e se u provedbi anketnog ispitivanja sa studentskom populacijom u dva hrvatska sveu\u010dili\u0161na grada (Zagreb i Split).<\/p>\n<blockquote><p><a href=\"https:\/\/www.vegaintro-projekti.com\/pilar-stari\/2024\/04\/projekt-nextgenderhr-promjene-rodnih-odnosa-u-hrvatskoj\/\">Projekt NextGenderHR<\/a><\/p><\/blockquote>\n<p><span style=\"font-size: 14pt;\">Presentation by Iva \u017duni\u0107, mag. soc., mag. psych., on the scales of masculinity and femininity, February 8, 2024.<\/span><\/p>\n<p><em><strong>As part of the \u2018Methodological Topics\u2019 cycle of the Split branch of the Croatian Sociological Association, assistant at the Pilar Institute and associate of the NextGenderHR project, Iva \u017duni\u0107, mag. soc., mag. psych., held a videoconference presentation entitled &#8220;Analysis of measuring instruments of masculinity and femininity&#8221;. The presentation was held on February 8, 2024.<\/strong><\/em><\/p>\n<div class=\"wp-block-image\">\n<div class=\"wp-block-image\">\n<div class=\"wp-block-image\"><a href=\"https:\/\/www.vegaintro-projekti.com\/pilar-stari\/2024\/01\/odrzan-radni-sastanak-projekta-nextgenderhr-split-18-i-19-1-2024\/\"><img decoding=\"async\" loading=\"lazy\" class=\"alignnone wp-image-28974 size-full\" src=\"https:\/\/www.vegaintro-projekti.com\/pilar-stari\/wp-content\/uploads\/2024\/03\/IMG_0.jpg\" alt=\"i4\" width=\"620\" height=\"137\" srcset=\"https:\/\/www.vegaintro-projekti.com\/pilar-stari\/wp-content\/uploads\/2024\/03\/IMG_0.jpg 620w, https:\/\/www.vegaintro-projekti.com\/pilar-stari\/wp-content\/uploads\/2024\/03\/IMG_0-300x66.jpg 300w\" sizes=\"(max-width: 620px) 100vw, 620px\" \/><\/a><\/div>\n<\/div>\n<\/div>\n<div>\n<div class=\"wp-block-image\"><a href=\"https:\/\/www.vegaintro-projekti.com\/pilar-stari\/wp-content\/uploads\/2024\/03\/IMG_3.jpg\"><img decoding=\"async\" loading=\"lazy\" class=\"alignnone wp-image-28977 size-full\" src=\"https:\/\/www.vegaintro-projekti.com\/pilar-stari\/wp-content\/uploads\/2024\/03\/IMG_3.jpg\" alt=\"i4\" width=\"620\" height=\"348\" srcset=\"https:\/\/www.vegaintro-projekti.com\/pilar-stari\/wp-content\/uploads\/2024\/03\/IMG_3.jpg 620w, https:\/\/www.vegaintro-projekti.com\/pilar-stari\/wp-content\/uploads\/2024\/03\/IMG_3-300x168.jpg 300w\" sizes=\"(max-width: 620px) 100vw, 620px\" \/><\/a><\/div>\n<\/div>\n<p>&nbsp;<\/p>\n<p><em><strong>A critical overview<\/strong> of selected existing scales of masculinity and femininity used in various gender-related research studies was presented. In the discussion that followed, ways in which these measuring instruments could be modernized or adapted to current circumstances were brought into focus.<\/em><\/p>\n<p><em>This activity took place within the framework of the project \u2018Changes in gender relations in Croatia\u2019 (NextGenderHR), which is carried out at the Ivo Pilar Institute of Social Sciences and financed by the European Union\u2019s NextGenerationEU programme. Iva \u017duni\u0107\u2019s presentation and the discussion that followed contributed to the implementation of project activities related to the creation of a scale of new masculinity and new femininity. This new scale will be implemented in a survey with the student population in two larger Croatian university cities (Zagreb and Split).<\/em><\/p>\n<blockquote><p><a href=\"https:\/\/www.vegaintro-projekti.com\/pilar-stari\/2024\/04\/projekt-nextgenderhr-promjene-rodnih-odnosa-u-hrvatskoj\/\">Project NextGenderHR<\/a><\/p>\n<p><a href=\"https:\/\/www.vegaintro-projekti.com\/pilar-stari\/2010\/07\/podruni-centar-split-2\/\">Podru\u010dni centar Split<\/a><\/p><\/blockquote>\n","protected":false},"excerpt":{"rendered":"<p>U okviru ciklusa \u201eMetodolo\u0161ke teme\u201c splitske podru\u017enice Hrvatskog sociolo\u0161kog dru\u0161tva , asistentica na Institutu Pilar i suradnica projekta NextGenderHR Iva \u017duni\u0107, mag. soc., mag. psych., odr\u017eala je 8. velja\u010de 2024. videokonferencijsko izlaganje s naslovom \u201eAnaliza mjernih instrumenata mu\u0161kosti i \u017eenskosti\u201c Izlaga\u010dica je iznijela kriti\u010dki pregled odabranih postoje\u0107ih skala mu\u0161kosti i \u017eenskosti kori\u0161tenih u razli\u010ditim istra\u017eivanjima&hellip; <a class=\"continue\" href=\"https:\/\/www.vegaintro-projekti.com\/pilar-stari\/2024\/03\/izlaganje-ive-zunic-mag-soc-mag-psych-o-skalama-muskosti-i-zenskosti-8-2-2024\/\">Pro\u010ditaj vi\u0161e o<span> Izlaganje Ive \u017duni\u0107, mag. soc., mag. psych., o skalama mu\u0161kosti i \u017eenskosti, 8. 2. 2024.<\/span><\/a><\/p>\n","protected":false},"author":7,"featured_media":28978,"comment_status":"closed","ping_status":"closed","sticky":false,"template":"","format":"standard","meta":{"inline_featured_image":false,"ngg_post_thumbnail":0,"footnotes":""},"categories":[48,29],"tags":[],"yoast_head":"<!-- This site is optimized with the Yoast SEO plugin v21.2 - https:\/\/yoast.com\/wordpress\/plugins\/seo\/ -->\n<title>Izlaganje Ive \u017duni\u0107, mag. soc., mag. psych., o skalama mu\u0161kosti i \u017eenskosti, 8. 2. 2024. - Institut dru&scaron;tvenih znanosti Ivo Pilar<\/title>\n<meta name=\"robots\" content=\"noindex, follow, max-snippet:-1, max-image-preview:large, max-video-preview:-1\" \/>\n<meta property=\"og:locale\" content=\"hr_HR\" \/>\n<meta property=\"og:type\" content=\"article\" \/>\n<meta property=\"og:title\" content=\"Izlaganje Ive \u017duni\u0107, mag. soc., mag. psych., o skalama mu\u0161kosti i \u017eenskosti, 8. 2. 2024. - Institut dru&scaron;tvenih znanosti Ivo Pilar\" \/>\n<meta property=\"og:description\" content=\"U okviru ciklusa \u201eMetodolo\u0161ke teme\u201c splitske podru\u017enice Hrvatskog sociolo\u0161kog dru\u0161tva , asistentica na Institutu Pilar i suradnica projekta NextGenderHR Iva \u017duni\u0107, mag. soc., mag. psych., odr\u017eala je 8. velja\u010de 2024. videokonferencijsko izlaganje s naslovom \u201eAnaliza mjernih instrumenata mu\u0161kosti i \u017eenskosti\u201c Izlaga\u010dica je iznijela kriti\u010dki pregled odabranih postoje\u0107ih skala mu\u0161kosti i \u017eenskosti kori\u0161tenih u razli\u010ditim istra\u017eivanjima&hellip; Pro\u010ditaj vi\u0161e o Izlaganje Ive \u017duni\u0107, mag. soc., mag. psych., o skalama mu\u0161kosti i \u017eenskosti, 8. 2. 2024.\" \/>\n<meta property=\"og:url\" content=\"https:\/\/www.vegaintro-projekti.com\/pilar-stari\/2024\/03\/izlaganje-ive-zunic-mag-soc-mag-psych-o-skalama-muskosti-i-zenskosti-8-2-2024\/\" \/>\n<meta property=\"og:site_name\" content=\"Institut dru&scaron;tvenih znanosti Ivo Pilar\" \/>\n<meta property=\"article:published_time\" content=\"2024-03-04T18:21:49+00:00\" \/>\n<meta property=\"article:modified_time\" content=\"2024-04-15T05:00:48+00:00\" \/>\n<meta property=\"og:image\" content=\"https:\/\/www.vegaintro-projekti.com\/pilar-stari\/wp-content\/uploads\/2024\/03\/IMG_fi-1.jpg\" \/>\n\t<meta property=\"og:image:width\" content=\"500\" \/>\n\t<meta property=\"og:image:height\" content=\"220\" \/>\n\t<meta property=\"og:image:type\" content=\"image\/jpeg\" \/>\n<meta name=\"author\" content=\"Boris\" \/>\n<meta name=\"twitter:card\" content=\"summary_large_image\" \/>\n<meta name=\"twitter:label1\" content=\"Napisao\/la\" \/>\n\t<meta name=\"twitter:data1\" content=\"Boris\" \/>\n\t<meta name=\"twitter:label2\" content=\"Procijenjeno vrijeme \u010ditanja\" \/>\n\t<meta name=\"twitter:data2\" content=\"3 minute\" \/>\n<script type=\"application\/ld+json\" class=\"yoast-schema-graph\">{\"@context\":\"https:\/\/schema.org\",\"@graph\":[{\"@type\":\"WebPage\",\"@id\":\"https:\/\/www.vegaintro-projekti.com\/pilar-stari\/2024\/03\/izlaganje-ive-zunic-mag-soc-mag-psych-o-skalama-muskosti-i-zenskosti-8-2-2024\/\",\"url\":\"https:\/\/www.vegaintro-projekti.com\/pilar-stari\/2024\/03\/izlaganje-ive-zunic-mag-soc-mag-psych-o-skalama-muskosti-i-zenskosti-8-2-2024\/\",\"name\":\"Izlaganje Ive \u017duni\u0107, mag. soc., mag. psych., o skalama mu\u0161kosti i \u017eenskosti, 8. 2. 2024. - Institut dru&scaron;tvenih znanosti Ivo Pilar\",\"isPartOf\":{\"@id\":\"https:\/\/www.vegaintro-projekti.com\/pilar-stari\/#website\"},\"datePublished\":\"2024-03-04T18:21:49+00:00\",\"dateModified\":\"2024-04-15T05:00:48+00:00\",\"author\":{\"@id\":\"https:\/\/www.vegaintro-projekti.com\/pilar-stari\/#\/schema\/person\/ddd404c9f1e15e4ffef5986ac6a5d28b\"},\"breadcrumb\":{\"@id\":\"https:\/\/www.vegaintro-projekti.com\/pilar-stari\/2024\/03\/izlaganje-ive-zunic-mag-soc-mag-psych-o-skalama-muskosti-i-zenskosti-8-2-2024\/#breadcrumb\"},\"inLanguage\":\"hr\",\"potentialAction\":[{\"@type\":\"ReadAction\",\"target\":[\"https:\/\/www.vegaintro-projekti.com\/pilar-stari\/2024\/03\/izlaganje-ive-zunic-mag-soc-mag-psych-o-skalama-muskosti-i-zenskosti-8-2-2024\/\"]}]},{\"@type\":\"BreadcrumbList\",\"@id\":\"https:\/\/www.vegaintro-projekti.com\/pilar-stari\/2024\/03\/izlaganje-ive-zunic-mag-soc-mag-psych-o-skalama-muskosti-i-zenskosti-8-2-2024\/#breadcrumb\",\"itemListElement\":[{\"@type\":\"ListItem\",\"position\":1,\"name\":\"Home\",\"item\":\"https:\/\/www.vegaintro-projekti.com\/pilar-stari\/\"},{\"@type\":\"ListItem\",\"position\":2,\"name\":\"Izlaganje Ive \u017duni\u0107, mag. soc., mag. psych., o skalama mu\u0161kosti i \u017eenskosti, 8. 2. 2024.\"}]},{\"@type\":\"WebSite\",\"@id\":\"https:\/\/www.vegaintro-projekti.com\/pilar-stari\/#website\",\"url\":\"https:\/\/www.vegaintro-projekti.com\/pilar-stari\/\",\"name\":\"Institut dru&scaron;tvenih znanosti Ivo Pilar\",\"description\":\"Pilar\",\"potentialAction\":[{\"@type\":\"SearchAction\",\"target\":{\"@type\":\"EntryPoint\",\"urlTemplate\":\"https:\/\/www.vegaintro-projekti.com\/pilar-stari\/?s={search_term_string}\"},\"query-input\":\"required name=search_term_string\"}],\"inLanguage\":\"hr\"},{\"@type\":\"Person\",\"@id\":\"https:\/\/www.vegaintro-projekti.com\/pilar-stari\/#\/schema\/person\/ddd404c9f1e15e4ffef5986ac6a5d28b\",\"name\":\"Boris\",\"image\":{\"@type\":\"ImageObject\",\"inLanguage\":\"hr\",\"@id\":\"https:\/\/www.vegaintro-projekti.com\/pilar-stari\/#\/schema\/person\/image\/\",\"url\":\"https:\/\/secure.gravatar.com\/avatar\/29557b161a6ce6ab86ac1503164f1e90?s=96&d=mm&r=g\",\"contentUrl\":\"https:\/\/secure.gravatar.com\/avatar\/29557b161a6ce6ab86ac1503164f1e90?s=96&d=mm&r=g\",\"caption\":\"Boris\"},\"url\":\"https:\/\/www.vegaintro-projekti.com\/pilar-stari\/author\/boris\/\"}]}<\/script>\n<!-- \/ Yoast SEO plugin. -->","yoast_head_json":{"title":"Izlaganje Ive \u017duni\u0107, mag. soc., mag. psych., o skalama mu\u0161kosti i \u017eenskosti, 8. 2. 2024. - Institut dru&scaron;tvenih znanosti Ivo Pilar","robots":{"index":"noindex","follow":"follow","max-snippet":"max-snippet:-1","max-image-preview":"max-image-preview:large","max-video-preview":"max-video-preview:-1"},"og_locale":"hr_HR","og_type":"article","og_title":"Izlaganje Ive \u017duni\u0107, mag. soc., mag. psych., o skalama mu\u0161kosti i \u017eenskosti, 8. 2. 2024. - Institut dru&scaron;tvenih znanosti Ivo Pilar","og_description":"U okviru ciklusa \u201eMetodolo\u0161ke teme\u201c splitske podru\u017enice Hrvatskog sociolo\u0161kog dru\u0161tva , asistentica na Institutu Pilar i suradnica projekta NextGenderHR Iva \u017duni\u0107, mag. soc., mag. psych., odr\u017eala je 8. velja\u010de 2024. videokonferencijsko izlaganje s naslovom \u201eAnaliza mjernih instrumenata mu\u0161kosti i \u017eenskosti\u201c Izlaga\u010dica je iznijela kriti\u010dki pregled odabranih postoje\u0107ih skala mu\u0161kosti i \u017eenskosti kori\u0161tenih u razli\u010ditim istra\u017eivanjima&hellip; Pro\u010ditaj vi\u0161e o Izlaganje Ive \u017duni\u0107, mag. soc., mag. psych., o skalama mu\u0161kosti i \u017eenskosti, 8. 2. 2024.","og_url":"https:\/\/www.vegaintro-projekti.com\/pilar-stari\/2024\/03\/izlaganje-ive-zunic-mag-soc-mag-psych-o-skalama-muskosti-i-zenskosti-8-2-2024\/","og_site_name":"Institut dru&scaron;tvenih znanosti Ivo Pilar","article_published_time":"2024-03-04T18:21:49+00:00","article_modified_time":"2024-04-15T05:00:48+00:00","og_image":[{"width":500,"height":220,"url":"https:\/\/www.vegaintro-projekti.com\/pilar-stari\/wp-content\/uploads\/2024\/03\/IMG_fi-1.jpg","type":"image\/jpeg"}],"author":"Boris","twitter_card":"summary_large_image","twitter_misc":{"Napisao\/la":"Boris","Procijenjeno vrijeme \u010ditanja":"3 minute"},"schema":{"@context":"https:\/\/schema.org","@graph":[{"@type":"WebPage","@id":"https:\/\/www.vegaintro-projekti.com\/pilar-stari\/2024\/03\/izlaganje-ive-zunic-mag-soc-mag-psych-o-skalama-muskosti-i-zenskosti-8-2-2024\/","url":"https:\/\/www.vegaintro-projekti.com\/pilar-stari\/2024\/03\/izlaganje-ive-zunic-mag-soc-mag-psych-o-skalama-muskosti-i-zenskosti-8-2-2024\/","name":"Izlaganje Ive \u017duni\u0107, mag. soc., mag. psych., o skalama mu\u0161kosti i \u017eenskosti, 8. 2. 2024. - Institut dru&scaron;tvenih znanosti Ivo Pilar","isPartOf":{"@id":"https:\/\/www.vegaintro-projekti.com\/pilar-stari\/#website"},"datePublished":"2024-03-04T18:21:49+00:00","dateModified":"2024-04-15T05:00:48+00:00","author":{"@id":"https:\/\/www.vegaintro-projekti.com\/pilar-stari\/#\/schema\/person\/ddd404c9f1e15e4ffef5986ac6a5d28b"},"breadcrumb":{"@id":"https:\/\/www.vegaintro-projekti.com\/pilar-stari\/2024\/03\/izlaganje-ive-zunic-mag-soc-mag-psych-o-skalama-muskosti-i-zenskosti-8-2-2024\/#breadcrumb"},"inLanguage":"hr","potentialAction":[{"@type":"ReadAction","target":["https:\/\/www.vegaintro-projekti.com\/pilar-stari\/2024\/03\/izlaganje-ive-zunic-mag-soc-mag-psych-o-skalama-muskosti-i-zenskosti-8-2-2024\/"]}]},{"@type":"BreadcrumbList","@id":"https:\/\/www.vegaintro-projekti.com\/pilar-stari\/2024\/03\/izlaganje-ive-zunic-mag-soc-mag-psych-o-skalama-muskosti-i-zenskosti-8-2-2024\/#breadcrumb","itemListElement":[{"@type":"ListItem","position":1,"name":"Home","item":"https:\/\/www.vegaintro-projekti.com\/pilar-stari\/"},{"@type":"ListItem","position":2,"name":"Izlaganje Ive \u017duni\u0107, mag. soc., mag. psych., o skalama mu\u0161kosti i \u017eenskosti, 8. 2. 2024."}]},{"@type":"WebSite","@id":"https:\/\/www.vegaintro-projekti.com\/pilar-stari\/#website","url":"https:\/\/www.vegaintro-projekti.com\/pilar-stari\/","name":"Institut dru&scaron;tvenih znanosti Ivo Pilar","description":"Pilar","potentialAction":[{"@type":"SearchAction","target":{"@type":"EntryPoint","urlTemplate":"https:\/\/www.vegaintro-projekti.com\/pilar-stari\/?s={search_term_string}"},"query-input":"required name=search_term_string"}],"inLanguage":"hr"},{"@type":"Person","@id":"https:\/\/www.vegaintro-projekti.com\/pilar-stari\/#\/schema\/person\/ddd404c9f1e15e4ffef5986ac6a5d28b","name":"Boris","image":{"@type":"ImageObject","inLanguage":"hr","@id":"https:\/\/www.vegaintro-projekti.com\/pilar-stari\/#\/schema\/person\/image\/","url":"https:\/\/secure.gravatar.com\/avatar\/29557b161a6ce6ab86ac1503164f1e90?s=96&d=mm&r=g","contentUrl":"https:\/\/secure.gravatar.com\/avatar\/29557b161a6ce6ab86ac1503164f1e90?s=96&d=mm&r=g","caption":"Boris"},"url":"https:\/\/www.vegaintro-projekti.com\/pilar-stari\/author\/boris\/"}]}},"_links":{"self":[{"href":"https:\/\/www.vegaintro-projekti.com\/pilar-stari\/wp-json\/wp\/v2\/posts\/28979"}],"collection":[{"href":"https:\/\/www.vegaintro-projekti.com\/pilar-stari\/wp-json\/wp\/v2\/posts"}],"about":[{"href":"https:\/\/www.vegaintro-projekti.com\/pilar-stari\/wp-json\/wp\/v2\/types\/post"}],"author":[{"embeddable":true,"href":"https:\/\/www.vegaintro-projekti.com\/pilar-stari\/wp-json\/wp\/v2\/users\/7"}],"replies":[{"embeddable":true,"href":"https:\/\/www.vegaintro-projekti.com\/pilar-stari\/wp-json\/wp\/v2\/comments?post=28979"}],"version-history":[{"count":9,"href":"https:\/\/www.vegaintro-projekti.com\/pilar-stari\/wp-json\/wp\/v2\/posts\/28979\/revisions"}],"predecessor-version":[{"id":29376,"href":"https:\/\/www.vegaintro-projekti.com\/pilar-stari\/wp-json\/wp\/v2\/posts\/28979\/revisions\/29376"}],"wp:featuredmedia":[{"embeddable":true,"href":"https:\/\/www.vegaintro-projekti.com\/pilar-stari\/wp-json\/wp\/v2\/media\/28978"}],"wp:attachment":[{"href":"https:\/\/www.vegaintro-projekti.com\/pilar-stari\/wp-json\/wp\/v2\/media?parent=28979"}],"wp:term":[{"taxonomy":"category","embeddable":true,"href":"https:\/\/www.vegaintro-projekti.com\/pilar-stari\/wp-json\/wp\/v2\/categories?post=28979"},{"taxonomy":"post_tag","embeddable":true,"href":"https:\/\/www.vegaintro-projekti.com\/pilar-stari\/wp-json\/wp\/v2\/tags?post=28979"}],"curies":[{"name":"wp","href":"https:\/\/api.w.org\/{rel}","templated":true}]}}