{"id":290,"date":"2010-06-10T08:29:30","date_gmt":"2010-06-10T08:29:30","guid":{"rendered":"https:\/\/www.vegaintro-projekti.com\/pilar-stari\/2010\/06\/10\/centar-za-urbane-i-ruralne-studije\/"},"modified":"2018-02-06T10:41:11","modified_gmt":"2018-02-06T10:41:11","slug":"centar-za-urbane-i-ruralne-studije","status":"publish","type":"post","link":"https:\/\/www.vegaintro-projekti.com\/pilar-stari\/2010\/06\/centar-za-urbane-i-ruralne-studije\/","title":{"rendered":"Centar za urbane i ruralne studije"},"content":{"rendered":"<p><span style=\"font-size: 10pt;\">&nbsp;<\/span><br \/>\n<a href=\"#naziv\">Naziv<\/a> \u25cf <a href=\"#sjediste\">Sjedi\u0161te<\/a> \u25cf <a href=\"#voditelj\">Voditelj<\/a> \u25cf <a href=\"#osnutak\">Osnutak<\/a> \u25cf <a href=\"#djelatnost\">Djelatnost<\/a> \u25cf <a href=\"#podru\u010dja\">Podru\u010dja<\/a>&nbsp;\u25cf <a href=\"#publikacije\">Publikacije<\/a>&nbsp;\u25cf <a href=\"#novosti\">Novosti<\/a><\/p>\n<p>&nbsp;<\/p>\n<table border=\"0\">\n<tbody>\n<tr>\n<td><img decoding=\"async\" loading=\"lazy\" src=\"https:\/\/www.vegaintro-projekti.com\/pilar-stari\/wp-content\/images\/stories\/fotografije\/glagoljica\/u.jpg\" alt=\"u\" width=\"94\" height=\"87\"><\/td>\n<\/tr>\n<\/tbody>\n<\/table>\n<p><a name=\"naziv\"><\/a>&nbsp;<br \/>\n<span style=\"font-size: 12pt;\">Naziv<\/span><\/p>\n<p><strong>Centar za urbane i ruralne studije \u2013 CURS \/ Centre for Urban and Rural Studies<\/strong><\/p>\n<p><a name=\"sjediste\"><\/a>&nbsp;<br \/>\n<span style=\"font-size: 12pt;\">Sjedi\u0161te<\/span><\/p>\n<p>Institut dru\u0161tvenih znanosti Ivo Pilar<br \/>\nMaruli\u0107ev trg 19\/I<br \/>\n10000 Zagreb<br \/>\nTel.: + 385 1 4886 814<br \/>\nFaks: + 385 1 4828 296<br \/>\nE-mail: <a href=\"mailto:geran.marko.miletic@vegaintro-projekti.com\/pilar-stari\">geran.marko.miletic@vegaintro-projekti.com\/pilar-stari<\/a><\/p>\n<p><a name=\"voditelj\"><\/a>&nbsp;<br \/>\n<span style=\"font-size: 12pt;\">Voditelj<\/span><\/p>\n<p><a href=\"https:\/\/www.vegaintro-projekti.com\/pilar-stari\/biografije\/user-bio\/?my_user_id=41\">Dr. sc. Geran Marko Mileti\u0107<\/a><\/p>\n<p><a name=\"osnutak\"><\/a>&nbsp;<br \/>\n<span style=\"font-size: 12pt;\">Osnutak<\/span><\/p>\n<p><strong>2008.<\/strong><\/p>\n<p><a name=\"djelatnost\"><\/a>&nbsp;<br \/>\n<span style=\"font-size: 12pt;\">Djelatnost<\/span><\/p>\n<p>Centar je osnovan s namjerom da razvija institucionalne osnove interdisciplinarnih istra\u017eivanja urbanih i ruralnih naselja i mre\u017ea i posebnih teritorijalnih cjelina (regija, za\u0161ti\u0107enih podru\u010dja, administrativnih cjelina, drugih podru\u010dja sa specifi\u010dnim razvojnim problemima) te da postane sredi\u0161nja institucija za referentna podru\u010dja istra\u017eivanja.<br \/>\nTemeljni ciljevi jesu: ja\u010danje kompetencije i koncentracija stru\u010dnog i znanstvenog osoblja te osposobljavanje znanstvenih novaka, stvaranje trajnih interdisciplinarnih istra\u017eiva\u010dkih programa, izrada specifi\u010dnih dokumentacijskih baza, suradnja sa srodnim istra\u017eiva\u010dkim adresama u zemlji i inozemstvu, pru\u017eanje istra\u017eiva\u010dkih usluga subjektima dru\u0161tvenog razvitka, specijalisti\u010dke&nbsp; i interdisciplinarne publikacije.<\/p>\n<p><a name=\"podru\u010dja\"><\/a>&nbsp;<br \/>\n<span style=\"font-size: 12pt;\">Podru\u010dja<\/span><\/p>\n<p>Osnovna tematska podru\u010dja istra\u017eivanja Centra za urbane i ruralne studije:<\/p>\n<p>1. istra\u017eivanje gradskih naselja<br \/>\n2. istra\u017eivanje seoskih naselja<br \/>\n3. dru\u0161tvena upotreba zemlji\u0161ta<br \/>\n4. teritorijalne promjene i dru\u0161tvena pravda<br \/>\n5. istra\u017eivanje mre\u017ea naselja<br \/>\n6. istra\u017eivanje socio-kulturnih fenomena<br \/>\n7. istra\u017eivanje regionalne mre\u017ee<br \/>\n8. sociokulturni fenomeni u gradu<br \/>\n9. urbanizacija i modernizacija<br \/>\n10. istra\u017eivanje regionalnog razvoja<br \/>\n11. sociologija tehnike<br \/>\n12. dru\u0161tvo i prostor<br \/>\n13. povijesna transformacija prostora<br \/>\n14. europska perspektiva<br \/>\n15. ostala rubna znanstvena podru\u010dja<\/p>\n<p><a name=\"publikacije\"><\/a>&nbsp;<br \/>\n<span style=\"font-size: 12pt;\">Publikacije<\/span><\/p>\n<p><span style=\"font-size: 10pt;\"><strong>Biblioteka Centra za urbane i ruralne studije<\/strong><\/span><\/p>\n<p>Knjiga 1.<\/p>\n<table border=\"0\">\n<tbody>\n<tr>\n<td><a href=\"https:\/\/www.vegaintro-projekti.com\/pilar-stari\/2011\/04\/objavljeni-sociologijski-aspekti-sekundarnog-stanovanja\/\"><img decoding=\"async\" loading=\"lazy\" src=\"https:\/\/www.vegaintro-projekti.com\/pilar-stari\/wp-content\/images\/stories\/fotografije\/bibl_funk_centri\/sek_sta__naslovna.jpg\" alt=\"sek_sta__naslovna\" width=\"222\" height=\"314\"><\/a><\/td>\n<td valign=\"bottom\"><span style=\"font-size: 8pt;\"><span style=\"font-size: 8pt;\"><strong>Geran-Marko MILETI\u0106<\/strong><br \/>\n<a href=\"https:\/\/www.vegaintro-projekti.com\/pilar-stari\/2009\/10\/biblioteka-funkcionalnih-centara-pregled-sadraja\/#curs-1\"><strong>U POTRAZI ZA DRUGIM PROSTOROM: SOCIOLOGIJSKI ASPEKTI SEKUNDARNOG STANOVANJA U HRVATSKOJ<\/strong><\/a><\/span><br \/>\n<strong><span style=\"font-size: 8pt;\">Biblioteka Centra za urbane i ruralne studije \u2013 Knjiga prva<br \/>\nInstitut dru\u0161tvenih znanosti Ivo Pilar<br \/>\nZagreb, 2011. &#8211; Str. 292.<\/span><\/strong><\/span><\/td>\n<\/tr>\n<\/tbody>\n<\/table>\n<p>&nbsp;<br \/>\n<span style=\"font-size: 10pt;\"><strong>Knjiga 2.<\/strong><\/span><\/p>\n<table border=\"0\">\n<tbody>\n<tr>\n<td><img decoding=\"async\" loading=\"lazy\" src=\"https:\/\/www.vegaintro-projekti.com\/pilar-stari\/wp-content\/images\/stories\/fotografije\/funkcionalni\/lyn_naslovnica.jpg\" alt=\"lyn_naslovnica\" width=\"224\" height=\"314\"><\/td>\n<td valign=\"bottom\">\n<div><span style=\"font-size: 8pt;\"><strong>Lynette \u0160IKI\u0106-MI\u0106ANOVI\u0106<\/strong><\/span><\/div>\n<div><span style=\"font-size: 8pt;\"><a href=\"https:\/\/www.vegaintro-projekti.com\/pilar-stari\/2009\/10\/biblioteka-funkcionalnih-centara-pregled-sadraja\/#sz\"><strong>SKRIVENI \u017dIVOTI &#8211; PRILOG ANTROPOLOGIJI RURALNIH \u017dENA<\/strong><\/a><\/span><\/div>\n<div><span style=\"font-size: 8pt;\"><strong>Biblioteka Centra za urbane i ruralne studije \u2013 Knjiga druga<\/strong><\/span><\/div>\n<div><span style=\"font-size: 8pt;\"><strong>Institut dru\u0161tvenih znanosti Ivo Pilar<\/strong><\/span><\/div>\n<div><span style=\"font-size: 8pt;\"><strong>Zagreb, 2012. &#8211; Str. 174.<\/strong><\/span><\/div>\n<\/td>\n<\/tr>\n<\/tbody>\n<\/table>\n<p><strong>Knjiga 3.<\/strong><\/p>\n<table border=\"0\">\n<tbody>\n<tr>\n<td><img decoding=\"async\" loading=\"lazy\" src=\"https:\/\/www.vegaintro-projekti.com\/pilar-stari\/wp-content\/images\/stories\/fotografije\/funkcionalni\/nasl.jpg\" alt=\"nasl\" width=\"222\" height=\"314\"><\/td>\n<td valign=\"bottom\"><strong><span style=\"font-size: 8pt;\">Anka MI\u0160ETI\u0106, Geran-Marko MILETI\u0106 i Sara UR\u0160I\u0106<\/span><\/strong><br \/>\n<a href=\"https:\/\/www.vegaintro-projekti.com\/pilar-stari\/2011\/05\/pregled-sadraja\/#curs-3\"><strong><span style=\"font-size: 8pt;\">VITALNI GRADOVI &#8211; Pogled iz perspektive stru\u010dnjaka u gradskim upravama<\/span><\/strong><\/a><br \/>\n<strong><span style=\"font-size: 8pt;\">Biblioteka Centra za urbane i ruralne studije \u2013 Knjiga tre\u0107a<\/span><\/strong><br \/>\n<strong><span style=\"font-size: 8pt;\">Institut dru\u0161tvenih znanosti Ivo Pilar<\/span><\/strong><br \/>\n<strong><span style=\"font-size: 8pt;\">Zagreb, 2012. &#8211; Str. 148.<\/span><\/strong><\/td>\n<\/tr>\n<\/tbody>\n<\/table>\n<p>&nbsp;<\/p>\n<p>&nbsp;<strong>Knjiga 4.<\/strong><\/p>\n<table border=\"0\">\n<tbody>\n<tr>\n<td><img decoding=\"async\" loading=\"lazy\" src=\"https:\/\/www.vegaintro-projekti.com\/pilar-stari\/wp-content\/images\/stories\/fotografije\/publikacije\/naslovnice\/small\/Nigdina_nasl.jpg\" alt=\"Nigdina nasl\" width=\"224\" height=\"314\"><\/td>\n<td valign=\"bottom\"><span style=\"font-size: 12pt;\">&nbsp;<\/span><\/p>\n<p><strong><span style=\"font-size: 8pt;\">Maja \u0160TAMBUK<\/span><\/strong><br \/>\n<a href=\"https:\/\/www.vegaintro-projekti.com\/pilar-stari\/2011\/05\/pregled-sadraja\/#Nigdina\"><strong><span style=\"font-size: 8pt;\">LICA NIGDINE.&nbsp;Dru\u0161tveni i prostorni okvir razvitka hrvatskog sela<\/span><\/strong><\/a><br \/>\n<strong><span style=\"font-size: 8pt;\">Biblioteka Centra za urbane i ruralne studije.&nbsp;\u2013 Knjiga \u010detvrta<\/span><\/strong><br \/>\n<strong><span style=\"font-size: 8pt;\">Institut dru\u0161tvenih znanosti Ivo Pilar<\/span><\/strong><br \/>\n<strong><span style=\"font-size: 8pt;\">Zagreb, 2014. &#8211; Str. 208.<\/span><\/strong><strong><span style=\"font-size: 8pt;\"><br \/>\n<\/span><\/strong><\/td>\n<\/tr>\n<\/tbody>\n<\/table>\n<p>&nbsp;<\/p>\n<p><strong><span style=\"font-size: 10pt;\">Knjiga 5.<\/span><\/strong><\/p>\n<table border=\"0\">\n<tbody>\n<tr>\n<td><img decoding=\"async\" loading=\"lazy\" src=\"https:\/\/www.vegaintro-projekti.com\/pilar-stari\/wp-content\/images\/stories\/fotografije\/publikacije\/naslovnice\/small\/Lynette_nasl.jpg\" alt=\"Lynette nasl\" width=\"213\" height=\"314\"><\/td>\n<td valign=\"bottom\"><em>&nbsp;<\/em><\/p>\n<div>&nbsp;<\/div>\n<div><strong><br \/>\n<span style=\"font-size: 8pt;\">Lynette \u0160IKI\u0106-MI\u0106ANOVI\u0106<\/span><\/strong><\/div>\n<div><a href=\"https:\/\/www.vegaintro-projekti.com\/pilar-stari\/2011\/05\/pregled-sadraja\/#hidden\"><span style=\"font-size: 8pt;\"><strong>HIDDEN LIVES. An anthropological study of rural women<\/strong><\/span><\/a><\/div>\n<div><span style=\"font-size: 8pt;\"><strong>Centre for Urban and Rural Studies Series \u2013 Book 5<\/strong><\/span><\/div>\n<div><span style=\"font-size: 8pt;\"><strong>Ivo Pilar Institute of Social Sciences<\/strong><\/span><\/div>\n<div><span style=\"font-size: 8pt;\"><strong>Zagreb 2014 &#8211; pp 186<\/strong><\/span><\/div>\n<\/td>\n<\/tr>\n<\/tbody>\n<\/table>\n<p>&nbsp;<\/p>\n<p><a name=\"novosti\"><\/a>&nbsp;<br \/>\n<span style=\"font-size: 12pt;\">Novosti<\/span><\/p>\n<p>&#8211;&nbsp;<a href=\"https:\/\/www.vegaintro-projekti.com\/pilar-stari\/2015\/01\/razgovor-s-dr-sc-lynette-sikic-micanovic-o-sudiji-skriveni-zivoti\/\">Razgovor s dr. sc. Lynette \u0160iki\u0107 Mi\u0107anovi\u0107 o sudiji SKRIVENI \u017dIVOTI<\/a><br \/>\n&#8211;&nbsp;<a href=\"https:\/\/www.vegaintro-projekti.com\/pilar-stari\/2015\/01\/predstavljanje-knjige-lynette-sikic-micanovic-skriveni-zivoti-hidden-lives\/\">Predstavljanje knjige dr. sc. Lynette \u0160iki\u0107-Mi\u0107anovi\u0107 &nbsp;SKRIVENI \u017dIVOTI, 16. 1. 2015.<\/a><br \/>\n&#8211;&nbsp;<a href=\"https:\/\/www.vegaintro-projekti.com\/pilar-stari\/2014\/10\/studija-dr-sc-lynette-sikic-micanovic-skriveni-zivoti-na-engleskom\/\">Studija dr. sc. Lynette \u0160iki\u0107-Mi\u0107anovi\u0107 SKRIVENI \u017dIVOTI na engleskom<\/a><br \/>\n&#8211; <a href=\"https:\/\/www.vegaintro-projekti.com\/pilar-stari\/2014\/10\/novi-projekt-sekundarno-stanovanje-i-socijalna-odrzivost\/\">Novi projekt: SEKUNDARNO STANOVANJE I SOCIJALNA ODR\u017dIVOST<\/a><br \/>\n&#8211; <a href=\"https:\/\/www.vegaintro-projekti.com\/pilar-stari\/2014\/03\/predstavljanje-knjige-prof-dr-sc-maje-stambuk-lica-nigdine-14-3-2014\/\">Predstavljanje knjige prof. dr. sc. Maje \u0160tambuk LICA NIGDINE, 14. 3. 2014.<\/a><br \/>\n&#8211;&nbsp;<a style=\"text-decoration: underline;\" href=\"https:\/\/www.vegaintro-projekti.com\/pilar-stari\/2014\/03\/objavljena-knjiga-prof-dr-sc-maje-stambuk-lica-nigdine\/\">Objavljena knjiga prof. dr. sc. Maje \u0160tambuk LICA NIGDINE<\/a><br \/>\n&#8211; <a href=\"https:\/\/www.vegaintro-projekti.com\/pilar-stari\/wp-content\/images\/stories\/dokumenti\/funkcionalni\/FC_voditelj_Miletic.pdf\">Odluka o imenovanju dr. sc. Gerana Marka Mileti\u0107a za voditelja Centra za urbane i ruralne studije te razrje\u0161enju dr. sc. Maje \u0160tambuk od 26. rujna 2013.<\/a><br \/>\n&#8211; <a href=\"https:\/\/www.vegaintro-projekti.com\/pilar-stari\/2013\/07\/objavljena-studija-anke-mieti-gerana-marka-miletia-i-sare-ursi-vitalni-gradovi\/\">Objavljena studija A. Mi\u0161eti\u0107, G.-M. Mileti\u0107a i S. Ursi\u0107 VITALNI GRADOVI<\/a><br \/>\n&#8211; <a href=\"https:\/\/www.vegaintro-projekti.com\/pilar-stari\/2012\/07\/razgovor-s-dr-sc-majom-tambuk-o-istraivanju-ivota-hrvatskih-roma\/\">Razgovor s dr. sc. Majom \u0160tambuk o istra\u017eivanju \u017eivota hrvatskih Roma<\/a><br \/>\n&#8211; <a href=\"https:\/\/www.vegaintro-projekti.com\/pilar-stari\/2012\/07\/objavljena-knjiga-dr-sc-linette-iki-mianovi-skriveni-ivoti\/\">Objavljena knjiga dr. sc. Lynette \u0160iki\u0107-Mi\u0107anovi\u0107 SKRIVENI \u017dIVOTI<\/a><br \/>\n&#8211; <a href=\"https:\/\/www.vegaintro-projekti.com\/pilar-stari\/2011\/04\/objavljeni-sociologijski-aspekti-sekundarnog-stanovanja\/\">Objavljeni SOCIOLOGIJSKI ASPEKTI SEKUNDARNOG STANOVANJA<\/a><\/p>\n<p>&nbsp;<\/p>\n<p>&nbsp;<\/p>\n<p>&nbsp;<\/p>\n<p>&nbsp;<\/p>\n<p>&nbsp;<\/p>\n<p>&nbsp;<\/p>\n","protected":false},"excerpt":{"rendered":"<p>&nbsp; Naziv \u25cf Sjedi\u0161te \u25cf Voditelj \u25cf Osnutak \u25cf Djelatnost \u25cf Podru\u010dja&nbsp;\u25cf Publikacije&nbsp;\u25cf Novosti &nbsp; &nbsp; Naziv Centar za urbane i ruralne studije \u2013 CURS \/ Centre for Urban and Rural Studies &nbsp; Sjedi\u0161te Institut dru\u0161tvenih znanosti Ivo Pilar Maruli\u0107ev trg 19\/I 10000 Zagreb Tel.: + 385 1 4886 814 Faks: + 385 1 4828&hellip; <a class=\"continue\" href=\"https:\/\/www.vegaintro-projekti.com\/pilar-stari\/2010\/06\/centar-za-urbane-i-ruralne-studije\/\">Pro\u010ditaj vi\u0161e o<span> Centar za urbane i ruralne studije<\/span><\/a><\/p>\n","protected":false},"author":1,"featured_media":0,"comment_status":"open","ping_status":"open","sticky":false,"template":"","format":"standard","meta":{"inline_featured_image":false,"ngg_post_thumbnail":0,"footnotes":""},"categories":[52],"tags":[],"yoast_head":"<!-- This site is optimized with the Yoast SEO plugin v21.2 - https:\/\/yoast.com\/wordpress\/plugins\/seo\/ -->\n<title>Centar za urbane i ruralne studije - Institut dru&scaron;tvenih znanosti Ivo Pilar<\/title>\n<meta name=\"robots\" content=\"noindex, follow, max-snippet:-1, max-image-preview:large, max-video-preview:-1\" \/>\n<meta property=\"og:locale\" content=\"hr_HR\" \/>\n<meta property=\"og:type\" content=\"article\" \/>\n<meta property=\"og:title\" content=\"Centar za urbane i ruralne studije - Institut dru&scaron;tvenih znanosti Ivo Pilar\" \/>\n<meta property=\"og:description\" content=\"&nbsp; Naziv \u25cf Sjedi\u0161te \u25cf Voditelj \u25cf Osnutak \u25cf Djelatnost \u25cf Podru\u010dja&nbsp;\u25cf Publikacije&nbsp;\u25cf Novosti &nbsp; &nbsp; Naziv Centar za urbane i ruralne studije \u2013 CURS \/ Centre for Urban and Rural Studies &nbsp; Sjedi\u0161te Institut dru\u0161tvenih znanosti Ivo Pilar Maruli\u0107ev trg 19\/I 10000 Zagreb Tel.: + 385 1 4886 814 Faks: + 385 1 4828&hellip; Pro\u010ditaj vi\u0161e o Centar za urbane i ruralne studije\" \/>\n<meta property=\"og:url\" content=\"https:\/\/www.vegaintro-projekti.com\/pilar-stari\/2010\/06\/centar-za-urbane-i-ruralne-studije\/\" \/>\n<meta property=\"og:site_name\" content=\"Institut dru&scaron;tvenih znanosti Ivo Pilar\" \/>\n<meta property=\"article:published_time\" content=\"2010-06-10T08:29:30+00:00\" \/>\n<meta property=\"article:modified_time\" content=\"2018-02-06T10:41:11+00:00\" \/>\n<meta property=\"og:image\" content=\"https:\/\/www.vegaintro-projekti.com\/pilar-stari\/wp-content\/images\/stories\/fotografije\/glagoljica\/u.jpg\" \/>\n<meta name=\"author\" content=\"pilar-admin\" \/>\n<meta name=\"twitter:card\" content=\"summary_large_image\" \/>\n<meta name=\"twitter:label1\" content=\"Napisao\/la\" \/>\n\t<meta name=\"twitter:data1\" content=\"pilar-admin\" \/>\n\t<meta name=\"twitter:label2\" content=\"Procijenjeno vrijeme \u010ditanja\" \/>\n\t<meta name=\"twitter:data2\" content=\"3 minute\" \/>\n<script type=\"application\/ld+json\" class=\"yoast-schema-graph\">{\"@context\":\"https:\/\/schema.org\",\"@graph\":[{\"@type\":\"WebPage\",\"@id\":\"https:\/\/www.vegaintro-projekti.com\/pilar-stari\/2010\/06\/centar-za-urbane-i-ruralne-studije\/\",\"url\":\"https:\/\/www.vegaintro-projekti.com\/pilar-stari\/2010\/06\/centar-za-urbane-i-ruralne-studije\/\",\"name\":\"Centar za urbane i ruralne studije - Institut dru&scaron;tvenih znanosti Ivo Pilar\",\"isPartOf\":{\"@id\":\"https:\/\/www.vegaintro-projekti.com\/pilar-stari\/#website\"},\"datePublished\":\"2010-06-10T08:29:30+00:00\",\"dateModified\":\"2018-02-06T10:41:11+00:00\",\"author\":{\"@id\":\"https:\/\/www.vegaintro-projekti.com\/pilar-stari\/#\/schema\/person\/c0db50ebd77c4409e19b18044bbf10c1\"},\"breadcrumb\":{\"@id\":\"https:\/\/www.vegaintro-projekti.com\/pilar-stari\/2010\/06\/centar-za-urbane-i-ruralne-studije\/#breadcrumb\"},\"inLanguage\":\"hr\",\"potentialAction\":[{\"@type\":\"ReadAction\",\"target\":[\"https:\/\/www.vegaintro-projekti.com\/pilar-stari\/2010\/06\/centar-za-urbane-i-ruralne-studije\/\"]}]},{\"@type\":\"BreadcrumbList\",\"@id\":\"https:\/\/www.vegaintro-projekti.com\/pilar-stari\/2010\/06\/centar-za-urbane-i-ruralne-studije\/#breadcrumb\",\"itemListElement\":[{\"@type\":\"ListItem\",\"position\":1,\"name\":\"Home\",\"item\":\"https:\/\/www.vegaintro-projekti.com\/pilar-stari\/\"},{\"@type\":\"ListItem\",\"position\":2,\"name\":\"Centar za urbane i ruralne studije\"}]},{\"@type\":\"WebSite\",\"@id\":\"https:\/\/www.vegaintro-projekti.com\/pilar-stari\/#website\",\"url\":\"https:\/\/www.vegaintro-projekti.com\/pilar-stari\/\",\"name\":\"Institut dru&scaron;tvenih znanosti Ivo Pilar\",\"description\":\"Pilar\",\"potentialAction\":[{\"@type\":\"SearchAction\",\"target\":{\"@type\":\"EntryPoint\",\"urlTemplate\":\"https:\/\/www.vegaintro-projekti.com\/pilar-stari\/?s={search_term_string}\"},\"query-input\":\"required name=search_term_string\"}],\"inLanguage\":\"hr\"},{\"@type\":\"Person\",\"@id\":\"https:\/\/www.vegaintro-projekti.com\/pilar-stari\/#\/schema\/person\/c0db50ebd77c4409e19b18044bbf10c1\",\"name\":\"pilar-admin\",\"image\":{\"@type\":\"ImageObject\",\"inLanguage\":\"hr\",\"@id\":\"https:\/\/www.vegaintro-projekti.com\/pilar-stari\/#\/schema\/person\/image\/\",\"url\":\"https:\/\/secure.gravatar.com\/avatar\/fac9e03c4db0011b9c1ad8b5e9c74b8c?s=96&d=mm&r=g\",\"contentUrl\":\"https:\/\/secure.gravatar.com\/avatar\/fac9e03c4db0011b9c1ad8b5e9c74b8c?s=96&d=mm&r=g\",\"caption\":\"pilar-admin\"},\"url\":\"https:\/\/www.vegaintro-projekti.com\/pilar-stari\/author\/pilar-admin\/\"}]}<\/script>\n<!-- \/ Yoast SEO plugin. -->","yoast_head_json":{"title":"Centar za urbane i ruralne studije - Institut dru&scaron;tvenih znanosti Ivo Pilar","robots":{"index":"noindex","follow":"follow","max-snippet":"max-snippet:-1","max-image-preview":"max-image-preview:large","max-video-preview":"max-video-preview:-1"},"og_locale":"hr_HR","og_type":"article","og_title":"Centar za urbane i ruralne studije - Institut dru&scaron;tvenih znanosti Ivo Pilar","og_description":"&nbsp; Naziv \u25cf Sjedi\u0161te \u25cf Voditelj \u25cf Osnutak \u25cf Djelatnost \u25cf Podru\u010dja&nbsp;\u25cf Publikacije&nbsp;\u25cf Novosti &nbsp; &nbsp; Naziv Centar za urbane i ruralne studije \u2013 CURS \/ Centre for Urban and Rural Studies &nbsp; Sjedi\u0161te Institut dru\u0161tvenih znanosti Ivo Pilar Maruli\u0107ev trg 19\/I 10000 Zagreb Tel.: + 385 1 4886 814 Faks: + 385 1 4828&hellip; Pro\u010ditaj vi\u0161e o Centar za urbane i ruralne studije","og_url":"https:\/\/www.vegaintro-projekti.com\/pilar-stari\/2010\/06\/centar-za-urbane-i-ruralne-studije\/","og_site_name":"Institut dru&scaron;tvenih znanosti Ivo Pilar","article_published_time":"2010-06-10T08:29:30+00:00","article_modified_time":"2018-02-06T10:41:11+00:00","og_image":[{"url":"https:\/\/www.vegaintro-projekti.com\/pilar-stari\/wp-content\/images\/stories\/fotografije\/glagoljica\/u.jpg"}],"author":"pilar-admin","twitter_card":"summary_large_image","twitter_misc":{"Napisao\/la":"pilar-admin","Procijenjeno vrijeme \u010ditanja":"3 minute"},"schema":{"@context":"https:\/\/schema.org","@graph":[{"@type":"WebPage","@id":"https:\/\/www.vegaintro-projekti.com\/pilar-stari\/2010\/06\/centar-za-urbane-i-ruralne-studije\/","url":"https:\/\/www.vegaintro-projekti.com\/pilar-stari\/2010\/06\/centar-za-urbane-i-ruralne-studije\/","name":"Centar za urbane i ruralne studije - Institut dru&scaron;tvenih znanosti Ivo Pilar","isPartOf":{"@id":"https:\/\/www.vegaintro-projekti.com\/pilar-stari\/#website"},"datePublished":"2010-06-10T08:29:30+00:00","dateModified":"2018-02-06T10:41:11+00:00","author":{"@id":"https:\/\/www.vegaintro-projekti.com\/pilar-stari\/#\/schema\/person\/c0db50ebd77c4409e19b18044bbf10c1"},"breadcrumb":{"@id":"https:\/\/www.vegaintro-projekti.com\/pilar-stari\/2010\/06\/centar-za-urbane-i-ruralne-studije\/#breadcrumb"},"inLanguage":"hr","potentialAction":[{"@type":"ReadAction","target":["https:\/\/www.vegaintro-projekti.com\/pilar-stari\/2010\/06\/centar-za-urbane-i-ruralne-studije\/"]}]},{"@type":"BreadcrumbList","@id":"https:\/\/www.vegaintro-projekti.com\/pilar-stari\/2010\/06\/centar-za-urbane-i-ruralne-studije\/#breadcrumb","itemListElement":[{"@type":"ListItem","position":1,"name":"Home","item":"https:\/\/www.vegaintro-projekti.com\/pilar-stari\/"},{"@type":"ListItem","position":2,"name":"Centar za urbane i ruralne studije"}]},{"@type":"WebSite","@id":"https:\/\/www.vegaintro-projekti.com\/pilar-stari\/#website","url":"https:\/\/www.vegaintro-projekti.com\/pilar-stari\/","name":"Institut dru&scaron;tvenih znanosti Ivo Pilar","description":"Pilar","potentialAction":[{"@type":"SearchAction","target":{"@type":"EntryPoint","urlTemplate":"https:\/\/www.vegaintro-projekti.com\/pilar-stari\/?s={search_term_string}"},"query-input":"required name=search_term_string"}],"inLanguage":"hr"},{"@type":"Person","@id":"https:\/\/www.vegaintro-projekti.com\/pilar-stari\/#\/schema\/person\/c0db50ebd77c4409e19b18044bbf10c1","name":"pilar-admin","image":{"@type":"ImageObject","inLanguage":"hr","@id":"https:\/\/www.vegaintro-projekti.com\/pilar-stari\/#\/schema\/person\/image\/","url":"https:\/\/secure.gravatar.com\/avatar\/fac9e03c4db0011b9c1ad8b5e9c74b8c?s=96&d=mm&r=g","contentUrl":"https:\/\/secure.gravatar.com\/avatar\/fac9e03c4db0011b9c1ad8b5e9c74b8c?s=96&d=mm&r=g","caption":"pilar-admin"},"url":"https:\/\/www.vegaintro-projekti.com\/pilar-stari\/author\/pilar-admin\/"}]}},"_links":{"self":[{"href":"https:\/\/www.vegaintro-projekti.com\/pilar-stari\/wp-json\/wp\/v2\/posts\/290"}],"collection":[{"href":"https:\/\/www.vegaintro-projekti.com\/pilar-stari\/wp-json\/wp\/v2\/posts"}],"about":[{"href":"https:\/\/www.vegaintro-projekti.com\/pilar-stari\/wp-json\/wp\/v2\/types\/post"}],"author":[{"embeddable":true,"href":"https:\/\/www.vegaintro-projekti.com\/pilar-stari\/wp-json\/wp\/v2\/users\/1"}],"replies":[{"embeddable":true,"href":"https:\/\/www.vegaintro-projekti.com\/pilar-stari\/wp-json\/wp\/v2\/comments?post=290"}],"version-history":[{"count":17,"href":"https:\/\/www.vegaintro-projekti.com\/pilar-stari\/wp-json\/wp\/v2\/posts\/290\/revisions"}],"predecessor-version":[{"id":9279,"href":"https:\/\/www.vegaintro-projekti.com\/pilar-stari\/wp-json\/wp\/v2\/posts\/290\/revisions\/9279"}],"wp:attachment":[{"href":"https:\/\/www.vegaintro-projekti.com\/pilar-stari\/wp-json\/wp\/v2\/media?parent=290"}],"wp:term":[{"taxonomy":"category","embeddable":true,"href":"https:\/\/www.vegaintro-projekti.com\/pilar-stari\/wp-json\/wp\/v2\/categories?post=290"},{"taxonomy":"post_tag","embeddable":true,"href":"https:\/\/www.vegaintro-projekti.com\/pilar-stari\/wp-json\/wp\/v2\/tags?post=290"}],"curies":[{"name":"wp","href":"https:\/\/api.w.org\/{rel}","templated":true}]}}