{"id":29282,"date":"2024-04-07T21:19:35","date_gmt":"2024-04-07T21:19:35","guid":{"rendered":"https:\/\/www.vegaintro-projekti.com\/pilar-stari\/?p=29282"},"modified":"2025-07-02T17:47:36","modified_gmt":"2025-07-02T17:47:36","slug":"projekt-bad-pogranicni-razvoj-na-prostoru-izmedu-une-i-jadrana-od-habsburske-vojne-krajine-do-schengenskoga-ruba-eu-a","status":"publish","type":"post","link":"https:\/\/www.vegaintro-projekti.com\/pilar-stari\/2024\/04\/projekt-bad-pogranicni-razvoj-na-prostoru-izmedu-une-i-jadrana-od-habsburske-vojne-krajine-do-schengenskoga-ruba-eu-a\/","title":{"rendered":"Projekt BAD: Pograni\u010dni razvoj na prostoru izme\u0111u Une i Jadrana: od habsbur\u0161ke Vojne krajine do schengenskoga ruba EU-a"},"content":{"rendered":"<p><strong>Projekt Pograni\u010dni razvoj na prostoru izme\u0111u Une i Jadrana: od habsbur\u0161ke Vojne krajine do schengenskoga ruba EU-a (BAD) izvodi se u Institutu dru\u0161tvenih znanosti Ivo Pilar u sklopu Programskog financiranja Instituta u razdoblju 1. 1. 2024. &#8211; 31. 12. 2027., a financira ga Europska unija &#8211; NextGeneration EU. <\/strong>&#8211; <a href=\"#nov\">Novosti<\/a><\/p>\n<div class=\"wp-block-image\"><img decoding=\"async\" loading=\"lazy\" class=\"alignnone wp-image-29281 size-full\" src=\"https:\/\/www.vegaintro-projekti.com\/pilar-stari\/wp-content\/uploads\/2024\/04\/IMG_pr-2.jpg\" alt=\"i1\" width=\"620\" height=\"249\" srcset=\"https:\/\/www.vegaintro-projekti.com\/pilar-stari\/wp-content\/uploads\/2024\/04\/IMG_pr-2.jpg 620w, https:\/\/www.vegaintro-projekti.com\/pilar-stari\/wp-content\/uploads\/2024\/04\/IMG_pr-2-300x120.jpg 300w\" sizes=\"(max-width: 620px) 100vw, 620px\" \/><\/div>\n<p><strong>Sa\u017eetak projekta<\/strong><\/p>\n<p><em>Pograni\u010dni razvoj na prostoru izme\u0111u Une i Jadrana: od habsbur\u0161ke Vojne krajine do schengenskoga ruba EU-a (BAD)<\/em><\/p>\n<p>Li\u010dki i primorski krajevi izme\u0111u Une i Jadrana dvaput su iskusili razvoj na koji je zna\u010dajno utjecala me\u0111unarodna granica: prvi put u habsbur\u0161koj Vojnoj krajini (od 16. stolje\u0107a do 1881.) i drugi put tijekom posljednjih 30 godina s nastankom neovisne Republike Hrvatske i njezinim ulaskom u Europsku uniju i schengenski prostor. Na tome podru\u010dju u 18. i 19. stolje\u0107u vladao je specifi\u010dan na\u010din obrane i vojne uprave, koja se protezala od Jadrana do Karpata. Rubnost i grani\u010dnost sa svime \u0161to se pod tim razumijeva bitne su zna\u010dajke i suvremenosti na tome prostoru. Arhivskim istra\u017eivanjem u ustanovama koje \u010duvaju povijesne izvore za ovu temu, nastojat \u0107e se rekonstruirati onda\u0161nji \u017eivot ljudi na tome podru\u010dju. Posebno \u0107e se terenski istra\u017eivati fenomen suvremene pograni\u010dnosti, kako prostorno tako i organizacijski, da bi se dobila jasnija slika i potvrdila specifi\u010dna uloga Like od 18. stolje\u0107a do danas i uspostave schengenskog sustava s migracijama kao novim izazovom. Zamisao je da se iz projekta objave publikacije koje potvr\u0111uju temeljnu hipotezu da je vi\u0161estoljetni \u017eivot u siroma\u0161tvu i nesigurnosti uz granicu i na njoj bio sredi\u0161nji element nastanka puzaju\u0107e odnosno kasne\u0107e modernizacije, koja je rezultirala demografskim slabljenjem podru\u010dja te negativnim ekonomskim i dru\u0161tvenim pokazateljima.<\/p>\n<p><strong>Project summary<\/strong><\/p>\n<p><em>Border Area Development between the Una River and the Adriatic Sea: From the Habsburg Military Border to the Schengen Edge of the EU (BAD)<\/em><\/p>\n<p>The Lika and coastal areas between the Una river and the Adriatic sea have twice experienced development that was significantly influenced by the country\u2019s international border: the first time in the Habsburg Military Frontier (from the 16th century to 1881) and the second time during the last 30 years with the establishment of the independent Republic of Croatia and its accession to the European Union and the Schengen Area. In the 18th and 19th centuries, a specific method of defense and military administration prevailed in that area, which stretched from the Adriatic to the Carpathians. Marginality and \u201cborderlineness,\u201d with everything implied by those concepts, are essential features of modernity in that area. Through archival research in institutions that hold historical sources for this topic, an attempt will be made to reconstruct the life of people in that area and at that time. In particular, the phenomenon of contemporary bordering will be investigated in the field, both spatially and organizationally, in order to get a clearer picture and confirm the specific role of Lika in the time from the 18th century to the present day and for the establishment of the Schengen system with migration as a new challenge. The idea is to publish publications from the project that speak for and confirm the basic hypothesis that centuries of living in poverty and insecurity along and on the border was the central element in the emergence of creeping or delayed modernization that resulted in the demographic weakening of the area and negative economic and social indicators.<\/p>\n<p><strong>Istra\u017eiva\u010dki tim \/ Research team<\/strong><\/p>\n<p>Voditelj projekta \/ Project leader: dr. sc. Ivan Brli\u0107 (Institut Pilar)<\/p>\n<p>Suradnici\/e iz Instituta Pilar \/ Associates from the Pilar Institute: prof. dr. sc. \u017deljko Holjevac, dr. sc. Anita Bu\u0161ljeta Tonkovi\u0107, Ema Ba\u0161i\u0107, mag., Adrian Kne\u017eevi\u0107, mag.<\/p>\n<p>Vanjski suradnici\/e \/ External associates: dr. sc. Karge Heike (Odsjek za povijest jugoisto\u010dne Europe i antropologiju Sveu\u010dili\u0161ta u Grazu), dr. sc. Siegfried Gruber (Odsjek za povijest jugoisto\u010dne Europe i antropologiju Sveu\u010dili\u0161ta u Grazu), dr. sc. Cristian Promitzer (Odsjek za povijest jugoisto\u010dne Europe i antropologiju Sveu\u010dili\u0161ta u Grazu)<\/p>\n<p><a id=\"nov\"><\/a><span style=\"font-size: 14pt;\">Novosti<\/span><\/p>\n<p>&#8211; <a href=\"https:\/\/www.vegaintro-projekti.com\/pilar-stari\/2025\/07\/dr-sc-ivan-brlic-predstavio-djelovanje-instituta-pilar-na-hrvatsko-bavarskim-danima-visokog-obrazovanja-regensburg-5-6-6-2025\/\">Dr. sc. Ivan Brli\u0107 predstavio djelovanje Instituta Pilar na Hrvatsko-bavarskim danima visokog obrazovanja; Regensburg, 5.-6. 6. 2025.<\/a><br \/>\n&#8211; <a href=\"https:\/\/www.vegaintro-projekti.com\/pilar-stari\/2024\/04\/odrzan-prvi-sastanak-projekta-border-area-development-pogranicni-razvoj-na-prostoru-izmedu-une-i-jadrana-10-4-2024\/\">Odr\u017ean prvi sastanak projekta Border Area Development: Pograni\u010dni razvoj na prostoru izme\u0111u Une i Jadrana, 10. 4. 2024.<\/a><\/p>\n","protected":false},"excerpt":{"rendered":"<p>Projekt Pograni\u010dni razvoj na prostoru izme\u0111u Une i Jadrana: od habsbur\u0161ke Vojne krajine do schengenskoga ruba EU-a (BAD) izvodi se u Institutu dru\u0161tvenih znanosti Ivo Pilar u sklopu Programskog financiranja Instituta u razdoblju 1. 1. 2024. &#8211; 31. 12. 2027., a financira ga Europska unija &#8211; NextGeneration EU. &#8211; Novosti Sa\u017eetak projekta Pograni\u010dni razvoj na&hellip; <a class=\"continue\" href=\"https:\/\/www.vegaintro-projekti.com\/pilar-stari\/2024\/04\/projekt-bad-pogranicni-razvoj-na-prostoru-izmedu-une-i-jadrana-od-habsburske-vojne-krajine-do-schengenskoga-ruba-eu-a\/\">Pro\u010ditaj vi\u0161e o<span> Projekt BAD: Pograni\u010dni razvoj na prostoru izme\u0111u Une i Jadrana: od habsbur\u0161ke Vojne krajine do schengenskoga ruba EU-a<\/span><\/a><\/p>\n","protected":false},"author":7,"featured_media":29280,"comment_status":"closed","ping_status":"closed","sticky":false,"template":"","format":"standard","meta":{"inline_featured_image":false,"ngg_post_thumbnail":0,"footnotes":""},"categories":[29],"tags":[],"yoast_head":"<!-- This site is optimized with the Yoast SEO plugin v21.2 - https:\/\/yoast.com\/wordpress\/plugins\/seo\/ -->\n<title>Projekt BAD: Pograni\u010dni razvoj na prostoru izme\u0111u Une i Jadrana: od habsbur\u0161ke Vojne krajine do schengenskoga ruba EU-a - Institut dru&scaron;tvenih znanosti Ivo Pilar<\/title>\n<meta name=\"robots\" content=\"noindex, follow, max-snippet:-1, max-image-preview:large, max-video-preview:-1\" \/>\n<meta property=\"og:locale\" content=\"hr_HR\" \/>\n<meta property=\"og:type\" content=\"article\" \/>\n<meta property=\"og:title\" content=\"Projekt BAD: Pograni\u010dni razvoj na prostoru izme\u0111u Une i Jadrana: od habsbur\u0161ke Vojne krajine do schengenskoga ruba EU-a - Institut dru&scaron;tvenih znanosti Ivo Pilar\" \/>\n<meta property=\"og:description\" content=\"Projekt Pograni\u010dni razvoj na prostoru izme\u0111u Une i Jadrana: od habsbur\u0161ke Vojne krajine do schengenskoga ruba EU-a (BAD) izvodi se u Institutu dru\u0161tvenih znanosti Ivo Pilar u sklopu Programskog financiranja Instituta u razdoblju 1. 1. 2024. &#8211; 31. 12. 2027., a financira ga Europska unija &#8211; NextGeneration EU. &#8211; Novosti Sa\u017eetak projekta Pograni\u010dni razvoj na&hellip; Pro\u010ditaj vi\u0161e o Projekt BAD: Pograni\u010dni razvoj na prostoru izme\u0111u Une i Jadrana: od habsbur\u0161ke Vojne krajine do schengenskoga ruba EU-a\" \/>\n<meta property=\"og:url\" content=\"https:\/\/www.vegaintro-projekti.com\/pilar-stari\/2024\/04\/projekt-bad-pogranicni-razvoj-na-prostoru-izmedu-une-i-jadrana-od-habsburske-vojne-krajine-do-schengenskoga-ruba-eu-a\/\" \/>\n<meta property=\"og:site_name\" content=\"Institut dru&scaron;tvenih znanosti Ivo Pilar\" \/>\n<meta property=\"article:published_time\" content=\"2024-04-07T21:19:35+00:00\" \/>\n<meta property=\"article:modified_time\" content=\"2025-07-02T17:47:36+00:00\" \/>\n<meta property=\"og:image\" content=\"https:\/\/www.vegaintro-projekti.com\/pilar-stari\/wp-content\/uploads\/2024\/04\/IMG_fi-3.jpg\" \/>\n\t<meta property=\"og:image:width\" content=\"500\" \/>\n\t<meta property=\"og:image:height\" content=\"201\" \/>\n\t<meta property=\"og:image:type\" content=\"image\/jpeg\" \/>\n<meta name=\"author\" content=\"Boris\" \/>\n<meta name=\"twitter:card\" content=\"summary_large_image\" \/>\n<meta name=\"twitter:label1\" content=\"Napisao\/la\" \/>\n\t<meta name=\"twitter:data1\" content=\"Boris\" \/>\n\t<meta name=\"twitter:label2\" content=\"Procijenjeno vrijeme \u010ditanja\" \/>\n\t<meta name=\"twitter:data2\" content=\"4 minute\" \/>\n<script type=\"application\/ld+json\" class=\"yoast-schema-graph\">{\"@context\":\"https:\/\/schema.org\",\"@graph\":[{\"@type\":\"WebPage\",\"@id\":\"https:\/\/www.vegaintro-projekti.com\/pilar-stari\/2024\/04\/projekt-bad-pogranicni-razvoj-na-prostoru-izmedu-une-i-jadrana-od-habsburske-vojne-krajine-do-schengenskoga-ruba-eu-a\/\",\"url\":\"https:\/\/www.vegaintro-projekti.com\/pilar-stari\/2024\/04\/projekt-bad-pogranicni-razvoj-na-prostoru-izmedu-une-i-jadrana-od-habsburske-vojne-krajine-do-schengenskoga-ruba-eu-a\/\",\"name\":\"Projekt BAD: Pograni\u010dni razvoj na prostoru izme\u0111u Une i Jadrana: od habsbur\u0161ke Vojne krajine do schengenskoga ruba EU-a - Institut dru&scaron;tvenih znanosti Ivo Pilar\",\"isPartOf\":{\"@id\":\"https:\/\/www.vegaintro-projekti.com\/pilar-stari\/#website\"},\"datePublished\":\"2024-04-07T21:19:35+00:00\",\"dateModified\":\"2025-07-02T17:47:36+00:00\",\"author\":{\"@id\":\"https:\/\/www.vegaintro-projekti.com\/pilar-stari\/#\/schema\/person\/ddd404c9f1e15e4ffef5986ac6a5d28b\"},\"breadcrumb\":{\"@id\":\"https:\/\/www.vegaintro-projekti.com\/pilar-stari\/2024\/04\/projekt-bad-pogranicni-razvoj-na-prostoru-izmedu-une-i-jadrana-od-habsburske-vojne-krajine-do-schengenskoga-ruba-eu-a\/#breadcrumb\"},\"inLanguage\":\"hr\",\"potentialAction\":[{\"@type\":\"ReadAction\",\"target\":[\"https:\/\/www.vegaintro-projekti.com\/pilar-stari\/2024\/04\/projekt-bad-pogranicni-razvoj-na-prostoru-izmedu-une-i-jadrana-od-habsburske-vojne-krajine-do-schengenskoga-ruba-eu-a\/\"]}]},{\"@type\":\"BreadcrumbList\",\"@id\":\"https:\/\/www.vegaintro-projekti.com\/pilar-stari\/2024\/04\/projekt-bad-pogranicni-razvoj-na-prostoru-izmedu-une-i-jadrana-od-habsburske-vojne-krajine-do-schengenskoga-ruba-eu-a\/#breadcrumb\",\"itemListElement\":[{\"@type\":\"ListItem\",\"position\":1,\"name\":\"Home\",\"item\":\"https:\/\/www.vegaintro-projekti.com\/pilar-stari\/\"},{\"@type\":\"ListItem\",\"position\":2,\"name\":\"Projekt BAD: Pograni\u010dni razvoj na prostoru izme\u0111u Une i Jadrana: od habsbur\u0161ke Vojne krajine do schengenskoga ruba EU-a\"}]},{\"@type\":\"WebSite\",\"@id\":\"https:\/\/www.vegaintro-projekti.com\/pilar-stari\/#website\",\"url\":\"https:\/\/www.vegaintro-projekti.com\/pilar-stari\/\",\"name\":\"Institut dru&scaron;tvenih znanosti Ivo Pilar\",\"description\":\"Pilar\",\"potentialAction\":[{\"@type\":\"SearchAction\",\"target\":{\"@type\":\"EntryPoint\",\"urlTemplate\":\"https:\/\/www.vegaintro-projekti.com\/pilar-stari\/?s={search_term_string}\"},\"query-input\":\"required name=search_term_string\"}],\"inLanguage\":\"hr\"},{\"@type\":\"Person\",\"@id\":\"https:\/\/www.vegaintro-projekti.com\/pilar-stari\/#\/schema\/person\/ddd404c9f1e15e4ffef5986ac6a5d28b\",\"name\":\"Boris\",\"image\":{\"@type\":\"ImageObject\",\"inLanguage\":\"hr\",\"@id\":\"https:\/\/www.vegaintro-projekti.com\/pilar-stari\/#\/schema\/person\/image\/\",\"url\":\"https:\/\/secure.gravatar.com\/avatar\/29557b161a6ce6ab86ac1503164f1e90?s=96&d=mm&r=g\",\"contentUrl\":\"https:\/\/secure.gravatar.com\/avatar\/29557b161a6ce6ab86ac1503164f1e90?s=96&d=mm&r=g\",\"caption\":\"Boris\"},\"url\":\"https:\/\/www.vegaintro-projekti.com\/pilar-stari\/author\/boris\/\"}]}<\/script>\n<!-- \/ Yoast SEO plugin. -->","yoast_head_json":{"title":"Projekt BAD: Pograni\u010dni razvoj na prostoru izme\u0111u Une i Jadrana: od habsbur\u0161ke Vojne krajine do schengenskoga ruba EU-a - Institut dru&scaron;tvenih znanosti Ivo Pilar","robots":{"index":"noindex","follow":"follow","max-snippet":"max-snippet:-1","max-image-preview":"max-image-preview:large","max-video-preview":"max-video-preview:-1"},"og_locale":"hr_HR","og_type":"article","og_title":"Projekt BAD: Pograni\u010dni razvoj na prostoru izme\u0111u Une i Jadrana: od habsbur\u0161ke Vojne krajine do schengenskoga ruba EU-a - Institut dru&scaron;tvenih znanosti Ivo Pilar","og_description":"Projekt Pograni\u010dni razvoj na prostoru izme\u0111u Une i Jadrana: od habsbur\u0161ke Vojne krajine do schengenskoga ruba EU-a (BAD) izvodi se u Institutu dru\u0161tvenih znanosti Ivo Pilar u sklopu Programskog financiranja Instituta u razdoblju 1. 1. 2024. &#8211; 31. 12. 2027., a financira ga Europska unija &#8211; NextGeneration EU. &#8211; Novosti Sa\u017eetak projekta Pograni\u010dni razvoj na&hellip; Pro\u010ditaj vi\u0161e o Projekt BAD: Pograni\u010dni razvoj na prostoru izme\u0111u Une i Jadrana: od habsbur\u0161ke Vojne krajine do schengenskoga ruba EU-a","og_url":"https:\/\/www.vegaintro-projekti.com\/pilar-stari\/2024\/04\/projekt-bad-pogranicni-razvoj-na-prostoru-izmedu-une-i-jadrana-od-habsburske-vojne-krajine-do-schengenskoga-ruba-eu-a\/","og_site_name":"Institut dru&scaron;tvenih znanosti Ivo Pilar","article_published_time":"2024-04-07T21:19:35+00:00","article_modified_time":"2025-07-02T17:47:36+00:00","og_image":[{"width":500,"height":201,"url":"https:\/\/www.vegaintro-projekti.com\/pilar-stari\/wp-content\/uploads\/2024\/04\/IMG_fi-3.jpg","type":"image\/jpeg"}],"author":"Boris","twitter_card":"summary_large_image","twitter_misc":{"Napisao\/la":"Boris","Procijenjeno vrijeme \u010ditanja":"4 minute"},"schema":{"@context":"https:\/\/schema.org","@graph":[{"@type":"WebPage","@id":"https:\/\/www.vegaintro-projekti.com\/pilar-stari\/2024\/04\/projekt-bad-pogranicni-razvoj-na-prostoru-izmedu-une-i-jadrana-od-habsburske-vojne-krajine-do-schengenskoga-ruba-eu-a\/","url":"https:\/\/www.vegaintro-projekti.com\/pilar-stari\/2024\/04\/projekt-bad-pogranicni-razvoj-na-prostoru-izmedu-une-i-jadrana-od-habsburske-vojne-krajine-do-schengenskoga-ruba-eu-a\/","name":"Projekt BAD: Pograni\u010dni razvoj na prostoru izme\u0111u Une i Jadrana: od habsbur\u0161ke Vojne krajine do schengenskoga ruba EU-a - Institut dru&scaron;tvenih znanosti Ivo Pilar","isPartOf":{"@id":"https:\/\/www.vegaintro-projekti.com\/pilar-stari\/#website"},"datePublished":"2024-04-07T21:19:35+00:00","dateModified":"2025-07-02T17:47:36+00:00","author":{"@id":"https:\/\/www.vegaintro-projekti.com\/pilar-stari\/#\/schema\/person\/ddd404c9f1e15e4ffef5986ac6a5d28b"},"breadcrumb":{"@id":"https:\/\/www.vegaintro-projekti.com\/pilar-stari\/2024\/04\/projekt-bad-pogranicni-razvoj-na-prostoru-izmedu-une-i-jadrana-od-habsburske-vojne-krajine-do-schengenskoga-ruba-eu-a\/#breadcrumb"},"inLanguage":"hr","potentialAction":[{"@type":"ReadAction","target":["https:\/\/www.vegaintro-projekti.com\/pilar-stari\/2024\/04\/projekt-bad-pogranicni-razvoj-na-prostoru-izmedu-une-i-jadrana-od-habsburske-vojne-krajine-do-schengenskoga-ruba-eu-a\/"]}]},{"@type":"BreadcrumbList","@id":"https:\/\/www.vegaintro-projekti.com\/pilar-stari\/2024\/04\/projekt-bad-pogranicni-razvoj-na-prostoru-izmedu-une-i-jadrana-od-habsburske-vojne-krajine-do-schengenskoga-ruba-eu-a\/#breadcrumb","itemListElement":[{"@type":"ListItem","position":1,"name":"Home","item":"https:\/\/www.vegaintro-projekti.com\/pilar-stari\/"},{"@type":"ListItem","position":2,"name":"Projekt BAD: Pograni\u010dni razvoj na prostoru izme\u0111u Une i Jadrana: od habsbur\u0161ke Vojne krajine do schengenskoga ruba EU-a"}]},{"@type":"WebSite","@id":"https:\/\/www.vegaintro-projekti.com\/pilar-stari\/#website","url":"https:\/\/www.vegaintro-projekti.com\/pilar-stari\/","name":"Institut dru&scaron;tvenih znanosti Ivo Pilar","description":"Pilar","potentialAction":[{"@type":"SearchAction","target":{"@type":"EntryPoint","urlTemplate":"https:\/\/www.vegaintro-projekti.com\/pilar-stari\/?s={search_term_string}"},"query-input":"required name=search_term_string"}],"inLanguage":"hr"},{"@type":"Person","@id":"https:\/\/www.vegaintro-projekti.com\/pilar-stari\/#\/schema\/person\/ddd404c9f1e15e4ffef5986ac6a5d28b","name":"Boris","image":{"@type":"ImageObject","inLanguage":"hr","@id":"https:\/\/www.vegaintro-projekti.com\/pilar-stari\/#\/schema\/person\/image\/","url":"https:\/\/secure.gravatar.com\/avatar\/29557b161a6ce6ab86ac1503164f1e90?s=96&d=mm&r=g","contentUrl":"https:\/\/secure.gravatar.com\/avatar\/29557b161a6ce6ab86ac1503164f1e90?s=96&d=mm&r=g","caption":"Boris"},"url":"https:\/\/www.vegaintro-projekti.com\/pilar-stari\/author\/boris\/"}]}},"_links":{"self":[{"href":"https:\/\/www.vegaintro-projekti.com\/pilar-stari\/wp-json\/wp\/v2\/posts\/29282"}],"collection":[{"href":"https:\/\/www.vegaintro-projekti.com\/pilar-stari\/wp-json\/wp\/v2\/posts"}],"about":[{"href":"https:\/\/www.vegaintro-projekti.com\/pilar-stari\/wp-json\/wp\/v2\/types\/post"}],"author":[{"embeddable":true,"href":"https:\/\/www.vegaintro-projekti.com\/pilar-stari\/wp-json\/wp\/v2\/users\/7"}],"replies":[{"embeddable":true,"href":"https:\/\/www.vegaintro-projekti.com\/pilar-stari\/wp-json\/wp\/v2\/comments?post=29282"}],"version-history":[{"count":5,"href":"https:\/\/www.vegaintro-projekti.com\/pilar-stari\/wp-json\/wp\/v2\/posts\/29282\/revisions"}],"predecessor-version":[{"id":34892,"href":"https:\/\/www.vegaintro-projekti.com\/pilar-stari\/wp-json\/wp\/v2\/posts\/29282\/revisions\/34892"}],"wp:featuredmedia":[{"embeddable":true,"href":"https:\/\/www.vegaintro-projekti.com\/pilar-stari\/wp-json\/wp\/v2\/media\/29280"}],"wp:attachment":[{"href":"https:\/\/www.vegaintro-projekti.com\/pilar-stari\/wp-json\/wp\/v2\/media?parent=29282"}],"wp:term":[{"taxonomy":"category","embeddable":true,"href":"https:\/\/www.vegaintro-projekti.com\/pilar-stari\/wp-json\/wp\/v2\/categories?post=29282"},{"taxonomy":"post_tag","embeddable":true,"href":"https:\/\/www.vegaintro-projekti.com\/pilar-stari\/wp-json\/wp\/v2\/tags?post=29282"}],"curies":[{"name":"wp","href":"https:\/\/api.w.org\/{rel}","templated":true}]}}