{"id":29288,"date":"2024-04-07T21:59:33","date_gmt":"2024-04-07T21:59:33","guid":{"rendered":"https:\/\/www.vegaintro-projekti.com\/pilar-stari\/?p=29288"},"modified":"2025-11-20T08:56:36","modified_gmt":"2025-11-20T08:56:36","slug":"projekt-dinamirh-dinamika-i-izazovi-migracije-remigracije-i-imigracije-u-republici-hrvatskoj","status":"publish","type":"post","link":"https:\/\/www.vegaintro-projekti.com\/pilar-stari\/2024\/04\/projekt-dinamirh-dinamika-i-izazovi-migracije-remigracije-i-imigracije-u-republici-hrvatskoj\/","title":{"rendered":"Projekt DinamiRH: Dinamika i izazovi migracije, remigracije i imigracije u Republici Hrvatskoj"},"content":{"rendered":"<p><strong>Projekt Dinamika i izazovi migracije, remigracije i imigracije u Republici Hrvatskoj (DinamiRH) izvodi se u Institutu dru\u0161tvenih znanosti Ivo Pilar u sklopu Programskog financiranja Instituta u razdoblju 1. 1. 2024. &#8211; 31. 12. 2027., a financira ga Europska unija &#8211; NextGeneration EU.<\/strong><br \/>\n&#8211; <a href=\"#nov\">Novosti<\/a><\/p>\n<div class=\"wp-block-image\"><img decoding=\"async\" loading=\"lazy\" class=\"alignnone wp-image-29287 size-full\" src=\"https:\/\/www.vegaintro-projekti.com\/pilar-stari\/wp-content\/uploads\/2024\/04\/IMG_pr-3.jpg\" alt=\"i1\" width=\"620\" height=\"250\" srcset=\"https:\/\/www.vegaintro-projekti.com\/pilar-stari\/wp-content\/uploads\/2024\/04\/IMG_pr-3.jpg 620w, https:\/\/www.vegaintro-projekti.com\/pilar-stari\/wp-content\/uploads\/2024\/04\/IMG_pr-3-300x121.jpg 300w\" sizes=\"(max-width: 620px) 100vw, 620px\" \/><\/div>\n<p><strong>Sa\u017eetak projekta<\/strong><\/p>\n<p><em>Dinamika i izazovi migracije, remigracije i imigracije u Republici Hrvatskoj (DinamiRH)<\/em><\/p>\n<p>U istra\u017eiva\u010dkom je fokusu interdisciplinarnog projektnog prijedloga Hrvatska, koja je postala \u010dlanicom EU-a 1. srpnja 2013. godine. Uzimaju\u0107i u okvir promatranja historijsku sliku kako je Hrvatska svojevrsni bazen migracije, remigracije i imigracije te da se u njoj se kontinuirano odvija cirkulacija radne snage, od 1945. do dana\u0161njih dana, projektne aktivnosti fokusirat \u0107e se na poziciju nakon promjena nastalih ulaskom Hrvatske u Europsku uniju koje su se dogodile i prisutne su na hrvatskom prostoru kao i na tr\u017ei\u0161tu rada. Promjene su nastale naglom ekspanzijom pristupa tr\u017ei\u0161tu rada u zemljama EU-a, ali i u Hrvatskoj, kao i globalnom situacijom zbog pandemije bolesti COVID-19. Istra\u017eiva\u010dku bazu planirane projektne aktivnosti \u010dine migranti, remigranti i imigranti koji cirkuliraju na tr\u017ei\u0161tu rada na hrvatskom i prostorom EU-a. Uz afirmiranje interdisciplinarnosti i podizanja znanstvene izvrsnosti, ciljevi su projekta: razvoj nacionalnog i regionalnog identiteta i kulture, rad i suradnja na aktivnostima od nacionalnog zna\u010denja, promicanje kulture jednakosti i ravnopravnosti te popularizacija znanosti i umjetnosti.<br \/>\nProjekt obuhva\u0107a tri istra\u017eiva\u010dke teme:<br \/>\n1) <em>Dinamika i izazovi migracije<\/em> \u2013 fokus je prve istra\u017eiva\u010dke teme na istra\u017eivanju migracija od 2013. do recentnog razdoblja, odnosno na detektiranju u kojoj mjeri su se promijenile pozicije i promi\u0161ljanja hrvatskih gra\u0111ana u pogledu migracija prema EU-u \u0161to je prvi jedinstveni doprinos istra\u017eivanju. Istra\u017eit \u0107e se \u201ehigh-skilled\u201c i \u201ebrain drain\/gain\u201c migracije te cirkularna mobilnost, koja obuhva\u0107a i ciklus od jeftine radne snage do po\u017eeljne radne snage, a koju u najve\u0107oj mjeri zagovaraju zemlje EU-a, prije kao izvor jeftine radne snage, a sada kao izvor potrebne ukupne radne snage. Nova digitalna era ne poznaje granice zapo\u0161ljavanja i pojedinci koji koriste resurse digitalne ere nadilaze kulturolo\u0161ke, politi\u010dke, ekonomske i fizi\u010dke granice. Istra\u017eit \u0107e se u kojoj mjeri Hrvatska konkurira ili mo\u017ee konkurirati zapadnijim \u010dlanicama u pogledu znanja, transfera znanja, tehnologije, zapo\u0161ljavanja i digitalnih nomada putem stvaranja virtualnih sfera, virtualne mobilnosti te fizi\u010dkog nenapu\u0161tanje mjesta prebivali\u0161ta, ali mogu\u0107nosti stalne promjene radnog okru\u017eenja. Jedinstveni doprinos bit \u0107e i odgovor na pitanje u kojoj mjeri digitalna era mo\u017ee olak\u0161ati uspostavu transnacionalnog ili nadnacionalnog identiteta koji je EU-u potreban radi politi\u010dke stabilnosti i politi\u010dke budu\u0107nosti.<br \/>\n2) <em>Povratne migracije \u2013 remigracija<\/em> \u2013 fokus je druge istra\u017eiva\u010dke teme na istra\u017eivanju povratnih migracija, iskustava motivacije povratka, dobrih prilika i izazova povratnika kao aktivnih sudionika u hrvatskom dru\u0161tvu s ciljem promicanja nacionalnog i op\u0107eg dobra te razvoja zajednica u koje se vra\u0107aju. Istodobno \u0107e se istra\u017eiti dinamika emigracije te remigracije izme\u0111u RH i Njema\u010dke. Istaknut \u0107e se vrijedan potencijal u vidu razvoja koncepta digitalnih nomada i virtualne mobilnosti putem analize povratnih migracija. Jedinstveni doprinos bit \u0107e doprnos povratnika razvojnim procesima Hrvatske te \u0107e se predlo\u017eiti model\/i povratka u RH.<br \/>\n3) <em>Imigracija \u2013 sa zakonskim odobrenjem i bez njega<\/em> \u2013 fokus je tre\u0107e istra\u017eiva\u010dke teme na radnu snagu s dozvolama i na ilegalne \u2013 neregistrirane \u2013 migrante koji u pogledu socijalnih i ekonomskih posljedica mogu izazvati brojne izazove u hrvatskom dru\u0161tvu. Istra\u017eit \u0107e se imigracija radne snage od ulaska RH u EU i nezakoniti prelasci dr\u017eavne granice RH, utjecaj suvremenih migracija i ljudi u pokretu na hrvatsko dru\u0161tvo te dru\u0161tveno-politi\u010dke i zakonodavno-normativne promjene do kojih dolazi uslijed kontrole, pra\u0107enja i legaliziranja iregularnih migracija na teritoriju RH. Jedinstveni je doprinos geografska distribucija migranata unutar hrvatskoga dr\u017eavnog teritorija te procjena kratkoro\u010dnih i dugoro\u010dnih demografskih posljedica radnih, odnosno ilegalnih migracija.<\/p>\n<p><strong>Project summary<\/strong><\/p>\n<p><em>Dynamics and Challenges of Migration, Remigration and Immigration in the Republic of Croatia (DinamiRH)<\/em><\/p>\n<p>The research focus of the interdisciplinary project proposal is Croatia, which became a member of the EU on July 1, 2013. Croatia has been a kind of basin of migration, remigration and immigration from 1945 to the present day, and the circulation of labor force has continuously been taking place. Taking this into account for the framework of observation, the project activities will focus on the position after the changes caused by Croatia&#8217;s entry into the European Union, which are present in the Croatian territory, as well as in the labor market. The said changes were caused by the sudden expansion of access to the labor market in EU countries, but also in Croatia, as well as by the global situation caused by the COVID-19 pandemic. The research base of the planned project activity is migrants, remigrants and immigrants who are active in the Croatian and EU labor markets. In addition to affirming interdisciplinarity and raising the level of scientific excellence, the goals of the project are: the development of a national and regional identity and culture, work and cooperation on activities of national significance, promotion of a culture of equality, and the popularization of science and art.<br \/>\nThe project includes the following research topics:<br \/>\n1) <em>Dynamics and challenges of migration<\/em> \u2013 the focus of the first research topic is on migration research from 2013 to the recent period, to detect to what extent the positions and reflections of Croatian citizens regarding migration towards the EU have changed, which is the first unique contribution to the research. We will also research &#8220;high-skilled&#8221; and &#8220;brain drain\/gain&#8221; migrations and circular mobility, which includes the cycle from cheap labor to desirable labor and which is advocated to the greatest extent by EU countries, previously as a source of cheap labor, and now as a source of the required total workforce. The new digital era knows no boundaries of employment and individuals who use the resources of the digital era transcend cultural, political, economic and physical boundaries. It will be investigated to what extent Croatia competes or can compete with western members in terms of knowledge, knowledge transfer, technology, employment and digital nomads through the creation of virtual spheres, virtual mobility and physical non-abandonment of the place of residence, but the possibility of constant change of the work environment. A unique contribution will be the investigation of the question to what extent the digital era can facilitate the establishment of a transnational or supranational identity that the EU needs for political stability and political future.<br \/>\n2) <em>Return migrations \u2013 remigration<\/em> \u2013 the focus of the second research topic is on the research of return migrations, experiences of motives to return, opportunities and challenges of returnees as active participants in Croatian society with the aim of promoting the national and general good and the development of the communities to which they return. The dynamics of emigration and remigration between the Republic of Croatia and Germany will be investigated in parallel. Valuable potential will be pointed out in the form of the development of the concept of digital nomads and virtual mobility through the analysis of return migrations. The unique contribution will be the contribution of returnees to the development processes of Croatia, and a model\/s of return to the Republic of Croatia will be proposed.<br \/>\n3) <em>Immigration \u2013 with and without legal authorization<\/em> \u2013 the focus of the third research topic is on the workforce with permits, as well as those without \u2013 unregistered migrants who can create numerous challenges in the Croatian society in terms of social and economic consequences. The following main topics will be investigated: Labor immigration since the entry of the Republic of Croatia into the EU and illegal crossings of the state border of the Republic of Croatia, the impact of modern migrations and people on the move in Croatian society, and socio-political and legislative-normative changes that occur as a result of the control, monitoring and legalization of irregular migration on the country\u2019s territory. The unique contribution is the geographic distribution of migrants within the Croatian national territory and the assessment of the short-term and long-term demographic consequences of labor and illegal migration.<\/p>\n<p><strong>Istra\u017eiva\u010dki tim \/ Research team<\/strong><\/p>\n<p>Voditeljica projekta \/ Project leader: dr. sc. Rebeka Mesari\u0107 \u017dab\u010di\u0107 (Institut Pilar)<\/p>\n<p>Suradnici\/e iz Instituta Pilar \/ Associates from the Pilar Institute: dr. sc. Dra\u017een \u017divi\u0107, dr. sc. Nenad Pokos, dr. sc. Ljiljana Dobrov\u0161ak, dr. sc. Ivo Turk, dr. sc. Marija Geiger Zeman, dr. sc. Caroline Horstein-Tomi\u0107, dr. sc. Sandra Cviki\u0107<\/p>\n<p>Vanjski suradnici\/e \/ External associates: dr. sc. Nikola \u0160imuni\u0107 (Institut za istra\u017eivanje migracija), dr. sc. Ana Malnar (Institut za istra\u017eivanje migracija), dr. sc. Kristina Toplak (In\u0161titut za slovensko inseljenstvo in migracije), dr. sc. Iva \u010culina (Hrvatska radiotelevizija) i Magdalena Vrbanec, prof. (Hrvatski povijesni muzej)<\/p>\n<p><a id=\"nov\"><\/a><span style=\"font-size: 14pt;\">Novosti<\/span><\/p>\n<p>&#8211; <a href=\"https:\/\/www.vegaintro-projekti.com\/pilar-stari\/2025\/11\/javno-predavanje-hrvatska-otvorena-migracijska-zemlja-ili-irska-jugoistocne-europe-vukovar-27-11-2025\/\">Javno predavanje: HRVATSKA &#8211; &#8220;OTVORENA MIGRACIJSKA ZEMLJA&#8221; ILI IRSKA JUGOISTO\u010cNE EUROPE; Vukovar, 27. 11. 2025.<\/a><br \/>\n&#8211; <a href=\"https:\/\/www.vegaintro-projekti.com\/pilar-stari\/2025\/11\/dr-sc-ivo-turk-odrzao-predavanje-na-medunarodnom-znanstvenom-skupu-migracije-prijenosi-i-utjecaji-mursko-sredisce-6-11-2025\/\">Dr. sc. Ivo Turk odr\u017eao predavanje na me\u0111unarodnom znanstvenom skupu Migracije, prijenosi i utjecaji; Mursko Sredi\u0161\u0107e, 6. 11. 2025.<\/a><br \/>\n&#8211; <a href=\"https:\/\/www.vegaintro-projekti.com\/pilar-stari\/2025\/11\/institut-pilar-i-hrvatski-povijesni-muzej-potpisali-sporazum-o-suradnji-zagreb-27-10-2025\/\">Institut Pilar i Hrvatski povijesni muzej potpisali Sporazum o suradnji; Zagreb, 27. 10. 2025.<\/a><br \/>\n&#8211; <a href=\"https:\/\/www.vegaintro-projekti.com\/pilar-stari\/2025\/10\/dr-sc-rebeka-mesaric-zabcic-odrzala-predavanja-na-temu-dinamika-i-izazovi-migracije-u-republici-hrvatskoj-dubrovnik-22-10-2025\/\">Dr. sc. Rebeka Mesari\u0107 \u017dab\u010di\u0107 odr\u017eala predavanja na temu &#8220;Dinamika i izazovi migracije u Republici Hrvatskoj&#8221;; Dubrovnik, 22. 10. 2025.<\/a><br \/>\n&#8211; <a href=\"https:\/\/www.vegaintro-projekti.com\/pilar-stari\/2025\/10\/suradnici-na-projektu-dinamirh-na-konferenciji-dva-stoljeca-zeljeznice-u-svijetu-i-razvoj-zeljeznice-u-hrvatskoj-zagreb-1-10-2025\/\">Suradnici na projektu DinamiRH na konferenciji Dva stolje\u0107a \u017eeljeznice u svijetu i razvoj \u017eeljeznice u Hrvatskoj; Zagreb, 1. 10. 2025.<\/a><br \/>\n&#8211; <a href=\"https:\/\/www.vegaintro-projekti.com\/pilar-stari\/2025\/10\/suradnici-na-projektu-dinamirh-na-konferenciji-geography-in-its-complexity-krasno-18-9-2025\/\">Suradnici na projektu DinamiRH na konferenciji Geography in its Complexity; Krasno, 18. 9. 2025.<\/a><br \/>\n&#8211; <a href=\"https:\/\/www.vegaintro-projekti.com\/pilar-stari\/2025\/07\/potpisan-sporazum-o-suradnji-pravnog-fakulteta-justinijan-prvi-univerziteta-sv-kiril-i-metod-i-instituta-pilar-skopje-11-7-2025\/\">Potpisan Sporazum o suradnji Pravnog fakulteta Justinijan Prvi Univerziteta Sv. Kiril i Metod i Instituta Pilar; Skopje, 11. 7. 2025.<\/a><br \/>\n&#8211; <a href=\"https:\/\/www.vegaintro-projekti.com\/pilar-stari\/2025\/06\/dr-sc-sandra-cvikic-na-medunarodnoj-znanstvenoj-konferenciji-the-migration-conference-2025-university-of-greenwich-london-11-17-6-2025\/\">Dr. sc. Sandra Cviki\u0107 na me\u0111unarodnoj znanstvenoj konferenciji \u201cThe Migration Conference 2025\u201d University of Greenwich; London, 11.-17. 6. 2025.<\/a><br \/>\n&#8211; <a href=\"https:\/\/www.vegaintro-projekti.com\/pilar-stari\/2025\/06\/dr-sc-rebeka-mesaric-zabcic-predstavila-projekt-dinamirh-u-sklopu-dogadanja-sportski-mostovi-zagreb-8-6-2025\/\">Dr. sc. Rebeka Mesari\u0107 \u017dab\u010di\u0107 predstavila projekt DinamiRH u sklopu doga\u0111anja Sportski mostovi; Zagreb, 8. 6. 2025.<\/a><br \/>\n&#8211; <a href=\"https:\/\/www.vegaintro-projekti.com\/pilar-stari\/2025\/06\/dr-sc-caroline-hornstein-tomic-na-konferenciji-austria-connect-see-2025-sarajevo-13-14-5-2025\/\">Dr. sc. Caroline Hornstein Tomi\u0107 na konferenciji AUSTRIA CONNECT SEE 2025; Sarajevo, 13.-14. 5. 2025.<\/a><br \/>\n&#8211; <a href=\"https:\/\/www.vegaintro-projekti.com\/pilar-stari\/2025\/06\/dr-sc-caroline-hornstein-tomic-na-konferenciji-27-stars-od-migracije-do-integracije-zagreb-9-5-2025\/\">Dr. sc. Caroline Hornstein Tomi\u0107 na konferenciji \u201e27 STARS: Od migracije do integracije\u201c; Zagreb, 9. 5. 2025.<\/a><br \/>\n&#8211; <a href=\"https:\/\/www.vegaintro-projekti.com\/pilar-stari\/2025\/05\/dr-sc-rebeka-mesaric-zabcic-i-dr-sc-kresimir-ivanda-na-konferenciji-hidden-u-irskoj-15-16-5-2025\/\">Dr. sc. Rebeka Mesari\u0107 \u017dab\u010di\u0107 i dr. sc. Kre\u0161imir Ivanda na konferenciji HIDDEN u Irskoj, 15.-16. 5. 2025.<\/a><br \/>\n&#8211; <a href=\"https:\/\/www.vegaintro-projekti.com\/pilar-stari\/2025\/05\/znanstvenici-instituta-na-konferenciji-globalne-dijaspore-europske-unije-hrvatska-dijaspora-u-globalnoj-perspektivi-zagreb-8-9-5-2025\/\">Znanstvenici Instituta na konferenciji Globalne dijaspore Europske unije &#8211; Hrvatska dijaspora u globalnoj perspektivi; Zagreb, 8.-9. 5. 2025.<\/a><br \/>\n&#8211; <a href=\"https:\/\/www.vegaintro-projekti.com\/pilar-stari\/2025\/04\/djelatnici-institut-za-intelektualno-vlasnistvo-iz-skopja-u-radnom-posjetu-podrucnom-centru-instituta-pilar-u-vukovaru-10-4-2025\/\">Djelatnici Institut za intelektualno vlasni\u0161tvo iz Skopja u radnom posjetu Podru\u010dnom centru Instituta Pilar u Vukovaru, 10. 4. 2025.<\/a><br \/>\n&#8211; <a href=\"https:\/\/www.vegaintro-projekti.com\/pilar-stari\/2025\/04\/potpisan-sporazum-o-suradnji-izmedu-instituta-drustvenih-znanosti-ivo-pilar-i-instituta-za-intelektualno-vlasnistvo-u-skopju-zagreb-11-4-2025\/\">Potpisan Sporazum o suradnji Instituta dru\u0161tvenih znanosti Ivo Pilar i Instituta za intelektualno vlasni\u0161tvo u Skopju; Zagreb, 11. 4. 2025.<\/a><br \/>\n&#8211; <a href=\"https:\/\/www.vegaintro-projekti.com\/pilar-stari\/2025\/04\/potpisan-sporazum-o-suradnji-s-institutom-za-istrazivanje-migracija-imin-zagreb-2-4-2025\/\">Potpisan Sporazum o suradnji s Institutom za istra\u017eivanje migracija (IMIN); Zagreb, 2. 4. 2025.<\/a><br \/>\n&#8211; <a href=\"https:\/\/www.vegaintro-projekti.com\/pilar-stari\/2025\/04\/dr-sc-rebeka-mesaric-zabcic-u-sklopu-znanstvene-mobilnosti-u-juznoj-americi-16-2-23-3-2025\/\">Dr. sc. Rebeka Mesari\u0107 \u017dab\u010di\u0107 u sklopu znanstvene mobilnosti u Ju\u017enoj Americi; 16. 2.- 23. 3. 2025.<\/a><br \/>\n&#8211; <a href=\"https:\/\/www.vegaintro-projekti.com\/pilar-stari\/2025\/03\/poziv-na-predavanje-dr-sc-milana-puha-istrazivanje-migracija-u-kontekstu-dekolonijalnosti-i-multi-interdisciplinarnosti-zagreb-11-3-2025\/\">Poziv na predavanje dr. sc. Milana Puha &#8220;Istra\u017eivanje migracija u kontekstu dekolonijalnosti i multi\/interdisciplinarnosti&#8221;; Zagreb, 11. 3. 2025.<\/a><br \/>\n&#8211; <a href=\"https:\/\/www.vegaintro-projekti.com\/pilar-stari\/2025\/02\/projekt-dinamirh-okrugli-stol-izazovi-i-dinamika-radnih-migracija-usporedba-hrvatske-i-slovenije-maribor-12-2-2025\/\">Projekt DinamiRH: Okrugli stol &#8220;Izazovi i dinamika radnih migracija \u2013 usporedba Hrvatske i Slovenije&#8221;; Maribor, 12. 2. 2025.<\/a><br \/>\n&#8211; <a href=\"https:\/\/www.vegaintro-projekti.com\/pilar-stari\/2025\/01\/projekt-dinamirh-odrzan-sastanak-projektnog-tima-zagreb-16-1-2025\/\">Projekt DinamiRH: Odr\u017ean sastanak projektnog tima; Zagreb, 16. 1. 2025.<\/a><br \/>\n&#8211; <a href=\"https:\/\/www.vegaintro-projekti.com\/pilar-stari\/2024\/12\/dr-sc-zeljko-holjevac-i-dr-sc-rebeka-mesaric-zabcic-na-potpisivanju-sporazuma-o-suradnji-instituta-pilar-i-instituta-maria-kopp-budimpesta-4-12-2024\/\">Dr. sc. \u017deljko Holjevac i dr. sc. Rebeka Mesari\u0107 \u017dab\u010di\u0107 na potpisivanju Sporazuma o suradnji Instituta Pilar i Instituta Maria Kopp; Budimpe\u0161ta, 4. 12. 2024.<\/a><br \/>\n&#8211; <a href=\"https:\/\/www.vegaintro-projekti.com\/pilar-stari\/2024\/12\/dr-sc-rebeka-mesaric-zabcic-i-dr-sc-sandra-cvikic-na-pravnom-fakultetu-justinijan-prvi-sveucilista-sv-kiril-i-metodij-skopje-27-11-2024\/\">Dr. sc. Rebeka Mesari\u0107 \u017dab\u010di\u0107 i dr. sc. Sandra Cviki\u0107 na Pravnom fakultetu Justinijan Prvi Sveu\u010dili\u0161ta &#8220;Sv. Kiril i Metodij&#8221;; Skopje, 27. 11. 2024.<\/a><br \/>\n&#8211; <a href=\"https:\/\/www.vegaintro-projekti.com\/pilar-stari\/2024\/11\/dr-sc-sandra-cvikic-na-medunarodnoj-znanstveno-strucnoj-konferenciji-migracije-i-identitet-kultura-ekonomija-drzava-3-zagreb-11-12-11-2024\/\">Dr. sc. Sandra Cviki\u0107 na Me\u0111unarodnoj znanstveno-stru\u010dnoj konferenciji \u201eMigracije i identitet: kultura, ekonomija, dr\u017eava (3)\u201c; Zagreb, 11.\u201312. 11. 2024.<\/a><br \/>\n&#8211; <a href=\"https:\/\/www.vegaintro-projekti.com\/pilar-stari\/2024\/07\/sporazum-o-suradnji-instituta-pilar-i-ministarstva-demografije-i-useljenistva-9-7-2024\/\">Sporazum o suradnji Instituta Pilar i Ministarstva demografije i useljeni\u0161tva, 9. 7. 2024.<\/a><br \/>\n&#8211; <a href=\"https:\/\/www.vegaintro-projekti.com\/pilar-stari\/2024\/07\/dr-sc-drazen-zivic-na-tribini-30-godina-od-pocetka-blokade-unprofor-a-osijek-1-7-2024\/\">Dr. sc. Dra\u017een \u017divi\u0107 na tribini &#8220;30 godina od po\u010detka blokade UNPROFOR-a&#8221;; Osijek, 1. 7. 2024.<\/a><br \/>\n&#8211; <a href=\"https:\/\/www.vegaintro-projekti.com\/pilar-stari\/2024\/07\/predavanje-janine-pinkow-lapple-how-highly-skilled-female-returnees-ideas-shape-kosovo-zagreb-11-6-2024\/\">Predavanje Janine Pinkow-L\u00e4pple: &#8220;How Highly Skilled Female Returnees\u2019 Ideas Shape Kosovo&#8221;; Zagreb, 11. 6. 2024.<\/a><br \/>\n&#8211; <a href=\"https:\/\/www.vegaintro-projekti.com\/pilar-stari\/2024\/06\/projekt-dinamirh-radni-rucak-u-veleposlanstvu-madarske-u-zagrebu-10-6-2024\/\">Projekt DinamiRH: Radni ru\u010dak u Veleposlanstvu Ma\u0111arske u Zagrebu, 10. 6. 2024.<\/a><br \/>\n&#8211; <a href=\"https:\/\/www.vegaintro-projekti.com\/pilar-stari\/2024\/02\/predstavljanje-projekta-dinamirh-u-emisiji-htv-a-glas-domovine-30-1-2024\/\">Predstavljanje projekta DinamiRH u emisiji HTV-a Glas domovine, 30. 1. 2024.<\/a><br \/>\n&#8211; <a href=\"https:\/\/www.vegaintro-projekti.com\/pilar-stari\/2024\/01\/dinamika-i-izazovi-migracije-re-migracije-i-imigracije-u-republici-hrvatskoj-dinamirh\/\">Prvi sastanak projekta Dinamika i izazovi migracije, re-migracije i imigracije u Republici Hrvatskoj (DinamiRH), 18. 1. 2024.<\/a><\/p>\n","protected":false},"excerpt":{"rendered":"<p>Projekt Dinamika i izazovi migracije, remigracije i imigracije u Republici Hrvatskoj (DinamiRH) izvodi se u Institutu dru\u0161tvenih znanosti Ivo Pilar u sklopu Programskog financiranja Instituta u razdoblju 1. 1. 2024. &#8211; 31. 12. 2027., a financira ga Europska unija &#8211; NextGeneration EU. &#8211; Novosti Sa\u017eetak projekta Dinamika i izazovi migracije, remigracije i imigracije u Republici&hellip; <a class=\"continue\" href=\"https:\/\/www.vegaintro-projekti.com\/pilar-stari\/2024\/04\/projekt-dinamirh-dinamika-i-izazovi-migracije-remigracije-i-imigracije-u-republici-hrvatskoj\/\">Pro\u010ditaj vi\u0161e o<span> Projekt DinamiRH: Dinamika i izazovi migracije, remigracije i imigracije u Republici Hrvatskoj<\/span><\/a><\/p>\n","protected":false},"author":7,"featured_media":29286,"comment_status":"closed","ping_status":"closed","sticky":false,"template":"","format":"standard","meta":{"inline_featured_image":false,"ngg_post_thumbnail":0,"footnotes":""},"categories":[29],"tags":[],"yoast_head":"<!-- This site is optimized with the Yoast SEO plugin v21.2 - https:\/\/yoast.com\/wordpress\/plugins\/seo\/ -->\n<title>Projekt DinamiRH: Dinamika i izazovi migracije, remigracije i imigracije u Republici Hrvatskoj - Institut dru&scaron;tvenih znanosti Ivo Pilar<\/title>\n<meta name=\"robots\" content=\"noindex, follow, max-snippet:-1, max-image-preview:large, max-video-preview:-1\" \/>\n<meta property=\"og:locale\" content=\"hr_HR\" \/>\n<meta property=\"og:type\" content=\"article\" \/>\n<meta property=\"og:title\" content=\"Projekt DinamiRH: Dinamika i izazovi migracije, remigracije i imigracije u Republici Hrvatskoj - Institut dru&scaron;tvenih znanosti Ivo Pilar\" \/>\n<meta property=\"og:description\" content=\"Projekt Dinamika i izazovi migracije, remigracije i imigracije u Republici Hrvatskoj (DinamiRH) izvodi se u Institutu dru\u0161tvenih znanosti Ivo Pilar u sklopu Programskog financiranja Instituta u razdoblju 1. 1. 2024. &#8211; 31. 12. 2027., a financira ga Europska unija &#8211; NextGeneration EU. &#8211; Novosti Sa\u017eetak projekta Dinamika i izazovi migracije, remigracije i imigracije u Republici&hellip; Pro\u010ditaj vi\u0161e o Projekt DinamiRH: Dinamika i izazovi migracije, remigracije i imigracije u Republici Hrvatskoj\" \/>\n<meta property=\"og:url\" content=\"https:\/\/www.vegaintro-projekti.com\/pilar-stari\/2024\/04\/projekt-dinamirh-dinamika-i-izazovi-migracije-remigracije-i-imigracije-u-republici-hrvatskoj\/\" \/>\n<meta property=\"og:site_name\" content=\"Institut dru&scaron;tvenih znanosti Ivo Pilar\" \/>\n<meta property=\"article:published_time\" content=\"2024-04-07T21:59:33+00:00\" \/>\n<meta property=\"article:modified_time\" content=\"2025-11-20T08:56:36+00:00\" \/>\n<meta property=\"og:image\" content=\"https:\/\/www.vegaintro-projekti.com\/pilar-stari\/wp-content\/uploads\/2024\/04\/IMG_fi-4-e1712527041853.jpg\" \/>\n\t<meta property=\"og:image:width\" content=\"500\" \/>\n\t<meta property=\"og:image:height\" content=\"202\" \/>\n\t<meta property=\"og:image:type\" content=\"image\/jpeg\" \/>\n<meta name=\"author\" content=\"Boris\" \/>\n<meta name=\"twitter:card\" content=\"summary_large_image\" \/>\n<meta name=\"twitter:label1\" content=\"Napisao\/la\" \/>\n\t<meta name=\"twitter:data1\" content=\"Boris\" \/>\n\t<meta name=\"twitter:label2\" content=\"Procijenjeno vrijeme \u010ditanja\" \/>\n\t<meta name=\"twitter:data2\" content=\"11 minuta\" \/>\n<script type=\"application\/ld+json\" class=\"yoast-schema-graph\">{\"@context\":\"https:\/\/schema.org\",\"@graph\":[{\"@type\":\"WebPage\",\"@id\":\"https:\/\/www.vegaintro-projekti.com\/pilar-stari\/2024\/04\/projekt-dinamirh-dinamika-i-izazovi-migracije-remigracije-i-imigracije-u-republici-hrvatskoj\/\",\"url\":\"https:\/\/www.vegaintro-projekti.com\/pilar-stari\/2024\/04\/projekt-dinamirh-dinamika-i-izazovi-migracije-remigracije-i-imigracije-u-republici-hrvatskoj\/\",\"name\":\"Projekt DinamiRH: Dinamika i izazovi migracije, remigracije i imigracije u Republici Hrvatskoj - Institut dru&scaron;tvenih znanosti Ivo Pilar\",\"isPartOf\":{\"@id\":\"https:\/\/www.vegaintro-projekti.com\/pilar-stari\/#website\"},\"datePublished\":\"2024-04-07T21:59:33+00:00\",\"dateModified\":\"2025-11-20T08:56:36+00:00\",\"author\":{\"@id\":\"https:\/\/www.vegaintro-projekti.com\/pilar-stari\/#\/schema\/person\/ddd404c9f1e15e4ffef5986ac6a5d28b\"},\"breadcrumb\":{\"@id\":\"https:\/\/www.vegaintro-projekti.com\/pilar-stari\/2024\/04\/projekt-dinamirh-dinamika-i-izazovi-migracije-remigracije-i-imigracije-u-republici-hrvatskoj\/#breadcrumb\"},\"inLanguage\":\"hr\",\"potentialAction\":[{\"@type\":\"ReadAction\",\"target\":[\"https:\/\/www.vegaintro-projekti.com\/pilar-stari\/2024\/04\/projekt-dinamirh-dinamika-i-izazovi-migracije-remigracije-i-imigracije-u-republici-hrvatskoj\/\"]}]},{\"@type\":\"BreadcrumbList\",\"@id\":\"https:\/\/www.vegaintro-projekti.com\/pilar-stari\/2024\/04\/projekt-dinamirh-dinamika-i-izazovi-migracije-remigracije-i-imigracije-u-republici-hrvatskoj\/#breadcrumb\",\"itemListElement\":[{\"@type\":\"ListItem\",\"position\":1,\"name\":\"Home\",\"item\":\"https:\/\/www.vegaintro-projekti.com\/pilar-stari\/\"},{\"@type\":\"ListItem\",\"position\":2,\"name\":\"Projekt DinamiRH: Dinamika i izazovi migracije, remigracije i imigracije u Republici Hrvatskoj\"}]},{\"@type\":\"WebSite\",\"@id\":\"https:\/\/www.vegaintro-projekti.com\/pilar-stari\/#website\",\"url\":\"https:\/\/www.vegaintro-projekti.com\/pilar-stari\/\",\"name\":\"Institut dru&scaron;tvenih znanosti Ivo Pilar\",\"description\":\"Pilar\",\"potentialAction\":[{\"@type\":\"SearchAction\",\"target\":{\"@type\":\"EntryPoint\",\"urlTemplate\":\"https:\/\/www.vegaintro-projekti.com\/pilar-stari\/?s={search_term_string}\"},\"query-input\":\"required name=search_term_string\"}],\"inLanguage\":\"hr\"},{\"@type\":\"Person\",\"@id\":\"https:\/\/www.vegaintro-projekti.com\/pilar-stari\/#\/schema\/person\/ddd404c9f1e15e4ffef5986ac6a5d28b\",\"name\":\"Boris\",\"image\":{\"@type\":\"ImageObject\",\"inLanguage\":\"hr\",\"@id\":\"https:\/\/www.vegaintro-projekti.com\/pilar-stari\/#\/schema\/person\/image\/\",\"url\":\"https:\/\/secure.gravatar.com\/avatar\/29557b161a6ce6ab86ac1503164f1e90?s=96&d=mm&r=g\",\"contentUrl\":\"https:\/\/secure.gravatar.com\/avatar\/29557b161a6ce6ab86ac1503164f1e90?s=96&d=mm&r=g\",\"caption\":\"Boris\"},\"url\":\"https:\/\/www.vegaintro-projekti.com\/pilar-stari\/author\/boris\/\"}]}<\/script>\n<!-- \/ Yoast SEO plugin. -->","yoast_head_json":{"title":"Projekt DinamiRH: Dinamika i izazovi migracije, remigracije i imigracije u Republici Hrvatskoj - Institut dru&scaron;tvenih znanosti Ivo Pilar","robots":{"index":"noindex","follow":"follow","max-snippet":"max-snippet:-1","max-image-preview":"max-image-preview:large","max-video-preview":"max-video-preview:-1"},"og_locale":"hr_HR","og_type":"article","og_title":"Projekt DinamiRH: Dinamika i izazovi migracije, remigracije i imigracije u Republici Hrvatskoj - Institut dru&scaron;tvenih znanosti Ivo Pilar","og_description":"Projekt Dinamika i izazovi migracije, remigracije i imigracije u Republici Hrvatskoj (DinamiRH) izvodi se u Institutu dru\u0161tvenih znanosti Ivo Pilar u sklopu Programskog financiranja Instituta u razdoblju 1. 1. 2024. &#8211; 31. 12. 2027., a financira ga Europska unija &#8211; NextGeneration EU. &#8211; Novosti Sa\u017eetak projekta Dinamika i izazovi migracije, remigracije i imigracije u Republici&hellip; Pro\u010ditaj vi\u0161e o Projekt DinamiRH: Dinamika i izazovi migracije, remigracije i imigracije u Republici Hrvatskoj","og_url":"https:\/\/www.vegaintro-projekti.com\/pilar-stari\/2024\/04\/projekt-dinamirh-dinamika-i-izazovi-migracije-remigracije-i-imigracije-u-republici-hrvatskoj\/","og_site_name":"Institut dru&scaron;tvenih znanosti Ivo Pilar","article_published_time":"2024-04-07T21:59:33+00:00","article_modified_time":"2025-11-20T08:56:36+00:00","og_image":[{"width":500,"height":202,"url":"https:\/\/www.vegaintro-projekti.com\/pilar-stari\/wp-content\/uploads\/2024\/04\/IMG_fi-4-e1712527041853.jpg","type":"image\/jpeg"}],"author":"Boris","twitter_card":"summary_large_image","twitter_misc":{"Napisao\/la":"Boris","Procijenjeno vrijeme \u010ditanja":"11 minuta"},"schema":{"@context":"https:\/\/schema.org","@graph":[{"@type":"WebPage","@id":"https:\/\/www.vegaintro-projekti.com\/pilar-stari\/2024\/04\/projekt-dinamirh-dinamika-i-izazovi-migracije-remigracije-i-imigracije-u-republici-hrvatskoj\/","url":"https:\/\/www.vegaintro-projekti.com\/pilar-stari\/2024\/04\/projekt-dinamirh-dinamika-i-izazovi-migracije-remigracije-i-imigracije-u-republici-hrvatskoj\/","name":"Projekt DinamiRH: Dinamika i izazovi migracije, remigracije i imigracije u Republici Hrvatskoj - Institut dru&scaron;tvenih znanosti Ivo Pilar","isPartOf":{"@id":"https:\/\/www.vegaintro-projekti.com\/pilar-stari\/#website"},"datePublished":"2024-04-07T21:59:33+00:00","dateModified":"2025-11-20T08:56:36+00:00","author":{"@id":"https:\/\/www.vegaintro-projekti.com\/pilar-stari\/#\/schema\/person\/ddd404c9f1e15e4ffef5986ac6a5d28b"},"breadcrumb":{"@id":"https:\/\/www.vegaintro-projekti.com\/pilar-stari\/2024\/04\/projekt-dinamirh-dinamika-i-izazovi-migracije-remigracije-i-imigracije-u-republici-hrvatskoj\/#breadcrumb"},"inLanguage":"hr","potentialAction":[{"@type":"ReadAction","target":["https:\/\/www.vegaintro-projekti.com\/pilar-stari\/2024\/04\/projekt-dinamirh-dinamika-i-izazovi-migracije-remigracije-i-imigracije-u-republici-hrvatskoj\/"]}]},{"@type":"BreadcrumbList","@id":"https:\/\/www.vegaintro-projekti.com\/pilar-stari\/2024\/04\/projekt-dinamirh-dinamika-i-izazovi-migracije-remigracije-i-imigracije-u-republici-hrvatskoj\/#breadcrumb","itemListElement":[{"@type":"ListItem","position":1,"name":"Home","item":"https:\/\/www.vegaintro-projekti.com\/pilar-stari\/"},{"@type":"ListItem","position":2,"name":"Projekt DinamiRH: Dinamika i izazovi migracije, remigracije i imigracije u Republici Hrvatskoj"}]},{"@type":"WebSite","@id":"https:\/\/www.vegaintro-projekti.com\/pilar-stari\/#website","url":"https:\/\/www.vegaintro-projekti.com\/pilar-stari\/","name":"Institut dru&scaron;tvenih znanosti Ivo Pilar","description":"Pilar","potentialAction":[{"@type":"SearchAction","target":{"@type":"EntryPoint","urlTemplate":"https:\/\/www.vegaintro-projekti.com\/pilar-stari\/?s={search_term_string}"},"query-input":"required name=search_term_string"}],"inLanguage":"hr"},{"@type":"Person","@id":"https:\/\/www.vegaintro-projekti.com\/pilar-stari\/#\/schema\/person\/ddd404c9f1e15e4ffef5986ac6a5d28b","name":"Boris","image":{"@type":"ImageObject","inLanguage":"hr","@id":"https:\/\/www.vegaintro-projekti.com\/pilar-stari\/#\/schema\/person\/image\/","url":"https:\/\/secure.gravatar.com\/avatar\/29557b161a6ce6ab86ac1503164f1e90?s=96&d=mm&r=g","contentUrl":"https:\/\/secure.gravatar.com\/avatar\/29557b161a6ce6ab86ac1503164f1e90?s=96&d=mm&r=g","caption":"Boris"},"url":"https:\/\/www.vegaintro-projekti.com\/pilar-stari\/author\/boris\/"}]}},"_links":{"self":[{"href":"https:\/\/www.vegaintro-projekti.com\/pilar-stari\/wp-json\/wp\/v2\/posts\/29288"}],"collection":[{"href":"https:\/\/www.vegaintro-projekti.com\/pilar-stari\/wp-json\/wp\/v2\/posts"}],"about":[{"href":"https:\/\/www.vegaintro-projekti.com\/pilar-stari\/wp-json\/wp\/v2\/types\/post"}],"author":[{"embeddable":true,"href":"https:\/\/www.vegaintro-projekti.com\/pilar-stari\/wp-json\/wp\/v2\/users\/7"}],"replies":[{"embeddable":true,"href":"https:\/\/www.vegaintro-projekti.com\/pilar-stari\/wp-json\/wp\/v2\/comments?post=29288"}],"version-history":[{"count":31,"href":"https:\/\/www.vegaintro-projekti.com\/pilar-stari\/wp-json\/wp\/v2\/posts\/29288\/revisions"}],"predecessor-version":[{"id":36652,"href":"https:\/\/www.vegaintro-projekti.com\/pilar-stari\/wp-json\/wp\/v2\/posts\/29288\/revisions\/36652"}],"wp:featuredmedia":[{"embeddable":true,"href":"https:\/\/www.vegaintro-projekti.com\/pilar-stari\/wp-json\/wp\/v2\/media\/29286"}],"wp:attachment":[{"href":"https:\/\/www.vegaintro-projekti.com\/pilar-stari\/wp-json\/wp\/v2\/media?parent=29288"}],"wp:term":[{"taxonomy":"category","embeddable":true,"href":"https:\/\/www.vegaintro-projekti.com\/pilar-stari\/wp-json\/wp\/v2\/categories?post=29288"},{"taxonomy":"post_tag","embeddable":true,"href":"https:\/\/www.vegaintro-projekti.com\/pilar-stari\/wp-json\/wp\/v2\/tags?post=29288"}],"curies":[{"name":"wp","href":"https:\/\/api.w.org\/{rel}","templated":true}]}}