{"id":29337,"date":"2024-04-11T21:28:40","date_gmt":"2024-04-11T21:28:40","guid":{"rendered":"https:\/\/www.vegaintro-projekti.com\/pilar-stari\/?p=29337"},"modified":"2024-04-11T21:34:11","modified_gmt":"2024-04-11T21:34:11","slug":"dr-sc-danijel-vojak-u-medijima-u-povodu-svjetskog-dana-roma-8-4-2024","status":"publish","type":"post","link":"https:\/\/www.vegaintro-projekti.com\/pilar-stari\/2024\/04\/dr-sc-danijel-vojak-u-medijima-u-povodu-svjetskog-dana-roma-8-4-2024\/","title":{"rendered":"Dr. sc. Danijel Vojak u medijima u povodu Svjetskog dana Roma, 8. 4. 2024."},"content":{"rendered":"<p><strong>U povodu Svjetskog dana Roma 8. travnja portali Narod.hr i Udru\u017eenja mre\u017ea za izgradnju mira objavljuju priloge u kojima se referiraju na istra\u017eivanja dr. sc. Danijela Vojaka o povijesti Roma u hrvatskim zemljama te genocidnog stradanja Roma u Hrvatskoj<\/strong><\/p>\n<div class=\"wp-block-image\"><a href=\"https:\/\/www.vegaintro-projekti.com\/pilar-stari\/wp-content\/uploads\/2024\/04\/IMG_3.jpg\"><img decoding=\"async\" loading=\"lazy\" class=\"alignnone wp-image-29336 size-full\" src=\"https:\/\/www.vegaintro-projekti.com\/pilar-stari\/wp-content\/uploads\/2024\/04\/IMG_3s.jpg\" alt=\"i1\" width=\"620\" height=\"364\" srcset=\"https:\/\/www.vegaintro-projekti.com\/pilar-stari\/wp-content\/uploads\/2024\/04\/IMG_3s.jpg 620w, https:\/\/www.vegaintro-projekti.com\/pilar-stari\/wp-content\/uploads\/2024\/04\/IMG_3s-300x176.jpg 300w\" sizes=\"(max-width: 620px) 100vw, 620px\" \/><\/a><\/div>\n<div>&nbsp;<\/div>\n<p><strong>&#8211; Narod.hr:<\/strong> <a href=\"https:\/\/narod.hr\/kultura\/svjetski-dan-roma-znate-li-kada-i-u-koja-dva-grada-su-romi-prvo-dosli-u-hrvatsku\">Svjetski dan Roma \u2013 Znate li kada i u koja dva grada su Romi prvo do\u0161li u Hrvatsku?, 8. 4. 2024.<\/a><br \/>\n<strong>&#8211; Udru\u017eenje mre\u017ea za izgradnju mira:<\/strong> <a href=\"https:\/\/www.mreza-mira.net\/vijesti\/clanci\/zaboravljeni-genocid-nad-romima-znate-li-sta-je-samudaripen-i-gdje-je-ustica\/\">Milkica Milojevi\u0107, \u201eZaboravljeni genocid nad Romima \u2013 Znate li \u0161ta je Samudaripen i gdje je U\u0161tica?\u201c, 8. 4. 2024.<\/a><\/p>\n<blockquote><p><a href=\"https:\/\/www.vegaintro-projekti.com\/pilar-stari\/biografije\/user-bio\/?my_user_id=63\">Dr. sc. Danijel Vojak<\/a><\/p><\/blockquote>\n","protected":false},"excerpt":{"rendered":"<p>U povodu Svjetskog dana Roma 8. travnja portali Narod.hr i Udru\u017eenja mre\u017ea za izgradnju mira objavljuju priloge u kojima se referiraju na istra\u017eivanja dr. sc. Danijela Vojaka o povijesti Roma u hrvatskim zemljama te genocidnog stradanja Roma u Hrvatskoj &nbsp; &#8211; Narod.hr: Svjetski dan Roma \u2013 Znate li kada i u koja dva grada su&hellip; <a class=\"continue\" href=\"https:\/\/www.vegaintro-projekti.com\/pilar-stari\/2024\/04\/dr-sc-danijel-vojak-u-medijima-u-povodu-svjetskog-dana-roma-8-4-2024\/\">Pro\u010ditaj vi\u0161e o<span> Dr. sc. Danijel Vojak u medijima u povodu Svjetskog dana Roma, 8. 4. 2024.<\/span><\/a><\/p>\n","protected":false},"author":7,"featured_media":29336,"comment_status":"closed","ping_status":"closed","sticky":false,"template":"","format":"standard","meta":{"inline_featured_image":false,"ngg_post_thumbnail":0,"footnotes":""},"categories":[12],"tags":[],"yoast_head":"<!-- This site is optimized with the Yoast SEO plugin v21.2 - https:\/\/yoast.com\/wordpress\/plugins\/seo\/ -->\n<title>Dr. sc. Danijel Vojak u medijima u povodu Svjetskog dana Roma, 8. 4. 2024. - Institut dru&scaron;tvenih znanosti Ivo Pilar<\/title>\n<meta name=\"robots\" content=\"noindex, follow, max-snippet:-1, max-image-preview:large, max-video-preview:-1\" \/>\n<meta property=\"og:locale\" content=\"hr_HR\" \/>\n<meta property=\"og:type\" content=\"article\" \/>\n<meta property=\"og:title\" content=\"Dr. sc. Danijel Vojak u medijima u povodu Svjetskog dana Roma, 8. 4. 2024. - Institut dru&scaron;tvenih znanosti Ivo Pilar\" \/>\n<meta property=\"og:description\" content=\"U povodu Svjetskog dana Roma 8. travnja portali Narod.hr i Udru\u017eenja mre\u017ea za izgradnju mira objavljuju priloge u kojima se referiraju na istra\u017eivanja dr. sc. Danijela Vojaka o povijesti Roma u hrvatskim zemljama te genocidnog stradanja Roma u Hrvatskoj &nbsp; &#8211; Narod.hr: Svjetski dan Roma \u2013 Znate li kada i u koja dva grada su&hellip; Pro\u010ditaj vi\u0161e o Dr. sc. Danijel Vojak u medijima u povodu Svjetskog dana Roma, 8. 4. 2024.\" \/>\n<meta property=\"og:url\" content=\"https:\/\/www.vegaintro-projekti.com\/pilar-stari\/2024\/04\/dr-sc-danijel-vojak-u-medijima-u-povodu-svjetskog-dana-roma-8-4-2024\/\" \/>\n<meta property=\"og:site_name\" content=\"Institut dru&scaron;tvenih znanosti Ivo Pilar\" \/>\n<meta property=\"article:published_time\" content=\"2024-04-11T21:28:40+00:00\" \/>\n<meta property=\"article:modified_time\" content=\"2024-04-11T21:34:11+00:00\" \/>\n<meta property=\"og:image\" content=\"https:\/\/www.vegaintro-projekti.com\/pilar-stari\/wp-content\/uploads\/2024\/04\/IMG_3s.jpg\" \/>\n\t<meta property=\"og:image:width\" content=\"620\" \/>\n\t<meta property=\"og:image:height\" content=\"364\" \/>\n\t<meta property=\"og:image:type\" content=\"image\/jpeg\" \/>\n<meta name=\"author\" content=\"Boris\" \/>\n<meta name=\"twitter:card\" content=\"summary_large_image\" \/>\n<meta name=\"twitter:label1\" content=\"Napisao\/la\" \/>\n\t<meta name=\"twitter:data1\" content=\"Boris\" \/>\n\t<meta name=\"twitter:label2\" content=\"Procijenjeno vrijeme \u010ditanja\" \/>\n\t<meta name=\"twitter:data2\" content=\"1 minuta\" \/>\n<script type=\"application\/ld+json\" class=\"yoast-schema-graph\">{\"@context\":\"https:\/\/schema.org\",\"@graph\":[{\"@type\":\"WebPage\",\"@id\":\"https:\/\/www.vegaintro-projekti.com\/pilar-stari\/2024\/04\/dr-sc-danijel-vojak-u-medijima-u-povodu-svjetskog-dana-roma-8-4-2024\/\",\"url\":\"https:\/\/www.vegaintro-projekti.com\/pilar-stari\/2024\/04\/dr-sc-danijel-vojak-u-medijima-u-povodu-svjetskog-dana-roma-8-4-2024\/\",\"name\":\"Dr. sc. Danijel Vojak u medijima u povodu Svjetskog dana Roma, 8. 4. 2024. - Institut dru&scaron;tvenih znanosti Ivo Pilar\",\"isPartOf\":{\"@id\":\"https:\/\/www.vegaintro-projekti.com\/pilar-stari\/#website\"},\"datePublished\":\"2024-04-11T21:28:40+00:00\",\"dateModified\":\"2024-04-11T21:34:11+00:00\",\"author\":{\"@id\":\"https:\/\/www.vegaintro-projekti.com\/pilar-stari\/#\/schema\/person\/ddd404c9f1e15e4ffef5986ac6a5d28b\"},\"breadcrumb\":{\"@id\":\"https:\/\/www.vegaintro-projekti.com\/pilar-stari\/2024\/04\/dr-sc-danijel-vojak-u-medijima-u-povodu-svjetskog-dana-roma-8-4-2024\/#breadcrumb\"},\"inLanguage\":\"hr\",\"potentialAction\":[{\"@type\":\"ReadAction\",\"target\":[\"https:\/\/www.vegaintro-projekti.com\/pilar-stari\/2024\/04\/dr-sc-danijel-vojak-u-medijima-u-povodu-svjetskog-dana-roma-8-4-2024\/\"]}]},{\"@type\":\"BreadcrumbList\",\"@id\":\"https:\/\/www.vegaintro-projekti.com\/pilar-stari\/2024\/04\/dr-sc-danijel-vojak-u-medijima-u-povodu-svjetskog-dana-roma-8-4-2024\/#breadcrumb\",\"itemListElement\":[{\"@type\":\"ListItem\",\"position\":1,\"name\":\"Home\",\"item\":\"https:\/\/www.vegaintro-projekti.com\/pilar-stari\/\"},{\"@type\":\"ListItem\",\"position\":2,\"name\":\"Dr. sc. Danijel Vojak u medijima u povodu Svjetskog dana Roma, 8. 4. 2024.\"}]},{\"@type\":\"WebSite\",\"@id\":\"https:\/\/www.vegaintro-projekti.com\/pilar-stari\/#website\",\"url\":\"https:\/\/www.vegaintro-projekti.com\/pilar-stari\/\",\"name\":\"Institut dru&scaron;tvenih znanosti Ivo Pilar\",\"description\":\"Pilar\",\"potentialAction\":[{\"@type\":\"SearchAction\",\"target\":{\"@type\":\"EntryPoint\",\"urlTemplate\":\"https:\/\/www.vegaintro-projekti.com\/pilar-stari\/?s={search_term_string}\"},\"query-input\":\"required name=search_term_string\"}],\"inLanguage\":\"hr\"},{\"@type\":\"Person\",\"@id\":\"https:\/\/www.vegaintro-projekti.com\/pilar-stari\/#\/schema\/person\/ddd404c9f1e15e4ffef5986ac6a5d28b\",\"name\":\"Boris\",\"image\":{\"@type\":\"ImageObject\",\"inLanguage\":\"hr\",\"@id\":\"https:\/\/www.vegaintro-projekti.com\/pilar-stari\/#\/schema\/person\/image\/\",\"url\":\"https:\/\/secure.gravatar.com\/avatar\/29557b161a6ce6ab86ac1503164f1e90?s=96&d=mm&r=g\",\"contentUrl\":\"https:\/\/secure.gravatar.com\/avatar\/29557b161a6ce6ab86ac1503164f1e90?s=96&d=mm&r=g\",\"caption\":\"Boris\"},\"url\":\"https:\/\/www.vegaintro-projekti.com\/pilar-stari\/author\/boris\/\"}]}<\/script>\n<!-- \/ Yoast SEO plugin. -->","yoast_head_json":{"title":"Dr. sc. Danijel Vojak u medijima u povodu Svjetskog dana Roma, 8. 4. 2024. - Institut dru&scaron;tvenih znanosti Ivo Pilar","robots":{"index":"noindex","follow":"follow","max-snippet":"max-snippet:-1","max-image-preview":"max-image-preview:large","max-video-preview":"max-video-preview:-1"},"og_locale":"hr_HR","og_type":"article","og_title":"Dr. sc. Danijel Vojak u medijima u povodu Svjetskog dana Roma, 8. 4. 2024. - Institut dru&scaron;tvenih znanosti Ivo Pilar","og_description":"U povodu Svjetskog dana Roma 8. travnja portali Narod.hr i Udru\u017eenja mre\u017ea za izgradnju mira objavljuju priloge u kojima se referiraju na istra\u017eivanja dr. sc. Danijela Vojaka o povijesti Roma u hrvatskim zemljama te genocidnog stradanja Roma u Hrvatskoj &nbsp; &#8211; Narod.hr: Svjetski dan Roma \u2013 Znate li kada i u koja dva grada su&hellip; Pro\u010ditaj vi\u0161e o Dr. sc. Danijel Vojak u medijima u povodu Svjetskog dana Roma, 8. 4. 2024.","og_url":"https:\/\/www.vegaintro-projekti.com\/pilar-stari\/2024\/04\/dr-sc-danijel-vojak-u-medijima-u-povodu-svjetskog-dana-roma-8-4-2024\/","og_site_name":"Institut dru&scaron;tvenih znanosti Ivo Pilar","article_published_time":"2024-04-11T21:28:40+00:00","article_modified_time":"2024-04-11T21:34:11+00:00","og_image":[{"width":620,"height":364,"url":"https:\/\/www.vegaintro-projekti.com\/pilar-stari\/wp-content\/uploads\/2024\/04\/IMG_3s.jpg","type":"image\/jpeg"}],"author":"Boris","twitter_card":"summary_large_image","twitter_misc":{"Napisao\/la":"Boris","Procijenjeno vrijeme \u010ditanja":"1 minuta"},"schema":{"@context":"https:\/\/schema.org","@graph":[{"@type":"WebPage","@id":"https:\/\/www.vegaintro-projekti.com\/pilar-stari\/2024\/04\/dr-sc-danijel-vojak-u-medijima-u-povodu-svjetskog-dana-roma-8-4-2024\/","url":"https:\/\/www.vegaintro-projekti.com\/pilar-stari\/2024\/04\/dr-sc-danijel-vojak-u-medijima-u-povodu-svjetskog-dana-roma-8-4-2024\/","name":"Dr. sc. Danijel Vojak u medijima u povodu Svjetskog dana Roma, 8. 4. 2024. - Institut dru&scaron;tvenih znanosti Ivo Pilar","isPartOf":{"@id":"https:\/\/www.vegaintro-projekti.com\/pilar-stari\/#website"},"datePublished":"2024-04-11T21:28:40+00:00","dateModified":"2024-04-11T21:34:11+00:00","author":{"@id":"https:\/\/www.vegaintro-projekti.com\/pilar-stari\/#\/schema\/person\/ddd404c9f1e15e4ffef5986ac6a5d28b"},"breadcrumb":{"@id":"https:\/\/www.vegaintro-projekti.com\/pilar-stari\/2024\/04\/dr-sc-danijel-vojak-u-medijima-u-povodu-svjetskog-dana-roma-8-4-2024\/#breadcrumb"},"inLanguage":"hr","potentialAction":[{"@type":"ReadAction","target":["https:\/\/www.vegaintro-projekti.com\/pilar-stari\/2024\/04\/dr-sc-danijel-vojak-u-medijima-u-povodu-svjetskog-dana-roma-8-4-2024\/"]}]},{"@type":"BreadcrumbList","@id":"https:\/\/www.vegaintro-projekti.com\/pilar-stari\/2024\/04\/dr-sc-danijel-vojak-u-medijima-u-povodu-svjetskog-dana-roma-8-4-2024\/#breadcrumb","itemListElement":[{"@type":"ListItem","position":1,"name":"Home","item":"https:\/\/www.vegaintro-projekti.com\/pilar-stari\/"},{"@type":"ListItem","position":2,"name":"Dr. sc. Danijel Vojak u medijima u povodu Svjetskog dana Roma, 8. 4. 2024."}]},{"@type":"WebSite","@id":"https:\/\/www.vegaintro-projekti.com\/pilar-stari\/#website","url":"https:\/\/www.vegaintro-projekti.com\/pilar-stari\/","name":"Institut dru&scaron;tvenih znanosti Ivo Pilar","description":"Pilar","potentialAction":[{"@type":"SearchAction","target":{"@type":"EntryPoint","urlTemplate":"https:\/\/www.vegaintro-projekti.com\/pilar-stari\/?s={search_term_string}"},"query-input":"required name=search_term_string"}],"inLanguage":"hr"},{"@type":"Person","@id":"https:\/\/www.vegaintro-projekti.com\/pilar-stari\/#\/schema\/person\/ddd404c9f1e15e4ffef5986ac6a5d28b","name":"Boris","image":{"@type":"ImageObject","inLanguage":"hr","@id":"https:\/\/www.vegaintro-projekti.com\/pilar-stari\/#\/schema\/person\/image\/","url":"https:\/\/secure.gravatar.com\/avatar\/29557b161a6ce6ab86ac1503164f1e90?s=96&d=mm&r=g","contentUrl":"https:\/\/secure.gravatar.com\/avatar\/29557b161a6ce6ab86ac1503164f1e90?s=96&d=mm&r=g","caption":"Boris"},"url":"https:\/\/www.vegaintro-projekti.com\/pilar-stari\/author\/boris\/"}]}},"_links":{"self":[{"href":"https:\/\/www.vegaintro-projekti.com\/pilar-stari\/wp-json\/wp\/v2\/posts\/29337"}],"collection":[{"href":"https:\/\/www.vegaintro-projekti.com\/pilar-stari\/wp-json\/wp\/v2\/posts"}],"about":[{"href":"https:\/\/www.vegaintro-projekti.com\/pilar-stari\/wp-json\/wp\/v2\/types\/post"}],"author":[{"embeddable":true,"href":"https:\/\/www.vegaintro-projekti.com\/pilar-stari\/wp-json\/wp\/v2\/users\/7"}],"replies":[{"embeddable":true,"href":"https:\/\/www.vegaintro-projekti.com\/pilar-stari\/wp-json\/wp\/v2\/comments?post=29337"}],"version-history":[{"count":2,"href":"https:\/\/www.vegaintro-projekti.com\/pilar-stari\/wp-json\/wp\/v2\/posts\/29337\/revisions"}],"predecessor-version":[{"id":29339,"href":"https:\/\/www.vegaintro-projekti.com\/pilar-stari\/wp-json\/wp\/v2\/posts\/29337\/revisions\/29339"}],"wp:featuredmedia":[{"embeddable":true,"href":"https:\/\/www.vegaintro-projekti.com\/pilar-stari\/wp-json\/wp\/v2\/media\/29336"}],"wp:attachment":[{"href":"https:\/\/www.vegaintro-projekti.com\/pilar-stari\/wp-json\/wp\/v2\/media?parent=29337"}],"wp:term":[{"taxonomy":"category","embeddable":true,"href":"https:\/\/www.vegaintro-projekti.com\/pilar-stari\/wp-json\/wp\/v2\/categories?post=29337"},{"taxonomy":"post_tag","embeddable":true,"href":"https:\/\/www.vegaintro-projekti.com\/pilar-stari\/wp-json\/wp\/v2\/tags?post=29337"}],"curies":[{"name":"wp","href":"https:\/\/api.w.org\/{rel}","templated":true}]}}