{"id":29358,"date":"2024-04-12T16:19:58","date_gmt":"2024-04-12T16:19:58","guid":{"rendered":"https:\/\/www.vegaintro-projekti.com\/pilar-stari\/?p=29358"},"modified":"2024-04-12T16:28:59","modified_gmt":"2024-04-12T16:28:59","slug":"dr-sc-drazen-zivic-i-dr-sc-sandra-cvikic-na-svecanom-obiljezavanju-15-godisnjice-od-osnutka-zavoda-za-kulturu-vojvodanskih-hrvata-subotica-11-4-2024","status":"publish","type":"post","link":"https:\/\/www.vegaintro-projekti.com\/pilar-stari\/2024\/04\/dr-sc-drazen-zivic-i-dr-sc-sandra-cvikic-na-svecanom-obiljezavanju-15-godisnjice-od-osnutka-zavoda-za-kulturu-vojvodanskih-hrvata-subotica-11-4-2024\/","title":{"rendered":"Dr. sc. Dra\u017een \u017divi\u0107 i dr. sc. Sandra Cviki\u0107 na obilje\u017eavanju 15. godi\u0161njice osnutka Zavoda za kulturu vojvo\u0111anskih Hrvata; Subotica, 11. 4. 2024."},"content":{"rendered":"<p><strong>Na poziv g\u0111e Katarine \u010celikovi\u0107, ravnateljice Zavoda za kulturu vojvo\u0111anskih Hrvata iz Subotice (Republika Srbija), pomo\u0107nik ravnatelja Instituta dru\u0161tvenih znanosti Ivo Pilar dr. sc. Dra\u017een \u017divi\u0107 i znanstvena suradnica u Podru\u010dnom centru Instituta Pilar u Vukovaru dr. sc. Sandra Cviki\u0107, sudjelovali su 11. travnja 2024. na sve\u010danom obilje\u017eavanju 15. godi\u0161njice od osnutka Zavoda, s kojim Institut ve\u0107 jedno desetlje\u0107e vrlo uspje\u0161no sura\u0111uje u razli\u010ditim znanstvenim aktivnostima. Tom prigodom ravnateljica \u010celikovi\u0107 uru\u010dila je dr. sc. Dra\u017eenu \u017divi\u0107u prigodnu zahvalnicu Zavoda za dosada\u0161nju suradnju s Institutom<\/strong><\/p>\n<div class=\"wp-block-image\">\n<p><a href=\"https:\/\/www.vegaintro-projekti.com\/pilar-stari\/wp-content\/uploads\/2024\/04\/IMG_3-1.jpg\"><img decoding=\"async\" loading=\"lazy\" class=\"alignnone wp-image-29354 size-full\" src=\"https:\/\/www.vegaintro-projekti.com\/pilar-stari\/wp-content\/uploads\/2024\/04\/IMG_3s-1.jpg\" alt=\"i1\" width=\"620\" height=\"409\" srcset=\"https:\/\/www.vegaintro-projekti.com\/pilar-stari\/wp-content\/uploads\/2024\/04\/IMG_3s-1.jpg 620w, https:\/\/www.vegaintro-projekti.com\/pilar-stari\/wp-content\/uploads\/2024\/04\/IMG_3s-1-300x198.jpg 300w, https:\/\/www.vegaintro-projekti.com\/pilar-stari\/wp-content\/uploads\/2024\/04\/IMG_3s-1-310x205.jpg 310w\" sizes=\"(max-width: 620px) 100vw, 620px\" \/><\/a><a href=\"https:\/\/www.vegaintro-projekti.com\/pilar-stari\/wp-content\/uploads\/2024\/04\/IMG_4.jpg\"><img decoding=\"async\" loading=\"lazy\" class=\"alignnone wp-image-29356 size-full\" src=\"https:\/\/www.vegaintro-projekti.com\/pilar-stari\/wp-content\/uploads\/2024\/04\/IMG_4s.jpg\" alt=\"i1\" width=\"620\" height=\"360\" srcset=\"https:\/\/www.vegaintro-projekti.com\/pilar-stari\/wp-content\/uploads\/2024\/04\/IMG_4s.jpg 620w, https:\/\/www.vegaintro-projekti.com\/pilar-stari\/wp-content\/uploads\/2024\/04\/IMG_4s-300x174.jpg 300w\" sizes=\"(max-width: 620px) 100vw, 620px\" \/><\/a><a href=\"https:\/\/www.vegaintro-projekti.com\/pilar-stari\/wp-content\/uploads\/2024\/04\/IMG_2-1.jpg\"><img decoding=\"async\" loading=\"lazy\" class=\"alignnone wp-image-29351 size-full\" src=\"https:\/\/www.vegaintro-projekti.com\/pilar-stari\/wp-content\/uploads\/2024\/04\/IMG_2s-1.jpg\" alt=\"i3\" width=\"620\" height=\"336\" srcset=\"https:\/\/www.vegaintro-projekti.com\/pilar-stari\/wp-content\/uploads\/2024\/04\/IMG_2s-1.jpg 620w, https:\/\/www.vegaintro-projekti.com\/pilar-stari\/wp-content\/uploads\/2024\/04\/IMG_2s-1-300x163.jpg 300w\" sizes=\"(max-width: 620px) 100vw, 620px\" \/><\/a><a href=\"https:\/\/www.vegaintro-projekti.com\/pilar-stari\/wp-content\/uploads\/2024\/04\/IMG_1-1.jpg\"><img decoding=\"async\" loading=\"lazy\" class=\"alignnone wp-image-29349 size-full\" src=\"https:\/\/www.vegaintro-projekti.com\/pilar-stari\/wp-content\/uploads\/2024\/04\/IMG_1s-1.jpg\" alt=\"i4\" width=\"620\" height=\"874\" srcset=\"https:\/\/www.vegaintro-projekti.com\/pilar-stari\/wp-content\/uploads\/2024\/04\/IMG_1s-1.jpg 620w, https:\/\/www.vegaintro-projekti.com\/pilar-stari\/wp-content\/uploads\/2024\/04\/IMG_1s-1-213x300.jpg 213w\" sizes=\"(max-width: 620px) 100vw, 620px\" \/><\/a><\/p>\n<\/div>\n<p><span style=\"font-size: 8pt;\"><strong>Foto: Institut Pilar<\/strong><\/span><\/p>\n<p><strong>Sve\u010danost obilje\u017eavanja<\/strong> odr\u017eana je u reprezentativnoj velikoj dvorani Gradske ku\u0107e u Subotici, u nazo\u010dnosti velikoga broja uzvanika i gostiju iz Hrvatske, Srbije i Ma\u0111arske te izuzetno dojmljiv kulturno-umjetni\u010dki program. Me\u0111u ostalim uzvanicima dr. sc. Dra\u017een \u017divi\u0107 posebno se susreo s prvim ravnateljem Zavoda i sada\u0161njim ministrom u vladi Republike Srbije Tomislavom \u017digmanovim te su najavljeni novi projekti koji bi se u suradnji Zavoda i Instituta realizirali u 2025. godini.<\/p>\n<blockquote><p><a href=\"https:\/\/www.zkvh.org.rs\/\">Zavoda za kulturu vojvo\u0111anskih Hrvata<\/a><\/p>\n<p><a href=\"https:\/\/www.vegaintro-projekti.com\/pilar-stari\/2018\/04\/podruni-centar-vukovar-2\/\">Podru\u010dni centar Vukovar<\/a><\/p><\/blockquote>\n","protected":false},"excerpt":{"rendered":"<p>Na poziv g\u0111e Katarine \u010celikovi\u0107, ravnateljice Zavoda za kulturu vojvo\u0111anskih Hrvata iz Subotice (Republika Srbija), pomo\u0107nik ravnatelja Instituta dru\u0161tvenih znanosti Ivo Pilar dr. sc. Dra\u017een \u017divi\u0107 i znanstvena suradnica u Podru\u010dnom centru Instituta Pilar u Vukovaru dr. sc. Sandra Cviki\u0107, sudjelovali su 11. travnja 2024. na sve\u010danom obilje\u017eavanju 15. godi\u0161njice od osnutka Zavoda, s kojim&hellip; <a class=\"continue\" href=\"https:\/\/www.vegaintro-projekti.com\/pilar-stari\/2024\/04\/dr-sc-drazen-zivic-i-dr-sc-sandra-cvikic-na-svecanom-obiljezavanju-15-godisnjice-od-osnutka-zavoda-za-kulturu-vojvodanskih-hrvata-subotica-11-4-2024\/\">Pro\u010ditaj vi\u0161e o<span> Dr. sc. Dra\u017een \u017divi\u0107 i dr. sc. Sandra Cviki\u0107 na obilje\u017eavanju 15. godi\u0161njice osnutka Zavoda za kulturu vojvo\u0111anskih Hrvata; Subotica, 11. 4. 2024.<\/span><\/a><\/p>\n","protected":false},"author":7,"featured_media":29353,"comment_status":"closed","ping_status":"closed","sticky":false,"template":"","format":"standard","meta":{"inline_featured_image":false,"ngg_post_thumbnail":0,"footnotes":""},"categories":[48,9],"tags":[],"yoast_head":"<!-- This site is optimized with the Yoast SEO plugin v21.2 - https:\/\/yoast.com\/wordpress\/plugins\/seo\/ -->\n<title>Dr. sc. Dra\u017een \u017divi\u0107 i dr. sc. Sandra Cviki\u0107 na obilje\u017eavanju 15. godi\u0161njice osnutka Zavoda za kulturu vojvo\u0111anskih Hrvata; Subotica, 11. 4. 2024. - Institut dru&scaron;tvenih znanosti Ivo Pilar<\/title>\n<meta name=\"robots\" content=\"noindex, follow, max-snippet:-1, max-image-preview:large, max-video-preview:-1\" \/>\n<meta property=\"og:locale\" content=\"hr_HR\" \/>\n<meta property=\"og:type\" content=\"article\" \/>\n<meta property=\"og:title\" content=\"Dr. sc. Dra\u017een \u017divi\u0107 i dr. sc. Sandra Cviki\u0107 na obilje\u017eavanju 15. godi\u0161njice osnutka Zavoda za kulturu vojvo\u0111anskih Hrvata; Subotica, 11. 4. 2024. - Institut dru&scaron;tvenih znanosti Ivo Pilar\" \/>\n<meta property=\"og:description\" content=\"Na poziv g\u0111e Katarine \u010celikovi\u0107, ravnateljice Zavoda za kulturu vojvo\u0111anskih Hrvata iz Subotice (Republika Srbija), pomo\u0107nik ravnatelja Instituta dru\u0161tvenih znanosti Ivo Pilar dr. sc. Dra\u017een \u017divi\u0107 i znanstvena suradnica u Podru\u010dnom centru Instituta Pilar u Vukovaru dr. sc. Sandra Cviki\u0107, sudjelovali su 11. travnja 2024. na sve\u010danom obilje\u017eavanju 15. godi\u0161njice od osnutka Zavoda, s kojim&hellip; Pro\u010ditaj vi\u0161e o Dr. sc. Dra\u017een \u017divi\u0107 i dr. sc. Sandra Cviki\u0107 na obilje\u017eavanju 15. godi\u0161njice osnutka Zavoda za kulturu vojvo\u0111anskih Hrvata; Subotica, 11. 4. 2024.\" \/>\n<meta property=\"og:url\" content=\"https:\/\/www.vegaintro-projekti.com\/pilar-stari\/2024\/04\/dr-sc-drazen-zivic-i-dr-sc-sandra-cvikic-na-svecanom-obiljezavanju-15-godisnjice-od-osnutka-zavoda-za-kulturu-vojvodanskih-hrvata-subotica-11-4-2024\/\" \/>\n<meta property=\"og:site_name\" content=\"Institut dru&scaron;tvenih znanosti Ivo Pilar\" \/>\n<meta property=\"article:published_time\" content=\"2024-04-12T16:19:58+00:00\" \/>\n<meta property=\"article:modified_time\" content=\"2024-04-12T16:28:59+00:00\" \/>\n<meta property=\"og:image\" content=\"https:\/\/www.vegaintro-projekti.com\/pilar-stari\/wp-content\/uploads\/2024\/04\/IMG_3fi.jpg\" \/>\n\t<meta property=\"og:image:width\" content=\"498\" \/>\n\t<meta property=\"og:image:height\" content=\"224\" \/>\n\t<meta property=\"og:image:type\" content=\"image\/jpeg\" \/>\n<meta name=\"author\" content=\"Boris\" \/>\n<meta name=\"twitter:card\" content=\"summary_large_image\" \/>\n<meta name=\"twitter:label1\" content=\"Napisao\/la\" \/>\n\t<meta name=\"twitter:data1\" content=\"Boris\" \/>\n\t<meta name=\"twitter:label2\" content=\"Procijenjeno vrijeme \u010ditanja\" \/>\n\t<meta name=\"twitter:data2\" content=\"2 minute\" \/>\n<script type=\"application\/ld+json\" class=\"yoast-schema-graph\">{\"@context\":\"https:\/\/schema.org\",\"@graph\":[{\"@type\":\"WebPage\",\"@id\":\"https:\/\/www.vegaintro-projekti.com\/pilar-stari\/2024\/04\/dr-sc-drazen-zivic-i-dr-sc-sandra-cvikic-na-svecanom-obiljezavanju-15-godisnjice-od-osnutka-zavoda-za-kulturu-vojvodanskih-hrvata-subotica-11-4-2024\/\",\"url\":\"https:\/\/www.vegaintro-projekti.com\/pilar-stari\/2024\/04\/dr-sc-drazen-zivic-i-dr-sc-sandra-cvikic-na-svecanom-obiljezavanju-15-godisnjice-od-osnutka-zavoda-za-kulturu-vojvodanskih-hrvata-subotica-11-4-2024\/\",\"name\":\"Dr. sc. Dra\u017een \u017divi\u0107 i dr. sc. Sandra Cviki\u0107 na obilje\u017eavanju 15. godi\u0161njice osnutka Zavoda za kulturu vojvo\u0111anskih Hrvata; Subotica, 11. 4. 2024. - Institut dru&scaron;tvenih znanosti Ivo Pilar\",\"isPartOf\":{\"@id\":\"https:\/\/www.vegaintro-projekti.com\/pilar-stari\/#website\"},\"datePublished\":\"2024-04-12T16:19:58+00:00\",\"dateModified\":\"2024-04-12T16:28:59+00:00\",\"author\":{\"@id\":\"https:\/\/www.vegaintro-projekti.com\/pilar-stari\/#\/schema\/person\/ddd404c9f1e15e4ffef5986ac6a5d28b\"},\"breadcrumb\":{\"@id\":\"https:\/\/www.vegaintro-projekti.com\/pilar-stari\/2024\/04\/dr-sc-drazen-zivic-i-dr-sc-sandra-cvikic-na-svecanom-obiljezavanju-15-godisnjice-od-osnutka-zavoda-za-kulturu-vojvodanskih-hrvata-subotica-11-4-2024\/#breadcrumb\"},\"inLanguage\":\"hr\",\"potentialAction\":[{\"@type\":\"ReadAction\",\"target\":[\"https:\/\/www.vegaintro-projekti.com\/pilar-stari\/2024\/04\/dr-sc-drazen-zivic-i-dr-sc-sandra-cvikic-na-svecanom-obiljezavanju-15-godisnjice-od-osnutka-zavoda-za-kulturu-vojvodanskih-hrvata-subotica-11-4-2024\/\"]}]},{\"@type\":\"BreadcrumbList\",\"@id\":\"https:\/\/www.vegaintro-projekti.com\/pilar-stari\/2024\/04\/dr-sc-drazen-zivic-i-dr-sc-sandra-cvikic-na-svecanom-obiljezavanju-15-godisnjice-od-osnutka-zavoda-za-kulturu-vojvodanskih-hrvata-subotica-11-4-2024\/#breadcrumb\",\"itemListElement\":[{\"@type\":\"ListItem\",\"position\":1,\"name\":\"Home\",\"item\":\"https:\/\/www.vegaintro-projekti.com\/pilar-stari\/\"},{\"@type\":\"ListItem\",\"position\":2,\"name\":\"Dr. sc. Dra\u017een \u017divi\u0107 i dr. sc. Sandra Cviki\u0107 na obilje\u017eavanju 15. godi\u0161njice osnutka Zavoda za kulturu vojvo\u0111anskih Hrvata; Subotica, 11. 4. 2024.\"}]},{\"@type\":\"WebSite\",\"@id\":\"https:\/\/www.vegaintro-projekti.com\/pilar-stari\/#website\",\"url\":\"https:\/\/www.vegaintro-projekti.com\/pilar-stari\/\",\"name\":\"Institut dru&scaron;tvenih znanosti Ivo Pilar\",\"description\":\"Pilar\",\"potentialAction\":[{\"@type\":\"SearchAction\",\"target\":{\"@type\":\"EntryPoint\",\"urlTemplate\":\"https:\/\/www.vegaintro-projekti.com\/pilar-stari\/?s={search_term_string}\"},\"query-input\":\"required name=search_term_string\"}],\"inLanguage\":\"hr\"},{\"@type\":\"Person\",\"@id\":\"https:\/\/www.vegaintro-projekti.com\/pilar-stari\/#\/schema\/person\/ddd404c9f1e15e4ffef5986ac6a5d28b\",\"name\":\"Boris\",\"image\":{\"@type\":\"ImageObject\",\"inLanguage\":\"hr\",\"@id\":\"https:\/\/www.vegaintro-projekti.com\/pilar-stari\/#\/schema\/person\/image\/\",\"url\":\"https:\/\/secure.gravatar.com\/avatar\/29557b161a6ce6ab86ac1503164f1e90?s=96&d=mm&r=g\",\"contentUrl\":\"https:\/\/secure.gravatar.com\/avatar\/29557b161a6ce6ab86ac1503164f1e90?s=96&d=mm&r=g\",\"caption\":\"Boris\"},\"url\":\"https:\/\/www.vegaintro-projekti.com\/pilar-stari\/author\/boris\/\"}]}<\/script>\n<!-- \/ Yoast SEO plugin. -->","yoast_head_json":{"title":"Dr. sc. Dra\u017een \u017divi\u0107 i dr. sc. Sandra Cviki\u0107 na obilje\u017eavanju 15. godi\u0161njice osnutka Zavoda za kulturu vojvo\u0111anskih Hrvata; Subotica, 11. 4. 2024. - Institut dru&scaron;tvenih znanosti Ivo Pilar","robots":{"index":"noindex","follow":"follow","max-snippet":"max-snippet:-1","max-image-preview":"max-image-preview:large","max-video-preview":"max-video-preview:-1"},"og_locale":"hr_HR","og_type":"article","og_title":"Dr. sc. Dra\u017een \u017divi\u0107 i dr. sc. Sandra Cviki\u0107 na obilje\u017eavanju 15. godi\u0161njice osnutka Zavoda za kulturu vojvo\u0111anskih Hrvata; Subotica, 11. 4. 2024. - Institut dru&scaron;tvenih znanosti Ivo Pilar","og_description":"Na poziv g\u0111e Katarine \u010celikovi\u0107, ravnateljice Zavoda za kulturu vojvo\u0111anskih Hrvata iz Subotice (Republika Srbija), pomo\u0107nik ravnatelja Instituta dru\u0161tvenih znanosti Ivo Pilar dr. sc. Dra\u017een \u017divi\u0107 i znanstvena suradnica u Podru\u010dnom centru Instituta Pilar u Vukovaru dr. sc. Sandra Cviki\u0107, sudjelovali su 11. travnja 2024. na sve\u010danom obilje\u017eavanju 15. godi\u0161njice od osnutka Zavoda, s kojim&hellip; Pro\u010ditaj vi\u0161e o Dr. sc. Dra\u017een \u017divi\u0107 i dr. sc. Sandra Cviki\u0107 na obilje\u017eavanju 15. godi\u0161njice osnutka Zavoda za kulturu vojvo\u0111anskih Hrvata; Subotica, 11. 4. 2024.","og_url":"https:\/\/www.vegaintro-projekti.com\/pilar-stari\/2024\/04\/dr-sc-drazen-zivic-i-dr-sc-sandra-cvikic-na-svecanom-obiljezavanju-15-godisnjice-od-osnutka-zavoda-za-kulturu-vojvodanskih-hrvata-subotica-11-4-2024\/","og_site_name":"Institut dru&scaron;tvenih znanosti Ivo Pilar","article_published_time":"2024-04-12T16:19:58+00:00","article_modified_time":"2024-04-12T16:28:59+00:00","og_image":[{"width":498,"height":224,"url":"https:\/\/www.vegaintro-projekti.com\/pilar-stari\/wp-content\/uploads\/2024\/04\/IMG_3fi.jpg","type":"image\/jpeg"}],"author":"Boris","twitter_card":"summary_large_image","twitter_misc":{"Napisao\/la":"Boris","Procijenjeno vrijeme \u010ditanja":"2 minute"},"schema":{"@context":"https:\/\/schema.org","@graph":[{"@type":"WebPage","@id":"https:\/\/www.vegaintro-projekti.com\/pilar-stari\/2024\/04\/dr-sc-drazen-zivic-i-dr-sc-sandra-cvikic-na-svecanom-obiljezavanju-15-godisnjice-od-osnutka-zavoda-za-kulturu-vojvodanskih-hrvata-subotica-11-4-2024\/","url":"https:\/\/www.vegaintro-projekti.com\/pilar-stari\/2024\/04\/dr-sc-drazen-zivic-i-dr-sc-sandra-cvikic-na-svecanom-obiljezavanju-15-godisnjice-od-osnutka-zavoda-za-kulturu-vojvodanskih-hrvata-subotica-11-4-2024\/","name":"Dr. sc. Dra\u017een \u017divi\u0107 i dr. sc. Sandra Cviki\u0107 na obilje\u017eavanju 15. godi\u0161njice osnutka Zavoda za kulturu vojvo\u0111anskih Hrvata; Subotica, 11. 4. 2024. - Institut dru&scaron;tvenih znanosti Ivo Pilar","isPartOf":{"@id":"https:\/\/www.vegaintro-projekti.com\/pilar-stari\/#website"},"datePublished":"2024-04-12T16:19:58+00:00","dateModified":"2024-04-12T16:28:59+00:00","author":{"@id":"https:\/\/www.vegaintro-projekti.com\/pilar-stari\/#\/schema\/person\/ddd404c9f1e15e4ffef5986ac6a5d28b"},"breadcrumb":{"@id":"https:\/\/www.vegaintro-projekti.com\/pilar-stari\/2024\/04\/dr-sc-drazen-zivic-i-dr-sc-sandra-cvikic-na-svecanom-obiljezavanju-15-godisnjice-od-osnutka-zavoda-za-kulturu-vojvodanskih-hrvata-subotica-11-4-2024\/#breadcrumb"},"inLanguage":"hr","potentialAction":[{"@type":"ReadAction","target":["https:\/\/www.vegaintro-projekti.com\/pilar-stari\/2024\/04\/dr-sc-drazen-zivic-i-dr-sc-sandra-cvikic-na-svecanom-obiljezavanju-15-godisnjice-od-osnutka-zavoda-za-kulturu-vojvodanskih-hrvata-subotica-11-4-2024\/"]}]},{"@type":"BreadcrumbList","@id":"https:\/\/www.vegaintro-projekti.com\/pilar-stari\/2024\/04\/dr-sc-drazen-zivic-i-dr-sc-sandra-cvikic-na-svecanom-obiljezavanju-15-godisnjice-od-osnutka-zavoda-za-kulturu-vojvodanskih-hrvata-subotica-11-4-2024\/#breadcrumb","itemListElement":[{"@type":"ListItem","position":1,"name":"Home","item":"https:\/\/www.vegaintro-projekti.com\/pilar-stari\/"},{"@type":"ListItem","position":2,"name":"Dr. sc. Dra\u017een \u017divi\u0107 i dr. sc. Sandra Cviki\u0107 na obilje\u017eavanju 15. godi\u0161njice osnutka Zavoda za kulturu vojvo\u0111anskih Hrvata; Subotica, 11. 4. 2024."}]},{"@type":"WebSite","@id":"https:\/\/www.vegaintro-projekti.com\/pilar-stari\/#website","url":"https:\/\/www.vegaintro-projekti.com\/pilar-stari\/","name":"Institut dru&scaron;tvenih znanosti Ivo Pilar","description":"Pilar","potentialAction":[{"@type":"SearchAction","target":{"@type":"EntryPoint","urlTemplate":"https:\/\/www.vegaintro-projekti.com\/pilar-stari\/?s={search_term_string}"},"query-input":"required name=search_term_string"}],"inLanguage":"hr"},{"@type":"Person","@id":"https:\/\/www.vegaintro-projekti.com\/pilar-stari\/#\/schema\/person\/ddd404c9f1e15e4ffef5986ac6a5d28b","name":"Boris","image":{"@type":"ImageObject","inLanguage":"hr","@id":"https:\/\/www.vegaintro-projekti.com\/pilar-stari\/#\/schema\/person\/image\/","url":"https:\/\/secure.gravatar.com\/avatar\/29557b161a6ce6ab86ac1503164f1e90?s=96&d=mm&r=g","contentUrl":"https:\/\/secure.gravatar.com\/avatar\/29557b161a6ce6ab86ac1503164f1e90?s=96&d=mm&r=g","caption":"Boris"},"url":"https:\/\/www.vegaintro-projekti.com\/pilar-stari\/author\/boris\/"}]}},"_links":{"self":[{"href":"https:\/\/www.vegaintro-projekti.com\/pilar-stari\/wp-json\/wp\/v2\/posts\/29358"}],"collection":[{"href":"https:\/\/www.vegaintro-projekti.com\/pilar-stari\/wp-json\/wp\/v2\/posts"}],"about":[{"href":"https:\/\/www.vegaintro-projekti.com\/pilar-stari\/wp-json\/wp\/v2\/types\/post"}],"author":[{"embeddable":true,"href":"https:\/\/www.vegaintro-projekti.com\/pilar-stari\/wp-json\/wp\/v2\/users\/7"}],"replies":[{"embeddable":true,"href":"https:\/\/www.vegaintro-projekti.com\/pilar-stari\/wp-json\/wp\/v2\/comments?post=29358"}],"version-history":[{"count":6,"href":"https:\/\/www.vegaintro-projekti.com\/pilar-stari\/wp-json\/wp\/v2\/posts\/29358\/revisions"}],"predecessor-version":[{"id":29364,"href":"https:\/\/www.vegaintro-projekti.com\/pilar-stari\/wp-json\/wp\/v2\/posts\/29358\/revisions\/29364"}],"wp:featuredmedia":[{"embeddable":true,"href":"https:\/\/www.vegaintro-projekti.com\/pilar-stari\/wp-json\/wp\/v2\/media\/29353"}],"wp:attachment":[{"href":"https:\/\/www.vegaintro-projekti.com\/pilar-stari\/wp-json\/wp\/v2\/media?parent=29358"}],"wp:term":[{"taxonomy":"category","embeddable":true,"href":"https:\/\/www.vegaintro-projekti.com\/pilar-stari\/wp-json\/wp\/v2\/categories?post=29358"},{"taxonomy":"post_tag","embeddable":true,"href":"https:\/\/www.vegaintro-projekti.com\/pilar-stari\/wp-json\/wp\/v2\/tags?post=29358"}],"curies":[{"name":"wp","href":"https:\/\/api.w.org\/{rel}","templated":true}]}}