{"id":294,"date":"2010-07-06T11:38:10","date_gmt":"2010-07-06T11:38:10","guid":{"rendered":"https:\/\/www.vegaintro-projekti.com\/pilar-stari\/2010\/07\/06\/podruni-centar-dubrovnik-2\/"},"modified":"2025-12-06T22:38:09","modified_gmt":"2025-12-06T22:38:09","slug":"podruni-centar-dubrovnik-2","status":"publish","type":"post","link":"https:\/\/www.vegaintro-projekti.com\/pilar-stari\/2010\/07\/podruni-centar-dubrovnik-2\/","title":{"rendered":"Podru\u010dni centar Dubrovnik"},"content":{"rendered":"<p><span style=\"font-size: 10pt;\"><a href=\"#na\"><br \/>\nNaziv<\/a>&nbsp;\u2022 <a href=\"#sj\">Sjedi\u0161te<\/a>&nbsp;\u2022 <a href=\"#vo\">Voditelj<\/a>&nbsp;\u2022 <a href=\"#os\">Osnutak<\/a>&nbsp;\u2022 <a href=\"#dj\">Djelatnici<\/a>&nbsp;\u2022 <a href=\"#no\">Novosti<br \/>\n<\/a><\/span><br \/>\n<a href=\"https:\/\/www.vegaintro-projekti.com\/pilar-stari\/2011\/06\/otvoren-podruni-centar-dubrovnik-instituta-pilar\/\"><img decoding=\"async\" loading=\"lazy\" class=\"alignnone\" src=\"https:\/\/www.vegaintro-projekti.com\/pilar-stari\/wp-content\/images\/stories\/fotografije\/podrucni\/dubrovnik\/pc_du_1.jpg\" alt=\"pc_du_1\" width=\"436\" height=\"270\" border=\"0\"><\/a><a href=\"https:\/\/www.vegaintro-projekti.com\/pilar-stari\/2011\/06\/otvoren-podruni-centar-dubrovnik-instituta-pilar\/\"><img decoding=\"async\" loading=\"lazy\" class=\"\" src=\"https:\/\/www.vegaintro-projekti.com\/pilar-stari\/wp-content\/images\/stories\/fotografije\/podrucni\/dubrovnik\/pc_du_2.jpg\" alt=\"pc_du_2\" width=\"182\" height=\"270\" border=\"0\"><\/a><\/p>\n<p><span style=\"font-size: 8pt;\"><strong>Sve\u010dano otvaranje Podru\u010dnog centra Dubrovnik Instituta dru\u0161tvenih znanosti Ivo Pilar 28. svibnja 2011.<\/strong><\/span><\/p>\n<p>&nbsp;<\/p>\n<p><a id=\"na\"><\/a><span style=\"font-size: 12pt;\">Naziv<\/span><\/p>\n<p><span style=\"font-size: 10pt;\"><strong>Institut dru\u0161tvenih znanosti Ivo Pilar &#8211; Podru\u010dni centar Dubrovnik<\/strong><\/span><\/p>\n<p>&nbsp;<\/p>\n<p><a id=\"sj\"><\/a><span style=\"font-size: 12pt;\">Sjedi\u0161te<\/span><\/p>\n<p><span style=\"font-size: 10pt;\">Od Ka\u0161tela 11<\/span><br \/>\n<span style=\"font-size: 10pt;\"> 20000 Dubrovnik<\/span><br \/>\n<span style=\"font-size: 10pt;\"> Tel.: 020 323-946<\/span><br \/>\n<span style=\"font-size: 10pt;\"> Tel.\/fax: 020 324-769<\/span><br \/>\n<span style=\"font-size: 10pt;\"> E-mail: vinicije.lupis@vegaintro-projekti.com\/pilar-stari<\/span><\/p>\n<p>&nbsp;<\/p>\n<p><a id=\"vo\"><\/a><span style=\"font-size: 12pt;\">Voditelj<\/span><\/p>\n<p><span style=\"font-size: 10pt;\">Dr. sc. Vinicije B. Lupis<\/span><\/p>\n<p>&nbsp;<\/p>\n<p><a id=\"os\"><\/a><span style=\"font-size: 12pt;\">Osnutak<\/span><\/p>\n<p><span style=\"font-size: 10pt;\">10. rujna 2007.<\/span><\/p>\n<p>&nbsp;<\/p>\n<p><a id=\"dj\"><\/a><span style=\"font-size: 12pt;\">Djelatnici<\/span><\/p>\n<p><span style=\"font-size: 10pt;\">Dr. sc. Vinicije B. Lupis, znanstveni savjetnik u trajnom zvanju<\/span><\/p>\n<p>&nbsp;<\/p>\n<p><span style=\"font-size: 10pt;\"> <a id=\"no\"><\/a><span style=\"font-size: 12pt;\">Novosti<\/span><\/span><\/p>\n<p>&#8211; <a href=\"https:\/\/www.vegaintro-projekti.com\/pilar-stari\/2025\/12\/dr-sc-vinicije-lupis-suautor-izlozbe-ecclesia-et-regnum-splitski-crkveni-sabori-925-i-928-godine-split-9-12-2025\/\">Dr. sc. Vinicije Lupis suautor izlo\u017ebe Ecclesia et Regnum \u2013 Splitski crkveni sabori 925. i 928. godine; Split, 9. 12. 2025.<\/a><br \/>\n&#8211; <a href=\"https:\/\/www.vegaintro-projekti.com\/pilar-stari\/2025\/12\/dr-sc-vinicije-lupis-odrzao-predavanje-u-povodu-1100-obljetnice-kralja-tomislava-ston-4-12-2025\/\">Dr. sc. Vinicije Lupis odr\u017eao predavanje u povodu 1100. obljetnice kralja Tomislava; Ston, 4. 12. 2025.<\/a><br \/>\n&#8211; <a href=\"https:\/\/www.vegaintro-projekti.com\/pilar-stari\/2025\/12\/dr-sc-vinicije-lupis-odrzao-predavanje-potkralj-kraljevine-dalmacije-i-barun-niko-nardelli-zivot-i-djelo-dubrovnik-3-12-2025\/\">Dr. sc. Vinicije Lupis odr\u017eao predavanje Potkralj Kraljevine Dalmacije i barun Niko Nardelli &#8211; \u017eivot i djelo; Dubrovnik, 3. 12. 2025.<\/a><br \/>\n&#8211; <a href=\"https:\/\/www.vegaintro-projekti.com\/pilar-stari\/2025\/11\/objavljena-knjiga-vinicija-b-lupisa-i-elvisa-shale-dubrovacko-albanske-bastinske-teme\/\">Objavljena knjiga Vinicija B. Lupisa i Elvisa Shale DUBROVA\u010cKO-ALBANSKE BA\u0160TINSKE TEME<\/a><br \/>\n&#8211; <a href=\"https:\/\/www.vegaintro-projekti.com\/pilar-stari\/2025\/11\/dr-sc-vinicije-lupis-predstavio-knjigu-dubrovacko-albanske-bastinske-teme-dubrovnik12-11-2025\/\">Dr. sc. Vinicije Lupis predstavio knjigu Dubrova\u010dko-albanske ba\u0161tinske teme; Dubrovnik,12. 11. 2025.<\/a><br \/>\n&#8211; <a href=\"https:\/\/www.vegaintro-projekti.com\/pilar-stari\/2025\/10\/dr-sc-vinicije-lupis-odrzao-predavanje-u-organizaciji-svetista-sv-sime-zadar-18-10-2025\/\">Dr. sc. Vinicije Lupis odr\u017eao predavanje u organizaciji Sveti\u0161ta sv. \u0160ime; Zadar, 18. 10. 2025.<\/a><br \/>\n&#8211; <a href=\"https:\/\/www.vegaintro-projekti.com\/pilar-stari\/2025\/10\/dr-sc-vinicije-lupis-odrzao-predavanje-o-bratovstini-svih-svetih-iz-korcule-zadar-10-10-2025\/\">Dr. sc. Vinicije Lupis odr\u017eao predavanje o Bratov\u0161tini Svih svetih iz Kor\u010dule; Zadar, 10. 10. 2025.<\/a><br \/>\n&#8211; <a href=\"https:\/\/www.vegaintro-projekti.com\/pilar-stari\/2025\/10\/dr-sc-vinicije-lupis-na-medunarodnom-znanstvenom-skupu-hrvati-o-poljacima-poljaci-o-hrvatima-zadar-10-11-10-2025\/\">Dr. sc. Vinicije Lupis na me\u0111unarodnom znanstvenom skupu Hrvati o Poljacima, Poljaci o Hrvatima; Zadar, 10.-11. 10. 2025.<\/a><br \/>\n&#8211; <a href=\"https:\/\/www.vegaintro-projekti.com\/pilar-stari\/2025\/10\/njegova-ekscelencija-dr-ashot-hovakimian-veleposlanik-republike-armenije-u-posjetu-institutu-pilar-zagreb-29-9-2025\/\">Njegova Ekscelencija dr. Ashot Hovakimian, veleposlanik Republike Armenije, u posjetu Institutu Pilar; Zagreb, 29. 9. 2025.<\/a><br \/>\n&#8211; <a href=\"https:\/\/www.vegaintro-projekti.com\/pilar-stari\/2025\/09\/dr-sc-vinicije-lupis-otvorio-izlozbu-lucije-perojevic-drziceva-cvjetna-renesansa-ston-29-8-2025\/\">Dr. sc. Vinicije Lupis otvorio izlo\u017ebu Lucije Perojevi\u0107 \u201eDr\u017ei\u0107eva cvjetna renesansa\u201c; Ston, 29. 8. 2025.<\/a><br \/>\n&#8211; <a href=\"https:\/\/www.vegaintro-projekti.com\/pilar-stari\/2025\/08\/predavanje-dr-sc-vinicija-b-lupisa-1100-obljetnica-hrvatskog-kraljestva-sagledana-kroz-povijesne-prijepore-blato-22-8-2025\/\">Predavanje dr. sc. Vinicija B. Lupisa 1100. OBLJETNICA HRVATSKOG KRALJESTVA SAGLEDANA KROZ POVIJESNE PRIJEPORE; Blato, 22. 8. 2025.<\/a><br \/>\n&#8211; <a href=\"https:\/\/www.vegaintro-projekti.com\/pilar-stari\/2025\/07\/casopis-fondazione-terra-dotranto-o-doprinosu-dr-sc-vinicija-lupisa-u-podrucju-hrvatske-likovne-bastine\/\">\u010casopis Fondazione Terra d&#8217;Otranto o doprinosu dr. sc. Vinicija Lupisa u podru\u010dju hrvatske likovne ba\u0161tine, 11. 7. 2025.<\/a><br \/>\n&#8211; <a href=\"https:\/\/www.vegaintro-projekti.com\/pilar-stari\/2025\/07\/dr-sc-vinicije-lupis-otvorio-izlozbu-akademskog-slikara-eugena-avrzica-metkovic-4-7-2025\/\">Dr. sc. Vinicije Lupis otvorio izlo\u017ebu akademskog slikara Eugena Vrzi\u0107a; Metkovi\u0107, 4. 7. 2025.<\/a><br \/>\n&#8211; <a href=\"https:\/\/www.vegaintro-projekti.com\/pilar-stari\/2025\/06\/dr-sc-vinicije-lupis-predstavljanjem-knjige-i-predavanjem-sudjelovao-na-20-obljetnici-drustva-turistickih-vodica-korcula-23-6-2025\/\">Dr. sc. Vinicije Lupis predstavljanjem knjige i predavanjem sudjelovao na 20. obljetnici Dru\u0161tva turisti\u010dkih vodi\u010da; Kor\u010dula, 23. 6. 2025.<\/a><br \/>\n&#8211; <a href=\"https:\/\/www.vegaintro-projekti.com\/pilar-stari\/2025\/05\/dr-sc-vinicije-lupis-na-znanstvenom-skupu-pocetci-kraljevstva-splitski-crkveni-sabori-tomislav-i-njegovo-doba-o-1100-obljetnici-split-8-10-5-2025\/\">Dr. sc. Vinicije Lupis na znanstvenom skupu Po\u010detci kraljevstva. Splitski crkveni sabori, Tomislav i njegovo doba o 1100. obljetnici; Split, 8.- 10. 5. 2025.<\/a><br \/>\n&#8211; <a href=\"https:\/\/www.vegaintro-projekti.com\/pilar-stari\/2025\/05\/dr-sc-vinicije-lupis-o-ljudima-cija-ce-imena-nositi-dva-crnogorska-pucinska-ophodna-broda-29-4-2025\/\">Dr. sc. Vinicije Lupis o ljudima \u010dija \u0107e imena nositi dva crnogorska pu\u010dinska ophodna broda, 29. 4. 2025.<\/a><br \/>\n&#8211; <a href=\"https:\/\/www.vegaintro-projekti.com\/pilar-stari\/2025\/04\/predstavljanje-knjiga-dr-sc-vinicija-lupisa-u-sklopu-noci-knjige-2025-orebic-25-4-2025\/\">Predstavljanje knjiga dr. sc. Vinicija Lupisa u sklopu No\u0107i knjige 2025.; Orebi\u0107, 25. 4. 2025.<\/a><br \/>\n&#8211; <a href=\"https:\/\/www.vegaintro-projekti.com\/pilar-stari\/2025\/04\/predavanje-dr-sc-vinicija-lupisa-o-bastini-i-tradiciji-cilicije-dubrovnik-24-4-2025\/\">Predavanje dr. sc. Vinicija Lupisa o ba\u0161tini i tradiciji Cilicije; Dubrovnik, 24. 4. 2025.<\/a><br \/>\n&#8211; <a href=\"https:\/\/www.vegaintro-projekti.com\/pilar-stari\/2025\/03\/dr-sc-vinicije-lupis-u-radnom-posjetu-bejrutu-1-8-3-2025\/\">Dr. sc. Vinicije Lupis u radnom posjetu Bejrutu, 1.-8. 3. 2025.<\/a><br \/>\n&#8211; <a href=\"https:\/\/www.vegaintro-projekti.com\/pilar-stari\/2025\/02\/predstavljanje-knjige-naucitelja-crkve-sv-gregura-iz-nareka-ston-3-2-dubrovnik-4-2-i-split-6-2-2025\/\">Dr. sc. Vinicije Lupis na predstavljanju knjige nau\u010ditelja Crkve sv. Gregura iz Nareka; Ston, 3. 2., Dubrovnik, 4. 2. i Split 6. 2. 2025.<\/a><br \/>\n&#8211; <a href=\"https:\/\/www.vegaintro-projekti.com\/pilar-stari\/2025\/01\/predstavljanje-knjiga-dr-sc-vinicija-lupisa-dubrovnik-28-1-2025\/\">Predstavljanje knjiga dr. sc. Vinicija Lupisa \u2013 Dubrovnik, 28. 1. 2025.<\/a><br \/>\n&#8211; <a href=\"https:\/\/www.vegaintro-projekti.com\/pilar-stari\/2024\/11\/dr-sc-vinicije-lupis-na-medunarodnoj-konferenciji-humanities-abroad-studying-bulgaria-and-the-bulgarians-sofija-11-13-11-2024\/\">Dr. sc. Vinicije Lupis na me\u0111unarodnoj konferenciji \u201cHumanities Abroad Studying Bulgaria and the Bulgarians\u201d; Sofija, 11.-13. 11. 2024.<\/a><br \/>\n&#8211; <a href=\"https:\/\/www.vegaintro-projekti.com\/pilar-stari\/2024\/11\/dr-sc-vinicije-lupis-autor-koncepcije-i-kataloga-izlozbe-lucije-perojevic-dubrovnik-5-11-2024\/\">Dr. sc. Vinicije Lupis autor koncepcije i kataloga izlo\u017ebe Lucije Perojevi\u0107; Dubrovnik, 5. 11. 2024.<\/a><br \/>\n&#8211; <a href=\"https:\/\/www.vegaintro-projekti.com\/pilar-stari\/2024\/10\/dr-sc-vinicije-b-lupis-na-medunarodnom-znanstveni-skup-posljedice-nestanka-bosanskoga-kraljevstva-mostar-24-10-2024\/\">Dr. sc. Vinicije B. Lupis na Me\u0111unarodnom znanstveni skup \u201ePosljedice nestanka Bosanskoga Kraljevstva\u201c; Mostar, 24. 10. 2024.<\/a><br \/>\n&#8211; <a href=\"https:\/\/www.vegaintro-projekti.com\/pilar-stari\/2024\/11\/dr-sc-vinicije-lupis-u-sluzbenom-programu-obiljezavanja-30-obljetnice-uspostave-diplomatskih-odnosa-armenije-i-hrvatske-zagreb-7-10-2024\/\">Dr. sc. Vinicije Lupis u slu\u017ebenom programu obilje\u017eavanja 30. obljetnice uspostave diplomatskih odnosa Armenije i Hrvatske; Zagreb, 7. 10. 2024.<\/a><br \/>\n&#8211; <a href=\"https:\/\/www.vegaintro-projekti.com\/pilar-stari\/2024\/09\/predavanje-dr-sc-vinicija-luipisa-na-danima-europske-kulturne-bastine-dubrovnik-1-10-2024\/\">Predavanje dr. sc. Vinicija Luipisa na Danima europske kulturne ba\u0161tine; Dubrovnik, 1. 10. 2024.<\/a><br \/>\n&#8211; <a href=\"https:\/\/www.vegaintro-projekti.com\/pilar-stari\/2024\/09\/dr-sc-vinicije-b-lupis-na-36-knjizi-mediterana-split-22-28-9-2024\/\">Dr. sc. Vinicije B. Lupis na 36. Knjizi Mediterana; Split, 22.-28. 9. 2024.<\/a><br \/>\n&#8211; <a href=\"https:\/\/www.vegaintro-projekti.com\/pilar-stari\/2024\/07\/dr-sc-vinicije-lupis-na-medunarodnom-znanstvenom-skupu-bugarsko-hrvatski-dijalozi-vremena-dogadaji-licnosti-sofija-25-26-6-2024\/\">Dr. sc. Vinicije Lupis na me\u0111unarodnom znanstvenom skupu Bugarsko-hrvatski dijalozi. Vremena, doga\u0111aji, li\u010dnosti; Sofija, 25.-26. 6. 2024.<\/a><br \/>\n&#8211; <a href=\"https:\/\/www.vegaintro-projekti.com\/pilar-stari\/2024\/06\/10-medunarodna-znanstvena-konferencija-identiteti-kulture-jezici-mostar-3-6-2024\/\">10. Me\u0111unarodna znanstvena konferencija Identiteti \u2013 kulture \u2013 jezici; Mostar, 3. 6. 2024.<\/a><br \/>\n&#8211; <a href=\"https:\/\/www.vegaintro-projekti.com\/pilar-stari\/2024\/06\/dr-sc-vinicije-lupis-na-predstavljanju-zbornika-sveti-hilarion-u-kontekstu-svoga-vremena-mlini-23-5-2024\/\">Dr. sc. Vinicije Lupis na predstavljanju zbornika \u201eSveti Hilarion u kontekstu svoga vremena\u201c; Mlini, 23. 5. 2024.<\/a><br \/>\n&#8211; <a href=\"https:\/\/www.vegaintro-projekti.com\/pilar-stari\/2024\/04\/predstavljanje-knjige-dr-sc-vinicija-b-lupisa-bastinske-teme-crvene-hrvatske-zagreb-25-4-2024\/\">Predstavljanje knjige dr. sc. Vinicija B. Lupisa \u201cBa\u0161tinske teme Crvene Hrvatske\u201d; Zagreb, 25. 4. 2024.<\/a><br \/>\n&#8211; <a href=\"https:\/\/www.vegaintro-projekti.com\/pilar-stari\/2024\/02\/predstavljanje-knjige-dr-sc-vinicija-b-lupisa-bastinske-teme-crvene-hrvatske-rijeka-8-2-2024\/\">Predstavljanje knjige dr. sc. Vinicija B. Lupisa \u201cBa\u0161tinske teme Crvene Hrvatske\u201d; Rijeka, 8. 2. 2024.<\/a><br \/>\n&#8211; <a href=\"https:\/\/www.vegaintro-projekti.com\/pilar-stari\/2024\/01\/predstavljanje-monografije-dr-sc-vinicija-b-lupisa-ivan-ferdinandov-lupis-izumitelj-torpeda-zagreb-17-1-2024\/\">Predstavljanje monografije dr. sc. Vinicija B. Lupisa \u201cIvan Ferdinandov Lupis \u2013 izumitelj torpeda\u201d; Zagreb, 17. 1. 2024.<\/a><br \/>\n&#8211; <a href=\"https:\/\/www.vegaintro-projekti.com\/pilar-stari\/2023\/12\/objavljena-knjiga-vinicija-b-lupisa-bastinske-teme-iz-crvene-hrvatske\/\">Objavljena knjiga Vinicija B. Lupisa BA\u0160TINSKE TEME IZ CRVENE HRVATSKE<\/a><br \/>\n&#8211; <a href=\"https:\/\/www.vegaintro-projekti.com\/pilar-stari\/2023\/11\/predstavljanje-knjiga-dr-sc-vinicija-b-lupisa-u-narodnoj-knjiznici-ston-29-11-2023\/\">Predstavljanje knjiga dr. sc. Vinicija B. Lupisa u Narodnoj knji\u017enici Ston, 29. 11. 2023<\/a>.<br \/>\n&#8211; <a href=\"https:\/\/www.vegaintro-projekti.com\/pilar-stari\/2023\/11\/dr-sc-vinicije-lupis-priredivac-knjige-bokeljska-trilogija-vicka-tripkovica-podnopoljskoga\/\">Dr. sc. Vinicije Lupis prire\u0111iva\u010d knjige Bokeljska trilogija Vicka Tripkovi\u0107a Podnopoljskoga<\/a><br \/>\n&#8211; <a href=\"https:\/\/www.vegaintro-projekti.com\/pilar-stari\/2023\/11\/dr-sc-vinicije-b-lupis-na-international-scientific-symposium-in-honour-of-stjepan-gunjaca-split-8-11-11-2023\/\">Dr. sc. Vinicije B. Lupis na International Scientific Symposium in honour of Stjepan Gunja\u010da; Split, 8.-11. 11. 2023.<\/a><br \/>\n&#8211; <a href=\"https:\/\/www.vegaintro-projekti.com\/pilar-stari\/2023\/09\/monografija-vinicija-b-lupisa-i-branka-matulica-zupna-crkva-sv-ivana-krstitelja-u-postirima-na-knjizi-mediterana-split-26-9-2022\/\">Monografija Vinicija B. Lupisa i Branka Matuli\u0107a \u201e\u017dupna crkva sv. Ivana Krstitelja u Postirima\u201c na Knjizi Mediterana; Split, 26. 9. 2022.<\/a><br \/>\n&#8211; <a href=\"https:\/\/www.vegaintro-projekti.com\/pilar-stari\/2023\/09\/dr-sc-vinicije-lupis-znanstveno-predavanje-kulturne-veze-dubrovnika-i-poljske-19-9-2023\/\">Dr. sc. Vinicije Lupis: Znanstveno predavanje &#8220;Kulturne veze Dubrovnika i Poljske&#8221;; Dubrovnik, 19. 9. 2023.<\/a><br \/>\n&#8211; <a href=\"https:\/\/www.vegaintro-projekti.com\/pilar-stari\/2023\/08\/dr-sc-vinicije-lupis-otvorio-izlozbu-akademskog-slikara-eugena-varzica-u-motovunu-26-8-2023\/\">Dr. sc. Vinicije Lupis otvorio izlo\u017ebu akademskog slikara Eugena Varzi\u0107a u Motovunu, 26. 8. 2023.<\/a><br \/>\n&#8211; <a href=\"https:\/\/www.vegaintro-projekti.com\/pilar-stari\/2023\/08\/dr-sc-vinicije-lupis-na-znanstvenom-kolokviju-zivot-i-djelovanje-dr-josipa-marcelica-biskupa-dubrovackog-1894-1928-preko-2-9-2023\/\">Dr. sc. Vinicije Lupis na znanstvenom kolokviju \u017divot i djelovanje dr. Josipa Mar\u010deli\u0107a biskupa dubrova\u010dkog 1894.\u20131928.; Preko, 2. 9. 2023.<\/a><br \/>\n&#8211; <a href=\"https:\/\/www.vegaintro-projekti.com\/pilar-stari\/2023\/05\/dr-sc-vinicije-b-lupis-predavanje-stonske-katedrale-ston-29-5-2023\/\">Dr. sc. Vinicije B. Lupis: Predavanje &#8220;Stonske katedrale&#8221;; Ston, 29. 5. 2023.<\/a><br \/>\n&#8211; <a href=\"https:\/\/www.vegaintro-projekti.com\/pilar-stari\/2023\/05\/dr-sc-vinicije-lupis-pionirsko-etnobotanicko-istrazivanje-peljesca-objavljeno-u-casopisu-plants\/\">Dr. sc. Vinicije Lupis: pionirsko etnobotani\u010dko istra\u017eivanje Pelje\u0161ca objavljeno u \u010dasopisu Plants<\/a><br \/>\n&#8211; <a href=\"https:\/\/www.vegaintro-projekti.com\/pilar-stari\/2023\/05\/dr-sc-vinicije-lupis-o-velikom-kastelu-u-stonu-u-programu-noci-tvrdava-ston-5-5-2023\/\">Dr. sc. Vinicije Lupis o Velikom Ka\u0161telu u Stonu u programu NO\u0106I TVR\u0110AVA; Ston, 5. 5. 2023.<\/a><br \/>\n&#8211; <a href=\"https:\/\/www.vegaintro-projekti.com\/pilar-stari\/2023\/05\/dr-sc-vinicije-lupis-na-panel-diskusiji-armenija-ocima-hrvata-zagreb-11-5-2023\/\">Dr. sc. Vinicije Lupis na panel-diskusiji ARMENIJA O\u010cIMA HRVATA; Zagreb, 11. 5. 2023.<\/a><br \/>\n&#8211; <a href=\"https:\/\/www.vegaintro-projekti.com\/pilar-stari\/2023\/04\/predstavljanje-monografije-ivan-ferdinandov-lupis-izumitelj-torpeda-dubrovnik-26-4-2023\/\">Predstavljanje monografije \u201cIvan Ferdinandov Lupis \u2013 izumitelj torpeda\u201d; Dubrovnik, 26. 4. 2023.<\/a><br \/>\n&#8211; <a href=\"https:\/\/www.vegaintro-projekti.com\/pilar-stari\/2023\/01\/dr-sc-vinicije-b-lupis-predavanje-albanske-obitelji-u-dubrovniku-i-dubrovcani-na-kosovu-dubrovnik-26-1-2023\/\">Dr. sc. Vinicije B. Lupis: Predavanje &#8220;Albanske obitelji u Dubrovniku i Dubrov\u010dani na Kosovu&#8221;; Dubrovnik, 26. 1. 2023.<\/a><br \/>\n&#8211; <a href=\"https:\/\/www.vegaintro-projekti.com\/pilar-stari\/2022\/12\/dr-sc-vinicije-b-lupis-predavanje-u-povodu-obljetnice-rodenja-miha-pracata-dubrovnik-10-12-2022\/\">Dr. sc. Vinicije B. Lupis: Predavanje u povodu obljetnice ro\u0111enja Miha Pracata; Dubrovnik, 10. 12. 2022.<\/a><br \/>\n&#8211; <a href=\"https:\/\/www.vegaintro-projekti.com\/pilar-stari\/2022\/12\/dr-sc-vinicije-b-lupis-na-izlozbi-miris-zemlje-hommage-fra-didaku-bunticu-akademske-kiparice-dijane-ive-sesartic-8-12-2022\/\">Dr. sc. Vinicije B. Lupis na izlo\u017ebi Miris zemlje &#8211; hommage fra Didaku Bunti\u0107u akademske kiparice Dijane Ive Sesarti\u0107, 8. 12. 2022.<\/a><br \/>\n&#8211; <a href=\"https:\/\/www.vegaintro-projekti.com\/pilar-stari\/2022\/10\/predstavljanje-monografije-vinicija-b-lupisa-i-branka-matulica-zupna-crkva-sv-ivana-krstitelja-u-postirima-29-10-2022\/\">Predstavljanje monografije Vinicija B. Lupisa i Branka Matuli\u0107a \u201e\u017dupna crkva sv. Ivana Krstitelja u Postirima\u201c, 29. 10. 2022.<\/a><br \/>\n&#8211; <a href=\"https:\/\/www.vegaintro-projekti.com\/pilar-stari\/2022\/10\/dr-sc-vinicije-b-lupis-na-medunarodnom-arheoloskom-okruglom-stolu-u-pristini-i-posjetu-hrvatskoj-zajednici-u-janjevu-3-10-2022\/\">Dr. sc. Vinicije B. Lupis na me\u0111unarodnom arheolo\u0161kom okruglom stolu u Pri\u0161tini i posjetu hrvatskoj zajednici u Janjevu, 3. 10. 2022.<\/a><br \/>\n&#8211; <a href=\"https:\/\/www.vegaintro-projekti.com\/pilar-stari\/2022\/09\/dr-sc-vinicije-lupis-na-34-knjizi-mediterana-u-splitu-28-29-9-2022\/\">Dr. sc. Vinicije Lupis na 34. Knjizi Mediterana u Splitu, 28.-29. 9. 2022.<\/a><br \/>\n&#8211; <a href=\"https:\/\/www.vegaintro-projekti.com\/pilar-stari\/2022\/09\/dr-sc-vinicije-b-lupis-na-veceri-l-m-rogowskog-u-knezevom-dvoru-dubrovnik-10-9-2022\/\">Dr. sc. Vinicije B. Lupis na Ve\u010deri L. M. Rogowskog u Kne\u017eevom dvoru; Dubrovnik, 10. 9. 2022.<\/a><br \/>\n&#8211; <a href=\"https:\/\/www.vegaintro-projekti.com\/pilar-stari\/2022\/07\/dr-sc-vinicije-lupis-novo-lice-najljepseg-dubrovackog-ljetnikovca-4-7-2022\/\">Dr. sc. Vinicije Lupis: Novo lice najljep\u0161eg dubrova\u010dkog ljetnikovca, 4. 7. 2022.<\/a><br \/>\n&#8211; <a href=\"https:\/\/www.vegaintro-projekti.com\/pilar-stari\/2022\/06\/dr-sc-vinicije-b-lupis-na-international-scientific-conference-on-the-archaeological-research-conducted-in-the-cathedral-complex-in-prizren-11-6-2022\/\">Dr. sc. Vinicije B. Lupis na International Scientific Conference on the Archaeological Research Conducted in the Cathedral Complex in Prizren, 11. 6. 2022.<\/a><br \/>\n&#8211; <a href=\"https:\/\/www.vegaintro-projekti.com\/pilar-stari\/2022\/06\/predstavljanje-monografije-dr-sc-vinicija-b-lupisa-ivan-ferdinandov-lupis-izumitelj-torpeda-rijeka-14-6-2022\/\">Predstavljanje monografije dr. sc. Vinicija B. Lupisa &#8220;Ivan Ferdinandov Lupis \u2013 izumitelj torpeda&#8221;; Rijeka, 14. 6. 2022.<\/a><br \/>\n&#8211; <a href=\"https:\/\/www.vegaintro-projekti.com\/pilar-stari\/2022\/06\/dr-sc-vinicije-b-lupis-dobitnik-godisnje-nagrade-grada-rijeke-2022\/\">Dr. sc. Vinicije B. Lupis dobitnik Godi\u0161nje nagrade Grada Rijeke 2022.<\/a><br \/>\n&#8211; <a href=\"https:\/\/www.vegaintro-projekti.com\/pilar-stari\/2022\/06\/dr-sc-vinicije-lupis-na-strucno-znanstvenom-skupu-metkovic-600-godina-10-6-2022\/\">Dr. sc. Vinicije Lupis na stru\u010dno-znanstvenom skupu METKOVI\u0106 600 GODINA, 10. 6. 2022.<\/a><br \/>\n&#8211; <a href=\"https:\/\/www.vegaintro-projekti.com\/pilar-stari\/2022\/06\/dr-sc-vinicije-b-lupis-prilog-poznavanja-likovnih-i-kulturnih-veza-dubrovnika-i-bugarske-uz-osvrt-na-slikarstvo-vlaha-bukovca-2-6-2022\/\">Dr. sc. Vinicije B. Lupis: Prilog poznavanja likovnih i kulturnih veza Dubrovnika i Bugarske uz osvrt na slikarstvo Vlaha Bukovca, 2. 6. 2022.<\/a><br \/>\n&#8211; <a href=\"https:\/\/www.vegaintro-projekti.com\/pilar-stari\/2022\/04\/dr-sc-vinicije-lupis-obljetnica-krvavog-armenskog-proljeca-1915-godine-23-4-2022\/\">Dr. sc. Vinicije Lupis: Obljetnica krvavog armenskog prolje\u0107a 1915. godine, 23. 4. 2022.<\/a><br \/>\n&#8211; <a href=\"https:\/\/www.vegaintro-projekti.com\/pilar-stari\/2022\/02\/dr-sc-vinicije-b-lupis-armenski-natpisi-u-17-stoljecu-u-splitu-18-2-2022\/\">Dr. sc. Vinicije B. Lupis: &#8220;Armenski natpisi u 17. stolje\u0107u u Splitu&#8221;, 18. 2. 2022.<\/a><br \/>\n&#8211; <a href=\"https:\/\/www.vegaintro-projekti.com\/pilar-stari\/2021\/12\/dr-sc-vinicije-lupis-zlata-blazina-tomic-je-dokazala-da-je-dubrovnik-prvi-imao-karantenu-u-cijelome-svijetu-19-12-2021\/\">Dr. sc. Vinicije Lupis: Zlata Bla\u017eina Tomi\u0107 je dokazala da je Dubrovnik prvi imao karantenu u cijelome svijetu, 19. 12. 2021.<\/a><br \/>\n&#8211; <a href=\"https:\/\/www.vegaintro-projekti.com\/pilar-stari\/2021\/12\/dr-sc-nikolina-hazdovac-bajic-i-dr-sc-vinicije-lupis-kult-svetog-nikole-u-izgradnji-suvremenog-identiteta-dubrovnika-6-12-2021\/\">Dr. sc. Nikolina Hazdovac Baji\u0107 i dr. sc. Vinicije Lupis: Kult svetog Nikole u izgradnji suvremenog identiteta Dubrovnika, 6. 12. 2021.<\/a><br \/>\n&#8211; <a href=\"https:\/\/www.vegaintro-projekti.com\/pilar-stari\/2021\/11\/dr-sc-vinicije-lupis-u-medunarodnom-projektu-istrazivanje-crkve-gospe-pomocnice-u-prizrenu-11-11-2021\/\">Dr. sc. Vinicije Lupis u me\u0111unarodnom projektu Istra\u017eivanje crkve Gospe Pomo\u0107nice u Prizrenu, 11. 11. 2021.<\/a><br \/>\n&#8211; <a href=\"https:\/\/www.vegaintro-projekti.com\/pilar-stari\/2021\/11\/objavljena-knjiga-dr-sc-vinicija-lupisa-ivan-ferdinandov-lupis-izumitelj-torpeda\/\">Objavljena knjiga dr. sc. Vinicija Lupisa Ivan Ferdinandov Lupis \u2013 izumitelj torpeda<\/a><br \/>\n&#8211; <a href=\"https:\/\/www.vegaintro-projekti.com\/pilar-stari\/2021\/10\/dr-sc-vinicije-lupis-na-konferenciji-iskoraci-i-osuvremenjivanje-hrvatskog-nautickog-turizma-27-10-2021\/\">Dr. sc. Vinicije Lupis na konferenciji Iskoraci i osuvremenjivanje hrvatskog nauti\u010dkog turizma, 27. 10. 2021.<\/a><br \/>\n&#8211; <a href=\"https:\/\/www.vegaintro-projekti.com\/pilar-stari\/2021\/09\/dr-sc-vinicije-lupis-predavanje-likovne-i-kulturne-veze-dubrovnika-i-bugarske-23-9-2021\/\">Dr. sc. Vinicije Lupis: Predavanje &#8220;Likovne i kulturne veze Dubrovnika i Bugarske&#8221;, 23. 9. 2021.<\/a><br \/>\n&#8211; <a href=\"https:\/\/www.vegaintro-projekti.com\/pilar-stari\/2021\/08\/dr-sc-vinicije-lupis-u-zborniku-600-godina-dubrovacke-vlasti-u-konavlima-9-8-2021\/\">Dr. sc. Vinicije Lupis u Zborniku &#8220;600 godina dubrova\u010dke vlasti u Konavlima&#8221;, 9. 8. 2021.<\/a><br \/>\n&#8211; <a href=\"https:\/\/www.vegaintro-projekti.com\/pilar-stari\/2021\/07\/dr-sc-vinicije-lupis-na-otvaranju-izlozbe-eugena-varzica-sve-su-ti-slike-ok-dubrovnik-22-7-2021\/\">Dr. sc. Vinicije Lupis na otvaranju izlo\u017ebe Eugena Varzi\u0107a \u201cSve Su Ti Slike OK\u201d; Dubrovnik, 22. 7. 2021.<\/a><br \/>\n&#8211; <a href=\"https:\/\/www.vegaintro-projekti.com\/pilar-stari\/2021\/06\/dr-sc-nikolina-hazdovac-bajic-na-konferencija-nonreligion-in-a-complex-future-ottawa-16-18-6-2021\/\">Dr. sc. Nikolina Hazdovac Baji\u0107 na konferencija Nonreligion in a Complex Future; Ottawa, 16.-18. 6. 2021.<\/a><br \/>\n&#8211; <a href=\"https:\/\/www.vegaintro-projekti.com\/pilar-stari\/2021\/06\/dr-sc-nikolina-hazdovac-bajic-na-javnoj-tribini-vjera-i-znanost-dubrovnik-16-6-2021\/\">Dr. sc. Nikolina Hazdovac Baji\u0107 na javnoj tribini Znanost i religija; Dubrovnik, 16. 6. 2021.<\/a><br \/>\n&#8211; <a href=\"https:\/\/www.vegaintro-projekti.com\/pilar-stari\/2021\/06\/prilozi-dr-sc-vinicija-b-lupisa-u-zbornicima-instituta-za-balkanske-studije-bugarske-akademije-znanosti\/\">Prilozi dr. sc. Vinicija B. Lupisa u zbornicima Instituta za balkanske studije Bugarske akademije znanosti<\/a><br \/>\n&#8211; <a href=\"https:\/\/www.vegaintro-projekti.com\/pilar-stari\/2021\/04\/dr-sc-vinicije-lupis-armenski-genocid-grad-sv-vlaha-sebasta-sivas-nekada-i-danas-25-4-2021\/\">Dr. sc. Vinicije Lupis: ARMENSKI GENOCID: GRAD SV. VLAHA: Sebasta\/Sivas &#8211; nekada i danas, 25. 4. 2021.<\/a><br \/>\n&#8211; <a href=\"https:\/\/www.vegaintro-projekti.com\/pilar-stari\/2021\/04\/dr-sc-nikolina-hazdovac-bajic-na-konferenciji-religion-on-the-periphery-15-17-4-2021\/\">Dr. sc. Nikolina Hazdovac Baji\u0107 na konferenciji Religion on the Periphery, 15.-17. 4. 2021.<\/a><br \/>\n&#8211; <a href=\"https:\/\/www.vegaintro-projekti.com\/pilar-stari\/2021\/01\/predavanje-dr-sc-vinicija-lupisa-mocnik-dubrovacke-prvostolnice-21-1-2021\/\">Predavanje dr. sc. Vinicija Lupisa &#8220;Mo\u0107nik dubrova\u010dke prvostolnice&#8221;, 21. 1. 2021.<\/a><br \/>\n&#8211; <a href=\"https:\/\/www.vegaintro-projekti.com\/pilar-stari\/2021\/01\/dva-rada-dr-sc-vinicija-lupisa-u-cetverobroju-casopisa-dometi-za-2020-godinu\/\">Dva rada dr. sc. Vinicija Lupisa u \u010detverobroju \u010dasopisa Dometi za 2020. godinu<\/a><br \/>\n&#8211; <a href=\"https:\/\/www.vegaintro-projekti.com\/pilar-stari\/2020\/09\/ususret-prosirenom-izdanja-knjige-dr-sc-vinicija-b-lupisa-dubrovnik-i-poljska-15-9-2020\/\">Ususret pro\u0161irenom izdanja knjige dr. sc. Vinicija B. Lupisa &#8220;Dubrovnik i Poljska&#8221;, 15. 9. 2020.<\/a><br \/>\n&#8211; <a href=\"https:\/\/www.vegaintro-projekti.com\/pilar-stari\/2020\/09\/dr-sc-vinicije-b-lupis-na-medunarodnom-skupu-benediktinsko-monastvo-i-njegovo-nasljede-zadar-17-9-2020\/\">Dr. sc. Vinicije B. Lupis na me\u0111unarodnom skupu &#8220;Benediktinsko mona\u0161tvo i njegovo naslje\u0111e&#8221;, Zadar, 17. 9. 2020.<\/a><br \/>\n&#8211; <a href=\"https:\/\/www.vegaintro-projekti.com\/pilar-stari\/2020\/09\/prilog-dr-sc-vinicija-b-lupisa-objavljen-u-bugarskom-zborniku-art-readings-2019-patterns-models-designes\/\">Prilog dr. sc. Vinicija B. Lupisa objavljen u bugarskom zborniku ART READINGS 2019: PATTERNS &#8211; MODELS &#8211; DESIGNES<\/a><br \/>\n&#8211; <a href=\"https:\/\/www.vegaintro-projekti.com\/pilar-stari\/2020\/07\/dr-sc-vinicije-b-lupis-o-peljeskoj-obitelji-lupis-iz-nakovane-i-njenom-rijeckom-ogranku-23-7-2020\/\">Dr. sc. Vinicije B. Lupis o pelje\u0161koj obitelji Lupis iz Nakovane i njenom rije\u010dkom ogranku, 23. 7. 2020.<\/a><br \/>\n&#8211; <a href=\"https:\/\/www.vegaintro-projekti.com\/pilar-stari\/2020\/04\/dr-sc-vinicije-lupis-spomen-na-105-obljetnicu-armenskog-genocida\/\">Dr. sc. Vinicije Lupis: Spomen na 105. obljetnicu armenskog genocida, 25. 4. 2020.<\/a><br \/>\n&#8211; <a href=\"https:\/\/www.vegaintro-projekti.com\/pilar-stari\/2019\/12\/predstavljanje-zbornika-verba-volant-scripta-manent-u-zagrebu-4-12-2019\/\">Predstavljanje zbornika \u201eVerba volant \u2013 Scripta manent\u201c u Zagrebu, 4. 12. 2019.<\/a><br \/>\n&#8211; <a href=\"https:\/\/www.vegaintro-projekti.com\/pilar-stari\/2019\/10\/dr-sc-vinicije-b-lupis-zbog-orlanda-se-dubrovnik-razlikuje-od-drugih-gradova-19-10-2019\/\">Dr. sc. Vinicije B. Lupis: Zbog Orlanda se Dubrovnik razlikuje od drugih gradova, 19. 10. 2019.<\/a><br \/>\n&#8211; <a href=\"https:\/\/www.vegaintro-projekti.com\/pilar-stari\/2019\/10\/predstavljanje-zbornika-u-cast-akademika-stjepana-krasica-verba-volant-scripta-manent-u-splitu-1-10-2019\/\">Predstavljanje Zbornika u \u010dast akademika Stjepana Krasi\u0107a VERBA VOLANT \u2013 SCRIPTA MANENT u Splitu, 1. 10. 2019.<\/a><br \/>\n&#8211;&nbsp;<a href=\"https:\/\/www.vegaintro-projekti.com\/pilar-stari\/2019\/07\/dr-sc-vinicije-b-lupis-urednik-zbornika-verba-volant-scripta-manent-akademiku-stjepanu-krasicu-u-cast-4-7-2019\/\">Dr. sc. Vinicije B. Lupis urednik zbornika &#8220;Verba volant &#8211; Scripta manent&#8221; akademiku Stjepanu Krasi\u0107u u \u010dast, 4. 7. 2019.<\/a><br \/>\n&#8211;&nbsp;<a href=\"https:\/\/www.vegaintro-projekti.com\/pilar-stari\/2019\/03\/okrugli-stol-o-utjecaju-javnog-djelovanja-zena-na-poboljsanje-drustva-dubrovnik-7-3-2019\/\">Okrugli stol o utjecaju javnog djelovanja \u017eena na pobolj\u0161anje dru\u0161tva; Dubrovnik, 7. 3. 2019.<\/a><br \/>\n&#8211;&nbsp;<a href=\"https:\/\/www.vegaintro-projekti.com\/pilar-stari\/2019\/02\/dr-sc-vinicije-b-lupis-sveti-vlaho-bio-je-drzavni-simbol-dubrovacke-republike\/\">Dr. sc. Vinicije B. Lupis: Sveti Vlaho bio je dr\u017eavni simbol Dubrova\u010dke Republike, 3. 2. 2019.<\/a><br \/>\n&#8211;&nbsp;<a href=\"https:\/\/www.vegaintro-projekti.com\/pilar-stari\/2019\/02\/dr-sc-vinicije-b-lupis-na-konfereciji-u-povodu-40-godina-upisa-dubrovnika-i-10-godina-upisa-feste-na-popise-svjetske-kulturne-bastine\/\">Dr. sc. Vinicije B. Lupis na konfereciji u povodu 40 godina upisa Dubrovnika na popis svjetske kulturne ba\u0161tine, 1. 2. 2019.<\/a><br \/>\n&#8211;&nbsp;<a href=\"https:\/\/www.vegaintro-projekti.com\/pilar-stari\/2018\/11\/predstavljanje-monografije-marin-radica-zaboravljeni-historicisticki-kipar-autora-dr-sc-vinicija-b-lupisa\/\">Predstavljanje monografije MARIN RADICA &#8211; Zaboravljeni historicisti\u010dki kipar autora dr. sc. Vinicija B. Lupisa, 19. 11. 2018.<\/a><br \/>\n&#8211;&nbsp;<a href=\"https:\/\/www.vegaintro-projekti.com\/pilar-stari\/2018\/11\/dr-sc-vinicije-b-lupis-na-konferenciji-kultura-i-putovanja-u-jugoistocnoj-europi-sofija-15-16-11-2018\/\">Dr. sc. Vinicije B. Lupis na konferenciji &#8220;Kultura i putovanja u jugoisto\u010dnoj Europi&#8221;, Sofija, 15.-16. 11. 2018.<\/a><br \/>\n&#8211;&nbsp;<a href=\"https:\/\/www.vegaintro-projekti.com\/pilar-stari\/2018\/11\/priznanje-dr-sc-viniciju-b-lupisu-armenske-zajednice-u-bugarskoj\/\">Priznanje dr. sc. Viniciju B. Lupisu armenske zajednice u Bugarskoj, 14. 11. 2018.<\/a><br \/>\n&#8211;&nbsp;<a href=\"https:\/\/www.vegaintro-projekti.com\/pilar-stari\/2018\/11\/predavanje-dr-sc-vinicija-b-lupisa-armenske-uspomene-u-sofiji-14-11-2018\/\">Predavanje dr. sc. Vinicija B. Lupisa \u201cArmenske uspomene\u201d u Sofiji, 14. 11. 2018.<\/a><br \/>\n&#8211;&nbsp;<a href=\"https:\/\/www.vegaintro-projekti.com\/pilar-stari\/2018\/10\/dr-sc-vinicije-b-lupis-autor-izlozbe-marin-radica-zaboravljeni-historicisticki-kipar\/\">Dr. sc. Vinicije B. Lupis autor izlo\u017ebe &#8220;Marin Radica \u2013 zaboravljeni historicisti\u010dki kipar&#8221;, 6. 10. 2018.<\/a><br \/>\n&#8211;&nbsp;<a href=\"https:\/\/www.vegaintro-projekti.com\/pilar-stari\/2018\/09\/predstavljanje-knjiga-u-izdanju-ogranka-matice-hrvatske-u-blatu-i-instituta-ivo-pilar-urednika-dr-sc-vinicija-b-lupisa\/\">Predstavljanje knjiga u izdanju Ogranka Matice hrvatske u Blatu i Instituta Ivo Pilar urednika dr. sc. Vinicija B. Lupisa, 14. 9. 2018.<\/a><br \/>\n&#8211;&nbsp;<a href=\"https:\/\/www.vegaintro-projekti.com\/pilar-stari\/2018\/08\/dr-sc-viniciju-b-lupisu-plaketa-opcine-lumbarda-za-izuzetno-vrijedan-doprinos-razvoju-kulture\/\">Dr. sc. Viniciju B. Lupisu plaketa Op\u0107ine Lumbarda za izuzetno vrijedan doprinos razvoju kulture, 16. 8. 2018.<\/a><br \/>\n&#8211; <a href=\"https:\/\/www.vegaintro-projekti.com\/pilar-stari\/2018\/06\/zlatna-povelja-za-monografiju-sebasta-grad-svetog-vlaha-urednika-dr-sc-vinicija-b-lupisa\/\">Zlatna povelja za monografiju &#8220;Sebasta &#8211; grad svetog Vlaha&#8221; urednika dr. sc. Vinicija B. Lupisa, 19. 6. 2018.<\/a><br \/>\n&#8211; <a href=\"https:\/\/www.vegaintro-projekti.com\/pilar-stari\/2018\/05\/dr-sc-vinicije-b-lupis-izabran-u-kulturno-vijece-grada-dubrovnika\/\">Dr. sc. Vinicije B. Lupis izabran u Kulturno vije\u0107e Grada Dubrovnika, 28. 5. 2018.<\/a><br \/>\n&#8211; <a href=\"https:\/\/www.vegaintro-projekti.com\/pilar-stari\/2018\/05\/dr-sc-vinicije-b-lupis-o-manipuliranju-bokeljskom-mornaricom\/\">Dr. sc. Vinicije B. Lupis: O manipuliranju Bokeljskom mornaricom, 24. 5. 2018.<\/a><br \/>\n&#8211; <a href=\"https:\/\/www.vegaintro-projekti.com\/pilar-stari\/2018\/05\/medunarodni-znanstveni-skup-o-don-kosti-selaku-janjina-16-lipnja-2018\/\">Me\u0111unarodni znanstveni skup o don Kosti Selaku; Janjina, 16. 6. 2018.<\/a><br \/>\n&#8211; <a href=\"https:\/\/www.vegaintro-projekti.com\/pilar-stari\/2018\/04\/knjiga-urednika-dr-sc-vinicija-b-lupisa-o-sebasti-gradu-svetog-vlaha-otputovala-u-armeniju\/\">Knjiga urednika dr. sc. Vinicija B. Lupisa o Sebasti &#8211; gradu svetog Vlaha otputovala u Armeniju, 24. 4. 2018.<\/a><br \/>\n&#8211; <a href=\"https:\/\/www.vegaintro-projekti.com\/pilar-stari\/2018\/04\/dr-sc-vinicije-b-lupis-autor-kataloga-dvaju-dubrovackih-slikarica\/\">Dr. sc. Vinicije B. Lupis autor kataloga dviju dubrova\u010dkih slikarica, 25. 4. 2018.<\/a><br \/>\n&#8211; <a href=\"https:\/\/www.vegaintro-projekti.com\/pilar-stari\/2018\/04\/odrzana-edukacija-povijest-na-zrnu-soli-u-stonu\/\">Odr\u017eana edukacija \u201dPovijest na zrnu soli\u201d u Stonu, 11.-12. 4. 2018.<\/a><br \/>\n&#8211; <a href=\"https:\/\/www.vegaintro-projekti.com\/pilar-stari\/2018\/02\/ston-kulturna-bastina-kao-paradigma-odrzivog-razvoja\/\">Ston: KULTURNA BA\u0160TINA KAO PARADIGMA ODR\u017dIVOG RAZVOJA, 7. 2. 2018.<\/a><br \/>\n&#8211; <a href=\"https:\/\/www.vegaintro-projekti.com\/pilar-stari\/2018\/01\/dr-sc-vinicije-b-lupis-bokeljska-mornarica-nematerijalna-mornarica\/\">Dr. sc. Vinicije B. Lupis: Bokeljska mornarica &#8211; nematerijalna mornarica, 19. 1. 2018.<\/a><br \/>\n&#8211;&nbsp;<a href=\"https:\/\/www.vegaintro-projekti.com\/pilar-stari\/2017\/10\/predstavljanje-knjige-sebasta-grad-svetoga-vlaha-u-zagrebu\/\">Predstavljanje knjige SEBASTA \u2013 GRAD SVETOGA VLAHA u Zagrebu, 30. 10. 2017.<\/a><br \/>\n&#8211;&nbsp;<a href=\"https:\/\/www.vegaintro-projekti.com\/pilar-stari\/2017\/10\/skup-sveti-ilar-u-kontekstu-svoga-vremena-mlini-dubrovnik-19-20-10-2017\/\">SKUP: Sveti Ilar u kontekstu svoga vremena; Mlini (Dubrovnik), 19.-20. 10. 2017.<\/a><br \/>\n&#8211;&nbsp;<a href=\"https:\/\/www.vegaintro-projekti.com\/pilar-stari\/2017\/10\/dr-sc-vinicije-b-lupis-urednik-zbornika-o-dominikancu-i-akademiku-stjepanu-krasicu\/\">Dr. sc. Vinicije B. Lupis urednik zbornika o dominikancu Stjepanu Krasi\u0107u, 12. 10. 2017.<\/a><br \/>\n&#8211;&nbsp;<a href=\"https:\/\/www.vegaintro-projekti.com\/pilar-stari\/2017\/10\/dr-sc-vinicije-b-lupis-otvorio-izlozbu-medunarodne-likovne-kolonije-9-10-2017\/\">Dr. sc. Vinicije B. Lupis otvorio izlo\u017ebu Me\u0111unarodne likovne kolonije, 9. 10. 2017.<\/a><br \/>\n&#8211;&nbsp;<a href=\"https:\/\/www.vegaintro-projekti.com\/pilar-stari\/2017\/10\/dr-sc-vinicije-b-lupis-o-djelima-slikara-vulka-hajdica\/\">Dr. sc. Vinicije B. Lupis o djelima slikara Vulka Hajdi\u0107a, 6. 10. 2017.<\/a><br \/>\n&#8211;&nbsp;<a href=\"https:\/\/www.vegaintro-projekti.com\/pilar-stari\/2017\/10\/dr-sc-vinicije-b-lupis-stare-ograde-umjetnicka-oprema-grada-11-9-2017\/\">Dr. sc. Vinicije B.. Lupis: STARE OGRADE &#8211; UMJETNI\u010cKA OPREMA GRADA, 11. 9. 2017.<\/a><br \/>\n&#8211;&nbsp;<a href=\"https:\/\/www.vegaintro-projekti.com\/pilar-stari\/2017\/07\/dr-sc-vinicije-b-lupis-s-visokim-predstavnikom-armenske-apostolske-crkve\/\">Dr. sc. Vinicije B. Lupis s visokim predstavnikom Armenske Apostolske Crkve, 12. 7. 2017.<\/a><br \/>\n&#8211;&nbsp;<a href=\"https:\/\/www.vegaintro-projekti.com\/pilar-stari\/2017\/06\/vinicije-b-lupis-20-godina-suradnje-bugarske-i-hrvatske-akademije\/\">Vinicije B. Lupis: 20 godina suradnje Bugarske i Hrvatske akademije, 6. 6. 2017.<\/a><br \/>\n&#8211;&nbsp;<a href=\"https:\/\/www.vegaintro-projekti.com\/pilar-stari\/2017\/06\/dr-sc-vinicije-b-lupis-o-hrvatsko-armenskim-odnosima-u-sofiji-5-6-2017\/\">Dr. sc. Vinicije B. Lupis o hrvatsko-armenskim odnosima u Sofiji, 5. 6. 2017.<\/a><br \/>\n&#8211;&nbsp;<a href=\"https:\/\/www.vegaintro-projekti.com\/pilar-stari\/2017\/02\/izlozba-ljubav-u-damasku-sirijskog-umjetnika-eliasa-ayouba\/\">Izlo\u017eba &#8220;Ljubav u Damasku&#8221; sirijskog umjetnika Eliasa Ayouba, 1. 2. 2017.<\/a><br \/>\n&#8211;&nbsp;<a href=\"https:\/\/www.vegaintro-projekti.com\/pilar-stari\/2017\/01\/predstavljanje-knjige-sebasta-grad-svetog-vlaha\/\">Predstavljanje knjige &#8220;Sebasta &#8211; grad svetog Vlaha&#8221; u Stonu i Dubrovniku, 31. 1. i 4.2. 2017.<\/a><br \/>\n&#8211;&nbsp;<a href=\"https:\/\/www.vegaintro-projekti.com\/pilar-stari\/2016\/12\/dr-sc-viniciju-b-lupisu-red-danice-hrvatske-s-likom-marka-marulica\/\">Dr. sc. Viniciju B. Lupisu Red Danice hrvatske s likom Marka Maruli\u0107a<\/a><br \/>\n&#8211;&nbsp;<a href=\"https:\/\/www.vegaintro-projekti.com\/pilar-stari\/2016\/12\/predavanje-dr-sc-vinicija-lupisa-armenci-u-libanonu-sveti-meron\/\">Predavanje dr. sc. Vinicija Lupisa &#8220;Armenci u Libanonu \u2013 Sveti Meron&#8221;, 1. 12. 2016.<\/a><br \/>\n&#8211;&nbsp;<a href=\"https:\/\/www.vegaintro-projekti.com\/pilar-stari\/2016\/10\/dubrovnik-predstavljanje-knjige-crkva-gospe-luncijate-u-gruzu-11-10-2016\/\">DUBROVNIK: Predstavljanje knjige &#8220;Crkva Gospe Luncijate u Gru\u017eu&#8221;, 11. 10. 2016.<\/a><br \/>\n&#8211;&nbsp;<a href=\"https:\/\/www.vegaintro-projekti.com\/pilar-stari\/2016\/09\/dr-sc-vinicije-b-lupis-na-23-kongresu-bizantskih-studija\/\">Dr. sc. &nbsp;Vinicije B. Lupis na &nbsp;23. KONGRESU BIZANTSKIH STUDIJA, 22.-27. 8. 2016.<\/a><br \/>\n&#8211;&nbsp;<a href=\"https:\/\/www.vegaintro-projekti.com\/pilar-stari\/2016\/08\/dr-sc-vinicije-b-lupis-odlikovan-redom-danice-hrvatske-s-likom-m-marulica\/\">Dr. sc. Vinicije B. Lupis odlikovan Redom Danice hrvatske s likom M. Maruli\u0107a<\/a><br \/>\n&#8211;&nbsp;<a href=\"https:\/\/www.vegaintro-projekti.com\/pilar-stari\/2016\/06\/okrugli-stol-kotorski-i-dubrovacki-biskup-pavao-butorac\/\">Okrugli stol KOTORSKI I DUBROVA\u010dKI BISKUP PAVAO BUTORAC, 2. 6. 2016.<\/a><br \/>\n&#8211;&nbsp;<a href=\"https:\/\/www.vegaintro-projekti.com\/pilar-stari\/2016\/05\/dr-sc-vinicije-b-lupis-dobitnik-nagrade-dubrovacko-neretvanske-zupanije\/\">Dr. sc. Vinicije B. Lupis dobitnik nagrade Dubrova\u010dko-neretvanske \u017eupanije<\/a><br \/>\n&#8211;&nbsp;<a href=\"https:\/\/www.vegaintro-projekti.com\/pilar-stari\/2016\/05\/predstavljena-knjiga-stonskog-zupnika-don-ante-dracevac-izabrane-studije\/\">Predstavljena knjiga &#8220;Don Ante Dra\u010devac. Izabrane studije&#8221;, 22. 4. 2016.<\/a><br \/>\n&#8211;&nbsp;<a href=\"https:\/\/www.vegaintro-projekti.com\/pilar-stari\/2016\/05\/postavljanje-armenskog-hackara-simbola-povezanosti-armenije-i-dubrovnika\/\">Postavljanje armenskog ha\u010dkara u Dubrovniku, 22. 4. 2016.<\/a><br \/>\n&#8211;&nbsp;<a href=\"https:\/\/www.vegaintro-projekti.com\/pilar-stari\/2016\/03\/dr-sc-vinicije-b-lupis-na-otvaranja-spomenika-zrtvama-holokausta-u-dubrovniku\/\">Dr. sc. Vinicije B. Lupis na otvaranja Spomenika \u017ertvama holokausta u Dubrovniku, 18. 3. 2016.<\/a><br \/>\n&#8211;&nbsp;<a href=\"https:\/\/www.vegaintro-projekti.com\/pilar-stari\/2016\/02\/predstavljanje-drubrovackih-srednjovjekovnih-zlatarskih-tema\/\">Predstavljanje DRUBROVA\u010cKIH SREDNJOVJEKOVNIH ZLATARSKIH TEMA, 5. 2. 2016.<\/a><br \/>\n&#8211;&nbsp;<a href=\"https:\/\/www.vegaintro-projekti.com\/pilar-stari\/2016\/02\/otvorena-izlozba-armenska-arhitektura-i-genocid\/\">Otvorena izlo\u017eba ARMENSKA ARHITEKTURA I GENOCID, 4. 2. 2016.<\/a><br \/>\n&#8211;&nbsp;<a href=\"https:\/\/www.vegaintro-projekti.com\/pilar-stari\/2016\/01\/predstavljanje-knjige-expelling-plague-u-dubrovniku-15-1-2015\/\">Predstavljanje knjige EXPELLING PLAGUE u Dubrovniku, 15. 1. 2015.<\/a><br \/>\n&#8211;&nbsp;<a href=\"https:\/\/www.vegaintro-projekti.com\/pilar-stari\/2015\/11\/dr-sc-vinicije-b-lupis-na-konferenciji-u-moskvi-o-genocidu-nad-armencima\/\">Dr. sc. Vinicije B. Lupis na konferenciji u Moskvi o genocidu nad Armencima, 23.-24. 10. 2015.<\/a><br \/>\n&#8211;&nbsp;<a href=\"https:\/\/www.vegaintro-projekti.com\/pilar-stari\/2015\/10\/objavljene-dubrovacke-srednjovjekovne-zlatarske-teme\/\">Objavljene DUBROVA\u010cKE SREDNJOVJEKOVNE ZLATARSKE TEME Vinicija B. Lupisa<\/a><br \/>\n&#8211;&nbsp;<a href=\"https:\/\/www.vegaintro-projekti.com\/pilar-stari\/2015\/10\/predavanje-dr-sc-vinicija-b-lupisa-na-simpoziju-u-kotoru\/\">Predavanje dr. sc. Vinicija B. Lupisa na simpoziju u Kotoru, 9. 10. 2015.<\/a><br \/>\n&#8211;&nbsp;<a href=\"https:\/\/www.vegaintro-projekti.com\/pilar-stari\/2015\/07\/u-moskvi-predstavljena-knjiga-armenija-domovina-sv-vlaha\/\">U Moskvi predstavljena knjiga ARMENIJA \u2013 DOMOVINA SV. VLAHA<\/a><br \/>\n&#8211;&nbsp;<a href=\"https:\/\/www.vegaintro-projekti.com\/pilar-stari\/2015\/06\/moskva-predstavaljanje-knjige-armenija-domovina-sv-vlaha-14-6-2015\/\">MOSKVA: Predstavljanje knjige &#8220;Armenija \u2013 domovina sv. Vlaha&#8221;, 14. 6. 2015.<\/a><br \/>\n&#8211;&nbsp;<a href=\"https:\/\/www.vegaintro-projekti.com\/pilar-stari\/2015\/05\/dubovnik-predavanje-armenija-sacra-25-5-2015\/\">DUBOVNIK: Predavanje ARMENIJA SACRA, 25. 5. 2015.<\/a><br \/>\n&#8211;&nbsp;<a href=\"https:\/\/www.vegaintro-projekti.com\/pilar-stari\/2015\/05\/dubrovnik-predstavljanje-kataloga-sv-vlaho-u-povijesti-i-sadasnjosti\/\">DUBROVNIK: Predstavljanje kataloga &#8220;Sv. VLAHO u povijesti i sada\u0161njosti&#8221;, 18. 5. 2015.<\/a><br \/>\n&#8211;&nbsp;<a href=\"https:\/\/www.vegaintro-projekti.com\/pilar-stari\/2015\/05\/dr-sc-vinicij-b-lupis-predstavio-monografiju-hgu-sveta-vicenca\/\">Dr. sc. Vinicije B. Lupis predstavio monografiju HGU &#8220;Sv. Vicenca&#8221;<\/a><br \/>\n&#8211;&nbsp;<a href=\"https:\/\/www.vegaintro-projekti.com\/pilar-stari\/2015\/04\/predstavljanje-knjige-armenija-domovina-sv-vlaha-ston-i-dubrovnik\/\">Predstavljanje knjige ARMENIJA &#8211; DOMOVINA SV. VLAHA, Ston i Dubrovnik<\/a><br \/>\n&#8211;&nbsp;<a href=\"https:\/\/www.vegaintro-projekti.com\/pilar-stari\/2014\/12\/vinicije-b-lupis-putem-videolinka-otvorio-izlozbu-eugena-varzica\/\">Vinicije B. Lupis putem videolinka otvorio izlo\u017ebu Eugena Varzi\u0107a<\/a><br \/>\n&#8211;&nbsp;<a href=\"https:\/\/www.vegaintro-projekti.com\/pilar-stari\/2014\/12\/promocija-knjige-tee-marinovic-mestrovica-marica-marinovic\/\">Promocija knjige Tee Marinovi\u0107 &#8220;Me\u0161trovica Marica Marinovi\u0107&#8221;<\/a><br \/>\n&#8211; <a href=\"https:\/\/www.vegaintro-projekti.com\/pilar-stari\/2014\/10\/hrvatsko-slovo-bastinske-teme-boke-kotorske\/\">Hrvatsko slovo: BA\u0160TINSKE TEME BOKE KOTORSKE<\/a><br \/>\n&#8211;&nbsp;<a href=\"https:\/\/www.vegaintro-projekti.com\/pilar-stari\/2014\/05\/odrzana-promocija-v-broja-blatskog-ljetopisa\/\">Odr\u017eana promocija V. broja BLATSKOG LJETOPISA<\/a><br \/>\n&#8211;&nbsp;<a href=\"https:\/\/www.vegaintro-projekti.com\/pilar-stari\/2014\/05\/predstavljanje-pretiska-knjige-zrnca-za-povijest-stona\/\">Predstavljanje pretiska knjige ZRNCA ZA POVIJEST STONA<\/a><br \/>\n&#8211;&nbsp;<a href=\"https:\/\/www.vegaintro-projekti.com\/pilar-stari\/2014\/04\/predstavljanje-knjige-bogorodica-zastitnica-u-hrvata-dubrovnik-9-4-2014\/\">Predstavljanje knjige &#8220;Bogorodica Za\u0161titnica u Hrvata&#8221;, Dubrovnik, 9. 4. 2014.<\/a><br \/>\n&#8211;&nbsp;<a href=\"https:\/\/www.vegaintro-projekti.com\/pilar-stari\/2014\/02\/u-stonu-predstavljena-srednjovjekovna-raspela-dr-sc-vinicija-b-lupisa\/\">U Stonu predstavljena &#8220;Srednjovjekovna raspela&#8221; dr. sc. Vinicija B. Lupisa<\/a><br \/>\n&#8211; <a href=\"https:\/\/www.vegaintro-projekti.com\/pilar-stari\/2013\/12\/nova-knjiga-dr-sc-vinicija-b-lupisa-srednjovjekovna-raspela-iz-stona-i-okolice\/\">Nova knjiga dr. sc. Vinicija B. Lupisa: Srednjovjekovna raspela iz Stona i okolice<\/a><br \/>\n&#8211;&nbsp;<a href=\"https:\/\/www.vegaintro-projekti.com\/pilar-stari\/2013\/12\/intervju-dr-sc-vinicija-b-lupisa-u-armenskom-casopisu-vrijeme\/\">Intervju dr. sc. Vinicija B. Lupisa u armenskom \u010dasopisu &#8220;Vrijeme&#8221;<\/a><br \/>\n&#8211; <a href=\"https:\/\/www.vegaintro-projekti.com\/pilar-stari\/2013\/11\/predavanje-dr-sc-vinicija-b-lupisa-u-portugalu-23-11-2013\/\">Predavanje dr. sc. Vinicija B. Lupisa U Portugalu, 22. 11. 2013.<\/a><br \/>\n&#8211; <a href=\"https:\/\/www.vegaintro-projekti.com\/pilar-stari\/2013\/10\/predstavljanje-knjige-bastinske-teme-boke-kotorske-u-zagrebu-30-10-2013\/\">Predstavljanje BA\u0160TINSKIH TEMA BOKE KOTORSKE u Zagrebu, 30. 10. 2013.<\/a><br \/>\n&#8211; <a href=\"https:\/\/www.vegaintro-projekti.com\/pilar-stari\/2013\/10\/objavljena-knjiga-bastinske-teme-boke-kotorske-vinicija-b-lupisa\/\">Objavljena knjiga BA\u0160TINSKE TEME BOKE KOTORSKE Vinicija B. Lupisa<\/a><br \/>\n&#8211; <a href=\"https:\/\/www.vegaintro-projekti.com\/pilar-stari\/2013\/10\/kulturno-i-povijesno-naslijede-hrvata-boke-kotorske-u-knjizi-v-b-lupisa\/\">Kulturno i povijesno naslije\u0111e Hrvata Boke kotorske u knjizi V.B. Lupisa<\/a><br \/>\n&#8211; <a href=\"https:\/\/www.vegaintro-projekti.com\/pilar-stari\/2013\/10\/promocija-bastinskih-tema-boke-kotorske-u-donjoj-lastvi\/\">Promocija Ba\u0161tinskih tema Boke Kotorske Vinicija Lupisa u Donjoj Lastvi<\/a><br \/>\n&#8211; <a href=\"https:\/\/www.vegaintro-projekti.com\/pilar-stari\/2013\/09\/dr-sc-vinicije-b-lupis-predsjednik-juznohrvatskog-ogranka-drustva-knjizevnika\/\">Dr. sc. Vinicije B. Lupis predsjednik Ju\u017enohrvatskog ogranka Dru\u0161tva knji\u017eevnika<\/a><br \/>\n&#8211; <a href=\"https:\/\/www.vegaintro-projekti.com\/pilar-stari\/2013\/09\/bastinske-teme-boke-kotorske-vinicija-b-lupisa\/\">BA\u0160TINSKE TEME BOKE KOTORSKE Vinicija B. Lupisa<\/a><br \/>\n&#8211;<a href=\"https:\/\/www.vegaintro-projekti.com\/pilar-stari\/2013\/06\/predstavljena-slikovnica-posveena-stjepanu-gradiu\/\">&nbsp;Predstavljena slikovnica posve\u0107ena Stjepanu Gradi\u0107u<\/a><br \/>\n&#8211; <a href=\"https:\/\/www.vegaintro-projekti.com\/pilar-stari\/2013\/06\/predavanje-dr-sc-vinicija-b-lupisa-o-povijesti-dubrovakog-pomorskog-prava\/\">Predavanje dr. sc. Vinicija B. Lupisa o povijesti dubrova\u010dkog pomorskog prava<\/a><br \/>\n&#8211;&nbsp;<a href=\"https:\/\/www.vegaintro-projekti.com\/pilar-stari\/2013\/03\/dubrovnik-predstavljanje-knjige-croatica-mechitaristica-3-4-2013\/\">DUBROVNIK: Predstavljanje knjige CROATICA MECHITARISTICA, 3. 4. 2013.<\/a><br \/>\n&#8211; <a href=\"https:\/\/www.vegaintro-projekti.com\/pilar-stari\/2012\/12\/anna-givargizyan-qgenocid-kao-podkradanje-civilizacijeq\/\">Anna Givargizyan: &#8220;Genocid kao potkradanje civilizacije&#8221;<\/a><br \/>\n&#8211; <a href=\"https:\/\/www.vegaintro-projekti.com\/pilar-stari\/2012\/03\/predstavljanje-knjige-poljski-ustanak-1863-i-dubrovnik-2932012\/\">Predstavljanje knjige POLJSKI USTANAK 1863. I DUBROVNIK, 29. o\u017eujka 2012.<\/a><br \/>\n&#8211; <a href=\"https:\/\/www.vegaintro-projekti.com\/pilar-stari\/2013\/07\/predstavljena-zbirka-pjesama-dr-sc-vinicija-b-lupisa-volumen-legis\/\">Predstavljena zbirka pjesama dr. sc. Vinicija B. Lupisa &#8220;Volumen Legis&#8221;<\/a><br \/>\n&#8211; <a href=\"https:\/\/www.vegaintro-projekti.com\/pilar-stari\/2012\/02\/predstavljanje-spomenice-600-obljetnice-crkve-u-gornjoj-lastvi-1022012\/\">Predstavljanje u Zagrebu Spomenice 600. obljetnice Crkve Male Gospe u Gornjoj Lastvi<\/a><br \/>\n&#8211; <a href=\"https:\/\/www.vegaintro-projekti.com\/pilar-stari\/2011\/11\/predstavljanje-spomenice-600-obljetnice-crkve-male-gospe-u-gornjoj-lastvi\/\">Predstavljanje u Dubrovniku Spomenice 600. obljetnice Crkve Male Gospe u Gornjoj Lastvi<\/a><br \/>\n&#8211; <a href=\"https:\/\/www.vegaintro-projekti.com\/pilar-stari\/2011\/11\/2-tribina-u-dubrovniku-vukovar-91-izmeu-simbola-i-kulture-zaborava\/\">2. znanstvena tribina u Dubrovniku: Vukovar &#8217;91 &#8211; izme\u0111u simbola i kulture zaborava (prof. dr. sc. Dra\u017een \u017divi\u0107, mr. sc. Sandra Cviki\u0107 i&nbsp;dr. sc. Vinicije B. Lupis), 2. prosinca 2011.<\/a><br \/>\n&#8211; <a href=\"https:\/\/www.vegaintro-projekti.com\/pilar-stari\/2011\/11\/u-tivtu-predstavljena-spomenica-600-obljetnice-crkve-male-gospe-u-gornjoj-lastvi-1410-2010\/\">Predstavljena u Tivtu Spomenica 600. obljetnice Crkve Male Gospe u Gornjoj Lastvi<\/a><br \/>\n&#8211; <a href=\"https:\/\/www.vegaintro-projekti.com\/pilar-stari\/2011\/10\/spomenica-600-obljetnice-crkve-male-gospe-u-gornjoj-lastvi\/\">SPOMENICA 600. obljetnice Crkve Male Gospe u Gornjoj Lastvi (1410.-2010.)<\/a><br \/>\n&#8211; <a href=\"https:\/\/www.vegaintro-projekti.com\/pilar-stari\/2011\/09\/tribina-u-dubrovniku-ivot-i-misao-i-pilara-hrvatski-identitet-u-europskom-kontekstu\/\">Znanstvena tribina u povodu 20 godina istra\u017eivanja Instituta Ivo Pilar: Pozdravne rije\u010di (prof. dr. sc. Vlado \u0160aki\u0107 i dr. sc. Vinicije B. Lupis);&nbsp;&nbsp;Dr. Ivo Pilar &#8211; \u017eivot i politi\u010dka misao (dr. sc. Zlatko Matijevi\u0107 i dr. sc. Zlatko Hasanbegovi\u0107), 12. rujna 2011.<\/a><br \/>\n&#8211; <a href=\"https:\/\/www.vegaintro-projekti.com\/pilar-stari\/2010\/10\/predstavljanje-prinosa-jakete-palmotia-dionoria-hrvatskoj-knjievnoj-batini\/\">Predstavljeni Prinosi Jakete Palmoti\u0107a Dionori\u0107a hrvatskoj knji\u017eevnoj ba\u0161tini<\/a><br \/>\n&#8211; <a href=\"https:\/\/www.vegaintro-projekti.com\/pilar-stari\/2010\/09\/objavljena-studija-eljezni-duh-prinos-jakete-palmotia-dionoria-hrvatskoj-knjievnoj-batini\/\">\u017dELJEZNI DUH: Prinos Jakete Palmoti\u0107a Dionori\u0107a hrvatskoj knji\u017eevnoj ba\u0161tini<\/a><br \/>\n&#8211; <a href=\"https:\/\/www.vegaintro-projekti.com\/pilar-stari\/2011\/09\/potpora-projektu-znanstvene-monografije-dubrovnika\/\">Potpora projektu znanstvene monografije Dubrovnika<\/a><br \/>\n&#8211; <a href=\"https:\/\/www.vegaintro-projekti.com\/pilar-stari\/2011\/09\/potpisan-sporazum-o-suradnji-sveuilita-u-dubrovniku-i-instituta-ivo-pilar\/\">Potpisan Sporazum o suradnji Sveu\u010dili\u0161ta u Dubrovniku i Instituta Ivo Pilar<\/a><br \/>\n&#8211; <a href=\"https:\/\/www.vegaintro-projekti.com\/pilar-stari\/2010\/10\/prof-dr-sc-vlado-aki-u-povodu-formalnog-poetka-rada-podruni-centar-dubrovnik\/\">Prof. dr. sc. Vlado \u0160aki\u0107 u povodu po\u010detka rada Podru\u010dnog centra Dubrovnik<br \/>\n<\/a>&#8211;&nbsp;<a href=\"https:\/\/www.vegaintro-projekti.com\/pilar-stari\/2011\/06\/otvoren-podruni-centar-dubrovnik-instituta-pilar\/\">SVE\u010cANO OTVOREN PODRU\u010cNI CENTAR DUBROVNIK 28. SVIBNJA 2011.<\/a><\/p>\n","protected":false},"excerpt":{"rendered":"<p>Naziv&nbsp;\u2022 Sjedi\u0161te&nbsp;\u2022 Voditelj&nbsp;\u2022 Osnutak&nbsp;\u2022 Djelatnici&nbsp;\u2022 Novosti Sve\u010dano otvaranje Podru\u010dnog centra Dubrovnik Instituta dru\u0161tvenih znanosti Ivo Pilar 28. svibnja 2011. &nbsp; Naziv Institut dru\u0161tvenih znanosti Ivo Pilar &#8211; Podru\u010dni centar Dubrovnik &nbsp; Sjedi\u0161te Od Ka\u0161tela 11 20000 Dubrovnik Tel.: 020 323-946 Tel.\/fax: 020 324-769 E-mail: vinicije.lupis@vegaintro-projekti.com\/pilar-stari &nbsp; Voditelj Dr. sc. Vinicije B. Lupis &nbsp; Osnutak 10.&hellip; <a class=\"continue\" href=\"https:\/\/www.vegaintro-projekti.com\/pilar-stari\/2010\/07\/podruni-centar-dubrovnik-2\/\">Pro\u010ditaj vi\u0161e o<span> Podru\u010dni centar Dubrovnik<\/span><\/a><\/p>\n","protected":false},"author":1,"featured_media":0,"comment_status":"closed","ping_status":"closed","sticky":false,"template":"","format":"standard","meta":{"inline_featured_image":false,"ngg_post_thumbnail":0,"footnotes":""},"categories":[51],"tags":[],"yoast_head":"<!-- This site is optimized with the Yoast SEO plugin v21.2 - https:\/\/yoast.com\/wordpress\/plugins\/seo\/ -->\n<title>Podru\u010dni centar Dubrovnik - Institut dru&scaron;tvenih znanosti Ivo Pilar<\/title>\n<meta name=\"robots\" content=\"noindex, follow, max-snippet:-1, max-image-preview:large, max-video-preview:-1\" \/>\n<meta property=\"og:locale\" content=\"hr_HR\" \/>\n<meta property=\"og:type\" content=\"article\" \/>\n<meta property=\"og:title\" content=\"Podru\u010dni centar Dubrovnik - Institut dru&scaron;tvenih znanosti Ivo Pilar\" \/>\n<meta property=\"og:description\" content=\"Naziv&nbsp;\u2022 Sjedi\u0161te&nbsp;\u2022 Voditelj&nbsp;\u2022 Osnutak&nbsp;\u2022 Djelatnici&nbsp;\u2022 Novosti Sve\u010dano otvaranje Podru\u010dnog centra Dubrovnik Instituta dru\u0161tvenih znanosti Ivo Pilar 28. svibnja 2011. &nbsp; Naziv Institut dru\u0161tvenih znanosti Ivo Pilar &#8211; Podru\u010dni centar Dubrovnik &nbsp; Sjedi\u0161te Od Ka\u0161tela 11 20000 Dubrovnik Tel.: 020 323-946 Tel.\/fax: 020 324-769 E-mail: vinicije.lupis@vegaintro-projekti.com\/pilar-stari &nbsp; Voditelj Dr. sc. Vinicije B. Lupis &nbsp; Osnutak 10.&hellip; Pro\u010ditaj vi\u0161e o Podru\u010dni centar Dubrovnik\" \/>\n<meta property=\"og:url\" content=\"https:\/\/www.vegaintro-projekti.com\/pilar-stari\/2010\/07\/podruni-centar-dubrovnik-2\/\" \/>\n<meta property=\"og:site_name\" content=\"Institut dru&scaron;tvenih znanosti Ivo Pilar\" \/>\n<meta property=\"article:published_time\" content=\"2010-07-06T11:38:10+00:00\" \/>\n<meta property=\"article:modified_time\" content=\"2025-12-06T22:38:09+00:00\" \/>\n<meta property=\"og:image\" content=\"https:\/\/www.vegaintro-projekti.com\/pilar-stari\/wp-content\/images\/stories\/fotografije\/podrucni\/dubrovnik\/pc_du_1.jpg\" \/>\n<meta name=\"author\" content=\"pilar-admin\" \/>\n<meta name=\"twitter:card\" content=\"summary_large_image\" \/>\n<meta name=\"twitter:label1\" content=\"Napisao\/la\" \/>\n\t<meta name=\"twitter:data1\" content=\"pilar-admin\" \/>\n\t<meta name=\"twitter:label2\" content=\"Procijenjeno vrijeme \u010ditanja\" \/>\n\t<meta name=\"twitter:data2\" content=\"14 minuta\" \/>\n<script type=\"application\/ld+json\" class=\"yoast-schema-graph\">{\"@context\":\"https:\/\/schema.org\",\"@graph\":[{\"@type\":\"WebPage\",\"@id\":\"https:\/\/www.vegaintro-projekti.com\/pilar-stari\/2010\/07\/podruni-centar-dubrovnik-2\/\",\"url\":\"https:\/\/www.vegaintro-projekti.com\/pilar-stari\/2010\/07\/podruni-centar-dubrovnik-2\/\",\"name\":\"Podru\u010dni centar Dubrovnik - Institut dru&scaron;tvenih znanosti Ivo Pilar\",\"isPartOf\":{\"@id\":\"https:\/\/www.vegaintro-projekti.com\/pilar-stari\/#website\"},\"datePublished\":\"2010-07-06T11:38:10+00:00\",\"dateModified\":\"2025-12-06T22:38:09+00:00\",\"author\":{\"@id\":\"https:\/\/www.vegaintro-projekti.com\/pilar-stari\/#\/schema\/person\/c0db50ebd77c4409e19b18044bbf10c1\"},\"breadcrumb\":{\"@id\":\"https:\/\/www.vegaintro-projekti.com\/pilar-stari\/2010\/07\/podruni-centar-dubrovnik-2\/#breadcrumb\"},\"inLanguage\":\"hr\",\"potentialAction\":[{\"@type\":\"ReadAction\",\"target\":[\"https:\/\/www.vegaintro-projekti.com\/pilar-stari\/2010\/07\/podruni-centar-dubrovnik-2\/\"]}]},{\"@type\":\"BreadcrumbList\",\"@id\":\"https:\/\/www.vegaintro-projekti.com\/pilar-stari\/2010\/07\/podruni-centar-dubrovnik-2\/#breadcrumb\",\"itemListElement\":[{\"@type\":\"ListItem\",\"position\":1,\"name\":\"Home\",\"item\":\"https:\/\/www.vegaintro-projekti.com\/pilar-stari\/\"},{\"@type\":\"ListItem\",\"position\":2,\"name\":\"Podru\u010dni centar Dubrovnik\"}]},{\"@type\":\"WebSite\",\"@id\":\"https:\/\/www.vegaintro-projekti.com\/pilar-stari\/#website\",\"url\":\"https:\/\/www.vegaintro-projekti.com\/pilar-stari\/\",\"name\":\"Institut dru&scaron;tvenih znanosti Ivo Pilar\",\"description\":\"Pilar\",\"potentialAction\":[{\"@type\":\"SearchAction\",\"target\":{\"@type\":\"EntryPoint\",\"urlTemplate\":\"https:\/\/www.vegaintro-projekti.com\/pilar-stari\/?s={search_term_string}\"},\"query-input\":\"required name=search_term_string\"}],\"inLanguage\":\"hr\"},{\"@type\":\"Person\",\"@id\":\"https:\/\/www.vegaintro-projekti.com\/pilar-stari\/#\/schema\/person\/c0db50ebd77c4409e19b18044bbf10c1\",\"name\":\"pilar-admin\",\"image\":{\"@type\":\"ImageObject\",\"inLanguage\":\"hr\",\"@id\":\"https:\/\/www.vegaintro-projekti.com\/pilar-stari\/#\/schema\/person\/image\/\",\"url\":\"https:\/\/secure.gravatar.com\/avatar\/fac9e03c4db0011b9c1ad8b5e9c74b8c?s=96&d=mm&r=g\",\"contentUrl\":\"https:\/\/secure.gravatar.com\/avatar\/fac9e03c4db0011b9c1ad8b5e9c74b8c?s=96&d=mm&r=g\",\"caption\":\"pilar-admin\"},\"url\":\"https:\/\/www.vegaintro-projekti.com\/pilar-stari\/author\/pilar-admin\/\"}]}<\/script>\n<!-- \/ Yoast SEO plugin. -->","yoast_head_json":{"title":"Podru\u010dni centar Dubrovnik - Institut dru&scaron;tvenih znanosti Ivo Pilar","robots":{"index":"noindex","follow":"follow","max-snippet":"max-snippet:-1","max-image-preview":"max-image-preview:large","max-video-preview":"max-video-preview:-1"},"og_locale":"hr_HR","og_type":"article","og_title":"Podru\u010dni centar Dubrovnik - Institut dru&scaron;tvenih znanosti Ivo Pilar","og_description":"Naziv&nbsp;\u2022 Sjedi\u0161te&nbsp;\u2022 Voditelj&nbsp;\u2022 Osnutak&nbsp;\u2022 Djelatnici&nbsp;\u2022 Novosti Sve\u010dano otvaranje Podru\u010dnog centra Dubrovnik Instituta dru\u0161tvenih znanosti Ivo Pilar 28. svibnja 2011. &nbsp; Naziv Institut dru\u0161tvenih znanosti Ivo Pilar &#8211; Podru\u010dni centar Dubrovnik &nbsp; Sjedi\u0161te Od Ka\u0161tela 11 20000 Dubrovnik Tel.: 020 323-946 Tel.\/fax: 020 324-769 E-mail: vinicije.lupis@vegaintro-projekti.com\/pilar-stari &nbsp; Voditelj Dr. sc. Vinicije B. Lupis &nbsp; Osnutak 10.&hellip; Pro\u010ditaj vi\u0161e o Podru\u010dni centar Dubrovnik","og_url":"https:\/\/www.vegaintro-projekti.com\/pilar-stari\/2010\/07\/podruni-centar-dubrovnik-2\/","og_site_name":"Institut dru&scaron;tvenih znanosti Ivo Pilar","article_published_time":"2010-07-06T11:38:10+00:00","article_modified_time":"2025-12-06T22:38:09+00:00","og_image":[{"url":"https:\/\/www.vegaintro-projekti.com\/pilar-stari\/wp-content\/images\/stories\/fotografije\/podrucni\/dubrovnik\/pc_du_1.jpg"}],"author":"pilar-admin","twitter_card":"summary_large_image","twitter_misc":{"Napisao\/la":"pilar-admin","Procijenjeno vrijeme \u010ditanja":"14 minuta"},"schema":{"@context":"https:\/\/schema.org","@graph":[{"@type":"WebPage","@id":"https:\/\/www.vegaintro-projekti.com\/pilar-stari\/2010\/07\/podruni-centar-dubrovnik-2\/","url":"https:\/\/www.vegaintro-projekti.com\/pilar-stari\/2010\/07\/podruni-centar-dubrovnik-2\/","name":"Podru\u010dni centar Dubrovnik - Institut dru&scaron;tvenih znanosti Ivo Pilar","isPartOf":{"@id":"https:\/\/www.vegaintro-projekti.com\/pilar-stari\/#website"},"datePublished":"2010-07-06T11:38:10+00:00","dateModified":"2025-12-06T22:38:09+00:00","author":{"@id":"https:\/\/www.vegaintro-projekti.com\/pilar-stari\/#\/schema\/person\/c0db50ebd77c4409e19b18044bbf10c1"},"breadcrumb":{"@id":"https:\/\/www.vegaintro-projekti.com\/pilar-stari\/2010\/07\/podruni-centar-dubrovnik-2\/#breadcrumb"},"inLanguage":"hr","potentialAction":[{"@type":"ReadAction","target":["https:\/\/www.vegaintro-projekti.com\/pilar-stari\/2010\/07\/podruni-centar-dubrovnik-2\/"]}]},{"@type":"BreadcrumbList","@id":"https:\/\/www.vegaintro-projekti.com\/pilar-stari\/2010\/07\/podruni-centar-dubrovnik-2\/#breadcrumb","itemListElement":[{"@type":"ListItem","position":1,"name":"Home","item":"https:\/\/www.vegaintro-projekti.com\/pilar-stari\/"},{"@type":"ListItem","position":2,"name":"Podru\u010dni centar Dubrovnik"}]},{"@type":"WebSite","@id":"https:\/\/www.vegaintro-projekti.com\/pilar-stari\/#website","url":"https:\/\/www.vegaintro-projekti.com\/pilar-stari\/","name":"Institut dru&scaron;tvenih znanosti Ivo Pilar","description":"Pilar","potentialAction":[{"@type":"SearchAction","target":{"@type":"EntryPoint","urlTemplate":"https:\/\/www.vegaintro-projekti.com\/pilar-stari\/?s={search_term_string}"},"query-input":"required name=search_term_string"}],"inLanguage":"hr"},{"@type":"Person","@id":"https:\/\/www.vegaintro-projekti.com\/pilar-stari\/#\/schema\/person\/c0db50ebd77c4409e19b18044bbf10c1","name":"pilar-admin","image":{"@type":"ImageObject","inLanguage":"hr","@id":"https:\/\/www.vegaintro-projekti.com\/pilar-stari\/#\/schema\/person\/image\/","url":"https:\/\/secure.gravatar.com\/avatar\/fac9e03c4db0011b9c1ad8b5e9c74b8c?s=96&d=mm&r=g","contentUrl":"https:\/\/secure.gravatar.com\/avatar\/fac9e03c4db0011b9c1ad8b5e9c74b8c?s=96&d=mm&r=g","caption":"pilar-admin"},"url":"https:\/\/www.vegaintro-projekti.com\/pilar-stari\/author\/pilar-admin\/"}]}},"_links":{"self":[{"href":"https:\/\/www.vegaintro-projekti.com\/pilar-stari\/wp-json\/wp\/v2\/posts\/294"}],"collection":[{"href":"https:\/\/www.vegaintro-projekti.com\/pilar-stari\/wp-json\/wp\/v2\/posts"}],"about":[{"href":"https:\/\/www.vegaintro-projekti.com\/pilar-stari\/wp-json\/wp\/v2\/types\/post"}],"author":[{"embeddable":true,"href":"https:\/\/www.vegaintro-projekti.com\/pilar-stari\/wp-json\/wp\/v2\/users\/1"}],"replies":[{"embeddable":true,"href":"https:\/\/www.vegaintro-projekti.com\/pilar-stari\/wp-json\/wp\/v2\/comments?post=294"}],"version-history":[{"count":199,"href":"https:\/\/www.vegaintro-projekti.com\/pilar-stari\/wp-json\/wp\/v2\/posts\/294\/revisions"}],"predecessor-version":[{"id":36952,"href":"https:\/\/www.vegaintro-projekti.com\/pilar-stari\/wp-json\/wp\/v2\/posts\/294\/revisions\/36952"}],"wp:attachment":[{"href":"https:\/\/www.vegaintro-projekti.com\/pilar-stari\/wp-json\/wp\/v2\/media?parent=294"}],"wp:term":[{"taxonomy":"category","embeddable":true,"href":"https:\/\/www.vegaintro-projekti.com\/pilar-stari\/wp-json\/wp\/v2\/categories?post=294"},{"taxonomy":"post_tag","embeddable":true,"href":"https:\/\/www.vegaintro-projekti.com\/pilar-stari\/wp-json\/wp\/v2\/tags?post=294"}],"curies":[{"name":"wp","href":"https:\/\/api.w.org\/{rel}","templated":true}]}}