{"id":29457,"date":"2024-04-16T21:27:58","date_gmt":"2024-04-16T21:27:58","guid":{"rendered":"https:\/\/www.vegaintro-projekti.com\/pilar-stari\/?p=29457"},"modified":"2024-04-16T21:51:08","modified_gmt":"2024-04-16T21:51:08","slug":"sporazum-o-suradnji-instituta-pilar-s-gradskim-muzejom-korcula-korcula-8-9-4-2024","status":"publish","type":"post","link":"https:\/\/www.vegaintro-projekti.com\/pilar-stari\/2024\/04\/sporazum-o-suradnji-instituta-pilar-s-gradskim-muzejom-korcula-korcula-8-9-4-2024\/","title":{"rendered":"Sporazum o suradnji Instituta Pilar s Gradskim muzejom Kor\u010dula; Kor\u010dula, 8.-9. 4. 2024."},"content":{"rendered":"<p><strong>Institut dru\u0161tvenih znanosti Ivo Pilar i Gradski muzej Kor\u010dula sklopili su u gradu Kor\u010duli 8. travnja 2024. sporazum o suradnji. Sporazum su potpisali ravnatelj Instituta Pilar prof. dr. sc. \u017deljko Holjevac i ravnateljica Gradskog muzeja Kor\u010dula dr. sc. Marija Hajdi\u0107<\/strong><\/p>\n<div class=\"wp-block-image\"><a href=\"https:\/\/www.vegaintro-projekti.com\/pilar-stari\/wp-content\/uploads\/2024\/04\/IMG_1-3.jpg\"><img decoding=\"async\" loading=\"lazy\" class=\"alignnone wp-image-29446 size-full\" src=\"https:\/\/www.vegaintro-projekti.com\/pilar-stari\/wp-content\/uploads\/2024\/04\/IMG_1s-3.jpg\" alt=\"i1\" width=\"620\" height=\"329\" srcset=\"https:\/\/www.vegaintro-projekti.com\/pilar-stari\/wp-content\/uploads\/2024\/04\/IMG_1s-3.jpg 620w, https:\/\/www.vegaintro-projekti.com\/pilar-stari\/wp-content\/uploads\/2024\/04\/IMG_1s-3-300x159.jpg 300w, https:\/\/www.vegaintro-projekti.com\/pilar-stari\/wp-content\/uploads\/2024\/04\/IMG_1s-3-310x165.jpg 310w\" sizes=\"(max-width: 620px) 100vw, 620px\" \/><\/a><\/div>\n<div>\n<div class=\"wp-block-image\"><a href=\"https:\/\/www.vegaintro-projekti.com\/pilar-stari\/wp-content\/uploads\/2024\/04\/IMG_6.jpg\"><img decoding=\"async\" loading=\"lazy\" class=\"alignnone wp-image-29456 size-full\" src=\"https:\/\/www.vegaintro-projekti.com\/pilar-stari\/wp-content\/uploads\/2024\/04\/IMG_6s.jpg\" alt=\"i2\" width=\"620\" height=\"339\" srcset=\"https:\/\/www.vegaintro-projekti.com\/pilar-stari\/wp-content\/uploads\/2024\/04\/IMG_6s.jpg 620w, https:\/\/www.vegaintro-projekti.com\/pilar-stari\/wp-content\/uploads\/2024\/04\/IMG_6s-300x164.jpg 300w\" sizes=\"(max-width: 620px) 100vw, 620px\" \/><\/a><\/div>\n<\/div>\n<p>&nbsp;<\/p>\n<p><strong>Na Radiju Kor\u010dula<\/strong><\/p>\n<p>Idu\u0107eg dana, 9. travnja, nakon predstavljanja aktivnosti i postava Gradskog muzeja Kor\u010dula, koje je vodila dr. sc. Marija Hajdi\u0107 i Interpretacijskog centra Marko Polo, koje je vodio Vicko Mareli\u0107, znanstvenici Instituta Pilar prof. dr. sc. \u017deljko Holjevac, dr. sc. Marko Mustapi\u0107 i dr. sc. Benjamin Perasovi\u0107 gostovali su, uz doma\u0107ina Vicka Mareli\u0107a, u emisiji Radija Kor\u010dula koju je vodila Dora Lozica. U emisiji su govorili o radu Instituta Pilar s fokusom na mlade, na temelju podataka prikupljenih dugogodi\u0161njim istra\u017eivanjima.<\/p>\n<p><strong>Javna predavanja<\/strong><\/p>\n<p>Istoga dana, u ve\u010dernjem terminu, odr\u017eana su u dvorani Gradskog muzeja Kor\u010dula javna predavanja uz sa\u017eeto predstavljanje Instituta Pilar i projekta TYPeS. Nakon \u0161to je ravnatelj Instituta Pilar pozdravio nazo\u010dne i sa\u017eeto predstavio institutske djelatnosti, dr. sc. Marko Mustapi\u0107 je uz kratko predstavljanje novog projekta TYPeS na temelju provedenih istra\u017eivanja u tri velika europska projekta (MYPLACE, Promise, CHIEF) odr\u017eao predavanje pod naslovom <em>(A)politi\u010dnost mladih u Hrvatskoj od ulaska u EU do danas<\/em>. Dr. sc. Benjamin Perasovi\u0107 na temelju podataka prikupljenih u H2020 projektu CHIEF odr\u017eao je predavanje pod naslovom <em>Kulturna participacija mladih i naslje\u0111e \u201eu nastajanju\u201c: (Sub)kulturne prakse u \u010detiri studije slu\u010daja u Engleskoj, Njema\u010dkoj i Hrvatskoj<\/em>.<\/p>\n<div class=\"wp-block-image\"><a href=\"https:\/\/www.vegaintro-projekti.com\/pilar-stari\/wp-content\/uploads\/2024\/04\/IMG_3-2.jpg\"><img decoding=\"async\" loading=\"lazy\" class=\"alignnone wp-image-29450 size-full\" src=\"https:\/\/www.vegaintro-projekti.com\/pilar-stari\/wp-content\/uploads\/2024\/04\/IMG_3s-2.jpg\" alt=\"i3\" width=\"620\" height=\"328\" srcset=\"https:\/\/www.vegaintro-projekti.com\/pilar-stari\/wp-content\/uploads\/2024\/04\/IMG_3s-2.jpg 620w, https:\/\/www.vegaintro-projekti.com\/pilar-stari\/wp-content\/uploads\/2024\/04\/IMG_3s-2-300x159.jpg 300w, https:\/\/www.vegaintro-projekti.com\/pilar-stari\/wp-content\/uploads\/2024\/04\/IMG_3s-2-310x165.jpg 310w\" sizes=\"(max-width: 620px) 100vw, 620px\" \/><\/a><\/div>\n<div>\n<div class=\"wp-block-image\"><a href=\"https:\/\/www.vegaintro-projekti.com\/pilar-stari\/wp-content\/uploads\/2024\/04\/IMG_2-3.jpg\"><img decoding=\"async\" loading=\"lazy\" class=\"alignnone wp-image-29448 size-full\" src=\"https:\/\/www.vegaintro-projekti.com\/pilar-stari\/wp-content\/uploads\/2024\/04\/IMG_2s-3.jpg\" alt=\"i4\" width=\"620\" height=\"338\" srcset=\"https:\/\/www.vegaintro-projekti.com\/pilar-stari\/wp-content\/uploads\/2024\/04\/IMG_2s-3.jpg 620w, https:\/\/www.vegaintro-projekti.com\/pilar-stari\/wp-content\/uploads\/2024\/04\/IMG_2s-3-300x164.jpg 300w\" sizes=\"(max-width: 620px) 100vw, 620px\" \/><\/a><\/div>\n<\/div>\n<p>&nbsp;<\/p>\n<p><strong>O Sporazumu<\/strong><\/p>\n<p>Sporazumom o suradnji Instituta Pilar i Gradskog muzeja Kor\u010dula dvije strane podupiru postoje\u0107e projekte, kao \u0161to je \u010detverogodi\u0161nji znanstveni projekt TYPeS, koji u fokusu ima oblike participacije mladih u Zagrebu i na otocima, a podupiru i osmi\u0161ljavanje novih znanstvenih i stru\u010dnih projekata i programa te razvijanje me\u0111usobnih odnosa. Izra\u017eavaju spremnost za razvoj me\u0111usobne suradnje i provedbu zajedni\u010dkih aktivnosti, posebice u podru\u010dju znanstvenoistra\u017eiva\u010dke djelatnosti te provedbe znanstvenoistra\u017eiva\u010dkih projekata, akademske razmjene, suorganizacije kulturnih doga\u0111aja i nakladni\u0161tva u okviru njihovih zajedni\u010dkih interesa.<\/p>\n<div class=\"wp-block-image\"><a href=\"https:\/\/www.vegaintro-projekti.com\/pilar-stari\/wp-content\/uploads\/2024\/04\/IMG_5.jpg\"><img decoding=\"async\" loading=\"lazy\" class=\"alignnone wp-image-29454 size-full\" src=\"https:\/\/www.vegaintro-projekti.com\/pilar-stari\/wp-content\/uploads\/2024\/04\/IMG_5s.jpg\" alt=\"i5\" width=\"620\" height=\"325\" srcset=\"https:\/\/www.vegaintro-projekti.com\/pilar-stari\/wp-content\/uploads\/2024\/04\/IMG_5s.jpg 620w, https:\/\/www.vegaintro-projekti.com\/pilar-stari\/wp-content\/uploads\/2024\/04\/IMG_5s-300x157.jpg 300w\" sizes=\"(max-width: 620px) 100vw, 620px\" \/><\/a><\/div>\n<div>\n<div class=\"wp-block-image\"><a href=\"https:\/\/www.vegaintro-projekti.com\/pilar-stari\/wp-content\/uploads\/2024\/04\/IMG_4-1.jpg\"><img decoding=\"async\" loading=\"lazy\" class=\"alignnone wp-image-29452 size-full\" src=\"https:\/\/www.vegaintro-projekti.com\/pilar-stari\/wp-content\/uploads\/2024\/04\/IMG_4s-1.jpg\" alt=\"i6\" width=\"619\" height=\"326\" srcset=\"https:\/\/www.vegaintro-projekti.com\/pilar-stari\/wp-content\/uploads\/2024\/04\/IMG_4s-1.jpg 619w, https:\/\/www.vegaintro-projekti.com\/pilar-stari\/wp-content\/uploads\/2024\/04\/IMG_4s-1-300x158.jpg 300w\" sizes=\"(max-width: 619px) 100vw, 619px\" \/><\/a><\/div>\n<\/div>\n<p>&nbsp;<\/p>\n<p><strong>Interpretacijski centar Marko Polo<\/strong><\/p>\n<p>Institut Pilar zapo\u010deo je projektnu suradnju s Interpretacijskim centrom Marko Polo i njegovim voditeljem Vickom Mareli\u0107em jo\u0161 u sije\u010dnju 2024. Naime, \u010detverogodi\u0161nji projekt TYPeS: Types of Youth Participation in Croatian Society (<a href=\"https:\/\/www.vegaintro-projekti.com\/pilar-stari\/2024\/01\/projekt-types-of-youth-participation-in-croatian-society-types\/\">https:\/\/www.vegaintro-projekti.com\/pilar-stari\/2024\/01\/projekt-types-of-youth-participation-in-croatian-society-types\/<\/a>), koji vodi dr. sc. Marko Mustapi\u0107, obuhva\u0107a i populaciju mladih na hrvatskim otocima i terenska istra\u017eivanja koja \u0107e se provoditi i na Kor\u010duli. Partner projekta odabran je, uz simboli\u010dku i kulturnu va\u017enost lika i djela Marka Pola, i zbog svog predanog rada na projektima kulturalne pismenosti i dijaloga s djecom i mladima u Kor\u010duli (Dan Mediterana, Putevima Marka Pola sa \u0161kolama, Trka zmajevih \u010damaca itd.).<\/p>\n<blockquote><p><a href=\"https:\/\/www.vegaintro-projekti.com\/pilar-stari\/2024\/01\/projekt-types-of-youth-participation-in-croatian-society-types\/\">Projekt TYPeS<\/a><\/p><\/blockquote>\n","protected":false},"excerpt":{"rendered":"<p>Institut dru\u0161tvenih znanosti Ivo Pilar i Gradski muzej Kor\u010dula sklopili su u gradu Kor\u010duli 8. travnja 2024. sporazum o suradnji. Sporazum su potpisali ravnatelj Instituta Pilar prof. dr. sc. \u017deljko Holjevac i ravnateljica Gradskog muzeja Kor\u010dula dr. sc. Marija Hajdi\u0107 &nbsp; Na Radiju Kor\u010dula Idu\u0107eg dana, 9. travnja, nakon predstavljanja aktivnosti i postava Gradskog muzeja&hellip; <a class=\"continue\" href=\"https:\/\/www.vegaintro-projekti.com\/pilar-stari\/2024\/04\/sporazum-o-suradnji-instituta-pilar-s-gradskim-muzejom-korcula-korcula-8-9-4-2024\/\">Pro\u010ditaj vi\u0161e o<span> Sporazum o suradnji Instituta Pilar s Gradskim muzejom Kor\u010dula; Kor\u010dula, 8.-9. 4. 2024.<\/span><\/a><\/p>\n","protected":false},"author":7,"featured_media":29445,"comment_status":"closed","ping_status":"closed","sticky":false,"template":"","format":"standard","meta":{"inline_featured_image":false,"ngg_post_thumbnail":0,"footnotes":""},"categories":[48,9],"tags":[],"yoast_head":"<!-- This site is optimized with the Yoast SEO plugin v21.2 - https:\/\/yoast.com\/wordpress\/plugins\/seo\/ -->\n<title>Sporazum o suradnji Instituta Pilar s Gradskim muzejom Kor\u010dula; Kor\u010dula, 8.-9. 4. 2024. - Institut dru&scaron;tvenih znanosti Ivo Pilar<\/title>\n<meta name=\"robots\" content=\"noindex, follow, max-snippet:-1, max-image-preview:large, max-video-preview:-1\" \/>\n<meta property=\"og:locale\" content=\"hr_HR\" \/>\n<meta property=\"og:type\" content=\"article\" \/>\n<meta property=\"og:title\" content=\"Sporazum o suradnji Instituta Pilar s Gradskim muzejom Kor\u010dula; Kor\u010dula, 8.-9. 4. 2024. - Institut dru&scaron;tvenih znanosti Ivo Pilar\" \/>\n<meta property=\"og:description\" content=\"Institut dru\u0161tvenih znanosti Ivo Pilar i Gradski muzej Kor\u010dula sklopili su u gradu Kor\u010duli 8. travnja 2024. sporazum o suradnji. Sporazum su potpisali ravnatelj Instituta Pilar prof. dr. sc. \u017deljko Holjevac i ravnateljica Gradskog muzeja Kor\u010dula dr. sc. Marija Hajdi\u0107 &nbsp; Na Radiju Kor\u010dula Idu\u0107eg dana, 9. travnja, nakon predstavljanja aktivnosti i postava Gradskog muzeja&hellip; Pro\u010ditaj vi\u0161e o Sporazum o suradnji Instituta Pilar s Gradskim muzejom Kor\u010dula; Kor\u010dula, 8.-9. 4. 2024.\" \/>\n<meta property=\"og:url\" content=\"https:\/\/www.vegaintro-projekti.com\/pilar-stari\/2024\/04\/sporazum-o-suradnji-instituta-pilar-s-gradskim-muzejom-korcula-korcula-8-9-4-2024\/\" \/>\n<meta property=\"og:site_name\" content=\"Institut dru&scaron;tvenih znanosti Ivo Pilar\" \/>\n<meta property=\"article:published_time\" content=\"2024-04-16T21:27:58+00:00\" \/>\n<meta property=\"article:modified_time\" content=\"2024-04-16T21:51:08+00:00\" \/>\n<meta property=\"og:image\" content=\"https:\/\/www.vegaintro-projekti.com\/pilar-stari\/wp-content\/uploads\/2024\/04\/IMG_1fi.jpg\" \/>\n\t<meta property=\"og:image:width\" content=\"499\" \/>\n\t<meta property=\"og:image:height\" content=\"223\" \/>\n\t<meta property=\"og:image:type\" content=\"image\/jpeg\" \/>\n<meta name=\"author\" content=\"Boris\" \/>\n<meta name=\"twitter:card\" content=\"summary_large_image\" \/>\n<meta name=\"twitter:label1\" content=\"Napisao\/la\" \/>\n\t<meta name=\"twitter:data1\" content=\"Boris\" \/>\n\t<meta name=\"twitter:label2\" content=\"Procijenjeno vrijeme \u010ditanja\" \/>\n\t<meta name=\"twitter:data2\" content=\"4 minute\" \/>\n<script type=\"application\/ld+json\" class=\"yoast-schema-graph\">{\"@context\":\"https:\/\/schema.org\",\"@graph\":[{\"@type\":\"WebPage\",\"@id\":\"https:\/\/www.vegaintro-projekti.com\/pilar-stari\/2024\/04\/sporazum-o-suradnji-instituta-pilar-s-gradskim-muzejom-korcula-korcula-8-9-4-2024\/\",\"url\":\"https:\/\/www.vegaintro-projekti.com\/pilar-stari\/2024\/04\/sporazum-o-suradnji-instituta-pilar-s-gradskim-muzejom-korcula-korcula-8-9-4-2024\/\",\"name\":\"Sporazum o suradnji Instituta Pilar s Gradskim muzejom Kor\u010dula; Kor\u010dula, 8.-9. 4. 2024. - Institut dru&scaron;tvenih znanosti Ivo Pilar\",\"isPartOf\":{\"@id\":\"https:\/\/www.vegaintro-projekti.com\/pilar-stari\/#website\"},\"datePublished\":\"2024-04-16T21:27:58+00:00\",\"dateModified\":\"2024-04-16T21:51:08+00:00\",\"author\":{\"@id\":\"https:\/\/www.vegaintro-projekti.com\/pilar-stari\/#\/schema\/person\/ddd404c9f1e15e4ffef5986ac6a5d28b\"},\"breadcrumb\":{\"@id\":\"https:\/\/www.vegaintro-projekti.com\/pilar-stari\/2024\/04\/sporazum-o-suradnji-instituta-pilar-s-gradskim-muzejom-korcula-korcula-8-9-4-2024\/#breadcrumb\"},\"inLanguage\":\"hr\",\"potentialAction\":[{\"@type\":\"ReadAction\",\"target\":[\"https:\/\/www.vegaintro-projekti.com\/pilar-stari\/2024\/04\/sporazum-o-suradnji-instituta-pilar-s-gradskim-muzejom-korcula-korcula-8-9-4-2024\/\"]}]},{\"@type\":\"BreadcrumbList\",\"@id\":\"https:\/\/www.vegaintro-projekti.com\/pilar-stari\/2024\/04\/sporazum-o-suradnji-instituta-pilar-s-gradskim-muzejom-korcula-korcula-8-9-4-2024\/#breadcrumb\",\"itemListElement\":[{\"@type\":\"ListItem\",\"position\":1,\"name\":\"Home\",\"item\":\"https:\/\/www.vegaintro-projekti.com\/pilar-stari\/\"},{\"@type\":\"ListItem\",\"position\":2,\"name\":\"Sporazum o suradnji Instituta Pilar s Gradskim muzejom Kor\u010dula; Kor\u010dula, 8.-9. 4. 2024.\"}]},{\"@type\":\"WebSite\",\"@id\":\"https:\/\/www.vegaintro-projekti.com\/pilar-stari\/#website\",\"url\":\"https:\/\/www.vegaintro-projekti.com\/pilar-stari\/\",\"name\":\"Institut dru&scaron;tvenih znanosti Ivo Pilar\",\"description\":\"Pilar\",\"potentialAction\":[{\"@type\":\"SearchAction\",\"target\":{\"@type\":\"EntryPoint\",\"urlTemplate\":\"https:\/\/www.vegaintro-projekti.com\/pilar-stari\/?s={search_term_string}\"},\"query-input\":\"required name=search_term_string\"}],\"inLanguage\":\"hr\"},{\"@type\":\"Person\",\"@id\":\"https:\/\/www.vegaintro-projekti.com\/pilar-stari\/#\/schema\/person\/ddd404c9f1e15e4ffef5986ac6a5d28b\",\"name\":\"Boris\",\"image\":{\"@type\":\"ImageObject\",\"inLanguage\":\"hr\",\"@id\":\"https:\/\/www.vegaintro-projekti.com\/pilar-stari\/#\/schema\/person\/image\/\",\"url\":\"https:\/\/secure.gravatar.com\/avatar\/29557b161a6ce6ab86ac1503164f1e90?s=96&d=mm&r=g\",\"contentUrl\":\"https:\/\/secure.gravatar.com\/avatar\/29557b161a6ce6ab86ac1503164f1e90?s=96&d=mm&r=g\",\"caption\":\"Boris\"},\"url\":\"https:\/\/www.vegaintro-projekti.com\/pilar-stari\/author\/boris\/\"}]}<\/script>\n<!-- \/ Yoast SEO plugin. -->","yoast_head_json":{"title":"Sporazum o suradnji Instituta Pilar s Gradskim muzejom Kor\u010dula; Kor\u010dula, 8.-9. 4. 2024. - Institut dru&scaron;tvenih znanosti Ivo Pilar","robots":{"index":"noindex","follow":"follow","max-snippet":"max-snippet:-1","max-image-preview":"max-image-preview:large","max-video-preview":"max-video-preview:-1"},"og_locale":"hr_HR","og_type":"article","og_title":"Sporazum o suradnji Instituta Pilar s Gradskim muzejom Kor\u010dula; Kor\u010dula, 8.-9. 4. 2024. - Institut dru&scaron;tvenih znanosti Ivo Pilar","og_description":"Institut dru\u0161tvenih znanosti Ivo Pilar i Gradski muzej Kor\u010dula sklopili su u gradu Kor\u010duli 8. travnja 2024. sporazum o suradnji. Sporazum su potpisali ravnatelj Instituta Pilar prof. dr. sc. \u017deljko Holjevac i ravnateljica Gradskog muzeja Kor\u010dula dr. sc. Marija Hajdi\u0107 &nbsp; Na Radiju Kor\u010dula Idu\u0107eg dana, 9. travnja, nakon predstavljanja aktivnosti i postava Gradskog muzeja&hellip; Pro\u010ditaj vi\u0161e o Sporazum o suradnji Instituta Pilar s Gradskim muzejom Kor\u010dula; Kor\u010dula, 8.-9. 4. 2024.","og_url":"https:\/\/www.vegaintro-projekti.com\/pilar-stari\/2024\/04\/sporazum-o-suradnji-instituta-pilar-s-gradskim-muzejom-korcula-korcula-8-9-4-2024\/","og_site_name":"Institut dru&scaron;tvenih znanosti Ivo Pilar","article_published_time":"2024-04-16T21:27:58+00:00","article_modified_time":"2024-04-16T21:51:08+00:00","og_image":[{"width":499,"height":223,"url":"https:\/\/www.vegaintro-projekti.com\/pilar-stari\/wp-content\/uploads\/2024\/04\/IMG_1fi.jpg","type":"image\/jpeg"}],"author":"Boris","twitter_card":"summary_large_image","twitter_misc":{"Napisao\/la":"Boris","Procijenjeno vrijeme \u010ditanja":"4 minute"},"schema":{"@context":"https:\/\/schema.org","@graph":[{"@type":"WebPage","@id":"https:\/\/www.vegaintro-projekti.com\/pilar-stari\/2024\/04\/sporazum-o-suradnji-instituta-pilar-s-gradskim-muzejom-korcula-korcula-8-9-4-2024\/","url":"https:\/\/www.vegaintro-projekti.com\/pilar-stari\/2024\/04\/sporazum-o-suradnji-instituta-pilar-s-gradskim-muzejom-korcula-korcula-8-9-4-2024\/","name":"Sporazum o suradnji Instituta Pilar s Gradskim muzejom Kor\u010dula; Kor\u010dula, 8.-9. 4. 2024. - Institut dru&scaron;tvenih znanosti Ivo Pilar","isPartOf":{"@id":"https:\/\/www.vegaintro-projekti.com\/pilar-stari\/#website"},"datePublished":"2024-04-16T21:27:58+00:00","dateModified":"2024-04-16T21:51:08+00:00","author":{"@id":"https:\/\/www.vegaintro-projekti.com\/pilar-stari\/#\/schema\/person\/ddd404c9f1e15e4ffef5986ac6a5d28b"},"breadcrumb":{"@id":"https:\/\/www.vegaintro-projekti.com\/pilar-stari\/2024\/04\/sporazum-o-suradnji-instituta-pilar-s-gradskim-muzejom-korcula-korcula-8-9-4-2024\/#breadcrumb"},"inLanguage":"hr","potentialAction":[{"@type":"ReadAction","target":["https:\/\/www.vegaintro-projekti.com\/pilar-stari\/2024\/04\/sporazum-o-suradnji-instituta-pilar-s-gradskim-muzejom-korcula-korcula-8-9-4-2024\/"]}]},{"@type":"BreadcrumbList","@id":"https:\/\/www.vegaintro-projekti.com\/pilar-stari\/2024\/04\/sporazum-o-suradnji-instituta-pilar-s-gradskim-muzejom-korcula-korcula-8-9-4-2024\/#breadcrumb","itemListElement":[{"@type":"ListItem","position":1,"name":"Home","item":"https:\/\/www.vegaintro-projekti.com\/pilar-stari\/"},{"@type":"ListItem","position":2,"name":"Sporazum o suradnji Instituta Pilar s Gradskim muzejom Kor\u010dula; Kor\u010dula, 8.-9. 4. 2024."}]},{"@type":"WebSite","@id":"https:\/\/www.vegaintro-projekti.com\/pilar-stari\/#website","url":"https:\/\/www.vegaintro-projekti.com\/pilar-stari\/","name":"Institut dru&scaron;tvenih znanosti Ivo Pilar","description":"Pilar","potentialAction":[{"@type":"SearchAction","target":{"@type":"EntryPoint","urlTemplate":"https:\/\/www.vegaintro-projekti.com\/pilar-stari\/?s={search_term_string}"},"query-input":"required name=search_term_string"}],"inLanguage":"hr"},{"@type":"Person","@id":"https:\/\/www.vegaintro-projekti.com\/pilar-stari\/#\/schema\/person\/ddd404c9f1e15e4ffef5986ac6a5d28b","name":"Boris","image":{"@type":"ImageObject","inLanguage":"hr","@id":"https:\/\/www.vegaintro-projekti.com\/pilar-stari\/#\/schema\/person\/image\/","url":"https:\/\/secure.gravatar.com\/avatar\/29557b161a6ce6ab86ac1503164f1e90?s=96&d=mm&r=g","contentUrl":"https:\/\/secure.gravatar.com\/avatar\/29557b161a6ce6ab86ac1503164f1e90?s=96&d=mm&r=g","caption":"Boris"},"url":"https:\/\/www.vegaintro-projekti.com\/pilar-stari\/author\/boris\/"}]}},"_links":{"self":[{"href":"https:\/\/www.vegaintro-projekti.com\/pilar-stari\/wp-json\/wp\/v2\/posts\/29457"}],"collection":[{"href":"https:\/\/www.vegaintro-projekti.com\/pilar-stari\/wp-json\/wp\/v2\/posts"}],"about":[{"href":"https:\/\/www.vegaintro-projekti.com\/pilar-stari\/wp-json\/wp\/v2\/types\/post"}],"author":[{"embeddable":true,"href":"https:\/\/www.vegaintro-projekti.com\/pilar-stari\/wp-json\/wp\/v2\/users\/7"}],"replies":[{"embeddable":true,"href":"https:\/\/www.vegaintro-projekti.com\/pilar-stari\/wp-json\/wp\/v2\/comments?post=29457"}],"version-history":[{"count":7,"href":"https:\/\/www.vegaintro-projekti.com\/pilar-stari\/wp-json\/wp\/v2\/posts\/29457\/revisions"}],"predecessor-version":[{"id":29465,"href":"https:\/\/www.vegaintro-projekti.com\/pilar-stari\/wp-json\/wp\/v2\/posts\/29457\/revisions\/29465"}],"wp:featuredmedia":[{"embeddable":true,"href":"https:\/\/www.vegaintro-projekti.com\/pilar-stari\/wp-json\/wp\/v2\/media\/29445"}],"wp:attachment":[{"href":"https:\/\/www.vegaintro-projekti.com\/pilar-stari\/wp-json\/wp\/v2\/media?parent=29457"}],"wp:term":[{"taxonomy":"category","embeddable":true,"href":"https:\/\/www.vegaintro-projekti.com\/pilar-stari\/wp-json\/wp\/v2\/categories?post=29457"},{"taxonomy":"post_tag","embeddable":true,"href":"https:\/\/www.vegaintro-projekti.com\/pilar-stari\/wp-json\/wp\/v2\/tags?post=29457"}],"curies":[{"name":"wp","href":"https:\/\/api.w.org\/{rel}","templated":true}]}}