{"id":295,"date":"2010-07-06T11:39:23","date_gmt":"2010-07-06T11:39:23","guid":{"rendered":"https:\/\/www.vegaintro-projekti.com\/pilar-stari\/2010\/07\/06\/podruni-centar-gospi-2\/"},"modified":"2025-10-24T09:39:48","modified_gmt":"2025-10-24T09:39:48","slug":"podruni-centar-gospi-2","status":"publish","type":"post","link":"https:\/\/www.vegaintro-projekti.com\/pilar-stari\/2010\/07\/podruni-centar-gospi-2\/","title":{"rendered":"Podru\u010dni centar Gospi\u0107"},"content":{"rendered":"<p><a href=\"#naziv\"><br \/>\nNaziv<\/a> \u25cf <a href=\"#sjediste\">Sjedi\u0161te<\/a> \u25cf <a href=\"#voditelj\">Voditelj<\/a> \u25cf <a href=\"#osnutak\">Osnutak<\/a> \u25cf <a href=\"#povijest\">Povijest<\/a> \u25cf <a href=\"#djelatnici\">Djelatnici<\/a> \u25cf <a href=\"#djelatnost\">Djelatnost<\/a> \u25cf <a href=\"#projekti\">Projekti<\/a> \u25cf <a href=\"#publikacije\">Publikacije<\/a> \u25cf <a href=\"#skupovi\">Skupovi<\/a> \u25cf <a href=\"#mediji\">Novosti<\/a><\/p>\n<p><a name=\"naziv\"><\/a>&nbsp;<br \/>\n<span style=\"font-size: 12pt;\">Naziv<\/span><\/p>\n<p><strong>Institut dru\u0161tvenih znanosti Ivo Pilar \u2013 Podru\u010dni centar Gospi\u0107<\/strong><\/p>\n<p>&nbsp;<\/p>\n<p><img decoding=\"async\" loading=\"lazy\" class=\"alignnone\" src=\"https:\/\/www.vegaintro-projekti.com\/pilar-stari\/wp-content\/images\/stories\/fotografije\/razno\/pc_gospic.jpg\" alt=\"pc_gospic\" width=\"636\" height=\"353\"><\/p>\n<p><span style=\"font-size: 10pt;\"><strong>Zgrada u kojoj je smje\u0161ten Podru\u010dni centar u Gospi\u0107u<\/strong><\/span><\/p>\n<p><a name=\"sjediste\"><\/a>&nbsp;<br \/>\n<span style=\"font-size: 12pt;\">Sjedi\u0161te<\/span><\/p>\n<p>Trg Stjepana Radi\u0107a 14<br \/>\n53000 Gospi\u0107<br \/>\nTel: + 385 53 741 140<br \/>\nE-mail: <a href=\"mailto:ivan.brlic@vegaintro-projekti.com\/pilar-stari\">ivan.brlic@vegaintro-projekti.com\/pilar-stari<\/a><\/p>\n<p><a name=\"voditelj\"><\/a>&nbsp;<br \/>\n<span style=\"font-size: 12pt;\">Voditelj<\/span><\/p>\n<p>Dr. sc. Ivan Brli\u0107<\/p>\n<p><a name=\"osnutak\"><\/a>&nbsp;<br \/>\n<span style=\"font-size: 12pt;\">Osnutak<\/span><\/p>\n<p><strong>2007.<\/strong><\/p>\n<p><a name=\"povijest\"><\/a>&nbsp;<br \/>\n<span style=\"font-size: 12pt;\">Povijest<\/span><\/p>\n<p>Podru\u010dni centar u Gospi\u0107u otvoren je 26. rujna 2007. godine, odlukom Upravnoga vije\u0107a Instituta, uz prethodnu suglasnost Ministarstva znanosti, obrazovanja i \u0161porta Republike Hrvatske.&nbsp;Centar je sve\u010dano otvoren tijekom odr\u017eavanja znanstvenog skupa &#8220;Identitet Like: korijeni i razvitak&#8221; koji je odr\u017ean u Gospi\u0107u 26.-29. rujna 2007. odlukom Upravnoga vije\u0107a Instituta od 21. rujna 2007. voditeljem Podru\u010dnog centra imenovan je prof. dr. sc. \u017deljko Holjevac, vanjski suradnik Instituta.<\/p>\n<p><a name=\"djelatnici\"><\/a>&nbsp;<br \/>\n<span style=\"font-size: 12pt;\">Djelatnici<\/span><\/p>\n<p>1. <a href=\"https:\/\/www.vegaintro-projekti.com\/pilar-stari\/biografije\/user-bio\/?my_user_id=373\">Ema Ba\u0161i\u0107, asistentica<\/a><br \/>\n2. <a href=\"https:\/\/www.vegaintro-projekti.com\/pilar-stari\/biografije\/user-bio\/?my_user_id=337\">dr. sc. Ivan Brli\u0107, vi\u0161i znanstveni suradnik<\/a><br \/>\n3. <a href=\"https:\/\/www.vegaintro-projekti.com\/pilar-stari\/biografije\/user-bio\/?my_user_id=16\">dr. sc. Anita Bu\u0161ljeta Tonkovi\u0107, vi\u0161a znanstvena suradnica<\/a><br \/>\n4. <a href=\"https:\/\/www.vegaintro-projekti.com\/pilar-stari\/biografije\/user-bio\/?my_user_id=389\">dr. sc. Adrian Kne\u017eevi\u0107, asistent<\/a><\/p>\n<p><a name=\"djelatnost\"><\/a>&nbsp;<br \/>\n<span style=\"font-size: 12pt;\">Djelatnost<\/span><\/p>\n<p>Djelatnost Podru\u010dnog centra Gospi\u0107: a) znanstveno-istra\u017eiva\u010dki rad, b) nakladni\u010dka djelatnost, c) znanstveno-popularizacijska djelatnost, d) tr\u017ei\u0161ni projekti, e) nastavna djelatnost.<\/p>\n<p><a name=\"projekti\"><\/a>&nbsp;<br \/>\n<span style=\"font-size: 12pt;\">Projekti<\/span><\/p>\n<p>&#8211;&nbsp;<strong>Dru\u0161tvena (re)konstrukcija na ruralnom teritoriju,<\/strong><br \/>\n&#8211;&nbsp;<strong>Manjine u Hrvatskoj i Hrvati u okolnim zemljama: povijesni identiteti<\/strong>,<br \/>\n<strong>&#8211; iPRESENT &#8211; Installation Project for REsearch about Social ENTrepreneurship<\/strong><\/p>\n<p><a name=\"publikacije\"><\/a>&nbsp;<br \/>\n<span style=\"font-size: 12pt;\">Publikacije<\/span><\/p>\n<p><strong>&#8211; Zbornik radova KOGA (P)ODR\u017dAVA ODR\u017dIVI RAZVOJ?, ur. Anita Bu\u0161ljeta Tonkovi\u0107, \u017deljko Holjevac, Ivan Brli\u0107 i Nikola \u0160imuni\u0107, Zagreb, 2017.<br \/>\n&#8211; Zbornik radova IDENTITET LIKE: KORIJENI I RAZVITAK, sv. I-II, ur. \u017deljko Holjevac, Zagreb \u2013 Gospi\u0107, 2009.<br \/>\n&#8211; Zbornik radova GACKA U SREDNJEM VIJEKU, ur. Hrvoje Gra\u010danin i \u017deljko Holjevac, Zagreb \u2013 Oto\u010dac, 2012.<br \/>\n&#8211; Monografija GOSPI\u0106. GRAD, LJUDI, IDENTITET<em>,<\/em>&nbsp;ur. \u017deljko Holjevac, Zagreb \u2013 Gospi\u0107, 2013.<br \/>\n&#8211; Bu\u0161ljeta Tonkovi\u0107, A., ODR\u017dIVI RAZVOJ SREDI\u0160NJE LIKE. PRINOSI ANALIZI LJUDSKOG I SOCIJALNOG KAPITALA,&nbsp; Institut dru\u0161tvenih znanosti Ivo Pilar i Dr\u017eavni arhiv u Gospi\u0107u, Zagreb \u2013 Gospi\u0107, 2015.<br \/>\n&#8211; Brli\u0107, I., LI\u010cKA I SENJSKA GRA\u0110ANSKA DRU\u0160TVA 1835. \u2013 1945., Zagreb,&nbsp; 2017.<\/strong><\/p>\n<p>&nbsp;<\/p>\n<table border=\"0\">\n<tbody>\n<tr>\n<td><img decoding=\"async\" loading=\"lazy\" src=\"https:\/\/www.vegaintro-projekti.com\/pilar-stari\/wp-content\/images\/stories\/fotografije\/lika\/naslovnica-1.jpg\" alt=\"naslovnica-1\" width=\"223\" height=\"314\"><\/td>\n<td><img decoding=\"async\" loading=\"lazy\" src=\"https:\/\/www.vegaintro-projekti.com\/pilar-stari\/wp-content\/images\/stories\/fotografije\/lika\/naslovnica-2.jpg\" alt=\"naslovnica-2\" width=\"223\" height=\"314\"><\/td>\n<td valign=\"bottom\"><a href=\"https:\/\/www.vegaintro-projekti.com\/pilar-stari\/2008\/11\/zbornici-i-studije-pregled-sadraja\/#37\"><span style=\"font-size: 8pt;\"><strong>IDENTITET LIKE: KORIJENI I RAZVITAK<\/strong><\/span><\/a><br \/>\n<span style=\"font-size: 8pt;\"><strong>Urednik: dr. sc. \u017deljko Holjevac<br \/>\nInstitut dru\u0161tvenih znanosti Ivo Pilar &#8211; Podru\u010dni centar Gospi\u0107<br \/>\nZagreb &#8211; Gospi\u0107 2009.<br \/>\nKnj. I. &#8211; 753 str.; Knj. II. &#8211; 661 str.<br \/>\nISBN 978-953-6666-61-4 (cjelina)<\/strong><\/span><\/td>\n<\/tr>\n<\/tbody>\n<\/table>\n<p><a name=\"skupovi\"><\/a>&nbsp;<br \/>\n<span style=\"font-size: 12pt;\">Skupovi<\/span><\/p>\n<p>&#8211; <strong>Identitet Like: korijeni i razvitak<\/strong>, Gospi\u0107, 26.-29. rujna 2007.<br \/>\n&#8211; <strong>Lika u Drugom svjetskom ratu i pora\u0107u<\/strong>, Gospi\u0107, 11.-12. rujna 2008.<br \/>\n&#8211; <strong>\u0160ime Star\u010devi\u0107: suvremeni pogled na njegov \u017eivot i djelo<\/strong>, Gospi\u0107, 22.-23. svibnja 2009.<br \/>\n&#8211; <strong>Gacka i Oto\u010dac u srednjem vijeku<\/strong>, Oto\u010dac, 5.-6. o\u017eujka 2010.<br \/>\n<strong>&#8211; Annales Pilar 2016.: Koga (p)odr\u017eava odr\u017eivi razvoj?<\/strong>, Gospi\u0107, 27. svibnja 2016.<\/p>\n<p><a name=\"mediji\"><\/a>&nbsp;<br \/>\n<span style=\"font-size: 12pt;\">Novosti<\/span><\/p>\n<p>&#8211; <a href=\"https:\/\/www.vegaintro-projekti.com\/pilar-stari\/2025\/10\/dr-sc-zeljko-holjevac-i-dr-sc-ivan-brlic-na-znanstvenom-skupu-tri-stoljeca-srednjeg-skolstva-u-senju-1725-2025-senj-17-10-2025\/\">Dr. sc. \u017deljko Holjevac i dr. sc. Ivan Brli\u0107 na znanstvenom skupu Tri stolje\u0107a srednjeg \u0161kolstva u Senju 1725.-2025; Senj, 17. 10. 2025.<\/a><br \/>\n&#8211; <a href=\"https:\/\/www.vegaintro-projekti.com\/pilar-stari\/2025\/07\/dr-sc-ivan-brlic-predstavio-djelovanje-instituta-pilar-na-hrvatsko-bavarskim-danima-visokog-obrazovanja-regensburg-5-6-6-2025\/\">Dr. sc. Ivan Brli\u0107 predstavio djelovanje Instituta Pilar na Hrvatsko-bavarskim danima visokog obrazovanja; Regensburg, 5.-6. 6. 2025.<\/a><br \/>\n&#8211; <a href=\"https:\/\/www.vegaintro-projekti.com\/pilar-stari\/2025\/04\/projekt-ruralika-najava-zavrsne-konferencije-left-behind-rural-regions-stronger-but-how\/\">Projekt RURALIKA: Najava zavr\u0161ne konferencije \u201eLeft-behind Rural Regions \u2013 Stronger, but How?\u201c<\/a><br \/>\n&#8211; <a href=\"https:\/\/www.vegaintro-projekti.com\/pilar-stari\/2025\/02\/projekt-ruralika-pregled-aktivnosti-u-cetvrtoj-godini-provedbe-projekta-2024\/\">Projekt RURALIKA: Pregled aktivnosti u \u010detvrtoj godini provedbe projekta, 2024.<\/a><br \/>\n&#8211; <a href=\"https:\/\/www.vegaintro-projekti.com\/pilar-stari\/2024\/06\/predstavljane-rada-podrucnog-centra-gospic-instituta-pilar-u-varazdinu-21-6-2024\/\">Predstavljanje rada Podru\u010dnog centra Gospi\u0107 Instituta Pilar u Vara\u017edinu, 21. 6. 2024.<\/a><br \/>\n&#8211; <a href=\"https:\/\/www.vegaintro-projekti.com\/pilar-stari\/2024\/06\/sporazum-o-suradnji-instituta-pilar-i-gackog-puckog-otvorenog-ucilista-otocac-10-6-2024\/\">Sporazum o suradnji Instituta Pilar i Gackog pu\u010dkog otvorenog u\u010dili\u0161ta Oto\u010dac, 10. 6. 2024.<\/a><br \/>\n&#8211; <a href=\"https:\/\/www.vegaintro-projekti.com\/pilar-stari\/2024\/04\/odrzan-prvi-sastanak-projekta-border-area-development-pogranicni-razvoj-na-prostoru-izmedu-une-i-jadrana-10-4-2024\/\">Odr\u017ean prvi sastanak projekta Border Area Development: Pograni\u010dni razvoj na prostoru izme\u0111u Une i Jadrana, 10. 4. 2024.<\/a><br \/>\n&#8211; <a href=\"https:\/\/www.vegaintro-projekti.com\/pilar-stari\/2024\/04\/projekt-bad-pogranicni-razvoj-na-prostoru-izmedu-une-i-jadrana-od-habsburske-vojne-krajine-do-schengenskoga-ruba-eu-a\/\">Projekt BAD: Pograni\u010dni razvoj na prostoru izme\u0111u Une i Jadrana: od habsbur\u0161ke Vojne krajine do schengenskoga ruba EU-a<\/a><br \/>\n&#8211; <a href=\"https:\/\/www.vegaintro-projekti.com\/pilar-stari\/2024\/03\/ruralika-presjek-provedbe-aktivnosti-u-trecoj-godini-projekta-2023\/\">RURALIKA &#8211; Presjek provedbe aktivnosti u tre\u0107oj godini projekta, 2023.<\/a><br \/>\n&#8211; <a href=\"https:\/\/www.vegaintro-projekti.com\/pilar-stari\/2023\/06\/sporazum-o-suradnji-instituta-pilar-i-likovne-udruge-lika-12-6-2023\/\">Sporazum o suradnji Instituta Pilar i Likovne udruge Lika, 12. 6. 2023.<\/a><br \/>\n&#8211; <a href=\"https:\/\/www.vegaintro-projekti.com\/pilar-stari\/2023\/06\/predstavljanje-knjige-velebitski-ustanak-zbornik-radova-zagreb-12-6-2023\/\">Predstavljanje knjige VELEBITSKI USTANAK &#8211; Zbornik radova; Zagreb, 12. 6. 2023.<\/a><br \/>\n&#8211; <a href=\"https:\/\/www.vegaintro-projekti.com\/pilar-stari\/2023\/04\/predstavljanje-knjige-velebitski-ustanak-zbornik-radova-gospic-28-4-2023\/\">Predstavljanje knjige VELEBITSKI USTANAK &#8211; Zbornik radova; Gospi\u0107, 28. 4. 2023.<\/a><br \/>\n&#8211; <a href=\"https:\/\/www.vegaintro-projekti.com\/pilar-stari\/2023\/04\/ruralika-dovrsen-prvi-krug-terenskoga-istrazivanja-posttranzicijskih-procesa-u-lici\/\">RURALIKA: Dovr\u0161en prvi krug terenskoga istra\u017eivanja (post)tranzicijskih procesa u Lici<\/a><br \/>\n&#8211; <a href=\"https:\/\/www.vegaintro-projekti.com\/pilar-stari\/2023\/01\/ruralika-presjek-provedbe-aktivnosti-u-drugoj-godini-projekta-2022\/\">RURALIKA &#8211; Presjek provedbe aktivnosti u drugoj godini projekta, 2022.<\/a><br \/>\n&#8211; <a href=\"https:\/\/www.vegaintro-projekti.com\/pilar-stari\/2022\/07\/monografija-nogomet-u-gospicu-nk-gospic-91-stoljece-gospickih-plavih\/\">Monografija: NOGOMET U GOSPI\u0106U. NK Gospi\u0107 \u201991 \u2013 stolje\u0107e Gospi\u0107kih plavih<\/a><br \/>\n&#8211; <a href=\"https:\/\/www.vegaintro-projekti.com\/pilar-stari\/2022\/07\/predstavljanje-monografije-ivana-brlica-nogomet-u-gospicu-stoljece-gospickih-plavih-19-7-2022\/\">Predstavljanje monografije Ivana Brli\u0107a NOGOMET U GOSPI\u0106U &#8211; Stolje\u0107e Gospi\u0107kih plavih, 19. 7. 2022.<\/a><br \/>\n&#8211; <a href=\"https:\/\/www.vegaintro-projekti.com\/pilar-stari\/2022\/07\/teslin-kutak-u-gospicu-ostvaren-u-suradnji-s-podrucnim-centrom-gospic-instituta-pilar-14-7-2022\/\">Teslin kutak u Gospi\u0107u ostvaren u suradnji s Podru\u010dnim centrom Gospi\u0107 Instituta Pilar, 14. 7. 2022.<\/a><br \/>\n&#8211; <a href=\"https:\/\/www.vegaintro-projekti.com\/pilar-stari\/2022\/01\/projekt-ruralika-edukacija-clanova-projektnog-tima-za-rad-u-maxqda-programu-20-21-1-2022\/\">Projekt RURALIKA: Edukacija \u010dlanova projektnog tima za rad u MAXQDA programu, 20.-21. 1. 2022.<\/a><br \/>\n&#8211; <a href=\"https:\/\/www.vegaintro-projekti.com\/pilar-stari\/2021\/11\/dr-sc-anita-busljeta-tonkovic-na-edukaciji-u-velikoj-britaniji-3-5-10-2021\/\">Dr. sc. Anita Bu\u0161ljeta Tonkovi\u0107 na edukaciji u Velikoj Britaniji, 3.-5. 10. 2021.<\/a><br \/>\n&#8211; <a href=\"https:\/\/www.vegaintro-projekti.com\/pilar-stari\/2021\/10\/tribina-podrucnog-centra-gospic-u-povodu-30-obljetnice-instituta-pilar-21-10-2021\/\">Tribina Podru\u010dnog centra Gospi\u0107 u povodu 30. obljetnice Instituta Pilar, 21. 10. 2021.<\/a><br \/>\n&#8211; <a href=\"https:\/\/www.vegaintro-projekti.com\/pilar-stari\/2021\/06\/predstavljena-monografija-u-povodu-30-obljetnice-osnutka-hgss-stanice-gospic-11-6-2021\/\">Predstavljena monografija u povodu 30. obljetnice osnutka HGSS Stanice Gospi\u0107, 11. 6. 2021.<\/a><br \/>\n&#8211; <a href=\"https:\/\/www.vegaintro-projekti.com\/pilar-stari\/2021\/06\/objavljena-knjiga-dan-je-zamijenio-noc-bura-nam-ocistila-pogled-uz-30-obljetnicu-osnutka-hgss-stanice-gospic\/\">Objavljena knjiga DAN JE ZAMIJENIO NO\u0106, BURA NAM O\u010cISTILA POGLED. Uz 30. obljetnicu osnutka HGSS Stanice Gospi\u0107<\/a><br \/>\n&#8211; <a href=\"https:\/\/www.vegaintro-projekti.com\/pilar-stari\/2021\/04\/elaborat-anita-busljeta-tonkovic-jelena-pudak-organizacije-mladih-i-za-mlade-u-ruralnoj-hrvatskoj\/\">ELABORAT: Anita Bu\u0161ljeta Tonkovi\u0107 \u2013 Jelena Pu\u0111ak: Organizacije mladih i za mlade u ruralnoj Hrvatskoj<\/a><br \/>\n&#8211; <a href=\"https:\/\/www.vegaintro-projekti.com\/pilar-stari\/2021\/04\/objavljena-studija-dr-sc-anite-busljeta-tonkovic-i-dr-sc-jelene-pudak-organizacije-mladih-i-za-mlade-u-ruralnoj-hrvatskoj\/\">Objavljena studija dr. sc. Anite Bu\u0161ljeta Tonkovi\u0107 i dr. sc. Jelene Pu\u0111ak Organizacije mladih i za mlade u ruralnoj Hrvatskoj<\/a><br \/>\n&#8211; <a href=\"https:\/\/www.vegaintro-projekti.com\/pilar-stari\/2021\/02\/dr-sc-anita-busljeta-tonkovic-i-dr-sc-slaven-gasparovic-objavili-nacionalno-izvjesce-o-ruralnim-neet-mladima\/\">Dr. sc. Anita Bu\u0161ljeta Tonkovi\u0107 i dr. sc. Slaven Ga\u0161parovi\u0107 objavili nacionalno izvje\u0161\u0107e o ruralnim NEET mladima<\/a><br \/>\n&#8211; <a href=\"https:\/\/www.vegaintro-projekti.com\/pilar-stari\/2021\/02\/velebitski-ustanak-1932-otpor-hrvatskog-naroda-prema-jednoj-diktaturi\/\">Velebitski ustanak 1932. &#8211; otpor hrvatskog naroda prema jednoj diktaturi<\/a><br \/>\n&#8211; <a href=\"https:\/\/www.vegaintro-projekti.com\/pilar-stari\/2020\/12\/povijest-nogometnog-kluba-gospic-91-povodom-sto-godina-profesionalnog-nogometa-u-gospicu\/\">Povijest nogometnog kluba Gospi\u0107 `91. &#8211; povodom sto godina profesionalnog nogometa u Gospi\u0107u<\/a><br \/>\n&#8211; <a href=\"https:\/\/www.vegaintro-projekti.com\/pilar-stari\/2020\/05\/under-the-loupe-rural-youth-work\/\">Under the Loupe: Rural Youth Work!<\/a><br \/>\n&#8211; <a href=\"https:\/\/www.vegaintro-projekti.com\/pilar-stari\/2019\/12\/30-godina-hgss-stanice-gospic-monografija\/\">30 godina HGSS Stanice Gospi\u0107: Monografija<\/a><br \/>\n&#8211; <a href=\"https:\/\/www.vegaintro-projekti.com\/pilar-stari\/2019\/11\/dr-sc-anita-busljeta-tonkovic-na-zavrsnom-znanstveno-edukacijskom-programu-h2020-simra-projekta-u-zaragozi-18-22-11-2019\/\">Dr. sc. Anita Bu\u0161ljeta Tonkovi\u0107 na znanstveno-edukacijskom programu H2020 SIMRA projekta u Zaragozi, 18.-22. 11. 2019.<\/a><br \/>\n&#8211;&nbsp;<a href=\"https:\/\/www.vegaintro-projekti.com\/pilar-stari\/2019\/05\/dr-sc-anita-busljeta-tonkovic-nova-voditeljica-podrucnog-centra-gospic-instituta-ivo-pilar-14-5-2019\/\">Dr. sc. Anita Bu\u0161ljeta Tonkovi\u0107 nova voditeljica Podru\u010dnog centra Gospi\u0107 Instituta Ivo Pilar, 14. 5. 2019.<\/a><br \/>\n&#8211;&nbsp;<a href=\"https:\/\/www.vegaintro-projekti.com\/pilar-stari\/2018\/04\/predstavljanje-zbornika-koga-podrzava-odrzivi-razvoj-10-4-2018\/\">Predstavljanje zbornika KOGA (P)ODR\u017dAVA ODR\u017dIVI RAZVOJ? u Zagrebu, 10. travnja 2018.<\/a><br \/>\n&#8211;&nbsp;<a href=\"https:\/\/www.vegaintro-projekti.com\/pilar-stari\/2018\/02\/predstavljanje-zbornika-koga-podrzava-odrzivi-razvoj-16-2-2018\/\">Predstavljanje zbornika KOGA (P)ODR\u017dAVA ODR\u017dIVI RAZVOJ? u Smiljanu, 16. velja\u010de 2018.<\/a><br \/>\n&#8211;&nbsp;<a href=\"https:\/\/www.vegaintro-projekti.com\/pilar-stari\/2018\/02\/objavljen-zbornik-koga-podrzava-odrzivi-razvoj\/\">Objavljen zbornik KOGA (P)ODR\u017dAVA ODR\u017dIVI RAZVOJ?<\/a><br \/>\n&#8211;&nbsp;<a href=\"https:\/\/www.vegaintro-projekti.com\/pilar-stari\/2017\/11\/predstavljanje-knjige-licka-i-senjska-gradanska-drustva-1835-1945\/\">Predstavljanje knjige LI\u010cKA I SENJSKA GRA\u0110ANSKA DRU\u0160TVA 1835. &#8211; 1945., 10. 11. 2017.<\/a><br \/>\n&#8211;&nbsp;<a href=\"https:\/\/www.vegaintro-projekti.com\/pilar-stari\/2017\/11\/objavljena-knjiga-ivana-brlica-licka-i-senjska-gradjanska-drustva\/\">Objavljena knjiga Ivana Brli\u0107a LI\u010cKA I SENJSKA GRA\u0110ANSKA DRU\u0160TVA 1835.\u20131945.<\/a><br \/>\n&#8211;&nbsp;<a href=\"https:\/\/www.vegaintro-projekti.com\/pilar-stari\/2016\/05\/annales-pilar-2016-koga-p-odrzava-odrzivi-razvoj-27-5-2016\/\">ANNALES PILAR 2016: Koga (p)odr\u017eava odr\u017eivi razvoj?, 27. 5. 2016.<\/a><br \/>\n&#8211;&nbsp;<a href=\"https:\/\/www.vegaintro-projekti.com\/pilar-stari\/2015\/12\/predstavljanje-knjige-odrzivi-razvoj-sredisnje-like-gospic-10-12-2015\/\">Predstavljanje knjige ODR\u017dIVI RAZVOJ SREDI\u0160NJE LIKE, 10. 12. 2015.<\/a><br \/>\n&#8211;&nbsp;<a href=\"https:\/\/www.vegaintro-projekti.com\/pilar-stari\/2014\/12\/skup-zavalje-i-okolica-u-proslosti-i-sadasnjosti-13-12-2014\/\">Skup ZAVALJE I OKOLICA U PRO\u0160LOSTI I SADA\u0160NJOSTI, 13. 12. 2014.<\/a><br \/>\n&#8211; <a href=\"https:\/\/www.vegaintro-projekti.com\/pilar-stari\/2014\/04\/skup-gospic-odrzivi-razvoj-lokalnih-zajednica-na-ruralnim-podrucjima\/\">SKUP (Gospi\u0107): Odr\u017eivi razvoj lokalnih zajednica na ruralnim podru\u010djima<\/a><br \/>\n&#8211;&nbsp;<a href=\"https:\/\/www.vegaintro-projekti.com\/pilar-stari\/2014\/03\/predstavljanje-monografije-gospic-u-podrucnom-centru-osijek\/\">Predstavljanje monografije GOSPI\u0106 u Podru\u010dnom centru Osijek<\/a><br \/>\n&#8211; <a href=\"https:\/\/www.vegaintro-projekti.com\/pilar-stari\/2014\/01\/predstavljanje-monografije-gospic-grad-ljudi-identitet-u-pozegi-i-osijeku\/\">Predstavljanje monografije GOSPI\u0106 &#8211; Grad, ljudi, identitet u Po\u017eegi i Osijeku<\/a><br \/>\n&#8211; <a href=\"https:\/\/www.vegaintro-projekti.com\/pilar-stari\/2013\/12\/dan-instituta-pilar-2013-obiljezen-u-gospicu\/\">Dan Instituta Pilar 2013. obilje\u017een u Gospi\u0107u<\/a><br \/>\n&#8211; <a href=\"https:\/\/www.vegaintro-projekti.com\/pilar-stari\/2013\/09\/predstavljanje-monografije-gospic-grad-ljudi-identitet-10-10-2013\/\">Predstavljanje monografije GOSPI\u0106 &#8211; Grad, ljudi, identitet; 10. 10. 2013.<\/a><br \/>\n&#8211; <a href=\"https:\/\/www.vegaintro-projekti.com\/pilar-stari\/2013\/09\/objavljena-monografija-gospic-grad-ljudi-identitet\/\">Objavljena monografija GOSPI\u0106 &#8211; GRAD, LJUDI, IDENTITET<\/a><br \/>\n&#8211; <a href=\"https:\/\/www.vegaintro-projekti.com\/pilar-stari\/2013\/01\/predstavljanje-zbornika-gacka-u-srednjem-vijeku-18-1-2013\/\">Predstavljanje zbornika GACKA U SREDNJEM VIJEKU, 18. 1. 2013.<\/a><\/p>\n<p><strong>Znanstvene tribine: 20 godina istra\u017eivanja Instituta Ivo Pilar<\/strong><\/p>\n<p>&#8211; <a href=\"https:\/\/www.vegaintro-projekti.com\/pilar-stari\/2011\/11\/2-tribina-u-gospiu-selo-i-ravnomjerni-razvitak-hrvatske-14112011\/\">2. tribina: Selo i ravnomjerni razvitak Hrvatske (dr. sc. Maja \u0160tambuk i Anita Bu\u0161ljeta), 14. studenog 2011.<\/a><br \/>\n&#8211; <a href=\"https:\/\/www.vegaintro-projekti.com\/pilar-stari\/2011\/09\/tribina-u-gospiu-dr-sc-saa-poljanec-bori-prostor-lokalni-razvoj-i-demokracija\/\">1. tribina: Prostor, lokalni razvoj i demokracija &#8211; Problem lokalne jurisdikcije u uvjetima globalizacije (dr. sc. Sa\u0161a Poljane-Bori\u0107), 26. rujna 2011.<\/a><\/p>\n<p>&nbsp;<\/p>\n","protected":false},"excerpt":{"rendered":"<p>Naziv \u25cf Sjedi\u0161te \u25cf Voditelj \u25cf Osnutak \u25cf Povijest \u25cf Djelatnici \u25cf Djelatnost \u25cf Projekti \u25cf Publikacije \u25cf Skupovi \u25cf Novosti &nbsp; Naziv Institut dru\u0161tvenih znanosti Ivo Pilar \u2013 Podru\u010dni centar Gospi\u0107 &nbsp; Zgrada u kojoj je smje\u0161ten Podru\u010dni centar u Gospi\u0107u &nbsp; Sjedi\u0161te Trg Stjepana Radi\u0107a 14 53000 Gospi\u0107 Tel: + 385 53 741&hellip; <a class=\"continue\" href=\"https:\/\/www.vegaintro-projekti.com\/pilar-stari\/2010\/07\/podruni-centar-gospi-2\/\">Pro\u010ditaj vi\u0161e o<span> Podru\u010dni centar Gospi\u0107<\/span><\/a><\/p>\n","protected":false},"author":1,"featured_media":0,"comment_status":"closed","ping_status":"closed","sticky":false,"template":"","format":"standard","meta":{"inline_featured_image":false,"ngg_post_thumbnail":0,"footnotes":""},"categories":[51],"tags":[],"yoast_head":"<!-- This site is optimized with the Yoast SEO plugin v21.2 - https:\/\/yoast.com\/wordpress\/plugins\/seo\/ -->\n<title>Podru\u010dni centar Gospi\u0107 - Institut dru&scaron;tvenih znanosti Ivo Pilar<\/title>\n<meta name=\"robots\" content=\"noindex, follow, max-snippet:-1, max-image-preview:large, max-video-preview:-1\" \/>\n<meta property=\"og:locale\" content=\"hr_HR\" \/>\n<meta property=\"og:type\" content=\"article\" \/>\n<meta property=\"og:title\" content=\"Podru\u010dni centar Gospi\u0107 - Institut dru&scaron;tvenih znanosti Ivo Pilar\" \/>\n<meta property=\"og:description\" content=\"Naziv \u25cf Sjedi\u0161te \u25cf Voditelj \u25cf Osnutak \u25cf Povijest \u25cf Djelatnici \u25cf Djelatnost \u25cf Projekti \u25cf Publikacije \u25cf Skupovi \u25cf Novosti &nbsp; Naziv Institut dru\u0161tvenih znanosti Ivo Pilar \u2013 Podru\u010dni centar Gospi\u0107 &nbsp; Zgrada u kojoj je smje\u0161ten Podru\u010dni centar u Gospi\u0107u &nbsp; Sjedi\u0161te Trg Stjepana Radi\u0107a 14 53000 Gospi\u0107 Tel: + 385 53 741&hellip; Pro\u010ditaj vi\u0161e o Podru\u010dni centar Gospi\u0107\" \/>\n<meta property=\"og:url\" content=\"https:\/\/www.vegaintro-projekti.com\/pilar-stari\/2010\/07\/podruni-centar-gospi-2\/\" \/>\n<meta property=\"og:site_name\" content=\"Institut dru&scaron;tvenih znanosti Ivo Pilar\" \/>\n<meta property=\"article:published_time\" content=\"2010-07-06T11:39:23+00:00\" \/>\n<meta property=\"article:modified_time\" content=\"2025-10-24T09:39:48+00:00\" \/>\n<meta property=\"og:image\" content=\"https:\/\/www.vegaintro-projekti.com\/pilar-stari\/wp-content\/images\/stories\/fotografije\/razno\/pc_gospic.jpg\" \/>\n<meta name=\"author\" content=\"pilar-admin\" \/>\n<meta name=\"twitter:card\" content=\"summary_large_image\" \/>\n<meta name=\"twitter:label1\" content=\"Napisao\/la\" \/>\n\t<meta name=\"twitter:data1\" content=\"pilar-admin\" \/>\n\t<meta name=\"twitter:label2\" content=\"Procijenjeno vrijeme \u010ditanja\" \/>\n\t<meta name=\"twitter:data2\" content=\"6 minuta\" \/>\n<script type=\"application\/ld+json\" class=\"yoast-schema-graph\">{\"@context\":\"https:\/\/schema.org\",\"@graph\":[{\"@type\":\"WebPage\",\"@id\":\"https:\/\/www.vegaintro-projekti.com\/pilar-stari\/2010\/07\/podruni-centar-gospi-2\/\",\"url\":\"https:\/\/www.vegaintro-projekti.com\/pilar-stari\/2010\/07\/podruni-centar-gospi-2\/\",\"name\":\"Podru\u010dni centar Gospi\u0107 - Institut dru&scaron;tvenih znanosti Ivo Pilar\",\"isPartOf\":{\"@id\":\"https:\/\/www.vegaintro-projekti.com\/pilar-stari\/#website\"},\"datePublished\":\"2010-07-06T11:39:23+00:00\",\"dateModified\":\"2025-10-24T09:39:48+00:00\",\"author\":{\"@id\":\"https:\/\/www.vegaintro-projekti.com\/pilar-stari\/#\/schema\/person\/c0db50ebd77c4409e19b18044bbf10c1\"},\"breadcrumb\":{\"@id\":\"https:\/\/www.vegaintro-projekti.com\/pilar-stari\/2010\/07\/podruni-centar-gospi-2\/#breadcrumb\"},\"inLanguage\":\"hr\",\"potentialAction\":[{\"@type\":\"ReadAction\",\"target\":[\"https:\/\/www.vegaintro-projekti.com\/pilar-stari\/2010\/07\/podruni-centar-gospi-2\/\"]}]},{\"@type\":\"BreadcrumbList\",\"@id\":\"https:\/\/www.vegaintro-projekti.com\/pilar-stari\/2010\/07\/podruni-centar-gospi-2\/#breadcrumb\",\"itemListElement\":[{\"@type\":\"ListItem\",\"position\":1,\"name\":\"Home\",\"item\":\"https:\/\/www.vegaintro-projekti.com\/pilar-stari\/\"},{\"@type\":\"ListItem\",\"position\":2,\"name\":\"Podru\u010dni centar Gospi\u0107\"}]},{\"@type\":\"WebSite\",\"@id\":\"https:\/\/www.vegaintro-projekti.com\/pilar-stari\/#website\",\"url\":\"https:\/\/www.vegaintro-projekti.com\/pilar-stari\/\",\"name\":\"Institut dru&scaron;tvenih znanosti Ivo Pilar\",\"description\":\"Pilar\",\"potentialAction\":[{\"@type\":\"SearchAction\",\"target\":{\"@type\":\"EntryPoint\",\"urlTemplate\":\"https:\/\/www.vegaintro-projekti.com\/pilar-stari\/?s={search_term_string}\"},\"query-input\":\"required name=search_term_string\"}],\"inLanguage\":\"hr\"},{\"@type\":\"Person\",\"@id\":\"https:\/\/www.vegaintro-projekti.com\/pilar-stari\/#\/schema\/person\/c0db50ebd77c4409e19b18044bbf10c1\",\"name\":\"pilar-admin\",\"image\":{\"@type\":\"ImageObject\",\"inLanguage\":\"hr\",\"@id\":\"https:\/\/www.vegaintro-projekti.com\/pilar-stari\/#\/schema\/person\/image\/\",\"url\":\"https:\/\/secure.gravatar.com\/avatar\/fac9e03c4db0011b9c1ad8b5e9c74b8c?s=96&d=mm&r=g\",\"contentUrl\":\"https:\/\/secure.gravatar.com\/avatar\/fac9e03c4db0011b9c1ad8b5e9c74b8c?s=96&d=mm&r=g\",\"caption\":\"pilar-admin\"},\"url\":\"https:\/\/www.vegaintro-projekti.com\/pilar-stari\/author\/pilar-admin\/\"}]}<\/script>\n<!-- \/ Yoast SEO plugin. -->","yoast_head_json":{"title":"Podru\u010dni centar Gospi\u0107 - Institut dru&scaron;tvenih znanosti Ivo Pilar","robots":{"index":"noindex","follow":"follow","max-snippet":"max-snippet:-1","max-image-preview":"max-image-preview:large","max-video-preview":"max-video-preview:-1"},"og_locale":"hr_HR","og_type":"article","og_title":"Podru\u010dni centar Gospi\u0107 - Institut dru&scaron;tvenih znanosti Ivo Pilar","og_description":"Naziv \u25cf Sjedi\u0161te \u25cf Voditelj \u25cf Osnutak \u25cf Povijest \u25cf Djelatnici \u25cf Djelatnost \u25cf Projekti \u25cf Publikacije \u25cf Skupovi \u25cf Novosti &nbsp; Naziv Institut dru\u0161tvenih znanosti Ivo Pilar \u2013 Podru\u010dni centar Gospi\u0107 &nbsp; Zgrada u kojoj je smje\u0161ten Podru\u010dni centar u Gospi\u0107u &nbsp; Sjedi\u0161te Trg Stjepana Radi\u0107a 14 53000 Gospi\u0107 Tel: + 385 53 741&hellip; Pro\u010ditaj vi\u0161e o Podru\u010dni centar Gospi\u0107","og_url":"https:\/\/www.vegaintro-projekti.com\/pilar-stari\/2010\/07\/podruni-centar-gospi-2\/","og_site_name":"Institut dru&scaron;tvenih znanosti Ivo Pilar","article_published_time":"2010-07-06T11:39:23+00:00","article_modified_time":"2025-10-24T09:39:48+00:00","og_image":[{"url":"https:\/\/www.vegaintro-projekti.com\/pilar-stari\/wp-content\/images\/stories\/fotografije\/razno\/pc_gospic.jpg"}],"author":"pilar-admin","twitter_card":"summary_large_image","twitter_misc":{"Napisao\/la":"pilar-admin","Procijenjeno vrijeme \u010ditanja":"6 minuta"},"schema":{"@context":"https:\/\/schema.org","@graph":[{"@type":"WebPage","@id":"https:\/\/www.vegaintro-projekti.com\/pilar-stari\/2010\/07\/podruni-centar-gospi-2\/","url":"https:\/\/www.vegaintro-projekti.com\/pilar-stari\/2010\/07\/podruni-centar-gospi-2\/","name":"Podru\u010dni centar Gospi\u0107 - Institut dru&scaron;tvenih znanosti Ivo Pilar","isPartOf":{"@id":"https:\/\/www.vegaintro-projekti.com\/pilar-stari\/#website"},"datePublished":"2010-07-06T11:39:23+00:00","dateModified":"2025-10-24T09:39:48+00:00","author":{"@id":"https:\/\/www.vegaintro-projekti.com\/pilar-stari\/#\/schema\/person\/c0db50ebd77c4409e19b18044bbf10c1"},"breadcrumb":{"@id":"https:\/\/www.vegaintro-projekti.com\/pilar-stari\/2010\/07\/podruni-centar-gospi-2\/#breadcrumb"},"inLanguage":"hr","potentialAction":[{"@type":"ReadAction","target":["https:\/\/www.vegaintro-projekti.com\/pilar-stari\/2010\/07\/podruni-centar-gospi-2\/"]}]},{"@type":"BreadcrumbList","@id":"https:\/\/www.vegaintro-projekti.com\/pilar-stari\/2010\/07\/podruni-centar-gospi-2\/#breadcrumb","itemListElement":[{"@type":"ListItem","position":1,"name":"Home","item":"https:\/\/www.vegaintro-projekti.com\/pilar-stari\/"},{"@type":"ListItem","position":2,"name":"Podru\u010dni centar Gospi\u0107"}]},{"@type":"WebSite","@id":"https:\/\/www.vegaintro-projekti.com\/pilar-stari\/#website","url":"https:\/\/www.vegaintro-projekti.com\/pilar-stari\/","name":"Institut dru&scaron;tvenih znanosti Ivo Pilar","description":"Pilar","potentialAction":[{"@type":"SearchAction","target":{"@type":"EntryPoint","urlTemplate":"https:\/\/www.vegaintro-projekti.com\/pilar-stari\/?s={search_term_string}"},"query-input":"required name=search_term_string"}],"inLanguage":"hr"},{"@type":"Person","@id":"https:\/\/www.vegaintro-projekti.com\/pilar-stari\/#\/schema\/person\/c0db50ebd77c4409e19b18044bbf10c1","name":"pilar-admin","image":{"@type":"ImageObject","inLanguage":"hr","@id":"https:\/\/www.vegaintro-projekti.com\/pilar-stari\/#\/schema\/person\/image\/","url":"https:\/\/secure.gravatar.com\/avatar\/fac9e03c4db0011b9c1ad8b5e9c74b8c?s=96&d=mm&r=g","contentUrl":"https:\/\/secure.gravatar.com\/avatar\/fac9e03c4db0011b9c1ad8b5e9c74b8c?s=96&d=mm&r=g","caption":"pilar-admin"},"url":"https:\/\/www.vegaintro-projekti.com\/pilar-stari\/author\/pilar-admin\/"}]}},"_links":{"self":[{"href":"https:\/\/www.vegaintro-projekti.com\/pilar-stari\/wp-json\/wp\/v2\/posts\/295"}],"collection":[{"href":"https:\/\/www.vegaintro-projekti.com\/pilar-stari\/wp-json\/wp\/v2\/posts"}],"about":[{"href":"https:\/\/www.vegaintro-projekti.com\/pilar-stari\/wp-json\/wp\/v2\/types\/post"}],"author":[{"embeddable":true,"href":"https:\/\/www.vegaintro-projekti.com\/pilar-stari\/wp-json\/wp\/v2\/users\/1"}],"replies":[{"embeddable":true,"href":"https:\/\/www.vegaintro-projekti.com\/pilar-stari\/wp-json\/wp\/v2\/comments?post=295"}],"version-history":[{"count":75,"href":"https:\/\/www.vegaintro-projekti.com\/pilar-stari\/wp-json\/wp\/v2\/posts\/295\/revisions"}],"predecessor-version":[{"id":36180,"href":"https:\/\/www.vegaintro-projekti.com\/pilar-stari\/wp-json\/wp\/v2\/posts\/295\/revisions\/36180"}],"wp:attachment":[{"href":"https:\/\/www.vegaintro-projekti.com\/pilar-stari\/wp-json\/wp\/v2\/media?parent=295"}],"wp:term":[{"taxonomy":"category","embeddable":true,"href":"https:\/\/www.vegaintro-projekti.com\/pilar-stari\/wp-json\/wp\/v2\/categories?post=295"},{"taxonomy":"post_tag","embeddable":true,"href":"https:\/\/www.vegaintro-projekti.com\/pilar-stari\/wp-json\/wp\/v2\/tags?post=295"}],"curies":[{"name":"wp","href":"https:\/\/api.w.org\/{rel}","templated":true}]}}