{"id":296,"date":"2010-07-06T11:39:49","date_gmt":"2010-07-06T11:39:49","guid":{"rendered":"https:\/\/www.vegaintro-projekti.com\/pilar-stari\/2010\/07\/06\/podruni-centar-osijek-2\/"},"modified":"2025-11-13T21:50:07","modified_gmt":"2025-11-13T21:50:07","slug":"podruni-centar-osijek-2","status":"publish","type":"post","link":"https:\/\/www.vegaintro-projekti.com\/pilar-stari\/2010\/07\/podruni-centar-osijek-2\/","title":{"rendered":"Podru\u010dni centar Osijek"},"content":{"rendered":"<p><a href=\"#naziv\"><br \/>\nNaziv<\/a> \u25cf <a href=\"#sjediste\">Sjedi\u0161te<\/a> \u25cf <a href=\"#voditelj\">Voditelj<\/a> \u25cf <a href=\"#osnutak\">Osnutak<\/a> \u25cf <a href=\"#povijest\">Povijest<\/a> \u25cf <a href=\"#djelatnici\">Djelatnici<\/a> \u25cf <a href=\"#djelatnost\">Djelatnost<\/a> \u25cf <a href=\"#projekti\">Projekti<\/a> \u25cf <a href=\"#publikacije\">Publikacije<\/a> \u25cf <a href=\"#novosti\">Novosti<\/a><\/p>\n<p><a name=\"naziv\"><\/a>&nbsp;<br \/>\n<span style=\"font-size: 12pt;\">Naziv<\/span><\/p>\n<p><strong><span style=\"font-size: 14pt;\">Institut dru\u0161tvenih znanosti Ivo Pilar \u2013 Podru\u010dni centar Osijek<br \/>\n<\/span><\/strong><br \/>\n<a name=\"sjediste\"><\/a>&nbsp;<br \/>\n<span style=\"font-size: 12pt;\">Sjedi\u0161te<\/span><\/p>\n<table style=\"border-collapse: collapse; width: 100%; height: 139px;\">\n<tbody>\n<tr style=\"height: 139px;\">\n<td style=\"width: 50%; height: 139px;\">\u0160ama\u010dka 9\/II<br \/>\n31000 Osijek<br \/>\nTel.: + 385 31&nbsp;207 294 \/ + 385 31 207 285<br \/>\nFax.: + 385 31&nbsp;202 067<br \/>\nE-mail: <a href=\"mailto:miljenko.brekalo@vegaintro-projekti.com\/pilar-stari\">miljenko.brekalo@vegaintro-projekti.com\/pilar-stari<\/a>&nbsp;<\/td>\n<td style=\"width: 50%; height: 139px;\">\n<div class=\"wp-block-image\">\n<div>&nbsp;<\/div>\n<div class=\"wp-block-image\"><img decoding=\"async\" loading=\"lazy\" class=\"alignnone wp-image-36281 size-medium\" src=\"https:\/\/www.vegaintro-projekti.com\/pilar-stari\/wp-content\/uploads\/2025\/10\/Janaf_logo-300x102.jpg\" alt=\"i1\" width=\"300\" height=\"102\"><\/div>\n<p><img decoding=\"async\" loading=\"lazy\" class=\"alignnone wp-image-36281 \" src=\"https:\/\/www.vegaintro-projekti.com\/pilar-stari\/wp-content\/uploads\/2025\/10\/Janaf_logo-150x150.jpg\" alt=\"i1\" width=\"5\" height=\"5\"><\/p>\n<\/div>\n<\/td>\n<\/tr>\n<\/tbody>\n<\/table>\n<p><a name=\"voditelj\"><\/a>&nbsp;<br \/>\n<span style=\"font-size: 12pt;\">Voditelj<\/span><\/p>\n<p>Ddr. sc. Miljenko Brekalo<\/p>\n<p><a name=\"osnutak\"><\/a>&nbsp;<br \/>\n<span style=\"font-size: 12pt;\">Osnutak<\/span><\/p>\n<p><strong>12. travnja 1994.<\/strong><\/p>\n<p><a name=\"povijest\"><\/a>&nbsp;<br \/>\n<span style=\"font-size: 12pt;\">Povijest<\/span><\/p>\n<p>Razlozi osnutka podru\u010dnoga centra Instituta Ivo Pilar u Osijeku, kao i drugih podru\u010dnih centara Instituta, temelje se na op\u0107im i specifi\u010dnim na\u010delima dugoro\u010dne znanstveno-istra\u017eiva\u010dke politike Instituta. Dokument &#8220;Strategija razvoja podru\u010dnih centara Instituta Pilar&#8221; koju je donijelo Upravno vije\u0107e Instituta 28. studenoga 2006. te dokument &#8220;Novi koraci u razvoju Instituta dru\u0161tvenih znanosti Ivo Pilar temeljeni na mre\u017enom ustroju i tr\u017ei\u0161noj orijentaciji&#8221; kojega je donijelo Upravno vije\u0107e Instituta 11. lipnja 2007. predstavljaju osnovne gra\u0111evne jedinice budu\u0107ega rada i razvoja podru\u010dnih centara Instituta. Temeljni razlozi osnutka podru\u010dnoga centra Instituta Ivo Pilar u Osijeku zasnivaju se na trajnome interesu za hrvatski istok, ne samo za podunavsku orijentaciju Hrvatske, ve\u0107 i za specifi\u010dnosti i posebnosti podneblja hrvatske ravnice, posebno za istra\u017eivanje identiteta Osijeka i Slavonije, kao i susjedstva. Promi\u0161ljaju\u0107i programe, teme i projekte od globalnog, nacionalnog i lokalno-regionalnog karaktera podru\u010dni centar Osijek se treba afirmirati kao znanstveno i intelektualno sredi\u0161te grada Osijeka, Osje\u010dko-baranjske \u017eupanije i hrvatskoga istoka (u uskoj suradnji s centrom u Vukovaru), koje bi slu\u017eilo za osposobljavanje mladih znanstvenika iz lokalne zajednice, ali bi i pru\u017ealo znanstveno-istra\u017eiva\u010dke, arhivsko-dokumentacijske, izdava\u010dke, konzultativne i obrazovne usluge \u0161iroj akademskoj, upravlja\u010dkoj i gospodarskoj zajednici. Centar Osijek bi na taj na\u010din trebao osposobiti mlade istra\u017eiva\u010de i znanstvenike koji \u0107e rezultatima svojih istra\u017eivanja omogu\u0107iti lokalnoj gradskoj i \u017eupanijskoj zajednici da na vrijeme dobije sve relevantne pokazatelje potrebne za u\u010dinkovito upravljanje gradom, odnosno \u017eupanijom. Osim toga, zaposlenici Centra mo\u0107i \u0107e sudjelovati u izvo\u0111enju nastave na Sveu\u010dili\u0161tu Josipa Jurja Strossmayera u Osijeku i temeljem svoga znanja i iskustva pridonijeti kvaliteti sveu\u010dili\u0161ne nastave.<br \/>\nU okviru Centra&nbsp;proveden je projekt &#8220;Prognana Hrvatska&#8221;, rezultati kojega su objavljeni u &#8220;Dru\u0161tvenim istra\u017eivanjima&#8221; 28\/29 (1997). Tijekom 1999\/2000. Centar je sudjelovao u projektu o migracijama (Das Migrationsprojekt) Ekonomskog fakulteta u Osijeku i Fachhochschule f\u00fcr Wirtschaft iz Friedberga i Giessena. Prvi su rezultati objavljeni u zborniku <em>Makro-, Mikro- und Rechtliche Aspekte in Transitionsprozessen<\/em> (Osijek, 2000.).<\/p>\n<p><a name=\"djelatnici\"><\/a>&nbsp;<br \/>\n<span style=\"font-size: 12pt;\">Djelatnici<\/span><\/p>\n<p>1. ddr. sc. Miljenko Brekalo, znanstveni savjetnik u trajnom zvanju<br \/>\n2. Ana-Marija \u0106ori\u0107, asistentica<br \/>\n3. dr. sc. Marina Kotrla Topi\u0107, vi\u0161a znanstvena suradnica<\/p>\n<p><a name=\"djelatnost\"><\/a>&nbsp;<br \/>\n<span style=\"font-size: 12pt;\">Djelatnost<\/span><\/p>\n<p>Program rada podru\u010dnoga centra Instituta Pilar u Osijeku uskla\u0111en je s temeljnim ciljem mre\u017enoga ustroja Instituta \u2013 da se u svakom centru pored redovitih znanstveno-istra\u017eiva\u010dkih djelatnosti razvijaju i djelatnosti koje \u0107e tematski centre usmjeravati prema nacionalnoj i globalnoj, a ne samo regionalnoj razini djelovanja. To zna\u010di da \u0107e Centar Osijek na nacionalnoj i globalnoj razini svoju djelatnost usmjeravati prema istra\u017eivanjima srednjoeuropske povijesti, kulture i budu\u0107nosti u suvremenim eurointegracijama, a na regionalnoj razini prema temama vezanima uz hrvatsku ravnicu, identitet Slavonije i hrvatske manjine. Program rada podru\u010dnoga centra Instituta Pilar u Osijeku zasnovan je na osmi\u0161ljavanju i realizaciji temeljnih djelatnosti Instituta. To su: znanstveno-istra\u017eiva\u010dki rad, nakladni\u010dka djelatnost, znanstveno-popularizacijska djelatnost, tr\u017ei\u0161ni projekti te nastavna djelatnost.<br \/>\nPrimarna i najva\u017enija djelatnost podru\u010dnoga centra jest znanstveno-istra\u017eiva\u010dki rad na globalnim, nacionalnim i lokalno-regionalnim temama. U tom smislu dominantno zna\u010denje imaju programi i projekti trajne znanstveno-istra\u017eiva\u010dke djelatnosti, financirani od Ministarstva znanosti, obrazovanja i \u0161porta RH. Svi znanstvenici i znanstveni novaci u Centru Osijek sura\u0111ivat \u0107e na tim projektima. U dugoro\u010dnom smislu, ovisno o raspolo\u017eivim kadrovskim resursima, podru\u010dni centar bi postao nositeljem jednog ili dvaju projekata trajne znanstveno-istra\u017eiva\u010dke djelatnosti.<br \/>\nOsim izvornih znanstvenih istra\u017eivanja podru\u010dni centar Osijek \u0107e organizirati, prikupljati i \u010duvati raznoliku povijesnu gra\u0111u, statisti\u010dko-demografsku dokumentaciju i druge izvore o identitetu Osijeka i Slavonije, kao i o svim drugim aspektima dru\u0161tvenog, demografskog, politi\u010dkog, povijesnog, kulturnog i ekonomskog razvitka hrvatskoga istoka i hrvatskih manjina u Slavoniji. U tom kontekstu podru\u010dni centar \u0107e usko sura\u0111ivati napose sa Sveu\u010dili\u0161tem Josipa Jurja Strossmayera u Osijeku, zatim Centrom HAZU u Osijeku, Dr\u017eavnim arhivom u Osijeku i Povijesnim odjelom muzeja Slavonije, kao i sa svim drugim zainteresiranim institucijama i pojedincima u gradu Osijeku, Osje\u010dko-baranjskoj \u017eupaniji, Republici Hrvatskoj i susjednim zemljama.<\/p>\n<p><a name=\"projekti\"><\/a>&nbsp;<br \/>\n<span style=\"font-size: 12pt;\">Projekti<\/span><\/p>\n<p><a href=\"https:\/\/www.vegaintro-projekti.com\/pilar-stari\/2008\/11\/trajna-istraivaka-djelatnost\/#osobineli\">Osobine li\u010dnosti, prirodni jezik i kognitivni razvoj<\/a> (194-1941558-1530), financiranom od MZO\u0160-a, voditelj dr. sc. Boris Mla\u010di\u0107 (2007.-2013.) &#8211; dr. sc. Marina Kotrla Topi\u0107<\/p>\n<p>COST akcija IS1404 &#8220;Evolution of Reading in the Age of Digitalization (E-READ)&#8221; &#8211; dr. sc. Marina Kotrla Topi\u0107<\/p>\n<p><a name=\"publikacije\"><\/a>&nbsp;<br \/>\n<span style=\"font-size: 12pt;\">Publikacije<\/span><\/p>\n<p>&#8211; <em>Razvojne perspektive ruralnoga svijeta Slavonije i Baranje<\/em> (uredili Maja \u0160tambuk i Antun \u0160undali\u0107), Biblioteka Zbornici, knjiga 19, Institut dru\u0161tvenih znanosti Ivo Pilar, Zagreb, 2003.<\/p>\n<p><a name=\"novosti\"><\/a>&nbsp;<br \/>\n<span style=\"font-size: 12pt;\">Novosti<\/span><\/p>\n<p>&#8211; <a href=\"https:\/\/www.vegaintro-projekti.com\/pilar-stari\/2025\/11\/dr-sc-marina-kotrla-topic-i-ana-marija-coric-mag-psih-na-edukaciji-heroji-u-cekaonici-zagreb-8-9-11-2025\/\">Dr. sc. Marina Kotrla Topi\u0107 i Ana-Marija \u0106ori\u0107, mag. psih., na edukaciji heroji u \u010dekaonici; Zagreb, 8.-9. 11. 2025.<\/a><br \/>\n&#8211; <a href=\"https:\/\/www.vegaintro-projekti.com\/pilar-stari\/2025\/09\/dr-sc-dr-sc-miljenku-brekalu-i-mr-sc-stjepanu-adanicu-dodijeljena-velika-zlatna-plaketa-za-najbolju-knjigu-s-tematikom-domovinskog-rata\/\">Dr. sc., dr. sc. Miljenku Brekalu i mr. sc. Stjepanu Adani\u0107u dodijeljena Velika zlatna plaketa za najbolju knjigu s tematikom Domovinskog rata; Zagreb, 23. 9. 2025.<\/a><br \/>\n&#8211; <a href=\"https:\/\/www.vegaintro-projekti.com\/pilar-stari\/2025\/09\/suradnice-na-projektu-diglita-na-konferenciji-psychology-in-transition-split-19-9-2025\/\">Suradnice na projektu DigLitA na konferenciji Psychology in transition; Split, 19. 9. 2025.<\/a><br \/>\n&#8211; <a href=\"https:\/\/www.vegaintro-projekti.com\/pilar-stari\/2025\/09\/rezultati-projekta-digilita-predstavljeni-na-european-conference-on-developmental-psychology-2025-vilnius-25-29-8-2025\/\">Rezultati projekta DigiLitA predstavljeni na European Conference on Developmental Psychology 2025; Vilnius, 25.-29. 8. 2025.<\/a><br \/>\n&#8211; <a href=\"https:\/\/www.vegaintro-projekti.com\/pilar-stari\/2025\/06\/suradnice-na-projektu-digilita-dr-sc-marina-kotrla-topic-i-ana-marija-coric-odrzale-radionicu-za-strucne-suradnice-osijek-16-6-2025\/\">Suradnice na projektu DigiLitA dr. sc. Marina Kotrla Topi\u0107 i Ana-Marija \u0106ori\u0107 odr\u017eale radionicu za stru\u010dne suradnice; Osijek, 16. 6. 2025.<\/a><br \/>\n&#8211; <a href=\"https:\/\/www.vegaintro-projekti.com\/pilar-stari\/2025\/05\/dr-sc-marina-kotrla-topic-gostovala-na-plavoj-vinkovackoj-televiziji-vinkovci-15-5-2025\/\">Dr. sc. Marina Kotrla Topi\u0107 gostovala na Plavoj vinkova\u010dkoj televiziji; Vinkovci, 15. 5. 2025.<\/a><br \/>\n&#8211; <a href=\"https:\/\/www.vegaintro-projekti.com\/pilar-stari\/2025\/05\/dr-sc-marina-kotrla-topic-odrzala-webinar-na-temu-djetinjstvo-u-digitalnom-svijetu-29-4-2025\/\">Dr. sc. Marina Kotrla Topi\u0107 odr\u017eala webinar na temu Djetinjstvo u digitalnom svijetu; 29. 4. 2025.<\/a><br \/>\n&#8211; <a href=\"https:\/\/www.vegaintro-projekti.com\/pilar-stari\/2025\/05\/dr-sc-marina-kotrla-topic-na-3-kokoss-konferenciji-bol-23-26-4-2025\/\">Dr. sc. Marina Kotrla Topi\u0107 na 3. KOKOSS konferenciji; Bol, 23.-26. 4. 2025.<\/a><br \/>\n&#8211; <a href=\"https:\/\/www.vegaintro-projekti.com\/pilar-stari\/2025\/03\/dr-sc-marina-kotrla-topic-predavanje-o-mentalnom-zdravlju-ucenika-i-ucitelja-u-kriznim-situacijama-viskovci-4-3-2025\/\">Dr. sc. Marina Kotrla Topi\u0107: Predavanje o mentalnom zdravlju u\u010denika i u\u010ditelja u kriznim situacijama; Vi\u0161kovci, 4. 3. 2025.<\/a><br \/>\n&#8211; <a href=\"https:\/\/www.vegaintro-projekti.com\/pilar-stari\/2025\/03\/dr-sc-marina-kotrla-topic-na-skupu-ekrani-nasi-svagdasnji-sto-ako-se-pretjera-zagreb-27-28-2-2025\/\">Dr. sc. Marina Kotrla Topi\u0107 na skupu &#8220;Ekrani na\u0161i svagda\u0161nji &#8211; \u0161to ako se pretjera?&#8221;; Zagreb, 27.-28. 2. 2025.<\/a><br \/>\n&#8211; <a href=\"https:\/\/www.vegaintro-projekti.com\/pilar-stari\/2025\/02\/dr-sc-marina-kotrla-topic-na-znanstveno-strucnom-skupu-psiholoske-intervencije-u-skolstvu-i-zdravstvu-osijek-7-2-2025\/\">Dr. sc. Marina Kotrla Topi\u0107 na znanstveno-stru\u010dnom skupu Psiholo\u0161ke intervencije u \u0161kolstvu i zdravstvu; Osijek, 7. 2. 2025.<\/a><br \/>\n&#8211; <a href=\"https:\/\/www.vegaintro-projekti.com\/pilar-stari\/2024\/04\/projekt-digilita-utjecaj-okoline-na-razvoj-djeteta-povezanost-upotrebe-digitalne-tehnologije-obiteljskog-literarnog-okruzenja-te-fizicke-aktivnosti-s-dobrobiti-djeteta-u-ranoj-skolskoj-dobi\/\">Dr. sc. Marina Kotrla Topi\u0107: Predavanja za u\u010ditelje i nastavnike o digitalnoj sigurnosti u\u010denika i su\u017eivotu u digitalnom svijetu; velja\u010da 2025.<\/a><br \/>\n&#8211; <a href=\"https:\/\/www.vegaintro-projekti.com\/pilar-stari\/2025\/01\/dr-sc-marina-kotrla-topic-predavanja-za-ucitelje-i-nastavnike-o-digitalnoj-sigurnosti-ucenika-i-suzivotu-u-digitalnom-svijetu-sijecanj-2025\/\">Dr. sc. Marina Kotrla Topi\u0107: Predavanja za u\u010ditelje i nastavnike o digitalnoj sigurnosti u\u010denika i su\u017eivotu u digitalnom svijetu; sije\u010danj 2025.<\/a><br \/>\n&#8211; <a href=\"https:\/\/www.vegaintro-projekti.com\/pilar-stari\/2025\/02\/objavljena-varazdinska-kronika-domovinskoga-rata\/\">Objavljena VARA\u017dDINSKA KRONIKA DOMOVINSKOGA RATA<\/a><br \/>\n&#8211; <a href=\"https:\/\/www.vegaintro-projekti.com\/pilar-stari\/2025\/01\/predstavljanje-knjige-miljenka-brekala-i-stjepana-adanica-varazdinska-kronika-domovinskog-rata-varazdin-17-1-2025\/\">Predstavljanje knjige Miljenka Brekala i Stjepana Adani\u0107a VARA\u017dDINSKA KRONIKA DOMOVINSKOG RATA; Vara\u017edin, 17. 1. 2025.<\/a><br \/>\n&#8211; <a href=\"https:\/\/www.vegaintro-projekti.com\/pilar-stari\/2024\/11\/radionice-u-sklopu-projekta-diglita-6-i-13-11-2024\/\">Radionice u sklopu projekta DigLitA, 6. i 13. 11. 2024.<\/a><br \/>\n&#8211; <a href=\"https:\/\/www.vegaintro-projekti.com\/pilar-stari\/2024\/11\/dr-sc-marina-kotrla-topic-predavanje-za-ucitelje-i-nastavnike-o-digitalnoj-sigurnosti-ucenika-osijek-20-11-2024\/\">Dr. sc. Marina Kotrla Topi\u0107: Predavanje za u\u010ditelje i nastavnike o digitalnoj sigurnosti u\u010denika; Osijek, 20. 11. 2024.<\/a><br \/>\n&#8211; <a href=\"https:\/\/www.vegaintro-projekti.com\/pilar-stari\/2024\/10\/dr-sc-marina-kotrla-topic-ne-gledam-tako-crno-na-navike-mladih-narastaja\/\">Dr. sc. Marina Kotrla Topi\u0107: &#8220;Ne gledam tako crno na navike mladih nara\u0161taja&#8230;&#8221;<\/a><br \/>\n&#8211; <a href=\"https:\/\/www.vegaintro-projekti.com\/pilar-stari\/2024\/06\/10-medunarodna-znanstvena-konferencija-identiteti-kulture-jezici-mostar-3-6-2024\/\">10. Me\u0111unarodna znanstvena konferencija Identiteti \u2013 kulture \u2013 jezici; Mostar, 3. 6. 2024.<\/a><br \/>\n&#8211; <a href=\"https:\/\/www.vegaintro-projekti.com\/pilar-stari\/2024\/03\/dr-sc-marina-kotrla-topic-na-23-tjednu-mozga-11-17-3-2024\/\">Dr. sc. Marina Kotrla Topi\u0107 na 23. Tjednu mozga; 11.-17. 3. 2024.<\/a><br \/>\n&#8211; <a href=\"https:\/\/www.vegaintro-projekti.com\/pilar-stari\/2024\/02\/dr-sc-marina-kotrla-topic-na-skupu-osnazivanje-potencijala-za-preventivne-aktivnosti-u-zajednici-osijek-8-10-2-2024\/\">Dr. sc. Marina Kotrla Topi\u0107 na skupu &#8220;Osna\u017eivanje potencijala za preventivne aktivnosti u zajednici&#8221;; Osijek, 8.-10. 2. 2024.<\/a><br \/>\n&#8211; <a href=\"https:\/\/www.vegaintro-projekti.com\/pilar-stari\/2023\/12\/10-znanstvena-konferencija-identiteti-kulture-jezici-mostar-3-6-2924-poziv-na-sudjelovanje\/\">10. znanstvena konferencija Identiteti \u2013 kulture \u2013 jezici, Mostar, 3. 6. 2024. \u2013 Poziv na sudjelovanje<\/a><br \/>\n&#8211; <a href=\"https:\/\/www.vegaintro-projekti.com\/pilar-stari\/2023\/11\/nagrada-dr-sc-marini-kotrla-topic-za-najbolji-rad-mladog-autora-novi-sad-26-28-10-2023\/\">Nagrada dr. sc. Marini Kotrla Topi\u0107 za najbolji rad mladog autora; Novi Sad, 26.-28. 10. 2023.<\/a><br \/>\n&#8211; <a href=\"https:\/\/www.vegaintro-projekti.com\/pilar-stari\/2023\/05\/tribina-povodom-obiljezavanja-200-godisnjice-rodenja-dr-ante-starcevica-osijek-24-5-2023\/\">Tribina povodom obilje\u017eavanja 200. godi\u0161njice ro\u0111enja dr. Ante Star\u010devi\u0107a; Osijek, 24. 5. 2023.<\/a><br \/>\n&#8211; <a href=\"https:\/\/www.vegaintro-projekti.com\/pilar-stari\/2023\/01\/dr-sc-marina-kotrla-topic-predstavila-rezultate-drugog-istrazivackog-vala-projekta-child-well-u-osijeku-29-12-2022\/\">Dr. sc. Marina Kotrla Topi\u0107 predstavila rezultate drugog istra\u017eiva\u010dkog vala projekta CHILD-WELL u Osijeku, 29. 12. 2022.<\/a><br \/>\n&#8211; <a href=\"https:\/\/www.vegaintro-projekti.com\/pilar-stari\/2023\/01\/predstavljanje-knjige-paradrzava-republika-srpska-krajina-vukovar-13-1-2023\/\">Predstavljanje knjige PARADR\u017dAVA REPUBLIKA SRPSKA KRAJINA; Vukovar, 13. 1. 2023.<\/a><br \/>\n&#8211; <a href=\"https:\/\/www.vegaintro-projekti.com\/pilar-stari\/2022\/11\/predstavljanje-knjige-ddr-sc-miljenka-brekala-paradrzava-republika-srpska-krajina-osijek-17-11-2022\/\">Predstavljanje knjige ddr. sc. Miljenka Brekala PARADR\u017dAVA REPUBLIKA SRPSKA KRAJINA; Osijek, 17. 11. 2022.<\/a><br \/>\n&#8211; <a href=\"https:\/\/www.vegaintro-projekti.com\/pilar-stari\/2022\/11\/objavljena-knjiga-ddr-sc-miljenka-brekala-paradrzava-republika-srpska-krajina\/\">Objavljena knjiga ddr. sc. Miljenka Brekala PARADR\u017dAVA REPUBLIKA SRPSKA KRAJINA<\/a><br \/>\n&#8211; <a href=\"https:\/\/www.vegaintro-projekti.com\/pilar-stari\/2022\/11\/objavljen-zbornik-podravska-slatina-u-domovinskome-ratu\/\">Objavljen zbornik PODRAVSKA SLATINA U DOMOVINSKOME RATU<\/a><br \/>\n&#8211; <a href=\"https:\/\/www.vegaintro-projekti.com\/pilar-stari\/2022\/06\/dr-sc-marina-kotrla-topic-na-okruglom-stolu-na-temu-vrsnjacko-nasilje-osijek-3-6-2022\/\">Dr. sc. Marina Kotrla Topi\u0107 na okruglom stolu na temu \u201eVr\u0161nja\u010dko nasilje\u201c; Osijek, 3. 6. 2022.<\/a><br \/>\n&#8211; <a href=\"https:\/\/www.vegaintro-projekti.com\/pilar-stari\/2021\/12\/dr-sc-marina-kotrla-topic-u-projektima-o-koristenju-digitalne-tehmologije-kod-djece\/\">Dr. sc. Marina Kotrla Topi\u0107 u projektima o kori\u0161tenju digitalne tehnologije kod djece<\/a><br \/>\n&#8211; <a href=\"https:\/\/www.vegaintro-projekti.com\/pilar-stari\/2021\/11\/predstavljena-knjiga-dr-sc-anamarije-lukic-osijek-gradonacelnika-vjekoslava-hengla-12-11-2021\/\">Predstavljena knjiga dr. sc. Anamarije Luki\u0107 &#8220;Osijek gradona\u010delnika Vjekoslava Hengla&#8221;, 12. 11. 2021.<\/a><br \/>\n&#8211; <a href=\"https:\/\/www.vegaintro-projekti.com\/pilar-stari\/2021\/07\/ddr-sc-miljenko-brekalo-gradanska-bosna-i-hercegovina-put-je-u-tiraniju-1-8-2021\/\">Ddr. sc. Miljenko Brekalo: Gra\u0111anska Bosna i Hercegovina put je u tiraniju, 1. 8. 2021.<\/a><br \/>\n&#8211; <a href=\"https:\/\/www.vegaintro-projekti.com\/pilar-stari\/2021\/07\/objavljen-elaborat-marine-kotrla-topic-i-marine-perkovic-kovacevic-kids-digital-lives-in-covid-19-times\/\">Objavljen elaborat Marine Kotrla Topi\u0107 i Marine Perkovi\u0107 Kova\u010devi\u0107 KIDS\u2019 DIGITAL LIVES IN COVID-19 TIMES<\/a><br \/>\n&#8211; <a href=\"https:\/\/www.vegaintro-projekti.com\/pilar-stari\/2021\/06\/deutsche-welle-prica-dana-kako-su-kuhale-stare-slavonke-19-6-2021\/\">DEUTSCHE WELLE: Pri\u010da dana: Kako su kuhale stare Slavonke, 19. 6. 2021.<\/a><br \/>\n&#8211; <a href=\"https:\/\/www.vegaintro-projekti.com\/pilar-stari\/2021\/05\/objavljena-knjiga-dr-sc-mate-arlovica-posavina-u-obrani-konstitutivnosti-bosne-i-hercegovine\/\">Objavljena knjiga dr. sc. Mate Arlovi\u0107a POSAVINA U OBRANI KONSTITUTIVNOSTI BOSNE I HERCEGOVINE<\/a><br \/>\n&#8211; <a href=\"https:\/\/www.vegaintro-projekti.com\/pilar-stari\/2021\/04\/objavljena-knjiga-povijesni-lingvisticki-i-pedagoski-aspekti-njemacko-austrijske-gastro-kulture-u-identitetu-grada-osijeka\/\">Objavljena knjiga Povijesni, lingvisti\u010dki i pedago\u0161ki aspekti njema\u010dko-austrijske gastro kulture u identitetu grada Osijeka<\/a><br \/>\n&#8211; <a href=\"https:\/\/www.vegaintro-projekti.com\/pilar-stari\/2021\/02\/predstavljanje-rezultata-projekta-kidicoti-digitalni-zivot-djece-tijekom-izolacije-uzrokovane-virusom-covid-19-9-2-2021\/\">Predstavljanje rezultata projekta KiDiCoTi \u2013 Digitalni \u017eivot djece tijekom izolacije uzrokovane virusom COVID-19, 9. 2. 2021.<\/a><br \/>\n&#8211; <a href=\"https:\/\/www.vegaintro-projekti.com\/pilar-stari\/2021\/01\/ddr-sc-miljenko-brekalo-dobitnik-nagrade-osjecko-baranjske-zupanije-za-2019\/\">Ddr. sc. Miljenko Brekalo dobitnik Nagrade Osje\u010dko-baranjske \u017eupanije za 2019. godinu<\/a><br \/>\n&#8211; <a href=\"https:\/\/www.vegaintro-projekti.com\/pilar-stari\/2020\/01\/sijecanjski-osvrt-na-znastveno-strucni-skup-podravska-slatina-u-domovinskome-ratu-slatina-12-12-2019\/\">Sije\u010danjski osvrt na znanstveno-stru\u010dni skup &#8220;Podravska Slatina u Domovinskome ratu&#8221;; Slatina, 12. 12. 2019.<\/a><br \/>\n&#8211; <a href=\"https:\/\/www.vegaintro-projekti.com\/pilar-stari\/2019\/12\/dr-sc-miljenko-brekalo-pax-croatorum-narusene-vrijednosti-domovinskoga-rata-30-11-2019\/\">Dr. sc. Miljenko Brekalo: PAX CROATORUM &#8211; naru\u0161ene vrijednosti Domovinskoga rata, 30. 11. 2019.<\/a><br \/>\n&#8211; <a href=\"https:\/\/www.vegaintro-projekti.com\/pilar-stari\/2019\/10\/znanstvenici-instituta-pilar-dr-sc-miljenko-brekalo-i-dr-sc-igor-miklousic-dobitnici-godisnjih-nagrada-za-znanost-za-2018-godinu\/\">Znanstvenici Instituta dr. sc. Miljenko Brekalo i dr. sc. Igor Miklou\u0161i\u0107 dobitnici godi\u0161njih nagrada za znanost za 2018. godinu<\/a><br \/>\n&#8211; <a href=\"https:\/\/www.vegaintro-projekti.com\/pilar-stari\/2019\/10\/koch-buch-1-8-7-3-istrazivanje-njemacko-austrijskog-doprinosa-oblikovanju-identiteta-grada-osijeka-kroz-povezanost-gastronomske-kulture-i-njemackog-jezika\/\">Koch Buch 1.8.7.3. \u2013 istra\u017eivanje njema\u010dko-austrijskog doprinosa oblikovanju identiteta grada Osijeka kroz povezanost gastronomske kulture i njema\u010dkog jezika<\/a><br \/>\n&#8211; <a href=\"https:\/\/www.vegaintro-projekti.com\/pilar-stari\/2019\/08\/dr-sc-miljenko-brekalo-istrazivanje-znanja-studenata-o-novijoj-hrvatskoj-povijesti-14-8-2019\/\">Ddr. sc. Miljenko Brekalo: Istra\u017eivanje znanja studenata o novijoj hrvatskoj povijesti, 4.-15. 8. 2019.<\/a><br \/>\n&#8211; <a href=\"https:\/\/www.vegaintro-projekti.com\/pilar-stari\/2020\/02\/objavljena-knjiga-ddr-sc-miljenka-brekala-pax-croatorum-narusene-vrijednosti-domovinskoga-rata\/\">Objavljena knjiga ddr. sc. Miljenka Brekala PAX CROATORUM \u2013 naru\u0161ene vrijednosti Domovinskoga rata<\/a><br \/>\n&#8211; <a href=\"https:\/\/www.vegaintro-projekti.com\/pilar-stari\/2019\/01\/prof-dr-sc-miljenko-brekalo-odlikovan-redom-danice-hrvatske-s-likom-rudera-boskovica-18-1-2019\/\">Prof. dr. sc. Miljenko Brekalo odlikovan Redom Danice hrvatske s likom Ru\u0111era Bo\u0161kovi\u0107a, 18. 1. 2019.<\/a><br \/>\n&#8211;&nbsp;<a href=\"https:\/\/www.vegaintro-projekti.com\/pilar-stari\/2018\/12\/ddr-sc-miljenko-brekalo-clanci-i-intervjui-2018\/\">Ddr. sc. Miljenko Brekalo: \u010cLANCI I INTERVJUI, 2018.<\/a><br \/>\n&#8211;&nbsp;<a href=\"http:\/\/www.glas-slavonije.hr\/384157\/11\/Sjecanje-na-povijesnu-akciju-Spasavanje-gladne-hercegovacke-djece-u-Slavoniji-Srijemu-i-Backoj\">Ddr. sc. Miljenko Brekalo: Sje\u0107anje na povijesnu akciju: Spa\u0161avanje gladne hercegova\u010dke djece<\/a><br \/>\n&#8211; <a href=\"https:\/\/www.vegaintro-projekti.com\/pilar-stari\/2018\/01\/objavljen-zbornik-domovinski-rat-njegove-posljedice-i-perspektive-na-podrucju-hrvatskoga-istoka\/\">Objavljen zbornik DOMOVINSKI RAT, NJEGOVE POSLJEDICE I PERSPEKTIVE NA PODRU\u010cJU HRVATSKOGA ISTOKA<\/a><br \/>\n&#8211;&nbsp;<a href=\"https:\/\/www.vegaintro-projekti.com\/pilar-stari\/2017\/11\/tribina-digitalna-tehnologija-u-obitelji-prijatelj-ili-neprijatelj\/\">Tribina: DIGITALNA TEHNOLOGIJA U OBITELJI \u2013 PRIJATELJ ILI NEPRIJATELJ?, 20. 11. 2017.<\/a><br \/>\n&#8211;&nbsp;<a href=\"https:\/\/www.vegaintro-projekti.com\/pilar-stari\/2016\/11\/predstavljanje-monografije-90-godina-elektricnog-tramvaja-u-osijeku\/\">Predstavljanje monografije 90 godina elektri\u010dnog tramvaja u Osijeku, 12. 12. 2016.<\/a><br \/>\n&#8211;&nbsp;<a href=\"https:\/\/www.vegaintro-projekti.com\/pilar-stari\/2016\/12\/3-skup-domovinski-rat-na-podrucju-hrvatskog-istoka-2-3-12-2016\/\">3. SKUP: Domovinski rat na podru\u010dju hrvatskog istoka, 2.-3. 12. 2016.<\/a><br \/>\n&#8211;&nbsp;<a href=\"https:\/\/www.vegaintro-projekti.com\/pilar-stari\/2017\/01\/predstavljanje-zbornika-domovinski-rat-i-razvoj-hrvatskog-istoka\/\">Predstavljanje zbornika Domovinski rat i razvoj hrvatskog istoka, 1. 12. 2016.<\/a><br \/>\n&#8211;&nbsp;<a href=\"https:\/\/www.vegaintro-projekti.com\/pilar-stari\/2017\/01\/objavljen-zbornik-domovinski-rat-i-razvoj-hrvatskoga-istoka\/\">Objavljen zbornik DOMOVINSKI RAT I RAZVOJ HRVATSKOGA ISTOKA<\/a><br \/>\n&#8211;&nbsp;<a href=\"https:\/\/www.vegaintro-projekti.com\/pilar-stari\/2016\/11\/skup-nijemci-i-austrijanci-u-hrvatskom-kulturnom-krugu-4-6-11-2016\/\">SKUP: Nijemci i Austrijanci u hrvatskom kulturnom krugu, 4.-6. 11. 2016.<\/a><br \/>\n&#8211;&nbsp;<a href=\"https:\/\/www.vegaintro-projekti.com\/pilar-stari\/2016\/11\/podrucnom-centru-osijek-javno-priznaje-pecat-grada-osijeka\/\">Podru\u010dnom centru Osijek javno priznanje PE\u010cAT GRADA OSIJEKA za 2016. godinu<\/a><br \/>\n&#8211;&nbsp;<a href=\"https:\/\/www.vegaintro-projekti.com\/pilar-stari\/2016\/07\/predstavljanje-hrvatske-enciklopedije-bosne-i-hercegovine-u-osijeku\/\">Predstavljanje HRVATSKE ENCIKLOPEDIJE BOSNE I HERCEGOVINE u Osijeku, 9. 6. 2016.<\/a><br \/>\n&#8211;&nbsp;<a href=\"https:\/\/www.vegaintro-projekti.com\/pilar-stari\/2016\/07\/konferencija-europa-u-mijeni-progon-i-egzodus-kao-univerzalni-problem\/\">Konferencija: EUROPA U MIJENI &#8211; Progon i egzodus kao univerzalni problem, 3. 6. 2016.<\/a><br \/>\n&#8211;&nbsp;<a href=\"https:\/\/www.vegaintro-projekti.com\/pilar-stari\/2016\/05\/veleposlanica-izraela-zina-kalay-kleitman-u-osijeku\/\">VELEPOSLANICA IZRAELA ZINA KALAY-KLEITMAN U OSIJEKU, 24. 3. 2016.<\/a><br \/>\n&#8211;&nbsp;<a href=\"https:\/\/www.vegaintro-projekti.com\/pilar-stari\/2016\/02\/tribina-u-osijeku-djeca-i-digitalna-tehnologija-9-2-2016\/\">Tribina u Osijeku: DJECA I DIGITALNA TEHNOLOGIJA, 9. 2. 2016.<\/a><br \/>\n&#8211;&nbsp;<a href=\"https:\/\/www.vegaintro-projekti.com\/pilar-stari\/2015\/11\/2-skup-domovinski-rat-i-odrazi-na-razvoj-hrvatskog-istoka\/\">2. skup: DOMOVINSKI RAT I ODRAZI NA RAZVOJ HRVATSKOG ISTOKA, 2.-3. 12. 2015.<\/a><br \/>\n&#8211;&nbsp;<a href=\"https:\/\/www.vegaintro-projekti.com\/pilar-stari\/2015\/09\/skup-zivot-i-djelo-prof-dr-sc-stjepana-srsana\/\">SKUP: \u017divot i djelo prof. dr. sc. Stjepana Sr\u0161ana<\/a><br \/>\n&#8211;&nbsp;<a href=\"https:\/\/www.vegaintro-projekti.com\/pilar-stari\/2015\/06\/konferencija-identiteti-kulture-jezici-mostar-5-6-2015\/\">Konferencija: IDENTITETI \u2013 KULTURE \u2013 JEZICI; Mostar, 5. 6. 2015.<\/a><br \/>\n&#8211;&nbsp;<a href=\"https:\/\/www.vegaintro-projekti.com\/pilar-stari\/2015\/06\/skup-znanstvene-kulturne-obrazovne-i-umjetnicke-politike\/\">SKUP: Znanstvene, kulturne, obrazovne i umjetni\u010dke politike<\/a><br \/>\n&#8211;&nbsp;<a href=\"https:\/\/www.vegaintro-projekti.com\/pilar-stari\/2014\/07\/skup-hrvatski-istok-u-domovinskom-ratu-poziv-na-sudjelovanje\/\">1. skup HRVATSKI ISTOK U DOMOVINSKOM RATU; Osijek, 4.-5. 12. 2014.<\/a><br \/>\n&#8211; <a href=\"https:\/\/www.vegaintro-projekti.com\/pilar-stari\/2014\/06\/knjiga-svjetski-rat-i-hrvati-predstavljena-u-podrucnom-centru-osijek\/\">Knjiga SVJETSKI RAT I HRVATI predstavljena u Podru\u010dnom centru Osijek<\/a><br \/>\n&#8211; <a href=\"https:\/\/www.vegaintro-projekti.com\/pilar-stari\/2014\/05\/predstavljanje-knjige-zvonimira-separovica-hrvatska-tuzba-u-osijeku\/\">Predstavljanje knjige Zvonimira \u0160eparovi\u0107a HRVATSKA TU\u017dBA u Osijeku<\/a><br \/>\n&#8211;&nbsp;<a href=\"https:\/\/www.vegaintro-projekti.com\/pilar-stari\/2014\/03\/predstavljanje-monografije-gospic-u-podrucnom-centru-osijek\/\">Predstavljanje monografije GOSPI\u0106 u Podru\u010dnom centru Osijek<\/a><br \/>\n&#8211; <a href=\"https:\/\/www.vegaintro-projekti.com\/pilar-stari\/2014\/01\/predstavljanje-monografije-gospic-grad-ljudi-identitet-u-pozegi-i-osijeku\/\">Predstavljanje monografije GOSPI\u0106 &#8211; Grad, ljudi, identitet u Po\u017eegi i Osijeku<\/a><br \/>\n&#8211; <a href=\"https:\/\/www.vegaintro-projekti.com\/pilar-stari\/2013\/06\/tribina-i-okrugli-stol-u-podrunom-centru-osijek-instituta-ivo-pilar\/\">Tribina i okrugli stol u Podru\u010dnom centru Osijek Instituta Ivo Pilar, 27. svibnja 2013.<\/a><br \/>\n&#8211; <a href=\"https:\/\/www.vegaintro-projekti.com\/pilar-stari\/2013\/03\/tribina-u-osijeku-razvojne-promjene-i-potekoe-kod-posebnih-populacija\/\">TRIBINA U OSIJEKU: Razvojne promjene i pote\u0161ko\u0107e kod posebnih populacija<\/a><br \/>\n&#8211; <a href=\"https:\/\/www.vegaintro-projekti.com\/pilar-stari\/2013\/03\/poziv-za-skup-kultura-drutvo-identitet-europski-realiteti\/\">Odr\u017ean skup KULTURA, DRU\u0160TVO, IDENTITET \u2013 EUROPSKI REALITETI<\/a><br \/>\n&#8211;&nbsp;<a href=\"https:\/\/www.vegaintro-projekti.com\/pilar-stari\/2012\/11\/tribina-u-osijeku-hrvatski-identitet-i-vrijednosti-u-europskom-kontekstu\/\">Tribina u Osijeku: Hrvatski identitet i vrijednosti u europskom kontekstu, 23. 11. 2012.<\/a><\/p>\n<p><span style=\"font-weight: bold;\">Znanstvene tribine: 20 godina istra\u017eivanja Instituta Ivo Pilar<\/span><\/p>\n<p>&#8211; <a href=\"https:\/\/www.vegaintro-projekti.com\/pilar-stari\/2011\/10\/tribina-u-osijeku-obrazovna-postignua-osjeko-baranjske-upanije\/\">1. tribina: Pregled obrazovnih postignu\u0107a Osje\u010dko-baranjske \u017eupanije (doc. dr. sc. Toni Babarovi\u0107 i dr. sc. Marija \u0160aki\u0107), 24. listopada 2011.<\/a><br \/>\n&#8211; <a href=\"https:\/\/www.vegaintro-projekti.com\/pilar-stari\/2008\/11\/ivotopis-dr-ive-pilara\/\">Fotogalerija: 1. tribina u Osijeku<\/a><\/p>\n","protected":false},"excerpt":{"rendered":"<p>Naziv \u25cf Sjedi\u0161te \u25cf Voditelj \u25cf Osnutak \u25cf Povijest \u25cf Djelatnici \u25cf Djelatnost \u25cf Projekti \u25cf Publikacije \u25cf Novosti &nbsp; Naziv Institut dru\u0161tvenih znanosti Ivo Pilar \u2013 Podru\u010dni centar Osijek &nbsp; Sjedi\u0161te \u0160ama\u010dka 9\/II 31000 Osijek Tel.: + 385 31&nbsp;207 294 \/ + 385 31 207 285 Fax.: + 385 31&nbsp;202 067 E-mail: miljenko.brekalo@vegaintro-projekti.com\/pilar-stari&nbsp; &nbsp;&hellip; <a class=\"continue\" href=\"https:\/\/www.vegaintro-projekti.com\/pilar-stari\/2010\/07\/podruni-centar-osijek-2\/\">Pro\u010ditaj vi\u0161e o<span> Podru\u010dni centar Osijek<\/span><\/a><\/p>\n","protected":false},"author":1,"featured_media":0,"comment_status":"closed","ping_status":"closed","sticky":false,"template":"","format":"standard","meta":{"inline_featured_image":false,"ngg_post_thumbnail":0,"footnotes":""},"categories":[51],"tags":[],"yoast_head":"<!-- This site is optimized with the Yoast SEO plugin v21.2 - https:\/\/yoast.com\/wordpress\/plugins\/seo\/ -->\n<title>Podru\u010dni centar Osijek - Institut dru&scaron;tvenih znanosti Ivo Pilar<\/title>\n<meta name=\"robots\" content=\"noindex, follow, max-snippet:-1, max-image-preview:large, max-video-preview:-1\" \/>\n<meta property=\"og:locale\" content=\"hr_HR\" \/>\n<meta property=\"og:type\" content=\"article\" \/>\n<meta property=\"og:title\" content=\"Podru\u010dni centar Osijek - Institut dru&scaron;tvenih znanosti Ivo Pilar\" \/>\n<meta property=\"og:description\" content=\"Naziv \u25cf Sjedi\u0161te \u25cf Voditelj \u25cf Osnutak \u25cf Povijest \u25cf Djelatnici \u25cf Djelatnost \u25cf Projekti \u25cf Publikacije \u25cf Novosti &nbsp; Naziv Institut dru\u0161tvenih znanosti Ivo Pilar \u2013 Podru\u010dni centar Osijek &nbsp; Sjedi\u0161te \u0160ama\u010dka 9\/II 31000 Osijek Tel.: + 385 31&nbsp;207 294 \/ + 385 31 207 285 Fax.: + 385 31&nbsp;202 067 E-mail: miljenko.brekalo@vegaintro-projekti.com\/pilar-stari&nbsp; &nbsp;&hellip; Pro\u010ditaj vi\u0161e o Podru\u010dni centar Osijek\" \/>\n<meta property=\"og:url\" content=\"https:\/\/www.vegaintro-projekti.com\/pilar-stari\/2010\/07\/podruni-centar-osijek-2\/\" \/>\n<meta property=\"og:site_name\" content=\"Institut dru&scaron;tvenih znanosti Ivo Pilar\" \/>\n<meta property=\"article:published_time\" content=\"2010-07-06T11:39:49+00:00\" \/>\n<meta property=\"article:modified_time\" content=\"2025-11-13T21:50:07+00:00\" \/>\n<meta property=\"og:image\" content=\"https:\/\/www.vegaintro-projekti.com\/pilar-stari\/wp-content\/uploads\/2025\/10\/Janaf_logo-300x102.jpg\" \/>\n<meta name=\"author\" content=\"pilar-admin\" \/>\n<meta name=\"twitter:card\" content=\"summary_large_image\" \/>\n<meta name=\"twitter:label1\" content=\"Napisao\/la\" \/>\n\t<meta name=\"twitter:data1\" content=\"pilar-admin\" \/>\n\t<meta name=\"twitter:label2\" content=\"Procijenjeno vrijeme \u010ditanja\" \/>\n\t<meta name=\"twitter:data2\" content=\"10 minuta\" \/>\n<script type=\"application\/ld+json\" class=\"yoast-schema-graph\">{\"@context\":\"https:\/\/schema.org\",\"@graph\":[{\"@type\":\"WebPage\",\"@id\":\"https:\/\/www.vegaintro-projekti.com\/pilar-stari\/2010\/07\/podruni-centar-osijek-2\/\",\"url\":\"https:\/\/www.vegaintro-projekti.com\/pilar-stari\/2010\/07\/podruni-centar-osijek-2\/\",\"name\":\"Podru\u010dni centar Osijek - Institut dru&scaron;tvenih znanosti Ivo Pilar\",\"isPartOf\":{\"@id\":\"https:\/\/www.vegaintro-projekti.com\/pilar-stari\/#website\"},\"datePublished\":\"2010-07-06T11:39:49+00:00\",\"dateModified\":\"2025-11-13T21:50:07+00:00\",\"author\":{\"@id\":\"https:\/\/www.vegaintro-projekti.com\/pilar-stari\/#\/schema\/person\/c0db50ebd77c4409e19b18044bbf10c1\"},\"breadcrumb\":{\"@id\":\"https:\/\/www.vegaintro-projekti.com\/pilar-stari\/2010\/07\/podruni-centar-osijek-2\/#breadcrumb\"},\"inLanguage\":\"hr\",\"potentialAction\":[{\"@type\":\"ReadAction\",\"target\":[\"https:\/\/www.vegaintro-projekti.com\/pilar-stari\/2010\/07\/podruni-centar-osijek-2\/\"]}]},{\"@type\":\"BreadcrumbList\",\"@id\":\"https:\/\/www.vegaintro-projekti.com\/pilar-stari\/2010\/07\/podruni-centar-osijek-2\/#breadcrumb\",\"itemListElement\":[{\"@type\":\"ListItem\",\"position\":1,\"name\":\"Home\",\"item\":\"https:\/\/www.vegaintro-projekti.com\/pilar-stari\/\"},{\"@type\":\"ListItem\",\"position\":2,\"name\":\"Podru\u010dni centar Osijek\"}]},{\"@type\":\"WebSite\",\"@id\":\"https:\/\/www.vegaintro-projekti.com\/pilar-stari\/#website\",\"url\":\"https:\/\/www.vegaintro-projekti.com\/pilar-stari\/\",\"name\":\"Institut dru&scaron;tvenih znanosti Ivo Pilar\",\"description\":\"Pilar\",\"potentialAction\":[{\"@type\":\"SearchAction\",\"target\":{\"@type\":\"EntryPoint\",\"urlTemplate\":\"https:\/\/www.vegaintro-projekti.com\/pilar-stari\/?s={search_term_string}\"},\"query-input\":\"required name=search_term_string\"}],\"inLanguage\":\"hr\"},{\"@type\":\"Person\",\"@id\":\"https:\/\/www.vegaintro-projekti.com\/pilar-stari\/#\/schema\/person\/c0db50ebd77c4409e19b18044bbf10c1\",\"name\":\"pilar-admin\",\"image\":{\"@type\":\"ImageObject\",\"inLanguage\":\"hr\",\"@id\":\"https:\/\/www.vegaintro-projekti.com\/pilar-stari\/#\/schema\/person\/image\/\",\"url\":\"https:\/\/secure.gravatar.com\/avatar\/fac9e03c4db0011b9c1ad8b5e9c74b8c?s=96&d=mm&r=g\",\"contentUrl\":\"https:\/\/secure.gravatar.com\/avatar\/fac9e03c4db0011b9c1ad8b5e9c74b8c?s=96&d=mm&r=g\",\"caption\":\"pilar-admin\"},\"url\":\"https:\/\/www.vegaintro-projekti.com\/pilar-stari\/author\/pilar-admin\/\"}]}<\/script>\n<!-- \/ Yoast SEO plugin. -->","yoast_head_json":{"title":"Podru\u010dni centar Osijek - Institut dru&scaron;tvenih znanosti Ivo Pilar","robots":{"index":"noindex","follow":"follow","max-snippet":"max-snippet:-1","max-image-preview":"max-image-preview:large","max-video-preview":"max-video-preview:-1"},"og_locale":"hr_HR","og_type":"article","og_title":"Podru\u010dni centar Osijek - Institut dru&scaron;tvenih znanosti Ivo Pilar","og_description":"Naziv \u25cf Sjedi\u0161te \u25cf Voditelj \u25cf Osnutak \u25cf Povijest \u25cf Djelatnici \u25cf Djelatnost \u25cf Projekti \u25cf Publikacije \u25cf Novosti &nbsp; Naziv Institut dru\u0161tvenih znanosti Ivo Pilar \u2013 Podru\u010dni centar Osijek &nbsp; Sjedi\u0161te \u0160ama\u010dka 9\/II 31000 Osijek Tel.: + 385 31&nbsp;207 294 \/ + 385 31 207 285 Fax.: + 385 31&nbsp;202 067 E-mail: miljenko.brekalo@vegaintro-projekti.com\/pilar-stari&nbsp; &nbsp;&hellip; Pro\u010ditaj vi\u0161e o Podru\u010dni centar Osijek","og_url":"https:\/\/www.vegaintro-projekti.com\/pilar-stari\/2010\/07\/podruni-centar-osijek-2\/","og_site_name":"Institut dru&scaron;tvenih znanosti Ivo Pilar","article_published_time":"2010-07-06T11:39:49+00:00","article_modified_time":"2025-11-13T21:50:07+00:00","og_image":[{"url":"https:\/\/www.vegaintro-projekti.com\/pilar-stari\/wp-content\/uploads\/2025\/10\/Janaf_logo-300x102.jpg"}],"author":"pilar-admin","twitter_card":"summary_large_image","twitter_misc":{"Napisao\/la":"pilar-admin","Procijenjeno vrijeme \u010ditanja":"10 minuta"},"schema":{"@context":"https:\/\/schema.org","@graph":[{"@type":"WebPage","@id":"https:\/\/www.vegaintro-projekti.com\/pilar-stari\/2010\/07\/podruni-centar-osijek-2\/","url":"https:\/\/www.vegaintro-projekti.com\/pilar-stari\/2010\/07\/podruni-centar-osijek-2\/","name":"Podru\u010dni centar Osijek - Institut dru&scaron;tvenih znanosti Ivo Pilar","isPartOf":{"@id":"https:\/\/www.vegaintro-projekti.com\/pilar-stari\/#website"},"datePublished":"2010-07-06T11:39:49+00:00","dateModified":"2025-11-13T21:50:07+00:00","author":{"@id":"https:\/\/www.vegaintro-projekti.com\/pilar-stari\/#\/schema\/person\/c0db50ebd77c4409e19b18044bbf10c1"},"breadcrumb":{"@id":"https:\/\/www.vegaintro-projekti.com\/pilar-stari\/2010\/07\/podruni-centar-osijek-2\/#breadcrumb"},"inLanguage":"hr","potentialAction":[{"@type":"ReadAction","target":["https:\/\/www.vegaintro-projekti.com\/pilar-stari\/2010\/07\/podruni-centar-osijek-2\/"]}]},{"@type":"BreadcrumbList","@id":"https:\/\/www.vegaintro-projekti.com\/pilar-stari\/2010\/07\/podruni-centar-osijek-2\/#breadcrumb","itemListElement":[{"@type":"ListItem","position":1,"name":"Home","item":"https:\/\/www.vegaintro-projekti.com\/pilar-stari\/"},{"@type":"ListItem","position":2,"name":"Podru\u010dni centar Osijek"}]},{"@type":"WebSite","@id":"https:\/\/www.vegaintro-projekti.com\/pilar-stari\/#website","url":"https:\/\/www.vegaintro-projekti.com\/pilar-stari\/","name":"Institut dru&scaron;tvenih znanosti Ivo Pilar","description":"Pilar","potentialAction":[{"@type":"SearchAction","target":{"@type":"EntryPoint","urlTemplate":"https:\/\/www.vegaintro-projekti.com\/pilar-stari\/?s={search_term_string}"},"query-input":"required name=search_term_string"}],"inLanguage":"hr"},{"@type":"Person","@id":"https:\/\/www.vegaintro-projekti.com\/pilar-stari\/#\/schema\/person\/c0db50ebd77c4409e19b18044bbf10c1","name":"pilar-admin","image":{"@type":"ImageObject","inLanguage":"hr","@id":"https:\/\/www.vegaintro-projekti.com\/pilar-stari\/#\/schema\/person\/image\/","url":"https:\/\/secure.gravatar.com\/avatar\/fac9e03c4db0011b9c1ad8b5e9c74b8c?s=96&d=mm&r=g","contentUrl":"https:\/\/secure.gravatar.com\/avatar\/fac9e03c4db0011b9c1ad8b5e9c74b8c?s=96&d=mm&r=g","caption":"pilar-admin"},"url":"https:\/\/www.vegaintro-projekti.com\/pilar-stari\/author\/pilar-admin\/"}]}},"_links":{"self":[{"href":"https:\/\/www.vegaintro-projekti.com\/pilar-stari\/wp-json\/wp\/v2\/posts\/296"}],"collection":[{"href":"https:\/\/www.vegaintro-projekti.com\/pilar-stari\/wp-json\/wp\/v2\/posts"}],"about":[{"href":"https:\/\/www.vegaintro-projekti.com\/pilar-stari\/wp-json\/wp\/v2\/types\/post"}],"author":[{"embeddable":true,"href":"https:\/\/www.vegaintro-projekti.com\/pilar-stari\/wp-json\/wp\/v2\/users\/1"}],"replies":[{"embeddable":true,"href":"https:\/\/www.vegaintro-projekti.com\/pilar-stari\/wp-json\/wp\/v2\/comments?post=296"}],"version-history":[{"count":102,"href":"https:\/\/www.vegaintro-projekti.com\/pilar-stari\/wp-json\/wp\/v2\/posts\/296\/revisions"}],"predecessor-version":[{"id":36495,"href":"https:\/\/www.vegaintro-projekti.com\/pilar-stari\/wp-json\/wp\/v2\/posts\/296\/revisions\/36495"}],"wp:attachment":[{"href":"https:\/\/www.vegaintro-projekti.com\/pilar-stari\/wp-json\/wp\/v2\/media?parent=296"}],"wp:term":[{"taxonomy":"category","embeddable":true,"href":"https:\/\/www.vegaintro-projekti.com\/pilar-stari\/wp-json\/wp\/v2\/categories?post=296"},{"taxonomy":"post_tag","embeddable":true,"href":"https:\/\/www.vegaintro-projekti.com\/pilar-stari\/wp-json\/wp\/v2\/tags?post=296"}],"curies":[{"name":"wp","href":"https:\/\/api.w.org\/{rel}","templated":true}]}}