{"id":298,"date":"2010-07-06T11:40:32","date_gmt":"2010-07-06T11:40:32","guid":{"rendered":"https:\/\/www.vegaintro-projekti.com\/pilar-stari\/2010\/07\/06\/podruni-centar-split-2\/"},"modified":"2025-12-09T11:35:40","modified_gmt":"2025-12-09T11:35:40","slug":"podruni-centar-split-2","status":"publish","type":"post","link":"https:\/\/www.vegaintro-projekti.com\/pilar-stari\/2010\/07\/podruni-centar-split-2\/","title":{"rendered":"Podru\u010dni centar Split"},"content":{"rendered":"<p><a href=\"#naziv\"><br \/>\n<\/a><a href=\"#na\">Naziv<\/a> \u25cf <a href=\"#sj\">Sjedi\u0161te<\/a> \u25cf <a href=\"#vo\">Voditelj<\/a> \u25cf <a href=\"#os\">Osnutak<\/a> \u25cf <a href=\"#dj\">Djelatnici<\/a> \u25cf <a href=\"#dje\">Djelatnost<\/a> \u25cf <a href=\"#pr\">Projekti<\/a> \u25cf <a href=\"#bi\">Bibliografija<\/a> \u25cf <a href=\"#sk\">Skupovi<\/a> \u25cf <a href=\"#no\">Novosti<br \/>\n<\/a><br \/>\n<a id=\"na\"><\/a><span style=\"font-size: 12pt;\">Naziv<br \/>\n<\/span><br \/>\n<strong>Institut dru\u0161tvenih znanosti Ivo Pilar \u2013 Centar Split \/ Institute of Social Sciences Ivo Pilar \u2013 Centre Split<br \/>\n<\/strong><\/p>\n<p>&nbsp;<\/p>\n<p><a id=\"sj\"><\/a><span style=\"font-size: 12pt;\">Sjedi\u0161te<\/span><\/p>\n<p>Bijankinijeva 13<br \/>\n21000 Split<br \/>\nE-mail: <a href=\"mailto:Sasa.Mrduljas@vegaintro-projekti.com\/pilar-stari\">Sasa.Mrduljas@vegaintro-projekti.com\/pilar-stari<br \/>\n<\/a><span style=\"color: #333333;\"><br \/>\n<\/span><\/p>\n<p><a id=\"vo\"><\/a><span style=\"font-size: 12pt;\">Voditelj<\/span><\/p>\n<p>Dr. sc. Sa\u0161a Mrdulja\u0161<\/p>\n<p><span style=\"font-size: 12pt;\"><br \/>\n<a id=\"os\"><\/a>Osnutak<\/span><\/p>\n<p><strong>24. o\u017eujka 1992.<\/strong><\/p>\n<p>&nbsp;<\/p>\n<p><span style=\"font-size: 12pt;\"><a id=\"dj\"><\/a>Djelatnici<\/span><\/p>\n<p>1.&nbsp;dr. sc. Jadranka Rebeka Ani\u0107, znanstvena savjetnica<br \/>\n2. dr. sc. Augustin Derado, vi\u0161i asistent<br \/>\n3. dr. sc. Sa\u0161a Mrdulja\u0161, znanstveni savjetnik&nbsp;<br \/>\n4. mr. sc. Mirko Petri\u0107, stru\u010dni savjetnik u znanosti<br \/>\n5. Iva \u017duni\u0107, VSS, asistentica<\/p>\n<p>&nbsp;<\/p>\n<p><a id=\"dje\"><\/a><span style=\"font-size: 12pt;\">Djelatnost<\/span><\/p>\n<p>Institut dru\u0161tvenih znanosti Ivo Pilar osnivanjem je regionalnog Centra Split iskazao trajni interes za regionalni razvoj Hrvatske, za njenu jadransku orijentaciju i mediteransko obilje\u017eje. Sukladno tome, predvi\u0111eno je da jedna od glavnih djelatnosti splitskog centra bude usmjerena prema istra\u017eivanju predmeta od regionalnog zna\u010daja. Onih koje se odnose na Split te na dalmatinsko priobalje, oto\u010dje i zale\u0111e. Jednako tako, obzirom na me\u0111uovisnost Dalmacije i susjedne BiH, djelatnost je centra usmjerena i prema istra\u017eivanju tematika vezanih uz bosansko-hercegova\u010dki prostor. Uz poseban interes prema onim temama koje se ti\u010du hrvatske etni\u010dke komponente u toj zemlji. Pored istaknutog, splitski je centar od svog osnutka sna\u017eno usmjeren prema istra\u017eivanju predmeta s podru\u010dja teologije, sociologije religije, bioetike.<\/p>\n<p>&nbsp;<\/p>\n<p><a id=\"pr\"><\/a><span style=\"font-size: 12pt;\">Projekti<\/span><\/p>\n<p>Od osnutka splitskog centra Instituta Ivo Pilar njegovi su djelatnici bili uklju\u010deni u niz projekata Ministarstva znanosti, obrazovanja i \u0161porta (2007. <strong>\u2013&nbsp;<\/strong>2013.):<\/p>\n<p>&#8211;&nbsp;<strong>Socioreligijska karta Hrvatske<\/strong>;<br \/>\n&#8211;&nbsp;<strong>Religijske zajednice u Hrvatskoj i njihova uloga u integracijskim procesima<\/strong>;<br \/>\n&#8211;&nbsp;<strong>Domovinski rat<\/strong>;<br \/>\n&#8211;&nbsp;<strong>Religijski pluralizam, postmoderni religijski pokret i hrvatski identitet<\/strong>;<br \/>\n&#8211;&nbsp;<strong>Hrvatski identitet i multikulturalnost Mediterana u doba globalizacije.<\/strong><\/p>\n<p>&nbsp;<\/p>\n<p><a id=\"bi\"><\/a><span style=\"font-size: 12pt;\">Bibliografija<\/span><\/p>\n<p>Popis znanstvenih radova djelatnika splitskog centra Instituta Ivo Pilar (Hrvatska znanstvena bibliografija):<\/p>\n<p>dr. sc. Jadranka Rebeka Ani\u0107: <a href=\"http:\/\/bib.irb.hr\/lista-radova?autor=277285\">http:\/\/bib.irb.hr\/lista-radova?autor=277285<\/a><br \/>\ndr. sc. Neven Duvnjak: <a href=\"http:\/\/bib.irb.hr\/lista-radova?autor=201185\">http:\/\/bib.irb.hr\/lista-radova?autor=201185<\/a><br \/>\ndr. sc. Sa\u0161a Mrdulja\u0161: <a href=\"http:\/\/bib.irb.hr\/lista-radova?autor=250202\">http:\/\/bib.irb.hr\/lista-radova?autor=250202<br \/>\n<\/a>dr. sc. Inga Tomi\u0107-Koludrovi\u0107: <a href=\"https:\/\/bib.irb.hr\/lista-radova?autor=210725\">https:\/\/bib.irb.hr\/lista-radova?autor=210725<\/a><\/p>\n<p>&nbsp;<\/p>\n<p><a id=\"sk\"><\/a><span style=\"font-size: 12pt;\">Skupovi<\/span><\/p>\n<p>Institut dru\u0161tvenih znanosti Ivo Pilar \u2013 Centar Split do sada je organizirao tri me\u0111unarodna znanstvena simpozija:<\/p>\n<p>&#8211;&nbsp;&#8220;Konfesije i rat&#8221;;<br \/>\n&#8211;&nbsp;&#8220;Crkva i dr\u017eava u dru\u0161tvima u tranziciji&#8221;;<br \/>\n&#8211;&nbsp;&#8221;Vjerske zajednice u Hrvatskoj i njihova uloga u integracijskim procesima&#8221;.<\/p>\n<p>O sva tri skupa objavljeni su zbornici radova, a tiskane su i dvije knjige s podru\u010dja sociologije religije.<\/p>\n<p>&nbsp;<\/p>\n<p><a id=\"no\"><\/a><span style=\"font-size: 12pt;\">Novosti<\/span><\/p>\n<p>&#8211; <a href=\"https:\/\/www.vegaintro-projekti.com\/pilar-stari\/2025\/12\/dr-sc-jadranka-rebeka-anic-i-izv-prof-zilka-spahic-siljak-u-sklopu-projekta-nextgenderhr-izlagale-na-sveucilistu-u-innsbrucku-20-21-11-2025\/\">Dr. sc. Jadranka Rebeka Ani\u0107 i izv. prof. Zilka Spahi\u0107-\u0160iljak u sklopu projekta NextGenderHR izlagale na Sveu\u010dili\u0161tu u Innsbrucku, 20.\u201321. 11. 2025.<\/a><br \/>\n&#8211; <a href=\"https:\/\/www.vegaintro-projekti.com\/pilar-stari\/2025\/11\/sudjelovanje-asistentice-iva-zunic-na-ljetnoj-skoli-i-radionicama-u-2025-godini\/\">Sudjelovanje asistentice Iva \u017duni\u0107 na ljetnoj \u0161koli i radionicama u 2025. godini<\/a><br \/>\n&#8211; <a href=\"https:\/\/www.vegaintro-projekti.com\/pilar-stari\/2025\/11\/odrzan-peti-radni-sastanak-projekta-nextgenderhr-u-2025-godini-23-10-2025\/\">Odr\u017ean peti radni sastanak projekta NextGenderHR u 2025. godini; 23. 10. 2025.<\/a><br \/>\n&#8211; <a href=\"https:\/\/www.vegaintro-projekti.com\/pilar-stari\/2025\/10\/projekt-nextgenderhr-na-medunarodnom-skupu-drustvene-klase-i-globalizacija-u-parizu-16-17-10-2025\/\">Projekt NextGenderHR na me\u0111unarodnom skupu \u201eDru\u0161tvene klase i globalizacija\u201c u Parizu, 16.-17. 10. 2025.<\/a><br \/>\n&#8211; <a href=\"https:\/\/www.vegaintro-projekti.com\/pilar-stari\/2025\/10\/rezultati-projekta-nextgenderhr-predstavljeni-na-konferenciji-istrazivacke-mreze-esa-za-mlade-varazdin-15-18-10-2025\/\">Rezultati projekta NextGenderHR predstavljeni na konferenciji istra\u017eiva\u010dke mre\u017ee ESA za mlade; Vara\u017edin, 15.-18. 10. 2025.<\/a><br \/>\n&#8211; <a href=\"https:\/\/www.vegaintro-projekti.com\/pilar-stari\/2025\/10\/suradnici-projekta-types-na-simpoziju-13-anatomija-otoka-jelsa-25-27-9-2025\/\">Suradnici projekta TYPeS na simpoziju 13. Anatomija otoka; Jelsa, 25.-27. 9. 2025.<\/a><br \/>\n&#8211; <a href=\"https:\/\/www.vegaintro-projekti.com\/pilar-stari\/2025\/10\/rezultati-projekta-nextgenderhr-predstavljeni-na-11-medunarodnoj-konferenciji-o-drustvenoznanstvenoj-metodologiji-napulj-22-25-9-2025\/\">Rezultati projekta NextGenderHR predstavljeni na 11. me\u0111unarodnoj konferenciji o dru\u0161tvenoznanstvenoj metodologiji, Napulj, 22.-25. 9. 2025.<\/a><br \/>\n&#8211; <a href=\"https:\/\/www.vegaintro-projekti.com\/pilar-stari\/2025\/09\/znanstvenica-emerita-dr-sc-inga-tomic-koludrovic-i-mr-sc-mirko-petric-na-konferenciji-ersa-e-atena-26-29-8-2025\/\">Znanstvenica emerita dr. sc. Inga Tomi\u0107-Koludrovi\u0107 i mr. sc. Mirko Petri\u0107 na konferenciji ERSA-e; Atena, 26.-29. 8. 2025.<\/a><br \/>\n&#8211; <a href=\"https:\/\/www.vegaintro-projekti.com\/pilar-stari\/2025\/06\/dr-sc-sasa-mrduljas-nije-realno-ocekivati-da-ce-ovdasnji-medunacionalni-sporovi-nestati-ulaskom-preostalih-drzava-jugoistoka-europe-u-eu-18-6-2025\/\">Dr. sc. Sa\u0161a Mrdulja\u0161: Nije realno o\u010dekivati da \u0107e ovda\u0161nji me\u0111unacionalni sporovi nestati ulaskom preostalih dr\u017eava jugoistoka Europe u EU, 18. 6. 2025.<\/a><br \/>\n&#8211; <a href=\"https:\/\/www.vegaintro-projekti.com\/pilar-stari\/2025\/06\/odrzana-radionica-o-naprednim-metodama-analize-na-projektu-nextgenderhr-split-15-23-6-2025\/\">Odr\u017eana radionica o naprednim metodama analize na projektu NextGenderHR; Split, 15.-23. 6. 2025.<\/a><br \/>\n&#8211; <a href=\"https:\/\/www.vegaintro-projekti.com\/pilar-stari\/2025\/06\/mr-sc-mirko-petric-odrzao-predavanje-na-sveucilistu-u-grazu-21-svibnja-2025\/\">Mr. sc. Mirko Petri\u0107 odr\u017eao predavanje na Sveu\u010dili\u0161tu u Grazu, 21. svibnja 2025.<\/a><br \/>\n&#8211; <a href=\"https:\/\/www.vegaintro-projekti.com\/pilar-stari\/2025\/05\/dr-sc-augustin-derado-na-okruglom-stolu-o-dezinformacijama-i-digitalnim-filter-mjehuricima-sibenik-21-5-2025\/\">Dr. sc. Augustin Derado na okruglom stolu o dezinformacijama i digitalnim filter mjehuri\u0107ima; \u0160ibenik, 21. 5. 2025.<\/a><br \/>\n&#8211; <a href=\"https:\/\/www.vegaintro-projekti.com\/pilar-stari\/2025\/05\/odrzan-drugi-radni-sastanak-projekta-nextgenderhr-u-2025-godini-zagreb-15-5-2025\/\">Odr\u017ean drugi radni sastanak projekta NextGenderHR u 2025. godini; Zagreb, 15. 5. 2025.<\/a><br \/>\n&#8211; <a href=\"https:\/\/www.vegaintro-projekti.com\/pilar-stari\/2025\/05\/clanovi-ce-projektnog-tima-nextgenderhr-na-x-nacionalnom-kongresu-hrvatskoga-socioloskog-drustva-16-17-5-2025\/\">\u010clanovi\/ce projektnog tima NextGenderHR na X. Nacionalnom kongresu Hrvatskoga sociolo\u0161kog dru\u0161tva, 16.-17. 5. 2025.<\/a><br \/>\n&#8211; <a href=\"https:\/\/www.vegaintro-projekti.com\/pilar-stari\/2025\/05\/razgovor-s-dr-sc-sasom-mrduljasem-o-projektu-hrvatski-nacionalni-identitet-nastanak-i-osporavanja-croident-9-5-2025\/\">Razgovor s dr. sc. Sa\u0161om Mrdulja\u0161em o projektu Hrvatski nacionalni identitet: nastanak i osporavanja\u201c (CROIDENT); 9. 5. 2025.<\/a><br \/>\n&#8211; <a href=\"https:\/\/www.vegaintro-projekti.com\/pilar-stari\/2025\/05\/dr-sc-inga-tomic-koludrovic-i-mr-sc-mirko-petric-odrzali-predavanje-o-rodnim-razlikama-u-kulturnoj-potrosnji-split-23-5-2025\/\">Dr. sc. Inga Tomi\u0107-Koludrovi\u0107 i mr. sc. Mirko Petri\u0107 odr\u017eali predavanje o rodnim razlikama u kulturnoj potro\u0161nji; Split, 23. 5. 2025.<\/a><br \/>\n&#8211; <a href=\"https:\/\/www.vegaintro-projekti.com\/pilar-stari\/2025\/05\/mr-sc-mirko-petric-postao-clan-urednistva-casopisa-dialogues-in-sociology\/\">Mr. sc. Mirko Petri\u0107 postao \u010dlan uredni\u0161tva \u010dasopisa Dialogues in Sociology<\/a><br \/>\n&#8211; <a href=\"https:\/\/www.vegaintro-projekti.com\/pilar-stari\/2025\/04\/dr-sc-augustin-derado-i-matija-krizmanic-odrzali-pozvana-predavanja-za-studente-sveuciilista-lehigh-sad-15-4-2025\/\">Dr. sc. Augustin Derado i Matija Krizmani\u0107 odr\u017eali pozvana predavanja za studente Sveu\u010diili\u0161ta Lehigh; SAD, 15. 4. 2025.<\/a><br \/>\n&#8211; <a href=\"https:\/\/www.vegaintro-projekti.com\/pilar-stari\/2025\/03\/odrzan-prvi-radni-sastanak-projekta-nextgenderhr-u-2025-godini-6-ozujka-2025\/\">Odr\u017ean prvi radni sastanak projekta NextGenderHR u 2025. godini, 6. o\u017eujka 2025.<\/a><br \/>\n&#8211; <a href=\"https:\/\/www.vegaintro-projekti.com\/pilar-stari\/2025\/03\/predavanje-dr-sc-jadranke-rebeke-anic-revolucija-zdravog-razuma-ili-politicke-manipulacije-rodnim-konceptom-sarajevo-25-2-2025\/\">Predavanje dr. sc. Jadranke Rebeke Ani\u0107: \u201eRevolucija &#8216;zdravog razuma&#8217;ili tragedija intelektualne arogancije. Politi\u010dke manipulacije rodnim konceptom\u201c; Sarajevo, 25. 2. 2025.<\/a><br \/>\n&#8211; <a href=\"https:\/\/www.vegaintro-projekti.com\/pilar-stari\/2025\/02\/predavanje-dr-sc-jadranke-rebeke-anic-spol-rod-i-rodna-ideologija-pojmovi-i-anti-rodne-manipulacije-online-17-2-2025\/\">Predavanje dr. sc. Jadranke Rebeke Ani\u0107: \u201eSpol, rod i &#8216;rodna ideologija&#8217;. Pojmovi i anti-rodne manipulacije\u201c; online, 17. 2. 2025.<\/a><br \/>\n&#8211; <a href=\"https:\/\/www.vegaintro-projekti.com\/pilar-stari\/2025\/02\/mr-sc-mirko-petric-o-urbanim-posljedicama-digitalizacije-turizma-zadar-30-1-2025\/\">Mr. sc. Mirko Petri\u0107 o urbanim posljedicama digitalizacije turizma; Zadar, 30. 1. 2025.<\/a><br \/>\n&#8211; <a href=\"https:\/\/www.vegaintro-projekti.com\/pilar-stari\/2025\/01\/odrzana-radionica-o-naprednim-metodama-analize-na-projektu-nextgenderhr-split-18-28-1-2025\/\">Odr\u017eana radionica o naprednim metodama analize na projektu NextGenderHR; Split, 18.-28. 1. 2025.<\/a><br \/>\n\u2013 <a href=\"https:\/\/www.vegaintro-projekti.com\/pilar-stari\/2025\/01\/kvalitativna-istrazivanja-projekta-nextgenderhr-u-2024-godini\/\">Kvalitativna istra\u017eivanja projekta NextGenderHR u 2024. godini \u2013 radni sastanci<\/a><br \/>\n\u2013 <a href=\"https:\/\/www.vegaintro-projekti.com\/pilar-stari\/2025\/01\/kvantitativna-istrazivanja-projekta-nextgenderhr-u-2024-godini-anketna-ispitivanja\/\">Kvantitativna istra\u017eivanja projekta NextGenderHR u 2024. godini \u2013 anketna ispitivanja<\/a><br \/>\n\u2013 <a href=\"https:\/\/www.vegaintro-projekti.com\/pilar-stari\/2025\/01\/suradnja-projekta-nextgenderhr-s-umjetnickom-akademijom-sveucilista-u-splitu-u-2024-godini\/\">Suradnja projekta NextGenderHr s Umjetni\u010dkom akademijom Sveu\u010dili\u0161ta u Splitu u 2024. godini<\/a><br \/>\n\u2013 <a href=\"https:\/\/www.vegaintro-projekti.com\/pilar-stari\/2025\/01\/suradnja-projekta-nextgenderhr-sa-skolom-feminizam-i-religija-fer-u-2024-godini\/\">Suradnja projekta NextGenderHr sa \u0161kolom Feminizam i religija (FER) u 2024. godini<\/a><br \/>\n&#8211; <a href=\"https:\/\/www.vegaintro-projekti.com\/pilar-stari\/2025\/01\/objavljena-studija-augustina-derada-tko-napreduje-a-tko-prezivljava-zivotne-strategije-u-posttranzicijskoj-hrvatskoj\/\">Objavljena studija Augustina Derada TKO NAPREDUJE A TKO PRE\u017dIVLJAVA? \u017divotne strategije u posttranzicijskoj Hrvatskoj<\/a><br \/>\n&#8211; <a href=\"https:\/\/www.vegaintro-projekti.com\/pilar-stari\/2024\/11\/dr-sc-inga-tomic-koludrovic-i-mr-sc-mirko-petric-gostujuci-predavaci-u-irmo-u-zagreb-3-12-2024\/\">Dr. sc. Inga Tomi\u0107-Koludrovi\u0107 i mr. sc. Mirko Petri\u0107 gostuju\u0107i predava\u010di u IRMO-u; Zagreb, 3. 12. 2024.<\/a><br \/>\n&#8211; <a href=\"https:\/\/www.vegaintro-projekti.com\/pilar-stari\/2024\/11\/simpozij-o-urbanim-akterima-razvoja-jadranske-regije-split-6-11-2024\/\">Simpozij o urbanim akterima razvoja jadranske regije; Split, 6. 11. 2024.<\/a><br \/>\n&#8211; <a href=\"https:\/\/www.vegaintro-projekti.com\/pilar-stari\/2024\/09\/dr-sc-jadrankom-rebekom-anic-izmisljanje-opasnosti-rodne-ideologije-pokazuje-nerazumijevanje-ali-i-namjeru-21-9-2024\/\">Dr. sc. Jadrankom Rebekom Ani\u0107: Izmi\u0161ljanje opasnosti &#8216;rodne ideologije&#8217; pokazuje nerazumijevanje, ali i namjeru, 21. 9. 2024.<\/a><br \/>\n&#8211; <a href=\"https:\/\/www.vegaintro-projekti.com\/pilar-stari\/2024\/09\/dr-sc-sasa-mrduljas-bosnjaci-nisu-vlasnici-bih-na-tlu-te-zemlje-povijesno-i-identitetno-najukorjenjeniji-su-hrvati-24-9-2024\/\">Dr. sc. Sa\u0161a Mrdulja\u0161: Bo\u0161njaci nisu \u201evlasnici\u201c BiH, na tlu te zemlje povijesno i identitetno najukorjenjeniji su Hrvati, 24. 9. 2024.<\/a><br \/>\n&#8211; <a href=\"https:\/\/www.vegaintro-projekti.com\/pilar-stari\/2024\/09\/radovi-projekta-nextgenderhr-na-konferenciji-europske-socioloske-asocijacije-u-portu-27-30-8-2024\/\">Radovi projekta NextGenderHR na konferenciji Europske sociolo\u0161ke asocijacije u Portu, 27.-30. 8. 2024.<\/a><br \/>\n&#8211; <a href=\"https:\/\/www.vegaintro-projekti.com\/pilar-stari\/2024\/06\/projekt-nextgenderhr-odrzana-radionica-o-geometrijskoj-analizi-podataka-split-19-24-6-2024\/\">Projekt NextGenderHR: Odr\u017eana radionica o geometrijskoj analizi podataka; Split, 19.-24. 6. 2024.<\/a><br \/>\n&#8211; <a href=\"https:\/\/www.vegaintro-projekti.com\/pilar-stari\/2024\/06\/dr-sc-sasa-mrduljas-povijesno-gledano-srbija-nikad-nije-bila-radikalnija-i-prozetija-sovinistickim-nabojem-nego-sto-je-sada-18-6-2024\/\">Dr. sc. Sa\u0161a Mrdulja\u0161: Povijesno gledano Srbija nikad nije bila radikalnija i pro\u017eetija \u0161ovinisti\u010dkim nabojem nego \u0161to je sada, 18. 6. 2024.<\/a><br \/>\n&#8211; <a href=\"https:\/\/www.vegaintro-projekti.com\/pilar-stari\/2024\/05\/dr-sc-inga-tomic-koludrovic-predstavila-rezultate-obzor-2020-projekta-invent-na-sveucilistu-u-zadru-8-5-2024\/\">Dr. sc. Inga Tomi\u0107-Koludrovi\u0107 predstavila rezultate Obzor 2020 projekta Invent na Sveu\u010dili\u0161tu u Zadru, 8. 5. 2024.<\/a><br \/>\n&#8211; <a href=\"https:\/\/www.vegaintro-projekti.com\/pilar-stari\/2024\/04\/projekt-croident-boka-izvor-brojnih-istrazivanja-dr-sc-domagoja-vidovica-11-4-2024\/\">Projekt CROIDENT: Boka \u2013 izvor brojnih istra\u017eivanja dr. sc. Domagoja Vidovi\u0107a, 11. 4. 2024.<\/a><br \/>\n&#8211; <a href=\"https:\/\/www.vegaintro-projekti.com\/pilar-stari\/2024\/03\/radni-sastanak-projekta-nextgenderhr-o-izradi-upitnika-split-21-25-3-2024\/\">Radni sastanak projekta NextGenderHR o izradi upitnika; Split, 21.-25. 3. 2024.<\/a><br \/>\n&#8211; <a href=\"https:\/\/www.vegaintro-projekti.com\/pilar-stari\/2024\/03\/izlaganje-ive-zunic-mag-soc-mag-psych-o-skalama-muskosti-i-zenskosti-8-2-2024\/\">Izlaganje Ive \u017duni\u0107, mag. soc., mag. psych., o skalama mu\u0161kosti i \u017eenskosti, 8. 2. 2024.<\/a><br \/>\n&#8211; <a href=\"https:\/\/www.vegaintro-projekti.com\/pilar-stari\/2024\/01\/odrzan-radni-sastanak-projekta-nextgenderhr-split-18-i-19-1-2024\/\">Odr\u017ean radni sastanak projekta NextGenderHR; Split, 18. i 19. 1. 2024.<\/a><br \/>\n&#8211; <a href=\"https:\/\/www.vegaintro-projekti.com\/pilar-stari\/2024\/04\/projekt-nextgenderhr-promjene-rodnih-odnosa-u-hrvatskoj\/\">Projekt NEXTGENDERHR: Promjene rodnih odnosa u Hrvatskoj<\/a><br \/>\n&#8211; <a href=\"https:\/\/www.vegaintro-projekti.com\/pilar-stari\/2024\/02\/mr-sc-mirko-petric-o-financiranju-kulture-7-2-2024\/\">Mr. sc. Mirko Petri\u0107 o financiranju kulture, 7. 2 2024.<\/a><br \/>\n&#8211; <a href=\"https:\/\/www.vegaintro-projekti.com\/pilar-stari\/2024\/02\/mr-sc-mirko-petric-o-nejednakostima-u-kulturi-31-1-2024\/\">Mr. sc. Mirko Petri\u0107 o nejednakostima u kulturi, 31. 1. 2024.<\/a><br \/>\n&#8211; <a href=\"https:\/\/www.vegaintro-projekti.com\/pilar-stari\/2024\/01\/doprinos-instituta-pilar-izradi-studije-turistickog-nosivog-kapaciteta-splita-17-1-2024\/\">Doprinos Instituta Pilar izradi studije turisti\u010dkog nosivog kapaciteta Splita, 17. 1. 2024.<\/a><br \/>\n&#8211; <a href=\"https:\/\/www.vegaintro-projekti.com\/pilar-stari\/2024\/01\/odrzan-radni-sastanak-projekta-nextgenderhr-split-18-i-19-1-2024\/\">Odr\u017ean radni sastanak projekta NextGenderHR; Split, 18. i 19. 1. 2024.<\/a><br \/>\n&#8211; <a href=\"https:\/\/www.vegaintro-projekti.com\/pilar-stari\/2024\/01\/dr-sc-sasa-mrduljas-ne-moze-dodik-racunati-s-potporom-hrvatske-u-odvajanja-rs-a-od-bih-8-1-2024\/\">Dr. sc. Sa\u0161a Mrdulja\u0161: Ne mo\u017ee Dodik ra\u010dunati s potporom Hrvatske u odvajanja RS-a od BiH&#8230;, 8. 1. 2024.<\/a><br \/>\n&#8211; <a href=\"https:\/\/www.vegaintro-projekti.com\/pilar-stari\/2024\/01\/dr-sc-augustin-derado-o-zivotnim-strategijama-u-okviru-socioloskih-razgovora-hsd-a-20-12-2024\/\">Dr. sc. Augustin Derado o \u017eivotnim strategijama u okviru \u201eSociolo\u0161kih razgovora\u201c HSD-a, 20. 12. 2024.<\/a><br \/>\n&#8211; <a href=\"https:\/\/www.vegaintro-projekti.com\/pilar-stari\/2023\/12\/dr-sc-sasa-mrduljas-nisam-siguran-da-agresija-na-ukrajinu-nosi-rusiji-neke-posebne-demografske-benefite-4-12-2023\/\">Dr. sc. Sa\u0161a Mrdulja\u0161: Nisam siguran da agresija na Ukrajinu nosi Rusiji neke posebne demografske benefite, 4. 12. 2023.<\/a><br \/>\n&#8211; <a href=\"https:\/\/www.vegaintro-projekti.com\/pilar-stari\/2023\/11\/dr-sc-augustin-derado-o-zivotnim-strategijama-u-hrvatskoj-13-11-2023\/\">Dr. sc. Augustin Derado o \u017eivotnim strategijama u Hrvatskoj, 13. 11. 2023.<\/a><br \/>\n&#8211; <a href=\"https:\/\/www.vegaintro-projekti.com\/pilar-stari\/2023\/11\/dr-sc-sasa-mrduljas-u-strukturama-vlasti-crne-gore-dominira-prosrpska-opcija-1-11-2023\/\">Dr. sc. Sa\u0161a Mrdulja\u0161: U strukturama vlasti Crne Gore dominira prosrpska opcija, 1. 11. 2023.<\/a><br \/>\n&#8211; <a href=\"https:\/\/www.vegaintro-projekti.com\/pilar-stari\/2023\/10\/dr-sc-sasa-mrduljas-popis-jedno-od-sredstava-kojima-se-ide-na-brisanje-crnogorstva-u-ostvarivanju-srpskog-nauma-presudna-uloga-spc-23-10-2023\/\">Dr. sc. Sa\u0161a Mrdulja\u0161: Popis jedno od sredstava kojima se ide na brisanje crnogorstva, u ostvarivanju srpskog nauma presudna uloga SPC, 23. 10. 2023.<\/a><br \/>\n&#8211; <a href=\"https:\/\/www.vegaintro-projekti.com\/pilar-stari\/2023\/10\/dr-sc-sasa-mrduljas-na-4-cetinjskim-filoloskim-danima-cetinje-6-8-9-2023\/\">Dr. sc. Sa\u0161a Mrdulja\u0161 na 4. Cetinjskim filolo\u0161kim danima; Cetinje, 6.-8. 9. 2023.<\/a><br \/>\n&#8211; <a href=\"https:\/\/www.vegaintro-projekti.com\/pilar-stari\/2023\/09\/dr-sc-inga-tomic-i-mr-sc-mirko-petric-na-simpoziju-europske-socioloske-udruge-esa-u-sofiji-31-8-2-9-2023\/\">Dr. sc. Inga Tomi\u0107 i mr. sc. Mirko Petri\u0107 na simpoziju Europske sociolo\u0161ke udruge (ESA) u Sofiji, 31. 8. \u2013 2. 9. 2023.<\/a><br \/>\n&#8211; <a href=\"https:\/\/www.vegaintro-projekti.com\/pilar-stari\/2023\/07\/dr-sc-jadranka-rebeka-anic-zlostavljanja-u-crkvi-od-kojih-trnu-zubi-21-7-2023\/\">Dr. sc. Jadranka Rebeka Ani\u0107: Zlostavljanja u Crkvi od kojih trnu zubi, 21. 7. 2023.<\/a><br \/>\n&#8211; <a href=\"https:\/\/www.vegaintro-projekti.com\/pilar-stari\/2023\/07\/dr-sc-jadranka-rebeka-anic-na-mediteranskim-teoloskim-susretima-u-lovranu-16-22-7-2023\/\">Dr. sc. Jadranka Rebeka Ani\u0107 na Mediteranskim teolo\u0161kim susretima u Lovranu, 16.-22. 7. 2023.<\/a><br \/>\n&#8211; <a href=\"https:\/\/www.vegaintro-projekti.com\/pilar-stari\/2023\/07\/mr-sc-mirko-petric-na-ljetnoj-skoli-sveucilista-u-grazu-3-16-7-2023\/\">Mr. sc. Mirko Petri\u0107 na ljetnoj \u0161koli Sveu\u010dili\u0161ta u Grazu, 3.-16. 7. 2023.<\/a><br \/>\n&#8211; <a href=\"https:\/\/www.vegaintro-projekti.com\/pilar-stari\/2023\/06\/predstavljanje-rezultata-obzor-2020-projekta-invent-19-i-21-6-2023\/\">Predstavljanje rezultata Obzor 2020 projekta Invent, 19. i 21. 6. 2023.<\/a><br \/>\n&#8211; <a href=\"https:\/\/www.vegaintro-projekti.com\/pilar-stari\/2023\/06\/znanstvenici-instituta-pilar-na-konferenciji-sociological-perspectives-on-contemporary-post-yugoslav-societies-26-27-5-2023\/\">Znanstvenici Instituta Pilar na konferenciji \u201eSociological Perspectives on Contemporary Post-Yugoslav Societies\u201c, 26.-27. 5. 2023.<\/a><br \/>\n&#8211; <a href=\"https:\/\/www.vegaintro-projekti.com\/pilar-stari\/2023\/05\/mr-sc-mirko-petric-o-kulturnoj-participaciji-u-hrvatskoj-25-5-2023\/\">Mr. sc. Mirko Petri\u0107 o kulturnoj participaciji u Hrvatskoj, 25. 5. 2023.<\/a><br \/>\n&#8211; <a href=\"https:\/\/www.vegaintro-projekti.com\/pilar-stari\/2023\/05\/dr-sc-marko-mustapic-izabran-za-predsjednika-hrvatskog-socioloskog-drustva-split-19-20-2023\/\">Dr. sc. Marko Mustapi\u0107 izabran za predsjednika Hrvatskog sociolo\u0161kog dru\u0161tva; Split, 19.-20. 2023.<\/a><br \/>\n&#8211; <a href=\"https:\/\/www.vegaintro-projekti.com\/pilar-stari\/2023\/05\/znanstvenici-instituta-na-ix-kongresu-hrvatskog-socioloskog-drustva-split-19-20-5-2023\/\">Znanstvenici Instituta na IX. kongresu Hrvatskog sociolo\u0161kog dru\u0161tva; Split, 19.-20. 5. 2023.<\/a><br \/>\n&#8211; <a href=\"https:\/\/www.vegaintro-projekti.com\/pilar-stari\/2023\/05\/znanstvenici-e-instituta-pilar-na-invent-konferenciji-u-barceloni-27-i-28-travnja-2023\/\">Znanstvenici\/e Instituta Pilar na Invent konferenciji u Barceloni, 27. i 28 travnja 2023.<\/a><br \/>\n&#8211; <a href=\"https:\/\/www.vegaintro-projekti.com\/pilar-stari\/2023\/05\/dr-sc-sasa-mrduljas-zapadu-ne-bi-trebalo-biti-svejedno-tko-upravlja-crnom-gorom-14-5-2023\/\">Dr. sc. Sa\u0161a Mrdulja\u0161: &#8220;Zapadu ne bi trebalo biti svejedno tko upravlja Crnom Gorom&#8221;, 14. 5. 2023.<\/a><br \/>\n&#8211; <a href=\"https:\/\/www.vegaintro-projekti.com\/pilar-stari\/2023\/05\/dr-sc-sasa-mrduljas-srpsko-drustvo-nalazi-se-u-jednom-duboko-nezdravom-stanju-7-5-2023\/\">Dr. sc. Sa\u0161a Mrdulja\u0161: Razgovor za portal Hrvatskoga kulturnog vije\u0107a, 7. 5. 2023.<\/a><br \/>\n&#8211; <a href=\"https:\/\/www.vegaintro-projekti.com\/pilar-stari\/2023\/03\/dr-sc-inga-tomic-koludrovic-zenama-treba-platiti-pola-radnog-vremena-u-uredu-pola-u-kucanstvu-6-3-2023\/\">Dr. sc. Inga Tomi\u0107-Koludrovi\u0107: \u017denama treba platiti pola radnog vremena u uredu, pola u ku\u0107anstvu, 6. 3. 2023.<\/a><br \/>\n&#8211; <a href=\"https:\/\/www.vegaintro-projekti.com\/pilar-stari\/2023\/02\/dr-sc-inga-tomic-koludrovic-naselje-od-4-000-stanovnika-trajno-bi-dovelo-u-pitanje-dosadasnji-nacin-zivota-i-identitet-prostora-zrnovnice-17-2-2023\/\">Dr. sc. Inga Tomi\u0107-Koludrovi\u0107: Naselje od 4.000 stanovnika trajno bi dovelo u pitanje dosada\u0161nji na\u010din \u017eivota i identitet prostora \u017drnovnice, 17. 2. 2023.<\/a><br \/>\n&#8211; <a href=\"https:\/\/www.vegaintro-projekti.com\/pilar-stari\/2023\/01\/mr-sc-mirko-petric-na-radnom-sastanku-projekta-uncharted-u-londonu-12-13-1-2022\/\">Mr. sc. Mirko Petri\u0107 na radnom sastanku projekta \u201eUncharted\u201c u Londonu, 12.-13. 1. 2022.<\/a><br \/>\n&#8211; <a href=\"https:\/\/www.vegaintro-projekti.com\/pilar-stari\/2023\/01\/mr-sc-mirko-petric-o-drustvenim-procesima-u-povijesnoj-jezgri-splita-5-1-2023\/\">Mr. sc. Mirko Petri\u0107 o dru\u0161tvenim procesima u povijesnoj jezgri Splita, 5. 1. 2023.<\/a><br \/>\n&#8211; <a href=\"https:\/\/www.vegaintro-projekti.com\/pilar-stari\/2023\/01\/mr-sc-mirko-petric-to-nije-grad-kakav-je-bio-biljezio-sam-za-vrijeme-covida-iz-koliko-stanova-dopire-svjetlo-porazno-je-1-1-2023\/\">Mr. sc. Mirko Petri\u0107: \u2018To nije grad kakav je bio&#8230; Bilje\u017eio sam za vrijeme Covida iz koliko stanova dopire svjetlo, porazno je!\u2018, 1. 1. 2023.<\/a><br \/>\n&#8211; <a href=\"https:\/\/www.vegaintro-projekti.com\/pilar-stari\/2022\/12\/dr-sc-inga-tomic-koludrovic-i-mr-sc-mirko-petric-na-konferenciji-obzor-2020-projekta-mesoc-rijeka-30-11-2022\/\">Dr. sc. Inga Tomi\u0107-Koludrovi\u0107 i mr. sc. Mirko Petri\u0107 na konferenciji Obzor 2020 projekta MESOC; Rijeka, 30. 11. 2022.<\/a><br \/>\n&#8211; <a href=\"https:\/\/www.vegaintro-projekti.com\/pilar-stari\/2022\/12\/istrazivanja-klase-i-drustvenih-vrijednosti-kulture-predstavljena-na-sveucilistu-loughborough-velika-britanija-13-19-11-2022\/\">Istra\u017eivanja klase i dru\u0161tvenih vrijednosti kulture predstavljena na Sveu\u010dili\u0161tu Loughborough; Velika Britanija, 13.-19. 11. 2022.<\/a><br \/>\n&#8211; <a href=\"https:\/\/www.vegaintro-projekti.com\/pilar-stari\/2022\/12\/inga-tomic-koludrovic-mirko-petric-filip-uzarevic-religioznost-i-socijalni-kapital-u-mediteranskoj-i-kontinentalnoj-hrvatskoj\/\">Inga Tomi\u0107-Koludrovi\u0107, Mirko Petri\u0107, Filip U\u017earevi\u0107: Religioznost i socijalni kapital u mediteranskoj i kontinentalnoj Hrvatskoj<\/a><br \/>\n&#8211; <a href=\"https:\/\/www.vegaintro-projekti.com\/pilar-stari\/2022\/11\/mr-sc-mirko-petric-na-festivalu-vizualne-kulture-kombo-27-10-2022\/\">Mr. sc. Mirko Petri\u0107 na Festivalu vizualne kulture Kombo, 27. 10. 2022.<\/a><br \/>\n&#8211; <a href=\"https:\/\/www.vegaintro-projekti.com\/pilar-stari\/2022\/10\/mr-sc-mirko-petric-kriza-ce-tesko-pogoditi-oko-60-posto-hrvata-20-10-2022\/\">Mr. sc. Mirko Petri\u0107: Kriza \u0107e te\u0161ko pogoditi oko 60 posto Hrvata, 20. 10. 2022.<\/a><br \/>\n&#8211; <a href=\"https:\/\/www.vegaintro-projekti.com\/pilar-stari\/2022\/10\/prilog-dr-sc-inge-tomic-koludrovic-i-mr-sc-mirka-petrica-analizi-stanja-nacionalne-kulturne-politike\/\">Prilog dr. sc. Inge Tomi\u0107-Koludrovi\u0107 i mr. sc. Mirka Petri\u0107a analizi stanja nacionalne kulturne politike<\/a><br \/>\n&#8211; <a href=\"https:\/\/www.vegaintro-projekti.com\/pilar-stari\/2022\/10\/mr-sc-mirko-petric-u-programu-znanosti-za-gradane-sveucilista-u-grazu\/\">Mr. sc. Mirko Petri\u0107 u programu znanosti za gra\u0111ane Sveu\u010dili\u0161ta u Grazu<\/a><br \/>\n&#8211; <a href=\"https:\/\/www.vegaintro-projekti.com\/pilar-stari\/2022\/10\/odrzan-radni-sastanak-konzorcija-projekta-invent-eu-obzor-2020-zadar-6-8-10-2022\/\">Odr\u017ean radni sastanak konzorcija projekta INVENT (EU OBZOR 2020); Zadar, 6.-8. 10. 2022.<\/a><br \/>\n&#8211; <a href=\"https:\/\/www.vegaintro-projekti.com\/pilar-stari\/2022\/09\/mr-sc-mirko-petric-predstavio-rezultate-horizon-2020-projekta-invent-zadar-9-9-2022\/\">Mr. sc. Mirko Petri\u0107 predstavio rezultate Horizon 2020 projekta Invent; Zadar, 9. 9. 2022.<\/a><br \/>\n&#8211; <a href=\"https:\/\/www.vegaintro-projekti.com\/pilar-stari\/2022\/09\/mr-sc-mirko-petric-kod-tumacenja-ponasanja-mladih-u-obzir-treba-uzeti-razlike-medu-klasama-kojima-pripadaju-27-8-2022\/\">Mr. sc. Mirko Petri\u0107: Kod tuma\u010denja pona\u0161anja mladih u obzir treba uzeti razlike me\u0111u klasama kojima pripadaju, 27. 8. 2022.<\/a><br \/>\n&#8211; <a href=\"https:\/\/www.vegaintro-projekti.com\/pilar-stari\/2022\/09\/konferencija-istrazivacke-mreze-za-kulturu-europske-socioloske-asocijacije-esa-rn7-portsmouth-31-8-3-9-2022\/\">Konferencija istra\u017eiva\u010dke mre\u017ee za kulturu Europske sociolo\u0161ke asocijacije (ESA RN7), Portsmouth, 31. 8. \u2013 3. 9. 2022.<\/a><br \/>\n&#8211; <a href=\"https:\/\/www.vegaintro-projekti.com\/pilar-stari\/2022\/07\/mr-sc-mirko-petric-i-dr-sc-inga-tomic-koludrovic-klasa-bez-kompasa-23-7-2022\/\">Mr. sc. Mirko Petri\u0107 i dr. sc. Inga Tomi\u0107-Koludrovi\u0107: Klasa bez kompasa, 23. 7. 2022.<\/a><br \/>\n&#8211; <a href=\"https:\/\/www.vegaintro-projekti.com\/pilar-stari\/2022\/07\/zavrsen-projekt-razvijanje-visedimenzionalnog-modela-istrazivanja-drustvenih-nejednakosti\/\">Zavr\u0161en projekt \u201eRazvijanje vi\u0161edimenzionalnog modela istra\u017eivanja dru\u0161tvenih nejednakosti\u201c<\/a><br \/>\n&#8211; <a href=\"https:\/\/www.vegaintro-projekti.com\/pilar-stari\/2022\/07\/mr-sc-mirko-petric-na-ljetnoj-skoli-sveucilista-u-grazu-3-16-7-2022\/\">Mr. sc. Mirko Petri\u0107 na ljetnoj \u0161koli Sveu\u010dili\u0161ta u Grazu, 3.-16. 7. 2022.<\/a><br \/>\n&#8211; <a href=\"https:\/\/www.vegaintro-projekti.com\/pilar-stari\/2022\/07\/dr-sc-sasa-mrduljas-posebnost-crnogorskog-nacionalnog-razvoja-17-7-2022\/\">Dr. sc. Sa\u0161a Mrdulja\u0161: Posebnost crnogorskog nacionalnog razvoja, 17. 7. 2022.<\/a><br \/>\n&#8211; <a href=\"https:\/\/www.vegaintro-projekti.com\/pilar-stari\/2022\/06\/dr-sc-inga-tomic-koludrovic-split-je-intelektualno-urbano-i-kulturno-zapusten-18-6-2022\/\">Dr. sc. Inga Tomi\u0107-Koludrovi\u0107: &#8220;Split je intelektualno, urbano i kulturno zapu\u0161ten&#8221;, 18. 6. 2022.<\/a><br \/>\n&#8211; <a href=\"https:\/\/www.vegaintro-projekti.com\/pilar-stari\/2022\/06\/istrazivanje-klasa-u-suvremenom-hrvatskom-drustvu-postbourdieuovska-analiza-13-6-2022\/\">Istra\u017eivanje &#8220;Klasa u suvremenom hrvatskom dru\u0161tvu: postbourdieuovska analiza&#8221;, 13. 6. 2022.<\/a><br \/>\n&#8211; <a href=\"https:\/\/www.vegaintro-projekti.com\/pilar-stari\/2022\/06\/dr-sc-inga-tomic-koludrovic-i-mr-sc-mirko-petric-na-skupu-svakodnevna-kreativnost-u-postsocijalizmu-graz-2-3-6-2022\/\">Dr. sc. Inga Tomi\u0107-Koludrovi\u0107 i mr. sc. Mirko Petri\u0107 na skupu Svakodnevna kreativnost u (post)socijalizmu; Graz, 2-3. 6. 2022.<\/a><br \/>\n&#8211; <a href=\"https:\/\/www.vegaintro-projekti.com\/pilar-stari\/2022\/05\/mr-sc-mirko-petric-smatram-da-su-biraci-u-velikoj-mjeri-racionalni-akteri-koji-kaznjavaju-pogreske-onih-na-vlasti-22-5-2022\/\">Mr. sc. Mirko Petri\u0107: Smatram da su bira\u010di u velikoj mjeri racionalni akteri koji ka\u017enjavaju pogre\u0161ke onih na vlasti, 22. 5. 2022.<\/a><br \/>\n&#8211; <a href=\"https:\/\/www.vegaintro-projekti.com\/pilar-stari\/2022\/05\/mr-sc-mirko-petric-kako-mlade-vratiti-kulturi-19-5-2022\/\">Mr. sc. Mirko Petri\u0107: Kako mlade vratiti kulturi, 19. 5. 2022.<\/a><br \/>\n&#8211; <a href=\"https:\/\/www.vegaintro-projekti.com\/pilar-stari\/2022\/05\/dr-sc-inga-tomic-koludrovic-ne-mozemo-govoriti-o-kraju-braka-kao-institucije-19-5-2022\/\">Dr. sc. Inga Tomi\u0107-Koludrovi\u0107: \u201eNe mo\u017eemo govoriti o kraju braka kao institucije\u201c, 19. 5. 2022.<\/a><br \/>\n&#8211; <a href=\"https:\/\/www.vegaintro-projekti.com\/pilar-stari\/2022\/05\/odrzana-radionica-o-analizi-visestrukih-podudarnosti-12-5-2022\/\">Odr\u017eana radionica o analizi vi\u0161estrukih podudarnosti, 12. 5. 2022.<\/a><br \/>\n&#8211; <a href=\"https:\/\/www.vegaintro-projekti.com\/pilar-stari\/2022\/05\/invent-projekt-eu-obzor-2020-odrzan-radni-sastanak-konzorcija-projekta-5-7-5-2022\/\">INVENT projekt (Eu Obzor 2020): Odr\u017ean radni sastanak konzorcija projekta, 5.-7. 5. 2022.<\/a><br \/>\n&#8211; <a href=\"https:\/\/www.vegaintro-projekti.com\/pilar-stari\/2022\/04\/mr-sc-mirko-petric-o-jacanju-interesnih-prijateljstava-u-hrvatskoj-25-4-2022\/\">Mr. sc. Mirko Petri\u0107 o ja\u010danju interesnih prijateljstava u Hrvatskoj, 25. 4. 2022.<\/a><br \/>\n&#8211; <a href=\"https:\/\/www.vegaintro-projekti.com\/pilar-stari\/2022\/04\/dr-sc-jadranka-rebeka-anic-prilog-teoloskoj-dekonstrukciji-rodnih-stereotipa-istrazivanje-iz-hrvatske\/\">Dr. sc. Jadranka Rebeka Ani\u0107: Prilog teolo\u0161koj (de)konstrukciji rodnih stereotipa \u2013 istra\u017eivanje iz Hrvatske<\/a><br \/>\n&#8211; <a href=\"https:\/\/www.vegaintro-projekti.com\/pilar-stari\/2022\/03\/mr-sc-mirko-petric-kolika-ce-biti-cijena-zivota-26-3-2022\/\">Mr. sc. Mirko Petri\u0107: Kolika \u0107e biti cijena \u017eivota, 26. 3. 2022.<\/a><br \/>\n&#8211; <a href=\"https:\/\/www.vegaintro-projekti.com\/pilar-stari\/2022\/03\/projekt-invent-mr-sc-mirko-petric-predstavio-rezultate-istrazivanja-kulture-odozdo-15-3-2022\/\">Projekt INVENT: Mr. sc. Mirko Petri\u0107 predstavio rezultate istra\u017eivanja kulture \u201eodozdo\u201c, 15. 3. 2022.<\/a><br \/>\n&#8211; <a href=\"https:\/\/www.vegaintro-projekti.com\/pilar-stari\/2021\/11\/dr-sc-sasa-mrduljas-broj-i-udio-hrvata-u-naseljima-boke-kotorske-pocetkom-20-stoljeca-23-12-2021\/\">Dr. sc. Sa\u0161a Mrdulja\u0161: Broj i udio Hrvata u naseljima Boke Kotorske po\u010detkom 20. stolje\u0107a, 23. 11. 2021.<\/a><br \/>\n&#8211; <a href=\"https:\/\/www.vegaintro-projekti.com\/pilar-stari\/2021\/11\/predavanje-dr-sc-jadranke-rebeke-anic-u-povodu-30-obljetnice-instituta-15-11-2021\/\">Predavanje dr. sc. Jadranke Rebeke Ani\u0107 u povodu 30. obljetnice Instituta, 15. 11. 2021.<\/a><br \/>\n&#8211; <a href=\"https:\/\/www.vegaintro-projekti.com\/pilar-stari\/2021\/11\/dr-sc-inga-tomic-koludrovic-hoce-li-pandemija-trajno-promijeniti-drustvo-kakvo-poznajemo-5-11-2021\/\">Dr. sc. Inga Tomi\u0107 Koludrovi\u0107: &#8220;Ho\u0107e li pandemija trajno promijeniti dru\u0161tvo kakvo poznajemo&#8230;&#8221;, 5. 11. 2021.<\/a><br \/>\n&#8211; <a href=\"https:\/\/www.vegaintro-projekti.com\/pilar-stari\/2021\/10\/pozitivno-evaluirana-prva-faza-obzor-2020-projekta-invent-25-10-2021\/\">Pozitivno evaluirana prva faza Obzor 2020 projekta INVENT, 25. 10. 2021.<\/a><br \/>\n&#8211; <a href=\"https:\/\/www.vegaintro-projekti.com\/pilar-stari\/2021\/10\/mr-sc-mirko-petric-na-panelu-u-povodu-svjetskog-dana-turizma-21-10-2021\/\">Mr. sc. Mirko Petri\u0107 na panelu u povodu Svjetskog dana turizma, 21. 10. 2021.<\/a><br \/>\n&#8211; <a href=\"https:\/\/www.vegaintro-projekti.com\/pilar-stari\/2021\/10\/medunarodni-simpozij-rod-u-transformacijskim-procesima-u-suorganizaciji-instituta-pilar-30-9-1-10-2021\/\">Me\u0111unarodni simpozij \u201eRod u transformacijskim procesima&#8221; u suorganizaciji Instituta Pilar, 30. 9. &#8211; 1. 10. 2021.<\/a><br \/>\n&#8211; <a href=\"https:\/\/www.vegaintro-projekti.com\/pilar-stari\/2021\/09\/poziv-za-pracenje-medunarodne-konferencije-o-drustvenim-vrijednostima-kulture-h2020-projekt-invent-23-i-24-rujna-2021\/\">Poziv za pra\u0107enje me\u0111unarodne konferencije o dru\u0161tvenim vrijednostima kulture, H2020 projekt INVENT, 23. i 24. rujna 2021.<\/a><br \/>\n&#8211; <a href=\"https:\/\/www.vegaintro-projekti.com\/pilar-stari\/2021\/09\/clanovi-istrazivackih-timova-projekata-invent-i-genmod-na-konferenciji-europskog-socioloskog-drustva-predstavili-pet-priopcenja\/\">\u010clanovi istra\u017eiva\u010dkih timova projekata INVENT i GENMOD na konferenciji Europskog sociolo\u0161kog dru\u0161tva predstavili pet priop\u0107enja, 31. 8. \u2013 3. 9. 2021.<\/a><br \/>\n&#8211; <a href=\"https:\/\/www.vegaintro-projekti.com\/pilar-stari\/2021\/09\/prezentacija-rezultata-projekta-genmod-na-konferenciji-europskog-socioloskog-drustva-31-8-3-9-2021\/\">Prezentacija rezultata projekta GENMOD na konferenciji Europskog sociolo\u0161kog dru\u0161tva, 31. 8. \u2013 3. 9. 2021.<\/a><br \/>\n&#8211; <a href=\"https:\/\/www.vegaintro-projekti.com\/pilar-stari\/2021\/09\/mr-sc-mirko-petric-izabran-za-clana-izvrsnog-odbora-istrazivacke-mreze-za-sociologiju-kulture-europskog-socioloskog-drustva-2-9-2021\/\">Mr. sc. Mirko Petri\u0107 izabran za \u010dlana izvr\u0161nog odbora istra\u017eiva\u010dke mre\u017ee za Sociologiju kulture Europskog sociolo\u0161kog dru\u0161tva, 2. 9. 2021.<\/a><br \/>\n&#8211; <a href=\"https:\/\/www.vegaintro-projekti.com\/pilar-stari\/2021\/07\/mirko-petric-o-rezultatima-istrazivanja-klasa-u-hrvatskom-drustvu-10-7-2021\/\">Mr. sc. Mirko Petri\u0107 o rezultatima istra\u017eivanja klasa u hrvatskom dru\u0161tvu, 10. 7. 2021.<\/a><br \/>\n&#8211; <a href=\"https:\/\/www.vegaintro-projekti.com\/pilar-stari\/2021\/06\/mirko-petric-politicari-preskacu-kulturu-jer-se-njome-ne-dobiva-vlast-5-6-2021\/\">Mirko Petri\u0107: Politi\u010dari preska\u010du kulturu jer se njome ne dobiva vlast, 5. 6. 2021.<\/a><br \/>\n&#8211; <a href=\"https:\/\/www.vegaintro-projekti.com\/pilar-stari\/2021\/06\/dr-sc-inga-tomic-koludrovic-i-mr-sc-mirko-petric-o-promjenama-obitelji-u-hrvatskoj-30-5-2021\/\">Dr. sc. Inga Tomi\u0107-Koludrovi\u0107 i mr. sc. Mirko Petri\u0107 o promjenama obitelji u Hrvatskoj, 30. 5 2021.<\/a><br \/>\n&#8211; <a href=\"https:\/\/www.vegaintro-projekti.com\/pilar-stari\/2021\/05\/projekt-genmod-na-8-kongresu-hsd-a-odrzana-dva-izlaganja-utemeljena-u-mjesovito-metodskom-pristupu-projekta-20-21-5-2021\/\">Projekt GENMOD: Na 8. Kongresu HSD-a odr\u017eana dva izlaganja utemeljena u mje\u0161ovito-metodskom pristupu projekta, 20.-21. 5. 2021.<\/a><br \/>\n&#8211; <a href=\"https:\/\/www.vegaintro-projekti.com\/pilar-stari\/2021\/04\/projekt-genmod-na-sest-javnih-skupova-predstavljeni-rezultati-i-metodologija-istrazivanja-relacijskih-rodnih-identiteta\/\">Projekt GENMOD: Na \u0161est javnih skupova predstavljeni rezultati i metodologija istra\u017eivanja relacijskih rodnih identiteta, 26. 4. 2021.<\/a><br \/>\n&#8211; <a href=\"https:\/\/www.vegaintro-projekti.com\/pilar-stari\/2021\/04\/projekt-genmod-clanovi-projekta-suorganizirali-znanstveni-skup-kako-istrazivati-rod-radionica-o-metodologiji-i-odrzali-tri-izlaganja-o-rezultatima-i-metodologiji-projekta-genmod-8\/\">Projekt GENMOD: \u010clanovi projekta suorganizirali znanstveni skup \u201eKako istra\u017eivati rod: Radionica o metodologiji\u201c i odr\u017eali tri izlaganja o rezultatima i metodologiji projekta GENMOD, 8. 4. 2021.<\/a><br \/>\n&#8211; <a href=\"https:\/\/www.vegaintro-projekti.com\/pilar-stari\/2021\/03\/mr-sc-mirko-petrica-na-11-medunarodnoj-konferenciji-istrazivanja-o-kulturnoj-politici-iccpr\/\">Mr. sc. Mirko Petri\u0107a na 11. Me\u0111unarodnoj konferenciji istra\u017eivanja o kulturnoj politici (ICCPR), 25. 3. 2021.<\/a><br \/>\n&#8211; <a href=\"https:\/\/www.vegaintro-projekti.com\/pilar-stari\/2021\/03\/projekt-genmod-clanovi-projekta-odrzali-izlaganje-na-8-konferenciji-istrazivacke-mreze-za-sociologiju-kulture-europskog-socioloskog-drustva-esa-10-3-2021\/\">Projekt GENMOD: \u010clanovi projekta odr\u017eali izlaganje na 8. konferenciji Istra\u017eiva\u010dke mre\u017ee za Sociologiju kulture Europskog sociolo\u0161kog dru\u0161tva (ESA), 10. 3. 2021.<\/a><br \/>\n&#8211; <a href=\"https:\/\/www.vegaintro-projekti.com\/pilar-stari\/2021\/03\/dr-sc-jadranka-rebeka-anic-u-emisiji-rijec-i-zivot-na-prvom-programu-htv-a-5-3-2021\/\">Dr. sc. Jadranka Rebeka Ani\u0107 u emisiji \u201eRije\u010d i \u017eivot\u201c na prvom programu HTV-a, 5. 3. 2021.<\/a><br \/>\n&#8211; <a href=\"https:\/\/www.vegaintro-projekti.com\/pilar-stari\/2021\/03\/invent-projekt-eu-obzor-2020-odrzan-sastanak-konzorcija-projekta\/\">INVENT projekt (EU OBZOR 2020): Odr\u017ean sastanak konzorcija projekta, 23. 2. 2021.<\/a><br \/>\n&#8211; <a href=\"https:\/\/www.vegaintro-projekti.com\/pilar-stari\/2021\/02\/nacionalna-identifikacija-u-crnoj-gori-nidemon\/\">Projekt: Nacionalna identifikacija u Crnoj Gori &#8211; NIDEMON, 5. 2. 2021.<\/a><br \/>\n&#8211; <a href=\"https:\/\/www.vegaintro-projekti.com\/pilar-stari\/2020\/12\/projekt-genmod-odrzan-okrugli-stol-muske-i-zenske-publike-u-kulturi-17-12-2020\/\">Projekt GENMOD: Odr\u017ean okrugli stol \u201eMu\u0161ke i \u017eenske publike u kulturi\u201c, 17. 12. 2020.<\/a><br \/>\n&#8211; <a href=\"https:\/\/www.vegaintro-projekti.com\/pilar-stari\/2020\/12\/projekt-genmod-organiziran-javni-skup-mjesovite-metode-u-relacijskoj-sociologiji-roda-o-integraciji-kvantitativnih-i-kvalitativnih-metoda-u-projektu-genmod-10-12-2020\/\">Projekt GENMOD: Organiziran javni skup \u201eMje\u0161ovite metode u relacijskoj sociologiji roda &#8211; O integraciji kvantitativnih i kvalitativnih metoda u projektu GENMOD\u201c, 10. 12. 2020.<\/a><br \/>\n&#8211; <a href=\"https:\/\/www.vegaintro-projekti.com\/pilar-stari\/2020\/11\/projekt-genmod-odrzan-okrugli-stol-muskarci-to-ipak-donekle-rade-nove-spoznaje-o-rodnoj-ravnopravnosti-u-podjeli-kucanskih-poslova-u-hrvatskoj-26-11-2020\/\">Projekt GENMOD: Odr\u017ean okrugli stol: \u201eMu\u0161karci to ipak (donekle) rade? Nove spoznaje o rodnoj ravnopravnosti u podjeli ku\u0107anskih poslova u Hrvatskoj\u201c, 26. 11. 2020.<\/a><br \/>\n&#8211; <a href=\"https:\/\/www.vegaintro-projekti.com\/pilar-stari\/2020\/11\/projekt-genmod-dr-sc-inga-tomic-koludrovic-i-mr-sc-mirko-petric-odrzali-predavanje-u-okviru-programa-za-rodna-istrazivanja-sveucilista-u-grazu-18-11-2020\/\">Projekt GENMOD: Dr. sc. Inga Tomi\u0107-Koludrovi\u0107 i mr. sc. Mirko Petri\u0107 odr\u017eali predavanje u okviru programa za rodna istra\u017eivanja Sveu\u010dili\u0161ta u Grazu, 18. 11. 2020.<\/a><br \/>\n&#8211; <a href=\"https:\/\/www.vegaintro-projekti.com\/pilar-stari\/2020\/10\/dr-sc-jadranka-rebeka-anic-na-simpoziju-o-identitetskim-i-rodnim-sukobima-u-kontekstu-desnog-populizma-i-krscanskog-fundamentalizma-14-16-10-2020\/\">Dr. sc. Jadranka Rebeka Ani\u0107 na simpoziju o identitetskim i rodnim sukobima u kontekstu desnog populizma i kr\u0161\u0107anskog fundamentalizma, 14.-16. 10. 2020.<\/a><br \/>\n&#8211; <a href=\"https:\/\/www.vegaintro-projekti.com\/pilar-stari\/2020\/09\/projekt-genmod-dr-sc-filip-uzarevic-odrzao-predavanje-na-konferenciji-o-sredozemnim-otocima-vis-19-9-2020\/\">Projekt GENMOD: Dr. sc. Filip U\u017earevi\u0107 odr\u017eao predavanje na Konferenciji o sredozemnim otocima; Vis, 19. 9. 2020.<\/a><br \/>\n&#8211; <a href=\"https:\/\/www.vegaintro-projekti.com\/pilar-stari\/2020\/09\/dr-sc-lynette-sikic-micanovic-na-konferencije-o-sredozemnim-otocima-vis-19-9-2020\/\">Dr. sc. Lynette \u0160iki\u0107 Mi\u0107anovi\u0107 na Konferenciji o sredozemnim otocima; Vis, 19. 9. 2020.<\/a><br \/>\n&#8211; <a href=\"https:\/\/www.vegaintro-projekti.com\/pilar-stari\/2020\/05\/razvijanje-visedimenzionalnog-modela-istrazivanja-drustvenih-nejednakosti\/\">Razvijanje vi\u0161edimenzionalnog modela istra\u017eivanja dru\u0161tvenih nejednakosti, 22. 5. 2020.<\/a><br \/>\n&#8211; <a href=\"https:\/\/www.vegaintro-projekti.com\/pilar-stari\/2020\/05\/invent-european-inventory-of-societal-values-of-culture-as-a-basis-for-inclusive-cultural-policies-in-the-globalizing-world\/\">INVENT \u2013 European Inventory of Societal Values of Culture as a Basis for Inclusive Cultural Policies in the Globalizing World, 18. 5. 2020.<\/a><br \/>\n&#8211; <a href=\"https:\/\/www.vegaintro-projekti.com\/pilar-stari\/2020\/07\/invent-projekt-eu-horizon-2020-odrzana-pocetna-konferencija-projekta-28-29-4-2020\/\">INVENT projekt (EU Horizon 2020): Odr\u017eana po\u010detna konferencija projekta, 28.-29. 4. 2020.<\/a><br \/>\n&#8211; <a href=\"https:\/\/www.vegaintro-projekti.com\/pilar-stari\/2020\/03\/dr-sc-neven-duvnjak-in-memoriam\/\">Dr. sc. Neven Duvnjak: In memoriam, 3. 3. 2020.<\/a><br \/>\n&#8211; <a href=\"https:\/\/www.vegaintro-projekti.com\/pilar-stari\/2020\/02\/nove-medijske-objave-o-projektu-genmod\/\">Nove medijske objave o projektu GENMOD, 23. 1. &#8211; 5. 2. 2020.<\/a><br \/>\n&#8211; <a href=\"https:\/\/www.vegaintro-projekti.com\/pilar-stari\/2020\/02\/voditeljici-projekta-genmod-dodijeljeno-priznanje-hsd-a-rudi-supek-za-2019-godinu\/\">Voditeljici projekta GENMOD dodijeljeno Priznanje HSD-a \u201eRudi Supek\u201c za 2019. godinu<\/a><br \/>\n&#8211; <a href=\"https:\/\/www.vegaintro-projekti.com\/pilar-stari\/2020\/01\/dr-sc-inga-tomic-koludrovic-nagradena-priznanjem-rudi-supek-za-iznimna-postignuca-uspjehe-i-zasluge-za-razvoj-sociologije-i-hrvatskog-socioloskog-drustva\/\">Dr. sc. Inga Tomi\u0107-Koludrovi\u0107 nagra\u0111ena Priznanjem \u201eRudi Supek\u201c za iznimna postignu\u0107a, uspjehe i zasluge za razvoj sociologije i Hrvatskog sociolo\u0161kog dru\u0161tva<\/a><br \/>\n&#8211; <a href=\"https:\/\/www.vegaintro-projekti.com\/pilar-stari\/2019\/11\/prezentacija-rezultata-projekta-genmod-rodna-dimenzija-strategija-kucanstava-u-hrvatskoj-split-28-11-2019\/\">Prezentacija rezultata projekta GENMOD: \u201eRodna dimenzija strategija ku\u0107anstava u Hrvatskoj\u201c; Split, 28. 11. 2019.<\/a><br \/>\n&#8211; <a href=\"https:\/\/www.vegaintro-projekti.com\/pilar-stari\/2019\/11\/prezentacija-rezultata-projekta-genmod-zene-i-mediji-turske-sapunice-u-hrvatskoj-zadar-27-11-2019\/\">Prezentacija rezultata projekta GENMOD: \u201e\u017dene i mediji: turske sapunice u Hrvatskoj\u201c; Zadar, 27. 11. 2019.<\/a><br \/>\n&#8211; <a href=\"https:\/\/www.vegaintro-projekti.com\/pilar-stari\/2019\/11\/projekt-genmod-pozvano-predavanje-na-konferenciji-papst-franziskus-und-die-pastoraltheologie-in-ostmitteleuropa-kluz-napoka-rumunjska-19-22-11-2019\/\">Projekt GENMOD: Pozvano predavanje na konferenciji \u201ePapst Franziskus und die Pastoraltheologie in Ost(Mittel)Europa\u201c, Klu\u017e Napoka, Rumunjska, 19.-22. 11. 2019.<\/a><br \/>\n&#8211; <a href=\"https:\/\/www.vegaintro-projekti.com\/pilar-stari\/2019\/11\/projekt-genmod-stavovi-o-rodnoj-ravnopravnosti-i-podjela-rada-u-kucanstvu-u-hrvatskoj-zagreb-16-11-2019\/\">Projekt GENMOD: \u201eStavovi o rodnoj ravnopravnosti i podjela rada u ku\u0107anstvu u Hrvatskoj\u201c; Zagreb, 16. 11. 2019.<\/a><br \/>\n&#8211; <a href=\"https:\/\/www.vegaintro-projekti.com\/pilar-stari\/2019\/11\/prezentacija-rezultata-projekta-genmod-rodne-uloge-u-obitelji-pomak-prema-modernosti-zadar-14-11-2019\/\">Prezentacija rezultata projekta GENMOD: \u201eRodne uloge u obitelji: pomak prema modernosti?\u201c; Zadar, 14. 11. 2019.<\/a><br \/>\n&#8211; <a href=\"https:\/\/www.vegaintro-projekti.com\/pilar-stari\/2019\/11\/prezentacija-rezultata-projekta-genmod-turske-sapunice-u-hrvatskoj-kulturna-bliskost-ili-medijska-pismenost-split-7-11-2019\/\">Prezentacija rezultata projekta GENMOD: \u201eTurske sapunice u Hrvatskoj: kulturna bliskost ili medijska pismenost?\u201c; Split, 7. 11. 2019.<\/a><br \/>\n&#8211; <a href=\"https:\/\/www.vegaintro-projekti.com\/pilar-stari\/2019\/11\/dr-sc-inga-tomic-koludrovic-o-rodnim-odnosima-u-hrvatskoj-za-deutsche-welle-29-10-2019\/\">Dr. sc. Inga Tomi\u0107-Koludrovi\u0107 o rodnim odnosima u Hrvatskoj za Deutsche Welle, 29. 10. 2019.<\/a><br \/>\n&#8211; <a href=\"https:\/\/www.vegaintro-projekti.com\/pilar-stari\/2019\/10\/rezultati-projekta-genmod-koristeni-u-radu-triju-radionica-i-vjernice-i-gradanke-u-2019-godini\/\">Rezultati projekta GENMOD kori\u0161teni u radu triju radionica \u201eI vjernice i gra\u0111anke\u201c u 2019. godini<\/a><br \/>\n&#8211; <a href=\"https:\/\/www.vegaintro-projekti.com\/pilar-stari\/2019\/10\/rodni-stavovi-i-prakse-u-hrvatskoj-izvjestaj-o-kvantitativnim-rezultatima-projekta-genmod\/\">RODNI STAVOVI I PRAKSE U HRVATSKOJ &#8211; Izvje\u0161taj o kvantitativnim rezultatima projekta GENMOD<\/a><br \/>\n&#8211; <a href=\"https:\/\/www.vegaintro-projekti.com\/pilar-stari\/2019\/09\/projekt-genmod-predavanje-na-konferenciji-europskog-drustva-za-katolicku-teologiju-bratislava-28-31-8-2019\/\">Projekt GENMOD: Predavanje na konferenciji Europskog dru\u0161tva za katoli\u010dku teologiju, Bratislava, 28.-31. 8. 2019.<\/a><br \/>\n&#8211;&nbsp;<a href=\"https:\/\/www.vegaintro-projekti.com\/pilar-stari\/2019\/04\/zadar-predstavljanje-knjige-marija-magdalena-od-isusove-ucenice-do-filmske-bludnice-29-4-2019\/\">Zadar: Predstavljanje knjige \u201eMarija Magdalena: Od Isusove ucenice do filmske bludnice\u201c, 29. 4. 2019.<\/a><br \/>\n&#8211;&nbsp;<a href=\"https:\/\/www.vegaintro-projekti.com\/pilar-stari\/2019\/04\/projekt-genmod-odrzana-radionica-metodoloski-aspekti-relacijskih-istrazivanja-identiteta-vi-12-13-4-2019\/\">Projekt GENMOD: Odr\u017eana radionica \u201eMetodolo\u0161ki aspekti relacijskih istra\u017eivanja identiteta VI\u201c; Zagreb, 12.-13. 4. 2019.<\/a><br \/>\n&#8211;&nbsp;<a href=\"https:\/\/www.vegaintro-projekti.com\/pilar-stari\/2019\/04\/sr-rebeka-anic-eine-theologische-rebellin-in-kroatien\/\">Sr. Rebeka Ani\u0107: eine theologische Rebellin in Kroatien, 2. 4. 2019.<\/a><br \/>\n&#8211;&nbsp;<a href=\"https:\/\/www.vegaintro-projekti.com\/pilar-stari\/2019\/03\/projekt-genmod-odrzana-radionica-metodoloski-aspekti-relacijskih-istrazivanja-identiteta-v-14-15-3-2019\/\">Projekt GENMOD: Odr\u017eana radionica \u201eMetodolo\u0161ki aspekti relacijskih istra\u017eivanja identiteta V\u201c; Zagreb, 14.-15. 3. 2019.<\/a><br \/>\n&#8211;&nbsp;<a href=\"https:\/\/www.vegaintro-projekti.com\/pilar-stari\/2019\/03\/predstavljanje-studije-marija-magdalena-od-isusove-ucenice-do-filmske-bludnice-split-20-2-2019-u-medijima\/\">Predstavljanje studije \u201eMarija Magdalena: Od Isusove u\u010denice do filmske bludnice\u201c u medijima<\/a><br \/>\n&#8211;&nbsp;<a href=\"https:\/\/www.vegaintro-projekti.com\/pilar-stari\/2019\/02\/split-predstavljanje-knjige-marija-magdalena-od-isusove-ucenice-do-filmske-bludnice-20-2-2019\/\">Split: Predstavljanje knjige \u201eMarija Magdalena: Od Isusove u\u010denice do filmske bludnice\u201c, 20. 2. 2019.<\/a><br \/>\n&#8211;&nbsp;<a href=\"https:\/\/www.vegaintro-projekti.com\/pilar-stari\/2019\/02\/dr-sc-inga-tomic-koludrovic-u-sjeni-reformi-obrazovne-politike-i-drustvene-potrebe\/\">Dr. sc. Inga Tomi\u0107-Koludrovi\u0107: U sjeni reformi &#8211; obrazovne politike i dru\u0161tvene potrebe<\/a><br \/>\n&#8211;&nbsp;<a href=\"https:\/\/www.vegaintro-projekti.com\/pilar-stari\/2019\/01\/projekt-genmod-muskarci-u-dalmaciji-drukciji-ili-isti-split-17-1-2019\/\">Projekt GENMOD: Mu\u0161karci u Dalmaciji: druk\u010diji ili isti?; Split, 17. 1. 2019.<\/a><br \/>\n&#8211;&nbsp;<a href=\"https:\/\/www.vegaintro-projekti.com\/pilar-stari\/2018\/12\/istrazivanje-tima-dr-sc-inge-tomic-koludrovic-dalmatinci-se-u-kuci-boje-pegle-i-metle\/\">Istra\u017eivanje tima dr. sc. Inge Tomi\u0107 Koludrovi\u0107: RODNI ODNOSI I (NE)RAVNOPRAVNOST, 29. 12. 2018.<\/a><br \/>\n&#8211;&nbsp;<a href=\"https:\/\/www.vegaintro-projekti.com\/pilar-stari\/2018\/12\/predstavljanje-knjige-marija-magdalena-od-isusove-ucenice-do-filmske-bludnice-zagreb-17-12-2018\/\">Predstavljanje knjige MARIJA MAGDALENA: OD ISUSOVE UCENICE DO FILMSKE BLUDNICE; Zagreb, 17. 12. 2018.<\/a><br \/>\n&#8211;&nbsp;<a href=\"https:\/\/www.vegaintro-projekti.com\/pilar-stari\/2018\/12\/rezultati-projekta-genmod-predstavljeni-na-javnom-skupu-u-zadru-11-12-2018\/\">Rezultati projekta GENMOD predstavljeni na javnom skupu u Zadru, 11. 12. 2018.<\/a><br \/>\n&#8211;&nbsp;<a href=\"https:\/\/www.vegaintro-projekti.com\/pilar-stari\/2018\/12\/projekt-genmod-partnerski-odnosi-muskaraca-i-zena-u-hrvatskoj-razvojna-perspektiva-split-6-12-2018\/\">Projekt GENMOD: Partnerski odnosi mu\u0161karaca i \u017eena u Hrvatskoj: Razvojna perspektiva; Split, 6. 12. 2018.<\/a><br \/>\n&#8211;&nbsp;<a href=\"https:\/\/www.vegaintro-projekti.com\/pilar-stari\/2018\/12\/objavljena-studija-marija-magdalena-od-isusove-ucenice-do-filmske-bludnice\/\">Objavljena studija MARIJA MAGDALENA: OD ISUSOVE U\u010cENICE DO FILMSKE BLUDNICE<\/a><br \/>\n&#8211;&nbsp;<a href=\"https:\/\/www.vegaintro-projekti.com\/pilar-stari\/2018\/11\/predavanje-dr-sc-jadranka-rebeka-anic-rod-i-kulturalni-kontekst-perspektiva-iz-hrvatske-frankfurt-21-11-2018\/\">Predavanje dr. sc. Jadranke Rebeke Ani\u0107 &#8220;Rod i kulturalni kontekst: perspektiva iz Hrvatske&#8221;; Frankfurt, 21. 11. 2018.<\/a><br \/>\n&#8211;&nbsp;<a href=\"https:\/\/www.vegaintro-projekti.com\/pilar-stari\/2018\/10\/projekt-genmod-pozvano-predavanje-na-konferenciji-identities-in-conflict-brno-19-20-10-2018\/\">Projekt GENMOD: Pozvano predavanje na konferenciji &#8220;Identities in Conflict&#8221;; Brno, 19.-20. 10. 2018.<\/a><br \/>\n&#8211;&nbsp;<a href=\"https:\/\/www.vegaintro-projekti.com\/pilar-stari\/2018\/10\/projekt-genmod-izlaganje-na-konferenciji-rising-inequalities-iii-pariz-3-4-10-2018\/\">Projekt GENMOD: Izlaganje na konferenciji \u201cRising Inequalities III\u201c; Pariz, 3.-4. 10. 2018.<\/a><br \/>\n&#8211; <a href=\"https:\/\/www.vegaintro-projekti.com\/pilar-stari\/2018\/09\/projekt-genmod-priopcenja-na-konferenciji-o-sredozemnim-otocima-mic-vis-2018\/\">Projekt GENMOD: Priop\u0107enja na Konferenciji o sredozemnim otocima, MIC \u2013 Vis 2018<\/a><br \/>\n&#8211; <a href=\"https:\/\/www.vegaintro-projekti.com\/pilar-stari\/2018\/09\/radni-sastanak-projekta-genmod-split-rujan-2018\/\">Radni sastanak projekta GENMOD; Split, rujan 2018.<\/a><br \/>\n&#8211; <a href=\"https:\/\/www.vegaintro-projekti.com\/pilar-stari\/2018\/05\/genmod-projekt-pozvano-predavanje-u-grazu-7-svinja-2018\/\">GENMOD projekt: Pozvano predavanje u Grazu, 7. svibnja 2018.<\/a><br \/>\n&#8211;&nbsp;<a href=\"https:\/\/www.vegaintro-projekti.com\/pilar-stari\/2018\/09\/konferencijsko-priopcenje-na-malti-u-okviru-projekta-genmod-4-7-9-2018\/\">Konferencijsko priop\u0107enje na Malti u okviru projekta GENMOD, 4.-7. 9. 2018.<\/a><br \/>\n&#8211;&nbsp;<a href=\"https:\/\/www.vegaintro-projekti.com\/pilar-stari\/2018\/09\/konferencijsko-priopcenje-u-berlinu-u-okviru-projekta-genmod-4-7-9-2018\/\">Konferencijsko priop\u0107enje u Berlinu u okviru projekta GENMOD, 5.-6. 9. 2018.<\/a><br \/>\n&#8211;&nbsp;<a href=\"https:\/\/www.vegaintro-projekti.com\/pilar-stari\/2018\/07\/konferencijsko-priopcenje-u-bergenu-u-sklopu-projekta-genmod-14-15-6-2018\/\">Konferencijsko priop\u0107enje u Bergenu u sklopu projekta GENMOD, 14.-15. 6. 2018.<\/a><br \/>\n&#8211; <a href=\"https:\/\/www.vegaintro-projekti.com\/pilar-stari\/2018\/06\/dr-sc-jadranka-rebeka-anic-na-okruglom-stolu-in-tribute-to-saba-mahmood-zagreb-20-6-2018\/\">Dr. sc. Jadranka Rebeka Ani\u0107 na okruglom stolu \u201eIn Tribute to Saba Mahmood\u201c; Rijeka, 20. 6. 2018.<\/a><br \/>\n&#8211; <a href=\"https:\/\/www.vegaintro-projekti.com\/pilar-stari\/2018\/05\/radionica-metodoloski-aspekti-relacijskih-istrazivanja-identiteta-iii-split-18-20-5-2018\/\">RADIONICA: \u201cMetodolo\u0161ki aspekti relacijskih istra\u017eivanja identiteta III\u201d; Split, 18.-20. 5. 2018.<\/a><br \/>\n&#8211;&nbsp;<a href=\"https:\/\/www.vegaintro-projekti.com\/pilar-stari\/2017\/12\/pozvano-predavanje-u-sklopu-projekta-genmod\/\">Pozvano predavanje u sklopu projekta GENMOD, 7.-8. 12. 2017.<\/a><br \/>\n&#8211;&nbsp;<a href=\"https:\/\/www.vegaintro-projekti.com\/pilar-stari\/2017\/09\/radionica-metodoloski-aspekti-relacijskih-istrazivanja-identiteta-ii-17-21-9-2017\/\">Radionica &#8220;Metodolo\u0161ki aspekti relacijskih istra\u017eivanja identiteta II&#8221;, 17.-21. 9. 2017.<\/a><br \/>\n&#8211;&nbsp;<a href=\"https:\/\/www.vegaintro-projekti.com\/pilar-stari\/2017\/09\/prof-dr-sc-inga-tomic-koludrovic-na-radionici-rising-inequalities-u-kopenhagenu\/\">Prof. dr. sc. Inga Tomi\u0107-Koludrovi\u0107 na radionici &#8220;Rising inequalities&#8221;, 15. 9. 2017.<\/a><br \/>\n&#8211;&nbsp;<a href=\"https:\/\/www.vegaintro-projekti.com\/pilar-stari\/2017\/09\/ra-stvaranje-europe-kapitalizam-solidarnost-subjektivnost\/\">(Ra)stvaranje Europe: kapitalizam, solidarnosti, subjektivnost; Atena, 29. 8. &#8211; 1. 9. 2017.<\/a><br \/>\n&#8211;&nbsp;<a href=\"https:\/\/www.vegaintro-projekti.com\/pilar-stari\/2017\/08\/konferencijsko-priopcenje-u-becu-u-sklopu-projekta-genmod\/\">Konferencijsko priop\u0107enje u Be\u010du u sklopu projekta GENMOD, 23.-26. 8. 2017.<\/a><br \/>\n&#8211;&nbsp;<a href=\"https:\/\/www.vegaintro-projekti.com\/pilar-stari\/2017\/07\/dr-sc-sasa-mrduljas-o-hrvatskom-drustvu-danas-i-jucer\/\">Dr. sc. Sa\u0161a Mrdulja\u0161: O HRVATSKOM DRU\u0160TVU DANAS I JU\u010cER&#8230;<\/a><br \/>\n&#8211;&nbsp;<a href=\"https:\/\/www.vegaintro-projekti.com\/pilar-stari\/2017\/05\/radionica-metodoloski-aspekti-relacijskih-istrazivanja-identiteta\/\">Radionica: &#8220;Metodolo\u0161ki aspekti relacijskih istra\u017eivanja identiteta&#8221;,&nbsp;26.-29. 5. 2017.<\/a><br \/>\n&#8211;&nbsp;<a href=\"https:\/\/www.vegaintro-projekti.com\/pilar-stari\/2017\/05\/priopcenja-uz-projekt-relacijski-rodni-identiteti-u-hrvatskoj-genmod\/\">Priop\u0107enja uz projekt Relacijski rodni identiteti u Hrvatskoj (GENMOD)<\/a><br \/>\n&#8211;&nbsp;<a href=\"https:\/\/www.vegaintro-projekti.com\/pilar-stari\/2017\/05\/genmod-relational-gender-identities-in-croatia-modernization-and-development-perspectives\/\">Projekt: GENMOD Relational Gender Identities in Croatia: Modernization and Development Perspectives<\/a><br \/>\n&#8211;&nbsp;<a href=\"https:\/\/www.vegaintro-projekti.com\/pilar-stari\/2017\/04\/istrazivanje-podjela-poslova-u-kucanstvu\/\">Istra\u017eivanje: PODJELA POSLOVA U KU\u0106ANSTVU<\/a><br \/>\n&#8211;&nbsp;<a href=\"https:\/\/www.vegaintro-projekti.com\/pilar-stari\/2017\/04\/nagrada-dr-sc-jadranki-rebeki-anic-za-slobodu-u-crkvi\/\">Nagrada dr. sc. Jadranki Rebeki Ani\u0107 za slobodu u Crkvi, 19. 3. 2017.<\/a><br \/>\n&#8211;&nbsp;<a href=\"https:\/\/www.vegaintro-projekti.com\/pilar-stari\/2016\/12\/dr-sc-inga-tomic-koludrovic-dobitnica-drzavne-nagrade-za-znanost-za-2015\/\">Dr. sc. Inga Tomi\u0107 Koludrovi\u0107 dobitnica Dr\u017eavne nagrade za znanost za 2015.<\/a><br \/>\n&#8211;&nbsp;<a href=\"https:\/\/www.vegaintro-projekti.com\/pilar-stari\/2016\/08\/dr-sc-jadranka-rebeka-anic-na-konferenciji-gender-ecclesiology\/\">Dr. sc. Jadranka Rebeka Ani\u0107 na konferenciji GENDER &amp; ECCLESIOLOGY, 14.-17. 7. 2016.<\/a><br \/>\n&#8211;&nbsp;<a href=\"https:\/\/www.vegaintro-projekti.com\/pilar-stari\/2015\/10\/nakon-splita-promocija-knjige-inge-tomic-koludrovic-i-u-zagrebu-29-10-2015\/\">Nakon Splita promocija knjige INGE TOMI\u0106-KOLUDROVI\u0106 i u Zagrebu<\/a><br \/>\n&#8211;&nbsp;<a href=\"https:\/\/www.vegaintro-projekti.com\/pilar-stari\/2015\/10\/predstavljanje-knjige-inge-tomic-koludrovic-pomak-prema-modernosti\/\">Predstavljanje knjige Inge Tomi\u0107-Koludrovi\u0107 POMAK PREMA MODERNOSTI, 21. 10. 2015.<\/a><br \/>\n&#8211;&nbsp;<a href=\"https:\/\/www.vegaintro-projekti.com\/pilar-stari\/2015\/09\/konferencija-europskog-drustva-zena-u-teoloskom-istrazivanju\/\">Konferencija Europskog dru\u0161tva \u017eena u teolo\u0161kom istra\u017eivanju 2015.<\/a><br \/>\n&#8211;&nbsp;<a href=\"https:\/\/www.vegaintro-projekti.com\/pilar-stari\/2015\/09\/znanstvenici-instituta-na-12-konferenciji-europskoga-socioloskog-drustva\/\">Znanstvenici Instituta na konferenciji Europskoga sociolo\u0161kog dru\u0161tva<\/a><br \/>\n&#8211;&nbsp;<a href=\"https:\/\/www.vegaintro-projekti.com\/pilar-stari\/2015\/05\/freedom-necessity-conference-call-split-croatia-october-3-4-2015\/\">FREEDOM &amp; NECESSITY &#8211; Conference call; Split, Croatia, October 3-4, 2015<\/a><br \/>\n&#8211;&nbsp;<a href=\"https:\/\/www.vegaintro-projekti.com\/pilar-stari\/2015\/06\/cost-action-is-1205-summer-school-conference\/\">COST ACTION IS 1205: Summer School &amp; Conference; 7-12 September 2015<\/a><br \/>\n&#8211;&nbsp;<a href=\"https:\/\/www.vegaintro-projekti.com\/pilar-stari\/2015\/03\/dr-sc-inga-tomic-koludrovic-mladi-u-hrvatskoj-nakon-tranzicije\/\">Dr. sc. Inga Tomi\u0107-Koludrovi\u0107: Mladi u Hrvatskoj nakon tranzicije; Berlin, 27. 2. 2015.<\/a><br \/>\n&#8211;&nbsp;<a href=\"https:\/\/www.vegaintro-projekti.com\/pilar-stari\/2015\/02\/dr-sc-jadranka-rebeka-anic-na-tribini-gender-ideologie-u-becu\/\">Dr. sc. Jadranka Rebeka Ani\u0107 na tribini &#8220;GENDER-IDEOLOGIE&#8221; u Be\u010du, 20. 1. 2015.<\/a><br \/>\n&#8211;&nbsp;<a href=\"https:\/\/www.vegaintro-projekti.com\/pilar-stari\/2014\/12\/dan-instituta-ivo-pilar-2014\/\">DAN INSTITUTA IVO PILAR 2014.<\/a><br \/>\n&#8211;&nbsp;<a href=\"https:\/\/www.vegaintro-projekti.com\/pilar-stari\/2014\/12\/splitski-gradonacelnik-primio-izaslanstvo-instituta-ivo-pilar\/\">Splitski gradona\u010delnik primio izaslanstvo Instituta Ivo Pilar<\/a><br \/>\n&#8211; <a href=\"https:\/\/www.vegaintro-projekti.com\/pilar-stari\/2014\/10\/tri-izlaganja-na-medunarodnoj-konferenciji-1989-2014-25-godina-poslije-u-grazu\/\">Tri izlaganja na konferenciji &#8220;1989-2014: 25 godina poslije&#8221; u Grazu<\/a><br \/>\n&#8211; <a href=\"https:\/\/www.vegaintro-projekti.com\/pilar-stari\/2014\/10\/starenje-u-hrvatskoj-prezentacija-rezultata-istrazivanja-u-domovima-za-starije\/\">STARENJE U HRVATSKOJ \u2013 Prezentacije rezultata istra\u017eivanja u Splitu<\/a><br \/>\n&#8211; <a href=\"https:\/\/www.vegaintro-projekti.com\/pilar-stari\/2014\/10\/objavljena-knjiga-dr-sc-inge-tomic-koludrovic-i-sur-zadarska-riva\/\">Objavljena knjiga dr. sc. Inge Tomi\u0107-Koludrovi\u0107 i sur. ZADARSKA RIVA<\/a><br \/>\n&#8211;&nbsp;<a href=\"https:\/\/www.vegaintro-projekti.com\/pilar-stari\/2014\/07\/scopes-prva-radionica-odrzana-u-splitu-27-30-6-2014\/\">SCOPES \u2013 Prva radionica odr\u017eana u Splitu, 27.-30. 6. 2014.<\/a><br \/>\n&#8211;&nbsp;<a href=\"https:\/\/www.vegaintro-projekti.com\/pilar-stari\/2014\/06\/radionica-kontextuelle-befreiende-theologien-bec-15-18-svibnja-2014\/\">Radionica: &#8220;Kontextuelle befreiende Theologien&#8221;, Be\u010d, 15.-18. svibnja 2014.<\/a><br \/>\n&#8211;&nbsp;<a href=\"https:\/\/www.vegaintro-projekti.com\/pilar-stari\/2014\/04\/istrazivanje-stanovnistvo-povijesne-jezgre-splita-2013\/\">Istra\u017eivanje: STANOVNI\u0160TVO POVIJESNE JEZGRE SPLITA 2013, 31. 3. 2014.<\/a><br \/>\n&#8211;&nbsp;<a href=\"https:\/\/www.vegaintro-projekti.com\/pilar-stari\/2014\/03\/istrazivanje-zasto-splicani-dolaze-u-povijesnu-jezgru\/\">Istra\u017eivanje: ZA\u0160TO SPLI\u0106ANI DOLAZE U POVIJESNU JEZGRU GRADA?, 10. 3. 2014.<\/a><br \/>\n&#8211;&nbsp;<a href=\"https:\/\/www.vegaintro-projekti.com\/pilar-stari\/2014\/02\/istrazivanje-profil-muzejskih-posjetilaca-u-splitu-2013\/\">Istra\u017eivanje: PROFIL MUZEJSKIH POSJETILACA U SPLITU 2013., 24. 2. 2014.<\/a><br \/>\n&#8211;&nbsp;<a href=\"https:\/\/www.vegaintro-projekti.com\/pilar-stari\/2014\/02\/istrazivanje-turisti-u-povijesnoj-jezgri-splita-u-2013\/\">Istra\u017eivanje: TURISTI U POVIJESNOJ JEZGRI SPLITA U 2013., 10. 2. 2014.<\/a><br \/>\n&#8211; <a href=\"https:\/\/www.vegaintro-projekti.com\/pilar-stari\/2012\/08\/konferencija-teoloko-pribliavanje-patnji-i-nadi-ena-split-2-9-9-2012\/\">KONFERENCIJA: Teolo\u0161ko pribli\u017eavanje patnji i nadi \u017eena; Split, 2.-9. 9. 2012.<\/a><br \/>\n&#8211;&nbsp;<a href=\"https:\/\/www.vegaintro-projekti.com\/pilar-stari\/2012\/06\/split-propitivanje-enskih-feministikih-i-muslimanskih-identiteta\/\">Propitivanje \u017eenskih, feministi\u010dkih i muslimanskih identiteta u Splitu, 5. 6. 2012.<\/a><br \/>\n&#8211;&nbsp;<a href=\"https:\/\/www.vegaintro-projekti.com\/pilar-stari\/2012\/05\/4-tribina-u-splitu-tolarancija-i-predrasude-u-hrvatskom-drutvu\/\">4. tribina u Splitu: Tolarancija i predrasude u hrvatskom dru\u0161tvu, 31. 5. 2012.<\/a><br \/>\n&#8211;&nbsp;<a href=\"https:\/\/www.vegaintro-projekti.com\/pilar-stari\/2012\/04\/propitivanje-enskih-feministikih-i-muslimanskih-identiteta-17-4-2012\/\">Propitivanje \u017eenskih, feministi\u010dkih i muslimanskih identiteta, Zagreb<\/a><br \/>\n&#8211;&nbsp;<a href=\"https:\/\/www.vegaintro-projekti.com\/pilar-stari\/2012\/05\/predstavljanje-knjige-kako-razumjeti-rod-u-sarajevu\/\">Predstavljanje knjige KAKO RAZUMJETI ROD? u Sarajevu<\/a><br \/>\n&#8211; <a href=\"https:\/\/www.vegaintro-projekti.com\/pilar-stari\/2012\/04\/3-tribina-u-splitu-20-godina-istraivanja-instituta-pilar\/\">3. tribina: Za\u0161to je hrvatsko dru\u0161tvo zaostalo u razvoju \u2013 Izazovi postindustrijskih promjena (dr. sc. Kre\u0161imir Pera\u010dkovi\u0107), 29. o\u017eujka 2012.<\/a><br \/>\n&#8211; <a href=\"https:\/\/www.vegaintro-projekti.com\/pilar-stari\/2012\/02\/predstavljanje-knjige-dr-sc-sae-poljanec-bori-u-splitu\/\">Predstavljanje knjige dr. sc. Sa\u0161e Poljanec-Bori\u0107 u Splitu, 30.1.2012.<\/a><br \/>\n&#8211; <a href=\"https:\/\/www.vegaintro-projekti.com\/pilar-stari\/2011\/12\/predstavljanje-knjige-kako-razumijeti-rod-u-splitu-27122011\/\">Predstavljanje knjige J.R. Ani\u0107 KAKO RAZUMJETI ROD? u Splitu, 27.12.2011.<\/a><br \/>\n&#8211; <a href=\"https:\/\/www.vegaintro-projekti.com\/pilar-stari\/2011\/12\/predstavljanje-knjige-kako-razumjeti-rod-jadranke-rebeke-ani\/\">Predstavljanje knjige KAKO RAZUMJETI ROD? Jadranke Rebeke Ani\u0107, Zagreb, 12.12.2011.<\/a><br \/>\n&#8211; <a href=\"https:\/\/www.vegaintro-projekti.com\/pilar-stari\/2011\/10\/prijave-za-konferenciju-europskoga-drutva-ena-u-teolokom-istraivanju-3112012\/\">Prijava za konferenciju Europskoga dru\u0161tva \u017eena u teolo\u0161kom istra\u017eivanju, 31.1.2012.<\/a><br \/>\n&#8211; <a href=\"https:\/\/www.vegaintro-projekti.com\/pilar-stari\/2011\/10\/2-tribina-u-splitu-u-povodu-20-godina-instituta-ivo-pilar-20102011\/\">2. znanstvena tribina u Splitu:&nbsp;Ivo Pilar i moderni hrvatski identitet (dr. sc. Zlatko Matijevi\u0107);&nbsp;Pilar: \u010dasopis za dru\u0161tvene i humanisti\u010dke studije (dr. sc. Zlatko Hasanbegovi\u0107); Hrvatski identitet u europskom kontekstu (dr. sc. Vlado \u0160aki\u0107, Ivana Vrselja, Anja Wertag), 20. listopada 2011.<\/a><br \/>\n&#8211; <a href=\"https:\/\/www.vegaintro-projekti.com\/pilar-stari\/2011\/09\/kako-razumjeti-rod\/\">KAKO RAZUMJETI ROD? &#8211; Nova knjiga Jadranke Rebeke Ani\u0107<\/a><br \/>\n&#8211; <a href=\"https:\/\/www.vegaintro-projekti.com\/pilar-stari\/2011\/05\/prva-tribina-u-splitu-20-godina-istraivanja-instituta-pilar\/\">1. znanstvena tribina u Splitu: O Institutu (dr. sc. Rebeka Ani\u0107); Zna\u010daj politi\u010dkih odnosa u Bosni i Hercegovini za Split i Dalmaciju (dr. sc. Sa\u0161a Mrdulja\u0161), 19. svibnja 2011.<\/a><\/p>\n<p>&nbsp;<\/p>\n","protected":false},"excerpt":{"rendered":"<p>Naziv \u25cf Sjedi\u0161te \u25cf Voditelj \u25cf Osnutak \u25cf Djelatnici \u25cf Djelatnost \u25cf Projekti \u25cf Bibliografija \u25cf Skupovi \u25cf Novosti Naziv Institut dru\u0161tvenih znanosti Ivo Pilar \u2013 Centar Split \/ Institute of Social Sciences Ivo Pilar \u2013 Centre Split &nbsp; Sjedi\u0161te Bijankinijeva 13 21000 Split E-mail: Sasa.Mrduljas@vegaintro-projekti.com\/pilar-stari Voditelj Dr. sc. Sa\u0161a Mrdulja\u0161 Osnutak 24. o\u017eujka 1992.&hellip; <a class=\"continue\" href=\"https:\/\/www.vegaintro-projekti.com\/pilar-stari\/2010\/07\/podruni-centar-split-2\/\">Pro\u010ditaj vi\u0161e o<span> Podru\u010dni centar Split<\/span><\/a><\/p>\n","protected":false},"author":1,"featured_media":0,"comment_status":"closed","ping_status":"closed","sticky":false,"template":"","format":"standard","meta":{"inline_featured_image":false,"ngg_post_thumbnail":0,"footnotes":""},"categories":[51],"tags":[],"yoast_head":"<!-- This site is optimized with the Yoast SEO plugin v21.2 - https:\/\/yoast.com\/wordpress\/plugins\/seo\/ -->\n<title>Podru\u010dni centar Split - Institut dru&scaron;tvenih znanosti Ivo Pilar<\/title>\n<meta name=\"robots\" content=\"noindex, follow, max-snippet:-1, max-image-preview:large, max-video-preview:-1\" \/>\n<meta property=\"og:locale\" content=\"hr_HR\" \/>\n<meta property=\"og:type\" content=\"article\" \/>\n<meta property=\"og:title\" content=\"Podru\u010dni centar Split - Institut dru&scaron;tvenih znanosti Ivo Pilar\" \/>\n<meta property=\"og:description\" content=\"Naziv \u25cf Sjedi\u0161te \u25cf Voditelj \u25cf Osnutak \u25cf Djelatnici \u25cf Djelatnost \u25cf Projekti \u25cf Bibliografija \u25cf Skupovi \u25cf Novosti Naziv Institut dru\u0161tvenih znanosti Ivo Pilar \u2013 Centar Split \/ Institute of Social Sciences Ivo Pilar \u2013 Centre Split &nbsp; Sjedi\u0161te Bijankinijeva 13 21000 Split E-mail: Sasa.Mrduljas@vegaintro-projekti.com\/pilar-stari Voditelj Dr. sc. Sa\u0161a Mrdulja\u0161 Osnutak 24. o\u017eujka 1992.&hellip; Pro\u010ditaj vi\u0161e o Podru\u010dni centar Split\" \/>\n<meta property=\"og:url\" content=\"https:\/\/www.vegaintro-projekti.com\/pilar-stari\/2010\/07\/podruni-centar-split-2\/\" \/>\n<meta property=\"og:site_name\" content=\"Institut dru&scaron;tvenih znanosti Ivo Pilar\" \/>\n<meta property=\"article:published_time\" content=\"2010-07-06T11:40:32+00:00\" \/>\n<meta property=\"article:modified_time\" content=\"2025-12-09T11:35:40+00:00\" \/>\n<meta name=\"author\" content=\"pilar-admin\" \/>\n<meta name=\"twitter:card\" content=\"summary_large_image\" \/>\n<meta name=\"twitter:label1\" content=\"Napisao\/la\" \/>\n\t<meta name=\"twitter:data1\" content=\"pilar-admin\" \/>\n\t<meta name=\"twitter:label2\" content=\"Procijenjeno vrijeme \u010ditanja\" \/>\n\t<meta name=\"twitter:data2\" content=\"18 minuta\" \/>\n<script type=\"application\/ld+json\" class=\"yoast-schema-graph\">{\"@context\":\"https:\/\/schema.org\",\"@graph\":[{\"@type\":\"WebPage\",\"@id\":\"https:\/\/www.vegaintro-projekti.com\/pilar-stari\/2010\/07\/podruni-centar-split-2\/\",\"url\":\"https:\/\/www.vegaintro-projekti.com\/pilar-stari\/2010\/07\/podruni-centar-split-2\/\",\"name\":\"Podru\u010dni centar Split - Institut dru&scaron;tvenih znanosti Ivo Pilar\",\"isPartOf\":{\"@id\":\"https:\/\/www.vegaintro-projekti.com\/pilar-stari\/#website\"},\"datePublished\":\"2010-07-06T11:40:32+00:00\",\"dateModified\":\"2025-12-09T11:35:40+00:00\",\"author\":{\"@id\":\"https:\/\/www.vegaintro-projekti.com\/pilar-stari\/#\/schema\/person\/c0db50ebd77c4409e19b18044bbf10c1\"},\"breadcrumb\":{\"@id\":\"https:\/\/www.vegaintro-projekti.com\/pilar-stari\/2010\/07\/podruni-centar-split-2\/#breadcrumb\"},\"inLanguage\":\"hr\",\"potentialAction\":[{\"@type\":\"ReadAction\",\"target\":[\"https:\/\/www.vegaintro-projekti.com\/pilar-stari\/2010\/07\/podruni-centar-split-2\/\"]}]},{\"@type\":\"BreadcrumbList\",\"@id\":\"https:\/\/www.vegaintro-projekti.com\/pilar-stari\/2010\/07\/podruni-centar-split-2\/#breadcrumb\",\"itemListElement\":[{\"@type\":\"ListItem\",\"position\":1,\"name\":\"Home\",\"item\":\"https:\/\/www.vegaintro-projekti.com\/pilar-stari\/\"},{\"@type\":\"ListItem\",\"position\":2,\"name\":\"Podru\u010dni centar Split\"}]},{\"@type\":\"WebSite\",\"@id\":\"https:\/\/www.vegaintro-projekti.com\/pilar-stari\/#website\",\"url\":\"https:\/\/www.vegaintro-projekti.com\/pilar-stari\/\",\"name\":\"Institut dru&scaron;tvenih znanosti Ivo Pilar\",\"description\":\"Pilar\",\"potentialAction\":[{\"@type\":\"SearchAction\",\"target\":{\"@type\":\"EntryPoint\",\"urlTemplate\":\"https:\/\/www.vegaintro-projekti.com\/pilar-stari\/?s={search_term_string}\"},\"query-input\":\"required name=search_term_string\"}],\"inLanguage\":\"hr\"},{\"@type\":\"Person\",\"@id\":\"https:\/\/www.vegaintro-projekti.com\/pilar-stari\/#\/schema\/person\/c0db50ebd77c4409e19b18044bbf10c1\",\"name\":\"pilar-admin\",\"image\":{\"@type\":\"ImageObject\",\"inLanguage\":\"hr\",\"@id\":\"https:\/\/www.vegaintro-projekti.com\/pilar-stari\/#\/schema\/person\/image\/\",\"url\":\"https:\/\/secure.gravatar.com\/avatar\/fac9e03c4db0011b9c1ad8b5e9c74b8c?s=96&d=mm&r=g\",\"contentUrl\":\"https:\/\/secure.gravatar.com\/avatar\/fac9e03c4db0011b9c1ad8b5e9c74b8c?s=96&d=mm&r=g\",\"caption\":\"pilar-admin\"},\"url\":\"https:\/\/www.vegaintro-projekti.com\/pilar-stari\/author\/pilar-admin\/\"}]}<\/script>\n<!-- \/ Yoast SEO plugin. -->","yoast_head_json":{"title":"Podru\u010dni centar Split - Institut dru&scaron;tvenih znanosti Ivo Pilar","robots":{"index":"noindex","follow":"follow","max-snippet":"max-snippet:-1","max-image-preview":"max-image-preview:large","max-video-preview":"max-video-preview:-1"},"og_locale":"hr_HR","og_type":"article","og_title":"Podru\u010dni centar Split - Institut dru&scaron;tvenih znanosti Ivo Pilar","og_description":"Naziv \u25cf Sjedi\u0161te \u25cf Voditelj \u25cf Osnutak \u25cf Djelatnici \u25cf Djelatnost \u25cf Projekti \u25cf Bibliografija \u25cf Skupovi \u25cf Novosti Naziv Institut dru\u0161tvenih znanosti Ivo Pilar \u2013 Centar Split \/ Institute of Social Sciences Ivo Pilar \u2013 Centre Split &nbsp; Sjedi\u0161te Bijankinijeva 13 21000 Split E-mail: Sasa.Mrduljas@vegaintro-projekti.com\/pilar-stari Voditelj Dr. sc. Sa\u0161a Mrdulja\u0161 Osnutak 24. o\u017eujka 1992.&hellip; Pro\u010ditaj vi\u0161e o Podru\u010dni centar Split","og_url":"https:\/\/www.vegaintro-projekti.com\/pilar-stari\/2010\/07\/podruni-centar-split-2\/","og_site_name":"Institut dru&scaron;tvenih znanosti Ivo Pilar","article_published_time":"2010-07-06T11:40:32+00:00","article_modified_time":"2025-12-09T11:35:40+00:00","author":"pilar-admin","twitter_card":"summary_large_image","twitter_misc":{"Napisao\/la":"pilar-admin","Procijenjeno vrijeme \u010ditanja":"18 minuta"},"schema":{"@context":"https:\/\/schema.org","@graph":[{"@type":"WebPage","@id":"https:\/\/www.vegaintro-projekti.com\/pilar-stari\/2010\/07\/podruni-centar-split-2\/","url":"https:\/\/www.vegaintro-projekti.com\/pilar-stari\/2010\/07\/podruni-centar-split-2\/","name":"Podru\u010dni centar Split - Institut dru&scaron;tvenih znanosti Ivo Pilar","isPartOf":{"@id":"https:\/\/www.vegaintro-projekti.com\/pilar-stari\/#website"},"datePublished":"2010-07-06T11:40:32+00:00","dateModified":"2025-12-09T11:35:40+00:00","author":{"@id":"https:\/\/www.vegaintro-projekti.com\/pilar-stari\/#\/schema\/person\/c0db50ebd77c4409e19b18044bbf10c1"},"breadcrumb":{"@id":"https:\/\/www.vegaintro-projekti.com\/pilar-stari\/2010\/07\/podruni-centar-split-2\/#breadcrumb"},"inLanguage":"hr","potentialAction":[{"@type":"ReadAction","target":["https:\/\/www.vegaintro-projekti.com\/pilar-stari\/2010\/07\/podruni-centar-split-2\/"]}]},{"@type":"BreadcrumbList","@id":"https:\/\/www.vegaintro-projekti.com\/pilar-stari\/2010\/07\/podruni-centar-split-2\/#breadcrumb","itemListElement":[{"@type":"ListItem","position":1,"name":"Home","item":"https:\/\/www.vegaintro-projekti.com\/pilar-stari\/"},{"@type":"ListItem","position":2,"name":"Podru\u010dni centar Split"}]},{"@type":"WebSite","@id":"https:\/\/www.vegaintro-projekti.com\/pilar-stari\/#website","url":"https:\/\/www.vegaintro-projekti.com\/pilar-stari\/","name":"Institut dru&scaron;tvenih znanosti Ivo Pilar","description":"Pilar","potentialAction":[{"@type":"SearchAction","target":{"@type":"EntryPoint","urlTemplate":"https:\/\/www.vegaintro-projekti.com\/pilar-stari\/?s={search_term_string}"},"query-input":"required name=search_term_string"}],"inLanguage":"hr"},{"@type":"Person","@id":"https:\/\/www.vegaintro-projekti.com\/pilar-stari\/#\/schema\/person\/c0db50ebd77c4409e19b18044bbf10c1","name":"pilar-admin","image":{"@type":"ImageObject","inLanguage":"hr","@id":"https:\/\/www.vegaintro-projekti.com\/pilar-stari\/#\/schema\/person\/image\/","url":"https:\/\/secure.gravatar.com\/avatar\/fac9e03c4db0011b9c1ad8b5e9c74b8c?s=96&d=mm&r=g","contentUrl":"https:\/\/secure.gravatar.com\/avatar\/fac9e03c4db0011b9c1ad8b5e9c74b8c?s=96&d=mm&r=g","caption":"pilar-admin"},"url":"https:\/\/www.vegaintro-projekti.com\/pilar-stari\/author\/pilar-admin\/"}]}},"_links":{"self":[{"href":"https:\/\/www.vegaintro-projekti.com\/pilar-stari\/wp-json\/wp\/v2\/posts\/298"}],"collection":[{"href":"https:\/\/www.vegaintro-projekti.com\/pilar-stari\/wp-json\/wp\/v2\/posts"}],"about":[{"href":"https:\/\/www.vegaintro-projekti.com\/pilar-stari\/wp-json\/wp\/v2\/types\/post"}],"author":[{"embeddable":true,"href":"https:\/\/www.vegaintro-projekti.com\/pilar-stari\/wp-json\/wp\/v2\/users\/1"}],"replies":[{"embeddable":true,"href":"https:\/\/www.vegaintro-projekti.com\/pilar-stari\/wp-json\/wp\/v2\/comments?post=298"}],"version-history":[{"count":235,"href":"https:\/\/www.vegaintro-projekti.com\/pilar-stari\/wp-json\/wp\/v2\/posts\/298\/revisions"}],"predecessor-version":[{"id":37019,"href":"https:\/\/www.vegaintro-projekti.com\/pilar-stari\/wp-json\/wp\/v2\/posts\/298\/revisions\/37019"}],"wp:attachment":[{"href":"https:\/\/www.vegaintro-projekti.com\/pilar-stari\/wp-json\/wp\/v2\/media?parent=298"}],"wp:term":[{"taxonomy":"category","embeddable":true,"href":"https:\/\/www.vegaintro-projekti.com\/pilar-stari\/wp-json\/wp\/v2\/categories?post=298"},{"taxonomy":"post_tag","embeddable":true,"href":"https:\/\/www.vegaintro-projekti.com\/pilar-stari\/wp-json\/wp\/v2\/tags?post=298"}],"curies":[{"name":"wp","href":"https:\/\/api.w.org\/{rel}","templated":true}]}}