{"id":29952,"date":"2024-05-29T06:33:32","date_gmt":"2024-05-29T06:33:32","guid":{"rendered":"https:\/\/www.vegaintro-projekti.com\/pilar-stari\/?p=29952"},"modified":"2024-05-29T06:50:15","modified_gmt":"2024-05-29T06:50:15","slug":"matija-krizmanic-na-godisnjem-skupu-hrvatskog-etnoloskog-drustva-nase-zajednicke-buducnosti-pazin-22-24-5-2024","status":"publish","type":"post","link":"https:\/\/www.vegaintro-projekti.com\/pilar-stari\/2024\/05\/matija-krizmanic-na-godisnjem-skupu-hrvatskog-etnoloskog-drustva-nase-zajednicke-buducnosti-pazin-22-24-5-2024\/","title":{"rendered":"Matija Krizmani\u0107 na Godi\u0161njem skupu Hrvatskog etnolo\u0161kog dru\u0161tva \u201eNa\u0161e zajedni\u010dke budu\u0107nosti\u201c; Pazin, 22.-24. 5. 2024."},"content":{"rendered":"<p><strong>Asistent Instituta Pilar Matija Krizmani\u0107 na Godi\u0161njem skupu Hrvatskog etnolo\u0161kog dru\u0161tva u Pazinu odr\u017eao je izlaganje pod naslovom <em>\u201eSada je samo pitanje nekog ideala\u201c: aktivizam i rodne budu\u0107nosti u Zagrebu<\/em>. Rad je predstavljen kao dio doktorske disertacije u sklopu projekta \u201ePromjene rodnih odnosa u Hrvatskoj\u201c, NextGenderHR, (01\/08-73\/23-2519-9)<\/strong><\/p>\n<div class=\"wp-block-image\"><a href=\"https:\/\/www.vegaintro-projekti.com\/pilar-stari\/wp-content\/uploads\/2024\/05\/IMG_1-4.jpg\"><img decoding=\"async\" loading=\"lazy\" class=\"alignnone wp-image-29945 size-full\" src=\"https:\/\/www.vegaintro-projekti.com\/pilar-stari\/wp-content\/uploads\/2024\/05\/IMG_1s-3.jpg\" alt=\"i1\" width=\"620\" height=\"337\" srcset=\"https:\/\/www.vegaintro-projekti.com\/pilar-stari\/wp-content\/uploads\/2024\/05\/IMG_1s-3.jpg 620w, https:\/\/www.vegaintro-projekti.com\/pilar-stari\/wp-content\/uploads\/2024\/05\/IMG_1s-3-300x163.jpg 300w\" sizes=\"(max-width: 620px) 100vw, 620px\" \/><\/a><\/div>\n<p>&nbsp;<\/p>\n<p><strong>Ovogodi\u0161nji skup<\/strong> Hrvatskog etnolo\u0161kog dru\u0161tva u Pazinu okupio je \u0161ezdesetak znanstvenica i znanstvenika iz razli\u010ditih podru\u010dja i disciplina, kao i stru\u010dnjake u raznim dijelovima etnolo\u0161ke i kulturnoantropolo\u0161ke struke. Tema ovogodi\u0161njeg skupa bila je \u201eNa\u0161e zajedni\u010dke budu\u0107nosti\u201c kao hommage Brundtlandinu izvje\u0161taju uz istovremenu proslavu 65. ro\u0111endana strukovne organizacije etnologa i kulturnih antropologa u Hrvatskoj. Matija Krizmani\u0107 odr\u017eao je izlaganje u kojem je predstavio dio analize o konstelacijama rodnih aktivizama u okviru hegemonijskih odnosa mo\u0107i upisanih u grad te mehanizme kojima se imaginiraju i (pro)izvode razumijevanja roda u budu\u0107nosti. Nakon izlaganja uslijedila je \u017eiva rasprava i diskusija u okvirima sesije i izlaganja.<\/p>\n<div class=\"wp-block-image\"><a href=\"https:\/\/www.vegaintro-projekti.com\/pilar-stari\/wp-content\/uploads\/2024\/05\/IMG_2-4.jpg\"><img decoding=\"async\" loading=\"lazy\" class=\"alignnone wp-image-29947 size-full\" src=\"https:\/\/www.vegaintro-projekti.com\/pilar-stari\/wp-content\/uploads\/2024\/05\/IMG_2s-3.jpg\" alt=\"i2\" width=\"620\" height=\"300\" srcset=\"https:\/\/www.vegaintro-projekti.com\/pilar-stari\/wp-content\/uploads\/2024\/05\/IMG_2s-3.jpg 620w, https:\/\/www.vegaintro-projekti.com\/pilar-stari\/wp-content\/uploads\/2024\/05\/IMG_2s-3-300x145.jpg 300w\" sizes=\"(max-width: 620px) 100vw, 620px\" \/><\/a><\/div>\n<p>&nbsp;<\/p>\n<p><strong>Izlaganje<\/strong>, kao i doktorska disertacija, dio su projekta Promjene rodnih odnosa u Hrvatskoj, NextGenderHR (01\/08-73\/23-2519-9) koji provodi Institut dru\u0161tvenih znanosti Ivo Pilar a financira se sredstvima Europske unije iz programa NexGenerationEU.<\/p>\n<p>&#8211; <a href=\"https:\/\/www.vegaintro-projekti.com\/pilar-stari\/wp-content\/uploads\/2024\/05\/PROGRAM_Hed.pdf\">Program<\/a><\/p>\n<p><span style=\"font-size: 14pt;\">Matija Krizmani\u0107 at the Annual Meeting of the Croatian Ethnological Society: &#8220;Our Common Futures&#8221; in Pazin, May 22-24, 2024.<\/span><\/p>\n<p><em><strong>Matija Krizmani\u0107, an assistant at the Institute of Social Sciences Ivo Pilar, gave a presentation at the meeting titled &#8220;\u2019Now It&#8217;s Just a Question of Some Ideal\u2019: Activism and Gender Futures in Zagreb.\u201d The work was presented as part of an ongoing doctoral dissertation project within the project &#8220;Changes in Gender Relations in Croatia,&#8221; NextGenderHR, (01\/08-73\/23-2519-9)<\/strong><\/em><\/p>\n<div class=\"wp-block-image\"><a href=\"https:\/\/www.vegaintro-projekti.com\/pilar-stari\/wp-content\/uploads\/2024\/05\/IMG_3-3.jpg\"><img decoding=\"async\" loading=\"lazy\" class=\"alignnone wp-image-29949 size-full\" src=\"https:\/\/www.vegaintro-projekti.com\/pilar-stari\/wp-content\/uploads\/2024\/05\/IMG_3s-2.jpg\" alt=\"i3\" width=\"620\" height=\"328\" srcset=\"https:\/\/www.vegaintro-projekti.com\/pilar-stari\/wp-content\/uploads\/2024\/05\/IMG_3s-2.jpg 620w, https:\/\/www.vegaintro-projekti.com\/pilar-stari\/wp-content\/uploads\/2024\/05\/IMG_3s-2-300x159.jpg 300w, https:\/\/www.vegaintro-projekti.com\/pilar-stari\/wp-content\/uploads\/2024\/05\/IMG_3s-2-310x165.jpg 310w\" sizes=\"(max-width: 620px) 100vw, 620px\" \/><\/a><\/div>\n<p>&nbsp;<\/p>\n<p><em>This year&#8217;s meeting of the Croatian Ethnological Society in Pazin brought together around sixty scientists from various fields and disciplines, as well as experts from various areas of ethnology and cultural anthropology. The theme of this year&#8217;s meeting was &#8220;Our Common Futures,&#8221; as an homage to the Brundtland Report, while simultaneously celebrating the 65th anniversary of the professional organization of ethnologists and cultural anthropologists in Croatia. Matija Krizmani\u0107 delivered a presentation in which he presented parts of his analysis on the constellations of gender activism within the hegemonic power relations embedded in the city and the mechanisms through which understandings of gender in the future are imagined and enacted. After the presentation, there was a lively discussion and debate within the session and presentations.<\/em><\/p>\n<p><em>This presentation, as well as the doctoral dissertation, are part of the project &#8220;Changes in Gender Relations in Croatia,&#8221; NextGenderHR (01\/08-73\/23-2519-9), which is conducted at the Ivo Pilar Institute of Social Sciences and funded by the European Union through the NextGenerationEU program.<\/em><\/p>\n<div class=\"wp-block-image\"><a href=\"https:\/\/www.vegaintro-projekti.com\/pilar-stari\/wp-content\/uploads\/2024\/05\/PROGRAM_Hed.pdf\"><img decoding=\"async\" loading=\"lazy\" class=\"alignnone wp-image-29950 size-full\" src=\"https:\/\/www.vegaintro-projekti.com\/pilar-stari\/wp-content\/uploads\/2024\/05\/IMG_4-2.jpg\" alt=\"i4\" width=\"620\" height=\"960\" srcset=\"https:\/\/www.vegaintro-projekti.com\/pilar-stari\/wp-content\/uploads\/2024\/05\/IMG_4-2.jpg 620w, https:\/\/www.vegaintro-projekti.com\/pilar-stari\/wp-content\/uploads\/2024\/05\/IMG_4-2-194x300.jpg 194w\" sizes=\"(max-width: 620px) 100vw, 620px\" \/><\/a><\/div>\n<div>&nbsp;<\/div>\n<blockquote><p><a href=\"https:\/\/www.vegaintro-projekti.com\/pilar-stari\/2024\/04\/projekt-nextgenderhr-promjene-rodnih-odnosa-u-hrvatskoj\/\">Projekt NextGenderHR<\/a><\/p><\/blockquote>\n","protected":false},"excerpt":{"rendered":"<p>Asistent Instituta Pilar Matija Krizmani\u0107 na Godi\u0161njem skupu Hrvatskog etnolo\u0161kog dru\u0161tva u Pazinu odr\u017eao je izlaganje pod naslovom \u201eSada je samo pitanje nekog ideala\u201c: aktivizam i rodne budu\u0107nosti u Zagrebu. Rad je predstavljen kao dio doktorske disertacije u sklopu projekta \u201ePromjene rodnih odnosa u Hrvatskoj\u201c, NextGenderHR, (01\/08-73\/23-2519-9) &nbsp; Ovogodi\u0161nji skup Hrvatskog etnolo\u0161kog dru\u0161tva u Pazinu&hellip; <a class=\"continue\" href=\"https:\/\/www.vegaintro-projekti.com\/pilar-stari\/2024\/05\/matija-krizmanic-na-godisnjem-skupu-hrvatskog-etnoloskog-drustva-nase-zajednicke-buducnosti-pazin-22-24-5-2024\/\">Pro\u010ditaj vi\u0161e o<span> Matija Krizmani\u0107 na Godi\u0161njem skupu Hrvatskog etnolo\u0161kog dru\u0161tva \u201eNa\u0161e zajedni\u010dke budu\u0107nosti\u201c; Pazin, 22.-24. 5. 2024.<\/span><\/a><\/p>\n","protected":false},"author":7,"featured_media":29944,"comment_status":"closed","ping_status":"closed","sticky":false,"template":"","format":"standard","meta":{"inline_featured_image":false,"ngg_post_thumbnail":0,"footnotes":""},"categories":[48,11],"tags":[],"yoast_head":"<!-- This site is optimized with the Yoast SEO plugin v21.2 - https:\/\/yoast.com\/wordpress\/plugins\/seo\/ -->\n<title>Matija Krizmani\u0107 na Godi\u0161njem skupu Hrvatskog etnolo\u0161kog dru\u0161tva \u201eNa\u0161e zajedni\u010dke budu\u0107nosti\u201c; Pazin, 22.-24. 5. 2024. - Institut dru&scaron;tvenih znanosti Ivo Pilar<\/title>\n<meta name=\"robots\" content=\"noindex, follow, max-snippet:-1, max-image-preview:large, max-video-preview:-1\" \/>\n<meta property=\"og:locale\" content=\"hr_HR\" \/>\n<meta property=\"og:type\" content=\"article\" \/>\n<meta property=\"og:title\" content=\"Matija Krizmani\u0107 na Godi\u0161njem skupu Hrvatskog etnolo\u0161kog dru\u0161tva \u201eNa\u0161e zajedni\u010dke budu\u0107nosti\u201c; Pazin, 22.-24. 5. 2024. - Institut dru&scaron;tvenih znanosti Ivo Pilar\" \/>\n<meta property=\"og:description\" content=\"Asistent Instituta Pilar Matija Krizmani\u0107 na Godi\u0161njem skupu Hrvatskog etnolo\u0161kog dru\u0161tva u Pazinu odr\u017eao je izlaganje pod naslovom \u201eSada je samo pitanje nekog ideala\u201c: aktivizam i rodne budu\u0107nosti u Zagrebu. Rad je predstavljen kao dio doktorske disertacije u sklopu projekta \u201ePromjene rodnih odnosa u Hrvatskoj\u201c, NextGenderHR, (01\/08-73\/23-2519-9) &nbsp; Ovogodi\u0161nji skup Hrvatskog etnolo\u0161kog dru\u0161tva u Pazinu&hellip; Pro\u010ditaj vi\u0161e o Matija Krizmani\u0107 na Godi\u0161njem skupu Hrvatskog etnolo\u0161kog dru\u0161tva \u201eNa\u0161e zajedni\u010dke budu\u0107nosti\u201c; Pazin, 22.-24. 5. 2024.\" \/>\n<meta property=\"og:url\" content=\"https:\/\/www.vegaintro-projekti.com\/pilar-stari\/2024\/05\/matija-krizmanic-na-godisnjem-skupu-hrvatskog-etnoloskog-drustva-nase-zajednicke-buducnosti-pazin-22-24-5-2024\/\" \/>\n<meta property=\"og:site_name\" content=\"Institut dru&scaron;tvenih znanosti Ivo Pilar\" \/>\n<meta property=\"article:published_time\" content=\"2024-05-29T06:33:32+00:00\" \/>\n<meta property=\"article:modified_time\" content=\"2024-05-29T06:50:15+00:00\" \/>\n<meta property=\"og:image\" content=\"https:\/\/www.vegaintro-projekti.com\/pilar-stari\/wp-content\/uploads\/2024\/05\/IMG_1fi-1.jpg\" \/>\n\t<meta property=\"og:image:width\" content=\"499\" \/>\n\t<meta property=\"og:image:height\" content=\"224\" \/>\n\t<meta property=\"og:image:type\" content=\"image\/jpeg\" \/>\n<meta name=\"author\" content=\"Boris\" \/>\n<meta name=\"twitter:card\" content=\"summary_large_image\" \/>\n<meta name=\"twitter:label1\" content=\"Napisao\/la\" \/>\n\t<meta name=\"twitter:data1\" content=\"Boris\" \/>\n\t<meta name=\"twitter:label2\" content=\"Procijenjeno vrijeme \u010ditanja\" \/>\n\t<meta name=\"twitter:data2\" content=\"4 minute\" \/>\n<script type=\"application\/ld+json\" class=\"yoast-schema-graph\">{\"@context\":\"https:\/\/schema.org\",\"@graph\":[{\"@type\":\"WebPage\",\"@id\":\"https:\/\/www.vegaintro-projekti.com\/pilar-stari\/2024\/05\/matija-krizmanic-na-godisnjem-skupu-hrvatskog-etnoloskog-drustva-nase-zajednicke-buducnosti-pazin-22-24-5-2024\/\",\"url\":\"https:\/\/www.vegaintro-projekti.com\/pilar-stari\/2024\/05\/matija-krizmanic-na-godisnjem-skupu-hrvatskog-etnoloskog-drustva-nase-zajednicke-buducnosti-pazin-22-24-5-2024\/\",\"name\":\"Matija Krizmani\u0107 na Godi\u0161njem skupu Hrvatskog etnolo\u0161kog dru\u0161tva \u201eNa\u0161e zajedni\u010dke budu\u0107nosti\u201c; Pazin, 22.-24. 5. 2024. - Institut dru&scaron;tvenih znanosti Ivo Pilar\",\"isPartOf\":{\"@id\":\"https:\/\/www.vegaintro-projekti.com\/pilar-stari\/#website\"},\"datePublished\":\"2024-05-29T06:33:32+00:00\",\"dateModified\":\"2024-05-29T06:50:15+00:00\",\"author\":{\"@id\":\"https:\/\/www.vegaintro-projekti.com\/pilar-stari\/#\/schema\/person\/ddd404c9f1e15e4ffef5986ac6a5d28b\"},\"breadcrumb\":{\"@id\":\"https:\/\/www.vegaintro-projekti.com\/pilar-stari\/2024\/05\/matija-krizmanic-na-godisnjem-skupu-hrvatskog-etnoloskog-drustva-nase-zajednicke-buducnosti-pazin-22-24-5-2024\/#breadcrumb\"},\"inLanguage\":\"hr\",\"potentialAction\":[{\"@type\":\"ReadAction\",\"target\":[\"https:\/\/www.vegaintro-projekti.com\/pilar-stari\/2024\/05\/matija-krizmanic-na-godisnjem-skupu-hrvatskog-etnoloskog-drustva-nase-zajednicke-buducnosti-pazin-22-24-5-2024\/\"]}]},{\"@type\":\"BreadcrumbList\",\"@id\":\"https:\/\/www.vegaintro-projekti.com\/pilar-stari\/2024\/05\/matija-krizmanic-na-godisnjem-skupu-hrvatskog-etnoloskog-drustva-nase-zajednicke-buducnosti-pazin-22-24-5-2024\/#breadcrumb\",\"itemListElement\":[{\"@type\":\"ListItem\",\"position\":1,\"name\":\"Home\",\"item\":\"https:\/\/www.vegaintro-projekti.com\/pilar-stari\/\"},{\"@type\":\"ListItem\",\"position\":2,\"name\":\"Matija Krizmani\u0107 na Godi\u0161njem skupu Hrvatskog etnolo\u0161kog dru\u0161tva \u201eNa\u0161e zajedni\u010dke budu\u0107nosti\u201c; Pazin, 22.-24. 5. 2024.\"}]},{\"@type\":\"WebSite\",\"@id\":\"https:\/\/www.vegaintro-projekti.com\/pilar-stari\/#website\",\"url\":\"https:\/\/www.vegaintro-projekti.com\/pilar-stari\/\",\"name\":\"Institut dru&scaron;tvenih znanosti Ivo Pilar\",\"description\":\"Pilar\",\"potentialAction\":[{\"@type\":\"SearchAction\",\"target\":{\"@type\":\"EntryPoint\",\"urlTemplate\":\"https:\/\/www.vegaintro-projekti.com\/pilar-stari\/?s={search_term_string}\"},\"query-input\":\"required name=search_term_string\"}],\"inLanguage\":\"hr\"},{\"@type\":\"Person\",\"@id\":\"https:\/\/www.vegaintro-projekti.com\/pilar-stari\/#\/schema\/person\/ddd404c9f1e15e4ffef5986ac6a5d28b\",\"name\":\"Boris\",\"image\":{\"@type\":\"ImageObject\",\"inLanguage\":\"hr\",\"@id\":\"https:\/\/www.vegaintro-projekti.com\/pilar-stari\/#\/schema\/person\/image\/\",\"url\":\"https:\/\/secure.gravatar.com\/avatar\/29557b161a6ce6ab86ac1503164f1e90?s=96&d=mm&r=g\",\"contentUrl\":\"https:\/\/secure.gravatar.com\/avatar\/29557b161a6ce6ab86ac1503164f1e90?s=96&d=mm&r=g\",\"caption\":\"Boris\"},\"url\":\"https:\/\/www.vegaintro-projekti.com\/pilar-stari\/author\/boris\/\"}]}<\/script>\n<!-- \/ Yoast SEO plugin. -->","yoast_head_json":{"title":"Matija Krizmani\u0107 na Godi\u0161njem skupu Hrvatskog etnolo\u0161kog dru\u0161tva \u201eNa\u0161e zajedni\u010dke budu\u0107nosti\u201c; Pazin, 22.-24. 5. 2024. - Institut dru&scaron;tvenih znanosti Ivo Pilar","robots":{"index":"noindex","follow":"follow","max-snippet":"max-snippet:-1","max-image-preview":"max-image-preview:large","max-video-preview":"max-video-preview:-1"},"og_locale":"hr_HR","og_type":"article","og_title":"Matija Krizmani\u0107 na Godi\u0161njem skupu Hrvatskog etnolo\u0161kog dru\u0161tva \u201eNa\u0161e zajedni\u010dke budu\u0107nosti\u201c; Pazin, 22.-24. 5. 2024. - Institut dru&scaron;tvenih znanosti Ivo Pilar","og_description":"Asistent Instituta Pilar Matija Krizmani\u0107 na Godi\u0161njem skupu Hrvatskog etnolo\u0161kog dru\u0161tva u Pazinu odr\u017eao je izlaganje pod naslovom \u201eSada je samo pitanje nekog ideala\u201c: aktivizam i rodne budu\u0107nosti u Zagrebu. Rad je predstavljen kao dio doktorske disertacije u sklopu projekta \u201ePromjene rodnih odnosa u Hrvatskoj\u201c, NextGenderHR, (01\/08-73\/23-2519-9) &nbsp; Ovogodi\u0161nji skup Hrvatskog etnolo\u0161kog dru\u0161tva u Pazinu&hellip; Pro\u010ditaj vi\u0161e o Matija Krizmani\u0107 na Godi\u0161njem skupu Hrvatskog etnolo\u0161kog dru\u0161tva \u201eNa\u0161e zajedni\u010dke budu\u0107nosti\u201c; Pazin, 22.-24. 5. 2024.","og_url":"https:\/\/www.vegaintro-projekti.com\/pilar-stari\/2024\/05\/matija-krizmanic-na-godisnjem-skupu-hrvatskog-etnoloskog-drustva-nase-zajednicke-buducnosti-pazin-22-24-5-2024\/","og_site_name":"Institut dru&scaron;tvenih znanosti Ivo Pilar","article_published_time":"2024-05-29T06:33:32+00:00","article_modified_time":"2024-05-29T06:50:15+00:00","og_image":[{"width":499,"height":224,"url":"https:\/\/www.vegaintro-projekti.com\/pilar-stari\/wp-content\/uploads\/2024\/05\/IMG_1fi-1.jpg","type":"image\/jpeg"}],"author":"Boris","twitter_card":"summary_large_image","twitter_misc":{"Napisao\/la":"Boris","Procijenjeno vrijeme \u010ditanja":"4 minute"},"schema":{"@context":"https:\/\/schema.org","@graph":[{"@type":"WebPage","@id":"https:\/\/www.vegaintro-projekti.com\/pilar-stari\/2024\/05\/matija-krizmanic-na-godisnjem-skupu-hrvatskog-etnoloskog-drustva-nase-zajednicke-buducnosti-pazin-22-24-5-2024\/","url":"https:\/\/www.vegaintro-projekti.com\/pilar-stari\/2024\/05\/matija-krizmanic-na-godisnjem-skupu-hrvatskog-etnoloskog-drustva-nase-zajednicke-buducnosti-pazin-22-24-5-2024\/","name":"Matija Krizmani\u0107 na Godi\u0161njem skupu Hrvatskog etnolo\u0161kog dru\u0161tva \u201eNa\u0161e zajedni\u010dke budu\u0107nosti\u201c; Pazin, 22.-24. 5. 2024. - Institut dru&scaron;tvenih znanosti Ivo Pilar","isPartOf":{"@id":"https:\/\/www.vegaintro-projekti.com\/pilar-stari\/#website"},"datePublished":"2024-05-29T06:33:32+00:00","dateModified":"2024-05-29T06:50:15+00:00","author":{"@id":"https:\/\/www.vegaintro-projekti.com\/pilar-stari\/#\/schema\/person\/ddd404c9f1e15e4ffef5986ac6a5d28b"},"breadcrumb":{"@id":"https:\/\/www.vegaintro-projekti.com\/pilar-stari\/2024\/05\/matija-krizmanic-na-godisnjem-skupu-hrvatskog-etnoloskog-drustva-nase-zajednicke-buducnosti-pazin-22-24-5-2024\/#breadcrumb"},"inLanguage":"hr","potentialAction":[{"@type":"ReadAction","target":["https:\/\/www.vegaintro-projekti.com\/pilar-stari\/2024\/05\/matija-krizmanic-na-godisnjem-skupu-hrvatskog-etnoloskog-drustva-nase-zajednicke-buducnosti-pazin-22-24-5-2024\/"]}]},{"@type":"BreadcrumbList","@id":"https:\/\/www.vegaintro-projekti.com\/pilar-stari\/2024\/05\/matija-krizmanic-na-godisnjem-skupu-hrvatskog-etnoloskog-drustva-nase-zajednicke-buducnosti-pazin-22-24-5-2024\/#breadcrumb","itemListElement":[{"@type":"ListItem","position":1,"name":"Home","item":"https:\/\/www.vegaintro-projekti.com\/pilar-stari\/"},{"@type":"ListItem","position":2,"name":"Matija Krizmani\u0107 na Godi\u0161njem skupu Hrvatskog etnolo\u0161kog dru\u0161tva \u201eNa\u0161e zajedni\u010dke budu\u0107nosti\u201c; Pazin, 22.-24. 5. 2024."}]},{"@type":"WebSite","@id":"https:\/\/www.vegaintro-projekti.com\/pilar-stari\/#website","url":"https:\/\/www.vegaintro-projekti.com\/pilar-stari\/","name":"Institut dru&scaron;tvenih znanosti Ivo Pilar","description":"Pilar","potentialAction":[{"@type":"SearchAction","target":{"@type":"EntryPoint","urlTemplate":"https:\/\/www.vegaintro-projekti.com\/pilar-stari\/?s={search_term_string}"},"query-input":"required name=search_term_string"}],"inLanguage":"hr"},{"@type":"Person","@id":"https:\/\/www.vegaintro-projekti.com\/pilar-stari\/#\/schema\/person\/ddd404c9f1e15e4ffef5986ac6a5d28b","name":"Boris","image":{"@type":"ImageObject","inLanguage":"hr","@id":"https:\/\/www.vegaintro-projekti.com\/pilar-stari\/#\/schema\/person\/image\/","url":"https:\/\/secure.gravatar.com\/avatar\/29557b161a6ce6ab86ac1503164f1e90?s=96&d=mm&r=g","contentUrl":"https:\/\/secure.gravatar.com\/avatar\/29557b161a6ce6ab86ac1503164f1e90?s=96&d=mm&r=g","caption":"Boris"},"url":"https:\/\/www.vegaintro-projekti.com\/pilar-stari\/author\/boris\/"}]}},"_links":{"self":[{"href":"https:\/\/www.vegaintro-projekti.com\/pilar-stari\/wp-json\/wp\/v2\/posts\/29952"}],"collection":[{"href":"https:\/\/www.vegaintro-projekti.com\/pilar-stari\/wp-json\/wp\/v2\/posts"}],"about":[{"href":"https:\/\/www.vegaintro-projekti.com\/pilar-stari\/wp-json\/wp\/v2\/types\/post"}],"author":[{"embeddable":true,"href":"https:\/\/www.vegaintro-projekti.com\/pilar-stari\/wp-json\/wp\/v2\/users\/7"}],"replies":[{"embeddable":true,"href":"https:\/\/www.vegaintro-projekti.com\/pilar-stari\/wp-json\/wp\/v2\/comments?post=29952"}],"version-history":[{"count":8,"href":"https:\/\/www.vegaintro-projekti.com\/pilar-stari\/wp-json\/wp\/v2\/posts\/29952\/revisions"}],"predecessor-version":[{"id":29960,"href":"https:\/\/www.vegaintro-projekti.com\/pilar-stari\/wp-json\/wp\/v2\/posts\/29952\/revisions\/29960"}],"wp:featuredmedia":[{"embeddable":true,"href":"https:\/\/www.vegaintro-projekti.com\/pilar-stari\/wp-json\/wp\/v2\/media\/29944"}],"wp:attachment":[{"href":"https:\/\/www.vegaintro-projekti.com\/pilar-stari\/wp-json\/wp\/v2\/media?parent=29952"}],"wp:term":[{"taxonomy":"category","embeddable":true,"href":"https:\/\/www.vegaintro-projekti.com\/pilar-stari\/wp-json\/wp\/v2\/categories?post=29952"},{"taxonomy":"post_tag","embeddable":true,"href":"https:\/\/www.vegaintro-projekti.com\/pilar-stari\/wp-json\/wp\/v2\/tags?post=29952"}],"curies":[{"name":"wp","href":"https:\/\/api.w.org\/{rel}","templated":true}]}}