{"id":30299,"date":"2024-06-12T17:57:17","date_gmt":"2024-06-12T17:57:17","guid":{"rendered":"https:\/\/www.vegaintro-projekti.com\/pilar-stari\/?p=30299"},"modified":"2024-06-14T18:09:11","modified_gmt":"2024-06-14T18:09:11","slug":"dr-sc-danijel-vojak-na-international-interdisciplinary-seminar-series-in-romani-studies-5-6-2024","status":"publish","type":"post","link":"https:\/\/www.vegaintro-projekti.com\/pilar-stari\/2024\/06\/dr-sc-danijel-vojak-na-international-interdisciplinary-seminar-series-in-romani-studies-5-6-2024\/","title":{"rendered":"Dr. sc. Danijel Vojak na International Interdisciplinary Seminar Series in Romani Studies, 5. 6. 2024."},"content":{"rendered":"<p><strong>Dr. sc. Danijel Vojak odr\u017eao je 5. lipnja 2024. online predavanje pod naslovom \u201cThe Forgotten Crimes and the Mass Crimes against the Roma in the Independent State of Croatia (1941 &#8211; 1945)&#8221; kao dio International Interdisciplinary Seminar Series in Romani Studies. Organizatori su Institute for Russian and Eurasian Studies (Uppsala University), Roma Foundation (Z\u00fcrich, \u0160vicarska) i Uppsala Forum<\/strong><\/p>\n<p><a href=\"https:\/\/www.vegaintro-projekti.com\/pilar-stari\/wp-content\/uploads\/2024\/06\/Talk_in_Romani_Studies.docx\"><img decoding=\"async\" loading=\"lazy\" class=\"alignnone wp-image-30298 size-full\" src=\"https:\/\/www.vegaintro-projekti.com\/pilar-stari\/wp-content\/uploads\/2024\/06\/foto_pr-1.jpg\" alt=\"i1\" width=\"620\" height=\"355\" srcset=\"https:\/\/www.vegaintro-projekti.com\/pilar-stari\/wp-content\/uploads\/2024\/06\/foto_pr-1.jpg 620w, https:\/\/www.vegaintro-projekti.com\/pilar-stari\/wp-content\/uploads\/2024\/06\/foto_pr-1-300x172.jpg 300w\" sizes=\"(max-width: 620px) 100vw, 620px\" \/><\/a><\/p>\n<p>&#8211; <a href=\"https:\/\/www.vegaintro-projekti.com\/pilar-stari\/wp-content\/uploads\/2024\/06\/Talk_in_Romani_Studies.docx\">Sa\u017eetak izlaganja<\/a><\/p>\n<p><strong>Predavanje<\/strong> je odr\u017eano u sklopu projekta \u201cForgotten places of suffering of the Unsuitables: Genocide of Roma in the Independent State of Croatia: research, memorialization, education &#8211; FORGOT-GENROMISC\u201d; dr. sc. Vojak izlagao je o novijim znanstvenim istra\u017eivanjima o masovnim zlo\u010dinima nad romskim stanovni\u0161tvom u Nezavisnoj Dr\u017eavi Hrvatskoj.<\/p>\n<blockquote><p><a href=\"https:\/\/www.vegaintro-projekti.com\/pilar-stari\/2024\/04\/projekt-forgot-genromisc-zaboravljena-mjesta-stradanja-nepocudnih-genocid-nad-romima-u-nezavisnoj-drzavi-hrvatskoj-istrazivanje-memorijalizacija-edukacija\/\">Projekt FORGOT-GENROMISC<\/a><\/p><\/blockquote>\n","protected":false},"excerpt":{"rendered":"<p>Dr. sc. Danijel Vojak odr\u017eao je 5. lipnja 2024. online predavanje pod naslovom \u201cThe Forgotten Crimes and the Mass Crimes against the Roma in the Independent State of Croatia (1941 &#8211; 1945)&#8221; kao dio International Interdisciplinary Seminar Series in Romani Studies. Organizatori su Institute for Russian and Eurasian Studies (Uppsala University), Roma Foundation (Z\u00fcrich, \u0160vicarska)&hellip; <a class=\"continue\" href=\"https:\/\/www.vegaintro-projekti.com\/pilar-stari\/2024\/06\/dr-sc-danijel-vojak-na-international-interdisciplinary-seminar-series-in-romani-studies-5-6-2024\/\">Pro\u010ditaj vi\u0161e o<span> Dr. sc. Danijel Vojak na International Interdisciplinary Seminar Series in Romani Studies, 5. 6. 2024.<\/span><\/a><\/p>\n","protected":false},"author":7,"featured_media":30298,"comment_status":"closed","ping_status":"closed","sticky":false,"template":"","format":"standard","meta":{"inline_featured_image":false,"ngg_post_thumbnail":0,"footnotes":""},"categories":[48,11],"tags":[],"yoast_head":"<!-- This site is optimized with the Yoast SEO plugin v21.2 - https:\/\/yoast.com\/wordpress\/plugins\/seo\/ -->\n<title>Dr. sc. Danijel Vojak na International Interdisciplinary Seminar Series in Romani Studies, 5. 6. 2024. - Institut dru&scaron;tvenih znanosti Ivo Pilar<\/title>\n<meta name=\"robots\" content=\"noindex, follow, max-snippet:-1, max-image-preview:large, max-video-preview:-1\" \/>\n<meta property=\"og:locale\" content=\"hr_HR\" \/>\n<meta property=\"og:type\" content=\"article\" \/>\n<meta property=\"og:title\" content=\"Dr. sc. Danijel Vojak na International Interdisciplinary Seminar Series in Romani Studies, 5. 6. 2024. - Institut dru&scaron;tvenih znanosti Ivo Pilar\" \/>\n<meta property=\"og:description\" content=\"Dr. sc. Danijel Vojak odr\u017eao je 5. lipnja 2024. online predavanje pod naslovom \u201cThe Forgotten Crimes and the Mass Crimes against the Roma in the Independent State of Croatia (1941 &#8211; 1945)&#8221; kao dio International Interdisciplinary Seminar Series in Romani Studies. Organizatori su Institute for Russian and Eurasian Studies (Uppsala University), Roma Foundation (Z\u00fcrich, \u0160vicarska)&hellip; Pro\u010ditaj vi\u0161e o Dr. sc. Danijel Vojak na International Interdisciplinary Seminar Series in Romani Studies, 5. 6. 2024.\" \/>\n<meta property=\"og:url\" content=\"https:\/\/www.vegaintro-projekti.com\/pilar-stari\/2024\/06\/dr-sc-danijel-vojak-na-international-interdisciplinary-seminar-series-in-romani-studies-5-6-2024\/\" \/>\n<meta property=\"og:site_name\" content=\"Institut dru&scaron;tvenih znanosti Ivo Pilar\" \/>\n<meta property=\"article:published_time\" content=\"2024-06-12T17:57:17+00:00\" \/>\n<meta property=\"article:modified_time\" content=\"2024-06-14T18:09:11+00:00\" \/>\n<meta property=\"og:image\" content=\"https:\/\/www.vegaintro-projekti.com\/pilar-stari\/wp-content\/uploads\/2024\/06\/foto_pr-1.jpg\" \/>\n\t<meta property=\"og:image:width\" content=\"620\" \/>\n\t<meta property=\"og:image:height\" content=\"355\" \/>\n\t<meta property=\"og:image:type\" content=\"image\/jpeg\" \/>\n<meta name=\"author\" content=\"Boris\" \/>\n<meta name=\"twitter:card\" content=\"summary_large_image\" \/>\n<meta name=\"twitter:label1\" content=\"Napisao\/la\" \/>\n\t<meta name=\"twitter:data1\" content=\"Boris\" \/>\n\t<meta name=\"twitter:label2\" content=\"Procijenjeno vrijeme \u010ditanja\" \/>\n\t<meta name=\"twitter:data2\" content=\"1 minuta\" \/>\n<script type=\"application\/ld+json\" class=\"yoast-schema-graph\">{\"@context\":\"https:\/\/schema.org\",\"@graph\":[{\"@type\":\"WebPage\",\"@id\":\"https:\/\/www.vegaintro-projekti.com\/pilar-stari\/2024\/06\/dr-sc-danijel-vojak-na-international-interdisciplinary-seminar-series-in-romani-studies-5-6-2024\/\",\"url\":\"https:\/\/www.vegaintro-projekti.com\/pilar-stari\/2024\/06\/dr-sc-danijel-vojak-na-international-interdisciplinary-seminar-series-in-romani-studies-5-6-2024\/\",\"name\":\"Dr. sc. Danijel Vojak na International Interdisciplinary Seminar Series in Romani Studies, 5. 6. 2024. - Institut dru&scaron;tvenih znanosti Ivo Pilar\",\"isPartOf\":{\"@id\":\"https:\/\/www.vegaintro-projekti.com\/pilar-stari\/#website\"},\"datePublished\":\"2024-06-12T17:57:17+00:00\",\"dateModified\":\"2024-06-14T18:09:11+00:00\",\"author\":{\"@id\":\"https:\/\/www.vegaintro-projekti.com\/pilar-stari\/#\/schema\/person\/ddd404c9f1e15e4ffef5986ac6a5d28b\"},\"breadcrumb\":{\"@id\":\"https:\/\/www.vegaintro-projekti.com\/pilar-stari\/2024\/06\/dr-sc-danijel-vojak-na-international-interdisciplinary-seminar-series-in-romani-studies-5-6-2024\/#breadcrumb\"},\"inLanguage\":\"hr\",\"potentialAction\":[{\"@type\":\"ReadAction\",\"target\":[\"https:\/\/www.vegaintro-projekti.com\/pilar-stari\/2024\/06\/dr-sc-danijel-vojak-na-international-interdisciplinary-seminar-series-in-romani-studies-5-6-2024\/\"]}]},{\"@type\":\"BreadcrumbList\",\"@id\":\"https:\/\/www.vegaintro-projekti.com\/pilar-stari\/2024\/06\/dr-sc-danijel-vojak-na-international-interdisciplinary-seminar-series-in-romani-studies-5-6-2024\/#breadcrumb\",\"itemListElement\":[{\"@type\":\"ListItem\",\"position\":1,\"name\":\"Home\",\"item\":\"https:\/\/www.vegaintro-projekti.com\/pilar-stari\/\"},{\"@type\":\"ListItem\",\"position\":2,\"name\":\"Dr. sc. Danijel Vojak na International Interdisciplinary Seminar Series in Romani Studies, 5. 6. 2024.\"}]},{\"@type\":\"WebSite\",\"@id\":\"https:\/\/www.vegaintro-projekti.com\/pilar-stari\/#website\",\"url\":\"https:\/\/www.vegaintro-projekti.com\/pilar-stari\/\",\"name\":\"Institut dru&scaron;tvenih znanosti Ivo Pilar\",\"description\":\"Pilar\",\"potentialAction\":[{\"@type\":\"SearchAction\",\"target\":{\"@type\":\"EntryPoint\",\"urlTemplate\":\"https:\/\/www.vegaintro-projekti.com\/pilar-stari\/?s={search_term_string}\"},\"query-input\":\"required name=search_term_string\"}],\"inLanguage\":\"hr\"},{\"@type\":\"Person\",\"@id\":\"https:\/\/www.vegaintro-projekti.com\/pilar-stari\/#\/schema\/person\/ddd404c9f1e15e4ffef5986ac6a5d28b\",\"name\":\"Boris\",\"image\":{\"@type\":\"ImageObject\",\"inLanguage\":\"hr\",\"@id\":\"https:\/\/www.vegaintro-projekti.com\/pilar-stari\/#\/schema\/person\/image\/\",\"url\":\"https:\/\/secure.gravatar.com\/avatar\/29557b161a6ce6ab86ac1503164f1e90?s=96&d=mm&r=g\",\"contentUrl\":\"https:\/\/secure.gravatar.com\/avatar\/29557b161a6ce6ab86ac1503164f1e90?s=96&d=mm&r=g\",\"caption\":\"Boris\"},\"url\":\"https:\/\/www.vegaintro-projekti.com\/pilar-stari\/author\/boris\/\"}]}<\/script>\n<!-- \/ Yoast SEO plugin. -->","yoast_head_json":{"title":"Dr. sc. Danijel Vojak na International Interdisciplinary Seminar Series in Romani Studies, 5. 6. 2024. - Institut dru&scaron;tvenih znanosti Ivo Pilar","robots":{"index":"noindex","follow":"follow","max-snippet":"max-snippet:-1","max-image-preview":"max-image-preview:large","max-video-preview":"max-video-preview:-1"},"og_locale":"hr_HR","og_type":"article","og_title":"Dr. sc. Danijel Vojak na International Interdisciplinary Seminar Series in Romani Studies, 5. 6. 2024. - Institut dru&scaron;tvenih znanosti Ivo Pilar","og_description":"Dr. sc. Danijel Vojak odr\u017eao je 5. lipnja 2024. online predavanje pod naslovom \u201cThe Forgotten Crimes and the Mass Crimes against the Roma in the Independent State of Croatia (1941 &#8211; 1945)&#8221; kao dio International Interdisciplinary Seminar Series in Romani Studies. Organizatori su Institute for Russian and Eurasian Studies (Uppsala University), Roma Foundation (Z\u00fcrich, \u0160vicarska)&hellip; Pro\u010ditaj vi\u0161e o Dr. sc. Danijel Vojak na International Interdisciplinary Seminar Series in Romani Studies, 5. 6. 2024.","og_url":"https:\/\/www.vegaintro-projekti.com\/pilar-stari\/2024\/06\/dr-sc-danijel-vojak-na-international-interdisciplinary-seminar-series-in-romani-studies-5-6-2024\/","og_site_name":"Institut dru&scaron;tvenih znanosti Ivo Pilar","article_published_time":"2024-06-12T17:57:17+00:00","article_modified_time":"2024-06-14T18:09:11+00:00","og_image":[{"width":620,"height":355,"url":"https:\/\/www.vegaintro-projekti.com\/pilar-stari\/wp-content\/uploads\/2024\/06\/foto_pr-1.jpg","type":"image\/jpeg"}],"author":"Boris","twitter_card":"summary_large_image","twitter_misc":{"Napisao\/la":"Boris","Procijenjeno vrijeme \u010ditanja":"1 minuta"},"schema":{"@context":"https:\/\/schema.org","@graph":[{"@type":"WebPage","@id":"https:\/\/www.vegaintro-projekti.com\/pilar-stari\/2024\/06\/dr-sc-danijel-vojak-na-international-interdisciplinary-seminar-series-in-romani-studies-5-6-2024\/","url":"https:\/\/www.vegaintro-projekti.com\/pilar-stari\/2024\/06\/dr-sc-danijel-vojak-na-international-interdisciplinary-seminar-series-in-romani-studies-5-6-2024\/","name":"Dr. sc. Danijel Vojak na International Interdisciplinary Seminar Series in Romani Studies, 5. 6. 2024. - Institut dru&scaron;tvenih znanosti Ivo Pilar","isPartOf":{"@id":"https:\/\/www.vegaintro-projekti.com\/pilar-stari\/#website"},"datePublished":"2024-06-12T17:57:17+00:00","dateModified":"2024-06-14T18:09:11+00:00","author":{"@id":"https:\/\/www.vegaintro-projekti.com\/pilar-stari\/#\/schema\/person\/ddd404c9f1e15e4ffef5986ac6a5d28b"},"breadcrumb":{"@id":"https:\/\/www.vegaintro-projekti.com\/pilar-stari\/2024\/06\/dr-sc-danijel-vojak-na-international-interdisciplinary-seminar-series-in-romani-studies-5-6-2024\/#breadcrumb"},"inLanguage":"hr","potentialAction":[{"@type":"ReadAction","target":["https:\/\/www.vegaintro-projekti.com\/pilar-stari\/2024\/06\/dr-sc-danijel-vojak-na-international-interdisciplinary-seminar-series-in-romani-studies-5-6-2024\/"]}]},{"@type":"BreadcrumbList","@id":"https:\/\/www.vegaintro-projekti.com\/pilar-stari\/2024\/06\/dr-sc-danijel-vojak-na-international-interdisciplinary-seminar-series-in-romani-studies-5-6-2024\/#breadcrumb","itemListElement":[{"@type":"ListItem","position":1,"name":"Home","item":"https:\/\/www.vegaintro-projekti.com\/pilar-stari\/"},{"@type":"ListItem","position":2,"name":"Dr. sc. Danijel Vojak na International Interdisciplinary Seminar Series in Romani Studies, 5. 6. 2024."}]},{"@type":"WebSite","@id":"https:\/\/www.vegaintro-projekti.com\/pilar-stari\/#website","url":"https:\/\/www.vegaintro-projekti.com\/pilar-stari\/","name":"Institut dru&scaron;tvenih znanosti Ivo Pilar","description":"Pilar","potentialAction":[{"@type":"SearchAction","target":{"@type":"EntryPoint","urlTemplate":"https:\/\/www.vegaintro-projekti.com\/pilar-stari\/?s={search_term_string}"},"query-input":"required name=search_term_string"}],"inLanguage":"hr"},{"@type":"Person","@id":"https:\/\/www.vegaintro-projekti.com\/pilar-stari\/#\/schema\/person\/ddd404c9f1e15e4ffef5986ac6a5d28b","name":"Boris","image":{"@type":"ImageObject","inLanguage":"hr","@id":"https:\/\/www.vegaintro-projekti.com\/pilar-stari\/#\/schema\/person\/image\/","url":"https:\/\/secure.gravatar.com\/avatar\/29557b161a6ce6ab86ac1503164f1e90?s=96&d=mm&r=g","contentUrl":"https:\/\/secure.gravatar.com\/avatar\/29557b161a6ce6ab86ac1503164f1e90?s=96&d=mm&r=g","caption":"Boris"},"url":"https:\/\/www.vegaintro-projekti.com\/pilar-stari\/author\/boris\/"}]}},"_links":{"self":[{"href":"https:\/\/www.vegaintro-projekti.com\/pilar-stari\/wp-json\/wp\/v2\/posts\/30299"}],"collection":[{"href":"https:\/\/www.vegaintro-projekti.com\/pilar-stari\/wp-json\/wp\/v2\/posts"}],"about":[{"href":"https:\/\/www.vegaintro-projekti.com\/pilar-stari\/wp-json\/wp\/v2\/types\/post"}],"author":[{"embeddable":true,"href":"https:\/\/www.vegaintro-projekti.com\/pilar-stari\/wp-json\/wp\/v2\/users\/7"}],"replies":[{"embeddable":true,"href":"https:\/\/www.vegaintro-projekti.com\/pilar-stari\/wp-json\/wp\/v2\/comments?post=30299"}],"version-history":[{"count":4,"href":"https:\/\/www.vegaintro-projekti.com\/pilar-stari\/wp-json\/wp\/v2\/posts\/30299\/revisions"}],"predecessor-version":[{"id":30303,"href":"https:\/\/www.vegaintro-projekti.com\/pilar-stari\/wp-json\/wp\/v2\/posts\/30299\/revisions\/30303"}],"wp:featuredmedia":[{"embeddable":true,"href":"https:\/\/www.vegaintro-projekti.com\/pilar-stari\/wp-json\/wp\/v2\/media\/30298"}],"wp:attachment":[{"href":"https:\/\/www.vegaintro-projekti.com\/pilar-stari\/wp-json\/wp\/v2\/media?parent=30299"}],"wp:term":[{"taxonomy":"category","embeddable":true,"href":"https:\/\/www.vegaintro-projekti.com\/pilar-stari\/wp-json\/wp\/v2\/categories?post=30299"},{"taxonomy":"post_tag","embeddable":true,"href":"https:\/\/www.vegaintro-projekti.com\/pilar-stari\/wp-json\/wp\/v2\/tags?post=30299"}],"curies":[{"name":"wp","href":"https:\/\/api.w.org\/{rel}","templated":true}]}}