{"id":30771,"date":"2024-07-23T14:05:31","date_gmt":"2024-07-23T14:05:31","guid":{"rendered":"https:\/\/www.vegaintro-projekti.com\/pilar-stari\/?p=30771"},"modified":"2024-07-29T19:32:25","modified_gmt":"2024-07-29T19:32:25","slug":"asistent-matija-krizmanic-proveo-30-dana-studijskog-boravak-na-sveucilistu-u-grazu-15-6-16-7-2024","status":"publish","type":"post","link":"https:\/\/www.vegaintro-projekti.com\/pilar-stari\/2024\/07\/asistent-matija-krizmanic-proveo-30-dana-studijskog-boravak-na-sveucilistu-u-grazu-15-6-16-7-2024\/","title":{"rendered":"Studijski boravak asistenta Matije Krizmani\u0107a na Sveu\u010dili\u0161tu u Grazu, 15. 6. &#8211; 16. 7. 2024."},"content":{"rendered":"<p><strong>Suradnik na projektu \u201ePromjene rodnih odnosa u Hrvatskoj\u201c (NextGenderHR), asistent Matija Krizmani\u0107, proveo je 30-dnevni studijski boravak u Centru za Interameri\u010dke studije Sveu\u010dili\u0161ta u Grazu od 15. lipnja do 16. srpnja 2024. Mobilnost je ostvarena u okviru projekta te uz CEEPUS stipendiju<\/strong><\/p>\n<div class=\"wp-block-image\"><a href=\"https:\/\/interamerikanistik.uni-graz.at\/en\/\"><img decoding=\"async\" loading=\"lazy\" class=\"alignnone wp-image-30768 size-full\" src=\"https:\/\/www.vegaintro-projekti.com\/pilar-stari\/wp-content\/uploads\/2024\/07\/IMG_0-3.jpg\" alt=\"i1\" width=\"620\" height=\"210\" srcset=\"https:\/\/www.vegaintro-projekti.com\/pilar-stari\/wp-content\/uploads\/2024\/07\/IMG_0-3.jpg 620w, https:\/\/www.vegaintro-projekti.com\/pilar-stari\/wp-content\/uploads\/2024\/07\/IMG_0-3-300x102.jpg 300w\" sizes=\"(max-width: 620px) 100vw, 620px\" \/><\/a><\/div>\n<div>\n<div class=\"wp-block-image\"><a href=\"https:\/\/interamerikanistik.uni-graz.at\/en\/\"><img decoding=\"async\" loading=\"lazy\" class=\"alignnone wp-image-30776 size-full\" src=\"https:\/\/www.vegaintro-projekti.com\/pilar-stari\/wp-content\/uploads\/2024\/07\/IMG_1s1.jpg\" alt=\"i2\" width=\"620\" height=\"256\" srcset=\"https:\/\/www.vegaintro-projekti.com\/pilar-stari\/wp-content\/uploads\/2024\/07\/IMG_1s1.jpg 620w, https:\/\/www.vegaintro-projekti.com\/pilar-stari\/wp-content\/uploads\/2024\/07\/IMG_1s1-300x124.jpg 300w\" sizes=\"(max-width: 620px) 100vw, 620px\" \/><\/a><\/div>\n<\/div>\n<div>&nbsp;<\/div>\n<p><strong>U okviru mobilnosti<\/strong>, prva dva tjedna provedena su u samome Centru za Interameri\u010dke studije, dok su posljednja dva provedena na Me\u0111unarodnoj ljetnoj \u0161koli Sveu\u010dili\u0161ta u Grazu (GUSSEG) u dvorcu Seaggau. Na ljetnoj \u0161koli Matija Krizmani\u0107 sudjelovao je na seminaru broj 7 \u201eSociety, Politics, and Emotions\u201c.<\/p>\n<p><span style=\"font-size: 14pt;\">Assistant Matija Krizmani\u0107 spent 30 days on a study visit at the University of Graz from 15th June to 16th July<\/span><\/p>\n<p><strong><em>As a collaborator on the project &#8220;Changes in Gender Relations in Croatia&#8221; (NextGenderHR), assistant Matija Krizmani\u0107 spent a 30-day study visit at the Center for Inter-American Studies at the University of Graz from June 15 to July 16, 2024. The mobility was achieved within the framework of the project and with the support of a CEEPUS scholarship<\/em><\/strong><\/p>\n<p><em>During the mobility, the first two weeks were spent at the Center for Inter-American Studies, while the last two weeks of mobility were spent at the International Summer School of the University of Graz (GUSSEG) at Seggau Castle. At the summer school, Matija Krizmani\u0107 participated in Seminar No. 7: &#8220;Society, Politics, and Emotions.&#8221;<\/em><\/p>\n<blockquote><p><a href=\"https:\/\/www.vegaintro-projekti.com\/pilar-stari\/2024\/04\/projekt-nextgenderhr-promjene-rodnih-odnosa-u-hrvatskoj\/\">Projekt NextGenderHR<\/a><\/p><\/blockquote>\n","protected":false},"excerpt":{"rendered":"<p>Suradnik na projektu \u201ePromjene rodnih odnosa u Hrvatskoj\u201c (NextGenderHR), asistent Matija Krizmani\u0107, proveo je 30-dnevni studijski boravak u Centru za Interameri\u010dke studije Sveu\u010dili\u0161ta u Grazu od 15. lipnja do 16. srpnja 2024. Mobilnost je ostvarena u okviru projekta te uz CEEPUS stipendiju &nbsp; U okviru mobilnosti, prva dva tjedna provedena su u samome Centru za&hellip; <a class=\"continue\" href=\"https:\/\/www.vegaintro-projekti.com\/pilar-stari\/2024\/07\/asistent-matija-krizmanic-proveo-30-dana-studijskog-boravak-na-sveucilistu-u-grazu-15-6-16-7-2024\/\">Pro\u010ditaj vi\u0161e o<span> Studijski boravak asistenta Matije Krizmani\u0107a na Sveu\u010dili\u0161tu u Grazu, 15. 6. &#8211; 16. 7. 2024.<\/span><\/a><\/p>\n","protected":false},"author":7,"featured_media":30769,"comment_status":"closed","ping_status":"closed","sticky":false,"template":"","format":"standard","meta":{"inline_featured_image":false,"ngg_post_thumbnail":0,"footnotes":""},"categories":[29],"tags":[],"yoast_head":"<!-- This site is optimized with the Yoast SEO plugin v21.2 - https:\/\/yoast.com\/wordpress\/plugins\/seo\/ -->\n<title>Studijski boravak asistenta Matije Krizmani\u0107a na Sveu\u010dili\u0161tu u Grazu, 15. 6. - 16. 7. 2024. - Institut dru&scaron;tvenih znanosti Ivo Pilar<\/title>\n<meta name=\"robots\" content=\"noindex, follow, max-snippet:-1, max-image-preview:large, max-video-preview:-1\" \/>\n<meta property=\"og:locale\" content=\"hr_HR\" \/>\n<meta property=\"og:type\" content=\"article\" \/>\n<meta property=\"og:title\" content=\"Studijski boravak asistenta Matije Krizmani\u0107a na Sveu\u010dili\u0161tu u Grazu, 15. 6. - 16. 7. 2024. - Institut dru&scaron;tvenih znanosti Ivo Pilar\" \/>\n<meta property=\"og:description\" content=\"Suradnik na projektu \u201ePromjene rodnih odnosa u Hrvatskoj\u201c (NextGenderHR), asistent Matija Krizmani\u0107, proveo je 30-dnevni studijski boravak u Centru za Interameri\u010dke studije Sveu\u010dili\u0161ta u Grazu od 15. lipnja do 16. srpnja 2024. Mobilnost je ostvarena u okviru projekta te uz CEEPUS stipendiju &nbsp; U okviru mobilnosti, prva dva tjedna provedena su u samome Centru za&hellip; Pro\u010ditaj vi\u0161e o Studijski boravak asistenta Matije Krizmani\u0107a na Sveu\u010dili\u0161tu u Grazu, 15. 6. &#8211; 16. 7. 2024.\" \/>\n<meta property=\"og:url\" content=\"https:\/\/www.vegaintro-projekti.com\/pilar-stari\/2024\/07\/asistent-matija-krizmanic-proveo-30-dana-studijskog-boravak-na-sveucilistu-u-grazu-15-6-16-7-2024\/\" \/>\n<meta property=\"og:site_name\" content=\"Institut dru&scaron;tvenih znanosti Ivo Pilar\" \/>\n<meta property=\"article:published_time\" content=\"2024-07-23T14:05:31+00:00\" \/>\n<meta property=\"article:modified_time\" content=\"2024-07-29T19:32:25+00:00\" \/>\n<meta property=\"og:image\" content=\"https:\/\/www.vegaintro-projekti.com\/pilar-stari\/wp-content\/uploads\/2024\/07\/IMG_1fi.jpg\" \/>\n\t<meta property=\"og:image:width\" content=\"499\" \/>\n\t<meta property=\"og:image:height\" content=\"224\" \/>\n\t<meta property=\"og:image:type\" content=\"image\/jpeg\" \/>\n<meta name=\"author\" content=\"Boris\" \/>\n<meta name=\"twitter:card\" content=\"summary_large_image\" \/>\n<meta name=\"twitter:label1\" content=\"Napisao\/la\" \/>\n\t<meta name=\"twitter:data1\" content=\"Boris\" \/>\n\t<meta name=\"twitter:label2\" content=\"Procijenjeno vrijeme \u010ditanja\" \/>\n\t<meta name=\"twitter:data2\" content=\"2 minute\" \/>\n<script type=\"application\/ld+json\" class=\"yoast-schema-graph\">{\"@context\":\"https:\/\/schema.org\",\"@graph\":[{\"@type\":\"WebPage\",\"@id\":\"https:\/\/www.vegaintro-projekti.com\/pilar-stari\/2024\/07\/asistent-matija-krizmanic-proveo-30-dana-studijskog-boravak-na-sveucilistu-u-grazu-15-6-16-7-2024\/\",\"url\":\"https:\/\/www.vegaintro-projekti.com\/pilar-stari\/2024\/07\/asistent-matija-krizmanic-proveo-30-dana-studijskog-boravak-na-sveucilistu-u-grazu-15-6-16-7-2024\/\",\"name\":\"Studijski boravak asistenta Matije Krizmani\u0107a na Sveu\u010dili\u0161tu u Grazu, 15. 6. - 16. 7. 2024. - Institut dru&scaron;tvenih znanosti Ivo Pilar\",\"isPartOf\":{\"@id\":\"https:\/\/www.vegaintro-projekti.com\/pilar-stari\/#website\"},\"datePublished\":\"2024-07-23T14:05:31+00:00\",\"dateModified\":\"2024-07-29T19:32:25+00:00\",\"author\":{\"@id\":\"https:\/\/www.vegaintro-projekti.com\/pilar-stari\/#\/schema\/person\/ddd404c9f1e15e4ffef5986ac6a5d28b\"},\"breadcrumb\":{\"@id\":\"https:\/\/www.vegaintro-projekti.com\/pilar-stari\/2024\/07\/asistent-matija-krizmanic-proveo-30-dana-studijskog-boravak-na-sveucilistu-u-grazu-15-6-16-7-2024\/#breadcrumb\"},\"inLanguage\":\"hr\",\"potentialAction\":[{\"@type\":\"ReadAction\",\"target\":[\"https:\/\/www.vegaintro-projekti.com\/pilar-stari\/2024\/07\/asistent-matija-krizmanic-proveo-30-dana-studijskog-boravak-na-sveucilistu-u-grazu-15-6-16-7-2024\/\"]}]},{\"@type\":\"BreadcrumbList\",\"@id\":\"https:\/\/www.vegaintro-projekti.com\/pilar-stari\/2024\/07\/asistent-matija-krizmanic-proveo-30-dana-studijskog-boravak-na-sveucilistu-u-grazu-15-6-16-7-2024\/#breadcrumb\",\"itemListElement\":[{\"@type\":\"ListItem\",\"position\":1,\"name\":\"Home\",\"item\":\"https:\/\/www.vegaintro-projekti.com\/pilar-stari\/\"},{\"@type\":\"ListItem\",\"position\":2,\"name\":\"Studijski boravak asistenta Matije Krizmani\u0107a na Sveu\u010dili\u0161tu u Grazu, 15. 6. &#8211; 16. 7. 2024.\"}]},{\"@type\":\"WebSite\",\"@id\":\"https:\/\/www.vegaintro-projekti.com\/pilar-stari\/#website\",\"url\":\"https:\/\/www.vegaintro-projekti.com\/pilar-stari\/\",\"name\":\"Institut dru&scaron;tvenih znanosti Ivo Pilar\",\"description\":\"Pilar\",\"potentialAction\":[{\"@type\":\"SearchAction\",\"target\":{\"@type\":\"EntryPoint\",\"urlTemplate\":\"https:\/\/www.vegaintro-projekti.com\/pilar-stari\/?s={search_term_string}\"},\"query-input\":\"required name=search_term_string\"}],\"inLanguage\":\"hr\"},{\"@type\":\"Person\",\"@id\":\"https:\/\/www.vegaintro-projekti.com\/pilar-stari\/#\/schema\/person\/ddd404c9f1e15e4ffef5986ac6a5d28b\",\"name\":\"Boris\",\"image\":{\"@type\":\"ImageObject\",\"inLanguage\":\"hr\",\"@id\":\"https:\/\/www.vegaintro-projekti.com\/pilar-stari\/#\/schema\/person\/image\/\",\"url\":\"https:\/\/secure.gravatar.com\/avatar\/29557b161a6ce6ab86ac1503164f1e90?s=96&d=mm&r=g\",\"contentUrl\":\"https:\/\/secure.gravatar.com\/avatar\/29557b161a6ce6ab86ac1503164f1e90?s=96&d=mm&r=g\",\"caption\":\"Boris\"},\"url\":\"https:\/\/www.vegaintro-projekti.com\/pilar-stari\/author\/boris\/\"}]}<\/script>\n<!-- \/ Yoast SEO plugin. -->","yoast_head_json":{"title":"Studijski boravak asistenta Matije Krizmani\u0107a na Sveu\u010dili\u0161tu u Grazu, 15. 6. - 16. 7. 2024. - Institut dru&scaron;tvenih znanosti Ivo Pilar","robots":{"index":"noindex","follow":"follow","max-snippet":"max-snippet:-1","max-image-preview":"max-image-preview:large","max-video-preview":"max-video-preview:-1"},"og_locale":"hr_HR","og_type":"article","og_title":"Studijski boravak asistenta Matije Krizmani\u0107a na Sveu\u010dili\u0161tu u Grazu, 15. 6. - 16. 7. 2024. - Institut dru&scaron;tvenih znanosti Ivo Pilar","og_description":"Suradnik na projektu \u201ePromjene rodnih odnosa u Hrvatskoj\u201c (NextGenderHR), asistent Matija Krizmani\u0107, proveo je 30-dnevni studijski boravak u Centru za Interameri\u010dke studije Sveu\u010dili\u0161ta u Grazu od 15. lipnja do 16. srpnja 2024. Mobilnost je ostvarena u okviru projekta te uz CEEPUS stipendiju &nbsp; U okviru mobilnosti, prva dva tjedna provedena su u samome Centru za&hellip; Pro\u010ditaj vi\u0161e o Studijski boravak asistenta Matije Krizmani\u0107a na Sveu\u010dili\u0161tu u Grazu, 15. 6. &#8211; 16. 7. 2024.","og_url":"https:\/\/www.vegaintro-projekti.com\/pilar-stari\/2024\/07\/asistent-matija-krizmanic-proveo-30-dana-studijskog-boravak-na-sveucilistu-u-grazu-15-6-16-7-2024\/","og_site_name":"Institut dru&scaron;tvenih znanosti Ivo Pilar","article_published_time":"2024-07-23T14:05:31+00:00","article_modified_time":"2024-07-29T19:32:25+00:00","og_image":[{"width":499,"height":224,"url":"https:\/\/www.vegaintro-projekti.com\/pilar-stari\/wp-content\/uploads\/2024\/07\/IMG_1fi.jpg","type":"image\/jpeg"}],"author":"Boris","twitter_card":"summary_large_image","twitter_misc":{"Napisao\/la":"Boris","Procijenjeno vrijeme \u010ditanja":"2 minute"},"schema":{"@context":"https:\/\/schema.org","@graph":[{"@type":"WebPage","@id":"https:\/\/www.vegaintro-projekti.com\/pilar-stari\/2024\/07\/asistent-matija-krizmanic-proveo-30-dana-studijskog-boravak-na-sveucilistu-u-grazu-15-6-16-7-2024\/","url":"https:\/\/www.vegaintro-projekti.com\/pilar-stari\/2024\/07\/asistent-matija-krizmanic-proveo-30-dana-studijskog-boravak-na-sveucilistu-u-grazu-15-6-16-7-2024\/","name":"Studijski boravak asistenta Matije Krizmani\u0107a na Sveu\u010dili\u0161tu u Grazu, 15. 6. - 16. 7. 2024. - Institut dru&scaron;tvenih znanosti Ivo Pilar","isPartOf":{"@id":"https:\/\/www.vegaintro-projekti.com\/pilar-stari\/#website"},"datePublished":"2024-07-23T14:05:31+00:00","dateModified":"2024-07-29T19:32:25+00:00","author":{"@id":"https:\/\/www.vegaintro-projekti.com\/pilar-stari\/#\/schema\/person\/ddd404c9f1e15e4ffef5986ac6a5d28b"},"breadcrumb":{"@id":"https:\/\/www.vegaintro-projekti.com\/pilar-stari\/2024\/07\/asistent-matija-krizmanic-proveo-30-dana-studijskog-boravak-na-sveucilistu-u-grazu-15-6-16-7-2024\/#breadcrumb"},"inLanguage":"hr","potentialAction":[{"@type":"ReadAction","target":["https:\/\/www.vegaintro-projekti.com\/pilar-stari\/2024\/07\/asistent-matija-krizmanic-proveo-30-dana-studijskog-boravak-na-sveucilistu-u-grazu-15-6-16-7-2024\/"]}]},{"@type":"BreadcrumbList","@id":"https:\/\/www.vegaintro-projekti.com\/pilar-stari\/2024\/07\/asistent-matija-krizmanic-proveo-30-dana-studijskog-boravak-na-sveucilistu-u-grazu-15-6-16-7-2024\/#breadcrumb","itemListElement":[{"@type":"ListItem","position":1,"name":"Home","item":"https:\/\/www.vegaintro-projekti.com\/pilar-stari\/"},{"@type":"ListItem","position":2,"name":"Studijski boravak asistenta Matije Krizmani\u0107a na Sveu\u010dili\u0161tu u Grazu, 15. 6. &#8211; 16. 7. 2024."}]},{"@type":"WebSite","@id":"https:\/\/www.vegaintro-projekti.com\/pilar-stari\/#website","url":"https:\/\/www.vegaintro-projekti.com\/pilar-stari\/","name":"Institut dru&scaron;tvenih znanosti Ivo Pilar","description":"Pilar","potentialAction":[{"@type":"SearchAction","target":{"@type":"EntryPoint","urlTemplate":"https:\/\/www.vegaintro-projekti.com\/pilar-stari\/?s={search_term_string}"},"query-input":"required name=search_term_string"}],"inLanguage":"hr"},{"@type":"Person","@id":"https:\/\/www.vegaintro-projekti.com\/pilar-stari\/#\/schema\/person\/ddd404c9f1e15e4ffef5986ac6a5d28b","name":"Boris","image":{"@type":"ImageObject","inLanguage":"hr","@id":"https:\/\/www.vegaintro-projekti.com\/pilar-stari\/#\/schema\/person\/image\/","url":"https:\/\/secure.gravatar.com\/avatar\/29557b161a6ce6ab86ac1503164f1e90?s=96&d=mm&r=g","contentUrl":"https:\/\/secure.gravatar.com\/avatar\/29557b161a6ce6ab86ac1503164f1e90?s=96&d=mm&r=g","caption":"Boris"},"url":"https:\/\/www.vegaintro-projekti.com\/pilar-stari\/author\/boris\/"}]}},"_links":{"self":[{"href":"https:\/\/www.vegaintro-projekti.com\/pilar-stari\/wp-json\/wp\/v2\/posts\/30771"}],"collection":[{"href":"https:\/\/www.vegaintro-projekti.com\/pilar-stari\/wp-json\/wp\/v2\/posts"}],"about":[{"href":"https:\/\/www.vegaintro-projekti.com\/pilar-stari\/wp-json\/wp\/v2\/types\/post"}],"author":[{"embeddable":true,"href":"https:\/\/www.vegaintro-projekti.com\/pilar-stari\/wp-json\/wp\/v2\/users\/7"}],"replies":[{"embeddable":true,"href":"https:\/\/www.vegaintro-projekti.com\/pilar-stari\/wp-json\/wp\/v2\/comments?post=30771"}],"version-history":[{"count":9,"href":"https:\/\/www.vegaintro-projekti.com\/pilar-stari\/wp-json\/wp\/v2\/posts\/30771\/revisions"}],"predecessor-version":[{"id":30783,"href":"https:\/\/www.vegaintro-projekti.com\/pilar-stari\/wp-json\/wp\/v2\/posts\/30771\/revisions\/30783"}],"wp:featuredmedia":[{"embeddable":true,"href":"https:\/\/www.vegaintro-projekti.com\/pilar-stari\/wp-json\/wp\/v2\/media\/30769"}],"wp:attachment":[{"href":"https:\/\/www.vegaintro-projekti.com\/pilar-stari\/wp-json\/wp\/v2\/media?parent=30771"}],"wp:term":[{"taxonomy":"category","embeddable":true,"href":"https:\/\/www.vegaintro-projekti.com\/pilar-stari\/wp-json\/wp\/v2\/categories?post=30771"},{"taxonomy":"post_tag","embeddable":true,"href":"https:\/\/www.vegaintro-projekti.com\/pilar-stari\/wp-json\/wp\/v2\/tags?post=30771"}],"curies":[{"name":"wp","href":"https:\/\/api.w.org\/{rel}","templated":true}]}}