{"id":30807,"date":"2024-07-28T18:54:03","date_gmt":"2024-07-28T18:54:03","guid":{"rendered":"https:\/\/www.vegaintro-projekti.com\/pilar-stari\/?p=30807"},"modified":"2024-08-21T16:14:20","modified_gmt":"2024-08-21T16:14:20","slug":"dr-sc-renata-franc-predstavila-rezultate-projekta-motika-na-petoj-medunarodnoj-ess-konferenciji-lisabon-8-10-7-2024","status":"publish","type":"post","link":"https:\/\/www.vegaintro-projekti.com\/pilar-stari\/2024\/07\/dr-sc-renata-franc-predstavila-rezultate-projekta-motika-na-petoj-medunarodnoj-ess-konferenciji-lisabon-8-10-7-2024\/","title":{"rendered":"Dr. sc. Renata Franc predstavila rezultate projekta MotiKA na petoj me\u0111unarodnoj ESS konferenciji; Lisabon, 8.\u201310. 7. 2024."},"content":{"rendered":"<p><strong>Voditeljica projekta MotiKA dr. sc. Renata Franc predstavila je rezultate o ulozi percepcije proceduralne nepravde kao motivatora razli\u010ditih oblika politi\u010dkog sudjelovanja u starim i novim europskim demokracijama (<em>Perceived procedural injustice as motivator of different forms of political participation in European old and new democracies<\/em>; Franc, Pavlovi\u0107 i Magli\u0107) na petoj me\u0111unarodnoj konferenciji Europskog dru\u0161tvenog istra\u017eivanja (ESS) odr\u017eanoj u Lisabonu od 8. do 10. srpnja 2024.<\/strong><\/p>\n<div class=\"wp-block-image\">\n<p><a href=\"https:\/\/www.vegaintro-projekti.com\/pilar-stari\/2024\/02\/projekt-motika-motivacije-i-prepreke-za-kolektivno-djelovanje\/\"><img decoding=\"async\" loading=\"lazy\" class=\"alignnone wp-image-30803 size-full\" src=\"https:\/\/www.vegaintro-projekti.com\/pilar-stari\/wp-content\/uploads\/2024\/07\/Logo-1.jpg\" alt=\"i1\" width=\"620\" height=\"95\" srcset=\"https:\/\/www.vegaintro-projekti.com\/pilar-stari\/wp-content\/uploads\/2024\/07\/Logo-1.jpg 620w, https:\/\/www.vegaintro-projekti.com\/pilar-stari\/wp-content\/uploads\/2024\/07\/Logo-1-300x46.jpg 300w\" sizes=\"(max-width: 620px) 100vw, 620px\" \/><\/a><a href=\"https:\/\/www.vegaintro-projekti.com\/pilar-stari\/wp-content\/uploads\/2024\/07\/Motika.jpg\"><img decoding=\"async\" loading=\"lazy\" class=\"alignnone wp-image-30804 size-full\" src=\"https:\/\/www.vegaintro-projekti.com\/pilar-stari\/wp-content\/uploads\/2024\/07\/Motika.jpg\" alt=\"i2\" width=\"620\" height=\"389\" srcset=\"https:\/\/www.vegaintro-projekti.com\/pilar-stari\/wp-content\/uploads\/2024\/07\/Motika.jpg 620w, https:\/\/www.vegaintro-projekti.com\/pilar-stari\/wp-content\/uploads\/2024\/07\/Motika-300x188.jpg 300w\" sizes=\"(max-width: 620px) 100vw, 620px\" \/><\/a><\/p>\n<\/div>\n<p><strong>Analiza podataka<\/strong> devetog vala ESS-a, obuhva\u0107aju\u0107i sudionike iz 29 europskih zemalja, potvrdila je da su osobe koje percipiraju izra\u017eeniju proceduralnu nepravdu manje sklone izlaziti na izbore, dok nije potvr\u0111ena povezanost sa sklono\u0161\u0107u aktivizmu. Me\u0111utim, utvr\u0111eno je da efekti percipirane nepravde ovise o razini unutarnje politi\u010dke efikasnosti i sklonosti vjerovanju u pravedan svijet, kao i o sociopoliti\u010dkom kontekstu.<\/p>\n<p><strong>U slu\u010daju aktivizma<\/strong>, ve\u0107a percepcija nepravde povezana je s ve\u0107om sklono\u0161\u0107u aktivizmu samo kod pojedinaca umjerenog ili slabog vjerovanja u pravedan svijet, a izra\u017eene unutarnje politi\u010dke efikasnosti. Dodatno, rezultati upu\u0107uju da se ovakvi efekti percipirane nepravde na aktivizam javljaju ponajprije u europskim zemljama s du\u017eim iskustvom demokracije, ali ne i u europskim zemljama mla\u0111e demokracije (uklju\u010duju\u0107i Hrvatsku), gdje je kao bitna odrednica aktivizma potvr\u0111ena samo kombinacija sklonosti vjerovanja u pravedan svijet i unutarnje politi\u010dke efikasnosti (pri \u010demu je ve\u0107e vjerovanje u pravedan svijet povezano s manjom sklono\u0161\u0107u aktivizmu samo kod pojedinaca izra\u017eene i umjerene politi\u010dke efikasnosti).<\/p>\n<p><strong>Kad je rije\u010d o glasanju<\/strong>, u zemljama starije demokracije ve\u0107a percipirana nepravda povezana je s ve\u0107om vjerojatno\u0161\u0107u glasanja samo u slu\u010daju izra\u017eenog vjerovanja u pravedan svijet i niske politi\u010dke efikasnosti. S druge strane, u zemljama novije demokracije, uklju\u010duju\u0107i Hrvatsku, glasanje je op\u0107enito karakteristi\u010dnije za gra\u0111ane izra\u017eenije politi\u010dke efikasnosti, i to neovisno o percepciji proceduralne nepravde.<\/p>\n<p><strong>Izlaganje dr. sc. Renata Franc<\/strong> izazvalo je zamije\u0107en interes sudionika sesije, kao i pozive na me\u0111unarodnu suradnju.<\/p>\n<blockquote><p><a href=\"https:\/\/www.vegaintro-projekti.com\/pilar-stari\/2024\/02\/projekt-motika-motivacije-i-prepreke-za-kolektivno-djelovanje\/\">Projekt MotiKA<\/a><\/p><\/blockquote>\n","protected":false},"excerpt":{"rendered":"<p>Voditeljica projekta MotiKA dr. sc. Renata Franc predstavila je rezultate o ulozi percepcije proceduralne nepravde kao motivatora razli\u010ditih oblika politi\u010dkog sudjelovanja u starim i novim europskim demokracijama (Perceived procedural injustice as motivator of different forms of political participation in European old and new democracies; Franc, Pavlovi\u0107 i Magli\u0107) na petoj me\u0111unarodnoj konferenciji Europskog dru\u0161tvenog istra\u017eivanja&hellip; <a class=\"continue\" href=\"https:\/\/www.vegaintro-projekti.com\/pilar-stari\/2024\/07\/dr-sc-renata-franc-predstavila-rezultate-projekta-motika-na-petoj-medunarodnoj-ess-konferenciji-lisabon-8-10-7-2024\/\">Pro\u010ditaj vi\u0161e o<span> Dr. sc. Renata Franc predstavila rezultate projekta MotiKA na petoj me\u0111unarodnoj ESS konferenciji; Lisabon, 8.\u201310. 7. 2024.<\/span><\/a><\/p>\n","protected":false},"author":7,"featured_media":30805,"comment_status":"closed","ping_status":"closed","sticky":false,"template":"","format":"standard","meta":{"inline_featured_image":false,"ngg_post_thumbnail":0,"footnotes":""},"categories":[11],"tags":[],"yoast_head":"<!-- This site is optimized with the Yoast SEO plugin v21.2 - https:\/\/yoast.com\/wordpress\/plugins\/seo\/ -->\n<title>Dr. sc. Renata Franc predstavila rezultate projekta MotiKA na petoj me\u0111unarodnoj ESS konferenciji; Lisabon, 8.\u201310. 7. 2024. - Institut dru&scaron;tvenih znanosti Ivo Pilar<\/title>\n<meta name=\"robots\" content=\"noindex, follow, max-snippet:-1, max-image-preview:large, max-video-preview:-1\" \/>\n<meta property=\"og:locale\" content=\"hr_HR\" \/>\n<meta property=\"og:type\" content=\"article\" \/>\n<meta property=\"og:title\" content=\"Dr. sc. Renata Franc predstavila rezultate projekta MotiKA na petoj me\u0111unarodnoj ESS konferenciji; Lisabon, 8.\u201310. 7. 2024. - Institut dru&scaron;tvenih znanosti Ivo Pilar\" \/>\n<meta property=\"og:description\" content=\"Voditeljica projekta MotiKA dr. sc. Renata Franc predstavila je rezultate o ulozi percepcije proceduralne nepravde kao motivatora razli\u010ditih oblika politi\u010dkog sudjelovanja u starim i novim europskim demokracijama (Perceived procedural injustice as motivator of different forms of political participation in European old and new democracies; Franc, Pavlovi\u0107 i Magli\u0107) na petoj me\u0111unarodnoj konferenciji Europskog dru\u0161tvenog istra\u017eivanja&hellip; Pro\u010ditaj vi\u0161e o Dr. sc. Renata Franc predstavila rezultate projekta MotiKA na petoj me\u0111unarodnoj ESS konferenciji; Lisabon, 8.\u201310. 7. 2024.\" \/>\n<meta property=\"og:url\" content=\"https:\/\/www.vegaintro-projekti.com\/pilar-stari\/2024\/07\/dr-sc-renata-franc-predstavila-rezultate-projekta-motika-na-petoj-medunarodnoj-ess-konferenciji-lisabon-8-10-7-2024\/\" \/>\n<meta property=\"og:site_name\" content=\"Institut dru&scaron;tvenih znanosti Ivo Pilar\" \/>\n<meta property=\"article:published_time\" content=\"2024-07-28T18:54:03+00:00\" \/>\n<meta property=\"article:modified_time\" content=\"2024-08-21T16:14:20+00:00\" \/>\n<meta property=\"og:image\" content=\"https:\/\/www.vegaintro-projekti.com\/pilar-stari\/wp-content\/uploads\/2024\/07\/Motika_fi.jpg\" \/>\n\t<meta property=\"og:image:width\" content=\"500\" \/>\n\t<meta property=\"og:image:height\" content=\"222\" \/>\n\t<meta property=\"og:image:type\" content=\"image\/jpeg\" \/>\n<meta name=\"author\" content=\"Boris\" \/>\n<meta name=\"twitter:card\" content=\"summary_large_image\" \/>\n<meta name=\"twitter:label1\" content=\"Napisao\/la\" \/>\n\t<meta name=\"twitter:data1\" content=\"Boris\" \/>\n\t<meta name=\"twitter:label2\" content=\"Procijenjeno vrijeme \u010ditanja\" \/>\n\t<meta name=\"twitter:data2\" content=\"2 minute\" \/>\n<script type=\"application\/ld+json\" class=\"yoast-schema-graph\">{\"@context\":\"https:\/\/schema.org\",\"@graph\":[{\"@type\":\"WebPage\",\"@id\":\"https:\/\/www.vegaintro-projekti.com\/pilar-stari\/2024\/07\/dr-sc-renata-franc-predstavila-rezultate-projekta-motika-na-petoj-medunarodnoj-ess-konferenciji-lisabon-8-10-7-2024\/\",\"url\":\"https:\/\/www.vegaintro-projekti.com\/pilar-stari\/2024\/07\/dr-sc-renata-franc-predstavila-rezultate-projekta-motika-na-petoj-medunarodnoj-ess-konferenciji-lisabon-8-10-7-2024\/\",\"name\":\"Dr. sc. Renata Franc predstavila rezultate projekta MotiKA na petoj me\u0111unarodnoj ESS konferenciji; Lisabon, 8.\u201310. 7. 2024. - Institut dru&scaron;tvenih znanosti Ivo Pilar\",\"isPartOf\":{\"@id\":\"https:\/\/www.vegaintro-projekti.com\/pilar-stari\/#website\"},\"datePublished\":\"2024-07-28T18:54:03+00:00\",\"dateModified\":\"2024-08-21T16:14:20+00:00\",\"author\":{\"@id\":\"https:\/\/www.vegaintro-projekti.com\/pilar-stari\/#\/schema\/person\/ddd404c9f1e15e4ffef5986ac6a5d28b\"},\"breadcrumb\":{\"@id\":\"https:\/\/www.vegaintro-projekti.com\/pilar-stari\/2024\/07\/dr-sc-renata-franc-predstavila-rezultate-projekta-motika-na-petoj-medunarodnoj-ess-konferenciji-lisabon-8-10-7-2024\/#breadcrumb\"},\"inLanguage\":\"hr\",\"potentialAction\":[{\"@type\":\"ReadAction\",\"target\":[\"https:\/\/www.vegaintro-projekti.com\/pilar-stari\/2024\/07\/dr-sc-renata-franc-predstavila-rezultate-projekta-motika-na-petoj-medunarodnoj-ess-konferenciji-lisabon-8-10-7-2024\/\"]}]},{\"@type\":\"BreadcrumbList\",\"@id\":\"https:\/\/www.vegaintro-projekti.com\/pilar-stari\/2024\/07\/dr-sc-renata-franc-predstavila-rezultate-projekta-motika-na-petoj-medunarodnoj-ess-konferenciji-lisabon-8-10-7-2024\/#breadcrumb\",\"itemListElement\":[{\"@type\":\"ListItem\",\"position\":1,\"name\":\"Home\",\"item\":\"https:\/\/www.vegaintro-projekti.com\/pilar-stari\/\"},{\"@type\":\"ListItem\",\"position\":2,\"name\":\"Dr. sc. Renata Franc predstavila rezultate projekta MotiKA na petoj me\u0111unarodnoj ESS konferenciji; Lisabon, 8.\u201310. 7. 2024.\"}]},{\"@type\":\"WebSite\",\"@id\":\"https:\/\/www.vegaintro-projekti.com\/pilar-stari\/#website\",\"url\":\"https:\/\/www.vegaintro-projekti.com\/pilar-stari\/\",\"name\":\"Institut dru&scaron;tvenih znanosti Ivo Pilar\",\"description\":\"Pilar\",\"potentialAction\":[{\"@type\":\"SearchAction\",\"target\":{\"@type\":\"EntryPoint\",\"urlTemplate\":\"https:\/\/www.vegaintro-projekti.com\/pilar-stari\/?s={search_term_string}\"},\"query-input\":\"required name=search_term_string\"}],\"inLanguage\":\"hr\"},{\"@type\":\"Person\",\"@id\":\"https:\/\/www.vegaintro-projekti.com\/pilar-stari\/#\/schema\/person\/ddd404c9f1e15e4ffef5986ac6a5d28b\",\"name\":\"Boris\",\"image\":{\"@type\":\"ImageObject\",\"inLanguage\":\"hr\",\"@id\":\"https:\/\/www.vegaintro-projekti.com\/pilar-stari\/#\/schema\/person\/image\/\",\"url\":\"https:\/\/secure.gravatar.com\/avatar\/29557b161a6ce6ab86ac1503164f1e90?s=96&d=mm&r=g\",\"contentUrl\":\"https:\/\/secure.gravatar.com\/avatar\/29557b161a6ce6ab86ac1503164f1e90?s=96&d=mm&r=g\",\"caption\":\"Boris\"},\"url\":\"https:\/\/www.vegaintro-projekti.com\/pilar-stari\/author\/boris\/\"}]}<\/script>\n<!-- \/ Yoast SEO plugin. -->","yoast_head_json":{"title":"Dr. sc. Renata Franc predstavila rezultate projekta MotiKA na petoj me\u0111unarodnoj ESS konferenciji; Lisabon, 8.\u201310. 7. 2024. - Institut dru&scaron;tvenih znanosti Ivo Pilar","robots":{"index":"noindex","follow":"follow","max-snippet":"max-snippet:-1","max-image-preview":"max-image-preview:large","max-video-preview":"max-video-preview:-1"},"og_locale":"hr_HR","og_type":"article","og_title":"Dr. sc. Renata Franc predstavila rezultate projekta MotiKA na petoj me\u0111unarodnoj ESS konferenciji; Lisabon, 8.\u201310. 7. 2024. - Institut dru&scaron;tvenih znanosti Ivo Pilar","og_description":"Voditeljica projekta MotiKA dr. sc. Renata Franc predstavila je rezultate o ulozi percepcije proceduralne nepravde kao motivatora razli\u010ditih oblika politi\u010dkog sudjelovanja u starim i novim europskim demokracijama (Perceived procedural injustice as motivator of different forms of political participation in European old and new democracies; Franc, Pavlovi\u0107 i Magli\u0107) na petoj me\u0111unarodnoj konferenciji Europskog dru\u0161tvenog istra\u017eivanja&hellip; Pro\u010ditaj vi\u0161e o Dr. sc. Renata Franc predstavila rezultate projekta MotiKA na petoj me\u0111unarodnoj ESS konferenciji; Lisabon, 8.\u201310. 7. 2024.","og_url":"https:\/\/www.vegaintro-projekti.com\/pilar-stari\/2024\/07\/dr-sc-renata-franc-predstavila-rezultate-projekta-motika-na-petoj-medunarodnoj-ess-konferenciji-lisabon-8-10-7-2024\/","og_site_name":"Institut dru&scaron;tvenih znanosti Ivo Pilar","article_published_time":"2024-07-28T18:54:03+00:00","article_modified_time":"2024-08-21T16:14:20+00:00","og_image":[{"width":500,"height":222,"url":"https:\/\/www.vegaintro-projekti.com\/pilar-stari\/wp-content\/uploads\/2024\/07\/Motika_fi.jpg","type":"image\/jpeg"}],"author":"Boris","twitter_card":"summary_large_image","twitter_misc":{"Napisao\/la":"Boris","Procijenjeno vrijeme \u010ditanja":"2 minute"},"schema":{"@context":"https:\/\/schema.org","@graph":[{"@type":"WebPage","@id":"https:\/\/www.vegaintro-projekti.com\/pilar-stari\/2024\/07\/dr-sc-renata-franc-predstavila-rezultate-projekta-motika-na-petoj-medunarodnoj-ess-konferenciji-lisabon-8-10-7-2024\/","url":"https:\/\/www.vegaintro-projekti.com\/pilar-stari\/2024\/07\/dr-sc-renata-franc-predstavila-rezultate-projekta-motika-na-petoj-medunarodnoj-ess-konferenciji-lisabon-8-10-7-2024\/","name":"Dr. sc. Renata Franc predstavila rezultate projekta MotiKA na petoj me\u0111unarodnoj ESS konferenciji; Lisabon, 8.\u201310. 7. 2024. - Institut dru&scaron;tvenih znanosti Ivo Pilar","isPartOf":{"@id":"https:\/\/www.vegaintro-projekti.com\/pilar-stari\/#website"},"datePublished":"2024-07-28T18:54:03+00:00","dateModified":"2024-08-21T16:14:20+00:00","author":{"@id":"https:\/\/www.vegaintro-projekti.com\/pilar-stari\/#\/schema\/person\/ddd404c9f1e15e4ffef5986ac6a5d28b"},"breadcrumb":{"@id":"https:\/\/www.vegaintro-projekti.com\/pilar-stari\/2024\/07\/dr-sc-renata-franc-predstavila-rezultate-projekta-motika-na-petoj-medunarodnoj-ess-konferenciji-lisabon-8-10-7-2024\/#breadcrumb"},"inLanguage":"hr","potentialAction":[{"@type":"ReadAction","target":["https:\/\/www.vegaintro-projekti.com\/pilar-stari\/2024\/07\/dr-sc-renata-franc-predstavila-rezultate-projekta-motika-na-petoj-medunarodnoj-ess-konferenciji-lisabon-8-10-7-2024\/"]}]},{"@type":"BreadcrumbList","@id":"https:\/\/www.vegaintro-projekti.com\/pilar-stari\/2024\/07\/dr-sc-renata-franc-predstavila-rezultate-projekta-motika-na-petoj-medunarodnoj-ess-konferenciji-lisabon-8-10-7-2024\/#breadcrumb","itemListElement":[{"@type":"ListItem","position":1,"name":"Home","item":"https:\/\/www.vegaintro-projekti.com\/pilar-stari\/"},{"@type":"ListItem","position":2,"name":"Dr. sc. Renata Franc predstavila rezultate projekta MotiKA na petoj me\u0111unarodnoj ESS konferenciji; Lisabon, 8.\u201310. 7. 2024."}]},{"@type":"WebSite","@id":"https:\/\/www.vegaintro-projekti.com\/pilar-stari\/#website","url":"https:\/\/www.vegaintro-projekti.com\/pilar-stari\/","name":"Institut dru&scaron;tvenih znanosti Ivo Pilar","description":"Pilar","potentialAction":[{"@type":"SearchAction","target":{"@type":"EntryPoint","urlTemplate":"https:\/\/www.vegaintro-projekti.com\/pilar-stari\/?s={search_term_string}"},"query-input":"required name=search_term_string"}],"inLanguage":"hr"},{"@type":"Person","@id":"https:\/\/www.vegaintro-projekti.com\/pilar-stari\/#\/schema\/person\/ddd404c9f1e15e4ffef5986ac6a5d28b","name":"Boris","image":{"@type":"ImageObject","inLanguage":"hr","@id":"https:\/\/www.vegaintro-projekti.com\/pilar-stari\/#\/schema\/person\/image\/","url":"https:\/\/secure.gravatar.com\/avatar\/29557b161a6ce6ab86ac1503164f1e90?s=96&d=mm&r=g","contentUrl":"https:\/\/secure.gravatar.com\/avatar\/29557b161a6ce6ab86ac1503164f1e90?s=96&d=mm&r=g","caption":"Boris"},"url":"https:\/\/www.vegaintro-projekti.com\/pilar-stari\/author\/boris\/"}]}},"_links":{"self":[{"href":"https:\/\/www.vegaintro-projekti.com\/pilar-stari\/wp-json\/wp\/v2\/posts\/30807"}],"collection":[{"href":"https:\/\/www.vegaintro-projekti.com\/pilar-stari\/wp-json\/wp\/v2\/posts"}],"about":[{"href":"https:\/\/www.vegaintro-projekti.com\/pilar-stari\/wp-json\/wp\/v2\/types\/post"}],"author":[{"embeddable":true,"href":"https:\/\/www.vegaintro-projekti.com\/pilar-stari\/wp-json\/wp\/v2\/users\/7"}],"replies":[{"embeddable":true,"href":"https:\/\/www.vegaintro-projekti.com\/pilar-stari\/wp-json\/wp\/v2\/comments?post=30807"}],"version-history":[{"count":4,"href":"https:\/\/www.vegaintro-projekti.com\/pilar-stari\/wp-json\/wp\/v2\/posts\/30807\/revisions"}],"predecessor-version":[{"id":30811,"href":"https:\/\/www.vegaintro-projekti.com\/pilar-stari\/wp-json\/wp\/v2\/posts\/30807\/revisions\/30811"}],"wp:featuredmedia":[{"embeddable":true,"href":"https:\/\/www.vegaintro-projekti.com\/pilar-stari\/wp-json\/wp\/v2\/media\/30805"}],"wp:attachment":[{"href":"https:\/\/www.vegaintro-projekti.com\/pilar-stari\/wp-json\/wp\/v2\/media?parent=30807"}],"wp:term":[{"taxonomy":"category","embeddable":true,"href":"https:\/\/www.vegaintro-projekti.com\/pilar-stari\/wp-json\/wp\/v2\/categories?post=30807"},{"taxonomy":"post_tag","embeddable":true,"href":"https:\/\/www.vegaintro-projekti.com\/pilar-stari\/wp-json\/wp\/v2\/tags?post=30807"}],"curies":[{"name":"wp","href":"https:\/\/api.w.org\/{rel}","templated":true}]}}