{"id":309,"date":"2010-09-10T14:26:09","date_gmt":"2010-09-10T14:26:09","guid":{"rendered":"https:\/\/www.vegaintro-projekti.com\/pilar-stari\/2010\/09\/10\/iz-tiska-dr-sc-josip-burui-u-povodu-poetka-kolske-godine\/"},"modified":"2017-12-04T10:25:10","modified_gmt":"2017-12-04T10:25:10","slug":"iz-tiska-dr-sc-josip-burui-u-povodu-poetka-kolske-godine","status":"publish","type":"post","link":"https:\/\/www.vegaintro-projekti.com\/pilar-stari\/2010\/09\/iz-tiska-dr-sc-josip-burui-u-povodu-poetka-kolske-godine\/","title":{"rendered":"Iz tiska: dr. sc. Josip Buru\u0161i\u0107 u povodu po\u010detka \u0161kolske godine"},"content":{"rendered":"<p><strong>Jutarnji list od 7. rujna 2010. u rubrici Komentari objavio je tekst dr. sc. Josipa Buru\u0161i\u0107a (<a href=\"https:\/\/www.vegaintro-projekti.com\/pilar-stari\/2010\/06\/centar-za-istraivanje-znanja-obrazovanja-i-ljudskog-kapitala\/\">Centar za istra\u017eivanje znanja, obrazovanja i ljudskog kapitala Instituta Ivo Pilar<\/a>) u povodu po\u010detka \u0161kolske godine pod naslovom &#8220;Je li \u0161kolovanje u Hrvatskoj najgora stvar koja vam se u \u017eivotu mogla dogoditi?&#8221;<br \/><\/strong><\/p>\n<table border=\"0\">\n<tbody>\n<tr>\n<td><a href=\"https:\/\/www.vegaintro-projekti.com\/pilar-stari\/wp-content\/images\/stories\/dokumenti\/razno\/jl_7rujna2010.pdf\"><img decoding=\"async\" loading=\"lazy\" height=\"314\" width=\"211\" src=\"https:\/\/www.vegaintro-projekti.com\/pilar-stari\/wp-content\/images\/stories\/fotografije\/razno\/burusic1.jpg\" alt=\"burusic1\" \/><\/a><\/td>\n<td><a href=\"https:\/\/www.vegaintro-projekti.com\/pilar-stari\/wp-content\/images\/stories\/dokumenti\/razno\/jl_7rujna2010.pdf\"><img decoding=\"async\" loading=\"lazy\" height=\"314\" width=\"211\" src=\"https:\/\/www.vegaintro-projekti.com\/pilar-stari\/wp-content\/images\/stories\/fotografije\/razno\/burusic2.jpg\" alt=\"burusic2\" \/><\/a><\/td>\n<\/tr>\n<\/tbody>\n<\/table>\n<p><strong>&#8211; <a href=\"http:\/\/www.jutarnji.hr\/je-li-skolovanje-u-hrvatskoj-najgora-stvar-koja-vam-se-u-zivotu-moze-dogoditi-\/884094\/\">dr. sc. Josip Buru\u0161i\u0107 (Centar za istra\u017eivanje znanja, obrazovanja i ljudskog kapitala Instituta Ivo Pilar): Je li \u0161kolovanje u Hrvatskoj najgora stvar koja vam se u \u017eivotu mogla dogoditi?<\/a><\/strong><\/p>\n","protected":false},"excerpt":{"rendered":"<p>Jutarnji list od 7. rujna 2010. u rubrici Komentari objavio je tekst dr. sc. Josipa Buru\u0161i\u0107a (Centar za istra\u017eivanje znanja, obrazovanja i ljudskog kapitala Instituta Ivo Pilar) u povodu po\u010detka \u0161kolske godine pod naslovom &#8220;Je li \u0161kolovanje u Hrvatskoj najgora stvar koja vam se u \u017eivotu mogla dogoditi?&#8221; &#8211; dr. sc. Josip Buru\u0161i\u0107 (Centar za&hellip; <a class=\"continue\" href=\"https:\/\/www.vegaintro-projekti.com\/pilar-stari\/2010\/09\/iz-tiska-dr-sc-josip-burui-u-povodu-poetka-kolske-godine\/\">Pro\u010ditaj vi\u0161e o<span> Iz tiska: dr. sc. Josip Buru\u0161i\u0107 u povodu po\u010detka \u0161kolske godine<\/span><\/a><\/p>\n","protected":false},"author":1,"featured_media":0,"comment_status":"open","ping_status":"open","sticky":false,"template":"","format":"standard","meta":{"inline_featured_image":false,"ngg_post_thumbnail":0,"footnotes":""},"categories":[12],"tags":[],"yoast_head":"<!-- This site is optimized with the Yoast SEO plugin v21.2 - https:\/\/yoast.com\/wordpress\/plugins\/seo\/ -->\n<title>Iz tiska: dr. sc. Josip Buru\u0161i\u0107 u povodu po\u010detka \u0161kolske godine - Institut dru&scaron;tvenih znanosti Ivo Pilar<\/title>\n<meta name=\"robots\" content=\"noindex, follow, max-snippet:-1, max-image-preview:large, max-video-preview:-1\" \/>\n<meta property=\"og:locale\" content=\"hr_HR\" \/>\n<meta property=\"og:type\" content=\"article\" \/>\n<meta property=\"og:title\" content=\"Iz tiska: dr. sc. Josip Buru\u0161i\u0107 u povodu po\u010detka \u0161kolske godine - Institut dru&scaron;tvenih znanosti Ivo Pilar\" \/>\n<meta property=\"og:description\" content=\"Jutarnji list od 7. rujna 2010. u rubrici Komentari objavio je tekst dr. sc. Josipa Buru\u0161i\u0107a (Centar za istra\u017eivanje znanja, obrazovanja i ljudskog kapitala Instituta Ivo Pilar) u povodu po\u010detka \u0161kolske godine pod naslovom &#8220;Je li \u0161kolovanje u Hrvatskoj najgora stvar koja vam se u \u017eivotu mogla dogoditi?&#8221; &#8211; dr. sc. Josip Buru\u0161i\u0107 (Centar za&hellip; Pro\u010ditaj vi\u0161e o Iz tiska: dr. sc. Josip Buru\u0161i\u0107 u povodu po\u010detka \u0161kolske godine\" \/>\n<meta property=\"og:url\" content=\"https:\/\/www.vegaintro-projekti.com\/pilar-stari\/2010\/09\/iz-tiska-dr-sc-josip-burui-u-povodu-poetka-kolske-godine\/\" \/>\n<meta property=\"og:site_name\" content=\"Institut dru&scaron;tvenih znanosti Ivo Pilar\" \/>\n<meta property=\"article:published_time\" content=\"2010-09-10T14:26:09+00:00\" \/>\n<meta property=\"article:modified_time\" content=\"2017-12-04T10:25:10+00:00\" \/>\n<meta property=\"og:image\" content=\"https:\/\/www.vegaintro-projekti.com\/pilar-stari\/wp-content\/images\/stories\/fotografije\/razno\/burusic1.jpg\" \/>\n<meta name=\"author\" content=\"pilar-admin\" \/>\n<meta name=\"twitter:card\" content=\"summary_large_image\" \/>\n<meta name=\"twitter:label1\" content=\"Napisao\/la\" \/>\n\t<meta name=\"twitter:data1\" content=\"pilar-admin\" \/>\n<script type=\"application\/ld+json\" class=\"yoast-schema-graph\">{\"@context\":\"https:\/\/schema.org\",\"@graph\":[{\"@type\":\"WebPage\",\"@id\":\"https:\/\/www.vegaintro-projekti.com\/pilar-stari\/2010\/09\/iz-tiska-dr-sc-josip-burui-u-povodu-poetka-kolske-godine\/\",\"url\":\"https:\/\/www.vegaintro-projekti.com\/pilar-stari\/2010\/09\/iz-tiska-dr-sc-josip-burui-u-povodu-poetka-kolske-godine\/\",\"name\":\"Iz tiska: dr. sc. Josip Buru\u0161i\u0107 u povodu po\u010detka \u0161kolske godine - Institut dru&scaron;tvenih znanosti Ivo Pilar\",\"isPartOf\":{\"@id\":\"https:\/\/www.vegaintro-projekti.com\/pilar-stari\/#website\"},\"datePublished\":\"2010-09-10T14:26:09+00:00\",\"dateModified\":\"2017-12-04T10:25:10+00:00\",\"author\":{\"@id\":\"https:\/\/www.vegaintro-projekti.com\/pilar-stari\/#\/schema\/person\/c0db50ebd77c4409e19b18044bbf10c1\"},\"breadcrumb\":{\"@id\":\"https:\/\/www.vegaintro-projekti.com\/pilar-stari\/2010\/09\/iz-tiska-dr-sc-josip-burui-u-povodu-poetka-kolske-godine\/#breadcrumb\"},\"inLanguage\":\"hr\",\"potentialAction\":[{\"@type\":\"ReadAction\",\"target\":[\"https:\/\/www.vegaintro-projekti.com\/pilar-stari\/2010\/09\/iz-tiska-dr-sc-josip-burui-u-povodu-poetka-kolske-godine\/\"]}]},{\"@type\":\"BreadcrumbList\",\"@id\":\"https:\/\/www.vegaintro-projekti.com\/pilar-stari\/2010\/09\/iz-tiska-dr-sc-josip-burui-u-povodu-poetka-kolske-godine\/#breadcrumb\",\"itemListElement\":[{\"@type\":\"ListItem\",\"position\":1,\"name\":\"Home\",\"item\":\"https:\/\/www.vegaintro-projekti.com\/pilar-stari\/\"},{\"@type\":\"ListItem\",\"position\":2,\"name\":\"Iz tiska: dr. sc. Josip Buru\u0161i\u0107 u povodu po\u010detka \u0161kolske godine\"}]},{\"@type\":\"WebSite\",\"@id\":\"https:\/\/www.vegaintro-projekti.com\/pilar-stari\/#website\",\"url\":\"https:\/\/www.vegaintro-projekti.com\/pilar-stari\/\",\"name\":\"Institut dru&scaron;tvenih znanosti Ivo Pilar\",\"description\":\"Pilar\",\"potentialAction\":[{\"@type\":\"SearchAction\",\"target\":{\"@type\":\"EntryPoint\",\"urlTemplate\":\"https:\/\/www.vegaintro-projekti.com\/pilar-stari\/?s={search_term_string}\"},\"query-input\":\"required name=search_term_string\"}],\"inLanguage\":\"hr\"},{\"@type\":\"Person\",\"@id\":\"https:\/\/www.vegaintro-projekti.com\/pilar-stari\/#\/schema\/person\/c0db50ebd77c4409e19b18044bbf10c1\",\"name\":\"pilar-admin\",\"image\":{\"@type\":\"ImageObject\",\"inLanguage\":\"hr\",\"@id\":\"https:\/\/www.vegaintro-projekti.com\/pilar-stari\/#\/schema\/person\/image\/\",\"url\":\"https:\/\/secure.gravatar.com\/avatar\/fac9e03c4db0011b9c1ad8b5e9c74b8c?s=96&d=mm&r=g\",\"contentUrl\":\"https:\/\/secure.gravatar.com\/avatar\/fac9e03c4db0011b9c1ad8b5e9c74b8c?s=96&d=mm&r=g\",\"caption\":\"pilar-admin\"},\"url\":\"https:\/\/www.vegaintro-projekti.com\/pilar-stari\/author\/pilar-admin\/\"}]}<\/script>\n<!-- \/ Yoast SEO plugin. -->","yoast_head_json":{"title":"Iz tiska: dr. sc. Josip Buru\u0161i\u0107 u povodu po\u010detka \u0161kolske godine - Institut dru&scaron;tvenih znanosti Ivo Pilar","robots":{"index":"noindex","follow":"follow","max-snippet":"max-snippet:-1","max-image-preview":"max-image-preview:large","max-video-preview":"max-video-preview:-1"},"og_locale":"hr_HR","og_type":"article","og_title":"Iz tiska: dr. sc. Josip Buru\u0161i\u0107 u povodu po\u010detka \u0161kolske godine - Institut dru&scaron;tvenih znanosti Ivo Pilar","og_description":"Jutarnji list od 7. rujna 2010. u rubrici Komentari objavio je tekst dr. sc. Josipa Buru\u0161i\u0107a (Centar za istra\u017eivanje znanja, obrazovanja i ljudskog kapitala Instituta Ivo Pilar) u povodu po\u010detka \u0161kolske godine pod naslovom &#8220;Je li \u0161kolovanje u Hrvatskoj najgora stvar koja vam se u \u017eivotu mogla dogoditi?&#8221; &#8211; dr. sc. Josip Buru\u0161i\u0107 (Centar za&hellip; Pro\u010ditaj vi\u0161e o Iz tiska: dr. sc. Josip Buru\u0161i\u0107 u povodu po\u010detka \u0161kolske godine","og_url":"https:\/\/www.vegaintro-projekti.com\/pilar-stari\/2010\/09\/iz-tiska-dr-sc-josip-burui-u-povodu-poetka-kolske-godine\/","og_site_name":"Institut dru&scaron;tvenih znanosti Ivo Pilar","article_published_time":"2010-09-10T14:26:09+00:00","article_modified_time":"2017-12-04T10:25:10+00:00","og_image":[{"url":"https:\/\/www.vegaintro-projekti.com\/pilar-stari\/wp-content\/images\/stories\/fotografije\/razno\/burusic1.jpg"}],"author":"pilar-admin","twitter_card":"summary_large_image","twitter_misc":{"Napisao\/la":"pilar-admin"},"schema":{"@context":"https:\/\/schema.org","@graph":[{"@type":"WebPage","@id":"https:\/\/www.vegaintro-projekti.com\/pilar-stari\/2010\/09\/iz-tiska-dr-sc-josip-burui-u-povodu-poetka-kolske-godine\/","url":"https:\/\/www.vegaintro-projekti.com\/pilar-stari\/2010\/09\/iz-tiska-dr-sc-josip-burui-u-povodu-poetka-kolske-godine\/","name":"Iz tiska: dr. sc. Josip Buru\u0161i\u0107 u povodu po\u010detka \u0161kolske godine - Institut dru&scaron;tvenih znanosti Ivo Pilar","isPartOf":{"@id":"https:\/\/www.vegaintro-projekti.com\/pilar-stari\/#website"},"datePublished":"2010-09-10T14:26:09+00:00","dateModified":"2017-12-04T10:25:10+00:00","author":{"@id":"https:\/\/www.vegaintro-projekti.com\/pilar-stari\/#\/schema\/person\/c0db50ebd77c4409e19b18044bbf10c1"},"breadcrumb":{"@id":"https:\/\/www.vegaintro-projekti.com\/pilar-stari\/2010\/09\/iz-tiska-dr-sc-josip-burui-u-povodu-poetka-kolske-godine\/#breadcrumb"},"inLanguage":"hr","potentialAction":[{"@type":"ReadAction","target":["https:\/\/www.vegaintro-projekti.com\/pilar-stari\/2010\/09\/iz-tiska-dr-sc-josip-burui-u-povodu-poetka-kolske-godine\/"]}]},{"@type":"BreadcrumbList","@id":"https:\/\/www.vegaintro-projekti.com\/pilar-stari\/2010\/09\/iz-tiska-dr-sc-josip-burui-u-povodu-poetka-kolske-godine\/#breadcrumb","itemListElement":[{"@type":"ListItem","position":1,"name":"Home","item":"https:\/\/www.vegaintro-projekti.com\/pilar-stari\/"},{"@type":"ListItem","position":2,"name":"Iz tiska: dr. sc. Josip Buru\u0161i\u0107 u povodu po\u010detka \u0161kolske godine"}]},{"@type":"WebSite","@id":"https:\/\/www.vegaintro-projekti.com\/pilar-stari\/#website","url":"https:\/\/www.vegaintro-projekti.com\/pilar-stari\/","name":"Institut dru&scaron;tvenih znanosti Ivo Pilar","description":"Pilar","potentialAction":[{"@type":"SearchAction","target":{"@type":"EntryPoint","urlTemplate":"https:\/\/www.vegaintro-projekti.com\/pilar-stari\/?s={search_term_string}"},"query-input":"required name=search_term_string"}],"inLanguage":"hr"},{"@type":"Person","@id":"https:\/\/www.vegaintro-projekti.com\/pilar-stari\/#\/schema\/person\/c0db50ebd77c4409e19b18044bbf10c1","name":"pilar-admin","image":{"@type":"ImageObject","inLanguage":"hr","@id":"https:\/\/www.vegaintro-projekti.com\/pilar-stari\/#\/schema\/person\/image\/","url":"https:\/\/secure.gravatar.com\/avatar\/fac9e03c4db0011b9c1ad8b5e9c74b8c?s=96&d=mm&r=g","contentUrl":"https:\/\/secure.gravatar.com\/avatar\/fac9e03c4db0011b9c1ad8b5e9c74b8c?s=96&d=mm&r=g","caption":"pilar-admin"},"url":"https:\/\/www.vegaintro-projekti.com\/pilar-stari\/author\/pilar-admin\/"}]}},"_links":{"self":[{"href":"https:\/\/www.vegaintro-projekti.com\/pilar-stari\/wp-json\/wp\/v2\/posts\/309"}],"collection":[{"href":"https:\/\/www.vegaintro-projekti.com\/pilar-stari\/wp-json\/wp\/v2\/posts"}],"about":[{"href":"https:\/\/www.vegaintro-projekti.com\/pilar-stari\/wp-json\/wp\/v2\/types\/post"}],"author":[{"embeddable":true,"href":"https:\/\/www.vegaintro-projekti.com\/pilar-stari\/wp-json\/wp\/v2\/users\/1"}],"replies":[{"embeddable":true,"href":"https:\/\/www.vegaintro-projekti.com\/pilar-stari\/wp-json\/wp\/v2\/comments?post=309"}],"version-history":[{"count":2,"href":"https:\/\/www.vegaintro-projekti.com\/pilar-stari\/wp-json\/wp\/v2\/posts\/309\/revisions"}],"predecessor-version":[{"id":4898,"href":"https:\/\/www.vegaintro-projekti.com\/pilar-stari\/wp-json\/wp\/v2\/posts\/309\/revisions\/4898"}],"wp:attachment":[{"href":"https:\/\/www.vegaintro-projekti.com\/pilar-stari\/wp-json\/wp\/v2\/media?parent=309"}],"wp:term":[{"taxonomy":"category","embeddable":true,"href":"https:\/\/www.vegaintro-projekti.com\/pilar-stari\/wp-json\/wp\/v2\/categories?post=309"},{"taxonomy":"post_tag","embeddable":true,"href":"https:\/\/www.vegaintro-projekti.com\/pilar-stari\/wp-json\/wp\/v2\/tags?post=309"}],"curies":[{"name":"wp","href":"https:\/\/api.w.org\/{rel}","templated":true}]}}