{"id":31009,"date":"2024-09-17T21:25:50","date_gmt":"2024-09-17T21:25:50","guid":{"rendered":"https:\/\/www.vegaintro-projekti.com\/pilar-stari\/?p=31009"},"modified":"2024-10-01T21:14:30","modified_gmt":"2024-10-01T21:14:30","slug":"radovi-iz-projekta-child-well-na-ensec-konferenciji-social-emotional-learning-for-lifetime-achievement-kreta-5-7-9-2024","status":"publish","type":"post","link":"https:\/\/www.vegaintro-projekti.com\/pilar-stari\/2024\/09\/radovi-iz-projekta-child-well-na-ensec-konferenciji-social-emotional-learning-for-lifetime-achievement-kreta-5-7-9-2024\/","title":{"rendered":"Radovi iz projekta CHILD-WELL na ENSEC konferenciji &#8220;Social emotional learning for lifetime achievement&#8221;; Kreta, 5.-7. 9. 2024."},"content":{"rendered":"<p><strong>U gradu Haniji na otoku Kreti, Gr\u010dka, odr\u017eana je od 5. do 7. rujna 2024. godine 9. ENSEC konferencija pod nazivom &#8220;Social emotional learning for lifetime achievement&#8221;. Na konferenciji su sudjelovale znanstvenica Instituta Pilar i voditeljica projekta CHILD-WELL dr. sc. Andreja Braj\u0161a-\u017dganec te profesorica s U\u010diteljskog fakulteta u Zagrebu i \u010dlanica istra\u017eiva\u010dkog tima projekta CHILD-WELL prof. dr. sc. Renata Miljevi\u0107-Ri\u0111i\u010dki<\/strong><\/p>\n<div class=\"wp-block-image\">\n<p><a href=\"https:\/\/www.vegaintro-projekti.com\/pilar-stari\/wp-content\/uploads\/2024\/09\/IMG_1-2.jpg\"><img decoding=\"async\" loading=\"lazy\" class=\"alignnone wp-image-31002 size-full\" src=\"https:\/\/www.vegaintro-projekti.com\/pilar-stari\/wp-content\/uploads\/2024\/09\/IMG_1s-2.jpg\" alt=\"i1\" width=\"620\" height=\"362\" srcset=\"https:\/\/www.vegaintro-projekti.com\/pilar-stari\/wp-content\/uploads\/2024\/09\/IMG_1s-2.jpg 620w, https:\/\/www.vegaintro-projekti.com\/pilar-stari\/wp-content\/uploads\/2024\/09\/IMG_1s-2-300x175.jpg 300w\" sizes=\"(max-width: 620px) 100vw, 620px\" \/><\/a><a href=\"https:\/\/www.vegaintro-projekti.com\/pilar-stari\/wp-content\/uploads\/2024\/09\/IMG_2-2.jpg\"><img decoding=\"async\" loading=\"lazy\" class=\"alignnone wp-image-31004 size-full\" src=\"https:\/\/www.vegaintro-projekti.com\/pilar-stari\/wp-content\/uploads\/2024\/09\/IMG_2s-1.jpg\" alt=\"i2\" width=\"620\" height=\"317\" srcset=\"https:\/\/www.vegaintro-projekti.com\/pilar-stari\/wp-content\/uploads\/2024\/09\/IMG_2s-1.jpg 620w, https:\/\/www.vegaintro-projekti.com\/pilar-stari\/wp-content\/uploads\/2024\/09\/IMG_2s-1-300x153.jpg 300w\" sizes=\"(max-width: 620px) 100vw, 620px\" \/><\/a><a href=\"https:\/\/www.vegaintro-projekti.com\/pilar-stari\/wp-content\/uploads\/2024\/09\/IMG_3-2.jpg\"><img decoding=\"async\" loading=\"lazy\" class=\"alignnone wp-image-31006 size-full\" src=\"https:\/\/www.vegaintro-projekti.com\/pilar-stari\/wp-content\/uploads\/2024\/09\/IMG_3s-1.jpg\" alt=\"i3\" width=\"620\" height=\"355\" srcset=\"https:\/\/www.vegaintro-projekti.com\/pilar-stari\/wp-content\/uploads\/2024\/09\/IMG_3s-1.jpg 620w, https:\/\/www.vegaintro-projekti.com\/pilar-stari\/wp-content\/uploads\/2024\/09\/IMG_3s-1-300x172.jpg 300w\" sizes=\"(max-width: 620px) 100vw, 620px\" \/><\/a><\/p>\n<\/div>\n<p><strong>Dr. sc. Braj\u0161a-\u017dganec<\/strong> izlagala je rad pod naslovom &#8220;The longitudinal association between parents\u2019 perceived social support and children&#8217;s subjective well-being in early adolescence \u2013 the mediating role of parenting behaviors&#8221;, nastao u suautorstvu s dr. sc. Marijom D\u017eida, dr. sc. Renatom Miljevi\u0107-Ri\u0111i\u010dki, Majom Ku\u0107ar i dr. sc. Ivanom Hanzec Markovi\u0107.<\/p>\n<p><strong>Dr. sc. Miljevi\u0107-Ri\u0111i\u010dki<\/strong> izlagala je rad pod naslovom &#8220;Exploring Parental Dynamics and Concordance in Family Resilience Assessments Over Time&#8221;, nastao u suautorstvu s dr. sc. Andrejom Braj\u0161a-\u017dganec, Majom Ku\u0107ar, dr. sc. Ivanom Hanzec Markovi\u0107 i dr. sc. Marijom D\u017eida.<\/p>\n<p>Oba su rada nastala na temelju longitudinalnih podataka prikupljenih u sklopu projekta CHILD-WELL, to\u010dnije na temelju tri istra\u017eiva\u010dka vala s razmakom od godinu dana.<\/p>\n<p><strong>Konferencija<\/strong> je okupila renomirane stru\u010dnjake u podru\u010dju razvojne psihologije, socijalno-emocionalnog u\u010denja i mentalnog zdravlja. Tijekom tri dana sudionici iz Europe, SAD-a i Australije dijelili su svoja istra\u017eivanja, projekte i iskustva, pru\u017eaju\u0107i priliku za plodnu razmjenu ideja i poticanje novih istra\u017eiva\u010dkih smjerova. Konferencija je bila izvrsna prilika za daljnji razvoj suradnje me\u0111u istra\u017eiva\u010dima te produbljivanje spoznaja o va\u017enosti socijalno-emocionalnih kompetencija tijekom cijelog \u017eivota.<\/p>\n<blockquote><p><a href=\"https:\/\/www.vegaintro-projekti.com\/pilar-stari\/2020\/02\/child-well-dobrobit-djeteta-u-kontekstu-obitelji\/\">Projekt CHILD-WELL<\/a><\/p>\n<p><a href=\"https:\/\/www.vegaintro-projekti.com\/pilar-stari\/2011\/04\/podruni-centar-varadin\/\">Podru\u010dni centar Vara\u017edin<\/a><\/p><\/blockquote>\n","protected":false},"excerpt":{"rendered":"<p>U gradu Haniji na otoku Kreti, Gr\u010dka, odr\u017eana je od 5. do 7. rujna 2024. godine 9. ENSEC konferencija pod nazivom &#8220;Social emotional learning for lifetime achievement&#8221;. Na konferenciji su sudjelovale znanstvenica Instituta Pilar i voditeljica projekta CHILD-WELL dr. sc. Andreja Braj\u0161a-\u017dganec te profesorica s U\u010diteljskog fakulteta u Zagrebu i \u010dlanica istra\u017eiva\u010dkog tima projekta CHILD-WELL&hellip; <a class=\"continue\" href=\"https:\/\/www.vegaintro-projekti.com\/pilar-stari\/2024\/09\/radovi-iz-projekta-child-well-na-ensec-konferenciji-social-emotional-learning-for-lifetime-achievement-kreta-5-7-9-2024\/\">Pro\u010ditaj vi\u0161e o<span> Radovi iz projekta CHILD-WELL na ENSEC konferenciji &#8220;Social emotional learning for lifetime achievement&#8221;; Kreta, 5.-7. 9. 2024.<\/span><\/a><\/p>\n","protected":false},"author":7,"featured_media":31007,"comment_status":"closed","ping_status":"closed","sticky":false,"template":"","format":"standard","meta":{"inline_featured_image":false,"ngg_post_thumbnail":0,"footnotes":""},"categories":[48,29],"tags":[],"yoast_head":"<!-- This site is optimized with the Yoast SEO plugin v21.2 - https:\/\/yoast.com\/wordpress\/plugins\/seo\/ -->\n<title>Radovi iz projekta CHILD-WELL na ENSEC konferenciji &quot;Social emotional learning for lifetime achievement&quot;; Kreta, 5.-7. 9. 2024. - Institut dru&scaron;tvenih znanosti Ivo Pilar<\/title>\n<meta name=\"robots\" content=\"noindex, follow, max-snippet:-1, max-image-preview:large, max-video-preview:-1\" \/>\n<meta property=\"og:locale\" content=\"hr_HR\" \/>\n<meta property=\"og:type\" content=\"article\" \/>\n<meta property=\"og:title\" content=\"Radovi iz projekta CHILD-WELL na ENSEC konferenciji &quot;Social emotional learning for lifetime achievement&quot;; Kreta, 5.-7. 9. 2024. - Institut dru&scaron;tvenih znanosti Ivo Pilar\" \/>\n<meta property=\"og:description\" content=\"U gradu Haniji na otoku Kreti, Gr\u010dka, odr\u017eana je od 5. do 7. rujna 2024. godine 9. ENSEC konferencija pod nazivom &#8220;Social emotional learning for lifetime achievement&#8221;. Na konferenciji su sudjelovale znanstvenica Instituta Pilar i voditeljica projekta CHILD-WELL dr. sc. Andreja Braj\u0161a-\u017dganec te profesorica s U\u010diteljskog fakulteta u Zagrebu i \u010dlanica istra\u017eiva\u010dkog tima projekta CHILD-WELL&hellip; Pro\u010ditaj vi\u0161e o Radovi iz projekta CHILD-WELL na ENSEC konferenciji &#8220;Social emotional learning for lifetime achievement&#8221;; Kreta, 5.-7. 9. 2024.\" \/>\n<meta property=\"og:url\" content=\"https:\/\/www.vegaintro-projekti.com\/pilar-stari\/2024\/09\/radovi-iz-projekta-child-well-na-ensec-konferenciji-social-emotional-learning-for-lifetime-achievement-kreta-5-7-9-2024\/\" \/>\n<meta property=\"og:site_name\" content=\"Institut dru&scaron;tvenih znanosti Ivo Pilar\" \/>\n<meta property=\"article:published_time\" content=\"2024-09-17T21:25:50+00:00\" \/>\n<meta property=\"article:modified_time\" content=\"2024-10-01T21:14:30+00:00\" \/>\n<meta property=\"og:image\" content=\"https:\/\/www.vegaintro-projekti.com\/pilar-stari\/wp-content\/uploads\/2024\/09\/IMG_fi-4.jpg\" \/>\n\t<meta property=\"og:image:width\" content=\"500\" \/>\n\t<meta property=\"og:image:height\" content=\"220\" \/>\n\t<meta property=\"og:image:type\" content=\"image\/jpeg\" \/>\n<meta name=\"author\" content=\"Boris\" \/>\n<meta name=\"twitter:card\" content=\"summary_large_image\" \/>\n<meta name=\"twitter:label1\" content=\"Napisao\/la\" \/>\n\t<meta name=\"twitter:data1\" content=\"Boris\" \/>\n\t<meta name=\"twitter:label2\" content=\"Procijenjeno vrijeme \u010ditanja\" \/>\n\t<meta name=\"twitter:data2\" content=\"2 minute\" \/>\n<script type=\"application\/ld+json\" class=\"yoast-schema-graph\">{\"@context\":\"https:\/\/schema.org\",\"@graph\":[{\"@type\":\"WebPage\",\"@id\":\"https:\/\/www.vegaintro-projekti.com\/pilar-stari\/2024\/09\/radovi-iz-projekta-child-well-na-ensec-konferenciji-social-emotional-learning-for-lifetime-achievement-kreta-5-7-9-2024\/\",\"url\":\"https:\/\/www.vegaintro-projekti.com\/pilar-stari\/2024\/09\/radovi-iz-projekta-child-well-na-ensec-konferenciji-social-emotional-learning-for-lifetime-achievement-kreta-5-7-9-2024\/\",\"name\":\"Radovi iz projekta CHILD-WELL na ENSEC konferenciji \\\"Social emotional learning for lifetime achievement\\\"; Kreta, 5.-7. 9. 2024. - Institut dru&scaron;tvenih znanosti Ivo Pilar\",\"isPartOf\":{\"@id\":\"https:\/\/www.vegaintro-projekti.com\/pilar-stari\/#website\"},\"datePublished\":\"2024-09-17T21:25:50+00:00\",\"dateModified\":\"2024-10-01T21:14:30+00:00\",\"author\":{\"@id\":\"https:\/\/www.vegaintro-projekti.com\/pilar-stari\/#\/schema\/person\/ddd404c9f1e15e4ffef5986ac6a5d28b\"},\"breadcrumb\":{\"@id\":\"https:\/\/www.vegaintro-projekti.com\/pilar-stari\/2024\/09\/radovi-iz-projekta-child-well-na-ensec-konferenciji-social-emotional-learning-for-lifetime-achievement-kreta-5-7-9-2024\/#breadcrumb\"},\"inLanguage\":\"hr\",\"potentialAction\":[{\"@type\":\"ReadAction\",\"target\":[\"https:\/\/www.vegaintro-projekti.com\/pilar-stari\/2024\/09\/radovi-iz-projekta-child-well-na-ensec-konferenciji-social-emotional-learning-for-lifetime-achievement-kreta-5-7-9-2024\/\"]}]},{\"@type\":\"BreadcrumbList\",\"@id\":\"https:\/\/www.vegaintro-projekti.com\/pilar-stari\/2024\/09\/radovi-iz-projekta-child-well-na-ensec-konferenciji-social-emotional-learning-for-lifetime-achievement-kreta-5-7-9-2024\/#breadcrumb\",\"itemListElement\":[{\"@type\":\"ListItem\",\"position\":1,\"name\":\"Home\",\"item\":\"https:\/\/www.vegaintro-projekti.com\/pilar-stari\/\"},{\"@type\":\"ListItem\",\"position\":2,\"name\":\"Radovi iz projekta CHILD-WELL na ENSEC konferenciji &#8220;Social emotional learning for lifetime achievement&#8221;; Kreta, 5.-7. 9. 2024.\"}]},{\"@type\":\"WebSite\",\"@id\":\"https:\/\/www.vegaintro-projekti.com\/pilar-stari\/#website\",\"url\":\"https:\/\/www.vegaintro-projekti.com\/pilar-stari\/\",\"name\":\"Institut dru&scaron;tvenih znanosti Ivo Pilar\",\"description\":\"Pilar\",\"potentialAction\":[{\"@type\":\"SearchAction\",\"target\":{\"@type\":\"EntryPoint\",\"urlTemplate\":\"https:\/\/www.vegaintro-projekti.com\/pilar-stari\/?s={search_term_string}\"},\"query-input\":\"required name=search_term_string\"}],\"inLanguage\":\"hr\"},{\"@type\":\"Person\",\"@id\":\"https:\/\/www.vegaintro-projekti.com\/pilar-stari\/#\/schema\/person\/ddd404c9f1e15e4ffef5986ac6a5d28b\",\"name\":\"Boris\",\"image\":{\"@type\":\"ImageObject\",\"inLanguage\":\"hr\",\"@id\":\"https:\/\/www.vegaintro-projekti.com\/pilar-stari\/#\/schema\/person\/image\/\",\"url\":\"https:\/\/secure.gravatar.com\/avatar\/29557b161a6ce6ab86ac1503164f1e90?s=96&d=mm&r=g\",\"contentUrl\":\"https:\/\/secure.gravatar.com\/avatar\/29557b161a6ce6ab86ac1503164f1e90?s=96&d=mm&r=g\",\"caption\":\"Boris\"},\"url\":\"https:\/\/www.vegaintro-projekti.com\/pilar-stari\/author\/boris\/\"}]}<\/script>\n<!-- \/ Yoast SEO plugin. -->","yoast_head_json":{"title":"Radovi iz projekta CHILD-WELL na ENSEC konferenciji \"Social emotional learning for lifetime achievement\"; Kreta, 5.-7. 9. 2024. - Institut dru&scaron;tvenih znanosti Ivo Pilar","robots":{"index":"noindex","follow":"follow","max-snippet":"max-snippet:-1","max-image-preview":"max-image-preview:large","max-video-preview":"max-video-preview:-1"},"og_locale":"hr_HR","og_type":"article","og_title":"Radovi iz projekta CHILD-WELL na ENSEC konferenciji \"Social emotional learning for lifetime achievement\"; Kreta, 5.-7. 9. 2024. - Institut dru&scaron;tvenih znanosti Ivo Pilar","og_description":"U gradu Haniji na otoku Kreti, Gr\u010dka, odr\u017eana je od 5. do 7. rujna 2024. godine 9. ENSEC konferencija pod nazivom &#8220;Social emotional learning for lifetime achievement&#8221;. Na konferenciji su sudjelovale znanstvenica Instituta Pilar i voditeljica projekta CHILD-WELL dr. sc. Andreja Braj\u0161a-\u017dganec te profesorica s U\u010diteljskog fakulteta u Zagrebu i \u010dlanica istra\u017eiva\u010dkog tima projekta CHILD-WELL&hellip; Pro\u010ditaj vi\u0161e o Radovi iz projekta CHILD-WELL na ENSEC konferenciji &#8220;Social emotional learning for lifetime achievement&#8221;; Kreta, 5.-7. 9. 2024.","og_url":"https:\/\/www.vegaintro-projekti.com\/pilar-stari\/2024\/09\/radovi-iz-projekta-child-well-na-ensec-konferenciji-social-emotional-learning-for-lifetime-achievement-kreta-5-7-9-2024\/","og_site_name":"Institut dru&scaron;tvenih znanosti Ivo Pilar","article_published_time":"2024-09-17T21:25:50+00:00","article_modified_time":"2024-10-01T21:14:30+00:00","og_image":[{"width":500,"height":220,"url":"https:\/\/www.vegaintro-projekti.com\/pilar-stari\/wp-content\/uploads\/2024\/09\/IMG_fi-4.jpg","type":"image\/jpeg"}],"author":"Boris","twitter_card":"summary_large_image","twitter_misc":{"Napisao\/la":"Boris","Procijenjeno vrijeme \u010ditanja":"2 minute"},"schema":{"@context":"https:\/\/schema.org","@graph":[{"@type":"WebPage","@id":"https:\/\/www.vegaintro-projekti.com\/pilar-stari\/2024\/09\/radovi-iz-projekta-child-well-na-ensec-konferenciji-social-emotional-learning-for-lifetime-achievement-kreta-5-7-9-2024\/","url":"https:\/\/www.vegaintro-projekti.com\/pilar-stari\/2024\/09\/radovi-iz-projekta-child-well-na-ensec-konferenciji-social-emotional-learning-for-lifetime-achievement-kreta-5-7-9-2024\/","name":"Radovi iz projekta CHILD-WELL na ENSEC konferenciji \"Social emotional learning for lifetime achievement\"; Kreta, 5.-7. 9. 2024. - Institut dru&scaron;tvenih znanosti Ivo Pilar","isPartOf":{"@id":"https:\/\/www.vegaintro-projekti.com\/pilar-stari\/#website"},"datePublished":"2024-09-17T21:25:50+00:00","dateModified":"2024-10-01T21:14:30+00:00","author":{"@id":"https:\/\/www.vegaintro-projekti.com\/pilar-stari\/#\/schema\/person\/ddd404c9f1e15e4ffef5986ac6a5d28b"},"breadcrumb":{"@id":"https:\/\/www.vegaintro-projekti.com\/pilar-stari\/2024\/09\/radovi-iz-projekta-child-well-na-ensec-konferenciji-social-emotional-learning-for-lifetime-achievement-kreta-5-7-9-2024\/#breadcrumb"},"inLanguage":"hr","potentialAction":[{"@type":"ReadAction","target":["https:\/\/www.vegaintro-projekti.com\/pilar-stari\/2024\/09\/radovi-iz-projekta-child-well-na-ensec-konferenciji-social-emotional-learning-for-lifetime-achievement-kreta-5-7-9-2024\/"]}]},{"@type":"BreadcrumbList","@id":"https:\/\/www.vegaintro-projekti.com\/pilar-stari\/2024\/09\/radovi-iz-projekta-child-well-na-ensec-konferenciji-social-emotional-learning-for-lifetime-achievement-kreta-5-7-9-2024\/#breadcrumb","itemListElement":[{"@type":"ListItem","position":1,"name":"Home","item":"https:\/\/www.vegaintro-projekti.com\/pilar-stari\/"},{"@type":"ListItem","position":2,"name":"Radovi iz projekta CHILD-WELL na ENSEC konferenciji &#8220;Social emotional learning for lifetime achievement&#8221;; Kreta, 5.-7. 9. 2024."}]},{"@type":"WebSite","@id":"https:\/\/www.vegaintro-projekti.com\/pilar-stari\/#website","url":"https:\/\/www.vegaintro-projekti.com\/pilar-stari\/","name":"Institut dru&scaron;tvenih znanosti Ivo Pilar","description":"Pilar","potentialAction":[{"@type":"SearchAction","target":{"@type":"EntryPoint","urlTemplate":"https:\/\/www.vegaintro-projekti.com\/pilar-stari\/?s={search_term_string}"},"query-input":"required name=search_term_string"}],"inLanguage":"hr"},{"@type":"Person","@id":"https:\/\/www.vegaintro-projekti.com\/pilar-stari\/#\/schema\/person\/ddd404c9f1e15e4ffef5986ac6a5d28b","name":"Boris","image":{"@type":"ImageObject","inLanguage":"hr","@id":"https:\/\/www.vegaintro-projekti.com\/pilar-stari\/#\/schema\/person\/image\/","url":"https:\/\/secure.gravatar.com\/avatar\/29557b161a6ce6ab86ac1503164f1e90?s=96&d=mm&r=g","contentUrl":"https:\/\/secure.gravatar.com\/avatar\/29557b161a6ce6ab86ac1503164f1e90?s=96&d=mm&r=g","caption":"Boris"},"url":"https:\/\/www.vegaintro-projekti.com\/pilar-stari\/author\/boris\/"}]}},"_links":{"self":[{"href":"https:\/\/www.vegaintro-projekti.com\/pilar-stari\/wp-json\/wp\/v2\/posts\/31009"}],"collection":[{"href":"https:\/\/www.vegaintro-projekti.com\/pilar-stari\/wp-json\/wp\/v2\/posts"}],"about":[{"href":"https:\/\/www.vegaintro-projekti.com\/pilar-stari\/wp-json\/wp\/v2\/types\/post"}],"author":[{"embeddable":true,"href":"https:\/\/www.vegaintro-projekti.com\/pilar-stari\/wp-json\/wp\/v2\/users\/7"}],"replies":[{"embeddable":true,"href":"https:\/\/www.vegaintro-projekti.com\/pilar-stari\/wp-json\/wp\/v2\/comments?post=31009"}],"version-history":[{"count":5,"href":"https:\/\/www.vegaintro-projekti.com\/pilar-stari\/wp-json\/wp\/v2\/posts\/31009\/revisions"}],"predecessor-version":[{"id":31016,"href":"https:\/\/www.vegaintro-projekti.com\/pilar-stari\/wp-json\/wp\/v2\/posts\/31009\/revisions\/31016"}],"wp:featuredmedia":[{"embeddable":true,"href":"https:\/\/www.vegaintro-projekti.com\/pilar-stari\/wp-json\/wp\/v2\/media\/31007"}],"wp:attachment":[{"href":"https:\/\/www.vegaintro-projekti.com\/pilar-stari\/wp-json\/wp\/v2\/media?parent=31009"}],"wp:term":[{"taxonomy":"category","embeddable":true,"href":"https:\/\/www.vegaintro-projekti.com\/pilar-stari\/wp-json\/wp\/v2\/categories?post=31009"},{"taxonomy":"post_tag","embeddable":true,"href":"https:\/\/www.vegaintro-projekti.com\/pilar-stari\/wp-json\/wp\/v2\/tags?post=31009"}],"curies":[{"name":"wp","href":"https:\/\/api.w.org\/{rel}","templated":true}]}}