{"id":31045,"date":"2024-09-22T11:40:33","date_gmt":"2024-09-22T11:40:33","guid":{"rendered":"https:\/\/www.vegaintro-projekti.com\/pilar-stari\/?p=31045"},"modified":"2024-10-01T21:58:12","modified_gmt":"2024-10-01T21:58:12","slug":"istrazivaci-projekta-types-na-mediterranean-islands-conference-vis-1-21-9-2024","status":"publish","type":"post","link":"https:\/\/www.vegaintro-projekti.com\/pilar-stari\/2024\/09\/istrazivaci-projekta-types-na-mediterranean-islands-conference-vis-1-21-9-2024\/","title":{"rendered":"Istra\u017eiva\u010di projekta TYPeS na Mediterranean Islands Conference; Vis, 18.-21. 9. 2024."},"content":{"rendered":"<p><strong>Na petoj me\u0111unarodnoj konferenciji Mediterranean Islands Conference \u2013 Vis 2024. istra\u017eiva\u010di NextGenerationEU projekta TYPeS sudjelovali su s osam izlaganja u sklopu sesije Youth and social participation on the Adriatic islands te Sustainable Development. Usto, odr\u017ean je radni sastanak na kojem je sudjelovala i suradnica projekta sa Sveu\u010dili\u0161ta u Manchesteru Hilary Pilkington<\/strong><\/p>\n<p><a href=\"https:\/\/www.vegaintro-projekti.com\/pilar-stari\/wp-content\/uploads\/2024\/09\/TYPeS.jpg\"><img decoding=\"async\" loading=\"lazy\" class=\"alignnone wp-image-31044 size-full\" src=\"https:\/\/www.vegaintro-projekti.com\/pilar-stari\/wp-content\/uploads\/2024\/09\/TYPeS_s.jpg\" alt=\"i1\" width=\"620\" height=\"292\" srcset=\"https:\/\/www.vegaintro-projekti.com\/pilar-stari\/wp-content\/uploads\/2024\/09\/TYPeS_s.jpg 620w, https:\/\/www.vegaintro-projekti.com\/pilar-stari\/wp-content\/uploads\/2024\/09\/TYPeS_s-300x141.jpg 300w\" sizes=\"(max-width: 620px) 100vw, 620px\" \/><\/a><\/p>\n<p>&#8211; <a href=\"https:\/\/www.mic-vis.eu\/\">MIC &#8211; Vis, 2024<\/a><\/p>\n<p><strong>U sklopu sesije <\/strong><em>Youth and social participation on the Adriatic islands<\/em> redoslijedom su sljede\u0107i autori predstavili ishode svojih dosada\u0161njih istra\u017eivanja: Ivan Hrsti\u0107 (Translocality and Emigration from the Croatian Islands), Marko Mustapi\u0107 (Youth on the Adriatic Islands in the Current Empirical Social Sciences Literature), Vicko Mareli\u0107 i Marko Mustapi\u0107 (Cultural Participation and Youth on the Islands: Case Study of the Marco Polo Centre in Kor\u010dula), Dra\u017een \u0160imle\u0161a (Youth and Green Activism on the Islands), Ra\u0161eljka Krni\u0107 i Marija Anti\u0107 (Zr\u0107e Between Moral Panic and a Successful Tourist Product: An Analysis of Media Narratives in the Context of Club Culture on the Island of Pag), Dino Vuku\u0161i\u0107, Andrej Ivan Nuredinovi\u0107 i Marija Anti\u0107 (&#8220;I love you baby&#8230; but I love the carnival even more&#8221; &#8211; Youth and Carnival in the City of Pag), Vanja Dergi\u0107, Augustin Derado i Nikola \u0160venda (Should we stay or should we go? Families With Young Children and Life on Croatian Islands).<\/p>\n<p><strong>U sklopu sesije <\/strong><em>Sustainable Development<\/em> Augustin Derado, Kristina Dobra i Vanja Dergi\u0107 prezentirali su rad pod naslovom Island as a Little &#8220;Green Hub&#8221;: Sustainable Development Actors on the Island of Zlarin.<\/p>\n<p><strong>Tijekom boravka<\/strong> \u010dlanova projektnog tima TYPeS na Vis, odr\u017ean je i radni sastanak na kojem je sudjelovala suradnica projekta sa Sveu\u010dili\u0161ta u Manchesteru Hilary Pilkington. Na sastanku su evaluirane do sada obavljene zada\u0107e te raspravljene one koje prema radnom planu projekta treba obaviti do kraja godine.<\/p>\n<blockquote><p><a href=\"https:\/\/www.vegaintro-projekti.com\/pilar-stari\/2024\/01\/projekt-types-of-youth-participation-in-croatian-society-types\/\">Projekt TYPeS<\/a><\/p><\/blockquote>\n","protected":false},"excerpt":{"rendered":"<p>Na petoj me\u0111unarodnoj konferenciji Mediterranean Islands Conference \u2013 Vis 2024. istra\u017eiva\u010di NextGenerationEU projekta TYPeS sudjelovali su s osam izlaganja u sklopu sesije Youth and social participation on the Adriatic islands te Sustainable Development. Usto, odr\u017ean je radni sastanak na kojem je sudjelovala i suradnica projekta sa Sveu\u010dili\u0161ta u Manchesteru Hilary Pilkington &#8211; MIC &#8211; Vis,&hellip; <a class=\"continue\" href=\"https:\/\/www.vegaintro-projekti.com\/pilar-stari\/2024\/09\/istrazivaci-projekta-types-na-mediterranean-islands-conference-vis-1-21-9-2024\/\">Pro\u010ditaj vi\u0161e o<span> Istra\u017eiva\u010di projekta TYPeS na Mediterranean Islands Conference; Vis, 18.-21. 9. 2024.<\/span><\/a><\/p>\n","protected":false},"author":7,"featured_media":31043,"comment_status":"closed","ping_status":"closed","sticky":false,"template":"","format":"standard","meta":{"inline_featured_image":false,"ngg_post_thumbnail":0,"footnotes":""},"categories":[48,11],"tags":[],"yoast_head":"<!-- This site is optimized with the Yoast SEO plugin v21.2 - https:\/\/yoast.com\/wordpress\/plugins\/seo\/ -->\n<title>Istra\u017eiva\u010di projekta TYPeS na Mediterranean Islands Conference; Vis, 18.-21. 9. 2024. - Institut dru&scaron;tvenih znanosti Ivo Pilar<\/title>\n<meta name=\"robots\" content=\"noindex, follow, max-snippet:-1, max-image-preview:large, max-video-preview:-1\" \/>\n<meta property=\"og:locale\" content=\"hr_HR\" \/>\n<meta property=\"og:type\" content=\"article\" \/>\n<meta property=\"og:title\" content=\"Istra\u017eiva\u010di projekta TYPeS na Mediterranean Islands Conference; Vis, 18.-21. 9. 2024. - Institut dru&scaron;tvenih znanosti Ivo Pilar\" \/>\n<meta property=\"og:description\" content=\"Na petoj me\u0111unarodnoj konferenciji Mediterranean Islands Conference \u2013 Vis 2024. istra\u017eiva\u010di NextGenerationEU projekta TYPeS sudjelovali su s osam izlaganja u sklopu sesije Youth and social participation on the Adriatic islands te Sustainable Development. Usto, odr\u017ean je radni sastanak na kojem je sudjelovala i suradnica projekta sa Sveu\u010dili\u0161ta u Manchesteru Hilary Pilkington &#8211; MIC &#8211; Vis,&hellip; Pro\u010ditaj vi\u0161e o Istra\u017eiva\u010di projekta TYPeS na Mediterranean Islands Conference; Vis, 18.-21. 9. 2024.\" \/>\n<meta property=\"og:url\" content=\"https:\/\/www.vegaintro-projekti.com\/pilar-stari\/2024\/09\/istrazivaci-projekta-types-na-mediterranean-islands-conference-vis-1-21-9-2024\/\" \/>\n<meta property=\"og:site_name\" content=\"Institut dru&scaron;tvenih znanosti Ivo Pilar\" \/>\n<meta property=\"article:published_time\" content=\"2024-09-22T11:40:33+00:00\" \/>\n<meta property=\"article:modified_time\" content=\"2024-10-01T21:58:12+00:00\" \/>\n<meta property=\"og:image\" content=\"https:\/\/www.vegaintro-projekti.com\/pilar-stari\/wp-content\/uploads\/2024\/09\/TYPeS_fi.jpg\" \/>\n\t<meta property=\"og:image:width\" content=\"497\" \/>\n\t<meta property=\"og:image:height\" content=\"220\" \/>\n\t<meta property=\"og:image:type\" content=\"image\/jpeg\" \/>\n<meta name=\"author\" content=\"Boris\" \/>\n<meta name=\"twitter:card\" content=\"summary_large_image\" \/>\n<meta name=\"twitter:label1\" content=\"Napisao\/la\" \/>\n\t<meta name=\"twitter:data1\" content=\"Boris\" \/>\n\t<meta name=\"twitter:label2\" content=\"Procijenjeno vrijeme \u010ditanja\" \/>\n\t<meta name=\"twitter:data2\" content=\"2 minute\" \/>\n<script type=\"application\/ld+json\" class=\"yoast-schema-graph\">{\"@context\":\"https:\/\/schema.org\",\"@graph\":[{\"@type\":\"WebPage\",\"@id\":\"https:\/\/www.vegaintro-projekti.com\/pilar-stari\/2024\/09\/istrazivaci-projekta-types-na-mediterranean-islands-conference-vis-1-21-9-2024\/\",\"url\":\"https:\/\/www.vegaintro-projekti.com\/pilar-stari\/2024\/09\/istrazivaci-projekta-types-na-mediterranean-islands-conference-vis-1-21-9-2024\/\",\"name\":\"Istra\u017eiva\u010di projekta TYPeS na Mediterranean Islands Conference; Vis, 18.-21. 9. 2024. - Institut dru&scaron;tvenih znanosti Ivo Pilar\",\"isPartOf\":{\"@id\":\"https:\/\/www.vegaintro-projekti.com\/pilar-stari\/#website\"},\"datePublished\":\"2024-09-22T11:40:33+00:00\",\"dateModified\":\"2024-10-01T21:58:12+00:00\",\"author\":{\"@id\":\"https:\/\/www.vegaintro-projekti.com\/pilar-stari\/#\/schema\/person\/ddd404c9f1e15e4ffef5986ac6a5d28b\"},\"breadcrumb\":{\"@id\":\"https:\/\/www.vegaintro-projekti.com\/pilar-stari\/2024\/09\/istrazivaci-projekta-types-na-mediterranean-islands-conference-vis-1-21-9-2024\/#breadcrumb\"},\"inLanguage\":\"hr\",\"potentialAction\":[{\"@type\":\"ReadAction\",\"target\":[\"https:\/\/www.vegaintro-projekti.com\/pilar-stari\/2024\/09\/istrazivaci-projekta-types-na-mediterranean-islands-conference-vis-1-21-9-2024\/\"]}]},{\"@type\":\"BreadcrumbList\",\"@id\":\"https:\/\/www.vegaintro-projekti.com\/pilar-stari\/2024\/09\/istrazivaci-projekta-types-na-mediterranean-islands-conference-vis-1-21-9-2024\/#breadcrumb\",\"itemListElement\":[{\"@type\":\"ListItem\",\"position\":1,\"name\":\"Home\",\"item\":\"https:\/\/www.vegaintro-projekti.com\/pilar-stari\/\"},{\"@type\":\"ListItem\",\"position\":2,\"name\":\"Istra\u017eiva\u010di projekta TYPeS na Mediterranean Islands Conference; Vis, 18.-21. 9. 2024.\"}]},{\"@type\":\"WebSite\",\"@id\":\"https:\/\/www.vegaintro-projekti.com\/pilar-stari\/#website\",\"url\":\"https:\/\/www.vegaintro-projekti.com\/pilar-stari\/\",\"name\":\"Institut dru&scaron;tvenih znanosti Ivo Pilar\",\"description\":\"Pilar\",\"potentialAction\":[{\"@type\":\"SearchAction\",\"target\":{\"@type\":\"EntryPoint\",\"urlTemplate\":\"https:\/\/www.vegaintro-projekti.com\/pilar-stari\/?s={search_term_string}\"},\"query-input\":\"required name=search_term_string\"}],\"inLanguage\":\"hr\"},{\"@type\":\"Person\",\"@id\":\"https:\/\/www.vegaintro-projekti.com\/pilar-stari\/#\/schema\/person\/ddd404c9f1e15e4ffef5986ac6a5d28b\",\"name\":\"Boris\",\"image\":{\"@type\":\"ImageObject\",\"inLanguage\":\"hr\",\"@id\":\"https:\/\/www.vegaintro-projekti.com\/pilar-stari\/#\/schema\/person\/image\/\",\"url\":\"https:\/\/secure.gravatar.com\/avatar\/29557b161a6ce6ab86ac1503164f1e90?s=96&d=mm&r=g\",\"contentUrl\":\"https:\/\/secure.gravatar.com\/avatar\/29557b161a6ce6ab86ac1503164f1e90?s=96&d=mm&r=g\",\"caption\":\"Boris\"},\"url\":\"https:\/\/www.vegaintro-projekti.com\/pilar-stari\/author\/boris\/\"}]}<\/script>\n<!-- \/ Yoast SEO plugin. -->","yoast_head_json":{"title":"Istra\u017eiva\u010di projekta TYPeS na Mediterranean Islands Conference; Vis, 18.-21. 9. 2024. - Institut dru&scaron;tvenih znanosti Ivo Pilar","robots":{"index":"noindex","follow":"follow","max-snippet":"max-snippet:-1","max-image-preview":"max-image-preview:large","max-video-preview":"max-video-preview:-1"},"og_locale":"hr_HR","og_type":"article","og_title":"Istra\u017eiva\u010di projekta TYPeS na Mediterranean Islands Conference; Vis, 18.-21. 9. 2024. - Institut dru&scaron;tvenih znanosti Ivo Pilar","og_description":"Na petoj me\u0111unarodnoj konferenciji Mediterranean Islands Conference \u2013 Vis 2024. istra\u017eiva\u010di NextGenerationEU projekta TYPeS sudjelovali su s osam izlaganja u sklopu sesije Youth and social participation on the Adriatic islands te Sustainable Development. Usto, odr\u017ean je radni sastanak na kojem je sudjelovala i suradnica projekta sa Sveu\u010dili\u0161ta u Manchesteru Hilary Pilkington &#8211; MIC &#8211; Vis,&hellip; Pro\u010ditaj vi\u0161e o Istra\u017eiva\u010di projekta TYPeS na Mediterranean Islands Conference; Vis, 18.-21. 9. 2024.","og_url":"https:\/\/www.vegaintro-projekti.com\/pilar-stari\/2024\/09\/istrazivaci-projekta-types-na-mediterranean-islands-conference-vis-1-21-9-2024\/","og_site_name":"Institut dru&scaron;tvenih znanosti Ivo Pilar","article_published_time":"2024-09-22T11:40:33+00:00","article_modified_time":"2024-10-01T21:58:12+00:00","og_image":[{"width":497,"height":220,"url":"https:\/\/www.vegaintro-projekti.com\/pilar-stari\/wp-content\/uploads\/2024\/09\/TYPeS_fi.jpg","type":"image\/jpeg"}],"author":"Boris","twitter_card":"summary_large_image","twitter_misc":{"Napisao\/la":"Boris","Procijenjeno vrijeme \u010ditanja":"2 minute"},"schema":{"@context":"https:\/\/schema.org","@graph":[{"@type":"WebPage","@id":"https:\/\/www.vegaintro-projekti.com\/pilar-stari\/2024\/09\/istrazivaci-projekta-types-na-mediterranean-islands-conference-vis-1-21-9-2024\/","url":"https:\/\/www.vegaintro-projekti.com\/pilar-stari\/2024\/09\/istrazivaci-projekta-types-na-mediterranean-islands-conference-vis-1-21-9-2024\/","name":"Istra\u017eiva\u010di projekta TYPeS na Mediterranean Islands Conference; Vis, 18.-21. 9. 2024. - Institut dru&scaron;tvenih znanosti Ivo Pilar","isPartOf":{"@id":"https:\/\/www.vegaintro-projekti.com\/pilar-stari\/#website"},"datePublished":"2024-09-22T11:40:33+00:00","dateModified":"2024-10-01T21:58:12+00:00","author":{"@id":"https:\/\/www.vegaintro-projekti.com\/pilar-stari\/#\/schema\/person\/ddd404c9f1e15e4ffef5986ac6a5d28b"},"breadcrumb":{"@id":"https:\/\/www.vegaintro-projekti.com\/pilar-stari\/2024\/09\/istrazivaci-projekta-types-na-mediterranean-islands-conference-vis-1-21-9-2024\/#breadcrumb"},"inLanguage":"hr","potentialAction":[{"@type":"ReadAction","target":["https:\/\/www.vegaintro-projekti.com\/pilar-stari\/2024\/09\/istrazivaci-projekta-types-na-mediterranean-islands-conference-vis-1-21-9-2024\/"]}]},{"@type":"BreadcrumbList","@id":"https:\/\/www.vegaintro-projekti.com\/pilar-stari\/2024\/09\/istrazivaci-projekta-types-na-mediterranean-islands-conference-vis-1-21-9-2024\/#breadcrumb","itemListElement":[{"@type":"ListItem","position":1,"name":"Home","item":"https:\/\/www.vegaintro-projekti.com\/pilar-stari\/"},{"@type":"ListItem","position":2,"name":"Istra\u017eiva\u010di projekta TYPeS na Mediterranean Islands Conference; Vis, 18.-21. 9. 2024."}]},{"@type":"WebSite","@id":"https:\/\/www.vegaintro-projekti.com\/pilar-stari\/#website","url":"https:\/\/www.vegaintro-projekti.com\/pilar-stari\/","name":"Institut dru&scaron;tvenih znanosti Ivo Pilar","description":"Pilar","potentialAction":[{"@type":"SearchAction","target":{"@type":"EntryPoint","urlTemplate":"https:\/\/www.vegaintro-projekti.com\/pilar-stari\/?s={search_term_string}"},"query-input":"required name=search_term_string"}],"inLanguage":"hr"},{"@type":"Person","@id":"https:\/\/www.vegaintro-projekti.com\/pilar-stari\/#\/schema\/person\/ddd404c9f1e15e4ffef5986ac6a5d28b","name":"Boris","image":{"@type":"ImageObject","inLanguage":"hr","@id":"https:\/\/www.vegaintro-projekti.com\/pilar-stari\/#\/schema\/person\/image\/","url":"https:\/\/secure.gravatar.com\/avatar\/29557b161a6ce6ab86ac1503164f1e90?s=96&d=mm&r=g","contentUrl":"https:\/\/secure.gravatar.com\/avatar\/29557b161a6ce6ab86ac1503164f1e90?s=96&d=mm&r=g","caption":"Boris"},"url":"https:\/\/www.vegaintro-projekti.com\/pilar-stari\/author\/boris\/"}]}},"_links":{"self":[{"href":"https:\/\/www.vegaintro-projekti.com\/pilar-stari\/wp-json\/wp\/v2\/posts\/31045"}],"collection":[{"href":"https:\/\/www.vegaintro-projekti.com\/pilar-stari\/wp-json\/wp\/v2\/posts"}],"about":[{"href":"https:\/\/www.vegaintro-projekti.com\/pilar-stari\/wp-json\/wp\/v2\/types\/post"}],"author":[{"embeddable":true,"href":"https:\/\/www.vegaintro-projekti.com\/pilar-stari\/wp-json\/wp\/v2\/users\/7"}],"replies":[{"embeddable":true,"href":"https:\/\/www.vegaintro-projekti.com\/pilar-stari\/wp-json\/wp\/v2\/comments?post=31045"}],"version-history":[{"count":8,"href":"https:\/\/www.vegaintro-projekti.com\/pilar-stari\/wp-json\/wp\/v2\/posts\/31045\/revisions"}],"predecessor-version":[{"id":31054,"href":"https:\/\/www.vegaintro-projekti.com\/pilar-stari\/wp-json\/wp\/v2\/posts\/31045\/revisions\/31054"}],"wp:featuredmedia":[{"embeddable":true,"href":"https:\/\/www.vegaintro-projekti.com\/pilar-stari\/wp-json\/wp\/v2\/media\/31043"}],"wp:attachment":[{"href":"https:\/\/www.vegaintro-projekti.com\/pilar-stari\/wp-json\/wp\/v2\/media?parent=31045"}],"wp:term":[{"taxonomy":"category","embeddable":true,"href":"https:\/\/www.vegaintro-projekti.com\/pilar-stari\/wp-json\/wp\/v2\/categories?post=31045"},{"taxonomy":"post_tag","embeddable":true,"href":"https:\/\/www.vegaintro-projekti.com\/pilar-stari\/wp-json\/wp\/v2\/tags?post=31045"}],"curies":[{"name":"wp","href":"https:\/\/api.w.org\/{rel}","templated":true}]}}