{"id":31170,"date":"2024-10-04T20:10:11","date_gmt":"2024-10-04T20:10:11","guid":{"rendered":"https:\/\/www.vegaintro-projekti.com\/pilar-stari\/?p=31170"},"modified":"2024-10-04T20:13:18","modified_gmt":"2024-10-04T20:13:18","slug":"clanovi-projektnog-tima-workmobil-na-mediterranean-islands-conference-vis-18-21-9-2024","status":"publish","type":"post","link":"https:\/\/www.vegaintro-projekti.com\/pilar-stari\/2024\/10\/clanovi-projektnog-tima-workmobil-na-mediterranean-islands-conference-vis-18-21-9-2024\/","title":{"rendered":"\u010clanovi projektnog tima WorkMobil na Mediterranean Islands Conference; Vis, 18-21. 9. 2024."},"content":{"rendered":"<p><strong>Na Mediterranean Islands Conference (MIC), odr\u017eanoj na Visu od 18. do 21. rujna 2024. godine, prezentirani su radovi u sklopu projekta WorkMobil. Na konferenciji su sudjelovali \u010dlanovi projektnog tima i voditeljica projekta WorkMobil, dr. sc. Iva \u0160verko<\/strong><\/p>\n<p><a href=\"https:\/\/www.vegaintro-projekti.com\/pilar-stari\/wp-content\/uploads\/2024\/10\/MIC_VIS.jpeg\"><img decoding=\"async\" loading=\"lazy\" class=\"alignnone wp-image-31169 size-full\" src=\"https:\/\/www.vegaintro-projekti.com\/pilar-stari\/wp-content\/uploads\/2024\/10\/MIC_VIS_s.jpg\" alt=\"i1\" width=\"620\" height=\"376\" srcset=\"https:\/\/www.vegaintro-projekti.com\/pilar-stari\/wp-content\/uploads\/2024\/10\/MIC_VIS_s.jpg 620w, https:\/\/www.vegaintro-projekti.com\/pilar-stari\/wp-content\/uploads\/2024\/10\/MIC_VIS_s-300x182.jpg 300w\" sizes=\"(max-width: 620px) 100vw, 620px\" \/><\/a><\/p>\n<p><strong>Izlo\u017eena su dva rada:<\/strong> \u201eOverview of the Legislative Framework for Intra-European Youth Labor Migrations\u201c \u2013 autori Mate \u0160krabalo, Toni Babarovi\u0107 i Iva \u0160verko te \u201eHow Migration Patterns in Croatian Regions Reflect in Attitudes Toward Immigration\u201c \u2013 autori Mirta Bla\u017eev, Filip Majeti\u0107 i Mara \u0160imunovi\u0107.<\/p>\n<p>Projekt WorkMobil: Unutareuropske radne migracije mladih u kontekstu suvremenih teorija karijere nastoji istra\u017eiti dinamiku unutareuropskih radnih migracija, kao i odre\u0111ene prediktore i ishode tog tipa migracija kod mladih. Projekt je financiran sredstvima Europske unije \u2013 NextGenerationEU.<\/p>\n<p><strong>Vi\u0161e o projektu<\/strong> na dru\u0161tvenim mre\u017eama:<\/p>\n<p>&#8211; Facebook: <a href=\"https:\/\/www.facebook.com\/profile.php?id=61556325914206\">https:\/\/www.facebook.com\/profile.php?id=61556325914206<\/a><br \/>\n&#8211; Linkedin: <a href=\"https:\/\/www.linkedin.com\/company\/workmobil\/\">https:\/\/www.linkedin.com\/company\/workmobil\/<\/a><\/p>\n<blockquote><p><a href=\"https:\/\/www.vegaintro-projekti.com\/pilar-stari\/2024\/05\/projekt-workmobil-uskladenunutareuropske-radne-migracije-mladih-u-kontekstu-suvremenih-teorija-karijere\/\">Projekt WorkMobil<\/a><\/p><\/blockquote>\n","protected":false},"excerpt":{"rendered":"<p>Na Mediterranean Islands Conference (MIC), odr\u017eanoj na Visu od 18. do 21. rujna 2024. godine, prezentirani su radovi u sklopu projekta WorkMobil. Na konferenciji su sudjelovali \u010dlanovi projektnog tima i voditeljica projekta WorkMobil, dr. sc. Iva \u0160verko Izlo\u017eena su dva rada: \u201eOverview of the Legislative Framework for Intra-European Youth Labor Migrations\u201c \u2013 autori Mate \u0160krabalo,&hellip; <a class=\"continue\" href=\"https:\/\/www.vegaintro-projekti.com\/pilar-stari\/2024\/10\/clanovi-projektnog-tima-workmobil-na-mediterranean-islands-conference-vis-18-21-9-2024\/\">Pro\u010ditaj vi\u0161e o<span> \u010clanovi projektnog tima WorkMobil na Mediterranean Islands Conference; Vis, 18-21. 9. 2024.<\/span><\/a><\/p>\n","protected":false},"author":7,"featured_media":31168,"comment_status":"closed","ping_status":"closed","sticky":false,"template":"","format":"standard","meta":{"inline_featured_image":false,"ngg_post_thumbnail":0,"footnotes":""},"categories":[48,11],"tags":[],"yoast_head":"<!-- This site is optimized with the Yoast SEO plugin v21.2 - https:\/\/yoast.com\/wordpress\/plugins\/seo\/ -->\n<title>\u010clanovi projektnog tima WorkMobil na Mediterranean Islands Conference; Vis, 18-21. 9. 2024. - Institut dru&scaron;tvenih znanosti Ivo Pilar<\/title>\n<meta name=\"robots\" content=\"noindex, follow, max-snippet:-1, max-image-preview:large, max-video-preview:-1\" \/>\n<meta property=\"og:locale\" content=\"hr_HR\" \/>\n<meta property=\"og:type\" content=\"article\" \/>\n<meta property=\"og:title\" content=\"\u010clanovi projektnog tima WorkMobil na Mediterranean Islands Conference; Vis, 18-21. 9. 2024. - Institut dru&scaron;tvenih znanosti Ivo Pilar\" \/>\n<meta property=\"og:description\" content=\"Na Mediterranean Islands Conference (MIC), odr\u017eanoj na Visu od 18. do 21. rujna 2024. godine, prezentirani su radovi u sklopu projekta WorkMobil. Na konferenciji su sudjelovali \u010dlanovi projektnog tima i voditeljica projekta WorkMobil, dr. sc. Iva \u0160verko Izlo\u017eena su dva rada: \u201eOverview of the Legislative Framework for Intra-European Youth Labor Migrations\u201c \u2013 autori Mate \u0160krabalo,&hellip; Pro\u010ditaj vi\u0161e o \u010clanovi projektnog tima WorkMobil na Mediterranean Islands Conference; Vis, 18-21. 9. 2024.\" \/>\n<meta property=\"og:url\" content=\"https:\/\/www.vegaintro-projekti.com\/pilar-stari\/2024\/10\/clanovi-projektnog-tima-workmobil-na-mediterranean-islands-conference-vis-18-21-9-2024\/\" \/>\n<meta property=\"og:site_name\" content=\"Institut dru&scaron;tvenih znanosti Ivo Pilar\" \/>\n<meta property=\"article:published_time\" content=\"2024-10-04T20:10:11+00:00\" \/>\n<meta property=\"article:modified_time\" content=\"2024-10-04T20:13:18+00:00\" \/>\n<meta property=\"og:image\" content=\"https:\/\/www.vegaintro-projekti.com\/pilar-stari\/wp-content\/uploads\/2024\/10\/MIC_VIS_fi.jpg\" \/>\n\t<meta property=\"og:image:width\" content=\"500\" \/>\n\t<meta property=\"og:image:height\" content=\"224\" \/>\n\t<meta property=\"og:image:type\" content=\"image\/jpeg\" \/>\n<meta name=\"author\" content=\"Boris\" \/>\n<meta name=\"twitter:card\" content=\"summary_large_image\" \/>\n<meta name=\"twitter:label1\" content=\"Napisao\/la\" \/>\n\t<meta name=\"twitter:data1\" content=\"Boris\" \/>\n\t<meta name=\"twitter:label2\" content=\"Procijenjeno vrijeme \u010ditanja\" \/>\n\t<meta name=\"twitter:data2\" content=\"1 minuta\" \/>\n<script type=\"application\/ld+json\" class=\"yoast-schema-graph\">{\"@context\":\"https:\/\/schema.org\",\"@graph\":[{\"@type\":\"WebPage\",\"@id\":\"https:\/\/www.vegaintro-projekti.com\/pilar-stari\/2024\/10\/clanovi-projektnog-tima-workmobil-na-mediterranean-islands-conference-vis-18-21-9-2024\/\",\"url\":\"https:\/\/www.vegaintro-projekti.com\/pilar-stari\/2024\/10\/clanovi-projektnog-tima-workmobil-na-mediterranean-islands-conference-vis-18-21-9-2024\/\",\"name\":\"\u010clanovi projektnog tima WorkMobil na Mediterranean Islands Conference; Vis, 18-21. 9. 2024. - Institut dru&scaron;tvenih znanosti Ivo Pilar\",\"isPartOf\":{\"@id\":\"https:\/\/www.vegaintro-projekti.com\/pilar-stari\/#website\"},\"datePublished\":\"2024-10-04T20:10:11+00:00\",\"dateModified\":\"2024-10-04T20:13:18+00:00\",\"author\":{\"@id\":\"https:\/\/www.vegaintro-projekti.com\/pilar-stari\/#\/schema\/person\/ddd404c9f1e15e4ffef5986ac6a5d28b\"},\"breadcrumb\":{\"@id\":\"https:\/\/www.vegaintro-projekti.com\/pilar-stari\/2024\/10\/clanovi-projektnog-tima-workmobil-na-mediterranean-islands-conference-vis-18-21-9-2024\/#breadcrumb\"},\"inLanguage\":\"hr\",\"potentialAction\":[{\"@type\":\"ReadAction\",\"target\":[\"https:\/\/www.vegaintro-projekti.com\/pilar-stari\/2024\/10\/clanovi-projektnog-tima-workmobil-na-mediterranean-islands-conference-vis-18-21-9-2024\/\"]}]},{\"@type\":\"BreadcrumbList\",\"@id\":\"https:\/\/www.vegaintro-projekti.com\/pilar-stari\/2024\/10\/clanovi-projektnog-tima-workmobil-na-mediterranean-islands-conference-vis-18-21-9-2024\/#breadcrumb\",\"itemListElement\":[{\"@type\":\"ListItem\",\"position\":1,\"name\":\"Home\",\"item\":\"https:\/\/www.vegaintro-projekti.com\/pilar-stari\/\"},{\"@type\":\"ListItem\",\"position\":2,\"name\":\"\u010clanovi projektnog tima WorkMobil na Mediterranean Islands Conference; Vis, 18-21. 9. 2024.\"}]},{\"@type\":\"WebSite\",\"@id\":\"https:\/\/www.vegaintro-projekti.com\/pilar-stari\/#website\",\"url\":\"https:\/\/www.vegaintro-projekti.com\/pilar-stari\/\",\"name\":\"Institut dru&scaron;tvenih znanosti Ivo Pilar\",\"description\":\"Pilar\",\"potentialAction\":[{\"@type\":\"SearchAction\",\"target\":{\"@type\":\"EntryPoint\",\"urlTemplate\":\"https:\/\/www.vegaintro-projekti.com\/pilar-stari\/?s={search_term_string}\"},\"query-input\":\"required name=search_term_string\"}],\"inLanguage\":\"hr\"},{\"@type\":\"Person\",\"@id\":\"https:\/\/www.vegaintro-projekti.com\/pilar-stari\/#\/schema\/person\/ddd404c9f1e15e4ffef5986ac6a5d28b\",\"name\":\"Boris\",\"image\":{\"@type\":\"ImageObject\",\"inLanguage\":\"hr\",\"@id\":\"https:\/\/www.vegaintro-projekti.com\/pilar-stari\/#\/schema\/person\/image\/\",\"url\":\"https:\/\/secure.gravatar.com\/avatar\/29557b161a6ce6ab86ac1503164f1e90?s=96&d=mm&r=g\",\"contentUrl\":\"https:\/\/secure.gravatar.com\/avatar\/29557b161a6ce6ab86ac1503164f1e90?s=96&d=mm&r=g\",\"caption\":\"Boris\"},\"url\":\"https:\/\/www.vegaintro-projekti.com\/pilar-stari\/author\/boris\/\"}]}<\/script>\n<!-- \/ Yoast SEO plugin. -->","yoast_head_json":{"title":"\u010clanovi projektnog tima WorkMobil na Mediterranean Islands Conference; Vis, 18-21. 9. 2024. - Institut dru&scaron;tvenih znanosti Ivo Pilar","robots":{"index":"noindex","follow":"follow","max-snippet":"max-snippet:-1","max-image-preview":"max-image-preview:large","max-video-preview":"max-video-preview:-1"},"og_locale":"hr_HR","og_type":"article","og_title":"\u010clanovi projektnog tima WorkMobil na Mediterranean Islands Conference; Vis, 18-21. 9. 2024. - Institut dru&scaron;tvenih znanosti Ivo Pilar","og_description":"Na Mediterranean Islands Conference (MIC), odr\u017eanoj na Visu od 18. do 21. rujna 2024. godine, prezentirani su radovi u sklopu projekta WorkMobil. Na konferenciji su sudjelovali \u010dlanovi projektnog tima i voditeljica projekta WorkMobil, dr. sc. Iva \u0160verko Izlo\u017eena su dva rada: \u201eOverview of the Legislative Framework for Intra-European Youth Labor Migrations\u201c \u2013 autori Mate \u0160krabalo,&hellip; Pro\u010ditaj vi\u0161e o \u010clanovi projektnog tima WorkMobil na Mediterranean Islands Conference; Vis, 18-21. 9. 2024.","og_url":"https:\/\/www.vegaintro-projekti.com\/pilar-stari\/2024\/10\/clanovi-projektnog-tima-workmobil-na-mediterranean-islands-conference-vis-18-21-9-2024\/","og_site_name":"Institut dru&scaron;tvenih znanosti Ivo Pilar","article_published_time":"2024-10-04T20:10:11+00:00","article_modified_time":"2024-10-04T20:13:18+00:00","og_image":[{"width":500,"height":224,"url":"https:\/\/www.vegaintro-projekti.com\/pilar-stari\/wp-content\/uploads\/2024\/10\/MIC_VIS_fi.jpg","type":"image\/jpeg"}],"author":"Boris","twitter_card":"summary_large_image","twitter_misc":{"Napisao\/la":"Boris","Procijenjeno vrijeme \u010ditanja":"1 minuta"},"schema":{"@context":"https:\/\/schema.org","@graph":[{"@type":"WebPage","@id":"https:\/\/www.vegaintro-projekti.com\/pilar-stari\/2024\/10\/clanovi-projektnog-tima-workmobil-na-mediterranean-islands-conference-vis-18-21-9-2024\/","url":"https:\/\/www.vegaintro-projekti.com\/pilar-stari\/2024\/10\/clanovi-projektnog-tima-workmobil-na-mediterranean-islands-conference-vis-18-21-9-2024\/","name":"\u010clanovi projektnog tima WorkMobil na Mediterranean Islands Conference; Vis, 18-21. 9. 2024. - Institut dru&scaron;tvenih znanosti Ivo Pilar","isPartOf":{"@id":"https:\/\/www.vegaintro-projekti.com\/pilar-stari\/#website"},"datePublished":"2024-10-04T20:10:11+00:00","dateModified":"2024-10-04T20:13:18+00:00","author":{"@id":"https:\/\/www.vegaintro-projekti.com\/pilar-stari\/#\/schema\/person\/ddd404c9f1e15e4ffef5986ac6a5d28b"},"breadcrumb":{"@id":"https:\/\/www.vegaintro-projekti.com\/pilar-stari\/2024\/10\/clanovi-projektnog-tima-workmobil-na-mediterranean-islands-conference-vis-18-21-9-2024\/#breadcrumb"},"inLanguage":"hr","potentialAction":[{"@type":"ReadAction","target":["https:\/\/www.vegaintro-projekti.com\/pilar-stari\/2024\/10\/clanovi-projektnog-tima-workmobil-na-mediterranean-islands-conference-vis-18-21-9-2024\/"]}]},{"@type":"BreadcrumbList","@id":"https:\/\/www.vegaintro-projekti.com\/pilar-stari\/2024\/10\/clanovi-projektnog-tima-workmobil-na-mediterranean-islands-conference-vis-18-21-9-2024\/#breadcrumb","itemListElement":[{"@type":"ListItem","position":1,"name":"Home","item":"https:\/\/www.vegaintro-projekti.com\/pilar-stari\/"},{"@type":"ListItem","position":2,"name":"\u010clanovi projektnog tima WorkMobil na Mediterranean Islands Conference; Vis, 18-21. 9. 2024."}]},{"@type":"WebSite","@id":"https:\/\/www.vegaintro-projekti.com\/pilar-stari\/#website","url":"https:\/\/www.vegaintro-projekti.com\/pilar-stari\/","name":"Institut dru&scaron;tvenih znanosti Ivo Pilar","description":"Pilar","potentialAction":[{"@type":"SearchAction","target":{"@type":"EntryPoint","urlTemplate":"https:\/\/www.vegaintro-projekti.com\/pilar-stari\/?s={search_term_string}"},"query-input":"required name=search_term_string"}],"inLanguage":"hr"},{"@type":"Person","@id":"https:\/\/www.vegaintro-projekti.com\/pilar-stari\/#\/schema\/person\/ddd404c9f1e15e4ffef5986ac6a5d28b","name":"Boris","image":{"@type":"ImageObject","inLanguage":"hr","@id":"https:\/\/www.vegaintro-projekti.com\/pilar-stari\/#\/schema\/person\/image\/","url":"https:\/\/secure.gravatar.com\/avatar\/29557b161a6ce6ab86ac1503164f1e90?s=96&d=mm&r=g","contentUrl":"https:\/\/secure.gravatar.com\/avatar\/29557b161a6ce6ab86ac1503164f1e90?s=96&d=mm&r=g","caption":"Boris"},"url":"https:\/\/www.vegaintro-projekti.com\/pilar-stari\/author\/boris\/"}]}},"_links":{"self":[{"href":"https:\/\/www.vegaintro-projekti.com\/pilar-stari\/wp-json\/wp\/v2\/posts\/31170"}],"collection":[{"href":"https:\/\/www.vegaintro-projekti.com\/pilar-stari\/wp-json\/wp\/v2\/posts"}],"about":[{"href":"https:\/\/www.vegaintro-projekti.com\/pilar-stari\/wp-json\/wp\/v2\/types\/post"}],"author":[{"embeddable":true,"href":"https:\/\/www.vegaintro-projekti.com\/pilar-stari\/wp-json\/wp\/v2\/users\/7"}],"replies":[{"embeddable":true,"href":"https:\/\/www.vegaintro-projekti.com\/pilar-stari\/wp-json\/wp\/v2\/comments?post=31170"}],"version-history":[{"count":4,"href":"https:\/\/www.vegaintro-projekti.com\/pilar-stari\/wp-json\/wp\/v2\/posts\/31170\/revisions"}],"predecessor-version":[{"id":31174,"href":"https:\/\/www.vegaintro-projekti.com\/pilar-stari\/wp-json\/wp\/v2\/posts\/31170\/revisions\/31174"}],"wp:featuredmedia":[{"embeddable":true,"href":"https:\/\/www.vegaintro-projekti.com\/pilar-stari\/wp-json\/wp\/v2\/media\/31168"}],"wp:attachment":[{"href":"https:\/\/www.vegaintro-projekti.com\/pilar-stari\/wp-json\/wp\/v2\/media?parent=31170"}],"wp:term":[{"taxonomy":"category","embeddable":true,"href":"https:\/\/www.vegaintro-projekti.com\/pilar-stari\/wp-json\/wp\/v2\/categories?post=31170"},{"taxonomy":"post_tag","embeddable":true,"href":"https:\/\/www.vegaintro-projekti.com\/pilar-stari\/wp-json\/wp\/v2\/tags?post=31170"}],"curies":[{"name":"wp","href":"https:\/\/api.w.org\/{rel}","templated":true}]}}