{"id":315,"date":"2010-10-05T08:35:50","date_gmt":"2010-10-05T08:35:50","guid":{"rendered":"https:\/\/www.vegaintro-projekti.com\/pilar-stari\/2010\/10\/05\/prof-dr-sc-vlado-aki-u-povodu-formalnog-poetka-rada-podruni-centar-dubrovnik\/"},"modified":"2017-12-07T13:14:51","modified_gmt":"2017-12-07T13:14:51","slug":"prof-dr-sc-vlado-aki-u-povodu-formalnog-poetka-rada-podruni-centar-dubrovnik","status":"publish","type":"post","link":"https:\/\/www.vegaintro-projekti.com\/pilar-stari\/2010\/10\/prof-dr-sc-vlado-aki-u-povodu-formalnog-poetka-rada-podruni-centar-dubrovnik\/","title":{"rendered":"Prof. dr. sc. Vlado \u0160aki\u0107 u povodu po\u010detka rada Podru\u010dnog centra Dubrovnik"},"content":{"rendered":"<p><strong>Institut dru\u0161tvenih znanosti \u201eIvo Pilar&#8221; dobio je pro\u0161log tjedna od Grada Dubrovnika unutar dubrova\u010dkih zidina u kompleksu Svata Marija prostor za rad Podru\u010dnog centra Dubrovnik. Tim povodom u Gradu je boravio ravnatelj Instituta prof. dr. sc. Vlado \u0160aki\u0107 koji je najavio brojne znanstvene aktivnosti koje Institut planira provesti putem upravo pokrenutog centra.<br \/><\/strong> <\/p>\n<table border=\"0\">\n<tbody>\n<tr>\n<td><img decoding=\"async\" loading=\"lazy\" height=\"258\" width=\"380\" src=\"https:\/\/www.vegaintro-projekti.com\/pilar-stari\/wp-content\/images\/stories\/fotografije\/razno\/vlado-sakic6184.jpg\" alt=\"vlado-sakic6184\" \/><\/td>\n<td valign=\"bottom\">\n<p><strong><span style=\"font-size: 8pt;\">Osnivanjem podru\u010dnih centara govorimo i\u00a0o politici da bi Hrvatsku trebalo decentralizirati. Nama je cilj ovdje stvoriti jezgru znanstvenika koji su odavde i koji \u0107e u Dubrovniku raditi, a biti u sustavu Instituta Ivo Pilar<\/span><\/strong><\/p>\n<p><strong><span style=\"font-size: 8pt;\">U krizi upravo u znanost treba vi\u0161e ulagati, a ne \u0161tedjeti na njoj. Mi jo\u0161 uvijek imamo mentalitet da je znanost potro\u0161nja, a zapravo je investicija kako bi znanost pomogla svekolikom razvoju Hrvatske. Mo\u017ee se pratiti da su zemlje koje su se naglo razvijale u tom razdoblju najvi\u0161e ulagale u znanost. Mi do te pameti tek moramo do\u0107i<\/span><\/strong><\/p>\n<\/td>\n<\/tr>\n<\/tbody>\n<\/table>\n<p>U razgovoru za <em>Dubrova\u010dki list<\/em> ravnatelj Instituta Ivo Pilar prof. dr. sc. Vlado \u0160aki\u0107 je rekao:<\/p>\n<p>&#8211; Ovo je zna\u010dajan trenutak za na\u0161 institut i sam Dubrovnik, a treba shvatiti kontekst u kojem Podru\u010dni centar Dubrovnik djeluje. Institut Ivo Pilar je mre\u017eno ustrojen, putem 18 funkcionalnih centara koje vode autoriteti u odre\u0111enim podru\u010djima znanosti. Druga razina su 6 podru\u010dnih centara koji su regionalno ustrojeni i kojima smo premre\u017eili Hrvatsku, me\u0111u kojima je Dubrovnik te Vukovar, Osijek, Gospi\u0107, Pula i Split. Zahvaljuju\u0107i Gradu Dubrovniku dobili smo dovoljan prostor u kojem \u0107e raditi na\u0161ih dvoje znanstvenika, voditelj dr. sc. Vinicije B. Lupis i znanstvena novakinja Nikolina Hazdovac. Formalno Centar sada po\u010dinje s radom, ali smo mi i u me\u0111uvremenu, od kada nam je prostor obe\u0107an, obavili nekoliko znanstvenih i javnih poslova u centru pa smo izdali i prvu studiju u koautorstvu dr. Lupisa i dr. Hrvojke Mihanovi\u0107 &#8211; Salopek <a href=\"https:\/\/www.vegaintro-projekti.com\/pilar-stari\/2010\/09\/objavljena-studija-eljezni-duh-prinos-jakete-palmotia-dionoria-hrvatskoj-knjievnoj-batini\/\">\u017deljezni duh: Prinos Jakete Palmoti\u0107a Dionori\u0107a hrvatskoj knji\u017eevnoj ba\u0161tini<\/a>.<\/p>\n<p><strong>ME\u0110UNARODNO ZRCALO<\/strong><\/p>\n<p>&#8211; Dvije su temeljne orijentacije Instituta, lokalna zada\u0107a gdje se istra\u017euju relevantne teme u dru\u0161tvenom podru\u010dju ju\u017ene Hrvatske i okolice i druga, uvjetno re\u010deno nacionalna zada\u0107a Centra koji \u0107e, zbog same prirode i karaktera Grada, tradicije i povijesti biti me\u0111unarodno zrcalo Instituta. Putem Dubrovnika \u0107emo raditi najve\u0107i dio me\u0111unarodne znanstvene razmjene prema svijetu. Tako\u0111er, u suradnji sa znanstvenim institucijama u Dubrovniku sudjelovat \u0107emo u organizaciji skupova, a predlo\u017eit \u0107emo i dva skupa koje \u0107e centar organizirati, kako bi osvijestio u javnosti svoje prisustvo u Dubrovniku.<\/p>\n<p><em>\u0160to Dubrovnik dobiva otvaranjem Podru\u010dnog centra Instituta Ivo Pilar?<\/em><\/p>\n<p>&#8211; Putem ovog centra u Dubrovniku ne dolazi samo dvoje znanstvenika koji \u0107e u njemu raditi, ve\u0107 dolazimo svi mi koji radimo u Institutu, dakle 120 zaposlenih od \u010dega 60 doktora znanosti iz dru\u0161tvenih znanosti. Mi smo krupan i jedinstven institut u Hrvatskoj po multidisciplinarnoj suvremenoj orijentaciji u istra\u017eivanju. Budu\u0107i da imamo ve\u0107 20 godina empirijskog iskustva u istra\u017eivanju hrvatskog dru\u0161tva, svu tu ba\u0161tinu sada \u0161irimo i Dubrovnik postaje dio nje i sve \u0107e te informacije putem Centra biti na dispoziciji svima. U tom kontekst prva na\u0161a zada\u0107a je ponuditi gradona\u010delniku da napravimo \u201eZnanstvenu monografiju Dubrovnika&#8221;. Dubrovnik ve\u0107 ima mnoge monografije, ali one su uglavnom turisti\u010dkog karaktera. Mi \u0107emo napraviti jednu ozbiljnu znanstvenu monografiju u koju \u0107emo uklju\u010diti sve relevantne institucije i ljude s dubrova\u010dkog podru\u010dja i cijele Hrvatske. O\u010dekujem da \u0107e to biti rad kojim \u0107emo se predstaviti Dubrov\u010danima na uvjerljiv na\u010din. S takvim monografijama imamo dosta iskustva jer smo ih radili za mnoge gradove u Hrvatskoj.<\/p>\n<p><strong>TEMELJNI CILJEVI<\/strong><\/p>\n<p><em>Koja su temeljna podru\u010dja istra\u017eivanja kojim \u0107e se Centar baviti i koji ss prioriteti?<\/em><\/p>\n<p>&#8211; Samim zapo\u0161ljavanjem dr. Lupisa za voditelja, \u010dija su dva temeljna podru\u010dja povijest i povijest umjetnosti, pokazali smo koje su nam orijentacije istra\u017eivanja u Dubrovniku. Sam karakter Pilara je multidisciplinaran pa \u0107e uz teme iz povijesti i povijesti umjetnosti, biti zastupljene teme iz arheologije, urbane sociologije, psiho-socijalnih aspekata identiteta, regionalne teme kroz prizmu dru\u0161tvenih znanosti i teme koje se ti\u010du mediteranskog identiteta cijele Hrvatske. Postoji puno tema, \u0161to je vidljivo iz strategije koju smo napravili. Bit \u0107emo na dispoziciji i drugima jer mi smo Institut koji je orijentiran prema gospodarstvu, javnom i kulturnom sektoru te obavljamo ekspertne usluge i vrlo projekte za tre\u0107e naru\u010ditelje.<\/p>\n<p><em>Postoje li daljnji planovi \u0161irenje Podru\u010dnog centra Dubrovnik i ho\u0107e li biti mjesta za zapo\u0161ljavanje novih znanstvenih novaka?<\/em><\/p>\n<p>&#8211; Sama \u010dinjenica da jo\u0161 ni u prostor nismo sjeli, a ve\u0107 smo jednog znanstvenog novaka primili, govori o tome \u0161to i kako planiramo. Ovim govorimo i politici da bi Hrvatsku trebalo decentralizirati. Nama je cilj ovdje stvoriti jezgru znanstvenika koji su odavde i koji \u0107e u Dubrovniku raditi, a biti u sustavu Instituta Ivo Pilar i cijelu njegovu mre\u017eu me\u0111unarodnih suradnji i znanstvenih informacija koje imamo. S druge strane, omogu\u0107ujemo ostanak mladih znanstvenika u kraju u kojem \u017eive, a ne da svi te\u017ee prema metropoli. Kako to ne ovisi samo o nama, jer odobrenja trebamo dobiti od Ministarstva znanosti za svako novo zapo\u0161ljavanje, dijelimo te tegobe koje se na dr\u017eavnoj razini doga\u0111aju.<\/p>\n<p><strong>ZANEMARIVANJE ZNANOSTI<\/strong><\/p>\n<p>&#8211; Znate da nema posljednjih godina puno razumijevanja za zapo\u0161ljavanje znanstvenih novaka i, ina\u010de je status znanosti dosta zanemaren i nije prepoznata prava uloga znanosti. U krizi upravo u znanost treba vi\u0161e ulagati, a ne \u0161tedjeti na njoj. Mi jo\u0161 uvijek imamo mentalitet da je znanost potro\u0161nja, a zapravo je investicija kako bi znanost pomogla svekolikom razvoju Hrvatske. Mo\u017ee se pratiti da su zemlje koje su se naglo razvijale u tom razdoblju najvi\u0161e ulagale u znanost. Mi do te pameti tek moramo do\u0107i. Na\u0161e gospodarstvo malo koristi znanost, a dru\u0161tveni i javni sektor ne\u0161to vi\u0161e i to su tegobe s kojima se susre\u0107emo. Upravo mre\u017eom podru\u010dnih centara \u017eelimo pokazati da se i druk\u010dije mo\u017ee. Ako imamo regionalnu znanstvenu infrastrukturu, mo\u0107i \u0107emo cijelu Hrvatsku bolje istra\u017eivati nego ako na sve gledamo iz Zagreba. Naravno da je Vinicije Lupis ovdje sposobniji i otvara nam \u0161ira vrata za istra\u017eivanje ovog podru\u010dja, nego da mi to radimo iz Zagreba.<\/p>\n<p>MARKO GILJA\u010cA<br \/>TON\u0106I PLAZIBAT<\/p>\n<p>&#8211; Ravnatelj IDZ &#8220;Ivo Pilar&#8221; prof. dr. sc. Vlado \u0160aki\u0107: Izradit \u0107emo znanstvenu monografiju, DUBROVA\u010cKI LIST, petak, 1. listopada 2010.<\/p>\n<p>&#8211; <a href=\"https:\/\/www.vegaintro-projekti.com\/pilar-stari\/2010\/02\/znanstvenici-s-instituta-ivo-pilar-na-prijemu-kod-gradonaelnika\/\">Znanstvenici s Instituta Ivo Pilar na prijemu kod gradona\u010delnika Dubrovnika, 19. velja\u010de 2010.<\/a><\/p>\n","protected":false},"excerpt":{"rendered":"<p>Institut dru\u0161tvenih znanosti \u201eIvo Pilar&#8221; dobio je pro\u0161log tjedna od Grada Dubrovnika unutar dubrova\u010dkih zidina u kompleksu Svata Marija prostor za rad Podru\u010dnog centra Dubrovnik. Tim povodom u Gradu je boravio ravnatelj Instituta prof. dr. sc. Vlado \u0160aki\u0107 koji je najavio brojne znanstvene aktivnosti koje Institut planira provesti putem upravo pokrenutog centra. Osnivanjem podru\u010dnih centara&hellip; <a class=\"continue\" href=\"https:\/\/www.vegaintro-projekti.com\/pilar-stari\/2010\/10\/prof-dr-sc-vlado-aki-u-povodu-formalnog-poetka-rada-podruni-centar-dubrovnik\/\">Pro\u010ditaj vi\u0161e o<span> Prof. dr. sc. Vlado \u0160aki\u0107 u povodu po\u010detka rada Podru\u010dnog centra Dubrovnik<\/span><\/a><\/p>\n","protected":false},"author":1,"featured_media":0,"comment_status":"open","ping_status":"open","sticky":false,"template":"","format":"standard","meta":{"inline_featured_image":false,"ngg_post_thumbnail":0,"footnotes":""},"categories":[9],"tags":[],"yoast_head":"<!-- This site is optimized with the Yoast SEO plugin v21.2 - https:\/\/yoast.com\/wordpress\/plugins\/seo\/ -->\n<title>Prof. dr. sc. Vlado \u0160aki\u0107 u povodu po\u010detka rada Podru\u010dnog centra Dubrovnik - Institut dru&scaron;tvenih znanosti Ivo Pilar<\/title>\n<meta name=\"robots\" content=\"noindex, follow, max-snippet:-1, max-image-preview:large, max-video-preview:-1\" \/>\n<meta property=\"og:locale\" content=\"hr_HR\" \/>\n<meta property=\"og:type\" content=\"article\" \/>\n<meta property=\"og:title\" content=\"Prof. dr. sc. Vlado \u0160aki\u0107 u povodu po\u010detka rada Podru\u010dnog centra Dubrovnik - Institut dru&scaron;tvenih znanosti Ivo Pilar\" \/>\n<meta property=\"og:description\" content=\"Institut dru\u0161tvenih znanosti \u201eIvo Pilar&#8221; dobio je pro\u0161log tjedna od Grada Dubrovnika unutar dubrova\u010dkih zidina u kompleksu Svata Marija prostor za rad Podru\u010dnog centra Dubrovnik. Tim povodom u Gradu je boravio ravnatelj Instituta prof. dr. sc. Vlado \u0160aki\u0107 koji je najavio brojne znanstvene aktivnosti koje Institut planira provesti putem upravo pokrenutog centra. Osnivanjem podru\u010dnih centara&hellip; Pro\u010ditaj vi\u0161e o Prof. dr. sc. Vlado \u0160aki\u0107 u povodu po\u010detka rada Podru\u010dnog centra Dubrovnik\" \/>\n<meta property=\"og:url\" content=\"https:\/\/www.vegaintro-projekti.com\/pilar-stari\/2010\/10\/prof-dr-sc-vlado-aki-u-povodu-formalnog-poetka-rada-podruni-centar-dubrovnik\/\" \/>\n<meta property=\"og:site_name\" content=\"Institut dru&scaron;tvenih znanosti Ivo Pilar\" \/>\n<meta property=\"article:published_time\" content=\"2010-10-05T08:35:50+00:00\" \/>\n<meta property=\"article:modified_time\" content=\"2017-12-07T13:14:51+00:00\" \/>\n<meta property=\"og:image\" content=\"https:\/\/www.vegaintro-projekti.com\/pilar-stari\/wp-content\/images\/stories\/fotografije\/razno\/vlado-sakic6184.jpg\" \/>\n<meta name=\"author\" content=\"pilar-admin\" \/>\n<meta name=\"twitter:card\" content=\"summary_large_image\" \/>\n<meta name=\"twitter:label1\" content=\"Napisao\/la\" \/>\n\t<meta name=\"twitter:data1\" content=\"pilar-admin\" \/>\n\t<meta name=\"twitter:label2\" content=\"Procijenjeno vrijeme \u010ditanja\" \/>\n\t<meta name=\"twitter:data2\" content=\"5 minuta\" \/>\n<script type=\"application\/ld+json\" class=\"yoast-schema-graph\">{\"@context\":\"https:\/\/schema.org\",\"@graph\":[{\"@type\":\"WebPage\",\"@id\":\"https:\/\/www.vegaintro-projekti.com\/pilar-stari\/2010\/10\/prof-dr-sc-vlado-aki-u-povodu-formalnog-poetka-rada-podruni-centar-dubrovnik\/\",\"url\":\"https:\/\/www.vegaintro-projekti.com\/pilar-stari\/2010\/10\/prof-dr-sc-vlado-aki-u-povodu-formalnog-poetka-rada-podruni-centar-dubrovnik\/\",\"name\":\"Prof. dr. sc. Vlado \u0160aki\u0107 u povodu po\u010detka rada Podru\u010dnog centra Dubrovnik - Institut dru&scaron;tvenih znanosti Ivo Pilar\",\"isPartOf\":{\"@id\":\"https:\/\/www.vegaintro-projekti.com\/pilar-stari\/#website\"},\"datePublished\":\"2010-10-05T08:35:50+00:00\",\"dateModified\":\"2017-12-07T13:14:51+00:00\",\"author\":{\"@id\":\"https:\/\/www.vegaintro-projekti.com\/pilar-stari\/#\/schema\/person\/c0db50ebd77c4409e19b18044bbf10c1\"},\"breadcrumb\":{\"@id\":\"https:\/\/www.vegaintro-projekti.com\/pilar-stari\/2010\/10\/prof-dr-sc-vlado-aki-u-povodu-formalnog-poetka-rada-podruni-centar-dubrovnik\/#breadcrumb\"},\"inLanguage\":\"hr\",\"potentialAction\":[{\"@type\":\"ReadAction\",\"target\":[\"https:\/\/www.vegaintro-projekti.com\/pilar-stari\/2010\/10\/prof-dr-sc-vlado-aki-u-povodu-formalnog-poetka-rada-podruni-centar-dubrovnik\/\"]}]},{\"@type\":\"BreadcrumbList\",\"@id\":\"https:\/\/www.vegaintro-projekti.com\/pilar-stari\/2010\/10\/prof-dr-sc-vlado-aki-u-povodu-formalnog-poetka-rada-podruni-centar-dubrovnik\/#breadcrumb\",\"itemListElement\":[{\"@type\":\"ListItem\",\"position\":1,\"name\":\"Home\",\"item\":\"https:\/\/www.vegaintro-projekti.com\/pilar-stari\/\"},{\"@type\":\"ListItem\",\"position\":2,\"name\":\"Prof. dr. sc. Vlado \u0160aki\u0107 u povodu po\u010detka rada Podru\u010dnog centra Dubrovnik\"}]},{\"@type\":\"WebSite\",\"@id\":\"https:\/\/www.vegaintro-projekti.com\/pilar-stari\/#website\",\"url\":\"https:\/\/www.vegaintro-projekti.com\/pilar-stari\/\",\"name\":\"Institut dru&scaron;tvenih znanosti Ivo Pilar\",\"description\":\"Pilar\",\"potentialAction\":[{\"@type\":\"SearchAction\",\"target\":{\"@type\":\"EntryPoint\",\"urlTemplate\":\"https:\/\/www.vegaintro-projekti.com\/pilar-stari\/?s={search_term_string}\"},\"query-input\":\"required name=search_term_string\"}],\"inLanguage\":\"hr\"},{\"@type\":\"Person\",\"@id\":\"https:\/\/www.vegaintro-projekti.com\/pilar-stari\/#\/schema\/person\/c0db50ebd77c4409e19b18044bbf10c1\",\"name\":\"pilar-admin\",\"image\":{\"@type\":\"ImageObject\",\"inLanguage\":\"hr\",\"@id\":\"https:\/\/www.vegaintro-projekti.com\/pilar-stari\/#\/schema\/person\/image\/\",\"url\":\"https:\/\/secure.gravatar.com\/avatar\/fac9e03c4db0011b9c1ad8b5e9c74b8c?s=96&d=mm&r=g\",\"contentUrl\":\"https:\/\/secure.gravatar.com\/avatar\/fac9e03c4db0011b9c1ad8b5e9c74b8c?s=96&d=mm&r=g\",\"caption\":\"pilar-admin\"},\"url\":\"https:\/\/www.vegaintro-projekti.com\/pilar-stari\/author\/pilar-admin\/\"}]}<\/script>\n<!-- \/ Yoast SEO plugin. -->","yoast_head_json":{"title":"Prof. dr. sc. Vlado \u0160aki\u0107 u povodu po\u010detka rada Podru\u010dnog centra Dubrovnik - Institut dru&scaron;tvenih znanosti Ivo Pilar","robots":{"index":"noindex","follow":"follow","max-snippet":"max-snippet:-1","max-image-preview":"max-image-preview:large","max-video-preview":"max-video-preview:-1"},"og_locale":"hr_HR","og_type":"article","og_title":"Prof. dr. sc. Vlado \u0160aki\u0107 u povodu po\u010detka rada Podru\u010dnog centra Dubrovnik - Institut dru&scaron;tvenih znanosti Ivo Pilar","og_description":"Institut dru\u0161tvenih znanosti \u201eIvo Pilar&#8221; dobio je pro\u0161log tjedna od Grada Dubrovnika unutar dubrova\u010dkih zidina u kompleksu Svata Marija prostor za rad Podru\u010dnog centra Dubrovnik. Tim povodom u Gradu je boravio ravnatelj Instituta prof. dr. sc. Vlado \u0160aki\u0107 koji je najavio brojne znanstvene aktivnosti koje Institut planira provesti putem upravo pokrenutog centra. Osnivanjem podru\u010dnih centara&hellip; Pro\u010ditaj vi\u0161e o Prof. dr. sc. Vlado \u0160aki\u0107 u povodu po\u010detka rada Podru\u010dnog centra Dubrovnik","og_url":"https:\/\/www.vegaintro-projekti.com\/pilar-stari\/2010\/10\/prof-dr-sc-vlado-aki-u-povodu-formalnog-poetka-rada-podruni-centar-dubrovnik\/","og_site_name":"Institut dru&scaron;tvenih znanosti Ivo Pilar","article_published_time":"2010-10-05T08:35:50+00:00","article_modified_time":"2017-12-07T13:14:51+00:00","og_image":[{"url":"https:\/\/www.vegaintro-projekti.com\/pilar-stari\/wp-content\/images\/stories\/fotografije\/razno\/vlado-sakic6184.jpg"}],"author":"pilar-admin","twitter_card":"summary_large_image","twitter_misc":{"Napisao\/la":"pilar-admin","Procijenjeno vrijeme \u010ditanja":"5 minuta"},"schema":{"@context":"https:\/\/schema.org","@graph":[{"@type":"WebPage","@id":"https:\/\/www.vegaintro-projekti.com\/pilar-stari\/2010\/10\/prof-dr-sc-vlado-aki-u-povodu-formalnog-poetka-rada-podruni-centar-dubrovnik\/","url":"https:\/\/www.vegaintro-projekti.com\/pilar-stari\/2010\/10\/prof-dr-sc-vlado-aki-u-povodu-formalnog-poetka-rada-podruni-centar-dubrovnik\/","name":"Prof. dr. sc. Vlado \u0160aki\u0107 u povodu po\u010detka rada Podru\u010dnog centra Dubrovnik - Institut dru&scaron;tvenih znanosti Ivo Pilar","isPartOf":{"@id":"https:\/\/www.vegaintro-projekti.com\/pilar-stari\/#website"},"datePublished":"2010-10-05T08:35:50+00:00","dateModified":"2017-12-07T13:14:51+00:00","author":{"@id":"https:\/\/www.vegaintro-projekti.com\/pilar-stari\/#\/schema\/person\/c0db50ebd77c4409e19b18044bbf10c1"},"breadcrumb":{"@id":"https:\/\/www.vegaintro-projekti.com\/pilar-stari\/2010\/10\/prof-dr-sc-vlado-aki-u-povodu-formalnog-poetka-rada-podruni-centar-dubrovnik\/#breadcrumb"},"inLanguage":"hr","potentialAction":[{"@type":"ReadAction","target":["https:\/\/www.vegaintro-projekti.com\/pilar-stari\/2010\/10\/prof-dr-sc-vlado-aki-u-povodu-formalnog-poetka-rada-podruni-centar-dubrovnik\/"]}]},{"@type":"BreadcrumbList","@id":"https:\/\/www.vegaintro-projekti.com\/pilar-stari\/2010\/10\/prof-dr-sc-vlado-aki-u-povodu-formalnog-poetka-rada-podruni-centar-dubrovnik\/#breadcrumb","itemListElement":[{"@type":"ListItem","position":1,"name":"Home","item":"https:\/\/www.vegaintro-projekti.com\/pilar-stari\/"},{"@type":"ListItem","position":2,"name":"Prof. dr. sc. Vlado \u0160aki\u0107 u povodu po\u010detka rada Podru\u010dnog centra Dubrovnik"}]},{"@type":"WebSite","@id":"https:\/\/www.vegaintro-projekti.com\/pilar-stari\/#website","url":"https:\/\/www.vegaintro-projekti.com\/pilar-stari\/","name":"Institut dru&scaron;tvenih znanosti Ivo Pilar","description":"Pilar","potentialAction":[{"@type":"SearchAction","target":{"@type":"EntryPoint","urlTemplate":"https:\/\/www.vegaintro-projekti.com\/pilar-stari\/?s={search_term_string}"},"query-input":"required name=search_term_string"}],"inLanguage":"hr"},{"@type":"Person","@id":"https:\/\/www.vegaintro-projekti.com\/pilar-stari\/#\/schema\/person\/c0db50ebd77c4409e19b18044bbf10c1","name":"pilar-admin","image":{"@type":"ImageObject","inLanguage":"hr","@id":"https:\/\/www.vegaintro-projekti.com\/pilar-stari\/#\/schema\/person\/image\/","url":"https:\/\/secure.gravatar.com\/avatar\/fac9e03c4db0011b9c1ad8b5e9c74b8c?s=96&d=mm&r=g","contentUrl":"https:\/\/secure.gravatar.com\/avatar\/fac9e03c4db0011b9c1ad8b5e9c74b8c?s=96&d=mm&r=g","caption":"pilar-admin"},"url":"https:\/\/www.vegaintro-projekti.com\/pilar-stari\/author\/pilar-admin\/"}]}},"_links":{"self":[{"href":"https:\/\/www.vegaintro-projekti.com\/pilar-stari\/wp-json\/wp\/v2\/posts\/315"}],"collection":[{"href":"https:\/\/www.vegaintro-projekti.com\/pilar-stari\/wp-json\/wp\/v2\/posts"}],"about":[{"href":"https:\/\/www.vegaintro-projekti.com\/pilar-stari\/wp-json\/wp\/v2\/types\/post"}],"author":[{"embeddable":true,"href":"https:\/\/www.vegaintro-projekti.com\/pilar-stari\/wp-json\/wp\/v2\/users\/1"}],"replies":[{"embeddable":true,"href":"https:\/\/www.vegaintro-projekti.com\/pilar-stari\/wp-json\/wp\/v2\/comments?post=315"}],"version-history":[{"count":4,"href":"https:\/\/www.vegaintro-projekti.com\/pilar-stari\/wp-json\/wp\/v2\/posts\/315\/revisions"}],"predecessor-version":[{"id":6741,"href":"https:\/\/www.vegaintro-projekti.com\/pilar-stari\/wp-json\/wp\/v2\/posts\/315\/revisions\/6741"}],"wp:attachment":[{"href":"https:\/\/www.vegaintro-projekti.com\/pilar-stari\/wp-json\/wp\/v2\/media?parent=315"}],"wp:term":[{"taxonomy":"category","embeddable":true,"href":"https:\/\/www.vegaintro-projekti.com\/pilar-stari\/wp-json\/wp\/v2\/categories?post=315"},{"taxonomy":"post_tag","embeddable":true,"href":"https:\/\/www.vegaintro-projekti.com\/pilar-stari\/wp-json\/wp\/v2\/tags?post=315"}],"curies":[{"name":"wp","href":"https:\/\/api.w.org\/{rel}","templated":true}]}}