{"id":31523,"date":"2024-11-16T16:37:28","date_gmt":"2024-11-16T16:37:28","guid":{"rendered":"https:\/\/www.vegaintro-projekti.com\/pilar-stari\/?p=31523"},"modified":"2024-11-20T17:00:55","modified_gmt":"2024-11-20T17:00:55","slug":"predstavljanje-zbornika-vukovar-danas-sjecanja-iskustva-i-realitet-zivljenja-vukovar-14-11-2024","status":"publish","type":"post","link":"https:\/\/www.vegaintro-projekti.com\/pilar-stari\/2024\/11\/predstavljanje-zbornika-vukovar-danas-sjecanja-iskustva-i-realitet-zivljenja-vukovar-14-11-2024\/","title":{"rendered":"Predstavljanje zbornika VUKOVAR DANAS &#8211; SJE\u0106ANJA, ISKUSTVA I REALITET \u017dIVLJENJA; Vukovar, 14. 11. 2024."},"content":{"rendered":"<p><strong>Povodom obilje\u017eavanja Dana sje\u0107anja na \u017ertvu Vukovara 1991. \u2013 2024. godine Institut dru\u0161tvenih znanosti Ivo Pilar, Podru\u010dni centar Vukovar, organizirao je dva doga\u0111anja. Prvo doga\u0111anje odnosilo se na predstavljanje Zbornika radova Vukovar \u201991. Vukovar danas \u2013 sje\u0107anja, iskustva i realitet \u017eivljenja 14. studenog 2024. godine u Gradskom muzeju Vukovar, a drugo doga\u0111anje odnosilo se na 26. znanstveno-stru\u010dni skup Vukovar \u201991. \u2013 trideset i tri godine poslije: Ilegalne migracije i (ne)sigurnost na hrvatskim granicama odr\u017eano 15. studenog 2024. godine u Gradskom muzeju Vukovar<\/strong><\/p>\n<div class=\"wp-block-image\">\n<p><a href=\"https:\/\/www.vegaintro-projekti.com\/pilar-stari\/wp-content\/uploads\/2024\/11\/zbornik_3.jpg\"><img decoding=\"async\" loading=\"lazy\" class=\"alignnone wp-image-31763 size-full\" src=\"https:\/\/www.vegaintro-projekti.com\/pilar-stari\/wp-content\/uploads\/2024\/11\/zbornik_3s.jpg\" alt=\"I1\" width=\"620\" height=\"286\" srcset=\"https:\/\/www.vegaintro-projekti.com\/pilar-stari\/wp-content\/uploads\/2024\/11\/zbornik_3s.jpg 620w, https:\/\/www.vegaintro-projekti.com\/pilar-stari\/wp-content\/uploads\/2024\/11\/zbornik_3s-300x138.jpg 300w\" sizes=\"(max-width: 620px) 100vw, 620px\" \/><\/a><a href=\"https:\/\/www.vegaintro-projekti.com\/pilar-stari\/wp-content\/uploads\/2024\/11\/zbornik_2.jpg\"><img decoding=\"async\" loading=\"lazy\" class=\"alignnone wp-image-31761 size-full\" src=\"https:\/\/www.vegaintro-projekti.com\/pilar-stari\/wp-content\/uploads\/2024\/11\/zbornik_2s.jpg\" alt=\"I2\" width=\"620\" height=\"286\" srcset=\"https:\/\/www.vegaintro-projekti.com\/pilar-stari\/wp-content\/uploads\/2024\/11\/zbornik_2s.jpg 620w, https:\/\/www.vegaintro-projekti.com\/pilar-stari\/wp-content\/uploads\/2024\/11\/zbornik_2s-300x138.jpg 300w\" sizes=\"(max-width: 620px) 100vw, 620px\" \/><\/a><a href=\"https:\/\/www.vegaintro-projekti.com\/pilar-stari\/wp-content\/uploads\/2024\/11\/zbornik_1.jpg\"><img decoding=\"async\" loading=\"lazy\" class=\"alignnone wp-image-31759 size-full\" src=\"https:\/\/www.vegaintro-projekti.com\/pilar-stari\/wp-content\/uploads\/2024\/11\/zbornik_1s.jpg\" alt=\"I3\" width=\"620\" height=\"286\" srcset=\"https:\/\/www.vegaintro-projekti.com\/pilar-stari\/wp-content\/uploads\/2024\/11\/zbornik_1s.jpg 620w, https:\/\/www.vegaintro-projekti.com\/pilar-stari\/wp-content\/uploads\/2024\/11\/zbornik_1s-300x138.jpg 300w\" sizes=\"(max-width: 620px) 100vw, 620px\" \/><\/a><\/p>\n<\/div>\n<p>Uz Grad Vukovar koji je s Ministarstvom znanosti i obrazovanja RH pru\u017eio financijsku potporu za tiskanje zbornika radova, pokrovitelj ovogodi\u0161njega znanstveno-stru\u010dnog skupa bila je Vukovarsko-srijemska \u017eupanija.<\/p>\n<p>Pored uvodnog dijela u kojem su govorili ravnatelj Instituta Ivo Pilar, \u017deljko Holjevac i voditeljica Podru\u010dnog centra, Ivana Bendra, predstavlja\u010di zbornika radova su bili Sandra Cviki\u0107 i Ozren \u017dunec.<\/p>\n<p>Nazo\u010dnima na predstavljanju zbornika radova su se obratili gosp. Krunoslav \u0160eremet, ravnatelj Javne ustanove Memorijalni centar Domovinskog rata Vukovar kao izaslanik potpredsjednika Vlade i ministra hrvatskih branitelja Tome Medveda te gosp. Josip Palo\u0161, pro\u010delnik Upravnog odjela za dru\u0161tvene djelatnosti ispred Grada Vukovara.<\/p>\n<p>Ispred Vukovarsko-srijemske \u017eupanije u memorijalnom dijelu programa i predstavljanju zbornika radova sudjelovala je pro\u010delnica Upravnog odjela za turizam i kulturu VS\u017d, Tamara Kalistovi\u0107.<\/p>\n<div class=\"wp-block-image\">\n<p><a href=\"https:\/\/www.vegaintro-projekti.com\/pilar-stari\/wp-content\/uploads\/2024\/11\/groblje.jpg\"><img decoding=\"async\" loading=\"lazy\" class=\"alignnone wp-image-31755 size-full\" src=\"https:\/\/www.vegaintro-projekti.com\/pilar-stari\/wp-content\/uploads\/2024\/11\/groblje_s.jpg\" alt=\"i4\" width=\"620\" height=\"286\" srcset=\"https:\/\/www.vegaintro-projekti.com\/pilar-stari\/wp-content\/uploads\/2024\/11\/groblje_s.jpg 620w, https:\/\/www.vegaintro-projekti.com\/pilar-stari\/wp-content\/uploads\/2024\/11\/groblje_s-300x138.jpg 300w\" sizes=\"(max-width: 620px) 100vw, 620px\" \/><\/a><a href=\"https:\/\/www.vegaintro-projekti.com\/pilar-stari\/wp-content\/uploads\/2024\/11\/ovcara.jpg\"><img decoding=\"async\" loading=\"lazy\" class=\"alignnone wp-image-31757 size-full\" src=\"https:\/\/www.vegaintro-projekti.com\/pilar-stari\/wp-content\/uploads\/2024\/11\/ovcara_s.jpg\" alt=\"i5\" width=\"620\" height=\"286\" srcset=\"https:\/\/www.vegaintro-projekti.com\/pilar-stari\/wp-content\/uploads\/2024\/11\/ovcara_s.jpg 620w, https:\/\/www.vegaintro-projekti.com\/pilar-stari\/wp-content\/uploads\/2024\/11\/ovcara_s-300x138.jpg 300w\" sizes=\"(max-width: 620px) 100vw, 620px\" \/><\/a><\/p>\n<\/div>\n<p>&#8211; <a href=\"https:\/\/www.vegaintro-projekti.com\/pilar-stari\/wp-content\/uploads\/2024\/11\/Pozivnica-1.pdf\">Pozivnica za predstavljanje zbornika VUKOVAR DANAS &#8211; SJE\u0106ANJA, ISKUSTVA I REALITET \u017dIVLJENJA; Vukovar, 14. 11. 2024.<\/a><\/p>\n<p><a href=\"https:\/\/www.vegaintro-projekti.com\/pilar-stari\/wp-content\/uploads\/2024\/11\/Pozivnica-1.pdf\"><img decoding=\"async\" loading=\"lazy\" class=\"alignnone wp-image-31519 size-full\" src=\"https:\/\/www.vegaintro-projekti.com\/pilar-stari\/wp-content\/uploads\/2024\/11\/IMG-4.jpg\" alt=\"i1\" width=\"620\" height=\"466\" srcset=\"https:\/\/www.vegaintro-projekti.com\/pilar-stari\/wp-content\/uploads\/2024\/11\/IMG-4.jpg 620w, https:\/\/www.vegaintro-projekti.com\/pilar-stari\/wp-content\/uploads\/2024\/11\/IMG-4-300x225.jpg 300w\" sizes=\"(max-width: 620px) 100vw, 620px\" \/><\/a><\/p>\n<blockquote><p><a href=\"https:\/\/www.vegaintro-projekti.com\/pilar-stari\/2024\/11\/objavljen-zbornik-vukovar-danas-sjecanja-iskustva-i-realitet-zivljenja\/\">O zborniku VUKOVAR DANAS<\/a><\/p>\n<p><a href=\"https:\/\/www.vegaintro-projekti.com\/pilar-stari\/2024\/11\/26-skup-vukovar-91-ilegalne-migracije-i-nesigurnost-na-hrvatskim-granicama-vukovar-14-i-15-11-2024\/\">26. skup VUKOVAR \u201991.: Ilegalne migracije i (ne)sigurnost na hrvatskim granicama; Vukovar, 14. i 15. 11. 2024.<\/a><\/p>\n<p><a href=\"https:\/\/www.vegaintro-projekti.com\/pilar-stari\/2018\/04\/podruni-centar-vukovar-2\/\">Podru\u010dni centar Vukovar<\/a><\/p><\/blockquote>\n","protected":false},"excerpt":{"rendered":"<p>Povodom obilje\u017eavanja Dana sje\u0107anja na \u017ertvu Vukovara 1991. \u2013 2024. godine Institut dru\u0161tvenih znanosti Ivo Pilar, Podru\u010dni centar Vukovar, organizirao je dva doga\u0111anja. Prvo doga\u0111anje odnosilo se na predstavljanje Zbornika radova Vukovar \u201991. Vukovar danas \u2013 sje\u0107anja, iskustva i realitet \u017eivljenja 14. studenog 2024. godine u Gradskom muzeju Vukovar, a drugo doga\u0111anje odnosilo se na&hellip; <a class=\"continue\" href=\"https:\/\/www.vegaintro-projekti.com\/pilar-stari\/2024\/11\/predstavljanje-zbornika-vukovar-danas-sjecanja-iskustva-i-realitet-zivljenja-vukovar-14-11-2024\/\">Pro\u010ditaj vi\u0161e o<span> Predstavljanje zbornika VUKOVAR DANAS &#8211; SJE\u0106ANJA, ISKUSTVA I REALITET \u017dIVLJENJA; Vukovar, 14. 11. 2024.<\/span><\/a><\/p>\n","protected":false},"author":7,"featured_media":31520,"comment_status":"closed","ping_status":"closed","sticky":false,"template":"","format":"standard","meta":{"inline_featured_image":false,"ngg_post_thumbnail":0,"footnotes":""},"categories":[11],"tags":[],"yoast_head":"<!-- This site is optimized with the Yoast SEO plugin v21.2 - https:\/\/yoast.com\/wordpress\/plugins\/seo\/ -->\n<title>Predstavljanje zbornika VUKOVAR DANAS - SJE\u0106ANJA, ISKUSTVA I REALITET \u017dIVLJENJA; Vukovar, 14. 11. 2024. - Institut dru&scaron;tvenih znanosti Ivo Pilar<\/title>\n<meta name=\"robots\" content=\"noindex, follow, max-snippet:-1, max-image-preview:large, max-video-preview:-1\" \/>\n<meta property=\"og:locale\" content=\"hr_HR\" \/>\n<meta property=\"og:type\" content=\"article\" \/>\n<meta property=\"og:title\" content=\"Predstavljanje zbornika VUKOVAR DANAS - SJE\u0106ANJA, ISKUSTVA I REALITET \u017dIVLJENJA; Vukovar, 14. 11. 2024. - Institut dru&scaron;tvenih znanosti Ivo Pilar\" \/>\n<meta property=\"og:description\" content=\"Povodom obilje\u017eavanja Dana sje\u0107anja na \u017ertvu Vukovara 1991. \u2013 2024. godine Institut dru\u0161tvenih znanosti Ivo Pilar, Podru\u010dni centar Vukovar, organizirao je dva doga\u0111anja. Prvo doga\u0111anje odnosilo se na predstavljanje Zbornika radova Vukovar \u201991. Vukovar danas \u2013 sje\u0107anja, iskustva i realitet \u017eivljenja 14. studenog 2024. godine u Gradskom muzeju Vukovar, a drugo doga\u0111anje odnosilo se na&hellip; Pro\u010ditaj vi\u0161e o Predstavljanje zbornika VUKOVAR DANAS &#8211; SJE\u0106ANJA, ISKUSTVA I REALITET \u017dIVLJENJA; Vukovar, 14. 11. 2024.\" \/>\n<meta property=\"og:url\" content=\"https:\/\/www.vegaintro-projekti.com\/pilar-stari\/2024\/11\/predstavljanje-zbornika-vukovar-danas-sjecanja-iskustva-i-realitet-zivljenja-vukovar-14-11-2024\/\" \/>\n<meta property=\"og:site_name\" content=\"Institut dru&scaron;tvenih znanosti Ivo Pilar\" \/>\n<meta property=\"article:published_time\" content=\"2024-11-16T16:37:28+00:00\" \/>\n<meta property=\"article:modified_time\" content=\"2024-11-20T17:00:55+00:00\" \/>\n<meta property=\"og:image\" content=\"https:\/\/www.vegaintro-projekti.com\/pilar-stari\/wp-content\/uploads\/2024\/11\/IMG_fi-2.jpg\" \/>\n\t<meta property=\"og:image:width\" content=\"500\" \/>\n\t<meta property=\"og:image:height\" content=\"221\" \/>\n\t<meta property=\"og:image:type\" content=\"image\/jpeg\" \/>\n<meta name=\"author\" content=\"Boris\" \/>\n<meta name=\"twitter:card\" content=\"summary_large_image\" \/>\n<meta name=\"twitter:label1\" content=\"Napisao\/la\" \/>\n\t<meta name=\"twitter:data1\" content=\"Boris\" \/>\n\t<meta name=\"twitter:label2\" content=\"Procijenjeno vrijeme \u010ditanja\" \/>\n\t<meta name=\"twitter:data2\" content=\"3 minute\" \/>\n<script type=\"application\/ld+json\" class=\"yoast-schema-graph\">{\"@context\":\"https:\/\/schema.org\",\"@graph\":[{\"@type\":\"WebPage\",\"@id\":\"https:\/\/www.vegaintro-projekti.com\/pilar-stari\/2024\/11\/predstavljanje-zbornika-vukovar-danas-sjecanja-iskustva-i-realitet-zivljenja-vukovar-14-11-2024\/\",\"url\":\"https:\/\/www.vegaintro-projekti.com\/pilar-stari\/2024\/11\/predstavljanje-zbornika-vukovar-danas-sjecanja-iskustva-i-realitet-zivljenja-vukovar-14-11-2024\/\",\"name\":\"Predstavljanje zbornika VUKOVAR DANAS - SJE\u0106ANJA, ISKUSTVA I REALITET \u017dIVLJENJA; Vukovar, 14. 11. 2024. - Institut dru&scaron;tvenih znanosti Ivo Pilar\",\"isPartOf\":{\"@id\":\"https:\/\/www.vegaintro-projekti.com\/pilar-stari\/#website\"},\"datePublished\":\"2024-11-16T16:37:28+00:00\",\"dateModified\":\"2024-11-20T17:00:55+00:00\",\"author\":{\"@id\":\"https:\/\/www.vegaintro-projekti.com\/pilar-stari\/#\/schema\/person\/ddd404c9f1e15e4ffef5986ac6a5d28b\"},\"breadcrumb\":{\"@id\":\"https:\/\/www.vegaintro-projekti.com\/pilar-stari\/2024\/11\/predstavljanje-zbornika-vukovar-danas-sjecanja-iskustva-i-realitet-zivljenja-vukovar-14-11-2024\/#breadcrumb\"},\"inLanguage\":\"hr\",\"potentialAction\":[{\"@type\":\"ReadAction\",\"target\":[\"https:\/\/www.vegaintro-projekti.com\/pilar-stari\/2024\/11\/predstavljanje-zbornika-vukovar-danas-sjecanja-iskustva-i-realitet-zivljenja-vukovar-14-11-2024\/\"]}]},{\"@type\":\"BreadcrumbList\",\"@id\":\"https:\/\/www.vegaintro-projekti.com\/pilar-stari\/2024\/11\/predstavljanje-zbornika-vukovar-danas-sjecanja-iskustva-i-realitet-zivljenja-vukovar-14-11-2024\/#breadcrumb\",\"itemListElement\":[{\"@type\":\"ListItem\",\"position\":1,\"name\":\"Home\",\"item\":\"https:\/\/www.vegaintro-projekti.com\/pilar-stari\/\"},{\"@type\":\"ListItem\",\"position\":2,\"name\":\"Predstavljanje zbornika VUKOVAR DANAS &#8211; SJE\u0106ANJA, ISKUSTVA I REALITET \u017dIVLJENJA; Vukovar, 14. 11. 2024.\"}]},{\"@type\":\"WebSite\",\"@id\":\"https:\/\/www.vegaintro-projekti.com\/pilar-stari\/#website\",\"url\":\"https:\/\/www.vegaintro-projekti.com\/pilar-stari\/\",\"name\":\"Institut dru&scaron;tvenih znanosti Ivo Pilar\",\"description\":\"Pilar\",\"potentialAction\":[{\"@type\":\"SearchAction\",\"target\":{\"@type\":\"EntryPoint\",\"urlTemplate\":\"https:\/\/www.vegaintro-projekti.com\/pilar-stari\/?s={search_term_string}\"},\"query-input\":\"required name=search_term_string\"}],\"inLanguage\":\"hr\"},{\"@type\":\"Person\",\"@id\":\"https:\/\/www.vegaintro-projekti.com\/pilar-stari\/#\/schema\/person\/ddd404c9f1e15e4ffef5986ac6a5d28b\",\"name\":\"Boris\",\"image\":{\"@type\":\"ImageObject\",\"inLanguage\":\"hr\",\"@id\":\"https:\/\/www.vegaintro-projekti.com\/pilar-stari\/#\/schema\/person\/image\/\",\"url\":\"https:\/\/secure.gravatar.com\/avatar\/29557b161a6ce6ab86ac1503164f1e90?s=96&d=mm&r=g\",\"contentUrl\":\"https:\/\/secure.gravatar.com\/avatar\/29557b161a6ce6ab86ac1503164f1e90?s=96&d=mm&r=g\",\"caption\":\"Boris\"},\"url\":\"https:\/\/www.vegaintro-projekti.com\/pilar-stari\/author\/boris\/\"}]}<\/script>\n<!-- \/ Yoast SEO plugin. -->","yoast_head_json":{"title":"Predstavljanje zbornika VUKOVAR DANAS - SJE\u0106ANJA, ISKUSTVA I REALITET \u017dIVLJENJA; Vukovar, 14. 11. 2024. - Institut dru&scaron;tvenih znanosti Ivo Pilar","robots":{"index":"noindex","follow":"follow","max-snippet":"max-snippet:-1","max-image-preview":"max-image-preview:large","max-video-preview":"max-video-preview:-1"},"og_locale":"hr_HR","og_type":"article","og_title":"Predstavljanje zbornika VUKOVAR DANAS - SJE\u0106ANJA, ISKUSTVA I REALITET \u017dIVLJENJA; Vukovar, 14. 11. 2024. - Institut dru&scaron;tvenih znanosti Ivo Pilar","og_description":"Povodom obilje\u017eavanja Dana sje\u0107anja na \u017ertvu Vukovara 1991. \u2013 2024. godine Institut dru\u0161tvenih znanosti Ivo Pilar, Podru\u010dni centar Vukovar, organizirao je dva doga\u0111anja. Prvo doga\u0111anje odnosilo se na predstavljanje Zbornika radova Vukovar \u201991. Vukovar danas \u2013 sje\u0107anja, iskustva i realitet \u017eivljenja 14. studenog 2024. godine u Gradskom muzeju Vukovar, a drugo doga\u0111anje odnosilo se na&hellip; Pro\u010ditaj vi\u0161e o Predstavljanje zbornika VUKOVAR DANAS &#8211; SJE\u0106ANJA, ISKUSTVA I REALITET \u017dIVLJENJA; Vukovar, 14. 11. 2024.","og_url":"https:\/\/www.vegaintro-projekti.com\/pilar-stari\/2024\/11\/predstavljanje-zbornika-vukovar-danas-sjecanja-iskustva-i-realitet-zivljenja-vukovar-14-11-2024\/","og_site_name":"Institut dru&scaron;tvenih znanosti Ivo Pilar","article_published_time":"2024-11-16T16:37:28+00:00","article_modified_time":"2024-11-20T17:00:55+00:00","og_image":[{"width":500,"height":221,"url":"https:\/\/www.vegaintro-projekti.com\/pilar-stari\/wp-content\/uploads\/2024\/11\/IMG_fi-2.jpg","type":"image\/jpeg"}],"author":"Boris","twitter_card":"summary_large_image","twitter_misc":{"Napisao\/la":"Boris","Procijenjeno vrijeme \u010ditanja":"3 minute"},"schema":{"@context":"https:\/\/schema.org","@graph":[{"@type":"WebPage","@id":"https:\/\/www.vegaintro-projekti.com\/pilar-stari\/2024\/11\/predstavljanje-zbornika-vukovar-danas-sjecanja-iskustva-i-realitet-zivljenja-vukovar-14-11-2024\/","url":"https:\/\/www.vegaintro-projekti.com\/pilar-stari\/2024\/11\/predstavljanje-zbornika-vukovar-danas-sjecanja-iskustva-i-realitet-zivljenja-vukovar-14-11-2024\/","name":"Predstavljanje zbornika VUKOVAR DANAS - SJE\u0106ANJA, ISKUSTVA I REALITET \u017dIVLJENJA; Vukovar, 14. 11. 2024. - Institut dru&scaron;tvenih znanosti Ivo Pilar","isPartOf":{"@id":"https:\/\/www.vegaintro-projekti.com\/pilar-stari\/#website"},"datePublished":"2024-11-16T16:37:28+00:00","dateModified":"2024-11-20T17:00:55+00:00","author":{"@id":"https:\/\/www.vegaintro-projekti.com\/pilar-stari\/#\/schema\/person\/ddd404c9f1e15e4ffef5986ac6a5d28b"},"breadcrumb":{"@id":"https:\/\/www.vegaintro-projekti.com\/pilar-stari\/2024\/11\/predstavljanje-zbornika-vukovar-danas-sjecanja-iskustva-i-realitet-zivljenja-vukovar-14-11-2024\/#breadcrumb"},"inLanguage":"hr","potentialAction":[{"@type":"ReadAction","target":["https:\/\/www.vegaintro-projekti.com\/pilar-stari\/2024\/11\/predstavljanje-zbornika-vukovar-danas-sjecanja-iskustva-i-realitet-zivljenja-vukovar-14-11-2024\/"]}]},{"@type":"BreadcrumbList","@id":"https:\/\/www.vegaintro-projekti.com\/pilar-stari\/2024\/11\/predstavljanje-zbornika-vukovar-danas-sjecanja-iskustva-i-realitet-zivljenja-vukovar-14-11-2024\/#breadcrumb","itemListElement":[{"@type":"ListItem","position":1,"name":"Home","item":"https:\/\/www.vegaintro-projekti.com\/pilar-stari\/"},{"@type":"ListItem","position":2,"name":"Predstavljanje zbornika VUKOVAR DANAS &#8211; SJE\u0106ANJA, ISKUSTVA I REALITET \u017dIVLJENJA; Vukovar, 14. 11. 2024."}]},{"@type":"WebSite","@id":"https:\/\/www.vegaintro-projekti.com\/pilar-stari\/#website","url":"https:\/\/www.vegaintro-projekti.com\/pilar-stari\/","name":"Institut dru&scaron;tvenih znanosti Ivo Pilar","description":"Pilar","potentialAction":[{"@type":"SearchAction","target":{"@type":"EntryPoint","urlTemplate":"https:\/\/www.vegaintro-projekti.com\/pilar-stari\/?s={search_term_string}"},"query-input":"required name=search_term_string"}],"inLanguage":"hr"},{"@type":"Person","@id":"https:\/\/www.vegaintro-projekti.com\/pilar-stari\/#\/schema\/person\/ddd404c9f1e15e4ffef5986ac6a5d28b","name":"Boris","image":{"@type":"ImageObject","inLanguage":"hr","@id":"https:\/\/www.vegaintro-projekti.com\/pilar-stari\/#\/schema\/person\/image\/","url":"https:\/\/secure.gravatar.com\/avatar\/29557b161a6ce6ab86ac1503164f1e90?s=96&d=mm&r=g","contentUrl":"https:\/\/secure.gravatar.com\/avatar\/29557b161a6ce6ab86ac1503164f1e90?s=96&d=mm&r=g","caption":"Boris"},"url":"https:\/\/www.vegaintro-projekti.com\/pilar-stari\/author\/boris\/"}]}},"_links":{"self":[{"href":"https:\/\/www.vegaintro-projekti.com\/pilar-stari\/wp-json\/wp\/v2\/posts\/31523"}],"collection":[{"href":"https:\/\/www.vegaintro-projekti.com\/pilar-stari\/wp-json\/wp\/v2\/posts"}],"about":[{"href":"https:\/\/www.vegaintro-projekti.com\/pilar-stari\/wp-json\/wp\/v2\/types\/post"}],"author":[{"embeddable":true,"href":"https:\/\/www.vegaintro-projekti.com\/pilar-stari\/wp-json\/wp\/v2\/users\/7"}],"replies":[{"embeddable":true,"href":"https:\/\/www.vegaintro-projekti.com\/pilar-stari\/wp-json\/wp\/v2\/comments?post=31523"}],"version-history":[{"count":11,"href":"https:\/\/www.vegaintro-projekti.com\/pilar-stari\/wp-json\/wp\/v2\/posts\/31523\/revisions"}],"predecessor-version":[{"id":31767,"href":"https:\/\/www.vegaintro-projekti.com\/pilar-stari\/wp-json\/wp\/v2\/posts\/31523\/revisions\/31767"}],"wp:featuredmedia":[{"embeddable":true,"href":"https:\/\/www.vegaintro-projekti.com\/pilar-stari\/wp-json\/wp\/v2\/media\/31520"}],"wp:attachment":[{"href":"https:\/\/www.vegaintro-projekti.com\/pilar-stari\/wp-json\/wp\/v2\/media?parent=31523"}],"wp:term":[{"taxonomy":"category","embeddable":true,"href":"https:\/\/www.vegaintro-projekti.com\/pilar-stari\/wp-json\/wp\/v2\/categories?post=31523"},{"taxonomy":"post_tag","embeddable":true,"href":"https:\/\/www.vegaintro-projekti.com\/pilar-stari\/wp-json\/wp\/v2\/tags?post=31523"}],"curies":[{"name":"wp","href":"https:\/\/api.w.org\/{rel}","templated":true}]}}