{"id":316,"date":"2014-09-11T00:00:00","date_gmt":"2014-09-11T00:00:00","guid":{"rendered":"https:\/\/www.vegaintro-projekti.com\/pilar-stari\/2014\/09\/11\/pregled-novosti-info\/"},"modified":"2017-12-08T11:56:54","modified_gmt":"2017-12-08T11:56:54","slug":"pregled-novosti-info","status":"publish","type":"post","link":"https:\/\/www.vegaintro-projekti.com\/pilar-stari\/2014\/09\/pregled-novosti-info\/","title":{"rendered":"Pregled: Info"},"content":{"rendered":"<p>&nbsp;<\/p>\n<p>&#8211;&nbsp;<a href=\"https:\/\/www.vegaintro-projekti.com\/pilar-stari\/2016\/12\/dr-sc-inga-tomic-koludrovic-dobitnica-drzavne-nagrade-za-znanost-za-2015\/\">Dr. sc. Inga Tomi\u0107 Koludrovi\u0107 dobitnica Dr\u017eavne nagrade za znanost za 2015.<\/a><br \/>&#8211;&nbsp;<a href=\"https:\/\/www.vegaintro-projekti.com\/pilar-stari\/2017\/01\/objavljen-dvobroj-19-20-casopisa-pilar\/\">Objavljen dvobroj 19-20 \u010dasopisa PILAR<\/a><br \/>&#8211;&nbsp;<a href=\"https:\/\/www.vegaintro-projekti.com\/pilar-stari\/2016\/12\/cestit-bozic-i-uspjesna-nova-2017-godina\/\">\u010cestit Bo\u017ei\u0107 i uspje\u0161na nova 2017. godina<\/a><br \/>&#8211;&nbsp;<a href=\"https:\/\/www.vegaintro-projekti.com\/pilar-stari\/2016\/12\/proslava-25-obljetnice-instituta-ivo-pilar-u-vukovaru\/\">PROSLAVA 25. OBLJETNICE INSTITUTA IVO PILAR U VUKOVARU, 25.-26. 11. 2016.<\/a><br \/>&#8211;&nbsp;<a href=\"https:\/\/www.vegaintro-projekti.com\/pilar-stari\/2016\/12\/25-godina-casopisa-drustvena-istrazivanja\/\">25 godina \u010dasopisa DRU\u0160TVENA ISTRA\u017dIVANJA, 9. 12. 2016.<\/a><br \/>&#8211; <a href=\"https:\/\/www.vegaintro-projekti.com\/pilar-stari\/2016\/12\/dr-sc-viniciju-b-lupisu-red-danice-hrvatske-s-likom-marka-marulica\/\">Dr. sc. Viniciju B. Lupisu Red Danice hrvatske s likom Marka Maruli\u0107a<\/a><br \/>&#8211; <a href=\"https:\/\/www.vegaintro-projekti.com\/pilar-stari\/2016\/11\/podrucnom-centru-osijek-javno-priznaje-pecat-grada-osijeka\/\">Podru\u010dnom centru Osijek javno priznanje PE\u010cAT GRADA OSIJEKA za 2016. godinu<\/a><br \/>&#8211;&nbsp;<a href=\"https:\/\/www.vegaintro-projekti.com\/pilar-stari\/2016\/11\/133-broj-casopisa-drustvena-istrazivanja\/\">133. broj \u010dasopisa DRU\u0160TVENA ISTRA\u017dIVANJA<\/a><br \/>&#8211;&nbsp;<a href=\"https:\/\/www.vegaintro-projekti.com\/pilar-stari\/2016\/09\/otkrivanje-spomen-ploce-ivi-pilaru-zmaju-tuzlanskom-28-9-2016\/\">Otkrivanje spomen-plo\u010de IVI PILARU, Zmaju Tuzlanskom; 28. 9. 2016.<\/a><br \/>&#8211;&nbsp;<a href=\"https:\/\/www.vegaintro-projekti.com\/pilar-stari\/2016\/08\/132-broj-casopisa-drustvena-istrazivanja\/\">132. broj \u010dasopisa DRU\u0160TVENA ISTRA\u017dIVANJA<\/a><br \/>&#8211;&nbsp;<a href=\"https:\/\/www.vegaintro-projekti.com\/pilar-stari\/2016\/08\/dr-sc-vinicije-b-lupis-odlikovan-redom-danice-hrvatske-s-likom-m-marulica\/\">Dr. sc. Vinicije B. Lupis odlikovan Redom Danice hrvatske s likom M. Maruli\u0107a<\/a><br \/>&#8211;&nbsp;<a href=\"https:\/\/www.vegaintro-projekti.com\/pilar-stari\/2016\/06\/131-broj-casopisa-drustvena-istrazivanja\/\">131. broj \u010dasopisa DRU\u0160TVENA ISTRA\u017dIVANJA<\/a><br \/>&#8211;&nbsp;<a href=\"https:\/\/www.vegaintro-projekti.com\/pilar-stari\/2016\/04\/objavljen-dvobroj-17-18-casopisa-pilar\/\">Objavljen dvobroj 17-18 \u010dasopisa PILAR<\/a><br \/>&#8211;&nbsp;<a href=\"https:\/\/www.vegaintro-projekti.com\/pilar-stari\/2016\/03\/130-broj-casopisa-drustvena-istrazivanja\/\">130. broj \u010dasopisa DRU\u0160TVENA ISTRA\u017dIVANJA<\/a><br \/>&#8211;&nbsp;<a href=\"https:\/\/www.vegaintro-projekti.com\/pilar-stari\/2016\/03\/sretan-uskrs-2016\/\">Sretan Uskrs 2016.!<\/a><br \/>&#8211; <a href=\"https:\/\/www.vegaintro-projekti.com\/pilar-stari\/2015\/09\/leksikon-hrvatskog-iseljenistva-i-manjina-on-line-poziv-citateljima\/\">LEKSIKON HRVATSKOG ISELJENI\u0160TVA I MANJINA \u2013 Poziv \u010ditateljima<\/a><br \/>&#8211;&nbsp;<a href=\"https:\/\/www.vegaintro-projekti.com\/pilar-stari\/2016\/01\/cestit-bozic-i-uspjesna-nova-2016-godina\/\">\u010cestit Bo\u017ei\u0107 i uspje\u0161na nova 2016. godina<\/a><br \/>&#8211;&nbsp;<a href=\"https:\/\/www.vegaintro-projekti.com\/pilar-stari\/2016\/01\/129-broj-casopisa-drustvena-istrazivanja\/\">129. broj \u010dasopisa DRU\u0160TVENA ISTRA\u017dIVANJA<\/a><br \/>&#8211;&nbsp;<a href=\"https:\/\/www.vegaintro-projekti.com\/pilar-stari\/2015\/12\/dan-instituta-2015-u-puli\/\">DAN INSTITUTA 2015. U PULI<\/a><br \/>&#8211;&nbsp;<a href=\"https:\/\/www.vegaintro-projekti.com\/pilar-stari\/2015\/12\/znanstvenici-instituta-na-slezijskom-sveucilistu-u-katowicama\/\">Znanstvenici Instituta na \u0160lezijskom sveu\u010dili\u0161tu u Katowicama<\/a><br \/>&#8211;&nbsp;<a href=\"https:\/\/www.vegaintro-projekti.com\/pilar-stari\/2015\/11\/sporazum-instituta-ivo-pilar-i-romskog-nacionalnog-vijeca\/\">SPORAZUM INSTITUTA IVO PILAR I ROMSKOG NACIONALNOG VIJE\u0106A<\/a><br \/>&#8211;&nbsp;<a href=\"https:\/\/www.vegaintro-projekti.com\/pilar-stari\/2015\/09\/predstavljanje-leksikona-hrvatskog-iseljensistva-i-manjina-6-10-2015\/\">Predstavljanje LEKSIKONA HRVATSKOG ISELJENI\u0160TVA I MANJINA, 6. 10. 2015.<\/a><br \/>&#8211;&nbsp;<a href=\"https:\/\/www.vegaintro-projekti.com\/pilar-stari\/2015\/09\/128-broj-casopisa-drustvena-istrazivanja\/\">128. broj \u010dasopisa DRU\u0160TVENA ISTRA\u017dIVANJA<\/a><br \/>&#8211;&nbsp;<a href=\"https:\/\/www.vegaintro-projekti.com\/pilar-stari\/2015\/09\/nova-adresa-podrucnog-centra-vukovar\/\">Nova adresa PODRU\u010cNOG CENTRA VUKOVAR, 15. 7. 2015.<\/a><br \/>&#8211;&nbsp;<a href=\"https:\/\/www.vegaintro-projekti.com\/pilar-stari\/2015\/07\/konferencija-za-medije-pilarov-barometar-2015\/\">Konferencija za medije: PILAROV BAROMETAR 2015.<\/a><br \/>&#8211; <a href=\"https:\/\/www.vegaintro-projekti.com\/pilar-stari\/2015\/07\/konferencija-za-medije-pilarov-barometar-2015\/\">PILAROV BAROMETAR HRVATSKOGA DRU\u0160TVA 2015.<\/a><br \/>&#8211; <a href=\"https:\/\/www.vegaintro-projekti.com\/pilar-stari\/2015\/05\/127-broj-casopisa-drustvena-istrazivanja\/\">127. broj \u010dasopisa DRU\u0160TVENA ISTRA\u017dIVANJA<\/a><br \/>&#8211;&nbsp;<a href=\"https:\/\/www.vegaintro-projekti.com\/pilar-stari\/2015\/05\/study-abroad-program-2015-university-of-georgia\/\">STUDY ABROAD PROGRAM 2015 \u2013 UNIVERSITY OF GEORGIA<\/a><br \/>&#8211; <a href=\"https:\/\/www.vegaintro-projekti.com\/pilar-stari\/2015\/04\/drustvena-istrazivanja-medu-5770-casopisa-u-bazi-erih-plus\/\">&#8220;Dru\u0161tvena istra\u017eivanja&#8221; me\u0111u 5770 \u010dasopisa u bazi ERIH PLUS<\/a><br \/>&#8211;&nbsp;<a href=\"https:\/\/www.vegaintro-projekti.com\/pilar-stari\/2015\/04\/sretan-uskrs-2015\/\">Sretan Uskrs 2015.!<\/a><br \/>&#8211;&nbsp;<a href=\"https:\/\/www.vegaintro-projekti.com\/pilar-stari\/2015\/03\/casopis-mostariensia-u-sunakladnistvu-instituta-ivo-pilar\/\">\u010casopis MOSTARIENSIA u sunakladni\u0161tvu Instituta Ivo Pilar<\/a><br \/>&#8211; <a href=\"https:\/\/www.vegaintro-projekti.com\/pilar-stari\/2015\/03\/126-broj-casopisa-drustvena-istrazivanja\/\">126. broj \u010dasopisa DRU\u0160TVENA ISTRA\u017dIVANJA<\/a><br \/>&#8211;&nbsp;<a href=\"https:\/\/www.vegaintro-projekti.com\/pilar-stari\/2015\/01\/hr-excellence-in-researches\/\">&#8220;HR Excellence in Researches&#8221;<\/a><br \/>&#8211;&nbsp;<a href=\"https:\/\/www.vegaintro-projekti.com\/pilar-stari\/2015\/01\/usuret-priznanju-hr-excellence-in-researches\/\">USUSRET PRIZNANJU &#8220;HR Excellence in Researches&#8221;<\/a><br \/>&#8211;&nbsp;<a href=\"https:\/\/www.vegaintro-projekti.com\/pilar-stari\/2014\/12\/cestit-bozic-i-uspjesnu-novu-2015-godinu\/\">\u010cestit Bo\u017ei\u0107 i uspje\u0161na nova 2015. godina<\/a><br \/>&#8211; <a href=\"https:\/\/www.vegaintro-projekti.com\/pilar-stari\/2014\/12\/125-broj-casopisa-drustvena-istrazivanja\/\">125. broj \u010dasopisa DRU\u0160TVENA ISTRA\u017dIVANJA<\/a><br \/>&#8211;&nbsp;<a href=\"https:\/\/www.vegaintro-projekti.com\/pilar-stari\/2014\/12\/dan-instituta-ivo-pilar-2014\/\">DAN INSTITUTA IVO PILAR 2014.<\/a><br \/>&#8211;&nbsp;<a href=\"https:\/\/www.vegaintro-projekti.com\/pilar-stari\/2014\/12\/splitski-gradonacelnik-primio-izaslanstvo-instituta-ivo-pilar\/\">Splitski gradona\u010delnik primio izaslanstvo Instituta Ivo Pilar<\/a><br \/>&#8211; <a href=\"https:\/\/www.vegaintro-projekti.com\/pilar-stari\/2014\/11\/institut-pilar-sastavni-dio-centra-izvrsnosti-u-podrucju-drustvenih-znanosti\/\">INSTITUT PILAR U DRU\u0160TVENOZNANSTVENOM CENTRU IZVRSNOSTI<\/a><br \/>&#8211; <a href=\"https:\/\/www.vegaintro-projekti.com\/pilar-stari\/2014\/11\/dr-sc-sasi-poljenec-boric-priznanje-sveucilista-u-georgiji-sad\/\">Dr. sc. SA\u0160I POLJENEC BORI\u0106 PRIZNANJE SVEU\u010cILI\u0160TA U GEORGIJI (SAD)<\/a><br \/>&#8211; <a href=\"https:\/\/www.vegaintro-projekti.com\/pilar-stari\/2014\/07\/124-broj-casopisa-drustvena-istrazivanja\/\">124. broj \u010dasopisa DRU\u0160TVENA ISTRA\u017dIVANJA<\/a><br \/>&#8211; <a href=\"https:\/\/www.vegaintro-projekti.com\/pilar-stari\/2014\/09\/podrucni-centar-vukovar-domacin-udruzi-europa-union-iz-haana\/\">Podru\u010dni centar Vukovar doma\u0107in udruzi Europa-Union iz Haana<\/a><br \/>&#8211;&nbsp;<a href=\"https:\/\/www.vegaintro-projekti.com\/pilar-stari\/2014\/07\/pilarov-barometar-rezultati-i-odjeci\/\">PILAROV BAROMETAR &#8211; Rezultati 2014. i odjeci u medijima<\/a><br \/>&#8211;&nbsp;<a href=\"https:\/\/www.vegaintro-projekti.com\/pilar-stari\/2014\/06\/123-broj-casopisa-drustvena-istrazivanja\/\">123. broj \u010dasopisa DRU\u0160TVENA ISTRA\u017dIVANJA<\/a><br \/>&#8211;&nbsp;<a href=\"https:\/\/www.vegaintro-projekti.com\/pilar-stari\/2014\/06\/objavljen-dvobroj-15-16-casopisa-pilar\/\">Objavljen dvobroj 15-16 \u010dasopisa PILAR<\/a><br \/>&#8211;&nbsp;<a href=\"https:\/\/www.vegaintro-projekti.com\/pilar-stari\/2014\/05\/sporazum-o-suradnji-veleucilista-lavoslav-ruzicka-i-instituta-ivo-pilar\/\">Sporazum o suradnji Veleu\u010dili\u0161ta Lavoslav Ru\u017ei\u010dka i Instituta Ivo Pilar<\/a><br \/>&#8211; <a href=\"https:\/\/www.vegaintro-projekti.com\/pilar-stari\/2014\/05\/program-nastave-za-studente-sveucilista-u-georgiji-za-2014\/\">Program nastave za studente Sveu\u010dili\u0161ta u Georgiji za 2014.<\/a><br \/>&#8211; <a href=\"https:\/\/www.vegaintro-projekti.com\/pilar-stari\/2014\/05\/sretan-uskrs-2014\/\">Sretan Uskrs!<\/a><br \/>&#8211;&nbsp;<a href=\"https:\/\/www.vegaintro-projekti.com\/pilar-stari\/2014\/03\/cost-konferencija-administratora-projekata-financiranih-iz-fondova-eu\/\">Konferencija administratora projekata financiranih iz fondova EU<\/a><br \/>&#8211;&nbsp;<a href=\"https:\/\/www.vegaintro-projekti.com\/pilar-stari\/2014\/03\/podrucnom-centru-vukovar-zahvalnica-hkg-drustva-dunav\/\">Podru\u010dnom centru Vukovar zahvalnica HKG dru\u0161tva &#8220;Dunav&#8221;<\/a><br \/>&#8211;&nbsp;<a href=\"https:\/\/www.vegaintro-projekti.com\/pilar-stari\/2014\/03\/sporazum-o-suradnji-sveucilista-u-mostaru-i-instituta-ivo-pilar\/\">Sporazum o suradnji Sveu\u010dili\u0161ta u Mostaru i Instituta Ivo Pilar<\/a><br \/>&#8211;&nbsp;<a href=\"https:\/\/www.vegaintro-projekti.com\/pilar-stari\/2014\/02\/122-broj-casopisa-drustvena-istrazivanja\/\">122. broj \u010dasopisa DRU\u0160TVENA ISTRA\u017dIVANJA<\/a><br \/>&#8211;&nbsp;<a href=\"https:\/\/www.vegaintro-projekti.com\/pilar-stari\/2014\/01\/objavljen-14-broj-casopisa-pilar\/\">Objavljen 14. broj \u010dasopisa PILAR<\/a><br \/>&#8211; <a href=\"https:\/\/www.vegaintro-projekti.com\/pilar-stari\/2014\/01\/gesis-ov-panel-za-istrazivanja-u-drustvenim-znanostima-14-1-2014\/\">GESIS-ov panel za istra\u017eivanja u dru\u0161tvenim znanostima, 14. 1. 2014.<\/a><br \/>&#8211; <a href=\"https:\/\/www.vegaintro-projekti.com\/pilar-stari\/2008\/10\/zbornici-i-studije\/\">Sretan Bo\u017ei\u0107 i uspje\u0161nu novu 2014. godinu<\/a><br \/>&#8211; <a href=\"https:\/\/www.vegaintro-projekti.com\/pilar-stari\/2014\/01\/prof-dr-sc-vlado-sakic-perspektive-hrvatskoga-drustva-u-eu-u\/\">Prof. dr. sc. Vlado \u0160aki\u0107: PERSPEKTIVE HRVATSKOGA DRU\u0160TVA U EU-u<\/a><br \/>&#8211; <a href=\"https:\/\/www.vegaintro-projekti.com\/pilar-stari\/2013\/12\/dan-instituta-pilar-2013-obiljezen-u-gospicu\/\">Dan Instituta Pilar 2013. obilje\u017een u Gospi\u0107u<\/a><br \/>&#8211; <a href=\"https:\/\/www.vegaintro-projekti.com\/pilar-stari\/2013\/12\/kako-iskoristiti-gesis-panel-za-drustvenoznanstvena-istrazivanja\/\">Kako iskoristiti GESIS panel za dru\u0161tvenoznanstvena istra\u017eivanja?<\/a><br \/>&#8211; <a href=\"https:\/\/www.vegaintro-projekti.com\/pilar-stari\/2013\/12\/donacija-projektu-socio-kulturni-i-rodni-aspekti-starenja-u-hrvatskoj\/\">Donacija projektu Socio-kulturni i rodni aspekti starenja u Hrvatskoj<\/a><br \/>&#8211; <a href=\"https:\/\/www.vegaintro-projekti.com\/pilar-stari\/2013\/11\/121-broj-casopisa-drustvena-istrazivanja\/\">121. broj \u010dasopisa DRU\u0160TVENA ISTRA\u017dIVANJA<\/a><br \/>&#8211; <a href=\"https:\/\/www.vegaintro-projekti.com\/pilar-stari\/2013\/11\/institut-ivo-pilar-u-projektu-glas-istrazivackih-administratora-cost-tn1302\/\">Institut Pilar u projektu &#8220;Glas istra\u017eiva\u010dkih administratora&#8221; (COST TN1302)<\/a><br \/>&#8211; <a href=\"https:\/\/www.vegaintro-projekti.com\/pilar-stari\/2013\/09\/120-broj-casopisa-drustvena-istrazivanja\/\">120. broj \u010dasopisa DRU\u0160TVENA ISTRA\u017dIVANJA<\/a><br \/>&#8211; <a href=\"https:\/\/www.vegaintro-projekti.com\/pilar-stari\/2013\/09\/objavljen-21-svezak-casopisa-histria-antiqua\/\">Objavljen 21. svezak \u010dasopisa HISTRIA ANTIQUA<\/a><br \/>&#8211;&nbsp;<a href=\"https:\/\/www.vegaintro-projekti.com\/pilar-stari\/2013\/06\/119-broj-asopisa-drutvena-istraivanja\/\">119. broj \u010dasopisa DRU\u0160TVENA ISTRA\u017dIVANJA<\/a><br \/>&#8211; <a href=\"https:\/\/www.vegaintro-projekti.com\/pilar-stari\/2013\/05\/konferencija-za-tisak-suradnje-sveuilita-u-georgiji-i-instituta-pilar\/\">SURADNJA SVEU\u010cILI\u0160TA U GEORGIJI I INSTITUTA IVO PILAR<\/a><br \/>&#8211; <a href=\"https:\/\/www.vegaintro-projekti.com\/pilar-stari\/2013\/05\/pleketa-grada-vukovara-podrunom-centru-vukovar\/\">PLAKETA GRADA VUKOVARA Institutu Ivo Pilar &#8211; Podru\u010dni centar Vukovar<\/a><br \/>&#8211; <a href=\"https:\/\/www.vegaintro-projekti.com\/pilar-stari\/2013\/04\/sretan-uskrs\/\">Sretan Uskrs!<\/a><br \/>&#8211;&nbsp;<a href=\"https:\/\/www.vegaintro-projekti.com\/pilar-stari\/2013\/02\/118-broj-asopisa-drutvena-istraivanja\/\">118. broj \u010dasopisa DRU\u0160TVENA ISTRA\u017dIVANJA<\/a><br \/>&#8211; <a href=\"https:\/\/www.vegaintro-projekti.com\/pilar-stari\/2013\/01\/sretan-boi-i-uspjenu-novu-2013-godinu\/\">Sretan Bo\u017ei\u0107 i uspje\u0161nu novu 2013. godinu<\/a><br \/>&#8211; <a href=\"https:\/\/www.vegaintro-projekti.com\/pilar-stari\/2012\/11\/117-broj-asopisa-drutvena-istraivanja\/\">117. broj \u010dasopisa DRU\u0160TVENA ISTRA\u017dIVANJA<\/a><br \/>&#8211;&nbsp;<a href=\"https:\/\/www.vegaintro-projekti.com\/pilar-stari\/2012\/10\/objavljen-13-broj-asopisa-pilar\/\">Objavljen 13. broj \u010dasopisa PILAR<\/a><br \/>&#8211;&nbsp;<a href=\"https:\/\/www.vegaintro-projekti.com\/pilar-stari\/2012\/06\/rezultati-5-kruga-europskog-drutvenog-istraivanja-za-hrvatsku\/\">Rezultati 5. kruga Europskog dru\u0161tvenog istra\u017eivanja za Hrvatsku<\/a> <br \/>&#8211;&nbsp;<a href=\"https:\/\/www.vegaintro-projekti.com\/pilar-stari\/2012\/07\/turistiki-cvijet-2012-kvaliteta-za-hrvatsku\/\">TURISTI\u010cKI CVIJET 2012. \u2013 Kvaliteta za Hrvatsku<\/a><br \/>&#8211; <a href=\"https:\/\/www.vegaintro-projekti.com\/pilar-stari\/2012\/08\/javni-poziv-za-predlaganje-kandidata-za-lanove-upravnog-odbora-hrvatske-zaklade-za-znanost\/\">Javni poziv za predlaganje kandidata za \u010dlanove UO Hrvatske zaklade za znanost<\/a><br \/>&#8211;&nbsp;<a href=\"https:\/\/www.vegaintro-projekti.com\/pilar-stari\/2012\/07\/116-broj-asopisa-drutvena-istraivanja\/\">116. broj \u010dasopisa DRU\u0160TVENA ISTRA\u017dIVANJA<\/a> <br \/>&#8211;&nbsp;<a href=\"https:\/\/www.vegaintro-projekti.com\/pilar-stari\/2012\/05\/porazum-instituta-ivo-pilar-sa-sveuilitem-u-splitu\/\">SPORAZUM INSTITUTA IVO PILAR SA SVEU\u010cILI\u0160TEM U SPLITU<\/a> <br \/>&#8211;&nbsp;<a href=\"https:\/\/www.vegaintro-projekti.com\/pilar-stari\/2012\/05\/peti-program-nastave-za-studente-sveuilita-u-georgiji-iz-sad-a\/\">Peti program nastave za studente Sveu\u010dili\u0161ta u Georgiji iz SAD-a<\/a><br \/>&#8211;&nbsp;<a href=\"https:\/\/www.vegaintro-projekti.com\/pilar-stari\/2012\/05\/zlouporaba-droge-poziv-na-tiskovnu-konferenciju-11-5-2012\/\">Tiskovna konferencija: ZLOUPORABA SREDSTAVA OVISNOSTI<\/a><br \/>&#8211;&nbsp;<a href=\"https:\/\/www.vegaintro-projekti.com\/pilar-stari\/2012\/05\/predstavljena-analiza-stanja-prava-djece-i-ena-u-hrvatskoj\/\">Predstavljena ANALIZA STANJA PRAVA DJECE I \u017dENA U HRVATSKOJ<\/a> <br \/>&#8211; <a href=\"https:\/\/www.vegaintro-projekti.com\/pilar-stari\/2012\/04\/115-broj-asopisa-drutvena-istraivanja\/\">115. broj \u010dasopisa DRU\u0160TVENA ISTRA\u017dIVANJA<\/a><br \/>&#8211; <a href=\"https:\/\/www.vegaintro-projekti.com\/pilar-stari\/2012\/03\/objavljen-20-svezak-asopisa-histria-antiqua\/\">Objavljen 20. svezak \u010dasopisa HISTRIA ANTIQUA<\/a><br \/>&#8211; <a href=\"https:\/\/www.vegaintro-projekti.com\/pilar-stari\/2012\/03\/objavljen-12-broj-asopisa-pilar\/\">Objavljen 12. broj \u010dasopisa PILAR<\/a><br \/>&#8211; <a href=\"https:\/\/www.vegaintro-projekti.com\/pilar-stari\/2012\/02\/leksikon-hrvatskog-iseljenitva-i-manjina-poziv-na-suradnju\/\">LEKSIKON HRVATSKOG ISELJENI\u0160TVA I MANJINA &#8211; Poziv na suradnju<\/a><br \/>&#8211; <a href=\"https:\/\/www.vegaintro-projekti.com\/pilar-stari\/2012\/02\/potpisan-sporazum-o-suradnji-hrvatskog-katolikog-sveuilita-i-instituta-ivo-pilar\/\">Sporazum o suradnji Hrvatskog katoli\u010dkog sveu\u010dili\u0161ta i Instituta Ivo Pilar<\/a> <br \/>&#8211; <a href=\"https:\/\/www.vegaintro-projekti.com\/pilar-stari\/2012\/01\/114-bro-asopisa-drutvena-istraivanja\/\">114. broj \u010dasopisa DRU\u0160TVENA ISTRA\u017dIVANJA<\/a><br \/>&#8211; <a href=\"https:\/\/www.vegaintro-projekti.com\/pilar-stari\/2012\/01\/estit-boi-i-sretna-nova-2012-godina\/\">Novogodi\u0161nja \u010destitka Instituta za 2012. godinu<\/a><br \/>&#8211; <a href=\"https:\/\/www.vegaintro-projekti.com\/pilar-stari\/2012\/02\/20-godina-instituta-tribine-akademija-bibliografija-otvorene-karte\/\">20 GODINA INSTITUTA: Tribine, Akademija, Bibliografija, Otvorene karte&#8230;<\/a> <br \/>&#8211; <a href=\"https:\/\/www.vegaintro-projekti.com\/pilar-stari\/2011\/05\/znanstvene-tribine-20-godina-istraivanja-instituta-pilar\/\">ZNANSTVENE TRIBINE: 20 GODINA ISTRA\u017dIVANJA INSTITUTA PILAR<\/a><br \/>&#8211; <a href=\"https:\/\/www.vegaintro-projekti.com\/pilar-stari\/2011\/11\/sveana-akademija-u-povodu-20-obljetnice-instituta-ivo-pilar\/\">SVE\u010cANA AKADEMIJA u povodu 20. obljetnice Instituta Ivo Pilar<\/a><br \/>&#8211; <a href=\"https:\/\/www.vegaintro-projekti.com\/pilar-stari\/2011\/12\/prezentacija-u-povodu-20-obljetnice-instituta-ivo-pilar\/\">PREZENTACIJA u povodu 20. obljetnice Instituta Ivo Pilar<\/a><br \/>&#8211; <a href=\"https:\/\/www.vegaintro-projekti.com\/pilar-stari\/2011\/12\/govor-ravnatelja-u-povodu-20-obljetnice-instituta-ivo-pilar\/\">RIJE\u010c RAVNATELJA u povodu 20. obljetnice Instituta Ivo Pilar<\/a><br \/>&#8211; <a href=\"https:\/\/www.vegaintro-projekti.com\/pilar-stari\/2011\/11\/obiljeena-20-obljetnica-instituta-ivo-pilar\/\">IZ MEDIJA: Obilje\u017eena 20. obljetnica Instituta Ivo Pilar<\/a><br \/>&#8211; <a href=\"https:\/\/www.vegaintro-projekti.com\/pilar-stari\/2011\/11\/uz-dan-instituta-2011-20-godina-znanstvenih-istraivanja\/\">UZ DAN INSTITUTA 2011. &gt;&gt;&gt; 20 GODINA ISTRA\u017dIVANJA INSTITUTA IVO PILAR<\/a><br \/>&#8211; <a href=\"https:\/\/www.vegaintro-projekti.com\/pilar-stari\/2011\/12\/fotogalerija-dan-instituta-2011-20-obljetnica\/\">FOTOGALERIJA: Dan Instituta 2011. &#8211; 20. obljetnica<\/a><br \/>&#8211; <a href=\"https:\/\/www.vegaintro-projekti.com\/pilar-stari\/2011\/12\/fotogalerija-dan-instituta-2011-20-obljetnica\/\">FOTOGALERIJA: Sve\u010dana akademija Instituta u objektivu M. VESOVI\u0106A<\/a><br \/>&#8211; <a href=\"https:\/\/www.vegaintro-projekti.com\/pilar-stari\/2011\/12\/institut-u-snopu-56-igraih-karata\/\">OTVORENE KARTE INSTITUTA IVO PILAR<\/a><br \/>&#8211; <a href=\"https:\/\/www.vegaintro-projekti.com\/pilar-stari\/2008\/10\/institut-drutvenih-znanosti-ivo-pilar\/\">BIBLIOGRAFIJA Instituta Ivo Pilar 1992. &#8211; 2010.<\/a><br \/>&#8211; <a href=\"https:\/\/www.vegaintro-projekti.com\/pilar-stari\/2011\/11\/nogometni-susret-institut-ivo-pilar-leksikografski-zavod-miroslav-krlea\/\">NOGOMETNI SUSRET: Institut Ivo Pilar &#8211; Leksikografski zavod Miroslav Krle\u017ea<\/a><br \/>&#8211; <a href=\"https:\/\/www.vegaintro-projekti.com\/pilar-stari\/2011\/10\/institut-u-programu-dana-sjeanja-na-rtvu-vukovara-1991-2011\/\">Institut u programu Dana sje\u0107anja na \u017ertvu Vukovara, 14.11.2011.<\/a><br \/>&#8211; <a href=\"https:\/\/www.vegaintro-projekti.com\/pilar-stari\/2011\/10\/institut-ivo-pilar-u-myplace-u-meunarodnom-projektu-istraivanja-stavova-i-aktivnosti-mladih\/\">Institut Ivo Pilar u MYPLACE-u, me\u0111unarodnom projektu istra\u017eivanja mladih<\/a><br \/>&#8211; <a href=\"https:\/\/www.vegaintro-projekti.com\/pilar-stari\/2011\/10\/113-broj-drutvenih-istraivanja\/\">113. broj \u010dasopisa DRU\u0160TVENA ISTRA\u017dIVANJA<\/a><br \/>&#8211; <a href=\"https:\/\/www.vegaintro-projekti.com\/pilar-stari\/2011\/09\/potpisan-sporazum-o-suradnji-sveuilita-u-dubrovniku-i-instituta-ivo-pilar\/\">Potpisan Sporazum o suradnji Sveu\u010dili\u0161ta u Dubrovniku i Instituta Ivo Pilar<\/a><br \/>&#8211; <a href=\"https:\/\/www.vegaintro-projekti.com\/pilar-stari\/2011\/09\/potpora-projektu-znanstvene-monografije-dubrovnika\/\">Potpora projektu znanstvene monografije Dubrovnika<\/a><br \/>&#8211; <a href=\"https:\/\/www.vegaintro-projekti.com\/pilar-stari\/2011\/08\/objavljen-11-broj-asopisa-pilar\/\">Objavljen 11. broj \u010casopisa PILAR<\/a><br \/>&#8211; <a href=\"https:\/\/www.vegaintro-projekti.com\/pilar-stari\/2011\/07\/novi-rok-za-prijavu-na-natjeaje-hrvatske-zaklade-za-znanost\/\">Novi rok za prijavu na natje\u010daje Hrvatske zaklade za znanost<\/a><br \/>&#8211; <a href=\"https:\/\/www.vegaintro-projekti.com\/pilar-stari\/2011\/06\/echo-prvi-projekt-podrunog-centra-varadin\/\">ECHO &#8211; prvi projekt Podru\u010dnog centra Vara\u017edin<\/a><br \/>&#8211; <a href=\"https:\/\/www.vegaintro-projekti.com\/pilar-stari\/2011\/06\/otvoren-podruni-centar-dubrovnik-instituta-pilar\/\">Sve\u010dano otvoren Podru\u010dni centar Dubrovnik<\/a><br \/>&#8211; <a href=\"https:\/\/www.vegaintro-projekti.com\/pilar-stari\/2011\/06\/112-broj-asopisa-drutvena-istraivanja\/\">112. broj \u010dasopisa DRU\u0160TVENA ISTRA\u017dIVANJA<\/a><br \/>&#8211; <a href=\"https:\/\/www.vegaintro-projekti.com\/pilar-stari\/2011\/05\/otvorenje-podrunog-centra-instituta-ivo-pilar-u-dubrovniku\/\">Otvorenje Podru\u010dnog centra Instituta Pilar u Dubrovniku<\/a><br \/>&#8211; <a href=\"https:\/\/www.vegaintro-projekti.com\/pilar-stari\/2011\/05\/predstavljanje-asopisa-scrinia-slavonica-u-podrunom-centru-vukovar\/\">Predstavljanje \u010dasopisa SCRINIA SLAVONICA u Podru\u010dnom centru Vukovar<\/a><br \/>&#8211; <a href=\"https:\/\/www.vegaintro-projekti.com\/pilar-stari\/2011\/05\/programa-nastave-za-studente-sveuilita-u-georgiji-iz-sad-a\/\">Programa nastave za studente Sveu\u010dili\u0161ta u Georgiji iz SAD-a<\/a><br \/>&#8211; <a href=\"https:\/\/www.vegaintro-projekti.com\/pilar-stari\/2011\/05\/objavljena-monografija-crkva-i-vukovarski-franjevci\/\">Objavljena monografija CRKVA I VUKOVARSKI FRANJEVCI<\/a><br \/>&#8211; <a href=\"https:\/\/www.vegaintro-projekti.com\/pilar-stari\/2011\/05\/predavanje-dr-sc-mirele-slukan-alti-u-sklopu-projekta-muzej-kvarta\/\">Predavanje dr. sc. Mirele Slukan Alti\u0107 u sklopu projekta muzej Kvarta<\/a><br \/>&#8211; <a href=\"https:\/\/www.vegaintro-projekti.com\/pilar-stari\/2011\/05\/predstavljena-monografija-crkva-i-vukovarski-franjevci\/\">Predstavljena monografija CRKVA I VUKOVARSKI FRANJEVCI<\/a><br \/>&#8211; <a href=\"https:\/\/www.vegaintro-projekti.com\/pilar-stari\/2011\/05\/dr-sc-viniciju-lupisu-priznanje-opine-blato\/\">Dr. sc. Viniciju Lupisu priznanje Op\u0107ine Blato<\/a><br \/>&#8211; <a href=\"https:\/\/www.vegaintro-projekti.com\/pilar-stari\/2011\/04\/u-podrucnom-centru-vukovar-predstavljeni-zapisnici-kno-a-1946-1949\/\">U Podru\u010dnom centru Vukovar predstavljeni Zapisnici KNO-a 1946.-1949.<\/a><br \/>&#8211; <a href=\"https:\/\/www.vegaintro-projekti.com\/pilar-stari\/2012\/05\/javna-nabava\/\">Ugovori o javnoj nabavi<\/a><br \/>&#8211; <a href=\"https:\/\/www.vegaintro-projekti.com\/pilar-stari\/2011\/03\/111-broj-asopisa-drutvena-istraivanja\/\">111. broj \u010dasopisa DRU\u0160TVENA ISTRA\u017dIVANJA<\/a><br \/>&#8211; <a href=\"https:\/\/www.vegaintro-projekti.com\/pilar-stari\/2011\/03\/u-varadinu-osnovan-podruni-centar-instituta-ivo-pilar\/\">U Vara\u017edinu osnovan podru\u010dni centar Instituta Ivo Pilar<\/a><br \/>&#8211; <a href=\"https:\/\/www.vegaintro-projekti.com\/pilar-stari\/2011\/02\/zahvalnica-nsk-institutu-ivo-pilar\/\">Zahvalnica NSK Institutu Ivo Pilar<\/a><br \/>&#8211; <a href=\"https:\/\/www.vegaintro-projekti.com\/pilar-stari\/2010\/12\/novogodinja-estitka-instituta-za-2011\/\">Novogodi\u0161nja \u010destitka Instituta za 2011.<\/a><br \/>&#8211; <a href=\"https:\/\/www.vegaintro-projekti.com\/pilar-stari\/2010\/12\/dan-instituta-2010\/\">Dan Instituta 2010.<\/a><br \/>&#8211; <a href=\"https:\/\/www.vegaintro-projekti.com\/pilar-stari\/2010\/12\/110-broj-asopisa-drutvena-istraivanja\/\">110. broj \u010dasopisa DRU\u0160TVENA ISTRA\u017dIVANJA<\/a><br \/>&#8211; <a href=\"https:\/\/www.vegaintro-projekti.com\/pilar-stari\/2010\/11\/suradnja-instituta-ivo-pilar-i-veleposlanstva-sad-a-u-zagrebu\/\">Suradnja Instituta Ivo Pilar i Veleposlanstva SAD-a u Zagrebu<\/a><br \/>&#8211; <a href=\"https:\/\/www.vegaintro-projekti.com\/pilar-stari\/2010\/11\/drutvena-istaivanja-br-108-109-problem-ranog-naputanja-kolovanja\/\">DRU\u0160TVENA ISTA\u017dIVANJA, br. 108-109: Problem ranog napu\u0161tanja \u0161kolovanja<\/a><br \/>&#8211; <a href=\"https:\/\/www.vegaintro-projekti.com\/pilar-stari\/2010\/10\/prof-dr-sc-vlado-aki-u-povodu-formalnog-poetka-rada-podruni-centar-dubrovnik\/\">Prof. dr. sc. Vlado \u0160aki\u0107 u povodu po\u010detka rada Podru\u010dnog centra Dubrovnik<\/a><br \/>&#8211; <a href=\"https:\/\/www.vegaintro-projekti.com\/pilar-stari\/2010\/10\/predstavljanje-rezultata-projekta-europsko-istraivanje-vrednota\/\">Predstavljanje rezultata projekta EUROPSKO ISTRA\u017dIVANJE VREDNOTA<\/a><br \/>&#8211; <a href=\"https:\/\/www.vegaintro-projekti.com\/pilar-stari\/2010\/10\/dr-sc-mariji-geiger-zeman-godinja-dravna-nagrada-za-znanost\/\">Dr. sc. Mariji Geiger Zeman godi\u0161nja dr\u017eavna nagrada za znanost<\/a><br \/>&#8211; <a href=\"https:\/\/www.vegaintro-projekti.com\/pilar-stari\/2010\/09\/objavljena-knjiga-dr-sc-kreimira-perakovia\/\">Objavljena knjiga dr. sc. Kre\u0161imira Pera\u010dkovi\u0107a (ZA)\u0160TO RADITI&#8230;<\/a><br \/>&#8211; <a href=\"https:\/\/www.vegaintro-projekti.com\/pilar-stari\/2010\/09\/interna-analiza-sukladnosti-s-naelima-europske-povelje-i-kodeksa-o-zapoljavanju-istraivae\/\">Interna analiza sukladnosti s Europskom poveljom za istra\u017eiva\u010de<\/a> <br \/>&#8211; <a href=\"https:\/\/www.vegaintro-projekti.com\/pilar-stari\/2010\/09\/in-memoriam-daniel-juri-1981-2010\/\">In memoriam: Daniel Juri\u0107 (1981. \u2013 2010.)<\/a> <br \/>&#8211; <a href=\"https:\/\/www.vegaintro-projekti.com\/pilar-stari\/2010\/07\/107-broj-asopisa-drutvena-istraivanja\/\">107. broj \u010dasopisa DRU\u0160TVENA ISTRA\u017dIVANJA<\/a> <br \/>&#8211; <a href=\"https:\/\/www.vegaintro-projekti.com\/pilar-stari\/2010\/07\/institut-u-europskom-projektu-metris\/\">Institut u europskom projektu METRIS<\/a> <br \/>&#8211; <a href=\"https:\/\/www.vegaintro-projekti.com\/pilar-stari\/2009\/11\/izaao-dvobroj-102-103-drutvenih-istraivanja\/\">Novi broj (105-106) \u010dasopisa DRU\u0160TVENA ISTRA\u017dIVANJA<\/a><br \/>&#8211; <a href=\"https:\/\/www.vegaintro-projekti.com\/pilar-stari\/2010\/06\/objavljena-knjiga-dr-sc-draena-imlee-ekoloki-otisak-kako-je-razvoj-zgazio-odrivost\/\">Objavljena knjiga dr. sc. Dra\u017eena \u0160imle\u0161e EKOLO\u0160KI OTISAK<\/a> <br \/>&#8211; <a href=\"https:\/\/www.vegaintro-projekti.com\/pilar-stari\/2010\/06\/predavanje-dr-sc-vinicija-lupisa-qhrvatski-krajevi-i-tovanje-relikvijara-svetacaq-u-vukovaru\/\">Predavanje dr. sc. Vinicija Lupisa o \u0161tovanju relikvijara svetaca u Vukovaru<\/a> <br \/>&#8211; <a href=\"https:\/\/www.vegaintro-projekti.com\/pilar-stari\/2010\/05\/izaao-dvobroj-102-103-drutvenih-istraivanja-sp-1068538952\/\">Novi broj (104) i uredni\u0161tvo \u010dasopisa DRU\u0160TVENA ISTRA\u017dIVANJA<\/a> <br \/>&#8211; <a href=\"https:\/\/www.vegaintro-projekti.com\/pilar-stari\/2010\/05\/talking-europe-lectures-and-debates-2010-2011\/\">TALKING EUROPE: Lectures and Debates 2010-2011<\/a> <br \/>&#8211; <a href=\"https:\/\/www.vegaintro-projekti.com\/pilar-stari\/2010\/05\/ameriki-studenti-u-podrunom-centru-vukovar\/\">Ameri\u010dki studenti u Podru\u010dnom centru Vukovar<\/a> <br \/>&#8211; <a href=\"https:\/\/www.vegaintro-projekti.com\/pilar-stari\/2010\/05\/slovenski-studenti-u-podrunom-centru-instituta-pilar-u-vukovaru\/\">Slovenski studenti u Podru\u010dnom centru Vukovar<\/a> <br \/>&#8211; <a href=\"https:\/\/www.vegaintro-projekti.com\/pilar-stari\/2010\/05\/ameriki-studenti-u-pilaru\/\">Ameri\u010dki studenti u Institutu Ivo Pilar<\/a> <br \/>&#8211; <a href=\"https:\/\/www.vegaintro-projekti.com\/pilar-stari\/2010\/04\/objavljeni-rezultati-4-kruga-europskog-drutvenog-istraivanja-za-hrvatsku\/\">Objavljeni rezultati 4. kruga Europskog dru\u0161tvenog istra\u017eivanja za Hrvatsku<\/a> <br \/>&#8211; <a href=\"https:\/\/www.vegaintro-projekti.com\/pilar-stari\/2010\/03\/institut-partner-na-projektu-poticanje-ravnopravnosti-na-hrvatskom-tritu-rada\/\">Institut partner na projektu Poticanje ravnopravnosti na hrvatskom tr\u017ei\u0161tu rada<\/a> <br \/>&#8211; <a href=\"https:\/\/www.vegaintro-projekti.com\/pilar-stari\/2010\/02\/mons-marin-sraki-posjetio-podruni-centar-instituta-pilar-u-vukovaru\/\">Mons. Marin Sraki\u0107 posjetio Podru\u010dni centar Instituta Pilar u Vukovaru<\/a> <br \/>&#8211; <a href=\"https:\/\/www.vegaintro-projekti.com\/pilar-stari\/2010\/02\/sporazum-o-suradnji-nacionalne-i-sveuiline-knjinice-i-instituta-ivo-pilar\/\">Sporazum o suradnji Nacionalne i sveu\u010dili\u0161ne knji\u017enice i Instituta Ivo Pilar<\/a> <br \/>&#8211; <a href=\"https:\/\/www.vegaintro-projekti.com\/pilar-stari\/2010\/02\/znanstvenici-s-instituta-ivo-pilar-na-prijemu-kod-gradonaelnika\/\">Znanstvenici s Instituta Ivo Pilar na prijemu kod gradona\u010delnika Dubrovnika<\/a> <br \/>&#8211; <a href=\"https:\/\/www.vegaintro-projekti.com\/pilar-stari\/2010\/02\/objavljen-slovensko-hrvatski-broj-asopisa-pilar\/\">Objavljen slovensko-hrvatski broj \u010dasopisa PILAR<\/a> <br \/>&#8211; <a href=\"https:\/\/www.vegaintro-projekti.com\/pilar-stari\/2010\/01\/predstavljanje-zbornika-identitet-like-u-poegi\/\">Predstavljen zbornik IDENTITET LIKE u Po\u017eegi<\/a> <br \/>&#8211; <a href=\"https:\/\/www.vegaintro-projekti.com\/pilar-stari\/2010\/01\/novogodinja-estitka-instituta-za-2010-sp-1113929731\/\">Novogodi\u0161nja \u010destitka Instituta za 2010.<\/a> <br \/>&#8211; <a href=\"https:\/\/www.vegaintro-projekti.com\/pilar-stari\/2009\/12\/izaao-dvobroj-102-103-qdrutvenih-istraivanjaq\/\">Iza\u0161ao dvobroj 102-103 &#8220;Dru\u0161tvenih istra\u017eivanja&#8221;<\/a> <br \/>&#8211; <a href=\"https:\/\/www.vegaintro-projekti.com\/pilar-stari\/2009\/12\/predstavljanje-zbornika-identitet-like\/\">Predstavljen zbornik IDENTITET LIKE: KORIJENI I RAZVITAK<\/a> <br \/>&#8211; <a href=\"https:\/\/www.vegaintro-projekti.com\/pilar-stari\/2009\/11\/dan-instituta-ivo-pilar-26112009\/\">18. obljetnica Instituta Ivo Pilar<\/a> <br \/>&#8211; <a href=\"https:\/\/www.vegaintro-projekti.com\/pilar-stari\/2009\/10\/prema-novom-sustavu-sigurnosti-i-zatite\/\">Kriti\u010dna infrastruktura &#8211; prema novom sustavu sigurnosti i za\u0161tite<\/a> <br \/>&#8211; <a href=\"https:\/\/www.vegaintro-projekti.com\/pilar-stari\/2009\/10\/objavljena-prva-knjiga-u-biblioteci-centra-za-religijske-studije\/\">Objavljena prva knjiga u Biblioteci Centra za religijske studije<\/a> <br \/>&#8211; <a href=\"https:\/\/www.vegaintro-projekti.com\/pilar-stari\/2009\/09\/institut-ivo-pilar-u-wbc-inconet-projektu\/\">Institut Ivo Pilar u WBC-INCO.NET projektu<\/a> <br \/>&#8211; <a href=\"https:\/\/www.vegaintro-projekti.com\/pilar-stari\/2009\/09\/u-podrunom-centru-gospi-predstavljanje-knjiga-gradovi-i-opine-rh\/\">U Podru\u010dnom centru Gospi\u0107 predstavljanje knjige Gradovi i op\u0107ine RH<\/a> <br \/>&#8211; <a href=\"https:\/\/www.vegaintro-projekti.com\/pilar-stari\/2009\/09\/radionica-europske-mree-obrazovanja-za-graanstvo\/\">Radionica europske mre\u017ee obrazovanja za gra\u0111anstvo<\/a> <br \/>&#8211; <a href=\"https:\/\/www.vegaintro-projekti.com\/pilar-stari\/2009\/07\/in-memoriam-sreko-lipovan\/\">In memoriam: Sre\u0107ko Lipov\u010dan<\/a> <br \/>&#8211; <a href=\"https:\/\/www.vegaintro-projekti.com\/pilar-stari\/2009\/07\/izaao-101-broj-drutvenih-istraivanja\/\">Iza\u0161ao 101. broj Dru\u0161tvenih istra\u017eivanja<\/a> <br \/>&#8211; <a href=\"https:\/\/www.vegaintro-projekti.com\/pilar-stari\/2009\/07\/godinja-nagrada-za-znanost-dr-sc-ljiljani-kaliterna-lipovan\/\">Godi\u0161nja nagrada za znanost dr. sc. Ljiljani Kaliterna Lipov\u010dan<\/a> <br \/>&#8211; <a href=\"https:\/\/www.vegaintro-projekti.com\/pilar-stari\/2009\/05\/program-skupa-annales-pilar-2009-sigurnost-i-obrana-rh-u-euroatlanskom-kontekstu\/\">Odr\u017ean skup Sigurnost i obrana RH u euroatlanskom kontekstu<\/a> <br \/>&#8211; <a href=\"https:\/\/www.vegaintro-projekti.com\/pilar-stari\/2009\/02\/institut-pilar-u-projektu-europskog-socijalnog-istraivanja\/\">Institut Pilar u projektu European Social Survey<\/a> <br \/>&#8211; <a href=\"https:\/\/www.vegaintro-projekti.com\/pilar-stari\/2009\/01\/sigurnost-i-obrana-u-euroatlantskom-kontekstu-skup-u-pripremi\/\">Sigurnost i obrana u euroatlantskom kontekstu \u2013 skup u pripremi<\/a> <br \/>&#8211; <a href=\"https:\/\/www.vegaintro-projekti.com\/pilar-stari\/2008\/12\/skup-o-biskupu-marku-kalogjeri\/\">Skup o biskupu Marku Kalogjeri<\/a> <br \/>&#8211; <a href=\"https:\/\/www.vegaintro-projekti.com\/pilar-stari\/2008\/11\/dobro-doli-na-dan-instituta-ivo-pilar\/\">Dan Instituta Ivo Pilar 2008.<\/a> <br \/>&#8211; <a href=\"https:\/\/www.vegaintro-projekti.com\/pilar-stari\/2008\/11\/odran-11-znanstveno-struni-skup-vukovar-91-sedamnaest-godina-poslije\/\">Odr\u017ean 11. skup &#8220;Vukovar &#8217;91. \u2013 sedamnaest godina poslije&#8221;<\/a> <br \/>&#8211; <a href=\"https:\/\/www.vegaintro-projekti.com\/pilar-stari\/2008\/11\/general-jacgues-paul-klein-u-institutu-drutvenih-znanosti-ivo-pilar\/\">General Jacgues Paul Klein u Institutu dru\u0161tvenih znanosti Ivo Pilar<\/a><\/p>\n<p><\/p>\n<hr \/>\n<p>&gt;&gt;&gt; PREGLED: NOVOSTI \/ INFO&nbsp;&#8211; PUNI TEKSTOVI:<\/p>\n<hr \/>\n<p>&nbsp;<\/p>\n","protected":false},"excerpt":{"rendered":"<p>&nbsp; &#8211;&nbsp;Dr. sc. Inga Tomi\u0107 Koludrovi\u0107 dobitnica Dr\u017eavne nagrade za znanost za 2015.&#8211;&nbsp;Objavljen dvobroj 19-20 \u010dasopisa PILAR&#8211;&nbsp;\u010cestit Bo\u017ei\u0107 i uspje\u0161na nova 2017. godina&#8211;&nbsp;PROSLAVA 25. OBLJETNICE INSTITUTA IVO PILAR U VUKOVARU, 25.-26. 11. 2016.&#8211;&nbsp;25 godina \u010dasopisa DRU\u0160TVENA ISTRA\u017dIVANJA, 9. 12. 2016.&#8211; Dr. sc. Viniciju B. Lupisu Red Danice hrvatske s likom Marka Maruli\u0107a&#8211; Podru\u010dnom centru Osijek&hellip; <a class=\"continue\" href=\"https:\/\/www.vegaintro-projekti.com\/pilar-stari\/2014\/09\/pregled-novosti-info\/\">Pro\u010ditaj vi\u0161e o<span> Pregled: Info<\/span><\/a><\/p>\n","protected":false},"author":1,"featured_media":0,"comment_status":"open","ping_status":"open","sticky":false,"template":"","format":"standard","meta":{"inline_featured_image":false,"ngg_post_thumbnail":0,"footnotes":""},"categories":[9],"tags":[],"yoast_head":"<!-- This site is optimized with the Yoast SEO plugin v21.2 - https:\/\/yoast.com\/wordpress\/plugins\/seo\/ -->\n<title>Pregled: Info - Institut dru&scaron;tvenih znanosti Ivo Pilar<\/title>\n<meta name=\"robots\" content=\"noindex, follow, max-snippet:-1, max-image-preview:large, max-video-preview:-1\" \/>\n<meta property=\"og:locale\" content=\"hr_HR\" \/>\n<meta property=\"og:type\" content=\"article\" \/>\n<meta property=\"og:title\" content=\"Pregled: Info - Institut dru&scaron;tvenih znanosti Ivo Pilar\" \/>\n<meta property=\"og:description\" content=\"&nbsp; &#8211;&nbsp;Dr. sc. Inga Tomi\u0107 Koludrovi\u0107 dobitnica Dr\u017eavne nagrade za znanost za 2015.&#8211;&nbsp;Objavljen dvobroj 19-20 \u010dasopisa PILAR&#8211;&nbsp;\u010cestit Bo\u017ei\u0107 i uspje\u0161na nova 2017. godina&#8211;&nbsp;PROSLAVA 25. OBLJETNICE INSTITUTA IVO PILAR U VUKOVARU, 25.-26. 11. 2016.&#8211;&nbsp;25 godina \u010dasopisa DRU\u0160TVENA ISTRA\u017dIVANJA, 9. 12. 2016.&#8211; Dr. sc. Viniciju B. Lupisu Red Danice hrvatske s likom Marka Maruli\u0107a&#8211; Podru\u010dnom centru Osijek&hellip; Pro\u010ditaj vi\u0161e o Pregled: Info\" \/>\n<meta property=\"og:url\" content=\"https:\/\/www.vegaintro-projekti.com\/pilar-stari\/2014\/09\/pregled-novosti-info\/\" \/>\n<meta property=\"og:site_name\" content=\"Institut dru&scaron;tvenih znanosti Ivo Pilar\" \/>\n<meta property=\"article:published_time\" content=\"2014-09-11T00:00:00+00:00\" \/>\n<meta property=\"article:modified_time\" content=\"2017-12-08T11:56:54+00:00\" \/>\n<meta name=\"author\" content=\"pilar-admin\" \/>\n<meta name=\"twitter:card\" content=\"summary_large_image\" \/>\n<meta name=\"twitter:label1\" content=\"Napisao\/la\" \/>\n\t<meta name=\"twitter:data1\" content=\"pilar-admin\" \/>\n\t<meta name=\"twitter:label2\" content=\"Procijenjeno vrijeme \u010ditanja\" \/>\n\t<meta name=\"twitter:data2\" content=\"7 minuta\" \/>\n<script type=\"application\/ld+json\" class=\"yoast-schema-graph\">{\"@context\":\"https:\/\/schema.org\",\"@graph\":[{\"@type\":\"WebPage\",\"@id\":\"https:\/\/www.vegaintro-projekti.com\/pilar-stari\/2014\/09\/pregled-novosti-info\/\",\"url\":\"https:\/\/www.vegaintro-projekti.com\/pilar-stari\/2014\/09\/pregled-novosti-info\/\",\"name\":\"Pregled: Info - Institut dru&scaron;tvenih znanosti Ivo Pilar\",\"isPartOf\":{\"@id\":\"https:\/\/www.vegaintro-projekti.com\/pilar-stari\/#website\"},\"datePublished\":\"2014-09-11T00:00:00+00:00\",\"dateModified\":\"2017-12-08T11:56:54+00:00\",\"author\":{\"@id\":\"https:\/\/www.vegaintro-projekti.com\/pilar-stari\/#\/schema\/person\/c0db50ebd77c4409e19b18044bbf10c1\"},\"breadcrumb\":{\"@id\":\"https:\/\/www.vegaintro-projekti.com\/pilar-stari\/2014\/09\/pregled-novosti-info\/#breadcrumb\"},\"inLanguage\":\"hr\",\"potentialAction\":[{\"@type\":\"ReadAction\",\"target\":[\"https:\/\/www.vegaintro-projekti.com\/pilar-stari\/2014\/09\/pregled-novosti-info\/\"]}]},{\"@type\":\"BreadcrumbList\",\"@id\":\"https:\/\/www.vegaintro-projekti.com\/pilar-stari\/2014\/09\/pregled-novosti-info\/#breadcrumb\",\"itemListElement\":[{\"@type\":\"ListItem\",\"position\":1,\"name\":\"Home\",\"item\":\"https:\/\/www.vegaintro-projekti.com\/pilar-stari\/\"},{\"@type\":\"ListItem\",\"position\":2,\"name\":\"Pregled: Info\"}]},{\"@type\":\"WebSite\",\"@id\":\"https:\/\/www.vegaintro-projekti.com\/pilar-stari\/#website\",\"url\":\"https:\/\/www.vegaintro-projekti.com\/pilar-stari\/\",\"name\":\"Institut dru&scaron;tvenih znanosti Ivo Pilar\",\"description\":\"Pilar\",\"potentialAction\":[{\"@type\":\"SearchAction\",\"target\":{\"@type\":\"EntryPoint\",\"urlTemplate\":\"https:\/\/www.vegaintro-projekti.com\/pilar-stari\/?s={search_term_string}\"},\"query-input\":\"required name=search_term_string\"}],\"inLanguage\":\"hr\"},{\"@type\":\"Person\",\"@id\":\"https:\/\/www.vegaintro-projekti.com\/pilar-stari\/#\/schema\/person\/c0db50ebd77c4409e19b18044bbf10c1\",\"name\":\"pilar-admin\",\"image\":{\"@type\":\"ImageObject\",\"inLanguage\":\"hr\",\"@id\":\"https:\/\/www.vegaintro-projekti.com\/pilar-stari\/#\/schema\/person\/image\/\",\"url\":\"https:\/\/secure.gravatar.com\/avatar\/fac9e03c4db0011b9c1ad8b5e9c74b8c?s=96&d=mm&r=g\",\"contentUrl\":\"https:\/\/secure.gravatar.com\/avatar\/fac9e03c4db0011b9c1ad8b5e9c74b8c?s=96&d=mm&r=g\",\"caption\":\"pilar-admin\"},\"url\":\"https:\/\/www.vegaintro-projekti.com\/pilar-stari\/author\/pilar-admin\/\"}]}<\/script>\n<!-- \/ Yoast SEO plugin. -->","yoast_head_json":{"title":"Pregled: Info - Institut dru&scaron;tvenih znanosti Ivo Pilar","robots":{"index":"noindex","follow":"follow","max-snippet":"max-snippet:-1","max-image-preview":"max-image-preview:large","max-video-preview":"max-video-preview:-1"},"og_locale":"hr_HR","og_type":"article","og_title":"Pregled: Info - Institut dru&scaron;tvenih znanosti Ivo Pilar","og_description":"&nbsp; &#8211;&nbsp;Dr. sc. Inga Tomi\u0107 Koludrovi\u0107 dobitnica Dr\u017eavne nagrade za znanost za 2015.&#8211;&nbsp;Objavljen dvobroj 19-20 \u010dasopisa PILAR&#8211;&nbsp;\u010cestit Bo\u017ei\u0107 i uspje\u0161na nova 2017. godina&#8211;&nbsp;PROSLAVA 25. OBLJETNICE INSTITUTA IVO PILAR U VUKOVARU, 25.-26. 11. 2016.&#8211;&nbsp;25 godina \u010dasopisa DRU\u0160TVENA ISTRA\u017dIVANJA, 9. 12. 2016.&#8211; Dr. sc. Viniciju B. Lupisu Red Danice hrvatske s likom Marka Maruli\u0107a&#8211; Podru\u010dnom centru Osijek&hellip; Pro\u010ditaj vi\u0161e o Pregled: Info","og_url":"https:\/\/www.vegaintro-projekti.com\/pilar-stari\/2014\/09\/pregled-novosti-info\/","og_site_name":"Institut dru&scaron;tvenih znanosti Ivo Pilar","article_published_time":"2014-09-11T00:00:00+00:00","article_modified_time":"2017-12-08T11:56:54+00:00","author":"pilar-admin","twitter_card":"summary_large_image","twitter_misc":{"Napisao\/la":"pilar-admin","Procijenjeno vrijeme \u010ditanja":"7 minuta"},"schema":{"@context":"https:\/\/schema.org","@graph":[{"@type":"WebPage","@id":"https:\/\/www.vegaintro-projekti.com\/pilar-stari\/2014\/09\/pregled-novosti-info\/","url":"https:\/\/www.vegaintro-projekti.com\/pilar-stari\/2014\/09\/pregled-novosti-info\/","name":"Pregled: Info - Institut dru&scaron;tvenih znanosti Ivo Pilar","isPartOf":{"@id":"https:\/\/www.vegaintro-projekti.com\/pilar-stari\/#website"},"datePublished":"2014-09-11T00:00:00+00:00","dateModified":"2017-12-08T11:56:54+00:00","author":{"@id":"https:\/\/www.vegaintro-projekti.com\/pilar-stari\/#\/schema\/person\/c0db50ebd77c4409e19b18044bbf10c1"},"breadcrumb":{"@id":"https:\/\/www.vegaintro-projekti.com\/pilar-stari\/2014\/09\/pregled-novosti-info\/#breadcrumb"},"inLanguage":"hr","potentialAction":[{"@type":"ReadAction","target":["https:\/\/www.vegaintro-projekti.com\/pilar-stari\/2014\/09\/pregled-novosti-info\/"]}]},{"@type":"BreadcrumbList","@id":"https:\/\/www.vegaintro-projekti.com\/pilar-stari\/2014\/09\/pregled-novosti-info\/#breadcrumb","itemListElement":[{"@type":"ListItem","position":1,"name":"Home","item":"https:\/\/www.vegaintro-projekti.com\/pilar-stari\/"},{"@type":"ListItem","position":2,"name":"Pregled: Info"}]},{"@type":"WebSite","@id":"https:\/\/www.vegaintro-projekti.com\/pilar-stari\/#website","url":"https:\/\/www.vegaintro-projekti.com\/pilar-stari\/","name":"Institut dru&scaron;tvenih znanosti Ivo Pilar","description":"Pilar","potentialAction":[{"@type":"SearchAction","target":{"@type":"EntryPoint","urlTemplate":"https:\/\/www.vegaintro-projekti.com\/pilar-stari\/?s={search_term_string}"},"query-input":"required name=search_term_string"}],"inLanguage":"hr"},{"@type":"Person","@id":"https:\/\/www.vegaintro-projekti.com\/pilar-stari\/#\/schema\/person\/c0db50ebd77c4409e19b18044bbf10c1","name":"pilar-admin","image":{"@type":"ImageObject","inLanguage":"hr","@id":"https:\/\/www.vegaintro-projekti.com\/pilar-stari\/#\/schema\/person\/image\/","url":"https:\/\/secure.gravatar.com\/avatar\/fac9e03c4db0011b9c1ad8b5e9c74b8c?s=96&d=mm&r=g","contentUrl":"https:\/\/secure.gravatar.com\/avatar\/fac9e03c4db0011b9c1ad8b5e9c74b8c?s=96&d=mm&r=g","caption":"pilar-admin"},"url":"https:\/\/www.vegaintro-projekti.com\/pilar-stari\/author\/pilar-admin\/"}]}},"_links":{"self":[{"href":"https:\/\/www.vegaintro-projekti.com\/pilar-stari\/wp-json\/wp\/v2\/posts\/316"}],"collection":[{"href":"https:\/\/www.vegaintro-projekti.com\/pilar-stari\/wp-json\/wp\/v2\/posts"}],"about":[{"href":"https:\/\/www.vegaintro-projekti.com\/pilar-stari\/wp-json\/wp\/v2\/types\/post"}],"author":[{"embeddable":true,"href":"https:\/\/www.vegaintro-projekti.com\/pilar-stari\/wp-json\/wp\/v2\/users\/1"}],"replies":[{"embeddable":true,"href":"https:\/\/www.vegaintro-projekti.com\/pilar-stari\/wp-json\/wp\/v2\/comments?post=316"}],"version-history":[{"count":166,"href":"https:\/\/www.vegaintro-projekti.com\/pilar-stari\/wp-json\/wp\/v2\/posts\/316\/revisions"}],"predecessor-version":[{"id":7726,"href":"https:\/\/www.vegaintro-projekti.com\/pilar-stari\/wp-json\/wp\/v2\/posts\/316\/revisions\/7726"}],"wp:attachment":[{"href":"https:\/\/www.vegaintro-projekti.com\/pilar-stari\/wp-json\/wp\/v2\/media?parent=316"}],"wp:term":[{"taxonomy":"category","embeddable":true,"href":"https:\/\/www.vegaintro-projekti.com\/pilar-stari\/wp-json\/wp\/v2\/categories?post=316"},{"taxonomy":"post_tag","embeddable":true,"href":"https:\/\/www.vegaintro-projekti.com\/pilar-stari\/wp-json\/wp\/v2\/tags?post=316"}],"curies":[{"name":"wp","href":"https:\/\/api.w.org\/{rel}","templated":true}]}}