{"id":317,"date":"2014-09-11T00:00:00","date_gmt":"2014-09-11T00:00:00","guid":{"rendered":"https:\/\/www.vegaintro-projekti.com\/pilar-stari\/2014\/09\/11\/pregled-2\/"},"modified":"2017-12-08T12:50:16","modified_gmt":"2017-12-08T12:50:16","slug":"pregled-2","status":"publish","type":"post","link":"https:\/\/www.vegaintro-projekti.com\/pilar-stari\/2014\/09\/pregled-2\/","title":{"rendered":"Pregled: Iz medija"},"content":{"rendered":"<p>&#8211;&nbsp;<a href=\"https:\/\/www.vegaintro-projekti.com\/pilar-stari\/2016\/12\/iz-medija-istrazivanje-regulacije-prostitucije\/\">Iz medija: ISTRA\u017dIVANJE REGULACIJE PROSTITUCIJE<\/a><br \/>&#8211;&nbsp;<a href=\"https:\/\/www.vegaintro-projekti.com\/pilar-stari\/2016\/05\/dr-sc-vinicije-b-lupis-dobitnik-nagrade-dubrovacko-neretvanske-zupanije\/\">Dr. sc. Vinicije B. Lupis dobitnik nagrade Dubrova\u010dko-neretvanske \u017eupanije<\/a><br \/>&#8211; <a href=\"https:\/\/www.vegaintro-projekti.com\/pilar-stari\/2016\/04\/dr-sc-drazen-zivic-do-2050-godine-izgubit-cemo-300-000-ljudi\/\">Dr. sc. Dra\u017een \u017divi\u0107: DO 2050. IZGUBIT \u0106EMO 300.000 LJUDI, 23. 4. 2016.<\/a><br \/>&#8211;&nbsp;<a href=\"https:\/\/www.vegaintro-projekti.com\/pilar-stari\/2016\/05\/predstavljena-knjiga-stonskog-zupnika-don-ante-dracevac-izabrane-studije\/\">Predstavljena knjiga &#8220;Don Ante Dra\u010devac. Izabrane studije&#8221;, 22. 4. 2016.<\/a><br \/>&#8211; <a href=\"https:\/\/www.vegaintro-projekti.com\/pilar-stari\/2016\/05\/postavljanje-armenskog-hackara-simbola-povezanosti-armenije-i-dubrovnika\/\">Postavljanje armenskog ha\u010dkara u Dubrovniku, 22. travnja 2016.<\/a><br \/>&#8211;&nbsp;<a href=\"https:\/\/www.vegaintro-projekti.com\/pilar-stari\/2016\/03\/dr-sc-vinicije-b-lupis-na-otvaranja-spomenika-zrtvama-holokausta-u-dubrovniku\/\">Dr. sc. Vinicije B. Lupis na otvaranja Spomenika \u017ertvama holokausta u Dubrovniku, 18. 3. 2016.<\/a><br \/>&#8211;&nbsp;<a href=\"https:\/\/www.vegaintro-projekti.com\/pilar-stari\/2016\/03\/dr-sc-nenad-pokos-nuznost-nove-obiteljske-politike\/\">Dr. sc. Nenad Pokos: NU\u017dNOST NOVE OBITELJSKE POLITIKE; Narod.hr, 28. 2. 2016.<\/a><br \/>&#8211;&nbsp;<a href=\"https:\/\/www.vegaintro-projekti.com\/pilar-stari\/2016\/03\/dr-sc-jadranka-svarc-koautorica-knjige-u-izdanju-palgrave-macmillana\/\">Dr. sc. Jadranka \u0160varc koautorica knjige u izdanju Palgrave Macmillana<\/a><br \/>&#8211;&nbsp;<a href=\"https:\/\/www.vegaintro-projekti.com\/pilar-stari\/2016\/02\/predavanje-dr-sc-andreje-brajse-zganec-na-psihospanciru-u-varazdinu\/\">Predavanje dr. sc. Andreje Braj\u0161e \u017dganec na PSIHO\u0160PANCIRU u Vara\u017edinu<\/a><br \/>&#8211;&nbsp;<a href=\"https:\/\/www.vegaintro-projekti.com\/pilar-stari\/2015\/09\/prof-dr-sc-ivan-markesic-o-izbjeglickom-valu-i-posljedicama\/\">Prof. dr. sc. IVAN MARKE\u0160I\u0106 O IZBJEGLI\u010cKOM VALU I POSLJEDICAMA<\/a><br \/>&#8211;&nbsp;<a href=\"https:\/\/www.vegaintro-projekti.com\/pilar-stari\/2015\/09\/razgovor-s-prof-dr-sc-nenadom-pokosom-glas-koncila-13-9-2015\/\">Razgovor s prof. dr. sc. Nenadom Pokosom; Glas Koncila, 13. 9. 2015.<\/a><br \/>&#8211; <a href=\"https:\/\/www.vegaintro-projekti.com\/pilar-stari\/2015\/08\/analize-do-2100-bit-ce-nas-gotovo-upola-manje\/\">ANALIZE: Do 2100. bit \u0107e nas gotovo upola manje<\/a><br \/>&#8211;&nbsp;<a href=\"https:\/\/www.vegaintro-projekti.com\/pilar-stari\/2015\/07\/konferencija-za-medije-pilarov-barometar-2015\/\">Konferencija za medije: PILAROV BAROMETAR 2015.<\/a><br \/>&#8211;&nbsp;<a href=\"https:\/\/www.vegaintro-projekti.com\/pilar-stari\/2015\/07\/konferencija-za-medije-pilarov-barometar-2015\/\">PILAROV BAROMETAR HRVATSKOGA DRU\u0160TVA 2015.<\/a><br \/>&#8211;&nbsp;<a href=\"https:\/\/www.vegaintro-projekti.com\/pilar-stari\/2015\/06\/konferenciju-za-medije-europski-projekt-myplace-15-6-2015\/\">KONFERENCIJA ZA MEDIJE: EUROPSKI PROJEKT MYPLACE, 15. 6. 2015.<\/a><br \/>&#8211;&nbsp;<a href=\"https:\/\/www.vegaintro-projekti.com\/pilar-stari\/2015\/06\/university-women-of-europe-o-knjizi-zagonetka-virzine\/\">University Women of EUROPE o knjizi &#8220;Zagonetka vird\u017eine&#8221;<\/a><br \/>&#8211;&nbsp;<a href=\"https:\/\/www.vegaintro-projekti.com\/pilar-stari\/2015\/05\/globus-tajna-virdzina-kako-zivjeti-kao-muskarac\/\">GLOBUS: Tajna vird\u017eina: kako \u017eivjeti kao mu\u0161karac<\/a><br \/>&#8211;&nbsp;<a href=\"https:\/\/www.vegaintro-projekti.com\/pilar-stari\/2015\/05\/dr-sc-vinicij-b-lupis-predstavio-monografiju-hgu-sveta-vicenca\/\">Dr. sc. Vinicije B. Lupis predstavio monografiju HGU &#8220;Sv. Vicenca&#8221;<\/a><br \/>&#8211;&nbsp;<a href=\"https:\/\/www.vegaintro-projekti.com\/pilar-stari\/2015\/04\/predstavljanje-knjige-armenija-domovina-sv-vlaha-ston-i-dubrovnik\/\">Predstavljanje knjige ARMENIJA &#8211; DOMOVINA SV. VLAHA, Ston i Dubrovnik<\/a><br \/>&#8211;&nbsp;<a href=\"https:\/\/www.vegaintro-projekti.com\/pilar-stari\/2015\/03\/dr-sc-caroline-hornstein-tomic-o-migracijama-obrazovane-i-strucne-radne-snage\/\">Dr. sc. Caroline Hornstein Tomi\u0107 o migracijama i razvoju<\/a><br \/>&#8211; <a href=\"https:\/\/www.vegaintro-projekti.com\/pilar-stari\/2015\/03\/razgovor-s-dr-sc-jelkom-vince-pallua-o-knjizi-o-virdzinama\/\">Razgovor s dr. sc. Jelkom Vince Pallua o knjizi &#8220;Zagonetka vird\u017eine&#8221;<\/a><br \/>&#8211;&nbsp;<a href=\"https:\/\/www.vegaintro-projekti.com\/pilar-stari\/2015\/01\/razgovor-s-dr-sc-lynette-sikic-micanovic-o-sudiji-skriveni-zivoti\/\">Razgovor s dr. sc. Lynette \u0160iki\u0107 Mi\u0107anovi\u0107 o sudiji SKRIVENI \u017dIVOTI<\/a><br \/>&#8211;&nbsp;<a href=\"https:\/\/www.vegaintro-projekti.com\/pilar-stari\/2014\/12\/vinicije-b-lupis-putem-videolinka-otvorio-izlozbu-eugena-varzica\/\">Vinicije B. Lupis putem videolinka otvorio izlo\u017ebu Eugena Varzi\u0107a<\/a><br \/>&#8211;&nbsp;<a href=\"https:\/\/www.vegaintro-projekti.com\/pilar-stari\/2014\/12\/dr-sc-andreja-brajsa-zganec-brak-ce-opstati-unatoc-krizi\/\">Dr. sc. Andreja Braj\u0161a-\u017dganec: BRAK \u0106E OPSTATI: UNATO\u010c KRIZI&#8230;<\/a><br \/>&#8211;&nbsp;<a href=\"https:\/\/www.vegaintro-projekti.com\/pilar-stari\/2014\/12\/splitski-gradonacelnik-primio-izaslanstvo-instituta-ivo-pilar\/\">Splitski gradona\u010delnik primio izaslanstvo Instituta Ivo Pilar<\/a><br \/>&#8211; <a href=\"https:\/\/www.vegaintro-projekti.com\/pilar-stari\/2014\/11\/dr-kaliterna-lipovcan-nije-tocno-da-su-hrvati-lijeni-i-neradnici\/\">Dr. sc. Kaliterna Lipov\u010dan: NIJE TO\u010cNO DA SU HRVATI LIJENI I NERADNICI<\/a><br \/>&#8211; <a href=\"https:\/\/www.vegaintro-projekti.com\/pilar-stari\/2014\/11\/dr-sc-caroline-hornstein-tomic-obitelj-u-temeljima-identiteta-a-branitelji-drustva\/\">Dr. Hornstein Tomi\u0107: Obitelj u temeljima &#8211; identiteta, a branitelji &#8211; dru\u0161tva<\/a><br \/>&#8211; <a href=\"https:\/\/www.vegaintro-projekti.com\/pilar-stari\/2014\/11\/dr-curkovic-nimac-ne-treba-ocajavati-broj-krscana-ce-se-prepoloviti\/\">Dr. \u0106urkovi\u0107-Nimac: Ne treba o\u010dajavati, broj kr\u0161\u0107ana \u0107e se prepoloviti<\/a><br \/>&#8211; <a href=\"https:\/\/www.vegaintro-projekti.com\/pilar-stari\/2014\/10\/iz-medija-18-turisticki-cvijet-kvaliteta-za-hrvatsku-2014\/\">Iz medija: 18. Turisti\u010dki cvijet &#8211; kvaliteta za Hrvatsku 2014.<\/a><br \/>&#8211; <a href=\"https:\/\/www.vegaintro-projekti.com\/pilar-stari\/2014\/10\/predstavljanje-knjige-dr-sc-ivane-radacic-seksualno-nasilje-3-10-2014\/\">Predstavljanje knjige dr. sc. Ivane Rada\u010di\u0107 SEKSUALNO NASILJE, 3. 10.2014.<\/a><br \/>&#8211; <a href=\"https:\/\/www.vegaintro-projekti.com\/pilar-stari\/2014\/10\/hrvatsko-slovo-bastinske-teme-boke-kotorske\/\">Hrvatsko slovo: BA\u0160TINSKE TEME BOKE KOTORSKE<\/a><br \/>&#8211;&nbsp;<a href=\"https:\/\/www.vegaintro-projekti.com\/pilar-stari\/2014\/07\/pilarov-barometar-rezultati-i-odjeci\/\">PILAROV BAROMETAR &#8211; Rezultati 2014. i odjeci u medijima<\/a><br \/>&#8211;&nbsp;<a href=\"https:\/\/www.vegaintro-projekti.com\/pilar-stari\/2014\/04\/dr-sc-drazen-zivic-treba-vjerovati-da-je-o-p-stanak-moguc\/\">Dr. sc. Dra\u017een \u017divi\u0107: Treba vjerovati da je o(p)stanak mogu\u0107<\/a><br \/>&#8211;&nbsp;<a href=\"https:\/\/www.vegaintro-projekti.com\/pilar-stari\/2014\/04\/dr-sc-sasa-poljanec-boric-floridizacija-hrvatske\/\">Dr. sc. Sa\u0161a Poljanec Bori\u0107: FLORIDIZACIJA HRVATSKE?<\/a><br \/>&#8211;&nbsp;<a href=\"https:\/\/www.vegaintro-projekti.com\/pilar-stari\/2014\/04\/dr-sc-ivana-radacic-istrazivanje-mitova-o-silovanju\/\">Dr. sc. Ivana Rada\u010di\u0107: ISTRA\u017dIVANJE MITOVA O SILOVANJU<\/a><br \/>&#8211; <a href=\"https:\/\/www.vegaintro-projekti.com\/pilar-stari\/2014\/03\/kultura-demokracije-kultura-angazirane-sociologije\/\">Kultura demokracije &#8211; Kultura anga\u017eirane sociologije<\/a><br \/>&#8211;&nbsp;<a href=\"https:\/\/www.vegaintro-projekti.com\/pilar-stari\/2014\/03\/sasa-poljanec-boric-otudivanje-javnih-dobara-i-tranzicija-nisu-isti-procesi\/\">Sa\u0161a Poljanec Bori\u0107: Otu\u0111ivanje javnih dobara i tranzicija nisu isti procesi<\/a><br \/>&#8211;&nbsp;<a href=\"https:\/\/www.vegaintro-projekti.com\/pilar-stari\/2014\/02\/iz-tiska-uzurpacije-politickih-elita-glas-koncila-23-2-2014\/\">IZ TISKA: &#8220;Uzurpacije politi\u010dkih elita&#8221;, Glas koncila, 23. 2. 2014.<\/a><br \/>&#8211; <a href=\"https:\/\/www.vegaintro-projekti.com\/pilar-stari\/2013\/12\/predstavljeni-rezultati-istrazivanja-kvalitete-turisticke-ponude-za-2013-godinu\/\">Predstavljeni rezultati istra\u017eivanja kvalitete turisti\u010dke ponude za 2013. godinu<\/a><br \/>&#8211;&nbsp;<a href=\"https:\/\/www.vegaintro-projekti.com\/pilar-stari\/2013\/12\/vukovar-dr-sc-drazen-zivic-upalio-2-adventsku-svijecu\/\">VUKOVAR: Dr. sc. Dra\u017een \u017divi\u0107 upalio 2. adventsku svije\u0107u<\/a><br \/>&#8211;&nbsp;<a href=\"https:\/\/www.vegaintro-projekti.com\/pilar-stari\/2013\/12\/intervju-dr-sc-vinicija-b-lupisa-u-armenskom-casopisu-vrijeme\/\">Intervju dr. sc. Vinicija B. Lupisa u armenskom \u010dasopisu &#8220;Vrijeme&#8221;<\/a><br \/>&#8211; <a href=\"https:\/\/www.vegaintro-projekti.com\/pilar-stari\/2013\/10\/kulturno-i-povijesno-naslijede-hrvata-boke-kotorske-u-knjizi-v-b-lupisa\/\">Kulturno i povijesno naslije\u0111e Hrvata Boke kotorske u knjizi V.B. Lupisa<\/a><br \/>&#8211; <a href=\"https:\/\/www.vegaintro-projekti.com\/pilar-stari\/2013\/10\/dr-sc-sasa-poljane-boric-nije-turizam-sve-sto-sja\/\">Dr. sc. Sa\u0161a Poljane Bori\u0107: NIJE TURIZAM SVE \u0160TO SJA<\/a><br \/>&#8211; <a href=\"https:\/\/www.vegaintro-projekti.com\/pilar-stari\/2013\/10\/promocija-bastinskih-tema-boke-kotorske-u-donjoj-lastvi\/\">Promocija Ba\u0161tinskih tema Boke Kotorske Vinicija Lupisa u Donjoj Lastvi<\/a><br \/>&#8211; <a href=\"https:\/\/www.vegaintro-projekti.com\/pilar-stari\/2013\/09\/dr-sc-vinicije-b-lupis-predsjednik-juznohrvatskog-ogranka-drustva-knjizevnika\/\">Dr. sc. Vinicije B. Lupis predsjednik Ju\u017enohrvatskog ogranka Dru\u0161tva knji\u017eevnika<\/a><br \/>&#8211; <a href=\"https:\/\/www.vegaintro-projekti.com\/pilar-stari\/2013\/09\/dr-sc-sasa-poljanec-boric-o-novoj-marketinskoj-strategiji-hrvatskog-turizma\/\">Dr. sc. Sa\u0161a Poljanec Bori\u0107: O novoj marketin\u0161koj strategiji hrvatskog turizma<\/a><br \/>&#8211; <a href=\"https:\/\/www.vegaintro-projekti.com\/pilar-stari\/2013\/09\/bastinske-teme-boke-kotorske-vinicija-b-lupisa\/\">BA\u0160TINSKE TEME BOKE KOTORSKE Vinicija B. Lupisa<\/a><br \/>&#8211; <a href=\"https:\/\/www.vegaintro-projekti.com\/pilar-stari\/2013\/06\/institut-u-projektu-batina-pokreta-razvoja\/\">Institut Ivo Pilar u projektu BA\u0160TINA &#8211; POKRETA\u010c RAZVOJA<\/a><br \/>&#8211;&nbsp;<a href=\"https:\/\/www.vegaintro-projekti.com\/pilar-stari\/2013\/06\/predstavljena-slikovnica-posveena-stjepanu-gradiu\/\">Predstavljena slikovnica posve\u0107ena Stjepanu Gradi\u0107u<\/a><br \/>&#8211;&nbsp;<a href=\"https:\/\/www.vegaintro-projekti.com\/pilar-stari\/2013\/06\/predavanje-dr-sc-vinicija-b-lupisa-o-povijesti-dubrovakog-pomorskog-prava\/\">Predavanje dr. sc. Vinicija B. Lupisa o povijesti dubrova\u010dkog pomorskog prava<\/a><br \/>&#8211; <a href=\"https:\/\/www.vegaintro-projekti.com\/pilar-stari\/2013\/02\/dr-sc-saa-poljanec-bori-mi-se-razvijamo-unazad\/\">Dr. sc. Sa\u0161a Poljanec Bori\u0107: MI SE RAZVIJAMO UNAZAD!<\/a><br \/>&#8211;&nbsp;<a href=\"https:\/\/www.vegaintro-projekti.com\/pilar-stari\/2013\/02\/dr-sc-josip-burui-naa-kola-ima-krivi-cilj\/\">Dr. sc. Josip Buru\u0161i\u0107: NA\u0160A \u0160KOLA IMA KRIVI CILJ&#8230;<\/a><br \/>&#8211; <a href=\"https:\/\/www.vegaintro-projekti.com\/pilar-stari\/2013\/01\/dr-saa-poljanec-bori-drutvena-dioba-prostora-u-tranziciji\/\">Dr. Sa\u0161a Poljanec-Bori\u0107: Dru\u0161tvena dioba prostora u tranziciji<\/a><br \/>&#8211; <a href=\"https:\/\/www.vegaintro-projekti.com\/pilar-stari\/2012\/12\/anna-givargizyan-qgenocid-kao-podkradanje-civilizacijeq\/\">Anna Givargizyan: &#8220;Genocid kao potkradanje civilizacije&#8221;<\/a><br \/>&#8211;&nbsp;<a href=\"https:\/\/www.vegaintro-projekti.com\/pilar-stari\/2012\/11\/iz-tiska-myplace-najvei-europski-socioloki-projekt\/\">MYPLACE &#8211; najve\u0107i europski sociolo\u0161ki projekt<\/a><br \/>&#8211;&nbsp;<a href=\"https:\/\/www.vegaintro-projekti.com\/pilar-stari\/2012\/07\/razgovor-s-dr-sc-majom-tambuk-o-istraivanju-ivota-hrvatskih-roma\/\">Razgovor s dr. sc. Majom \u0160tambuk o istra\u017eivanju \u017eivota hrvatskih Roma<\/a><br \/>&#8211;&nbsp;<a href=\"https:\/\/www.vegaintro-projekti.com\/pilar-stari\/2012\/05\/predstavljena-analiza-stanja-prava-djece-i-ena-u-hrvatskoj\/\">Predstavljena ANALIZA STANJA PRAVA DJECE I \u017dENA U HRVATSKOJ<\/a><br \/>&#8211; <a href=\"https:\/\/www.vegaintro-projekti.com\/pilar-stari\/2012\/04\/makarsko-primorje-znanstveni-skup-i-predstavljanje-zbornika-3-4-5-2012\/\">MAKARSKO PRIMORJE: Skup i predstavljanje zbornika<\/a><br \/>&#8211; <a href=\"https:\/\/www.vegaintro-projekti.com\/pilar-stari\/2012\/03\/dr-sc-saa-poljane-bori-u-emisiji-htv-a-dobro-jutro-hrvatska\/\">Dr. sc. Sa\u0161a Poljane Bori\u0107 u emisiji HTV-a Dobro jutro, Hrvatska<\/a><br \/>&#8211; <a href=\"https:\/\/www.vegaintro-projekti.com\/pilar-stari\/2012\/02\/dr-sc-saa-poljanec-bori-tranzicija-u-hrvatskoj-je-zavrena\/\">Dr. sc. Sa\u0161a Poljanec Bori\u0107: Tranzicija u Hrvatskoj je zavr\u0161ena!<\/a><br \/>&#8211; <a href=\"https:\/\/www.vegaintro-projekti.com\/pilar-stari\/2012\/01\/dr-sc-stipan-trogrli-razgovor-s-povodom\/\">Dr. sc. Stipan Trogrli\u0107: Razgovor s povodom<\/a><br \/>&#8211; <a href=\"https:\/\/www.vegaintro-projekti.com\/pilar-stari\/2011\/12\/predstavljena-trogrlieva-monografija-o-boi-milanoviu\/\">Predstavljena&nbsp;monografija dr. sc. Stipana Trogrli\u0107a o Bo\u017ei Milanovi\u0107u<\/a><br \/>&#8211; <a href=\"https:\/\/www.vegaintro-projekti.com\/pilar-stari\/2011\/09\/3-tribina-u-puli-srea-i-ivotno-zadovoljstvo-u-hrvatskoj\/\">Tribina u Puli: dr. sc. Ljiljana Kaliterna Lipov\u010dan, SRE\u0106A I \u017dIVOTNO ZADOVOLJSTVO<\/a><br \/>&#8211; <a href=\"https:\/\/www.vegaintro-projekti.com\/pilar-stari\/2011\/09\/dr-sc-jelka-vince-pallua-u-posjetu-bijeloj-hrvatskoj\/\">Dr. sc. Jelka Vince Pallua: U POSJETU BIJELOJ HRVATSKOJ<\/a><br \/>&#8211; <a href=\"https:\/\/www.vegaintro-projekti.com\/pilar-stari\/2011\/05\/intervju-igor-mikloui-biologijacomhr\/\">Intervju: Igor Miklou\u0161i\u0107, Biologija.com.hr<\/a><br \/>&#8211; <a href=\"https:\/\/www.vegaintro-projekti.com\/pilar-stari\/2011\/04\/hrvatsko-slovo-o-prinosima-jakete-palmotia-dionoria\/\">Hrvatsko slovo o Prinosu Jakete Palmoti\u0107a Dionori\u0107a<\/a><br \/>&#8211; <a href=\"https:\/\/www.vegaintro-projekti.com\/pilar-stari\/2011\/02\/razgovor-s-dr-sc-stipanom-trogrliem-o-podrunom-centru-pula\/\">Razgovor s dr. sc. Stipanom Trogrli\u0107em o Podru\u010dnom centru Pula<\/a><br \/>&#8211; <a href=\"https:\/\/www.vegaintro-projekti.com\/pilar-stari\/2011\/01\/rezultati-trogodinjeg-istraivanja-stavova-o-hrvatskoj-vojsci-u-tisku\/\">Rezultati trogodi\u0161njeg istra\u017eivanja stavova o Hrvatskoj vojsci&nbsp;u tisku<\/a><br \/>&#8211; <a href=\"https:\/\/www.vegaintro-projekti.com\/pilar-stari\/2010\/11\/prof-dr-sc-vlado-aki-gost-glasa-nacionalne-i-sveuiline-knjinice\/\">Prof. dr. sc. Vlado \u0160aki\u0107 gost Glasa Nacionalne i sveu\u010dili\u0161ne knji\u017enice<\/a><br \/>&#8211; <a href=\"https:\/\/www.vegaintro-projekti.com\/pilar-stari\/2010\/11\/dr-sc-josip-burui-koliko-daleko-jabuka-pada-od-stabla\/\">Dr. sc. Josip Buru\u0161i\u0107: Koliko daleko jabuka pada od stabla<\/a><br \/>&#8211; <a href=\"https:\/\/www.vegaintro-projekti.com\/pilar-stari\/2010\/09\/nacionalni-indeks-sree-prof-dr-sc-ljiljana-kaliterna-lipovan\/\">NACIONALNI INDEKS SRE\u0106E: prof. dr. sc. Ljiljana Kaliterna Lipov\u010dan<\/a><br \/>&#8211; <a href=\"https:\/\/www.vegaintro-projekti.com\/pilar-stari\/2010\/09\/most-the-bridge-interviev-with-vlado-aki\/\">MOST \/ THE BRIDGE: Intervju s dr. sc. Vladom \u0160aki\u0107em<\/a><br \/>&#8211; <a href=\"https:\/\/www.vegaintro-projekti.com\/pilar-stari\/2010\/09\/dr-sc-josi-burui-jednako-obrazovanje-svima-ne-ba\/\">Dr. sc. Josip Buru\u0161i\u0107: Jednako obrazovanje svima? Ne ba\u0161<\/a><br \/>&#8211; <a href=\"https:\/\/www.vegaintro-projekti.com\/pilar-stari\/2010\/09\/iz-tiska-dr-sc-josip-burui-u-povodu-poetka-kolske-godine\/\">Iz tiska: dr. sc. Josip Buru\u0161i\u0107 u povodu po\u010detka \u0161kolske godine<\/a><br \/>&#8211; <a href=\"https:\/\/www.vegaintro-projekti.com\/pilar-stari\/2010\/10\/dr-sc-saa-poljanec-bori-o-turizmu-kao-stratekoj-grani\/\">Dr. sc. Sa\u0161a Poljanec Bori\u0107 o turizmu kao strate\u0161koj grani<\/a><br \/>&#8211; <a href=\"https:\/\/www.vegaintro-projekti.com\/pilar-stari\/2010\/10\/dr-sc-drago-engi-razumiju-li-ekonomisti-hrvatsku-ekonomiju\/\">Dr. sc. Drago \u010cengi\u0107: Razumiju li ekonomisti hrvatsku ekonomiju? &#8211; Neke teze<\/a><br \/>&#8211; <a href=\"https:\/\/www.vegaintro-projekti.com\/pilar-stari\/2010\/07\/intervju-dr-sc-draen-imlea-biologijacomhr\/\">Intervju: dr. sc. Dra\u017een \u0160imle\u0161a, Biologija.com.hr<\/a> <br \/>&#8211; <a href=\"https:\/\/www.vegaintro-projekti.com\/pilar-stari\/2010\/04\/tisak-o-znanstvenom-predstavljanju-instituta-ivo-pilar-u-beu\/\">Tisak o znanstvenom predstavljanju Instituta Ivo Pilar u Be\u010du<\/a> <br \/>&#8211; <a href=\"https:\/\/www.vegaintro-projekti.com\/pilar-stari\/2009\/12\/iz-tiska-razgovor-s-prof-dr-sc-vladom-akiem-ravnateljom-instituta-ivo-pilar\/\">Iz tiska: Razgovor s prof. dr. sc. Vladom \u0160aki\u0107em, ravnateljem Instituta Ivo Pilar<\/a> <br \/>&#8211; <a href=\"https:\/\/www.vegaintro-projekti.com\/pilar-stari\/2009\/11\/iz-tiska-dr-sc-josip-burui-dr-sc-saa-poljanec-bori\/\">Iz tiska: dr. sc. Josip Buru\u0161i\u0107; dr. sc. Sa\u0161a Poljanec Bori\u0107<\/a> <br \/>&#8211; <a href=\"https:\/\/www.vegaintro-projekti.com\/pilar-stari\/2009\/11\/poeo-skup-vukovar-91-osamnaest-godina-poslije\/\">Skup &#8220;Vukovar 1991. &#8211; osamnaest godina poslije&#8221;<\/a> <br \/>&#8211; <a href=\"https:\/\/www.vegaintro-projekti.com\/pilar-stari\/2009\/11\/iz-tiska-okantni-rezultati-znanstvenica-instituta-ivo-pilar\/\">Iz tiska: \u0160okantni rezultati znanstvenica Instituta Ivo Pilar<\/a> <br \/>&#8211; <a href=\"https:\/\/www.vegaintro-projekti.com\/pilar-stari\/2009\/01\/jesu-li-hrvati-sretni\/\">Razgovor s dr. sc. Ljiljanom Kaliterna Lipov\u010dan: Jesu li Hrvati sretni?<\/a> <br \/>&#8211; <a href=\"https:\/\/www.vegaintro-projekti.com\/pilar-stari\/2008\/11\/skup-o-mirnoj-reintegraciji-hrvatskoga-podunavlja-u-tisku\/\">Skup o mirnoj reintegraciji hrvatskoga Podunavlja u tisku<\/a> <br \/>&#8211; <a href=\"https:\/\/www.vegaintro-projekti.com\/pilar-stari\/2008\/11\/hrvatska-industrija-sree\/\">Hrvatska industrija sre\u0107e<\/a><br \/>&#8211; <a href=\"https:\/\/www.vegaintro-projekti.com\/pilar-stari\/2009\/01\/hrvatski-san\/\">FORBES: Hrvatski san<\/a><\/p>\n<hr \/>\n<p>&gt;&gt;&gt; PREGLED: NOVOSTI \/ IZ&nbsp;MEDIJA&nbsp;&#8211; PUNI TEKSTOVI:<\/p>\n<hr \/>\n<p>&nbsp;<\/p>\n","protected":false},"excerpt":{"rendered":"<p>&#8211;&nbsp;Iz medija: ISTRA\u017dIVANJE REGULACIJE PROSTITUCIJE&#8211;&nbsp;Dr. sc. Vinicije B. Lupis dobitnik nagrade Dubrova\u010dko-neretvanske \u017eupanije&#8211; Dr. sc. Dra\u017een \u017divi\u0107: DO 2050. IZGUBIT \u0106EMO 300.000 LJUDI, 23. 4. 2016.&#8211;&nbsp;Predstavljena knjiga &#8220;Don Ante Dra\u010devac. Izabrane studije&#8221;, 22. 4. 2016.&#8211; Postavljanje armenskog ha\u010dkara u Dubrovniku, 22. travnja 2016.&#8211;&nbsp;Dr. sc. Vinicije B. Lupis na otvaranja Spomenika \u017ertvama holokausta u Dubrovniku, 18.&hellip; <a class=\"continue\" href=\"https:\/\/www.vegaintro-projekti.com\/pilar-stari\/2014\/09\/pregled-2\/\">Pro\u010ditaj vi\u0161e o<span> Pregled: Iz medija<\/span><\/a><\/p>\n","protected":false},"author":1,"featured_media":0,"comment_status":"open","ping_status":"open","sticky":false,"template":"","format":"standard","meta":{"inline_featured_image":false,"ngg_post_thumbnail":0,"footnotes":""},"categories":[12],"tags":[],"yoast_head":"<!-- This site is optimized with the Yoast SEO plugin v21.2 - https:\/\/yoast.com\/wordpress\/plugins\/seo\/ -->\n<title>Pregled: Iz medija - Institut dru&scaron;tvenih znanosti Ivo Pilar<\/title>\n<meta name=\"robots\" content=\"noindex, follow, max-snippet:-1, max-image-preview:large, max-video-preview:-1\" \/>\n<meta property=\"og:locale\" content=\"hr_HR\" \/>\n<meta property=\"og:type\" content=\"article\" \/>\n<meta property=\"og:title\" content=\"Pregled: Iz medija - Institut dru&scaron;tvenih znanosti Ivo Pilar\" \/>\n<meta property=\"og:description\" content=\"&#8211;&nbsp;Iz medija: ISTRA\u017dIVANJE REGULACIJE PROSTITUCIJE&#8211;&nbsp;Dr. sc. Vinicije B. Lupis dobitnik nagrade Dubrova\u010dko-neretvanske \u017eupanije&#8211; Dr. sc. Dra\u017een \u017divi\u0107: DO 2050. IZGUBIT \u0106EMO 300.000 LJUDI, 23. 4. 2016.&#8211;&nbsp;Predstavljena knjiga &#8220;Don Ante Dra\u010devac. Izabrane studije&#8221;, 22. 4. 2016.&#8211; Postavljanje armenskog ha\u010dkara u Dubrovniku, 22. travnja 2016.&#8211;&nbsp;Dr. sc. Vinicije B. Lupis na otvaranja Spomenika \u017ertvama holokausta u Dubrovniku, 18.&hellip; Pro\u010ditaj vi\u0161e o Pregled: Iz medija\" \/>\n<meta property=\"og:url\" content=\"https:\/\/www.vegaintro-projekti.com\/pilar-stari\/2014\/09\/pregled-2\/\" \/>\n<meta property=\"og:site_name\" content=\"Institut dru&scaron;tvenih znanosti Ivo Pilar\" \/>\n<meta property=\"article:published_time\" content=\"2014-09-11T00:00:00+00:00\" \/>\n<meta property=\"article:modified_time\" content=\"2017-12-08T12:50:16+00:00\" \/>\n<meta name=\"author\" content=\"pilar-admin\" \/>\n<meta name=\"twitter:card\" content=\"summary_large_image\" \/>\n<meta name=\"twitter:label1\" content=\"Napisao\/la\" \/>\n\t<meta name=\"twitter:data1\" content=\"pilar-admin\" \/>\n\t<meta name=\"twitter:label2\" content=\"Procijenjeno vrijeme \u010ditanja\" \/>\n\t<meta name=\"twitter:data2\" content=\"5 minuta\" \/>\n<script type=\"application\/ld+json\" class=\"yoast-schema-graph\">{\"@context\":\"https:\/\/schema.org\",\"@graph\":[{\"@type\":\"WebPage\",\"@id\":\"https:\/\/www.vegaintro-projekti.com\/pilar-stari\/2014\/09\/pregled-2\/\",\"url\":\"https:\/\/www.vegaintro-projekti.com\/pilar-stari\/2014\/09\/pregled-2\/\",\"name\":\"Pregled: Iz medija - Institut dru&scaron;tvenih znanosti Ivo Pilar\",\"isPartOf\":{\"@id\":\"https:\/\/www.vegaintro-projekti.com\/pilar-stari\/#website\"},\"datePublished\":\"2014-09-11T00:00:00+00:00\",\"dateModified\":\"2017-12-08T12:50:16+00:00\",\"author\":{\"@id\":\"https:\/\/www.vegaintro-projekti.com\/pilar-stari\/#\/schema\/person\/c0db50ebd77c4409e19b18044bbf10c1\"},\"breadcrumb\":{\"@id\":\"https:\/\/www.vegaintro-projekti.com\/pilar-stari\/2014\/09\/pregled-2\/#breadcrumb\"},\"inLanguage\":\"hr\",\"potentialAction\":[{\"@type\":\"ReadAction\",\"target\":[\"https:\/\/www.vegaintro-projekti.com\/pilar-stari\/2014\/09\/pregled-2\/\"]}]},{\"@type\":\"BreadcrumbList\",\"@id\":\"https:\/\/www.vegaintro-projekti.com\/pilar-stari\/2014\/09\/pregled-2\/#breadcrumb\",\"itemListElement\":[{\"@type\":\"ListItem\",\"position\":1,\"name\":\"Home\",\"item\":\"https:\/\/www.vegaintro-projekti.com\/pilar-stari\/\"},{\"@type\":\"ListItem\",\"position\":2,\"name\":\"Pregled: Iz medija\"}]},{\"@type\":\"WebSite\",\"@id\":\"https:\/\/www.vegaintro-projekti.com\/pilar-stari\/#website\",\"url\":\"https:\/\/www.vegaintro-projekti.com\/pilar-stari\/\",\"name\":\"Institut dru&scaron;tvenih znanosti Ivo Pilar\",\"description\":\"Pilar\",\"potentialAction\":[{\"@type\":\"SearchAction\",\"target\":{\"@type\":\"EntryPoint\",\"urlTemplate\":\"https:\/\/www.vegaintro-projekti.com\/pilar-stari\/?s={search_term_string}\"},\"query-input\":\"required name=search_term_string\"}],\"inLanguage\":\"hr\"},{\"@type\":\"Person\",\"@id\":\"https:\/\/www.vegaintro-projekti.com\/pilar-stari\/#\/schema\/person\/c0db50ebd77c4409e19b18044bbf10c1\",\"name\":\"pilar-admin\",\"image\":{\"@type\":\"ImageObject\",\"inLanguage\":\"hr\",\"@id\":\"https:\/\/www.vegaintro-projekti.com\/pilar-stari\/#\/schema\/person\/image\/\",\"url\":\"https:\/\/secure.gravatar.com\/avatar\/fac9e03c4db0011b9c1ad8b5e9c74b8c?s=96&d=mm&r=g\",\"contentUrl\":\"https:\/\/secure.gravatar.com\/avatar\/fac9e03c4db0011b9c1ad8b5e9c74b8c?s=96&d=mm&r=g\",\"caption\":\"pilar-admin\"},\"url\":\"https:\/\/www.vegaintro-projekti.com\/pilar-stari\/author\/pilar-admin\/\"}]}<\/script>\n<!-- \/ Yoast SEO plugin. -->","yoast_head_json":{"title":"Pregled: Iz medija - Institut dru&scaron;tvenih znanosti Ivo Pilar","robots":{"index":"noindex","follow":"follow","max-snippet":"max-snippet:-1","max-image-preview":"max-image-preview:large","max-video-preview":"max-video-preview:-1"},"og_locale":"hr_HR","og_type":"article","og_title":"Pregled: Iz medija - Institut dru&scaron;tvenih znanosti Ivo Pilar","og_description":"&#8211;&nbsp;Iz medija: ISTRA\u017dIVANJE REGULACIJE PROSTITUCIJE&#8211;&nbsp;Dr. sc. Vinicije B. Lupis dobitnik nagrade Dubrova\u010dko-neretvanske \u017eupanije&#8211; Dr. sc. Dra\u017een \u017divi\u0107: DO 2050. IZGUBIT \u0106EMO 300.000 LJUDI, 23. 4. 2016.&#8211;&nbsp;Predstavljena knjiga &#8220;Don Ante Dra\u010devac. Izabrane studije&#8221;, 22. 4. 2016.&#8211; Postavljanje armenskog ha\u010dkara u Dubrovniku, 22. travnja 2016.&#8211;&nbsp;Dr. sc. Vinicije B. Lupis na otvaranja Spomenika \u017ertvama holokausta u Dubrovniku, 18.&hellip; Pro\u010ditaj vi\u0161e o Pregled: Iz medija","og_url":"https:\/\/www.vegaintro-projekti.com\/pilar-stari\/2014\/09\/pregled-2\/","og_site_name":"Institut dru&scaron;tvenih znanosti Ivo Pilar","article_published_time":"2014-09-11T00:00:00+00:00","article_modified_time":"2017-12-08T12:50:16+00:00","author":"pilar-admin","twitter_card":"summary_large_image","twitter_misc":{"Napisao\/la":"pilar-admin","Procijenjeno vrijeme \u010ditanja":"5 minuta"},"schema":{"@context":"https:\/\/schema.org","@graph":[{"@type":"WebPage","@id":"https:\/\/www.vegaintro-projekti.com\/pilar-stari\/2014\/09\/pregled-2\/","url":"https:\/\/www.vegaintro-projekti.com\/pilar-stari\/2014\/09\/pregled-2\/","name":"Pregled: Iz medija - Institut dru&scaron;tvenih znanosti Ivo Pilar","isPartOf":{"@id":"https:\/\/www.vegaintro-projekti.com\/pilar-stari\/#website"},"datePublished":"2014-09-11T00:00:00+00:00","dateModified":"2017-12-08T12:50:16+00:00","author":{"@id":"https:\/\/www.vegaintro-projekti.com\/pilar-stari\/#\/schema\/person\/c0db50ebd77c4409e19b18044bbf10c1"},"breadcrumb":{"@id":"https:\/\/www.vegaintro-projekti.com\/pilar-stari\/2014\/09\/pregled-2\/#breadcrumb"},"inLanguage":"hr","potentialAction":[{"@type":"ReadAction","target":["https:\/\/www.vegaintro-projekti.com\/pilar-stari\/2014\/09\/pregled-2\/"]}]},{"@type":"BreadcrumbList","@id":"https:\/\/www.vegaintro-projekti.com\/pilar-stari\/2014\/09\/pregled-2\/#breadcrumb","itemListElement":[{"@type":"ListItem","position":1,"name":"Home","item":"https:\/\/www.vegaintro-projekti.com\/pilar-stari\/"},{"@type":"ListItem","position":2,"name":"Pregled: Iz medija"}]},{"@type":"WebSite","@id":"https:\/\/www.vegaintro-projekti.com\/pilar-stari\/#website","url":"https:\/\/www.vegaintro-projekti.com\/pilar-stari\/","name":"Institut dru&scaron;tvenih znanosti Ivo Pilar","description":"Pilar","potentialAction":[{"@type":"SearchAction","target":{"@type":"EntryPoint","urlTemplate":"https:\/\/www.vegaintro-projekti.com\/pilar-stari\/?s={search_term_string}"},"query-input":"required name=search_term_string"}],"inLanguage":"hr"},{"@type":"Person","@id":"https:\/\/www.vegaintro-projekti.com\/pilar-stari\/#\/schema\/person\/c0db50ebd77c4409e19b18044bbf10c1","name":"pilar-admin","image":{"@type":"ImageObject","inLanguage":"hr","@id":"https:\/\/www.vegaintro-projekti.com\/pilar-stari\/#\/schema\/person\/image\/","url":"https:\/\/secure.gravatar.com\/avatar\/fac9e03c4db0011b9c1ad8b5e9c74b8c?s=96&d=mm&r=g","contentUrl":"https:\/\/secure.gravatar.com\/avatar\/fac9e03c4db0011b9c1ad8b5e9c74b8c?s=96&d=mm&r=g","caption":"pilar-admin"},"url":"https:\/\/www.vegaintro-projekti.com\/pilar-stari\/author\/pilar-admin\/"}]}},"_links":{"self":[{"href":"https:\/\/www.vegaintro-projekti.com\/pilar-stari\/wp-json\/wp\/v2\/posts\/317"}],"collection":[{"href":"https:\/\/www.vegaintro-projekti.com\/pilar-stari\/wp-json\/wp\/v2\/posts"}],"about":[{"href":"https:\/\/www.vegaintro-projekti.com\/pilar-stari\/wp-json\/wp\/v2\/types\/post"}],"author":[{"embeddable":true,"href":"https:\/\/www.vegaintro-projekti.com\/pilar-stari\/wp-json\/wp\/v2\/users\/1"}],"replies":[{"embeddable":true,"href":"https:\/\/www.vegaintro-projekti.com\/pilar-stari\/wp-json\/wp\/v2\/comments?post=317"}],"version-history":[{"count":86,"href":"https:\/\/www.vegaintro-projekti.com\/pilar-stari\/wp-json\/wp\/v2\/posts\/317\/revisions"}],"predecessor-version":[{"id":7753,"href":"https:\/\/www.vegaintro-projekti.com\/pilar-stari\/wp-json\/wp\/v2\/posts\/317\/revisions\/7753"}],"wp:attachment":[{"href":"https:\/\/www.vegaintro-projekti.com\/pilar-stari\/wp-json\/wp\/v2\/media?parent=317"}],"wp:term":[{"taxonomy":"category","embeddable":true,"href":"https:\/\/www.vegaintro-projekti.com\/pilar-stari\/wp-json\/wp\/v2\/categories?post=317"},{"taxonomy":"post_tag","embeddable":true,"href":"https:\/\/www.vegaintro-projekti.com\/pilar-stari\/wp-json\/wp\/v2\/tags?post=317"}],"curies":[{"name":"wp","href":"https:\/\/api.w.org\/{rel}","templated":true}]}}