{"id":318,"date":"2017-01-27T00:00:00","date_gmt":"2017-01-27T00:00:00","guid":{"rendered":"https:\/\/www.vegaintro-projekti.com\/pilar-stari\/2017\/01\/27\/pregled-skupovi\/"},"modified":"2018-01-11T21:19:01","modified_gmt":"2018-01-11T21:19:01","slug":"pregled-skupovi","status":"publish","type":"post","link":"https:\/\/www.vegaintro-projekti.com\/pilar-stari\/2017\/01\/pregled-skupovi\/","title":{"rendered":"Pregled: Skupovi"},"content":{"rendered":"<p>&#8211;&nbsp;<a href=\"https:\/\/www.vegaintro-projekti.com\/pilar-stari\/2017\/11\/skup-kamo-ide-istocna-hrvatska-dakovo-1-12-2017\/\">Znanstveni skup: KAMO IDE ISTO\u010cNA HRVATSKA? &#8211; \u0110akovo, 1. 12. 2017.<\/a><br \/>\n&#8211;&nbsp;<a href=\"https:\/\/www.vegaintro-projekti.com\/pilar-stari\/2017\/11\/tribina-digitalna-tehnologija-u-obitelji-prijatelj-ili-neprijatelj\/\">Tribina: DIGITALNA TEHNOLOGIJA U OBITELJI \u2013 PRIJATELJ ILI NEPRIJATELJ?, 20. 11. 2017.<\/a><br \/>\n&#8211;&nbsp;<a href=\"https:\/\/www.vegaintro-projekti.com\/pilar-stari\/2017\/11\/13-novinarsko-knjizevnicki-susret-grad-to-ste-vi-20-11-2017\/\">13. Novinarsko-knji\u017eevni\u010dki susret GRAD &#8211; TO STE VI, 20. 11. 2017.<\/a><br \/>\n&#8211;&nbsp;<a href=\"https:\/\/www.vegaintro-projekti.com\/pilar-stari\/2017\/11\/konferencija-politike-i-prakse-prostitucije-iskustva-osoba-u-prostituciji\/\">Konferencija: POLITIKE I PRAKSE PROSTITUCIJE \u2013 ISKUSTVA OSOBA U PROSTITUCIJI, 17. 11. 2017.<\/a><br \/>\n&#8211;&nbsp;<a href=\"https:\/\/www.vegaintro-projekti.com\/pilar-stari\/2017\/11\/prof-dr-sc-renata-franc-i-projekt-dare-na-informativnom-danu-obzora-2020\/\">Prof. dr. sc. Renata Franc i projekt DARE na informativnom danu Obzora 2020, 17. 11. 2017.<\/a><br \/>\n&#8211;&nbsp;<a href=\"https:\/\/www.vegaintro-projekti.com\/pilar-stari\/2017\/11\/obzor-2020-info-dan-europa-u-promjenjivom-svijetu\/\">Obzor 2020. info dan: Europa u promjenjivom svijetu, 17. 11. 2017.<\/a><br \/>\n&#8211;&nbsp;<a href=\"https:\/\/www.vegaintro-projekti.com\/pilar-stari\/2017\/11\/zivjeti-mediteran-izlaganja-i-najava-konferencije-mic-vis-2018\/\">\u017dIVJETI MEDITERAN &#8211; Izlaganja i najava Konferencije MIC &#8211; Vis, 2018.; 14. 11. 2017.<\/a><br \/>\n&#8211;&nbsp;<a href=\"https:\/\/www.vegaintro-projekti.com\/pilar-stari\/2017\/10\/20-skup-vukovar-91-javni-diskursi-i-pozicije-moci-13-14-11-2017\/\">20. VUKOVAR &#8217;91.: JAVNI DISKURSI I POZICIJE MO\u0106I, 13.-14. 11. 2017.<\/a><br \/>\n&#8211;&nbsp;<a href=\"https:\/\/www.vegaintro-projekti.com\/pilar-stari\/2017\/11\/predstavljanje-knjige-licka-i-senjska-gradanska-drustva-1835-1945\/\">GOSPI\u0106: Predstavljanje knjige LI\u010cKA I SENJSKA GRA\u0110ANSKA DRU\u0160TVA 1835. &#8211; 1945., 10. 11. 2017.<\/a><br \/>\n&#8211;&nbsp;<a href=\"https:\/\/www.vegaintro-projekti.com\/pilar-stari\/2017\/10\/vukovar-predstavljanje-knjige-akademkinje-alice-wertheimer-baletic\/\">VUKOVAR: Predstavljanje knjige akademkinje ALICE WERTHEIMER-BALETI\u0106, 2. 11. 2017.<\/a><br \/>\n&#8211;&nbsp;<a href=\"https:\/\/www.vegaintro-projekti.com\/pilar-stari\/2017\/10\/predavanje-anticki-brodolomi-i-plovidbene-rute-na-istocnom-jadranu\/\">Predavanje: Anti\u010dki brodolomi i plovidbene rute na isto\u010dnom Jadranu, 30. 10. 2017.<\/a><br \/>\n&#8211;&nbsp;<a href=\"https:\/\/www.vegaintro-projekti.com\/pilar-stari\/2017\/10\/predstavljanje-knjige-sebasta-grad-svetoga-vlaha-u-zagrebu\/\">Predstavljanje knjige SEBASTA \u2013 GRAD SVETOGA VLAHA u Zagrebu, 30. 10. 2017.<\/a><br \/>\n&#8211;&nbsp;<a href=\"https:\/\/www.vegaintro-projekti.com\/pilar-stari\/2017\/11\/osnovana-sekcija-za-sociologiju-sporta-hsd-a\/\">Osnovana Sekcija za sociologiju sporta HSD-a, 27. 10. 2017.<\/a><br \/>\n&#8211;&nbsp;<a href=\"https:\/\/www.vegaintro-projekti.com\/pilar-stari\/2017\/10\/predstavljanje-zbornika-radova-sa-znanstvenog-skupa-josip-lovretic-1865-1948-otok-27-10-2017\/\">Predstavljanje Zbornika radova JOSIP LOVRETI\u0106 (1865. &#8211; 1948.); Otok, 27. 10. 2017.<\/a><br \/>\n&#8211;&nbsp;<a href=\"https:\/\/www.vegaintro-projekti.com\/pilar-stari\/2017\/10\/predavanje-profesora-alexandera-maxwella-u-institutu-pilar\/\">PREDAVANJE PROFESORA ALEXANDERA MAXWELLA U INSTITUTU PILAR, 26. 10. 2017.<\/a><br \/>\n&#8211;&nbsp;<a href=\"https:\/\/www.vegaintro-projekti.com\/pilar-stari\/2017\/11\/dr-sc-benjamin-perasovic-sport-i-drustvo-u-suvremenoj-hrvatskoj\/\">Dr. sc. Benjamin Perasovi\u0107: &#8220;Sport i dru\u0161tvo u suvremenoj Hrvatskoj&#8221;, 23.-29. 10. 2017.<\/a><br \/>\n&#8211;&nbsp;<a href=\"https:\/\/www.vegaintro-projekti.com\/pilar-stari\/2017\/10\/skup-sveti-ilar-u-kontekstu-svoga-vremena-mlini-dubrovnik-19-20-10-2017\/\">SKUP: Sveti Ilar u kontekstu svoga vremena; Mlini (Dubrovnik), 19.-20. 10. 2017.<\/a><br \/>\n&#8211;&nbsp;<a href=\"https:\/\/www.vegaintro-projekti.com\/pilar-stari\/2017\/10\/predstvaljanje-knjige-povijest-hrvatske-politicke-emigracije-1945-1990\/\">Predstavljanje POVIJESTI HRVATSKE POLITI\u010cKE EMIGRACIJE 1945.\u20131990., 20. 10. 2017.<\/a><br \/>\n&#8211;&nbsp;<a href=\"https:\/\/www.vegaintro-projekti.com\/pilar-stari\/2017\/10\/dr-sc-vinicije-b-lupis-urednik-zbornika-o-dominikancu-i-akademiku-stjepanu-krasicu\/\">Dr. sc. Vinicije B. Lupis urednik zbornika o dominikancu Stjepanu Krasi\u0107u, 12. 10. 2017.<\/a><br \/>\n&#8211;&nbsp;<a href=\"https:\/\/www.vegaintro-projekti.com\/pilar-stari\/2017\/10\/dr-sc-vinicije-b-lupis-otvorio-izlozbu-medunarodne-likovne-kolonije-9-10-2017\/\">Dr. sc. Vinicije B. Lupis otvorio izlo\u017ebu Me\u0111unarodne likovne kolonije, 9. 10. 2017.<\/a><br \/>\n&#8211;&nbsp;<a href=\"https:\/\/www.vegaintro-projekti.com\/pilar-stari\/2017\/10\/dr-sc-vinicije-b-lupis-o-djelima-slikara-vulka-hajdica\/\">Dr. sc. Vinicije B. Lupis o djelima slikara Vulka Hajdi\u0107a, 6. 10. 2017.<\/a><br \/>\n&#8211;&nbsp;<a href=\"https:\/\/www.vegaintro-projekti.com\/pilar-stari\/2017\/10\/memorijal-26-obljetnica-stradanja-mjesta-svinjarevci\/\">MEMORIJAL: 26. obljetnica stradanja mjesta Svinjarevci, 29. 9. 2017.<\/a><br \/>\n&#8211;&nbsp;<a href=\"https:\/\/www.vegaintro-projekti.com\/pilar-stari\/2017\/10\/sastanak-sudionika-h2020-projekta-promise-u-zagrebu-28-29-rujna-2017\/\">Sastanak sudionika H2020 projekta PROMISE u Zagrebu, 28.-29. 9. 2017.<\/a><br \/>\n&#8211;&nbsp;<a href=\"https:\/\/www.vegaintro-projekti.com\/pilar-stari\/2017\/09\/dr-sc-b-perasovic-i-dr-sc-m-mustapic-na-socioloskoj-konferenciji-u-sloveniji\/\">Dr. sc. B. Perasovi\u0107 i dr. sc. M. Mustapi\u0107 na konferenciji u Sloveniji, 21.-23. 9 2017.<\/a><br \/>\n&#8211;&nbsp;<a href=\"https:\/\/www.vegaintro-projekti.com\/pilar-stari\/2017\/09\/radionica-metodoloski-aspekti-relacijskih-istrazivanja-identiteta-ii-17-21-9-2017\/\">Radionica &#8220;Metodolo\u0161ki aspekti relacijskih istra\u017eivanja identiteta II&#8221;, 17.-21. 9. 2017.<\/a><br \/>\n&#8211;&nbsp;<a href=\"https:\/\/www.vegaintro-projekti.com\/pilar-stari\/2017\/09\/prof-dr-sc-inga-tomic-koludrovic-na-radionici-rising-inequalities-u-kopenhagenu\/\">Prof. dr. sc. Inga Tomi\u0107-Koludrovi\u0107 na radionici &#8220;Rising inequalities&#8221;, 15. 9. 2017.<\/a><br \/>\n&#8211;&nbsp;<a href=\"https:\/\/www.vegaintro-projekti.com\/pilar-stari\/2017\/09\/projekt-inno-wises-poceo-s-radom-i-odrzan-prvi-sastanak\/\">Projekt INNO-WISEs po\u010deo s radom i odr\u017ean prvi sastanak<\/a><br \/>\n&#8211;&nbsp;<a href=\"https:\/\/www.vegaintro-projekti.com\/pilar-stari\/2017\/09\/predstavljanje-knjige-dr-sc-ljiljane-dobrovsak-zidovi-u-srijemu-15-9-2017\/\">Predstavljanje knjige dr. sc. Ljiljane Dobrov\u0161ak \u017dIDOVI U SRIJEMU, 15. 9. 2017.<\/a><br \/>\n&#8211;&nbsp;<a href=\"https:\/\/www.vegaintro-projekti.com\/pilar-stari\/2017\/09\/predstavljanje-knjige-tragom-hrvata-u-argentini-paragvaju-i-urugvaju-14-9-2017\/\">Predstavljanje knjige &#8220;Tragom Hrvata u Argentini, Paragvaju i Urugvaju&#8221;, 14. 9. 2017.<\/a><br \/>\n&#8211;&nbsp;<a href=\"https:\/\/www.vegaintro-projekti.com\/pilar-stari\/2017\/10\/dr-sc-vinicije-b-lupis-stare-ograde-umjetnicka-oprema-grada-11-9-2017\/\">Dr. sc. Vinicije B.. Lupis: STARE OGRADE &#8211; UMJETNI\u010cKA OPREMA GRADA, 11. 9. 2017.<\/a><br \/>\n&#8211;&nbsp;<a href=\"https:\/\/www.vegaintro-projekti.com\/pilar-stari\/2017\/09\/dr-sc-jelka-vince-pallua-raznoliko-lice-virdzine\/\">Dr. sc. Jelka Vince Pallua: RAZNOLIKO LICE VIRD\u017dINE&#8230;; 22. 8. 2017.<\/a><br \/>\n&#8211;&nbsp;<a href=\"https:\/\/www.vegaintro-projekti.com\/pilar-stari\/2017\/09\/kolokvij-slojevi-sjecanja-i-identitet-vukovara-u-20-stoljecu\/\">Kolokvij: SLOJEVI SJE\u0106ANJA I IDENTITET VUKOVARA U 20. STOLJE\u0106U, 15. 9. 2017.<\/a>&nbsp;<br \/>\n&#8211;&nbsp;<a href=\"https:\/\/www.vegaintro-projekti.com\/pilar-stari\/2017\/09\/ra-stvaranje-europe-kapitalizam-solidarnost-subjektivnost\/\">PILAROVCI NA EUROPSKOM SOCIOLO\u0160KOM KONGRESU U ATENI 2017.<\/a><br \/>\n&#8211;&nbsp;<a href=\"https:\/\/www.vegaintro-projekti.com\/pilar-stari\/2017\/09\/ra-stvaranje-europe-kapitalizam-solidarnost-subjektivnost\/\">(Ra)stvaranje Europe: kapitalizam, solidarnosti, subjektivnost; Atena, 29. 8. &#8211; 1. 9. 2017.<\/a><br \/>\n&#8211;&nbsp;<a href=\"https:\/\/www.vegaintro-projekti.com\/pilar-stari\/2017\/07\/predstavljanje-zbornika-covjek-i-smrt-13-7-2017\/\">Predstavljanje zbornika \u010cOVJEK I SMRT, 13. 7. 2017.<\/a><br \/>\n&#8211;&nbsp;<a href=\"https:\/\/www.vegaintro-projekti.com\/pilar-stari\/2017\/07\/dr-sc-vinicije-b-lupis-s-visokim-predstavnikom-armenske-apostolske-crkve\/\">Dr. sc. Vinicije B. Lupis s visokim predstavnikom Armenske Apostolske Crkve, 12. 7. 2017.<\/a><br \/>\n&#8211;&nbsp;<a href=\"https:\/\/www.vegaintro-projekti.com\/pilar-stari\/2017\/07\/promise-evaluacija-prve-godine-projekta-u-bruxellesu\/\">PROMISE: Evaluacija prve godine projekta u Bruxellesu, 3. 7. 2017.<\/a><br \/>\n&#8211;&nbsp;<a href=\"https:\/\/www.vegaintro-projekti.com\/pilar-stari\/2017\/07\/dr-sc-jelka-vince-pallua-na-konfrenciji-iacm-a-u-edinburghu\/\">Dr. sc. Jelka Vince Pallua na konfrenciji IACM-a u Edinburghu, 8.-11. 6. 2017.<\/a><br \/>\n&#8211;&nbsp;<a href=\"https:\/\/www.vegaintro-projekti.com\/pilar-stari\/2017\/06\/panel-populizam-u-europi-kako-mu-se-suprotstaviti\/\">PANEL: Populizam u Europi: kako mu se suprotstaviti?; 9. 6. 2017.<\/a><br \/>\n&#8211;&nbsp;<a href=\"https:\/\/www.vegaintro-projekti.com\/pilar-stari\/2017\/06\/vinicije-b-lupis-20-godina-suradnje-bugarske-i-hrvatske-akademije\/\">Vinicije B. Lupis: 20 godina suradnje Bugarske i Hrvatske akademije, 6. 6. 2017.<\/a><br \/>\n&#8211;&nbsp;<a href=\"https:\/\/www.vegaintro-projekti.com\/pilar-stari\/2017\/06\/predstavljanje-arhivske-glazbene-grade-vukovarskog-franjevackog-samostana\/\">Promocija &#8220;Arhivske glazbene gra\u0111e vukovarskog Franjeva\u010dkog samostana, 6. 6. 2017.<\/a><br \/>\n&#8211;&nbsp;<a href=\"https:\/\/www.vegaintro-projekti.com\/pilar-stari\/2017\/06\/put-karijere-predstavljanje-online-sustava-za-profesionalno-usmjeravanje\/\">PUT KARIJERE: Predstavljanje online sustava za profesionalno usmjeravanje, 6. 6. 2017.<\/a><br \/>\n&#8211;&nbsp;<a href=\"https:\/\/www.vegaintro-projekti.com\/pilar-stari\/2017\/06\/dr-sc-vinicije-b-lupis-o-hrvatsko-armenskim-odnosima-u-sofiji-5-6-2017\/\">Dr. sc. Vinicije B. Lupis o hrvatsko-armenskim odnosima u Sofiji, 5. 6. 2017.<\/a><br \/>\n&#8211;&nbsp;<a href=\"https:\/\/www.vegaintro-projekti.com\/pilar-stari\/2017\/05\/zapoceo-projekt-dare-dijalog-o-radikalizaciji-i-jednakosti\/\">Zapo\u010deo projekt DARE Dijalog o radikalizaciji i jednakosti<\/a><br \/>\n&#8211;&nbsp;<a href=\"https:\/\/www.vegaintro-projekti.com\/pilar-stari\/2017\/05\/predstavljanje-zbornika-domovinska-i-europska-sigurnost-31-5-2017\/\">Predstavljanje zbornika DOMOVINSKA (I EUROPSKA) SIGURNOST, 31. 5. 2017.<\/a><br \/>\n&#8211;&nbsp;<a href=\"https:\/\/www.vegaintro-projekti.com\/pilar-stari\/2017\/05\/radionica-metodoloski-aspekti-relacijskih-istrazivanja-identiteta\/\">Radionica: &#8220;Metodolo\u0161ki aspekti relacijskih istra\u017eivanja identiteta&#8221;,&nbsp;26.-29. 5. 2017.<\/a><br \/>\n&#8211;&nbsp;<a href=\"https:\/\/www.vegaintro-projekti.com\/pilar-stari\/2017\/05\/dr-sc-anja-wertag-predstavila-uga-study-abroad-program\/\">Dr. sc. Anja Wertag predstavila je UGA Study Abroad program<\/a><br \/>\n&#8211;&nbsp;<a href=\"https:\/\/www.vegaintro-projekti.com\/pilar-stari\/2017\/05\/dr-sc-drazen-zivic-hrvatska-i-slavonija-u-demografskoj-depopulaciji\/\">Predavanje dr. sc. Dra\u017eena \u017divi\u0107a: &#8220;Hrvatska i Slavonija u demografskoj depopulaciji&#8221;, 23. 5. 2017.<\/a><br \/>\n&#8211;&nbsp;<a href=\"https:\/\/www.vegaintro-projekti.com\/pilar-stari\/2017\/05\/arnaldo-nesti-okrugli-stol-moje-dvadeseto-stoljece-pasije\/\">ARNALDO NESTI: Okrugli stol: Moje dvadeseto stolje\u0107e. Pasije, 18. 5. 2017.<\/a><br \/>\n&#8211;&nbsp;<a href=\"https:\/\/www.vegaintro-projekti.com\/pilar-stari\/2017\/05\/dr-sc-ljiljana-dobrovsak-zidovska-zajednica-u-kutini-i-moslavini\/\">Predavanje dr. sc. Ljiljane Dobrov\u0161ak: &#8220;\u017didovska zajednica u Kutini i Moslavini&#8221;, 18. 5. 2017.<\/a><br \/>\n&#8211;&nbsp;<a href=\"https:\/\/www.vegaintro-projekti.com\/pilar-stari\/2017\/05\/medunarodna-konferencija-europa-i-migracije-u-21-stoljecu\/\">Me\u0111unarodna konferencija: EUROPA I MIGRACIJE U 21. STOLJE\u0106U, 11.-12. 5. 2017.<\/a><br \/>\n&#8211;&nbsp;<a href=\"https:\/\/www.vegaintro-projekti.com\/pilar-stari\/2017\/05\/predavanje-dr-sc-drazena-zivica-demografski-razvoj-vukovara\/\">Predavanje dr. sc. Dra\u017eena \u017divi\u0107a: DEMOGRAFSKI RAZVOJ VUKOVARA, 4. 5. 2017.<\/a><br \/>\n&#8211;&nbsp;<a href=\"https:\/\/www.vegaintro-projekti.com\/pilar-stari\/2017\/05\/rasprava-u-gospicu-kako-ozivjeti-liku\/\">Rasprava u Gospi\u0107u: KAKO O\u017dIVJETI LIKU?; 28. 4. 2017.<\/a><br \/>\n&#8211;&nbsp;<a href=\"https:\/\/www.vegaintro-projekti.com\/pilar-stari\/2017\/05\/promise-osnivacki-sastanak-nacionalne-mreze-za-javne-politike-i-rad-s-mladima\/\">PROMISE: Osniva\u010dki sastanak &#8220;Nacionalne mre\u017ee za javne politike i rad s mladima&#8221;, 20. 4. 2017.<\/a><br \/>\n&#8211;&nbsp;<a href=\"https:\/\/www.vegaintro-projekti.com\/pilar-stari\/2017\/04\/predavanje-dr-sc-tomasza-kamuselle-na-institutu-ivo-pilar\/\">Predavanje dr. sc. Tomasza Kamuselle na Institutu Ivo Pilar; Zagreb, 19. 4. 2017.<\/a><br \/>\n&#8211;&nbsp;<a href=\"https:\/\/www.vegaintro-projekti.com\/pilar-stari\/2017\/05\/priopcenja-uz-projekt-relacijski-rodni-identiteti-u-hrvatskoj-genmod\/\">Priop\u0107enja uz projekt Relacijski rodni identiteti u Hrvatskoj (GENMOD)<\/a><br \/>\n&#8211;&nbsp;<a href=\"https:\/\/www.vegaintro-projekti.com\/pilar-stari\/2017\/04\/nagrada-dr-sc-jadranki-rebeki-anic-za-slobodu-u-crkvi\/\">Nagrada dr. sc. Jadranki Rebeki Ani\u0107 za slobodu u Crkvi, 19. 3. 2017.<\/a><br \/>\n&#8211;&nbsp;<a href=\"https:\/\/www.vegaintro-projekti.com\/pilar-stari\/2017\/04\/dr-sc-benjamin-perasovic-predstavljanje-projekta-myplace-na-sleskom-sveucilistu\/\">Predavanje dr. sc. Benjamina Perasovi\u0107a na \u0160leskom sveu\u010dili\u0161tu, 23.-24. 3. 2017.<\/a><br \/>\n&#8211;&nbsp;<a href=\"https:\/\/www.vegaintro-projekti.com\/pilar-stari\/2017\/04\/dr-sc-drazen-zivic-demografska-depupulacija-izumiranje-slavonije\/\">Dr. sc. Dra\u017een \u017divi\u0107: DEMOGRAFSKA DEPUPULACIJA\/IZUMIRANJE SLAVONIJE, 4. 4. 2017.<\/a><br \/>\n&#8211;&nbsp;<a href=\"https:\/\/www.vegaintro-projekti.com\/pilar-stari\/2017\/03\/dr-sc-drazen-zivic-demografska-buducnost-hrvatske\/\">Dr. sc. Dra\u017een \u017divi\u0107: DEMOGRAFSKA BUDU\u0106NOST HRVATSKE, 23. 3. 2017.<\/a><br \/>\n&#8211;&nbsp;<a href=\"https:\/\/www.vegaintro-projekti.com\/pilar-stari\/2017\/03\/prezentacija-stavovi-kadeta-hrvatski-nacionalni-identitet-i-identitet-hv-a\/\">Prezentacija: STAVOVI KADETA \u2013 Hrvatski nacionalni identitet i identitet HV, 16. 3. 2017.<\/a><br \/>\n&#8211;&nbsp;<a href=\"https:\/\/www.vegaintro-projekti.com\/pilar-stari\/2017\/03\/predstavljanje-knjige-dr-sc-sase-poljanec-boric-pravo-na-sada-16-3-2017\/\">Predstavljanje knjige dr. sc. Sa\u0161e Poljanec-Bori\u0107 PRAVO NA SADA!, 16. 3. 2017.<\/a><br \/>\n&#8211;&nbsp;<a href=\"https:\/\/www.vegaintro-projekti.com\/pilar-stari\/2017\/03\/qualitywatch-projekt-zavrsne-konferencije-i-predstavljanja-rezultata\/\">QUALITYWATCH projekt: zavr\u0161ne konferencije i predstavljanja rezultata, 8.-16. 3. 2017.<\/a><br \/>\n&#8211;&nbsp;<a href=\"https:\/\/www.vegaintro-projekti.com\/pilar-stari\/2017\/03\/dr-sc-sasa-poljanec-boric-studijski-boravak-u-sad-u\/\">Dr. sc. Sa\u0161a Poljanec-Bori\u0107: studijski boravak u SAD-u<\/a><br \/>\n&#8211;&nbsp;<a href=\"https:\/\/www.vegaintro-projekti.com\/pilar-stari\/2017\/03\/projekt-promice-2-sastanak-konzorcija-eu-horizon-2020\/\">Projekt PROMISE: 2. sastanak projektnog konzorcija EU HORIZON 2020, 22.-25. 2. 2017.<\/a><br \/>\n&#8211;&nbsp;<a href=\"https:\/\/www.vegaintro-projekti.com\/pilar-stari\/2017\/02\/predstavljanje-erazmove-poslovice-i-cargo-kultovi-novoga-doba-15-2-2017\/\">Predstavljanje: ERAZMOVE POSLOVICE I CARGO KULTOVI NOVOGA DOBA, 15. 2. 2017.<\/a><br \/>\n&#8211;&nbsp;<a href=\"https:\/\/www.vegaintro-projekti.com\/pilar-stari\/2017\/02\/tribina-u-rabu-demografski-slom-hrvatske-i-raba-11-2-2017\/\">Tribina u Rabu: &#8220;Demografski slom Hrvatske (i Raba)?&#8221;, 11. 2. 2017.<\/a><br \/>\n&#8211;&nbsp;<a href=\"https:\/\/www.vegaintro-projekti.com\/pilar-stari\/2017\/02\/izlozba-ljubav-u-damasku-sirijskog-umjetnika-eliasa-ayouba\/\">Izlo\u017eba &#8220;Ljubav u Damasku&#8221; sirijskog umjetnika Eliasa Ayouba, 1. 2. 2017.<\/a><br \/>\n&#8211;&nbsp;<a href=\"https:\/\/www.vegaintro-projekti.com\/pilar-stari\/2017\/01\/predstavljanje-knjige-sebasta-grad-svetog-vlaha\/\">Predstavljanje knjige &#8220;Sebasta &#8211; grad svetog Vlaha&#8221; u Stonu i Dubrovniku, 31. 1. i 4.2. 2017.<\/a><br \/>\n&#8211; <a href=\"https:\/\/www.vegaintro-projekti.com\/pilar-stari\/2017\/01\/tiskovna-konferencija-cro-well-hrvatsko-istrazivanje-dobrobiti-19-1-2017\/\">Tiskovna konferencija: CRO-WELL: Hrvatsko istra\u017eivanje dobrobiti, 19. 1. 2017.<\/a><br \/>\n&#8211;&nbsp;<a href=\"https:\/\/www.vegaintro-projekti.com\/pilar-stari\/2016\/11\/predstavljanje-monografije-90-godina-elektricnog-tramvaja-u-osijeku\/\">Predstavljanje monografije 90 godina elektri\u010dnog tramvaja u Osijeku, 12. 12. 2016.<\/a><br \/>\n&#8211;&nbsp;<a href=\"https:\/\/www.vegaintro-projekti.com\/pilar-stari\/2016\/12\/3-skup-domovinski-rat-na-podrucju-hrvatskog-istoka-2-3-12-2016\/\">3. SKUP: Domovinski rat na podru\u010dju hrvatskog istoka, 2.-3. 12. 2016.<\/a><br \/>\n&#8211;&nbsp;<a href=\"https:\/\/www.vegaintro-projekti.com\/pilar-stari\/2017\/01\/predstavljanje-zbornika-domovinski-rat-i-razvoj-hrvatskog-istoka\/\">Predstavljanje zbornika Domovinski rat i razvoj hrvatskog istoka, 1. 12. 2016.<\/a><br \/>\n&#8211;&nbsp;<a href=\"https:\/\/www.vegaintro-projekti.com\/pilar-stari\/2017\/01\/predstavljena-knjiga-ja-nisam-gej-mama-roditeljstvo-lgb-osoba-u-hrvatskoj\/\">Predstavljanje: &#8220;Ja nisam gej mama, ja sam mama: Roditeljstvo LGB osoba&#8221;, 29. 11. 2016.<\/a><br \/>\n&#8211;&nbsp;<a href=\"https:\/\/www.vegaintro-projekti.com\/pilar-stari\/2016\/12\/proslava-25-obljetnice-instituta-ivo-pilar-u-vukovaru\/\">PROSLAVA 25. OBLJETNICE INSTITUTA IVO PILAR U VUKOVARU, 25.-26. 11. 2016.<\/a><br \/>\n&#8211;&nbsp;<a href=\"https:\/\/www.vegaintro-projekti.com\/pilar-stari\/2016\/12\/25-godina-casopisa-drustvena-istrazivanja\/\">25 godina \u010dasopisa DRU\u0160TVENA ISTRA\u017dIVANJA, 9. 12. 2016.<\/a><br \/>\n&#8211; <a href=\"https:\/\/www.vegaintro-projekti.com\/pilar-stari\/2016\/12\/konferencija-surviving-in-post-socialism-ljubljana-25-26-11-2016\/\">Konferencija: SURVIVING IN POST-SOCIALISM; Ljubljana, 25.-26. 11. 2016.<\/a><br \/>\n&#8211;&nbsp;<a href=\"https:\/\/www.vegaintro-projekti.com\/pilar-stari\/2016\/12\/voditelja-jobstem-projekta-dr-sc-j-burusic-s-predsjednicom-kolindom-grabar-kitarovic\/\">Voditelj JOBSTEM projekta dr. sc. J. Buru\u0161i\u0107 s Predsjednicom Kolindom Grabar Kitarovi\u0107<\/a><br \/>\n&#8211;&nbsp;<a href=\"https:\/\/www.vegaintro-projekti.com\/pilar-stari\/2016\/11\/skup-nijemci-i-austrijanci-u-hrvatskom-kulturnom-krugu-4-6-11-2016\/\">SKUP: Nijemci i Austrijanci u hrvatskom kulturnom krugu, 4.-6. 11. 2016.<\/a><br \/>\n&#8211;&nbsp;<a href=\"https:\/\/www.vegaintro-projekti.com\/pilar-stari\/2016\/12\/predavanja-dr-sc-b-perasovica-i-dr-sc-m-mustapica-u-manchesteru\/\">Predavanja dr. sc. B. Perasovi\u0107a i dr. sc. M. Mustapi\u0107a u Manchesteru, 30. 11. &#8211; 2. 12. 2016.<\/a><br \/>\n&#8211;&nbsp;<a href=\"https:\/\/www.vegaintro-projekti.com\/pilar-stari\/2016\/11\/european-social-survey-ess-forum-zagreb-2-12-2016\/\">EUROPEAN SOCIAL SURVEY (ESS) FORUM; Zagreb, 2. 12. 2016.<\/a><br \/>\n&#8211;&nbsp;<a href=\"https:\/\/www.vegaintro-projekti.com\/pilar-stari\/2016\/12\/predavanje-dr-sc-vinicija-lupisa-armenci-u-libanonu-sveti-meron\/\">Predavanje dr. sc. Vinicija Lupisa &#8220;Armenci u Libanonu \u2013 Sveti Meron&#8221;, 1. 12. 2016.<\/a><br \/>\n&#8211;&nbsp;<a href=\"https:\/\/www.vegaintro-projekti.com\/pilar-stari\/2016\/10\/19-skup-hrvatsko-drustvo-25-godina-nakon-vukovara-91-14-15-11-2016\/\">HRVATSKO DRU\u0160TVO: 25 GODINA NAKON VUKOVARA \u201891.; 14.-15. 11. 2016.<\/a><br \/>\n&#8211;&nbsp;<a href=\"https:\/\/www.vegaintro-projekti.com\/pilar-stari\/2016\/10\/vukovar-arheoloski-tragovi-ranog-krscanstva-u-panonskom-dijelu-hrvatske\/\">VUKOVAR: Arheolo\u0161ki tragovi ranog kr\u0161\u0107anstva u panonskom dijelu Hrvatske, 28. 10. 2016.<\/a><br \/>\n&#8211;&nbsp;<a href=\"https:\/\/www.vegaintro-projekti.com\/pilar-stari\/2016\/11\/dr-sc-marija-geiger-zeman-i-dr-sc-zdenko-zeman-na-konferenciji-siforage\/\">Dr. sc. Marija Geiger Zeman i dr. sc. Zdenko Zeman na konferenciji SIforAGE, 19.-21. 10. 2016.<\/a><br \/>\n&#8211;&nbsp;<a href=\"https:\/\/www.vegaintro-projekti.com\/pilar-stari\/2016\/10\/znanstveno-strucni-skup-podgorje-polazista-i-perspektive-razvoja-senj-13-15-10-2016\/\">Znanstveno-stru\u010dni skup: PODGORJE: POLAZI\u0160TA I PERSPEKTIVE RAZVOJA, Senj, 13.\u201315. 10. 2016.<\/a><br \/>\n&#8211; <a href=\"https:\/\/www.vegaintro-projekti.com\/pilar-stari\/2016\/10\/simpozij-o-snazi-evolucijske-misli-zagreb-11-14-10-2016\/\">Simpozij: O SNAZI EVOLUCIJSKE MISLI; Zagreb, 11.-14. 10. 2016.<\/a><br \/>\n&#8211;&nbsp;<a href=\"https:\/\/www.vegaintro-projekti.com\/pilar-stari\/2016\/10\/kolokvij-cetiri-lika-ive-pilara-zagreb-8-11-2016\/\">Kolokvij: \u010cETIRI LIKA IVE PILARA; Zagreb, 8. 11. 2016.<\/a><br \/>\n&#8211;&nbsp;<a href=\"https:\/\/www.vegaintro-projekti.com\/pilar-stari\/2016\/10\/dubrovnik-predstavljanje-knjige-crkva-gospe-luncijate-u-gruzu-11-10-2016\/\">DUBROVNIK: Predstavljanje knjige &#8220;Crkva Gospe Luncijate u Gru\u017eu&#8221;, 11. 10. 2016.<\/a><br \/>\n&#8211; <a href=\"https:\/\/www.vegaintro-projekti.com\/pilar-stari\/2016\/09\/okrugli-stol-uloga-policije-u-domovinskom-ratu-vukovar-3-10-2016\/\">OKRUGLI STOL: Uloga policije u Domovinskom ratu; Vukovar, 3. 10. 2016.<\/a><br \/>\n&#8211;&nbsp;<a href=\"https:\/\/www.vegaintro-projekti.com\/pilar-stari\/2016\/09\/predstavljanje-rezultata-istrazivanja-uporabe-droge-2015-27-9-2016\/\">Predstavljanje rezultata ISTRA\u017dIVANJA UPORABE DROGE 2015.; 27. 9. 2016.<\/a><br \/>\n&#8211;&nbsp;<a href=\"https:\/\/www.vegaintro-projekti.com\/pilar-stari\/2016\/09\/predstavljanje-ekonomska-elita-vladar-iz-sjene-26-9-2016\/\">Predstavljanje: EKONOMSKA ELITA: VLADAR IZ SJENE?; 26. 9. 2016.<\/a><br \/>\n&#8211;&nbsp;<a href=\"https:\/\/www.vegaintro-projekti.com\/pilar-stari\/2016\/09\/predstavljanje-sto-je-vukovar-hrvatskoj-i-europi-26-9-2016\/\">Predstavljanje: \u0160TO JE VUKOVAR HRVATSKOJ I EUROPI?, 26. 9. 2016.<\/a><br \/>\n&#8211;&nbsp;<a href=\"https:\/\/www.vegaintro-projekti.com\/pilar-stari\/2016\/09\/dr-sc-marija-geiger-zeman-i-dr-sc-zdenko-zeman-na-konferenciji-ageing-in-europe\/\">Dr. sc. Marija Geiger Zeman i dr. sc. Zdenko Zeman na konferenciji AGEING IN EUROPE, 14.-16. 9. 2016.<\/a><br \/>\n&#8211; <a href=\"https:\/\/www.vegaintro-projekti.com\/pilar-stari\/2016\/09\/znanstveno-strucni-skup-covjek-i-smrt-14-16-rujna-2016\/\">Znanstveno-stru\u010dni skup \u010cOVJEK I SMRT, 14.-16. rujna 2016.<\/a><br \/>\n&#8211;&nbsp;<a href=\"https:\/\/www.vegaintro-projekti.com\/pilar-stari\/2016\/09\/dr-sc-vinicije-b-lupis-na-23-kongresu-bizantskih-studija\/\">Dr. sc. &nbsp;Vinicije B. Lupis na &nbsp;23. KONGRESU BIZANTSKIH STUDIJA, 22.-27. 8. 2016.<\/a><br \/>\n&#8211;&nbsp;<a href=\"https:\/\/www.vegaintro-projekti.com\/pilar-stari\/2016\/09\/priznanje-za-prezentaciju-na-konferenciji-o-drustvenoj-ekonomiji-u-parizu\/\">Priznanje za prezentaciju na konferenciji o dru\u0161tvenoj ekonomiji u Parizu, 22.-23. 8. 2016.<\/a><br \/>\n&#8211;&nbsp;<a href=\"https:\/\/www.vegaintro-projekti.com\/pilar-stari\/2016\/09\/sastanak-cost-akcije-politike-prostitucije-zagreb-19-21-9-2016\/\">Sastanak COST akcije: POLITIKE PROSTITUCIJE; Zagreb, 19.-21. 9. 2016.<\/a><br \/>\n&#8211;&nbsp;<a href=\"https:\/\/www.vegaintro-projekti.com\/pilar-stari\/2016\/08\/dr-sc-renata-franc-na-esof-simpoziju-dobrobit-djece\/\">Dr. sc. Renata Franc na ESOF simpoziju DOBROBIT DJECE&#8230;, 27. 7. 2016.<\/a><br \/>\n&#8211; <a href=\"https:\/\/www.vegaintro-projekti.com\/pilar-stari\/2016\/08\/prof-dr-sc-sanja-spoljar-vrzina-na-konferenciji-anthropological-legacies\/\">Dr. sc. Sanja \u0160poljar Vr\u017eina na konferenciji ANTHROPOLOGICAL LEGACIES&#8230;, 20.-23. 7. 2016.<\/a><br \/>\n&#8211;&nbsp;<a href=\"https:\/\/www.vegaintro-projekti.com\/pilar-stari\/2016\/08\/zavrsna-konferencija-myweb-projekta-barcelona-21-7-2016\/\">Zavr\u0161na konferencija MYWEB projekta; Barcelona, 21. 7. 2016.<\/a><br \/>\n&#8211;&nbsp;<a href=\"https:\/\/www.vegaintro-projekti.com\/pilar-stari\/2016\/08\/dr-sc-jadranka-rebeka-anic-na-konferenciji-gender-ecclesiology\/\">Dr. sc. Jadranka Rebeka Ani\u0107 na konferenciji GENDER &amp; ECCLESIOLOGY, 14.-17. 7. 2016.<\/a><br \/>\n&#8211;&nbsp;<a href=\"https:\/\/www.vegaintro-projekti.com\/pilar-stari\/2016\/07\/predstavljanje-pilarov-barometar-hrvatskoga-drustva-2016\/\">Predstavljanje: PILAROV BAROMETAR HRVATSKOGA DRU\u0160TVA 2016., 8. 7. 2016.<\/a><br \/>\n&#8211; <a href=\"https:\/\/www.vegaintro-projekti.com\/pilar-stari\/2016\/07\/rezultati-myweb-projekta-predstavljeni-europskoj-komisiji\/\">Rezultati MYWEB projekta predstavljeni Europskoj komisiji, 27. 6. 2016.<\/a><br \/>\n&#8211; <a href=\"https:\/\/www.vegaintro-projekti.com\/pilar-stari\/2016\/05\/skup-bata-borovo-1931-2016-povijesno-naslijede-i-perspektive\/\">SKUP: Bata-Borovo (1931. \u2013 2016.): Povijesno naslije\u0111e i perspektive, 9.-10. 6. 2016.<\/a><br \/>\n&#8211;&nbsp;<a href=\"https:\/\/www.vegaintro-projekti.com\/pilar-stari\/2016\/07\/predstavljanje-hrvatske-enciklopedije-bosne-i-hercegovine-u-osijeku\/\">Predstavljanje HRVATSKE ENCIKLOPEDIJE BOSNE I HERCEGOVINE u Osijeku, 9. 6. 2016.<\/a><br \/>\n&#8211; <a href=\"https:\/\/www.vegaintro-projekti.com\/pilar-stari\/2016\/06\/predstavljanje-zbornika-srijem-u-prvom-svjetskom-ratu-9-6-2016\/\">Predstavljanje zbornika SRIJEM U PRVOM SVJETSKOM RATU, 9. 6. 2016.<\/a><br \/>\n&#8211;&nbsp;<a href=\"https:\/\/www.vegaintro-projekti.com\/pilar-stari\/2016\/07\/konferencija-europa-u-mijeni-progon-i-egzodus-kao-univerzalni-problem\/\">Konferencija: EUROPA U MIJENI &#8211; Progon i egzodus kao univerzalni problem, 3. 6. 2016.<\/a><br \/>\n&#8211;&nbsp;<a href=\"https:\/\/www.vegaintro-projekti.com\/pilar-stari\/2016\/06\/tribina-aktualni-drustveni-polozaj-hrvatskih-branitelja\/\">TRIBINA: Aktualni dru\u0161tveni polo\u017eaj hrvatskih branitelja, 3. 6. 2016.<br \/>\n<\/a>&#8211;&nbsp;<a href=\"https:\/\/www.vegaintro-projekti.com\/pilar-stari\/2016\/06\/okrugli-stol-kotorski-i-dubrovacki-biskup-pavao-butorac\/\">Okrugli stol KOTORSKI I DUBROVA\u010dKI BISKUP PAVAO BUTORAC, 2. 6. 2016.<br \/>\n<\/a>&#8211;&nbsp;<a href=\"https:\/\/www.vegaintro-projekti.com\/pilar-stari\/2016\/05\/skup-kvaliteta-zivljenja-u-sjeverozapadnoj-hrvatskoj\/\">Skup: KVALITETA \u017dIVLJENJA U SJEVEROZAPADNOJ HRVATSKOJ, 2. 6. 2016.<br \/>\n<\/a>&#8211;&nbsp;<a href=\"https:\/\/www.vegaintro-projekti.com\/pilar-stari\/2016\/05\/predstavljanje-knjige-vrijeme-promjena-makarska-1919-1929\/\">Predstavljanje knjige VRIJEME PROMJENA: MAKARSKA 1919.-1929., 27. 5. 2016.<\/a><br \/>\n&#8211; <a href=\"https:\/\/www.vegaintro-projekti.com\/pilar-stari\/2016\/05\/annales-pilar-2016-koga-p-odrzava-odrzivi-razvoj-27-5-2016\/\">ANNALES PILAR 2016: Koga (p)odr\u017eava odr\u017eivi razvoj?, 27. 5. 2016.<\/a><br \/>\n&#8211;&nbsp;<a href=\"https:\/\/www.vegaintro-projekti.com\/pilar-stari\/2016\/05\/kliofest-2016-predstavljanje-knjige-zagonetka-virdzine-11-5-2016\/\">KLIOFEST 2016: Predstavljanje knjige ZAGONETKA VIRD\u017dINE, 11. 5. 2016.<\/a><br \/>\n&#8211;&nbsp;<a href=\"https:\/\/www.vegaintro-projekti.com\/pilar-stari\/2016\/04\/memorijal-borovo-selo-2-svibnja-1991-godine\/\">MEMORIJAL: Borovo Selo 2. svibnja 1991. godine; 2. 5. 2016.<\/a><br \/>\n&#8211;&nbsp;<a href=\"https:\/\/www.vegaintro-projekti.com\/pilar-stari\/2016\/04\/izlozba-vukovar-povijesno-srediste-zupanije\/\">Izlo\u017eba: VUKOVAR &#8211; POVIJESNO SREDI\u0160TE \u017dUPANIJE, 28. 4. 2016.<\/a><br \/>\n&#8211; <a href=\"https:\/\/www.vegaintro-projekti.com\/pilar-stari\/2016\/04\/dan-grada-vukovara-predstavljanje-knjige-i-otvaranje-foto-dokumentarne-izlozbe\/\">DAN GRADA VUKOVARA: Predstavljanje knjige i otvaranje izlo\u017ebe, 2. 5. 2016.<\/a><br \/>\n&#8211;&nbsp;<a href=\"https:\/\/www.vegaintro-projekti.com\/pilar-stari\/2016\/05\/predstavljena-knjiga-stonskog-zupnika-don-ante-dracevac-izabrane-studije\/\">Predstavljena knjiga &#8220;Don Ante Dra\u010devac. Izabrane studije&#8221;, 22. 4. 2016.<\/a><br \/>\n&#8211; <a href=\"https:\/\/www.vegaintro-projekti.com\/pilar-stari\/2016\/04\/dr-sc-jelka-vince-pallua-na-konferenciji-women-and-mythology-boston-2-3-4-2016\/\">Dr. sc. Jelka Vince Pallua na konferenciji WOMEN &amp; MYTHOLOGY u Bostonu<\/a><br \/>\n&#8211; <a href=\"https:\/\/www.vegaintro-projekti.com\/pilar-stari\/2016\/05\/veleposlanica-izraela-zina-kalay-kleitman-u-osijeku\/\">VELEPOSLANICA IZRAELA ZINA KALAY-KLEITMAN U OSIJEKU, 24. 3. 2016.<\/a><br \/>\n&#8211;&nbsp;<a href=\"https:\/\/www.vegaintro-projekti.com\/pilar-stari\/2016\/03\/predstavljanje-knjige-stradanje-roma-u-ndh-1941-1945\/\">Predstavljanje knjige STRADANJE ROMA U NDH 1941.-1945.<\/a><br \/>\n&#8211;&nbsp;<a href=\"https:\/\/www.vegaintro-projekti.com\/pilar-stari\/2016\/03\/dr-sc-vinicije-b-lupis-na-otvaranja-spomenika-zrtvama-holokausta-u-dubrovniku\/\">Dr. sc. Vinicije B. Lupis na otvaranja Spomenika \u017ertvama holokausta u Dubrovniku, 18. 3. 2016.<\/a><br \/>\n&#8211;&nbsp;<a href=\"https:\/\/www.vegaintro-projekti.com\/pilar-stari\/2016\/03\/drugi-hrvatski-iseljenicki-kongres-sibenik-1-3-srpnja-2016\/\">DRUGI HRVATSKI ISELJENI\u010cKI KONGRES; \u0160ibenik, 1.-3. srpnja 2016.<\/a><br \/>\n&#8211;&nbsp;<a href=\"https:\/\/www.vegaintro-projekti.com\/pilar-stari\/2016\/03\/dr-sc-ljiljana-dobrovsak-spomenici-holokausta-u-hrvatskoj\/\">Dr. sc. Ljiljana Dobrov\u0161ak: SPOMENICI HOLOKAUSTA U HRVATSKOJ, 11. 3. 2016.<\/a><br \/>\n&#8211;&nbsp;<a href=\"https:\/\/www.vegaintro-projekti.com\/pilar-stari\/2016\/02\/predavanje-dr-sc-andreje-brajse-zganec-na-psihospanciru-u-varazdinu\/\">Predavanje dr. sc. Andreje Braj\u0161e \u017dganec na PSIHO\u0160PANCIRU u Vara\u017edinu<\/a><br \/>\n&#8211; <a href=\"https:\/\/www.vegaintro-projekti.com\/pilar-stari\/2016\/02\/konferencija-mediteranski-otoci-mediterranean-island-vis-21-24-september-2016\/\">Konferencija: MEDITERANSKI OTOCI | MEDITERRANEAN ISLAND &#8211; Vis, 21-24 September 2016<\/a><br \/>\n&#8211;&nbsp;<a href=\"https:\/\/www.vegaintro-projekti.com\/pilar-stari\/2016\/02\/tribina-u-osijeku-djeca-i-digitalna-tehnologija-9-2-2016\/\">Tribina u Osijeku: DJECA I DIGITALNA TEHNOLOGIJA, 9. 2. 2016.<\/a><br \/>\n&#8211;&nbsp;<a href=\"https:\/\/www.vegaintro-projekti.com\/pilar-stari\/2016\/02\/predstavljanje-drubrovackih-srednjovjekovnih-zlatarskih-tema\/\">Predstavljanje DRUBROVA\u010cKIH SREDNJOVJEKOVNIH ZLATARSKIH TEMA<\/a><br \/>\n&#8211;&nbsp;<a href=\"https:\/\/www.vegaintro-projekti.com\/pilar-stari\/2016\/02\/otvorena-izlozba-armenska-arhitektura-i-genocid\/\">Otvorena izlo\u017eba ARMENSKA ARHITEKTURA I GENOCID, 4. 2. 2016.<\/a><br \/>\n&#8211;&nbsp;<a href=\"https:\/\/www.vegaintro-projekti.com\/pilar-stari\/2016\/01\/predstavljanje-knjige-expelling-plague-u-dubrovniku-15-1-2015\/\">Predstavljanje knjige EXPELLING PLAGUE u Dubrovniku, 15. 1. 2016.<\/a><br \/>\n&#8211; <a href=\"https:\/\/www.vegaintro-projekti.com\/pilar-stari\/2015\/12\/predstavljanje-knjige-odrzivi-razvoj-sredisnje-like-gospic-10-12-2015\/\">Predstavljanje knjige ODR\u017dIVI RAZVOJ SREDI\u0160NJE LIKE, 10. 12. 2015.<br \/>\n<\/a>&#8211; <a href=\"https:\/\/www.vegaintro-projekti.com\/pilar-stari\/2015\/12\/21-medunarodno-arheolosko-savjetovanje-medulin-9-11-12-2015\/\">21. ME\u0110UNARODNO ARHEOLO\u0160KO SAVJETOVANJE; Medulin, 9.-11. 12. 2015.<\/a><br \/>\n&#8211;&nbsp;<a href=\"https:\/\/www.vegaintro-projekti.com\/pilar-stari\/2015\/02\/shsslcc-second-homes-and-social-sustainability-of-local-communities\/\">IZLAGANJA u sklopu projekta Second Homes and Social Sustainability&#8230;<\/a><br \/>\n&#8211;&nbsp;<a href=\"https:\/\/www.vegaintro-projekti.com\/pilar-stari\/2015\/12\/predstavljanje-rezultata-istrazivanja-kvalitete-zivota-osoba-s-invaliditetom\/\">Predstavljanje rezultata istra\u017eivanja kvalitete \u017eivota osoba s invaliditetom<\/a><br \/>\n&#8211;&nbsp;<a href=\"https:\/\/www.vegaintro-projekti.com\/pilar-stari\/2015\/11\/2-skup-domovinski-rat-i-odrazi-na-razvoj-hrvatskog-istoka\/\">2. skup: DOMOVINSKI RAT I ODRAZI NA RAZVOJ HRVATSKOG ISTOKA, 2.-3. 12. 2015.<\/a><br \/>\n&#8211;&nbsp;<a href=\"https:\/\/www.vegaintro-projekti.com\/pilar-stari\/2015\/12\/izlozba-zidovi-u-krizevcima-povijest-znacaj-i-naslijede\/\">IZLO\u017dBA: \u017didovi u Kri\u017eevcima \u2013 povijest, zna\u010daj i naslije\u0111e<\/a><br \/>\n&#8211;&nbsp;<a href=\"https:\/\/www.vegaintro-projekti.com\/pilar-stari\/2015\/11\/skup-josip-lovretic-1865-1948-jedno-stoljece-poslije\/\">SKUP: &#8220;Josip Lovreti\u0107 (1865. &#8211; 1948.), jedno stolje\u0107e poslije&#8221;,&nbsp;28. 11. 2015.<\/a><br \/>\n&#8211;&nbsp;<a href=\"https:\/\/www.vegaintro-projekti.com\/pilar-stari\/2015\/12\/znanstvenici-instituta-na-slezijskom-sveucilistu-u-katowicama\/\">Znanstvenici Instituta na \u0160lezijskom sveu\u010dili\u0161tu u Katowicama, 19. 11. 2015.<\/a><br \/>\n&#8211;&nbsp;<a href=\"https:\/\/www.vegaintro-projekti.com\/pilar-stari\/2015\/11\/18-vukovar-91-24-godina-poslije-12-13-11-2015\/\">18. &#8220;VUKOVAR \u201891. \u2013 24. godina poslije&#8221;, 12.-13. 11. 2015.<\/a><br \/>\n&#8211; <a href=\"https:\/\/www.vegaintro-projekti.com\/pilar-stari\/2015\/11\/predstavljena-knjiga-dr-sc-josipa-jurcevica-stogodisnji-teror\/\">Predstavljena knjiga dr. sc. Josipa Jur\u010devi\u0107a STOGODI\u0160NJI TEROR<\/a><br \/>\n&#8211;&nbsp;<a href=\"https:\/\/www.vegaintro-projekti.com\/pilar-stari\/2015\/10\/nakon-splita-promocija-knjige-inge-tomic-koludrovic-i-u-zagrebu-29-10-2015\/\">Nakon Splita promocija knjige INGE TOMI\u0106-KOLUDROVI\u0106 i u Zagrebu<\/a><br \/>\n&#8211;&nbsp;<a href=\"https:\/\/www.vegaintro-projekti.com\/pilar-stari\/2015\/10\/predavanje-u-vukovaru-crtice-iz-proslosti-sotina-30-10-2015\/\">Predavanje u Vukovaru: CRTICE IZ PRO\u0160LOSTI SOTINA, 30. 10. 2015.<\/a><br \/>\n&#8211;&nbsp;<a href=\"https:\/\/www.vegaintro-projekti.com\/pilar-stari\/2015\/10\/predstavljanje-knjige-dr-sc-vesne-lamza-posavec-mjerenje-javnosti\/\">Predstavljanje knjige dr. sc. Vesne Lamza Posavec MJERENJE JAVNOSTI<\/a><br \/>\n&#8211;&nbsp;<a href=\"https:\/\/www.vegaintro-projekti.com\/pilar-stari\/2015\/11\/dr-sc-vinicije-b-lupis-na-konferenciji-u-moskvi-o-genocidu-nad-armencima\/\">Dr. sc. Vinicije B. Lupis na konferenciji u Moskvi o genocidu nad Armencima, 23.-24. 10. 2015.<\/a><br \/>\n&#8211; <a href=\"https:\/\/www.vegaintro-projekti.com\/pilar-stari\/2015\/10\/predstavljanje-knjige-inge-tomic-koludrovic-pomak-prema-modernosti\/\">Predstavljanje knjige Inge Tomi\u0107-Koludrovi\u0107 POMAK PREMA MODERNOSTI, 21. 10. 2015.<\/a><br \/>\n&#8211;&nbsp;<a href=\"https:\/\/www.vegaintro-projekti.com\/pilar-stari\/2015\/10\/tribina-u-puli-pirangate-arbitrazni-skandal-21-10-2015\/\">Tribina u Puli: PIRANGATE &#8211; arbitra\u017eni skandal, 21. 10. 2015.<\/a><br \/>\n&#8211;&nbsp;<a href=\"https:\/\/www.vegaintro-projekti.com\/pilar-stari\/2015\/10\/predstavljanje-4-izd-knjige-hrvoja-kacica-serving-my-country-12-10-2015\/\">Predstavljanje 4. izd. knjige Hrvoja Ka\u010di\u0107a: SERVING MY COUNTRY, 12. 10. 2015.<\/a><br \/>\n&#8211;&nbsp;<a href=\"https:\/\/www.vegaintro-projekti.com\/pilar-stari\/2015\/10\/predavanje-dr-sc-vinicija-b-lupisa-na-simpoziju-u-kotoru\/\">Predavanje dr. sc. Vinicija B. Lupisa na simpoziju u Kotoru, 9. 10. 2015.<\/a><br \/>\n&#8211; <a href=\"https:\/\/www.vegaintro-projekti.com\/pilar-stari\/2015\/09\/predstavljanje-leksikona-hrvatskog-iseljensistva-i-manjina-6-10-2015\/\">Predstavljanje LEKSIKONA HRVATSKOG ISELJENI\u0160TVA I MANJINA, 6. 10. 2015.<\/a><br \/>\n&#8211;&nbsp;<a href=\"https:\/\/www.vegaintro-projekti.com\/pilar-stari\/2015\/10\/predavanje-vrijednosti-i-nacionalna-svijest-vojvodanskih-hrvata\/\">Predavanje: &#8220;Vrijednosti i nacionalna svijest Hrvata u Vojvodini&#8221;, 2. 10. 2015.<\/a><br \/>\n&#8211; <a href=\"https:\/\/www.vegaintro-projekti.com\/pilar-stari\/2015\/09\/skup-zivot-i-djelo-prof-dr-sc-stjepana-srsana\/\">SKUP: \u017divot i djelo prof. dr. sc. Stjepana Sr\u0161ana<\/a><br \/>\n&#8211;&nbsp;<a href=\"https:\/\/www.vegaintro-projekti.com\/pilar-stari\/2015\/09\/konferencija-europskog-drustva-zena-u-teoloskom-istrazivanju\/\">Konferencija Europskog dru\u0161tva \u017eena u teolo\u0161kom istra\u017eivanju 2015.<\/a><br \/>\n&#8211;&nbsp;<a href=\"https:\/\/www.vegaintro-projekti.com\/pilar-stari\/2015\/09\/znanstvenici-instituta-na-12-konferenciji-europskoga-socioloskog-drustva\/\">Znanstvenici Instituta na konferenciji Europskoga sociolo\u0161kog dru\u0161tva<\/a><br \/>\n&#8211;&nbsp;<a href=\"https:\/\/www.vegaintro-projekti.com\/pilar-stari\/2015\/06\/cost-action-is-1205-summer-school-conference\/\">COST ACTION IS 1205: Summer School &amp; Conference; 7-12 September 2015<\/a><br \/>\n&#8211;&nbsp;<a href=\"https:\/\/www.vegaintro-projekti.com\/pilar-stari\/2015\/07\/konferencija-za-medije-pilarov-barometar-2015\/\">Konferencija za medije: PILAROV BAROMETAR 2015.<\/a><br \/>\n&#8211;&nbsp;<a href=\"https:\/\/www.vegaintro-projekti.com\/pilar-stari\/2015\/07\/konferencija-za-medije-pilarov-barometar-2015\/\">PILAROV BAROMETAR HRVATSKOGA DRU\u0160TVA 2015.<\/a><br \/>\n&#8211; <a href=\"https:\/\/www.vegaintro-projekti.com\/pilar-stari\/2015\/07\/svjetski-kongres-etnologa-u-zagrebu-etnografije-za-21-stoljece\/\">Svjetski kongres etnologa u Zagrebu: ETNOGRAFIJE ZA 21. STOLJE\u0106E<\/a><br \/>\n&#8211;&nbsp;<a href=\"https:\/\/www.vegaintro-projekti.com\/pilar-stari\/2015\/07\/u-moskvi-predstavljena-knjiga-armenija-domovina-sv-vlaha\/\">U Moskvi predstavljena knjiga ARMENIJA \u2013 DOMOVINA SV. VLAHA<\/a><br \/>\n&#8211;&nbsp;<a href=\"https:\/\/www.vegaintro-projekti.com\/pilar-stari\/2015\/06\/konferencija-the-social-meaning-of-food-16-17-6-2015\/\">Konferencija: THE SOCIAL MEANING OF FOOD, 16.-17. 6. 2015.<\/a><br \/>\n&#8211;&nbsp;<a href=\"https:\/\/www.vegaintro-projekti.com\/pilar-stari\/2015\/06\/konferenciju-za-medije-europski-projekt-myplace-15-6-2015\/\">KONFERENCIJA ZA MEDIJE: EUROPSKI PROJEKT MYPLACE, 15. 6. 2015.<\/a><br \/>\n&#8211;&nbsp;<a href=\"https:\/\/www.vegaintro-projekti.com\/pilar-stari\/2015\/06\/konferencija-movements-narratives-and-landscapes-zadar-5-7-6-2015\/\">Konferencija: MOVEMENTS, NARRATIVES AND LANDSCAPES, 5.-7. 6. 2015.<\/a><br \/>\n&#8211;&nbsp;<a href=\"https:\/\/www.vegaintro-projekti.com\/pilar-stari\/2015\/06\/konferencija-identiteti-kulture-jezici-mostar-5-6-2015\/\">Konferencija: IDENTITETI \u2013 KULTURE \u2013 JEZICI; Mostar, 5. 6. 2015.<\/a><br \/>\n&#8211;&nbsp;<a href=\"https:\/\/www.vegaintro-projekti.com\/pilar-stari\/2015\/06\/skup-znanstvene-kulturne-obrazovne-i-umjetnicke-politike\/\">SKUP: Znanstvene, kulturne, obrazovne i umjetni\u010dke politike<\/a><br \/>\n&#8211;&nbsp;<a href=\"https:\/\/www.vegaintro-projekti.com\/pilar-stari\/2015\/06\/moskva-predstavaljanje-knjige-armenija-domovina-sv-vlaha-14-6-2015\/\">MOSKVA: Predstavljanje knjige &#8220;Armenija \u2013 domovina sv. Vlaha&#8221;, 14. 6. 2015.<\/a><br \/>\n&#8211;&nbsp;<a href=\"https:\/\/www.vegaintro-projekti.com\/pilar-stari\/2015\/06\/vukovar-medunarodni-dan-arhiva-2015\/\">VUKOVAR: Me\u0111unarodni dan arhiva 2015.<\/a><br \/>\n&#8211;&nbsp;<a href=\"https:\/\/www.vegaintro-projekti.com\/pilar-stari\/2015\/05\/freedom-necessity-conference-call-split-croatia-october-3-4-2015\/\">FREEDOM &amp; NECESSITY &#8211; Conference call; Split, Croatia, October 3-4, 2015<\/a><br \/>\n&#8211;&nbsp;<a href=\"https:\/\/www.vegaintro-projekti.com\/pilar-stari\/2015\/05\/studenti-sveucilista-u-georgiji-u-podrucnom-centru-vukovar\/\">Studenti Sveu\u010dili\u0161ta u Georgiji u Podru\u010dnom centru Vukovar<\/a><br \/>\n&#8211; <a href=\"https:\/\/www.vegaintro-projekti.com\/pilar-stari\/2015\/05\/dubovnik-predavanje-armenija-sacra-25-5-2015\/\">DUBOVNIK: Predavanje ARMENIJA SACRA, 25. 5. 2015.<\/a><br \/>\n&#8211;&nbsp;<a href=\"https:\/\/www.vegaintro-projekti.com\/pilar-stari\/2015\/05\/in-between-transitional-justice-and-genocide-vukovar-1991-and-srebrenica-1995\/\">Transitional Justice and Genocide \u2013 Vukovar 1991 and Srebrenica 1995, 12.-13. 5. 2015.<\/a><br \/>\n&#8211;&nbsp;<a href=\"https:\/\/www.vegaintro-projekti.com\/pilar-stari\/2015\/05\/dubrovnik-predstavljanje-kataloga-sv-vlaho-u-povijesti-i-sadasnjosti\/\">DUBROVNIK: Predstavljanje kataloga &#8220;Sv. VLAHO u povijesti i sada\u0161njosti&#8221;, 18. 5. 2015.<\/a><br \/>\n&#8211;&nbsp;<a href=\"https:\/\/www.vegaintro-projekti.com\/pilar-stari\/2015\/05\/obrazovna-struktura-hrvatske-nacionalne-manjine-u-republici-srbiji\/\">Obrazovna struktura hrvatske nacionalne manjine u Republici Srbiji, 29. 4. 2015.<\/a><br \/>\n&#8211; <a href=\"https:\/\/www.vegaintro-projekti.com\/pilar-stari\/2015\/04\/pula-predstavljanje-knjige-o-represiji\/\">PULA: Predstavljanje knjige o represiji prema Katoli\u010dkoj crkvi u Istri, 15. 4. 2015.<\/a><br \/>\n&#8211;&nbsp;<a href=\"https:\/\/www.vegaintro-projekti.com\/pilar-stari\/2015\/04\/tribina-u-vukovaru-migracije-u-hrvatskoj-danas-16-4-2015\/\">Tribina u Vukovaru: MIGRACIJE U HRVATSKOJ DANAS, 16. 4. 2015.<\/a><br \/>\n&#8211;&nbsp;<a href=\"https:\/\/www.vegaintro-projekti.com\/pilar-stari\/2015\/04\/spomen-dan-zrtvama-komunistickog-terora-u-vukovaru-12-travnja-2015\/\">Spomen-dan \u017ertvama komunisti\u010dkog terora u Vukovaru, 12. travnja 2015.<\/a><br \/>\n&#8211;&nbsp;<a href=\"https:\/\/www.vegaintro-projekti.com\/pilar-stari\/2015\/04\/predstavljanje-knjige-armenija-domovina-sv-vlaha-ston-i-dubrovnik\/\">Predstavljanje knjige ARMENIJA &#8211; DOMOVINA SV. VLAHA, Ston i Dubrovnik<\/a><br \/>\n&#8211;&nbsp;<a href=\"https:\/\/www.vegaintro-projekti.com\/pilar-stari\/2015\/04\/predstavljanje-monografije-bistra-9-4-2015\/\">Predstavljanje monografije BISTRA, 9. 4. 2015.<\/a><br \/>\n&#8211;&nbsp;<a href=\"https:\/\/www.vegaintro-projekti.com\/pilar-stari\/2015\/04\/okrugli-stol-modeli-regulacije-prostitucije-i-iskustva-iz-prakse\/\">Okrugli stol: MODELI REGULACIJE PROSTITUCIJE I ISKUSTVA IZ PRAKSE<\/a><br \/>\n&#8211;&nbsp;<a href=\"https:\/\/www.vegaintro-projekti.com\/pilar-stari\/2015\/03\/2-medunarodna-konferencija-ratnih-stradalnika-zagreb-21-3-2015\/\">2. ME\u0110UNARODNA KONFERENCIJA RATNIH STRADALNIKA; Zagreb, 21. 3. 2015.<\/a><br \/>\n&#8211;&nbsp;<a href=\"https:\/\/www.vegaintro-projekti.com\/pilar-stari\/2015\/03\/konferencija-kvaliteta-obrazovanja-za-romsku-djecu\/\">Konferencija KVALITETA OBRAZOVANJA ZA ROMSKU DJECU<\/a><br \/>\n&#8211;&nbsp;<a href=\"https:\/\/www.vegaintro-projekti.com\/pilar-stari\/2015\/03\/predstavljanje-knjige-dr-sc-nine-raspudica-u-vukovaru\/\">Predstavljanje knjige dr. sc. Nine Raspudi\u0107a u Vukovaru, 10. 3. 2015.<\/a><br \/>\n&#8211;&nbsp;<a href=\"https:\/\/www.vegaintro-projekti.com\/pilar-stari\/2015\/03\/zavrsna-konferencija-projekta-myplace-dubrovnik-5-7-ozujka-2015\/\">Zavr\u0161na konferencija projekta MYPLACE; Dubrovnik, 5.-7. o\u017eujka 2015.<\/a><br \/>\n&#8211;&nbsp;<a href=\"https:\/\/www.vegaintro-projekti.com\/pilar-stari\/2015\/03\/dr-sc-inga-tomic-koludrovic-mladi-u-hrvatskoj-nakon-tranzicije\/\">Dr. sc. Inga Tomi\u0107-Koludrovi\u0107: Mladi u Hrvatskoj nakon tranzicije; Berlin, 27. 2. 2015.<\/a><br \/>\n&#8211;&nbsp;<a href=\"https:\/\/www.vegaintro-projekti.com\/pilar-stari\/2015\/02\/predstavljanje-knjige-o-represiji-prema-katolickoj-crkvi-u-istri-1945-1971\/\">Predstavljanje knjige o represiji prema Katoli\u010dkoj crkvi u Istri 1945.-1971., 26. 2. 2015.<\/a><br \/>\n&#8211;&nbsp;<a href=\"https:\/\/www.vegaintro-projekti.com\/pilar-stari\/2015\/02\/predstavljanje-knjige-dr-sc-jelke-vince-pallua-zagonetka-virdzine-19-2-2015\/\">Predstavljanje knjige dr. sc. Jelke Vince Pallua ZAGONETKA VIRD\u017dINE, 19. 2. 2015.<\/a><br \/>\n&#8211;&nbsp;<a href=\"https:\/\/www.vegaintro-projekti.com\/pilar-stari\/2015\/02\/dr-sc-jadranka-rebeka-anic-na-tribini-gender-ideologie-u-becu\/\">Dr. sc. Jadranka Rebeka Ani\u0107 na tribini &#8220;GENDER-IDEOLOGIE&#8221; u Be\u010du, 20. 1. 2015.<\/a><br \/>\n&#8211;&nbsp;<a href=\"https:\/\/www.vegaintro-projekti.com\/pilar-stari\/2015\/01\/predstavljanje-knjige-dr-sc-jelene-pudak-koga-briga-za-klimu\/\">Predstavljanje knjige dr. sc. Jelene Pu\u0111ak KOGA BRIGA ZA KLIMU?, 16. 1. 2015.<\/a><br \/>\n&#8211;&nbsp;<a href=\"https:\/\/www.vegaintro-projekti.com\/pilar-stari\/2015\/01\/predstavljanje-knjige-lynette-sikic-micanovic-skriveni-zivoti-hidden-lives\/\">Predstavljanje knjige dr. sc. Lynette \u0160iki\u0107-Mi\u0107anovi\u0107 &nbsp;SKRIVENI \u017dIVOTI, 16. 1. 2015.<\/a><br \/>\n&#8211;&nbsp;<a href=\"https:\/\/www.vegaintro-projekti.com\/pilar-stari\/2014\/12\/skup-zavalje-i-okolica-u-proslosti-i-sadasnjosti-13-12-2014\/\">Skup ZAVALJE I OKOLICA U PRO\u0160LOSTI I SADA\u0160NJOSTI, 13. 12. 2014.<\/a><br \/>\n&#8211;&nbsp;<a href=\"https:\/\/www.vegaintro-projekti.com\/pilar-stari\/2014\/12\/predstavljanje-izvjesca-o-kvaliteti-zivljenja-u-hrvatskoj-8-12-2014\/\">Predstavljanje IZVJE\u0160\u0106A O KVALITETI \u017dIVLJENJA U HRVATSKOJ, 8. 12. 2014.<\/a><br \/>\n&#8211; <a href=\"https:\/\/www.vegaintro-projekti.com\/pilar-stari\/2014\/12\/xx-medunarodno-arheolosko-savjetovanje-medulin-5-6-12-2014\/\">XX. ME\u0110UNARODNO ARHEOLO\u0160KO SAVJETOVANJE, Medulin, 5.-6. 12. 2014.<\/a><br \/>\n&#8211;&nbsp;<a href=\"https:\/\/www.vegaintro-projekti.com\/pilar-stari\/2014\/12\/promocija-knjige-tee-marinovic-mestrovica-marica-marinovic\/\">Promocija knjige Tee Marinovi\u0107 &#8220;Me\u0161trovica Marica Marinovi\u0107&#8221;<\/a><br \/>\n&#8211;&nbsp;<a href=\"https:\/\/www.vegaintro-projekti.com\/pilar-stari\/2014\/11\/institut-u-programu-dana-sjecanja-na-zrtvu-vukovara-1991-2014\/\">Institut u programu DANA SJE\u0106ANJA NA \u017dRTVU VUKOVARA 1991.-2014.<\/a><br \/>\n&#8211; <a href=\"https:\/\/www.vegaintro-projekti.com\/pilar-stari\/2014\/10\/17-znanstveno-strucni-skup-vukovar-91-23-godina-poslije-13-14-11-2014\/\">17. &#8220;VUKOVAR &#8217;91. \u2013 23. godina poslije&#8221;, 13.-14. 11. 2014.<\/a><br \/>\n&#8211; <a href=\"https:\/\/www.vegaintro-projekti.com\/pilar-stari\/2014\/11\/predstavljanje-zbornika-vukovar-91-genocid-i-memoricidna-bastina\/\">Predstavljanje zbornika VUKOVAR &#8217;91. \u2013 Genocid i memoricidna ba\u0161tina<\/a><br \/>\n&#8211; <a href=\"https:\/\/www.vegaintro-projekti.com\/pilar-stari\/2014\/11\/vukovar-1991-2014-predstavljanje-knjige-crveni-fico-11-11-2014\/\">VUKOVAR 1991.-2014.: Predstavljanje knjige CRVENI FI\u0106O, 11. 11. 2014.<\/a><br \/>\n&#8211; <a href=\"https:\/\/www.vegaintro-projekti.com\/pilar-stari\/2014\/10\/tribina-u-puli-marin-beros-kozmopolitizam-u-svakodnevnici-30-10-2014\/\">Tribina u Puli: Marin Bero\u0161: &#8220;Kozmopolitizam u svakodnevnici&#8221;, 30. 10. 2014.<\/a><br \/>\n&#8211; <a href=\"https:\/\/www.vegaintro-projekti.com\/pilar-stari\/2014\/11\/dr-sc-sasi-poljenec-boric-priznanje-sveucilista-u-georgiji-sad\/\">Dr. sc. SA\u0160I POLJENEC BORI\u0106 PRIZNANJE SVEU\u010cILI\u0160TA U GEORGIJI (SAD)<\/a><br \/>\n&#8211; <a href=\"https:\/\/www.vegaintro-projekti.com\/pilar-stari\/2014\/10\/starenje-u-hrvatskoj-prezentacija-rezultata-istrazivanja-u-domovima-za-starije\/\">STARENJE U HRVATSKOJ \u2013 Prezentacije rezultata istra\u017eivanja u Splitu<\/a><br \/>\n&#8211;&nbsp;<a href=\"https:\/\/www.vegaintro-projekti.com\/pilar-stari\/2014\/10\/predavanje-prof-dr-sc-val-colic-peisker-hrvatski-australci-6-10-2014\/\">Predavanje prof. dr. sc. Val \u010coli\u0107-Peisker HRVATSKI AUSTRALCI, 6. 10. 2014.<\/a><br \/>\n&#8211; <a href=\"https:\/\/www.vegaintro-projekti.com\/pilar-stari\/2014\/10\/predstavljanje-knjige-dr-sc-ivane-radacic-seksualno-nasilje-3-10-2014\/\">Predstavljanje knjige dr. sc. Ivane Rada\u010di\u0107 SEKSUALNO NASILJE, 3. 10.2014.<\/a><br \/>\n&#8211; <a href=\"https:\/\/www.vegaintro-projekti.com\/pilar-stari\/2014\/09\/predstavljanje-zbornika-demografija-u-hrvatskoj-u-vukovaru-25-9-2014\/\">Predstavljanje zbornika DEMOGRAFIJA U HRVATSKOJ, Vukovar, 25. 9. 2014.<\/a><br \/>\n&#8211; <a href=\"https:\/\/www.vegaintro-projekti.com\/pilar-stari\/2014\/10\/tri-izlaganja-na-medunarodnoj-konferenciji-1989-2014-25-godina-poslije-u-grazu\/\">Tri izlaganja na konferenciji &#8220;1989-2014: 25 godina poslije&#8221; u Grazu<\/a><br \/>\n&#8211; <a href=\"https:\/\/www.vegaintro-projekti.com\/pilar-stari\/2014\/09\/predstavljanje-rada-podrucnog-centra-vukovar-u-puli-17-9-2014\/\">Predstavljanje rada Podru\u010dnog centra Vukovar u Puli, 17. 9. 2014.<\/a><br \/>\n&#8211; <a href=\"https:\/\/www.vegaintro-projekti.com\/pilar-stari\/2014\/09\/podrucni-centar-vukovar-domacin-udruzi-europa-union-iz-haana\/\">Podru\u010dni centar Vukovar doma\u0107in udruzi Europa-Union iz Haana<\/a><br \/>\n&#8211; <a href=\"https:\/\/www.vegaintro-projekti.com\/pilar-stari\/2014\/08\/annales-pilar-2014-povijest-ekoloskih-okolisnih-pokreta-i-razvoj-ekoloske-misli\/\">ANNALES 2014: Povijest ekolo\u0161kih\/okoli\u0161nih pokreta i razvoj ekolo\u0161ke misli<\/a><br \/>\n&#8211; <a href=\"https:\/\/www.vegaintro-projekti.com\/pilar-stari\/2014\/07\/skup-hrvatski-istok-u-domovinskom-ratu-poziv-na-sudjelovanje\/\">Skup HRVATSKI ISTOK U DOMOVINSKOM RATU \u2013 poziv na sudjelovanje<\/a><br \/>\n&#8211;&nbsp;<a href=\"https:\/\/www.vegaintro-projekti.com\/pilar-stari\/2014\/07\/scopes-prva-radionica-odrzana-u-splitu-27-30-6-2014\/\">SCOPES \u2013 Prva radionica odr\u017eana u Splitu, 27.-30. 6. 2014.<\/a><br \/>\n&#8211; <a href=\"https:\/\/www.vegaintro-projekti.com\/pilar-stari\/2014\/06\/pocinje-hrvatski-iseljenicki-kongres-23-26-6-2014\/\">HRVATSKI ISELJENI\u010cKI KONGRES, 23.-26. 6. 2014.<\/a><br \/>\n&#8211; <a href=\"https:\/\/www.vegaintro-projekti.com\/pilar-stari\/2014\/06\/knjiga-svjetski-rat-i-hrvati-predstavljena-u-podrucnom-centru-osijek\/\">Knjiga SVJETSKI RAT I HRVATI predstavljena u Podru\u010dnom centru Osijek<\/a><br \/>\n&#8211; <a href=\"https:\/\/www.vegaintro-projekti.com\/pilar-stari\/2014\/06\/predavanje-t-zigmanova-kulturne-prakse-hrvata-u-vojvodini\/\">Predavanje T. \u017digmanova &#8220;Kulturne prakse Hrvata u Vojvodini&#8221;, 17. 6. 2014.<\/a><br \/>\n&#8211; <a href=\"https:\/\/www.vegaintro-projekti.com\/pilar-stari\/2014\/06\/politika-azila-u-australiji-i-europskoj-uniji-9-6-2014\/\">POLITIKA AZILA u Australiji i Europskoj uniji, 9. 6. 2014.<\/a><br \/>\n&#8211; <a href=\"https:\/\/www.vegaintro-projekti.com\/pilar-stari\/2014\/06\/predstavljanje-knjige-bosnjacani-u-prvome-svjetskom-ratu\/\">Predstavljanje knjige BO\u0160NJA\u010cANI U PRVOME SVJETSKOM RATU<\/a><br \/>\n&#8211;&nbsp;<a href=\"https:\/\/www.vegaintro-projekti.com\/pilar-stari\/2014\/05\/sporazum-o-suradnji-veleucilista-lavoslav-ruzicka-i-instituta-ivo-pilar\/\">Sporazum o suradnji Veleu\u010dili\u0161ta Lavoslav Ru\u017ei\u010dka i Instituta Ivo Pilar<\/a><br \/>\n&#8211; <a href=\"https:\/\/www.vegaintro-projekti.com\/pilar-stari\/2014\/05\/odgoda-predavanja-t-zigmanova-u-vukovaru\/\">ODGODA PREDAVANJA T. \u017dIGMANOVA U VUKOVARU<\/a><br \/>\n&#8211;&nbsp;<a href=\"https:\/\/www.vegaintro-projekti.com\/pilar-stari\/2014\/05\/predstavljanje-knjige-d-vojaka-romi-u-hrvatskoj-1918-1941-21-5-2014\/\">Predstavljanje knjige D. Vojaka ROMI U HRVATSKOJ 1918.-1941., 21. 5. 2014.<\/a><br \/>\n&#8211; <a href=\"https:\/\/www.vegaintro-projekti.com\/pilar-stari\/2014\/05\/predavanje-kulturne-prakse-hrvata-u-vojvodini-20-5-2014\/\">Predavanje &#8220;Kulturne prakse Hrvata u Vojvodini&#8221;, 20. 5. 2014.<\/a><br \/>\n&#8211;&nbsp;<a href=\"https:\/\/www.vegaintro-projekti.com\/pilar-stari\/2014\/06\/radionica-kontextuelle-befreiende-theologien-bec-15-18-svibnja-2014\/\">Radionica: &#8220;Kontextuelle befreiende Theologien&#8221;, Be\u010d, 15.-18. svibnja 2014.<\/a><br \/>\n&#8211; <a href=\"https:\/\/www.vegaintro-projekti.com\/pilar-stari\/2014\/05\/3-skup-identitet-srijema-u-proslosti-i-sadasnjosti-16-5-2014\/\">3. skup: IDENTITET SRIJEMA U PRO\u0160LOSTI I SADA\u0160NJOSTI, 16. 5. 2014.<\/a><br \/>\n&#8211; <a href=\"https:\/\/www.vegaintro-projekti.com\/pilar-stari\/2014\/05\/odrzana-promocija-v-broja-blatskog-ljetopisa\/\">Odr\u017eana promocija V. broja BLATSKOG LJETOPISA<\/a><br \/>\n&#8211;&nbsp;<a href=\"https:\/\/www.vegaintro-projekti.com\/pilar-stari\/2014\/05\/predstavljanje-pretiska-knjige-zrnca-za-povijest-stona\/\">Predstavljanje pretiska knjige ZRNCA ZA POVIJEST STONA<\/a><br \/>\n&#8211; <a href=\"https:\/\/www.vegaintro-projekti.com\/pilar-stari\/2014\/04\/predstavljanje-uvoda-u-bihevioralnu-ekonomiju-24-4-2014\/\">Predstavljanje UVODA U BIHEVIORALNU EKONOMIJU, 24. 4. 2014.<\/a><br \/>\n&#8211; <a href=\"https:\/\/www.vegaintro-projekti.com\/pilar-stari\/2014\/04\/skup-gospic-odrzivi-razvoj-lokalnih-zajednica-na-ruralnim-podrucjima\/\">SKUP (Gospi\u0107): Odr\u017eivi razvoj lokalnih zajednica na ruralnim podru\u010djima<\/a><br \/>\n&#8211;&nbsp;<a href=\"https:\/\/www.vegaintro-projekti.com\/pilar-stari\/2014\/04\/zavrsna-konferencija-medunarodnog-fp7-projekta-wbc-inco-net\/\">Zavr\u0161na konferencija me\u0111unarodnog (FP7) projekta WBC-INCO.NET<\/a><br \/>\n&#8211;&nbsp;<a href=\"https:\/\/www.vegaintro-projekti.com\/pilar-stari\/2014\/04\/predstavljanje-knjige-drage-prgometa-sakupljaci-gelera-23-4-2014\/\">Predstavljanje knjige Drage Prgometa SAKUPLJA\u010cI GELERA, 23. 4. 2014.<\/a><br \/>\n&#8211;&nbsp;<a href=\"https:\/\/www.vegaintro-projekti.com\/pilar-stari\/2014\/04\/spomen-dana-zrtvama-komunistickog-terora-u-vukovaru-12-travnja-2014\/\">Spomen-dan \u017ertvama komunisti\u010dkog terora u Vukovaru, 12. travnja 2014.<\/a><br \/>\n&#8211;&nbsp;<a href=\"https:\/\/www.vegaintro-projekti.com\/pilar-stari\/2014\/04\/predstavljanje-knjige-bogorodica-zastitnica-u-hrvata-dubrovnik-9-4-2014\/\">Predstavljanje knjige &#8220;Bogorodica Za\u0161titnica u Hrvata&#8221;, Dubrovnik, 9. 4. 2014.<\/a><br \/>\n&#8211;&nbsp;<a href=\"https:\/\/www.vegaintro-projekti.com\/pilar-stari\/2014\/04\/istrazivanje-stanovnistvo-povijesne-jezgre-splita-2013\/\">Istra\u017eivanje: STANOVNI\u0160TVO POVIJESNE JEZGRE SPLITA 2013.<\/a><br \/>\n&#8211;&nbsp;<a href=\"https:\/\/www.vegaintro-projekti.com\/pilar-stari\/2014\/04\/predstavljanje-knjige-tragom-hrvatske-niti-u-argentini-25-3-2014\/\">Predstavljanje knjige &#8220;Tragom hrvatske niti u Argentini&#8221;, 25. 3. 2014.<\/a><br \/>\n&#8211;&nbsp;<a href=\"https:\/\/www.vegaintro-projekti.com\/pilar-stari\/2014\/03\/predavanje-hrvatski-iseljenik-eduard-miloslavic-i-katynski-zlocin\/\">Predavanje &#8220;Hrvatski iseljenik Eduard Miloslavi\u0107 i Katynski zlo\u010din&#8221;<\/a><br \/>\n&#8211; <a href=\"https:\/\/www.vegaintro-projekti.com\/pilar-stari\/2014\/05\/predstavljanje-knjige-zvonimira-separovica-hrvatska-tuzba-u-osijeku\/\">Predstavljanje knjige Zvonimira \u0160eparovi\u0107a HRVATSKA TU\u017dBA u Osijeku<\/a><br \/>\n&#8211; <a href=\"https:\/\/www.vegaintro-projekti.com\/pilar-stari\/2014\/03\/predstavljanje-knjige-prof-dr-sc-maje-stambuk-lica-nigdine-14-3-2014\/\">Predstavljanje knjige prof. dr. sc. Maje \u0160tambuk LICA NIGDINE, 14. 3. 2014.<\/a><br \/>\n&#8211;&nbsp;<a href=\"https:\/\/www.vegaintro-projekti.com\/pilar-stari\/2014\/03\/predstavljanje-zbornika-didov-san-12-3-2014\/\">Predstavljanje zbornika DIDOV SAN, 12. 3. 2014.<\/a><br \/>\n&#8211;&nbsp;<a href=\"https:\/\/www.vegaintro-projekti.com\/pilar-stari\/2014\/03\/istrazivanje-zasto-splicani-dolaze-u-povijesnu-jezgru\/\">Istra\u017eivanje: ZA\u0160TO SPLI\u0106ANI DOLAZE U POVIJESNU JEZGRU GRADA?<\/a><br \/>\n&#8211;&nbsp;<a href=\"https:\/\/www.vegaintro-projekti.com\/pilar-stari\/2014\/03\/1-javno-predavanje-iz-ciklusa-sociologija-dijaloga-19-2-2014\/\">Javna predavanja ciklusa SOCIOLOGIJA DIJALOGA, 19. 2. &#8211; 26. 3. 2014.<\/a><br \/>\n&#8211;&nbsp;<a href=\"https:\/\/www.vegaintro-projekti.com\/pilar-stari\/2014\/02\/dr-sc-drazen-zivic-suvremena-demografska-slika-hrvata-u-vojvodini\/\">Dr. sc. Dra\u017een \u017divi\u0107: &#8220;Suvremena demografska slika Hrvata u Vojvodini&#8221;<\/a><br \/>\n&#8211;&nbsp;<a href=\"https:\/\/www.vegaintro-projekti.com\/pilar-stari\/2014\/02\/istrazivanje-profil-muzejskih-posjetilaca-u-splitu-2013\/\">Istra\u017eivanje: PROFIL MUZEJSKIH POSJETILACA U SPLITU 2013.<\/a><br \/>\n&#8211;&nbsp;<a href=\"https:\/\/www.vegaintro-projekti.com\/pilar-stari\/2014\/02\/u-stonu-predstavljena-srednjovjekovna-raspela-dr-sc-vinicija-b-lupisa\/\">U Stonu predstavljena &#8220;Srednjovjekovna raspela&#8221; dr. sc. Vinicija B. Lupisa<\/a><br \/>\n&#8211;&nbsp;<a href=\"https:\/\/www.vegaintro-projekti.com\/pilar-stari\/2014\/02\/istrazivanje-turisti-u-povijesnoj-jezgri-splita-u-2013\/\">Istra\u017eivanje: TURISTI U POVIJESNOJ JEZGRI SPLITA U 2013., 10. 2. 2014.<\/a><br \/>\n&#8211; <a href=\"https:\/\/www.vegaintro-projekti.com\/pilar-stari\/2014\/02\/predstavljanje-knjige-kultura-angazirane-sociologije-5-2-2014\/\">Predstavljanje knjige KULTURA ANGA\u017dIRANE SOCIOLOGIJE, 5. 2. 2014.<\/a><br \/>\n&#8211;&nbsp;<a href=\"https:\/\/www.vegaintro-projekti.com\/pilar-stari\/2014\/03\/predstavljanje-monografije-gospic-u-podrucnom-centru-osijek\/\">Predstavljanje monografije GOSPI\u0106 u Podru\u010dnom centru Osijek<\/a><br \/>\n&#8211; <a href=\"https:\/\/www.vegaintro-projekti.com\/pilar-stari\/2014\/01\/predstavljanje-monografije-gospic-grad-ljudi-identitet-u-pozegi-i-osijeku\/\">Predstavljanje monografije GOSPI\u0106 &#8211; Grad, ljudi, identitet u Po\u017eegi i Osijeku<\/a><br \/>\n&#8211;&nbsp;<a href=\"https:\/\/www.vegaintro-projekti.com\/pilar-stari\/2014\/01\/predstavljanje-knjige-n-setica-ostvarenje-suvremene-hrvatske-drzave-31-1-2014\/\">Predstavljanje knjige N. \u0160eti\u0107a &#8220;Ostvarenje suvremene hrvatske dr\u017eave&#8221;, 31. 1. 2014.<\/a><br \/>\n&#8211; <a href=\"https:\/\/www.vegaintro-projekti.com\/pilar-stari\/2014\/01\/predstavljanje-knjige-jugoslavenska-muslimanska-organizacija-1929-1941\/\">Predstavljena knjiga &#8220;Jugoslavenska muslimanska organizacija 1929. &#8211; 1941.&#8221;, 28. 11. 2013.<\/a><br \/>\n&#8211; <a href=\"https:\/\/www.vegaintro-projekti.com\/pilar-stari\/2013\/11\/predavanje-dr-sc-vinicija-b-lupisa-u-portugalu-23-11-2013\/\">Predavanje dr. sc. Vinicija B. Lupisa U Portugalu, 22. 11. 2013.<\/a><br \/>\n&#8211; <a href=\"https:\/\/www.vegaintro-projekti.com\/pilar-stari\/2013\/11\/vukovar-predstavljanje-zbornika-i-predvecernji-spomen-14-i-16-11-2013\/\">VUKOVAR: Predstavljanje zbornika i Predve\u010dernji spomen, 14. i 16. 11. 2013.<\/a><br \/>\n&#8211; <a href=\"https:\/\/www.vegaintro-projekti.com\/pilar-stari\/2013\/10\/16-znanstveno-strucni-skup-vukovar-91-22-godina-poslije-14-15-11-2013\/\">16. ZNANSTVENO-STRU\u010cNI SKUP &#8220;Vukovar \u201891.- 22. godina poslije&#8221;, 14.-15. 11. 2013.<\/a><br \/>\n&#8211; <a href=\"https:\/\/www.vegaintro-projekti.com\/pilar-stari\/2013\/10\/predstavljanje-knjige-bastinske-teme-boke-kotorske-u-zagrebu-30-10-2013\/\">Predstavljanje BA\u0160TINSKIH TEMA BOKE KOTORSKE u Zagrebu, 30. 10. 2013.<\/a><br \/>\n&#8211;&nbsp;<a href=\"https:\/\/www.vegaintro-projekti.com\/pilar-stari\/2013\/03\/annales-pilar-2013-predodbae-o-jugoistonoj-i-srednjoj-europi-kroz-povijest\/\">ANNALES PILAR 2013.: Odr\u017eana konferencija, 25.-26. 10. 2013.<\/a><br \/>\n&#8211; <a href=\"https:\/\/www.vegaintro-projekti.com\/pilar-stari\/2013\/09\/predstavljanje-monografije-gospic-grad-ljudi-identitet-10-10-2013\/\">Predstavljanje monografije GOSPI\u0106 &#8211; Grad, ljudi, identitet; 10. 10. 2013.<\/a><br \/>\n&#8211; <a href=\"https:\/\/www.vegaintro-projekti.com\/pilar-stari\/2013\/09\/dr-sc-sasa-poljanec-boric-izlaganja-o-ekosistemskim-uslugama-i-nostalgiji-u-turizmu\/\">Sa\u0161a Poljanec Bori\u0107 i sur.: O ekosistemskim uslugama i nostalgiji u turizmu<\/a><br \/>\n&#8211; <a href=\"https:\/\/www.vegaintro-projekti.com\/pilar-stari\/2013\/06\/predstavljanje-regionalnog-istraivanja-cetinske-krajine-u-zagrebu\/\">Predstavljanje regionalnog istra\u017eivanja CETINSKE KRAJINE u Zagrebu<\/a><br \/>\n&#8211;&nbsp;<a href=\"https:\/\/www.vegaintro-projekti.com\/pilar-stari\/2013\/06\/razvoj-prava-ena-i-rodne-ravnopravnosti-14-6-2013\/\">RAZVOJ PRAVA \u017dENA I RODNE RAVNOPRAVNOSTI, 14. 6. 2013.<\/a><br \/>\n&#8211; <a href=\"https:\/\/www.vegaintro-projekti.com\/pilar-stari\/2013\/06\/tribina-i-okrugli-stol-u-podrunom-centru-osijek-instituta-ivo-pilar\/\">Tribina i okrugli stol u Podru\u010dnom centru Osijek Instituta Ivo Pilar, 27. svibnja 2013.<\/a><br \/>\n&#8211; <a href=\"https:\/\/www.vegaintro-projekti.com\/pilar-stari\/2013\/05\/predstavljanje-rasprava-o-preraspodjelama-drutvenih-zaliha-znanja\/\">Predstavljanje Rasprava o preraspodjelama dru\u0161tvenih zaliha znanja, 8. 5. 2013.<\/a><br \/>\n&#8211; <a href=\"https:\/\/www.vegaintro-projekti.com\/pilar-stari\/2013\/04\/predstavljanje-rezultata-istraivanja-sociokulturni-identitet-cetinske-krajine\/\">Predstavljanje istra\u017eivanja SOCIOKULTURNI IDENTITET CETINSKE KRAJINE<\/a><br \/>\n&#8211; <a href=\"https:\/\/www.vegaintro-projekti.com\/pilar-stari\/2013\/04\/predstavljanje-knjige-gendering-post-socialist-transition-25-4-2013\/\">Predstavljanje knjige Gendering Post-Socialist Transition, 25. 4. 2013.<\/a><br \/>\n&#8211;&nbsp;<a href=\"https:\/\/www.vegaintro-projekti.com\/pilar-stari\/2013\/04\/spomen-dana-rtvama-komunistikog-terora-u-vukovaru-12-4-2013\/\">Spomen-dan \u017ertvama komunisti\u010dkog terora u Vukovaru, 12. 4. 2013.<\/a><br \/>\n&#8211;&nbsp;<a href=\"https:\/\/www.vegaintro-projekti.com\/pilar-stari\/2013\/03\/dubrovnik-predstavljanje-knjige-croatica-mechitaristica-3-4-2013\/\">DUBROVNIK: Predstavljanje knjige CROATICA MECHITARISTICA, 3. 4. 2013.<\/a><br \/>\n&#8211; <a href=\"https:\/\/www.vegaintro-projekti.com\/pilar-stari\/2013\/03\/tribina-u-osijeku-razvojne-promjene-i-potekoe-kod-posebnih-populacija\/\">TRIBINA U OSIJEKU: Razvojne promjene i pote\u0161ko\u0107e kod posebnih populacija<\/a><br \/>\n&#8211; <a href=\"https:\/\/www.vegaintro-projekti.com\/pilar-stari\/2013\/03\/predstavljanje-izdanja-podrunog-centra-vukovar-u-slavonskom-brodu\/\">Predstavljanje izdanja Podru\u010dnog centra Vukovar u Slavonskom Brodu<\/a><br \/>\n&#8211; <a href=\"https:\/\/www.vegaintro-projekti.com\/pilar-stari\/2013\/02\/konferencija-revitalizacija-urbanih-sredita-u-vukovarsko-srijemskoj-upaniji\/\">Konferencija: Revitalizacija urbanih sredi\u0161ta u Vukovarsko-srijemskoj \u017eupaniji<\/a><br \/>\n&#8211; <a href=\"https:\/\/www.vegaintro-projekti.com\/pilar-stari\/2013\/03\/poziv-za-skup-kultura-drutvo-identitet-europski-realiteti\/\">Odr\u017ean skup KULTURA, DRU\u0160TVO, IDENTITET \u2013 EUROPSKI REALITETI<\/a><br \/>\n&#8211; <a href=\"https:\/\/www.vegaintro-projekti.com\/pilar-stari\/2013\/07\/predstavljena-zbirka-pjesama-dr-sc-vinicija-b-lupisa-volumen-legis\/\">Predstavljena zbirka pjesama dr. sc. Vinicija B. Lupisa &#8220;Volumen Legis&#8221;<\/a><br \/>\n&#8211; <a href=\"https:\/\/www.vegaintro-projekti.com\/pilar-stari\/2013\/01\/predstavljanje-zbornika-gacka-u-srednjem-vijeku-18-1-2013\/\">Predstavljanje zbornika GACKA U SREDNJEM VIJEKU, 18. 1. 2013.<\/a><br \/>\n&#8211; <a href=\"https:\/\/www.vegaintro-projekti.com\/pilar-stari\/2012\/12\/predstavljanje-zbornika-identitet-srijema-u-prolosti-i-sadanjosti\/\">Predstavljanje zbornika IDENTITET SRIJEMA U PRO\u0160LOSTI I SADA\u0160NJOSTI, 19. 12. 2012.<\/a><br \/>\n&#8211; <a href=\"https:\/\/www.vegaintro-projekti.com\/pilar-stari\/2012\/11\/vukovar-dani-hrvatske-matice-iseljenika-5-18-12-2012\/\">VUKOVAR: Dani Hrvatske matice iseljenika, 5. &#8211; 18. 12. 2012.<\/a><br \/>\n&#8211;&nbsp;<a href=\"https:\/\/www.vegaintro-projekti.com\/pilar-stari\/2013\/01\/hrvatska-i-susjedi-mogu-li-se-stereotipi-mijenjati\/\">Hrvatska i susjedi \u2013 mogu li se stereotipi mijenjati?<\/a><br \/>\n&#8211;&nbsp;<a href=\"https:\/\/www.vegaintro-projekti.com\/pilar-stari\/2012\/11\/pula-meunarodno-arheoloko-savjetovanje-22-24-11-2012\/\">PULA: Me\u0111unarodno arheolo\u0161ko savjetovanje, 22.-24. 11. 2012.<\/a><br \/>\n&#8211;&nbsp;<a href=\"https:\/\/www.vegaintro-projekti.com\/pilar-stari\/2011\/10\/tribina-u-osijeku-obrazovna-postignua-osjeko-baranjske-upanije\/\">Tribina u Osijeku: Hrvatski identitet i vrijednosti u europskom kontekstu<\/a><br \/>\n&#8211;&nbsp;<a href=\"https:\/\/www.vegaintro-projekti.com\/pilar-stari\/2012\/11\/predveernji-spomen-na-rtvu-vukovara-1991-16-11-2012\/\">Predve\u010dernji spomen na \u017ertvu Vukovara 1991., 16. 11. 2012.<\/a><br \/>\n&#8211;&nbsp;<a href=\"https:\/\/www.vegaintro-projekti.com\/pilar-stari\/2012\/11\/vukovar-sveana-projekcija-filma-qstella-marisq-14-11-2012\/\">VUKOVAR: Sve\u010dana projekcija filma &#8220;Stella Maris&#8221;, 14. 11. 2012.<\/a><br \/>\n&#8211;&nbsp;<a href=\"https:\/\/www.vegaintro-projekti.com\/pilar-stari\/2012\/10\/15-znanstveno-struni-skup-vukovar-91-dvadeset-i-jedna-godina-poslije\/\">15. ZNANSTVENO-STRU\u010cNI SKUP &#8220;Vukovar &#8217;91. &#8211; dvadeset i jedna godina poslije&#8221;<\/a><br \/>\n&#8211; <a href=\"https:\/\/www.vegaintro-projekti.com\/pilar-stari\/2012\/11\/predstavljanje-monografije-vukovarsko-srijemska-upanija-6-11-2012\/\">Predstavljanje monografije VUKOVARSKO-SRIJEMSKA \u017dUPANIJA, 6. 11. 2012.<\/a><br \/>\n&#8211;&nbsp;<a href=\"https:\/\/www.vegaintro-projekti.com\/pilar-stari\/2012\/10\/predstavljanje-zbornika-victor-quia-victima-vukovar-30-11-2012\/\">Predstavljanje zbornika VICTOR QUIA VICTIMA, Vukovar, 30. 10. 2012.<\/a><br \/>\n&#8211; <a href=\"https:\/\/www.vegaintro-projekti.com\/pilar-stari\/2012\/10\/znanstveni-skup-dr-juraj-dobrila-i-stoljee-krasne-zemlje\/\">ZNANSTVENI SKUP: Dr. Juraj Dobrila i stolje\u0107e &#8220;Krasne zemlje&#8221;, 25.-26. 10. 2012.<\/a><br \/>\n&#8211;&nbsp;<a href=\"https:\/\/www.vegaintro-projekti.com\/pilar-stari\/2012\/10\/8-dani-matice-hrvatske-u-vukovarsko-srijemskoj-upaniji\/\">8. dani Matice hrvatske u Vukovarsko-srijemskoj \u017eupaniji<\/a><br \/>\n&#8211;&nbsp;<a href=\"https:\/\/www.vegaintro-projekti.com\/pilar-stari\/2012\/09\/okrugli-stol-uenje-o-praksi-europskog-suda-za-ljudska-prava\/\">OKRUGLI STOL: U\u010denje o praksi Europskog suda za ljudska prava, 21. 9. 2012.<\/a><br \/>\n&#8211; <a href=\"https:\/\/www.vegaintro-projekti.com\/pilar-stari\/2012\/08\/konferencija-teoloko-pribliavanje-patnji-i-nadi-ena-split-2-9-9-2012\/\">KONFERENCIJA: Teolo\u0161ko pribli\u017eavanje patnji i nadi \u017eena; Split, 2.-5. 9. 2012.<\/a><br \/>\n&#8211; <a href=\"https:\/\/www.vegaintro-projekti.com\/pilar-stari\/2012\/05\/2-izdanje-povijesnog-atlasa-siska\/\">Predstavljanje 2. izdanja POVIJESNOG ATLASA SISKA, 12. 6. 2012.<\/a><br \/>\n&#8211; <a href=\"https:\/\/www.vegaintro-projekti.com\/pilar-stari\/2012\/06\/split-propitivanje-enskih-feministikih-i-muslimanskih-identiteta\/\">Propitivanje \u017eenskih, feministi\u010dkih i muslimanskih identiteta u Splitu, 5. 6. 2012.<\/a><br \/>\n&#8211; <a href=\"https:\/\/www.vegaintro-projekti.com\/pilar-stari\/2012\/05\/predstavljanje-knjige-marina-sopte-hrvati-u-kanadi-5-6-2012\/\">Predstavljanje knjige Marina Sopte HRVATI U KANADI<\/a><br \/>\n&#8211; <a href=\"https:\/\/www.vegaintro-projekti.com\/pilar-stari\/2012\/05\/annales-pilar-2012-nacionalne-manjine-u-hrvatskoj-i-hrvati-kao-manjina\/\">ANNALES PILAR 2012.: Nacionalne manjine u Hrvatskoj i Hrvati kao manjina<\/a><br \/>\n&#8211;&nbsp;<a href=\"https:\/\/www.vegaintro-projekti.com\/pilar-stari\/2012\/05\/4-tribina-u-splitu-tolarancija-i-predrasude-u-hrvatskom-drutvu\/\">4. tribina u Splitu: Tolarancija i predrasude u hrvatskom dru\u0161tvu, 31. 5. 2012.<\/a><br \/>\n&#8211;&nbsp;<a href=\"https:\/\/www.vegaintro-projekti.com\/pilar-stari\/2012\/05\/skup-identitet-srijema-u-prolosti-i-sadanjosti-25-5-2012\/\">Skup: IDENTITET SRIJEMA U PRO\u0160LOSTI I SADA\u0160NJOSTI, 25. 5. 2012.<\/a><br \/>\n&#8211;&nbsp;<a href=\"https:\/\/www.vegaintro-projekti.com\/pilar-stari\/2012\/05\/predstavljanje-knjige-kako-razumjeti-rod-u-sarajevu\/\">Predstavljanje knjige KAKO RAZUMJETI ROD? u Sarajevu<\/a><br \/>\n&#8211; <a href=\"https:\/\/www.vegaintro-projekti.com\/pilar-stari\/2012\/05\/predstavljena-analiza-stanja-prava-djece-i-ena-u-hrvatskoj\/\">Predstavljena ANALIZA STANJA PRAVA DJECE I \u017dENA U HRVATSKOJ<\/a><br \/>\n&#8211;&nbsp;<a href=\"https:\/\/www.vegaintro-projekti.com\/pilar-stari\/2012\/04\/makarsko-primorje-znanstveni-skup-i-predstavljanje-zbornika-3-4-5-2012\/\">MAKARSKO PRIMORJE: Skup i predstavljanje zbornika, 3.-4. 5. 2012.<\/a><br \/>\n&#8211; <a href=\"https:\/\/www.vegaintro-projekti.com\/pilar-stari\/2012\/04\/tribina-u-puli-obljetnice-biskupa-jurja-dobrile-26-4-2012\/\">5. tribina u Puli: Obljetnice biskupa Jurja Dobrile, 26. 4. 2012.<\/a><br \/>\n&#8211; <a href=\"https:\/\/www.vegaintro-projekti.com\/pilar-stari\/2012\/04\/5-tribina-u-vukovaru-dr-sc-maja-tambuk-i-anita-buljeta-20-4-2012\/\">5. tribina u Vukovaru: Selo i ravnomjerni razvoj Hrvatske<\/a><br \/>\n&#8211; <a href=\"https:\/\/www.vegaintro-projekti.com\/pilar-stari\/2012\/04\/propitivanje-enskih-feministikih-i-muslimanskih-identiteta-17-4-2012\/\">Propitivanje \u017eenskih, feministi\u010dkih i muslimanskih identiteta<\/a><br \/>\n&#8211; <a href=\"https:\/\/www.vegaintro-projekti.com\/pilar-stari\/2012\/04\/javno-predavanje-social-market-economy-17-4-2012\/\">Javno predavanje SOCIAL MARKET ECONOMY<\/a><br \/>\n&#8211; <a href=\"https:\/\/www.vegaintro-projekti.com\/pilar-stari\/2012\/03\/predstavljanje-knjige-poljski-ustanak-1863-i-dubrovnik-2932012\/\">Predstavljena knjiga POLJSKI USTANAK 1863. I DUBROVNIK<\/a><br \/>\n&#8211; <a href=\"https:\/\/www.vegaintro-projekti.com\/pilar-stari\/2012\/04\/spomen-dan-rtvama-komunistikog-terora-u-vukovaru\/\">Spomen-dan \u017ertvama komunisti\u010dkog terora u Vukovaru, 12. 4. 2012.<\/a><br \/>\n&#8211; <a href=\"https:\/\/www.vegaintro-projekti.com\/pilar-stari\/2012\/04\/predstavljena-knjiga-slavonija-i-srijem-17771778\/\">Predstavljena knjiga SLAVONIJA I SRIJEM 1777.\/1778.<\/a><br \/>\n&#8211; <a href=\"https:\/\/www.vegaintro-projekti.com\/pilar-stari\/2012\/04\/3-tribina-u-splitu-20-godina-istraivanja-instituta-pilar\/\">3. tribina u Splitu: Za\u0161to je hrvatsko dru\u0161tvo zaostalo u razvoju?<\/a><br \/>\n&#8211; <a href=\"https:\/\/www.vegaintro-projekti.com\/pilar-stari\/2012\/03\/4-tribina-u-vukovaru-drsc-saa-poljanec-bori-i-dr-sc-drago-engi-1632012\/\">4. tribina u Vukovaru: dr. sc. Sa\u0161a Poljanec Bori\u0107 i dr. sc. Drago \u010cengi\u0107, 16. 3. 2012.<\/a><br \/>\n&#8211; <a href=\"https:\/\/www.vegaintro-projekti.com\/pilar-stari\/2012\/02\/predstavljanje-zbornika-ljudska-prava-ena-232012\/\">Predstavljen zbornik LJUDSKA PRAVA \u017dENA<\/a><br \/>\n&#8211; <a href=\"https:\/\/www.vegaintro-projekti.com\/pilar-stari\/2012\/02\/javno-predavanje-dr-sc-sae-poljanec-bori-hsd-732012\/\">Javno predavanje dr. sc. Sa\u0161e Poljanec Bori\u0107, HSD, Zagreb, 7.3.2012.<\/a><br \/>\n&#8211; <a href=\"https:\/\/www.vegaintro-projekti.com\/pilar-stari\/2012\/02\/predstavljanje-spomenice-600-obljetnice-crkve-u-gornjoj-lastvi-1022012\/\">Predstavljanje Spomenice 600. obljetnice Crkve u Gornjoj Lastvi, 10.2.2012.<\/a><br \/>\n&#8211; <a href=\"https:\/\/www.vegaintro-projekti.com\/pilar-stari\/2012\/02\/predstavljanje-knjige-dr-sc-sae-poljanec-bori-u-splitu\/\">Predstavljanje knjige dr. sc. Sa\u0161e Poljanec-Bori\u0107 u Splitu<\/a><br \/>\n&#8211; <a href=\"https:\/\/www.vegaintro-projekti.com\/pilar-stari\/2011\/12\/predstavljanje-knjige-kako-razumijeti-rod-u-splitu-27122011\/\">Predstavljena knjiga Jadranke Rebeke Ani\u0107 KAKO RAZUMJETI ROD? u Splitu<\/a><br \/>\n&#8211; <a href=\"https:\/\/www.vegaintro-projekti.com\/pilar-stari\/2011\/12\/predstavljena-trogrlieva-monografija-o-boi-milanoviu\/\">Predstavljena monografija dr. sc. Stipana Trogrli\u0107a o mons. Bo\u017ei Milanovi\u0107u<\/a><br \/>\n&#8211; <a href=\"https:\/\/www.vegaintro-projekti.com\/pilar-stari\/2011\/12\/predstavljanje-knjige-dr-sc-sae-poljanec-bori-hrvatsko-drutvo-i-turizam-15122011\/\">Predstavljena knjiga Sa\u0161e Poljanec-Bori\u0107 HRVATSKO DRU\u0160TVO I TURIZAM<\/a><br \/>\n&#8211; <a href=\"https:\/\/www.vegaintro-projekti.com\/pilar-stari\/2011\/12\/predstavljanje-knjige-kako-razumjeti-rod-jadranke-rebeke-ani\/\">Predstavljanje knjige KAKO RAZUMJETI ROD? Jadranke Rebeke Ani\u0107<\/a><br \/>\n&#8211; <a href=\"https:\/\/www.vegaintro-projekti.com\/pilar-stari\/2012\/02\/20-godina-instituta-tribine-akademija-bibliografija-otvorene-karte\/\">20 GODINA INSTITUTA: Tribine, Akademija, Bibliografija, Otvorene karte&#8230;<\/a><br \/>\n&#8211; <a href=\"https:\/\/www.vegaintro-projekti.com\/pilar-stari\/2011\/05\/znanstvene-tribine-20-godina-istraivanja-instituta-pilar\/\">ZNANSTVENE TRIBINE: 20 GODINA ISTRA\u017dIVANJA INSTITUTA PILAR<\/a><br \/>\n&#8211; <a href=\"https:\/\/www.vegaintro-projekti.com\/pilar-stari\/2011\/11\/sveana-akademija-u-povodu-20-obljetnice-instituta-ivo-pilar\/\">SVE\u010cANA AKADEMIJA u povodu 20. obljetnice Instituta Ivo Pilar<\/a><br \/>\n&#8211; <a href=\"https:\/\/www.vegaintro-projekti.com\/pilar-stari\/2011\/12\/prezentacija-u-povodu-20-obljetnice-instituta-ivo-pilar\/\">PREZENTACIJA u povodu 20. obljetnice Instituta Ivo Pilar<\/a><br \/>\n&#8211; <a href=\"https:\/\/www.vegaintro-projekti.com\/pilar-stari\/2011\/12\/govor-ravnatelja-u-povodu-20-obljetnice-instituta-ivo-pilar\/\">RIJE\u010c RAVNATELJA u povodu 20. obljetnice Instituta Ivo Pilar<\/a><br \/>\n&#8211; <a href=\"https:\/\/www.vegaintro-projekti.com\/pilar-stari\/2011\/11\/obiljeena-20-obljetnica-instituta-ivo-pilar\/\">IZ MEDIJA: Obilje\u017eena 20. obljetnica Instituta Ivo Pilar<\/a><br \/>\n&#8211; <a href=\"https:\/\/www.vegaintro-projekti.com\/pilar-stari\/2011\/11\/uz-dan-instituta-2011-20-godina-znanstvenih-istraivanja\/\">UZ DAN INSTITUTA 2011. &gt;&gt;&gt; 20 GODINA ISTRA\u017dIVANJA INSTITUTA IVO PILAR<\/a><br \/>\n&#8211; <a href=\"https:\/\/www.vegaintro-projekti.com\/pilar-stari\/2011\/12\/fotogalerija-dan-instituta-2011-20-obljetnica\/\">FOTOGALERIJA: Dan Instituta 2011. &#8211; 20. obljetnica<\/a><br \/>\n&#8211; <a href=\"https:\/\/www.vegaintro-projekti.com\/pilar-stari\/2011\/12\/fotogalerija-dan-instituta-2011-20-obljetnica\/\">FOTOGALERIJA: Sve\u010dana akademija Instituta u objektivu M. VESOVI\u0106A<\/a><br \/>\n&#8211; <a href=\"https:\/\/www.vegaintro-projekti.com\/pilar-stari\/2011\/12\/institut-u-snopu-56-igraih-karata\/\">OTVORENE KARTE INSTITUTA IVO PILAR<\/a><br \/>\n&#8211; <a href=\"https:\/\/www.vegaintro-projekti.com\/pilar-stari\/2008\/10\/institut-drutvenih-znanosti-ivo-pilar\/\">BIBLIOGRAFIJA Instituta Ivo Pilar 1992. &#8211; 2010.<\/a><br \/>\n&#8211; <a href=\"https:\/\/www.vegaintro-projekti.com\/pilar-stari\/2011\/11\/nogometni-susret-institut-ivo-pilar-leksikografski-zavod-miroslav-krlea\/\">NOGOMETNI SUSRET: Institut Ivo Pilar &#8211; Leksikografski zavod Miroslav Krle\u017ea<\/a><br \/>\n&#8211; <a href=\"https:\/\/www.vegaintro-projekti.com\/pilar-stari\/2011\/11\/2-tribina-u-dubrovniku-vukovar-91-izmeu-simbola-i-kulture-zaborava\/\">2. tribina u Dubrovniku: Vukovar &#8217;91 &#8211; izme\u0111u simbola i kulture zaborava<\/a><br \/>\n&#8211; <a href=\"https:\/\/www.vegaintro-projekti.com\/pilar-stari\/2011\/11\/predstavljanje-studije-modernizacija-u-hrvatskoj-i-hrvatska-odselidba-22112011\/\">Predstavljena studija I. Rogi\u0107a i I. \u010cizmi\u0107a MODERNIZACIJA I HRVATSKA ODSELIDBA<\/a><br \/>\n&#8211; <a href=\"https:\/\/www.vegaintro-projekti.com\/pilar-stari\/2011\/11\/predstavljanje-spomenice-600-obljetnice-crkve-male-gospe-u-gornjoj-lastvi\/\">Predstavljanje Spomenice 600. obljetnice Crkve Male Gospe u Gornjoj Lastvi<\/a><br \/>\n&#8211; <a href=\"https:\/\/www.vegaintro-projekti.com\/pilar-stari\/2011\/11\/podruni-centar-vukovar-u-programu-dana-sjeanja-na-rtvu-vukovara-1991\/\">Podru\u010dni Centar Vukovar u programu Dana sje\u0107anja na \u017ertvu Vukovara 1991.<\/a><br \/>\n&#8211; <a href=\"https:\/\/www.vegaintro-projekti.com\/pilar-stari\/2011\/11\/odran-14-znanstveno-struni-skup-vukovar-91-dvadeset-godina-poslije\/\">Odr\u017ean 14. znanstveno-stru\u010dni skup &#8220;Vukovar &#8217;91. \u2013 dvadeset godina poslije&#8221;<\/a><br \/>\n&#8211; <a href=\"https:\/\/www.vegaintro-projekti.com\/pilar-stari\/2011\/11\/program-14-znanstveno-strunog-skupa-vukovar-91-dvadeset-godina-poslije\/\">Program 14. znanstveno-stru\u010dnog skupa &#8220;Vukovar &#8217;91. \u2013&nbsp;dvadeset godina poslije&#8221;<\/a><br \/>\n&#8211; <a href=\"https:\/\/www.vegaintro-projekti.com\/pilar-stari\/2011\/11\/izloba-vukovar-press-vukovar-u-tiskanim-medijima-1991-1996\/\">Izlo\u017eba Vukovar Press &#8211; Vukovar u tiskanim medijima 1991. &#8211; 1996.<\/a><br \/>\n&#8211; <a href=\"https:\/\/www.vegaintro-projekti.com\/pilar-stari\/2011\/10\/institut-u-programu-dana-sjeanja-na-rtvu-vukovara-1991-2011\/\">Institut u programu Dana sje\u0107anja na \u017ertvu Vukovara, 14.11.2011.<\/a><br \/>\n&#8211; <a href=\"https:\/\/www.vegaintro-projekti.com\/pilar-stari\/2011\/11\/u-tivtu-predstavljena-spomenica-600-obljetnice-crkve-male-gospe-u-gornjoj-lastvi-1410-2010\/\">Predstavljena Spomenica 600. obljetnice Crkve Male Gospe u Gornjoj Lastvi<\/a><br \/>\n&#8211; <a href=\"https:\/\/www.vegaintro-projekti.com\/pilar-stari\/2011\/11\/4-tribina-u-puli-zato-je-hrvatsko-drutvo-zaostalo-u-razvoju-17112011\/\">4. tribina u Puli: Za\u0161to je hrvatsko dru\u0161tvo zaostalo u razvoju?, 17.11.2011.<\/a><br \/>\n&#8211; <a href=\"https:\/\/www.vegaintro-projekti.com\/pilar-stari\/2011\/11\/2-tribina-u-gospiu-selo-i-ravnomjerni-razvitak-hrvatske-14112011\/\">2. tribina u Gospi\u0107u: Selo i ravnomjerni razvitak Hrvatske, 14.11.2011.<\/a><br \/>\n&#8211; <a href=\"https:\/\/www.vegaintro-projekti.com\/pilar-stari\/2011\/10\/prijave-za-konferenciju-europskoga-drutva-ena-u-teolokom-istraivanju-3112012\/\">Prijava za konferenciju Europskoga dru\u0161tva \u017eena u teolo\u0161kom istra\u017eivanju<\/a><br \/>\n&#8211; <a href=\"https:\/\/www.vegaintro-projekti.com\/pilar-stari\/2011\/10\/tribina-u-osijeku-obrazovna-postignua-osjeko-baranjske-upanije\/\">Tribina u Osijeku: Obrazovna postignu\u0107a Osje\u010dko-baranjske \u017eupanije<\/a><br \/>\n&#8211; <a href=\"https:\/\/www.vegaintro-projekti.com\/pilar-stari\/2011\/10\/predstavljanje-knjige-podrijetlo-hrvata-genetiki-dokazi-autohtonosti-18102011\/\">Predstavljena knjiga I. Juri\u0107a PODRIJETLO HRVATA<\/a><br \/>\n&#8211; <a href=\"https:\/\/www.vegaintro-projekti.com\/pilar-stari\/2011\/10\/institut-u-programu-dana-sjeanja-na-rtvu-vukovara-1991-2011\/\">Institut u programu Dana sje\u0107anja na \u017ertvu Vukovara, 1991.-2011., 14.11.2011.<\/a><br \/>\n&#8211; <a href=\"https:\/\/www.vegaintro-projekti.com\/pilar-stari\/2011\/10\/predstavljanje-vukovarskog-zbornika-6-u-podrunom-centru-vukovar-27102011\/\">Predstavljanje VUKOVARSKOG ZBORNIKA 6 u Vukovaru, 27.10.2011.<\/a><br \/>\n&#8211; <a href=\"https:\/\/www.vegaintro-projekti.com\/pilar-stari\/2011\/10\/xvii-meunarodno-arheoloko-savjetovanje-23-26112011\/\">XVII. me\u0111unarodno arheolo\u0161ko savjetovanje, 23.-26.11.2011.<\/a><br \/>\n&#8211; <a href=\"https:\/\/www.vegaintro-projekti.com\/pilar-stari\/2011\/10\/7-talking-europe\/\">7<\/a><a href=\"https:\/\/www.vegaintro-projekti.com\/pilar-stari\/2011\/10\/7-talking-europe\/\">. TALKING EUROPE: Kriza eura, upravljanje, dru\u0161tvena kohezija, 2.11.2011.<\/a><br \/>\n&#8211; <a href=\"https:\/\/www.vegaintro-projekti.com\/pilar-stari\/2011\/10\/tribina-u-osijeku-obrazovna-postignua-osjeko-baranjske-upanije\/\">Tribina u Osijeku: Obrazovna postignu\u0107a Osje\u010dko-baranjske \u017eupanije, 24.10.2011.<\/a><br \/>\n&#8211; <a href=\"https:\/\/www.vegaintro-projekti.com\/pilar-stari\/2011\/10\/okrugli-stol-u-vukovaru-uloga-braniteljica-u-domovinskom-ratu-21102011\/\">Okrugli stol u Vukovaru: Uloga braniteljica u Domovinskom ratu, 21.10.2011.<\/a><br \/>\n&#8211; <a href=\"https:\/\/www.vegaintro-projekti.com\/pilar-stari\/2011\/10\/2-tribina-u-splitu-u-povodu-20-godina-instituta-ivo-pilar-20102011\/\">2. tribina u Splitu: 20 GODINA ISTRA\u017dIVANJA INSTITUTA PILAR, 20.10.2011.<\/a><br \/>\n&#8211; <a href=\"https:\/\/www.vegaintro-projekti.com\/pilar-stari\/2011\/10\/6-talking-europe-nakon-hrvatskog-pristupanja-eu-19102011\/\">6. TALKING EUROPE: Nakon hrvatskog pristupanja EU, 19.10.2011.<\/a><br \/>\n&#8211; <a href=\"https:\/\/www.vegaintro-projekti.com\/pilar-stari\/2011\/10\/predstavljanje-knjige-podrijetlo-hrvata-genetiki-dokazi-autohtonosti-18102011\/\">Predstavljena knjiga I. Juri\u0107a PODRIJETLO HRVATA<\/a><br \/>\n&#8211; <a href=\"https:\/\/www.vegaintro-projekti.com\/pilar-stari\/2011\/09\/tribina-u-dubrovniku-ivot-i-misao-i-pilara-hrvatski-identitet-u-europskom-kontekstu\/\">Tribina u Dubrovniku: \u017divot i misao I. Pilara; Hrvatski identitet u europskom kontekstu<\/a><br \/>\n&#8211; <a href=\"https:\/\/www.vegaintro-projekti.com\/pilar-stari\/2011\/09\/tribina-u-gospiu-dr-sc-saa-poljanec-bori-prostor-lokalni-razvoj-i-demokracija\/\">Tribina u Gospi\u0107u: dr. sc. Sa\u0161a Poljanec-Bori\u0107, PROBLEM LOKALNE JURISDIKCIJE&#8230;<\/a><br \/>\n&#8211; <a href=\"https:\/\/www.vegaintro-projekti.com\/pilar-stari\/2011\/09\/tribina-u-vukovaru\/\">Tribina u Vukovaru: NACIONALNI INTERESI KROZ PRIZMU ODR\u017dIVOG RAZVOJA<\/a><br \/>\n&#8211; <a href=\"https:\/\/www.vegaintro-projekti.com\/pilar-stari\/2011\/09\/3-tribina-u-puli-srea-i-ivotno-zadovoljstvo-u-hrvatskoj\/\">Tribina u Puli: dr. sc. Ljiljana Kaliterna Lipov\u010dan, SRE\u0106A I \u017dIVOTNO ZADOVOLJSTVO<\/a><br \/>\n&#8211; <a href=\"https:\/\/www.vegaintro-projekti.com\/pilar-stari\/2011\/09\/konferencija-gospodarsko-stanje-hrvatske-i-post-krizne-strategije-zagreb-1692011\/\">Konferencija: GOSPODARSKO STANJE HRVATSKE I POST-KRIZNE STRATEGIJE<\/a><br \/>\n&#8211; <a href=\"https:\/\/www.vegaintro-projekti.com\/pilar-stari\/2011\/09\/okrugli-stol-krbava-i-udbina-batina-istraivanja-perspektive-1592011\/\">Okrugli stol: KRBAVA I UDBINA: Ba\u0161tina, istra\u017eivanja, perspektive, 15.9.2011.<\/a><br \/>\n&#8211; <a href=\"https:\/\/www.vegaintro-projekti.com\/pilar-stari\/2011\/05\/znanstvene-tribine-20-godina-istraivanja-instituta-pilar\/\">ZNANSTVENE TRIBINE: 20 GODINA ISTRA\u017dIVANJA INSTITUTA PILAR<\/a><br \/>\n&#8211; <a href=\"https:\/\/www.vegaintro-projekti.com\/pilar-stari\/2011\/06\/annales-pilar-2011-meunarodni-skup-hrvatsko-iseljenitvo-i-domovina\/\">ANNALES PILAR 2011. &#8211; Me\u0111unarodni skup: Hrvatsko iseljeni\u0161tvo i domovina<\/a><br \/>\n&#8211; <a href=\"https:\/\/www.vegaintro-projekti.com\/pilar-stari\/2011\/06\/2-tribina-u-vukovaru-zato-je-hrvatsko-drutvo-zaostalo-u-razvoju\/\">2. tribina u Vukovaru: Za\u0161to je hrvatsko dru\u0161tvo zaostalo u razvoju?<\/a><br \/>\n&#8211; <a href=\"https:\/\/www.vegaintro-projekti.com\/pilar-stari\/2011\/05\/prva-tribina-u-splitu-20-godina-istraivanja-instituta-pilar\/\">Prva tribina u Splitu: 20 GODINA ISTRA\u017dIVANJA INSTITUTA PILAR<\/a><br \/>\n&#8211; <a href=\"https:\/\/www.vegaintro-projekti.com\/pilar-stari\/2011\/05\/druga-znanstvena-tribina-u-puli-tolerancija-i-predrasude-u-hrvatskom-drutvu\/\">Druga znanstvena tribina u Puli: Tolerancija i predrasude u hrvatskom dru\u0161tvu<\/a><br \/>\n&#8211; <a href=\"https:\/\/www.vegaintro-projekti.com\/pilar-stari\/2011\/05\/prva-tribina-u-vukovaru-20-godina-istraivanja-instituta-pilar\/\">Prva tribina u Vukovaru: 20 GODINA ISTRA\u017dIVANJA INSTITUTA PILAR<\/a><br \/>\n&#8211; <a href=\"https:\/\/www.vegaintro-projekti.com\/pilar-stari\/2011\/05\/nnales-pilar-2011-meunarodni-skup-hrvatsko-iseljenitvo-i-domovina\/\">Program skupa ANNALES PILAR 2011.: Hrvatsko iseljeni\u0161tvo i domovina<\/a><br \/>\n&#8211; <a href=\"https:\/\/www.vegaintro-projekti.com\/pilar-stari\/2011\/05\/tribina-u-puli-1152011-identitet-i-vrijednosti\/\">Tribina u Puli: IDENTITET I VRIJEDNOSTI: Istra-Hrvatska-Europa<\/a><br \/>\n&#8211; <a href=\"https:\/\/www.vegaintro-projekti.com\/pilar-stari\/2011\/09\/peta-tribina-iz-niza-talking-europe\/\">Peta tribina iz niza TALKING EUROPE: Europa izme\u0111u modernizacije i tradicije<\/a><br \/>\n&#8211; <a href=\"https:\/\/www.vegaintro-projekti.com\/pilar-stari\/2011\/09\/tribina-u-vukovaru-prirodne-znanosti-i-teologija-suradnja-i-nesporazumi\/\">Tribina u Vukovaru: PRIRODNE ZNANOSTI I TEOLOGIJA \u2013 SURADNJA&nbsp; I&nbsp; NESPORAZUMI<\/a><br \/>\n&#8211; <a href=\"https:\/\/www.vegaintro-projekti.com\/pilar-stari\/2010\/10\/odran-znanstveni-skup-o-mons-dr-boi-milanoviu\/\">Odr\u017ean znanstveni skup o mons. dr. Bo\u017ei Milanovi\u0107u<\/a><br \/>\n&#8211; <a href=\"https:\/\/www.vegaintro-projekti.com\/pilar-stari\/2010\/10\/tree-predavanje-i-rasprava-iz-niza-talking-europe\/\">Odr\u017eana tre\u0107a tribina iz niza TALKING EUROPE: Demokrafska kretanja u Europskoj uniji<\/a><br \/>\n&#8211; <a href=\"https:\/\/www.vegaintro-projekti.com\/pilar-stari\/2010\/11\/odran-znanstveno-struni-skup-o-rtvi-vukovara\/\">Odr\u017ean 13. znanstveno-stru\u010dni skup o \u017ertvi Vukovara 1991.<\/a><br \/>\n&#8211; <a href=\"https:\/\/www.vegaintro-projekti.com\/pilar-stari\/2010\/11\/13-znanstveno-struni-skup-vukovar-91-victor-quia-victima-nada-za-hrvatsku\/\">13. znanstveno-stru\u010dni skup VUKOVAR \u201891. &#8211; DEVETNAEST GODINA POSLIJE<\/a><br \/>\n&#8211; <a href=\"https:\/\/www.vegaintro-projekti.com\/pilar-stari\/2010\/10\/znastveni-skup-mons-dr-boo-milanovi-tragovi-jedne-vizije\/\">Znastveni skup: Mons. dr. BO\u017dO MILANOVI\u0106 &#8211; Tragovi jedne vizije<\/a><br \/>\n&#8211; <a href=\"https:\/\/www.vegaintro-projekti.com\/pilar-stari\/2010\/05\/annales-pilar-2010-meunarodna-konferencija-ljudska-prava-ena\/\">ANNALES PILAR 2010. \u2013 Me\u0111unarodna konferencija Ljudska prava \u017eena<\/a><br \/>\n&#8211; <a href=\"https:\/\/www.vegaintro-projekti.com\/pilar-stari\/2010\/03\/dr-ivo-pilar-i-ideja-ujedinjene-europe-meunarodni-skup-be-12-oujka\/\">Dr. Ivo Pilar i ideja ujedinjene Europe &#8211; me\u0111unarodni skup, Be\u010d, 12. o\u017eujka<\/a><br \/>\n&#8211; <a href=\"https:\/\/www.vegaintro-projekti.com\/pilar-stari\/2010\/02\/program-skupa-gacka-i-otoac-u-srednjem-vijeku-otoac-5-6-oujka\/\">Odr\u017ean skup GACKA I OTO\u010cAC U SREDNJEM VIJEKU<\/a><br \/>\n&#8211; <a href=\"https:\/\/www.vegaintro-projekti.com\/pilar-stari\/2009\/11\/odran-skup-qvukovar-91-osamnaest-godina-poslije\/\">Odr\u017ean skup &#8220;Vukovar &#8217;91. &#8211; osamnaest godina poslije&#8221;<\/a><br \/>\n&#8211; <a href=\"https:\/\/www.vegaintro-projekti.com\/pilar-stari\/2009\/10\/poziv-za-skup-vukovar-91-osamnaest-godina-poslije\/\">Poziv za skup: Vukovar &#8217;91 &#8211; Osamnaest godina poslije<\/a><br \/>\n&#8211; <a href=\"https:\/\/www.vegaintro-projekti.com\/pilar-stari\/2008\/12\/biskup-marko-kalogjera-o-120-obljetnici-smrti\/\">Biskup Marko Kalogjera &#8211; O 120. obljetnici smrti<\/a><br \/>\n&#8211; <a href=\"https:\/\/www.vegaintro-projekti.com\/pilar-stari\/2008\/11\/odran-11-znanstveno-struni-skup-vukovar-91-sedamnaest-godina-poslije\/\">Odr\u017ean 11. skup \u201eVukovar &#8217;91. \u2013 sedamnaest godina poslije\u201c<\/a><br \/>\n&#8211; <a href=\"https:\/\/www.vegaintro-projekti.com\/pilar-stari\/2008\/11\/vukovar-91-sedamnaest-godina-poslije\/\">Vukovar &#8217;91 \u2013 sedamnaest godina poslije<\/a><\/p>\n<hr>\n<p>&gt;&gt;&gt; PREGLED: NOVOSTI \/&nbsp;SKUPOVI&nbsp;&#8211; PUNI TEKSTOVI:<\/p>\n<hr>\n<p>&nbsp;<\/p>\n","protected":false},"excerpt":{"rendered":"<p>&#8211;&nbsp;Znanstveni skup: KAMO IDE ISTO\u010cNA HRVATSKA? &#8211; \u0110akovo, 1. 12. 2017. &#8211;&nbsp;Tribina: DIGITALNA TEHNOLOGIJA U OBITELJI \u2013 PRIJATELJ ILI NEPRIJATELJ?, 20. 11. 2017. &#8211;&nbsp;13. Novinarsko-knji\u017eevni\u010dki susret GRAD &#8211; TO STE VI, 20. 11. 2017. &#8211;&nbsp;Konferencija: POLITIKE I PRAKSE PROSTITUCIJE \u2013 ISKUSTVA OSOBA U PROSTITUCIJI, 17. 11. 2017. &#8211;&nbsp;Prof. dr. sc. Renata Franc i projekt DARE&hellip; <a class=\"continue\" href=\"https:\/\/www.vegaintro-projekti.com\/pilar-stari\/2017\/01\/pregled-skupovi\/\">Pro\u010ditaj vi\u0161e o<span> Pregled: Skupovi<\/span><\/a><\/p>\n","protected":false},"author":1,"featured_media":0,"comment_status":"open","ping_status":"open","sticky":false,"template":"","format":"standard","meta":{"inline_featured_image":false,"ngg_post_thumbnail":0,"footnotes":""},"categories":[11],"tags":[],"yoast_head":"<!-- This site is optimized with the Yoast SEO plugin v21.2 - https:\/\/yoast.com\/wordpress\/plugins\/seo\/ -->\n<title>Pregled: Skupovi - Institut dru&scaron;tvenih znanosti Ivo Pilar<\/title>\n<meta name=\"robots\" content=\"noindex, follow, max-snippet:-1, max-image-preview:large, max-video-preview:-1\" \/>\n<meta property=\"og:locale\" content=\"hr_HR\" \/>\n<meta property=\"og:type\" content=\"article\" \/>\n<meta property=\"og:title\" content=\"Pregled: Skupovi - Institut dru&scaron;tvenih znanosti Ivo Pilar\" \/>\n<meta property=\"og:description\" content=\"&#8211;&nbsp;Znanstveni skup: KAMO IDE ISTO\u010cNA HRVATSKA? &#8211; \u0110akovo, 1. 12. 2017. &#8211;&nbsp;Tribina: DIGITALNA TEHNOLOGIJA U OBITELJI \u2013 PRIJATELJ ILI NEPRIJATELJ?, 20. 11. 2017. &#8211;&nbsp;13. Novinarsko-knji\u017eevni\u010dki susret GRAD &#8211; TO STE VI, 20. 11. 2017. &#8211;&nbsp;Konferencija: POLITIKE I PRAKSE PROSTITUCIJE \u2013 ISKUSTVA OSOBA U PROSTITUCIJI, 17. 11. 2017. &#8211;&nbsp;Prof. dr. sc. Renata Franc i projekt DARE&hellip; Pro\u010ditaj vi\u0161e o Pregled: Skupovi\" \/>\n<meta property=\"og:url\" content=\"https:\/\/www.vegaintro-projekti.com\/pilar-stari\/2017\/01\/pregled-skupovi\/\" \/>\n<meta property=\"og:site_name\" content=\"Institut dru&scaron;tvenih znanosti Ivo Pilar\" \/>\n<meta property=\"article:published_time\" content=\"2017-01-27T00:00:00+00:00\" \/>\n<meta property=\"article:modified_time\" content=\"2018-01-11T21:19:01+00:00\" \/>\n<meta name=\"author\" content=\"pilar-admin\" \/>\n<meta name=\"twitter:card\" content=\"summary_large_image\" \/>\n<meta name=\"twitter:label1\" content=\"Napisao\/la\" \/>\n\t<meta name=\"twitter:data1\" content=\"pilar-admin\" \/>\n\t<meta name=\"twitter:label2\" content=\"Procijenjeno vrijeme \u010ditanja\" \/>\n\t<meta name=\"twitter:data2\" content=\"19 minuta\" \/>\n<script type=\"application\/ld+json\" class=\"yoast-schema-graph\">{\"@context\":\"https:\/\/schema.org\",\"@graph\":[{\"@type\":\"WebPage\",\"@id\":\"https:\/\/www.vegaintro-projekti.com\/pilar-stari\/2017\/01\/pregled-skupovi\/\",\"url\":\"https:\/\/www.vegaintro-projekti.com\/pilar-stari\/2017\/01\/pregled-skupovi\/\",\"name\":\"Pregled: Skupovi - Institut dru&scaron;tvenih znanosti Ivo Pilar\",\"isPartOf\":{\"@id\":\"https:\/\/www.vegaintro-projekti.com\/pilar-stari\/#website\"},\"datePublished\":\"2017-01-27T00:00:00+00:00\",\"dateModified\":\"2018-01-11T21:19:01+00:00\",\"author\":{\"@id\":\"https:\/\/www.vegaintro-projekti.com\/pilar-stari\/#\/schema\/person\/c0db50ebd77c4409e19b18044bbf10c1\"},\"breadcrumb\":{\"@id\":\"https:\/\/www.vegaintro-projekti.com\/pilar-stari\/2017\/01\/pregled-skupovi\/#breadcrumb\"},\"inLanguage\":\"hr\",\"potentialAction\":[{\"@type\":\"ReadAction\",\"target\":[\"https:\/\/www.vegaintro-projekti.com\/pilar-stari\/2017\/01\/pregled-skupovi\/\"]}]},{\"@type\":\"BreadcrumbList\",\"@id\":\"https:\/\/www.vegaintro-projekti.com\/pilar-stari\/2017\/01\/pregled-skupovi\/#breadcrumb\",\"itemListElement\":[{\"@type\":\"ListItem\",\"position\":1,\"name\":\"Home\",\"item\":\"https:\/\/www.vegaintro-projekti.com\/pilar-stari\/\"},{\"@type\":\"ListItem\",\"position\":2,\"name\":\"Pregled: Skupovi\"}]},{\"@type\":\"WebSite\",\"@id\":\"https:\/\/www.vegaintro-projekti.com\/pilar-stari\/#website\",\"url\":\"https:\/\/www.vegaintro-projekti.com\/pilar-stari\/\",\"name\":\"Institut dru&scaron;tvenih znanosti Ivo Pilar\",\"description\":\"Pilar\",\"potentialAction\":[{\"@type\":\"SearchAction\",\"target\":{\"@type\":\"EntryPoint\",\"urlTemplate\":\"https:\/\/www.vegaintro-projekti.com\/pilar-stari\/?s={search_term_string}\"},\"query-input\":\"required name=search_term_string\"}],\"inLanguage\":\"hr\"},{\"@type\":\"Person\",\"@id\":\"https:\/\/www.vegaintro-projekti.com\/pilar-stari\/#\/schema\/person\/c0db50ebd77c4409e19b18044bbf10c1\",\"name\":\"pilar-admin\",\"image\":{\"@type\":\"ImageObject\",\"inLanguage\":\"hr\",\"@id\":\"https:\/\/www.vegaintro-projekti.com\/pilar-stari\/#\/schema\/person\/image\/\",\"url\":\"https:\/\/secure.gravatar.com\/avatar\/fac9e03c4db0011b9c1ad8b5e9c74b8c?s=96&d=mm&r=g\",\"contentUrl\":\"https:\/\/secure.gravatar.com\/avatar\/fac9e03c4db0011b9c1ad8b5e9c74b8c?s=96&d=mm&r=g\",\"caption\":\"pilar-admin\"},\"url\":\"https:\/\/www.vegaintro-projekti.com\/pilar-stari\/author\/pilar-admin\/\"}]}<\/script>\n<!-- \/ Yoast SEO plugin. -->","yoast_head_json":{"title":"Pregled: Skupovi - Institut dru&scaron;tvenih znanosti Ivo Pilar","robots":{"index":"noindex","follow":"follow","max-snippet":"max-snippet:-1","max-image-preview":"max-image-preview:large","max-video-preview":"max-video-preview:-1"},"og_locale":"hr_HR","og_type":"article","og_title":"Pregled: Skupovi - Institut dru&scaron;tvenih znanosti Ivo Pilar","og_description":"&#8211;&nbsp;Znanstveni skup: KAMO IDE ISTO\u010cNA HRVATSKA? &#8211; \u0110akovo, 1. 12. 2017. &#8211;&nbsp;Tribina: DIGITALNA TEHNOLOGIJA U OBITELJI \u2013 PRIJATELJ ILI NEPRIJATELJ?, 20. 11. 2017. &#8211;&nbsp;13. Novinarsko-knji\u017eevni\u010dki susret GRAD &#8211; TO STE VI, 20. 11. 2017. &#8211;&nbsp;Konferencija: POLITIKE I PRAKSE PROSTITUCIJE \u2013 ISKUSTVA OSOBA U PROSTITUCIJI, 17. 11. 2017. &#8211;&nbsp;Prof. dr. sc. Renata Franc i projekt DARE&hellip; Pro\u010ditaj vi\u0161e o Pregled: Skupovi","og_url":"https:\/\/www.vegaintro-projekti.com\/pilar-stari\/2017\/01\/pregled-skupovi\/","og_site_name":"Institut dru&scaron;tvenih znanosti Ivo Pilar","article_published_time":"2017-01-27T00:00:00+00:00","article_modified_time":"2018-01-11T21:19:01+00:00","author":"pilar-admin","twitter_card":"summary_large_image","twitter_misc":{"Napisao\/la":"pilar-admin","Procijenjeno vrijeme \u010ditanja":"19 minuta"},"schema":{"@context":"https:\/\/schema.org","@graph":[{"@type":"WebPage","@id":"https:\/\/www.vegaintro-projekti.com\/pilar-stari\/2017\/01\/pregled-skupovi\/","url":"https:\/\/www.vegaintro-projekti.com\/pilar-stari\/2017\/01\/pregled-skupovi\/","name":"Pregled: Skupovi - Institut dru&scaron;tvenih znanosti Ivo Pilar","isPartOf":{"@id":"https:\/\/www.vegaintro-projekti.com\/pilar-stari\/#website"},"datePublished":"2017-01-27T00:00:00+00:00","dateModified":"2018-01-11T21:19:01+00:00","author":{"@id":"https:\/\/www.vegaintro-projekti.com\/pilar-stari\/#\/schema\/person\/c0db50ebd77c4409e19b18044bbf10c1"},"breadcrumb":{"@id":"https:\/\/www.vegaintro-projekti.com\/pilar-stari\/2017\/01\/pregled-skupovi\/#breadcrumb"},"inLanguage":"hr","potentialAction":[{"@type":"ReadAction","target":["https:\/\/www.vegaintro-projekti.com\/pilar-stari\/2017\/01\/pregled-skupovi\/"]}]},{"@type":"BreadcrumbList","@id":"https:\/\/www.vegaintro-projekti.com\/pilar-stari\/2017\/01\/pregled-skupovi\/#breadcrumb","itemListElement":[{"@type":"ListItem","position":1,"name":"Home","item":"https:\/\/www.vegaintro-projekti.com\/pilar-stari\/"},{"@type":"ListItem","position":2,"name":"Pregled: Skupovi"}]},{"@type":"WebSite","@id":"https:\/\/www.vegaintro-projekti.com\/pilar-stari\/#website","url":"https:\/\/www.vegaintro-projekti.com\/pilar-stari\/","name":"Institut dru&scaron;tvenih znanosti Ivo Pilar","description":"Pilar","potentialAction":[{"@type":"SearchAction","target":{"@type":"EntryPoint","urlTemplate":"https:\/\/www.vegaintro-projekti.com\/pilar-stari\/?s={search_term_string}"},"query-input":"required name=search_term_string"}],"inLanguage":"hr"},{"@type":"Person","@id":"https:\/\/www.vegaintro-projekti.com\/pilar-stari\/#\/schema\/person\/c0db50ebd77c4409e19b18044bbf10c1","name":"pilar-admin","image":{"@type":"ImageObject","inLanguage":"hr","@id":"https:\/\/www.vegaintro-projekti.com\/pilar-stari\/#\/schema\/person\/image\/","url":"https:\/\/secure.gravatar.com\/avatar\/fac9e03c4db0011b9c1ad8b5e9c74b8c?s=96&d=mm&r=g","contentUrl":"https:\/\/secure.gravatar.com\/avatar\/fac9e03c4db0011b9c1ad8b5e9c74b8c?s=96&d=mm&r=g","caption":"pilar-admin"},"url":"https:\/\/www.vegaintro-projekti.com\/pilar-stari\/author\/pilar-admin\/"}]}},"_links":{"self":[{"href":"https:\/\/www.vegaintro-projekti.com\/pilar-stari\/wp-json\/wp\/v2\/posts\/318"}],"collection":[{"href":"https:\/\/www.vegaintro-projekti.com\/pilar-stari\/wp-json\/wp\/v2\/posts"}],"about":[{"href":"https:\/\/www.vegaintro-projekti.com\/pilar-stari\/wp-json\/wp\/v2\/types\/post"}],"author":[{"embeddable":true,"href":"https:\/\/www.vegaintro-projekti.com\/pilar-stari\/wp-json\/wp\/v2\/users\/1"}],"replies":[{"embeddable":true,"href":"https:\/\/www.vegaintro-projekti.com\/pilar-stari\/wp-json\/wp\/v2\/comments?post=318"}],"version-history":[{"count":299,"href":"https:\/\/www.vegaintro-projekti.com\/pilar-stari\/wp-json\/wp\/v2\/posts\/318\/revisions"}],"predecessor-version":[{"id":8786,"href":"https:\/\/www.vegaintro-projekti.com\/pilar-stari\/wp-json\/wp\/v2\/posts\/318\/revisions\/8786"}],"wp:attachment":[{"href":"https:\/\/www.vegaintro-projekti.com\/pilar-stari\/wp-json\/wp\/v2\/media?parent=318"}],"wp:term":[{"taxonomy":"category","embeddable":true,"href":"https:\/\/www.vegaintro-projekti.com\/pilar-stari\/wp-json\/wp\/v2\/categories?post=318"},{"taxonomy":"post_tag","embeddable":true,"href":"https:\/\/www.vegaintro-projekti.com\/pilar-stari\/wp-json\/wp\/v2\/tags?post=318"}],"curies":[{"name":"wp","href":"https:\/\/api.w.org\/{rel}","templated":true}]}}