{"id":31824,"date":"2024-09-29T19:07:06","date_gmt":"2024-09-29T19:07:06","guid":{"rendered":"https:\/\/www.vegaintro-projekti.com\/pilar-stari\/?p=31824"},"modified":"2024-11-20T19:15:11","modified_gmt":"2024-11-20T19:15:11","slug":"paula-greiner-i-matija-krizmanic-na-ljetnoj-skoli-medunarodnog-drustva-za-etnologiju-i-folklor-sief-zagreb-23-27-9-2024","status":"publish","type":"post","link":"https:\/\/www.vegaintro-projekti.com\/pilar-stari\/2024\/09\/paula-greiner-i-matija-krizmanic-na-ljetnoj-skoli-medunarodnog-drustva-za-etnologiju-i-folklor-sief-zagreb-23-27-9-2024\/","title":{"rendered":"Paula Greiner i Matija Krizmani\u0107 na ljetnoj \u0161koli Me\u0111unarodnog dru\u0161tva za etnologiju i folklor (SIEF); Zagreb, 23.-27. 9. 2024."},"content":{"rendered":"<p><strong>Asistenti Paula Greiner i Matija Krizmani\u0107, suradnici na projektu \u201ePromjene rodnih odnosa u Hrvatskoj\u201c (NextGenderHR), prisustvovali su ljetnoj \u0161koli Me\u0111unarodnog dru\u0161tva za etnologiju i folklor \u201ePostscapes Matter\u201c koja se odr\u017eala u Zagrebu 23.\u201327. rujna 2024. godine. Tijekom ljetne \u0161kole odr\u017eana su brojna zanimljiva i korisna izlaganja te radionice zami\u0161ljene za usavr\u0161avanje doktoranda u podru\u010dju etnologije i kulturne antropologije<\/strong><\/p>\n<p><img decoding=\"async\" loading=\"lazy\" class=\"alignnone wp-image-31823 size-full\" src=\"https:\/\/www.vegaintro-projekti.com\/pilar-stari\/wp-content\/uploads\/2024\/11\/Zagreb.jpg\" alt=\"i1\" width=\"620\" height=\"337\" srcset=\"https:\/\/www.vegaintro-projekti.com\/pilar-stari\/wp-content\/uploads\/2024\/11\/Zagreb.jpg 620w, https:\/\/www.vegaintro-projekti.com\/pilar-stari\/wp-content\/uploads\/2024\/11\/Zagreb-300x163.jpg 300w\" sizes=\"(max-width: 620px) 100vw, 620px\" \/><\/p>\n<p><span style=\"font-size: 14pt;\">Paula Greiner and Matija Krizmani\u0107 at the international SIEF Summer School, 23\u201327 September 2024 in Zagreb<\/span><\/p>\n<p><em>Assistants, Paula Greiner and Matija Krizmani\u0107, collaborators on the project \u201cChanging Gender Relations in Croatia\u201d (NextGenderHR), attended the Summer School of the International Society for Ethnology and Folklore (SIEF) \u201cPostscapes Matter\u201d, held in Zagreb from 23-27 September 2024. The summer school featured numerous engaging and valuable lectures and workshops designed to enhance the skills of doctoral students in the fields of ethnology and cultural anthropology.<\/em><\/p>\n<blockquote><p><a href=\"https:\/\/www.vegaintro-projekti.com\/pilar-stari\/2024\/04\/projekt-nextgenderhr-promjene-rodnih-odnosa-u-hrvatskoj\/\">Projekt NextGenderHR<\/a><\/p><\/blockquote>\n","protected":false},"excerpt":{"rendered":"<p>Asistenti Paula Greiner i Matija Krizmani\u0107, suradnici na projektu \u201ePromjene rodnih odnosa u Hrvatskoj\u201c (NextGenderHR), prisustvovali su ljetnoj \u0161koli Me\u0111unarodnog dru\u0161tva za etnologiju i folklor \u201ePostscapes Matter\u201c koja se odr\u017eala u Zagrebu 23.\u201327. rujna 2024. godine. Tijekom ljetne \u0161kole odr\u017eana su brojna zanimljiva i korisna izlaganja te radionice zami\u0161ljene za usavr\u0161avanje doktoranda u podru\u010dju etnologije&hellip; <a class=\"continue\" href=\"https:\/\/www.vegaintro-projekti.com\/pilar-stari\/2024\/09\/paula-greiner-i-matija-krizmanic-na-ljetnoj-skoli-medunarodnog-drustva-za-etnologiju-i-folklor-sief-zagreb-23-27-9-2024\/\">Pro\u010ditaj vi\u0161e o<span> Paula Greiner i Matija Krizmani\u0107 na ljetnoj \u0161koli Me\u0111unarodnog dru\u0161tva za etnologiju i folklor (SIEF); Zagreb, 23.-27. 9. 2024.<\/span><\/a><\/p>\n","protected":false},"author":7,"featured_media":31823,"comment_status":"closed","ping_status":"closed","sticky":false,"template":"","format":"standard","meta":{"inline_featured_image":false,"ngg_post_thumbnail":0,"footnotes":""},"categories":[1],"tags":[],"yoast_head":"<!-- This site is optimized with the Yoast SEO plugin v21.2 - https:\/\/yoast.com\/wordpress\/plugins\/seo\/ -->\n<title>Paula Greiner i Matija Krizmani\u0107 na ljetnoj \u0161koli Me\u0111unarodnog dru\u0161tva za etnologiju i folklor (SIEF); Zagreb, 23.-27. 9. 2024. - Institut dru&scaron;tvenih znanosti Ivo Pilar<\/title>\n<meta name=\"robots\" content=\"noindex, follow, max-snippet:-1, max-image-preview:large, max-video-preview:-1\" \/>\n<meta property=\"og:locale\" content=\"hr_HR\" \/>\n<meta property=\"og:type\" content=\"article\" \/>\n<meta property=\"og:title\" content=\"Paula Greiner i Matija Krizmani\u0107 na ljetnoj \u0161koli Me\u0111unarodnog dru\u0161tva za etnologiju i folklor (SIEF); Zagreb, 23.-27. 9. 2024. - Institut dru&scaron;tvenih znanosti Ivo Pilar\" \/>\n<meta property=\"og:description\" content=\"Asistenti Paula Greiner i Matija Krizmani\u0107, suradnici na projektu \u201ePromjene rodnih odnosa u Hrvatskoj\u201c (NextGenderHR), prisustvovali su ljetnoj \u0161koli Me\u0111unarodnog dru\u0161tva za etnologiju i folklor \u201ePostscapes Matter\u201c koja se odr\u017eala u Zagrebu 23.\u201327. rujna 2024. godine. Tijekom ljetne \u0161kole odr\u017eana su brojna zanimljiva i korisna izlaganja te radionice zami\u0161ljene za usavr\u0161avanje doktoranda u podru\u010dju etnologije&hellip; Pro\u010ditaj vi\u0161e o Paula Greiner i Matija Krizmani\u0107 na ljetnoj \u0161koli Me\u0111unarodnog dru\u0161tva za etnologiju i folklor (SIEF); Zagreb, 23.-27. 9. 2024.\" \/>\n<meta property=\"og:url\" content=\"https:\/\/www.vegaintro-projekti.com\/pilar-stari\/2024\/09\/paula-greiner-i-matija-krizmanic-na-ljetnoj-skoli-medunarodnog-drustva-za-etnologiju-i-folklor-sief-zagreb-23-27-9-2024\/\" \/>\n<meta property=\"og:site_name\" content=\"Institut dru&scaron;tvenih znanosti Ivo Pilar\" \/>\n<meta property=\"article:published_time\" content=\"2024-09-29T19:07:06+00:00\" \/>\n<meta property=\"article:modified_time\" content=\"2024-11-20T19:15:11+00:00\" \/>\n<meta property=\"og:image\" content=\"https:\/\/www.vegaintro-projekti.com\/pilar-stari\/wp-content\/uploads\/2024\/11\/Zagreb.jpg\" \/>\n\t<meta property=\"og:image:width\" content=\"620\" \/>\n\t<meta property=\"og:image:height\" content=\"337\" \/>\n\t<meta property=\"og:image:type\" content=\"image\/jpeg\" \/>\n<meta name=\"author\" content=\"Boris\" \/>\n<meta name=\"twitter:card\" content=\"summary_large_image\" \/>\n<meta name=\"twitter:label1\" content=\"Napisao\/la\" \/>\n\t<meta name=\"twitter:data1\" content=\"Boris\" \/>\n\t<meta name=\"twitter:label2\" content=\"Procijenjeno vrijeme \u010ditanja\" \/>\n\t<meta name=\"twitter:data2\" content=\"1 minuta\" \/>\n<script type=\"application\/ld+json\" class=\"yoast-schema-graph\">{\"@context\":\"https:\/\/schema.org\",\"@graph\":[{\"@type\":\"WebPage\",\"@id\":\"https:\/\/www.vegaintro-projekti.com\/pilar-stari\/2024\/09\/paula-greiner-i-matija-krizmanic-na-ljetnoj-skoli-medunarodnog-drustva-za-etnologiju-i-folklor-sief-zagreb-23-27-9-2024\/\",\"url\":\"https:\/\/www.vegaintro-projekti.com\/pilar-stari\/2024\/09\/paula-greiner-i-matija-krizmanic-na-ljetnoj-skoli-medunarodnog-drustva-za-etnologiju-i-folklor-sief-zagreb-23-27-9-2024\/\",\"name\":\"Paula Greiner i Matija Krizmani\u0107 na ljetnoj \u0161koli Me\u0111unarodnog dru\u0161tva za etnologiju i folklor (SIEF); Zagreb, 23.-27. 9. 2024. - Institut dru&scaron;tvenih znanosti Ivo Pilar\",\"isPartOf\":{\"@id\":\"https:\/\/www.vegaintro-projekti.com\/pilar-stari\/#website\"},\"datePublished\":\"2024-09-29T19:07:06+00:00\",\"dateModified\":\"2024-11-20T19:15:11+00:00\",\"author\":{\"@id\":\"https:\/\/www.vegaintro-projekti.com\/pilar-stari\/#\/schema\/person\/ddd404c9f1e15e4ffef5986ac6a5d28b\"},\"breadcrumb\":{\"@id\":\"https:\/\/www.vegaintro-projekti.com\/pilar-stari\/2024\/09\/paula-greiner-i-matija-krizmanic-na-ljetnoj-skoli-medunarodnog-drustva-za-etnologiju-i-folklor-sief-zagreb-23-27-9-2024\/#breadcrumb\"},\"inLanguage\":\"hr\",\"potentialAction\":[{\"@type\":\"ReadAction\",\"target\":[\"https:\/\/www.vegaintro-projekti.com\/pilar-stari\/2024\/09\/paula-greiner-i-matija-krizmanic-na-ljetnoj-skoli-medunarodnog-drustva-za-etnologiju-i-folklor-sief-zagreb-23-27-9-2024\/\"]}]},{\"@type\":\"BreadcrumbList\",\"@id\":\"https:\/\/www.vegaintro-projekti.com\/pilar-stari\/2024\/09\/paula-greiner-i-matija-krizmanic-na-ljetnoj-skoli-medunarodnog-drustva-za-etnologiju-i-folklor-sief-zagreb-23-27-9-2024\/#breadcrumb\",\"itemListElement\":[{\"@type\":\"ListItem\",\"position\":1,\"name\":\"Home\",\"item\":\"https:\/\/www.vegaintro-projekti.com\/pilar-stari\/\"},{\"@type\":\"ListItem\",\"position\":2,\"name\":\"Paula Greiner i Matija Krizmani\u0107 na ljetnoj \u0161koli Me\u0111unarodnog dru\u0161tva za etnologiju i folklor (SIEF); Zagreb, 23.-27. 9. 2024.\"}]},{\"@type\":\"WebSite\",\"@id\":\"https:\/\/www.vegaintro-projekti.com\/pilar-stari\/#website\",\"url\":\"https:\/\/www.vegaintro-projekti.com\/pilar-stari\/\",\"name\":\"Institut dru&scaron;tvenih znanosti Ivo Pilar\",\"description\":\"Pilar\",\"potentialAction\":[{\"@type\":\"SearchAction\",\"target\":{\"@type\":\"EntryPoint\",\"urlTemplate\":\"https:\/\/www.vegaintro-projekti.com\/pilar-stari\/?s={search_term_string}\"},\"query-input\":\"required name=search_term_string\"}],\"inLanguage\":\"hr\"},{\"@type\":\"Person\",\"@id\":\"https:\/\/www.vegaintro-projekti.com\/pilar-stari\/#\/schema\/person\/ddd404c9f1e15e4ffef5986ac6a5d28b\",\"name\":\"Boris\",\"image\":{\"@type\":\"ImageObject\",\"inLanguage\":\"hr\",\"@id\":\"https:\/\/www.vegaintro-projekti.com\/pilar-stari\/#\/schema\/person\/image\/\",\"url\":\"https:\/\/secure.gravatar.com\/avatar\/29557b161a6ce6ab86ac1503164f1e90?s=96&d=mm&r=g\",\"contentUrl\":\"https:\/\/secure.gravatar.com\/avatar\/29557b161a6ce6ab86ac1503164f1e90?s=96&d=mm&r=g\",\"caption\":\"Boris\"},\"url\":\"https:\/\/www.vegaintro-projekti.com\/pilar-stari\/author\/boris\/\"}]}<\/script>\n<!-- \/ Yoast SEO plugin. -->","yoast_head_json":{"title":"Paula Greiner i Matija Krizmani\u0107 na ljetnoj \u0161koli Me\u0111unarodnog dru\u0161tva za etnologiju i folklor (SIEF); Zagreb, 23.-27. 9. 2024. - Institut dru&scaron;tvenih znanosti Ivo Pilar","robots":{"index":"noindex","follow":"follow","max-snippet":"max-snippet:-1","max-image-preview":"max-image-preview:large","max-video-preview":"max-video-preview:-1"},"og_locale":"hr_HR","og_type":"article","og_title":"Paula Greiner i Matija Krizmani\u0107 na ljetnoj \u0161koli Me\u0111unarodnog dru\u0161tva za etnologiju i folklor (SIEF); Zagreb, 23.-27. 9. 2024. - Institut dru&scaron;tvenih znanosti Ivo Pilar","og_description":"Asistenti Paula Greiner i Matija Krizmani\u0107, suradnici na projektu \u201ePromjene rodnih odnosa u Hrvatskoj\u201c (NextGenderHR), prisustvovali su ljetnoj \u0161koli Me\u0111unarodnog dru\u0161tva za etnologiju i folklor \u201ePostscapes Matter\u201c koja se odr\u017eala u Zagrebu 23.\u201327. rujna 2024. godine. Tijekom ljetne \u0161kole odr\u017eana su brojna zanimljiva i korisna izlaganja te radionice zami\u0161ljene za usavr\u0161avanje doktoranda u podru\u010dju etnologije&hellip; Pro\u010ditaj vi\u0161e o Paula Greiner i Matija Krizmani\u0107 na ljetnoj \u0161koli Me\u0111unarodnog dru\u0161tva za etnologiju i folklor (SIEF); Zagreb, 23.-27. 9. 2024.","og_url":"https:\/\/www.vegaintro-projekti.com\/pilar-stari\/2024\/09\/paula-greiner-i-matija-krizmanic-na-ljetnoj-skoli-medunarodnog-drustva-za-etnologiju-i-folklor-sief-zagreb-23-27-9-2024\/","og_site_name":"Institut dru&scaron;tvenih znanosti Ivo Pilar","article_published_time":"2024-09-29T19:07:06+00:00","article_modified_time":"2024-11-20T19:15:11+00:00","og_image":[{"width":620,"height":337,"url":"https:\/\/www.vegaintro-projekti.com\/pilar-stari\/wp-content\/uploads\/2024\/11\/Zagreb.jpg","type":"image\/jpeg"}],"author":"Boris","twitter_card":"summary_large_image","twitter_misc":{"Napisao\/la":"Boris","Procijenjeno vrijeme \u010ditanja":"1 minuta"},"schema":{"@context":"https:\/\/schema.org","@graph":[{"@type":"WebPage","@id":"https:\/\/www.vegaintro-projekti.com\/pilar-stari\/2024\/09\/paula-greiner-i-matija-krizmanic-na-ljetnoj-skoli-medunarodnog-drustva-za-etnologiju-i-folklor-sief-zagreb-23-27-9-2024\/","url":"https:\/\/www.vegaintro-projekti.com\/pilar-stari\/2024\/09\/paula-greiner-i-matija-krizmanic-na-ljetnoj-skoli-medunarodnog-drustva-za-etnologiju-i-folklor-sief-zagreb-23-27-9-2024\/","name":"Paula Greiner i Matija Krizmani\u0107 na ljetnoj \u0161koli Me\u0111unarodnog dru\u0161tva za etnologiju i folklor (SIEF); Zagreb, 23.-27. 9. 2024. - Institut dru&scaron;tvenih znanosti Ivo Pilar","isPartOf":{"@id":"https:\/\/www.vegaintro-projekti.com\/pilar-stari\/#website"},"datePublished":"2024-09-29T19:07:06+00:00","dateModified":"2024-11-20T19:15:11+00:00","author":{"@id":"https:\/\/www.vegaintro-projekti.com\/pilar-stari\/#\/schema\/person\/ddd404c9f1e15e4ffef5986ac6a5d28b"},"breadcrumb":{"@id":"https:\/\/www.vegaintro-projekti.com\/pilar-stari\/2024\/09\/paula-greiner-i-matija-krizmanic-na-ljetnoj-skoli-medunarodnog-drustva-za-etnologiju-i-folklor-sief-zagreb-23-27-9-2024\/#breadcrumb"},"inLanguage":"hr","potentialAction":[{"@type":"ReadAction","target":["https:\/\/www.vegaintro-projekti.com\/pilar-stari\/2024\/09\/paula-greiner-i-matija-krizmanic-na-ljetnoj-skoli-medunarodnog-drustva-za-etnologiju-i-folklor-sief-zagreb-23-27-9-2024\/"]}]},{"@type":"BreadcrumbList","@id":"https:\/\/www.vegaintro-projekti.com\/pilar-stari\/2024\/09\/paula-greiner-i-matija-krizmanic-na-ljetnoj-skoli-medunarodnog-drustva-za-etnologiju-i-folklor-sief-zagreb-23-27-9-2024\/#breadcrumb","itemListElement":[{"@type":"ListItem","position":1,"name":"Home","item":"https:\/\/www.vegaintro-projekti.com\/pilar-stari\/"},{"@type":"ListItem","position":2,"name":"Paula Greiner i Matija Krizmani\u0107 na ljetnoj \u0161koli Me\u0111unarodnog dru\u0161tva za etnologiju i folklor (SIEF); Zagreb, 23.-27. 9. 2024."}]},{"@type":"WebSite","@id":"https:\/\/www.vegaintro-projekti.com\/pilar-stari\/#website","url":"https:\/\/www.vegaintro-projekti.com\/pilar-stari\/","name":"Institut dru&scaron;tvenih znanosti Ivo Pilar","description":"Pilar","potentialAction":[{"@type":"SearchAction","target":{"@type":"EntryPoint","urlTemplate":"https:\/\/www.vegaintro-projekti.com\/pilar-stari\/?s={search_term_string}"},"query-input":"required name=search_term_string"}],"inLanguage":"hr"},{"@type":"Person","@id":"https:\/\/www.vegaintro-projekti.com\/pilar-stari\/#\/schema\/person\/ddd404c9f1e15e4ffef5986ac6a5d28b","name":"Boris","image":{"@type":"ImageObject","inLanguage":"hr","@id":"https:\/\/www.vegaintro-projekti.com\/pilar-stari\/#\/schema\/person\/image\/","url":"https:\/\/secure.gravatar.com\/avatar\/29557b161a6ce6ab86ac1503164f1e90?s=96&d=mm&r=g","contentUrl":"https:\/\/secure.gravatar.com\/avatar\/29557b161a6ce6ab86ac1503164f1e90?s=96&d=mm&r=g","caption":"Boris"},"url":"https:\/\/www.vegaintro-projekti.com\/pilar-stari\/author\/boris\/"}]}},"_links":{"self":[{"href":"https:\/\/www.vegaintro-projekti.com\/pilar-stari\/wp-json\/wp\/v2\/posts\/31824"}],"collection":[{"href":"https:\/\/www.vegaintro-projekti.com\/pilar-stari\/wp-json\/wp\/v2\/posts"}],"about":[{"href":"https:\/\/www.vegaintro-projekti.com\/pilar-stari\/wp-json\/wp\/v2\/types\/post"}],"author":[{"embeddable":true,"href":"https:\/\/www.vegaintro-projekti.com\/pilar-stari\/wp-json\/wp\/v2\/users\/7"}],"replies":[{"embeddable":true,"href":"https:\/\/www.vegaintro-projekti.com\/pilar-stari\/wp-json\/wp\/v2\/comments?post=31824"}],"version-history":[{"count":1,"href":"https:\/\/www.vegaintro-projekti.com\/pilar-stari\/wp-json\/wp\/v2\/posts\/31824\/revisions"}],"predecessor-version":[{"id":31825,"href":"https:\/\/www.vegaintro-projekti.com\/pilar-stari\/wp-json\/wp\/v2\/posts\/31824\/revisions\/31825"}],"wp:featuredmedia":[{"embeddable":true,"href":"https:\/\/www.vegaintro-projekti.com\/pilar-stari\/wp-json\/wp\/v2\/media\/31823"}],"wp:attachment":[{"href":"https:\/\/www.vegaintro-projekti.com\/pilar-stari\/wp-json\/wp\/v2\/media?parent=31824"}],"wp:term":[{"taxonomy":"category","embeddable":true,"href":"https:\/\/www.vegaintro-projekti.com\/pilar-stari\/wp-json\/wp\/v2\/categories?post=31824"},{"taxonomy":"post_tag","embeddable":true,"href":"https:\/\/www.vegaintro-projekti.com\/pilar-stari\/wp-json\/wp\/v2\/tags?post=31824"}],"curies":[{"name":"wp","href":"https:\/\/api.w.org\/{rel}","templated":true}]}}