{"id":32056,"date":"2024-12-03T18:50:32","date_gmt":"2024-12-03T18:50:32","guid":{"rendered":"https:\/\/www.vegaintro-projekti.com\/pilar-stari\/?p=32056"},"modified":"2024-12-03T19:06:31","modified_gmt":"2024-12-03T19:06:31","slug":"dr-sc-andreja-brajsa-zganec-na-panel-raspravi-moze-li-se-biti-supertata-i-uspjesan-profesionalac-zagreb-23-11-2024","status":"publish","type":"post","link":"https:\/\/www.vegaintro-projekti.com\/pilar-stari\/2024\/12\/dr-sc-andreja-brajsa-zganec-na-panel-raspravi-moze-li-se-biti-supertata-i-uspjesan-profesionalac-zagreb-23-11-2024\/","title":{"rendered":"Dr. sc. Andreja Braj\u0161a-\u017dganec na panel-raspravi &#8220;Mo\u017ee li se biti &#8216;supertata&#8217; i uspje\u0161an profesionalac?&#8221;; Zagreb, 23. 11. 2024."},"content":{"rendered":"<p><strong>U Knji\u017enici i \u010ditaonici Bogdana Ogrizovi\u0107a u Zagrebu 23. studenog 2024. odr\u017eana je panel-rasprava na temu &#8220;Mo\u017ee li se biti &#8216;supertata&#8217; i uspje\u0161an profesionalac?&#8221;. Panel je okupio stru\u010dnjake iz podru\u010dja ljudskih resursa, dru\u0161tvenih znanosti i civilnog dru\u0161tva, a moderirala ga je mr. sc. Diana Kobas De\u0161kovi\u0107. Sudionice diskusije bile su dr. sc. Andreja Braj\u0161a-\u017dganec (Institut Pilar), Ana Zrinski Smoljo (GRAWE Hrvatska) i Vedra Regul Erent Ondru\u0161ek (Procter &amp; Gamble)<\/strong><\/p>\n<p><a href=\"https:\/\/www.vegaintro-projekti.com\/pilar-stari\/wp-content\/uploads\/2024\/12\/IMG.jpg\"><img decoding=\"async\" loading=\"lazy\" class=\"alignnone wp-image-32055 size-full\" src=\"https:\/\/www.vegaintro-projekti.com\/pilar-stari\/wp-content\/uploads\/2024\/12\/IMGs.jpg\" alt=\"i1\" width=\"620\" height=\"349\" srcset=\"https:\/\/www.vegaintro-projekti.com\/pilar-stari\/wp-content\/uploads\/2024\/12\/IMGs.jpg 620w, https:\/\/www.vegaintro-projekti.com\/pilar-stari\/wp-content\/uploads\/2024\/12\/IMGs-300x169.jpg 300w\" sizes=\"(max-width: 620px) 100vw, 620px\" \/><\/a><\/p>\n<p><strong>Dr. sc. Braj\u0161a-\u017dganec<\/strong>, voditeljica istra\u017eiva\u010dkog projekta &#8220;Dobrobit djeteta u kontekstu obitelji CHILD-WELL (HRZZ)&#8221;, govorila je o svojim istra\u017eivanjima o ulozi o\u010deva u obiteljskom \u017eivotu i va\u017enosti njihove aktivne uklju\u010denosti u brigu o djeci.<\/p>\n<blockquote><p><a href=\"https:\/\/www.vegaintro-projekti.com\/pilar-stari\/2020\/02\/child-well-dobrobit-djeteta-u-kontekstu-obitelji\/\">Projekt CHILD-WELL<\/a><\/p><\/blockquote>\n","protected":false},"excerpt":{"rendered":"<p>U Knji\u017enici i \u010ditaonici Bogdana Ogrizovi\u0107a u Zagrebu 23. studenog 2024. odr\u017eana je panel-rasprava na temu &#8220;Mo\u017ee li se biti &#8216;supertata&#8217; i uspje\u0161an profesionalac?&#8221;. Panel je okupio stru\u010dnjake iz podru\u010dja ljudskih resursa, dru\u0161tvenih znanosti i civilnog dru\u0161tva, a moderirala ga je mr. sc. Diana Kobas De\u0161kovi\u0107. Sudionice diskusije bile su dr. sc. Andreja Braj\u0161a-\u017dganec (Institut&hellip; <a class=\"continue\" href=\"https:\/\/www.vegaintro-projekti.com\/pilar-stari\/2024\/12\/dr-sc-andreja-brajsa-zganec-na-panel-raspravi-moze-li-se-biti-supertata-i-uspjesan-profesionalac-zagreb-23-11-2024\/\">Pro\u010ditaj vi\u0161e o<span> Dr. sc. Andreja Braj\u0161a-\u017dganec na panel-raspravi &#8220;Mo\u017ee li se biti &#8216;supertata&#8217; i uspje\u0161an profesionalac?&#8221;; Zagreb, 23. 11. 2024.<\/span><\/a><\/p>\n","protected":false},"author":7,"featured_media":32054,"comment_status":"closed","ping_status":"closed","sticky":false,"template":"","format":"standard","meta":{"inline_featured_image":false,"ngg_post_thumbnail":0,"footnotes":""},"categories":[48,11],"tags":[],"yoast_head":"<!-- This site is optimized with the Yoast SEO plugin v21.2 - https:\/\/yoast.com\/wordpress\/plugins\/seo\/ -->\n<title>Dr. sc. Andreja Braj\u0161a-\u017dganec na panel-raspravi &quot;Mo\u017ee li se biti &#039;supertata&#039; i uspje\u0161an profesionalac?&quot;; Zagreb, 23. 11. 2024. - Institut dru&scaron;tvenih znanosti Ivo Pilar<\/title>\n<meta name=\"robots\" content=\"noindex, follow, max-snippet:-1, max-image-preview:large, max-video-preview:-1\" \/>\n<meta property=\"og:locale\" content=\"hr_HR\" \/>\n<meta property=\"og:type\" content=\"article\" \/>\n<meta property=\"og:title\" content=\"Dr. sc. Andreja Braj\u0161a-\u017dganec na panel-raspravi &quot;Mo\u017ee li se biti &#039;supertata&#039; i uspje\u0161an profesionalac?&quot;; Zagreb, 23. 11. 2024. - Institut dru&scaron;tvenih znanosti Ivo Pilar\" \/>\n<meta property=\"og:description\" content=\"U Knji\u017enici i \u010ditaonici Bogdana Ogrizovi\u0107a u Zagrebu 23. studenog 2024. odr\u017eana je panel-rasprava na temu &#8220;Mo\u017ee li se biti &#8216;supertata&#8217; i uspje\u0161an profesionalac?&#8221;. Panel je okupio stru\u010dnjake iz podru\u010dja ljudskih resursa, dru\u0161tvenih znanosti i civilnog dru\u0161tva, a moderirala ga je mr. sc. Diana Kobas De\u0161kovi\u0107. Sudionice diskusije bile su dr. sc. Andreja Braj\u0161a-\u017dganec (Institut&hellip; Pro\u010ditaj vi\u0161e o Dr. sc. Andreja Braj\u0161a-\u017dganec na panel-raspravi &#8220;Mo\u017ee li se biti &#8216;supertata&#8217; i uspje\u0161an profesionalac?&#8221;; Zagreb, 23. 11. 2024.\" \/>\n<meta property=\"og:url\" content=\"https:\/\/www.vegaintro-projekti.com\/pilar-stari\/2024\/12\/dr-sc-andreja-brajsa-zganec-na-panel-raspravi-moze-li-se-biti-supertata-i-uspjesan-profesionalac-zagreb-23-11-2024\/\" \/>\n<meta property=\"og:site_name\" content=\"Institut dru&scaron;tvenih znanosti Ivo Pilar\" \/>\n<meta property=\"article:published_time\" content=\"2024-12-03T18:50:32+00:00\" \/>\n<meta property=\"article:modified_time\" content=\"2024-12-03T19:06:31+00:00\" \/>\n<meta property=\"og:image\" content=\"https:\/\/www.vegaintro-projekti.com\/pilar-stari\/wp-content\/uploads\/2024\/12\/IMGfi.jpg\" \/>\n\t<meta property=\"og:image:width\" content=\"500\" \/>\n\t<meta property=\"og:image:height\" content=\"221\" \/>\n\t<meta property=\"og:image:type\" content=\"image\/jpeg\" \/>\n<meta name=\"author\" content=\"Boris\" \/>\n<meta name=\"twitter:card\" content=\"summary_large_image\" \/>\n<meta name=\"twitter:label1\" content=\"Napisao\/la\" \/>\n\t<meta name=\"twitter:data1\" content=\"Boris\" \/>\n\t<meta name=\"twitter:label2\" content=\"Procijenjeno vrijeme \u010ditanja\" \/>\n\t<meta name=\"twitter:data2\" content=\"1 minuta\" \/>\n<script type=\"application\/ld+json\" class=\"yoast-schema-graph\">{\"@context\":\"https:\/\/schema.org\",\"@graph\":[{\"@type\":\"WebPage\",\"@id\":\"https:\/\/www.vegaintro-projekti.com\/pilar-stari\/2024\/12\/dr-sc-andreja-brajsa-zganec-na-panel-raspravi-moze-li-se-biti-supertata-i-uspjesan-profesionalac-zagreb-23-11-2024\/\",\"url\":\"https:\/\/www.vegaintro-projekti.com\/pilar-stari\/2024\/12\/dr-sc-andreja-brajsa-zganec-na-panel-raspravi-moze-li-se-biti-supertata-i-uspjesan-profesionalac-zagreb-23-11-2024\/\",\"name\":\"Dr. sc. Andreja Braj\u0161a-\u017dganec na panel-raspravi \\\"Mo\u017ee li se biti 'supertata' i uspje\u0161an profesionalac?\\\"; Zagreb, 23. 11. 2024. - Institut dru&scaron;tvenih znanosti Ivo Pilar\",\"isPartOf\":{\"@id\":\"https:\/\/www.vegaintro-projekti.com\/pilar-stari\/#website\"},\"datePublished\":\"2024-12-03T18:50:32+00:00\",\"dateModified\":\"2024-12-03T19:06:31+00:00\",\"author\":{\"@id\":\"https:\/\/www.vegaintro-projekti.com\/pilar-stari\/#\/schema\/person\/ddd404c9f1e15e4ffef5986ac6a5d28b\"},\"breadcrumb\":{\"@id\":\"https:\/\/www.vegaintro-projekti.com\/pilar-stari\/2024\/12\/dr-sc-andreja-brajsa-zganec-na-panel-raspravi-moze-li-se-biti-supertata-i-uspjesan-profesionalac-zagreb-23-11-2024\/#breadcrumb\"},\"inLanguage\":\"hr\",\"potentialAction\":[{\"@type\":\"ReadAction\",\"target\":[\"https:\/\/www.vegaintro-projekti.com\/pilar-stari\/2024\/12\/dr-sc-andreja-brajsa-zganec-na-panel-raspravi-moze-li-se-biti-supertata-i-uspjesan-profesionalac-zagreb-23-11-2024\/\"]}]},{\"@type\":\"BreadcrumbList\",\"@id\":\"https:\/\/www.vegaintro-projekti.com\/pilar-stari\/2024\/12\/dr-sc-andreja-brajsa-zganec-na-panel-raspravi-moze-li-se-biti-supertata-i-uspjesan-profesionalac-zagreb-23-11-2024\/#breadcrumb\",\"itemListElement\":[{\"@type\":\"ListItem\",\"position\":1,\"name\":\"Home\",\"item\":\"https:\/\/www.vegaintro-projekti.com\/pilar-stari\/\"},{\"@type\":\"ListItem\",\"position\":2,\"name\":\"Dr. sc. Andreja Braj\u0161a-\u017dganec na panel-raspravi &#8220;Mo\u017ee li se biti &#8216;supertata&#8217; i uspje\u0161an profesionalac?&#8221;; Zagreb, 23. 11. 2024.\"}]},{\"@type\":\"WebSite\",\"@id\":\"https:\/\/www.vegaintro-projekti.com\/pilar-stari\/#website\",\"url\":\"https:\/\/www.vegaintro-projekti.com\/pilar-stari\/\",\"name\":\"Institut dru&scaron;tvenih znanosti Ivo Pilar\",\"description\":\"Pilar\",\"potentialAction\":[{\"@type\":\"SearchAction\",\"target\":{\"@type\":\"EntryPoint\",\"urlTemplate\":\"https:\/\/www.vegaintro-projekti.com\/pilar-stari\/?s={search_term_string}\"},\"query-input\":\"required name=search_term_string\"}],\"inLanguage\":\"hr\"},{\"@type\":\"Person\",\"@id\":\"https:\/\/www.vegaintro-projekti.com\/pilar-stari\/#\/schema\/person\/ddd404c9f1e15e4ffef5986ac6a5d28b\",\"name\":\"Boris\",\"image\":{\"@type\":\"ImageObject\",\"inLanguage\":\"hr\",\"@id\":\"https:\/\/www.vegaintro-projekti.com\/pilar-stari\/#\/schema\/person\/image\/\",\"url\":\"https:\/\/secure.gravatar.com\/avatar\/29557b161a6ce6ab86ac1503164f1e90?s=96&d=mm&r=g\",\"contentUrl\":\"https:\/\/secure.gravatar.com\/avatar\/29557b161a6ce6ab86ac1503164f1e90?s=96&d=mm&r=g\",\"caption\":\"Boris\"},\"url\":\"https:\/\/www.vegaintro-projekti.com\/pilar-stari\/author\/boris\/\"}]}<\/script>\n<!-- \/ Yoast SEO plugin. -->","yoast_head_json":{"title":"Dr. sc. Andreja Braj\u0161a-\u017dganec na panel-raspravi \"Mo\u017ee li se biti 'supertata' i uspje\u0161an profesionalac?\"; Zagreb, 23. 11. 2024. - Institut dru&scaron;tvenih znanosti Ivo Pilar","robots":{"index":"noindex","follow":"follow","max-snippet":"max-snippet:-1","max-image-preview":"max-image-preview:large","max-video-preview":"max-video-preview:-1"},"og_locale":"hr_HR","og_type":"article","og_title":"Dr. sc. Andreja Braj\u0161a-\u017dganec na panel-raspravi \"Mo\u017ee li se biti 'supertata' i uspje\u0161an profesionalac?\"; Zagreb, 23. 11. 2024. - Institut dru&scaron;tvenih znanosti Ivo Pilar","og_description":"U Knji\u017enici i \u010ditaonici Bogdana Ogrizovi\u0107a u Zagrebu 23. studenog 2024. odr\u017eana je panel-rasprava na temu &#8220;Mo\u017ee li se biti &#8216;supertata&#8217; i uspje\u0161an profesionalac?&#8221;. Panel je okupio stru\u010dnjake iz podru\u010dja ljudskih resursa, dru\u0161tvenih znanosti i civilnog dru\u0161tva, a moderirala ga je mr. sc. Diana Kobas De\u0161kovi\u0107. Sudionice diskusije bile su dr. sc. Andreja Braj\u0161a-\u017dganec (Institut&hellip; Pro\u010ditaj vi\u0161e o Dr. sc. Andreja Braj\u0161a-\u017dganec na panel-raspravi &#8220;Mo\u017ee li se biti &#8216;supertata&#8217; i uspje\u0161an profesionalac?&#8221;; Zagreb, 23. 11. 2024.","og_url":"https:\/\/www.vegaintro-projekti.com\/pilar-stari\/2024\/12\/dr-sc-andreja-brajsa-zganec-na-panel-raspravi-moze-li-se-biti-supertata-i-uspjesan-profesionalac-zagreb-23-11-2024\/","og_site_name":"Institut dru&scaron;tvenih znanosti Ivo Pilar","article_published_time":"2024-12-03T18:50:32+00:00","article_modified_time":"2024-12-03T19:06:31+00:00","og_image":[{"width":500,"height":221,"url":"https:\/\/www.vegaintro-projekti.com\/pilar-stari\/wp-content\/uploads\/2024\/12\/IMGfi.jpg","type":"image\/jpeg"}],"author":"Boris","twitter_card":"summary_large_image","twitter_misc":{"Napisao\/la":"Boris","Procijenjeno vrijeme \u010ditanja":"1 minuta"},"schema":{"@context":"https:\/\/schema.org","@graph":[{"@type":"WebPage","@id":"https:\/\/www.vegaintro-projekti.com\/pilar-stari\/2024\/12\/dr-sc-andreja-brajsa-zganec-na-panel-raspravi-moze-li-se-biti-supertata-i-uspjesan-profesionalac-zagreb-23-11-2024\/","url":"https:\/\/www.vegaintro-projekti.com\/pilar-stari\/2024\/12\/dr-sc-andreja-brajsa-zganec-na-panel-raspravi-moze-li-se-biti-supertata-i-uspjesan-profesionalac-zagreb-23-11-2024\/","name":"Dr. sc. Andreja Braj\u0161a-\u017dganec na panel-raspravi \"Mo\u017ee li se biti 'supertata' i uspje\u0161an profesionalac?\"; Zagreb, 23. 11. 2024. - Institut dru&scaron;tvenih znanosti Ivo Pilar","isPartOf":{"@id":"https:\/\/www.vegaintro-projekti.com\/pilar-stari\/#website"},"datePublished":"2024-12-03T18:50:32+00:00","dateModified":"2024-12-03T19:06:31+00:00","author":{"@id":"https:\/\/www.vegaintro-projekti.com\/pilar-stari\/#\/schema\/person\/ddd404c9f1e15e4ffef5986ac6a5d28b"},"breadcrumb":{"@id":"https:\/\/www.vegaintro-projekti.com\/pilar-stari\/2024\/12\/dr-sc-andreja-brajsa-zganec-na-panel-raspravi-moze-li-se-biti-supertata-i-uspjesan-profesionalac-zagreb-23-11-2024\/#breadcrumb"},"inLanguage":"hr","potentialAction":[{"@type":"ReadAction","target":["https:\/\/www.vegaintro-projekti.com\/pilar-stari\/2024\/12\/dr-sc-andreja-brajsa-zganec-na-panel-raspravi-moze-li-se-biti-supertata-i-uspjesan-profesionalac-zagreb-23-11-2024\/"]}]},{"@type":"BreadcrumbList","@id":"https:\/\/www.vegaintro-projekti.com\/pilar-stari\/2024\/12\/dr-sc-andreja-brajsa-zganec-na-panel-raspravi-moze-li-se-biti-supertata-i-uspjesan-profesionalac-zagreb-23-11-2024\/#breadcrumb","itemListElement":[{"@type":"ListItem","position":1,"name":"Home","item":"https:\/\/www.vegaintro-projekti.com\/pilar-stari\/"},{"@type":"ListItem","position":2,"name":"Dr. sc. Andreja Braj\u0161a-\u017dganec na panel-raspravi &#8220;Mo\u017ee li se biti &#8216;supertata&#8217; i uspje\u0161an profesionalac?&#8221;; Zagreb, 23. 11. 2024."}]},{"@type":"WebSite","@id":"https:\/\/www.vegaintro-projekti.com\/pilar-stari\/#website","url":"https:\/\/www.vegaintro-projekti.com\/pilar-stari\/","name":"Institut dru&scaron;tvenih znanosti Ivo Pilar","description":"Pilar","potentialAction":[{"@type":"SearchAction","target":{"@type":"EntryPoint","urlTemplate":"https:\/\/www.vegaintro-projekti.com\/pilar-stari\/?s={search_term_string}"},"query-input":"required name=search_term_string"}],"inLanguage":"hr"},{"@type":"Person","@id":"https:\/\/www.vegaintro-projekti.com\/pilar-stari\/#\/schema\/person\/ddd404c9f1e15e4ffef5986ac6a5d28b","name":"Boris","image":{"@type":"ImageObject","inLanguage":"hr","@id":"https:\/\/www.vegaintro-projekti.com\/pilar-stari\/#\/schema\/person\/image\/","url":"https:\/\/secure.gravatar.com\/avatar\/29557b161a6ce6ab86ac1503164f1e90?s=96&d=mm&r=g","contentUrl":"https:\/\/secure.gravatar.com\/avatar\/29557b161a6ce6ab86ac1503164f1e90?s=96&d=mm&r=g","caption":"Boris"},"url":"https:\/\/www.vegaintro-projekti.com\/pilar-stari\/author\/boris\/"}]}},"_links":{"self":[{"href":"https:\/\/www.vegaintro-projekti.com\/pilar-stari\/wp-json\/wp\/v2\/posts\/32056"}],"collection":[{"href":"https:\/\/www.vegaintro-projekti.com\/pilar-stari\/wp-json\/wp\/v2\/posts"}],"about":[{"href":"https:\/\/www.vegaintro-projekti.com\/pilar-stari\/wp-json\/wp\/v2\/types\/post"}],"author":[{"embeddable":true,"href":"https:\/\/www.vegaintro-projekti.com\/pilar-stari\/wp-json\/wp\/v2\/users\/7"}],"replies":[{"embeddable":true,"href":"https:\/\/www.vegaintro-projekti.com\/pilar-stari\/wp-json\/wp\/v2\/comments?post=32056"}],"version-history":[{"count":3,"href":"https:\/\/www.vegaintro-projekti.com\/pilar-stari\/wp-json\/wp\/v2\/posts\/32056\/revisions"}],"predecessor-version":[{"id":32059,"href":"https:\/\/www.vegaintro-projekti.com\/pilar-stari\/wp-json\/wp\/v2\/posts\/32056\/revisions\/32059"}],"wp:featuredmedia":[{"embeddable":true,"href":"https:\/\/www.vegaintro-projekti.com\/pilar-stari\/wp-json\/wp\/v2\/media\/32054"}],"wp:attachment":[{"href":"https:\/\/www.vegaintro-projekti.com\/pilar-stari\/wp-json\/wp\/v2\/media?parent=32056"}],"wp:term":[{"taxonomy":"category","embeddable":true,"href":"https:\/\/www.vegaintro-projekti.com\/pilar-stari\/wp-json\/wp\/v2\/categories?post=32056"},{"taxonomy":"post_tag","embeddable":true,"href":"https:\/\/www.vegaintro-projekti.com\/pilar-stari\/wp-json\/wp\/v2\/tags?post=32056"}],"curies":[{"name":"wp","href":"https:\/\/api.w.org\/{rel}","templated":true}]}}