{"id":32177,"date":"2024-12-11T09:08:39","date_gmt":"2024-12-11T09:08:39","guid":{"rendered":"https:\/\/www.vegaintro-projekti.com\/pilar-stari\/?p=32177"},"modified":"2024-12-11T09:18:48","modified_gmt":"2024-12-11T09:18:48","slug":"dr-sc-ines-sucic-na-okruglom-stolu-psiholoska-pomoc-u-vojsci-policiji-i-zatvorskom-sustavu-i-probaciji-izazovi-i-perspektive-zagreb-27-11-2024","status":"publish","type":"post","link":"https:\/\/www.vegaintro-projekti.com\/pilar-stari\/2024\/12\/dr-sc-ines-sucic-na-okruglom-stolu-psiholoska-pomoc-u-vojsci-policiji-i-zatvorskom-sustavu-i-probaciji-izazovi-i-perspektive-zagreb-27-11-2024\/","title":{"rendered":"Dr. sc. Ines Su\u010di\u0107 na okruglom stolu \u201ePsiholo\u0161ka pomo\u0107 u vojsci, policiji i zatvorskom sustavu i probaciji &#8211; izazovi i perspektive\u201c; Zagreb, 27. 11. 2024."},"content":{"rendered":"<p><strong>Povodom obilje\u017eavanja \u201eDana psihi\u010dkog zdravlja u zatvorskom sustavu i probaciji\u201c u Ministarstvu pravosu\u0111a, uprave i digitalne transformacije u Zagrebu odr\u017ean je 27. studenoga 2024. okrugli stol na temu \u201ePsiholo\u0161ka pomo\u0107 u vojsci, policiji i zatvorskom sustavu i probaciji &#8211; izazovi i perspektive\u201c u organizaciji Odjela za psiholo\u0161ku potporu slu\u017ebenicima zatvorskog sustava i probacije Uprave za zatvorski sustav i probaciju<\/strong><\/p>\n<div class=\"wp-block-image\">\n<p><a href=\"https:\/\/www.vegaintro-projekti.com\/pilar-stari\/wp-content\/uploads\/2024\/12\/Slika_1-1.jpg\"><img decoding=\"async\" loading=\"lazy\" class=\"alignnone wp-image-32174 size-full\" src=\"https:\/\/www.vegaintro-projekti.com\/pilar-stari\/wp-content\/uploads\/2024\/12\/Slika_1s-2.jpg\" alt=\"i1\" width=\"620\" height=\"315\" srcset=\"https:\/\/www.vegaintro-projekti.com\/pilar-stari\/wp-content\/uploads\/2024\/12\/Slika_1s-2.jpg 620w, https:\/\/www.vegaintro-projekti.com\/pilar-stari\/wp-content\/uploads\/2024\/12\/Slika_1s-2-300x152.jpg 300w\" sizes=\"(max-width: 620px) 100vw, 620px\" \/><\/a><a href=\"https:\/\/www.vegaintro-projekti.com\/pilar-stari\/wp-content\/uploads\/2024\/12\/Slika_2-1.jpg\"><img decoding=\"async\" loading=\"lazy\" class=\"alignnone wp-image-32176 size-full\" src=\"https:\/\/www.vegaintro-projekti.com\/pilar-stari\/wp-content\/uploads\/2024\/12\/Slika_2s-2.jpg\" alt=\"i2\" width=\"620\" height=\"356\" srcset=\"https:\/\/www.vegaintro-projekti.com\/pilar-stari\/wp-content\/uploads\/2024\/12\/Slika_2s-2.jpg 620w, https:\/\/www.vegaintro-projekti.com\/pilar-stari\/wp-content\/uploads\/2024\/12\/Slika_2s-2-300x172.jpg 300w\" sizes=\"(max-width: 620px) 100vw, 620px\" \/><\/a><\/p>\n<\/div>\n<p><span style=\"font-size: 8pt;\"><strong>Foto: Ministarstvo pravosu\u0111a, uprave i digitalne transformacije RH<\/strong><\/span><\/p>\n<p><strong>Okrugli stol<\/strong> okupio je stru\u010dnjake aktivne u promicanju za\u0161tite psihi\u010dkog zdravlja vojnika, policajaca, pravosudnih policajaca i slu\u017ebenika, a moderirao ga je Zoran \u0160imi\u0107, voditelj Odjela za psiholo\u0161ku potporu slu\u017ebenicima zatvorskog sustava i probacije. Sudionicima su se obratili dr\u017eavna tajnica Vedrana \u0160imund\u017ea Nikoli\u0107 i p.o. ravnatelja Uprave za zatvorski sustav i probaciju Zvonimir Peni\u0107, a panelisti su bili dr. sc. Ines Su\u010di\u0107, znanstvena savjetnica Instituta dru\u0161tvenih znanosti Ivo Pilar, dr. sc. Boris Tot, voditelj Odjela za psihosocijalnu za\u0161titu u Ministarstvu unutarnjih poslova, bojnik, mr. sc. Ivan Vra\u010di\u0107, klini\u010dki vojni psiholog, Vojno zdravstveno sredi\u0161te, ZzP, OS RH &#8211; MORH i umirovljeni psiholog Anto Zeli\u0107.<\/p>\n<p><strong>Dr. sc. Ines Su\u010di\u0107<\/strong>, voditeljica istra\u017eiva\u010dkog projekta \u201cPRISCLIM: Psihosocijalna klima i individualne karakteristike zatvorenika i slu\u017ebenika u kaznenim tijelima Republike Hrvatske: multimetodski pristup\u201d, govorila je o aktualnim znanstvenim spoznajama vezanim uz stereotipe i predrasude prema tra\u017eenju psiholo\u0161ke pomo\u0107i kod zatvorskih slu\u017ebenika te mogu\u0107nostima promicanja pozitivnih stavova prema tra\u017eenju psiholo\u0161ke pomo\u0107i.<\/p>\n<p><strong>&#8211; Iz medija:<\/strong> <a href=\"https:\/\/mpudt.gov.hr\/vijesti\/odrzan-okrugli-stol-psiholoska-pomoc-u-vojsci-policiji-i-zatvorskom-sustavu-i-probaciji-izazovi-i-perspektive\/29617\">Odr\u017ean Okrugli stol \u201ePsiholo\u0161ka pomo\u0107 u vojsci, policiji i zatvorskom sustavu i probaciji &#8211; izazovi i perspektive\u201c, 28. 11. 2024.<\/a><\/p>\n<blockquote><p><a href=\"https:\/\/www.vegaintro-projekti.com\/pilar-stari\/2024\/05\/projekt-prisclim-psihosocijalna-klima-i-individualne-karakteristike-zatvorenika-i-sluzbenika-u-kaznenim-tijelima-republike-hrvatske-multimetodski-pristup\/\">Projekt PRISCLIM<\/a><\/p><\/blockquote>\n","protected":false},"excerpt":{"rendered":"<p>Povodom obilje\u017eavanja \u201eDana psihi\u010dkog zdravlja u zatvorskom sustavu i probaciji\u201c u Ministarstvu pravosu\u0111a, uprave i digitalne transformacije u Zagrebu odr\u017ean je 27. studenoga 2024. okrugli stol na temu \u201ePsiholo\u0161ka pomo\u0107 u vojsci, policiji i zatvorskom sustavu i probaciji &#8211; izazovi i perspektive\u201c u organizaciji Odjela za psiholo\u0161ku potporu slu\u017ebenicima zatvorskog sustava i probacije Uprave za&hellip; <a class=\"continue\" href=\"https:\/\/www.vegaintro-projekti.com\/pilar-stari\/2024\/12\/dr-sc-ines-sucic-na-okruglom-stolu-psiholoska-pomoc-u-vojsci-policiji-i-zatvorskom-sustavu-i-probaciji-izazovi-i-perspektive-zagreb-27-11-2024\/\">Pro\u010ditaj vi\u0161e o<span> Dr. sc. Ines Su\u010di\u0107 na okruglom stolu \u201ePsiholo\u0161ka pomo\u0107 u vojsci, policiji i zatvorskom sustavu i probaciji &#8211; izazovi i perspektive\u201c; Zagreb, 27. 11. 2024.<\/span><\/a><\/p>\n","protected":false},"author":7,"featured_media":32174,"comment_status":"closed","ping_status":"closed","sticky":false,"template":"","format":"standard","meta":{"inline_featured_image":false,"ngg_post_thumbnail":0,"footnotes":""},"categories":[11],"tags":[],"yoast_head":"<!-- This site is optimized with the Yoast SEO plugin v21.2 - https:\/\/yoast.com\/wordpress\/plugins\/seo\/ -->\n<title>Dr. sc. Ines Su\u010di\u0107 na okruglom stolu \u201ePsiholo\u0161ka pomo\u0107 u vojsci, policiji i zatvorskom sustavu i probaciji - izazovi i perspektive\u201c; Zagreb, 27. 11. 2024. - Institut dru&scaron;tvenih znanosti Ivo Pilar<\/title>\n<meta name=\"robots\" content=\"noindex, follow, max-snippet:-1, max-image-preview:large, max-video-preview:-1\" \/>\n<meta property=\"og:locale\" content=\"hr_HR\" \/>\n<meta property=\"og:type\" content=\"article\" \/>\n<meta property=\"og:title\" content=\"Dr. sc. Ines Su\u010di\u0107 na okruglom stolu \u201ePsiholo\u0161ka pomo\u0107 u vojsci, policiji i zatvorskom sustavu i probaciji - izazovi i perspektive\u201c; Zagreb, 27. 11. 2024. - Institut dru&scaron;tvenih znanosti Ivo Pilar\" \/>\n<meta property=\"og:description\" content=\"Povodom obilje\u017eavanja \u201eDana psihi\u010dkog zdravlja u zatvorskom sustavu i probaciji\u201c u Ministarstvu pravosu\u0111a, uprave i digitalne transformacije u Zagrebu odr\u017ean je 27. studenoga 2024. okrugli stol na temu \u201ePsiholo\u0161ka pomo\u0107 u vojsci, policiji i zatvorskom sustavu i probaciji &#8211; izazovi i perspektive\u201c u organizaciji Odjela za psiholo\u0161ku potporu slu\u017ebenicima zatvorskog sustava i probacije Uprave za&hellip; Pro\u010ditaj vi\u0161e o Dr. sc. Ines Su\u010di\u0107 na okruglom stolu \u201ePsiholo\u0161ka pomo\u0107 u vojsci, policiji i zatvorskom sustavu i probaciji &#8211; izazovi i perspektive\u201c; Zagreb, 27. 11. 2024.\" \/>\n<meta property=\"og:url\" content=\"https:\/\/www.vegaintro-projekti.com\/pilar-stari\/2024\/12\/dr-sc-ines-sucic-na-okruglom-stolu-psiholoska-pomoc-u-vojsci-policiji-i-zatvorskom-sustavu-i-probaciji-izazovi-i-perspektive-zagreb-27-11-2024\/\" \/>\n<meta property=\"og:site_name\" content=\"Institut dru&scaron;tvenih znanosti Ivo Pilar\" \/>\n<meta property=\"article:published_time\" content=\"2024-12-11T09:08:39+00:00\" \/>\n<meta property=\"article:modified_time\" content=\"2024-12-11T09:18:48+00:00\" \/>\n<meta property=\"og:image\" content=\"https:\/\/www.vegaintro-projekti.com\/pilar-stari\/wp-content\/uploads\/2024\/12\/Slika_1s-2.jpg\" \/>\n\t<meta property=\"og:image:width\" content=\"620\" \/>\n\t<meta property=\"og:image:height\" content=\"315\" \/>\n\t<meta property=\"og:image:type\" content=\"image\/jpeg\" \/>\n<meta name=\"author\" content=\"Boris\" \/>\n<meta name=\"twitter:card\" content=\"summary_large_image\" \/>\n<meta name=\"twitter:label1\" content=\"Napisao\/la\" \/>\n\t<meta name=\"twitter:data1\" content=\"Boris\" \/>\n\t<meta name=\"twitter:label2\" content=\"Procijenjeno vrijeme \u010ditanja\" \/>\n\t<meta name=\"twitter:data2\" content=\"2 minute\" \/>\n<script type=\"application\/ld+json\" class=\"yoast-schema-graph\">{\"@context\":\"https:\/\/schema.org\",\"@graph\":[{\"@type\":\"WebPage\",\"@id\":\"https:\/\/www.vegaintro-projekti.com\/pilar-stari\/2024\/12\/dr-sc-ines-sucic-na-okruglom-stolu-psiholoska-pomoc-u-vojsci-policiji-i-zatvorskom-sustavu-i-probaciji-izazovi-i-perspektive-zagreb-27-11-2024\/\",\"url\":\"https:\/\/www.vegaintro-projekti.com\/pilar-stari\/2024\/12\/dr-sc-ines-sucic-na-okruglom-stolu-psiholoska-pomoc-u-vojsci-policiji-i-zatvorskom-sustavu-i-probaciji-izazovi-i-perspektive-zagreb-27-11-2024\/\",\"name\":\"Dr. sc. Ines Su\u010di\u0107 na okruglom stolu \u201ePsiholo\u0161ka pomo\u0107 u vojsci, policiji i zatvorskom sustavu i probaciji - izazovi i perspektive\u201c; Zagreb, 27. 11. 2024. - Institut dru&scaron;tvenih znanosti Ivo Pilar\",\"isPartOf\":{\"@id\":\"https:\/\/www.vegaintro-projekti.com\/pilar-stari\/#website\"},\"datePublished\":\"2024-12-11T09:08:39+00:00\",\"dateModified\":\"2024-12-11T09:18:48+00:00\",\"author\":{\"@id\":\"https:\/\/www.vegaintro-projekti.com\/pilar-stari\/#\/schema\/person\/ddd404c9f1e15e4ffef5986ac6a5d28b\"},\"breadcrumb\":{\"@id\":\"https:\/\/www.vegaintro-projekti.com\/pilar-stari\/2024\/12\/dr-sc-ines-sucic-na-okruglom-stolu-psiholoska-pomoc-u-vojsci-policiji-i-zatvorskom-sustavu-i-probaciji-izazovi-i-perspektive-zagreb-27-11-2024\/#breadcrumb\"},\"inLanguage\":\"hr\",\"potentialAction\":[{\"@type\":\"ReadAction\",\"target\":[\"https:\/\/www.vegaintro-projekti.com\/pilar-stari\/2024\/12\/dr-sc-ines-sucic-na-okruglom-stolu-psiholoska-pomoc-u-vojsci-policiji-i-zatvorskom-sustavu-i-probaciji-izazovi-i-perspektive-zagreb-27-11-2024\/\"]}]},{\"@type\":\"BreadcrumbList\",\"@id\":\"https:\/\/www.vegaintro-projekti.com\/pilar-stari\/2024\/12\/dr-sc-ines-sucic-na-okruglom-stolu-psiholoska-pomoc-u-vojsci-policiji-i-zatvorskom-sustavu-i-probaciji-izazovi-i-perspektive-zagreb-27-11-2024\/#breadcrumb\",\"itemListElement\":[{\"@type\":\"ListItem\",\"position\":1,\"name\":\"Home\",\"item\":\"https:\/\/www.vegaintro-projekti.com\/pilar-stari\/\"},{\"@type\":\"ListItem\",\"position\":2,\"name\":\"Dr. sc. Ines Su\u010di\u0107 na okruglom stolu \u201ePsiholo\u0161ka pomo\u0107 u vojsci, policiji i zatvorskom sustavu i probaciji &#8211; izazovi i perspektive\u201c; Zagreb, 27. 11. 2024.\"}]},{\"@type\":\"WebSite\",\"@id\":\"https:\/\/www.vegaintro-projekti.com\/pilar-stari\/#website\",\"url\":\"https:\/\/www.vegaintro-projekti.com\/pilar-stari\/\",\"name\":\"Institut dru&scaron;tvenih znanosti Ivo Pilar\",\"description\":\"Pilar\",\"potentialAction\":[{\"@type\":\"SearchAction\",\"target\":{\"@type\":\"EntryPoint\",\"urlTemplate\":\"https:\/\/www.vegaintro-projekti.com\/pilar-stari\/?s={search_term_string}\"},\"query-input\":\"required name=search_term_string\"}],\"inLanguage\":\"hr\"},{\"@type\":\"Person\",\"@id\":\"https:\/\/www.vegaintro-projekti.com\/pilar-stari\/#\/schema\/person\/ddd404c9f1e15e4ffef5986ac6a5d28b\",\"name\":\"Boris\",\"image\":{\"@type\":\"ImageObject\",\"inLanguage\":\"hr\",\"@id\":\"https:\/\/www.vegaintro-projekti.com\/pilar-stari\/#\/schema\/person\/image\/\",\"url\":\"https:\/\/secure.gravatar.com\/avatar\/29557b161a6ce6ab86ac1503164f1e90?s=96&d=mm&r=g\",\"contentUrl\":\"https:\/\/secure.gravatar.com\/avatar\/29557b161a6ce6ab86ac1503164f1e90?s=96&d=mm&r=g\",\"caption\":\"Boris\"},\"url\":\"https:\/\/www.vegaintro-projekti.com\/pilar-stari\/author\/boris\/\"}]}<\/script>\n<!-- \/ Yoast SEO plugin. -->","yoast_head_json":{"title":"Dr. sc. Ines Su\u010di\u0107 na okruglom stolu \u201ePsiholo\u0161ka pomo\u0107 u vojsci, policiji i zatvorskom sustavu i probaciji - izazovi i perspektive\u201c; Zagreb, 27. 11. 2024. - Institut dru&scaron;tvenih znanosti Ivo Pilar","robots":{"index":"noindex","follow":"follow","max-snippet":"max-snippet:-1","max-image-preview":"max-image-preview:large","max-video-preview":"max-video-preview:-1"},"og_locale":"hr_HR","og_type":"article","og_title":"Dr. sc. Ines Su\u010di\u0107 na okruglom stolu \u201ePsiholo\u0161ka pomo\u0107 u vojsci, policiji i zatvorskom sustavu i probaciji - izazovi i perspektive\u201c; Zagreb, 27. 11. 2024. - Institut dru&scaron;tvenih znanosti Ivo Pilar","og_description":"Povodom obilje\u017eavanja \u201eDana psihi\u010dkog zdravlja u zatvorskom sustavu i probaciji\u201c u Ministarstvu pravosu\u0111a, uprave i digitalne transformacije u Zagrebu odr\u017ean je 27. studenoga 2024. okrugli stol na temu \u201ePsiholo\u0161ka pomo\u0107 u vojsci, policiji i zatvorskom sustavu i probaciji &#8211; izazovi i perspektive\u201c u organizaciji Odjela za psiholo\u0161ku potporu slu\u017ebenicima zatvorskog sustava i probacije Uprave za&hellip; Pro\u010ditaj vi\u0161e o Dr. sc. Ines Su\u010di\u0107 na okruglom stolu \u201ePsiholo\u0161ka pomo\u0107 u vojsci, policiji i zatvorskom sustavu i probaciji &#8211; izazovi i perspektive\u201c; Zagreb, 27. 11. 2024.","og_url":"https:\/\/www.vegaintro-projekti.com\/pilar-stari\/2024\/12\/dr-sc-ines-sucic-na-okruglom-stolu-psiholoska-pomoc-u-vojsci-policiji-i-zatvorskom-sustavu-i-probaciji-izazovi-i-perspektive-zagreb-27-11-2024\/","og_site_name":"Institut dru&scaron;tvenih znanosti Ivo Pilar","article_published_time":"2024-12-11T09:08:39+00:00","article_modified_time":"2024-12-11T09:18:48+00:00","og_image":[{"width":620,"height":315,"url":"https:\/\/www.vegaintro-projekti.com\/pilar-stari\/wp-content\/uploads\/2024\/12\/Slika_1s-2.jpg","type":"image\/jpeg"}],"author":"Boris","twitter_card":"summary_large_image","twitter_misc":{"Napisao\/la":"Boris","Procijenjeno vrijeme \u010ditanja":"2 minute"},"schema":{"@context":"https:\/\/schema.org","@graph":[{"@type":"WebPage","@id":"https:\/\/www.vegaintro-projekti.com\/pilar-stari\/2024\/12\/dr-sc-ines-sucic-na-okruglom-stolu-psiholoska-pomoc-u-vojsci-policiji-i-zatvorskom-sustavu-i-probaciji-izazovi-i-perspektive-zagreb-27-11-2024\/","url":"https:\/\/www.vegaintro-projekti.com\/pilar-stari\/2024\/12\/dr-sc-ines-sucic-na-okruglom-stolu-psiholoska-pomoc-u-vojsci-policiji-i-zatvorskom-sustavu-i-probaciji-izazovi-i-perspektive-zagreb-27-11-2024\/","name":"Dr. sc. Ines Su\u010di\u0107 na okruglom stolu \u201ePsiholo\u0161ka pomo\u0107 u vojsci, policiji i zatvorskom sustavu i probaciji - izazovi i perspektive\u201c; Zagreb, 27. 11. 2024. - Institut dru&scaron;tvenih znanosti Ivo Pilar","isPartOf":{"@id":"https:\/\/www.vegaintro-projekti.com\/pilar-stari\/#website"},"datePublished":"2024-12-11T09:08:39+00:00","dateModified":"2024-12-11T09:18:48+00:00","author":{"@id":"https:\/\/www.vegaintro-projekti.com\/pilar-stari\/#\/schema\/person\/ddd404c9f1e15e4ffef5986ac6a5d28b"},"breadcrumb":{"@id":"https:\/\/www.vegaintro-projekti.com\/pilar-stari\/2024\/12\/dr-sc-ines-sucic-na-okruglom-stolu-psiholoska-pomoc-u-vojsci-policiji-i-zatvorskom-sustavu-i-probaciji-izazovi-i-perspektive-zagreb-27-11-2024\/#breadcrumb"},"inLanguage":"hr","potentialAction":[{"@type":"ReadAction","target":["https:\/\/www.vegaintro-projekti.com\/pilar-stari\/2024\/12\/dr-sc-ines-sucic-na-okruglom-stolu-psiholoska-pomoc-u-vojsci-policiji-i-zatvorskom-sustavu-i-probaciji-izazovi-i-perspektive-zagreb-27-11-2024\/"]}]},{"@type":"BreadcrumbList","@id":"https:\/\/www.vegaintro-projekti.com\/pilar-stari\/2024\/12\/dr-sc-ines-sucic-na-okruglom-stolu-psiholoska-pomoc-u-vojsci-policiji-i-zatvorskom-sustavu-i-probaciji-izazovi-i-perspektive-zagreb-27-11-2024\/#breadcrumb","itemListElement":[{"@type":"ListItem","position":1,"name":"Home","item":"https:\/\/www.vegaintro-projekti.com\/pilar-stari\/"},{"@type":"ListItem","position":2,"name":"Dr. sc. Ines Su\u010di\u0107 na okruglom stolu \u201ePsiholo\u0161ka pomo\u0107 u vojsci, policiji i zatvorskom sustavu i probaciji &#8211; izazovi i perspektive\u201c; Zagreb, 27. 11. 2024."}]},{"@type":"WebSite","@id":"https:\/\/www.vegaintro-projekti.com\/pilar-stari\/#website","url":"https:\/\/www.vegaintro-projekti.com\/pilar-stari\/","name":"Institut dru&scaron;tvenih znanosti Ivo Pilar","description":"Pilar","potentialAction":[{"@type":"SearchAction","target":{"@type":"EntryPoint","urlTemplate":"https:\/\/www.vegaintro-projekti.com\/pilar-stari\/?s={search_term_string}"},"query-input":"required name=search_term_string"}],"inLanguage":"hr"},{"@type":"Person","@id":"https:\/\/www.vegaintro-projekti.com\/pilar-stari\/#\/schema\/person\/ddd404c9f1e15e4ffef5986ac6a5d28b","name":"Boris","image":{"@type":"ImageObject","inLanguage":"hr","@id":"https:\/\/www.vegaintro-projekti.com\/pilar-stari\/#\/schema\/person\/image\/","url":"https:\/\/secure.gravatar.com\/avatar\/29557b161a6ce6ab86ac1503164f1e90?s=96&d=mm&r=g","contentUrl":"https:\/\/secure.gravatar.com\/avatar\/29557b161a6ce6ab86ac1503164f1e90?s=96&d=mm&r=g","caption":"Boris"},"url":"https:\/\/www.vegaintro-projekti.com\/pilar-stari\/author\/boris\/"}]}},"_links":{"self":[{"href":"https:\/\/www.vegaintro-projekti.com\/pilar-stari\/wp-json\/wp\/v2\/posts\/32177"}],"collection":[{"href":"https:\/\/www.vegaintro-projekti.com\/pilar-stari\/wp-json\/wp\/v2\/posts"}],"about":[{"href":"https:\/\/www.vegaintro-projekti.com\/pilar-stari\/wp-json\/wp\/v2\/types\/post"}],"author":[{"embeddable":true,"href":"https:\/\/www.vegaintro-projekti.com\/pilar-stari\/wp-json\/wp\/v2\/users\/7"}],"replies":[{"embeddable":true,"href":"https:\/\/www.vegaintro-projekti.com\/pilar-stari\/wp-json\/wp\/v2\/comments?post=32177"}],"version-history":[{"count":3,"href":"https:\/\/www.vegaintro-projekti.com\/pilar-stari\/wp-json\/wp\/v2\/posts\/32177\/revisions"}],"predecessor-version":[{"id":32180,"href":"https:\/\/www.vegaintro-projekti.com\/pilar-stari\/wp-json\/wp\/v2\/posts\/32177\/revisions\/32180"}],"wp:featuredmedia":[{"embeddable":true,"href":"https:\/\/www.vegaintro-projekti.com\/pilar-stari\/wp-json\/wp\/v2\/media\/32174"}],"wp:attachment":[{"href":"https:\/\/www.vegaintro-projekti.com\/pilar-stari\/wp-json\/wp\/v2\/media?parent=32177"}],"wp:term":[{"taxonomy":"category","embeddable":true,"href":"https:\/\/www.vegaintro-projekti.com\/pilar-stari\/wp-json\/wp\/v2\/categories?post=32177"},{"taxonomy":"post_tag","embeddable":true,"href":"https:\/\/www.vegaintro-projekti.com\/pilar-stari\/wp-json\/wp\/v2\/tags?post=32177"}],"curies":[{"name":"wp","href":"https:\/\/api.w.org\/{rel}","templated":true}]}}