{"id":326,"date":"2009-10-29T00:00:00","date_gmt":"2009-10-29T00:00:00","guid":{"rendered":"https:\/\/www.vegaintro-projekti.com\/pilar-stari\/2009\/10\/29\/objavljena-knjiga-h-kaia-al-servicio-de-mi-patria-croatia-rediviva\/"},"modified":"2017-12-01T12:28:05","modified_gmt":"2017-12-01T12:28:05","slug":"objavljena-knjiga-h-kaia-al-servicio-de-mi-patria-croatia-rediviva","status":"publish","type":"post","link":"https:\/\/www.vegaintro-projekti.com\/pilar-stari\/2009\/10\/objavljena-knjiga-h-kaia-al-servicio-de-mi-patria-croatia-rediviva\/","title":{"rendered":"Objavljena knjiga H. Ka\u010di\u0107a  AL SERVICIO DE MI PATRIA. Croatia Rediviva"},"content":{"rendered":"<p><strong>U izdanju Instituta dru\u0161tvenih znanosti Ivo Pilar i Hrvatske matice iseljenika objavljena knjiga Hrvoja Ka\u010di\u0107a AL SERVICIO DE MI PATRIA &#8211;\u00a0Croatia Rediviva.\u00a0Objavljena je na \u0161panjolskom jeziku kao 12. knjiga Bibliteke Studije Instituta Ivo Pilar<\/strong><br \/><span style=\"font-size: 12pt;\"><br \/><\/span><\/p>\n<table border=\"0\">\n<tbody>\n<tr>\n<td><img decoding=\"async\" loading=\"lazy\" height=\"314\" width=\"224\" src=\"https:\/\/www.vegaintro-projekti.com\/pilar-stari\/wp-content\/images\/stories\/fotografije\/publikacije\/croatia-rediviva.jpg\" alt=\"croatia-rediviva\" \/><\/td>\n<td valign=\"bottom\">\n<p><span style=\"font-size: 8pt;\"><strong>Hrvoje Ka\u010di\u0107<br \/>AL SERVICIO DE MI PATRIA. Croatia Rediviva<br \/>Biblioteka Studije, knj. 12; Zagreb, 2009. &#8211; Str. 535.<br \/>Institut dru\u0161tvenih znanosti Ivo Pilar i Hrvatska matica iseljenika<\/strong><\/span><\/p>\n<p><span style=\"font-size: 10pt;\"><strong>&#8211; <\/strong><a href=\"#nota\">Nota editorial<\/a><br \/>&#8211; <a href=\"#indice\">\u00cdndice<\/a><\/span><\/p>\n<\/td>\n<\/tr>\n<\/tbody>\n<\/table>\n<p>\u00a0\u00a0<br \/><a name=\"nota\"><\/a><br \/><strong>Nota editorial<\/strong><\/p>\n<p>El libro de Hrvoje Ka\u010di\u0107 \u201eAl servicio de mi patria\u201c es dif\u00edcil de catalogar de la manera com\u00fan por diferentes razones. La primera raz\u00f3n est\u00e1 relacionada con los hechos que trata el libro. Especialmente porque \u00e9stos fueron los eventos cruciales que contribuyeron a la realizaci\u00f3n de la aspiraci\u00f3n centenaria de los croatas por un estado propio. La segunda raz\u00f3n est\u00e1 relacionada con la forma en que el autor trata el tema del libro. Espec\u00edficamente, esto se refiere a la relaci\u00f3n del autor hacia los hechos, que indudablemente apoyan el buen fundamento de los puntos de vista del autor as\u00ed como de las conclusiones del libro. Por estas razones este libro pertenece a la categor\u00eda de estudio cient\u00edfico. Por otra parte, puesto que el autor tambi\u00e9n fue un pol\u00edtico involucrado en los eventos a que el libro se refiere, tenemos un valioso testimonio que pasa las fronteras de Croacia. En adici\u00f3n se expresa especial gratitud a la eminente acad\u00e9mica brit\u00e1nica Kathleen V. Wilkes por su tiempo y los esfuerzos dedicados a este libro. Por esto este libro ha debido ser editado a toda costa porque contribuye al mejor entendimiento de los eventos ocurridos a principios de los anos noventa en el territorio llamado \u201eterritorio de la ex-Yugoslavia\u201c y prevenir nuevos intentos de interpretar estos eventos de la manera falsa.<\/p>\n<p>Dr. Vlado \u0160aki\u0107<\/p>\n<p><a name=\"indice\"><\/a><br \/><strong>\u00cdndice<\/strong><\/p>\n<p>INTRODUCCI\u00d3N \/ Trpimir Macan<br \/>PALABRAS DE LA REDACTORA: AL SERVICIO DE MI PATRIA \/ \u017deljko Lovren\u010di\u0107<\/p>\n<p>EL MOMENRO HIST\u00d3RICO<br \/>TIEMPOS DE CAMBIO<br \/>EN LA ARENA INTERNATIONAL<br \/>TES\u00d3N Y VALENT\u00cdA EN LA DEFENSA DE DUBROVNIK<br \/>EL RECONOCIMIENTO DEL ESTADO CROATA<br \/>CONFIRMACI\u00d3N DE LA INTEGRIDAD<\/p>\n<p>MICHAEL FOOT: Ensayos viejos y nuevos no recolectados, 1953-2003<br \/>NOTA SOBRE EL AUTOR<br \/>NOTA EDITORIAL \/ Dr. Vlado \u0160aki\u0107<br \/>INTRODUCCI\u00d3N A LA PRIMERA EDICI\u00d3N INGLESA \/ K. V. Wilkes<br \/>AP\u00c9NDICES<br \/>\u00cdNDICE DE NOMBRES<\/p>\n","protected":false},"excerpt":{"rendered":"<p>U izdanju Instituta dru\u0161tvenih znanosti Ivo Pilar i Hrvatske matice iseljenika objavljena knjiga Hrvoja Ka\u010di\u0107a AL SERVICIO DE MI PATRIA &#8211;\u00a0Croatia Rediviva.\u00a0Objavljena je na \u0161panjolskom jeziku kao 12. knjiga Bibliteke Studije Instituta Ivo Pilar Hrvoje Ka\u010di\u0107AL SERVICIO DE MI PATRIA. Croatia RedivivaBiblioteka Studije, knj. 12; Zagreb, 2009. &#8211; Str. 535.Institut dru\u0161tvenih znanosti Ivo Pilar i&hellip; <a class=\"continue\" href=\"https:\/\/www.vegaintro-projekti.com\/pilar-stari\/2009\/10\/objavljena-knjiga-h-kaia-al-servicio-de-mi-patria-croatia-rediviva\/\">Pro\u010ditaj vi\u0161e o<span> Objavljena knjiga H. Ka\u010di\u0107a  AL SERVICIO DE MI PATRIA. Croatia Rediviva<\/span><\/a><\/p>\n","protected":false},"author":1,"featured_media":0,"comment_status":"open","ping_status":"open","sticky":false,"template":"","format":"standard","meta":{"inline_featured_image":false,"ngg_post_thumbnail":0,"footnotes":""},"categories":[21],"tags":[],"yoast_head":"<!-- This site is optimized with the Yoast SEO plugin v21.2 - https:\/\/yoast.com\/wordpress\/plugins\/seo\/ -->\n<title>Objavljena knjiga H. Ka\u010di\u0107a AL SERVICIO DE MI PATRIA. Croatia Rediviva - Institut dru&scaron;tvenih znanosti Ivo Pilar<\/title>\n<meta name=\"robots\" content=\"noindex, follow, max-snippet:-1, max-image-preview:large, max-video-preview:-1\" \/>\n<meta property=\"og:locale\" content=\"hr_HR\" \/>\n<meta property=\"og:type\" content=\"article\" \/>\n<meta property=\"og:title\" content=\"Objavljena knjiga H. Ka\u010di\u0107a AL SERVICIO DE MI PATRIA. Croatia Rediviva - Institut dru&scaron;tvenih znanosti Ivo Pilar\" \/>\n<meta property=\"og:description\" content=\"U izdanju Instituta dru\u0161tvenih znanosti Ivo Pilar i Hrvatske matice iseljenika objavljena knjiga Hrvoja Ka\u010di\u0107a AL SERVICIO DE MI PATRIA &#8211;\u00a0Croatia Rediviva.\u00a0Objavljena je na \u0161panjolskom jeziku kao 12. knjiga Bibliteke Studije Instituta Ivo Pilar Hrvoje Ka\u010di\u0107AL SERVICIO DE MI PATRIA. Croatia RedivivaBiblioteka Studije, knj. 12; Zagreb, 2009. &#8211; Str. 535.Institut dru\u0161tvenih znanosti Ivo Pilar i&hellip; Pro\u010ditaj vi\u0161e o Objavljena knjiga H. Ka\u010di\u0107a AL SERVICIO DE MI PATRIA. Croatia Rediviva\" \/>\n<meta property=\"og:url\" content=\"https:\/\/www.vegaintro-projekti.com\/pilar-stari\/2009\/10\/objavljena-knjiga-h-kaia-al-servicio-de-mi-patria-croatia-rediviva\/\" \/>\n<meta property=\"og:site_name\" content=\"Institut dru&scaron;tvenih znanosti Ivo Pilar\" \/>\n<meta property=\"article:published_time\" content=\"2009-10-29T00:00:00+00:00\" \/>\n<meta property=\"article:modified_time\" content=\"2017-12-01T12:28:05+00:00\" \/>\n<meta property=\"og:image\" content=\"https:\/\/www.vegaintro-projekti.com\/pilar-stari\/wp-content\/images\/stories\/fotografije\/publikacije\/croatia-rediviva.jpg\" \/>\n<meta name=\"author\" content=\"pilar-admin\" \/>\n<meta name=\"twitter:card\" content=\"summary_large_image\" \/>\n<meta name=\"twitter:label1\" content=\"Napisao\/la\" \/>\n\t<meta name=\"twitter:data1\" content=\"pilar-admin\" \/>\n\t<meta name=\"twitter:label2\" content=\"Procijenjeno vrijeme \u010ditanja\" \/>\n\t<meta name=\"twitter:data2\" content=\"2 minute\" \/>\n<script type=\"application\/ld+json\" class=\"yoast-schema-graph\">{\"@context\":\"https:\/\/schema.org\",\"@graph\":[{\"@type\":\"WebPage\",\"@id\":\"https:\/\/www.vegaintro-projekti.com\/pilar-stari\/2009\/10\/objavljena-knjiga-h-kaia-al-servicio-de-mi-patria-croatia-rediviva\/\",\"url\":\"https:\/\/www.vegaintro-projekti.com\/pilar-stari\/2009\/10\/objavljena-knjiga-h-kaia-al-servicio-de-mi-patria-croatia-rediviva\/\",\"name\":\"Objavljena knjiga H. Ka\u010di\u0107a AL SERVICIO DE MI PATRIA. Croatia Rediviva - Institut dru&scaron;tvenih znanosti Ivo Pilar\",\"isPartOf\":{\"@id\":\"https:\/\/www.vegaintro-projekti.com\/pilar-stari\/#website\"},\"datePublished\":\"2009-10-29T00:00:00+00:00\",\"dateModified\":\"2017-12-01T12:28:05+00:00\",\"author\":{\"@id\":\"https:\/\/www.vegaintro-projekti.com\/pilar-stari\/#\/schema\/person\/c0db50ebd77c4409e19b18044bbf10c1\"},\"breadcrumb\":{\"@id\":\"https:\/\/www.vegaintro-projekti.com\/pilar-stari\/2009\/10\/objavljena-knjiga-h-kaia-al-servicio-de-mi-patria-croatia-rediviva\/#breadcrumb\"},\"inLanguage\":\"hr\",\"potentialAction\":[{\"@type\":\"ReadAction\",\"target\":[\"https:\/\/www.vegaintro-projekti.com\/pilar-stari\/2009\/10\/objavljena-knjiga-h-kaia-al-servicio-de-mi-patria-croatia-rediviva\/\"]}]},{\"@type\":\"BreadcrumbList\",\"@id\":\"https:\/\/www.vegaintro-projekti.com\/pilar-stari\/2009\/10\/objavljena-knjiga-h-kaia-al-servicio-de-mi-patria-croatia-rediviva\/#breadcrumb\",\"itemListElement\":[{\"@type\":\"ListItem\",\"position\":1,\"name\":\"Home\",\"item\":\"https:\/\/www.vegaintro-projekti.com\/pilar-stari\/\"},{\"@type\":\"ListItem\",\"position\":2,\"name\":\"Objavljena knjiga H. Ka\u010di\u0107a AL SERVICIO DE MI PATRIA. Croatia Rediviva\"}]},{\"@type\":\"WebSite\",\"@id\":\"https:\/\/www.vegaintro-projekti.com\/pilar-stari\/#website\",\"url\":\"https:\/\/www.vegaintro-projekti.com\/pilar-stari\/\",\"name\":\"Institut dru&scaron;tvenih znanosti Ivo Pilar\",\"description\":\"Pilar\",\"potentialAction\":[{\"@type\":\"SearchAction\",\"target\":{\"@type\":\"EntryPoint\",\"urlTemplate\":\"https:\/\/www.vegaintro-projekti.com\/pilar-stari\/?s={search_term_string}\"},\"query-input\":\"required name=search_term_string\"}],\"inLanguage\":\"hr\"},{\"@type\":\"Person\",\"@id\":\"https:\/\/www.vegaintro-projekti.com\/pilar-stari\/#\/schema\/person\/c0db50ebd77c4409e19b18044bbf10c1\",\"name\":\"pilar-admin\",\"image\":{\"@type\":\"ImageObject\",\"inLanguage\":\"hr\",\"@id\":\"https:\/\/www.vegaintro-projekti.com\/pilar-stari\/#\/schema\/person\/image\/\",\"url\":\"https:\/\/secure.gravatar.com\/avatar\/fac9e03c4db0011b9c1ad8b5e9c74b8c?s=96&d=mm&r=g\",\"contentUrl\":\"https:\/\/secure.gravatar.com\/avatar\/fac9e03c4db0011b9c1ad8b5e9c74b8c?s=96&d=mm&r=g\",\"caption\":\"pilar-admin\"},\"url\":\"https:\/\/www.vegaintro-projekti.com\/pilar-stari\/author\/pilar-admin\/\"}]}<\/script>\n<!-- \/ Yoast SEO plugin. -->","yoast_head_json":{"title":"Objavljena knjiga H. Ka\u010di\u0107a AL SERVICIO DE MI PATRIA. Croatia Rediviva - Institut dru&scaron;tvenih znanosti Ivo Pilar","robots":{"index":"noindex","follow":"follow","max-snippet":"max-snippet:-1","max-image-preview":"max-image-preview:large","max-video-preview":"max-video-preview:-1"},"og_locale":"hr_HR","og_type":"article","og_title":"Objavljena knjiga H. Ka\u010di\u0107a AL SERVICIO DE MI PATRIA. Croatia Rediviva - Institut dru&scaron;tvenih znanosti Ivo Pilar","og_description":"U izdanju Instituta dru\u0161tvenih znanosti Ivo Pilar i Hrvatske matice iseljenika objavljena knjiga Hrvoja Ka\u010di\u0107a AL SERVICIO DE MI PATRIA &#8211;\u00a0Croatia Rediviva.\u00a0Objavljena je na \u0161panjolskom jeziku kao 12. knjiga Bibliteke Studije Instituta Ivo Pilar Hrvoje Ka\u010di\u0107AL SERVICIO DE MI PATRIA. Croatia RedivivaBiblioteka Studije, knj. 12; Zagreb, 2009. &#8211; Str. 535.Institut dru\u0161tvenih znanosti Ivo Pilar i&hellip; Pro\u010ditaj vi\u0161e o Objavljena knjiga H. Ka\u010di\u0107a AL SERVICIO DE MI PATRIA. Croatia Rediviva","og_url":"https:\/\/www.vegaintro-projekti.com\/pilar-stari\/2009\/10\/objavljena-knjiga-h-kaia-al-servicio-de-mi-patria-croatia-rediviva\/","og_site_name":"Institut dru&scaron;tvenih znanosti Ivo Pilar","article_published_time":"2009-10-29T00:00:00+00:00","article_modified_time":"2017-12-01T12:28:05+00:00","og_image":[{"url":"https:\/\/www.vegaintro-projekti.com\/pilar-stari\/wp-content\/images\/stories\/fotografije\/publikacije\/croatia-rediviva.jpg"}],"author":"pilar-admin","twitter_card":"summary_large_image","twitter_misc":{"Napisao\/la":"pilar-admin","Procijenjeno vrijeme \u010ditanja":"2 minute"},"schema":{"@context":"https:\/\/schema.org","@graph":[{"@type":"WebPage","@id":"https:\/\/www.vegaintro-projekti.com\/pilar-stari\/2009\/10\/objavljena-knjiga-h-kaia-al-servicio-de-mi-patria-croatia-rediviva\/","url":"https:\/\/www.vegaintro-projekti.com\/pilar-stari\/2009\/10\/objavljena-knjiga-h-kaia-al-servicio-de-mi-patria-croatia-rediviva\/","name":"Objavljena knjiga H. Ka\u010di\u0107a AL SERVICIO DE MI PATRIA. Croatia Rediviva - Institut dru&scaron;tvenih znanosti Ivo Pilar","isPartOf":{"@id":"https:\/\/www.vegaintro-projekti.com\/pilar-stari\/#website"},"datePublished":"2009-10-29T00:00:00+00:00","dateModified":"2017-12-01T12:28:05+00:00","author":{"@id":"https:\/\/www.vegaintro-projekti.com\/pilar-stari\/#\/schema\/person\/c0db50ebd77c4409e19b18044bbf10c1"},"breadcrumb":{"@id":"https:\/\/www.vegaintro-projekti.com\/pilar-stari\/2009\/10\/objavljena-knjiga-h-kaia-al-servicio-de-mi-patria-croatia-rediviva\/#breadcrumb"},"inLanguage":"hr","potentialAction":[{"@type":"ReadAction","target":["https:\/\/www.vegaintro-projekti.com\/pilar-stari\/2009\/10\/objavljena-knjiga-h-kaia-al-servicio-de-mi-patria-croatia-rediviva\/"]}]},{"@type":"BreadcrumbList","@id":"https:\/\/www.vegaintro-projekti.com\/pilar-stari\/2009\/10\/objavljena-knjiga-h-kaia-al-servicio-de-mi-patria-croatia-rediviva\/#breadcrumb","itemListElement":[{"@type":"ListItem","position":1,"name":"Home","item":"https:\/\/www.vegaintro-projekti.com\/pilar-stari\/"},{"@type":"ListItem","position":2,"name":"Objavljena knjiga H. Ka\u010di\u0107a AL SERVICIO DE MI PATRIA. Croatia Rediviva"}]},{"@type":"WebSite","@id":"https:\/\/www.vegaintro-projekti.com\/pilar-stari\/#website","url":"https:\/\/www.vegaintro-projekti.com\/pilar-stari\/","name":"Institut dru&scaron;tvenih znanosti Ivo Pilar","description":"Pilar","potentialAction":[{"@type":"SearchAction","target":{"@type":"EntryPoint","urlTemplate":"https:\/\/www.vegaintro-projekti.com\/pilar-stari\/?s={search_term_string}"},"query-input":"required name=search_term_string"}],"inLanguage":"hr"},{"@type":"Person","@id":"https:\/\/www.vegaintro-projekti.com\/pilar-stari\/#\/schema\/person\/c0db50ebd77c4409e19b18044bbf10c1","name":"pilar-admin","image":{"@type":"ImageObject","inLanguage":"hr","@id":"https:\/\/www.vegaintro-projekti.com\/pilar-stari\/#\/schema\/person\/image\/","url":"https:\/\/secure.gravatar.com\/avatar\/fac9e03c4db0011b9c1ad8b5e9c74b8c?s=96&d=mm&r=g","contentUrl":"https:\/\/secure.gravatar.com\/avatar\/fac9e03c4db0011b9c1ad8b5e9c74b8c?s=96&d=mm&r=g","caption":"pilar-admin"},"url":"https:\/\/www.vegaintro-projekti.com\/pilar-stari\/author\/pilar-admin\/"}]}},"_links":{"self":[{"href":"https:\/\/www.vegaintro-projekti.com\/pilar-stari\/wp-json\/wp\/v2\/posts\/326"}],"collection":[{"href":"https:\/\/www.vegaintro-projekti.com\/pilar-stari\/wp-json\/wp\/v2\/posts"}],"about":[{"href":"https:\/\/www.vegaintro-projekti.com\/pilar-stari\/wp-json\/wp\/v2\/types\/post"}],"author":[{"embeddable":true,"href":"https:\/\/www.vegaintro-projekti.com\/pilar-stari\/wp-json\/wp\/v2\/users\/1"}],"replies":[{"embeddable":true,"href":"https:\/\/www.vegaintro-projekti.com\/pilar-stari\/wp-json\/wp\/v2\/comments?post=326"}],"version-history":[{"count":2,"href":"https:\/\/www.vegaintro-projekti.com\/pilar-stari\/wp-json\/wp\/v2\/posts\/326\/revisions"}],"predecessor-version":[{"id":4489,"href":"https:\/\/www.vegaintro-projekti.com\/pilar-stari\/wp-json\/wp\/v2\/posts\/326\/revisions\/4489"}],"wp:attachment":[{"href":"https:\/\/www.vegaintro-projekti.com\/pilar-stari\/wp-json\/wp\/v2\/media?parent=326"}],"wp:term":[{"taxonomy":"category","embeddable":true,"href":"https:\/\/www.vegaintro-projekti.com\/pilar-stari\/wp-json\/wp\/v2\/categories?post=326"},{"taxonomy":"post_tag","embeddable":true,"href":"https:\/\/www.vegaintro-projekti.com\/pilar-stari\/wp-json\/wp\/v2\/tags?post=326"}],"curies":[{"name":"wp","href":"https:\/\/api.w.org\/{rel}","templated":true}]}}