{"id":32815,"date":"2025-02-12T21:08:19","date_gmt":"2025-02-12T21:08:19","guid":{"rendered":"https:\/\/www.vegaintro-projekti.com\/pilar-stari\/?p=32815"},"modified":"2025-09-28T13:55:03","modified_gmt":"2025-09-28T13:55:03","slug":"objavljena-varazdinska-kronika-domovinskoga-rata","status":"publish","type":"post","link":"https:\/\/www.vegaintro-projekti.com\/pilar-stari\/2025\/02\/objavljena-varazdinska-kronika-domovinskoga-rata\/","title":{"rendered":"Objavljena VARA\u017dDINSKA KRONIKA DOMOVINSKOGA RATA"},"content":{"rendered":"<p><strong>U izdanju Ogranka Matice hrvatske Osijek i suizdava\u0161tvu Instituta dru\u0161tvenih znanosti Ivo Pilar objavljena je knjiga VARA\u017dDINSKA KRONIKA DOMOVINSKOGA RATA autora prof. dr. sc., dr. sc. Miljenka Brekala i mr. sc. Stjepana Adani\u0107a<\/strong><\/p>\n<p><a href=\"https:\/\/www.vegaintro-projekti.com\/pilar-stari\/wp-content\/uploads\/2025\/02\/VZkronika_ovitak.pdf\"><img decoding=\"async\" loading=\"lazy\" class=\"alignnone wp-image-32811 size-full\" src=\"https:\/\/www.vegaintro-projekti.com\/pilar-stari\/wp-content\/uploads\/2025\/02\/VZkronika_nasl.jpg\" alt=\"i1\" width=\"620\" height=\"910\" srcset=\"https:\/\/www.vegaintro-projekti.com\/pilar-stari\/wp-content\/uploads\/2025\/02\/VZkronika_nasl.jpg 620w, https:\/\/www.vegaintro-projekti.com\/pilar-stari\/wp-content\/uploads\/2025\/02\/VZkronika_nasl-204x300.jpg 204w\" sizes=\"(max-width: 620px) 100vw, 620px\" \/><\/a><\/p>\n<p>&#8211; <a href=\"https:\/\/www.vegaintro-projekti.com\/pilar-stari\/2025\/01\/predstavljanje-knjige-miljenka-brekala-i-stjepana-adanica-varazdinska-kronika-domovinskog-rata-varazdin-17-1-2025\/\">Predstavljanje knjige Miljenka Brekala i Stjepana Adani\u0107a VARA\u017dDINSKA KRONIKA DOMOVINSKOG RATA; Vara\u017edin, 17. 1. 2025.<\/a><br \/>\n&#8211; <a href=\"https:\/\/www.vegaintro-projekti.com\/pilar-stari\/2025\/09\/dr-sc-dr-sc-miljenku-brekalu-i-mr-sc-stjepanu-adanicu-dodijeljena-velika-zlatna-plaketa-za-najbolju-knjigu-s-tematikom-domovinskog-rata\/\">Dr. sc., dr. sc. Miljenku Brekalu i mr. sc. Stjepanu Adani\u0107u dodijeljena Velika zlatna plaketa za najbolju knjigu s tematikom Domovinskog rata; Zagreb, 23. 9. 2025.<\/a><\/p>\n<p><strong>prof. dr. sc., dr. sc. Miljenko Brekalo \u2013 mr. sc. Stjepan Adani\u0107<\/strong><br \/>\n<strong>VARA\u017dDINSKA KRONIKA DOMOVINSKOGA RATA<\/strong><br \/>\n<strong>Ogranak Matice hrvatske Osijek i Institut dru\u0161tvenih znanosti Ivo Pilar<\/strong><br \/>\n<strong>Osijek, 2024. &#8211; 932 str.<\/strong><br \/>\n<strong>ISBN 978-953-242-172-9<\/strong><br \/>\n<strong>ISBN 978-953-8404-39-9<\/strong><\/p>\n<p><span style=\"font-size: 14pt;\">Sadr\u017eaj<\/span><\/p>\n<p>&#8211; <a href=\"https:\/\/www.vegaintro-projekti.com\/pilar-stari\/wp-content\/uploads\/2025\/02\/VZkronika_ovitak.pdf\">Ovitak<\/a> | <a href=\"https:\/\/www.vegaintro-projekti.com\/pilar-stari\/wp-content\/uploads\/2025\/02\/VZkronika_impresum.pdf\">Impresum<\/a> | <a href=\"https:\/\/www.vegaintro-projekti.com\/pilar-stari\/wp-content\/uploads\/2025\/02\/VZkronika_sadrzaj.pdf\">Sadr\u017eaj<\/a><\/p>\n<p><a href=\"https:\/\/www.vegaintro-projekti.com\/pilar-stari\/wp-content\/uploads\/2025\/02\/VZkronika_predgovor.pdf\">PREDGOVOR<\/a><br \/>\nI. UVOD<br \/>\nII. VELIKOSRPSKA IDEJA NA PODRU\u010cJU EX JUGOSLAVIJE<br \/>\nIII. DEMOKRATSKI PROCESI I USPOSTAVA SUVERENITETA U REPUBLICI HRVATSKOJ<br \/>\nIV. UVOD U DOMOVINSKI RAT (1990. \u2013 1991.)<br \/>\nV. NELEGALNO ODUZIMANJE NAORU\u017dANJA TERITORIJALNE OBRANE U SOCIJALISTI\u010cKOJ REPUBLICI HRVATSKOJ 1990.<br \/>\nVI. LOKALNI IZBORI U OP\u0106INI VARA\u017dDIN 1990.<br \/>\nVII. DOMOVINSKI RAT U OP\u0106INI VARA\u017dDIN<br \/>\nVIII. RATNA \u0160TETA U OP\u0106INI VARA\u017dDIN<br \/>\nIX. KAZNENA ODGOVORNOST PRIPADNIKA 32. MEHANIZIRANOG KORPUSA KoV-a JNA-a<br \/>\nX. ZAKLJU\u010cNA RAZMATRANJA<br \/>\nXI. PRILOZI<br \/>\nXII. POPIS AKRONIMA<br \/>\nXIII. KAZALO IMENA I PREZIMENA<br \/>\nXIV. POPIS KORI\u0160TENE LITERATURE<br \/>\n<a href=\"https:\/\/www.vegaintro-projekti.com\/pilar-stari\/wp-content\/uploads\/2025\/02\/VZkronika_autori.pdf\">XV. PODATCI O AUTORIMA<\/a><\/p>\n<p><span style=\"font-size: 14pt;\">Iz Predgovora<\/span><\/p>\n<p>Primarni je cilj ove knjige obraditi prvu etapu Domovinskoga rata, pri \u010demu \u0107e poseban naglasak biti stavljen na vara\u017edinsko podru\u010dje i njegovo sredi\u0161te Vara\u017edin. Preciznije, sadr\u017eaj ove knjige odnosi se na povijesnopravni prikaz demokratskih procesa i Domovinskoga rata na podru\u010dju Op\u0107ine Vara\u017edin tijekom 1990. i 1991. godine. Radi boljega razumijevanja uzroka i posljedica Domovinskoga rata, u knjizi je prikazana velikosrpska politika na podru\u010dju <em>ex<\/em> Jugoslavije, demokratski procesi i uspostava suvereniteta u Republici Hrvatskoj, uvod u Domovinski rat 1990. i 1991. godine, nelegalno oduzimanje naoru\u017eanja Teritorijalne obrane u SR Hrvatskoj, lokalni izbori u Op\u0107ini Vara\u017edin 1990., Domovinski rat u Op\u0107ini Vara\u017edin, ratne \u0161tete na vara\u017edinskom podru\u010dju i kaznena odgovornost pripadnika 32. Mehaniziranog korpusa KoV-a JNA-a.<\/p>\n<p>Prigodom znanstvenoga analiziranja Domovinskoga rata na vara\u017edinskome podru\u010dju, osim ratne faktografije, posebna je pozornost posve\u0107ena kaznenoj odgovornosti pripadnika 32. mehaniziranog korpusa KoV-a. Istra\u017een je ratni zlo\u010din prema me\u0111unarodnom humanitarnom pravu, tada\u0161njoj pozitivnoj legislativi SFRJ-u i Republike Hrvatske, radi cjelovitoga uvida u kriminogeno pona\u0161anje pripadnika JNA-a <em>in facto<\/em> je prikazan kazneni progon pripadnika 32. mehaniziranog korpusa KoV-a u Republici Sloveniji, Republici Hrvatskoj i Saveznoj Republici Jugoslaviji. Sve navedene tematske cjeline, odnosno cijela knjiga pisani su <em>sine ira et studio<\/em>, isklju\u010divo na temelju znanstvenih spoznaja, gdje je polazna premisa pri znanstvenoj analizi, sintezi i pisanju bilo na\u010delo materijalne istine, bez ikakvoga politi\u010dkoga konteksta, politi\u010dkih referenci ili konotacija. Naime, prije znanstvene konstatacije, vi\u0161estruko su provjerene sve \u010dinjenice i okolnosti bitne za znanstvenu spoznaju. Osim toga, prije pisanja knjige, autori su bez institucionalnog okvira proveli <em>sui generis<\/em> osobno \u0161estogodi\u0161nje znanstveno istra\u017eivanje, osobno su, bez potpore raznih socijalnih \u010dimbenika koji <em>ex officio<\/em> trebaju skrbiti o znanstvenom istra\u017eivanju Domovinskoga rata, stvorili materijalne, organizacijske i druge pretpostavke za navedeni znanstvenoistra\u017eiva\u010dki rad. Tijekom istra\u017eivanja, osim institucionalnih posjednika, autori su zaklju\u010dili da se zna\u010dajan broj znanstveno relevantnih materijala nalazi kod izravnih sudionika ratnih doga\u0111anja, a koji su ih svesrdno ustupili za potrebe ovoga istra\u017eivanja. Me\u0111utim, zna\u010dajan broj materijala nalazio se u inozemstvu, \u0161to je dalo dodatni poticaj istra\u017eivanju, prvenstveno je rije\u010d o dokumentima pravosudne provenijencije, re\u017eimskim i nezavisnim tiskovinama biv\u0161e SRJ-a. Navedeni znanstvenoistra\u017eiva\u010dki rad, kao i sama knjiga, produkt su intelektualne i domoljubne potrebe autora. Naime, obojica su dragovoljci Domovinskoga rata koji su tijekom ratnih doga\u0111anja obavljali odgovorne poslove i obna\u0161ali zapovjedne du\u017enosti.<\/p>\n<blockquote><p><a href=\"https:\/\/www.vegaintro-projekti.com\/pilar-stari\/2010\/07\/podruni-centar-osijek-2\/\">Podru\u010dni centar Osijek<\/a><\/p><\/blockquote>\n","protected":false},"excerpt":{"rendered":"<p>U izdanju Ogranka Matice hrvatske Osijek i suizdava\u0161tvu Instituta dru\u0161tvenih znanosti Ivo Pilar objavljena je knjiga VARA\u017dDINSKA KRONIKA DOMOVINSKOGA RATA autora prof. dr. sc., dr. sc. Miljenka Brekala i mr. sc. Stjepana Adani\u0107a &#8211; Predstavljanje knjige Miljenka Brekala i Stjepana Adani\u0107a VARA\u017dDINSKA KRONIKA DOMOVINSKOG RATA; Vara\u017edin, 17. 1. 2025. &#8211; Dr. sc., dr. sc. Miljenku&hellip; <a class=\"continue\" href=\"https:\/\/www.vegaintro-projekti.com\/pilar-stari\/2025\/02\/objavljena-varazdinska-kronika-domovinskoga-rata\/\">Pro\u010ditaj vi\u0161e o<span> Objavljena VARA\u017dDINSKA KRONIKA DOMOVINSKOGA RATA<\/span><\/a><\/p>\n","protected":false},"author":7,"featured_media":32807,"comment_status":"closed","ping_status":"closed","sticky":false,"template":"","format":"standard","meta":{"inline_featured_image":false,"ngg_post_thumbnail":0,"footnotes":""},"categories":[21],"tags":[],"yoast_head":"<!-- This site is optimized with the Yoast SEO plugin v21.2 - https:\/\/yoast.com\/wordpress\/plugins\/seo\/ -->\n<title>Objavljena VARA\u017dDINSKA KRONIKA DOMOVINSKOGA RATA - Institut dru&scaron;tvenih znanosti Ivo Pilar<\/title>\n<meta name=\"robots\" content=\"noindex, follow, max-snippet:-1, max-image-preview:large, max-video-preview:-1\" \/>\n<meta property=\"og:locale\" content=\"hr_HR\" \/>\n<meta property=\"og:type\" content=\"article\" \/>\n<meta property=\"og:title\" content=\"Objavljena VARA\u017dDINSKA KRONIKA DOMOVINSKOGA RATA - Institut dru&scaron;tvenih znanosti Ivo Pilar\" \/>\n<meta property=\"og:description\" content=\"U izdanju Ogranka Matice hrvatske Osijek i suizdava\u0161tvu Instituta dru\u0161tvenih znanosti Ivo Pilar objavljena je knjiga VARA\u017dDINSKA KRONIKA DOMOVINSKOGA RATA autora prof. dr. sc., dr. sc. Miljenka Brekala i mr. sc. Stjepana Adani\u0107a &#8211; Predstavljanje knjige Miljenka Brekala i Stjepana Adani\u0107a VARA\u017dDINSKA KRONIKA DOMOVINSKOG RATA; Vara\u017edin, 17. 1. 2025. &#8211; Dr. sc., dr. sc. Miljenku&hellip; Pro\u010ditaj vi\u0161e o Objavljena VARA\u017dDINSKA KRONIKA DOMOVINSKOGA RATA\" \/>\n<meta property=\"og:url\" content=\"https:\/\/www.vegaintro-projekti.com\/pilar-stari\/2025\/02\/objavljena-varazdinska-kronika-domovinskoga-rata\/\" \/>\n<meta property=\"og:site_name\" content=\"Institut dru&scaron;tvenih znanosti Ivo Pilar\" \/>\n<meta property=\"article:published_time\" content=\"2025-02-12T21:08:19+00:00\" \/>\n<meta property=\"article:modified_time\" content=\"2025-09-28T13:55:03+00:00\" \/>\n<meta property=\"og:image\" content=\"https:\/\/www.vegaintro-projekti.com\/pilar-stari\/wp-content\/uploads\/2025\/02\/IMG_fi-3.jpg\" \/>\n\t<meta property=\"og:image:width\" content=\"620\" \/>\n\t<meta property=\"og:image:height\" content=\"306\" \/>\n\t<meta property=\"og:image:type\" content=\"image\/jpeg\" \/>\n<meta name=\"author\" content=\"Boris\" \/>\n<meta name=\"twitter:card\" content=\"summary_large_image\" \/>\n<meta name=\"twitter:label1\" content=\"Napisao\/la\" \/>\n\t<meta name=\"twitter:data1\" content=\"Boris\" \/>\n\t<meta name=\"twitter:label2\" content=\"Procijenjeno vrijeme \u010ditanja\" \/>\n\t<meta name=\"twitter:data2\" content=\"4 minute\" \/>\n<script type=\"application\/ld+json\" class=\"yoast-schema-graph\">{\"@context\":\"https:\/\/schema.org\",\"@graph\":[{\"@type\":\"WebPage\",\"@id\":\"https:\/\/www.vegaintro-projekti.com\/pilar-stari\/2025\/02\/objavljena-varazdinska-kronika-domovinskoga-rata\/\",\"url\":\"https:\/\/www.vegaintro-projekti.com\/pilar-stari\/2025\/02\/objavljena-varazdinska-kronika-domovinskoga-rata\/\",\"name\":\"Objavljena VARA\u017dDINSKA KRONIKA DOMOVINSKOGA RATA - Institut dru&scaron;tvenih znanosti Ivo Pilar\",\"isPartOf\":{\"@id\":\"https:\/\/www.vegaintro-projekti.com\/pilar-stari\/#website\"},\"datePublished\":\"2025-02-12T21:08:19+00:00\",\"dateModified\":\"2025-09-28T13:55:03+00:00\",\"author\":{\"@id\":\"https:\/\/www.vegaintro-projekti.com\/pilar-stari\/#\/schema\/person\/ddd404c9f1e15e4ffef5986ac6a5d28b\"},\"breadcrumb\":{\"@id\":\"https:\/\/www.vegaintro-projekti.com\/pilar-stari\/2025\/02\/objavljena-varazdinska-kronika-domovinskoga-rata\/#breadcrumb\"},\"inLanguage\":\"hr\",\"potentialAction\":[{\"@type\":\"ReadAction\",\"target\":[\"https:\/\/www.vegaintro-projekti.com\/pilar-stari\/2025\/02\/objavljena-varazdinska-kronika-domovinskoga-rata\/\"]}]},{\"@type\":\"BreadcrumbList\",\"@id\":\"https:\/\/www.vegaintro-projekti.com\/pilar-stari\/2025\/02\/objavljena-varazdinska-kronika-domovinskoga-rata\/#breadcrumb\",\"itemListElement\":[{\"@type\":\"ListItem\",\"position\":1,\"name\":\"Home\",\"item\":\"https:\/\/www.vegaintro-projekti.com\/pilar-stari\/\"},{\"@type\":\"ListItem\",\"position\":2,\"name\":\"Objavljena VARA\u017dDINSKA KRONIKA DOMOVINSKOGA RATA\"}]},{\"@type\":\"WebSite\",\"@id\":\"https:\/\/www.vegaintro-projekti.com\/pilar-stari\/#website\",\"url\":\"https:\/\/www.vegaintro-projekti.com\/pilar-stari\/\",\"name\":\"Institut dru&scaron;tvenih znanosti Ivo Pilar\",\"description\":\"Pilar\",\"potentialAction\":[{\"@type\":\"SearchAction\",\"target\":{\"@type\":\"EntryPoint\",\"urlTemplate\":\"https:\/\/www.vegaintro-projekti.com\/pilar-stari\/?s={search_term_string}\"},\"query-input\":\"required name=search_term_string\"}],\"inLanguage\":\"hr\"},{\"@type\":\"Person\",\"@id\":\"https:\/\/www.vegaintro-projekti.com\/pilar-stari\/#\/schema\/person\/ddd404c9f1e15e4ffef5986ac6a5d28b\",\"name\":\"Boris\",\"image\":{\"@type\":\"ImageObject\",\"inLanguage\":\"hr\",\"@id\":\"https:\/\/www.vegaintro-projekti.com\/pilar-stari\/#\/schema\/person\/image\/\",\"url\":\"https:\/\/secure.gravatar.com\/avatar\/29557b161a6ce6ab86ac1503164f1e90?s=96&d=mm&r=g\",\"contentUrl\":\"https:\/\/secure.gravatar.com\/avatar\/29557b161a6ce6ab86ac1503164f1e90?s=96&d=mm&r=g\",\"caption\":\"Boris\"},\"url\":\"https:\/\/www.vegaintro-projekti.com\/pilar-stari\/author\/boris\/\"}]}<\/script>\n<!-- \/ Yoast SEO plugin. -->","yoast_head_json":{"title":"Objavljena VARA\u017dDINSKA KRONIKA DOMOVINSKOGA RATA - Institut dru&scaron;tvenih znanosti Ivo Pilar","robots":{"index":"noindex","follow":"follow","max-snippet":"max-snippet:-1","max-image-preview":"max-image-preview:large","max-video-preview":"max-video-preview:-1"},"og_locale":"hr_HR","og_type":"article","og_title":"Objavljena VARA\u017dDINSKA KRONIKA DOMOVINSKOGA RATA - Institut dru&scaron;tvenih znanosti Ivo Pilar","og_description":"U izdanju Ogranka Matice hrvatske Osijek i suizdava\u0161tvu Instituta dru\u0161tvenih znanosti Ivo Pilar objavljena je knjiga VARA\u017dDINSKA KRONIKA DOMOVINSKOGA RATA autora prof. dr. sc., dr. sc. Miljenka Brekala i mr. sc. Stjepana Adani\u0107a &#8211; Predstavljanje knjige Miljenka Brekala i Stjepana Adani\u0107a VARA\u017dDINSKA KRONIKA DOMOVINSKOG RATA; Vara\u017edin, 17. 1. 2025. &#8211; Dr. sc., dr. sc. Miljenku&hellip; Pro\u010ditaj vi\u0161e o Objavljena VARA\u017dDINSKA KRONIKA DOMOVINSKOGA RATA","og_url":"https:\/\/www.vegaintro-projekti.com\/pilar-stari\/2025\/02\/objavljena-varazdinska-kronika-domovinskoga-rata\/","og_site_name":"Institut dru&scaron;tvenih znanosti Ivo Pilar","article_published_time":"2025-02-12T21:08:19+00:00","article_modified_time":"2025-09-28T13:55:03+00:00","og_image":[{"width":620,"height":306,"url":"https:\/\/www.vegaintro-projekti.com\/pilar-stari\/wp-content\/uploads\/2025\/02\/IMG_fi-3.jpg","type":"image\/jpeg"}],"author":"Boris","twitter_card":"summary_large_image","twitter_misc":{"Napisao\/la":"Boris","Procijenjeno vrijeme \u010ditanja":"4 minute"},"schema":{"@context":"https:\/\/schema.org","@graph":[{"@type":"WebPage","@id":"https:\/\/www.vegaintro-projekti.com\/pilar-stari\/2025\/02\/objavljena-varazdinska-kronika-domovinskoga-rata\/","url":"https:\/\/www.vegaintro-projekti.com\/pilar-stari\/2025\/02\/objavljena-varazdinska-kronika-domovinskoga-rata\/","name":"Objavljena VARA\u017dDINSKA KRONIKA DOMOVINSKOGA RATA - Institut dru&scaron;tvenih znanosti Ivo Pilar","isPartOf":{"@id":"https:\/\/www.vegaintro-projekti.com\/pilar-stari\/#website"},"datePublished":"2025-02-12T21:08:19+00:00","dateModified":"2025-09-28T13:55:03+00:00","author":{"@id":"https:\/\/www.vegaintro-projekti.com\/pilar-stari\/#\/schema\/person\/ddd404c9f1e15e4ffef5986ac6a5d28b"},"breadcrumb":{"@id":"https:\/\/www.vegaintro-projekti.com\/pilar-stari\/2025\/02\/objavljena-varazdinska-kronika-domovinskoga-rata\/#breadcrumb"},"inLanguage":"hr","potentialAction":[{"@type":"ReadAction","target":["https:\/\/www.vegaintro-projekti.com\/pilar-stari\/2025\/02\/objavljena-varazdinska-kronika-domovinskoga-rata\/"]}]},{"@type":"BreadcrumbList","@id":"https:\/\/www.vegaintro-projekti.com\/pilar-stari\/2025\/02\/objavljena-varazdinska-kronika-domovinskoga-rata\/#breadcrumb","itemListElement":[{"@type":"ListItem","position":1,"name":"Home","item":"https:\/\/www.vegaintro-projekti.com\/pilar-stari\/"},{"@type":"ListItem","position":2,"name":"Objavljena VARA\u017dDINSKA KRONIKA DOMOVINSKOGA RATA"}]},{"@type":"WebSite","@id":"https:\/\/www.vegaintro-projekti.com\/pilar-stari\/#website","url":"https:\/\/www.vegaintro-projekti.com\/pilar-stari\/","name":"Institut dru&scaron;tvenih znanosti Ivo Pilar","description":"Pilar","potentialAction":[{"@type":"SearchAction","target":{"@type":"EntryPoint","urlTemplate":"https:\/\/www.vegaintro-projekti.com\/pilar-stari\/?s={search_term_string}"},"query-input":"required name=search_term_string"}],"inLanguage":"hr"},{"@type":"Person","@id":"https:\/\/www.vegaintro-projekti.com\/pilar-stari\/#\/schema\/person\/ddd404c9f1e15e4ffef5986ac6a5d28b","name":"Boris","image":{"@type":"ImageObject","inLanguage":"hr","@id":"https:\/\/www.vegaintro-projekti.com\/pilar-stari\/#\/schema\/person\/image\/","url":"https:\/\/secure.gravatar.com\/avatar\/29557b161a6ce6ab86ac1503164f1e90?s=96&d=mm&r=g","contentUrl":"https:\/\/secure.gravatar.com\/avatar\/29557b161a6ce6ab86ac1503164f1e90?s=96&d=mm&r=g","caption":"Boris"},"url":"https:\/\/www.vegaintro-projekti.com\/pilar-stari\/author\/boris\/"}]}},"_links":{"self":[{"href":"https:\/\/www.vegaintro-projekti.com\/pilar-stari\/wp-json\/wp\/v2\/posts\/32815"}],"collection":[{"href":"https:\/\/www.vegaintro-projekti.com\/pilar-stari\/wp-json\/wp\/v2\/posts"}],"about":[{"href":"https:\/\/www.vegaintro-projekti.com\/pilar-stari\/wp-json\/wp\/v2\/types\/post"}],"author":[{"embeddable":true,"href":"https:\/\/www.vegaintro-projekti.com\/pilar-stari\/wp-json\/wp\/v2\/users\/7"}],"replies":[{"embeddable":true,"href":"https:\/\/www.vegaintro-projekti.com\/pilar-stari\/wp-json\/wp\/v2\/comments?post=32815"}],"version-history":[{"count":5,"href":"https:\/\/www.vegaintro-projekti.com\/pilar-stari\/wp-json\/wp\/v2\/posts\/32815\/revisions"}],"predecessor-version":[{"id":35692,"href":"https:\/\/www.vegaintro-projekti.com\/pilar-stari\/wp-json\/wp\/v2\/posts\/32815\/revisions\/35692"}],"wp:featuredmedia":[{"embeddable":true,"href":"https:\/\/www.vegaintro-projekti.com\/pilar-stari\/wp-json\/wp\/v2\/media\/32807"}],"wp:attachment":[{"href":"https:\/\/www.vegaintro-projekti.com\/pilar-stari\/wp-json\/wp\/v2\/media?parent=32815"}],"wp:term":[{"taxonomy":"category","embeddable":true,"href":"https:\/\/www.vegaintro-projekti.com\/pilar-stari\/wp-json\/wp\/v2\/categories?post=32815"},{"taxonomy":"post_tag","embeddable":true,"href":"https:\/\/www.vegaintro-projekti.com\/pilar-stari\/wp-json\/wp\/v2\/tags?post=32815"}],"curies":[{"name":"wp","href":"https:\/\/api.w.org\/{rel}","templated":true}]}}