{"id":329,"date":"2010-10-26T00:00:00","date_gmt":"2010-10-26T00:00:00","guid":{"rendered":"https:\/\/www.vegaintro-projekti.com\/pilar-stari\/2010\/10\/26\/odran-znanstveni-skup-o-mons-dr-boi-milanoviu\/"},"modified":"2017-12-07T13:15:53","modified_gmt":"2017-12-07T13:15:53","slug":"odran-znanstveni-skup-o-mons-dr-boi-milanoviu","status":"publish","type":"post","link":"https:\/\/www.vegaintro-projekti.com\/pilar-stari\/2010\/10\/odran-znanstveni-skup-o-mons-dr-boi-milanoviu\/","title":{"rendered":"Odr\u017ean znanstveni skup o mons. dr. Bo\u017ei Milanovi\u0107u"},"content":{"rendered":"<p><strong>Povodom 120. obljetnice ro\u0111enja i 30. obljetnice smrti mons. dr. Bo\u017ee Milanovi\u0107a u Pazinu, u subotu, 16. listopada 2010., odr\u017eao se znanstveni skup \u201cMons. dr. BO\u017dO MILANOVI\u0106 -TRAGOVI JEDNE VIZIJE\u201d. Organizatori Skupa su bili Pore\u010dka i Pulska biskupija, Institut dru\u0161tvenih znanosti Ivo Pilar &#8211; Podru\u010dni centar Pula i Istarska\u00a0 \u017eupanija a suorganizatori: Istarsko knji\u017eevno dru\u0161tvo Juraj Dobrila, Op\u0107ina Tinjan, Dru\u017eba &#8220;Bra\u0107a hrvatskog zmaja&#8221; &#8211; \u017dupanijski stol Pazin te Pazinski kolegij &#8211; klasi\u010dna gimnazija gdje se i odr\u017eao skup.<\/strong>\u00a0 <\/p>\n<table border=\"0\">\n<tbody>\n<tr>\n<td><a href=\"https:\/\/www.vegaintro-projekti.com\/pilar-stari\/2008\/10\/podruni-centar-split\/\"><img decoding=\"async\" loading=\"lazy\" height=\"140\" width=\"210\" src=\"https:\/\/www.vegaintro-projekti.com\/pilar-stari\/wp-content\/images\/stories\/fotografije\/skup_milanovic\/skup_milanovic_1.jpg\" alt=\"skup_milanovic_1\" \/><\/a><\/td>\n<td><a href=\"https:\/\/www.vegaintro-projekti.com\/pilar-stari\/2008\/10\/podruni-centar-split\/\"><img decoding=\"async\" loading=\"lazy\" height=\"140\" width=\"210\" src=\"https:\/\/www.vegaintro-projekti.com\/pilar-stari\/wp-content\/images\/stories\/fotografije\/skup_milanovic\/skup_milanovic_2.jpg\" alt=\"skup_milanovic_2\" \/><\/a><\/td>\n<td><a href=\"https:\/\/www.vegaintro-projekti.com\/pilar-stari\/2008\/10\/podruni-centar-split\/\"><img decoding=\"async\" loading=\"lazy\" height=\"140\" width=\"210\" src=\"https:\/\/www.vegaintro-projekti.com\/pilar-stari\/wp-content\/images\/stories\/fotografije\/skup_milanovic\/skup_milanovic_3.jpg\" alt=\"skup_milanovic_3\" \/><\/a><\/td>\n<\/tr>\n<\/tbody>\n<\/table>\n<p><span style=\"font-size: 12pt;\">&#8220;Iznena\u0111uju\u0107e je koliko malo ljudi u Hrvatskoj zna tko je mons. dr. Bo\u017eo Milanovi\u0107 i kolike su njegove zasluge za kona\u010dno pripojenje Istre Hrvatskoj, a to ga uz druga njegova djela svrstava me\u0111u najve\u0107e ljude hrvatske povijesti&#8221;, naglasio je u raspravi na znanstvenom skupu posve\u0107enom Milanovi\u0107u dr. Miroslav Akmad\u017ea<br \/><\/span><br \/>&#8211; <a href=\"https:\/\/www.vegaintro-projekti.com\/pilar-stari\/2010\/10\/znastveni-skup-mons-dr-boo-milanovi-tragovi-jedne-vizije\/\">Program skupa<\/a><br \/>&#8211; <a href=\"https:\/\/www.vegaintro-projekti.com\/pilar-stari\/2008\/10\/podruni-centar-split\/\">Fotogalerija<\/a><br \/>&#8211; <a href=\"#mediji\">Skup u medijima<\/a><\/p>\n<p>Izme\u0111u brojnih predava\u010da (15 znanstvenih referata koji su obuhva\u0107ali aktivnosti i zasluge Bo\u017ee Milanovi\u0107a u odnosu na dana\u0161nju crkvenu i dru\u0161tvenu situaciju, Milanovi\u0107evo filozofsko stvarala\u0161tvo, odnos Milanovi\u0107a i Rije\u010dke nadbiskupije i dr.), predavanja su tako\u0111er odr\u017eali djelatinici Instituta dru\u0161tvenih znanosti Ivo Pilar, podru\u010dni centar Pula: dr. sc. Stipan Trogrli\u0107 je odr\u017eao predavanje na teme &#8220;Milanovi\u0107 i Istarski NOP (1941.-1945.)&#8221; i &#8220;Bo\u017eo Milanovi\u0107 \u2013 ravnatelj pazinskog sjemeni\u0161ta i sjemeni\u0161ne gimnazije (1947.-1968.)&#8221;; dr. sc. Mario So\u0161i\u0107 i prf. Tatjana Tomai\u0107 su odr\u017eali predavanje na temu &#8220;Hrvatske identitetske i dr\u017eavotvorne zna\u010dajke politi\u010dkog (dru\u0161tvenog) djelovanja Bo\u017ee Milanovi\u0107a&#8221; a dr. sc.\u00a0Jasna \u0106urkovi\u0107 na temu &#8220;Bo\u017eo Milanovi\u0107 i eti\u010dke implikacije njegova politi\u010dkog djelovanja&#8221;. Na samom otvaranju skup je pozdravio i ravnatelj Instituta dr. sc. Vlado \u0160aki\u0107, istaknuv\u0161i va\u017enost Bo\u017ee Milanovi\u0107a ne samo u istarskom kontekstu, ve\u0107 tako\u0111er i u onom hrvatskom i onom europskom, te je usporedio Milanovi\u0107a s Ivom Pilarom, u smislu doprinosa tih dviju li\u010dnosti nacionalno-integracijskim procesima. <br \/>Nakon znanstvenog skupa u Pazinskom kolegiju je otvorena izlo\u017eba o Bo\u017ei Milanovi\u0107u koju su priredili Marija Iveti\u0107 i Mladen Juvenal Milohani\u0107, a u Kringi, njegovom rodnom mjestu, otkrivena je bista, rad kipara Tomislava Kr\u0161njavog. Na koncu skupa je prikazan i dokumentarni film o Bo\u017ei Milanovi\u0107u. <\/p>\n<p><a name=\"mediji\"><\/a><br \/><strong>Skup u medijima<\/strong><\/p>\n<p>&#8211; IKA: <a href=\"http:\/\/www.ika.hr\/index.php?prikaz=vijest&amp;ID=125577\">Znanstveni skup o dr. Bo\u017ei Milanovi\u0107u<\/a> <br \/>&#8211; Istarsko povijesno dru\u0161tvo: <a href=\"http:\/\/ipd-ssi.hr\/?p=920\">Znanstveni skup o dr. Bo\u017ei Milanovi\u0107u \u2013 tragovi jedne vizije<\/a> <br \/>&#8211;\u00a0Glas Istre: <a href=\"http:\/\/www.glasistre.hr\/kultura\/vijest\/273226\">Tragovi jedne vizije<\/a><br \/>&#8211; Kulturistra: <a href=\"http:\/\/kulturistra.hr\/lang\/hr\/tag\/mons-dr-bozo-milanovic\/\">Znanstveni skup &#8220;mons. dr. Bo\u017eo Milanovi\u0107 \u2013 tragovi jedne vizije&#8221; u Pazinu<\/a><br \/>&#8211; Historiografija: <a href=\"http:\/\/historiografija.hr\/news.php?id=121\">Znanstveni skup &#8220;mons. dr. Bo\u017eo Milanovi\u0107 \u2013 tragovi jedne vizije&#8221;<\/a><br \/>&#8211; Novi List: <a href=\"http:\/\/novine.novilist.hr\/default.asp?WCI=Pretrazivac&amp;WCU=28592863285B2863285A285828592858286328632863285D285A28582858285A285A28632863286328582863H\">Bo\u017eo Milanovi\u0107 \u2013 najve\u0107i sin Istre<\/a><\/p>\n","protected":false},"excerpt":{"rendered":"<p>Povodom 120. obljetnice ro\u0111enja i 30. obljetnice smrti mons. dr. Bo\u017ee Milanovi\u0107a u Pazinu, u subotu, 16. listopada 2010., odr\u017eao se znanstveni skup \u201cMons. dr. BO\u017dO MILANOVI\u0106 -TRAGOVI JEDNE VIZIJE\u201d. Organizatori Skupa su bili Pore\u010dka i Pulska biskupija, Institut dru\u0161tvenih znanosti Ivo Pilar &#8211; Podru\u010dni centar Pula i Istarska\u00a0 \u017eupanija a suorganizatori: Istarsko knji\u017eevno dru\u0161tvo&hellip; <a class=\"continue\" href=\"https:\/\/www.vegaintro-projekti.com\/pilar-stari\/2010\/10\/odran-znanstveni-skup-o-mons-dr-boi-milanoviu\/\">Pro\u010ditaj vi\u0161e o<span> Odr\u017ean znanstveni skup o mons. dr. Bo\u017ei Milanovi\u0107u<\/span><\/a><\/p>\n","protected":false},"author":1,"featured_media":0,"comment_status":"open","ping_status":"open","sticky":false,"template":"","format":"standard","meta":{"inline_featured_image":false,"ngg_post_thumbnail":0,"footnotes":""},"categories":[11],"tags":[],"yoast_head":"<!-- This site is optimized with the Yoast SEO plugin v21.2 - https:\/\/yoast.com\/wordpress\/plugins\/seo\/ -->\n<title>Odr\u017ean znanstveni skup o mons. dr. Bo\u017ei Milanovi\u0107u - Institut dru&scaron;tvenih znanosti Ivo Pilar<\/title>\n<meta name=\"robots\" content=\"noindex, follow, max-snippet:-1, max-image-preview:large, max-video-preview:-1\" \/>\n<meta property=\"og:locale\" content=\"hr_HR\" \/>\n<meta property=\"og:type\" content=\"article\" \/>\n<meta property=\"og:title\" content=\"Odr\u017ean znanstveni skup o mons. dr. Bo\u017ei Milanovi\u0107u - Institut dru&scaron;tvenih znanosti Ivo Pilar\" \/>\n<meta property=\"og:description\" content=\"Povodom 120. obljetnice ro\u0111enja i 30. obljetnice smrti mons. dr. Bo\u017ee Milanovi\u0107a u Pazinu, u subotu, 16. listopada 2010., odr\u017eao se znanstveni skup \u201cMons. dr. BO\u017dO MILANOVI\u0106 -TRAGOVI JEDNE VIZIJE\u201d. Organizatori Skupa su bili Pore\u010dka i Pulska biskupija, Institut dru\u0161tvenih znanosti Ivo Pilar &#8211; Podru\u010dni centar Pula i Istarska\u00a0 \u017eupanija a suorganizatori: Istarsko knji\u017eevno dru\u0161tvo&hellip; Pro\u010ditaj vi\u0161e o Odr\u017ean znanstveni skup o mons. dr. Bo\u017ei Milanovi\u0107u\" \/>\n<meta property=\"og:url\" content=\"https:\/\/www.vegaintro-projekti.com\/pilar-stari\/2010\/10\/odran-znanstveni-skup-o-mons-dr-boi-milanoviu\/\" \/>\n<meta property=\"og:site_name\" content=\"Institut dru&scaron;tvenih znanosti Ivo Pilar\" \/>\n<meta property=\"article:published_time\" content=\"2010-10-26T00:00:00+00:00\" \/>\n<meta property=\"article:modified_time\" content=\"2017-12-07T13:15:53+00:00\" \/>\n<meta property=\"og:image\" content=\"https:\/\/www.vegaintro-projekti.com\/pilar-stari\/wp-content\/images\/stories\/fotografije\/skup_milanovic\/skup_milanovic_1.jpg\" \/>\n<meta name=\"author\" content=\"pilar-admin\" \/>\n<meta name=\"twitter:card\" content=\"summary_large_image\" \/>\n<meta name=\"twitter:label1\" content=\"Napisao\/la\" \/>\n\t<meta name=\"twitter:data1\" content=\"pilar-admin\" \/>\n\t<meta name=\"twitter:label2\" content=\"Procijenjeno vrijeme \u010ditanja\" \/>\n\t<meta name=\"twitter:data2\" content=\"2 minute\" \/>\n<script type=\"application\/ld+json\" class=\"yoast-schema-graph\">{\"@context\":\"https:\/\/schema.org\",\"@graph\":[{\"@type\":\"WebPage\",\"@id\":\"https:\/\/www.vegaintro-projekti.com\/pilar-stari\/2010\/10\/odran-znanstveni-skup-o-mons-dr-boi-milanoviu\/\",\"url\":\"https:\/\/www.vegaintro-projekti.com\/pilar-stari\/2010\/10\/odran-znanstveni-skup-o-mons-dr-boi-milanoviu\/\",\"name\":\"Odr\u017ean znanstveni skup o mons. dr. Bo\u017ei Milanovi\u0107u - Institut dru&scaron;tvenih znanosti Ivo Pilar\",\"isPartOf\":{\"@id\":\"https:\/\/www.vegaintro-projekti.com\/pilar-stari\/#website\"},\"datePublished\":\"2010-10-26T00:00:00+00:00\",\"dateModified\":\"2017-12-07T13:15:53+00:00\",\"author\":{\"@id\":\"https:\/\/www.vegaintro-projekti.com\/pilar-stari\/#\/schema\/person\/c0db50ebd77c4409e19b18044bbf10c1\"},\"breadcrumb\":{\"@id\":\"https:\/\/www.vegaintro-projekti.com\/pilar-stari\/2010\/10\/odran-znanstveni-skup-o-mons-dr-boi-milanoviu\/#breadcrumb\"},\"inLanguage\":\"hr\",\"potentialAction\":[{\"@type\":\"ReadAction\",\"target\":[\"https:\/\/www.vegaintro-projekti.com\/pilar-stari\/2010\/10\/odran-znanstveni-skup-o-mons-dr-boi-milanoviu\/\"]}]},{\"@type\":\"BreadcrumbList\",\"@id\":\"https:\/\/www.vegaintro-projekti.com\/pilar-stari\/2010\/10\/odran-znanstveni-skup-o-mons-dr-boi-milanoviu\/#breadcrumb\",\"itemListElement\":[{\"@type\":\"ListItem\",\"position\":1,\"name\":\"Home\",\"item\":\"https:\/\/www.vegaintro-projekti.com\/pilar-stari\/\"},{\"@type\":\"ListItem\",\"position\":2,\"name\":\"Odr\u017ean znanstveni skup o mons. dr. Bo\u017ei Milanovi\u0107u\"}]},{\"@type\":\"WebSite\",\"@id\":\"https:\/\/www.vegaintro-projekti.com\/pilar-stari\/#website\",\"url\":\"https:\/\/www.vegaintro-projekti.com\/pilar-stari\/\",\"name\":\"Institut dru&scaron;tvenih znanosti Ivo Pilar\",\"description\":\"Pilar\",\"potentialAction\":[{\"@type\":\"SearchAction\",\"target\":{\"@type\":\"EntryPoint\",\"urlTemplate\":\"https:\/\/www.vegaintro-projekti.com\/pilar-stari\/?s={search_term_string}\"},\"query-input\":\"required name=search_term_string\"}],\"inLanguage\":\"hr\"},{\"@type\":\"Person\",\"@id\":\"https:\/\/www.vegaintro-projekti.com\/pilar-stari\/#\/schema\/person\/c0db50ebd77c4409e19b18044bbf10c1\",\"name\":\"pilar-admin\",\"image\":{\"@type\":\"ImageObject\",\"inLanguage\":\"hr\",\"@id\":\"https:\/\/www.vegaintro-projekti.com\/pilar-stari\/#\/schema\/person\/image\/\",\"url\":\"https:\/\/secure.gravatar.com\/avatar\/fac9e03c4db0011b9c1ad8b5e9c74b8c?s=96&d=mm&r=g\",\"contentUrl\":\"https:\/\/secure.gravatar.com\/avatar\/fac9e03c4db0011b9c1ad8b5e9c74b8c?s=96&d=mm&r=g\",\"caption\":\"pilar-admin\"},\"url\":\"https:\/\/www.vegaintro-projekti.com\/pilar-stari\/author\/pilar-admin\/\"}]}<\/script>\n<!-- \/ Yoast SEO plugin. -->","yoast_head_json":{"title":"Odr\u017ean znanstveni skup o mons. dr. Bo\u017ei Milanovi\u0107u - Institut dru&scaron;tvenih znanosti Ivo Pilar","robots":{"index":"noindex","follow":"follow","max-snippet":"max-snippet:-1","max-image-preview":"max-image-preview:large","max-video-preview":"max-video-preview:-1"},"og_locale":"hr_HR","og_type":"article","og_title":"Odr\u017ean znanstveni skup o mons. dr. Bo\u017ei Milanovi\u0107u - Institut dru&scaron;tvenih znanosti Ivo Pilar","og_description":"Povodom 120. obljetnice ro\u0111enja i 30. obljetnice smrti mons. dr. Bo\u017ee Milanovi\u0107a u Pazinu, u subotu, 16. listopada 2010., odr\u017eao se znanstveni skup \u201cMons. dr. BO\u017dO MILANOVI\u0106 -TRAGOVI JEDNE VIZIJE\u201d. Organizatori Skupa su bili Pore\u010dka i Pulska biskupija, Institut dru\u0161tvenih znanosti Ivo Pilar &#8211; Podru\u010dni centar Pula i Istarska\u00a0 \u017eupanija a suorganizatori: Istarsko knji\u017eevno dru\u0161tvo&hellip; Pro\u010ditaj vi\u0161e o Odr\u017ean znanstveni skup o mons. dr. Bo\u017ei Milanovi\u0107u","og_url":"https:\/\/www.vegaintro-projekti.com\/pilar-stari\/2010\/10\/odran-znanstveni-skup-o-mons-dr-boi-milanoviu\/","og_site_name":"Institut dru&scaron;tvenih znanosti Ivo Pilar","article_published_time":"2010-10-26T00:00:00+00:00","article_modified_time":"2017-12-07T13:15:53+00:00","og_image":[{"url":"https:\/\/www.vegaintro-projekti.com\/pilar-stari\/wp-content\/images\/stories\/fotografije\/skup_milanovic\/skup_milanovic_1.jpg"}],"author":"pilar-admin","twitter_card":"summary_large_image","twitter_misc":{"Napisao\/la":"pilar-admin","Procijenjeno vrijeme \u010ditanja":"2 minute"},"schema":{"@context":"https:\/\/schema.org","@graph":[{"@type":"WebPage","@id":"https:\/\/www.vegaintro-projekti.com\/pilar-stari\/2010\/10\/odran-znanstveni-skup-o-mons-dr-boi-milanoviu\/","url":"https:\/\/www.vegaintro-projekti.com\/pilar-stari\/2010\/10\/odran-znanstveni-skup-o-mons-dr-boi-milanoviu\/","name":"Odr\u017ean znanstveni skup o mons. dr. Bo\u017ei Milanovi\u0107u - Institut dru&scaron;tvenih znanosti Ivo Pilar","isPartOf":{"@id":"https:\/\/www.vegaintro-projekti.com\/pilar-stari\/#website"},"datePublished":"2010-10-26T00:00:00+00:00","dateModified":"2017-12-07T13:15:53+00:00","author":{"@id":"https:\/\/www.vegaintro-projekti.com\/pilar-stari\/#\/schema\/person\/c0db50ebd77c4409e19b18044bbf10c1"},"breadcrumb":{"@id":"https:\/\/www.vegaintro-projekti.com\/pilar-stari\/2010\/10\/odran-znanstveni-skup-o-mons-dr-boi-milanoviu\/#breadcrumb"},"inLanguage":"hr","potentialAction":[{"@type":"ReadAction","target":["https:\/\/www.vegaintro-projekti.com\/pilar-stari\/2010\/10\/odran-znanstveni-skup-o-mons-dr-boi-milanoviu\/"]}]},{"@type":"BreadcrumbList","@id":"https:\/\/www.vegaintro-projekti.com\/pilar-stari\/2010\/10\/odran-znanstveni-skup-o-mons-dr-boi-milanoviu\/#breadcrumb","itemListElement":[{"@type":"ListItem","position":1,"name":"Home","item":"https:\/\/www.vegaintro-projekti.com\/pilar-stari\/"},{"@type":"ListItem","position":2,"name":"Odr\u017ean znanstveni skup o mons. dr. Bo\u017ei Milanovi\u0107u"}]},{"@type":"WebSite","@id":"https:\/\/www.vegaintro-projekti.com\/pilar-stari\/#website","url":"https:\/\/www.vegaintro-projekti.com\/pilar-stari\/","name":"Institut dru&scaron;tvenih znanosti Ivo Pilar","description":"Pilar","potentialAction":[{"@type":"SearchAction","target":{"@type":"EntryPoint","urlTemplate":"https:\/\/www.vegaintro-projekti.com\/pilar-stari\/?s={search_term_string}"},"query-input":"required name=search_term_string"}],"inLanguage":"hr"},{"@type":"Person","@id":"https:\/\/www.vegaintro-projekti.com\/pilar-stari\/#\/schema\/person\/c0db50ebd77c4409e19b18044bbf10c1","name":"pilar-admin","image":{"@type":"ImageObject","inLanguage":"hr","@id":"https:\/\/www.vegaintro-projekti.com\/pilar-stari\/#\/schema\/person\/image\/","url":"https:\/\/secure.gravatar.com\/avatar\/fac9e03c4db0011b9c1ad8b5e9c74b8c?s=96&d=mm&r=g","contentUrl":"https:\/\/secure.gravatar.com\/avatar\/fac9e03c4db0011b9c1ad8b5e9c74b8c?s=96&d=mm&r=g","caption":"pilar-admin"},"url":"https:\/\/www.vegaintro-projekti.com\/pilar-stari\/author\/pilar-admin\/"}]}},"_links":{"self":[{"href":"https:\/\/www.vegaintro-projekti.com\/pilar-stari\/wp-json\/wp\/v2\/posts\/329"}],"collection":[{"href":"https:\/\/www.vegaintro-projekti.com\/pilar-stari\/wp-json\/wp\/v2\/posts"}],"about":[{"href":"https:\/\/www.vegaintro-projekti.com\/pilar-stari\/wp-json\/wp\/v2\/types\/post"}],"author":[{"embeddable":true,"href":"https:\/\/www.vegaintro-projekti.com\/pilar-stari\/wp-json\/wp\/v2\/users\/1"}],"replies":[{"embeddable":true,"href":"https:\/\/www.vegaintro-projekti.com\/pilar-stari\/wp-json\/wp\/v2\/comments?post=329"}],"version-history":[{"count":4,"href":"https:\/\/www.vegaintro-projekti.com\/pilar-stari\/wp-json\/wp\/v2\/posts\/329\/revisions"}],"predecessor-version":[{"id":6781,"href":"https:\/\/www.vegaintro-projekti.com\/pilar-stari\/wp-json\/wp\/v2\/posts\/329\/revisions\/6781"}],"wp:attachment":[{"href":"https:\/\/www.vegaintro-projekti.com\/pilar-stari\/wp-json\/wp\/v2\/media?parent=329"}],"wp:term":[{"taxonomy":"category","embeddable":true,"href":"https:\/\/www.vegaintro-projekti.com\/pilar-stari\/wp-json\/wp\/v2\/categories?post=329"},{"taxonomy":"post_tag","embeddable":true,"href":"https:\/\/www.vegaintro-projekti.com\/pilar-stari\/wp-json\/wp\/v2\/tags?post=329"}],"curies":[{"name":"wp","href":"https:\/\/api.w.org\/{rel}","templated":true}]}}