{"id":33026,"date":"2025-03-08T19:51:49","date_gmt":"2025-03-08T19:51:49","guid":{"rendered":"https:\/\/www.vegaintro-projekti.com\/pilar-stari\/?p=33026"},"modified":"2025-03-12T17:54:15","modified_gmt":"2025-03-12T17:54:15","slug":"poziv-na-predavanje-dr-sc-milana-puha-istrazivanje-migracija-u-kontekstu-dekolonijalnosti-i-multi-interdisciplinarnosti-zagreb-11-3-2025","status":"publish","type":"post","link":"https:\/\/www.vegaintro-projekti.com\/pilar-stari\/2025\/03\/poziv-na-predavanje-dr-sc-milana-puha-istrazivanje-migracija-u-kontekstu-dekolonijalnosti-i-multi-interdisciplinarnosti-zagreb-11-3-2025\/","title":{"rendered":"Predavanje dr. sc. Milana Puha &#8220;Istra\u017eivanje migracija u kontekstu dekolonijalnosti i multi\/interdisciplinarnosti&#8221;; Zagreb, 11. 3. 2025."},"content":{"rendered":"<p><strong>U okviru projekta Dinamika i izazovi migracije, re-migracije i imigracije u Republici Hrvatskoj (DinamiRH) (EU NextGeneration EU 01\/08-73\/23-2519-18) organizirano je predavanje doc. dr. sc. Milana Puha pod nazivom \u201eIstra\u017eivanje migracija u kontekstu dekolonijalnosti i multi\/interdisciplinarnosti\u201c. Predavanje je odr\u017eano 11. o\u017eujka 2025. godine u Multimedijalnoj dvorani Instituta Pilar. Nazo\u010dne je pozdravio prof. dr. sc. \u017deljko Holjevac, ravnatelj Instituta dru\u0161tvenih znanosti Ivo Pilar<\/strong><\/p>\n<div class=\"wp-block-image\">\n<p><a href=\"https:\/\/www.vegaintro-projekti.com\/pilar-stari\/wp-content\/uploads\/2025\/03\/IMG_1-3.jpg\"><img decoding=\"async\" loading=\"lazy\" class=\"alignnone wp-image-33067 size-full\" src=\"https:\/\/www.vegaintro-projekti.com\/pilar-stari\/wp-content\/uploads\/2025\/03\/IMG_1s-3.jpg\" alt=\"i1\" width=\"620\" height=\"279\" srcset=\"https:\/\/www.vegaintro-projekti.com\/pilar-stari\/wp-content\/uploads\/2025\/03\/IMG_1s-3.jpg 620w, https:\/\/www.vegaintro-projekti.com\/pilar-stari\/wp-content\/uploads\/2025\/03\/IMG_1s-3-300x135.jpg 300w\" sizes=\"(max-width: 620px) 100vw, 620px\" \/><\/a><a href=\"https:\/\/www.vegaintro-projekti.com\/pilar-stari\/wp-content\/uploads\/2025\/03\/IMG_3-1.jpg\"><img decoding=\"async\" loading=\"lazy\" class=\"alignnone wp-image-33071 size-full\" src=\"https:\/\/www.vegaintro-projekti.com\/pilar-stari\/wp-content\/uploads\/2025\/03\/IMG_3s-1.jpg\" alt=\"i2\" width=\"620\" height=\"320\" srcset=\"https:\/\/www.vegaintro-projekti.com\/pilar-stari\/wp-content\/uploads\/2025\/03\/IMG_3s-1.jpg 620w, https:\/\/www.vegaintro-projekti.com\/pilar-stari\/wp-content\/uploads\/2025\/03\/IMG_3s-1-300x155.jpg 300w\" sizes=\"(max-width: 620px) 100vw, 620px\" \/><\/a><a href=\"https:\/\/www.vegaintro-projekti.com\/pilar-stari\/wp-content\/uploads\/2025\/03\/IMG_4-1.jpg\"><img decoding=\"async\" loading=\"lazy\" class=\"alignnone wp-image-33073 size-full\" src=\"https:\/\/www.vegaintro-projekti.com\/pilar-stari\/wp-content\/uploads\/2025\/03\/IMG_4s-1.jpg\" alt=\"i3\" width=\"620\" height=\"367\" srcset=\"https:\/\/www.vegaintro-projekti.com\/pilar-stari\/wp-content\/uploads\/2025\/03\/IMG_4s-1.jpg 620w, https:\/\/www.vegaintro-projekti.com\/pilar-stari\/wp-content\/uploads\/2025\/03\/IMG_4s-1-300x178.jpg 300w\" sizes=\"(max-width: 620px) 100vw, 620px\" \/><\/a><a href=\"https:\/\/www.vegaintro-projekti.com\/pilar-stari\/wp-content\/uploads\/2025\/03\/IMG_2-2.jpg\"><img decoding=\"async\" loading=\"lazy\" class=\"alignnone wp-image-33069 size-full\" src=\"https:\/\/www.vegaintro-projekti.com\/pilar-stari\/wp-content\/uploads\/2025\/03\/IMG_2s-3.jpg\" alt=\"i4\" width=\"620\" height=\"409\" srcset=\"https:\/\/www.vegaintro-projekti.com\/pilar-stari\/wp-content\/uploads\/2025\/03\/IMG_2s-3.jpg 620w, https:\/\/www.vegaintro-projekti.com\/pilar-stari\/wp-content\/uploads\/2025\/03\/IMG_2s-3-300x198.jpg 300w, https:\/\/www.vegaintro-projekti.com\/pilar-stari\/wp-content\/uploads\/2025\/03\/IMG_2s-3-310x205.jpg 310w\" sizes=\"(max-width: 620px) 100vw, 620px\" \/><\/a><\/p>\n<\/div>\n<p><strong>Doc. dr. sc. Milan Puh<\/strong> predstavio je svoj \u017eivotni, akademski i migracijski put \u2013 od studija antropologije i portugalskog jezika na Filozofskom fakultetu u Zagrebu do magisterija znanosti iz portugalskog jezika te doktorata u podru\u010dju obrazovanja i lingvistike na Sveu\u010dili\u0161tu S\u00e3o Paulo. U fokusu njegova istra\u017eiva\u010dkog rada su hrvatske iseljeni\u010dke zajednice u Brazilu. S obzirom na to da je rije\u010d o nedovoljno istra\u017eenoj temi, doc. dr. sc. Puh istaknuo je kako, s jedne strane, postoji veliki interes u\u010denika\/ica za svoje korijene te je pove\u0107an interes za dr\u017eavljanstvom i sadr\u017eajima o Hrvatskoj, no, s druge strane, jo\u0161 uvijek je malo publikacija o hrvatskim zajednicama u Brazilu, dok u Hrvatskoj nedostaju sustavne informacije o ovoj tematici. Osim znanstvenih ciljeva, istra\u017eivanje je usmjereno i na ja\u010danje identiteta hrvatske zajednice u Brazilu, umre\u017eavanje zajednica na brazilskom teritoriju te njihovo povezivanje s Hrvatskom. Doc. dr. sc. Puh ukazao je na nu\u017enost uva\u017eavanja i afirmiranja dekolonijalne perspektive pri istra\u017eivanju prostora u kontekstu Globalnog juga, kao i na va\u017enost interdisciplinarnih i multidisciplinarnih pristupa u istra\u017eivanju i razumijevanju migracijskih procesa te raznolikih migrantskih identiteta. Kroz predstavljanje dokumentacije, tiskovina, arhivske gra\u0111e, karata, statisti\u010dkih podataka i publikacija proiza\u0161lih iz projektnih aktivnosti, doc. dr. sc. Puh demonstrirao je svoj sustavan, kontinuiran i u zajednici anga\u017eiran znanstveni rad. Nakon inspirativnog predavanja uslijedila je zanimljiva rasprava, u kojoj je gospodin Dario Magdi\u0107, zamjenik dr\u017eavnog tajnika Sredi\u0161njeg dr\u017eavnog ureda za Hrvate izvan RH, istaknuo va\u017enost znanstvenih suradnji i akademskih inicijativa u istra\u017eivanju te povezivanju zajednice hrvatskih iseljenika u Brazilu s Republikom Hrvatskom.<\/p>\n<p>&#8211; <a href=\"https:\/\/www.vegaintro-projekti.com\/pilar-stari\/wp-content\/uploads\/2025\/03\/Poziv_na_predavanje_MILAN_PUH-1.pdf\">Pozivnica za predavanje dr. sc. Milana Puha &#8220;Istra\u017eivanje migracija u kontekstu dekolonijalnosti i multi\/interdisciplinarnosti&#8221;; Zagreb, 11. 3. 2025.<\/a><\/p>\n<p><a href=\"https:\/\/www.vegaintro-projekti.com\/pilar-stari\/wp-content\/uploads\/2025\/03\/Poziv_na_predavanje_MILAN_PUH-1.pdf\"><img decoding=\"async\" loading=\"lazy\" class=\"alignnone wp-image-33024 size-full\" src=\"https:\/\/www.vegaintro-projekti.com\/pilar-stari\/wp-content\/uploads\/2025\/03\/IMG_s-1.jpg\" alt=\"i1\" width=\"620\" height=\"879\" srcset=\"https:\/\/www.vegaintro-projekti.com\/pilar-stari\/wp-content\/uploads\/2025\/03\/IMG_s-1.jpg 620w, https:\/\/www.vegaintro-projekti.com\/pilar-stari\/wp-content\/uploads\/2025\/03\/IMG_s-1-212x300.jpg 212w\" sizes=\"(max-width: 620px) 100vw, 620px\" \/><\/a><\/p>\n<blockquote><p><a href=\"https:\/\/www.vegaintro-projekti.com\/pilar-stari\/2024\/04\/projekt-dinamirh-dinamika-i-izazovi-migracije-remigracije-i-imigracije-u-republici-hrvatskoj\/\">Projekt DinamiRH<\/a><\/p><\/blockquote>\n","protected":false},"excerpt":{"rendered":"<p>U okviru projekta Dinamika i izazovi migracije, re-migracije i imigracije u Republici Hrvatskoj (DinamiRH) (EU NextGeneration EU 01\/08-73\/23-2519-18) organizirano je predavanje doc. dr. sc. Milana Puha pod nazivom \u201eIstra\u017eivanje migracija u kontekstu dekolonijalnosti i multi\/interdisciplinarnosti\u201c. Predavanje je odr\u017eano 11. o\u017eujka 2025. godine u Multimedijalnoj dvorani Instituta Pilar. Nazo\u010dne je pozdravio prof. dr. sc. \u017deljko Holjevac,&hellip; <a class=\"continue\" href=\"https:\/\/www.vegaintro-projekti.com\/pilar-stari\/2025\/03\/poziv-na-predavanje-dr-sc-milana-puha-istrazivanje-migracija-u-kontekstu-dekolonijalnosti-i-multi-interdisciplinarnosti-zagreb-11-3-2025\/\">Pro\u010ditaj vi\u0161e o<span> Predavanje dr. sc. Milana Puha &#8220;Istra\u017eivanje migracija u kontekstu dekolonijalnosti i multi\/interdisciplinarnosti&#8221;; Zagreb, 11. 3. 2025.<\/span><\/a><\/p>\n","protected":false},"author":7,"featured_media":33022,"comment_status":"closed","ping_status":"closed","sticky":false,"template":"","format":"standard","meta":{"inline_featured_image":false,"ngg_post_thumbnail":0,"footnotes":""},"categories":[48,11],"tags":[],"yoast_head":"<!-- This site is optimized with the Yoast SEO plugin v21.2 - https:\/\/yoast.com\/wordpress\/plugins\/seo\/ -->\n<title>Predavanje dr. sc. Milana Puha &quot;Istra\u017eivanje migracija u kontekstu dekolonijalnosti i multi\/interdisciplinarnosti&quot;; Zagreb, 11. 3. 2025. - Institut dru&scaron;tvenih znanosti Ivo Pilar<\/title>\n<meta name=\"robots\" content=\"noindex, follow, max-snippet:-1, max-image-preview:large, max-video-preview:-1\" \/>\n<meta property=\"og:locale\" content=\"hr_HR\" \/>\n<meta property=\"og:type\" content=\"article\" \/>\n<meta property=\"og:title\" content=\"Predavanje dr. sc. Milana Puha &quot;Istra\u017eivanje migracija u kontekstu dekolonijalnosti i multi\/interdisciplinarnosti&quot;; Zagreb, 11. 3. 2025. - Institut dru&scaron;tvenih znanosti Ivo Pilar\" \/>\n<meta property=\"og:description\" content=\"U okviru projekta Dinamika i izazovi migracije, re-migracije i imigracije u Republici Hrvatskoj (DinamiRH) (EU NextGeneration EU 01\/08-73\/23-2519-18) organizirano je predavanje doc. dr. sc. Milana Puha pod nazivom \u201eIstra\u017eivanje migracija u kontekstu dekolonijalnosti i multi\/interdisciplinarnosti\u201c. Predavanje je odr\u017eano 11. o\u017eujka 2025. godine u Multimedijalnoj dvorani Instituta Pilar. Nazo\u010dne je pozdravio prof. dr. sc. \u017deljko Holjevac,&hellip; Pro\u010ditaj vi\u0161e o Predavanje dr. sc. Milana Puha &#8220;Istra\u017eivanje migracija u kontekstu dekolonijalnosti i multi\/interdisciplinarnosti&#8221;; Zagreb, 11. 3. 2025.\" \/>\n<meta property=\"og:url\" content=\"https:\/\/www.vegaintro-projekti.com\/pilar-stari\/2025\/03\/poziv-na-predavanje-dr-sc-milana-puha-istrazivanje-migracija-u-kontekstu-dekolonijalnosti-i-multi-interdisciplinarnosti-zagreb-11-3-2025\/\" \/>\n<meta property=\"og:site_name\" content=\"Institut dru&scaron;tvenih znanosti Ivo Pilar\" \/>\n<meta property=\"article:published_time\" content=\"2025-03-08T19:51:49+00:00\" \/>\n<meta property=\"article:modified_time\" content=\"2025-03-12T17:54:15+00:00\" \/>\n<meta property=\"og:image\" content=\"https:\/\/www.vegaintro-projekti.com\/pilar-stari\/wp-content\/uploads\/2025\/03\/IMG_fi-3.jpg\" \/>\n\t<meta property=\"og:image:width\" content=\"500\" \/>\n\t<meta property=\"og:image:height\" content=\"222\" \/>\n\t<meta property=\"og:image:type\" content=\"image\/jpeg\" \/>\n<meta name=\"author\" content=\"Boris\" \/>\n<meta name=\"twitter:card\" content=\"summary_large_image\" \/>\n<meta name=\"twitter:label1\" content=\"Napisao\/la\" \/>\n\t<meta name=\"twitter:data1\" content=\"Boris\" \/>\n\t<meta name=\"twitter:label2\" content=\"Procijenjeno vrijeme \u010ditanja\" \/>\n\t<meta name=\"twitter:data2\" content=\"3 minute\" \/>\n<script type=\"application\/ld+json\" class=\"yoast-schema-graph\">{\"@context\":\"https:\/\/schema.org\",\"@graph\":[{\"@type\":\"WebPage\",\"@id\":\"https:\/\/www.vegaintro-projekti.com\/pilar-stari\/2025\/03\/poziv-na-predavanje-dr-sc-milana-puha-istrazivanje-migracija-u-kontekstu-dekolonijalnosti-i-multi-interdisciplinarnosti-zagreb-11-3-2025\/\",\"url\":\"https:\/\/www.vegaintro-projekti.com\/pilar-stari\/2025\/03\/poziv-na-predavanje-dr-sc-milana-puha-istrazivanje-migracija-u-kontekstu-dekolonijalnosti-i-multi-interdisciplinarnosti-zagreb-11-3-2025\/\",\"name\":\"Predavanje dr. sc. Milana Puha \\\"Istra\u017eivanje migracija u kontekstu dekolonijalnosti i multi\/interdisciplinarnosti\\\"; Zagreb, 11. 3. 2025. - Institut dru&scaron;tvenih znanosti Ivo Pilar\",\"isPartOf\":{\"@id\":\"https:\/\/www.vegaintro-projekti.com\/pilar-stari\/#website\"},\"datePublished\":\"2025-03-08T19:51:49+00:00\",\"dateModified\":\"2025-03-12T17:54:15+00:00\",\"author\":{\"@id\":\"https:\/\/www.vegaintro-projekti.com\/pilar-stari\/#\/schema\/person\/ddd404c9f1e15e4ffef5986ac6a5d28b\"},\"breadcrumb\":{\"@id\":\"https:\/\/www.vegaintro-projekti.com\/pilar-stari\/2025\/03\/poziv-na-predavanje-dr-sc-milana-puha-istrazivanje-migracija-u-kontekstu-dekolonijalnosti-i-multi-interdisciplinarnosti-zagreb-11-3-2025\/#breadcrumb\"},\"inLanguage\":\"hr\",\"potentialAction\":[{\"@type\":\"ReadAction\",\"target\":[\"https:\/\/www.vegaintro-projekti.com\/pilar-stari\/2025\/03\/poziv-na-predavanje-dr-sc-milana-puha-istrazivanje-migracija-u-kontekstu-dekolonijalnosti-i-multi-interdisciplinarnosti-zagreb-11-3-2025\/\"]}]},{\"@type\":\"BreadcrumbList\",\"@id\":\"https:\/\/www.vegaintro-projekti.com\/pilar-stari\/2025\/03\/poziv-na-predavanje-dr-sc-milana-puha-istrazivanje-migracija-u-kontekstu-dekolonijalnosti-i-multi-interdisciplinarnosti-zagreb-11-3-2025\/#breadcrumb\",\"itemListElement\":[{\"@type\":\"ListItem\",\"position\":1,\"name\":\"Home\",\"item\":\"https:\/\/www.vegaintro-projekti.com\/pilar-stari\/\"},{\"@type\":\"ListItem\",\"position\":2,\"name\":\"Predavanje dr. sc. Milana Puha &#8220;Istra\u017eivanje migracija u kontekstu dekolonijalnosti i multi\/interdisciplinarnosti&#8221;; Zagreb, 11. 3. 2025.\"}]},{\"@type\":\"WebSite\",\"@id\":\"https:\/\/www.vegaintro-projekti.com\/pilar-stari\/#website\",\"url\":\"https:\/\/www.vegaintro-projekti.com\/pilar-stari\/\",\"name\":\"Institut dru&scaron;tvenih znanosti Ivo Pilar\",\"description\":\"Pilar\",\"potentialAction\":[{\"@type\":\"SearchAction\",\"target\":{\"@type\":\"EntryPoint\",\"urlTemplate\":\"https:\/\/www.vegaintro-projekti.com\/pilar-stari\/?s={search_term_string}\"},\"query-input\":\"required name=search_term_string\"}],\"inLanguage\":\"hr\"},{\"@type\":\"Person\",\"@id\":\"https:\/\/www.vegaintro-projekti.com\/pilar-stari\/#\/schema\/person\/ddd404c9f1e15e4ffef5986ac6a5d28b\",\"name\":\"Boris\",\"image\":{\"@type\":\"ImageObject\",\"inLanguage\":\"hr\",\"@id\":\"https:\/\/www.vegaintro-projekti.com\/pilar-stari\/#\/schema\/person\/image\/\",\"url\":\"https:\/\/secure.gravatar.com\/avatar\/29557b161a6ce6ab86ac1503164f1e90?s=96&d=mm&r=g\",\"contentUrl\":\"https:\/\/secure.gravatar.com\/avatar\/29557b161a6ce6ab86ac1503164f1e90?s=96&d=mm&r=g\",\"caption\":\"Boris\"},\"url\":\"https:\/\/www.vegaintro-projekti.com\/pilar-stari\/author\/boris\/\"}]}<\/script>\n<!-- \/ Yoast SEO plugin. -->","yoast_head_json":{"title":"Predavanje dr. sc. Milana Puha \"Istra\u017eivanje migracija u kontekstu dekolonijalnosti i multi\/interdisciplinarnosti\"; Zagreb, 11. 3. 2025. - Institut dru&scaron;tvenih znanosti Ivo Pilar","robots":{"index":"noindex","follow":"follow","max-snippet":"max-snippet:-1","max-image-preview":"max-image-preview:large","max-video-preview":"max-video-preview:-1"},"og_locale":"hr_HR","og_type":"article","og_title":"Predavanje dr. sc. Milana Puha \"Istra\u017eivanje migracija u kontekstu dekolonijalnosti i multi\/interdisciplinarnosti\"; Zagreb, 11. 3. 2025. - Institut dru&scaron;tvenih znanosti Ivo Pilar","og_description":"U okviru projekta Dinamika i izazovi migracije, re-migracije i imigracije u Republici Hrvatskoj (DinamiRH) (EU NextGeneration EU 01\/08-73\/23-2519-18) organizirano je predavanje doc. dr. sc. Milana Puha pod nazivom \u201eIstra\u017eivanje migracija u kontekstu dekolonijalnosti i multi\/interdisciplinarnosti\u201c. Predavanje je odr\u017eano 11. o\u017eujka 2025. godine u Multimedijalnoj dvorani Instituta Pilar. Nazo\u010dne je pozdravio prof. dr. sc. \u017deljko Holjevac,&hellip; Pro\u010ditaj vi\u0161e o Predavanje dr. sc. Milana Puha &#8220;Istra\u017eivanje migracija u kontekstu dekolonijalnosti i multi\/interdisciplinarnosti&#8221;; Zagreb, 11. 3. 2025.","og_url":"https:\/\/www.vegaintro-projekti.com\/pilar-stari\/2025\/03\/poziv-na-predavanje-dr-sc-milana-puha-istrazivanje-migracija-u-kontekstu-dekolonijalnosti-i-multi-interdisciplinarnosti-zagreb-11-3-2025\/","og_site_name":"Institut dru&scaron;tvenih znanosti Ivo Pilar","article_published_time":"2025-03-08T19:51:49+00:00","article_modified_time":"2025-03-12T17:54:15+00:00","og_image":[{"width":500,"height":222,"url":"https:\/\/www.vegaintro-projekti.com\/pilar-stari\/wp-content\/uploads\/2025\/03\/IMG_fi-3.jpg","type":"image\/jpeg"}],"author":"Boris","twitter_card":"summary_large_image","twitter_misc":{"Napisao\/la":"Boris","Procijenjeno vrijeme \u010ditanja":"3 minute"},"schema":{"@context":"https:\/\/schema.org","@graph":[{"@type":"WebPage","@id":"https:\/\/www.vegaintro-projekti.com\/pilar-stari\/2025\/03\/poziv-na-predavanje-dr-sc-milana-puha-istrazivanje-migracija-u-kontekstu-dekolonijalnosti-i-multi-interdisciplinarnosti-zagreb-11-3-2025\/","url":"https:\/\/www.vegaintro-projekti.com\/pilar-stari\/2025\/03\/poziv-na-predavanje-dr-sc-milana-puha-istrazivanje-migracija-u-kontekstu-dekolonijalnosti-i-multi-interdisciplinarnosti-zagreb-11-3-2025\/","name":"Predavanje dr. sc. Milana Puha \"Istra\u017eivanje migracija u kontekstu dekolonijalnosti i multi\/interdisciplinarnosti\"; Zagreb, 11. 3. 2025. - Institut dru&scaron;tvenih znanosti Ivo Pilar","isPartOf":{"@id":"https:\/\/www.vegaintro-projekti.com\/pilar-stari\/#website"},"datePublished":"2025-03-08T19:51:49+00:00","dateModified":"2025-03-12T17:54:15+00:00","author":{"@id":"https:\/\/www.vegaintro-projekti.com\/pilar-stari\/#\/schema\/person\/ddd404c9f1e15e4ffef5986ac6a5d28b"},"breadcrumb":{"@id":"https:\/\/www.vegaintro-projekti.com\/pilar-stari\/2025\/03\/poziv-na-predavanje-dr-sc-milana-puha-istrazivanje-migracija-u-kontekstu-dekolonijalnosti-i-multi-interdisciplinarnosti-zagreb-11-3-2025\/#breadcrumb"},"inLanguage":"hr","potentialAction":[{"@type":"ReadAction","target":["https:\/\/www.vegaintro-projekti.com\/pilar-stari\/2025\/03\/poziv-na-predavanje-dr-sc-milana-puha-istrazivanje-migracija-u-kontekstu-dekolonijalnosti-i-multi-interdisciplinarnosti-zagreb-11-3-2025\/"]}]},{"@type":"BreadcrumbList","@id":"https:\/\/www.vegaintro-projekti.com\/pilar-stari\/2025\/03\/poziv-na-predavanje-dr-sc-milana-puha-istrazivanje-migracija-u-kontekstu-dekolonijalnosti-i-multi-interdisciplinarnosti-zagreb-11-3-2025\/#breadcrumb","itemListElement":[{"@type":"ListItem","position":1,"name":"Home","item":"https:\/\/www.vegaintro-projekti.com\/pilar-stari\/"},{"@type":"ListItem","position":2,"name":"Predavanje dr. sc. Milana Puha &#8220;Istra\u017eivanje migracija u kontekstu dekolonijalnosti i multi\/interdisciplinarnosti&#8221;; Zagreb, 11. 3. 2025."}]},{"@type":"WebSite","@id":"https:\/\/www.vegaintro-projekti.com\/pilar-stari\/#website","url":"https:\/\/www.vegaintro-projekti.com\/pilar-stari\/","name":"Institut dru&scaron;tvenih znanosti Ivo Pilar","description":"Pilar","potentialAction":[{"@type":"SearchAction","target":{"@type":"EntryPoint","urlTemplate":"https:\/\/www.vegaintro-projekti.com\/pilar-stari\/?s={search_term_string}"},"query-input":"required name=search_term_string"}],"inLanguage":"hr"},{"@type":"Person","@id":"https:\/\/www.vegaintro-projekti.com\/pilar-stari\/#\/schema\/person\/ddd404c9f1e15e4ffef5986ac6a5d28b","name":"Boris","image":{"@type":"ImageObject","inLanguage":"hr","@id":"https:\/\/www.vegaintro-projekti.com\/pilar-stari\/#\/schema\/person\/image\/","url":"https:\/\/secure.gravatar.com\/avatar\/29557b161a6ce6ab86ac1503164f1e90?s=96&d=mm&r=g","contentUrl":"https:\/\/secure.gravatar.com\/avatar\/29557b161a6ce6ab86ac1503164f1e90?s=96&d=mm&r=g","caption":"Boris"},"url":"https:\/\/www.vegaintro-projekti.com\/pilar-stari\/author\/boris\/"}]}},"_links":{"self":[{"href":"https:\/\/www.vegaintro-projekti.com\/pilar-stari\/wp-json\/wp\/v2\/posts\/33026"}],"collection":[{"href":"https:\/\/www.vegaintro-projekti.com\/pilar-stari\/wp-json\/wp\/v2\/posts"}],"about":[{"href":"https:\/\/www.vegaintro-projekti.com\/pilar-stari\/wp-json\/wp\/v2\/types\/post"}],"author":[{"embeddable":true,"href":"https:\/\/www.vegaintro-projekti.com\/pilar-stari\/wp-json\/wp\/v2\/users\/7"}],"replies":[{"embeddable":true,"href":"https:\/\/www.vegaintro-projekti.com\/pilar-stari\/wp-json\/wp\/v2\/comments?post=33026"}],"version-history":[{"count":5,"href":"https:\/\/www.vegaintro-projekti.com\/pilar-stari\/wp-json\/wp\/v2\/posts\/33026\/revisions"}],"predecessor-version":[{"id":33075,"href":"https:\/\/www.vegaintro-projekti.com\/pilar-stari\/wp-json\/wp\/v2\/posts\/33026\/revisions\/33075"}],"wp:featuredmedia":[{"embeddable":true,"href":"https:\/\/www.vegaintro-projekti.com\/pilar-stari\/wp-json\/wp\/v2\/media\/33022"}],"wp:attachment":[{"href":"https:\/\/www.vegaintro-projekti.com\/pilar-stari\/wp-json\/wp\/v2\/media?parent=33026"}],"wp:term":[{"taxonomy":"category","embeddable":true,"href":"https:\/\/www.vegaintro-projekti.com\/pilar-stari\/wp-json\/wp\/v2\/categories?post=33026"},{"taxonomy":"post_tag","embeddable":true,"href":"https:\/\/www.vegaintro-projekti.com\/pilar-stari\/wp-json\/wp\/v2\/tags?post=33026"}],"curies":[{"name":"wp","href":"https:\/\/api.w.org\/{rel}","templated":true}]}}