{"id":33504,"date":"2025-04-12T21:04:52","date_gmt":"2025-04-12T21:04:52","guid":{"rendered":"https:\/\/www.vegaintro-projekti.com\/pilar-stari\/?p=33504"},"modified":"2025-04-13T16:54:16","modified_gmt":"2025-04-13T16:54:16","slug":"potpisan-sporazum-o-suradnji-izmedu-instituta-drustvenih-znanosti-ivo-pilar-i-instituta-za-intelektualno-vlasnistvo-u-skopju-zagreb-11-4-2025","status":"publish","type":"post","link":"https:\/\/www.vegaintro-projekti.com\/pilar-stari\/2025\/04\/potpisan-sporazum-o-suradnji-izmedu-instituta-drustvenih-znanosti-ivo-pilar-i-instituta-za-intelektualno-vlasnistvo-u-skopju-zagreb-11-4-2025\/","title":{"rendered":"Potpisan Sporazum o suradnji Instituta dru\u0161tvenih znanosti Ivo Pilar i Instituta za intelektualno vlasni\u0161tvo u Skopju; Zagreb, 11. 4. 2025."},"content":{"rendered":"<p><strong>Ravnatelj Instituta za intelektualno vlasni\u0161tvo iz Skopja dr. sc. Dimitri Chapkanov i ravnatelj Instituta dru\u0161tvenih znanosti Ivo Pilar dr. sc. \u017deljko Holjevac potpisali su 11. travnja 2025. godine Sporazum o suradnji dviju institucija<\/strong><\/p>\n<div class=\"wp-block-image\">\n<p><a href=\"https:\/\/www.vegaintro-projekti.com\/pilar-stari\/wp-content\/uploads\/2025\/04\/IMG_1-2.jpg\"><img decoding=\"async\" loading=\"lazy\" class=\"alignnone wp-image-33499 size-full\" src=\"https:\/\/www.vegaintro-projekti.com\/pilar-stari\/wp-content\/uploads\/2025\/04\/IMG_1s-2.jpg\" alt=\"i1\" width=\"620\" height=\"377\" srcset=\"https:\/\/www.vegaintro-projekti.com\/pilar-stari\/wp-content\/uploads\/2025\/04\/IMG_1s-2.jpg 620w, https:\/\/www.vegaintro-projekti.com\/pilar-stari\/wp-content\/uploads\/2025\/04\/IMG_1s-2-300x182.jpg 300w\" sizes=\"(max-width: 620px) 100vw, 620px\" \/><\/a><a href=\"https:\/\/www.vegaintro-projekti.com\/pilar-stari\/wp-content\/uploads\/2025\/04\/IMG_2-2.jpg\"><img decoding=\"async\" loading=\"lazy\" class=\"alignnone wp-image-33501 size-full\" src=\"https:\/\/www.vegaintro-projekti.com\/pilar-stari\/wp-content\/uploads\/2025\/04\/IMG_2s-2.jpg\" alt=\"i2\" width=\"620\" height=\"378\" srcset=\"https:\/\/www.vegaintro-projekti.com\/pilar-stari\/wp-content\/uploads\/2025\/04\/IMG_2s-2.jpg 620w, https:\/\/www.vegaintro-projekti.com\/pilar-stari\/wp-content\/uploads\/2025\/04\/IMG_2s-2-300x183.jpg 300w\" sizes=\"(max-width: 620px) 100vw, 620px\" \/><\/a><a href=\"https:\/\/www.vegaintro-projekti.com\/pilar-stari\/wp-content\/uploads\/2025\/04\/IMG_3-2.jpg\"><img decoding=\"async\" loading=\"lazy\" class=\"alignnone wp-image-33503 size-full\" src=\"https:\/\/www.vegaintro-projekti.com\/pilar-stari\/wp-content\/uploads\/2025\/04\/IMG_3s-2.jpg\" alt=\"i3\" width=\"620\" height=\"381\" srcset=\"https:\/\/www.vegaintro-projekti.com\/pilar-stari\/wp-content\/uploads\/2025\/04\/IMG_3s-2.jpg 620w, https:\/\/www.vegaintro-projekti.com\/pilar-stari\/wp-content\/uploads\/2025\/04\/IMG_3s-2-300x184.jpg 300w\" sizes=\"(max-width: 620px) 100vw, 620px\" \/><\/a><\/p>\n<\/div>\n<p><strong>Polaze\u0107i od dosada\u0161njih pozitivnih iskustava<\/strong> i zapo\u010dete suradnje s Hrvatima u Sjevernoj Makedoniji, Sporazum ima za cilj produbljenje zajedni\u010dke suradnje i razvoj znanstvenoistra\u017eiva\u010dkih programa. Planira se ostvarivanje zajedni\u010dkih ciljeva kroz interdisciplinarni pristup u budu\u0107im projektima i kroz suradnju na temama od dru\u0161tveno-ekonomskog zna\u010daja.<\/p>\n<p>Sporazumom je posebno definirana znanstvenoistra\u017eiva\u010dka i stru\u010dna suradnja, uklju\u010duju\u0107i poticanje i razvoj postoje\u0107ih te osmi\u0161ljavanje novih zajedni\u010dkih projekata. Tako\u0111er je iskazana spremnost za akademske razmjene te zajedni\u010dke izdava\u010dke projekte u okviru zajedni\u010dkih interesa.<\/p>\n<p>Sve\u010danom potpisivanju Sporazuma nazo\u010dile su i dr. sc. Rebeka Mesari\u0107 \u017dab\u010di\u0107, inicijatorica Sporazuma i voditeljica projekta Dinamika i izazovi migracije, reemigracije i imigracije u Republici Hrvatskoj iz Instituta Pilar te dr. sc. Sandra Cviki\u0107, suradnica na istom projektu.<\/p>\n<p>Potpisivanju Sporazuma su ispred Instituta za intelektualno vlasni\u0161tvo iz Skopja prisustvovali prof. dr. sc. Goce Naumovski (zamjenik predsjednika Znanstvenog vije\u0107a Instituta), dr. sc. Nadica Nikoloska i mr. sc. Martin Najdov.<\/p>\n<p>Sporazum o suradnji ipostavlja temelje za budu\u0107u kvalitetnu i obostrano korisnu suradnju, uz istovremeno poticanje ja\u010danja me\u0111usobnih odnosa te povezivanja s Hrvatima u Sjevernoj Makedoniji, \u0161to je od zajedni\u010dkog interesa za obje ustanove.<\/p>\n<blockquote><p><a href=\"https:\/\/www.vegaintro-projekti.com\/pilar-stari\/2024\/04\/projekt-dinamirh-dinamika-i-izazovi-migracije-remigracije-i-imigracije-u-republici-hrvatskoj\/\">Projekt DinamiRH<\/a><\/p><\/blockquote>\n","protected":false},"excerpt":{"rendered":"<p>Ravnatelj Instituta za intelektualno vlasni\u0161tvo iz Skopja dr. sc. Dimitri Chapkanov i ravnatelj Instituta dru\u0161tvenih znanosti Ivo Pilar dr. sc. \u017deljko Holjevac potpisali su 11. travnja 2025. godine Sporazum o suradnji dviju institucija Polaze\u0107i od dosada\u0161njih pozitivnih iskustava i zapo\u010dete suradnje s Hrvatima u Sjevernoj Makedoniji, Sporazum ima za cilj produbljenje zajedni\u010dke suradnje i razvoj&hellip; <a class=\"continue\" href=\"https:\/\/www.vegaintro-projekti.com\/pilar-stari\/2025\/04\/potpisan-sporazum-o-suradnji-izmedu-instituta-drustvenih-znanosti-ivo-pilar-i-instituta-za-intelektualno-vlasnistvo-u-skopju-zagreb-11-4-2025\/\">Pro\u010ditaj vi\u0161e o<span> Potpisan Sporazum o suradnji Instituta dru\u0161tvenih znanosti Ivo Pilar i Instituta za intelektualno vlasni\u0161tvo u Skopju; Zagreb, 11. 4. 2025.<\/span><\/a><\/p>\n","protected":false},"author":7,"featured_media":33498,"comment_status":"closed","ping_status":"closed","sticky":false,"template":"","format":"standard","meta":{"inline_featured_image":false,"ngg_post_thumbnail":0,"footnotes":""},"categories":[9],"tags":[],"yoast_head":"<!-- This site is optimized with the Yoast SEO plugin v21.2 - https:\/\/yoast.com\/wordpress\/plugins\/seo\/ -->\n<title>Potpisan Sporazum o suradnji Instituta dru\u0161tvenih znanosti Ivo Pilar i Instituta za intelektualno vlasni\u0161tvo u Skopju; Zagreb, 11. 4. 2025. - Institut dru&scaron;tvenih znanosti Ivo Pilar<\/title>\n<meta name=\"robots\" content=\"noindex, follow, max-snippet:-1, max-image-preview:large, max-video-preview:-1\" \/>\n<meta property=\"og:locale\" content=\"hr_HR\" \/>\n<meta property=\"og:type\" content=\"article\" \/>\n<meta property=\"og:title\" content=\"Potpisan Sporazum o suradnji Instituta dru\u0161tvenih znanosti Ivo Pilar i Instituta za intelektualno vlasni\u0161tvo u Skopju; Zagreb, 11. 4. 2025. - Institut dru&scaron;tvenih znanosti Ivo Pilar\" \/>\n<meta property=\"og:description\" content=\"Ravnatelj Instituta za intelektualno vlasni\u0161tvo iz Skopja dr. sc. Dimitri Chapkanov i ravnatelj Instituta dru\u0161tvenih znanosti Ivo Pilar dr. sc. \u017deljko Holjevac potpisali su 11. travnja 2025. godine Sporazum o suradnji dviju institucija Polaze\u0107i od dosada\u0161njih pozitivnih iskustava i zapo\u010dete suradnje s Hrvatima u Sjevernoj Makedoniji, Sporazum ima za cilj produbljenje zajedni\u010dke suradnje i razvoj&hellip; Pro\u010ditaj vi\u0161e o Potpisan Sporazum o suradnji Instituta dru\u0161tvenih znanosti Ivo Pilar i Instituta za intelektualno vlasni\u0161tvo u Skopju; Zagreb, 11. 4. 2025.\" \/>\n<meta property=\"og:url\" content=\"https:\/\/www.vegaintro-projekti.com\/pilar-stari\/2025\/04\/potpisan-sporazum-o-suradnji-izmedu-instituta-drustvenih-znanosti-ivo-pilar-i-instituta-za-intelektualno-vlasnistvo-u-skopju-zagreb-11-4-2025\/\" \/>\n<meta property=\"og:site_name\" content=\"Institut dru&scaron;tvenih znanosti Ivo Pilar\" \/>\n<meta property=\"article:published_time\" content=\"2025-04-12T21:04:52+00:00\" \/>\n<meta property=\"article:modified_time\" content=\"2025-04-13T16:54:16+00:00\" \/>\n<meta property=\"og:image\" content=\"https:\/\/www.vegaintro-projekti.com\/pilar-stari\/wp-content\/uploads\/2025\/04\/IMG_1fi.jpg\" \/>\n\t<meta property=\"og:image:width\" content=\"499\" \/>\n\t<meta property=\"og:image:height\" content=\"224\" \/>\n\t<meta property=\"og:image:type\" content=\"image\/jpeg\" \/>\n<meta name=\"author\" content=\"Boris\" \/>\n<meta name=\"twitter:card\" content=\"summary_large_image\" \/>\n<meta name=\"twitter:label1\" content=\"Napisao\/la\" \/>\n\t<meta name=\"twitter:data1\" content=\"Boris\" \/>\n\t<meta name=\"twitter:label2\" content=\"Procijenjeno vrijeme \u010ditanja\" \/>\n\t<meta name=\"twitter:data2\" content=\"2 minute\" \/>\n<script type=\"application\/ld+json\" class=\"yoast-schema-graph\">{\"@context\":\"https:\/\/schema.org\",\"@graph\":[{\"@type\":\"WebPage\",\"@id\":\"https:\/\/www.vegaintro-projekti.com\/pilar-stari\/2025\/04\/potpisan-sporazum-o-suradnji-izmedu-instituta-drustvenih-znanosti-ivo-pilar-i-instituta-za-intelektualno-vlasnistvo-u-skopju-zagreb-11-4-2025\/\",\"url\":\"https:\/\/www.vegaintro-projekti.com\/pilar-stari\/2025\/04\/potpisan-sporazum-o-suradnji-izmedu-instituta-drustvenih-znanosti-ivo-pilar-i-instituta-za-intelektualno-vlasnistvo-u-skopju-zagreb-11-4-2025\/\",\"name\":\"Potpisan Sporazum o suradnji Instituta dru\u0161tvenih znanosti Ivo Pilar i Instituta za intelektualno vlasni\u0161tvo u Skopju; Zagreb, 11. 4. 2025. - Institut dru&scaron;tvenih znanosti Ivo Pilar\",\"isPartOf\":{\"@id\":\"https:\/\/www.vegaintro-projekti.com\/pilar-stari\/#website\"},\"datePublished\":\"2025-04-12T21:04:52+00:00\",\"dateModified\":\"2025-04-13T16:54:16+00:00\",\"author\":{\"@id\":\"https:\/\/www.vegaintro-projekti.com\/pilar-stari\/#\/schema\/person\/ddd404c9f1e15e4ffef5986ac6a5d28b\"},\"breadcrumb\":{\"@id\":\"https:\/\/www.vegaintro-projekti.com\/pilar-stari\/2025\/04\/potpisan-sporazum-o-suradnji-izmedu-instituta-drustvenih-znanosti-ivo-pilar-i-instituta-za-intelektualno-vlasnistvo-u-skopju-zagreb-11-4-2025\/#breadcrumb\"},\"inLanguage\":\"hr\",\"potentialAction\":[{\"@type\":\"ReadAction\",\"target\":[\"https:\/\/www.vegaintro-projekti.com\/pilar-stari\/2025\/04\/potpisan-sporazum-o-suradnji-izmedu-instituta-drustvenih-znanosti-ivo-pilar-i-instituta-za-intelektualno-vlasnistvo-u-skopju-zagreb-11-4-2025\/\"]}]},{\"@type\":\"BreadcrumbList\",\"@id\":\"https:\/\/www.vegaintro-projekti.com\/pilar-stari\/2025\/04\/potpisan-sporazum-o-suradnji-izmedu-instituta-drustvenih-znanosti-ivo-pilar-i-instituta-za-intelektualno-vlasnistvo-u-skopju-zagreb-11-4-2025\/#breadcrumb\",\"itemListElement\":[{\"@type\":\"ListItem\",\"position\":1,\"name\":\"Home\",\"item\":\"https:\/\/www.vegaintro-projekti.com\/pilar-stari\/\"},{\"@type\":\"ListItem\",\"position\":2,\"name\":\"Potpisan Sporazum o suradnji Instituta dru\u0161tvenih znanosti Ivo Pilar i Instituta za intelektualno vlasni\u0161tvo u Skopju; Zagreb, 11. 4. 2025.\"}]},{\"@type\":\"WebSite\",\"@id\":\"https:\/\/www.vegaintro-projekti.com\/pilar-stari\/#website\",\"url\":\"https:\/\/www.vegaintro-projekti.com\/pilar-stari\/\",\"name\":\"Institut dru&scaron;tvenih znanosti Ivo Pilar\",\"description\":\"Pilar\",\"potentialAction\":[{\"@type\":\"SearchAction\",\"target\":{\"@type\":\"EntryPoint\",\"urlTemplate\":\"https:\/\/www.vegaintro-projekti.com\/pilar-stari\/?s={search_term_string}\"},\"query-input\":\"required name=search_term_string\"}],\"inLanguage\":\"hr\"},{\"@type\":\"Person\",\"@id\":\"https:\/\/www.vegaintro-projekti.com\/pilar-stari\/#\/schema\/person\/ddd404c9f1e15e4ffef5986ac6a5d28b\",\"name\":\"Boris\",\"image\":{\"@type\":\"ImageObject\",\"inLanguage\":\"hr\",\"@id\":\"https:\/\/www.vegaintro-projekti.com\/pilar-stari\/#\/schema\/person\/image\/\",\"url\":\"https:\/\/secure.gravatar.com\/avatar\/29557b161a6ce6ab86ac1503164f1e90?s=96&d=mm&r=g\",\"contentUrl\":\"https:\/\/secure.gravatar.com\/avatar\/29557b161a6ce6ab86ac1503164f1e90?s=96&d=mm&r=g\",\"caption\":\"Boris\"},\"url\":\"https:\/\/www.vegaintro-projekti.com\/pilar-stari\/author\/boris\/\"}]}<\/script>\n<!-- \/ Yoast SEO plugin. -->","yoast_head_json":{"title":"Potpisan Sporazum o suradnji Instituta dru\u0161tvenih znanosti Ivo Pilar i Instituta za intelektualno vlasni\u0161tvo u Skopju; Zagreb, 11. 4. 2025. - Institut dru&scaron;tvenih znanosti Ivo Pilar","robots":{"index":"noindex","follow":"follow","max-snippet":"max-snippet:-1","max-image-preview":"max-image-preview:large","max-video-preview":"max-video-preview:-1"},"og_locale":"hr_HR","og_type":"article","og_title":"Potpisan Sporazum o suradnji Instituta dru\u0161tvenih znanosti Ivo Pilar i Instituta za intelektualno vlasni\u0161tvo u Skopju; Zagreb, 11. 4. 2025. - Institut dru&scaron;tvenih znanosti Ivo Pilar","og_description":"Ravnatelj Instituta za intelektualno vlasni\u0161tvo iz Skopja dr. sc. Dimitri Chapkanov i ravnatelj Instituta dru\u0161tvenih znanosti Ivo Pilar dr. sc. \u017deljko Holjevac potpisali su 11. travnja 2025. godine Sporazum o suradnji dviju institucija Polaze\u0107i od dosada\u0161njih pozitivnih iskustava i zapo\u010dete suradnje s Hrvatima u Sjevernoj Makedoniji, Sporazum ima za cilj produbljenje zajedni\u010dke suradnje i razvoj&hellip; Pro\u010ditaj vi\u0161e o Potpisan Sporazum o suradnji Instituta dru\u0161tvenih znanosti Ivo Pilar i Instituta za intelektualno vlasni\u0161tvo u Skopju; Zagreb, 11. 4. 2025.","og_url":"https:\/\/www.vegaintro-projekti.com\/pilar-stari\/2025\/04\/potpisan-sporazum-o-suradnji-izmedu-instituta-drustvenih-znanosti-ivo-pilar-i-instituta-za-intelektualno-vlasnistvo-u-skopju-zagreb-11-4-2025\/","og_site_name":"Institut dru&scaron;tvenih znanosti Ivo Pilar","article_published_time":"2025-04-12T21:04:52+00:00","article_modified_time":"2025-04-13T16:54:16+00:00","og_image":[{"width":499,"height":224,"url":"https:\/\/www.vegaintro-projekti.com\/pilar-stari\/wp-content\/uploads\/2025\/04\/IMG_1fi.jpg","type":"image\/jpeg"}],"author":"Boris","twitter_card":"summary_large_image","twitter_misc":{"Napisao\/la":"Boris","Procijenjeno vrijeme \u010ditanja":"2 minute"},"schema":{"@context":"https:\/\/schema.org","@graph":[{"@type":"WebPage","@id":"https:\/\/www.vegaintro-projekti.com\/pilar-stari\/2025\/04\/potpisan-sporazum-o-suradnji-izmedu-instituta-drustvenih-znanosti-ivo-pilar-i-instituta-za-intelektualno-vlasnistvo-u-skopju-zagreb-11-4-2025\/","url":"https:\/\/www.vegaintro-projekti.com\/pilar-stari\/2025\/04\/potpisan-sporazum-o-suradnji-izmedu-instituta-drustvenih-znanosti-ivo-pilar-i-instituta-za-intelektualno-vlasnistvo-u-skopju-zagreb-11-4-2025\/","name":"Potpisan Sporazum o suradnji Instituta dru\u0161tvenih znanosti Ivo Pilar i Instituta za intelektualno vlasni\u0161tvo u Skopju; Zagreb, 11. 4. 2025. - Institut dru&scaron;tvenih znanosti Ivo Pilar","isPartOf":{"@id":"https:\/\/www.vegaintro-projekti.com\/pilar-stari\/#website"},"datePublished":"2025-04-12T21:04:52+00:00","dateModified":"2025-04-13T16:54:16+00:00","author":{"@id":"https:\/\/www.vegaintro-projekti.com\/pilar-stari\/#\/schema\/person\/ddd404c9f1e15e4ffef5986ac6a5d28b"},"breadcrumb":{"@id":"https:\/\/www.vegaintro-projekti.com\/pilar-stari\/2025\/04\/potpisan-sporazum-o-suradnji-izmedu-instituta-drustvenih-znanosti-ivo-pilar-i-instituta-za-intelektualno-vlasnistvo-u-skopju-zagreb-11-4-2025\/#breadcrumb"},"inLanguage":"hr","potentialAction":[{"@type":"ReadAction","target":["https:\/\/www.vegaintro-projekti.com\/pilar-stari\/2025\/04\/potpisan-sporazum-o-suradnji-izmedu-instituta-drustvenih-znanosti-ivo-pilar-i-instituta-za-intelektualno-vlasnistvo-u-skopju-zagreb-11-4-2025\/"]}]},{"@type":"BreadcrumbList","@id":"https:\/\/www.vegaintro-projekti.com\/pilar-stari\/2025\/04\/potpisan-sporazum-o-suradnji-izmedu-instituta-drustvenih-znanosti-ivo-pilar-i-instituta-za-intelektualno-vlasnistvo-u-skopju-zagreb-11-4-2025\/#breadcrumb","itemListElement":[{"@type":"ListItem","position":1,"name":"Home","item":"https:\/\/www.vegaintro-projekti.com\/pilar-stari\/"},{"@type":"ListItem","position":2,"name":"Potpisan Sporazum o suradnji Instituta dru\u0161tvenih znanosti Ivo Pilar i Instituta za intelektualno vlasni\u0161tvo u Skopju; Zagreb, 11. 4. 2025."}]},{"@type":"WebSite","@id":"https:\/\/www.vegaintro-projekti.com\/pilar-stari\/#website","url":"https:\/\/www.vegaintro-projekti.com\/pilar-stari\/","name":"Institut dru&scaron;tvenih znanosti Ivo Pilar","description":"Pilar","potentialAction":[{"@type":"SearchAction","target":{"@type":"EntryPoint","urlTemplate":"https:\/\/www.vegaintro-projekti.com\/pilar-stari\/?s={search_term_string}"},"query-input":"required name=search_term_string"}],"inLanguage":"hr"},{"@type":"Person","@id":"https:\/\/www.vegaintro-projekti.com\/pilar-stari\/#\/schema\/person\/ddd404c9f1e15e4ffef5986ac6a5d28b","name":"Boris","image":{"@type":"ImageObject","inLanguage":"hr","@id":"https:\/\/www.vegaintro-projekti.com\/pilar-stari\/#\/schema\/person\/image\/","url":"https:\/\/secure.gravatar.com\/avatar\/29557b161a6ce6ab86ac1503164f1e90?s=96&d=mm&r=g","contentUrl":"https:\/\/secure.gravatar.com\/avatar\/29557b161a6ce6ab86ac1503164f1e90?s=96&d=mm&r=g","caption":"Boris"},"url":"https:\/\/www.vegaintro-projekti.com\/pilar-stari\/author\/boris\/"}]}},"_links":{"self":[{"href":"https:\/\/www.vegaintro-projekti.com\/pilar-stari\/wp-json\/wp\/v2\/posts\/33504"}],"collection":[{"href":"https:\/\/www.vegaintro-projekti.com\/pilar-stari\/wp-json\/wp\/v2\/posts"}],"about":[{"href":"https:\/\/www.vegaintro-projekti.com\/pilar-stari\/wp-json\/wp\/v2\/types\/post"}],"author":[{"embeddable":true,"href":"https:\/\/www.vegaintro-projekti.com\/pilar-stari\/wp-json\/wp\/v2\/users\/7"}],"replies":[{"embeddable":true,"href":"https:\/\/www.vegaintro-projekti.com\/pilar-stari\/wp-json\/wp\/v2\/comments?post=33504"}],"version-history":[{"count":4,"href":"https:\/\/www.vegaintro-projekti.com\/pilar-stari\/wp-json\/wp\/v2\/posts\/33504\/revisions"}],"predecessor-version":[{"id":33508,"href":"https:\/\/www.vegaintro-projekti.com\/pilar-stari\/wp-json\/wp\/v2\/posts\/33504\/revisions\/33508"}],"wp:featuredmedia":[{"embeddable":true,"href":"https:\/\/www.vegaintro-projekti.com\/pilar-stari\/wp-json\/wp\/v2\/media\/33498"}],"wp:attachment":[{"href":"https:\/\/www.vegaintro-projekti.com\/pilar-stari\/wp-json\/wp\/v2\/media?parent=33504"}],"wp:term":[{"taxonomy":"category","embeddable":true,"href":"https:\/\/www.vegaintro-projekti.com\/pilar-stari\/wp-json\/wp\/v2\/categories?post=33504"},{"taxonomy":"post_tag","embeddable":true,"href":"https:\/\/www.vegaintro-projekti.com\/pilar-stari\/wp-json\/wp\/v2\/tags?post=33504"}],"curies":[{"name":"wp","href":"https:\/\/api.w.org\/{rel}","templated":true}]}}