{"id":33658,"date":"2025-04-16T21:45:35","date_gmt":"2025-04-16T21:45:35","guid":{"rendered":"https:\/\/www.vegaintro-projekti.com\/pilar-stari\/?p=33658"},"modified":"2025-04-16T21:55:06","modified_gmt":"2025-04-16T21:55:06","slug":"dr-sc-caroline-hornstein-tomic-i-dr-sc-marko-mustapic-na-kick-off-sastanku-horizon-projekta-we-id-bruxelles-8-10-4-2025","status":"publish","type":"post","link":"https:\/\/www.vegaintro-projekti.com\/pilar-stari\/2025\/04\/dr-sc-caroline-hornstein-tomic-i-dr-sc-marko-mustapic-na-kick-off-sastanku-horizon-projekta-we-id-bruxelles-8-10-4-2025\/","title":{"rendered":"Dr. sc. Caroline Hornstein Tomi\u0107 i dr. sc. Marko Mustapi\u0107 na kick off sastanku Horizon projekta We-ID; Bruxelles, 8.-10. 4. 2025."},"content":{"rendered":"<p><strong>U predstavni\u0161tvu Njema\u010dke Savezne Zemlje Donje Saske u Bruxellesu odr\u017ean je od 8. do 10. travnja 2025. kick off sastanak Horizon projekta We-ID (Identities-Migration-Democracy), koji koordinira dr. sc. Claudia Neu sa Sveu\u010dili\u0161ta u Gottingenu. Uz voditelje i \u010dlanove istra\u017eiva\u010dkih timova iz znanstvenih institucija koje sudjeluju u projektu iz Njema\u010dke, Bugarske, Italije, Latvije i Ujedinjenog Kraljevstva, na sastanku su sudjelovali voditeljica istra\u017eiva\u010dkog tima Instituta Pilar dr. sc. Caroline Hornstein Tomi\u0107, ujedno voditeljica radnog paketa ReDeCos (Belongigng to Resilient Democratic Communities) i \u010dlan tima dr. sc. Marko Mustapi\u0107<\/strong><\/p>\n<div class=\"wp-block-image\">\n<p><a href=\"https:\/\/www.vegaintro-projekti.com\/pilar-stari\/wp-content\/uploads\/2025\/04\/a.jpg\"><img decoding=\"async\" loading=\"lazy\" class=\"alignnone wp-image-33648 size-full\" src=\"https:\/\/www.vegaintro-projekti.com\/pilar-stari\/wp-content\/uploads\/2025\/04\/a_s.jpg\" alt=\"i1\" width=\"620\" height=\"335\" srcset=\"https:\/\/www.vegaintro-projekti.com\/pilar-stari\/wp-content\/uploads\/2025\/04\/a_s.jpg 620w, https:\/\/www.vegaintro-projekti.com\/pilar-stari\/wp-content\/uploads\/2025\/04\/a_s-300x162.jpg 300w\" sizes=\"(max-width: 620px) 100vw, 620px\" \/><\/a><a href=\"https:\/\/www.vegaintro-projekti.com\/pilar-stari\/wp-content\/uploads\/2025\/04\/d.jpg\"><img decoding=\"async\" loading=\"lazy\" class=\"alignnone wp-image-33655 size-full\" src=\"https:\/\/www.vegaintro-projekti.com\/pilar-stari\/wp-content\/uploads\/2025\/04\/d_s.jpg\" alt=\"i2\" width=\"620\" height=\"330\" srcset=\"https:\/\/www.vegaintro-projekti.com\/pilar-stari\/wp-content\/uploads\/2025\/04\/d_s.jpg 620w, https:\/\/www.vegaintro-projekti.com\/pilar-stari\/wp-content\/uploads\/2025\/04\/d_s-300x160.jpg 300w, https:\/\/www.vegaintro-projekti.com\/pilar-stari\/wp-content\/uploads\/2025\/04\/d_s-310x165.jpg 310w\" sizes=\"(max-width: 620px) 100vw, 620px\" \/><\/a><a href=\"https:\/\/www.vegaintro-projekti.com\/pilar-stari\/wp-content\/uploads\/2025\/04\/e-scaled.jpg\"><img decoding=\"async\" loading=\"lazy\" class=\"alignnone wp-image-33657 size-full\" src=\"https:\/\/www.vegaintro-projekti.com\/pilar-stari\/wp-content\/uploads\/2025\/04\/e_s.jpg\" alt=\"i3\" width=\"620\" height=\"325\" srcset=\"https:\/\/www.vegaintro-projekti.com\/pilar-stari\/wp-content\/uploads\/2025\/04\/e_s.jpg 620w, https:\/\/www.vegaintro-projekti.com\/pilar-stari\/wp-content\/uploads\/2025\/04\/e_s-300x157.jpg 300w\" sizes=\"(max-width: 620px) 100vw, 620px\" \/><\/a><a href=\"https:\/\/www.vegaintro-projekti.com\/pilar-stari\/wp-content\/uploads\/2025\/04\/b.jpg\"><img decoding=\"async\" loading=\"lazy\" class=\"alignnone wp-image-33650 size-full\" src=\"https:\/\/www.vegaintro-projekti.com\/pilar-stari\/wp-content\/uploads\/2025\/04\/b_s.jpg\" alt=\"i4\" width=\"620\" height=\"333\" srcset=\"https:\/\/www.vegaintro-projekti.com\/pilar-stari\/wp-content\/uploads\/2025\/04\/b_s.jpg 620w, https:\/\/www.vegaintro-projekti.com\/pilar-stari\/wp-content\/uploads\/2025\/04\/b_s-300x161.jpg 300w\" sizes=\"(max-width: 620px) 100vw, 620px\" \/><\/a><a href=\"https:\/\/www.vegaintro-projekti.com\/pilar-stari\/wp-content\/uploads\/2025\/04\/c-scaled.jpg\"><img decoding=\"async\" loading=\"lazy\" class=\"alignnone wp-image-33652 size-full\" src=\"https:\/\/www.vegaintro-projekti.com\/pilar-stari\/wp-content\/uploads\/2025\/04\/c_s.jpg\" alt=\"i5\" width=\"620\" height=\"332\" srcset=\"https:\/\/www.vegaintro-projekti.com\/pilar-stari\/wp-content\/uploads\/2025\/04\/c_s.jpg 620w, https:\/\/www.vegaintro-projekti.com\/pilar-stari\/wp-content\/uploads\/2025\/04\/c_s-300x161.jpg 300w, https:\/\/www.vegaintro-projekti.com\/pilar-stari\/wp-content\/uploads\/2025\/04\/c_s-310x165.jpg 310w\" sizes=\"(max-width: 620px) 100vw, 620px\" \/><\/a><\/p>\n<\/div>\n<p><strong>Uz aktivnosti<\/strong> uobi\u010dajene za kick off sastanak, usmjerene na zapo\u010dete istra\u017eiva\u010dke dionice kao i one koje uskoro predstoje, posebna se pozornost posvetila doprinosu projekta izradama kvalitetnijih javnih politika koje se odnose na otpornost demokracije u lokalnim zajednicama izlo\u017eenim posljedicama intenzivnih promjena uslijed depopulacije i migracijskih procesa. S obzirom na temu projekta, iskazan je velik interes stru\u010dne javnosti i zabilje\u017een dolazak brojnih zastupnika u Parlamentu EU-a, stru\u010dnjaka u institucijama EU-a te krovnim europskim organizacijama civilnog dru\u0161tva koji se bave ovim i srodnim temama.<\/p>\n<blockquote><p><a href=\"https:\/\/www.vegaintro-projekti.com\/pilar-stari\/2025\/02\/projekt-weid-identities-migration-democracy-novi-horizon-europe-projekt-instituta-pilar-2025-2028\/\">Projekt We-ID<\/a><\/p><\/blockquote>\n","protected":false},"excerpt":{"rendered":"<p>U predstavni\u0161tvu Njema\u010dke Savezne Zemlje Donje Saske u Bruxellesu odr\u017ean je od 8. do 10. travnja 2025. kick off sastanak Horizon projekta We-ID (Identities-Migration-Democracy), koji koordinira dr. sc. Claudia Neu sa Sveu\u010dili\u0161ta u Gottingenu. Uz voditelje i \u010dlanove istra\u017eiva\u010dkih timova iz znanstvenih institucija koje sudjeluju u projektu iz Njema\u010dke, Bugarske, Italije, Latvije i Ujedinjenog Kraljevstva,&hellip; <a class=\"continue\" href=\"https:\/\/www.vegaintro-projekti.com\/pilar-stari\/2025\/04\/dr-sc-caroline-hornstein-tomic-i-dr-sc-marko-mustapic-na-kick-off-sastanku-horizon-projekta-we-id-bruxelles-8-10-4-2025\/\">Pro\u010ditaj vi\u0161e o<span> Dr. sc. Caroline Hornstein Tomi\u0107 i dr. sc. Marko Mustapi\u0107 na kick off sastanku Horizon projekta We-ID; Bruxelles, 8.-10. 4. 2025.<\/span><\/a><\/p>\n","protected":false},"author":7,"featured_media":33654,"comment_status":"closed","ping_status":"closed","sticky":false,"template":"","format":"standard","meta":{"inline_featured_image":false,"ngg_post_thumbnail":0,"footnotes":""},"categories":[48,11],"tags":[],"yoast_head":"<!-- This site is optimized with the Yoast SEO plugin v21.2 - https:\/\/yoast.com\/wordpress\/plugins\/seo\/ -->\n<title>Dr. sc. Caroline Hornstein Tomi\u0107 i dr. sc. Marko Mustapi\u0107 na kick off sastanku Horizon projekta We-ID; Bruxelles, 8.-10. 4. 2025. - Institut dru&scaron;tvenih znanosti Ivo Pilar<\/title>\n<meta name=\"robots\" content=\"noindex, follow, max-snippet:-1, max-image-preview:large, max-video-preview:-1\" \/>\n<meta property=\"og:locale\" content=\"hr_HR\" \/>\n<meta property=\"og:type\" content=\"article\" \/>\n<meta property=\"og:title\" content=\"Dr. sc. Caroline Hornstein Tomi\u0107 i dr. sc. Marko Mustapi\u0107 na kick off sastanku Horizon projekta We-ID; Bruxelles, 8.-10. 4. 2025. - Institut dru&scaron;tvenih znanosti Ivo Pilar\" \/>\n<meta property=\"og:description\" content=\"U predstavni\u0161tvu Njema\u010dke Savezne Zemlje Donje Saske u Bruxellesu odr\u017ean je od 8. do 10. travnja 2025. kick off sastanak Horizon projekta We-ID (Identities-Migration-Democracy), koji koordinira dr. sc. Claudia Neu sa Sveu\u010dili\u0161ta u Gottingenu. Uz voditelje i \u010dlanove istra\u017eiva\u010dkih timova iz znanstvenih institucija koje sudjeluju u projektu iz Njema\u010dke, Bugarske, Italije, Latvije i Ujedinjenog Kraljevstva,&hellip; Pro\u010ditaj vi\u0161e o Dr. sc. Caroline Hornstein Tomi\u0107 i dr. sc. Marko Mustapi\u0107 na kick off sastanku Horizon projekta We-ID; Bruxelles, 8.-10. 4. 2025.\" \/>\n<meta property=\"og:url\" content=\"https:\/\/www.vegaintro-projekti.com\/pilar-stari\/2025\/04\/dr-sc-caroline-hornstein-tomic-i-dr-sc-marko-mustapic-na-kick-off-sastanku-horizon-projekta-we-id-bruxelles-8-10-4-2025\/\" \/>\n<meta property=\"og:site_name\" content=\"Institut dru&scaron;tvenih znanosti Ivo Pilar\" \/>\n<meta property=\"article:published_time\" content=\"2025-04-16T21:45:35+00:00\" \/>\n<meta property=\"article:modified_time\" content=\"2025-04-16T21:55:06+00:00\" \/>\n<meta property=\"og:image\" content=\"https:\/\/www.vegaintro-projekti.com\/pilar-stari\/wp-content\/uploads\/2025\/04\/d_fi.jpg\" \/>\n\t<meta property=\"og:image:width\" content=\"500\" \/>\n\t<meta property=\"og:image:height\" content=\"226\" \/>\n\t<meta property=\"og:image:type\" content=\"image\/jpeg\" \/>\n<meta name=\"author\" content=\"Boris\" \/>\n<meta name=\"twitter:card\" content=\"summary_large_image\" \/>\n<meta name=\"twitter:label1\" content=\"Napisao\/la\" \/>\n\t<meta name=\"twitter:data1\" content=\"Boris\" \/>\n\t<meta name=\"twitter:label2\" content=\"Procijenjeno vrijeme \u010ditanja\" \/>\n\t<meta name=\"twitter:data2\" content=\"2 minute\" \/>\n<script type=\"application\/ld+json\" class=\"yoast-schema-graph\">{\"@context\":\"https:\/\/schema.org\",\"@graph\":[{\"@type\":\"WebPage\",\"@id\":\"https:\/\/www.vegaintro-projekti.com\/pilar-stari\/2025\/04\/dr-sc-caroline-hornstein-tomic-i-dr-sc-marko-mustapic-na-kick-off-sastanku-horizon-projekta-we-id-bruxelles-8-10-4-2025\/\",\"url\":\"https:\/\/www.vegaintro-projekti.com\/pilar-stari\/2025\/04\/dr-sc-caroline-hornstein-tomic-i-dr-sc-marko-mustapic-na-kick-off-sastanku-horizon-projekta-we-id-bruxelles-8-10-4-2025\/\",\"name\":\"Dr. sc. Caroline Hornstein Tomi\u0107 i dr. sc. Marko Mustapi\u0107 na kick off sastanku Horizon projekta We-ID; Bruxelles, 8.-10. 4. 2025. - Institut dru&scaron;tvenih znanosti Ivo Pilar\",\"isPartOf\":{\"@id\":\"https:\/\/www.vegaintro-projekti.com\/pilar-stari\/#website\"},\"datePublished\":\"2025-04-16T21:45:35+00:00\",\"dateModified\":\"2025-04-16T21:55:06+00:00\",\"author\":{\"@id\":\"https:\/\/www.vegaintro-projekti.com\/pilar-stari\/#\/schema\/person\/ddd404c9f1e15e4ffef5986ac6a5d28b\"},\"breadcrumb\":{\"@id\":\"https:\/\/www.vegaintro-projekti.com\/pilar-stari\/2025\/04\/dr-sc-caroline-hornstein-tomic-i-dr-sc-marko-mustapic-na-kick-off-sastanku-horizon-projekta-we-id-bruxelles-8-10-4-2025\/#breadcrumb\"},\"inLanguage\":\"hr\",\"potentialAction\":[{\"@type\":\"ReadAction\",\"target\":[\"https:\/\/www.vegaintro-projekti.com\/pilar-stari\/2025\/04\/dr-sc-caroline-hornstein-tomic-i-dr-sc-marko-mustapic-na-kick-off-sastanku-horizon-projekta-we-id-bruxelles-8-10-4-2025\/\"]}]},{\"@type\":\"BreadcrumbList\",\"@id\":\"https:\/\/www.vegaintro-projekti.com\/pilar-stari\/2025\/04\/dr-sc-caroline-hornstein-tomic-i-dr-sc-marko-mustapic-na-kick-off-sastanku-horizon-projekta-we-id-bruxelles-8-10-4-2025\/#breadcrumb\",\"itemListElement\":[{\"@type\":\"ListItem\",\"position\":1,\"name\":\"Home\",\"item\":\"https:\/\/www.vegaintro-projekti.com\/pilar-stari\/\"},{\"@type\":\"ListItem\",\"position\":2,\"name\":\"Dr. sc. Caroline Hornstein Tomi\u0107 i dr. sc. Marko Mustapi\u0107 na kick off sastanku Horizon projekta We-ID; Bruxelles, 8.-10. 4. 2025.\"}]},{\"@type\":\"WebSite\",\"@id\":\"https:\/\/www.vegaintro-projekti.com\/pilar-stari\/#website\",\"url\":\"https:\/\/www.vegaintro-projekti.com\/pilar-stari\/\",\"name\":\"Institut dru&scaron;tvenih znanosti Ivo Pilar\",\"description\":\"Pilar\",\"potentialAction\":[{\"@type\":\"SearchAction\",\"target\":{\"@type\":\"EntryPoint\",\"urlTemplate\":\"https:\/\/www.vegaintro-projekti.com\/pilar-stari\/?s={search_term_string}\"},\"query-input\":\"required name=search_term_string\"}],\"inLanguage\":\"hr\"},{\"@type\":\"Person\",\"@id\":\"https:\/\/www.vegaintro-projekti.com\/pilar-stari\/#\/schema\/person\/ddd404c9f1e15e4ffef5986ac6a5d28b\",\"name\":\"Boris\",\"image\":{\"@type\":\"ImageObject\",\"inLanguage\":\"hr\",\"@id\":\"https:\/\/www.vegaintro-projekti.com\/pilar-stari\/#\/schema\/person\/image\/\",\"url\":\"https:\/\/secure.gravatar.com\/avatar\/29557b161a6ce6ab86ac1503164f1e90?s=96&d=mm&r=g\",\"contentUrl\":\"https:\/\/secure.gravatar.com\/avatar\/29557b161a6ce6ab86ac1503164f1e90?s=96&d=mm&r=g\",\"caption\":\"Boris\"},\"url\":\"https:\/\/www.vegaintro-projekti.com\/pilar-stari\/author\/boris\/\"}]}<\/script>\n<!-- \/ Yoast SEO plugin. -->","yoast_head_json":{"title":"Dr. sc. Caroline Hornstein Tomi\u0107 i dr. sc. Marko Mustapi\u0107 na kick off sastanku Horizon projekta We-ID; Bruxelles, 8.-10. 4. 2025. - Institut dru&scaron;tvenih znanosti Ivo Pilar","robots":{"index":"noindex","follow":"follow","max-snippet":"max-snippet:-1","max-image-preview":"max-image-preview:large","max-video-preview":"max-video-preview:-1"},"og_locale":"hr_HR","og_type":"article","og_title":"Dr. sc. Caroline Hornstein Tomi\u0107 i dr. sc. Marko Mustapi\u0107 na kick off sastanku Horizon projekta We-ID; Bruxelles, 8.-10. 4. 2025. - Institut dru&scaron;tvenih znanosti Ivo Pilar","og_description":"U predstavni\u0161tvu Njema\u010dke Savezne Zemlje Donje Saske u Bruxellesu odr\u017ean je od 8. do 10. travnja 2025. kick off sastanak Horizon projekta We-ID (Identities-Migration-Democracy), koji koordinira dr. sc. Claudia Neu sa Sveu\u010dili\u0161ta u Gottingenu. Uz voditelje i \u010dlanove istra\u017eiva\u010dkih timova iz znanstvenih institucija koje sudjeluju u projektu iz Njema\u010dke, Bugarske, Italije, Latvije i Ujedinjenog Kraljevstva,&hellip; Pro\u010ditaj vi\u0161e o Dr. sc. Caroline Hornstein Tomi\u0107 i dr. sc. Marko Mustapi\u0107 na kick off sastanku Horizon projekta We-ID; Bruxelles, 8.-10. 4. 2025.","og_url":"https:\/\/www.vegaintro-projekti.com\/pilar-stari\/2025\/04\/dr-sc-caroline-hornstein-tomic-i-dr-sc-marko-mustapic-na-kick-off-sastanku-horizon-projekta-we-id-bruxelles-8-10-4-2025\/","og_site_name":"Institut dru&scaron;tvenih znanosti Ivo Pilar","article_published_time":"2025-04-16T21:45:35+00:00","article_modified_time":"2025-04-16T21:55:06+00:00","og_image":[{"width":500,"height":226,"url":"https:\/\/www.vegaintro-projekti.com\/pilar-stari\/wp-content\/uploads\/2025\/04\/d_fi.jpg","type":"image\/jpeg"}],"author":"Boris","twitter_card":"summary_large_image","twitter_misc":{"Napisao\/la":"Boris","Procijenjeno vrijeme \u010ditanja":"2 minute"},"schema":{"@context":"https:\/\/schema.org","@graph":[{"@type":"WebPage","@id":"https:\/\/www.vegaintro-projekti.com\/pilar-stari\/2025\/04\/dr-sc-caroline-hornstein-tomic-i-dr-sc-marko-mustapic-na-kick-off-sastanku-horizon-projekta-we-id-bruxelles-8-10-4-2025\/","url":"https:\/\/www.vegaintro-projekti.com\/pilar-stari\/2025\/04\/dr-sc-caroline-hornstein-tomic-i-dr-sc-marko-mustapic-na-kick-off-sastanku-horizon-projekta-we-id-bruxelles-8-10-4-2025\/","name":"Dr. sc. Caroline Hornstein Tomi\u0107 i dr. sc. Marko Mustapi\u0107 na kick off sastanku Horizon projekta We-ID; Bruxelles, 8.-10. 4. 2025. - Institut dru&scaron;tvenih znanosti Ivo Pilar","isPartOf":{"@id":"https:\/\/www.vegaintro-projekti.com\/pilar-stari\/#website"},"datePublished":"2025-04-16T21:45:35+00:00","dateModified":"2025-04-16T21:55:06+00:00","author":{"@id":"https:\/\/www.vegaintro-projekti.com\/pilar-stari\/#\/schema\/person\/ddd404c9f1e15e4ffef5986ac6a5d28b"},"breadcrumb":{"@id":"https:\/\/www.vegaintro-projekti.com\/pilar-stari\/2025\/04\/dr-sc-caroline-hornstein-tomic-i-dr-sc-marko-mustapic-na-kick-off-sastanku-horizon-projekta-we-id-bruxelles-8-10-4-2025\/#breadcrumb"},"inLanguage":"hr","potentialAction":[{"@type":"ReadAction","target":["https:\/\/www.vegaintro-projekti.com\/pilar-stari\/2025\/04\/dr-sc-caroline-hornstein-tomic-i-dr-sc-marko-mustapic-na-kick-off-sastanku-horizon-projekta-we-id-bruxelles-8-10-4-2025\/"]}]},{"@type":"BreadcrumbList","@id":"https:\/\/www.vegaintro-projekti.com\/pilar-stari\/2025\/04\/dr-sc-caroline-hornstein-tomic-i-dr-sc-marko-mustapic-na-kick-off-sastanku-horizon-projekta-we-id-bruxelles-8-10-4-2025\/#breadcrumb","itemListElement":[{"@type":"ListItem","position":1,"name":"Home","item":"https:\/\/www.vegaintro-projekti.com\/pilar-stari\/"},{"@type":"ListItem","position":2,"name":"Dr. sc. Caroline Hornstein Tomi\u0107 i dr. sc. Marko Mustapi\u0107 na kick off sastanku Horizon projekta We-ID; Bruxelles, 8.-10. 4. 2025."}]},{"@type":"WebSite","@id":"https:\/\/www.vegaintro-projekti.com\/pilar-stari\/#website","url":"https:\/\/www.vegaintro-projekti.com\/pilar-stari\/","name":"Institut dru&scaron;tvenih znanosti Ivo Pilar","description":"Pilar","potentialAction":[{"@type":"SearchAction","target":{"@type":"EntryPoint","urlTemplate":"https:\/\/www.vegaintro-projekti.com\/pilar-stari\/?s={search_term_string}"},"query-input":"required name=search_term_string"}],"inLanguage":"hr"},{"@type":"Person","@id":"https:\/\/www.vegaintro-projekti.com\/pilar-stari\/#\/schema\/person\/ddd404c9f1e15e4ffef5986ac6a5d28b","name":"Boris","image":{"@type":"ImageObject","inLanguage":"hr","@id":"https:\/\/www.vegaintro-projekti.com\/pilar-stari\/#\/schema\/person\/image\/","url":"https:\/\/secure.gravatar.com\/avatar\/29557b161a6ce6ab86ac1503164f1e90?s=96&d=mm&r=g","contentUrl":"https:\/\/secure.gravatar.com\/avatar\/29557b161a6ce6ab86ac1503164f1e90?s=96&d=mm&r=g","caption":"Boris"},"url":"https:\/\/www.vegaintro-projekti.com\/pilar-stari\/author\/boris\/"}]}},"_links":{"self":[{"href":"https:\/\/www.vegaintro-projekti.com\/pilar-stari\/wp-json\/wp\/v2\/posts\/33658"}],"collection":[{"href":"https:\/\/www.vegaintro-projekti.com\/pilar-stari\/wp-json\/wp\/v2\/posts"}],"about":[{"href":"https:\/\/www.vegaintro-projekti.com\/pilar-stari\/wp-json\/wp\/v2\/types\/post"}],"author":[{"embeddable":true,"href":"https:\/\/www.vegaintro-projekti.com\/pilar-stari\/wp-json\/wp\/v2\/users\/7"}],"replies":[{"embeddable":true,"href":"https:\/\/www.vegaintro-projekti.com\/pilar-stari\/wp-json\/wp\/v2\/comments?post=33658"}],"version-history":[{"count":5,"href":"https:\/\/www.vegaintro-projekti.com\/pilar-stari\/wp-json\/wp\/v2\/posts\/33658\/revisions"}],"predecessor-version":[{"id":33664,"href":"https:\/\/www.vegaintro-projekti.com\/pilar-stari\/wp-json\/wp\/v2\/posts\/33658\/revisions\/33664"}],"wp:featuredmedia":[{"embeddable":true,"href":"https:\/\/www.vegaintro-projekti.com\/pilar-stari\/wp-json\/wp\/v2\/media\/33654"}],"wp:attachment":[{"href":"https:\/\/www.vegaintro-projekti.com\/pilar-stari\/wp-json\/wp\/v2\/media?parent=33658"}],"wp:term":[{"taxonomy":"category","embeddable":true,"href":"https:\/\/www.vegaintro-projekti.com\/pilar-stari\/wp-json\/wp\/v2\/categories?post=33658"},{"taxonomy":"post_tag","embeddable":true,"href":"https:\/\/www.vegaintro-projekti.com\/pilar-stari\/wp-json\/wp\/v2\/tags?post=33658"}],"curies":[{"name":"wp","href":"https:\/\/api.w.org\/{rel}","templated":true}]}}