{"id":33737,"date":"2025-04-12T10:02:35","date_gmt":"2025-04-12T10:02:35","guid":{"rendered":"https:\/\/www.vegaintro-projekti.com\/pilar-stari\/?p=33737"},"modified":"2025-04-23T10:15:49","modified_gmt":"2025-04-23T10:15:49","slug":"dr-sc-danijel-vojak-u-posjetu-os-mate-lovraka-u-povodu-svjetskog-dana-roma-kutina-7-4-2025","status":"publish","type":"post","link":"https:\/\/www.vegaintro-projekti.com\/pilar-stari\/2025\/04\/dr-sc-danijel-vojak-u-posjetu-os-mate-lovraka-u-povodu-svjetskog-dana-roma-kutina-7-4-2025\/","title":{"rendered":"Dr. sc. Danijel Vojak u posjetu O\u0160 Mate Lovraka u povodu Svjetskog dana Roma; Kutina, 7. 4. 2025."},"content":{"rendered":"<p><strong>Dana 7. travnja 2025. dr. sc. Danijel Vojak posjetio je Osnovnu \u0161kolu Mate Lovraka u Kutini, gdje je postavio mobilni izlo\u017ebeni postav \u201eRomi u Nezavisnoj Dr\u017eavi Hrvatskoj\u201c u povodu Svjetskog dana Roma, koji se obilje\u017eava 8. travnja. <\/strong>&#8211; <a href=\"#med\">Iz medija<\/a><\/p>\n<div class=\"wp-block-image\">\n<p><a href=\"https:\/\/www.vegaintro-projekti.com\/pilar-stari\/wp-content\/uploads\/2025\/04\/foto_1.jpg\"><img decoding=\"async\" loading=\"lazy\" class=\"alignnone wp-image-33732 size-full\" src=\"https:\/\/www.vegaintro-projekti.com\/pilar-stari\/wp-content\/uploads\/2025\/04\/foto_1s.jpg\" alt=\"i1\" width=\"620\" height=\"350\" srcset=\"https:\/\/www.vegaintro-projekti.com\/pilar-stari\/wp-content\/uploads\/2025\/04\/foto_1s.jpg 620w, https:\/\/www.vegaintro-projekti.com\/pilar-stari\/wp-content\/uploads\/2025\/04\/foto_1s-300x169.jpg 300w\" sizes=\"(max-width: 620px) 100vw, 620px\" \/><\/a><a href=\"https:\/\/www.vegaintro-projekti.com\/pilar-stari\/wp-content\/uploads\/2025\/04\/foto_3.jpg\"><img decoding=\"async\" loading=\"lazy\" class=\"alignnone wp-image-33736 size-full\" src=\"https:\/\/www.vegaintro-projekti.com\/pilar-stari\/wp-content\/uploads\/2025\/04\/foto_3s.jpg\" alt=\"i2\" width=\"620\" height=\"353\" srcset=\"https:\/\/www.vegaintro-projekti.com\/pilar-stari\/wp-content\/uploads\/2025\/04\/foto_3s.jpg 620w, https:\/\/www.vegaintro-projekti.com\/pilar-stari\/wp-content\/uploads\/2025\/04\/foto_3s-300x171.jpg 300w\" sizes=\"(max-width: 620px) 100vw, 620px\" \/><\/a><a href=\"https:\/\/www.vegaintro-projekti.com\/pilar-stari\/wp-content\/uploads\/2025\/04\/foto_2.jpg\"><img decoding=\"async\" loading=\"lazy\" class=\"alignnone wp-image-33734 size-full\" src=\"https:\/\/www.vegaintro-projekti.com\/pilar-stari\/wp-content\/uploads\/2025\/04\/foto_2s.jpg\" alt=\"i3\" width=\"620\" height=\"346\" srcset=\"https:\/\/www.vegaintro-projekti.com\/pilar-stari\/wp-content\/uploads\/2025\/04\/foto_2s.jpg 620w, https:\/\/www.vegaintro-projekti.com\/pilar-stari\/wp-content\/uploads\/2025\/04\/foto_2s-300x167.jpg 300w\" sizes=\"(max-width: 620px) 100vw, 620px\" \/><\/a><\/p>\n<\/div>\n<p><strong>Dr. sc. Danijel Vojak<\/strong> odr\u017eao je i predavanje o povijesti i genocidnom stradanju Roma u Nezavisnoj Dr\u017eavi Hrvatskoj u\u010denicima \u0161kole, predstavnicima lokalnih vlasti i medija, kulturnih djelatnicima te predstavnicima romskih nevladinih organizacija. U organizaciji posjeta aktivno je sudjelovala Kristina Lukec, u\u010diteljica povijesti u O\u0160 Mate Lovraka<\/p>\n<p><a id=\"med\"><\/a><span style=\"font-size: 14pt;\">Iz medija<\/span><\/p>\n<p>&#8211; <a href=\"https:\/\/www.kutina.hr\/gradani\/novosti\/dru%C5%A1tvo\/obilje%C5%BEen-svjetski-dan-roma-u-o%C5%A1-mate-lovraka-izlo%C5%BEbom-i-predavanjem-odana-po%C4%8Dast-romskim-%C5%BErtvama.html\">https:\/\/www.kutina.hr\/gradani\/novosti\/dru%C5%A1tvo\/obilje%C5%BEen-svjetski-dan-roma-u-o%C5%A1-mate-lovraka-izlo%C5%BEbom-i-predavanjem-odana-po%C4%8Dast-romskim-%C5%BErtvama.html<\/a><br \/>\n&#8211; <a href=\"https:\/\/www.facebook.com\/RadioMoslavina\/posts\/izlo%C5%BEba-o-stradanju-roma-u-drugom-svjetskom-ratu-u-povodu-svjetskog-dana-roma-8-\/1179639540430458\/\">https:\/\/www.facebook.com\/RadioMoslavina\/posts\/izlo%C5%BEba-o-stradanju-roma-u-drugom-svjetskom-ratu-u-povodu-svjetskog-dana-roma-8-\/1179639540430458\/<\/a><\/p>\n<blockquote><p><a href=\"https:\/\/www.vegaintro-projekti.com\/pilar-stari\/2024\/04\/projekt-forgot-genromisc-zaboravljena-mjesta-stradanja-nepocudnih-genocid-nad-romima-u-nezavisnoj-drzavi-hrvatskoj-istrazivanje-memorijalizacija-edukacija\/\">Projekt FORGOT-GENROMISC<\/a><\/p>\n<p><a href=\"https:\/\/www.vegaintro-projekti.com\/pilar-stari\/biografije\/user-bio\/?my_user_id=63\">Dr. sc. Danijel Vojak<\/a><\/p><\/blockquote>\n","protected":false},"excerpt":{"rendered":"<p>Dana 7. travnja 2025. dr. sc. Danijel Vojak posjetio je Osnovnu \u0161kolu Mate Lovraka u Kutini, gdje je postavio mobilni izlo\u017ebeni postav \u201eRomi u Nezavisnoj Dr\u017eavi Hrvatskoj\u201c u povodu Svjetskog dana Roma, koji se obilje\u017eava 8. travnja. &#8211; Iz medija Dr. sc. Danijel Vojak odr\u017eao je i predavanje o povijesti i genocidnom stradanju Roma u&hellip; <a class=\"continue\" href=\"https:\/\/www.vegaintro-projekti.com\/pilar-stari\/2025\/04\/dr-sc-danijel-vojak-u-posjetu-os-mate-lovraka-u-povodu-svjetskog-dana-roma-kutina-7-4-2025\/\">Pro\u010ditaj vi\u0161e o<span> Dr. sc. Danijel Vojak u posjetu O\u0160 Mate Lovraka u povodu Svjetskog dana Roma; Kutina, 7. 4. 2025.<\/span><\/a><\/p>\n","protected":false},"author":7,"featured_media":33731,"comment_status":"closed","ping_status":"closed","sticky":false,"template":"","format":"standard","meta":{"inline_featured_image":false,"ngg_post_thumbnail":0,"footnotes":""},"categories":[11],"tags":[],"yoast_head":"<!-- This site is optimized with the Yoast SEO plugin v21.2 - https:\/\/yoast.com\/wordpress\/plugins\/seo\/ -->\n<title>Dr. sc. Danijel Vojak u posjetu O\u0160 Mate Lovraka u povodu Svjetskog dana Roma; Kutina, 7. 4. 2025. - Institut dru&scaron;tvenih znanosti Ivo Pilar<\/title>\n<meta name=\"robots\" content=\"noindex, follow, max-snippet:-1, max-image-preview:large, max-video-preview:-1\" \/>\n<meta property=\"og:locale\" content=\"hr_HR\" \/>\n<meta property=\"og:type\" content=\"article\" \/>\n<meta property=\"og:title\" content=\"Dr. sc. Danijel Vojak u posjetu O\u0160 Mate Lovraka u povodu Svjetskog dana Roma; Kutina, 7. 4. 2025. - Institut dru&scaron;tvenih znanosti Ivo Pilar\" \/>\n<meta property=\"og:description\" content=\"Dana 7. travnja 2025. dr. sc. Danijel Vojak posjetio je Osnovnu \u0161kolu Mate Lovraka u Kutini, gdje je postavio mobilni izlo\u017ebeni postav \u201eRomi u Nezavisnoj Dr\u017eavi Hrvatskoj\u201c u povodu Svjetskog dana Roma, koji se obilje\u017eava 8. travnja. &#8211; Iz medija Dr. sc. Danijel Vojak odr\u017eao je i predavanje o povijesti i genocidnom stradanju Roma u&hellip; Pro\u010ditaj vi\u0161e o Dr. sc. Danijel Vojak u posjetu O\u0160 Mate Lovraka u povodu Svjetskog dana Roma; Kutina, 7. 4. 2025.\" \/>\n<meta property=\"og:url\" content=\"https:\/\/www.vegaintro-projekti.com\/pilar-stari\/2025\/04\/dr-sc-danijel-vojak-u-posjetu-os-mate-lovraka-u-povodu-svjetskog-dana-roma-kutina-7-4-2025\/\" \/>\n<meta property=\"og:site_name\" content=\"Institut dru&scaron;tvenih znanosti Ivo Pilar\" \/>\n<meta property=\"article:published_time\" content=\"2025-04-12T10:02:35+00:00\" \/>\n<meta property=\"article:modified_time\" content=\"2025-04-23T10:15:49+00:00\" \/>\n<meta property=\"og:image\" content=\"https:\/\/www.vegaintro-projekti.com\/pilar-stari\/wp-content\/uploads\/2025\/04\/foto_1fi.jpg\" \/>\n\t<meta property=\"og:image:width\" content=\"500\" \/>\n\t<meta property=\"og:image:height\" content=\"250\" \/>\n\t<meta property=\"og:image:type\" content=\"image\/jpeg\" \/>\n<meta name=\"author\" content=\"Boris\" \/>\n<meta name=\"twitter:card\" content=\"summary_large_image\" \/>\n<meta name=\"twitter:label1\" content=\"Napisao\/la\" \/>\n\t<meta name=\"twitter:data1\" content=\"Boris\" \/>\n\t<meta name=\"twitter:label2\" content=\"Procijenjeno vrijeme \u010ditanja\" \/>\n\t<meta name=\"twitter:data2\" content=\"2 minute\" \/>\n<script type=\"application\/ld+json\" class=\"yoast-schema-graph\">{\"@context\":\"https:\/\/schema.org\",\"@graph\":[{\"@type\":\"WebPage\",\"@id\":\"https:\/\/www.vegaintro-projekti.com\/pilar-stari\/2025\/04\/dr-sc-danijel-vojak-u-posjetu-os-mate-lovraka-u-povodu-svjetskog-dana-roma-kutina-7-4-2025\/\",\"url\":\"https:\/\/www.vegaintro-projekti.com\/pilar-stari\/2025\/04\/dr-sc-danijel-vojak-u-posjetu-os-mate-lovraka-u-povodu-svjetskog-dana-roma-kutina-7-4-2025\/\",\"name\":\"Dr. sc. Danijel Vojak u posjetu O\u0160 Mate Lovraka u povodu Svjetskog dana Roma; Kutina, 7. 4. 2025. - Institut dru&scaron;tvenih znanosti Ivo Pilar\",\"isPartOf\":{\"@id\":\"https:\/\/www.vegaintro-projekti.com\/pilar-stari\/#website\"},\"datePublished\":\"2025-04-12T10:02:35+00:00\",\"dateModified\":\"2025-04-23T10:15:49+00:00\",\"author\":{\"@id\":\"https:\/\/www.vegaintro-projekti.com\/pilar-stari\/#\/schema\/person\/ddd404c9f1e15e4ffef5986ac6a5d28b\"},\"breadcrumb\":{\"@id\":\"https:\/\/www.vegaintro-projekti.com\/pilar-stari\/2025\/04\/dr-sc-danijel-vojak-u-posjetu-os-mate-lovraka-u-povodu-svjetskog-dana-roma-kutina-7-4-2025\/#breadcrumb\"},\"inLanguage\":\"hr\",\"potentialAction\":[{\"@type\":\"ReadAction\",\"target\":[\"https:\/\/www.vegaintro-projekti.com\/pilar-stari\/2025\/04\/dr-sc-danijel-vojak-u-posjetu-os-mate-lovraka-u-povodu-svjetskog-dana-roma-kutina-7-4-2025\/\"]}]},{\"@type\":\"BreadcrumbList\",\"@id\":\"https:\/\/www.vegaintro-projekti.com\/pilar-stari\/2025\/04\/dr-sc-danijel-vojak-u-posjetu-os-mate-lovraka-u-povodu-svjetskog-dana-roma-kutina-7-4-2025\/#breadcrumb\",\"itemListElement\":[{\"@type\":\"ListItem\",\"position\":1,\"name\":\"Home\",\"item\":\"https:\/\/www.vegaintro-projekti.com\/pilar-stari\/\"},{\"@type\":\"ListItem\",\"position\":2,\"name\":\"Dr. sc. Danijel Vojak u posjetu O\u0160 Mate Lovraka u povodu Svjetskog dana Roma; Kutina, 7. 4. 2025.\"}]},{\"@type\":\"WebSite\",\"@id\":\"https:\/\/www.vegaintro-projekti.com\/pilar-stari\/#website\",\"url\":\"https:\/\/www.vegaintro-projekti.com\/pilar-stari\/\",\"name\":\"Institut dru&scaron;tvenih znanosti Ivo Pilar\",\"description\":\"Pilar\",\"potentialAction\":[{\"@type\":\"SearchAction\",\"target\":{\"@type\":\"EntryPoint\",\"urlTemplate\":\"https:\/\/www.vegaintro-projekti.com\/pilar-stari\/?s={search_term_string}\"},\"query-input\":\"required name=search_term_string\"}],\"inLanguage\":\"hr\"},{\"@type\":\"Person\",\"@id\":\"https:\/\/www.vegaintro-projekti.com\/pilar-stari\/#\/schema\/person\/ddd404c9f1e15e4ffef5986ac6a5d28b\",\"name\":\"Boris\",\"image\":{\"@type\":\"ImageObject\",\"inLanguage\":\"hr\",\"@id\":\"https:\/\/www.vegaintro-projekti.com\/pilar-stari\/#\/schema\/person\/image\/\",\"url\":\"https:\/\/secure.gravatar.com\/avatar\/29557b161a6ce6ab86ac1503164f1e90?s=96&d=mm&r=g\",\"contentUrl\":\"https:\/\/secure.gravatar.com\/avatar\/29557b161a6ce6ab86ac1503164f1e90?s=96&d=mm&r=g\",\"caption\":\"Boris\"},\"url\":\"https:\/\/www.vegaintro-projekti.com\/pilar-stari\/author\/boris\/\"}]}<\/script>\n<!-- \/ Yoast SEO plugin. -->","yoast_head_json":{"title":"Dr. sc. Danijel Vojak u posjetu O\u0160 Mate Lovraka u povodu Svjetskog dana Roma; Kutina, 7. 4. 2025. - Institut dru&scaron;tvenih znanosti Ivo Pilar","robots":{"index":"noindex","follow":"follow","max-snippet":"max-snippet:-1","max-image-preview":"max-image-preview:large","max-video-preview":"max-video-preview:-1"},"og_locale":"hr_HR","og_type":"article","og_title":"Dr. sc. Danijel Vojak u posjetu O\u0160 Mate Lovraka u povodu Svjetskog dana Roma; Kutina, 7. 4. 2025. - Institut dru&scaron;tvenih znanosti Ivo Pilar","og_description":"Dana 7. travnja 2025. dr. sc. Danijel Vojak posjetio je Osnovnu \u0161kolu Mate Lovraka u Kutini, gdje je postavio mobilni izlo\u017ebeni postav \u201eRomi u Nezavisnoj Dr\u017eavi Hrvatskoj\u201c u povodu Svjetskog dana Roma, koji se obilje\u017eava 8. travnja. &#8211; Iz medija Dr. sc. Danijel Vojak odr\u017eao je i predavanje o povijesti i genocidnom stradanju Roma u&hellip; Pro\u010ditaj vi\u0161e o Dr. sc. Danijel Vojak u posjetu O\u0160 Mate Lovraka u povodu Svjetskog dana Roma; Kutina, 7. 4. 2025.","og_url":"https:\/\/www.vegaintro-projekti.com\/pilar-stari\/2025\/04\/dr-sc-danijel-vojak-u-posjetu-os-mate-lovraka-u-povodu-svjetskog-dana-roma-kutina-7-4-2025\/","og_site_name":"Institut dru&scaron;tvenih znanosti Ivo Pilar","article_published_time":"2025-04-12T10:02:35+00:00","article_modified_time":"2025-04-23T10:15:49+00:00","og_image":[{"width":500,"height":250,"url":"https:\/\/www.vegaintro-projekti.com\/pilar-stari\/wp-content\/uploads\/2025\/04\/foto_1fi.jpg","type":"image\/jpeg"}],"author":"Boris","twitter_card":"summary_large_image","twitter_misc":{"Napisao\/la":"Boris","Procijenjeno vrijeme \u010ditanja":"2 minute"},"schema":{"@context":"https:\/\/schema.org","@graph":[{"@type":"WebPage","@id":"https:\/\/www.vegaintro-projekti.com\/pilar-stari\/2025\/04\/dr-sc-danijel-vojak-u-posjetu-os-mate-lovraka-u-povodu-svjetskog-dana-roma-kutina-7-4-2025\/","url":"https:\/\/www.vegaintro-projekti.com\/pilar-stari\/2025\/04\/dr-sc-danijel-vojak-u-posjetu-os-mate-lovraka-u-povodu-svjetskog-dana-roma-kutina-7-4-2025\/","name":"Dr. sc. Danijel Vojak u posjetu O\u0160 Mate Lovraka u povodu Svjetskog dana Roma; Kutina, 7. 4. 2025. - Institut dru&scaron;tvenih znanosti Ivo Pilar","isPartOf":{"@id":"https:\/\/www.vegaintro-projekti.com\/pilar-stari\/#website"},"datePublished":"2025-04-12T10:02:35+00:00","dateModified":"2025-04-23T10:15:49+00:00","author":{"@id":"https:\/\/www.vegaintro-projekti.com\/pilar-stari\/#\/schema\/person\/ddd404c9f1e15e4ffef5986ac6a5d28b"},"breadcrumb":{"@id":"https:\/\/www.vegaintro-projekti.com\/pilar-stari\/2025\/04\/dr-sc-danijel-vojak-u-posjetu-os-mate-lovraka-u-povodu-svjetskog-dana-roma-kutina-7-4-2025\/#breadcrumb"},"inLanguage":"hr","potentialAction":[{"@type":"ReadAction","target":["https:\/\/www.vegaintro-projekti.com\/pilar-stari\/2025\/04\/dr-sc-danijel-vojak-u-posjetu-os-mate-lovraka-u-povodu-svjetskog-dana-roma-kutina-7-4-2025\/"]}]},{"@type":"BreadcrumbList","@id":"https:\/\/www.vegaintro-projekti.com\/pilar-stari\/2025\/04\/dr-sc-danijel-vojak-u-posjetu-os-mate-lovraka-u-povodu-svjetskog-dana-roma-kutina-7-4-2025\/#breadcrumb","itemListElement":[{"@type":"ListItem","position":1,"name":"Home","item":"https:\/\/www.vegaintro-projekti.com\/pilar-stari\/"},{"@type":"ListItem","position":2,"name":"Dr. sc. Danijel Vojak u posjetu O\u0160 Mate Lovraka u povodu Svjetskog dana Roma; Kutina, 7. 4. 2025."}]},{"@type":"WebSite","@id":"https:\/\/www.vegaintro-projekti.com\/pilar-stari\/#website","url":"https:\/\/www.vegaintro-projekti.com\/pilar-stari\/","name":"Institut dru&scaron;tvenih znanosti Ivo Pilar","description":"Pilar","potentialAction":[{"@type":"SearchAction","target":{"@type":"EntryPoint","urlTemplate":"https:\/\/www.vegaintro-projekti.com\/pilar-stari\/?s={search_term_string}"},"query-input":"required name=search_term_string"}],"inLanguage":"hr"},{"@type":"Person","@id":"https:\/\/www.vegaintro-projekti.com\/pilar-stari\/#\/schema\/person\/ddd404c9f1e15e4ffef5986ac6a5d28b","name":"Boris","image":{"@type":"ImageObject","inLanguage":"hr","@id":"https:\/\/www.vegaintro-projekti.com\/pilar-stari\/#\/schema\/person\/image\/","url":"https:\/\/secure.gravatar.com\/avatar\/29557b161a6ce6ab86ac1503164f1e90?s=96&d=mm&r=g","contentUrl":"https:\/\/secure.gravatar.com\/avatar\/29557b161a6ce6ab86ac1503164f1e90?s=96&d=mm&r=g","caption":"Boris"},"url":"https:\/\/www.vegaintro-projekti.com\/pilar-stari\/author\/boris\/"}]}},"_links":{"self":[{"href":"https:\/\/www.vegaintro-projekti.com\/pilar-stari\/wp-json\/wp\/v2\/posts\/33737"}],"collection":[{"href":"https:\/\/www.vegaintro-projekti.com\/pilar-stari\/wp-json\/wp\/v2\/posts"}],"about":[{"href":"https:\/\/www.vegaintro-projekti.com\/pilar-stari\/wp-json\/wp\/v2\/types\/post"}],"author":[{"embeddable":true,"href":"https:\/\/www.vegaintro-projekti.com\/pilar-stari\/wp-json\/wp\/v2\/users\/7"}],"replies":[{"embeddable":true,"href":"https:\/\/www.vegaintro-projekti.com\/pilar-stari\/wp-json\/wp\/v2\/comments?post=33737"}],"version-history":[{"count":5,"href":"https:\/\/www.vegaintro-projekti.com\/pilar-stari\/wp-json\/wp\/v2\/posts\/33737\/revisions"}],"predecessor-version":[{"id":33742,"href":"https:\/\/www.vegaintro-projekti.com\/pilar-stari\/wp-json\/wp\/v2\/posts\/33737\/revisions\/33742"}],"wp:featuredmedia":[{"embeddable":true,"href":"https:\/\/www.vegaintro-projekti.com\/pilar-stari\/wp-json\/wp\/v2\/media\/33731"}],"wp:attachment":[{"href":"https:\/\/www.vegaintro-projekti.com\/pilar-stari\/wp-json\/wp\/v2\/media?parent=33737"}],"wp:term":[{"taxonomy":"category","embeddable":true,"href":"https:\/\/www.vegaintro-projekti.com\/pilar-stari\/wp-json\/wp\/v2\/categories?post=33737"},{"taxonomy":"post_tag","embeddable":true,"href":"https:\/\/www.vegaintro-projekti.com\/pilar-stari\/wp-json\/wp\/v2\/tags?post=33737"}],"curies":[{"name":"wp","href":"https:\/\/api.w.org\/{rel}","templated":true}]}}