{"id":33750,"date":"2025-04-12T15:46:31","date_gmt":"2025-04-12T15:46:31","guid":{"rendered":"https:\/\/www.vegaintro-projekti.com\/pilar-stari\/?p=33750"},"modified":"2025-04-23T16:05:34","modified_gmt":"2025-04-23T16:05:34","slug":"dr-sc-zeljko-holjevac-i-dr-sc-danijel-vojak-na-predstavljanju-zbornika-historija-roma-u-bosni-i-hercegovini-sarajevo-9-4-2025","status":"publish","type":"post","link":"https:\/\/www.vegaintro-projekti.com\/pilar-stari\/2025\/04\/dr-sc-zeljko-holjevac-i-dr-sc-danijel-vojak-na-predstavljanju-zbornika-historija-roma-u-bosni-i-hercegovini-sarajevo-9-4-2025\/","title":{"rendered":"Dr. sc. \u017deljko Holjevac i dr. sc. Danijel Vojak na predstavljanju zbornika Historija Roma u Bosni i Hercegovini; Sarajevo, 9. 4. 2025."},"content":{"rendered":"<p><strong>Ravnatelj Instituta Pilar dr. sc. \u017deljko Holjevac i dr. sc. Danijel Vojak sudjelovali su 9. travnja 2025. godine u predstavljanju zbornika radova Historija Roma u Bosni i Hercegovini u sve\u010danoj sali Rektorata Univerziteta u Sarajevu. Zbornik je objavljen potkraj 2024. godine u sunakladni\u0161tvu Instituta za historiju Univerziteta u Sarajevu i Instituta dru\u0161tvenih znanosti Ivo Pilar iz Zagreba. <\/strong>&#8211; <a href=\"#med\">Iz medija<\/a><\/p>\n<div class=\"wp-block-image\">\n<div class=\"wp-block-image\">\n<p><a href=\"https:\/\/www.vegaintro-projekti.com\/pilar-stari\/wp-content\/uploads\/2025\/04\/foto_2-1.jpg\"><img decoding=\"async\" loading=\"lazy\" class=\"alignnone wp-image-33748 size-full\" src=\"https:\/\/www.vegaintro-projekti.com\/pilar-stari\/wp-content\/uploads\/2025\/04\/foto_2s-1.jpg\" alt=\"i1\" width=\"620\" height=\"359\" srcset=\"https:\/\/www.vegaintro-projekti.com\/pilar-stari\/wp-content\/uploads\/2025\/04\/foto_2s-1.jpg 620w, https:\/\/www.vegaintro-projekti.com\/pilar-stari\/wp-content\/uploads\/2025\/04\/foto_2s-1-300x174.jpg 300w\" sizes=\"(max-width: 620px) 100vw, 620px\" \/><\/a><a href=\"https:\/\/www.vegaintro-projekti.com\/pilar-stari\/wp-content\/uploads\/2025\/04\/foto_1-1.jpg\"><img decoding=\"async\" loading=\"lazy\" class=\"alignnone wp-image-33745 size-full\" src=\"https:\/\/www.vegaintro-projekti.com\/pilar-stari\/wp-content\/uploads\/2025\/04\/foto_1s-1.jpg\" alt=\"i2\" width=\"620\" height=\"349\" srcset=\"https:\/\/www.vegaintro-projekti.com\/pilar-stari\/wp-content\/uploads\/2025\/04\/foto_1s-1.jpg 620w, https:\/\/www.vegaintro-projekti.com\/pilar-stari\/wp-content\/uploads\/2025\/04\/foto_1s-1-300x169.jpg 300w\" sizes=\"(max-width: 620px) 100vw, 620px\" \/><\/a><\/p>\n<\/div>\n<\/div>\n<p><strong>Urednici zbornika<\/strong> su dr. sc. Danijel Vojak i dr. sc. Sanja Gladanac-Petrovi\u0107, a obuhva\u0107a radove s me\u0111unarodne znanstvene konferencije odr\u017eane 22. velja\u010de 2024. godine u Sarajevu. Ravnatelj Instituta Pilar istaknuo je u svojem izlaganju usmjerenost Instituta na znanstvena istra\u017eivanja manjinskih zajednica u Republici Hrvatskoj i Europi, napose romske i \u017eidovske zajednice.<\/p>\n<p><strong>Na 36. Me\u0111unarodnom sajmu knjiga<\/strong> u Skenderiji zbornik Historija Roma u Bosni i Hercegovini nagra\u0111en je u kategoriji Memorija za kapitalna izdanja kulturne, historijske i politi\u010dke ba\u0161tine: <a href=\"https:\/\/iis.unsa.ba\/zbornik-radova-historija-roma-u-bosni-i-hercegovini-nagradjen-na-sajmu-knjiga\/\">https:\/\/iis.unsa.ba\/zbornik-radova-historija-roma-u-bosni-i-hercegovini-nagradjen-na-sajmu-knjiga\/<\/a><\/p>\n<p><strong>Videosnimka predstavljanj<\/strong>a zbornika dostupna je na: <a href=\"https:\/\/www.facebook.com\/watch\/live\/?ref=watch_permalink&amp;v=696166416078663\">https:\/\/www.facebook.com\/watch\/live\/?ref=watch_permalink&amp;v=696166416078663<\/a><\/p>\n<p><a id=\"med\"><\/a><span style=\"font-size: 14pt;\">Iz medija<\/span><\/p>\n<p>&#8211; <a href=\"https:\/\/www.unsa.ba\/novosti\/promoviran-zbornika-radova-historija-roma-u-bosni-i-hercegovini\">https:\/\/www.unsa.ba\/novosti\/promoviran-zbornika-radova-historija-roma-u-bosni-i-hercegovini<\/a><br \/>\n&#8211; <a href=\"https:\/\/historiografija.hr\/?p=45687\">https:\/\/historiografija.hr\/?p=45687<\/a><\/p>\n<p><img decoding=\"async\" loading=\"lazy\" class=\"alignnone wp-image-33749 size-full\" src=\"https:\/\/www.vegaintro-projekti.com\/pilar-stari\/wp-content\/uploads\/2025\/04\/Zbornik.jpg\" alt=\"i3\" width=\"620\" height=\"893\" srcset=\"https:\/\/www.vegaintro-projekti.com\/pilar-stari\/wp-content\/uploads\/2025\/04\/Zbornik.jpg 620w, https:\/\/www.vegaintro-projekti.com\/pilar-stari\/wp-content\/uploads\/2025\/04\/Zbornik-208x300.jpg 208w\" sizes=\"(max-width: 620px) 100vw, 620px\" \/><\/p>\n<blockquote><p>O zborniku<\/p><\/blockquote>\n<blockquote><p><a href=\"https:\/\/www.vegaintro-projekti.com\/pilar-stari\/2024\/04\/projekt-forgot-genromisc-zaboravljena-mjesta-stradanja-nepocudnih-genocid-nad-romima-u-nezavisnoj-drzavi-hrvatskoj-istrazivanje-memorijalizacija-edukacija\/\">Projekt FORGOT-GENROMISC<\/a><\/p>\n<p><a href=\"https:\/\/www.vegaintro-projekti.com\/pilar-stari\/biografije\/user-bio\/?my_user_id=63\">Dr. sc. Danijel Vojak<\/a><\/p><\/blockquote>\n","protected":false},"excerpt":{"rendered":"<p>Ravnatelj Instituta Pilar dr. sc. \u017deljko Holjevac i dr. sc. Danijel Vojak sudjelovali su 9. travnja 2025. godine u predstavljanju zbornika radova Historija Roma u Bosni i Hercegovini u sve\u010danoj sali Rektorata Univerziteta u Sarajevu. Zbornik je objavljen potkraj 2024. godine u sunakladni\u0161tvu Instituta za historiju Univerziteta u Sarajevu i Instituta dru\u0161tvenih znanosti Ivo Pilar&hellip; <a class=\"continue\" href=\"https:\/\/www.vegaintro-projekti.com\/pilar-stari\/2025\/04\/dr-sc-zeljko-holjevac-i-dr-sc-danijel-vojak-na-predstavljanju-zbornika-historija-roma-u-bosni-i-hercegovini-sarajevo-9-4-2025\/\">Pro\u010ditaj vi\u0161e o<span> Dr. sc. \u017deljko Holjevac i dr. sc. Danijel Vojak na predstavljanju zbornika Historija Roma u Bosni i Hercegovini; Sarajevo, 9. 4. 2025.<\/span><\/a><\/p>\n","protected":false},"author":7,"featured_media":33747,"comment_status":"closed","ping_status":"closed","sticky":false,"template":"","format":"standard","meta":{"inline_featured_image":false,"ngg_post_thumbnail":0,"footnotes":""},"categories":[11],"tags":[],"yoast_head":"<!-- This site is optimized with the Yoast SEO plugin v21.2 - https:\/\/yoast.com\/wordpress\/plugins\/seo\/ -->\n<title>Dr. sc. \u017deljko Holjevac i dr. sc. Danijel Vojak na predstavljanju zbornika Historija Roma u Bosni i Hercegovini; Sarajevo, 9. 4. 2025. - Institut dru&scaron;tvenih znanosti Ivo Pilar<\/title>\n<meta name=\"robots\" content=\"noindex, follow, max-snippet:-1, max-image-preview:large, max-video-preview:-1\" \/>\n<meta property=\"og:locale\" content=\"hr_HR\" \/>\n<meta property=\"og:type\" content=\"article\" \/>\n<meta property=\"og:title\" content=\"Dr. sc. \u017deljko Holjevac i dr. sc. Danijel Vojak na predstavljanju zbornika Historija Roma u Bosni i Hercegovini; Sarajevo, 9. 4. 2025. - Institut dru&scaron;tvenih znanosti Ivo Pilar\" \/>\n<meta property=\"og:description\" content=\"Ravnatelj Instituta Pilar dr. sc. \u017deljko Holjevac i dr. sc. Danijel Vojak sudjelovali su 9. travnja 2025. godine u predstavljanju zbornika radova Historija Roma u Bosni i Hercegovini u sve\u010danoj sali Rektorata Univerziteta u Sarajevu. Zbornik je objavljen potkraj 2024. godine u sunakladni\u0161tvu Instituta za historiju Univerziteta u Sarajevu i Instituta dru\u0161tvenih znanosti Ivo Pilar&hellip; Pro\u010ditaj vi\u0161e o Dr. sc. \u017deljko Holjevac i dr. sc. Danijel Vojak na predstavljanju zbornika Historija Roma u Bosni i Hercegovini; Sarajevo, 9. 4. 2025.\" \/>\n<meta property=\"og:url\" content=\"https:\/\/www.vegaintro-projekti.com\/pilar-stari\/2025\/04\/dr-sc-zeljko-holjevac-i-dr-sc-danijel-vojak-na-predstavljanju-zbornika-historija-roma-u-bosni-i-hercegovini-sarajevo-9-4-2025\/\" \/>\n<meta property=\"og:site_name\" content=\"Institut dru&scaron;tvenih znanosti Ivo Pilar\" \/>\n<meta property=\"article:published_time\" content=\"2025-04-12T15:46:31+00:00\" \/>\n<meta property=\"article:modified_time\" content=\"2025-04-23T16:05:34+00:00\" \/>\n<meta property=\"og:image\" content=\"https:\/\/www.vegaintro-projekti.com\/pilar-stari\/wp-content\/uploads\/2025\/04\/foto_2fi.jpg\" \/>\n\t<meta property=\"og:image:width\" content=\"500\" \/>\n\t<meta property=\"og:image:height\" content=\"255\" \/>\n\t<meta property=\"og:image:type\" content=\"image\/jpeg\" \/>\n<meta name=\"author\" content=\"Boris\" \/>\n<meta name=\"twitter:card\" content=\"summary_large_image\" \/>\n<meta name=\"twitter:label1\" content=\"Napisao\/la\" \/>\n\t<meta name=\"twitter:data1\" content=\"Boris\" \/>\n\t<meta name=\"twitter:label2\" content=\"Procijenjeno vrijeme \u010ditanja\" \/>\n\t<meta name=\"twitter:data2\" content=\"2 minute\" \/>\n<script type=\"application\/ld+json\" class=\"yoast-schema-graph\">{\"@context\":\"https:\/\/schema.org\",\"@graph\":[{\"@type\":\"WebPage\",\"@id\":\"https:\/\/www.vegaintro-projekti.com\/pilar-stari\/2025\/04\/dr-sc-zeljko-holjevac-i-dr-sc-danijel-vojak-na-predstavljanju-zbornika-historija-roma-u-bosni-i-hercegovini-sarajevo-9-4-2025\/\",\"url\":\"https:\/\/www.vegaintro-projekti.com\/pilar-stari\/2025\/04\/dr-sc-zeljko-holjevac-i-dr-sc-danijel-vojak-na-predstavljanju-zbornika-historija-roma-u-bosni-i-hercegovini-sarajevo-9-4-2025\/\",\"name\":\"Dr. sc. \u017deljko Holjevac i dr. sc. Danijel Vojak na predstavljanju zbornika Historija Roma u Bosni i Hercegovini; Sarajevo, 9. 4. 2025. - Institut dru&scaron;tvenih znanosti Ivo Pilar\",\"isPartOf\":{\"@id\":\"https:\/\/www.vegaintro-projekti.com\/pilar-stari\/#website\"},\"datePublished\":\"2025-04-12T15:46:31+00:00\",\"dateModified\":\"2025-04-23T16:05:34+00:00\",\"author\":{\"@id\":\"https:\/\/www.vegaintro-projekti.com\/pilar-stari\/#\/schema\/person\/ddd404c9f1e15e4ffef5986ac6a5d28b\"},\"breadcrumb\":{\"@id\":\"https:\/\/www.vegaintro-projekti.com\/pilar-stari\/2025\/04\/dr-sc-zeljko-holjevac-i-dr-sc-danijel-vojak-na-predstavljanju-zbornika-historija-roma-u-bosni-i-hercegovini-sarajevo-9-4-2025\/#breadcrumb\"},\"inLanguage\":\"hr\",\"potentialAction\":[{\"@type\":\"ReadAction\",\"target\":[\"https:\/\/www.vegaintro-projekti.com\/pilar-stari\/2025\/04\/dr-sc-zeljko-holjevac-i-dr-sc-danijel-vojak-na-predstavljanju-zbornika-historija-roma-u-bosni-i-hercegovini-sarajevo-9-4-2025\/\"]}]},{\"@type\":\"BreadcrumbList\",\"@id\":\"https:\/\/www.vegaintro-projekti.com\/pilar-stari\/2025\/04\/dr-sc-zeljko-holjevac-i-dr-sc-danijel-vojak-na-predstavljanju-zbornika-historija-roma-u-bosni-i-hercegovini-sarajevo-9-4-2025\/#breadcrumb\",\"itemListElement\":[{\"@type\":\"ListItem\",\"position\":1,\"name\":\"Home\",\"item\":\"https:\/\/www.vegaintro-projekti.com\/pilar-stari\/\"},{\"@type\":\"ListItem\",\"position\":2,\"name\":\"Dr. sc. \u017deljko Holjevac i dr. sc. Danijel Vojak na predstavljanju zbornika Historija Roma u Bosni i Hercegovini; Sarajevo, 9. 4. 2025.\"}]},{\"@type\":\"WebSite\",\"@id\":\"https:\/\/www.vegaintro-projekti.com\/pilar-stari\/#website\",\"url\":\"https:\/\/www.vegaintro-projekti.com\/pilar-stari\/\",\"name\":\"Institut dru&scaron;tvenih znanosti Ivo Pilar\",\"description\":\"Pilar\",\"potentialAction\":[{\"@type\":\"SearchAction\",\"target\":{\"@type\":\"EntryPoint\",\"urlTemplate\":\"https:\/\/www.vegaintro-projekti.com\/pilar-stari\/?s={search_term_string}\"},\"query-input\":\"required name=search_term_string\"}],\"inLanguage\":\"hr\"},{\"@type\":\"Person\",\"@id\":\"https:\/\/www.vegaintro-projekti.com\/pilar-stari\/#\/schema\/person\/ddd404c9f1e15e4ffef5986ac6a5d28b\",\"name\":\"Boris\",\"image\":{\"@type\":\"ImageObject\",\"inLanguage\":\"hr\",\"@id\":\"https:\/\/www.vegaintro-projekti.com\/pilar-stari\/#\/schema\/person\/image\/\",\"url\":\"https:\/\/secure.gravatar.com\/avatar\/29557b161a6ce6ab86ac1503164f1e90?s=96&d=mm&r=g\",\"contentUrl\":\"https:\/\/secure.gravatar.com\/avatar\/29557b161a6ce6ab86ac1503164f1e90?s=96&d=mm&r=g\",\"caption\":\"Boris\"},\"url\":\"https:\/\/www.vegaintro-projekti.com\/pilar-stari\/author\/boris\/\"}]}<\/script>\n<!-- \/ Yoast SEO plugin. -->","yoast_head_json":{"title":"Dr. sc. \u017deljko Holjevac i dr. sc. Danijel Vojak na predstavljanju zbornika Historija Roma u Bosni i Hercegovini; Sarajevo, 9. 4. 2025. - Institut dru&scaron;tvenih znanosti Ivo Pilar","robots":{"index":"noindex","follow":"follow","max-snippet":"max-snippet:-1","max-image-preview":"max-image-preview:large","max-video-preview":"max-video-preview:-1"},"og_locale":"hr_HR","og_type":"article","og_title":"Dr. sc. \u017deljko Holjevac i dr. sc. Danijel Vojak na predstavljanju zbornika Historija Roma u Bosni i Hercegovini; Sarajevo, 9. 4. 2025. - Institut dru&scaron;tvenih znanosti Ivo Pilar","og_description":"Ravnatelj Instituta Pilar dr. sc. \u017deljko Holjevac i dr. sc. Danijel Vojak sudjelovali su 9. travnja 2025. godine u predstavljanju zbornika radova Historija Roma u Bosni i Hercegovini u sve\u010danoj sali Rektorata Univerziteta u Sarajevu. Zbornik je objavljen potkraj 2024. godine u sunakladni\u0161tvu Instituta za historiju Univerziteta u Sarajevu i Instituta dru\u0161tvenih znanosti Ivo Pilar&hellip; Pro\u010ditaj vi\u0161e o Dr. sc. \u017deljko Holjevac i dr. sc. Danijel Vojak na predstavljanju zbornika Historija Roma u Bosni i Hercegovini; Sarajevo, 9. 4. 2025.","og_url":"https:\/\/www.vegaintro-projekti.com\/pilar-stari\/2025\/04\/dr-sc-zeljko-holjevac-i-dr-sc-danijel-vojak-na-predstavljanju-zbornika-historija-roma-u-bosni-i-hercegovini-sarajevo-9-4-2025\/","og_site_name":"Institut dru&scaron;tvenih znanosti Ivo Pilar","article_published_time":"2025-04-12T15:46:31+00:00","article_modified_time":"2025-04-23T16:05:34+00:00","og_image":[{"width":500,"height":255,"url":"https:\/\/www.vegaintro-projekti.com\/pilar-stari\/wp-content\/uploads\/2025\/04\/foto_2fi.jpg","type":"image\/jpeg"}],"author":"Boris","twitter_card":"summary_large_image","twitter_misc":{"Napisao\/la":"Boris","Procijenjeno vrijeme \u010ditanja":"2 minute"},"schema":{"@context":"https:\/\/schema.org","@graph":[{"@type":"WebPage","@id":"https:\/\/www.vegaintro-projekti.com\/pilar-stari\/2025\/04\/dr-sc-zeljko-holjevac-i-dr-sc-danijel-vojak-na-predstavljanju-zbornika-historija-roma-u-bosni-i-hercegovini-sarajevo-9-4-2025\/","url":"https:\/\/www.vegaintro-projekti.com\/pilar-stari\/2025\/04\/dr-sc-zeljko-holjevac-i-dr-sc-danijel-vojak-na-predstavljanju-zbornika-historija-roma-u-bosni-i-hercegovini-sarajevo-9-4-2025\/","name":"Dr. sc. \u017deljko Holjevac i dr. sc. Danijel Vojak na predstavljanju zbornika Historija Roma u Bosni i Hercegovini; Sarajevo, 9. 4. 2025. - Institut dru&scaron;tvenih znanosti Ivo Pilar","isPartOf":{"@id":"https:\/\/www.vegaintro-projekti.com\/pilar-stari\/#website"},"datePublished":"2025-04-12T15:46:31+00:00","dateModified":"2025-04-23T16:05:34+00:00","author":{"@id":"https:\/\/www.vegaintro-projekti.com\/pilar-stari\/#\/schema\/person\/ddd404c9f1e15e4ffef5986ac6a5d28b"},"breadcrumb":{"@id":"https:\/\/www.vegaintro-projekti.com\/pilar-stari\/2025\/04\/dr-sc-zeljko-holjevac-i-dr-sc-danijel-vojak-na-predstavljanju-zbornika-historija-roma-u-bosni-i-hercegovini-sarajevo-9-4-2025\/#breadcrumb"},"inLanguage":"hr","potentialAction":[{"@type":"ReadAction","target":["https:\/\/www.vegaintro-projekti.com\/pilar-stari\/2025\/04\/dr-sc-zeljko-holjevac-i-dr-sc-danijel-vojak-na-predstavljanju-zbornika-historija-roma-u-bosni-i-hercegovini-sarajevo-9-4-2025\/"]}]},{"@type":"BreadcrumbList","@id":"https:\/\/www.vegaintro-projekti.com\/pilar-stari\/2025\/04\/dr-sc-zeljko-holjevac-i-dr-sc-danijel-vojak-na-predstavljanju-zbornika-historija-roma-u-bosni-i-hercegovini-sarajevo-9-4-2025\/#breadcrumb","itemListElement":[{"@type":"ListItem","position":1,"name":"Home","item":"https:\/\/www.vegaintro-projekti.com\/pilar-stari\/"},{"@type":"ListItem","position":2,"name":"Dr. sc. \u017deljko Holjevac i dr. sc. Danijel Vojak na predstavljanju zbornika Historija Roma u Bosni i Hercegovini; Sarajevo, 9. 4. 2025."}]},{"@type":"WebSite","@id":"https:\/\/www.vegaintro-projekti.com\/pilar-stari\/#website","url":"https:\/\/www.vegaintro-projekti.com\/pilar-stari\/","name":"Institut dru&scaron;tvenih znanosti Ivo Pilar","description":"Pilar","potentialAction":[{"@type":"SearchAction","target":{"@type":"EntryPoint","urlTemplate":"https:\/\/www.vegaintro-projekti.com\/pilar-stari\/?s={search_term_string}"},"query-input":"required name=search_term_string"}],"inLanguage":"hr"},{"@type":"Person","@id":"https:\/\/www.vegaintro-projekti.com\/pilar-stari\/#\/schema\/person\/ddd404c9f1e15e4ffef5986ac6a5d28b","name":"Boris","image":{"@type":"ImageObject","inLanguage":"hr","@id":"https:\/\/www.vegaintro-projekti.com\/pilar-stari\/#\/schema\/person\/image\/","url":"https:\/\/secure.gravatar.com\/avatar\/29557b161a6ce6ab86ac1503164f1e90?s=96&d=mm&r=g","contentUrl":"https:\/\/secure.gravatar.com\/avatar\/29557b161a6ce6ab86ac1503164f1e90?s=96&d=mm&r=g","caption":"Boris"},"url":"https:\/\/www.vegaintro-projekti.com\/pilar-stari\/author\/boris\/"}]}},"_links":{"self":[{"href":"https:\/\/www.vegaintro-projekti.com\/pilar-stari\/wp-json\/wp\/v2\/posts\/33750"}],"collection":[{"href":"https:\/\/www.vegaintro-projekti.com\/pilar-stari\/wp-json\/wp\/v2\/posts"}],"about":[{"href":"https:\/\/www.vegaintro-projekti.com\/pilar-stari\/wp-json\/wp\/v2\/types\/post"}],"author":[{"embeddable":true,"href":"https:\/\/www.vegaintro-projekti.com\/pilar-stari\/wp-json\/wp\/v2\/users\/7"}],"replies":[{"embeddable":true,"href":"https:\/\/www.vegaintro-projekti.com\/pilar-stari\/wp-json\/wp\/v2\/comments?post=33750"}],"version-history":[{"count":3,"href":"https:\/\/www.vegaintro-projekti.com\/pilar-stari\/wp-json\/wp\/v2\/posts\/33750\/revisions"}],"predecessor-version":[{"id":33753,"href":"https:\/\/www.vegaintro-projekti.com\/pilar-stari\/wp-json\/wp\/v2\/posts\/33750\/revisions\/33753"}],"wp:featuredmedia":[{"embeddable":true,"href":"https:\/\/www.vegaintro-projekti.com\/pilar-stari\/wp-json\/wp\/v2\/media\/33747"}],"wp:attachment":[{"href":"https:\/\/www.vegaintro-projekti.com\/pilar-stari\/wp-json\/wp\/v2\/media?parent=33750"}],"wp:term":[{"taxonomy":"category","embeddable":true,"href":"https:\/\/www.vegaintro-projekti.com\/pilar-stari\/wp-json\/wp\/v2\/categories?post=33750"},{"taxonomy":"post_tag","embeddable":true,"href":"https:\/\/www.vegaintro-projekti.com\/pilar-stari\/wp-json\/wp\/v2\/tags?post=33750"}],"curies":[{"name":"wp","href":"https:\/\/api.w.org\/{rel}","templated":true}]}}