{"id":33787,"date":"2025-04-27T19:54:42","date_gmt":"2025-04-27T19:54:42","guid":{"rendered":"https:\/\/www.vegaintro-projekti.com\/pilar-stari\/?p=33787"},"modified":"2025-05-17T21:29:54","modified_gmt":"2025-05-17T21:29:54","slug":"objavljena-monografija-gorjani-%e2%80%92-mjesto-ljudi-identitet-bastina","status":"publish","type":"post","link":"https:\/\/www.vegaintro-projekti.com\/pilar-stari\/2025\/04\/objavljena-monografija-gorjani-%e2%80%92-mjesto-ljudi-identitet-bastina\/","title":{"rendered":"Objavljena monografija GORJANI \u2012 MJESTO, LJUDI, IDENTITET, BA\u0160TINA"},"content":{"rendered":"<p><strong>U izdanju Op\u0107ine Gorjani i sunakladni\u0161tvu Instituta dru\u0161tvenih znanosti Ivo Pilar, Hrvatskog katoli\u010dkog sveu\u010dili\u0161ta, Hrvatskog instituta za povijest, Fakulteta hrvatskih studija i Hrvatskog restauratorskog zavoda objavljena je monografija Gorjani \u2012 mjesto, ljudi, identitet, ba\u0161tina koju su uredili dr. sc. Dra\u017een \u017divi\u0107 i dr. sc. Ivana \u017debec \u0160ilj. <\/strong>&#8211; <a href=\"#ur\">Iz Uredni\u010dkog predgovora<\/a><\/p>\n<p><a href=\"https:\/\/www.vegaintro-projekti.com\/pilar-stari\/wp-content\/uploads\/2025\/04\/Gorjani-Korice.pdf\"><img decoding=\"async\" loading=\"lazy\" class=\"alignnone wp-image-33781 size-full\" src=\"https:\/\/www.vegaintro-projekti.com\/pilar-stari\/wp-content\/uploads\/2025\/04\/Gorjani-Nasl.jpg\" alt=\"i1\" width=\"620\" height=\"830\" srcset=\"https:\/\/www.vegaintro-projekti.com\/pilar-stari\/wp-content\/uploads\/2025\/04\/Gorjani-Nasl.jpg 620w, https:\/\/www.vegaintro-projekti.com\/pilar-stari\/wp-content\/uploads\/2025\/04\/Gorjani-Nasl-224x300.jpg 224w\" sizes=\"(max-width: 620px) 100vw, 620px\" \/><\/a><\/p>\n<p>&#8211; <a href=\"https:\/\/www.vegaintro-projekti.com\/pilar-stari\/2025\/04\/odgada-se-predstavljanje-knjige-gorjani-mjesto-ljudi-identitet-bastina-za-23-svibnja-2025\/\">Predstavljanje knjige Gorjani \u2013 mjesto, ljudi, identitet, ba\u0161tina; Gorjani, 23. svibnja 2025.<\/a><br \/>\n&#8211; <a href=\"https:\/\/www.vegaintro-projekti.com\/pilar-stari\/2025\/05\/institut-pilar-na-12-festivalu-povijesti-kliofest-zagreb-12-16-5-2025\/\">Institut Pilar na 12. Festivalu povijesti Kliofest; Zagreb, 12.-16. 5. 2025.<\/a><br \/>\n&#8211; <a href=\"https:\/\/www.vegaintro-projekti.com\/pilar-stari\/2025\/05\/predstavljanje-monografije-gorjani-mjesto-ljudi-identitet-bastina-zagreb-16-5-2025\/\">Predstavljanje monografije &#8220;Gorjani &#8211; mjesto, ljudi, identitet, ba\u0161tina&#8221;; Zagreb, 16. 5. 2025.<\/a><\/p>\n<p><strong>GORJANI \u2012 MJESTO, LJUDI, IDENTITET, BA\u0160TINA<\/strong><br \/>\n<strong>Uredili dr. sc. Dra\u017een \u017divi\u0107 i dr. sc. Ivana \u017debec \u0160ilj<\/strong><br \/>\n<strong>Op\u0107ina Gorjani, Institut dru\u0161tvenih znanosti Ivo Pilar, Hrvatsko katoli\u010dko sveu\u010dili\u0161te, Hrvatski institut za povijest, Fakultet hrvatskih studija i Hrvatski restauratorski zavod<\/strong><br \/>\n<strong>Gorjani, 2024. &#8211; 577 str.<\/strong><br \/>\n<strong>ISBN 978-953-95793-1-7<\/strong><\/p>\n<p><span style=\"font-size: 14pt;\">Sadr\u017eaj<\/span><\/p>\n<p>\u2013 <a href=\"https:\/\/www.vegaintro-projekti.com\/pilar-stari\/wp-content\/uploads\/2025\/04\/Gorjani-Korice.pdf\">Ovitak<\/a> | <a href=\"https:\/\/www.vegaintro-projekti.com\/pilar-stari\/wp-content\/uploads\/2025\/04\/Gorjani-Impresum.pdf\">Impresum<\/a> | <a href=\"https:\/\/www.vegaintro-projekti.com\/pilar-stari\/wp-content\/uploads\/2025\/04\/Gorjani-Sadrzaj.pdf\">Sadr\u017eaj<\/a><\/p>\n<p><a href=\"https:\/\/www.vegaintro-projekti.com\/pilar-stari\/wp-content\/uploads\/2025\/04\/Gorjani-Rijec.pdf\">Rije\u010d nakladnika<\/a><br \/>\n<a href=\"https:\/\/www.vegaintro-projekti.com\/pilar-stari\/wp-content\/uploads\/2025\/04\/Gorjani-Predgovor.pdf\">Uredni\u010dki predgovor<\/a><\/p>\n<p>1. Gorjani kroz povijest<\/p>\n<p>Danijel Jela\u0161: Urbani razvoj Gorjana u srednjem vijeku<br \/>\nStanko Andri\u0107: Izvori za povijest \u201cGorjanske bitke\u201d (25. srpnja 1386.)<br \/>\nTomislav Galovi\u0107 i Petar U\u0161kovi\u0107: Paleografsko-diplomati\u010dka i heraldi\u010dka analiza dviju grbovnica srednjovjekovne velika\u0161ke obitelji Gorjanskih<br \/>\nMarija Karbi\u0107: K\u0107eri, supruge, udovice, gospodarice. Polo\u017eaj i uloga pripadnica velika\u0161ke obitelji Gorjanski u razvijenom i kasnom srednjem vijeku<br \/>\nNata\u0161a \u0160tefanec: Slavonska vojna Hansa Katzianera 1537. godine: kretanje vojske i mogu\u0107e ostave metalnih predmeta<br \/>\nHrvoje Kekez: Gorjani na kartografskim prikazima iz 16. i 17. stolje\u0107a<br \/>\nMilan Vrbanus: Gorjani od oslobo\u0111enja od osmanske vlasti do sredine 18. stolje\u0107a \u2013 dru\u0161tveno-ekonomska analiza<br \/>\nDaniel Patafta: Gorjani u crkvenoj povijesti \u2013 od oblikovanja srednjovjekovnoga grada do kraja 18. stolje\u0107a<br \/>\nLuka Marijanovi\u0107: Du\u0161obri\u017eno sve\u0107enstvo \u017eupe Gorjani<br \/>\nDra\u017een Ku\u0161en: Spomenica \u017eupe Gorjani<br \/>\nBranko Ostajmer: Politi\u010dke i dru\u0161tvene prilike u Gorjanima na razme\u0111u 19. i 20. stolje\u0107a<br \/>\nIvan Lovi\u0107: Poljoprivreda u pro\u0161losti Gorjana<br \/>\nAntun Bagudi\u0107: Povijest \u0161kolstva u Gorjanima<br \/>\nIvan Zubac: Gorjani za vrijeme Kraljevine SHS\/Jugoslavije (1918. \u2013 1941.)<br \/>\nBorna Marini\u0107: Gorjani u domovinskom ratu<br \/>\n\u017deljka Kri\u017ee: General Imra Agoti\u0107 kroz arhivsko gradivo Hrvatskog memorijalno-dokumentacijskog centra Domovinskog rata<\/p>\n<p>2. Stanovni\u0161tvo Gorjana<\/p>\n<p>Robert Skenderovi\u0107: Katoli\u010dko stanovni\u0161tvo Gorjana u doba osmanlijske vladavine<br \/>\nNenad Pokos i Ivo Turk: Geografske i demografske zna\u010dajke Op\u0107ine Gorjani<br \/>\nVladimir Geiger: Nijemci u Gorjanima (Gorjani, Toma\u0161anci, Ivanovci Gorjanski)<br \/>\nDra\u017een \u017divi\u0107: Aktualne demografske prilike u Op\u0107ini Gorjani (2011. \u2013 2021.)<\/p>\n<p>3. Kulturna ba\u0161tina Gorjana<\/p>\n<p>Ivan Lovi\u0107: Ljelje iz Gorjana, proljetni ophod i svjetska ba\u0161tina<br \/>\nAdam Pavi\u0107: Narodna ba\u0161tina Gorjana &#8211; tradicijska kultura<br \/>\nManda Svirac: Ba\u0161tina tradicijskog \u017eenskog odijevanja u Gorjanima kroz godinu i liturgijski kalendar<br \/>\nMirko \u0106uri\u0107: Dvije prigodnice i dvije rukopisne pjesni\u010dke poslanice Adama Filipovi\u0107a Heldentalskog<br \/>\nIrena Pauk Sili: \u017dupna crkva sv. Jakova apostola u Gorjanima. Konzervatorsko-restauratorska istra\u017eivanja u unutra\u0161njosti i rekonstrukcija zidnog oslika<br \/>\nIrena Pauk Sili: Kapela sveta tri Kralja u Gorjanima. Rezultati konzervatorsko-restauratorskih istra\u017eivanja<br \/>\nMarija Ragu\u017e: Pisana ba\u0161tina Lucije Karali\u0107 s posebnim osvrtom na rukopis \u201eZadruga Karali\u0107\u201c<\/p>\n<p>4. Arheolo\u0161ka istra\u017eivanja i ba\u0161tina Gorjana<\/p>\n<p>Jelena Boras i Ivana \u010cati\u0107: Arheolo\u0161ka topografija i toponimija na prostoru Op\u0107ine Gorjani<br \/>\nRajna \u0160o\u0161i\u0107 Klind\u017ei\u0107, Hrvoje Kalafati\u0107 i Bartul \u0160iljeg: Arheolo\u0161ka iskopavanja i daljinska istra\u017eivanja neoliti\u010dkog naselja na polo\u017eajima Gorjani Kremenja\u010da i Topole<br \/>\nIvana Hirschler Mari\u0107 i Andrej Jane\u0161: Arheolo\u0161ka slika srednjovjekovnog garskog naselja i dominikanskog samostana<br \/>\nLuka \u0160tefan: Samostan kao sredi\u0161te monetarne raznolikosti \u2013 primjer srednjovjekovnog novca prona\u0111enog tijekom arheolo\u0161kih istra\u017eivanja dominikanskog samostana i crkve sv. Margarete u Gorjanima<br \/>\nIva Papi\u0107: Arhitektonska plastika srednjovjekovne crkve u Gari<br \/>\n\u017deljka Bedi\u0107: Bioarheolo\u0161ka slika ko\u0161tanih ljudskih ostataka u Gorjanima<br \/>\nGoran Tomac, Magdalena Kolenc i Kim Korpes: \u0160to se jelo u starim Gorjanima?<br \/>\nIvana Hirschler Mari\u0107: Arheolo\u0161ka istra\u017eivanja na prostoru kapele Sveta tri Kralja\/osmanske kule Jahja Bega u Gorjanima<br \/>\nAna Solter: Korespondencija \u0160ime Ljubi\u0107a i \u017eupnika Antuna Bogeti\u0107a, muzejskog povjerenika u Gorjanima<br \/>\nRajna \u0160o\u0161i\u0107 Klind\u017ei\u0107, Jacqueline Balen i Marin Ma\u0111eri\u0107: Potencijal prezentacije prapovijesnih lokaliteta u Gorjanima<\/p>\n<p>Popis autora<br \/>\nSponzori<\/p>\n<p><a id=\"ur\"><\/a><span style=\"font-size: 14pt;\">Iz Uredni\u010dkog predgovora<\/span><\/p>\n<p>S velikim zadovoljstvom pi\u0161emo ove retke uvode\u0107i Vas u neizmjerno bogatu ba\u0161tinsku pri\u010du o jednom danas malom slavonskom mjestu, a nekada vode\u0107em urbanom, demografskom, dru\u0161tvenom, politi\u010dkom i ekonomskom sredi\u0161tu hrvatskoga istoka \u2013 Gorjanima. Kada su Op\u0107ina Gorjani kao organizator te Institut dru\u0161tvenih znanosti Ivo Pilar, Hrvatski institut za povijest, Hrvatsko katoli\u010dko sveu\u010dili\u0161te, Fakultet hrvatskih studija Sveu\u010dili\u0161ta u Zagrebu i Hrvatski restauratorski zavod, pripremili i proveli znanstveno-stru\u010dni skup \u201eGorjani \u2013 mjesto, ljudi, identitet, ba\u0161tina\u201c u listopadu 2022. godine, mo\u017eda nisu bili ni svjesni kakvo su blago otkrili i \u0161to se sve u pro\u0161losti Gorjana skriva, od prapovijesti pa sve do dana\u0161njih dana. Bogata arheolo\u0161ka nalazi\u0161ta, povijesni doga\u0111aji i procesi, migracije i demografske promjene, sakralna i narodna ba\u0161tina, dru\u0161tvo, \u0161kolstvo i kultura u naj\u0161irem smislu rije\u010di \u2013 temelji su gorjanskog identitetskog kaleidoskopa koji se u kontinuitetu naseljenosti, \u017eivota i rada oblikuje ve\u0107 vi\u0161e tisu\u0107a godina. S obzirom da se taj kaleidoskop ne mo\u017ee istra\u017eivati, interpretirati i razumjeti bez interdisciplinarnog i multidisciplinarnog znanstvenog pristupa posve je razumljivo da je znanstveno-stru\u010dni skup okupio vi\u0161e od 40 renomiranih hrvatskih znanstvenika i stru\u010dnjaka koji su akademskoj i \u0161iroj javnosti prezentirali brojne nove spoznaje i \u010dinjenice.<\/p>\n<p>dr. sc. Dra\u017een \u017divi\u0107<br \/>\ndr. sc. Ivana \u017debec \u0160ilj<\/p>\n<blockquote><p><a href=\"https:\/\/www.vegaintro-projekti.com\/pilar-stari\/2018\/04\/podruni-centar-vukovar-2\/\">Podru\u010dni centar Vukovar<\/a><\/p><\/blockquote>\n","protected":false},"excerpt":{"rendered":"<p>U izdanju Op\u0107ine Gorjani i sunakladni\u0161tvu Instituta dru\u0161tvenih znanosti Ivo Pilar, Hrvatskog katoli\u010dkog sveu\u010dili\u0161ta, Hrvatskog instituta za povijest, Fakulteta hrvatskih studija i Hrvatskog restauratorskog zavoda objavljena je monografija Gorjani \u2012 mjesto, ljudi, identitet, ba\u0161tina koju su uredili dr. sc. Dra\u017een \u017divi\u0107 i dr. sc. Ivana \u017debec \u0160ilj. &#8211; Iz Uredni\u010dkog predgovora &#8211; Predstavljanje knjige Gorjani&hellip; <a class=\"continue\" href=\"https:\/\/www.vegaintro-projekti.com\/pilar-stari\/2025\/04\/objavljena-monografija-gorjani-%e2%80%92-mjesto-ljudi-identitet-bastina\/\">Pro\u010ditaj vi\u0161e o<span> Objavljena monografija GORJANI \u2012 MJESTO, LJUDI, IDENTITET, BA\u0160TINA<\/span><\/a><\/p>\n","protected":false},"author":7,"featured_media":33785,"comment_status":"closed","ping_status":"closed","sticky":false,"template":"","format":"standard","meta":{"inline_featured_image":false,"ngg_post_thumbnail":0,"footnotes":""},"categories":[48,21],"tags":[],"yoast_head":"<!-- This site is optimized with the Yoast SEO plugin v21.2 - https:\/\/yoast.com\/wordpress\/plugins\/seo\/ -->\n<title>Objavljena monografija GORJANI \u2012 MJESTO, LJUDI, IDENTITET, BA\u0160TINA - Institut dru&scaron;tvenih znanosti Ivo Pilar<\/title>\n<meta name=\"robots\" content=\"noindex, follow, max-snippet:-1, max-image-preview:large, max-video-preview:-1\" \/>\n<meta property=\"og:locale\" content=\"hr_HR\" \/>\n<meta property=\"og:type\" content=\"article\" \/>\n<meta property=\"og:title\" content=\"Objavljena monografija GORJANI \u2012 MJESTO, LJUDI, IDENTITET, BA\u0160TINA - Institut dru&scaron;tvenih znanosti Ivo Pilar\" \/>\n<meta property=\"og:description\" content=\"U izdanju Op\u0107ine Gorjani i sunakladni\u0161tvu Instituta dru\u0161tvenih znanosti Ivo Pilar, Hrvatskog katoli\u010dkog sveu\u010dili\u0161ta, Hrvatskog instituta za povijest, Fakulteta hrvatskih studija i Hrvatskog restauratorskog zavoda objavljena je monografija Gorjani \u2012 mjesto, ljudi, identitet, ba\u0161tina koju su uredili dr. sc. Dra\u017een \u017divi\u0107 i dr. sc. Ivana \u017debec \u0160ilj. &#8211; Iz Uredni\u010dkog predgovora &#8211; Predstavljanje knjige Gorjani&hellip; Pro\u010ditaj vi\u0161e o Objavljena monografija GORJANI \u2012 MJESTO, LJUDI, IDENTITET, BA\u0160TINA\" \/>\n<meta property=\"og:url\" content=\"https:\/\/www.vegaintro-projekti.com\/pilar-stari\/2025\/04\/objavljena-monografija-gorjani-\u2012-mjesto-ljudi-identitet-bastina\/\" \/>\n<meta property=\"og:site_name\" content=\"Institut dru&scaron;tvenih znanosti Ivo Pilar\" \/>\n<meta property=\"article:published_time\" content=\"2025-04-27T19:54:42+00:00\" \/>\n<meta property=\"article:modified_time\" content=\"2025-05-17T21:29:54+00:00\" \/>\n<meta property=\"og:image\" content=\"https:\/\/www.vegaintro-projekti.com\/pilar-stari\/wp-content\/uploads\/2025\/04\/IMG_fi-10.jpg\" \/>\n\t<meta property=\"og:image:width\" content=\"499\" \/>\n\t<meta property=\"og:image:height\" content=\"220\" \/>\n\t<meta property=\"og:image:type\" content=\"image\/jpeg\" \/>\n<meta name=\"author\" content=\"Boris\" \/>\n<meta name=\"twitter:card\" content=\"summary_large_image\" \/>\n<meta name=\"twitter:label1\" content=\"Napisao\/la\" \/>\n\t<meta name=\"twitter:data1\" content=\"Boris\" \/>\n\t<meta name=\"twitter:label2\" content=\"Procijenjeno vrijeme \u010ditanja\" \/>\n\t<meta name=\"twitter:data2\" content=\"5 minuta\" \/>\n<script type=\"application\/ld+json\" class=\"yoast-schema-graph\">{\"@context\":\"https:\/\/schema.org\",\"@graph\":[{\"@type\":\"WebPage\",\"@id\":\"https:\/\/www.vegaintro-projekti.com\/pilar-stari\/2025\/04\/objavljena-monografija-gorjani-%e2%80%92-mjesto-ljudi-identitet-bastina\/\",\"url\":\"https:\/\/www.vegaintro-projekti.com\/pilar-stari\/2025\/04\/objavljena-monografija-gorjani-%e2%80%92-mjesto-ljudi-identitet-bastina\/\",\"name\":\"Objavljena monografija GORJANI \u2012 MJESTO, LJUDI, IDENTITET, BA\u0160TINA - Institut dru&scaron;tvenih znanosti Ivo Pilar\",\"isPartOf\":{\"@id\":\"https:\/\/www.vegaintro-projekti.com\/pilar-stari\/#website\"},\"datePublished\":\"2025-04-27T19:54:42+00:00\",\"dateModified\":\"2025-05-17T21:29:54+00:00\",\"author\":{\"@id\":\"https:\/\/www.vegaintro-projekti.com\/pilar-stari\/#\/schema\/person\/ddd404c9f1e15e4ffef5986ac6a5d28b\"},\"breadcrumb\":{\"@id\":\"https:\/\/www.vegaintro-projekti.com\/pilar-stari\/2025\/04\/objavljena-monografija-gorjani-%e2%80%92-mjesto-ljudi-identitet-bastina\/#breadcrumb\"},\"inLanguage\":\"hr\",\"potentialAction\":[{\"@type\":\"ReadAction\",\"target\":[\"https:\/\/www.vegaintro-projekti.com\/pilar-stari\/2025\/04\/objavljena-monografija-gorjani-%e2%80%92-mjesto-ljudi-identitet-bastina\/\"]}]},{\"@type\":\"BreadcrumbList\",\"@id\":\"https:\/\/www.vegaintro-projekti.com\/pilar-stari\/2025\/04\/objavljena-monografija-gorjani-%e2%80%92-mjesto-ljudi-identitet-bastina\/#breadcrumb\",\"itemListElement\":[{\"@type\":\"ListItem\",\"position\":1,\"name\":\"Home\",\"item\":\"https:\/\/www.vegaintro-projekti.com\/pilar-stari\/\"},{\"@type\":\"ListItem\",\"position\":2,\"name\":\"Objavljena monografija GORJANI \u2012 MJESTO, LJUDI, IDENTITET, BA\u0160TINA\"}]},{\"@type\":\"WebSite\",\"@id\":\"https:\/\/www.vegaintro-projekti.com\/pilar-stari\/#website\",\"url\":\"https:\/\/www.vegaintro-projekti.com\/pilar-stari\/\",\"name\":\"Institut dru&scaron;tvenih znanosti Ivo Pilar\",\"description\":\"Pilar\",\"potentialAction\":[{\"@type\":\"SearchAction\",\"target\":{\"@type\":\"EntryPoint\",\"urlTemplate\":\"https:\/\/www.vegaintro-projekti.com\/pilar-stari\/?s={search_term_string}\"},\"query-input\":\"required name=search_term_string\"}],\"inLanguage\":\"hr\"},{\"@type\":\"Person\",\"@id\":\"https:\/\/www.vegaintro-projekti.com\/pilar-stari\/#\/schema\/person\/ddd404c9f1e15e4ffef5986ac6a5d28b\",\"name\":\"Boris\",\"image\":{\"@type\":\"ImageObject\",\"inLanguage\":\"hr\",\"@id\":\"https:\/\/www.vegaintro-projekti.com\/pilar-stari\/#\/schema\/person\/image\/\",\"url\":\"https:\/\/secure.gravatar.com\/avatar\/29557b161a6ce6ab86ac1503164f1e90?s=96&d=mm&r=g\",\"contentUrl\":\"https:\/\/secure.gravatar.com\/avatar\/29557b161a6ce6ab86ac1503164f1e90?s=96&d=mm&r=g\",\"caption\":\"Boris\"},\"url\":\"https:\/\/www.vegaintro-projekti.com\/pilar-stari\/author\/boris\/\"}]}<\/script>\n<!-- \/ Yoast SEO plugin. -->","yoast_head_json":{"title":"Objavljena monografija GORJANI \u2012 MJESTO, LJUDI, IDENTITET, BA\u0160TINA - Institut dru&scaron;tvenih znanosti Ivo Pilar","robots":{"index":"noindex","follow":"follow","max-snippet":"max-snippet:-1","max-image-preview":"max-image-preview:large","max-video-preview":"max-video-preview:-1"},"og_locale":"hr_HR","og_type":"article","og_title":"Objavljena monografija GORJANI \u2012 MJESTO, LJUDI, IDENTITET, BA\u0160TINA - Institut dru&scaron;tvenih znanosti Ivo Pilar","og_description":"U izdanju Op\u0107ine Gorjani i sunakladni\u0161tvu Instituta dru\u0161tvenih znanosti Ivo Pilar, Hrvatskog katoli\u010dkog sveu\u010dili\u0161ta, Hrvatskog instituta za povijest, Fakulteta hrvatskih studija i Hrvatskog restauratorskog zavoda objavljena je monografija Gorjani \u2012 mjesto, ljudi, identitet, ba\u0161tina koju su uredili dr. sc. Dra\u017een \u017divi\u0107 i dr. sc. Ivana \u017debec \u0160ilj. &#8211; Iz Uredni\u010dkog predgovora &#8211; Predstavljanje knjige Gorjani&hellip; Pro\u010ditaj vi\u0161e o Objavljena monografija GORJANI \u2012 MJESTO, LJUDI, IDENTITET, BA\u0160TINA","og_url":"https:\/\/www.vegaintro-projekti.com\/pilar-stari\/2025\/04\/objavljena-monografija-gorjani-\u2012-mjesto-ljudi-identitet-bastina\/","og_site_name":"Institut dru&scaron;tvenih znanosti Ivo Pilar","article_published_time":"2025-04-27T19:54:42+00:00","article_modified_time":"2025-05-17T21:29:54+00:00","og_image":[{"width":499,"height":220,"url":"https:\/\/www.vegaintro-projekti.com\/pilar-stari\/wp-content\/uploads\/2025\/04\/IMG_fi-10.jpg","type":"image\/jpeg"}],"author":"Boris","twitter_card":"summary_large_image","twitter_misc":{"Napisao\/la":"Boris","Procijenjeno vrijeme \u010ditanja":"5 minuta"},"schema":{"@context":"https:\/\/schema.org","@graph":[{"@type":"WebPage","@id":"https:\/\/www.vegaintro-projekti.com\/pilar-stari\/2025\/04\/objavljena-monografija-gorjani-%e2%80%92-mjesto-ljudi-identitet-bastina\/","url":"https:\/\/www.vegaintro-projekti.com\/pilar-stari\/2025\/04\/objavljena-monografija-gorjani-%e2%80%92-mjesto-ljudi-identitet-bastina\/","name":"Objavljena monografija GORJANI \u2012 MJESTO, LJUDI, IDENTITET, BA\u0160TINA - Institut dru&scaron;tvenih znanosti Ivo Pilar","isPartOf":{"@id":"https:\/\/www.vegaintro-projekti.com\/pilar-stari\/#website"},"datePublished":"2025-04-27T19:54:42+00:00","dateModified":"2025-05-17T21:29:54+00:00","author":{"@id":"https:\/\/www.vegaintro-projekti.com\/pilar-stari\/#\/schema\/person\/ddd404c9f1e15e4ffef5986ac6a5d28b"},"breadcrumb":{"@id":"https:\/\/www.vegaintro-projekti.com\/pilar-stari\/2025\/04\/objavljena-monografija-gorjani-%e2%80%92-mjesto-ljudi-identitet-bastina\/#breadcrumb"},"inLanguage":"hr","potentialAction":[{"@type":"ReadAction","target":["https:\/\/www.vegaintro-projekti.com\/pilar-stari\/2025\/04\/objavljena-monografija-gorjani-%e2%80%92-mjesto-ljudi-identitet-bastina\/"]}]},{"@type":"BreadcrumbList","@id":"https:\/\/www.vegaintro-projekti.com\/pilar-stari\/2025\/04\/objavljena-monografija-gorjani-%e2%80%92-mjesto-ljudi-identitet-bastina\/#breadcrumb","itemListElement":[{"@type":"ListItem","position":1,"name":"Home","item":"https:\/\/www.vegaintro-projekti.com\/pilar-stari\/"},{"@type":"ListItem","position":2,"name":"Objavljena monografija GORJANI \u2012 MJESTO, LJUDI, IDENTITET, BA\u0160TINA"}]},{"@type":"WebSite","@id":"https:\/\/www.vegaintro-projekti.com\/pilar-stari\/#website","url":"https:\/\/www.vegaintro-projekti.com\/pilar-stari\/","name":"Institut dru&scaron;tvenih znanosti Ivo Pilar","description":"Pilar","potentialAction":[{"@type":"SearchAction","target":{"@type":"EntryPoint","urlTemplate":"https:\/\/www.vegaintro-projekti.com\/pilar-stari\/?s={search_term_string}"},"query-input":"required name=search_term_string"}],"inLanguage":"hr"},{"@type":"Person","@id":"https:\/\/www.vegaintro-projekti.com\/pilar-stari\/#\/schema\/person\/ddd404c9f1e15e4ffef5986ac6a5d28b","name":"Boris","image":{"@type":"ImageObject","inLanguage":"hr","@id":"https:\/\/www.vegaintro-projekti.com\/pilar-stari\/#\/schema\/person\/image\/","url":"https:\/\/secure.gravatar.com\/avatar\/29557b161a6ce6ab86ac1503164f1e90?s=96&d=mm&r=g","contentUrl":"https:\/\/secure.gravatar.com\/avatar\/29557b161a6ce6ab86ac1503164f1e90?s=96&d=mm&r=g","caption":"Boris"},"url":"https:\/\/www.vegaintro-projekti.com\/pilar-stari\/author\/boris\/"}]}},"_links":{"self":[{"href":"https:\/\/www.vegaintro-projekti.com\/pilar-stari\/wp-json\/wp\/v2\/posts\/33787"}],"collection":[{"href":"https:\/\/www.vegaintro-projekti.com\/pilar-stari\/wp-json\/wp\/v2\/posts"}],"about":[{"href":"https:\/\/www.vegaintro-projekti.com\/pilar-stari\/wp-json\/wp\/v2\/types\/post"}],"author":[{"embeddable":true,"href":"https:\/\/www.vegaintro-projekti.com\/pilar-stari\/wp-json\/wp\/v2\/users\/7"}],"replies":[{"embeddable":true,"href":"https:\/\/www.vegaintro-projekti.com\/pilar-stari\/wp-json\/wp\/v2\/comments?post=33787"}],"version-history":[{"count":5,"href":"https:\/\/www.vegaintro-projekti.com\/pilar-stari\/wp-json\/wp\/v2\/posts\/33787\/revisions"}],"predecessor-version":[{"id":34240,"href":"https:\/\/www.vegaintro-projekti.com\/pilar-stari\/wp-json\/wp\/v2\/posts\/33787\/revisions\/34240"}],"wp:featuredmedia":[{"embeddable":true,"href":"https:\/\/www.vegaintro-projekti.com\/pilar-stari\/wp-json\/wp\/v2\/media\/33785"}],"wp:attachment":[{"href":"https:\/\/www.vegaintro-projekti.com\/pilar-stari\/wp-json\/wp\/v2\/media?parent=33787"}],"wp:term":[{"taxonomy":"category","embeddable":true,"href":"https:\/\/www.vegaintro-projekti.com\/pilar-stari\/wp-json\/wp\/v2\/categories?post=33787"},{"taxonomy":"post_tag","embeddable":true,"href":"https:\/\/www.vegaintro-projekti.com\/pilar-stari\/wp-json\/wp\/v2\/tags?post=33787"}],"curies":[{"name":"wp","href":"https:\/\/api.w.org\/{rel}","templated":true}]}}