{"id":33821,"date":"2025-04-28T21:52:01","date_gmt":"2025-04-28T21:52:01","guid":{"rendered":"https:\/\/www.vegaintro-projekti.com\/pilar-stari\/?p=33821"},"modified":"2025-05-17T16:09:41","modified_gmt":"2025-05-17T16:09:41","slug":"objavljen-zbornik-radova-historija-roma-u-bosni-i-hercegovini","status":"publish","type":"post","link":"https:\/\/www.vegaintro-projekti.com\/pilar-stari\/2025\/04\/objavljen-zbornik-radova-historija-roma-u-bosni-i-hercegovini\/","title":{"rendered":"Objavljen zbornik radova HISTORIJA ROMA U BOSNI I HERCEGOVINI"},"content":{"rendered":"<p><strong>U suizdava\u0161tvu Instituta za historiju Univerziteta u Sarajevu i Instituta dru\u0161tvenih znanosti Ivo Pilar objavljen je zbornik radova s me\u0111unarodne konferencije HISTORIJA ROMA U BOSNI I HERCEGOVINI odr\u017eane u Sarajevu 22. velja\u010de 2024. godine. Zbornik su uredili dr. sc. Danijel Vojak i dr. sc. Sanja Gladanac-Petrovi\u0107.<\/strong> &#8211; <a href=\"#pred\">Iz Predgovora urednika<\/a><\/p>\n<p><a href=\"https:\/\/www.vegaintro-projekti.com\/pilar-stari\/wp-content\/uploads\/2025\/04\/Zbornik_2024_korice.pdf\"><img decoding=\"async\" loading=\"lazy\" class=\"alignnone wp-image-33810 size-full\" src=\"https:\/\/www.vegaintro-projekti.com\/pilar-stari\/wp-content\/uploads\/2025\/04\/Zbornik-1.jpg\" alt=\"i1\" width=\"620\" height=\"893\" srcset=\"https:\/\/www.vegaintro-projekti.com\/pilar-stari\/wp-content\/uploads\/2025\/04\/Zbornik-1.jpg 620w, https:\/\/www.vegaintro-projekti.com\/pilar-stari\/wp-content\/uploads\/2025\/04\/Zbornik-1-208x300.jpg 208w\" sizes=\"(max-width: 620px) 100vw, 620px\" \/><\/a><\/p>\n<p>&#8211; <a href=\"https:\/\/www.vegaintro-projekti.com\/pilar-stari\/2025\/04\/dr-sc-zeljko-holjevac-i-dr-sc-danijel-vojak-na-predstavljanju-zbornika-historija-roma-u-bosni-i-hercegovini-sarajevo-9-4-2025\/\">Predstavljanje zbornika HISTORIJA ROMA U BOSNI I HERCEGOVINI; Sarajevo, 9. 4. 2025.<\/a><br \/>\n&#8211; <a href=\"https:\/\/www.vegaintro-projekti.com\/pilar-stari\/2025\/05\/institut-pilar-na-12-festivalu-povijesti-kliofest-zagreb-12-16-5-2025\/\">Institut Pilar na 12. Festivalu povijesti Kliofest; Zagreb, 12.-16. 5. 2025.<\/a><br \/>\n&#8211; <a href=\"https:\/\/www.vegaintro-projekti.com\/pilar-stari\/2025\/05\/dr-sc-danijel-vojak-na-predstavljanju-knjige-historija-roma-u-bosni-i-hercegovini-zagreb-15-5-2025\/\">Dr. sc. Danijel Vojak na predstavljanju knjige Historija Roma u Bosni i Hercegovini; Zagreb, 15. 5. 2025.<\/a><\/p>\n<p><strong>HISTORIJA ROMA U BOSNI I HERCEGOVINI. Zbornik radova<\/strong><br \/>\n<strong>Uredili dr. sc. Danijel Vojak i dr. sc. Sanja Gladanac-Petrovi\u0107<\/strong><br \/>\n<strong>Univerzitet u Sarajevu &#8211; Institut za historiju i Institut dru\u0161tvenih znanosti Ivo Pilar<\/strong><br \/>\n<strong>Sarajevo \u2013 Zagreb, 2024. &#8211; 314 str.<\/strong><br \/>\n<strong>ISBN 978-953-8404-45-0 (Institut Pilar)<\/strong><br \/>\n<strong>ISBN 978-9958-649-73-8 (Institut za historiju)<\/strong><\/p>\n<p><span style=\"font-size: 14pt;\">Sadr\u017eaj<\/span><\/p>\n<p>\u2013 <a href=\"https:\/\/www.vegaintro-projekti.com\/pilar-stari\/wp-content\/uploads\/2025\/04\/Zbornik_2024_korice.pdf\">Ovitak<\/a> | <a href=\"https:\/\/www.vegaintro-projekti.com\/pilar-stari\/wp-content\/uploads\/2025\/04\/Zbornik_HRBiH_impresum.pdf\">Impresum<\/a> | <a href=\"https:\/\/www.vegaintro-projekti.com\/pilar-stari\/wp-content\/uploads\/2025\/04\/Zbornik_HRBiH_sadrzaj.pdf\">Sadr\u017eaj<\/a><\/p>\n<p><a href=\"https:\/\/www.vegaintro-projekti.com\/pilar-stari\/wp-content\/uploads\/2025\/04\/Zbornik_HRBiH_predUr.pdf\">Predgovor urednika<\/a><br \/>\n<a href=\"https:\/\/www.vegaintro-projekti.com\/pilar-stari\/wp-content\/uploads\/2025\/04\/Zbornik_HRBiH_predBeslija.pdf\">Predgovor direktora Instituta za historiju Univerziteta u Sarajevu dr. sc. Sedada Be\u0161lije<\/a><br \/>\n<a href=\"https:\/\/www.vegaintro-projekti.com\/pilar-stari\/wp-content\/uploads\/2025\/04\/Zbornik_HRBiH_predHoljevac.pdf\">Predgovor ravnatelja Instituta dru\u0161tvenih znanosti Ivo Pilar dr. sc. \u017deljka Holjevca<\/a><\/p>\n<p>Stephane Laederich: Roma in Bosnia: Unravelling Sources from Ottoman Tax Registers to Linguistics<br \/>\nAmir D\u017eini\u0107: Romi u Bosanskom ejaletu kroz prizmu bujruldija prve polovine 19. stolje\u0107a<br \/>\nAmila Kasumovi\u0107: Romi u austrougarskom administrativnom diskursu u Bosni i Hercegovini na prijelomu 19. i 20. stolje\u0107a<br \/>\nHana Younis: Sudski spisi kao izvor za rekonstrukciju polo\u017eaja Roma u austrougarskoj Bosni i Hercegovini<br \/>\nDanijel Vojak \/ Paula Simon: Polo\u017eaj muslimanskih Roma na bosanskohercegova\u010dkom podru\u010dju uo\u010di Drugog svjetskog rata<br \/>\nSanja Gladanac-Petrovi\u0107: Komparacija nepo\u017eeljnosti Jevreja i Roma za usta\u0161ki re\u017eim<br \/>\nDanijel Vojak: Mjesta masovnih zlo\u010dina nad romskim stanovni\u0161tvom na bosanskohercegova\u010dkom podru\u010dju u Nezavisnoj Dr\u017eavi Hrvatskoj<br \/>\nD\u017eenita Sara\u010d Rujanac: Institucionalno otkrivanje Roma u SR Bosni i Hercegovini<br \/>\nEnes S. Omerovi\u0107: Popisi stanovni\u0161tva kao izvor za prou\u010davanje romskog stanovni\u0161tva u Bosni i Hercegovini (1879\u20131948)<br \/>\nHedina Tahirovi\u0107-Sijer\u010di\u0107: O Uhlikovom radu u historijskom kontekstu<br \/>\nDanijel Vojak \/ Neven Kova\u010dev \/ Sanja Gladanac-Petrovi\u0107: Izbor iz bibliografije radova o povijesti Roma u Bosni i Hercegovini<\/p>\n<p><a href=\"https:\/\/www.vegaintro-projekti.com\/pilar-stari\/wp-content\/uploads\/2025\/04\/Zbornik_HRBiH_autori.pdf\">Biografije autora<\/a><\/p>\n<p><a id=\"pred\"><\/a><span style=\"font-size: 14pt;\">Iz Predgovora urednika<\/span><\/p>\n<p>Znanstvena istra\u017eivanja povijesti Roma u mnogim europskim zemljama tek su na po\u010detku i brojna su istra\u017eiva\u010dka pitanja i dalje bez adekvatnog odgovora. Takav indiferentan odnos povjesni\u010dara prema povijesti Roma prisutan je i unutar bosanskohercegova\u010dke historiografije \u0161to je posebno vidljivo u manjem broju objavljenih znanstvenih radova i izostanku znanstvenih skupova, tribina, okruglih stolova i sli\u010dnih znanstveno-javnih doga\u0111aja. Upravo je takav odnos prema povijesti Roma naveo znanstvenike Instituta za historiju u Sarajevu Univerziteta u Sarajevu i Instituta dru\u0161tvenih znanosti Ivo Pilar iz Zagreba da pozovu na (prvu) javnu znanstvenu raspravu o povijesti Roma u Bosni i Hercegovini. Potaknuti nau\u010dnim doprinosom i op\u0161tim uticajem koji je ostvarila me\u0111unarodna znanstvena konferencija \u201cJezik i kultura Roma\u201d koja je, sad davne 1986. godine u Sarajevu, okupila iznimno velik broj zna\u010dajnih znanstvenika iz tada\u0161nje Jugoslavije i svijeta, te tri godine kasnije publicirala njihove radove s podru\u010dja lingvistike, povijesti, sociologije, antropologije, leksikografije, pedagogije, etnologije, knji\u017eevnosti i glazbene umjetnosti u zborniku naslovljenom \u201cJezik i kultura Roma: Me\u0111unarodni nau\u010dni skup\u201d, kolege dvaju srodnih instituta postavili su za cilj okupiti i potaknuti na razgovor istra\u017eiva\u010de iz Bosne i Hercegovine i drugih zemalja koji svojim nau\u010dnim istra\u017eivanjima mogu doprinijeti razumijevanju kompleksne historije Roma u Bosni i Hercegovini. Osim toga, organiziranjem konferencije nastojali su stimulisati znanstvena istra\u017eivanja tema iz pro\u0161losti bosanskohercegova\u010dkih Roma, pritom ista\u0107i zna\u010daj njihove povijesti kao sastavnog dijela historije stanovni\u0161tva Bosne i Hercegovine.<\/p>\n<p>dr. sc. Danijel Vojak<br \/>\ndr. sc. Sanja Gladanac-Petrovi\u0107<\/p>\n<blockquote><p><a href=\"https:\/\/www.vegaintro-projekti.com\/pilar-stari\/2024\/04\/projekt-forgot-genromisc-zaboravljena-mjesta-stradanja-nepocudnih-genocid-nad-romima-u-nezavisnoj-drzavi-hrvatskoj-istrazivanje-memorijalizacija-edukacija\/\">Projekt FORGOT-GENROMISC<\/a><\/p><\/blockquote>\n","protected":false},"excerpt":{"rendered":"<p>U suizdava\u0161tvu Instituta za historiju Univerziteta u Sarajevu i Instituta dru\u0161tvenih znanosti Ivo Pilar objavljen je zbornik radova s me\u0111unarodne konferencije HISTORIJA ROMA U BOSNI I HERCEGOVINI odr\u017eane u Sarajevu 22. velja\u010de 2024. godine. Zbornik su uredili dr. sc. Danijel Vojak i dr. sc. Sanja Gladanac-Petrovi\u0107. &#8211; Iz Predgovora urednika &#8211; Predstavljanje zbornika HISTORIJA ROMA&hellip; <a class=\"continue\" href=\"https:\/\/www.vegaintro-projekti.com\/pilar-stari\/2025\/04\/objavljen-zbornik-radova-historija-roma-u-bosni-i-hercegovini\/\">Pro\u010ditaj vi\u0161e o<span> Objavljen zbornik radova HISTORIJA ROMA U BOSNI I HERCEGOVINI<\/span><\/a><\/p>\n","protected":false},"author":7,"featured_media":33812,"comment_status":"closed","ping_status":"closed","sticky":false,"template":"","format":"standard","meta":{"inline_featured_image":false,"ngg_post_thumbnail":0,"footnotes":""},"categories":[48,21],"tags":[],"yoast_head":"<!-- This site is optimized with the Yoast SEO plugin v21.2 - https:\/\/yoast.com\/wordpress\/plugins\/seo\/ -->\n<title>Objavljen zbornik radova HISTORIJA ROMA U BOSNI I HERCEGOVINI - Institut dru&scaron;tvenih znanosti Ivo Pilar<\/title>\n<meta name=\"robots\" content=\"noindex, follow, max-snippet:-1, max-image-preview:large, max-video-preview:-1\" \/>\n<meta property=\"og:locale\" content=\"hr_HR\" \/>\n<meta property=\"og:type\" content=\"article\" \/>\n<meta property=\"og:title\" content=\"Objavljen zbornik radova HISTORIJA ROMA U BOSNI I HERCEGOVINI - Institut dru&scaron;tvenih znanosti Ivo Pilar\" \/>\n<meta property=\"og:description\" content=\"U suizdava\u0161tvu Instituta za historiju Univerziteta u Sarajevu i Instituta dru\u0161tvenih znanosti Ivo Pilar objavljen je zbornik radova s me\u0111unarodne konferencije HISTORIJA ROMA U BOSNI I HERCEGOVINI odr\u017eane u Sarajevu 22. velja\u010de 2024. godine. Zbornik su uredili dr. sc. Danijel Vojak i dr. sc. Sanja Gladanac-Petrovi\u0107. &#8211; Iz Predgovora urednika &#8211; Predstavljanje zbornika HISTORIJA ROMA&hellip; Pro\u010ditaj vi\u0161e o Objavljen zbornik radova HISTORIJA ROMA U BOSNI I HERCEGOVINI\" \/>\n<meta property=\"og:url\" content=\"https:\/\/www.vegaintro-projekti.com\/pilar-stari\/2025\/04\/objavljen-zbornik-radova-historija-roma-u-bosni-i-hercegovini\/\" \/>\n<meta property=\"og:site_name\" content=\"Institut dru&scaron;tvenih znanosti Ivo Pilar\" \/>\n<meta property=\"article:published_time\" content=\"2025-04-28T21:52:01+00:00\" \/>\n<meta property=\"article:modified_time\" content=\"2025-05-17T16:09:41+00:00\" \/>\n<meta property=\"og:image\" content=\"https:\/\/www.vegaintro-projekti.com\/pilar-stari\/wp-content\/uploads\/2025\/04\/Zbornik_fi.jpg\" \/>\n\t<meta property=\"og:image:width\" content=\"500\" \/>\n\t<meta property=\"og:image:height\" content=\"221\" \/>\n\t<meta property=\"og:image:type\" content=\"image\/jpeg\" \/>\n<meta name=\"author\" content=\"Boris\" \/>\n<meta name=\"twitter:card\" content=\"summary_large_image\" \/>\n<meta name=\"twitter:label1\" content=\"Napisao\/la\" \/>\n\t<meta name=\"twitter:data1\" content=\"Boris\" \/>\n\t<meta name=\"twitter:label2\" content=\"Procijenjeno vrijeme \u010ditanja\" \/>\n\t<meta name=\"twitter:data2\" content=\"4 minute\" \/>\n<script type=\"application\/ld+json\" class=\"yoast-schema-graph\">{\"@context\":\"https:\/\/schema.org\",\"@graph\":[{\"@type\":\"WebPage\",\"@id\":\"https:\/\/www.vegaintro-projekti.com\/pilar-stari\/2025\/04\/objavljen-zbornik-radova-historija-roma-u-bosni-i-hercegovini\/\",\"url\":\"https:\/\/www.vegaintro-projekti.com\/pilar-stari\/2025\/04\/objavljen-zbornik-radova-historija-roma-u-bosni-i-hercegovini\/\",\"name\":\"Objavljen zbornik radova HISTORIJA ROMA U BOSNI I HERCEGOVINI - Institut dru&scaron;tvenih znanosti Ivo Pilar\",\"isPartOf\":{\"@id\":\"https:\/\/www.vegaintro-projekti.com\/pilar-stari\/#website\"},\"datePublished\":\"2025-04-28T21:52:01+00:00\",\"dateModified\":\"2025-05-17T16:09:41+00:00\",\"author\":{\"@id\":\"https:\/\/www.vegaintro-projekti.com\/pilar-stari\/#\/schema\/person\/ddd404c9f1e15e4ffef5986ac6a5d28b\"},\"breadcrumb\":{\"@id\":\"https:\/\/www.vegaintro-projekti.com\/pilar-stari\/2025\/04\/objavljen-zbornik-radova-historija-roma-u-bosni-i-hercegovini\/#breadcrumb\"},\"inLanguage\":\"hr\",\"potentialAction\":[{\"@type\":\"ReadAction\",\"target\":[\"https:\/\/www.vegaintro-projekti.com\/pilar-stari\/2025\/04\/objavljen-zbornik-radova-historija-roma-u-bosni-i-hercegovini\/\"]}]},{\"@type\":\"BreadcrumbList\",\"@id\":\"https:\/\/www.vegaintro-projekti.com\/pilar-stari\/2025\/04\/objavljen-zbornik-radova-historija-roma-u-bosni-i-hercegovini\/#breadcrumb\",\"itemListElement\":[{\"@type\":\"ListItem\",\"position\":1,\"name\":\"Home\",\"item\":\"https:\/\/www.vegaintro-projekti.com\/pilar-stari\/\"},{\"@type\":\"ListItem\",\"position\":2,\"name\":\"Objavljen zbornik radova HISTORIJA ROMA U BOSNI I HERCEGOVINI\"}]},{\"@type\":\"WebSite\",\"@id\":\"https:\/\/www.vegaintro-projekti.com\/pilar-stari\/#website\",\"url\":\"https:\/\/www.vegaintro-projekti.com\/pilar-stari\/\",\"name\":\"Institut dru&scaron;tvenih znanosti Ivo Pilar\",\"description\":\"Pilar\",\"potentialAction\":[{\"@type\":\"SearchAction\",\"target\":{\"@type\":\"EntryPoint\",\"urlTemplate\":\"https:\/\/www.vegaintro-projekti.com\/pilar-stari\/?s={search_term_string}\"},\"query-input\":\"required name=search_term_string\"}],\"inLanguage\":\"hr\"},{\"@type\":\"Person\",\"@id\":\"https:\/\/www.vegaintro-projekti.com\/pilar-stari\/#\/schema\/person\/ddd404c9f1e15e4ffef5986ac6a5d28b\",\"name\":\"Boris\",\"image\":{\"@type\":\"ImageObject\",\"inLanguage\":\"hr\",\"@id\":\"https:\/\/www.vegaintro-projekti.com\/pilar-stari\/#\/schema\/person\/image\/\",\"url\":\"https:\/\/secure.gravatar.com\/avatar\/29557b161a6ce6ab86ac1503164f1e90?s=96&d=mm&r=g\",\"contentUrl\":\"https:\/\/secure.gravatar.com\/avatar\/29557b161a6ce6ab86ac1503164f1e90?s=96&d=mm&r=g\",\"caption\":\"Boris\"},\"url\":\"https:\/\/www.vegaintro-projekti.com\/pilar-stari\/author\/boris\/\"}]}<\/script>\n<!-- \/ Yoast SEO plugin. -->","yoast_head_json":{"title":"Objavljen zbornik radova HISTORIJA ROMA U BOSNI I HERCEGOVINI - Institut dru&scaron;tvenih znanosti Ivo Pilar","robots":{"index":"noindex","follow":"follow","max-snippet":"max-snippet:-1","max-image-preview":"max-image-preview:large","max-video-preview":"max-video-preview:-1"},"og_locale":"hr_HR","og_type":"article","og_title":"Objavljen zbornik radova HISTORIJA ROMA U BOSNI I HERCEGOVINI - Institut dru&scaron;tvenih znanosti Ivo Pilar","og_description":"U suizdava\u0161tvu Instituta za historiju Univerziteta u Sarajevu i Instituta dru\u0161tvenih znanosti Ivo Pilar objavljen je zbornik radova s me\u0111unarodne konferencije HISTORIJA ROMA U BOSNI I HERCEGOVINI odr\u017eane u Sarajevu 22. velja\u010de 2024. godine. Zbornik su uredili dr. sc. Danijel Vojak i dr. sc. Sanja Gladanac-Petrovi\u0107. &#8211; Iz Predgovora urednika &#8211; Predstavljanje zbornika HISTORIJA ROMA&hellip; Pro\u010ditaj vi\u0161e o Objavljen zbornik radova HISTORIJA ROMA U BOSNI I HERCEGOVINI","og_url":"https:\/\/www.vegaintro-projekti.com\/pilar-stari\/2025\/04\/objavljen-zbornik-radova-historija-roma-u-bosni-i-hercegovini\/","og_site_name":"Institut dru&scaron;tvenih znanosti Ivo Pilar","article_published_time":"2025-04-28T21:52:01+00:00","article_modified_time":"2025-05-17T16:09:41+00:00","og_image":[{"width":500,"height":221,"url":"https:\/\/www.vegaintro-projekti.com\/pilar-stari\/wp-content\/uploads\/2025\/04\/Zbornik_fi.jpg","type":"image\/jpeg"}],"author":"Boris","twitter_card":"summary_large_image","twitter_misc":{"Napisao\/la":"Boris","Procijenjeno vrijeme \u010ditanja":"4 minute"},"schema":{"@context":"https:\/\/schema.org","@graph":[{"@type":"WebPage","@id":"https:\/\/www.vegaintro-projekti.com\/pilar-stari\/2025\/04\/objavljen-zbornik-radova-historija-roma-u-bosni-i-hercegovini\/","url":"https:\/\/www.vegaintro-projekti.com\/pilar-stari\/2025\/04\/objavljen-zbornik-radova-historija-roma-u-bosni-i-hercegovini\/","name":"Objavljen zbornik radova HISTORIJA ROMA U BOSNI I HERCEGOVINI - Institut dru&scaron;tvenih znanosti Ivo Pilar","isPartOf":{"@id":"https:\/\/www.vegaintro-projekti.com\/pilar-stari\/#website"},"datePublished":"2025-04-28T21:52:01+00:00","dateModified":"2025-05-17T16:09:41+00:00","author":{"@id":"https:\/\/www.vegaintro-projekti.com\/pilar-stari\/#\/schema\/person\/ddd404c9f1e15e4ffef5986ac6a5d28b"},"breadcrumb":{"@id":"https:\/\/www.vegaintro-projekti.com\/pilar-stari\/2025\/04\/objavljen-zbornik-radova-historija-roma-u-bosni-i-hercegovini\/#breadcrumb"},"inLanguage":"hr","potentialAction":[{"@type":"ReadAction","target":["https:\/\/www.vegaintro-projekti.com\/pilar-stari\/2025\/04\/objavljen-zbornik-radova-historija-roma-u-bosni-i-hercegovini\/"]}]},{"@type":"BreadcrumbList","@id":"https:\/\/www.vegaintro-projekti.com\/pilar-stari\/2025\/04\/objavljen-zbornik-radova-historija-roma-u-bosni-i-hercegovini\/#breadcrumb","itemListElement":[{"@type":"ListItem","position":1,"name":"Home","item":"https:\/\/www.vegaintro-projekti.com\/pilar-stari\/"},{"@type":"ListItem","position":2,"name":"Objavljen zbornik radova HISTORIJA ROMA U BOSNI I HERCEGOVINI"}]},{"@type":"WebSite","@id":"https:\/\/www.vegaintro-projekti.com\/pilar-stari\/#website","url":"https:\/\/www.vegaintro-projekti.com\/pilar-stari\/","name":"Institut dru&scaron;tvenih znanosti Ivo Pilar","description":"Pilar","potentialAction":[{"@type":"SearchAction","target":{"@type":"EntryPoint","urlTemplate":"https:\/\/www.vegaintro-projekti.com\/pilar-stari\/?s={search_term_string}"},"query-input":"required name=search_term_string"}],"inLanguage":"hr"},{"@type":"Person","@id":"https:\/\/www.vegaintro-projekti.com\/pilar-stari\/#\/schema\/person\/ddd404c9f1e15e4ffef5986ac6a5d28b","name":"Boris","image":{"@type":"ImageObject","inLanguage":"hr","@id":"https:\/\/www.vegaintro-projekti.com\/pilar-stari\/#\/schema\/person\/image\/","url":"https:\/\/secure.gravatar.com\/avatar\/29557b161a6ce6ab86ac1503164f1e90?s=96&d=mm&r=g","contentUrl":"https:\/\/secure.gravatar.com\/avatar\/29557b161a6ce6ab86ac1503164f1e90?s=96&d=mm&r=g","caption":"Boris"},"url":"https:\/\/www.vegaintro-projekti.com\/pilar-stari\/author\/boris\/"}]}},"_links":{"self":[{"href":"https:\/\/www.vegaintro-projekti.com\/pilar-stari\/wp-json\/wp\/v2\/posts\/33821"}],"collection":[{"href":"https:\/\/www.vegaintro-projekti.com\/pilar-stari\/wp-json\/wp\/v2\/posts"}],"about":[{"href":"https:\/\/www.vegaintro-projekti.com\/pilar-stari\/wp-json\/wp\/v2\/types\/post"}],"author":[{"embeddable":true,"href":"https:\/\/www.vegaintro-projekti.com\/pilar-stari\/wp-json\/wp\/v2\/users\/7"}],"replies":[{"embeddable":true,"href":"https:\/\/www.vegaintro-projekti.com\/pilar-stari\/wp-json\/wp\/v2\/comments?post=33821"}],"version-history":[{"count":6,"href":"https:\/\/www.vegaintro-projekti.com\/pilar-stari\/wp-json\/wp\/v2\/posts\/33821\/revisions"}],"predecessor-version":[{"id":34188,"href":"https:\/\/www.vegaintro-projekti.com\/pilar-stari\/wp-json\/wp\/v2\/posts\/33821\/revisions\/34188"}],"wp:featuredmedia":[{"embeddable":true,"href":"https:\/\/www.vegaintro-projekti.com\/pilar-stari\/wp-json\/wp\/v2\/media\/33812"}],"wp:attachment":[{"href":"https:\/\/www.vegaintro-projekti.com\/pilar-stari\/wp-json\/wp\/v2\/media?parent=33821"}],"wp:term":[{"taxonomy":"category","embeddable":true,"href":"https:\/\/www.vegaintro-projekti.com\/pilar-stari\/wp-json\/wp\/v2\/categories?post=33821"},{"taxonomy":"post_tag","embeddable":true,"href":"https:\/\/www.vegaintro-projekti.com\/pilar-stari\/wp-json\/wp\/v2\/tags?post=33821"}],"curies":[{"name":"wp","href":"https:\/\/api.w.org\/{rel}","templated":true}]}}