{"id":33887,"date":"2025-05-07T10:24:03","date_gmt":"2025-05-07T10:24:03","guid":{"rendered":"https:\/\/www.vegaintro-projekti.com\/pilar-stari\/?p=33887"},"modified":"2025-05-07T10:35:09","modified_gmt":"2025-05-07T10:35:09","slug":"dr-sc-andreja-brajsa-zganec-na-26-danima-djecjih-vrtica-grada-zagreba-zagreb-5-11-5-2025","status":"publish","type":"post","link":"https:\/\/www.vegaintro-projekti.com\/pilar-stari\/2025\/05\/dr-sc-andreja-brajsa-zganec-na-26-danima-djecjih-vrtica-grada-zagreba-zagreb-5-11-5-2025\/","title":{"rendered":"Dr. sc. Andreja Braj\u0161a-\u017dganec na 26. Danima dje\u010djih vrti\u0107a Grada Zagreba; Zagreb, 5.-11. 5. 2025."},"content":{"rendered":"<p><strong>U sklopu 26. Dana dje\u010djih vrti\u0107a Grada Zagreba koji se odr\u017eavaju od 5. do 11. svibnja 2025. dr. sc. Andreja Braj\u0161a-\u017dganec odr\u017eala je plenarno izlaganje na temu \u201ePsiholo\u0161ka otpornost djece, mladih obitelji\u201c<\/strong><\/p>\n<div class=\"wp-block-image\">\n<p><a href=\"https:\/\/www.vegaintro-projekti.com\/pilar-stari\/wp-content\/uploads\/2025\/05\/IMG_2.jpg\"><img decoding=\"async\" loading=\"lazy\" class=\"alignnone wp-image-33886 size-full\" src=\"https:\/\/www.vegaintro-projekti.com\/pilar-stari\/wp-content\/uploads\/2025\/05\/IMG_2s.jpg\" alt=\"i1\" width=\"620\" height=\"375\" srcset=\"https:\/\/www.vegaintro-projekti.com\/pilar-stari\/wp-content\/uploads\/2025\/05\/IMG_2s.jpg 620w, https:\/\/www.vegaintro-projekti.com\/pilar-stari\/wp-content\/uploads\/2025\/05\/IMG_2s-300x181.jpg 300w\" sizes=\"(max-width: 620px) 100vw, 620px\" \/><\/a><a href=\"https:\/\/www.vegaintro-projekti.com\/pilar-stari\/wp-content\/uploads\/2025\/05\/IMG_1.jpg\"><img decoding=\"async\" loading=\"lazy\" class=\"alignnone wp-image-33883 size-full\" src=\"https:\/\/www.vegaintro-projekti.com\/pilar-stari\/wp-content\/uploads\/2025\/05\/IMG_1s.jpg\" alt=\"i2\" width=\"620\" height=\"366\" srcset=\"https:\/\/www.vegaintro-projekti.com\/pilar-stari\/wp-content\/uploads\/2025\/05\/IMG_1s.jpg 620w, https:\/\/www.vegaintro-projekti.com\/pilar-stari\/wp-content\/uploads\/2025\/05\/IMG_1s-300x177.jpg 300w\" sizes=\"(max-width: 620px) 100vw, 620px\" \/><\/a><\/p>\n<\/div>\n<p><strong>U izlaganju<\/strong> se govorilo o psiholo\u0161koj otpornosti s naglaskom na obiteljsku otpornost koja je povezana s kvalitetom roditeljskog pona\u0161anja te dobrobiti djece poput sre\u0107e i zadovoljstva djeteta te njegove socijalne i emocionalne kompetentnosti. Predstavljeni su rezultati projekta Dobrobit djeteta u kontekstu obitelji CHILD-WELL povezani s obiteljskom otpornosti te nagla\u0161ena va\u017enost longitudinalnog pra\u0107enja utjecaja obitelji na dje\u010dju dobrobit kroz projekt Dobrobit adolescenata u klju\u010dnim kontekstima TEEN-WELL. Prezentirani rezultati iz istra\u017eivanja komentirani su u kontekstu Europskog kurikuluma za razvoj otpornosti te na\u010dina kako utvrditi intenzitet roditeljskog stresa i obiteljsku otpornost u cilju prepoznavanja indikatora disfunkcionalnih interakcija roditelja i djece i njihovih mogu\u0107ih posljedica na dje\u010dju dobrobit.<\/p>\n<blockquote><p><a href=\"https:\/\/www.vegaintro-projekti.com\/pilar-stari\/2020\/02\/child-well-dobrobit-djeteta-u-kontekstu-obitelji\/\">Projekt CHILD-WELL<\/a><\/p>\n<p><a href=\"https:\/\/www.vegaintro-projekti.com\/pilar-stari\/2024\/05\/projekt-teen-well-dobrobit-adolescenata-u-kljucnim-kontekstima\/\">Projekt TEEN-WELL<\/a><\/p><\/blockquote>\n","protected":false},"excerpt":{"rendered":"<p>U sklopu 26. Dana dje\u010djih vrti\u0107a Grada Zagreba koji se odr\u017eavaju od 5. do 11. svibnja 2025. dr. sc. Andreja Braj\u0161a-\u017dganec odr\u017eala je plenarno izlaganje na temu \u201ePsiholo\u0161ka otpornost djece, mladih obitelji\u201c U izlaganju se govorilo o psiholo\u0161koj otpornosti s naglaskom na obiteljsku otpornost koja je povezana s kvalitetom roditeljskog pona\u0161anja te dobrobiti djece poput&hellip; <a class=\"continue\" href=\"https:\/\/www.vegaintro-projekti.com\/pilar-stari\/2025\/05\/dr-sc-andreja-brajsa-zganec-na-26-danima-djecjih-vrtica-grada-zagreba-zagreb-5-11-5-2025\/\">Pro\u010ditaj vi\u0161e o<span> Dr. sc. Andreja Braj\u0161a-\u017dganec na 26. Danima dje\u010djih vrti\u0107a Grada Zagreba; Zagreb, 5.-11. 5. 2025.<\/span><\/a><\/p>\n","protected":false},"author":7,"featured_media":33885,"comment_status":"closed","ping_status":"closed","sticky":false,"template":"","format":"standard","meta":{"inline_featured_image":false,"ngg_post_thumbnail":0,"footnotes":""},"categories":[48,11],"tags":[],"yoast_head":"<!-- This site is optimized with the Yoast SEO plugin v21.2 - https:\/\/yoast.com\/wordpress\/plugins\/seo\/ -->\n<title>Dr. sc. Andreja Braj\u0161a-\u017dganec na 26. Danima dje\u010djih vrti\u0107a Grada Zagreba; Zagreb, 5.-11. 5. 2025. - Institut dru&scaron;tvenih znanosti Ivo Pilar<\/title>\n<meta name=\"robots\" content=\"noindex, follow, max-snippet:-1, max-image-preview:large, max-video-preview:-1\" \/>\n<meta property=\"og:locale\" content=\"hr_HR\" \/>\n<meta property=\"og:type\" content=\"article\" \/>\n<meta property=\"og:title\" content=\"Dr. sc. Andreja Braj\u0161a-\u017dganec na 26. Danima dje\u010djih vrti\u0107a Grada Zagreba; Zagreb, 5.-11. 5. 2025. - Institut dru&scaron;tvenih znanosti Ivo Pilar\" \/>\n<meta property=\"og:description\" content=\"U sklopu 26. Dana dje\u010djih vrti\u0107a Grada Zagreba koji se odr\u017eavaju od 5. do 11. svibnja 2025. dr. sc. Andreja Braj\u0161a-\u017dganec odr\u017eala je plenarno izlaganje na temu \u201ePsiholo\u0161ka otpornost djece, mladih obitelji\u201c U izlaganju se govorilo o psiholo\u0161koj otpornosti s naglaskom na obiteljsku otpornost koja je povezana s kvalitetom roditeljskog pona\u0161anja te dobrobiti djece poput&hellip; Pro\u010ditaj vi\u0161e o Dr. sc. Andreja Braj\u0161a-\u017dganec na 26. Danima dje\u010djih vrti\u0107a Grada Zagreba; Zagreb, 5.-11. 5. 2025.\" \/>\n<meta property=\"og:url\" content=\"https:\/\/www.vegaintro-projekti.com\/pilar-stari\/2025\/05\/dr-sc-andreja-brajsa-zganec-na-26-danima-djecjih-vrtica-grada-zagreba-zagreb-5-11-5-2025\/\" \/>\n<meta property=\"og:site_name\" content=\"Institut dru&scaron;tvenih znanosti Ivo Pilar\" \/>\n<meta property=\"article:published_time\" content=\"2025-05-07T10:24:03+00:00\" \/>\n<meta property=\"article:modified_time\" content=\"2025-05-07T10:35:09+00:00\" \/>\n<meta property=\"og:image\" content=\"https:\/\/www.vegaintro-projekti.com\/pilar-stari\/wp-content\/uploads\/2025\/05\/IMG_2fi.jpg\" \/>\n\t<meta property=\"og:image:width\" content=\"499\" \/>\n\t<meta property=\"og:image:height\" content=\"221\" \/>\n\t<meta property=\"og:image:type\" content=\"image\/jpeg\" \/>\n<meta name=\"author\" content=\"Boris\" \/>\n<meta name=\"twitter:card\" content=\"summary_large_image\" \/>\n<meta name=\"twitter:label1\" content=\"Napisao\/la\" \/>\n\t<meta name=\"twitter:data1\" content=\"Boris\" \/>\n\t<meta name=\"twitter:label2\" content=\"Procijenjeno vrijeme \u010ditanja\" \/>\n\t<meta name=\"twitter:data2\" content=\"2 minute\" \/>\n<script type=\"application\/ld+json\" class=\"yoast-schema-graph\">{\"@context\":\"https:\/\/schema.org\",\"@graph\":[{\"@type\":\"WebPage\",\"@id\":\"https:\/\/www.vegaintro-projekti.com\/pilar-stari\/2025\/05\/dr-sc-andreja-brajsa-zganec-na-26-danima-djecjih-vrtica-grada-zagreba-zagreb-5-11-5-2025\/\",\"url\":\"https:\/\/www.vegaintro-projekti.com\/pilar-stari\/2025\/05\/dr-sc-andreja-brajsa-zganec-na-26-danima-djecjih-vrtica-grada-zagreba-zagreb-5-11-5-2025\/\",\"name\":\"Dr. sc. Andreja Braj\u0161a-\u017dganec na 26. Danima dje\u010djih vrti\u0107a Grada Zagreba; Zagreb, 5.-11. 5. 2025. - Institut dru&scaron;tvenih znanosti Ivo Pilar\",\"isPartOf\":{\"@id\":\"https:\/\/www.vegaintro-projekti.com\/pilar-stari\/#website\"},\"datePublished\":\"2025-05-07T10:24:03+00:00\",\"dateModified\":\"2025-05-07T10:35:09+00:00\",\"author\":{\"@id\":\"https:\/\/www.vegaintro-projekti.com\/pilar-stari\/#\/schema\/person\/ddd404c9f1e15e4ffef5986ac6a5d28b\"},\"breadcrumb\":{\"@id\":\"https:\/\/www.vegaintro-projekti.com\/pilar-stari\/2025\/05\/dr-sc-andreja-brajsa-zganec-na-26-danima-djecjih-vrtica-grada-zagreba-zagreb-5-11-5-2025\/#breadcrumb\"},\"inLanguage\":\"hr\",\"potentialAction\":[{\"@type\":\"ReadAction\",\"target\":[\"https:\/\/www.vegaintro-projekti.com\/pilar-stari\/2025\/05\/dr-sc-andreja-brajsa-zganec-na-26-danima-djecjih-vrtica-grada-zagreba-zagreb-5-11-5-2025\/\"]}]},{\"@type\":\"BreadcrumbList\",\"@id\":\"https:\/\/www.vegaintro-projekti.com\/pilar-stari\/2025\/05\/dr-sc-andreja-brajsa-zganec-na-26-danima-djecjih-vrtica-grada-zagreba-zagreb-5-11-5-2025\/#breadcrumb\",\"itemListElement\":[{\"@type\":\"ListItem\",\"position\":1,\"name\":\"Home\",\"item\":\"https:\/\/www.vegaintro-projekti.com\/pilar-stari\/\"},{\"@type\":\"ListItem\",\"position\":2,\"name\":\"Dr. sc. Andreja Braj\u0161a-\u017dganec na 26. Danima dje\u010djih vrti\u0107a Grada Zagreba; Zagreb, 5.-11. 5. 2025.\"}]},{\"@type\":\"WebSite\",\"@id\":\"https:\/\/www.vegaintro-projekti.com\/pilar-stari\/#website\",\"url\":\"https:\/\/www.vegaintro-projekti.com\/pilar-stari\/\",\"name\":\"Institut dru&scaron;tvenih znanosti Ivo Pilar\",\"description\":\"Pilar\",\"potentialAction\":[{\"@type\":\"SearchAction\",\"target\":{\"@type\":\"EntryPoint\",\"urlTemplate\":\"https:\/\/www.vegaintro-projekti.com\/pilar-stari\/?s={search_term_string}\"},\"query-input\":\"required name=search_term_string\"}],\"inLanguage\":\"hr\"},{\"@type\":\"Person\",\"@id\":\"https:\/\/www.vegaintro-projekti.com\/pilar-stari\/#\/schema\/person\/ddd404c9f1e15e4ffef5986ac6a5d28b\",\"name\":\"Boris\",\"image\":{\"@type\":\"ImageObject\",\"inLanguage\":\"hr\",\"@id\":\"https:\/\/www.vegaintro-projekti.com\/pilar-stari\/#\/schema\/person\/image\/\",\"url\":\"https:\/\/secure.gravatar.com\/avatar\/29557b161a6ce6ab86ac1503164f1e90?s=96&d=mm&r=g\",\"contentUrl\":\"https:\/\/secure.gravatar.com\/avatar\/29557b161a6ce6ab86ac1503164f1e90?s=96&d=mm&r=g\",\"caption\":\"Boris\"},\"url\":\"https:\/\/www.vegaintro-projekti.com\/pilar-stari\/author\/boris\/\"}]}<\/script>\n<!-- \/ Yoast SEO plugin. -->","yoast_head_json":{"title":"Dr. sc. Andreja Braj\u0161a-\u017dganec na 26. Danima dje\u010djih vrti\u0107a Grada Zagreba; Zagreb, 5.-11. 5. 2025. - Institut dru&scaron;tvenih znanosti Ivo Pilar","robots":{"index":"noindex","follow":"follow","max-snippet":"max-snippet:-1","max-image-preview":"max-image-preview:large","max-video-preview":"max-video-preview:-1"},"og_locale":"hr_HR","og_type":"article","og_title":"Dr. sc. Andreja Braj\u0161a-\u017dganec na 26. Danima dje\u010djih vrti\u0107a Grada Zagreba; Zagreb, 5.-11. 5. 2025. - Institut dru&scaron;tvenih znanosti Ivo Pilar","og_description":"U sklopu 26. Dana dje\u010djih vrti\u0107a Grada Zagreba koji se odr\u017eavaju od 5. do 11. svibnja 2025. dr. sc. Andreja Braj\u0161a-\u017dganec odr\u017eala je plenarno izlaganje na temu \u201ePsiholo\u0161ka otpornost djece, mladih obitelji\u201c U izlaganju se govorilo o psiholo\u0161koj otpornosti s naglaskom na obiteljsku otpornost koja je povezana s kvalitetom roditeljskog pona\u0161anja te dobrobiti djece poput&hellip; Pro\u010ditaj vi\u0161e o Dr. sc. Andreja Braj\u0161a-\u017dganec na 26. Danima dje\u010djih vrti\u0107a Grada Zagreba; Zagreb, 5.-11. 5. 2025.","og_url":"https:\/\/www.vegaintro-projekti.com\/pilar-stari\/2025\/05\/dr-sc-andreja-brajsa-zganec-na-26-danima-djecjih-vrtica-grada-zagreba-zagreb-5-11-5-2025\/","og_site_name":"Institut dru&scaron;tvenih znanosti Ivo Pilar","article_published_time":"2025-05-07T10:24:03+00:00","article_modified_time":"2025-05-07T10:35:09+00:00","og_image":[{"width":499,"height":221,"url":"https:\/\/www.vegaintro-projekti.com\/pilar-stari\/wp-content\/uploads\/2025\/05\/IMG_2fi.jpg","type":"image\/jpeg"}],"author":"Boris","twitter_card":"summary_large_image","twitter_misc":{"Napisao\/la":"Boris","Procijenjeno vrijeme \u010ditanja":"2 minute"},"schema":{"@context":"https:\/\/schema.org","@graph":[{"@type":"WebPage","@id":"https:\/\/www.vegaintro-projekti.com\/pilar-stari\/2025\/05\/dr-sc-andreja-brajsa-zganec-na-26-danima-djecjih-vrtica-grada-zagreba-zagreb-5-11-5-2025\/","url":"https:\/\/www.vegaintro-projekti.com\/pilar-stari\/2025\/05\/dr-sc-andreja-brajsa-zganec-na-26-danima-djecjih-vrtica-grada-zagreba-zagreb-5-11-5-2025\/","name":"Dr. sc. Andreja Braj\u0161a-\u017dganec na 26. Danima dje\u010djih vrti\u0107a Grada Zagreba; Zagreb, 5.-11. 5. 2025. - Institut dru&scaron;tvenih znanosti Ivo Pilar","isPartOf":{"@id":"https:\/\/www.vegaintro-projekti.com\/pilar-stari\/#website"},"datePublished":"2025-05-07T10:24:03+00:00","dateModified":"2025-05-07T10:35:09+00:00","author":{"@id":"https:\/\/www.vegaintro-projekti.com\/pilar-stari\/#\/schema\/person\/ddd404c9f1e15e4ffef5986ac6a5d28b"},"breadcrumb":{"@id":"https:\/\/www.vegaintro-projekti.com\/pilar-stari\/2025\/05\/dr-sc-andreja-brajsa-zganec-na-26-danima-djecjih-vrtica-grada-zagreba-zagreb-5-11-5-2025\/#breadcrumb"},"inLanguage":"hr","potentialAction":[{"@type":"ReadAction","target":["https:\/\/www.vegaintro-projekti.com\/pilar-stari\/2025\/05\/dr-sc-andreja-brajsa-zganec-na-26-danima-djecjih-vrtica-grada-zagreba-zagreb-5-11-5-2025\/"]}]},{"@type":"BreadcrumbList","@id":"https:\/\/www.vegaintro-projekti.com\/pilar-stari\/2025\/05\/dr-sc-andreja-brajsa-zganec-na-26-danima-djecjih-vrtica-grada-zagreba-zagreb-5-11-5-2025\/#breadcrumb","itemListElement":[{"@type":"ListItem","position":1,"name":"Home","item":"https:\/\/www.vegaintro-projekti.com\/pilar-stari\/"},{"@type":"ListItem","position":2,"name":"Dr. sc. Andreja Braj\u0161a-\u017dganec na 26. Danima dje\u010djih vrti\u0107a Grada Zagreba; Zagreb, 5.-11. 5. 2025."}]},{"@type":"WebSite","@id":"https:\/\/www.vegaintro-projekti.com\/pilar-stari\/#website","url":"https:\/\/www.vegaintro-projekti.com\/pilar-stari\/","name":"Institut dru&scaron;tvenih znanosti Ivo Pilar","description":"Pilar","potentialAction":[{"@type":"SearchAction","target":{"@type":"EntryPoint","urlTemplate":"https:\/\/www.vegaintro-projekti.com\/pilar-stari\/?s={search_term_string}"},"query-input":"required name=search_term_string"}],"inLanguage":"hr"},{"@type":"Person","@id":"https:\/\/www.vegaintro-projekti.com\/pilar-stari\/#\/schema\/person\/ddd404c9f1e15e4ffef5986ac6a5d28b","name":"Boris","image":{"@type":"ImageObject","inLanguage":"hr","@id":"https:\/\/www.vegaintro-projekti.com\/pilar-stari\/#\/schema\/person\/image\/","url":"https:\/\/secure.gravatar.com\/avatar\/29557b161a6ce6ab86ac1503164f1e90?s=96&d=mm&r=g","contentUrl":"https:\/\/secure.gravatar.com\/avatar\/29557b161a6ce6ab86ac1503164f1e90?s=96&d=mm&r=g","caption":"Boris"},"url":"https:\/\/www.vegaintro-projekti.com\/pilar-stari\/author\/boris\/"}]}},"_links":{"self":[{"href":"https:\/\/www.vegaintro-projekti.com\/pilar-stari\/wp-json\/wp\/v2\/posts\/33887"}],"collection":[{"href":"https:\/\/www.vegaintro-projekti.com\/pilar-stari\/wp-json\/wp\/v2\/posts"}],"about":[{"href":"https:\/\/www.vegaintro-projekti.com\/pilar-stari\/wp-json\/wp\/v2\/types\/post"}],"author":[{"embeddable":true,"href":"https:\/\/www.vegaintro-projekti.com\/pilar-stari\/wp-json\/wp\/v2\/users\/7"}],"replies":[{"embeddable":true,"href":"https:\/\/www.vegaintro-projekti.com\/pilar-stari\/wp-json\/wp\/v2\/comments?post=33887"}],"version-history":[{"count":3,"href":"https:\/\/www.vegaintro-projekti.com\/pilar-stari\/wp-json\/wp\/v2\/posts\/33887\/revisions"}],"predecessor-version":[{"id":33891,"href":"https:\/\/www.vegaintro-projekti.com\/pilar-stari\/wp-json\/wp\/v2\/posts\/33887\/revisions\/33891"}],"wp:featuredmedia":[{"embeddable":true,"href":"https:\/\/www.vegaintro-projekti.com\/pilar-stari\/wp-json\/wp\/v2\/media\/33885"}],"wp:attachment":[{"href":"https:\/\/www.vegaintro-projekti.com\/pilar-stari\/wp-json\/wp\/v2\/media?parent=33887"}],"wp:term":[{"taxonomy":"category","embeddable":true,"href":"https:\/\/www.vegaintro-projekti.com\/pilar-stari\/wp-json\/wp\/v2\/categories?post=33887"},{"taxonomy":"post_tag","embeddable":true,"href":"https:\/\/www.vegaintro-projekti.com\/pilar-stari\/wp-json\/wp\/v2\/tags?post=33887"}],"curies":[{"name":"wp","href":"https:\/\/api.w.org\/{rel}","templated":true}]}}