{"id":33931,"date":"2025-05-08T15:43:52","date_gmt":"2025-05-08T15:43:52","guid":{"rendered":"https:\/\/www.vegaintro-projekti.com\/pilar-stari\/?p=33931"},"modified":"2025-05-11T18:05:31","modified_gmt":"2025-05-11T18:05:31","slug":"predstavljanje-biblioteke-mladi-u-drustvu-vis-6-5-2025","status":"publish","type":"post","link":"https:\/\/www.vegaintro-projekti.com\/pilar-stari\/2025\/05\/predstavljanje-biblioteke-mladi-u-drustvu-vis-6-5-2025\/","title":{"rendered":"Predstavljanje biblioteke Mladi u dru\u0161tvu; Vis, 6. 5. 2025."},"content":{"rendered":"<p><strong>Podru\u010dni centar Instituta dru\u0161tvenih znanosti Ivo Pilar u Visu organizirao je predstavljanje biblioteke Mladi u dru\u0161tvu 6. svibnja 2025. u prostoru arheolo\u0161ke zbirke u tvr\u0111avi Batarija, Vis. O knjigama novopokrenute biblioteke govorili su dr. sc. Marko Mustapi\u0107 i dr. sc. Benjamin Perasovi\u0107, a prisutnima su se obratili i ravnatelj Instituta Pilar prof. dr. sc. \u017deljko Holjevac te voditelj Podru\u010dnog centra Vis dr. sc. Ivan Hrsti\u0107<\/strong><\/p>\n<div class=\"wp-block-image\">\n<p><a href=\"https:\/\/www.vegaintro-projekti.com\/pilar-stari\/wp-content\/uploads\/2025\/05\/IMG_1-1.jpg\"><img decoding=\"async\" loading=\"lazy\" class=\"alignnone wp-image-33920 size-full\" src=\"https:\/\/www.vegaintro-projekti.com\/pilar-stari\/wp-content\/uploads\/2025\/05\/IMG_1s-1.jpg\" alt=\"i1\" width=\"620\" height=\"344\" srcset=\"https:\/\/www.vegaintro-projekti.com\/pilar-stari\/wp-content\/uploads\/2025\/05\/IMG_1s-1.jpg 620w, https:\/\/www.vegaintro-projekti.com\/pilar-stari\/wp-content\/uploads\/2025\/05\/IMG_1s-1-300x166.jpg 300w\" sizes=\"(max-width: 620px) 100vw, 620px\" \/><\/a><a href=\"https:\/\/www.vegaintro-projekti.com\/pilar-stari\/wp-content\/uploads\/2025\/05\/IMG_9.jpg\"><img decoding=\"async\" loading=\"lazy\" class=\"alignnone wp-image-33928 size-full\" src=\"https:\/\/www.vegaintro-projekti.com\/pilar-stari\/wp-content\/uploads\/2025\/05\/IMG_9s.jpg\" alt=\"i2\" width=\"620\" height=\"354\" srcset=\"https:\/\/www.vegaintro-projekti.com\/pilar-stari\/wp-content\/uploads\/2025\/05\/IMG_9s.jpg 620w, https:\/\/www.vegaintro-projekti.com\/pilar-stari\/wp-content\/uploads\/2025\/05\/IMG_9s-300x171.jpg 300w\" sizes=\"(max-width: 620px) 100vw, 620px\" \/><\/a><a href=\"https:\/\/www.vegaintro-projekti.com\/pilar-stari\/wp-content\/uploads\/2025\/05\/IMG_8.jpg\"><img decoding=\"async\" loading=\"lazy\" class=\"alignnone wp-image-33926 size-full\" src=\"https:\/\/www.vegaintro-projekti.com\/pilar-stari\/wp-content\/uploads\/2025\/05\/IMG_8s.jpg\" alt=\"i3\" width=\"620\" height=\"329\" srcset=\"https:\/\/www.vegaintro-projekti.com\/pilar-stari\/wp-content\/uploads\/2025\/05\/IMG_8s.jpg 620w, https:\/\/www.vegaintro-projekti.com\/pilar-stari\/wp-content\/uploads\/2025\/05\/IMG_8s-300x159.jpg 300w, https:\/\/www.vegaintro-projekti.com\/pilar-stari\/wp-content\/uploads\/2025\/05\/IMG_8s-310x165.jpg 310w\" sizes=\"(max-width: 620px) 100vw, 620px\" \/><\/a><\/p>\n<\/div>\n<p><strong>Predstavljanje<\/strong> je odr\u017eano u suradnji sa Zavi\u010dajnim muzejom grada Visa, a tijekom boravka na Visu predstavnici Instituta posjetili su i gradsku knji\u017enicu u Komi\u017ei te uz predstavnike lokalne samouprave Grada Visa i kolege iz Zavi\u010dajnog muzeja posjetili prostor aktualnih arheolo\u0161kih nalazi\u0161ta u gradu.<\/p>\n<div class=\"wp-block-image\">\n<p><a href=\"https:\/\/www.vegaintro-projekti.com\/pilar-stari\/wp-content\/uploads\/2025\/05\/IMG_2-1.jpg\"><img decoding=\"async\" loading=\"lazy\" class=\"alignnone wp-image-33922 size-full\" src=\"https:\/\/www.vegaintro-projekti.com\/pilar-stari\/wp-content\/uploads\/2025\/05\/IMG_2s-1.jpg\" alt=\"i4\" width=\"620\" height=\"351\" srcset=\"https:\/\/www.vegaintro-projekti.com\/pilar-stari\/wp-content\/uploads\/2025\/05\/IMG_2s-1.jpg 620w, https:\/\/www.vegaintro-projekti.com\/pilar-stari\/wp-content\/uploads\/2025\/05\/IMG_2s-1-300x170.jpg 300w\" sizes=\"(max-width: 620px) 100vw, 620px\" \/><\/a><a href=\"https:\/\/www.vegaintro-projekti.com\/pilar-stari\/wp-content\/uploads\/2025\/05\/IMG_6.jpg\"><img decoding=\"async\" loading=\"lazy\" class=\"alignnone wp-image-33924 size-full\" src=\"https:\/\/www.vegaintro-projekti.com\/pilar-stari\/wp-content\/uploads\/2025\/05\/IMG_6s.jpg\" alt=\"i5\" width=\"620\" height=\"343\" srcset=\"https:\/\/www.vegaintro-projekti.com\/pilar-stari\/wp-content\/uploads\/2025\/05\/IMG_6s.jpg 620w, https:\/\/www.vegaintro-projekti.com\/pilar-stari\/wp-content\/uploads\/2025\/05\/IMG_6s-300x166.jpg 300w\" sizes=\"(max-width: 620px) 100vw, 620px\" \/><\/a><a href=\"https:\/\/www.vegaintro-projekti.com\/pilar-stari\/wp-content\/uploads\/2025\/05\/IMG_11s.jpg\"><img decoding=\"async\" loading=\"lazy\" class=\"alignnone wp-image-33937 size-full\" src=\"https:\/\/www.vegaintro-projekti.com\/pilar-stari\/wp-content\/uploads\/2025\/05\/IMG_11s1.jpg\" alt=\"i6\" width=\"620\" height=\"356\" srcset=\"https:\/\/www.vegaintro-projekti.com\/pilar-stari\/wp-content\/uploads\/2025\/05\/IMG_11s1.jpg 620w, https:\/\/www.vegaintro-projekti.com\/pilar-stari\/wp-content\/uploads\/2025\/05\/IMG_11s1-300x172.jpg 300w\" sizes=\"(max-width: 620px) 100vw, 620px\" \/><\/a><\/p>\n<blockquote><p><a href=\"https:\/\/www.vegaintro-projekti.com\/pilar-stari\/2025\/02\/biblioteka-mladi-u-drustvu\/\">Biblioteka Mladi u dru\u0161tvu<\/a><\/p><\/blockquote>\n<\/div>\n<blockquote><p><a href=\"https:\/\/www.vegaintro-projekti.com\/pilar-stari\/2021\/07\/podrucni-centar-vis\/\">Podru\u010dni centar Vis<\/a><\/p><\/blockquote>\n","protected":false},"excerpt":{"rendered":"<p>Podru\u010dni centar Instituta dru\u0161tvenih znanosti Ivo Pilar u Visu organizirao je predstavljanje biblioteke Mladi u dru\u0161tvu 6. svibnja 2025. u prostoru arheolo\u0161ke zbirke u tvr\u0111avi Batarija, Vis. O knjigama novopokrenute biblioteke govorili su dr. sc. Marko Mustapi\u0107 i dr. sc. Benjamin Perasovi\u0107, a prisutnima su se obratili i ravnatelj Instituta Pilar prof. dr. sc. \u017deljko&hellip; <a class=\"continue\" href=\"https:\/\/www.vegaintro-projekti.com\/pilar-stari\/2025\/05\/predstavljanje-biblioteke-mladi-u-drustvu-vis-6-5-2025\/\">Pro\u010ditaj vi\u0161e o<span> Predstavljanje biblioteke Mladi u dru\u0161tvu; Vis, 6. 5. 2025.<\/span><\/a><\/p>\n","protected":false},"author":7,"featured_media":33919,"comment_status":"closed","ping_status":"closed","sticky":false,"template":"","format":"standard","meta":{"inline_featured_image":false,"ngg_post_thumbnail":0,"footnotes":""},"categories":[48,11],"tags":[],"yoast_head":"<!-- This site is optimized with the Yoast SEO plugin v21.2 - https:\/\/yoast.com\/wordpress\/plugins\/seo\/ -->\n<title>Predstavljanje biblioteke Mladi u dru\u0161tvu; Vis, 6. 5. 2025. - Institut dru&scaron;tvenih znanosti Ivo Pilar<\/title>\n<meta name=\"robots\" content=\"noindex, follow, max-snippet:-1, max-image-preview:large, max-video-preview:-1\" \/>\n<meta property=\"og:locale\" content=\"hr_HR\" \/>\n<meta property=\"og:type\" content=\"article\" \/>\n<meta property=\"og:title\" content=\"Predstavljanje biblioteke Mladi u dru\u0161tvu; Vis, 6. 5. 2025. - Institut dru&scaron;tvenih znanosti Ivo Pilar\" \/>\n<meta property=\"og:description\" content=\"Podru\u010dni centar Instituta dru\u0161tvenih znanosti Ivo Pilar u Visu organizirao je predstavljanje biblioteke Mladi u dru\u0161tvu 6. svibnja 2025. u prostoru arheolo\u0161ke zbirke u tvr\u0111avi Batarija, Vis. O knjigama novopokrenute biblioteke govorili su dr. sc. Marko Mustapi\u0107 i dr. sc. Benjamin Perasovi\u0107, a prisutnima su se obratili i ravnatelj Instituta Pilar prof. dr. sc. \u017deljko&hellip; Pro\u010ditaj vi\u0161e o Predstavljanje biblioteke Mladi u dru\u0161tvu; Vis, 6. 5. 2025.\" \/>\n<meta property=\"og:url\" content=\"https:\/\/www.vegaintro-projekti.com\/pilar-stari\/2025\/05\/predstavljanje-biblioteke-mladi-u-drustvu-vis-6-5-2025\/\" \/>\n<meta property=\"og:site_name\" content=\"Institut dru&scaron;tvenih znanosti Ivo Pilar\" \/>\n<meta property=\"article:published_time\" content=\"2025-05-08T15:43:52+00:00\" \/>\n<meta property=\"article:modified_time\" content=\"2025-05-11T18:05:31+00:00\" \/>\n<meta property=\"og:image\" content=\"https:\/\/www.vegaintro-projekti.com\/pilar-stari\/wp-content\/uploads\/2025\/05\/IMG_1fi.jpg\" \/>\n\t<meta property=\"og:image:width\" content=\"500\" \/>\n\t<meta property=\"og:image:height\" content=\"236\" \/>\n\t<meta property=\"og:image:type\" content=\"image\/jpeg\" \/>\n<meta name=\"author\" content=\"Boris\" \/>\n<meta name=\"twitter:card\" content=\"summary_large_image\" \/>\n<meta name=\"twitter:label1\" content=\"Napisao\/la\" \/>\n\t<meta name=\"twitter:data1\" content=\"Boris\" \/>\n\t<meta name=\"twitter:label2\" content=\"Procijenjeno vrijeme \u010ditanja\" \/>\n\t<meta name=\"twitter:data2\" content=\"2 minute\" \/>\n<script type=\"application\/ld+json\" class=\"yoast-schema-graph\">{\"@context\":\"https:\/\/schema.org\",\"@graph\":[{\"@type\":\"WebPage\",\"@id\":\"https:\/\/www.vegaintro-projekti.com\/pilar-stari\/2025\/05\/predstavljanje-biblioteke-mladi-u-drustvu-vis-6-5-2025\/\",\"url\":\"https:\/\/www.vegaintro-projekti.com\/pilar-stari\/2025\/05\/predstavljanje-biblioteke-mladi-u-drustvu-vis-6-5-2025\/\",\"name\":\"Predstavljanje biblioteke Mladi u dru\u0161tvu; Vis, 6. 5. 2025. - Institut dru&scaron;tvenih znanosti Ivo Pilar\",\"isPartOf\":{\"@id\":\"https:\/\/www.vegaintro-projekti.com\/pilar-stari\/#website\"},\"datePublished\":\"2025-05-08T15:43:52+00:00\",\"dateModified\":\"2025-05-11T18:05:31+00:00\",\"author\":{\"@id\":\"https:\/\/www.vegaintro-projekti.com\/pilar-stari\/#\/schema\/person\/ddd404c9f1e15e4ffef5986ac6a5d28b\"},\"breadcrumb\":{\"@id\":\"https:\/\/www.vegaintro-projekti.com\/pilar-stari\/2025\/05\/predstavljanje-biblioteke-mladi-u-drustvu-vis-6-5-2025\/#breadcrumb\"},\"inLanguage\":\"hr\",\"potentialAction\":[{\"@type\":\"ReadAction\",\"target\":[\"https:\/\/www.vegaintro-projekti.com\/pilar-stari\/2025\/05\/predstavljanje-biblioteke-mladi-u-drustvu-vis-6-5-2025\/\"]}]},{\"@type\":\"BreadcrumbList\",\"@id\":\"https:\/\/www.vegaintro-projekti.com\/pilar-stari\/2025\/05\/predstavljanje-biblioteke-mladi-u-drustvu-vis-6-5-2025\/#breadcrumb\",\"itemListElement\":[{\"@type\":\"ListItem\",\"position\":1,\"name\":\"Home\",\"item\":\"https:\/\/www.vegaintro-projekti.com\/pilar-stari\/\"},{\"@type\":\"ListItem\",\"position\":2,\"name\":\"Predstavljanje biblioteke Mladi u dru\u0161tvu; Vis, 6. 5. 2025.\"}]},{\"@type\":\"WebSite\",\"@id\":\"https:\/\/www.vegaintro-projekti.com\/pilar-stari\/#website\",\"url\":\"https:\/\/www.vegaintro-projekti.com\/pilar-stari\/\",\"name\":\"Institut dru&scaron;tvenih znanosti Ivo Pilar\",\"description\":\"Pilar\",\"potentialAction\":[{\"@type\":\"SearchAction\",\"target\":{\"@type\":\"EntryPoint\",\"urlTemplate\":\"https:\/\/www.vegaintro-projekti.com\/pilar-stari\/?s={search_term_string}\"},\"query-input\":\"required name=search_term_string\"}],\"inLanguage\":\"hr\"},{\"@type\":\"Person\",\"@id\":\"https:\/\/www.vegaintro-projekti.com\/pilar-stari\/#\/schema\/person\/ddd404c9f1e15e4ffef5986ac6a5d28b\",\"name\":\"Boris\",\"image\":{\"@type\":\"ImageObject\",\"inLanguage\":\"hr\",\"@id\":\"https:\/\/www.vegaintro-projekti.com\/pilar-stari\/#\/schema\/person\/image\/\",\"url\":\"https:\/\/secure.gravatar.com\/avatar\/29557b161a6ce6ab86ac1503164f1e90?s=96&d=mm&r=g\",\"contentUrl\":\"https:\/\/secure.gravatar.com\/avatar\/29557b161a6ce6ab86ac1503164f1e90?s=96&d=mm&r=g\",\"caption\":\"Boris\"},\"url\":\"https:\/\/www.vegaintro-projekti.com\/pilar-stari\/author\/boris\/\"}]}<\/script>\n<!-- \/ Yoast SEO plugin. -->","yoast_head_json":{"title":"Predstavljanje biblioteke Mladi u dru\u0161tvu; Vis, 6. 5. 2025. - Institut dru&scaron;tvenih znanosti Ivo Pilar","robots":{"index":"noindex","follow":"follow","max-snippet":"max-snippet:-1","max-image-preview":"max-image-preview:large","max-video-preview":"max-video-preview:-1"},"og_locale":"hr_HR","og_type":"article","og_title":"Predstavljanje biblioteke Mladi u dru\u0161tvu; Vis, 6. 5. 2025. - Institut dru&scaron;tvenih znanosti Ivo Pilar","og_description":"Podru\u010dni centar Instituta dru\u0161tvenih znanosti Ivo Pilar u Visu organizirao je predstavljanje biblioteke Mladi u dru\u0161tvu 6. svibnja 2025. u prostoru arheolo\u0161ke zbirke u tvr\u0111avi Batarija, Vis. O knjigama novopokrenute biblioteke govorili su dr. sc. Marko Mustapi\u0107 i dr. sc. Benjamin Perasovi\u0107, a prisutnima su se obratili i ravnatelj Instituta Pilar prof. dr. sc. \u017deljko&hellip; Pro\u010ditaj vi\u0161e o Predstavljanje biblioteke Mladi u dru\u0161tvu; Vis, 6. 5. 2025.","og_url":"https:\/\/www.vegaintro-projekti.com\/pilar-stari\/2025\/05\/predstavljanje-biblioteke-mladi-u-drustvu-vis-6-5-2025\/","og_site_name":"Institut dru&scaron;tvenih znanosti Ivo Pilar","article_published_time":"2025-05-08T15:43:52+00:00","article_modified_time":"2025-05-11T18:05:31+00:00","og_image":[{"width":500,"height":236,"url":"https:\/\/www.vegaintro-projekti.com\/pilar-stari\/wp-content\/uploads\/2025\/05\/IMG_1fi.jpg","type":"image\/jpeg"}],"author":"Boris","twitter_card":"summary_large_image","twitter_misc":{"Napisao\/la":"Boris","Procijenjeno vrijeme \u010ditanja":"2 minute"},"schema":{"@context":"https:\/\/schema.org","@graph":[{"@type":"WebPage","@id":"https:\/\/www.vegaintro-projekti.com\/pilar-stari\/2025\/05\/predstavljanje-biblioteke-mladi-u-drustvu-vis-6-5-2025\/","url":"https:\/\/www.vegaintro-projekti.com\/pilar-stari\/2025\/05\/predstavljanje-biblioteke-mladi-u-drustvu-vis-6-5-2025\/","name":"Predstavljanje biblioteke Mladi u dru\u0161tvu; Vis, 6. 5. 2025. - Institut dru&scaron;tvenih znanosti Ivo Pilar","isPartOf":{"@id":"https:\/\/www.vegaintro-projekti.com\/pilar-stari\/#website"},"datePublished":"2025-05-08T15:43:52+00:00","dateModified":"2025-05-11T18:05:31+00:00","author":{"@id":"https:\/\/www.vegaintro-projekti.com\/pilar-stari\/#\/schema\/person\/ddd404c9f1e15e4ffef5986ac6a5d28b"},"breadcrumb":{"@id":"https:\/\/www.vegaintro-projekti.com\/pilar-stari\/2025\/05\/predstavljanje-biblioteke-mladi-u-drustvu-vis-6-5-2025\/#breadcrumb"},"inLanguage":"hr","potentialAction":[{"@type":"ReadAction","target":["https:\/\/www.vegaintro-projekti.com\/pilar-stari\/2025\/05\/predstavljanje-biblioteke-mladi-u-drustvu-vis-6-5-2025\/"]}]},{"@type":"BreadcrumbList","@id":"https:\/\/www.vegaintro-projekti.com\/pilar-stari\/2025\/05\/predstavljanje-biblioteke-mladi-u-drustvu-vis-6-5-2025\/#breadcrumb","itemListElement":[{"@type":"ListItem","position":1,"name":"Home","item":"https:\/\/www.vegaintro-projekti.com\/pilar-stari\/"},{"@type":"ListItem","position":2,"name":"Predstavljanje biblioteke Mladi u dru\u0161tvu; Vis, 6. 5. 2025."}]},{"@type":"WebSite","@id":"https:\/\/www.vegaintro-projekti.com\/pilar-stari\/#website","url":"https:\/\/www.vegaintro-projekti.com\/pilar-stari\/","name":"Institut dru&scaron;tvenih znanosti Ivo Pilar","description":"Pilar","potentialAction":[{"@type":"SearchAction","target":{"@type":"EntryPoint","urlTemplate":"https:\/\/www.vegaintro-projekti.com\/pilar-stari\/?s={search_term_string}"},"query-input":"required name=search_term_string"}],"inLanguage":"hr"},{"@type":"Person","@id":"https:\/\/www.vegaintro-projekti.com\/pilar-stari\/#\/schema\/person\/ddd404c9f1e15e4ffef5986ac6a5d28b","name":"Boris","image":{"@type":"ImageObject","inLanguage":"hr","@id":"https:\/\/www.vegaintro-projekti.com\/pilar-stari\/#\/schema\/person\/image\/","url":"https:\/\/secure.gravatar.com\/avatar\/29557b161a6ce6ab86ac1503164f1e90?s=96&d=mm&r=g","contentUrl":"https:\/\/secure.gravatar.com\/avatar\/29557b161a6ce6ab86ac1503164f1e90?s=96&d=mm&r=g","caption":"Boris"},"url":"https:\/\/www.vegaintro-projekti.com\/pilar-stari\/author\/boris\/"}]}},"_links":{"self":[{"href":"https:\/\/www.vegaintro-projekti.com\/pilar-stari\/wp-json\/wp\/v2\/posts\/33931"}],"collection":[{"href":"https:\/\/www.vegaintro-projekti.com\/pilar-stari\/wp-json\/wp\/v2\/posts"}],"about":[{"href":"https:\/\/www.vegaintro-projekti.com\/pilar-stari\/wp-json\/wp\/v2\/types\/post"}],"author":[{"embeddable":true,"href":"https:\/\/www.vegaintro-projekti.com\/pilar-stari\/wp-json\/wp\/v2\/users\/7"}],"replies":[{"embeddable":true,"href":"https:\/\/www.vegaintro-projekti.com\/pilar-stari\/wp-json\/wp\/v2\/comments?post=33931"}],"version-history":[{"count":10,"href":"https:\/\/www.vegaintro-projekti.com\/pilar-stari\/wp-json\/wp\/v2\/posts\/33931\/revisions"}],"predecessor-version":[{"id":33999,"href":"https:\/\/www.vegaintro-projekti.com\/pilar-stari\/wp-json\/wp\/v2\/posts\/33931\/revisions\/33999"}],"wp:featuredmedia":[{"embeddable":true,"href":"https:\/\/www.vegaintro-projekti.com\/pilar-stari\/wp-json\/wp\/v2\/media\/33919"}],"wp:attachment":[{"href":"https:\/\/www.vegaintro-projekti.com\/pilar-stari\/wp-json\/wp\/v2\/media?parent=33931"}],"wp:term":[{"taxonomy":"category","embeddable":true,"href":"https:\/\/www.vegaintro-projekti.com\/pilar-stari\/wp-json\/wp\/v2\/categories?post=33931"},{"taxonomy":"post_tag","embeddable":true,"href":"https:\/\/www.vegaintro-projekti.com\/pilar-stari\/wp-json\/wp\/v2\/tags?post=33931"}],"curies":[{"name":"wp","href":"https:\/\/api.w.org\/{rel}","templated":true}]}}