{"id":341,"date":"2011-01-05T14:39:25","date_gmt":"2011-01-05T14:39:25","guid":{"rendered":"https:\/\/www.vegaintro-projekti.com\/pilar-stari\/2011\/01\/05\/objavljen-uvod-u-sociologiju-odrivih-zajednica-marije-geiger-zeman-i-zdenka-zemana\/"},"modified":"2017-12-01T12:28:06","modified_gmt":"2017-12-01T12:28:06","slug":"objavljen-uvod-u-sociologiju-odrivih-zajednica-marije-geiger-zeman-i-zdenka-zemana","status":"publish","type":"post","link":"https:\/\/www.vegaintro-projekti.com\/pilar-stari\/2011\/01\/objavljen-uvod-u-sociologiju-odrivih-zajednica-marije-geiger-zeman-i-zdenka-zemana\/","title":{"rendered":"Objavljen UVOD U SOCIOLOGIJU (ODR\u017dIVIH) ZAJEDNICA"},"content":{"rendered":"<p><span style=\"color: #ffff99;\"><\/span><span style=\"color: #000000;\"><\/span><br \/><strong>Kao prva elektroni\u010dka knjiga Instituta dru\u0161tvenih znanosti Ivo Pilar u Biblioteci Centra za istra\u017eivanje integralne odr\u017eivosti i odr\u017eivog razvoja po\u010detkom sije\u010dnja 2011. objavljen je UVOD U SOCIOLOGIJU (ODR\u017dIVIH) ZAJEDNICA autora Marije Geiger Zeman i Zdenka Zeman<br \/><\/strong>\u00a0 <\/p>\n<table border=\"0\">\n<tbody>\n<tr>\n<td><a href=\"https:\/\/www.vegaintro-projekti.com\/pilar-stari\/wp-content\/images\/stories\/dokumenti\/e_knjige\/_uvod_u_sociologiju_odrzivih_zajednica.pdf\"><img decoding=\"async\" loading=\"lazy\" height=\"314\" width=\"222\" src=\"https:\/\/www.vegaintro-projekti.com\/pilar-stari\/wp-content\/images\/stories\/fotografije\/bibl_funk_centri\/sociologija_zajednica.jpg\" alt=\"sociologija_zajednica\" \/><\/a><\/td>\n<td valign=\"top\">\n<p><span style=\"font-size: 8pt;\"><strong><img decoding=\"async\" loading=\"lazy\" height=\"60\" width=\"80\" src=\"https:\/\/www.vegaintro-projekti.com\/pilar-stari\/wp-content\/images\/stories\/fotografije\/publikacije\/e.gif\" alt=\"e\" \/><br \/>\u00a0\u00a0\u00a0\u00a0\u00a0\u00a0 KNJIGA<\/strong><\/span><\/p>\n<p><span style=\"font-size: 8pt;\"><strong><\/strong><\/span><\/p>\n<p><span style=\"font-size: 8pt;\"><strong><\/strong><\/span><\/p>\n<p><span style=\"font-size: 8pt;\"><strong><\/strong><\/span><\/p>\n<p><span style=\"font-size: 8pt;\"><strong><\/strong><\/span><\/p>\n<p><span style=\"font-size: 8pt;\"><strong><\/strong><\/span><\/p>\n<p><span style=\"font-size: 8pt;\"><strong><\/p>\n<p>Temeljna zada\u0107a i namjena\u00a0knjige nije dono\u0161enje kona\u010dnih i definitivnih zaklju\u010daka o zajednici niti sugeriranje univerzalnih recepata za postizanje odr\u017eivosti na lokalnoj razini, nego ukazivanje na inspirativnost i kompleksnost pojma zajednice u teorijskom smislu te prikazivanje njezina nevjerojatnog potencijala ne samo glede planiranja i implementacije odr\u017eivih razvojnih programa nego i s obzirom na svakodnevno prakticiranje odr\u017eivosti<\/p>\n<p><\/strong><\/span><span style=\"font-size: 8pt;\"><strong>Marija GEIGER ZEMAN i Zdenko ZEMAN<br \/><\/strong><a href=\"https:\/\/www.vegaintro-projekti.com\/pilar-stari\/wp-content\/images\/stories\/dokumenti\/e_knjige\/_uvod_u_sociologiju_odrzivih_zajednica.pdf\"><strong>UVOD U SOCIOLOGIJU (ODR\u017dIVIH) ZAJEDNICA<\/strong><\/a><br \/><strong>Biblioteka Centra za istra\u017eivanje integralne odr\u017eivosti i odr\u017eivog razvoja<br \/>Institut dru\u0161tvenih znanosti Ivo Pilar<br \/>Zagreb, 2010. &#8211; Str. 210.<\/strong><\/span><\/p>\n<\/td>\n<\/tr>\n<\/tbody>\n<\/table>\n<p><span style=\"font-size: 12pt;\"><span><span style=\"font-size: 10pt;\">&#8211; <\/span><a href=\"#sadrzaj\"><span style=\"font-size: 10pt;\">Sadr\u017eaj<\/span><\/a><br \/><span style=\"font-size: 10pt;\">&#8211; <\/span><a href=\"#sazetak\"><span style=\"font-size: 10pt;\">Sa\u017eetak<\/span><\/a><br \/><span style=\"font-size: 10pt;\">&#8211; <\/span><span style=\"font-size: 10pt;\"><a href=\"https:\/\/www.vegaintro-projekti.com\/pilar-stari\/wp-content\/images\/stories\/dokumenti\/e_knjige\/_uvod_u_sociologiju_odrzivih_zajednica.pdf\">Puni tekst knjige<\/a><\/span><\/p>\n<p><a name=\"sadrzaj\"><span style=\"font-size: 10pt;\"><\/span><\/a><br \/><\/span><span style=\"font-size: 10pt;\"><span style=\"font-size: 12pt;\">Sadr\u017eaj<\/span><br \/><\/span><\/span><span><br \/><\/span><a href=\"https:\/\/www.vegaintro-projekti.com\/pilar-stari\/wp-content\/images\/stories\/dokumenti\/e_knjige\/naslovnica_soc_zajed.pdf\">Naslovnica<\/a><br \/><a href=\"https:\/\/www.vegaintro-projekti.com\/pilar-stari\/wp-content\/images\/stories\/dokumenti\/e_knjige\/_impresum.pdf\">Impresum<\/a><br \/><a href=\"https:\/\/www.vegaintro-projekti.com\/pilar-stari\/wp-content\/images\/stories\/dokumenti\/e_knjige\/_sadrzaj.pdf\">Sadr\u017eaj<\/a><br \/><a href=\"https:\/\/www.vegaintro-projekti.com\/pilar-stari\/wp-content\/images\/stories\/dokumenti\/e_knjige\/soc_zajednica_008.pdf\">Uvod<\/a><\/p>\n<p><a href=\"https:\/\/www.vegaintro-projekti.com\/pilar-stari\/wp-content\/images\/stories\/dokumenti\/e_knjige\/soc_zajednica_012.pdf\">ZAJEDNICA \u2013 IDEJA S DUGOM POVIJE\u0160\u0106U<\/a><\/p>\n<p><a href=\"https:\/\/www.vegaintro-projekti.com\/pilar-stari\/wp-content\/images\/stories\/dokumenti\/e_knjige\/soc_zajednica_022.pdf\">IDEJA ZAJEDNICE U SOCIOLOGIJI<\/a><br \/>Razvoj i prekretnice ideje zajednice u sociolo\u0161koj teoriji<br \/>Od klasi\u010dnih dihotomijskih tipologija do simboli\u010dkih konstrukcija zajednice<br \/>Studije zajednice \u2013 doprinosi i kritike<br \/>Raznolika lica postmodernih zajednica<\/p>\n<p><a href=\"https:\/\/www.vegaintro-projekti.com\/pilar-stari\/wp-content\/images\/stories\/dokumenti\/e_knjige\/soc_zajednica_062.pdf\">LOKALNA ZAJEDNICA U DOBA GLOBALIZACIJE<\/a><br \/>Lokalno i\/ili globalno<br \/>Globalizacija i\/ili glokalizacija<br \/>Zajednica u kontekstu globalizacije<br \/>Lokalna zajednica i kvalitativni koncept prostora<br \/>Mjesto \u017eivljenja i \u201eosje\u0107aj mjesta\u201c<\/p>\n<p><a href=\"https:\/\/www.vegaintro-projekti.com\/pilar-stari\/wp-content\/images\/stories\/dokumenti\/e_knjige\/soc_zajednica_082.pdf\">LOKALNA ZAJEDNICA I INTEGRALNI ODR\u017dIVI RAZVOJ<\/a><br \/>Odr\u017eivi razvoj i odr\u017eivost<br \/>Neki novi pristupi \u2013 integralni odr\u017eivi razvoj<br \/>Odr\u017eiva zajednica \u2013 ideal 21. stolje\u0107a?<br \/>Odr\u017eiva zajednica i svakodnevni \u017eivot<br \/>Lokalna Agenda 21<br \/>Albor\u0161ka povelja<br \/>Lokalni indikatori i indikatori odr\u017eivosti<\/p>\n<p><a href=\"https:\/\/www.vegaintro-projekti.com\/pilar-stari\/wp-content\/images\/stories\/dokumenti\/e_knjige\/soc_zajednica_112.pdf\">LOKALNA KULTURA \u2013 \u010cETVRTI STUP ODR\u017dIVOSTI<\/a><br \/>Terminolo\u0161ka odre\u0111enja lokalne kulture<br \/>Kako je modernitet utjecao na lokalne kulture?<br \/>Razvojni potencijali lokalne kulture<br \/>Lokalna kultura i lokalni identitet<br \/>Okoli\u0161ne dimenzije lokalnih kultura<\/p>\n<p><a href=\"https:\/\/www.vegaintro-projekti.com\/pilar-stari\/wp-content\/images\/stories\/dokumenti\/e_knjige\/soc_zajednica_134.pdf\">LOKALNA ZAJEDNICA I RIZIK<\/a><br \/>\u017divot u dru\u0161tvu rizika<br \/>\u0160to se doga\u0111a kada rizik postane kontekstualiziran?<br \/>Pokret okoli\u0161ne pravde<br \/>Kako istra\u017eivati zajednicu pogo\u0111enu okoli\u0161nim konfliktima i rizicima?<\/p>\n<p><a href=\"https:\/\/www.vegaintro-projekti.com\/pilar-stari\/wp-content\/images\/stories\/dokumenti\/e_knjige\/soc_zajednica_158.pdf\">ROD I LOKALNA ODR\u017dIVOST<\/a><br \/>Rod i okoli\u0161 iz (eko)feministi\u010dke perspektive<br \/>\u017dene u globalnoj okoli\u0161noj politici<br \/>Reprodukcija svakodnevnog \u017eivota<br \/>\u017dene, razvoj i lokalne perspektive<\/p>\n<p><a href=\"https:\/\/www.vegaintro-projekti.com\/pilar-stari\/wp-content\/images\/stories\/dokumenti\/e_knjige\/soc_zajednica_184.pdf\">ZAJEDNICA \u2013 NOVE PERSPEKTIVE I POTICAJI SOCIOLO\u0160KOJ IMAGINACIJI<\/a><\/p>\n<p><a href=\"https:\/\/www.vegaintro-projekti.com\/pilar-stari\/wp-content\/images\/stories\/dokumenti\/e_knjige\/soc_zajednica_190.pdf\">Literatura<\/a><br \/><a href=\"https:\/\/www.vegaintro-projekti.com\/pilar-stari\/wp-content\/images\/stories\/dokumenti\/e_knjige\/soc_zajednica_204.pdf\">Sa\u017eetak<\/a><br \/><a href=\"https:\/\/www.vegaintro-projekti.com\/pilar-stari\/wp-content\/images\/stories\/dokumenti\/e_knjige\/soc_zajednica_208.pdf\">O autorima<\/a><\/p>\n<p><a name=\"sazetak\"><\/a><br \/><span style=\"font-size: 12pt;\">Sa\u017eetak<br \/><\/span><br \/>Ideja zajednice jedan je od sredi\u0161njih sociolo\u0161kih koncepata koji je zbog svoje kontroverznosti i terminolo\u0161ke neuhvatljivosti bio, i jo\u0161 uvijek jest, predmetom mnogobrojnih rasprava. Posljednjih desetlje\u0107a zajednica je ponovno postala aktualna u sociolo\u0161kim, filozofskim, politi\u010dkim i okoli\u0161nim debatama. Knjiga daje uvid u pojavne oblike, strukturne zna\u010dajke, razvojnu dinamiku i potencijale zajednice. Predstavljene su najpoznatije sociolo\u0161ke interpretacije zajednice (klasi\u010dni tipolo\u0161ki pristupi, humana ekologija, simboli\u010dki pristup, postmoderne interpretacije zajednice) te empirijske studije zajednica, koje ne samo da su utjecale na sociolo\u0161ku teoriju ve\u0107 su ostavile i dubok metodologijski trag, prije svega u razvoju i afirmaciji kvalitativne metodologije. Drugi dio knjige razmatra zajednicu s okoli\u0161ne perspektive, pri \u010demu je poseban naglasak stavljen na dijalekti\u010dke veze lokalnog i globalnog te kulture i prirode. Ispreple\u0107u\u0107i nekoliko sociolo\u0161kih disciplina (sociologija zajednice, sociologija okoli\u0161a, sociologija rizika, sociologija roda, sociologija svakodnevnog \u017eivota), prezentirane su teorije i studije koje problematiziraju: 1) revitaliziranje lokalnih zajednica i lokalnih identiteta u globalizacijskom kontekstu, 2) potencijale lokalnih zajednica u kreiranju i implementiranju integralne odr\u017eivosti, 3) odnose lokalnih kultura i njihovih okoli\u0161a te okoli\u0161ne aspekte lokalnih kultura, 4) utjecaj rizika na anatomiju lokalne zajednice i \u017eivot u njoj, s posebim naglaskom na teorije okoli\u0161ne pravde, 5) ulogu \u017eena u promicanju odr\u017eivog \u017eivljenja na razini lokalne zajednice i ku\u0107anstva.<\/p>\n<p>Klju\u010dne rije\u010di: zajednica, lokalna zajednica, kvalitativna metodologija, globalizacija, relokalizacija, integralna odr\u017eivost, lokalna kultura, rizik, okoli\u0161na pravda, rod<\/p>\n<p>&#8211; <a href=\"https:\/\/www.vegaintro-projekti.com\/pilar-stari\/wp-content\/images\/stories\/dokumenti\/e_knjige\/_uvod_u_sociologiju_odrzivih_zajednica.pdf\">Puni tekst knjige<\/a><\/p>\n<p><\/p>\n","protected":false},"excerpt":{"rendered":"<p>Kao prva elektroni\u010dka knjiga Instituta dru\u0161tvenih znanosti Ivo Pilar u Biblioteci Centra za istra\u017eivanje integralne odr\u017eivosti i odr\u017eivog razvoja po\u010detkom sije\u010dnja 2011. objavljen je UVOD U SOCIOLOGIJU (ODR\u017dIVIH) ZAJEDNICA autora Marije Geiger Zeman i Zdenka Zeman\u00a0 \u00a0\u00a0\u00a0\u00a0\u00a0\u00a0 KNJIGA Temeljna zada\u0107a i namjena\u00a0knjige nije dono\u0161enje kona\u010dnih i definitivnih zaklju\u010daka o zajednici niti sugeriranje univerzalnih recepata za&hellip; <a class=\"continue\" href=\"https:\/\/www.vegaintro-projekti.com\/pilar-stari\/2011\/01\/objavljen-uvod-u-sociologiju-odrivih-zajednica-marije-geiger-zeman-i-zdenka-zemana\/\">Pro\u010ditaj vi\u0161e o<span> Objavljen UVOD U SOCIOLOGIJU (ODR\u017dIVIH) ZAJEDNICA<\/span><\/a><\/p>\n","protected":false},"author":1,"featured_media":0,"comment_status":"open","ping_status":"open","sticky":false,"template":"","format":"standard","meta":{"inline_featured_image":false,"ngg_post_thumbnail":0,"footnotes":""},"categories":[21],"tags":[],"yoast_head":"<!-- This site is optimized with the Yoast SEO plugin v21.2 - https:\/\/yoast.com\/wordpress\/plugins\/seo\/ -->\n<title>Objavljen UVOD U SOCIOLOGIJU (ODR\u017dIVIH) ZAJEDNICA - Institut dru&scaron;tvenih znanosti Ivo Pilar<\/title>\n<meta name=\"robots\" content=\"noindex, follow, max-snippet:-1, max-image-preview:large, max-video-preview:-1\" \/>\n<meta property=\"og:locale\" content=\"hr_HR\" \/>\n<meta property=\"og:type\" content=\"article\" \/>\n<meta property=\"og:title\" content=\"Objavljen UVOD U SOCIOLOGIJU (ODR\u017dIVIH) ZAJEDNICA - Institut dru&scaron;tvenih znanosti Ivo Pilar\" \/>\n<meta property=\"og:description\" content=\"Kao prva elektroni\u010dka knjiga Instituta dru\u0161tvenih znanosti Ivo Pilar u Biblioteci Centra za istra\u017eivanje integralne odr\u017eivosti i odr\u017eivog razvoja po\u010detkom sije\u010dnja 2011. objavljen je UVOD U SOCIOLOGIJU (ODR\u017dIVIH) ZAJEDNICA autora Marije Geiger Zeman i Zdenka Zeman\u00a0 \u00a0\u00a0\u00a0\u00a0\u00a0\u00a0 KNJIGA Temeljna zada\u0107a i namjena\u00a0knjige nije dono\u0161enje kona\u010dnih i definitivnih zaklju\u010daka o zajednici niti sugeriranje univerzalnih recepata za&hellip; Pro\u010ditaj vi\u0161e o Objavljen UVOD U SOCIOLOGIJU (ODR\u017dIVIH) ZAJEDNICA\" \/>\n<meta property=\"og:url\" content=\"https:\/\/www.vegaintro-projekti.com\/pilar-stari\/2011\/01\/objavljen-uvod-u-sociologiju-odrivih-zajednica-marije-geiger-zeman-i-zdenka-zemana\/\" \/>\n<meta property=\"og:site_name\" content=\"Institut dru&scaron;tvenih znanosti Ivo Pilar\" \/>\n<meta property=\"article:published_time\" content=\"2011-01-05T14:39:25+00:00\" \/>\n<meta property=\"article:modified_time\" content=\"2017-12-01T12:28:06+00:00\" \/>\n<meta property=\"og:image\" content=\"https:\/\/www.vegaintro-projekti.com\/pilar-stari\/wp-content\/images\/stories\/fotografije\/bibl_funk_centri\/sociologija_zajednica.jpg\" \/>\n<meta name=\"author\" content=\"pilar-admin\" \/>\n<meta name=\"twitter:card\" content=\"summary_large_image\" \/>\n<meta name=\"twitter:label1\" content=\"Napisao\/la\" \/>\n\t<meta name=\"twitter:data1\" content=\"pilar-admin\" \/>\n\t<meta name=\"twitter:label2\" content=\"Procijenjeno vrijeme \u010ditanja\" \/>\n\t<meta name=\"twitter:data2\" content=\"3 minute\" \/>\n<script type=\"application\/ld+json\" class=\"yoast-schema-graph\">{\"@context\":\"https:\/\/schema.org\",\"@graph\":[{\"@type\":\"WebPage\",\"@id\":\"https:\/\/www.vegaintro-projekti.com\/pilar-stari\/2011\/01\/objavljen-uvod-u-sociologiju-odrivih-zajednica-marije-geiger-zeman-i-zdenka-zemana\/\",\"url\":\"https:\/\/www.vegaintro-projekti.com\/pilar-stari\/2011\/01\/objavljen-uvod-u-sociologiju-odrivih-zajednica-marije-geiger-zeman-i-zdenka-zemana\/\",\"name\":\"Objavljen UVOD U SOCIOLOGIJU (ODR\u017dIVIH) ZAJEDNICA - Institut dru&scaron;tvenih znanosti Ivo Pilar\",\"isPartOf\":{\"@id\":\"https:\/\/www.vegaintro-projekti.com\/pilar-stari\/#website\"},\"datePublished\":\"2011-01-05T14:39:25+00:00\",\"dateModified\":\"2017-12-01T12:28:06+00:00\",\"author\":{\"@id\":\"https:\/\/www.vegaintro-projekti.com\/pilar-stari\/#\/schema\/person\/c0db50ebd77c4409e19b18044bbf10c1\"},\"breadcrumb\":{\"@id\":\"https:\/\/www.vegaintro-projekti.com\/pilar-stari\/2011\/01\/objavljen-uvod-u-sociologiju-odrivih-zajednica-marije-geiger-zeman-i-zdenka-zemana\/#breadcrumb\"},\"inLanguage\":\"hr\",\"potentialAction\":[{\"@type\":\"ReadAction\",\"target\":[\"https:\/\/www.vegaintro-projekti.com\/pilar-stari\/2011\/01\/objavljen-uvod-u-sociologiju-odrivih-zajednica-marije-geiger-zeman-i-zdenka-zemana\/\"]}]},{\"@type\":\"BreadcrumbList\",\"@id\":\"https:\/\/www.vegaintro-projekti.com\/pilar-stari\/2011\/01\/objavljen-uvod-u-sociologiju-odrivih-zajednica-marije-geiger-zeman-i-zdenka-zemana\/#breadcrumb\",\"itemListElement\":[{\"@type\":\"ListItem\",\"position\":1,\"name\":\"Home\",\"item\":\"https:\/\/www.vegaintro-projekti.com\/pilar-stari\/\"},{\"@type\":\"ListItem\",\"position\":2,\"name\":\"Objavljen UVOD U SOCIOLOGIJU (ODR\u017dIVIH) ZAJEDNICA\"}]},{\"@type\":\"WebSite\",\"@id\":\"https:\/\/www.vegaintro-projekti.com\/pilar-stari\/#website\",\"url\":\"https:\/\/www.vegaintro-projekti.com\/pilar-stari\/\",\"name\":\"Institut dru&scaron;tvenih znanosti Ivo Pilar\",\"description\":\"Pilar\",\"potentialAction\":[{\"@type\":\"SearchAction\",\"target\":{\"@type\":\"EntryPoint\",\"urlTemplate\":\"https:\/\/www.vegaintro-projekti.com\/pilar-stari\/?s={search_term_string}\"},\"query-input\":\"required name=search_term_string\"}],\"inLanguage\":\"hr\"},{\"@type\":\"Person\",\"@id\":\"https:\/\/www.vegaintro-projekti.com\/pilar-stari\/#\/schema\/person\/c0db50ebd77c4409e19b18044bbf10c1\",\"name\":\"pilar-admin\",\"image\":{\"@type\":\"ImageObject\",\"inLanguage\":\"hr\",\"@id\":\"https:\/\/www.vegaintro-projekti.com\/pilar-stari\/#\/schema\/person\/image\/\",\"url\":\"https:\/\/secure.gravatar.com\/avatar\/fac9e03c4db0011b9c1ad8b5e9c74b8c?s=96&d=mm&r=g\",\"contentUrl\":\"https:\/\/secure.gravatar.com\/avatar\/fac9e03c4db0011b9c1ad8b5e9c74b8c?s=96&d=mm&r=g\",\"caption\":\"pilar-admin\"},\"url\":\"https:\/\/www.vegaintro-projekti.com\/pilar-stari\/author\/pilar-admin\/\"}]}<\/script>\n<!-- \/ Yoast SEO plugin. -->","yoast_head_json":{"title":"Objavljen UVOD U SOCIOLOGIJU (ODR\u017dIVIH) ZAJEDNICA - Institut dru&scaron;tvenih znanosti Ivo Pilar","robots":{"index":"noindex","follow":"follow","max-snippet":"max-snippet:-1","max-image-preview":"max-image-preview:large","max-video-preview":"max-video-preview:-1"},"og_locale":"hr_HR","og_type":"article","og_title":"Objavljen UVOD U SOCIOLOGIJU (ODR\u017dIVIH) ZAJEDNICA - Institut dru&scaron;tvenih znanosti Ivo Pilar","og_description":"Kao prva elektroni\u010dka knjiga Instituta dru\u0161tvenih znanosti Ivo Pilar u Biblioteci Centra za istra\u017eivanje integralne odr\u017eivosti i odr\u017eivog razvoja po\u010detkom sije\u010dnja 2011. objavljen je UVOD U SOCIOLOGIJU (ODR\u017dIVIH) ZAJEDNICA autora Marije Geiger Zeman i Zdenka Zeman\u00a0 \u00a0\u00a0\u00a0\u00a0\u00a0\u00a0 KNJIGA Temeljna zada\u0107a i namjena\u00a0knjige nije dono\u0161enje kona\u010dnih i definitivnih zaklju\u010daka o zajednici niti sugeriranje univerzalnih recepata za&hellip; Pro\u010ditaj vi\u0161e o Objavljen UVOD U SOCIOLOGIJU (ODR\u017dIVIH) ZAJEDNICA","og_url":"https:\/\/www.vegaintro-projekti.com\/pilar-stari\/2011\/01\/objavljen-uvod-u-sociologiju-odrivih-zajednica-marije-geiger-zeman-i-zdenka-zemana\/","og_site_name":"Institut dru&scaron;tvenih znanosti Ivo Pilar","article_published_time":"2011-01-05T14:39:25+00:00","article_modified_time":"2017-12-01T12:28:06+00:00","og_image":[{"url":"https:\/\/www.vegaintro-projekti.com\/pilar-stari\/wp-content\/images\/stories\/fotografije\/bibl_funk_centri\/sociologija_zajednica.jpg"}],"author":"pilar-admin","twitter_card":"summary_large_image","twitter_misc":{"Napisao\/la":"pilar-admin","Procijenjeno vrijeme \u010ditanja":"3 minute"},"schema":{"@context":"https:\/\/schema.org","@graph":[{"@type":"WebPage","@id":"https:\/\/www.vegaintro-projekti.com\/pilar-stari\/2011\/01\/objavljen-uvod-u-sociologiju-odrivih-zajednica-marije-geiger-zeman-i-zdenka-zemana\/","url":"https:\/\/www.vegaintro-projekti.com\/pilar-stari\/2011\/01\/objavljen-uvod-u-sociologiju-odrivih-zajednica-marije-geiger-zeman-i-zdenka-zemana\/","name":"Objavljen UVOD U SOCIOLOGIJU (ODR\u017dIVIH) ZAJEDNICA - Institut dru&scaron;tvenih znanosti Ivo Pilar","isPartOf":{"@id":"https:\/\/www.vegaintro-projekti.com\/pilar-stari\/#website"},"datePublished":"2011-01-05T14:39:25+00:00","dateModified":"2017-12-01T12:28:06+00:00","author":{"@id":"https:\/\/www.vegaintro-projekti.com\/pilar-stari\/#\/schema\/person\/c0db50ebd77c4409e19b18044bbf10c1"},"breadcrumb":{"@id":"https:\/\/www.vegaintro-projekti.com\/pilar-stari\/2011\/01\/objavljen-uvod-u-sociologiju-odrivih-zajednica-marije-geiger-zeman-i-zdenka-zemana\/#breadcrumb"},"inLanguage":"hr","potentialAction":[{"@type":"ReadAction","target":["https:\/\/www.vegaintro-projekti.com\/pilar-stari\/2011\/01\/objavljen-uvod-u-sociologiju-odrivih-zajednica-marije-geiger-zeman-i-zdenka-zemana\/"]}]},{"@type":"BreadcrumbList","@id":"https:\/\/www.vegaintro-projekti.com\/pilar-stari\/2011\/01\/objavljen-uvod-u-sociologiju-odrivih-zajednica-marije-geiger-zeman-i-zdenka-zemana\/#breadcrumb","itemListElement":[{"@type":"ListItem","position":1,"name":"Home","item":"https:\/\/www.vegaintro-projekti.com\/pilar-stari\/"},{"@type":"ListItem","position":2,"name":"Objavljen UVOD U SOCIOLOGIJU (ODR\u017dIVIH) ZAJEDNICA"}]},{"@type":"WebSite","@id":"https:\/\/www.vegaintro-projekti.com\/pilar-stari\/#website","url":"https:\/\/www.vegaintro-projekti.com\/pilar-stari\/","name":"Institut dru&scaron;tvenih znanosti Ivo Pilar","description":"Pilar","potentialAction":[{"@type":"SearchAction","target":{"@type":"EntryPoint","urlTemplate":"https:\/\/www.vegaintro-projekti.com\/pilar-stari\/?s={search_term_string}"},"query-input":"required name=search_term_string"}],"inLanguage":"hr"},{"@type":"Person","@id":"https:\/\/www.vegaintro-projekti.com\/pilar-stari\/#\/schema\/person\/c0db50ebd77c4409e19b18044bbf10c1","name":"pilar-admin","image":{"@type":"ImageObject","inLanguage":"hr","@id":"https:\/\/www.vegaintro-projekti.com\/pilar-stari\/#\/schema\/person\/image\/","url":"https:\/\/secure.gravatar.com\/avatar\/fac9e03c4db0011b9c1ad8b5e9c74b8c?s=96&d=mm&r=g","contentUrl":"https:\/\/secure.gravatar.com\/avatar\/fac9e03c4db0011b9c1ad8b5e9c74b8c?s=96&d=mm&r=g","caption":"pilar-admin"},"url":"https:\/\/www.vegaintro-projekti.com\/pilar-stari\/author\/pilar-admin\/"}]}},"_links":{"self":[{"href":"https:\/\/www.vegaintro-projekti.com\/pilar-stari\/wp-json\/wp\/v2\/posts\/341"}],"collection":[{"href":"https:\/\/www.vegaintro-projekti.com\/pilar-stari\/wp-json\/wp\/v2\/posts"}],"about":[{"href":"https:\/\/www.vegaintro-projekti.com\/pilar-stari\/wp-json\/wp\/v2\/types\/post"}],"author":[{"embeddable":true,"href":"https:\/\/www.vegaintro-projekti.com\/pilar-stari\/wp-json\/wp\/v2\/users\/1"}],"replies":[{"embeddable":true,"href":"https:\/\/www.vegaintro-projekti.com\/pilar-stari\/wp-json\/wp\/v2\/comments?post=341"}],"version-history":[{"count":2,"href":"https:\/\/www.vegaintro-projekti.com\/pilar-stari\/wp-json\/wp\/v2\/posts\/341\/revisions"}],"predecessor-version":[{"id":4493,"href":"https:\/\/www.vegaintro-projekti.com\/pilar-stari\/wp-json\/wp\/v2\/posts\/341\/revisions\/4493"}],"wp:attachment":[{"href":"https:\/\/www.vegaintro-projekti.com\/pilar-stari\/wp-json\/wp\/v2\/media?parent=341"}],"wp:term":[{"taxonomy":"category","embeddable":true,"href":"https:\/\/www.vegaintro-projekti.com\/pilar-stari\/wp-json\/wp\/v2\/categories?post=341"},{"taxonomy":"post_tag","embeddable":true,"href":"https:\/\/www.vegaintro-projekti.com\/pilar-stari\/wp-json\/wp\/v2\/tags?post=341"}],"curies":[{"name":"wp","href":"https:\/\/api.w.org\/{rel}","templated":true}]}}