{"id":34195,"date":"2025-05-17T17:09:40","date_gmt":"2025-05-17T17:09:40","guid":{"rendered":"https:\/\/www.vegaintro-projekti.com\/pilar-stari\/?p=34195"},"modified":"2025-05-17T17:17:25","modified_gmt":"2025-05-17T17:17:25","slug":"suradnici-projekta-types-na-medunarodnoj-znanstvenoj-konferenciji-the-polyphonic-voice-of-youth-beograd-13-5-2025","status":"publish","type":"post","link":"https:\/\/www.vegaintro-projekti.com\/pilar-stari\/2025\/05\/suradnici-projekta-types-na-medunarodnoj-znanstvenoj-konferenciji-the-polyphonic-voice-of-youth-beograd-13-5-2025\/","title":{"rendered":"Suradnici projekta TYPES na me\u0111unarodnoj znanstvenoj konferenciji The polyphonic voice of youth; Beograd, 13. 5. 2025."},"content":{"rendered":"<p><strong>Znanstvenici Instituta Pilar, voditelj projekta Types of Youth Participation in Croatian Society \u2013 TYPES dr. sc. Marko Mustapi\u0107 i suradnici dr. sc. Renata Franc i dr. sc. Benjamin Perasovi\u0107, sudjelovali su na me\u0111unarodnoj znanstvenoj konferenciji The polyphonic voice of youth odr\u017eanoj u Beogradu 13. svibnja 2025. u organizaciji Etnografskog instituta SANU. U sklopu simpozija Youth participation, agency and \u201evoice\u201c prezentirali su rad \u201eAporia in youth participation: The Croatian perspective\u201c<\/strong><\/p>\n<div class=\"wp-block-image\">\n<p><a href=\"https:\/\/www.vegaintro-projekti.com\/pilar-stari\/wp-content\/uploads\/2025\/05\/IMG_2-5-scaled.jpg\"><img decoding=\"async\" loading=\"lazy\" class=\"alignnone wp-image-34194 size-full\" src=\"https:\/\/www.vegaintro-projekti.com\/pilar-stari\/wp-content\/uploads\/2025\/05\/IMG_2s-5.jpg\" alt=\"i1\" width=\"620\" height=\"322\" srcset=\"https:\/\/www.vegaintro-projekti.com\/pilar-stari\/wp-content\/uploads\/2025\/05\/IMG_2s-5.jpg 620w, https:\/\/www.vegaintro-projekti.com\/pilar-stari\/wp-content\/uploads\/2025\/05\/IMG_2s-5-300x156.jpg 300w\" sizes=\"(max-width: 620px) 100vw, 620px\" \/><\/a><a href=\"https:\/\/www.vegaintro-projekti.com\/pilar-stari\/wp-content\/uploads\/2025\/05\/IMG_1-5.jpg\"><img decoding=\"async\" loading=\"lazy\" class=\"alignnone wp-image-34191 size-full\" src=\"https:\/\/www.vegaintro-projekti.com\/pilar-stari\/wp-content\/uploads\/2025\/05\/IMG_1s-4.jpg\" alt=\"i2\" width=\"620\" height=\"334\" srcset=\"https:\/\/www.vegaintro-projekti.com\/pilar-stari\/wp-content\/uploads\/2025\/05\/IMG_1s-4.jpg 620w, https:\/\/www.vegaintro-projekti.com\/pilar-stari\/wp-content\/uploads\/2025\/05\/IMG_1s-4-300x162.jpg 300w\" sizes=\"(max-width: 620px) 100vw, 620px\" \/><\/a><\/p>\n<\/div>\n<p><strong>&#8211; Konferencija:<\/strong> <a href=\"https:\/\/etno-institut.co.rs\/en\/conferences\/international-conference-the-polyphonic-voice-of-youth-call-for-abstracts\">The polyphonic voice of youth; Beograd, 13. 5. 2025.<\/a><\/p>\n<p>U fokusu konferencije bile su raznolike odrednice dru\u0161tvenog polo\u017eaja mladih i njihove dru\u0161tvene i politi\u010dke participacije u suvremenoj Europi. Izlaganja sudionika iz razli\u010ditih dijelova Europe odnosila su se na: dru\u0161tveni i politi\u010dki aktivizam mladih, uklju\u010duju\u0107i i gra\u0111anski, pretpoliti\u010dki, kreativni te studentski aktivizam; pojavu intersekcijskih politi\u010dkih subjektiviteta me\u0111u mladima, marginalizaciju i stigmatizaciju mladih te njihove politi\u010dke i (nepoliti\u010dke) reakcije; (pod)zastupljenost mladih i pitanja vezanih za mlade u lokalnim, nacionalnim i me\u0111unarodnim politikama te druge teme povezane s dru\u0161tvenim polo\u017eajem i aktivizmom mladih.<\/p>\n<blockquote><p><a href=\"https:\/\/www.vegaintro-projekti.com\/pilar-stari\/2024\/01\/projekt-types-of-youth-participation-in-croatian-society-types\/\">Projekt TYPES<\/a><\/p><\/blockquote>\n","protected":false},"excerpt":{"rendered":"<p>Znanstvenici Instituta Pilar, voditelj projekta Types of Youth Participation in Croatian Society \u2013 TYPES dr. sc. Marko Mustapi\u0107 i suradnici dr. sc. Renata Franc i dr. sc. Benjamin Perasovi\u0107, sudjelovali su na me\u0111unarodnoj znanstvenoj konferenciji The polyphonic voice of youth odr\u017eanoj u Beogradu 13. svibnja 2025. u organizaciji Etnografskog instituta SANU. U sklopu simpozija Youth&hellip; <a class=\"continue\" href=\"https:\/\/www.vegaintro-projekti.com\/pilar-stari\/2025\/05\/suradnici-projekta-types-na-medunarodnoj-znanstvenoj-konferenciji-the-polyphonic-voice-of-youth-beograd-13-5-2025\/\">Pro\u010ditaj vi\u0161e o<span> Suradnici projekta TYPES na me\u0111unarodnoj znanstvenoj konferenciji The polyphonic voice of youth; Beograd, 13. 5. 2025.<\/span><\/a><\/p>\n","protected":false},"author":7,"featured_media":34193,"comment_status":"closed","ping_status":"closed","sticky":false,"template":"","format":"standard","meta":{"inline_featured_image":false,"ngg_post_thumbnail":0,"footnotes":""},"categories":[48,11],"tags":[],"yoast_head":"<!-- This site is optimized with the Yoast SEO plugin v21.2 - https:\/\/yoast.com\/wordpress\/plugins\/seo\/ -->\n<title>Suradnici projekta TYPES na me\u0111unarodnoj znanstvenoj konferenciji The polyphonic voice of youth; Beograd, 13. 5. 2025. - Institut dru&scaron;tvenih znanosti Ivo Pilar<\/title>\n<meta name=\"robots\" content=\"noindex, follow, max-snippet:-1, max-image-preview:large, max-video-preview:-1\" \/>\n<meta property=\"og:locale\" content=\"hr_HR\" \/>\n<meta property=\"og:type\" content=\"article\" \/>\n<meta property=\"og:title\" content=\"Suradnici projekta TYPES na me\u0111unarodnoj znanstvenoj konferenciji The polyphonic voice of youth; Beograd, 13. 5. 2025. - Institut dru&scaron;tvenih znanosti Ivo Pilar\" \/>\n<meta property=\"og:description\" content=\"Znanstvenici Instituta Pilar, voditelj projekta Types of Youth Participation in Croatian Society \u2013 TYPES dr. sc. Marko Mustapi\u0107 i suradnici dr. sc. Renata Franc i dr. sc. Benjamin Perasovi\u0107, sudjelovali su na me\u0111unarodnoj znanstvenoj konferenciji The polyphonic voice of youth odr\u017eanoj u Beogradu 13. svibnja 2025. u organizaciji Etnografskog instituta SANU. U sklopu simpozija Youth&hellip; Pro\u010ditaj vi\u0161e o Suradnici projekta TYPES na me\u0111unarodnoj znanstvenoj konferenciji The polyphonic voice of youth; Beograd, 13. 5. 2025.\" \/>\n<meta property=\"og:url\" content=\"https:\/\/www.vegaintro-projekti.com\/pilar-stari\/2025\/05\/suradnici-projekta-types-na-medunarodnoj-znanstvenoj-konferenciji-the-polyphonic-voice-of-youth-beograd-13-5-2025\/\" \/>\n<meta property=\"og:site_name\" content=\"Institut dru&scaron;tvenih znanosti Ivo Pilar\" \/>\n<meta property=\"article:published_time\" content=\"2025-05-17T17:09:40+00:00\" \/>\n<meta property=\"article:modified_time\" content=\"2025-05-17T17:17:25+00:00\" \/>\n<meta property=\"og:image\" content=\"https:\/\/www.vegaintro-projekti.com\/pilar-stari\/wp-content\/uploads\/2025\/05\/IMG_2fi-3.jpg\" \/>\n\t<meta property=\"og:image:width\" content=\"500\" \/>\n\t<meta property=\"og:image:height\" content=\"230\" \/>\n\t<meta property=\"og:image:type\" content=\"image\/jpeg\" \/>\n<meta name=\"author\" content=\"Boris\" \/>\n<meta name=\"twitter:card\" content=\"summary_large_image\" \/>\n<meta name=\"twitter:label1\" content=\"Napisao\/la\" \/>\n\t<meta name=\"twitter:data1\" content=\"Boris\" \/>\n\t<meta name=\"twitter:label2\" content=\"Procijenjeno vrijeme \u010ditanja\" \/>\n\t<meta name=\"twitter:data2\" content=\"2 minute\" \/>\n<script type=\"application\/ld+json\" class=\"yoast-schema-graph\">{\"@context\":\"https:\/\/schema.org\",\"@graph\":[{\"@type\":\"WebPage\",\"@id\":\"https:\/\/www.vegaintro-projekti.com\/pilar-stari\/2025\/05\/suradnici-projekta-types-na-medunarodnoj-znanstvenoj-konferenciji-the-polyphonic-voice-of-youth-beograd-13-5-2025\/\",\"url\":\"https:\/\/www.vegaintro-projekti.com\/pilar-stari\/2025\/05\/suradnici-projekta-types-na-medunarodnoj-znanstvenoj-konferenciji-the-polyphonic-voice-of-youth-beograd-13-5-2025\/\",\"name\":\"Suradnici projekta TYPES na me\u0111unarodnoj znanstvenoj konferenciji The polyphonic voice of youth; Beograd, 13. 5. 2025. - Institut dru&scaron;tvenih znanosti Ivo Pilar\",\"isPartOf\":{\"@id\":\"https:\/\/www.vegaintro-projekti.com\/pilar-stari\/#website\"},\"datePublished\":\"2025-05-17T17:09:40+00:00\",\"dateModified\":\"2025-05-17T17:17:25+00:00\",\"author\":{\"@id\":\"https:\/\/www.vegaintro-projekti.com\/pilar-stari\/#\/schema\/person\/ddd404c9f1e15e4ffef5986ac6a5d28b\"},\"breadcrumb\":{\"@id\":\"https:\/\/www.vegaintro-projekti.com\/pilar-stari\/2025\/05\/suradnici-projekta-types-na-medunarodnoj-znanstvenoj-konferenciji-the-polyphonic-voice-of-youth-beograd-13-5-2025\/#breadcrumb\"},\"inLanguage\":\"hr\",\"potentialAction\":[{\"@type\":\"ReadAction\",\"target\":[\"https:\/\/www.vegaintro-projekti.com\/pilar-stari\/2025\/05\/suradnici-projekta-types-na-medunarodnoj-znanstvenoj-konferenciji-the-polyphonic-voice-of-youth-beograd-13-5-2025\/\"]}]},{\"@type\":\"BreadcrumbList\",\"@id\":\"https:\/\/www.vegaintro-projekti.com\/pilar-stari\/2025\/05\/suradnici-projekta-types-na-medunarodnoj-znanstvenoj-konferenciji-the-polyphonic-voice-of-youth-beograd-13-5-2025\/#breadcrumb\",\"itemListElement\":[{\"@type\":\"ListItem\",\"position\":1,\"name\":\"Home\",\"item\":\"https:\/\/www.vegaintro-projekti.com\/pilar-stari\/\"},{\"@type\":\"ListItem\",\"position\":2,\"name\":\"Suradnici projekta TYPES na me\u0111unarodnoj znanstvenoj konferenciji The polyphonic voice of youth; Beograd, 13. 5. 2025.\"}]},{\"@type\":\"WebSite\",\"@id\":\"https:\/\/www.vegaintro-projekti.com\/pilar-stari\/#website\",\"url\":\"https:\/\/www.vegaintro-projekti.com\/pilar-stari\/\",\"name\":\"Institut dru&scaron;tvenih znanosti Ivo Pilar\",\"description\":\"Pilar\",\"potentialAction\":[{\"@type\":\"SearchAction\",\"target\":{\"@type\":\"EntryPoint\",\"urlTemplate\":\"https:\/\/www.vegaintro-projekti.com\/pilar-stari\/?s={search_term_string}\"},\"query-input\":\"required name=search_term_string\"}],\"inLanguage\":\"hr\"},{\"@type\":\"Person\",\"@id\":\"https:\/\/www.vegaintro-projekti.com\/pilar-stari\/#\/schema\/person\/ddd404c9f1e15e4ffef5986ac6a5d28b\",\"name\":\"Boris\",\"image\":{\"@type\":\"ImageObject\",\"inLanguage\":\"hr\",\"@id\":\"https:\/\/www.vegaintro-projekti.com\/pilar-stari\/#\/schema\/person\/image\/\",\"url\":\"https:\/\/secure.gravatar.com\/avatar\/29557b161a6ce6ab86ac1503164f1e90?s=96&d=mm&r=g\",\"contentUrl\":\"https:\/\/secure.gravatar.com\/avatar\/29557b161a6ce6ab86ac1503164f1e90?s=96&d=mm&r=g\",\"caption\":\"Boris\"},\"url\":\"https:\/\/www.vegaintro-projekti.com\/pilar-stari\/author\/boris\/\"}]}<\/script>\n<!-- \/ Yoast SEO plugin. -->","yoast_head_json":{"title":"Suradnici projekta TYPES na me\u0111unarodnoj znanstvenoj konferenciji The polyphonic voice of youth; Beograd, 13. 5. 2025. - Institut dru&scaron;tvenih znanosti Ivo Pilar","robots":{"index":"noindex","follow":"follow","max-snippet":"max-snippet:-1","max-image-preview":"max-image-preview:large","max-video-preview":"max-video-preview:-1"},"og_locale":"hr_HR","og_type":"article","og_title":"Suradnici projekta TYPES na me\u0111unarodnoj znanstvenoj konferenciji The polyphonic voice of youth; Beograd, 13. 5. 2025. - Institut dru&scaron;tvenih znanosti Ivo Pilar","og_description":"Znanstvenici Instituta Pilar, voditelj projekta Types of Youth Participation in Croatian Society \u2013 TYPES dr. sc. Marko Mustapi\u0107 i suradnici dr. sc. Renata Franc i dr. sc. Benjamin Perasovi\u0107, sudjelovali su na me\u0111unarodnoj znanstvenoj konferenciji The polyphonic voice of youth odr\u017eanoj u Beogradu 13. svibnja 2025. u organizaciji Etnografskog instituta SANU. U sklopu simpozija Youth&hellip; Pro\u010ditaj vi\u0161e o Suradnici projekta TYPES na me\u0111unarodnoj znanstvenoj konferenciji The polyphonic voice of youth; Beograd, 13. 5. 2025.","og_url":"https:\/\/www.vegaintro-projekti.com\/pilar-stari\/2025\/05\/suradnici-projekta-types-na-medunarodnoj-znanstvenoj-konferenciji-the-polyphonic-voice-of-youth-beograd-13-5-2025\/","og_site_name":"Institut dru&scaron;tvenih znanosti Ivo Pilar","article_published_time":"2025-05-17T17:09:40+00:00","article_modified_time":"2025-05-17T17:17:25+00:00","og_image":[{"width":500,"height":230,"url":"https:\/\/www.vegaintro-projekti.com\/pilar-stari\/wp-content\/uploads\/2025\/05\/IMG_2fi-3.jpg","type":"image\/jpeg"}],"author":"Boris","twitter_card":"summary_large_image","twitter_misc":{"Napisao\/la":"Boris","Procijenjeno vrijeme \u010ditanja":"2 minute"},"schema":{"@context":"https:\/\/schema.org","@graph":[{"@type":"WebPage","@id":"https:\/\/www.vegaintro-projekti.com\/pilar-stari\/2025\/05\/suradnici-projekta-types-na-medunarodnoj-znanstvenoj-konferenciji-the-polyphonic-voice-of-youth-beograd-13-5-2025\/","url":"https:\/\/www.vegaintro-projekti.com\/pilar-stari\/2025\/05\/suradnici-projekta-types-na-medunarodnoj-znanstvenoj-konferenciji-the-polyphonic-voice-of-youth-beograd-13-5-2025\/","name":"Suradnici projekta TYPES na me\u0111unarodnoj znanstvenoj konferenciji The polyphonic voice of youth; Beograd, 13. 5. 2025. - Institut dru&scaron;tvenih znanosti Ivo Pilar","isPartOf":{"@id":"https:\/\/www.vegaintro-projekti.com\/pilar-stari\/#website"},"datePublished":"2025-05-17T17:09:40+00:00","dateModified":"2025-05-17T17:17:25+00:00","author":{"@id":"https:\/\/www.vegaintro-projekti.com\/pilar-stari\/#\/schema\/person\/ddd404c9f1e15e4ffef5986ac6a5d28b"},"breadcrumb":{"@id":"https:\/\/www.vegaintro-projekti.com\/pilar-stari\/2025\/05\/suradnici-projekta-types-na-medunarodnoj-znanstvenoj-konferenciji-the-polyphonic-voice-of-youth-beograd-13-5-2025\/#breadcrumb"},"inLanguage":"hr","potentialAction":[{"@type":"ReadAction","target":["https:\/\/www.vegaintro-projekti.com\/pilar-stari\/2025\/05\/suradnici-projekta-types-na-medunarodnoj-znanstvenoj-konferenciji-the-polyphonic-voice-of-youth-beograd-13-5-2025\/"]}]},{"@type":"BreadcrumbList","@id":"https:\/\/www.vegaintro-projekti.com\/pilar-stari\/2025\/05\/suradnici-projekta-types-na-medunarodnoj-znanstvenoj-konferenciji-the-polyphonic-voice-of-youth-beograd-13-5-2025\/#breadcrumb","itemListElement":[{"@type":"ListItem","position":1,"name":"Home","item":"https:\/\/www.vegaintro-projekti.com\/pilar-stari\/"},{"@type":"ListItem","position":2,"name":"Suradnici projekta TYPES na me\u0111unarodnoj znanstvenoj konferenciji The polyphonic voice of youth; Beograd, 13. 5. 2025."}]},{"@type":"WebSite","@id":"https:\/\/www.vegaintro-projekti.com\/pilar-stari\/#website","url":"https:\/\/www.vegaintro-projekti.com\/pilar-stari\/","name":"Institut dru&scaron;tvenih znanosti Ivo Pilar","description":"Pilar","potentialAction":[{"@type":"SearchAction","target":{"@type":"EntryPoint","urlTemplate":"https:\/\/www.vegaintro-projekti.com\/pilar-stari\/?s={search_term_string}"},"query-input":"required name=search_term_string"}],"inLanguage":"hr"},{"@type":"Person","@id":"https:\/\/www.vegaintro-projekti.com\/pilar-stari\/#\/schema\/person\/ddd404c9f1e15e4ffef5986ac6a5d28b","name":"Boris","image":{"@type":"ImageObject","inLanguage":"hr","@id":"https:\/\/www.vegaintro-projekti.com\/pilar-stari\/#\/schema\/person\/image\/","url":"https:\/\/secure.gravatar.com\/avatar\/29557b161a6ce6ab86ac1503164f1e90?s=96&d=mm&r=g","contentUrl":"https:\/\/secure.gravatar.com\/avatar\/29557b161a6ce6ab86ac1503164f1e90?s=96&d=mm&r=g","caption":"Boris"},"url":"https:\/\/www.vegaintro-projekti.com\/pilar-stari\/author\/boris\/"}]}},"_links":{"self":[{"href":"https:\/\/www.vegaintro-projekti.com\/pilar-stari\/wp-json\/wp\/v2\/posts\/34195"}],"collection":[{"href":"https:\/\/www.vegaintro-projekti.com\/pilar-stari\/wp-json\/wp\/v2\/posts"}],"about":[{"href":"https:\/\/www.vegaintro-projekti.com\/pilar-stari\/wp-json\/wp\/v2\/types\/post"}],"author":[{"embeddable":true,"href":"https:\/\/www.vegaintro-projekti.com\/pilar-stari\/wp-json\/wp\/v2\/users\/7"}],"replies":[{"embeddable":true,"href":"https:\/\/www.vegaintro-projekti.com\/pilar-stari\/wp-json\/wp\/v2\/comments?post=34195"}],"version-history":[{"count":5,"href":"https:\/\/www.vegaintro-projekti.com\/pilar-stari\/wp-json\/wp\/v2\/posts\/34195\/revisions"}],"predecessor-version":[{"id":34200,"href":"https:\/\/www.vegaintro-projekti.com\/pilar-stari\/wp-json\/wp\/v2\/posts\/34195\/revisions\/34200"}],"wp:featuredmedia":[{"embeddable":true,"href":"https:\/\/www.vegaintro-projekti.com\/pilar-stari\/wp-json\/wp\/v2\/media\/34193"}],"wp:attachment":[{"href":"https:\/\/www.vegaintro-projekti.com\/pilar-stari\/wp-json\/wp\/v2\/media?parent=34195"}],"wp:term":[{"taxonomy":"category","embeddable":true,"href":"https:\/\/www.vegaintro-projekti.com\/pilar-stari\/wp-json\/wp\/v2\/categories?post=34195"},{"taxonomy":"post_tag","embeddable":true,"href":"https:\/\/www.vegaintro-projekti.com\/pilar-stari\/wp-json\/wp\/v2\/tags?post=34195"}],"curies":[{"name":"wp","href":"https:\/\/api.w.org\/{rel}","templated":true}]}}