{"id":34306,"date":"2025-05-20T12:26:05","date_gmt":"2025-05-20T12:26:05","guid":{"rendered":"https:\/\/www.vegaintro-projekti.com\/pilar-stari\/?p=34306"},"modified":"2025-05-20T17:47:10","modified_gmt":"2025-05-20T17:47:10","slug":"suradnici-projekta-motika-na-simpozij-o-kolektivnom-djelovanju-na-27-bujasovim-danima-psihologije-zagreb-8-10-5-2025","status":"publish","type":"post","link":"https:\/\/www.vegaintro-projekti.com\/pilar-stari\/2025\/05\/suradnici-projekta-motika-na-simpozij-o-kolektivnom-djelovanju-na-27-bujasovim-danima-psihologije-zagreb-8-10-5-2025\/","title":{"rendered":"Suradnici projekta MotiKA na Simpoziju o kolektivnom djelovanju na 27. Bujasovim danima psihologije; Zagreb, 8.\u201310. 5. 2025."},"content":{"rendered":"<p><strong>Suradnici projekta MotiKA \u2013 Motivacije i prepreke za kolektivne akcije (HRZZ) sudjelovali su na 27. Bujasovim danima psihologije, gdje su u sklopu simpozija \u0160to nas motivira, a \u0161to prije\u010di u kolektivnom djelovanju \u2013 kvalitativni nalazi predstavili rezultate kvalitativne analize temeljene na intervjuima s 60 gra\u0111ana razli\u010ditog stupnja kolektivne anga\u017eiranosti<\/strong><\/p>\n<div class=\"wp-block-image\">\n<p><a href=\"https:\/\/www.vegaintro-projekti.com\/pilar-stari\/wp-content\/uploads\/2025\/05\/IMG_3-3.jpg\"><img decoding=\"async\" loading=\"lazy\" class=\"alignnone wp-image-34304 size-full\" src=\"https:\/\/www.vegaintro-projekti.com\/pilar-stari\/wp-content\/uploads\/2025\/05\/IMG_3s-4.jpg\" alt=\"i1\" width=\"620\" height=\"379\" srcset=\"https:\/\/www.vegaintro-projekti.com\/pilar-stari\/wp-content\/uploads\/2025\/05\/IMG_3s-4.jpg 620w, https:\/\/www.vegaintro-projekti.com\/pilar-stari\/wp-content\/uploads\/2025\/05\/IMG_3s-4-300x183.jpg 300w\" sizes=\"(max-width: 620px) 100vw, 620px\" \/><\/a><a href=\"https:\/\/www.vegaintro-projekti.com\/pilar-stari\/wp-content\/uploads\/2025\/05\/IMG_1-8.jpg\"><img decoding=\"async\" loading=\"lazy\" class=\"alignnone wp-image-34300 size-full\" src=\"https:\/\/www.vegaintro-projekti.com\/pilar-stari\/wp-content\/uploads\/2025\/05\/IMG_1s-7.jpg\" alt=\"i2\" width=\"620\" height=\"370\" srcset=\"https:\/\/www.vegaintro-projekti.com\/pilar-stari\/wp-content\/uploads\/2025\/05\/IMG_1s-7.jpg 620w, https:\/\/www.vegaintro-projekti.com\/pilar-stari\/wp-content\/uploads\/2025\/05\/IMG_1s-7-300x179.jpg 300w\" sizes=\"(max-width: 620px) 100vw, 620px\" \/><\/a><a href=\"https:\/\/www.vegaintro-projekti.com\/pilar-stari\/wp-content\/uploads\/2025\/05\/IMG_2-8.jpg\"><img decoding=\"async\" loading=\"lazy\" class=\"alignnone wp-image-34302 size-full\" src=\"https:\/\/www.vegaintro-projekti.com\/pilar-stari\/wp-content\/uploads\/2025\/05\/IMG_2s-8.jpg\" alt=\"i3\" width=\"620\" height=\"352\" srcset=\"https:\/\/www.vegaintro-projekti.com\/pilar-stari\/wp-content\/uploads\/2025\/05\/IMG_2s-8.jpg 620w, https:\/\/www.vegaintro-projekti.com\/pilar-stari\/wp-content\/uploads\/2025\/05\/IMG_2s-8-300x170.jpg 300w\" sizes=\"(max-width: 620px) 100vw, 620px\" \/><\/a><a href=\"https:\/\/www.vegaintro-projekti.com\/pilar-stari\/wp-content\/uploads\/2025\/05\/IMG_4-3.jpg\"><img decoding=\"async\" loading=\"lazy\" class=\"alignnone wp-image-34316 size-full\" src=\"https:\/\/www.vegaintro-projekti.com\/pilar-stari\/wp-content\/uploads\/2025\/05\/IMG_4s-3.jpg\" alt=\"i4\" width=\"620\" height=\"360\" srcset=\"https:\/\/www.vegaintro-projekti.com\/pilar-stari\/wp-content\/uploads\/2025\/05\/IMG_4s-3.jpg 620w, https:\/\/www.vegaintro-projekti.com\/pilar-stari\/wp-content\/uploads\/2025\/05\/IMG_4s-3-300x174.jpg 300w\" sizes=\"(max-width: 620px) 100vw, 620px\" \/><\/a><\/p>\n<\/div>\n<p><strong>Simpozij je okupio<\/strong> \u010detiri usmena izlaganja, posve\u0107ena temeljnim sociopsiholo\u0161kim motivatorima i preprekama kolektivnog djelovanja u hrvatskom kontekstu. U fokusu izlaganja bili su do\u017eivljaj dru\u0161tvene nepravde, percipirana efikasnost, uloga politi\u010dke ideologije te osobne i percipirane prepreke djelovanju.<\/p>\n<p><strong>U prvom izlaganju dr. sc. Ines Su\u010di\u0107<\/strong> prikazala je kako gra\u0111ani konceptualiziraju dru\u0161tvenu pravednost i nepravdu te koje dru\u0161tvene skupine i situacije percipiraju kao nepravedne, istra\u017euju\u0107i pri tome ulogu nepravde kao motivatora za kolektivno djelovanje.<\/p>\n<p><strong>Dr. sc. Renata Franc<\/strong> predstavila je razli\u010dita shva\u0107anja efikasnosti \u2013 od politi\u010dke do simboli\u010dne i dugoro\u010dne \u2013 te pokazala kako se percipirana efikasnost mo\u017ee javiti i kao sna\u017ean motivator i kao prepreka kolektivnom anga\u017emanu.<\/p>\n<p><strong>Dr. sc. Tomislav Pavlovi\u0107<\/strong> govorio je o osobnim i percipiranim preprekama kolektivnom djelovanju, pri \u010demu su identificirane razlike izme\u0111u pasivnijih i aktivnijih gra\u0111ana, kao i va\u017enost straha od negativnih posljedica u vidu nasilja i reakcija okoline koje mogu utjecati na pojedin\u010dev financijski ili socijalni status.<\/p>\n<p><strong>U \u010detvrtom izlaganju dr. sc. Marina Magli\u0107<\/strong> predstavila je nalaze o tome kako gra\u0111ani razumiju pojam politi\u010dke ideologije, kako se samopozicioniraju na ideolo\u0161kim dimenzijama te kako se politi\u010dka orijentacija odra\u017eava u do\u017eivljaju motivatora i prepreka za kolektivno djelovanje.<br \/>\nVi\u0161e informacija o samom projektu dostupno je na stranici projekta MotiKA.<\/p>\n<blockquote><p><a href=\"https:\/\/www.vegaintro-projekti.com\/pilar-stari\/2024\/02\/projekt-motika-motivacije-i-prepreke-za-kolektivno-djelovanje\/\">Projekt MotiKA<\/a><\/p><\/blockquote>\n","protected":false},"excerpt":{"rendered":"<p>Suradnici projekta MotiKA \u2013 Motivacije i prepreke za kolektivne akcije (HRZZ) sudjelovali su na 27. Bujasovim danima psihologije, gdje su u sklopu simpozija \u0160to nas motivira, a \u0161to prije\u010di u kolektivnom djelovanju \u2013 kvalitativni nalazi predstavili rezultate kvalitativne analize temeljene na intervjuima s 60 gra\u0111ana razli\u010ditog stupnja kolektivne anga\u017eiranosti Simpozij je okupio \u010detiri usmena izlaganja,&hellip; <a class=\"continue\" href=\"https:\/\/www.vegaintro-projekti.com\/pilar-stari\/2025\/05\/suradnici-projekta-motika-na-simpozij-o-kolektivnom-djelovanju-na-27-bujasovim-danima-psihologije-zagreb-8-10-5-2025\/\">Pro\u010ditaj vi\u0161e o<span> Suradnici projekta MotiKA na Simpoziju o kolektivnom djelovanju na 27. Bujasovim danima psihologije; Zagreb, 8.\u201310. 5. 2025.<\/span><\/a><\/p>\n","protected":false},"author":7,"featured_media":34305,"comment_status":"closed","ping_status":"closed","sticky":false,"template":"","format":"standard","meta":{"inline_featured_image":false,"ngg_post_thumbnail":0,"footnotes":""},"categories":[48,11],"tags":[],"yoast_head":"<!-- This site is optimized with the Yoast SEO plugin v21.2 - https:\/\/yoast.com\/wordpress\/plugins\/seo\/ -->\n<title>Suradnici projekta MotiKA na Simpoziju o kolektivnom djelovanju na 27. Bujasovim danima psihologije; Zagreb, 8.\u201310. 5. 2025. - Institut dru&scaron;tvenih znanosti Ivo Pilar<\/title>\n<meta name=\"robots\" content=\"noindex, follow, max-snippet:-1, max-image-preview:large, max-video-preview:-1\" \/>\n<meta property=\"og:locale\" content=\"hr_HR\" \/>\n<meta property=\"og:type\" content=\"article\" \/>\n<meta property=\"og:title\" content=\"Suradnici projekta MotiKA na Simpoziju o kolektivnom djelovanju na 27. Bujasovim danima psihologije; Zagreb, 8.\u201310. 5. 2025. - Institut dru&scaron;tvenih znanosti Ivo Pilar\" \/>\n<meta property=\"og:description\" content=\"Suradnici projekta MotiKA \u2013 Motivacije i prepreke za kolektivne akcije (HRZZ) sudjelovali su na 27. Bujasovim danima psihologije, gdje su u sklopu simpozija \u0160to nas motivira, a \u0161to prije\u010di u kolektivnom djelovanju \u2013 kvalitativni nalazi predstavili rezultate kvalitativne analize temeljene na intervjuima s 60 gra\u0111ana razli\u010ditog stupnja kolektivne anga\u017eiranosti Simpozij je okupio \u010detiri usmena izlaganja,&hellip; Pro\u010ditaj vi\u0161e o Suradnici projekta MotiKA na Simpoziju o kolektivnom djelovanju na 27. Bujasovim danima psihologije; Zagreb, 8.\u201310. 5. 2025.\" \/>\n<meta property=\"og:url\" content=\"https:\/\/www.vegaintro-projekti.com\/pilar-stari\/2025\/05\/suradnici-projekta-motika-na-simpozij-o-kolektivnom-djelovanju-na-27-bujasovim-danima-psihologije-zagreb-8-10-5-2025\/\" \/>\n<meta property=\"og:site_name\" content=\"Institut dru&scaron;tvenih znanosti Ivo Pilar\" \/>\n<meta property=\"article:published_time\" content=\"2025-05-20T12:26:05+00:00\" \/>\n<meta property=\"article:modified_time\" content=\"2025-05-20T17:47:10+00:00\" \/>\n<meta property=\"og:image\" content=\"https:\/\/www.vegaintro-projekti.com\/pilar-stari\/wp-content\/uploads\/2025\/05\/IMG_fi-5.jpg\" \/>\n\t<meta property=\"og:image:width\" content=\"500\" \/>\n\t<meta property=\"og:image:height\" content=\"219\" \/>\n\t<meta property=\"og:image:type\" content=\"image\/jpeg\" \/>\n<meta name=\"author\" content=\"Boris\" \/>\n<meta name=\"twitter:card\" content=\"summary_large_image\" \/>\n<meta name=\"twitter:label1\" content=\"Napisao\/la\" \/>\n\t<meta name=\"twitter:data1\" content=\"Boris\" \/>\n\t<meta name=\"twitter:label2\" content=\"Procijenjeno vrijeme \u010ditanja\" \/>\n\t<meta name=\"twitter:data2\" content=\"3 minute\" \/>\n<script type=\"application\/ld+json\" class=\"yoast-schema-graph\">{\"@context\":\"https:\/\/schema.org\",\"@graph\":[{\"@type\":\"WebPage\",\"@id\":\"https:\/\/www.vegaintro-projekti.com\/pilar-stari\/2025\/05\/suradnici-projekta-motika-na-simpozij-o-kolektivnom-djelovanju-na-27-bujasovim-danima-psihologije-zagreb-8-10-5-2025\/\",\"url\":\"https:\/\/www.vegaintro-projekti.com\/pilar-stari\/2025\/05\/suradnici-projekta-motika-na-simpozij-o-kolektivnom-djelovanju-na-27-bujasovim-danima-psihologije-zagreb-8-10-5-2025\/\",\"name\":\"Suradnici projekta MotiKA na Simpoziju o kolektivnom djelovanju na 27. Bujasovim danima psihologije; Zagreb, 8.\u201310. 5. 2025. - Institut dru&scaron;tvenih znanosti Ivo Pilar\",\"isPartOf\":{\"@id\":\"https:\/\/www.vegaintro-projekti.com\/pilar-stari\/#website\"},\"datePublished\":\"2025-05-20T12:26:05+00:00\",\"dateModified\":\"2025-05-20T17:47:10+00:00\",\"author\":{\"@id\":\"https:\/\/www.vegaintro-projekti.com\/pilar-stari\/#\/schema\/person\/ddd404c9f1e15e4ffef5986ac6a5d28b\"},\"breadcrumb\":{\"@id\":\"https:\/\/www.vegaintro-projekti.com\/pilar-stari\/2025\/05\/suradnici-projekta-motika-na-simpozij-o-kolektivnom-djelovanju-na-27-bujasovim-danima-psihologije-zagreb-8-10-5-2025\/#breadcrumb\"},\"inLanguage\":\"hr\",\"potentialAction\":[{\"@type\":\"ReadAction\",\"target\":[\"https:\/\/www.vegaintro-projekti.com\/pilar-stari\/2025\/05\/suradnici-projekta-motika-na-simpozij-o-kolektivnom-djelovanju-na-27-bujasovim-danima-psihologije-zagreb-8-10-5-2025\/\"]}]},{\"@type\":\"BreadcrumbList\",\"@id\":\"https:\/\/www.vegaintro-projekti.com\/pilar-stari\/2025\/05\/suradnici-projekta-motika-na-simpozij-o-kolektivnom-djelovanju-na-27-bujasovim-danima-psihologije-zagreb-8-10-5-2025\/#breadcrumb\",\"itemListElement\":[{\"@type\":\"ListItem\",\"position\":1,\"name\":\"Home\",\"item\":\"https:\/\/www.vegaintro-projekti.com\/pilar-stari\/\"},{\"@type\":\"ListItem\",\"position\":2,\"name\":\"Suradnici projekta MotiKA na Simpoziju o kolektivnom djelovanju na 27. Bujasovim danima psihologije; Zagreb, 8.\u201310. 5. 2025.\"}]},{\"@type\":\"WebSite\",\"@id\":\"https:\/\/www.vegaintro-projekti.com\/pilar-stari\/#website\",\"url\":\"https:\/\/www.vegaintro-projekti.com\/pilar-stari\/\",\"name\":\"Institut dru&scaron;tvenih znanosti Ivo Pilar\",\"description\":\"Pilar\",\"potentialAction\":[{\"@type\":\"SearchAction\",\"target\":{\"@type\":\"EntryPoint\",\"urlTemplate\":\"https:\/\/www.vegaintro-projekti.com\/pilar-stari\/?s={search_term_string}\"},\"query-input\":\"required name=search_term_string\"}],\"inLanguage\":\"hr\"},{\"@type\":\"Person\",\"@id\":\"https:\/\/www.vegaintro-projekti.com\/pilar-stari\/#\/schema\/person\/ddd404c9f1e15e4ffef5986ac6a5d28b\",\"name\":\"Boris\",\"image\":{\"@type\":\"ImageObject\",\"inLanguage\":\"hr\",\"@id\":\"https:\/\/www.vegaintro-projekti.com\/pilar-stari\/#\/schema\/person\/image\/\",\"url\":\"https:\/\/secure.gravatar.com\/avatar\/29557b161a6ce6ab86ac1503164f1e90?s=96&d=mm&r=g\",\"contentUrl\":\"https:\/\/secure.gravatar.com\/avatar\/29557b161a6ce6ab86ac1503164f1e90?s=96&d=mm&r=g\",\"caption\":\"Boris\"},\"url\":\"https:\/\/www.vegaintro-projekti.com\/pilar-stari\/author\/boris\/\"}]}<\/script>\n<!-- \/ Yoast SEO plugin. -->","yoast_head_json":{"title":"Suradnici projekta MotiKA na Simpoziju o kolektivnom djelovanju na 27. Bujasovim danima psihologije; Zagreb, 8.\u201310. 5. 2025. - Institut dru&scaron;tvenih znanosti Ivo Pilar","robots":{"index":"noindex","follow":"follow","max-snippet":"max-snippet:-1","max-image-preview":"max-image-preview:large","max-video-preview":"max-video-preview:-1"},"og_locale":"hr_HR","og_type":"article","og_title":"Suradnici projekta MotiKA na Simpoziju o kolektivnom djelovanju na 27. Bujasovim danima psihologije; Zagreb, 8.\u201310. 5. 2025. - Institut dru&scaron;tvenih znanosti Ivo Pilar","og_description":"Suradnici projekta MotiKA \u2013 Motivacije i prepreke za kolektivne akcije (HRZZ) sudjelovali su na 27. Bujasovim danima psihologije, gdje su u sklopu simpozija \u0160to nas motivira, a \u0161to prije\u010di u kolektivnom djelovanju \u2013 kvalitativni nalazi predstavili rezultate kvalitativne analize temeljene na intervjuima s 60 gra\u0111ana razli\u010ditog stupnja kolektivne anga\u017eiranosti Simpozij je okupio \u010detiri usmena izlaganja,&hellip; Pro\u010ditaj vi\u0161e o Suradnici projekta MotiKA na Simpoziju o kolektivnom djelovanju na 27. Bujasovim danima psihologije; Zagreb, 8.\u201310. 5. 2025.","og_url":"https:\/\/www.vegaintro-projekti.com\/pilar-stari\/2025\/05\/suradnici-projekta-motika-na-simpozij-o-kolektivnom-djelovanju-na-27-bujasovim-danima-psihologije-zagreb-8-10-5-2025\/","og_site_name":"Institut dru&scaron;tvenih znanosti Ivo Pilar","article_published_time":"2025-05-20T12:26:05+00:00","article_modified_time":"2025-05-20T17:47:10+00:00","og_image":[{"width":500,"height":219,"url":"https:\/\/www.vegaintro-projekti.com\/pilar-stari\/wp-content\/uploads\/2025\/05\/IMG_fi-5.jpg","type":"image\/jpeg"}],"author":"Boris","twitter_card":"summary_large_image","twitter_misc":{"Napisao\/la":"Boris","Procijenjeno vrijeme \u010ditanja":"3 minute"},"schema":{"@context":"https:\/\/schema.org","@graph":[{"@type":"WebPage","@id":"https:\/\/www.vegaintro-projekti.com\/pilar-stari\/2025\/05\/suradnici-projekta-motika-na-simpozij-o-kolektivnom-djelovanju-na-27-bujasovim-danima-psihologije-zagreb-8-10-5-2025\/","url":"https:\/\/www.vegaintro-projekti.com\/pilar-stari\/2025\/05\/suradnici-projekta-motika-na-simpozij-o-kolektivnom-djelovanju-na-27-bujasovim-danima-psihologije-zagreb-8-10-5-2025\/","name":"Suradnici projekta MotiKA na Simpoziju o kolektivnom djelovanju na 27. Bujasovim danima psihologije; Zagreb, 8.\u201310. 5. 2025. - Institut dru&scaron;tvenih znanosti Ivo Pilar","isPartOf":{"@id":"https:\/\/www.vegaintro-projekti.com\/pilar-stari\/#website"},"datePublished":"2025-05-20T12:26:05+00:00","dateModified":"2025-05-20T17:47:10+00:00","author":{"@id":"https:\/\/www.vegaintro-projekti.com\/pilar-stari\/#\/schema\/person\/ddd404c9f1e15e4ffef5986ac6a5d28b"},"breadcrumb":{"@id":"https:\/\/www.vegaintro-projekti.com\/pilar-stari\/2025\/05\/suradnici-projekta-motika-na-simpozij-o-kolektivnom-djelovanju-na-27-bujasovim-danima-psihologije-zagreb-8-10-5-2025\/#breadcrumb"},"inLanguage":"hr","potentialAction":[{"@type":"ReadAction","target":["https:\/\/www.vegaintro-projekti.com\/pilar-stari\/2025\/05\/suradnici-projekta-motika-na-simpozij-o-kolektivnom-djelovanju-na-27-bujasovim-danima-psihologije-zagreb-8-10-5-2025\/"]}]},{"@type":"BreadcrumbList","@id":"https:\/\/www.vegaintro-projekti.com\/pilar-stari\/2025\/05\/suradnici-projekta-motika-na-simpozij-o-kolektivnom-djelovanju-na-27-bujasovim-danima-psihologije-zagreb-8-10-5-2025\/#breadcrumb","itemListElement":[{"@type":"ListItem","position":1,"name":"Home","item":"https:\/\/www.vegaintro-projekti.com\/pilar-stari\/"},{"@type":"ListItem","position":2,"name":"Suradnici projekta MotiKA na Simpoziju o kolektivnom djelovanju na 27. Bujasovim danima psihologije; Zagreb, 8.\u201310. 5. 2025."}]},{"@type":"WebSite","@id":"https:\/\/www.vegaintro-projekti.com\/pilar-stari\/#website","url":"https:\/\/www.vegaintro-projekti.com\/pilar-stari\/","name":"Institut dru&scaron;tvenih znanosti Ivo Pilar","description":"Pilar","potentialAction":[{"@type":"SearchAction","target":{"@type":"EntryPoint","urlTemplate":"https:\/\/www.vegaintro-projekti.com\/pilar-stari\/?s={search_term_string}"},"query-input":"required name=search_term_string"}],"inLanguage":"hr"},{"@type":"Person","@id":"https:\/\/www.vegaintro-projekti.com\/pilar-stari\/#\/schema\/person\/ddd404c9f1e15e4ffef5986ac6a5d28b","name":"Boris","image":{"@type":"ImageObject","inLanguage":"hr","@id":"https:\/\/www.vegaintro-projekti.com\/pilar-stari\/#\/schema\/person\/image\/","url":"https:\/\/secure.gravatar.com\/avatar\/29557b161a6ce6ab86ac1503164f1e90?s=96&d=mm&r=g","contentUrl":"https:\/\/secure.gravatar.com\/avatar\/29557b161a6ce6ab86ac1503164f1e90?s=96&d=mm&r=g","caption":"Boris"},"url":"https:\/\/www.vegaintro-projekti.com\/pilar-stari\/author\/boris\/"}]}},"_links":{"self":[{"href":"https:\/\/www.vegaintro-projekti.com\/pilar-stari\/wp-json\/wp\/v2\/posts\/34306"}],"collection":[{"href":"https:\/\/www.vegaintro-projekti.com\/pilar-stari\/wp-json\/wp\/v2\/posts"}],"about":[{"href":"https:\/\/www.vegaintro-projekti.com\/pilar-stari\/wp-json\/wp\/v2\/types\/post"}],"author":[{"embeddable":true,"href":"https:\/\/www.vegaintro-projekti.com\/pilar-stari\/wp-json\/wp\/v2\/users\/7"}],"replies":[{"embeddable":true,"href":"https:\/\/www.vegaintro-projekti.com\/pilar-stari\/wp-json\/wp\/v2\/comments?post=34306"}],"version-history":[{"count":6,"href":"https:\/\/www.vegaintro-projekti.com\/pilar-stari\/wp-json\/wp\/v2\/posts\/34306\/revisions"}],"predecessor-version":[{"id":34317,"href":"https:\/\/www.vegaintro-projekti.com\/pilar-stari\/wp-json\/wp\/v2\/posts\/34306\/revisions\/34317"}],"wp:featuredmedia":[{"embeddable":true,"href":"https:\/\/www.vegaintro-projekti.com\/pilar-stari\/wp-json\/wp\/v2\/media\/34305"}],"wp:attachment":[{"href":"https:\/\/www.vegaintro-projekti.com\/pilar-stari\/wp-json\/wp\/v2\/media?parent=34306"}],"wp:term":[{"taxonomy":"category","embeddable":true,"href":"https:\/\/www.vegaintro-projekti.com\/pilar-stari\/wp-json\/wp\/v2\/categories?post=34306"},{"taxonomy":"post_tag","embeddable":true,"href":"https:\/\/www.vegaintro-projekti.com\/pilar-stari\/wp-json\/wp\/v2\/tags?post=34306"}],"curies":[{"name":"wp","href":"https:\/\/api.w.org\/{rel}","templated":true}]}}