{"id":344,"date":"2018-01-11T08:08:29","date_gmt":"2018-01-11T08:08:29","guid":{"rendered":"https:\/\/www.vegaintro-projekti.com\/pilar-stari\/2011\/01\/11\/tribine-i-okrugli-stolovi\/"},"modified":"2023-03-01T21:11:58","modified_gmt":"2023-03-01T21:11:58","slug":"tribine-i-okrugli-stolovi","status":"publish","type":"post","link":"https:\/\/www.vegaintro-projekti.com\/pilar-stari\/2018\/01\/tribine-i-okrugli-stolovi\/","title":{"rendered":"Okrugli stolovi"},"content":{"rendered":"<p><strong><br \/>\n<a href=\"#g23\">2023.<\/a> \u2022 <a href=\"#sk22\">2022.<\/a> \u2022 <a href=\"#g21\">2021.<\/a> \u2022 <a href=\"#g20\">2020.<\/a> \u2022 <a href=\"#g19\">2019.<\/a> \u2022 <a href=\"#g18\">2018.<\/a> \u2022 <a href=\"#g17\">2017.<\/a> \u2022 <a href=\"#g16\">2016.<\/a> \u2022 <a href=\"#g15\">2015.<\/a> \u2022 <a href=\"#g14\">2014.<\/a><\/strong><\/p>\n<p>&nbsp;<\/p>\n<p><strong><a id=\"g23\"><\/a>2023.<\/strong><\/p>\n<p><em>Okrugle stolove u 2023. vidjeti na stranici <a href=\"https:\/\/www.vegaintro-projekti.com\/pilar-stari\/novosti\/skupovi\/\">Novosti\/Skupovi<\/a><\/em><\/p>\n<p>&nbsp;<\/p>\n<p><strong><a id=\"sk22\"><\/a>2022.<\/strong><\/p>\n<p><strong>Okrugli stolovi u (su)organizaciji Instituta Pilar<\/strong><\/p>\n<ol>\n<li>VUKOVARSKA BITKA U KONTEKSTU OBRANE REPUBLIKE HRVATSKE, Vukovar, 11. 10. 2022.; Institut dru\u0161tvenih znanosti Ivo Pilar \u2013 Podru\u010dni centar Vukovar i HVU <em> Franjo Tu\u0111man<\/em> i Ratna \u0161kola <em>Ban Josip Jela\u010di\u0107<\/em><\/li>\n<li>TURISTI\u010cKE KONCESIJE NA POMORSKOM DOBRU, Zagreb, 21. 11. 2022.; HAZU \u2013 Znanstveno vije\u0107e za turizam i prostor, Znanstveno vije\u0107e za dr\u017eavnu upravu, pravosu\u0111e i vladavinu prava u suradnji s Institutom dru\u0161tvenih znanosti Ivo Pilar, Institutom za turizam i Geografskim odsjekom PMF-a Sveu\u010dili\u0161ta u Zagrebu<\/li>\n<\/ol>\n<p><a id=\"g21\"><\/a><br \/>\n<strong>2021.<\/strong><\/p>\n<p><em>Okrugli stolovi u organizaciji Instituta Pilar<\/em><\/p>\n<p>1. DEMOGRAFSKA KRETANJA I POPULACIJSKA POLITIKA HRVATA U BiH, Tuzla, 9. 7. 2021., Udruga bosanskohercegova\u010dkih Hrvata Prsten; suorganizatori: Institut dru\u0161tvenih znanosti Ivo Pilar, Institut za migracije i narodnosti, Hrvatska matica iseljenika, Udruga Hrvata BiH Prsten RH, HAZU BiH, Filozofski fakultet Sveu\u010dili\u0161ta u Mostaru, Matica hrvatska Mostar, GV HNS BiH \u2013 odjel za iseljeni\u0161tvo pod visokim pokroviteljstvom predsjednika Hrvatskog narodnog sabora BiH Dragana \u010covi\u0107a<\/p>\n<p>2. SPOMENI\u010cKA BA\u0160TINA I KULTURA SJE\u0106ANJA NA PRVI SVJETSKI RAT, Zagreb, 9. \u2013 10. 9. 2021., Institut dru\u0161tvenih znanosti Ivo Pilar i Gradska knji\u017enica Vukovar; u okviru projekta HRZZ-a Prvi svjetski rat u kulturi sje\u0107anja. Zaboravljena ba\u0161tina (voditeljica: Ljiljana Dobrov\u0161ak)<\/p>\n<p>3. VUKOVARSKA BITKA U KONTEKSTU OBRANE REPUBLIKE HRVATSKE (tradicionalni), Vukovar, 5. 10. 2021., Ratna \u0161kola Ban Josip Jela\u010di\u0107 HVU Dr. Franjo Tu\u0111man i Institut dru\u0161tvenih znanosti Ivo Pilar \u2013 Podru\u010dni centar Vukovar<\/p>\n<p><em>Okrugli stolovi na kojima su sudjelovali znanstvenici Instituta Pilar<\/em><\/p>\n<p>1. Okrugli stol Penkalin okrugli stol: Znanstvena odgovornost, 18. 4. 2021., Zagreb (I. Miklou\u0161i\u0107)<\/p>\n<p>2. Me\u0111unarodni okrugli stol Spomeni\u010dka ba\u0161tina i kultura sje\u0107anja na Prvi svjetski rat\/ International round table: Monuments Heritage and the First World War Cultural Memory, Institut dru\u0161tvenih znanosti Ivo Pilar i Gradska knji\u017enica Vukovar, Zagreb, 9. \u2013 10. 9. 2021. (Lj. Dobrov\u0161ak, S. Cviki\u0107)<\/p>\n<p>3. Okrugli stol Vukovarska bitka u kontekstu obrane Republike Hrvatske, Institut dru\u0161tvenih znanosti Ivo Pilar \u2013 Hrvatsko vojno u\u010dili\u0161te dr. Franjo Tu\u0111man, 6. 10. 2021., Vukovar (I. Bendra; M. \u017dani\u0107, D. \u017divi\u0107)<\/p>\n<p>4. Utjecaj blokade na me\u0111unarodnu politiku, Nu\u0161tar-Marinci, Zajednica povratnika hrvatskog Podunavlja, 1. 7. 2021. (S. Cviki\u0107)<\/p>\n<p><strong><a id=\"g20\"><\/a><br \/>\n2020.<\/strong><\/p>\n<p><em>Okrugli stolovi u organizaciji Instituta Pilar<\/em><\/p>\n<p>1. VUKOVARSKA BITKA U KONTEKSTU OBRANE REPUBLIKE HRVATSKE, Vukovar, 6. 10. 2020., HVU \u201eDr. Franjo Tu\u0111man\u201c i Institut dru\u0161tvenih znanosti Ivo Pilar \u2013 Podru\u010dni centar Vukovar (suradnja u izvo\u0111enju nastavnog programa polaznicima Ratne \u0161kole \u201eBan Josip Jela\u010di\u0107\u201c), sudjelovali: D. \u017divi\u0107, M. \u017dani\u0107, I. Bendra<\/p>\n<p>2. MJE\u0160OVITE METODE U RELACIJSKOJ SOCIOLOGIJI RADA \u2013 O INTEGRACIJI KVANTITATIVNIH I KVALITATIVNIH METODA U PROJEKTU GENMOD, Zadar, 11. 11. 2020., Institut dru\u0161tvenih znanosti Ivo Pilar \u2013 Podru\u010dni centar Split, sudjelovao: A. Derado<\/p>\n<p>3. MU\u0160KARCI TO IPAK (DONEKLE) RADE? NOVE SPOZNAJE O RODNOJ RAVNOPRAVNOSTI U PODJELI KU\u0106ANSKIH POSLOVA U HRVATSKOJ, Split, 26. 11. 2020., Institut dru\u0161tvenih znanosti Ivo Pilar \u2013 Podru\u010dni centar Split, sudjelovala: I. Tomi\u0107-Koludrovi\u0107<\/p>\n<p>4. MJE\u0160OVITE METODE U RELACIJSKOJ SOCIOLOGIJI RADA \u2013 O INTEGRACIJI KVANTITATIVNIH I KVALITATIVNIH METODA U PROJEKTU GENMOD, Zadar, 10. 12. 2020., Institut dru\u0161tvenih znanosti Ivo Pilar \u2013 Podru\u010dni centar Split, sudjelovali: I. Tomi\u0107-Koludrovi\u0107, M. Petri\u0107, \u017d. Zdravkovi\u0107<\/p>\n<p>5. MU\u0160KE I \u017dENSKE PUBLIKE U KULTURI, Split, 17. 12. 2020., Institut dru\u0161tvenih znanosti Ivo Pilar \u2013 Podru\u010dni centar Split, sudjelovali: I. Tomi\u0107-Koludrovi\u0107, M. Petri\u0107, \u017d. Zdravkovi\u0107<\/p>\n<p><em>Okrugli stolovi na kojima su sudjelovali znanstvenici Instituta Pilar<\/em><\/p>\n<p>1. Okrugli stol \u201eHrvatski nacionalni prostor. Nacionalni identitet, demogeografski procesi i razvojni potencijal\u201c, 5. 3. 2020., Zagreb (D. \u017divi\u0107)<\/p>\n<p>2. Okrugli stol \u201eVukovarska bitka u kontekstu obrane Republike Hrvatske\u201c, 6. 10. 2020., Vukovar (D. \u017divi\u0107, M. \u017dani\u0107, I. Bendra)<\/p>\n<p>3. Human Rights Film Festival, 7. 12. 2020., Zagreb (J. R. Ani\u0107)<\/p>\n<p>4. \u201eMu\u0161karci to ipak (donekle) rade? Nove spoznaje o rodnoj ravnopravnosti u podjeli ku\u0107anskih poslova u Hrvatskoj\u201c, 26. 11. 2020., Split (M. Petri\u0107, I. Tomi\u0107-Koludrovi\u0107)<\/p>\n<p>5. \u201eMu\u0161ke i \u017eenske publike u kulturi\u201c, 17. 12. 2020., Split (M. Petri\u0107, I. Tomi\u0107-Koludrovi\u0107)<\/p>\n<p><em>Ostalo<\/em><\/p>\n<p>1. Seminar \u201eAntisemitizam, holokaust, stradanja \u2013 pro\u0161lost u sada\u0161njosti\u201c, 11. 11. 2020., Zagreb (D. Vojak, Lj. Dobrov\u0161ak)<\/p>\n<p>2. Sociolo\u0161ki razgovori, 16. 1. 2020., Split (J. R. Ani\u0107)<\/p>\n<p>3. HAZU Knji\u017eevno-znanstveni kolokvij: \u201eVukovarski pojmovnik Brane Crlenjak (1930. \u2013 2014.) povodom devedesete godine ro\u0111enja\u201c, 16. 10. 2020., Vukovar (S. Cviki\u0107)<\/p>\n<p>4. Gradska knji\u017enica Vukovar: \u201eMigrantska kriza na predzi\u0111u EU\u201c, 10. 3. 2020., Vukovar (S. Cviki\u0107)<\/p>\n<p>5. INCLuDE Me\u0111uresorna suradnja u osna\u017eivanju dr\u017eavljana tre\u0107ih zemalja, 26. 2. 2020., Zagreb (S. Cviki\u0107)<\/p>\n<p>6. Sekcija za forenzi\u010dnu psihologiju, \u201eProblemati\u010dna uporaba interneta\u201c, 29. 10. 2020. (I. Su\u010di\u0107)<\/p>\n<p>7. Me\u0111unarodni dan civilne za\u0161tite, 28. 2. 2020., Gospi\u0107 (J. Pu\u0111ak)<\/p>\n<p>8. Time 4 Science, 15. 12. 2020., Vara\u017edin (A. Braj\u0161a-\u017dganec)<\/p>\n<p>9. Mje\u0161ovite metode u relacijskoj sociologiji roda \u2013 O integraciji kvantitativnih i kvalitativnih metoda u projektu GENMOD, 10. 12. 2020., Split (M. Petri\u0107, A. Derado, I. Tomi\u0107-Koludrovi\u0107)<\/p>\n<p>10. Godi\u0161nji skup djelatnika katoli\u010dkih \u0161kola (J. Buru\u0161i\u0107)<\/p>\n<p>11. 2. skup \u201eEuropean Talent Point 2020\u201c, 3. 3. 2020., Vara\u017edin (J. Buru\u0161i\u0107)<\/p>\n<p><a id=\"g19\"><\/a><br \/>\n<strong>2019.<\/strong><\/p>\n<p><em>Okrugli stolovi u organizaciji Instituta Pilar<\/em><\/p>\n<p>1. INTERESI U\u010cENIKA ZA STEM \u0160KOLSKO PODRU\u010cJE, \u0160KOLSKA POSTIGNU\u0106A I INTERESI ZA STEM ZANIMANJA, Zagreb, 10. 6. 2019. (u sklopu projekta Hrvatske zaklade za znanost koji se provodi u Institutu dru\u0161tvenih znanosti Ivo Pilar Profesionalne aspiracije prema STEM zanimanjima tijekom osnovne \u0161kole: longitudinalno istra\u017eivanje odnosa postignu\u0107a, vjerovanja o vlastitim kompetencijama i interesa za zanimanja \u2013 9250 (JOBSTEM), voditelj: J. Buru\u0161i\u0107)<\/p>\n<p>2. VUKOVARSKA BITKA U KONTEKSTU OBRANE REPUBLIKE HRVATSKE (za polaznike XXII. nara\u0161taja Ratne \u0161kole \u201cBan Josip Jela\u010di\u0107\u201c), Vukovar, 16. 10. 2019., Institut dru\u0161tvenih znanosti Ivo Pilar \u2013 Podru\u010dni centar Vukovar<\/p>\n<p>3. FRANJO TU\u0110MAN POSLIJE 20 GODINA, Zagreb, 10. 12. 2019. Organizatori: Hrvatski institut za povijest, Institut dru\u0161tvenih znanosti Ivo Pilar, Hrvatski memorijalno dokumentacijski centar i Matica hrvatska (u povodu 20. obljetnice smrti)<\/p>\n<p>4. TRANSITION DIALOGUE 2019 \u2013 2021 \u2013 DEALING WITH CHANGE IN DEMOCRATIC WAYS, Zagreb, 21. 12. 2019., Institut dru\u0161tvenih znanosti Ivo Pilar, Zaklada Znanje na djelu i Centar za pravo i demokraciju Miko Tripalo<\/p>\n<p><em>Okrugli stolovi na kojima su sudjelovali znanstvenici Instituta Pilar<\/em><\/p>\n<p>1. Okrugli stol \u201eFranjo Tu\u0111man poslije 20 godina\u201c, 10. 12. 2019., Zagreb (S. Cviki\u0107, D. \u017divi\u0107)<\/p>\n<p>2. Okrugli stol \u201eDemografija \u2013 prijetnje i prilike Vukovarsko-srijemske \u017eupanije\u201c, 2. 10. 2019., Vukovar (D. \u017divi\u0107, M. \u017dani\u0107, I. Bendra)<\/p>\n<p>3. Okrugli stol \u201eVukovarska bitka u kontekstu obrane Republike Hrvatske\u201c, 16. 10. 2019., Vukovar (D. \u017divi\u0107, M. \u017dani\u0107, I. Bendra)<\/p>\n<p>4. Okrugli stol \u201e\u017dene koje su mijenjale dru\u0161tvo\u201c, 7. 3. 2019., Dubrovnik (N. Hazdovac Baji\u0107, V. B. Lupis)<\/p>\n<p>5. Okrugli stol \u201eTurizam i prostor\u201c, 5. 6. 2019. (S. Poljanec Bori\u0107)<\/p>\n<p>6. STEM school interests, achievement and careers \u2013 Mini conference\/round table of the HRZZ JOBSTEM project, 10. 6. 2019., Zagreb (M. \u0160aki\u0107 Veli\u0107, M. Bla\u017eev, J. Buru\u0161i\u0107)<\/p>\n<p>7. Okrugli stol Ban Josip Jela\u010di\u0107 (1801. \u2013 1859.). 160 godina od smrti, 20. 5. 2019., Zagreb (\u017d. Holjevac)<\/p>\n<p><em>Ostalo<\/em><\/p>\n<p>1. Knji\u017eevno-znanstveni kolokvij: Iskustva pisanja i \u010ditanja o ratu \u2013 o vremenu poslije, HAZU, Zavod za znanstvenoistra\u017eiva\u010dki i umjetni\u010dki rad u Vukovaru, 27. 9. 2019., Vukovar (S. Cviki\u0107)<\/p>\n<p>2. \u017dupanijsko stru\u010dno vije\u0107e nastavnika povijesti Istarske \u017eupanije. 4. 12. 2019., Kanfanar (D. Vojak)<\/p>\n<p>3. Panel rasprava u sklopu konferencije \u201eJesu li mladi danas dovoljno financijski pismeni?\u201c HKS-a, 24. 1. 2019. (D. \u010cengi\u0107)<\/p>\n<p>4. Panel diskusija \u201ePotraga za obe\u0107anom zemljom. Povijesna i aktualna demografska kretanja na hrvatskim prostorima\u201c, 16. 1. 2019., Osijek (D. \u017divi\u0107)<\/p>\n<p>5. Panel diskusija Talking Europe \u201eBridging the gap between education policy and challenges\u201c, 30. 9. 2019. (J. Buru\u0161i\u0107)<\/p>\n<p>6. Forum o upravljanju i vo\u0111enju u obrazovanju 2019.: Obrazovanje ju\u010der, danas, sutra Znanstvenog centra izvrsnosti za \u0161kolsku efektivnost i menad\u017ement, Vara\u017edin, 17. 10. 2019. (J. Buru\u0161i\u0107)<\/p>\n<p>7. Lernen und Lehren mit digitalen Medien, Goethe Institut Konferenzen, 22. 11. 2019., Zagreb (J. Buru\u0161i\u0107)<\/p>\n<p>8. PhD Program of University Tartu, Faculty of Science and Technology, 24. 2. 2019. Tartu, Estonija (J. Buru\u0161i\u0107)<\/p>\n<p><a id=\"g18\"><\/a><br \/>\n<strong>2018.<\/strong><\/p>\n<p><em>Okrugli stolovi u organizaciji Instituta Pilar<\/em><\/p>\n<p>1. DOBROBIT GRA\u0110ANA KAO CILJ JAVNIH POLITIKA i predstavljanje rezultata projekta CRO-WELL: Hrvatsko longitudinalno istra\u017eivanje dobrobiti \u2013 projekt HRZZ; voditeljica Lj. Kaliterna Lipov\u010dan, Zagreb, 6. 6. 2018.<\/p>\n<p>2. VUKOVARSKA BITKA U KONTEKSTU OBRANE, Vukovar, 23. 10. 2018., Hrvatsko vojno u\u010dili\u0161te \u201eDr. Franjo Tu\u0111man\u201c, Ratna \u0161kola \u201eBan Josip Jela\u010di\u0107\u201c i Institut dru\u0161tvenih znanosti Ivo Pilar \u2013 Podru\u010dni centar Vukovar<\/p>\n<p><em>Okrugli stolovi na kojima su sudjelovali znanstvenici Instituta Pilar<\/em><\/p>\n<p>1. Obilje\u017eavanje stogodi\u0161njice osnivanja prvog sociolo\u0161kog dru\u0161tva u Hrvatskoj, 26. 4. 2018., Zagreb (I. Tomi\u0107 Koludrovi\u0107)<\/p>\n<p>2. Rasprava \u201eKamo ide \u201eHrvatski znanstveni sustav &#8211; prema racionalnoj reformi ili entropiji i uru\u0161avanju?\u201c 18. 4. 2018., Zagreb (J. \u0160varc)<\/p>\n<p>3. \u201eIn tribute to Saba Mahmood\u201c, 20. 6. 2018., Rijeka (J. R. Ani\u0107)<\/p>\n<p>4. Festival povijesti Kliofest, 12. 5. 2018., Zagreb (S. Cviki\u0107, Lj. Dobrov\u0161ak)<\/p>\n<p>5. Okrugli stol: Vukovarska bitka u kontekstu obrane Republike Hrvatske, 23. 10. 2018., Vukovar (D. \u017divi\u0107)<\/p>\n<p>6. Okrugli stol: Geostrategijski kontekst demogeografskih procesa i odnosa, 12. 2. 2018., Zagreb (D. \u017divi\u0107)<\/p>\n<p>7. \u201eKri\u017eevci i Kri\u017eev\u010dani u vrijeme Prvoga svjetskog rata\u201c, 20. 10. 2018., Kri\u017eevci (Lj. Dobrov\u0161ak)<\/p>\n<p><em>Ostalo<\/em><\/p>\n<p>1. Panel rasprava: Isto\u010dna Hrvatska u svjetlu suvremenih geostrate\u0161kih, migracijskih i demografskih izazova, 20. 10. 2018., Vukovar (D. \u017divi\u0107, S. Cviki\u0107)<\/p>\n<p><strong><a id=\"g17\"><\/a><br \/>\n2017.<\/strong><\/p>\n<p><em>Okrugli stolovi u organizaciji Instituta Pilar<\/em><\/p>\n<p>1. MOJE DVADESETO STOLJE\u0106E. PASIJE. UNUTAR I IZVAN KATOLI\u010cKOG SVIJETA \u2013 prof. Arnaldo Nesti, Institut dru\u0161tvenih znanosti Ivo Pilar, Zagreb, 18. 5. 2017.<\/p>\n<p>2. PROFESIONALNO USMJERAVANJE MLADIH I MOGU\u0106NOST PRIMJENE SUSTAVA PUT KARIJERE, projekt HRZZ: Profesionalni razvoj u adolescenciji: odre\u0111enje modela tranzicije karijere adolescenata (I. \u0160verko), Zagreb, 6. 6. 2017.<\/p>\n<p>3. ILI BU\u0110ENJE ILI SVI U DUBLIN?, Organizatori: Institut za migracije i narodnosti Zagreb, Odjel za kulturologiju Sveu\u010dili\u0161ta u Osijeku, Podru\u010dni centar Osijek Instituta dru\u0161tvenih znanosti Ivo Pilar, osje\u010dki ogranak Matice hrvatske i Grad Osijek, Osijek, 21. 3. 2017.<\/p>\n<p><em>Okrugli stolovi na kojima su sudjelovali znanstvenici Instituta Pilar<\/em><\/p>\n<p>1. Okrugli stol \u201eEmigrantski val mladih iz Republike Hrvatske\u201c, Hrvatsko katoli\u010dko sveu\u010dili\u0161te i Zaklada Konrad Adenauer u Zagrebu, Zagreb 30. 11. 2017. (N. Pokos)<\/p>\n<p>2. Okrugli stol \u201e500 godina protestantizma: ba\u0161tina i otisci u hrvatskome dru\u0161tvu\u201c, Institut za dru\u0161tvena istra\u017eivanja i Centar za demokraciju i pravo \u201eMiko Tripalo\u201c iz Zagreba, Osijek, 27. 10. 2017. (I. Marke\u0161i\u0107)<\/p>\n<p><strong><a id=\"g16\"><\/a><br \/>\n2016.<\/strong><\/p>\n<p>1. KOTORSKI I DUBROVA\u010cKI BISKUP PAVAO BUTORAC \u2013 \u017dIVOT I DJELO, Kotor, 2. 6. 2016., Hrvatsko Nacionalno vije\u0107e Crne Gore, Kotorska biskupija, Hrvatska bratov\u0161tina Bokeljske mornarice 809 \u2013 Rijeka i Institut dru\u0161tvenih znanosti Ivo Pilar \u2013 Podru\u010dni centar Dubrovnik<\/p>\n<p>2. ULOGA POLICIJE U DOMOVINSKOM RATU U OBRANI VUKOVARA I PORA\u0106U, u povodu Dana hrvatske policije, Vukovar, 3. 10. 2016., Udruga policije vukovarskih branitelja Domovinskog rata Vukovar, Institut dru\u0161tvenih znanosti Ivo Pilar \u2013 Podru\u010dni centar Vukovar i Javna ustanova Memorijalni centar Domovinskog rata Vukovar<\/p>\n<p><strong><a id=\"g15\"><\/a><br \/>\n2015.<\/strong><\/p>\n<p>1. Okrugli stol MODELI REGULACIJE PROSTITUCIJE I ISKUSTVA IZ PRAKSE, Zagreb, 8. travnja 2015.; Institut Pilar i Centar za istra\u017eivanje etni\u010dnosti, dr\u017eavljanstva i migracija (CEDIM) Fakulteta politi\u010dkih znanosti<\/p>\n<p><strong><a id=\"g14\"><\/a><br \/>\n2014.<\/strong><\/p>\n<p>1. Workshop Trends in quality of life in Croatia 2007\u20152012: discussion on research in progress \u2013 EQLS country analyses \u2013 country meeting (projekt European Quality of Life Survey), Zagreb, 12. velja\u010de 2014., sudjelovali: istra\u017eiva\u010dki tim Instituta Pilar, petoro suradnika iz hrvatskih institucija te dva iz Eurofonda<\/p>\n<p>2. Obilje\u017eavanje Spomen-dana \u017ertvama komunisti\u010dkog terora u Vukovaru (12. travnja 1945.); Vukovar, 12. travnja 2014., Organizatori: Franjeva\u010dki samostan u Vukovaru, Ogranak Matice hrvatske Vukovar, Udruga Nijemaca i Austrijanaca Vukovar i Institut dru\u0161tvenih znanosti Ivo Pilar \u2013 Podru\u010dni centar Vukovar<\/p>\n<p>3. Prva radionica u sklopu me\u0111unarodnog znanstvenog projekta Life-Strategies and Survival Strategies of Households and Individuals in South-East European Societies in the Times of Crisis (financira Swiss National Science Foundation u sklopu sheme SCOPES, Joint Research Projects), Split, 27.\u201330. lipnja 2014., koordinatorica hrvatske dionice projekta prof. dr. sc. Inga Tomi\u0107-Koludrovi\u0107<\/p>\n<p><strong>2013.<\/strong><\/p>\n<p>&#8211; <a href=\"https:\/\/www.vegaintro-projekti.com\/pilar-stari\/2013\/11\/vukovar-predstavljanje-zbornika-i-predvecernji-spomen-14-i-16-11-2013\/\">Predstavljanje zbornika i Predve\u010dernji spomen, Vukovar, 14. i 16. studenoga 2013.<\/a><br \/>\n&#8211; <a href=\"https:\/\/www.vegaintro-projekti.com\/pilar-stari\/2013\/06\/predstavljanje-regionalnog-istraivanja-cetinske-krajine-u-zagrebu\/\">Predstavljanje regionalnog istra\u017eivanja CETINSKE KRAJINE u Zagrebu, 19. lipnja 2013.<\/a><br \/>\n&#8211;&nbsp;<a href=\"https:\/\/www.vegaintro-projekti.com\/pilar-stari\/2013\/06\/razvoj-prava-ena-i-rodne-ravnopravnosti-14-6-2013\/\">Okrugli stol: RAZVOJ PRAVA \u017dENA I RODNE RAVNOPRAVNOSTI, Zagreb, 14.&nbsp;lipnja 2013.<\/a><br \/>\n&#8211; <a href=\"https:\/\/www.vegaintro-projekti.com\/pilar-stari\/2013\/06\/tribina-i-okrugli-stol-u-podrunom-centru-osijek-instituta-ivo-pilar\/\">Tribina o \u017eenama \u017ertvama silovanja i okrugli stol o Slavoniji u krizi u Podru\u010dnom centru Osijek Instituta Ivo Pilar, Osijek, 27. svibnja 2013.<\/a><br \/>\n&#8211; <a href=\"https:\/\/www.vegaintro-projekti.com\/pilar-stari\/2013\/04\/predstavljanje-rezultata-istraivanja-sociokulturni-identitet-cetinske-krajine\/\">Predstavljanje istra\u017eivanja SOCIOKULTURNI IDENTITET CETINSKE KRAJINE, Sinj, 29. travnja 2013.<\/a><br \/>\n&#8211;&nbsp;<a href=\"https:\/\/www.vegaintro-projekti.com\/pilar-stari\/2013\/04\/spomen-dana-rtvama-komunistikog-terora-u-vukovaru-12-4-2013\/\">Spomen-dan \u017ertvama komunisti\u010dkog terora u Vukovaru, 12. travnja 2013.<\/a><br \/>\n&#8211; <a href=\"https:\/\/www.vegaintro-projekti.com\/pilar-stari\/2013\/03\/tribina-u-osijeku-razvojne-promjene-i-potekoe-kod-posebnih-populacija\/\">TRIBINA U OSIJEKU: Teorija uma: Razvojne promjene i pote\u0161ko\u0107e kod posebnih populacija, 14. o\u017eujka 2013.<\/a><\/p>\n<p><strong><br \/>\n2012.<\/strong><\/p>\n<p>&#8211; <a href=\"https:\/\/www.vegaintro-projekti.com\/pilar-stari\/2012\/11\/vukovar-dani-hrvatske-matice-iseljenika-5-18-12-2012\/\">VUKOVAR: Dani Hrvatske matice iseljenika, 5. &#8211; 18. 12. 2012.<\/a><br \/>\n&#8211;&nbsp;<a href=\"https:\/\/www.vegaintro-projekti.com\/pilar-stari\/2012\/11\/tribina-u-osijeku-hrvatski-identitet-i-vrijednosti-u-europskom-kontekstu\/\">Tribina u Osijeku: Hrvatski identitet i vrijednosti u europskom kontekstu, 23. studenoga 2012.<\/a><br \/>\n&#8211;&nbsp;<a href=\"https:\/\/www.vegaintro-projekti.com\/pilar-stari\/2012\/11\/predveernji-spomen-na-rtvu-vukovara-1991-16-11-2012\/\">Predve\u010dernji spomen na \u017ertvu Vukovara &nbsp;1991., 16. 11. 2012.<\/a><br \/>\n&#8211;&nbsp;<a href=\"https:\/\/www.vegaintro-projekti.com\/pilar-stari\/2012\/11\/vukovar-sveana-projekcija-filma-qstella-marisq-14-11-2012\/\">VUKOVAR: Sve\u010dana projekcija filma &#8220;Stella Maris&#8221;, 14. 11. 2012.<\/a><br \/>\n&#8211;&nbsp;<a href=\"https:\/\/www.vegaintro-projekti.com\/pilar-stari\/2012\/09\/okrugli-stol-uenje-o-praksi-europskog-suda-za-ljudska-prava\/\">Okrugli stol: U\u010cENJE O PRAKSI EUROPSKOG SUDA ZA LJUDSKA PRAVA, Zagreb, 21. rujna 2012.<br \/>\n<\/a>&#8211;&nbsp;<a href=\"https:\/\/www.vegaintro-projekti.com\/pilar-stari\/2012\/05\/4-tribina-u-splitu-tolarancija-i-predrasude-u-hrvatskom-drutvu\/\">4. tribina u Splitu: Tolarancija i predrasude u hrvatskom dru\u0161tvu (dr. sc. Renata Franc), 31. svibnja 2012.<br \/>\n<\/a>&#8211;&nbsp;<a href=\"https:\/\/www.vegaintro-projekti.com\/pilar-stari\/2012\/04\/tribina-u-puli-obljetnice-biskupa-jurja-dobrile-26-4-2012\/\">5. tribina u Puli: Obljetnice biskupa Jurja Dobrile (dr. sc. Josip Grbac, dr. sc. Stipan Trogrli\u0107 i prof. Mihovil Dabo), 26. travnja 2012.<br \/>\n<\/a>&#8211;&nbsp;<a href=\"https:\/\/www.vegaintro-projekti.com\/pilar-stari\/2012\/04\/5-tribina-u-vukovaru-dr-sc-maja-tambuk-i-anita-buljeta-20-4-2012\/\">5. tribina u Vukovaru: Selo i ravnomjerni razvoj Hrvatske (dr. sc. Maja \u0160tambuk i Anita Bu\u0161ljeta, prof.), 20. travnja 2012.<br \/>\n<\/a>&#8211;&nbsp;<a href=\"https:\/\/www.vegaintro-projekti.com\/pilar-stari\/2012\/04\/javno-predavanje-social-market-economy-17-4-2012\/\">Javno predavanje SOCIAL MARKET ECONOMY, Zagreb, 17. travnja 2012.<br \/>\n<\/a>&#8211;&nbsp;<a href=\"https:\/\/www.vegaintro-projekti.com\/pilar-stari\/2012\/04\/spomen-dan-rtvama-komunistikog-terora-u-vukovaru\/\">Spomen-dan \u017ertvama komunisti\u010dkog terora u Vukovaru (12. travnja 1945.), Vukovar, 12. travnja 2012.<br \/>\n<\/a>&#8211;&nbsp;<a href=\"https:\/\/www.vegaintro-projekti.com\/pilar-stari\/2012\/04\/3-tribina-u-splitu-20-godina-istraivanja-instituta-pilar\/\">3. tribina u Splitu: Za\u0161to je hrvatsko dru\u0161tvo zaostalo u razvoju?, 29. o\u017eujka 2012.<br \/>\n<\/a>&#8211;&nbsp;<a href=\"https:\/\/www.vegaintro-projekti.com\/pilar-stari\/2012\/03\/4-tribina-u-vukovaru-drsc-saa-poljanec-bori-i-dr-sc-drago-engi-1632012\/\">4. tribina u Vukovaru: dr. sc. Sa\u0161a Poljanec Bori\u0107 i dr. sc. Drago \u010cengi\u0107, 16. o\u017eujka 2012.<br \/>\n<\/a>&#8211;&nbsp;<a href=\"https:\/\/www.vegaintro-projekti.com\/pilar-stari\/2012\/02\/javno-predavanje-dr-sc-sae-poljanec-bori-hsd-732012\/\">Javno predavanje dr. sc. Sa\u0161e Poljanec Bori\u0107, HSD, Zagreb, 7. o\u017eujka 2012.<\/a><\/p>\n<p><strong><br \/>\n2011.<\/strong><\/p>\n<p><span style=\"font-size: 10pt;\">&#8211; <a href=\"https:\/\/www.vegaintro-projekti.com\/pilar-stari\/2011\/05\/znanstvene-tribine-20-godina-istraivanja-instituta-pilar\/\">ZNANSTVENE TRIBINE: 20 GODINA ISTRA\u017dIVANJA INSTITUTA IVO PILAR<\/a><\/span><\/p>\n<p><span style=\"font-size: 10pt;\"><em>Podru\u010dni centar Pula<\/em><\/span><\/p>\n<p><span style=\"color: #000000;\">&#8211; <a href=\"https:\/\/www.vegaintro-projekti.com\/pilar-stari\/2011\/05\/tribina-u-puli-1152011-identitet-i-vrijednosti\/\">1. tribina: Identitet i vrijednosti. Istra-Hrvatska-Europa (prof. dr. sc. Vlado \u0160aki\u0107, dr. sc. Gordan \u010crpi\u0107), 11. svibnja 2011.<\/a><br \/>\n&#8211; <a href=\"https:\/\/www.vegaintro-projekti.com\/pilar-stari\/2011\/05\/druga-znanstvena-tribina-u-puli-tolerancija-i-predrasude-u-hrvatskom-drutvu\/\">2. tribina: Tolerancija i predrasude u hrvatskom dru\u0161tvu (prof. dr. sc. Renata Franc), 19. svibnja 2011.<\/a><br \/>\n&#8211; <a href=\"https:\/\/www.vegaintro-projekti.com\/pilar-stari\/2011\/09\/3-tribina-u-puli-srea-i-ivotno-zadovoljstvo-u-hrvatskoj\/\">3. tribina: Sre\u0107a i \u017eivotno zadovoljstvo u Hrvatskoj (prof. dr. sc. Ljiljana Kaliterna), 22. rujna 2011.<\/a><br \/>\n&#8211; <a href=\"https:\/\/www.vegaintro-projekti.com\/pilar-stari\/2011\/11\/4-tribina-u-puli-zato-je-hrvatsko-drutvo-zaostalo-u-razvoju-17112011\/\">4. tribina: Za\u0161to je hrvatsko dru\u0161tvo zaostalo u razvoju? (doc. dr. sc. Kre\u0161imir Pera\u010dkovi\u0107), 17. studenoga 2011.<\/a><\/span><\/p>\n<p><span style=\"font-size: 10pt;\"><em>Podru\u010dni centar Vukovar<\/em><\/span><\/p>\n<p>&#8211; <a href=\"https:\/\/www.vegaintro-projekti.com\/pilar-stari\/2011\/05\/prva-tribina-u-vukovaru-20-godina-istraivanja-instituta-pilar\/\">1. tribina: Ivo Pilar i moderni europski identitet (dr. sc. Zlatko Matijevi\u0107 i dr. sc. Zlatko Hasanbegovi\u0107); Hrvatski identitet u europskom kontekstu (prof. dr. sc. Vlado \u0160aki\u0107), 13. svibnja 2011.<\/a><br \/>\n&#8211; <a href=\"https:\/\/www.vegaintro-projekti.com\/pilar-stari\/2011\/06\/2-tribina-u-vukovaru-zato-je-hrvatsko-drutvo-zaostalo-u-razvoju\/\">2. tribina: Za\u0161to je hrvatsko dru\u0161tvo zaostalo u razvoju? (dr. sc. Kre\u0161imir Pera\u010dkovi\u0107), 10. lipnja 2011.<\/a><br \/>\n&#8211; <a href=\"https:\/\/www.vegaintro-projekti.com\/pilar-stari\/2011\/09\/tribina-u-vukovaru\/\">3. tribina: Nacionalni razvojni interesi kroz prizmu koncepta odr\u017eivog razvoja (dr. sc. Vladimir Lay i dr. sc. Dra\u017een \u0160imle\u0161a), 23. rujna 2011.<\/a><\/p>\n<p><span style=\"font-size: 10pt;\"><em>Podru\u010dni centar Split<\/em><\/span><\/p>\n<p>&#8211; <a href=\"https:\/\/www.vegaintro-projekti.com\/pilar-stari\/2011\/05\/prva-tribina-u-splitu-20-godina-istraivanja-instituta-pilar\/\">1. tribina: O Institutu (dr. sc. Rebeka Ani\u0107); Zna\u010daj politi\u010dkih odnosa u Bosni i Hercegovini za Split i Dalmaciju (dr. sc. Sa\u0161a Mrdulja\u0161), 19. svibnja 2011.<\/a><br \/>\n&#8211; <a href=\"https:\/\/www.vegaintro-projekti.com\/pilar-stari\/2011\/10\/2-tribina-u-splitu-u-povodu-20-godina-instituta-ivo-pilar-20102011\/\">2. tribina:&nbsp;Ivo Pilar i moderni hrvatski identitet (dr. sc. Zlatko Matijevi\u0107);&nbsp;Pilar: \u010dasopis za dru\u0161tvene i humanisti\u010dke studije (dr. sc. Zlatko Hasanbegovi\u0107); Hrvatski identitet u europskom kontekstu (dr. sc. Vlado \u0160aki\u0107, Ivana Vrselja, Anja Wertag), 20. listopada 2011.<\/a><span style=\"font-size: 10pt;\">&nbsp;<\/span><\/p>\n<p><span style=\"font-size: 10pt;\"><em>Podru\u010dni centar Dubrovnik<\/em><\/span><\/p>\n<p>&#8211; <a href=\"https:\/\/www.vegaintro-projekti.com\/pilar-stari\/2011\/09\/tribina-u-dubrovniku-ivot-i-misao-i-pilara-hrvatski-identitet-u-europskom-kontekstu\/\">1. tribina: Pozdravne rije\u010di (prof. dr. sc. Vlado \u0160aki\u0107 i dr. sc. Vinicije B. Lupis);&nbsp;&nbsp;Dr. Ivo Pilar &#8211; \u017eivot i politi\u010dka misao (dr. sc. Zlatko Matijevi\u0107 i dr. sc. Zlatko Hasanbegovi\u0107), 12. rujna 2011.<\/a><br \/>\n&#8211; <a href=\"https:\/\/www.vegaintro-projekti.com\/pilar-stari\/2011\/11\/2-tribina-u-dubrovniku-vukovar-91-izmeu-simbola-i-kulture-zaborava\/\">2.&nbsp;tribina: Vukovar &#8217;91 &#8211; izme\u0111u simbola i kulture zaborava (prof. dr. sc. Dra\u017een \u017divi\u0107, mr. sc. Sandra Cviki\u0107 i&nbsp;dr. sc. Vinicije B. Lupis), 2. prosinca 2011.<\/a><span style=\"font-size: 12pt;\">&nbsp;<\/span><\/p>\n<p><span style=\"font-size: 12pt;\"><span style=\"font-size: 10pt;\"><em>Podru\u010dni centar Gospi\u0107<\/em><\/span><\/span><\/p>\n<p><span style=\"font-size: 12pt;\">&nbsp;<\/span>&#8211; <a href=\"https:\/\/www.vegaintro-projekti.com\/pilar-stari\/2011\/09\/tribina-u-gospiu-dr-sc-saa-poljanec-bori-prostor-lokalni-razvoj-i-demokracija\/\">1. tribina: Prostor, lokalni razvoj i demokracija &#8211; Problem lokalne jurisdikcije u uvjetima globalizacije (dr. sc. Sa\u0161a Poljane-Bori\u0107), 26. rujna 2011.<\/a><br \/>\n&#8211; <a href=\"https:\/\/www.vegaintro-projekti.com\/pilar-stari\/2011\/11\/2-tribina-u-gospiu-selo-i-ravnomjerni-razvitak-hrvatske-14112011\/\">2. tribina: Selo i ravnomjerni razvitak Hrvatske (dr. sc. Maja \u0160tambuk i Anita Bu\u0161ljeta), 14. studenog 2011.<\/a><span style=\"font-size: 12pt;\">&nbsp;<\/span><\/p>\n<p><span style=\"font-size: 12pt;\"><span style=\"font-size: 10pt;\"><em>Podru\u010dni centar Osijek<\/em><\/span><\/span><\/p>\n<p><span style=\"font-size: 12pt;\">&nbsp;<\/span>&#8211; <a href=\"https:\/\/www.vegaintro-projekti.com\/pilar-stari\/2011\/10\/tribina-u-osijeku-obrazovna-postignua-osjeko-baranjske-upanije\/\">1. tribina: Pregled obrazovnih postignu\u0107a Osje\u010dko-baranjske \u017eupanije (doc. dr. sc. Toni Babarovi\u0107 i dr. sc. Marija \u0160aki\u0107), 24. listopada 2011.<\/a><\/p>\n<p>&#8212;&#8211;<\/p>\n<p>&#8211; <a href=\"https:\/\/www.vegaintro-projekti.com\/pilar-stari\/2011\/09\/peta-tribina-iz-niza-talking-europe\/\">5. tribina TALKING EUROPE: Europa izme\u0111u modernizacije i tradicije: povijesne regije, jezgre, rubna podru\u010dja&nbsp;(prof. dr. Christian Giordano;&nbsp;prof. dr. sc. \u017deljko Tanji\u0107 i&nbsp;dr. sc. Zdenko Zeman;&nbsp;dr. sc. Boris Mla\u010di\u0107), Zagreb,&nbsp;9. o\u017eujka 2011.<\/a><\/p>\n<p>&#8211; <a href=\"https:\/\/www.vegaintro-projekti.com\/pilar-stari\/2011\/09\/tribina-u-vukovaru-prirodne-znanosti-i-teologija-suradnja-i-nesporazumi\/\">Tribina: PRIRODNE ZNANOSTI I TEOLOGIJA \u2013 SURADNJA I NESPORAZUMI (akademik Vladimir Paar i dr. sc. Tomislav Ivan\u010di\u0107), Vukovar, 16. velja\u010de 2011.<\/a><\/p>\n<p>&#8212;&#8211;<\/p>\n<p>&#8211; <a href=\"https:\/\/www.vegaintro-projekti.com\/pilar-stari\/2011\/10\/okrugli-stol-u-vukovaru-uloga-braniteljica-u-domovinskom-ratu-21102011\/\">Okrugli stol: ULOGA BRANITELJICA U DOMOVINSKOM RATU, Vukovar, 21. listopada 2011.<\/a><br \/>\n&#8211; <a href=\"https:\/\/www.vegaintro-projekti.com\/pilar-stari\/2011\/09\/okrugli-stol-krbava-i-udbina-batina-istraivanja-perspektive-1592011\/\">Okrugli stol: KRBAVA I UDBINA: BA\u0160TINA, ISTRA\u017dIVANJA, PERSPEKTIVE, Udbina, 15. rujna 2011.<\/a><\/p>\n<p><strong><br \/>\n2010.<\/strong><\/p>\n<p>&#8211; 4. tribina TALKING EUROPE &#8211; Lectures and Debates 2010-2011, Zagreb,&nbsp;studeni\/prosinac 2010.<br \/>\n&#8211; <a href=\"https:\/\/www.vegaintro-projekti.com\/pilar-stari\/2010\/10\/tree-predavanje-i-rasprava-iz-niza-talking-europe\/\">3. tribina TALKING EUROPE: Demografska kretanja u Europskoj uniji, Zagreb, 3. studenoga 2010.<\/a><br \/>\n&#8211; 2. tribina TALKING EUROPE &#8211; Lectures and Debates 2010-2011, Zagreb, 16. lipnja 2010.<br \/>\n&#8211; <a href=\"https:\/\/www.vegaintro-projekti.com\/pilar-stari\/2010\/05\/talking-europe-lectures-and-debates-2010-2011\/\">1. tribina TALKING EUROPE &#8211; Lectures and Debates 2010-2011, Zagreb, 26. svibnja 2010.<\/a><br \/>\n<strong>2006.<\/strong><\/p>\n<p>&#8211; Okrugli stol: Etno natura<\/p>\n<p><strong>2004.<\/strong><\/p>\n<p>&#8211; Okrugi stol: Hrvatsko iseljeni\u0161tvo i Hrvatski domovinski rat<\/p>\n<p><strong>2003.<\/strong><\/p>\n<p>&#8211; Tko su mladi Hrvatske<br \/>\n&#8211; Three-level theory of Developing Mind and Perspectives in Research of Cognitive Development<br \/>\n&#8211; Ivo Pilar i europske perspektive<br \/>\n&#8211; Okrugli stol: Narodni pokret 1903.<br \/>\n&#8211; Okrugli stol: Stolje\u0107e uma<\/p>\n<p><strong>2002.<\/strong><\/p>\n<p>&#8211; Okrugli stol: Ljudski mozak: temelj i sudbina dru\u0161tva<br \/>\n&#8211; Okrugli stol: Evolucija dru\u0161tvenosti: nadila\u017eenje granica i spajanje perspektiva prirodnih i dru\u0161tvenih znanosti u Hrvatskoj<\/p>\n<p><strong>2001.<\/strong><\/p>\n<p>&#8211; Hrvatska povijest iz njema\u010dke perspektive<br \/>\n&#8211; The view of German Geography on Processes of Transformation in Croatia<\/p>\n<p><strong>2000.<\/strong><\/p>\n<p>&#8211; Postoji li Hrvatska dijaspora?<br \/>\n&#8211; Okrugli stol: Globalizacija i nacionalna dr\u017eava<\/p>\n<p><strong>1999.<\/strong><\/p>\n<p>&#8211; Moderna fizika, nove tehnologije i suvremeno dru\u0161tvo \u2013 mogu\u0107e posljedice za Hrvatsku ranog XXI stolje\u0107a<br \/>\n&#8211; Okrugli stol: Aktualnost djela Ive Pilara: pouke i poruke<br \/>\n&#8211; Okrugli stol: Pakt o stabilnosti<br \/>\n&#8211; Okrugli stol: U ime naroda<\/p>\n<p><strong>1997.<\/strong><\/p>\n<p>&#8211; Rijeka \u2013 ba\u0161tina za budu\u0107nost<br \/>\n&#8211; Okrugli stol: Konfesionalne zajednice u Hrvatskoj u procesima integracije hrvatskog dru\u0161tva<\/p>\n<p><strong>1996.<\/strong><\/p>\n<p>&#8211; Istra izme\u0111u tradicionalnog i modernog<br \/>\n&#8211; Dayton i Hrvatska politi\u010dka perspektiva<br \/>\n&#8211; Isto\u010dni pogledi Dr. Ante Star\u010devi\u0107a<br \/>\n&#8211; Hrvatski leksikon \u2013 nacionalne paradigme i identitet<br \/>\n&#8211; Zna\u010denje IPDI-a za promicanje istine o Hrvatskoj u SAD-u<br \/>\n&#8211; Analiza emisije &#8220;Smrt Jugoslavije&#8221;<br \/>\n&#8211; Nacionalni prioriteti u dru\u0161tvenim i humanisti\u010dkim znanostima<br \/>\n&#8211; Prijateljstvo sa svijetom, \u017eivot u Hrvatskoj<br \/>\n&#8211; Nacionalni karakter i njegova kulturno-povijesna dinamika<\/p>\n<p><strong>1995.<\/strong><\/p>\n<p>&#8211; Okrugli stol: \u0160kolski vjeronauk u postkomunisti\u010dkim dru\u0161tvima \u2013 prednosti i nedostatci<br \/>\n&#8211; Okrugli stol: Katoli\u010dka crkva i iseljena Hrvatska<br \/>\n&#8211; Okrugli stol: Crkva i demokracija<br \/>\n&#8211; Okrugli stol: Postkomunizam i kriza zapada<\/p>\n<p><strong>1994.<\/strong><\/p>\n<p>&#8211; Aktualnost Toma\u0161i\u0107eve sociologije<br \/>\n&#8211; Okrugli stol: Split u novonastalim strate\u0161ko-ekonomskim i dru\u0161tveno-politi\u010dkim izazovima<br \/>\n&#8211; Okrugli stol: Dru\u0161tvena znanost i dru\u0161tvene promjene<\/p>\n<p><strong>1993.<\/strong><\/p>\n<p>&#8211; Filozofija u preobrazbi Srednje Europe<br \/>\n&#8211; Dva stolje\u0107a mar\u0161a preko Drine<br \/>\n&#8211; Nuklearne elektrane \u2013 jedini izlaz iz prijevare?<br \/>\n&#8211; \u010cekaju\u0107i pravopis<br \/>\n&#8211; Zagreba\u010dko sveu\u010dili\u0161te na prekretnici<br \/>\n&#8211; Kako se to mo\u017ee biti Hrvat?<br \/>\n&#8211; Memorandum i antimemorandum<br \/>\n&#8211; Odgovornost za znanost i odgovor znanosti<br \/>\n&#8211; &#8220;Plemeniti Istrani&#8221; i &#8220;Hrvatski smutljivci&#8221;<br \/>\n&#8211; Hrvatski jezik \u2013 opis i propis<br \/>\n&#8211; Dvojbe Hrvatske gospodarske politike<br \/>\n&#8211; Njema\u010dka staratelj \u2013 ili suradnik<br \/>\n&#8211; Dr\u017eava i nacija u Ante Star\u010devi\u0107a<br \/>\n&#8211; Izumiru li Hrvati?<br \/>\n&#8211; Kako smo sru\u0161ili Washingtonski zid<br \/>\n&#8211; 13 stolje\u0107a hrvatske dr\u017eavnosti<br \/>\n&#8211; Zablude oko Vanceova plana<br \/>\n&#8211; Jasenovac \u2013 Bleiburg, mit ili tabu<br \/>\n&#8211; BIH ili ne BIH?<br \/>\n&#8211; Dijaspora \u2013 novi dijalog<br \/>\n&#8211; Okrugli stol: \u0160to je vjerski rat?<\/p>\n<p><strong>1992.<\/strong><\/p>\n<p>&#8211; Regije i hrvatsko dru\u0161tvo<br \/>\n&#8211; Muslimani i katolici \u2013 vrijednosne orijentacije<br \/>\n&#8211; Hrvatsko-francuski odnosi<br \/>\n&#8211; Neokonzervatizam i liberalizam<\/p>\n<p>&nbsp;<\/p>\n","protected":false},"excerpt":{"rendered":"<p>2023. \u2022 2022. \u2022 2021. \u2022 2020. \u2022 2019. \u2022 2018. \u2022 2017. \u2022 2016. \u2022 2015. \u2022 2014. &nbsp; 2023. Okrugle stolove u 2023. vidjeti na stranici Novosti\/Skupovi &nbsp; 2022. Okrugli stolovi u (su)organizaciji Instituta Pilar VUKOVARSKA BITKA U KONTEKSTU OBRANE REPUBLIKE HRVATSKE, Vukovar, 11. 10. 2022.; Institut dru\u0161tvenih znanosti Ivo Pilar \u2013 Podru\u010dni&hellip; <a class=\"continue\" href=\"https:\/\/www.vegaintro-projekti.com\/pilar-stari\/2018\/01\/tribine-i-okrugli-stolovi\/\">Pro\u010ditaj vi\u0161e o<span> Okrugli stolovi<\/span><\/a><\/p>\n","protected":false},"author":1,"featured_media":0,"comment_status":"closed","ping_status":"closed","sticky":false,"template":"","format":"standard","meta":{"inline_featured_image":false,"ngg_post_thumbnail":0,"footnotes":""},"categories":[61],"tags":[],"yoast_head":"<!-- This site is optimized with the Yoast SEO plugin v21.2 - https:\/\/yoast.com\/wordpress\/plugins\/seo\/ -->\n<title>Okrugli stolovi - Institut dru&scaron;tvenih znanosti Ivo Pilar<\/title>\n<meta name=\"robots\" content=\"noindex, follow, max-snippet:-1, max-image-preview:large, max-video-preview:-1\" \/>\n<meta property=\"og:locale\" content=\"hr_HR\" \/>\n<meta property=\"og:type\" content=\"article\" \/>\n<meta property=\"og:title\" content=\"Okrugli stolovi - Institut dru&scaron;tvenih znanosti Ivo Pilar\" \/>\n<meta property=\"og:description\" content=\"2023. \u2022 2022. \u2022 2021. \u2022 2020. \u2022 2019. \u2022 2018. \u2022 2017. \u2022 2016. \u2022 2015. \u2022 2014. &nbsp; 2023. Okrugle stolove u 2023. vidjeti na stranici Novosti\/Skupovi &nbsp; 2022. Okrugli stolovi u (su)organizaciji Instituta Pilar VUKOVARSKA BITKA U KONTEKSTU OBRANE REPUBLIKE HRVATSKE, Vukovar, 11. 10. 2022.; Institut dru\u0161tvenih znanosti Ivo Pilar \u2013 Podru\u010dni&hellip; Pro\u010ditaj vi\u0161e o Okrugli stolovi\" \/>\n<meta property=\"og:url\" content=\"https:\/\/www.vegaintro-projekti.com\/pilar-stari\/2018\/01\/tribine-i-okrugli-stolovi\/\" \/>\n<meta property=\"og:site_name\" content=\"Institut dru&scaron;tvenih znanosti Ivo Pilar\" \/>\n<meta property=\"article:published_time\" content=\"2018-01-11T08:08:29+00:00\" \/>\n<meta property=\"article:modified_time\" content=\"2023-03-01T21:11:58+00:00\" \/>\n<meta name=\"author\" content=\"pilar-admin\" \/>\n<meta name=\"twitter:card\" content=\"summary_large_image\" \/>\n<meta name=\"twitter:label1\" content=\"Napisao\/la\" \/>\n\t<meta name=\"twitter:data1\" content=\"pilar-admin\" \/>\n\t<meta name=\"twitter:label2\" content=\"Procijenjeno vrijeme \u010ditanja\" \/>\n\t<meta name=\"twitter:data2\" content=\"17 minuta\" \/>\n<script type=\"application\/ld+json\" class=\"yoast-schema-graph\">{\"@context\":\"https:\/\/schema.org\",\"@graph\":[{\"@type\":\"WebPage\",\"@id\":\"https:\/\/www.vegaintro-projekti.com\/pilar-stari\/2018\/01\/tribine-i-okrugli-stolovi\/\",\"url\":\"https:\/\/www.vegaintro-projekti.com\/pilar-stari\/2018\/01\/tribine-i-okrugli-stolovi\/\",\"name\":\"Okrugli stolovi - Institut dru&scaron;tvenih znanosti Ivo Pilar\",\"isPartOf\":{\"@id\":\"https:\/\/www.vegaintro-projekti.com\/pilar-stari\/#website\"},\"datePublished\":\"2018-01-11T08:08:29+00:00\",\"dateModified\":\"2023-03-01T21:11:58+00:00\",\"author\":{\"@id\":\"https:\/\/www.vegaintro-projekti.com\/pilar-stari\/#\/schema\/person\/c0db50ebd77c4409e19b18044bbf10c1\"},\"breadcrumb\":{\"@id\":\"https:\/\/www.vegaintro-projekti.com\/pilar-stari\/2018\/01\/tribine-i-okrugli-stolovi\/#breadcrumb\"},\"inLanguage\":\"hr\",\"potentialAction\":[{\"@type\":\"ReadAction\",\"target\":[\"https:\/\/www.vegaintro-projekti.com\/pilar-stari\/2018\/01\/tribine-i-okrugli-stolovi\/\"]}]},{\"@type\":\"BreadcrumbList\",\"@id\":\"https:\/\/www.vegaintro-projekti.com\/pilar-stari\/2018\/01\/tribine-i-okrugli-stolovi\/#breadcrumb\",\"itemListElement\":[{\"@type\":\"ListItem\",\"position\":1,\"name\":\"Home\",\"item\":\"https:\/\/www.vegaintro-projekti.com\/pilar-stari\/\"},{\"@type\":\"ListItem\",\"position\":2,\"name\":\"Okrugli stolovi\"}]},{\"@type\":\"WebSite\",\"@id\":\"https:\/\/www.vegaintro-projekti.com\/pilar-stari\/#website\",\"url\":\"https:\/\/www.vegaintro-projekti.com\/pilar-stari\/\",\"name\":\"Institut dru&scaron;tvenih znanosti Ivo Pilar\",\"description\":\"Pilar\",\"potentialAction\":[{\"@type\":\"SearchAction\",\"target\":{\"@type\":\"EntryPoint\",\"urlTemplate\":\"https:\/\/www.vegaintro-projekti.com\/pilar-stari\/?s={search_term_string}\"},\"query-input\":\"required name=search_term_string\"}],\"inLanguage\":\"hr\"},{\"@type\":\"Person\",\"@id\":\"https:\/\/www.vegaintro-projekti.com\/pilar-stari\/#\/schema\/person\/c0db50ebd77c4409e19b18044bbf10c1\",\"name\":\"pilar-admin\",\"image\":{\"@type\":\"ImageObject\",\"inLanguage\":\"hr\",\"@id\":\"https:\/\/www.vegaintro-projekti.com\/pilar-stari\/#\/schema\/person\/image\/\",\"url\":\"https:\/\/secure.gravatar.com\/avatar\/fac9e03c4db0011b9c1ad8b5e9c74b8c?s=96&d=mm&r=g\",\"contentUrl\":\"https:\/\/secure.gravatar.com\/avatar\/fac9e03c4db0011b9c1ad8b5e9c74b8c?s=96&d=mm&r=g\",\"caption\":\"pilar-admin\"},\"url\":\"https:\/\/www.vegaintro-projekti.com\/pilar-stari\/author\/pilar-admin\/\"}]}<\/script>\n<!-- \/ Yoast SEO plugin. -->","yoast_head_json":{"title":"Okrugli stolovi - Institut dru&scaron;tvenih znanosti Ivo Pilar","robots":{"index":"noindex","follow":"follow","max-snippet":"max-snippet:-1","max-image-preview":"max-image-preview:large","max-video-preview":"max-video-preview:-1"},"og_locale":"hr_HR","og_type":"article","og_title":"Okrugli stolovi - Institut dru&scaron;tvenih znanosti Ivo Pilar","og_description":"2023. \u2022 2022. \u2022 2021. \u2022 2020. \u2022 2019. \u2022 2018. \u2022 2017. \u2022 2016. \u2022 2015. \u2022 2014. &nbsp; 2023. Okrugle stolove u 2023. vidjeti na stranici Novosti\/Skupovi &nbsp; 2022. Okrugli stolovi u (su)organizaciji Instituta Pilar VUKOVARSKA BITKA U KONTEKSTU OBRANE REPUBLIKE HRVATSKE, Vukovar, 11. 10. 2022.; Institut dru\u0161tvenih znanosti Ivo Pilar \u2013 Podru\u010dni&hellip; Pro\u010ditaj vi\u0161e o Okrugli stolovi","og_url":"https:\/\/www.vegaintro-projekti.com\/pilar-stari\/2018\/01\/tribine-i-okrugli-stolovi\/","og_site_name":"Institut dru&scaron;tvenih znanosti Ivo Pilar","article_published_time":"2018-01-11T08:08:29+00:00","article_modified_time":"2023-03-01T21:11:58+00:00","author":"pilar-admin","twitter_card":"summary_large_image","twitter_misc":{"Napisao\/la":"pilar-admin","Procijenjeno vrijeme \u010ditanja":"17 minuta"},"schema":{"@context":"https:\/\/schema.org","@graph":[{"@type":"WebPage","@id":"https:\/\/www.vegaintro-projekti.com\/pilar-stari\/2018\/01\/tribine-i-okrugli-stolovi\/","url":"https:\/\/www.vegaintro-projekti.com\/pilar-stari\/2018\/01\/tribine-i-okrugli-stolovi\/","name":"Okrugli stolovi - Institut dru&scaron;tvenih znanosti Ivo Pilar","isPartOf":{"@id":"https:\/\/www.vegaintro-projekti.com\/pilar-stari\/#website"},"datePublished":"2018-01-11T08:08:29+00:00","dateModified":"2023-03-01T21:11:58+00:00","author":{"@id":"https:\/\/www.vegaintro-projekti.com\/pilar-stari\/#\/schema\/person\/c0db50ebd77c4409e19b18044bbf10c1"},"breadcrumb":{"@id":"https:\/\/www.vegaintro-projekti.com\/pilar-stari\/2018\/01\/tribine-i-okrugli-stolovi\/#breadcrumb"},"inLanguage":"hr","potentialAction":[{"@type":"ReadAction","target":["https:\/\/www.vegaintro-projekti.com\/pilar-stari\/2018\/01\/tribine-i-okrugli-stolovi\/"]}]},{"@type":"BreadcrumbList","@id":"https:\/\/www.vegaintro-projekti.com\/pilar-stari\/2018\/01\/tribine-i-okrugli-stolovi\/#breadcrumb","itemListElement":[{"@type":"ListItem","position":1,"name":"Home","item":"https:\/\/www.vegaintro-projekti.com\/pilar-stari\/"},{"@type":"ListItem","position":2,"name":"Okrugli stolovi"}]},{"@type":"WebSite","@id":"https:\/\/www.vegaintro-projekti.com\/pilar-stari\/#website","url":"https:\/\/www.vegaintro-projekti.com\/pilar-stari\/","name":"Institut dru&scaron;tvenih znanosti Ivo Pilar","description":"Pilar","potentialAction":[{"@type":"SearchAction","target":{"@type":"EntryPoint","urlTemplate":"https:\/\/www.vegaintro-projekti.com\/pilar-stari\/?s={search_term_string}"},"query-input":"required name=search_term_string"}],"inLanguage":"hr"},{"@type":"Person","@id":"https:\/\/www.vegaintro-projekti.com\/pilar-stari\/#\/schema\/person\/c0db50ebd77c4409e19b18044bbf10c1","name":"pilar-admin","image":{"@type":"ImageObject","inLanguage":"hr","@id":"https:\/\/www.vegaintro-projekti.com\/pilar-stari\/#\/schema\/person\/image\/","url":"https:\/\/secure.gravatar.com\/avatar\/fac9e03c4db0011b9c1ad8b5e9c74b8c?s=96&d=mm&r=g","contentUrl":"https:\/\/secure.gravatar.com\/avatar\/fac9e03c4db0011b9c1ad8b5e9c74b8c?s=96&d=mm&r=g","caption":"pilar-admin"},"url":"https:\/\/www.vegaintro-projekti.com\/pilar-stari\/author\/pilar-admin\/"}]}},"_links":{"self":[{"href":"https:\/\/www.vegaintro-projekti.com\/pilar-stari\/wp-json\/wp\/v2\/posts\/344"}],"collection":[{"href":"https:\/\/www.vegaintro-projekti.com\/pilar-stari\/wp-json\/wp\/v2\/posts"}],"about":[{"href":"https:\/\/www.vegaintro-projekti.com\/pilar-stari\/wp-json\/wp\/v2\/types\/post"}],"author":[{"embeddable":true,"href":"https:\/\/www.vegaintro-projekti.com\/pilar-stari\/wp-json\/wp\/v2\/users\/1"}],"replies":[{"embeddable":true,"href":"https:\/\/www.vegaintro-projekti.com\/pilar-stari\/wp-json\/wp\/v2\/comments?post=344"}],"version-history":[{"count":84,"href":"https:\/\/www.vegaintro-projekti.com\/pilar-stari\/wp-json\/wp\/v2\/posts\/344\/revisions"}],"predecessor-version":[{"id":25277,"href":"https:\/\/www.vegaintro-projekti.com\/pilar-stari\/wp-json\/wp\/v2\/posts\/344\/revisions\/25277"}],"wp:attachment":[{"href":"https:\/\/www.vegaintro-projekti.com\/pilar-stari\/wp-json\/wp\/v2\/media?parent=344"}],"wp:term":[{"taxonomy":"category","embeddable":true,"href":"https:\/\/www.vegaintro-projekti.com\/pilar-stari\/wp-json\/wp\/v2\/categories?post=344"},{"taxonomy":"post_tag","embeddable":true,"href":"https:\/\/www.vegaintro-projekti.com\/pilar-stari\/wp-json\/wp\/v2\/tags?post=344"}],"curies":[{"name":"wp","href":"https:\/\/api.w.org\/{rel}","templated":true}]}}