{"id":34572,"date":"2025-06-13T23:15:11","date_gmt":"2025-06-13T23:15:11","guid":{"rendered":"https:\/\/www.vegaintro-projekti.com\/pilar-stari\/?p=34572"},"modified":"2025-06-19T16:10:14","modified_gmt":"2025-06-19T16:10:14","slug":"predavanje-od-soce-preko-piave-do-asiaga-110-godina-kasnije-zagreb-12-6-2025","status":"publish","type":"post","link":"https:\/\/www.vegaintro-projekti.com\/pilar-stari\/2025\/06\/predavanje-od-soce-preko-piave-do-asiaga-110-godina-kasnije-zagreb-12-6-2025\/","title":{"rendered":"Predavanje i prezentacija: OD SO\u010cE PREKO PIAVE DO ASIAGA &#8211; 110 GODINA KASNIJE; Zagreb, 12. 6. 2025."},"content":{"rendered":"<p><strong>Institut dru\u0161tvenih znanosti Ivo Pilar i Udruga 1914. &#8211; 1918. organizirali su predavanje i prezentaciju fotografija OD SO\u010cE PREKO PIAVE DO ASIAGA &#8211; 110 GODINA KASNIJE koji su se odr\u017eali 12. lipnja 2025. u Multimedijalnoj dvorani Instituta Pilar, Zagreb, Maruli\u0107ev trg 19\/I. Predava\u010di su bili Nikola Tominac i Vijoleta Herman Kauri\u0107<\/strong><\/p>\n<p><a href=\"https:\/\/www.vegaintro-projekti.com\/pilar-stari\/wp-content\/uploads\/2025\/06\/IMG_0-2.jpg\"><img decoding=\"async\" loading=\"lazy\" class=\"alignnone wp-image-34769 size-full\" src=\"https:\/\/www.vegaintro-projekti.com\/pilar-stari\/wp-content\/uploads\/2025\/06\/IMG_0s-1.jpg\" alt=\"i0\" width=\"620\" height=\"368\" srcset=\"https:\/\/www.vegaintro-projekti.com\/pilar-stari\/wp-content\/uploads\/2025\/06\/IMG_0s-1.jpg 620w, https:\/\/www.vegaintro-projekti.com\/pilar-stari\/wp-content\/uploads\/2025\/06\/IMG_0s-1-300x178.jpg 300w\" sizes=\"(max-width: 620px) 100vw, 620px\" \/><\/a><\/p>\n<p><span style=\"font-size: 14pt;\">Vijoleta Herman Kauri\u0107: Prezentacija slika sa stru\u010dnog putovanja Udruge 1914. &#8211; 1918.<\/span><\/p>\n<p>Dana 12. lipnja 2025. odr\u017eana je u Multimedijalnoj dvorani Instituta Pilar prezentacija slika sa stru\u010dnog putovanja Udruge 1914. &#8211; 1918. tragovima hrvatskih vojnika na Jugozapadnom (talijanskom) boji\u0161tu tijekom posljednje dvije godine Prvoga svjetskog rata. Tada se zbio prijeloman doga\u0111aj na toj boji\u0161nici, XII. so\u010danska bitka, koja je zapo\u010dela 24. listopada 1917. probojem zdru\u017eenih austrougarskih i njema\u010dkih snaga kod Boveca i Kobarida, a nastavila se preko Banj\u0161kog platoa, Svete gore i Loga. U idu\u0107a \u010detiri dana crta boji\u0161ta pomaknuta je prema rijeci Piavi, zahvaljuju\u0107i \u010demu je oslobo\u0111eno cijelo Poso\u010dje. Manje ofenzive odvijale su se sve do 19. studenoga 1917. kada se odustalo od daljnjega napredovanja zbog nagomilanih talijanskih snaga s druge strane rijeke potpomognutih britanskim topni\u0161tvom, pa se boji\u0161nica ustalila na Piavi sve do zavr\u0161nih ratnih operacija. Nakon \u0161to su izgubile Kobarid glavna obrambena to\u010dka talijanskih snaga postala je Monte Grappa (1775 m n\/m), oko koje se u tri navrata vode \u017eestoke borbe, sve do 24. listopada 1918., odnosno umalo do samoga kraja rata. Godine 1918. borbe se vode du\u017e linije od u\u0161\u0107a Piave do visoravni Sette Communi, sa sredi\u0161njom to\u010dkom u mjestu Asiagu.<\/p>\n<p>Sve to pla\u0107eno je desecima tisu\u0107a poginulih na obje strane, a vojni\u010dka groblja bila su razasuta du\u017e svih crta boji\u0161ta. Usponom fa\u0161izma u Italiji dolazi do promjene odnosa prema vojnicima poginulima u Prvom svjetskom ratu i iskori\u0161tavanja njihove \u017ertve u nacionalisti\u010dke svrhe, pa su izme\u0111u 1935. i 1938. obavljane ekshumacije i premje\u0161tanje posmrtnih ostataka s manjih grobalja u nekoliko velikih spomen-kosturnica poput onih u Kobaridu i Redipugliji, gdje su smje\u0161teni samo Talijani, za razliku od Asiaga, gdje ima 18.505 pripadnika austrougarske vojske (od toga 12.355 nepoznatih), ili Monte Grappe, gdje ih je 19.295 (od toga 295 poznatih). Najve\u0107a kosturnica u Italiji je jedna od najve\u0107ih u svijetu; nalazi se pored mjesta Redipuglia, gdje su polo\u017eene kosti 100.187 talijanskih vojnika poginulih tijekom 1915. &#8211; 1917. u bitkama na So\u010di i na Krasu, a od toga je 39.857 identificirano. Koliko je za sada poznato, najve\u0107e austrougarsko vojno groblje u tom dijelu Italije je ono u mjestu Fogliano pored Redipuglije, kamo su na postoje\u0107e groblje tijekom 1930-ih dopremani ostaci 14.550 vojnika (od toga je 2550 poznatih) s raznih vojnih grobalja.<\/p>\n<p>Udruga 1914. &#8211; 1918. okuplja istra\u017eiva\u010de i entuzijaste kojima je Prvi svjetski rat sredi\u0161te interesa i svojim radom doprinose \u0161irenju spoznaja o tom va\u017enom povijesnom razdoblju u hrvatskom javnom i znanstvenom prostoru. Suradnja s pojedincima, institucijama i udrugama iz zemlje i inozemstva urodila je nizom projekata (HRZZ &#8211; Prvi svjetski rat u kulturi sje\u0107anja. Zaboravljena ba\u0161tina, 2020. &#8211; 2023.), od kojih su svakako najbrojnija javna izlaganja, no najponosniji su na svoja putovanja u Sloveniju (2015.), Ukrajinu (2019.) i sada ponovno u Sloveniju i Italiju (2025.).<\/p>\n<div class=\"wp-block-image\"><a href=\"https:\/\/www.vegaintro-projekti.com\/pilar-stari\/wp-content\/uploads\/2025\/06\/IMG_1-9.jpg\"><img decoding=\"async\" loading=\"lazy\" class=\"alignnone wp-image-34751 size-full\" src=\"https:\/\/www.vegaintro-projekti.com\/pilar-stari\/wp-content\/uploads\/2025\/06\/IMG_1-9.jpg\" alt=\"i1\" width=\"620\" height=\"413\" srcset=\"https:\/\/www.vegaintro-projekti.com\/pilar-stari\/wp-content\/uploads\/2025\/06\/IMG_1-9.jpg 620w, https:\/\/www.vegaintro-projekti.com\/pilar-stari\/wp-content\/uploads\/2025\/06\/IMG_1-9-300x200.jpg 300w\" sizes=\"(max-width: 620px) 100vw, 620px\" \/><\/a><\/div>\n<div>&nbsp;<\/div>\n<div><strong>Slika 1. Spomenik Svetozaru Boroevi\u0107u iznad Nove Gorice (foto: S. Kauri\u0107)<\/strong><\/div>\n<div>&nbsp;<\/div>\n<div>\n<div class=\"wp-block-image\"><a href=\"https:\/\/www.vegaintro-projekti.com\/pilar-stari\/wp-content\/uploads\/2025\/06\/IMG_2-8.jpg\"><img decoding=\"async\" loading=\"lazy\" class=\"alignnone wp-image-34752 size-full\" src=\"https:\/\/www.vegaintro-projekti.com\/pilar-stari\/wp-content\/uploads\/2025\/06\/IMG_2-8.jpg\" alt=\"i2\" width=\"620\" height=\"466\" srcset=\"https:\/\/www.vegaintro-projekti.com\/pilar-stari\/wp-content\/uploads\/2025\/06\/IMG_2-8.jpg 620w, https:\/\/www.vegaintro-projekti.com\/pilar-stari\/wp-content\/uploads\/2025\/06\/IMG_2-8-300x225.jpg 300w\" sizes=\"(max-width: 620px) 100vw, 620px\" \/><\/a><\/div>\n<\/div>\n<div>&nbsp;<\/div>\n<div><strong>Slika 2. Solkanski most (foto: J. Kauri\u0107)<\/strong><\/div>\n<div>&nbsp;<\/div>\n<div>\n<div class=\"wp-block-image\"><a href=\"https:\/\/www.vegaintro-projekti.com\/pilar-stari\/wp-content\/uploads\/2025\/06\/IMG_3-9.jpg\"><img decoding=\"async\" loading=\"lazy\" class=\"alignnone wp-image-34753 size-full\" src=\"https:\/\/www.vegaintro-projekti.com\/pilar-stari\/wp-content\/uploads\/2025\/06\/IMG_3-9.jpg\" alt=\"i3\" width=\"620\" height=\"413\" srcset=\"https:\/\/www.vegaintro-projekti.com\/pilar-stari\/wp-content\/uploads\/2025\/06\/IMG_3-9.jpg 620w, https:\/\/www.vegaintro-projekti.com\/pilar-stari\/wp-content\/uploads\/2025\/06\/IMG_3-9-300x200.jpg 300w\" sizes=\"(max-width: 620px) 100vw, 620px\" \/><\/a><\/div>\n<\/div>\n<div>&nbsp;<\/div>\n<div><strong>Slika 3. Groblje austrougarskih vojnika u selu Modrejce (foto: B. Bla\u017eina)<\/strong><\/div>\n<div>&nbsp;<\/div>\n<div>\n<div class=\"wp-block-image\"><a href=\"https:\/\/www.vegaintro-projekti.com\/pilar-stari\/wp-content\/uploads\/2025\/06\/IMG_4-5.jpg\"><img decoding=\"async\" loading=\"lazy\" class=\"alignnone wp-image-34754 size-full\" src=\"https:\/\/www.vegaintro-projekti.com\/pilar-stari\/wp-content\/uploads\/2025\/06\/IMG_4-5.jpg\" alt=\"i4\" width=\"620\" height=\"930\" srcset=\"https:\/\/www.vegaintro-projekti.com\/pilar-stari\/wp-content\/uploads\/2025\/06\/IMG_4-5.jpg 620w, https:\/\/www.vegaintro-projekti.com\/pilar-stari\/wp-content\/uploads\/2025\/06\/IMG_4-5-200x300.jpg 200w\" sizes=\"(max-width: 620px) 100vw, 620px\" \/><\/a><\/div>\n<\/div>\n<div>&nbsp;<\/div>\n<div><strong>Slika 4. Spomen-kosturnica u Kobaridu (foto: S. Kauri\u0107)<\/strong><\/div>\n<div>&nbsp;<\/div>\n<div>\n<div class=\"wp-block-image\"><a href=\"https:\/\/www.vegaintro-projekti.com\/pilar-stari\/wp-content\/uploads\/2025\/06\/IMG_5-3.jpg\"><img decoding=\"async\" loading=\"lazy\" class=\"alignnone wp-image-34755 size-full\" src=\"https:\/\/www.vegaintro-projekti.com\/pilar-stari\/wp-content\/uploads\/2025\/06\/IMG_5-3.jpg\" alt=\"i5\" width=\"620\" height=\"465\" srcset=\"https:\/\/www.vegaintro-projekti.com\/pilar-stari\/wp-content\/uploads\/2025\/06\/IMG_5-3.jpg 620w, https:\/\/www.vegaintro-projekti.com\/pilar-stari\/wp-content\/uploads\/2025\/06\/IMG_5-3-300x225.jpg 300w\" sizes=\"(max-width: 620px) 100vw, 620px\" \/><\/a><\/div>\n<\/div>\n<div>&nbsp;<\/div>\n<div><strong>Slika 5. Austrougarski dio spomen-kosturnice na Monte Grappi (foto: D. Penzar)<\/strong><\/div>\n<div>&nbsp;<\/div>\n<div>\n<div class=\"wp-block-image\"><a href=\"https:\/\/www.vegaintro-projekti.com\/pilar-stari\/wp-content\/uploads\/2025\/06\/IMG_6.jpg\"><img decoding=\"async\" loading=\"lazy\" class=\"alignnone wp-image-34756 size-full\" src=\"https:\/\/www.vegaintro-projekti.com\/pilar-stari\/wp-content\/uploads\/2025\/06\/IMG_6.jpg\" alt=\"i6\" width=\"620\" height=\"827\" srcset=\"https:\/\/www.vegaintro-projekti.com\/pilar-stari\/wp-content\/uploads\/2025\/06\/IMG_6.jpg 620w, https:\/\/www.vegaintro-projekti.com\/pilar-stari\/wp-content\/uploads\/2025\/06\/IMG_6-225x300.jpg 225w\" sizes=\"(max-width: 620px) 100vw, 620px\" \/><\/a><\/div>\n<\/div>\n<div>&nbsp;<\/div>\n<div><strong>Slika 6. Talijanski dio spomen-kosturnice na Monte Grappi (foto: Z. Luki\u0107)<\/strong><\/div>\n<div>&nbsp;<\/div>\n<div>\n<div class=\"wp-block-image\"><a href=\"https:\/\/www.vegaintro-projekti.com\/pilar-stari\/wp-content\/uploads\/2025\/06\/IMG_7.jpg\"><img decoding=\"async\" loading=\"lazy\" class=\"alignnone wp-image-34757 size-full\" src=\"https:\/\/www.vegaintro-projekti.com\/pilar-stari\/wp-content\/uploads\/2025\/06\/IMG_7.jpg\" alt=\"i6\" width=\"620\" height=\"465\" srcset=\"https:\/\/www.vegaintro-projekti.com\/pilar-stari\/wp-content\/uploads\/2025\/06\/IMG_7.jpg 620w, https:\/\/www.vegaintro-projekti.com\/pilar-stari\/wp-content\/uploads\/2025\/06\/IMG_7-300x225.jpg 300w\" sizes=\"(max-width: 620px) 100vw, 620px\" \/><\/a><\/div>\n<\/div>\n<div>&nbsp;<\/div>\n<div><strong>Slika 7. Spomenik talijanskim i britanskim snagama na rijeci Piava (foto: S. Kauri\u0107)<\/strong><\/div>\n<div>&nbsp;<\/div>\n<div>\n<div class=\"wp-block-image\"><a href=\"https:\/\/www.vegaintro-projekti.com\/pilar-stari\/wp-content\/uploads\/2025\/06\/IMG_8.jpg\"><img decoding=\"async\" loading=\"lazy\" class=\"alignnone wp-image-34758 size-full\" src=\"https:\/\/www.vegaintro-projekti.com\/pilar-stari\/wp-content\/uploads\/2025\/06\/IMG_8.jpg\" alt=\"i8\" width=\"620\" height=\"827\" srcset=\"https:\/\/www.vegaintro-projekti.com\/pilar-stari\/wp-content\/uploads\/2025\/06\/IMG_8.jpg 620w, https:\/\/www.vegaintro-projekti.com\/pilar-stari\/wp-content\/uploads\/2025\/06\/IMG_8-225x300.jpg 225w\" sizes=\"(max-width: 620px) 100vw, 620px\" \/><\/a><\/div>\n<\/div>\n<div>&nbsp;<\/div>\n<div><strong>Slika 8. Spomen-kosturnica u Asiagu (foto: J. Kauri\u0107)<\/strong><\/div>\n<div>&nbsp;<\/div>\n<div>\n<div class=\"wp-block-image\"><a href=\"https:\/\/www.vegaintro-projekti.com\/pilar-stari\/wp-content\/uploads\/2025\/06\/IMG_9.jpg\"><img decoding=\"async\" loading=\"lazy\" class=\"alignnone wp-image-34759 size-full\" src=\"https:\/\/www.vegaintro-projekti.com\/pilar-stari\/wp-content\/uploads\/2025\/06\/IMG_9.jpg\" alt=\"19\" width=\"620\" height=\"827\" srcset=\"https:\/\/www.vegaintro-projekti.com\/pilar-stari\/wp-content\/uploads\/2025\/06\/IMG_9.jpg 620w, https:\/\/www.vegaintro-projekti.com\/pilar-stari\/wp-content\/uploads\/2025\/06\/IMG_9-225x300.jpg 225w\" sizes=\"(max-width: 620px) 100vw, 620px\" \/><\/a><\/div>\n<\/div>\n<div>&nbsp;<\/div>\n<div><strong>Slika 9. Spomen-kosturnica u Redipuglii (foto: S. Kauri\u0107)<\/strong><\/div>\n<div>&nbsp;<\/div>\n<div>\n<div class=\"wp-block-image\"><a href=\"https:\/\/www.vegaintro-projekti.com\/pilar-stari\/wp-content\/uploads\/2025\/06\/IMG_10.jpg\"><img decoding=\"async\" loading=\"lazy\" class=\"alignnone wp-image-34760 size-full\" src=\"https:\/\/www.vegaintro-projekti.com\/pilar-stari\/wp-content\/uploads\/2025\/06\/IMG_10.jpg\" alt=\"i10\" width=\"620\" height=\"413\" srcset=\"https:\/\/www.vegaintro-projekti.com\/pilar-stari\/wp-content\/uploads\/2025\/06\/IMG_10.jpg 620w, https:\/\/www.vegaintro-projekti.com\/pilar-stari\/wp-content\/uploads\/2025\/06\/IMG_10-300x200.jpg 300w\" sizes=\"(max-width: 620px) 100vw, 620px\" \/><\/a><\/div>\n<\/div>\n<div>&nbsp;<\/div>\n<div><strong>Slika 10. Spomen-kosturnica u Redipuglii \u2013 detalj terase (foto: Z. Ferber)<\/strong><\/div>\n<div>&nbsp;<\/div>\n<div>\n<div class=\"wp-block-image\"><a href=\"https:\/\/www.vegaintro-projekti.com\/pilar-stari\/wp-content\/uploads\/2025\/06\/IMG_11.jpg\"><img decoding=\"async\" loading=\"lazy\" class=\"alignnone wp-image-34761 size-full\" src=\"https:\/\/www.vegaintro-projekti.com\/pilar-stari\/wp-content\/uploads\/2025\/06\/IMG_11.jpg\" alt=\"i11\" width=\"620\" height=\"827\" srcset=\"https:\/\/www.vegaintro-projekti.com\/pilar-stari\/wp-content\/uploads\/2025\/06\/IMG_11.jpg 620w, https:\/\/www.vegaintro-projekti.com\/pilar-stari\/wp-content\/uploads\/2025\/06\/IMG_11-225x300.jpg 225w\" sizes=\"(max-width: 620px) 100vw, 620px\" \/><\/a><\/div>\n<\/div>\n<div>&nbsp;<\/div>\n<div><strong>Slika 11. Austrougarsko vojno groblje u Foglianu (foto: Z. Jelaska Marijan)<\/strong><\/div>\n<div>&nbsp;<\/div>\n<div>&#8211; <a href=\"https:\/\/www.vegaintro-projekti.com\/pilar-stari\/wp-content\/uploads\/2025\/06\/pozivnica.pdf\">Pozivnica za predavanje OD SO\u010cE PREKO PIAVE DO ASIAGA &#8211; 110 GODINA KASNIJE; Zagreb, 12. 6. 2025.<\/a><\/div>\n<div>&nbsp;<\/div>\n<div><a href=\"https:\/\/www.vegaintro-projekti.com\/pilar-stari\/wp-content\/uploads\/2025\/06\/pozivnica.pdf\"><img decoding=\"async\" loading=\"lazy\" class=\"alignnone wp-image-34570 size-full\" src=\"https:\/\/www.vegaintro-projekti.com\/pilar-stari\/wp-content\/uploads\/2025\/06\/IMG-1.jpg\" alt=\"i1\" width=\"620\" height=\"438\" srcset=\"https:\/\/www.vegaintro-projekti.com\/pilar-stari\/wp-content\/uploads\/2025\/06\/IMG-1.jpg 620w, https:\/\/www.vegaintro-projekti.com\/pilar-stari\/wp-content\/uploads\/2025\/06\/IMG-1-300x212.jpg 300w\" sizes=\"(max-width: 620px) 100vw, 620px\" \/><\/a><\/div>\n<div>&nbsp;<\/div>\n<blockquote><p><a href=\"https:\/\/www.vegaintro-projekti.com\/pilar-stari\/2020\/01\/prvi-svjetski-rat-u-kulturi-sjecanja-zaboravljena-bastina\/\">Projekt Prvi svjetski rat u kulturi sje\u0107anja<\/a><\/p><\/blockquote>\n","protected":false},"excerpt":{"rendered":"<p>Institut dru\u0161tvenih znanosti Ivo Pilar i Udruga 1914. &#8211; 1918. organizirali su predavanje i prezentaciju fotografija OD SO\u010cE PREKO PIAVE DO ASIAGA &#8211; 110 GODINA KASNIJE koji su se odr\u017eali 12. lipnja 2025. u Multimedijalnoj dvorani Instituta Pilar, Zagreb, Maruli\u0107ev trg 19\/I. Predava\u010di su bili Nikola Tominac i Vijoleta Herman Kauri\u0107 Vijoleta Herman Kauri\u0107: Prezentacija&hellip; <a class=\"continue\" href=\"https:\/\/www.vegaintro-projekti.com\/pilar-stari\/2025\/06\/predavanje-od-soce-preko-piave-do-asiaga-110-godina-kasnije-zagreb-12-6-2025\/\">Pro\u010ditaj vi\u0161e o<span> Predavanje i prezentacija: OD SO\u010cE PREKO PIAVE DO ASIAGA &#8211; 110 GODINA KASNIJE; Zagreb, 12. 6. 2025.<\/span><\/a><\/p>\n","protected":false},"author":7,"featured_media":34571,"comment_status":"closed","ping_status":"closed","sticky":false,"template":"","format":"standard","meta":{"inline_featured_image":false,"ngg_post_thumbnail":0,"footnotes":""},"categories":[48,11],"tags":[],"yoast_head":"<!-- This site is optimized with the Yoast SEO plugin v21.2 - https:\/\/yoast.com\/wordpress\/plugins\/seo\/ -->\n<title>Predavanje i prezentacija: OD SO\u010cE PREKO PIAVE DO ASIAGA - 110 GODINA KASNIJE; Zagreb, 12. 6. 2025. - Institut dru&scaron;tvenih znanosti Ivo Pilar<\/title>\n<meta name=\"robots\" content=\"noindex, follow, max-snippet:-1, max-image-preview:large, max-video-preview:-1\" \/>\n<meta property=\"og:locale\" content=\"hr_HR\" \/>\n<meta property=\"og:type\" content=\"article\" \/>\n<meta property=\"og:title\" content=\"Predavanje i prezentacija: OD SO\u010cE PREKO PIAVE DO ASIAGA - 110 GODINA KASNIJE; Zagreb, 12. 6. 2025. - Institut dru&scaron;tvenih znanosti Ivo Pilar\" \/>\n<meta property=\"og:description\" content=\"Institut dru\u0161tvenih znanosti Ivo Pilar i Udruga 1914. &#8211; 1918. organizirali su predavanje i prezentaciju fotografija OD SO\u010cE PREKO PIAVE DO ASIAGA &#8211; 110 GODINA KASNIJE koji su se odr\u017eali 12. lipnja 2025. u Multimedijalnoj dvorani Instituta Pilar, Zagreb, Maruli\u0107ev trg 19\/I. Predava\u010di su bili Nikola Tominac i Vijoleta Herman Kauri\u0107 Vijoleta Herman Kauri\u0107: Prezentacija&hellip; Pro\u010ditaj vi\u0161e o Predavanje i prezentacija: OD SO\u010cE PREKO PIAVE DO ASIAGA &#8211; 110 GODINA KASNIJE; Zagreb, 12. 6. 2025.\" \/>\n<meta property=\"og:url\" content=\"https:\/\/www.vegaintro-projekti.com\/pilar-stari\/2025\/06\/predavanje-od-soce-preko-piave-do-asiaga-110-godina-kasnije-zagreb-12-6-2025\/\" \/>\n<meta property=\"og:site_name\" content=\"Institut dru&scaron;tvenih znanosti Ivo Pilar\" \/>\n<meta property=\"article:published_time\" content=\"2025-06-13T23:15:11+00:00\" \/>\n<meta property=\"article:modified_time\" content=\"2025-06-19T16:10:14+00:00\" \/>\n<meta property=\"og:image\" content=\"https:\/\/www.vegaintro-projekti.com\/pilar-stari\/wp-content\/uploads\/2025\/06\/IMGfi-1.jpg\" \/>\n\t<meta property=\"og:image:width\" content=\"500\" \/>\n\t<meta property=\"og:image:height\" content=\"232\" \/>\n\t<meta property=\"og:image:type\" content=\"image\/jpeg\" \/>\n<meta name=\"author\" content=\"Boris\" \/>\n<meta name=\"twitter:card\" content=\"summary_large_image\" \/>\n<meta name=\"twitter:label1\" content=\"Napisao\/la\" \/>\n\t<meta name=\"twitter:data1\" content=\"Boris\" \/>\n\t<meta name=\"twitter:label2\" content=\"Procijenjeno vrijeme \u010ditanja\" \/>\n\t<meta name=\"twitter:data2\" content=\"7 minuta\" \/>\n<script type=\"application\/ld+json\" class=\"yoast-schema-graph\">{\"@context\":\"https:\/\/schema.org\",\"@graph\":[{\"@type\":\"WebPage\",\"@id\":\"https:\/\/www.vegaintro-projekti.com\/pilar-stari\/2025\/06\/predavanje-od-soce-preko-piave-do-asiaga-110-godina-kasnije-zagreb-12-6-2025\/\",\"url\":\"https:\/\/www.vegaintro-projekti.com\/pilar-stari\/2025\/06\/predavanje-od-soce-preko-piave-do-asiaga-110-godina-kasnije-zagreb-12-6-2025\/\",\"name\":\"Predavanje i prezentacija: OD SO\u010cE PREKO PIAVE DO ASIAGA - 110 GODINA KASNIJE; Zagreb, 12. 6. 2025. - Institut dru&scaron;tvenih znanosti Ivo Pilar\",\"isPartOf\":{\"@id\":\"https:\/\/www.vegaintro-projekti.com\/pilar-stari\/#website\"},\"datePublished\":\"2025-06-13T23:15:11+00:00\",\"dateModified\":\"2025-06-19T16:10:14+00:00\",\"author\":{\"@id\":\"https:\/\/www.vegaintro-projekti.com\/pilar-stari\/#\/schema\/person\/ddd404c9f1e15e4ffef5986ac6a5d28b\"},\"breadcrumb\":{\"@id\":\"https:\/\/www.vegaintro-projekti.com\/pilar-stari\/2025\/06\/predavanje-od-soce-preko-piave-do-asiaga-110-godina-kasnije-zagreb-12-6-2025\/#breadcrumb\"},\"inLanguage\":\"hr\",\"potentialAction\":[{\"@type\":\"ReadAction\",\"target\":[\"https:\/\/www.vegaintro-projekti.com\/pilar-stari\/2025\/06\/predavanje-od-soce-preko-piave-do-asiaga-110-godina-kasnije-zagreb-12-6-2025\/\"]}]},{\"@type\":\"BreadcrumbList\",\"@id\":\"https:\/\/www.vegaintro-projekti.com\/pilar-stari\/2025\/06\/predavanje-od-soce-preko-piave-do-asiaga-110-godina-kasnije-zagreb-12-6-2025\/#breadcrumb\",\"itemListElement\":[{\"@type\":\"ListItem\",\"position\":1,\"name\":\"Home\",\"item\":\"https:\/\/www.vegaintro-projekti.com\/pilar-stari\/\"},{\"@type\":\"ListItem\",\"position\":2,\"name\":\"Predavanje i prezentacija: OD SO\u010cE PREKO PIAVE DO ASIAGA &#8211; 110 GODINA KASNIJE; Zagreb, 12. 6. 2025.\"}]},{\"@type\":\"WebSite\",\"@id\":\"https:\/\/www.vegaintro-projekti.com\/pilar-stari\/#website\",\"url\":\"https:\/\/www.vegaintro-projekti.com\/pilar-stari\/\",\"name\":\"Institut dru&scaron;tvenih znanosti Ivo Pilar\",\"description\":\"Pilar\",\"potentialAction\":[{\"@type\":\"SearchAction\",\"target\":{\"@type\":\"EntryPoint\",\"urlTemplate\":\"https:\/\/www.vegaintro-projekti.com\/pilar-stari\/?s={search_term_string}\"},\"query-input\":\"required name=search_term_string\"}],\"inLanguage\":\"hr\"},{\"@type\":\"Person\",\"@id\":\"https:\/\/www.vegaintro-projekti.com\/pilar-stari\/#\/schema\/person\/ddd404c9f1e15e4ffef5986ac6a5d28b\",\"name\":\"Boris\",\"image\":{\"@type\":\"ImageObject\",\"inLanguage\":\"hr\",\"@id\":\"https:\/\/www.vegaintro-projekti.com\/pilar-stari\/#\/schema\/person\/image\/\",\"url\":\"https:\/\/secure.gravatar.com\/avatar\/29557b161a6ce6ab86ac1503164f1e90?s=96&d=mm&r=g\",\"contentUrl\":\"https:\/\/secure.gravatar.com\/avatar\/29557b161a6ce6ab86ac1503164f1e90?s=96&d=mm&r=g\",\"caption\":\"Boris\"},\"url\":\"https:\/\/www.vegaintro-projekti.com\/pilar-stari\/author\/boris\/\"}]}<\/script>\n<!-- \/ Yoast SEO plugin. -->","yoast_head_json":{"title":"Predavanje i prezentacija: OD SO\u010cE PREKO PIAVE DO ASIAGA - 110 GODINA KASNIJE; Zagreb, 12. 6. 2025. - Institut dru&scaron;tvenih znanosti Ivo Pilar","robots":{"index":"noindex","follow":"follow","max-snippet":"max-snippet:-1","max-image-preview":"max-image-preview:large","max-video-preview":"max-video-preview:-1"},"og_locale":"hr_HR","og_type":"article","og_title":"Predavanje i prezentacija: OD SO\u010cE PREKO PIAVE DO ASIAGA - 110 GODINA KASNIJE; Zagreb, 12. 6. 2025. - Institut dru&scaron;tvenih znanosti Ivo Pilar","og_description":"Institut dru\u0161tvenih znanosti Ivo Pilar i Udruga 1914. &#8211; 1918. organizirali su predavanje i prezentaciju fotografija OD SO\u010cE PREKO PIAVE DO ASIAGA &#8211; 110 GODINA KASNIJE koji su se odr\u017eali 12. lipnja 2025. u Multimedijalnoj dvorani Instituta Pilar, Zagreb, Maruli\u0107ev trg 19\/I. Predava\u010di su bili Nikola Tominac i Vijoleta Herman Kauri\u0107 Vijoleta Herman Kauri\u0107: Prezentacija&hellip; Pro\u010ditaj vi\u0161e o Predavanje i prezentacija: OD SO\u010cE PREKO PIAVE DO ASIAGA &#8211; 110 GODINA KASNIJE; Zagreb, 12. 6. 2025.","og_url":"https:\/\/www.vegaintro-projekti.com\/pilar-stari\/2025\/06\/predavanje-od-soce-preko-piave-do-asiaga-110-godina-kasnije-zagreb-12-6-2025\/","og_site_name":"Institut dru&scaron;tvenih znanosti Ivo Pilar","article_published_time":"2025-06-13T23:15:11+00:00","article_modified_time":"2025-06-19T16:10:14+00:00","og_image":[{"width":500,"height":232,"url":"https:\/\/www.vegaintro-projekti.com\/pilar-stari\/wp-content\/uploads\/2025\/06\/IMGfi-1.jpg","type":"image\/jpeg"}],"author":"Boris","twitter_card":"summary_large_image","twitter_misc":{"Napisao\/la":"Boris","Procijenjeno vrijeme \u010ditanja":"7 minuta"},"schema":{"@context":"https:\/\/schema.org","@graph":[{"@type":"WebPage","@id":"https:\/\/www.vegaintro-projekti.com\/pilar-stari\/2025\/06\/predavanje-od-soce-preko-piave-do-asiaga-110-godina-kasnije-zagreb-12-6-2025\/","url":"https:\/\/www.vegaintro-projekti.com\/pilar-stari\/2025\/06\/predavanje-od-soce-preko-piave-do-asiaga-110-godina-kasnije-zagreb-12-6-2025\/","name":"Predavanje i prezentacija: OD SO\u010cE PREKO PIAVE DO ASIAGA - 110 GODINA KASNIJE; Zagreb, 12. 6. 2025. - Institut dru&scaron;tvenih znanosti Ivo Pilar","isPartOf":{"@id":"https:\/\/www.vegaintro-projekti.com\/pilar-stari\/#website"},"datePublished":"2025-06-13T23:15:11+00:00","dateModified":"2025-06-19T16:10:14+00:00","author":{"@id":"https:\/\/www.vegaintro-projekti.com\/pilar-stari\/#\/schema\/person\/ddd404c9f1e15e4ffef5986ac6a5d28b"},"breadcrumb":{"@id":"https:\/\/www.vegaintro-projekti.com\/pilar-stari\/2025\/06\/predavanje-od-soce-preko-piave-do-asiaga-110-godina-kasnije-zagreb-12-6-2025\/#breadcrumb"},"inLanguage":"hr","potentialAction":[{"@type":"ReadAction","target":["https:\/\/www.vegaintro-projekti.com\/pilar-stari\/2025\/06\/predavanje-od-soce-preko-piave-do-asiaga-110-godina-kasnije-zagreb-12-6-2025\/"]}]},{"@type":"BreadcrumbList","@id":"https:\/\/www.vegaintro-projekti.com\/pilar-stari\/2025\/06\/predavanje-od-soce-preko-piave-do-asiaga-110-godina-kasnije-zagreb-12-6-2025\/#breadcrumb","itemListElement":[{"@type":"ListItem","position":1,"name":"Home","item":"https:\/\/www.vegaintro-projekti.com\/pilar-stari\/"},{"@type":"ListItem","position":2,"name":"Predavanje i prezentacija: OD SO\u010cE PREKO PIAVE DO ASIAGA &#8211; 110 GODINA KASNIJE; Zagreb, 12. 6. 2025."}]},{"@type":"WebSite","@id":"https:\/\/www.vegaintro-projekti.com\/pilar-stari\/#website","url":"https:\/\/www.vegaintro-projekti.com\/pilar-stari\/","name":"Institut dru&scaron;tvenih znanosti Ivo Pilar","description":"Pilar","potentialAction":[{"@type":"SearchAction","target":{"@type":"EntryPoint","urlTemplate":"https:\/\/www.vegaintro-projekti.com\/pilar-stari\/?s={search_term_string}"},"query-input":"required name=search_term_string"}],"inLanguage":"hr"},{"@type":"Person","@id":"https:\/\/www.vegaintro-projekti.com\/pilar-stari\/#\/schema\/person\/ddd404c9f1e15e4ffef5986ac6a5d28b","name":"Boris","image":{"@type":"ImageObject","inLanguage":"hr","@id":"https:\/\/www.vegaintro-projekti.com\/pilar-stari\/#\/schema\/person\/image\/","url":"https:\/\/secure.gravatar.com\/avatar\/29557b161a6ce6ab86ac1503164f1e90?s=96&d=mm&r=g","contentUrl":"https:\/\/secure.gravatar.com\/avatar\/29557b161a6ce6ab86ac1503164f1e90?s=96&d=mm&r=g","caption":"Boris"},"url":"https:\/\/www.vegaintro-projekti.com\/pilar-stari\/author\/boris\/"}]}},"_links":{"self":[{"href":"https:\/\/www.vegaintro-projekti.com\/pilar-stari\/wp-json\/wp\/v2\/posts\/34572"}],"collection":[{"href":"https:\/\/www.vegaintro-projekti.com\/pilar-stari\/wp-json\/wp\/v2\/posts"}],"about":[{"href":"https:\/\/www.vegaintro-projekti.com\/pilar-stari\/wp-json\/wp\/v2\/types\/post"}],"author":[{"embeddable":true,"href":"https:\/\/www.vegaintro-projekti.com\/pilar-stari\/wp-json\/wp\/v2\/users\/7"}],"replies":[{"embeddable":true,"href":"https:\/\/www.vegaintro-projekti.com\/pilar-stari\/wp-json\/wp\/v2\/comments?post=34572"}],"version-history":[{"count":18,"href":"https:\/\/www.vegaintro-projekti.com\/pilar-stari\/wp-json\/wp\/v2\/posts\/34572\/revisions"}],"predecessor-version":[{"id":34776,"href":"https:\/\/www.vegaintro-projekti.com\/pilar-stari\/wp-json\/wp\/v2\/posts\/34572\/revisions\/34776"}],"wp:featuredmedia":[{"embeddable":true,"href":"https:\/\/www.vegaintro-projekti.com\/pilar-stari\/wp-json\/wp\/v2\/media\/34571"}],"wp:attachment":[{"href":"https:\/\/www.vegaintro-projekti.com\/pilar-stari\/wp-json\/wp\/v2\/media?parent=34572"}],"wp:term":[{"taxonomy":"category","embeddable":true,"href":"https:\/\/www.vegaintro-projekti.com\/pilar-stari\/wp-json\/wp\/v2\/categories?post=34572"},{"taxonomy":"post_tag","embeddable":true,"href":"https:\/\/www.vegaintro-projekti.com\/pilar-stari\/wp-json\/wp\/v2\/tags?post=34572"}],"curies":[{"name":"wp","href":"https:\/\/api.w.org\/{rel}","templated":true}]}}